{"id":100087,"date":"2020-05-16T17:15:32","date_gmt":"2020-05-16T21:15:32","guid":{"rendered":"https:\/\/digital58.com.ve\/site\/?p=100087"},"modified":"2020-05-16T17:15:32","modified_gmt":"2020-05-16T21:15:32","slug":"pongamosnos-en-marcha-y-reciclemos","status":"publish","type":"post","link":"https:\/\/digital58.com.ve\/site\/2020\/05\/16\/pongamosnos-en-marcha-y-reciclemos\/","title":{"rendered":"\u00a1Pong\u00e1mosnos en marcha y reciclemos!"},"content":{"rendered":"\r\n<p><a href=\"https:\/\/digital58.com.ve\/site\/wp-content\/uploads\/2020\/05\/reciclaje.jpg\"><img loading=\"lazy\" decoding=\"async\" class=\"aligncenter size-full wp-image-100627\" src=\"https:\/\/digital58.com.ve\/site\/wp-content\/uploads\/2020\/05\/reciclaje.jpg\" alt=\"\" width=\"800\" height=\"600\" srcset=\"https:\/\/digital58.com.ve\/site\/wp-content\/uploads\/2020\/05\/reciclaje.jpg 800w, https:\/\/digital58.com.ve\/site\/wp-content\/uploads\/2020\/05\/reciclaje-300x225.jpg 300w, https:\/\/digital58.com.ve\/site\/wp-content\/uploads\/2020\/05\/reciclaje-768x576.jpg 768w\" sizes=\"auto, (max-width: 800px) 100vw, 800px\" \/><\/a><\/p>\r\n<p>Este 17 de mayo se celebra el D\u00eda Mundial del Reciclaje, con la finalidad de concientizar a la poblaci\u00f3n. Cuando hablamos de reciclaje nos referimos al proceso por el cual un producto que ya fue utilizado, se procesa para ser reutilizado, disminuyendo as\u00ed la contaminaci\u00f3n ambiental.<br \/><br \/><strong>Maracaibo, Zulia, Venezuela, 16 de mayo de 2020 (ND58).-<\/strong> El reciclaje no es una obligaci\u00f3n impuesta por ambientalistas, es nuestra responsabilidad como seres habitantes del planeta tierra.<br \/><br \/>Es importante iniciar el reciclaje a temprana edad y as\u00ed convertirlo en un h\u00e1bito, concientizar a las futuras generaciones es tarea de todos.<\/p>\r\n<p><a href=\"https:\/\/digital58.com.ve\/site\/wp-content\/uploads\/2020\/05\/reciclaje-2.jpg\"><img loading=\"lazy\" decoding=\"async\" class=\"aligncenter size-full wp-image-100628\" src=\"https:\/\/digital58.com.ve\/site\/wp-content\/uploads\/2020\/05\/reciclaje-2.jpg\" alt=\"\" width=\"1170\" height=\"660\" srcset=\"https:\/\/digital58.com.ve\/site\/wp-content\/uploads\/2020\/05\/reciclaje-2.jpg 800w, https:\/\/digital58.com.ve\/site\/wp-content\/uploads\/2020\/05\/reciclaje-2-300x169.jpg 300w, https:\/\/digital58.com.ve\/site\/wp-content\/uploads\/2020\/05\/reciclaje-2-768x433.jpg 768w\" sizes=\"auto, (max-width: 1170px) 100vw, 1170px\" \/><\/a><br \/><br \/>Conocer las ventajas de vivir en un entorno limpio, un peque\u00f1o gesto que cuida nuestro planeta. El reciclaje salva nuestros recursos naturales, reduce la contaminaci\u00f3n y genera empleos. <br \/><br \/>Entre los residuos \u00fatiles encontramos latas, botellas de pl\u00e1stico, frascos de vidrio, papel y cart\u00f3n. Actualmente el vidrio, el papel y el metal son los materiales mas reciclados.<br \/><br \/><strong>\u00bfCu\u00e1l es el origen y significado del s\u00edmbolo del reciclaje?<\/strong><\/p>\r\n<p>El origen de los s\u00edmbolos del reciclaje va unido a Gary Anderson, un estudiante de \u00faltimo curso de la Universidad de California del Sur, el cual fue ganador de un concurso de dise\u00f1o organizado por la Container Corporation of America como parte del primer D\u00eda de la Tierra en 1970.<\/p>\r\n<p>Gary Anderson cre\u00f3 un logo basado en el s\u00edmbolo de M\u00f6bius en forma de tri\u00e1ngulo, donde cada una de sus tres flechas representa uno de los pasos del proceso de reciclaje: recogida de materiales para reciclar, el proceso mismo del reciclaje y la compra de estos productos reciclados, de manera que el sistema contin\u00faa una y otra vez.<br \/><br \/><strong>\u00bfCu\u00e1les son las fases del reciclaje?<\/strong><\/p>\r\n<p>La cadena del reciclaje pasa por diversos puntos:<\/p>\r\n<p>\u2013 Generaci\u00f3n de residuos a todos los niveles de la cadena.<br \/>\u2013 Manipulaci\u00f3n de los residuos y separaci\u00f3n.<br \/>\u2013 Contenedor azul \u2013 Papel y cart\u00f3n.<br \/>\u2013 Igl\u00fa verde \u2013 Vidrio.<br \/>\u2013 Contenedor amarillo \u2013 Envases ligeros de pl\u00e1stico y de metal y Tetra Bricks.<br \/>\u2013 Contenedor marr\u00f3n \u2013 Materia org\u00e1nica.<br \/>\u2013 Contenedor verde o gris \u2013 Gen\u00e9rico.<br \/>\u2013 Puntos limpios<br \/>\u2013 Otros: CDs, medicamentos, neum\u00e1ticos,\u2026<br \/>\u2013 Recogida planificada y ajustada. (Recuperaci\u00f3n)<br \/>\u2013 Transferencia y transporte. (Plantas de transferencia)<br \/>\u2013 Separaci\u00f3n, procesamiento de los Residuos S\u00f3lidos Urbanos (RSU). (Plantas de clasificaci\u00f3n)<br \/>\u2013 Transformaci\u00f3n de los RSU por diferentes procesos.<br \/>\u2013 Reciclaje y reutilizaci\u00f3n (incluido el compostaje).<br \/>\u2013 Incineraci\u00f3n con recuperaci\u00f3n de energ\u00eda.<br \/>\u2013 Incineraci\u00f3n sin recuperaci\u00f3n de energ\u00eda.<br \/>\u2013 Evacuaci\u00f3n segura tanto desde el punto sanitario como ambiental.<br \/><br \/><strong>\u00bfCu\u00e1les son los beneficios del reciclaje?<\/strong><\/p>\r\n<p>\u2013 Reducci\u00f3n del volumen de residuos, y por lo tanto de la contaminaci\u00f3n.<br \/>\u2013 Preservaci\u00f3n de los recursos naturales, pues la materia reciclada se reutiliza.<br \/>-Ahorro de energ\u00eda y por lo tanto reduce la dependencia del petr\u00f3leo, normalmente se necesita menos energ\u00eda para fabricar un producto de material reciclado que de material virgen.<\/p><div class=\"pfnpq69f215e664a1e\" ><p style=\"text-align: center;\"><a href=\"https:\/\/t.me\/noticiasdigital58\" target=\"_blank\" rel=\"noopener\"><img class=\"aligncenter size-full wp-image-125363\" src=\"https:\/\/digital58.com.ve\/site\/wp-content\/uploads\/2021\/04\/banner-telegram-web-2021.png\" alt=\"\" width=\"600\" height=\"90\" \/><\/a><\/p><\/div><style type=\"text\/css\">\r\n@media screen and (min-width: 1201px) {\r\n.pfnpq69f215e664a1e {\r\ndisplay: block;\r\n}\r\n}\r\n@media screen and (min-width: 993px) and (max-width: 1200px) {\r\n.pfnpq69f215e664a1e {\r\ndisplay: block;\r\n}\r\n}\r\n@media screen and (min-width: 769px) and (max-width: 992px) {\r\n.pfnpq69f215e664a1e {\r\ndisplay: block;\r\n}\r\n}\r\n@media screen and (min-width: 768px) and (max-width: 768px) {\r\n.pfnpq69f215e664a1e {\r\ndisplay: block;\r\n}\r\n}\r\n@media screen and (max-width: 767px) {\r\n.pfnpq69f215e664a1e {\r\ndisplay: block;\r\n}\r\n}\r\n<\/style>\r\n\r\n<p><strong>Redacci\u00f3n: Rubio, Laura Isabel (@lauraisabelrubio) | Fuente: agencias<\/strong><br \/><strong>Edici\u00f3n: Villasmil, Henry<\/strong><br \/><strong>Gr\u00e1ficas: cortes\u00eda<\/strong><br \/><br \/><\/p>\r\n<div style=\"margin-top: 0px; margin-bottom: 0px;\" class=\"sharethis-inline-share-buttons\" ><\/div>","protected":false},"excerpt":{"rendered":"<p>Este 17 de mayo se celebra el D\u00eda Mundial del Reciclaje, con la finalidad de concientizar a la poblaci\u00f3n. Cuando<\/p>\n","protected":false},"author":28,"featured_media":100628,"comment_status":"open","ping_status":"closed","sticky":false,"template":"","format":"standard","meta":{"colormag_page_container_layout":"default_layout","colormag_page_sidebar_layout":"default_layout","_uag_custom_page_level_css":"","footnotes":""},"categories":[5407],"tags":[4709,1214,14590,8,418,2369,2370],"class_list":["post-100087","post","type-post","status-publish","format-standard","has-post-thumbnail","hentry","category-natura","tag-cambios-climaticos","tag-contaminacion-ambiental","tag-dia-mundial-del-reciclaje","tag-internacionales","tag-medio-ambiente","tag-naturaleza","tag-reciclaje"],"yoast_head":"<!-- This site is optimized with the Yoast SEO plugin v27.5 - https:\/\/yoast.com\/product\/yoast-seo-wordpress\/ -->\n<title>\u00a1Pong\u00e1mosnos en marcha y reciclemos!<\/title>\n<meta name=\"description\" content=\"Natura\" \/>\n<meta name=\"robots\" content=\"index, follow, max-snippet:-1, max-image-preview:large, max-video-preview:-1\" \/>\n<link rel=\"canonical\" href=\"https:\/\/digital58.com.ve\/site\/2020\/05\/16\/pongamosnos-en-marcha-y-reciclemos\/\" \/>\n<meta property=\"og:locale\" content=\"es_ES\" \/>\n<meta property=\"og:type\" content=\"article\" \/>\n<meta property=\"og:title\" content=\"\u00a1Pong\u00e1mosnos en marcha y reciclemos!\" \/>\n<meta property=\"og:description\" content=\"Natura\" \/>\n<meta property=\"og:url\" content=\"https:\/\/digital58.com.ve\/site\/2020\/05\/16\/pongamosnos-en-marcha-y-reciclemos\/\" \/>\n<meta property=\"og:site_name\" content=\"Noticias Digital58\" \/>\n<meta property=\"article:published_time\" content=\"2020-05-16T21:15:32+00:00\" \/>\n<meta property=\"og:image\" content=\"https:\/\/digital58.com.ve\/site\/wp-content\/uploads\/2020\/05\/reciclaje-2.jpg\" \/>\n\t<meta property=\"og:image:width\" content=\"1170\" \/>\n\t<meta property=\"og:image:height\" content=\"660\" \/>\n\t<meta property=\"og:image:type\" content=\"image\/jpeg\" \/>\n<meta name=\"author\" content=\"Rubio Laura Isabel\" \/>\n<meta name=\"twitter:card\" content=\"summary_large_image\" \/>\n<meta name=\"twitter:creator\" content=\"@Digital_58\" \/>\n<meta name=\"twitter:site\" content=\"@villasmilhfoto\" \/>\n<meta name=\"twitter:label1\" content=\"Escrito por\" \/>\n\t<meta name=\"twitter:data1\" content=\"Rubio Laura Isabel\" \/>\n\t<meta name=\"twitter:label2\" content=\"Tiempo estimado de lectura\" \/>\n\t<meta name=\"twitter:data2\" content=\"3 minutos\" \/>\n<script type=\"application\/ld+json\" class=\"yoast-schema-graph\">{\"@context\":\"https:\\\/\\\/schema.org\",\"@graph\":[{\"@type\":\"Article\",\"@id\":\"https:\\\/\\\/digital58.com.ve\\\/site\\\/2020\\\/05\\\/16\\\/pongamosnos-en-marcha-y-reciclemos\\\/#article\",\"isPartOf\":{\"@id\":\"https:\\\/\\\/digital58.com.ve\\\/site\\\/2020\\\/05\\\/16\\\/pongamosnos-en-marcha-y-reciclemos\\\/\"},\"author\":{\"name\":\"Rubio Laura Isabel\",\"@id\":\"https:\\\/\\\/digital58.com.ve\\\/site\\\/#\\\/schema\\\/person\\\/6672bab44ab958838204ebb2cb0e8d52\"},\"headline\":\"\u00a1Pong\u00e1mosnos en marcha y reciclemos!\",\"datePublished\":\"2020-05-16T21:15:32+00:00\",\"mainEntityOfPage\":{\"@id\":\"https:\\\/\\\/digital58.com.ve\\\/site\\\/2020\\\/05\\\/16\\\/pongamosnos-en-marcha-y-reciclemos\\\/\"},\"wordCount\":513,\"commentCount\":0,\"publisher\":{\"@id\":\"https:\\\/\\\/digital58.com.ve\\\/site\\\/#\\\/schema\\\/person\\\/64d1c2e4d0d4fd1b849980c4331c2951\"},\"image\":{\"@id\":\"https:\\\/\\\/digital58.com.ve\\\/site\\\/2020\\\/05\\\/16\\\/pongamosnos-en-marcha-y-reciclemos\\\/#primaryimage\"},\"thumbnailUrl\":\"https:\\\/\\\/digital58.com.ve\\\/site\\\/wp-content\\\/uploads\\\/2020\\\/05\\\/reciclaje-2.jpg\",\"keywords\":[\"Cambios Clim\u00e1ticos\",\"Contaminaci\u00f3n ambiental\",\"D\u00eda Mundial del Reciclaje\",\"Internacionales\",\"Medio Ambiente\",\"Naturaleza\",\"Reciclaje\"],\"articleSection\":[\"Natura\"],\"inLanguage\":\"es\",\"potentialAction\":[{\"@type\":\"CommentAction\",\"name\":\"Comment\",\"target\":[\"https:\\\/\\\/digital58.com.ve\\\/site\\\/2020\\\/05\\\/16\\\/pongamosnos-en-marcha-y-reciclemos\\\/#respond\"]}]},{\"@type\":\"WebPage\",\"@id\":\"https:\\\/\\\/digital58.com.ve\\\/site\\\/2020\\\/05\\\/16\\\/pongamosnos-en-marcha-y-reciclemos\\\/\",\"url\":\"https:\\\/\\\/digital58.com.ve\\\/site\\\/2020\\\/05\\\/16\\\/pongamosnos-en-marcha-y-reciclemos\\\/\",\"name\":\"\u00a1Pong\u00e1mosnos en marcha y reciclemos!\",\"isPartOf\":{\"@id\":\"https:\\\/\\\/digital58.com.ve\\\/site\\\/#website\"},\"primaryImageOfPage\":{\"@id\":\"https:\\\/\\\/digital58.com.ve\\\/site\\\/2020\\\/05\\\/16\\\/pongamosnos-en-marcha-y-reciclemos\\\/#primaryimage\"},\"image\":{\"@id\":\"https:\\\/\\\/digital58.com.ve\\\/site\\\/2020\\\/05\\\/16\\\/pongamosnos-en-marcha-y-reciclemos\\\/#primaryimage\"},\"thumbnailUrl\":\"https:\\\/\\\/digital58.com.ve\\\/site\\\/wp-content\\\/uploads\\\/2020\\\/05\\\/reciclaje-2.jpg\",\"datePublished\":\"2020-05-16T21:15:32+00:00\",\"description\":\"Natura\",\"breadcrumb\":{\"@id\":\"https:\\\/\\\/digital58.com.ve\\\/site\\\/2020\\\/05\\\/16\\\/pongamosnos-en-marcha-y-reciclemos\\\/#breadcrumb\"},\"inLanguage\":\"es\",\"potentialAction\":[{\"@type\":\"ReadAction\",\"target\":[\"https:\\\/\\\/digital58.com.ve\\\/site\\\/2020\\\/05\\\/16\\\/pongamosnos-en-marcha-y-reciclemos\\\/\"]}]},{\"@type\":\"ImageObject\",\"inLanguage\":\"es\",\"@id\":\"https:\\\/\\\/digital58.com.ve\\\/site\\\/2020\\\/05\\\/16\\\/pongamosnos-en-marcha-y-reciclemos\\\/#primaryimage\",\"url\":\"https:\\\/\\\/digital58.com.ve\\\/site\\\/wp-content\\\/uploads\\\/2020\\\/05\\\/reciclaje-2.jpg\",\"contentUrl\":\"https:\\\/\\\/digital58.com.ve\\\/site\\\/wp-content\\\/uploads\\\/2020\\\/05\\\/reciclaje-2.jpg\",\"width\":800,\"height\":451},{\"@type\":\"BreadcrumbList\",\"@id\":\"https:\\\/\\\/digital58.com.ve\\\/site\\\/2020\\\/05\\\/16\\\/pongamosnos-en-marcha-y-reciclemos\\\/#breadcrumb\",\"itemListElement\":[{\"@type\":\"ListItem\",\"position\":1,\"name\":\"Home\",\"item\":\"https:\\\/\\\/digital58.com.ve\\\/site\\\/\"},{\"@type\":\"ListItem\",\"position\":2,\"name\":\"\u00a1Pong\u00e1mosnos en marcha y reciclemos!\"}]},{\"@type\":\"WebSite\",\"@id\":\"https:\\\/\\\/digital58.com.ve\\\/site\\\/#website\",\"url\":\"https:\\\/\\\/digital58.com.ve\\\/site\\\/\",\"name\":\"Noticias Digital58\",\"description\":\"Portal de Noticias \u00a1Periodismo web de verdad! Lanzamiento web 22.11.2005 \\\/ Maracaibo, Venezuela\",\"publisher\":{\"@id\":\"https:\\\/\\\/digital58.com.ve\\\/site\\\/#\\\/schema\\\/person\\\/64d1c2e4d0d4fd1b849980c4331c2951\"},\"alternateName\":\"ND58\",\"potentialAction\":[{\"@type\":\"SearchAction\",\"target\":{\"@type\":\"EntryPoint\",\"urlTemplate\":\"https:\\\/\\\/digital58.com.ve\\\/site\\\/?s={search_term_string}\"},\"query-input\":{\"@type\":\"PropertyValueSpecification\",\"valueRequired\":true,\"valueName\":\"search_term_string\"}}],\"inLanguage\":\"es\"},{\"@type\":[\"Person\",\"Organization\"],\"@id\":\"https:\\\/\\\/digital58.com.ve\\\/site\\\/#\\\/schema\\\/person\\\/64d1c2e4d0d4fd1b849980c4331c2951\",\"name\":\"Villasmil Henry\",\"image\":{\"@type\":\"ImageObject\",\"inLanguage\":\"es\",\"@id\":\"https:\\\/\\\/secure.gravatar.com\\\/avatar\\\/bb0c4a2fcb7970138239f7e404ea75757b1b507b28b5ce4c53fbd62d797c5a7c?s=96&d=mm&r=g\",\"url\":\"https:\\\/\\\/secure.gravatar.com\\\/avatar\\\/bb0c4a2fcb7970138239f7e404ea75757b1b507b28b5ce4c53fbd62d797c5a7c?s=96&d=mm&r=g\",\"contentUrl\":\"https:\\\/\\\/secure.gravatar.com\\\/avatar\\\/bb0c4a2fcb7970138239f7e404ea75757b1b507b28b5ce4c53fbd62d797c5a7c?s=96&d=mm&r=g\",\"caption\":\"Villasmil Henry\"},\"logo\":{\"@id\":\"https:\\\/\\\/secure.gravatar.com\\\/avatar\\\/bb0c4a2fcb7970138239f7e404ea75757b1b507b28b5ce4c53fbd62d797c5a7c?s=96&d=mm&r=g\"},\"sameAs\":[\"http:\\\/\\\/www.henryvillasmil.com.ve\",\"https:\\\/\\\/www.instagram.com\\\/villasmilhfoto\\\/\",\"https:\\\/\\\/x.com\\\/https:\\\/\\\/twitter.com\\\/villasmilhfoto\"]},{\"@type\":\"Person\",\"@id\":\"https:\\\/\\\/digital58.com.ve\\\/site\\\/#\\\/schema\\\/person\\\/6672bab44ab958838204ebb2cb0e8d52\",\"name\":\"Rubio Laura Isabel\",\"image\":{\"@type\":\"ImageObject\",\"inLanguage\":\"es\",\"@id\":\"https:\\\/\\\/secure.gravatar.com\\\/avatar\\\/f7cc56b26fb0562df4488ff129a58c3c1a1bd264c9af5f313a9b1797fff1cfb9?s=96&d=mm&r=g\",\"url\":\"https:\\\/\\\/secure.gravatar.com\\\/avatar\\\/f7cc56b26fb0562df4488ff129a58c3c1a1bd264c9af5f313a9b1797fff1cfb9?s=96&d=mm&r=g\",\"contentUrl\":\"https:\\\/\\\/secure.gravatar.com\\\/avatar\\\/f7cc56b26fb0562df4488ff129a58c3c1a1bd264c9af5f313a9b1797fff1cfb9?s=96&d=mm&r=g\",\"caption\":\"Rubio Laura Isabel\"},\"url\":\"https:\\\/\\\/digital58.com.ve\\\/site\\\/author\\\/laurarubio\\\/\"}]}<\/script>\n<!-- \/ Yoast SEO plugin. -->","yoast_head_json":{"title":"\u00a1Pong\u00e1mosnos en marcha y reciclemos!","description":"Natura","robots":{"index":"index","follow":"follow","max-snippet":"max-snippet:-1","max-image-preview":"max-image-preview:large","max-video-preview":"max-video-preview:-1"},"canonical":"https:\/\/digital58.com.ve\/site\/2020\/05\/16\/pongamosnos-en-marcha-y-reciclemos\/","og_locale":"es_ES","og_type":"article","og_title":"\u00a1Pong\u00e1mosnos en marcha y reciclemos!","og_description":"Natura","og_url":"https:\/\/digital58.com.ve\/site\/2020\/05\/16\/pongamosnos-en-marcha-y-reciclemos\/","og_site_name":"Noticias Digital58","article_published_time":"2020-05-16T21:15:32+00:00","og_image":[{"width":1170,"height":660,"url":"https:\/\/digital58.com.ve\/site\/wp-content\/uploads\/2020\/05\/reciclaje-2.jpg","type":"image\/jpeg"}],"author":"Rubio Laura Isabel","twitter_card":"summary_large_image","twitter_creator":"@Digital_58","twitter_site":"@villasmilhfoto","twitter_misc":{"Escrito por":"Rubio Laura Isabel","Tiempo estimado de lectura":"3 minutos"},"schema":{"@context":"https:\/\/schema.org","@graph":[{"@type":"Article","@id":"https:\/\/digital58.com.ve\/site\/2020\/05\/16\/pongamosnos-en-marcha-y-reciclemos\/#article","isPartOf":{"@id":"https:\/\/digital58.com.ve\/site\/2020\/05\/16\/pongamosnos-en-marcha-y-reciclemos\/"},"author":{"name":"Rubio Laura Isabel","@id":"https:\/\/digital58.com.ve\/site\/#\/schema\/person\/6672bab44ab958838204ebb2cb0e8d52"},"headline":"\u00a1Pong\u00e1mosnos en marcha y reciclemos!","datePublished":"2020-05-16T21:15:32+00:00","mainEntityOfPage":{"@id":"https:\/\/digital58.com.ve\/site\/2020\/05\/16\/pongamosnos-en-marcha-y-reciclemos\/"},"wordCount":513,"commentCount":0,"publisher":{"@id":"https:\/\/digital58.com.ve\/site\/#\/schema\/person\/64d1c2e4d0d4fd1b849980c4331c2951"},"image":{"@id":"https:\/\/digital58.com.ve\/site\/2020\/05\/16\/pongamosnos-en-marcha-y-reciclemos\/#primaryimage"},"thumbnailUrl":"https:\/\/digital58.com.ve\/site\/wp-content\/uploads\/2020\/05\/reciclaje-2.jpg","keywords":["Cambios Clim\u00e1ticos","Contaminaci\u00f3n ambiental","D\u00eda Mundial del Reciclaje","Internacionales","Medio Ambiente","Naturaleza","Reciclaje"],"articleSection":["Natura"],"inLanguage":"es","potentialAction":[{"@type":"CommentAction","name":"Comment","target":["https:\/\/digital58.com.ve\/site\/2020\/05\/16\/pongamosnos-en-marcha-y-reciclemos\/#respond"]}]},{"@type":"WebPage","@id":"https:\/\/digital58.com.ve\/site\/2020\/05\/16\/pongamosnos-en-marcha-y-reciclemos\/","url":"https:\/\/digital58.com.ve\/site\/2020\/05\/16\/pongamosnos-en-marcha-y-reciclemos\/","name":"\u00a1Pong\u00e1mosnos en marcha y reciclemos!","isPartOf":{"@id":"https:\/\/digital58.com.ve\/site\/#website"},"primaryImageOfPage":{"@id":"https:\/\/digital58.com.ve\/site\/2020\/05\/16\/pongamosnos-en-marcha-y-reciclemos\/#primaryimage"},"image":{"@id":"https:\/\/digital58.com.ve\/site\/2020\/05\/16\/pongamosnos-en-marcha-y-reciclemos\/#primaryimage"},"thumbnailUrl":"https:\/\/digital58.com.ve\/site\/wp-content\/uploads\/2020\/05\/reciclaje-2.jpg","datePublished":"2020-05-16T21:15:32+00:00","description":"Natura","breadcrumb":{"@id":"https:\/\/digital58.com.ve\/site\/2020\/05\/16\/pongamosnos-en-marcha-y-reciclemos\/#breadcrumb"},"inLanguage":"es","potentialAction":[{"@type":"ReadAction","target":["https:\/\/digital58.com.ve\/site\/2020\/05\/16\/pongamosnos-en-marcha-y-reciclemos\/"]}]},{"@type":"ImageObject","inLanguage":"es","@id":"https:\/\/digital58.com.ve\/site\/2020\/05\/16\/pongamosnos-en-marcha-y-reciclemos\/#primaryimage","url":"https:\/\/digital58.com.ve\/site\/wp-content\/uploads\/2020\/05\/reciclaje-2.jpg","contentUrl":"https:\/\/digital58.com.ve\/site\/wp-content\/uploads\/2020\/05\/reciclaje-2.jpg","width":800,"height":451},{"@type":"BreadcrumbList","@id":"https:\/\/digital58.com.ve\/site\/2020\/05\/16\/pongamosnos-en-marcha-y-reciclemos\/#breadcrumb","itemListElement":[{"@type":"ListItem","position":1,"name":"Home","item":"https:\/\/digital58.com.ve\/site\/"},{"@type":"ListItem","position":2,"name":"\u00a1Pong\u00e1mosnos en marcha y reciclemos!"}]},{"@type":"WebSite","@id":"https:\/\/digital58.com.ve\/site\/#website","url":"https:\/\/digital58.com.ve\/site\/","name":"Noticias Digital58","description":"Portal de Noticias \u00a1Periodismo web de verdad! Lanzamiento web 22.11.2005 \/ Maracaibo, Venezuela","publisher":{"@id":"https:\/\/digital58.com.ve\/site\/#\/schema\/person\/64d1c2e4d0d4fd1b849980c4331c2951"},"alternateName":"ND58","potentialAction":[{"@type":"SearchAction","target":{"@type":"EntryPoint","urlTemplate":"https:\/\/digital58.com.ve\/site\/?s={search_term_string}"},"query-input":{"@type":"PropertyValueSpecification","valueRequired":true,"valueName":"search_term_string"}}],"inLanguage":"es"},{"@type":["Person","Organization"],"@id":"https:\/\/digital58.com.ve\/site\/#\/schema\/person\/64d1c2e4d0d4fd1b849980c4331c2951","name":"Villasmil Henry","image":{"@type":"ImageObject","inLanguage":"es","@id":"https:\/\/secure.gravatar.com\/avatar\/bb0c4a2fcb7970138239f7e404ea75757b1b507b28b5ce4c53fbd62d797c5a7c?s=96&d=mm&r=g","url":"https:\/\/secure.gravatar.com\/avatar\/bb0c4a2fcb7970138239f7e404ea75757b1b507b28b5ce4c53fbd62d797c5a7c?s=96&d=mm&r=g","contentUrl":"https:\/\/secure.gravatar.com\/avatar\/bb0c4a2fcb7970138239f7e404ea75757b1b507b28b5ce4c53fbd62d797c5a7c?s=96&d=mm&r=g","caption":"Villasmil Henry"},"logo":{"@id":"https:\/\/secure.gravatar.com\/avatar\/bb0c4a2fcb7970138239f7e404ea75757b1b507b28b5ce4c53fbd62d797c5a7c?s=96&d=mm&r=g"},"sameAs":["http:\/\/www.henryvillasmil.com.ve","https:\/\/www.instagram.com\/villasmilhfoto\/","https:\/\/x.com\/https:\/\/twitter.com\/villasmilhfoto"]},{"@type":"Person","@id":"https:\/\/digital58.com.ve\/site\/#\/schema\/person\/6672bab44ab958838204ebb2cb0e8d52","name":"Rubio Laura Isabel","image":{"@type":"ImageObject","inLanguage":"es","@id":"https:\/\/secure.gravatar.com\/avatar\/f7cc56b26fb0562df4488ff129a58c3c1a1bd264c9af5f313a9b1797fff1cfb9?s=96&d=mm&r=g","url":"https:\/\/secure.gravatar.com\/avatar\/f7cc56b26fb0562df4488ff129a58c3c1a1bd264c9af5f313a9b1797fff1cfb9?s=96&d=mm&r=g","contentUrl":"https:\/\/secure.gravatar.com\/avatar\/f7cc56b26fb0562df4488ff129a58c3c1a1bd264c9af5f313a9b1797fff1cfb9?s=96&d=mm&r=g","caption":"Rubio Laura Isabel"},"url":"https:\/\/digital58.com.ve\/site\/author\/laurarubio\/"}]}},"uagb_featured_image_src":{"full":["https:\/\/digital58.com.ve\/site\/wp-content\/uploads\/2020\/05\/reciclaje-2.jpg",800,451,false],"thumbnail":["https:\/\/digital58.com.ve\/site\/wp-content\/uploads\/2020\/05\/reciclaje-2-150x150.jpg",150,150,true],"medium":["https:\/\/digital58.com.ve\/site\/wp-content\/uploads\/2020\/05\/reciclaje-2-300x169.jpg",300,169,true],"medium_large":["https:\/\/digital58.com.ve\/site\/wp-content\/uploads\/2020\/05\/reciclaje-2-768x433.jpg",768,433,true],"large":["https:\/\/digital58.com.ve\/site\/wp-content\/uploads\/2020\/05\/reciclaje-2.jpg",800,451,false],"1536x1536":["https:\/\/digital58.com.ve\/site\/wp-content\/uploads\/2020\/05\/reciclaje-2.jpg",800,451,false],"2048x2048":["https:\/\/digital58.com.ve\/site\/wp-content\/uploads\/2020\/05\/reciclaje-2.jpg",800,451,false],"colormag-highlighted-post":["https:\/\/digital58.com.ve\/site\/wp-content\/uploads\/2020\/05\/reciclaje-2.jpg",392,221,false],"colormag-featured-post-medium":["https:\/\/digital58.com.ve\/site\/wp-content\/uploads\/2020\/05\/reciclaje-2.jpg",364,205,false],"colormag-featured-post-small":["https:\/\/digital58.com.ve\/site\/wp-content\/uploads\/2020\/05\/reciclaje-2.jpg",130,73,false],"colormag-featured-image":["https:\/\/digital58.com.ve\/site\/wp-content\/uploads\/2020\/05\/reciclaje-2.jpg",789,445,false],"colormag-default-news":["https:\/\/digital58.com.ve\/site\/wp-content\/uploads\/2020\/05\/reciclaje-2.jpg",150,85,false],"colormag-featured-image-large":["https:\/\/digital58.com.ve\/site\/wp-content\/uploads\/2020\/05\/reciclaje-2.jpg",800,451,false]},"uagb_author_info":{"display_name":"Rubio Laura Isabel","author_link":"https:\/\/digital58.com.ve\/site\/author\/laurarubio\/"},"uagb_comment_info":0,"uagb_excerpt":"Este 17 de mayo se celebra el D\u00eda Mundial del Reciclaje, con la finalidad de concientizar a la poblaci\u00f3n. Cuando","_links":{"self":[{"href":"https:\/\/digital58.com.ve\/site\/wp-json\/wp\/v2\/posts\/100087","targetHints":{"allow":["GET"]}}],"collection":[{"href":"https:\/\/digital58.com.ve\/site\/wp-json\/wp\/v2\/posts"}],"about":[{"href":"https:\/\/digital58.com.ve\/site\/wp-json\/wp\/v2\/types\/post"}],"author":[{"embeddable":true,"href":"https:\/\/digital58.com.ve\/site\/wp-json\/wp\/v2\/users\/28"}],"replies":[{"embeddable":true,"href":"https:\/\/digital58.com.ve\/site\/wp-json\/wp\/v2\/comments?post=100087"}],"version-history":[{"count":0,"href":"https:\/\/digital58.com.ve\/site\/wp-json\/wp\/v2\/posts\/100087\/revisions"}],"wp:featuredmedia":[{"embeddable":true,"href":"https:\/\/digital58.com.ve\/site\/wp-json\/wp\/v2\/media\/100628"}],"wp:attachment":[{"href":"https:\/\/digital58.com.ve\/site\/wp-json\/wp\/v2\/media?parent=100087"}],"wp:term":[{"taxonomy":"category","embeddable":true,"href":"https:\/\/digital58.com.ve\/site\/wp-json\/wp\/v2\/categories?post=100087"},{"taxonomy":"post_tag","embeddable":true,"href":"https:\/\/digital58.com.ve\/site\/wp-json\/wp\/v2\/tags?post=100087"}],"curies":[{"name":"wp","href":"https:\/\/api.w.org\/{rel}","templated":true}]}}