{"id":100221,"date":"2020-05-15T09:07:29","date_gmt":"2020-05-15T13:07:29","guid":{"rendered":"https:\/\/digital58.com.ve\/site\/?p=100221"},"modified":"2020-05-15T22:40:00","modified_gmt":"2020-05-16T02:40:00","slug":"moscu-niega-que-piratas-informaticos-rusos-tomaran-por-blanco-a-merkel","status":"publish","type":"post","link":"https:\/\/digital58.com.ve\/site\/2020\/05\/15\/moscu-niega-que-piratas-informaticos-rusos-tomaran-por-blanco-a-merkel\/","title":{"rendered":"Mosc\u00fa niega que piratas inform\u00e1ticos rusos tomaran por blanco a Merkel"},"content":{"rendered":"<p>&nbsp;<\/p>\n<p><img loading=\"lazy\" decoding=\"async\" class=\"aligncenter wp-image-100235 size-full\" src=\"https:\/\/digital58.com.ve\/site\/wp-content\/uploads\/2020\/05\/53296330_303-1.jpg\" alt=\"\" width=\"495\" height=\"380\" srcset=\"https:\/\/digital58.com.ve\/site\/wp-content\/uploads\/2020\/05\/53296330_303-1.jpg 495w, https:\/\/digital58.com.ve\/site\/wp-content\/uploads\/2020\/05\/53296330_303-1-300x230.jpg 300w\" sizes=\"auto, (max-width: 495px) 100vw, 495px\" \/><\/p>\n<p>Rusia rechaza las acusaciones alemanas seg\u00fan las cuales piratas inform\u00e1ticos rusos habr\u00edan tomado como blanco a la canciller Angela Merkel en 2015, declar\u00f3 este viernes el ministro ruso de Relaciones Exteriores, Serguei Lavrov.<\/p>\n<p><strong>Rusia, 15 de mayo de 2020 (ND58).-<\/strong>\u00a0\u00abHan pasado cinco a\u00f1os pero no se ha suministrado ning\u00fan hecho concreto (que apoye la tesis de un pirateo ruso, ndlr)\u00bb, \u00a0dijo Lavrov, respondiendo a las acusaciones de la canciller alemana.<\/p>\n<p>Merkel declar\u00f3 el mi\u00e9rcoles que ten\u00eda \u00abpruebas\u00bb de \u00abescandalosos\u00bb intentos de pirateo rusos, que tuvieron por objetivo la C\u00e1mara de diputados y la canciller\u00eda en 2015.<\/p>\n<p>El del Bundestag fue atribuido al GRU, los servicios de inteligencia militar rusos.<\/p>\n<p>Paralelamente, los piratas inform\u00e1ticos se hicieron con datos personales en un servicio de mensajes de la canciller.<\/p>\n<p><img loading=\"lazy\" decoding=\"async\" class=\"aligncenter wp-image-100222 size-full\" src=\"https:\/\/digital58.com.ve\/site\/wp-content\/uploads\/2020\/05\/5e1f2124daff9.jpeg\" alt=\"\" width=\"612\" height=\"340\" srcset=\"https:\/\/digital58.com.ve\/site\/wp-content\/uploads\/2020\/05\/5e1f2124daff9.jpeg 612w, https:\/\/digital58.com.ve\/site\/wp-content\/uploads\/2020\/05\/5e1f2124daff9-300x167.jpeg 300w\" sizes=\"auto, (max-width: 612px) 100vw, 612px\" \/><\/p>\n<p>\u00abNo hay hechos que demuestren algo contra Rusia\u00bb, insisti\u00f3 Lavrov.<\/p>\n<p>Merkel tambi\u00e9n denunci\u00f3 el mi\u00e9rcoles la estrategia de \u00abdeformaci\u00f3n de los hechos\u00bb realizada por Mosc\u00fa y advirti\u00f3 que Alemania se reservaba el derecho de tomar medidas al respecto.<\/p>\n<p>La canciller se refiri\u00f3 por otra parte al asesinato en Berl\u00edn en 2019 de un georgiano de origen checheno en el que la justicia alemana cree que est\u00e1n implicados los servicios de inteligencia rusos.<\/p>\n<p>Este asunto provoc\u00f3 una crisis diplom\u00e1tica entre Alemania y Rusia.<\/p><div class=\"dokuv69eda20878371\" ><p style=\"text-align: center;\"><a href=\"https:\/\/t.me\/noticiasdigital58\" target=\"_blank\" rel=\"noopener\"><img class=\"aligncenter size-full wp-image-125363\" src=\"https:\/\/digital58.com.ve\/site\/wp-content\/uploads\/2021\/04\/banner-telegram-web-2021.png\" alt=\"\" width=\"600\" height=\"90\" \/><\/a><\/p><\/div><style type=\"text\/css\">\r\n@media screen and (min-width: 1201px) {\r\n.dokuv69eda20878371 {\r\ndisplay: block;\r\n}\r\n}\r\n@media screen and (min-width: 993px) and (max-width: 1200px) {\r\n.dokuv69eda20878371 {\r\ndisplay: block;\r\n}\r\n}\r\n@media screen and (min-width: 769px) and (max-width: 992px) {\r\n.dokuv69eda20878371 {\r\ndisplay: block;\r\n}\r\n}\r\n@media screen and (min-width: 768px) and (max-width: 768px) {\r\n.dokuv69eda20878371 {\r\ndisplay: block;\r\n}\r\n}\r\n@media screen and (max-width: 767px) {\r\n.dokuv69eda20878371 {\r\ndisplay: block;\r\n}\r\n}\r\n<\/style>\r\n\n<p><strong>Redacci\u00f3n: Molero, Luis\u00a0 (@Moleromarquez) | Fuente: AFP<\/strong><br \/>\n<strong>Edici\u00f3n: Villasmil, Henry<\/strong><br \/>\n<b>Gr\u00e1ficas:\u00a0Cortes\u00eda<\/b><\/p>\n<div style=\"margin-top: 0px; margin-bottom: 0px;\" class=\"sharethis-inline-share-buttons\" ><\/div>","protected":false},"excerpt":{"rendered":"<p>&nbsp; Rusia rechaza las acusaciones alemanas seg\u00fan las cuales piratas inform\u00e1ticos rusos habr\u00edan tomado como blanco a la canciller Angela<\/p>\n","protected":false},"author":26,"featured_media":100222,"comment_status":"open","ping_status":"closed","sticky":false,"template":"","format":"standard","meta":{"colormag_page_container_layout":"default_layout","colormag_page_sidebar_layout":"default_layout","_uag_custom_page_level_css":"","footnotes":""},"categories":[8610],"tags":[14614,8,3655],"class_list":["post-100221","post","type-post","status-publish","format-standard","has-post-thumbnail","hentry","category-politica","tag-angela-merkel","tag-internacionales","tag-moscu"],"yoast_head":"<!-- This site is optimized with the Yoast SEO plugin v27.4 - https:\/\/yoast.com\/product\/yoast-seo-wordpress\/ -->\n<title>Mosc\u00fa niega que piratas inform\u00e1ticos rusos tomaran por blanco a Merkel<\/title>\n<meta name=\"description\" content=\"Pol\u00edtica\" \/>\n<meta name=\"robots\" content=\"index, follow, max-snippet:-1, max-image-preview:large, max-video-preview:-1\" \/>\n<link rel=\"canonical\" href=\"https:\/\/digital58.com.ve\/site\/2020\/05\/15\/moscu-niega-que-piratas-informaticos-rusos-tomaran-por-blanco-a-merkel\/\" \/>\n<meta property=\"og:locale\" content=\"es_ES\" \/>\n<meta property=\"og:type\" content=\"article\" \/>\n<meta property=\"og:title\" content=\"Mosc\u00fa niega que piratas inform\u00e1ticos rusos tomaran por blanco a Merkel\" \/>\n<meta property=\"og:description\" content=\"Pol\u00edtica\" \/>\n<meta property=\"og:url\" content=\"https:\/\/digital58.com.ve\/site\/2020\/05\/15\/moscu-niega-que-piratas-informaticos-rusos-tomaran-por-blanco-a-merkel\/\" \/>\n<meta property=\"og:site_name\" content=\"Noticias Digital58\" \/>\n<meta property=\"article:published_time\" content=\"2020-05-15T13:07:29+00:00\" \/>\n<meta property=\"article:modified_time\" content=\"2020-05-16T02:40:00+00:00\" \/>\n<meta property=\"og:image\" content=\"https:\/\/digital58.com.ve\/site\/wp-content\/uploads\/2020\/05\/5e1f2124daff9.jpeg\" \/>\n\t<meta property=\"og:image:width\" content=\"612\" \/>\n\t<meta property=\"og:image:height\" content=\"340\" \/>\n\t<meta property=\"og:image:type\" content=\"image\/jpeg\" \/>\n<meta name=\"author\" content=\"Molero Luis\" \/>\n<meta name=\"twitter:card\" content=\"summary_large_image\" \/>\n<meta name=\"twitter:creator\" content=\"@Digital_58\" \/>\n<meta name=\"twitter:site\" content=\"@villasmilhfoto\" \/>\n<meta name=\"twitter:label1\" content=\"Escrito por\" \/>\n\t<meta name=\"twitter:data1\" content=\"Molero Luis\" \/>\n\t<meta name=\"twitter:label2\" content=\"Tiempo estimado de lectura\" \/>\n\t<meta name=\"twitter:data2\" content=\"1 minuto\" \/>\n<script type=\"application\/ld+json\" class=\"yoast-schema-graph\">{\"@context\":\"https:\\\/\\\/schema.org\",\"@graph\":[{\"@type\":\"Article\",\"@id\":\"https:\\\/\\\/digital58.com.ve\\\/site\\\/2020\\\/05\\\/15\\\/moscu-niega-que-piratas-informaticos-rusos-tomaran-por-blanco-a-merkel\\\/#article\",\"isPartOf\":{\"@id\":\"https:\\\/\\\/digital58.com.ve\\\/site\\\/2020\\\/05\\\/15\\\/moscu-niega-que-piratas-informaticos-rusos-tomaran-por-blanco-a-merkel\\\/\"},\"author\":{\"name\":\"Molero Luis\",\"@id\":\"https:\\\/\\\/digital58.com.ve\\\/site\\\/#\\\/schema\\\/person\\\/c61667ce6845137620ee3f0aaabade17\"},\"headline\":\"Mosc\u00fa niega que piratas inform\u00e1ticos rusos tomaran por blanco a Merkel\",\"datePublished\":\"2020-05-15T13:07:29+00:00\",\"dateModified\":\"2020-05-16T02:40:00+00:00\",\"mainEntityOfPage\":{\"@id\":\"https:\\\/\\\/digital58.com.ve\\\/site\\\/2020\\\/05\\\/15\\\/moscu-niega-que-piratas-informaticos-rusos-tomaran-por-blanco-a-merkel\\\/\"},\"wordCount\":249,\"commentCount\":0,\"publisher\":{\"@id\":\"https:\\\/\\\/digital58.com.ve\\\/site\\\/#\\\/schema\\\/person\\\/64d1c2e4d0d4fd1b849980c4331c2951\"},\"image\":{\"@id\":\"https:\\\/\\\/digital58.com.ve\\\/site\\\/2020\\\/05\\\/15\\\/moscu-niega-que-piratas-informaticos-rusos-tomaran-por-blanco-a-merkel\\\/#primaryimage\"},\"thumbnailUrl\":\"https:\\\/\\\/digital58.com.ve\\\/site\\\/wp-content\\\/uploads\\\/2020\\\/05\\\/5e1f2124daff9.jpeg\",\"keywords\":[\"Angela Merkel\",\"Internacionales\",\"Mosc\u00fa\"],\"articleSection\":[\"Pol\u00edtica\"],\"inLanguage\":\"es\",\"potentialAction\":[{\"@type\":\"CommentAction\",\"name\":\"Comment\",\"target\":[\"https:\\\/\\\/digital58.com.ve\\\/site\\\/2020\\\/05\\\/15\\\/moscu-niega-que-piratas-informaticos-rusos-tomaran-por-blanco-a-merkel\\\/#respond\"]}]},{\"@type\":\"WebPage\",\"@id\":\"https:\\\/\\\/digital58.com.ve\\\/site\\\/2020\\\/05\\\/15\\\/moscu-niega-que-piratas-informaticos-rusos-tomaran-por-blanco-a-merkel\\\/\",\"url\":\"https:\\\/\\\/digital58.com.ve\\\/site\\\/2020\\\/05\\\/15\\\/moscu-niega-que-piratas-informaticos-rusos-tomaran-por-blanco-a-merkel\\\/\",\"name\":\"Mosc\u00fa niega que piratas inform\u00e1ticos rusos tomaran por blanco a Merkel\",\"isPartOf\":{\"@id\":\"https:\\\/\\\/digital58.com.ve\\\/site\\\/#website\"},\"primaryImageOfPage\":{\"@id\":\"https:\\\/\\\/digital58.com.ve\\\/site\\\/2020\\\/05\\\/15\\\/moscu-niega-que-piratas-informaticos-rusos-tomaran-por-blanco-a-merkel\\\/#primaryimage\"},\"image\":{\"@id\":\"https:\\\/\\\/digital58.com.ve\\\/site\\\/2020\\\/05\\\/15\\\/moscu-niega-que-piratas-informaticos-rusos-tomaran-por-blanco-a-merkel\\\/#primaryimage\"},\"thumbnailUrl\":\"https:\\\/\\\/digital58.com.ve\\\/site\\\/wp-content\\\/uploads\\\/2020\\\/05\\\/5e1f2124daff9.jpeg\",\"datePublished\":\"2020-05-15T13:07:29+00:00\",\"dateModified\":\"2020-05-16T02:40:00+00:00\",\"description\":\"Pol\u00edtica\",\"breadcrumb\":{\"@id\":\"https:\\\/\\\/digital58.com.ve\\\/site\\\/2020\\\/05\\\/15\\\/moscu-niega-que-piratas-informaticos-rusos-tomaran-por-blanco-a-merkel\\\/#breadcrumb\"},\"inLanguage\":\"es\",\"potentialAction\":[{\"@type\":\"ReadAction\",\"target\":[\"https:\\\/\\\/digital58.com.ve\\\/site\\\/2020\\\/05\\\/15\\\/moscu-niega-que-piratas-informaticos-rusos-tomaran-por-blanco-a-merkel\\\/\"]}]},{\"@type\":\"ImageObject\",\"inLanguage\":\"es\",\"@id\":\"https:\\\/\\\/digital58.com.ve\\\/site\\\/2020\\\/05\\\/15\\\/moscu-niega-que-piratas-informaticos-rusos-tomaran-por-blanco-a-merkel\\\/#primaryimage\",\"url\":\"https:\\\/\\\/digital58.com.ve\\\/site\\\/wp-content\\\/uploads\\\/2020\\\/05\\\/5e1f2124daff9.jpeg\",\"contentUrl\":\"https:\\\/\\\/digital58.com.ve\\\/site\\\/wp-content\\\/uploads\\\/2020\\\/05\\\/5e1f2124daff9.jpeg\",\"width\":612,\"height\":340},{\"@type\":\"BreadcrumbList\",\"@id\":\"https:\\\/\\\/digital58.com.ve\\\/site\\\/2020\\\/05\\\/15\\\/moscu-niega-que-piratas-informaticos-rusos-tomaran-por-blanco-a-merkel\\\/#breadcrumb\",\"itemListElement\":[{\"@type\":\"ListItem\",\"position\":1,\"name\":\"Home\",\"item\":\"https:\\\/\\\/digital58.com.ve\\\/site\\\/\"},{\"@type\":\"ListItem\",\"position\":2,\"name\":\"Mosc\u00fa niega que piratas inform\u00e1ticos rusos tomaran por blanco a Merkel\"}]},{\"@type\":\"WebSite\",\"@id\":\"https:\\\/\\\/digital58.com.ve\\\/site\\\/#website\",\"url\":\"https:\\\/\\\/digital58.com.ve\\\/site\\\/\",\"name\":\"Noticias Digital58\",\"description\":\"Portal de Noticias \u00a1Periodismo web de verdad! Lanzamiento web 22.11.2005 \\\/ Maracaibo, Venezuela\",\"publisher\":{\"@id\":\"https:\\\/\\\/digital58.com.ve\\\/site\\\/#\\\/schema\\\/person\\\/64d1c2e4d0d4fd1b849980c4331c2951\"},\"alternateName\":\"ND58\",\"potentialAction\":[{\"@type\":\"SearchAction\",\"target\":{\"@type\":\"EntryPoint\",\"urlTemplate\":\"https:\\\/\\\/digital58.com.ve\\\/site\\\/?s={search_term_string}\"},\"query-input\":{\"@type\":\"PropertyValueSpecification\",\"valueRequired\":true,\"valueName\":\"search_term_string\"}}],\"inLanguage\":\"es\"},{\"@type\":[\"Person\",\"Organization\"],\"@id\":\"https:\\\/\\\/digital58.com.ve\\\/site\\\/#\\\/schema\\\/person\\\/64d1c2e4d0d4fd1b849980c4331c2951\",\"name\":\"Villasmil Henry\",\"image\":{\"@type\":\"ImageObject\",\"inLanguage\":\"es\",\"@id\":\"https:\\\/\\\/secure.gravatar.com\\\/avatar\\\/bb0c4a2fcb7970138239f7e404ea75757b1b507b28b5ce4c53fbd62d797c5a7c?s=96&d=mm&r=g\",\"url\":\"https:\\\/\\\/secure.gravatar.com\\\/avatar\\\/bb0c4a2fcb7970138239f7e404ea75757b1b507b28b5ce4c53fbd62d797c5a7c?s=96&d=mm&r=g\",\"contentUrl\":\"https:\\\/\\\/secure.gravatar.com\\\/avatar\\\/bb0c4a2fcb7970138239f7e404ea75757b1b507b28b5ce4c53fbd62d797c5a7c?s=96&d=mm&r=g\",\"caption\":\"Villasmil Henry\"},\"logo\":{\"@id\":\"https:\\\/\\\/secure.gravatar.com\\\/avatar\\\/bb0c4a2fcb7970138239f7e404ea75757b1b507b28b5ce4c53fbd62d797c5a7c?s=96&d=mm&r=g\"},\"sameAs\":[\"http:\\\/\\\/www.henryvillasmil.com.ve\",\"https:\\\/\\\/www.instagram.com\\\/villasmilhfoto\\\/\",\"https:\\\/\\\/x.com\\\/https:\\\/\\\/twitter.com\\\/villasmilhfoto\"]},{\"@type\":\"Person\",\"@id\":\"https:\\\/\\\/digital58.com.ve\\\/site\\\/#\\\/schema\\\/person\\\/c61667ce6845137620ee3f0aaabade17\",\"name\":\"Molero Luis\",\"image\":{\"@type\":\"ImageObject\",\"inLanguage\":\"es\",\"@id\":\"https:\\\/\\\/secure.gravatar.com\\\/avatar\\\/bf041ec637e3e7405449807deb2f7cf3d2de7c6fa755dd56e985201de9863f2b?s=96&d=mm&r=g\",\"url\":\"https:\\\/\\\/secure.gravatar.com\\\/avatar\\\/bf041ec637e3e7405449807deb2f7cf3d2de7c6fa755dd56e985201de9863f2b?s=96&d=mm&r=g\",\"contentUrl\":\"https:\\\/\\\/secure.gravatar.com\\\/avatar\\\/bf041ec637e3e7405449807deb2f7cf3d2de7c6fa755dd56e985201de9863f2b?s=96&d=mm&r=g\",\"caption\":\"Molero Luis\"},\"url\":\"https:\\\/\\\/digital58.com.ve\\\/site\\\/author\\\/luismolero\\\/\"}]}<\/script>\n<!-- \/ Yoast SEO plugin. -->","yoast_head_json":{"title":"Mosc\u00fa niega que piratas inform\u00e1ticos rusos tomaran por blanco a Merkel","description":"Pol\u00edtica","robots":{"index":"index","follow":"follow","max-snippet":"max-snippet:-1","max-image-preview":"max-image-preview:large","max-video-preview":"max-video-preview:-1"},"canonical":"https:\/\/digital58.com.ve\/site\/2020\/05\/15\/moscu-niega-que-piratas-informaticos-rusos-tomaran-por-blanco-a-merkel\/","og_locale":"es_ES","og_type":"article","og_title":"Mosc\u00fa niega que piratas inform\u00e1ticos rusos tomaran por blanco a Merkel","og_description":"Pol\u00edtica","og_url":"https:\/\/digital58.com.ve\/site\/2020\/05\/15\/moscu-niega-que-piratas-informaticos-rusos-tomaran-por-blanco-a-merkel\/","og_site_name":"Noticias Digital58","article_published_time":"2020-05-15T13:07:29+00:00","article_modified_time":"2020-05-16T02:40:00+00:00","og_image":[{"width":612,"height":340,"url":"https:\/\/digital58.com.ve\/site\/wp-content\/uploads\/2020\/05\/5e1f2124daff9.jpeg","type":"image\/jpeg"}],"author":"Molero Luis","twitter_card":"summary_large_image","twitter_creator":"@Digital_58","twitter_site":"@villasmilhfoto","twitter_misc":{"Escrito por":"Molero Luis","Tiempo estimado de lectura":"1 minuto"},"schema":{"@context":"https:\/\/schema.org","@graph":[{"@type":"Article","@id":"https:\/\/digital58.com.ve\/site\/2020\/05\/15\/moscu-niega-que-piratas-informaticos-rusos-tomaran-por-blanco-a-merkel\/#article","isPartOf":{"@id":"https:\/\/digital58.com.ve\/site\/2020\/05\/15\/moscu-niega-que-piratas-informaticos-rusos-tomaran-por-blanco-a-merkel\/"},"author":{"name":"Molero Luis","@id":"https:\/\/digital58.com.ve\/site\/#\/schema\/person\/c61667ce6845137620ee3f0aaabade17"},"headline":"Mosc\u00fa niega que piratas inform\u00e1ticos rusos tomaran por blanco a Merkel","datePublished":"2020-05-15T13:07:29+00:00","dateModified":"2020-05-16T02:40:00+00:00","mainEntityOfPage":{"@id":"https:\/\/digital58.com.ve\/site\/2020\/05\/15\/moscu-niega-que-piratas-informaticos-rusos-tomaran-por-blanco-a-merkel\/"},"wordCount":249,"commentCount":0,"publisher":{"@id":"https:\/\/digital58.com.ve\/site\/#\/schema\/person\/64d1c2e4d0d4fd1b849980c4331c2951"},"image":{"@id":"https:\/\/digital58.com.ve\/site\/2020\/05\/15\/moscu-niega-que-piratas-informaticos-rusos-tomaran-por-blanco-a-merkel\/#primaryimage"},"thumbnailUrl":"https:\/\/digital58.com.ve\/site\/wp-content\/uploads\/2020\/05\/5e1f2124daff9.jpeg","keywords":["Angela Merkel","Internacionales","Mosc\u00fa"],"articleSection":["Pol\u00edtica"],"inLanguage":"es","potentialAction":[{"@type":"CommentAction","name":"Comment","target":["https:\/\/digital58.com.ve\/site\/2020\/05\/15\/moscu-niega-que-piratas-informaticos-rusos-tomaran-por-blanco-a-merkel\/#respond"]}]},{"@type":"WebPage","@id":"https:\/\/digital58.com.ve\/site\/2020\/05\/15\/moscu-niega-que-piratas-informaticos-rusos-tomaran-por-blanco-a-merkel\/","url":"https:\/\/digital58.com.ve\/site\/2020\/05\/15\/moscu-niega-que-piratas-informaticos-rusos-tomaran-por-blanco-a-merkel\/","name":"Mosc\u00fa niega que piratas inform\u00e1ticos rusos tomaran por blanco a Merkel","isPartOf":{"@id":"https:\/\/digital58.com.ve\/site\/#website"},"primaryImageOfPage":{"@id":"https:\/\/digital58.com.ve\/site\/2020\/05\/15\/moscu-niega-que-piratas-informaticos-rusos-tomaran-por-blanco-a-merkel\/#primaryimage"},"image":{"@id":"https:\/\/digital58.com.ve\/site\/2020\/05\/15\/moscu-niega-que-piratas-informaticos-rusos-tomaran-por-blanco-a-merkel\/#primaryimage"},"thumbnailUrl":"https:\/\/digital58.com.ve\/site\/wp-content\/uploads\/2020\/05\/5e1f2124daff9.jpeg","datePublished":"2020-05-15T13:07:29+00:00","dateModified":"2020-05-16T02:40:00+00:00","description":"Pol\u00edtica","breadcrumb":{"@id":"https:\/\/digital58.com.ve\/site\/2020\/05\/15\/moscu-niega-que-piratas-informaticos-rusos-tomaran-por-blanco-a-merkel\/#breadcrumb"},"inLanguage":"es","potentialAction":[{"@type":"ReadAction","target":["https:\/\/digital58.com.ve\/site\/2020\/05\/15\/moscu-niega-que-piratas-informaticos-rusos-tomaran-por-blanco-a-merkel\/"]}]},{"@type":"ImageObject","inLanguage":"es","@id":"https:\/\/digital58.com.ve\/site\/2020\/05\/15\/moscu-niega-que-piratas-informaticos-rusos-tomaran-por-blanco-a-merkel\/#primaryimage","url":"https:\/\/digital58.com.ve\/site\/wp-content\/uploads\/2020\/05\/5e1f2124daff9.jpeg","contentUrl":"https:\/\/digital58.com.ve\/site\/wp-content\/uploads\/2020\/05\/5e1f2124daff9.jpeg","width":612,"height":340},{"@type":"BreadcrumbList","@id":"https:\/\/digital58.com.ve\/site\/2020\/05\/15\/moscu-niega-que-piratas-informaticos-rusos-tomaran-por-blanco-a-merkel\/#breadcrumb","itemListElement":[{"@type":"ListItem","position":1,"name":"Home","item":"https:\/\/digital58.com.ve\/site\/"},{"@type":"ListItem","position":2,"name":"Mosc\u00fa niega que piratas inform\u00e1ticos rusos tomaran por blanco a Merkel"}]},{"@type":"WebSite","@id":"https:\/\/digital58.com.ve\/site\/#website","url":"https:\/\/digital58.com.ve\/site\/","name":"Noticias Digital58","description":"Portal de Noticias \u00a1Periodismo web de verdad! Lanzamiento web 22.11.2005 \/ Maracaibo, Venezuela","publisher":{"@id":"https:\/\/digital58.com.ve\/site\/#\/schema\/person\/64d1c2e4d0d4fd1b849980c4331c2951"},"alternateName":"ND58","potentialAction":[{"@type":"SearchAction","target":{"@type":"EntryPoint","urlTemplate":"https:\/\/digital58.com.ve\/site\/?s={search_term_string}"},"query-input":{"@type":"PropertyValueSpecification","valueRequired":true,"valueName":"search_term_string"}}],"inLanguage":"es"},{"@type":["Person","Organization"],"@id":"https:\/\/digital58.com.ve\/site\/#\/schema\/person\/64d1c2e4d0d4fd1b849980c4331c2951","name":"Villasmil Henry","image":{"@type":"ImageObject","inLanguage":"es","@id":"https:\/\/secure.gravatar.com\/avatar\/bb0c4a2fcb7970138239f7e404ea75757b1b507b28b5ce4c53fbd62d797c5a7c?s=96&d=mm&r=g","url":"https:\/\/secure.gravatar.com\/avatar\/bb0c4a2fcb7970138239f7e404ea75757b1b507b28b5ce4c53fbd62d797c5a7c?s=96&d=mm&r=g","contentUrl":"https:\/\/secure.gravatar.com\/avatar\/bb0c4a2fcb7970138239f7e404ea75757b1b507b28b5ce4c53fbd62d797c5a7c?s=96&d=mm&r=g","caption":"Villasmil Henry"},"logo":{"@id":"https:\/\/secure.gravatar.com\/avatar\/bb0c4a2fcb7970138239f7e404ea75757b1b507b28b5ce4c53fbd62d797c5a7c?s=96&d=mm&r=g"},"sameAs":["http:\/\/www.henryvillasmil.com.ve","https:\/\/www.instagram.com\/villasmilhfoto\/","https:\/\/x.com\/https:\/\/twitter.com\/villasmilhfoto"]},{"@type":"Person","@id":"https:\/\/digital58.com.ve\/site\/#\/schema\/person\/c61667ce6845137620ee3f0aaabade17","name":"Molero Luis","image":{"@type":"ImageObject","inLanguage":"es","@id":"https:\/\/secure.gravatar.com\/avatar\/bf041ec637e3e7405449807deb2f7cf3d2de7c6fa755dd56e985201de9863f2b?s=96&d=mm&r=g","url":"https:\/\/secure.gravatar.com\/avatar\/bf041ec637e3e7405449807deb2f7cf3d2de7c6fa755dd56e985201de9863f2b?s=96&d=mm&r=g","contentUrl":"https:\/\/secure.gravatar.com\/avatar\/bf041ec637e3e7405449807deb2f7cf3d2de7c6fa755dd56e985201de9863f2b?s=96&d=mm&r=g","caption":"Molero Luis"},"url":"https:\/\/digital58.com.ve\/site\/author\/luismolero\/"}]}},"uagb_featured_image_src":{"full":["https:\/\/digital58.com.ve\/site\/wp-content\/uploads\/2020\/05\/5e1f2124daff9.jpeg",612,340,false],"thumbnail":["https:\/\/digital58.com.ve\/site\/wp-content\/uploads\/2020\/05\/5e1f2124daff9-150x150.jpeg",150,150,true],"medium":["https:\/\/digital58.com.ve\/site\/wp-content\/uploads\/2020\/05\/5e1f2124daff9-300x167.jpeg",300,167,true],"medium_large":["https:\/\/digital58.com.ve\/site\/wp-content\/uploads\/2020\/05\/5e1f2124daff9.jpeg",612,340,false],"large":["https:\/\/digital58.com.ve\/site\/wp-content\/uploads\/2020\/05\/5e1f2124daff9.jpeg",612,340,false],"1536x1536":["https:\/\/digital58.com.ve\/site\/wp-content\/uploads\/2020\/05\/5e1f2124daff9.jpeg",612,340,false],"2048x2048":["https:\/\/digital58.com.ve\/site\/wp-content\/uploads\/2020\/05\/5e1f2124daff9.jpeg",612,340,false],"colormag-highlighted-post":["https:\/\/digital58.com.ve\/site\/wp-content\/uploads\/2020\/05\/5e1f2124daff9.jpeg",392,218,false],"colormag-featured-post-medium":["https:\/\/digital58.com.ve\/site\/wp-content\/uploads\/2020\/05\/5e1f2124daff9.jpeg",369,205,false],"colormag-featured-post-small":["https:\/\/digital58.com.ve\/site\/wp-content\/uploads\/2020\/05\/5e1f2124daff9.jpeg",130,72,false],"colormag-featured-image":["https:\/\/digital58.com.ve\/site\/wp-content\/uploads\/2020\/05\/5e1f2124daff9.jpeg",612,340,false],"colormag-default-news":["https:\/\/digital58.com.ve\/site\/wp-content\/uploads\/2020\/05\/5e1f2124daff9.jpeg",150,83,false],"colormag-featured-image-large":["https:\/\/digital58.com.ve\/site\/wp-content\/uploads\/2020\/05\/5e1f2124daff9.jpeg",612,340,false]},"uagb_author_info":{"display_name":"Molero Luis","author_link":"https:\/\/digital58.com.ve\/site\/author\/luismolero\/"},"uagb_comment_info":0,"uagb_excerpt":"&nbsp; Rusia rechaza las acusaciones alemanas seg\u00fan las cuales piratas inform\u00e1ticos rusos habr\u00edan tomado como blanco a la canciller Angela","_links":{"self":[{"href":"https:\/\/digital58.com.ve\/site\/wp-json\/wp\/v2\/posts\/100221","targetHints":{"allow":["GET"]}}],"collection":[{"href":"https:\/\/digital58.com.ve\/site\/wp-json\/wp\/v2\/posts"}],"about":[{"href":"https:\/\/digital58.com.ve\/site\/wp-json\/wp\/v2\/types\/post"}],"author":[{"embeddable":true,"href":"https:\/\/digital58.com.ve\/site\/wp-json\/wp\/v2\/users\/26"}],"replies":[{"embeddable":true,"href":"https:\/\/digital58.com.ve\/site\/wp-json\/wp\/v2\/comments?post=100221"}],"version-history":[{"count":0,"href":"https:\/\/digital58.com.ve\/site\/wp-json\/wp\/v2\/posts\/100221\/revisions"}],"wp:featuredmedia":[{"embeddable":true,"href":"https:\/\/digital58.com.ve\/site\/wp-json\/wp\/v2\/media\/100222"}],"wp:attachment":[{"href":"https:\/\/digital58.com.ve\/site\/wp-json\/wp\/v2\/media?parent=100221"}],"wp:term":[{"taxonomy":"category","embeddable":true,"href":"https:\/\/digital58.com.ve\/site\/wp-json\/wp\/v2\/categories?post=100221"},{"taxonomy":"post_tag","embeddable":true,"href":"https:\/\/digital58.com.ve\/site\/wp-json\/wp\/v2\/tags?post=100221"}],"curies":[{"name":"wp","href":"https:\/\/api.w.org\/{rel}","templated":true}]}}