{"id":100940,"date":"2020-05-18T09:16:47","date_gmt":"2020-05-18T13:16:47","guid":{"rendered":"https:\/\/digital58.com.ve\/site\/?p=100940"},"modified":"2020-05-18T09:16:47","modified_gmt":"2020-05-18T13:16:47","slug":"hernan-aleman-no-hay-otra-via-para-acabar-con-esto-que-la-fuerza","status":"publish","type":"post","link":"https:\/\/digital58.com.ve\/site\/2020\/05\/18\/hernan-aleman-no-hay-otra-via-para-acabar-con-esto-que-la-fuerza\/","title":{"rendered":"Hern\u00e1n Alem\u00e1n: \u00abno hay otra v\u00eda para acabar con esto que la fuerza\u00bb"},"content":{"rendered":"<p><img loading=\"lazy\" decoding=\"async\" class=\"aligncenter wp-image-100941 size-full\" src=\"https:\/\/digital58.com.ve\/site\/wp-content\/uploads\/2020\/05\/Hernan-Aleman-960x640-1.jpg\" alt=\"\" width=\"960\" height=\"640\" srcset=\"https:\/\/digital58.com.ve\/site\/wp-content\/uploads\/2020\/05\/Hernan-Aleman-960x640-1.jpg 800w, https:\/\/digital58.com.ve\/site\/wp-content\/uploads\/2020\/05\/Hernan-Aleman-960x640-1-300x200.jpg 300w, https:\/\/digital58.com.ve\/site\/wp-content\/uploads\/2020\/05\/Hernan-Aleman-960x640-1-768x512.jpg 768w, https:\/\/digital58.com.ve\/site\/wp-content\/uploads\/2020\/05\/Hernan-Aleman-960x640-1-720x480.jpg 720w, https:\/\/digital58.com.ve\/site\/wp-content\/uploads\/2020\/05\/Hernan-Aleman-960x640-1-480x320.jpg 480w\" sizes=\"auto, (max-width: 960px) 100vw, 960px\" \/><\/p>\n<p>Asegur\u00f3 que Acci\u00f3n Democr\u00e1tica no ten\u00eda conocimiento de la Operaci\u00f3n Gede\u00f3n. Dijo que el pueblo se est\u00e1 muriendo de hambre. \u00abNo podemos estar indolentes ante el sacrificio y el sufrimiento del pueblo venezolano\u00bb, afirm\u00f3. Se\u00f1al\u00f3 que el capit\u00e1n Antonio Sequea fue el infiltrado<\/p>\n<p><strong>Maracaibo, Zulia,<\/strong>\u00a0<strong>Venezuela, 18 de mayo de 2020 (ND58)-<\/strong>El diputado Hern\u00e1n Alem\u00e1n, parlamentario de Acci\u00f3n Democr\u00e1tica, asegur\u00f3 a la periodista Anaisa Rodr\u00edguez que manos oscuras apartaron al general Cl\u00edver Alcal\u00e1 de la operaci\u00f3n que se preparaba contra Nicol\u00e1s Maduro, luego conocida como Operaci\u00f3n Gede\u00f3n. Reiter\u00f3 que estuvo en los preparativos de esa operaci\u00f3n hasta que Cl\u00edver Alcal\u00e1 fue extraditado a los Estados Unidos.<\/p>\n<p>En contacto telef\u00f3nico con Noticiero Digital, alem\u00e1n asegur\u00f3 que la operaci\u00f3n nunca recibi\u00f3 financiamiento de Juan Jos\u00e9 Rend\u00f3n y que fue el general Alcal\u00e1 junto a \u00e9l los que buscaron financiamiento para sostener los campamentos.<\/p>\n<p>Alem\u00e1n, en el exilio, considera que manos oscuras sacaron a Cl\u00edver Alcal\u00e1 y a Jordan Goudreau de la operaci\u00f3n y que infiltraron al capit\u00e1n Antonio Sequea con el fin de acabar con la operaci\u00f3n y con la vida de sus integrantes.<\/p>\n<p>Alem\u00e1n reconoce a Juan Guaid\u00f3 como presidente de Venezuela pero cree que la \u00fanica manera de sacar a Nicol\u00e1s Maduro es por la fuerza, como hizo Sim\u00f3n Bol\u00edvar para liberar a cinco naciones.<\/p>\n<p><img loading=\"lazy\" decoding=\"async\" class=\"aligncenter wp-image-100942 size-full\" src=\"https:\/\/digital58.com.ve\/site\/wp-content\/uploads\/2020\/05\/S3-1.jpg\" alt=\"\" width=\"696\" height=\"463\" srcset=\"https:\/\/digital58.com.ve\/site\/wp-content\/uploads\/2020\/05\/S3-1.jpg 696w, https:\/\/digital58.com.ve\/site\/wp-content\/uploads\/2020\/05\/S3-1-300x200.jpg 300w, https:\/\/digital58.com.ve\/site\/wp-content\/uploads\/2020\/05\/S3-1-480x320.jpg 480w\" sizes=\"auto, (max-width: 696px) 100vw, 696px\" \/><\/p>\n<p><strong>La entrevista con alem\u00e1n<\/strong><\/p>\n<p>\u00bfQui\u00e9n financi\u00f3 la operaci\u00f3n entre el 8 de noviembre, fecha en que J. J. Rend\u00f3n dice que suspendi\u00f3 el contrato con Goudreau y la fecha en que extraditaron a Alcal\u00e1?<\/p>\n<p>Nosotros nunca vimos ni hablamos con J. J. Rend\u00f3n. No lo conocemos. Nunca nos dio ni medio. Si esta operaci\u00f3n tuviera nombre ser\u00eda Operaci\u00f3n Mendicidad, porque fuimos nosotros mismos quienes buscamos de coraz\u00f3n y pedimos recursos para mantenerla. J. J. Rend\u00f3n se reuni\u00f3 con Goudreau, pero yo siempre estuve con Alcal\u00e1 Cordones. Fuimos nosotros dos, junto a los militares que desertaron y apoyaron a Guaid\u00f3 en febrero cuando el ingreso de la ayuda humanitaria; militares que estuvieron el 30 de abril y en otros hechos, quienes iniciamos y llevamos a cabo esta operaci\u00f3n. Desde el 13 de mayo hasta el 31 de diciembre de 2019 nos financiamos nosotros mismos. Nadie nos financi\u00f3.<\/p>\n<p>\u00bfCu\u00e1ntos hombres hab\u00eda en esos campamentos, con cu\u00e1ntos hombres contaba la operaci\u00f3n?<\/p>\n<p>Llegamos a tener hasta cuatro campamentos y 150 militares. No pudimos tener m\u00e1s por falta de recursos econ\u00f3micos. Todos eran venezolanos. Si nosotros hubi\u00e9ramos tenido los recursos no hubieran sido campamentos sino cuarteles.<\/p>\n<p>\u00bfSigue creyendo que Maduro sale a la fuerza?<\/p>\n<p>Para salir del r\u00e9gimen creo que hay una sola v\u00eda. Sim\u00f3n Bol\u00edvar cuando liber\u00f3 cinco naciones no us\u00f3 la diplomacia. Porque cuando los pueblos est\u00e1n tomados por la delincuencia, porque el Estado no garantiza seguridad sino que es quien propicia la delincuencia y el narcotr\u00e1fico, existe un pueblo indefenso, no hay otra v\u00eda para acabar con esto que la fuerza. Maduro no quiere salir ni por las buenas ni por las malas, sino a lo arrecho.<\/p>\n<p>\u00bfSab\u00eda Acci\u00f3n Democr\u00e1tica que usted estaba participando en esta operaci\u00f3n? \u00bfCu\u00e1l ha sido la posici\u00f3n de AD hacia su persona luego de que asumi\u00f3 que form\u00f3 parte de estos actos?<\/p>\n<p>Ellos no ten\u00edan conocimiento. Yo soy un militante y entiendo que estoy sometido a unas condiciones disciplinarias, pero mi acci\u00f3n obedece a un planteamiento m\u00e1s de la necesidad que tiene el pueblo. Hay una declaraci\u00f3n de todos los partidos donde se desmarcan de esto, pero yo estuve en esa operaci\u00f3n y estar\u00e9 en todas las que sean necesarias para lograr la libertad del pa\u00eds.<\/p>\n<p>\u00bfQu\u00e9 le dir\u00eda a quienes consideran que estos son actos terroristas?<\/p>\n<p>Le dir\u00eda que si ellos piensan que es una acci\u00f3n terrorista, es su opini\u00f3n. Pienso que los que hablan tanto y no hacen nada son unos cobardes porque el pueblo se est\u00e1 muriendo de hambre y no podemos estar indolentes ante el sacrificio y el sufrimiento del pueblo venezolano. El pa\u00eds necesita, verdaderamente, parir sus libertadores como lo dijo R\u00f3mulo Betancourt. En este momento, Venezuela necesita parir a los hombres que defiendan y que crean en la libertad. El problema es que hay una serie de convivientes que se sienten satisfechos con el r\u00e9gimen, pero pregunt\u00e9mosle al pueblo. \u00bfEs aceptable como a ese pobre muchacho Chirinos lo mataron? \u00bfC\u00f3mo este gobierno expone al pueblo al miedo? \u00bfC\u00f3mo si es un pa\u00eds petrolero tiene a la gente sufriendo para buscar gasolina? \u00bfSiguen pensando que el di\u00e1logo acabar\u00e1 con esto? La historia nos dar\u00e1 la raz\u00f3n para demostrar que nada de eso sirve y a los que promueven eso los critico fuertemente, no tengo dudas de que el pueblo piensa lo mismo.<\/p>\n<p>\u00bfQu\u00e9 cree usted qu\u00e9 pas\u00f3 realmente?<\/p>\n<p>Lo primero que estoy por averiguar y que es la primera preocupaci\u00f3n que yo tengo es qui\u00e9nes ser\u00edan los delincuentes, los pusil\u00e1nimes que abortaron esta acci\u00f3n. Qui\u00e9nes precipitaron que detuvieran al general Alcal\u00e1, para sacar del juego al que conduc\u00eda el movimiento junto con Goudreau. Pero lo que yo voy a averiguar as\u00ed me cueste la vida es qui\u00e9n sac\u00f3 al general Alcal\u00e1 Cordones de todo esto. Los dos l\u00edderes, los hombres formados y diestros para la acci\u00f3n los desbancaron. Goudreau no particip\u00f3 en la acci\u00f3n porque estaba fuera en los Estados Unidos. No pudo participar en la acci\u00f3n conjuntamente con el general Alcal\u00e1. Quien dirigi\u00f3 la acci\u00f3n fue un capit\u00e1n de la GNB, Antonio Sequea, que cualquiera sabe cu\u00e1l es la formaci\u00f3n que tiene. \u00bfEn esta operaci\u00f3n un capit\u00e1n iba a someter a un general? No es posible. Esto tiene que hacerlo alguien con coraje para dar \u00f3rdenes desde el punto de vista militar.<\/p>\n<p>\u00bfPor qu\u00e9 cree que el capit\u00e1n Sequea y no el capit\u00e1n Robert Colina, alias Pantera, el que tom\u00f3 el control de la operaci\u00f3n?<\/p>\n<p>Sequea es el infiltrado. No lo digo solo yo. Lo dicen los muchachos que quedaron en las embarcaciones y quedaron sueltos. Nos llamaron\u00a0 y nos dijeron: nos vendieron. Era Sequea quien iba capitaneando la acci\u00f3n, Sequea lleg\u00f3 producto de una situaci\u00f3n que nosotros tuvimos, el problema econ\u00f3mico, porque nadie nunca nos ayud\u00f3. Si los recursos hubiesen llegado, Sequea no hubiera estado all\u00ed. Cuando sale Alcal\u00e1, Sequea cambi\u00f3 los militares, ingres\u00f3 otros y pr\u00e1cticamente asumi\u00f3 el control de eso, porque Goudreau estaba en los Estados Unidos. Yo nunca he tratado ni espero tratar con Sequea.<\/p>\n<p>\u00bfPor qu\u00e9 no fue Pantera el que lider\u00f3 la operaci\u00f3n?<\/p>\n<p>Porque Sequea era el que hab\u00eda asumido la responsabilidad producto de que ten\u00eda los recursos para atender al contingente. Asumi\u00f3 eso y sencillamente el capit\u00e1n Pantera era alguien que cumpl\u00eda instrucciones y fue quien result\u00f3 sacrificado y asesinado.<\/p>\n<p>\u00bfPor qu\u00e9 usted se retir\u00f3? \u00bfDesconfiaba de Goudreau?<\/p>\n<p>Porque soy un pol\u00edtico. Mi relaci\u00f3n es fundamentalmente pol\u00edtica y era con Alcal\u00e1. Cuando \u00e9l se entreg\u00f3 yo qued\u00e9 en el limbo. No ten\u00eda nada qu\u00e9 hacer. Me fui a otro sitio, esperando su llamada y al otro d\u00eda me dijo que hab\u00edan encontrado armas y luego lleg\u00f3 lo del cartel de los 15 millones. Todo fue algo muy turbio. Hay muchas manos oscuras en esto.<\/p>\n<p>\u00bfQu\u00e9 cree usted que es lo m\u00e1s grave de todo esto?<\/p>\n<p>Que esto tendr\u00e1 que revisarse. Porque esas manos oscuras que aparecen intencionadas para que el general Alcal\u00e1 y un grupo de valientes logr\u00e1ramos rescatar el hilo constitucional, sabotearon todo esto. Creo que son tan criminales como los criminales del r\u00e9gimen. Los que asesinaron a Pantera y estos que actuaron para sacar al general Alcal\u00e1 son tan criminales como el r\u00e9gimen.<\/p>\n<p>\u00bfQu\u00e9 le dir\u00eda a quienes piden a Estados Unidos que Guaid\u00f3 sea sacado del juego?<\/p>\n<p>Yo en este momento sigo pensando que el \u00fanico juego es la libertad y hay un presidente interino reconocido por el mundo, por la Asamblea Nacional y creo que cualquier acci\u00f3n contraria a eso no tiene sentido. Yo no comulgo con Guaid\u00f3 en absoluto, pero no le har\u00e9 el juego al r\u00e9gimen. Reconozco que Guaid\u00f3 es el presidente.<\/p><div class=\"zrmii69ef3e87bf953\" ><p style=\"text-align: center;\"><a href=\"https:\/\/t.me\/noticiasdigital58\" target=\"_blank\" rel=\"noopener\"><img class=\"aligncenter size-full wp-image-125363\" src=\"https:\/\/digital58.com.ve\/site\/wp-content\/uploads\/2021\/04\/banner-telegram-web-2021.png\" alt=\"\" width=\"600\" height=\"90\" \/><\/a><\/p><\/div><style type=\"text\/css\">\r\n@media screen and (min-width: 1201px) {\r\n.zrmii69ef3e87bf953 {\r\ndisplay: block;\r\n}\r\n}\r\n@media screen and (min-width: 993px) and (max-width: 1200px) {\r\n.zrmii69ef3e87bf953 {\r\ndisplay: block;\r\n}\r\n}\r\n@media screen and (min-width: 769px) and (max-width: 992px) {\r\n.zrmii69ef3e87bf953 {\r\ndisplay: block;\r\n}\r\n}\r\n@media screen and (min-width: 768px) and (max-width: 768px) {\r\n.zrmii69ef3e87bf953 {\r\ndisplay: block;\r\n}\r\n}\r\n@media screen and (max-width: 767px) {\r\n.zrmii69ef3e87bf953 {\r\ndisplay: block;\r\n}\r\n}\r\n<\/style>\r\n\n<p><strong>Redacci\u00f3n: Molero, Luis (@Moleromarquez)| Fuente: El Nacional<\/strong><br \/>\n<strong>Edici\u00f3n: Villasmil, Henry<\/strong><br \/>\n<strong>Gr\u00e1ficas: cortes\u00eda<\/strong><\/p>\n<div style=\"margin-top: 0px; margin-bottom: 0px;\" class=\"sharethis-inline-share-buttons\" ><\/div>","protected":false},"excerpt":{"rendered":"<p>Asegur\u00f3 que Acci\u00f3n Democr\u00e1tica no ten\u00eda conocimiento de la Operaci\u00f3n Gede\u00f3n. Dijo que el pueblo se est\u00e1 muriendo de hambre.<\/p>\n","protected":false},"author":26,"featured_media":100942,"comment_status":"open","ping_status":"closed","sticky":false,"template":"","format":"standard","meta":{"colormag_page_container_layout":"default_layout","colormag_page_sidebar_layout":"default_layout","_uag_custom_page_level_css":"","footnotes":""},"categories":[8610],"tags":[14358,233,32],"class_list":["post-100940","post","type-post","status-publish","format-standard","has-post-thumbnail","hentry","category-politica","tag-hernan-aleman","tag-nacionales","tag-venezuela"],"yoast_head":"<!-- This site is optimized with the Yoast SEO plugin v27.4 - https:\/\/yoast.com\/product\/yoast-seo-wordpress\/ -->\n<title>Hern\u00e1n Alem\u00e1n: \u00abno hay otra v\u00eda para acabar con esto que la fuerza\u00bb<\/title>\n<meta name=\"robots\" content=\"index, follow, max-snippet:-1, max-image-preview:large, max-video-preview:-1\" \/>\n<link rel=\"canonical\" href=\"https:\/\/digital58.com.ve\/site\/2020\/05\/18\/hernan-aleman-no-hay-otra-via-para-acabar-con-esto-que-la-fuerza\/\" \/>\n<meta property=\"og:locale\" content=\"es_ES\" \/>\n<meta property=\"og:type\" content=\"article\" \/>\n<meta property=\"og:title\" content=\"Hern\u00e1n Alem\u00e1n: \u00abno hay otra v\u00eda para acabar con esto que la fuerza\u00bb\" \/>\n<meta property=\"og:url\" content=\"https:\/\/digital58.com.ve\/site\/2020\/05\/18\/hernan-aleman-no-hay-otra-via-para-acabar-con-esto-que-la-fuerza\/\" \/>\n<meta property=\"og:site_name\" content=\"Noticias Digital58\" \/>\n<meta property=\"article:published_time\" content=\"2020-05-18T13:16:47+00:00\" \/>\n<meta property=\"og:image\" content=\"https:\/\/digital58.com.ve\/site\/wp-content\/uploads\/2020\/05\/S3-1.jpg\" \/>\n\t<meta property=\"og:image:width\" content=\"696\" \/>\n\t<meta property=\"og:image:height\" content=\"463\" \/>\n\t<meta property=\"og:image:type\" content=\"image\/jpeg\" \/>\n<meta name=\"author\" content=\"Molero Luis\" \/>\n<meta name=\"twitter:card\" content=\"summary_large_image\" \/>\n<meta name=\"twitter:creator\" content=\"@Digital_58\" \/>\n<meta name=\"twitter:site\" content=\"@villasmilhfoto\" \/>\n<meta name=\"twitter:label1\" content=\"Escrito por\" \/>\n\t<meta name=\"twitter:data1\" content=\"Molero Luis\" \/>\n\t<meta name=\"twitter:label2\" content=\"Tiempo estimado de lectura\" \/>\n\t<meta name=\"twitter:data2\" content=\"7 minutos\" \/>\n<script type=\"application\/ld+json\" class=\"yoast-schema-graph\">{\"@context\":\"https:\\\/\\\/schema.org\",\"@graph\":[{\"@type\":\"Article\",\"@id\":\"https:\\\/\\\/digital58.com.ve\\\/site\\\/2020\\\/05\\\/18\\\/hernan-aleman-no-hay-otra-via-para-acabar-con-esto-que-la-fuerza\\\/#article\",\"isPartOf\":{\"@id\":\"https:\\\/\\\/digital58.com.ve\\\/site\\\/2020\\\/05\\\/18\\\/hernan-aleman-no-hay-otra-via-para-acabar-con-esto-que-la-fuerza\\\/\"},\"author\":{\"name\":\"Molero Luis\",\"@id\":\"https:\\\/\\\/digital58.com.ve\\\/site\\\/#\\\/schema\\\/person\\\/c61667ce6845137620ee3f0aaabade17\"},\"headline\":\"Hern\u00e1n Alem\u00e1n: \u00abno hay otra v\u00eda para acabar con esto que la fuerza\u00bb\",\"datePublished\":\"2020-05-18T13:16:47+00:00\",\"mainEntityOfPage\":{\"@id\":\"https:\\\/\\\/digital58.com.ve\\\/site\\\/2020\\\/05\\\/18\\\/hernan-aleman-no-hay-otra-via-para-acabar-con-esto-que-la-fuerza\\\/\"},\"wordCount\":1458,\"commentCount\":0,\"publisher\":{\"@id\":\"https:\\\/\\\/digital58.com.ve\\\/site\\\/#\\\/schema\\\/person\\\/64d1c2e4d0d4fd1b849980c4331c2951\"},\"image\":{\"@id\":\"https:\\\/\\\/digital58.com.ve\\\/site\\\/2020\\\/05\\\/18\\\/hernan-aleman-no-hay-otra-via-para-acabar-con-esto-que-la-fuerza\\\/#primaryimage\"},\"thumbnailUrl\":\"https:\\\/\\\/digital58.com.ve\\\/site\\\/wp-content\\\/uploads\\\/2020\\\/05\\\/S3-1.jpg\",\"keywords\":[\"Hernan Alem\u00e1n\",\"Nacionales\",\"Venezuela\"],\"articleSection\":[\"Pol\u00edtica\"],\"inLanguage\":\"es\",\"potentialAction\":[{\"@type\":\"CommentAction\",\"name\":\"Comment\",\"target\":[\"https:\\\/\\\/digital58.com.ve\\\/site\\\/2020\\\/05\\\/18\\\/hernan-aleman-no-hay-otra-via-para-acabar-con-esto-que-la-fuerza\\\/#respond\"]}]},{\"@type\":\"WebPage\",\"@id\":\"https:\\\/\\\/digital58.com.ve\\\/site\\\/2020\\\/05\\\/18\\\/hernan-aleman-no-hay-otra-via-para-acabar-con-esto-que-la-fuerza\\\/\",\"url\":\"https:\\\/\\\/digital58.com.ve\\\/site\\\/2020\\\/05\\\/18\\\/hernan-aleman-no-hay-otra-via-para-acabar-con-esto-que-la-fuerza\\\/\",\"name\":\"Hern\u00e1n Alem\u00e1n: \u00abno hay otra v\u00eda para acabar con esto que la fuerza\u00bb\",\"isPartOf\":{\"@id\":\"https:\\\/\\\/digital58.com.ve\\\/site\\\/#website\"},\"primaryImageOfPage\":{\"@id\":\"https:\\\/\\\/digital58.com.ve\\\/site\\\/2020\\\/05\\\/18\\\/hernan-aleman-no-hay-otra-via-para-acabar-con-esto-que-la-fuerza\\\/#primaryimage\"},\"image\":{\"@id\":\"https:\\\/\\\/digital58.com.ve\\\/site\\\/2020\\\/05\\\/18\\\/hernan-aleman-no-hay-otra-via-para-acabar-con-esto-que-la-fuerza\\\/#primaryimage\"},\"thumbnailUrl\":\"https:\\\/\\\/digital58.com.ve\\\/site\\\/wp-content\\\/uploads\\\/2020\\\/05\\\/S3-1.jpg\",\"datePublished\":\"2020-05-18T13:16:47+00:00\",\"breadcrumb\":{\"@id\":\"https:\\\/\\\/digital58.com.ve\\\/site\\\/2020\\\/05\\\/18\\\/hernan-aleman-no-hay-otra-via-para-acabar-con-esto-que-la-fuerza\\\/#breadcrumb\"},\"inLanguage\":\"es\",\"potentialAction\":[{\"@type\":\"ReadAction\",\"target\":[\"https:\\\/\\\/digital58.com.ve\\\/site\\\/2020\\\/05\\\/18\\\/hernan-aleman-no-hay-otra-via-para-acabar-con-esto-que-la-fuerza\\\/\"]}]},{\"@type\":\"ImageObject\",\"inLanguage\":\"es\",\"@id\":\"https:\\\/\\\/digital58.com.ve\\\/site\\\/2020\\\/05\\\/18\\\/hernan-aleman-no-hay-otra-via-para-acabar-con-esto-que-la-fuerza\\\/#primaryimage\",\"url\":\"https:\\\/\\\/digital58.com.ve\\\/site\\\/wp-content\\\/uploads\\\/2020\\\/05\\\/S3-1.jpg\",\"contentUrl\":\"https:\\\/\\\/digital58.com.ve\\\/site\\\/wp-content\\\/uploads\\\/2020\\\/05\\\/S3-1.jpg\",\"width\":696,\"height\":463},{\"@type\":\"BreadcrumbList\",\"@id\":\"https:\\\/\\\/digital58.com.ve\\\/site\\\/2020\\\/05\\\/18\\\/hernan-aleman-no-hay-otra-via-para-acabar-con-esto-que-la-fuerza\\\/#breadcrumb\",\"itemListElement\":[{\"@type\":\"ListItem\",\"position\":1,\"name\":\"Home\",\"item\":\"https:\\\/\\\/digital58.com.ve\\\/site\\\/\"},{\"@type\":\"ListItem\",\"position\":2,\"name\":\"Hern\u00e1n Alem\u00e1n: \u00abno hay otra v\u00eda para acabar con esto que la fuerza\u00bb\"}]},{\"@type\":\"WebSite\",\"@id\":\"https:\\\/\\\/digital58.com.ve\\\/site\\\/#website\",\"url\":\"https:\\\/\\\/digital58.com.ve\\\/site\\\/\",\"name\":\"Noticias Digital58\",\"description\":\"Portal de Noticias \u00a1Periodismo web de verdad! Lanzamiento web 22.11.2005 \\\/ Maracaibo, Venezuela\",\"publisher\":{\"@id\":\"https:\\\/\\\/digital58.com.ve\\\/site\\\/#\\\/schema\\\/person\\\/64d1c2e4d0d4fd1b849980c4331c2951\"},\"alternateName\":\"ND58\",\"potentialAction\":[{\"@type\":\"SearchAction\",\"target\":{\"@type\":\"EntryPoint\",\"urlTemplate\":\"https:\\\/\\\/digital58.com.ve\\\/site\\\/?s={search_term_string}\"},\"query-input\":{\"@type\":\"PropertyValueSpecification\",\"valueRequired\":true,\"valueName\":\"search_term_string\"}}],\"inLanguage\":\"es\"},{\"@type\":[\"Person\",\"Organization\"],\"@id\":\"https:\\\/\\\/digital58.com.ve\\\/site\\\/#\\\/schema\\\/person\\\/64d1c2e4d0d4fd1b849980c4331c2951\",\"name\":\"Villasmil Henry\",\"image\":{\"@type\":\"ImageObject\",\"inLanguage\":\"es\",\"@id\":\"https:\\\/\\\/secure.gravatar.com\\\/avatar\\\/bb0c4a2fcb7970138239f7e404ea75757b1b507b28b5ce4c53fbd62d797c5a7c?s=96&d=mm&r=g\",\"url\":\"https:\\\/\\\/secure.gravatar.com\\\/avatar\\\/bb0c4a2fcb7970138239f7e404ea75757b1b507b28b5ce4c53fbd62d797c5a7c?s=96&d=mm&r=g\",\"contentUrl\":\"https:\\\/\\\/secure.gravatar.com\\\/avatar\\\/bb0c4a2fcb7970138239f7e404ea75757b1b507b28b5ce4c53fbd62d797c5a7c?s=96&d=mm&r=g\",\"caption\":\"Villasmil Henry\"},\"logo\":{\"@id\":\"https:\\\/\\\/secure.gravatar.com\\\/avatar\\\/bb0c4a2fcb7970138239f7e404ea75757b1b507b28b5ce4c53fbd62d797c5a7c?s=96&d=mm&r=g\"},\"sameAs\":[\"http:\\\/\\\/www.henryvillasmil.com.ve\",\"https:\\\/\\\/www.instagram.com\\\/villasmilhfoto\\\/\",\"https:\\\/\\\/x.com\\\/https:\\\/\\\/twitter.com\\\/villasmilhfoto\"]},{\"@type\":\"Person\",\"@id\":\"https:\\\/\\\/digital58.com.ve\\\/site\\\/#\\\/schema\\\/person\\\/c61667ce6845137620ee3f0aaabade17\",\"name\":\"Molero Luis\",\"image\":{\"@type\":\"ImageObject\",\"inLanguage\":\"es\",\"@id\":\"https:\\\/\\\/secure.gravatar.com\\\/avatar\\\/bf041ec637e3e7405449807deb2f7cf3d2de7c6fa755dd56e985201de9863f2b?s=96&d=mm&r=g\",\"url\":\"https:\\\/\\\/secure.gravatar.com\\\/avatar\\\/bf041ec637e3e7405449807deb2f7cf3d2de7c6fa755dd56e985201de9863f2b?s=96&d=mm&r=g\",\"contentUrl\":\"https:\\\/\\\/secure.gravatar.com\\\/avatar\\\/bf041ec637e3e7405449807deb2f7cf3d2de7c6fa755dd56e985201de9863f2b?s=96&d=mm&r=g\",\"caption\":\"Molero Luis\"},\"url\":\"https:\\\/\\\/digital58.com.ve\\\/site\\\/author\\\/luismolero\\\/\"}]}<\/script>\n<!-- \/ Yoast SEO plugin. -->","yoast_head_json":{"title":"Hern\u00e1n Alem\u00e1n: \u00abno hay otra v\u00eda para acabar con esto que la fuerza\u00bb","robots":{"index":"index","follow":"follow","max-snippet":"max-snippet:-1","max-image-preview":"max-image-preview:large","max-video-preview":"max-video-preview:-1"},"canonical":"https:\/\/digital58.com.ve\/site\/2020\/05\/18\/hernan-aleman-no-hay-otra-via-para-acabar-con-esto-que-la-fuerza\/","og_locale":"es_ES","og_type":"article","og_title":"Hern\u00e1n Alem\u00e1n: \u00abno hay otra v\u00eda para acabar con esto que la fuerza\u00bb","og_url":"https:\/\/digital58.com.ve\/site\/2020\/05\/18\/hernan-aleman-no-hay-otra-via-para-acabar-con-esto-que-la-fuerza\/","og_site_name":"Noticias Digital58","article_published_time":"2020-05-18T13:16:47+00:00","og_image":[{"width":696,"height":463,"url":"https:\/\/digital58.com.ve\/site\/wp-content\/uploads\/2020\/05\/S3-1.jpg","type":"image\/jpeg"}],"author":"Molero Luis","twitter_card":"summary_large_image","twitter_creator":"@Digital_58","twitter_site":"@villasmilhfoto","twitter_misc":{"Escrito por":"Molero Luis","Tiempo estimado de lectura":"7 minutos"},"schema":{"@context":"https:\/\/schema.org","@graph":[{"@type":"Article","@id":"https:\/\/digital58.com.ve\/site\/2020\/05\/18\/hernan-aleman-no-hay-otra-via-para-acabar-con-esto-que-la-fuerza\/#article","isPartOf":{"@id":"https:\/\/digital58.com.ve\/site\/2020\/05\/18\/hernan-aleman-no-hay-otra-via-para-acabar-con-esto-que-la-fuerza\/"},"author":{"name":"Molero Luis","@id":"https:\/\/digital58.com.ve\/site\/#\/schema\/person\/c61667ce6845137620ee3f0aaabade17"},"headline":"Hern\u00e1n Alem\u00e1n: \u00abno hay otra v\u00eda para acabar con esto que la fuerza\u00bb","datePublished":"2020-05-18T13:16:47+00:00","mainEntityOfPage":{"@id":"https:\/\/digital58.com.ve\/site\/2020\/05\/18\/hernan-aleman-no-hay-otra-via-para-acabar-con-esto-que-la-fuerza\/"},"wordCount":1458,"commentCount":0,"publisher":{"@id":"https:\/\/digital58.com.ve\/site\/#\/schema\/person\/64d1c2e4d0d4fd1b849980c4331c2951"},"image":{"@id":"https:\/\/digital58.com.ve\/site\/2020\/05\/18\/hernan-aleman-no-hay-otra-via-para-acabar-con-esto-que-la-fuerza\/#primaryimage"},"thumbnailUrl":"https:\/\/digital58.com.ve\/site\/wp-content\/uploads\/2020\/05\/S3-1.jpg","keywords":["Hernan Alem\u00e1n","Nacionales","Venezuela"],"articleSection":["Pol\u00edtica"],"inLanguage":"es","potentialAction":[{"@type":"CommentAction","name":"Comment","target":["https:\/\/digital58.com.ve\/site\/2020\/05\/18\/hernan-aleman-no-hay-otra-via-para-acabar-con-esto-que-la-fuerza\/#respond"]}]},{"@type":"WebPage","@id":"https:\/\/digital58.com.ve\/site\/2020\/05\/18\/hernan-aleman-no-hay-otra-via-para-acabar-con-esto-que-la-fuerza\/","url":"https:\/\/digital58.com.ve\/site\/2020\/05\/18\/hernan-aleman-no-hay-otra-via-para-acabar-con-esto-que-la-fuerza\/","name":"Hern\u00e1n Alem\u00e1n: \u00abno hay otra v\u00eda para acabar con esto que la fuerza\u00bb","isPartOf":{"@id":"https:\/\/digital58.com.ve\/site\/#website"},"primaryImageOfPage":{"@id":"https:\/\/digital58.com.ve\/site\/2020\/05\/18\/hernan-aleman-no-hay-otra-via-para-acabar-con-esto-que-la-fuerza\/#primaryimage"},"image":{"@id":"https:\/\/digital58.com.ve\/site\/2020\/05\/18\/hernan-aleman-no-hay-otra-via-para-acabar-con-esto-que-la-fuerza\/#primaryimage"},"thumbnailUrl":"https:\/\/digital58.com.ve\/site\/wp-content\/uploads\/2020\/05\/S3-1.jpg","datePublished":"2020-05-18T13:16:47+00:00","breadcrumb":{"@id":"https:\/\/digital58.com.ve\/site\/2020\/05\/18\/hernan-aleman-no-hay-otra-via-para-acabar-con-esto-que-la-fuerza\/#breadcrumb"},"inLanguage":"es","potentialAction":[{"@type":"ReadAction","target":["https:\/\/digital58.com.ve\/site\/2020\/05\/18\/hernan-aleman-no-hay-otra-via-para-acabar-con-esto-que-la-fuerza\/"]}]},{"@type":"ImageObject","inLanguage":"es","@id":"https:\/\/digital58.com.ve\/site\/2020\/05\/18\/hernan-aleman-no-hay-otra-via-para-acabar-con-esto-que-la-fuerza\/#primaryimage","url":"https:\/\/digital58.com.ve\/site\/wp-content\/uploads\/2020\/05\/S3-1.jpg","contentUrl":"https:\/\/digital58.com.ve\/site\/wp-content\/uploads\/2020\/05\/S3-1.jpg","width":696,"height":463},{"@type":"BreadcrumbList","@id":"https:\/\/digital58.com.ve\/site\/2020\/05\/18\/hernan-aleman-no-hay-otra-via-para-acabar-con-esto-que-la-fuerza\/#breadcrumb","itemListElement":[{"@type":"ListItem","position":1,"name":"Home","item":"https:\/\/digital58.com.ve\/site\/"},{"@type":"ListItem","position":2,"name":"Hern\u00e1n Alem\u00e1n: \u00abno hay otra v\u00eda para acabar con esto que la fuerza\u00bb"}]},{"@type":"WebSite","@id":"https:\/\/digital58.com.ve\/site\/#website","url":"https:\/\/digital58.com.ve\/site\/","name":"Noticias Digital58","description":"Portal de Noticias \u00a1Periodismo web de verdad! Lanzamiento web 22.11.2005 \/ Maracaibo, Venezuela","publisher":{"@id":"https:\/\/digital58.com.ve\/site\/#\/schema\/person\/64d1c2e4d0d4fd1b849980c4331c2951"},"alternateName":"ND58","potentialAction":[{"@type":"SearchAction","target":{"@type":"EntryPoint","urlTemplate":"https:\/\/digital58.com.ve\/site\/?s={search_term_string}"},"query-input":{"@type":"PropertyValueSpecification","valueRequired":true,"valueName":"search_term_string"}}],"inLanguage":"es"},{"@type":["Person","Organization"],"@id":"https:\/\/digital58.com.ve\/site\/#\/schema\/person\/64d1c2e4d0d4fd1b849980c4331c2951","name":"Villasmil Henry","image":{"@type":"ImageObject","inLanguage":"es","@id":"https:\/\/secure.gravatar.com\/avatar\/bb0c4a2fcb7970138239f7e404ea75757b1b507b28b5ce4c53fbd62d797c5a7c?s=96&d=mm&r=g","url":"https:\/\/secure.gravatar.com\/avatar\/bb0c4a2fcb7970138239f7e404ea75757b1b507b28b5ce4c53fbd62d797c5a7c?s=96&d=mm&r=g","contentUrl":"https:\/\/secure.gravatar.com\/avatar\/bb0c4a2fcb7970138239f7e404ea75757b1b507b28b5ce4c53fbd62d797c5a7c?s=96&d=mm&r=g","caption":"Villasmil Henry"},"logo":{"@id":"https:\/\/secure.gravatar.com\/avatar\/bb0c4a2fcb7970138239f7e404ea75757b1b507b28b5ce4c53fbd62d797c5a7c?s=96&d=mm&r=g"},"sameAs":["http:\/\/www.henryvillasmil.com.ve","https:\/\/www.instagram.com\/villasmilhfoto\/","https:\/\/x.com\/https:\/\/twitter.com\/villasmilhfoto"]},{"@type":"Person","@id":"https:\/\/digital58.com.ve\/site\/#\/schema\/person\/c61667ce6845137620ee3f0aaabade17","name":"Molero Luis","image":{"@type":"ImageObject","inLanguage":"es","@id":"https:\/\/secure.gravatar.com\/avatar\/bf041ec637e3e7405449807deb2f7cf3d2de7c6fa755dd56e985201de9863f2b?s=96&d=mm&r=g","url":"https:\/\/secure.gravatar.com\/avatar\/bf041ec637e3e7405449807deb2f7cf3d2de7c6fa755dd56e985201de9863f2b?s=96&d=mm&r=g","contentUrl":"https:\/\/secure.gravatar.com\/avatar\/bf041ec637e3e7405449807deb2f7cf3d2de7c6fa755dd56e985201de9863f2b?s=96&d=mm&r=g","caption":"Molero Luis"},"url":"https:\/\/digital58.com.ve\/site\/author\/luismolero\/"}]}},"uagb_featured_image_src":{"full":["https:\/\/digital58.com.ve\/site\/wp-content\/uploads\/2020\/05\/S3-1.jpg",696,463,false],"thumbnail":["https:\/\/digital58.com.ve\/site\/wp-content\/uploads\/2020\/05\/S3-1-150x150.jpg",150,150,true],"medium":["https:\/\/digital58.com.ve\/site\/wp-content\/uploads\/2020\/05\/S3-1-300x200.jpg",300,200,true],"medium_large":["https:\/\/digital58.com.ve\/site\/wp-content\/uploads\/2020\/05\/S3-1.jpg",696,463,false],"large":["https:\/\/digital58.com.ve\/site\/wp-content\/uploads\/2020\/05\/S3-1.jpg",696,463,false],"1536x1536":["https:\/\/digital58.com.ve\/site\/wp-content\/uploads\/2020\/05\/S3-1.jpg",696,463,false],"2048x2048":["https:\/\/digital58.com.ve\/site\/wp-content\/uploads\/2020\/05\/S3-1.jpg",696,463,false],"colormag-highlighted-post":["https:\/\/digital58.com.ve\/site\/wp-content\/uploads\/2020\/05\/S3-1.jpg",392,261,false],"colormag-featured-post-medium":["https:\/\/digital58.com.ve\/site\/wp-content\/uploads\/2020\/05\/S3-1.jpg",308,205,false],"colormag-featured-post-small":["https:\/\/digital58.com.ve\/site\/wp-content\/uploads\/2020\/05\/S3-1.jpg",130,86,false],"colormag-featured-image":["https:\/\/digital58.com.ve\/site\/wp-content\/uploads\/2020\/05\/S3-1.jpg",669,445,false],"colormag-default-news":["https:\/\/digital58.com.ve\/site\/wp-content\/uploads\/2020\/05\/S3-1.jpg",150,100,false],"colormag-featured-image-large":["https:\/\/digital58.com.ve\/site\/wp-content\/uploads\/2020\/05\/S3-1.jpg",696,463,false]},"uagb_author_info":{"display_name":"Molero Luis","author_link":"https:\/\/digital58.com.ve\/site\/author\/luismolero\/"},"uagb_comment_info":0,"uagb_excerpt":"Asegur\u00f3 que Acci\u00f3n Democr\u00e1tica no ten\u00eda conocimiento de la Operaci\u00f3n Gede\u00f3n. Dijo que el pueblo se est\u00e1 muriendo de hambre.","_links":{"self":[{"href":"https:\/\/digital58.com.ve\/site\/wp-json\/wp\/v2\/posts\/100940","targetHints":{"allow":["GET"]}}],"collection":[{"href":"https:\/\/digital58.com.ve\/site\/wp-json\/wp\/v2\/posts"}],"about":[{"href":"https:\/\/digital58.com.ve\/site\/wp-json\/wp\/v2\/types\/post"}],"author":[{"embeddable":true,"href":"https:\/\/digital58.com.ve\/site\/wp-json\/wp\/v2\/users\/26"}],"replies":[{"embeddable":true,"href":"https:\/\/digital58.com.ve\/site\/wp-json\/wp\/v2\/comments?post=100940"}],"version-history":[{"count":0,"href":"https:\/\/digital58.com.ve\/site\/wp-json\/wp\/v2\/posts\/100940\/revisions"}],"wp:featuredmedia":[{"embeddable":true,"href":"https:\/\/digital58.com.ve\/site\/wp-json\/wp\/v2\/media\/100942"}],"wp:attachment":[{"href":"https:\/\/digital58.com.ve\/site\/wp-json\/wp\/v2\/media?parent=100940"}],"wp:term":[{"taxonomy":"category","embeddable":true,"href":"https:\/\/digital58.com.ve\/site\/wp-json\/wp\/v2\/categories?post=100940"},{"taxonomy":"post_tag","embeddable":true,"href":"https:\/\/digital58.com.ve\/site\/wp-json\/wp\/v2\/tags?post=100940"}],"curies":[{"name":"wp","href":"https:\/\/api.w.org\/{rel}","templated":true}]}}