{"id":100993,"date":"2020-05-18T13:20:56","date_gmt":"2020-05-18T17:20:56","guid":{"rendered":"https:\/\/digital58.com.ve\/site\/?p=100993"},"modified":"2020-05-18T13:20:56","modified_gmt":"2020-05-18T17:20:56","slug":"carmen-melendez-confirma-ocho-nuevos-casos-de-covid-19-en-lara","status":"publish","type":"post","link":"https:\/\/digital58.com.ve\/site\/2020\/05\/18\/carmen-melendez-confirma-ocho-nuevos-casos-de-covid-19-en-lara\/","title":{"rendered":"Carmen Mel\u00e9ndez confirma ocho nuevos casos de COVID-19 en Lara"},"content":{"rendered":"<p><img loading=\"lazy\" decoding=\"async\" class=\"aligncenter wp-image-100994 size-full\" src=\"https:\/\/digital58.com.ve\/site\/wp-content\/uploads\/2020\/05\/Carmen-Melendez-0805-696x467-1.jpg\" alt=\"\" width=\"696\" height=\"467\" srcset=\"https:\/\/digital58.com.ve\/site\/wp-content\/uploads\/2020\/05\/Carmen-Melendez-0805-696x467-1.jpg 696w, https:\/\/digital58.com.ve\/site\/wp-content\/uploads\/2020\/05\/Carmen-Melendez-0805-696x467-1-300x201.jpg 300w\" sizes=\"auto, (max-width: 696px) 100vw, 696px\" \/><\/p>\n<p>Carmen Mel\u00e9ndez inform\u00f3 este lunes durante su acostumbrado reporte radial, que se registraron 8 nuevos casos de COVID-19 en Lara, ubic\u00e1ndose en 17 la cifra total de infectados en la entidad.<\/p>\n<p><strong>Maracaibo, Zulia,<\/strong>\u00a0<strong>Venezuela, 18 de mayo de 2020 (ND58)-<\/strong>\u00abQuiero informarles a nuestro pueblo que en el d\u00eda de ayer nos llegaron las pruebas positivas de 8 nuevos casos en el estado Lara que los tenemos en los hospitales y CDI Centinelas\u00bb, expres\u00f3.<\/p>\n<p>Mel\u00e9ndez ofreci\u00f3 detalles de los nuevos portadores del coronavirus en territorio larense.<\/p>\n<p>Caso 10<\/p>\n<p>Joven de 21 a\u00f1os, obrero, se encontraba en Cal\u00ed, Colombia e ingres\u00f3 al pa\u00eds el 28 de abril por el estado fronterizo del T\u00e1chira. Est\u00e1 asintom\u00e1tico y se encuentra recluido en el CDI Centinela de Andr\u00e9s Eloy Blanco desde el d\u00eda 9 de mayo.<\/p>\n<p>Caso 11<\/p>\n<p>Joven de 36 a\u00f1os, ocupaci\u00f3n carnicero, reside en Lagunita, Santa Rosa del municipio Iribarren, ingres\u00f3 el 28 de abril a Venezuela, pa\u00eds de procedencia Colombia. Est\u00e1 recluido en el Hospital Centinela \u00abDoctor Armando Vel\u00e1squez Mago\u00bb del municipio Sim\u00f3n Planas.<\/p>\n<p>Caso 12<\/p>\n<p>Joven de 19 a\u00f1os, residenciado en el municipio Palavecino, ocupaci\u00f3n vendedor, el 6 de mayo ingres\u00f3 al pa\u00eds procedente de Colombia. Ingresa a la Villa Bolivariana el 8 de mayo y el d\u00eda 13 de mayo se le realiz\u00f3 prueba de PCR. Est\u00e1 recluido en el Hospital \u00abDoctor Armando Vel\u00e1squez Mago\u00bbCentinela de Sim\u00f3n Planas.<\/p>\n<p><img loading=\"lazy\" decoding=\"async\" class=\"aligncenter wp-image-100995 size-full\" src=\"https:\/\/digital58.com.ve\/site\/wp-content\/uploads\/2020\/05\/unnamed-1-7.jpg\" alt=\"\" width=\"512\" height=\"308\" srcset=\"https:\/\/digital58.com.ve\/site\/wp-content\/uploads\/2020\/05\/unnamed-1-7.jpg 512w, https:\/\/digital58.com.ve\/site\/wp-content\/uploads\/2020\/05\/unnamed-1-7-300x180.jpg 300w\" sizes=\"auto, (max-width: 512px) 100vw, 512px\" \/><\/p>\n<p>Caso 13<\/p>\n<p>Joven de 20 a\u00f1os, agricultor del municipio Jim\u00e9nez, procedente de Colombia, ingres\u00f3 a la Villa Bolivariana el d\u00eda 10 de mayo, se les tomaron muestras de PCR el 13 de mayo, arroj\u00f3 positivo. Se encuentra hospitalizado en el Hospital Centinela \u00abDoctor Armando Vel\u00e1squez Mago\u00bb de Sim\u00f3n Planas<\/p>\n<p>Caso 14<\/p>\n<p>Mujer de 40 a\u00f1os del municipio Sim\u00f3n Planas, ingres\u00f3 al pa\u00eds el 26 de abril, se le realizaron pruebas de PCR el 13 de mayo, resultado positivo. Est\u00e1 asintom\u00e1tica y permanece recluida en el Hospital Centinela \u00abDoctor Armando Vel\u00e1squez Mago\u00bb de Sim\u00f3n Planas<\/p>\n<p>Caso 15<\/p>\n<p>Joven de 19 a\u00f1os de El Manzano, ocupaci\u00f3n ama de casa, fecha de ingreso al pa\u00eds 4 de mayo procedente de Colombia. Se encuentra en el Hospital Centinela \u00abDoctor Armando Vel\u00e1squez Mago\u00bb de Sim\u00f3n Planas.<\/p>\n<p>Caso 16<\/p>\n<p>Joven de 18 a\u00f1os, del urbanismo Al\u00ed Primera parroquia Tamaca, ocupaci\u00f3n ama de casa, el 6 de mayo ingres\u00f3 al pa\u00eds procedente de Colombia. Se encuentra hospitalizada en el Hospital Centinela \u00abDoctor Armando Vel\u00e1squez Mago\u00bb de Sim\u00f3n Planas.<\/p>\n<p>Caso 17<\/p>\n<p>Joven de 17 a\u00f1os de Patarata municipio Iribarren, es estudiante. Ingres\u00f3 al pa\u00eds el 28 de abril procedente de Colombia. Est\u00e1 asintom\u00e1tica recluida en el Hospital Centinela \u00abDoctor Armando Vel\u00e1squez Mago\u00bb de Sim\u00f3n Planas.<\/p>\n<p>La funcionaria explic\u00f3 que con los nuevos pacientes positivos en la entidad, hasta los momentos hay 4 casos recuperados, 12 casos activos en tratamiento y un fallecido.<\/p>\n<p>Detall\u00f3 que del total de casos registrados 9 son hombres y 8 mujeres.<\/p><div class=\"aqbrt69f3528ca0383\" ><p style=\"text-align: center;\"><a href=\"https:\/\/t.me\/noticiasdigital58\" target=\"_blank\" rel=\"noopener\"><img class=\"aligncenter size-full wp-image-125363\" src=\"https:\/\/digital58.com.ve\/site\/wp-content\/uploads\/2021\/04\/banner-telegram-web-2021.png\" alt=\"\" width=\"600\" height=\"90\" \/><\/a><\/p><\/div><style type=\"text\/css\">\r\n@media screen and (min-width: 1201px) {\r\n.aqbrt69f3528ca0383 {\r\ndisplay: block;\r\n}\r\n}\r\n@media screen and (min-width: 993px) and (max-width: 1200px) {\r\n.aqbrt69f3528ca0383 {\r\ndisplay: block;\r\n}\r\n}\r\n@media screen and (min-width: 769px) and (max-width: 992px) {\r\n.aqbrt69f3528ca0383 {\r\ndisplay: block;\r\n}\r\n}\r\n@media screen and (min-width: 768px) and (max-width: 768px) {\r\n.aqbrt69f3528ca0383 {\r\ndisplay: block;\r\n}\r\n}\r\n@media screen and (max-width: 767px) {\r\n.aqbrt69f3528ca0383 {\r\ndisplay: block;\r\n}\r\n}\r\n<\/style>\r\n\n<p><strong>Redacci\u00f3n: Molero, Luis (@Moleromarquez)| Fuente: El Impulso<\/strong><br \/>\n<strong>Edici\u00f3n: Villasmil, Henry<\/strong><br \/>\n<strong>Gr\u00e1ficas: cortes\u00eda<\/strong><\/p>\n<div style=\"margin-top: 0px; margin-bottom: 0px;\" class=\"sharethis-inline-share-buttons\" ><\/div>","protected":false},"excerpt":{"rendered":"<p>Carmen Mel\u00e9ndez inform\u00f3 este lunes durante su acostumbrado reporte radial, que se registraron 8 nuevos casos de COVID-19 en Lara,<\/p>\n","protected":false},"author":26,"featured_media":100995,"comment_status":"open","ping_status":"closed","sticky":false,"template":"","format":"standard","meta":{"colormag_page_container_layout":"default_layout","colormag_page_sidebar_layout":"default_layout","_uag_custom_page_level_css":"","footnotes":""},"categories":[8610,5405],"tags":[],"class_list":["post-100993","post","type-post","status-publish","format-standard","has-post-thumbnail","hentry","category-politica","category-salud"],"yoast_head":"<!-- This site is optimized with the Yoast SEO plugin v27.5 - https:\/\/yoast.com\/product\/yoast-seo-wordpress\/ -->\n<title>Carmen Mel\u00e9ndez confirma ocho nuevos casos de COVID-19 en Lara<\/title>\n<meta name=\"description\" content=\"Pol\u00edtica\" \/>\n<meta name=\"robots\" content=\"index, follow, max-snippet:-1, max-image-preview:large, max-video-preview:-1\" \/>\n<link rel=\"canonical\" href=\"https:\/\/digital58.com.ve\/site\/2020\/05\/18\/carmen-melendez-confirma-ocho-nuevos-casos-de-covid-19-en-lara\/\" \/>\n<meta property=\"og:locale\" content=\"es_ES\" \/>\n<meta property=\"og:type\" content=\"article\" \/>\n<meta property=\"og:title\" content=\"Carmen Mel\u00e9ndez confirma ocho nuevos casos de COVID-19 en Lara\" \/>\n<meta property=\"og:description\" content=\"Pol\u00edtica\" \/>\n<meta property=\"og:url\" content=\"https:\/\/digital58.com.ve\/site\/2020\/05\/18\/carmen-melendez-confirma-ocho-nuevos-casos-de-covid-19-en-lara\/\" \/>\n<meta property=\"og:site_name\" content=\"Noticias Digital58\" \/>\n<meta property=\"article:published_time\" content=\"2020-05-18T17:20:56+00:00\" \/>\n<meta property=\"og:image\" content=\"https:\/\/digital58.com.ve\/site\/wp-content\/uploads\/2020\/05\/unnamed-1-7.jpg\" \/>\n\t<meta property=\"og:image:width\" content=\"512\" \/>\n\t<meta property=\"og:image:height\" content=\"308\" \/>\n\t<meta property=\"og:image:type\" content=\"image\/jpeg\" \/>\n<meta name=\"author\" content=\"Molero Luis\" \/>\n<meta name=\"twitter:card\" content=\"summary_large_image\" \/>\n<meta name=\"twitter:creator\" content=\"@Digital_58\" \/>\n<meta name=\"twitter:site\" content=\"@villasmilhfoto\" \/>\n<meta name=\"twitter:label1\" content=\"Escrito por\" \/>\n\t<meta name=\"twitter:data1\" content=\"Molero Luis\" \/>\n\t<meta name=\"twitter:label2\" content=\"Tiempo estimado de lectura\" \/>\n\t<meta name=\"twitter:data2\" content=\"3 minutos\" \/>\n<script type=\"application\/ld+json\" class=\"yoast-schema-graph\">{\"@context\":\"https:\\\/\\\/schema.org\",\"@graph\":[{\"@type\":\"Article\",\"@id\":\"https:\\\/\\\/digital58.com.ve\\\/site\\\/2020\\\/05\\\/18\\\/carmen-melendez-confirma-ocho-nuevos-casos-de-covid-19-en-lara\\\/#article\",\"isPartOf\":{\"@id\":\"https:\\\/\\\/digital58.com.ve\\\/site\\\/2020\\\/05\\\/18\\\/carmen-melendez-confirma-ocho-nuevos-casos-de-covid-19-en-lara\\\/\"},\"author\":{\"name\":\"Molero Luis\",\"@id\":\"https:\\\/\\\/digital58.com.ve\\\/site\\\/#\\\/schema\\\/person\\\/c61667ce6845137620ee3f0aaabade17\"},\"headline\":\"Carmen Mel\u00e9ndez confirma ocho nuevos casos de COVID-19 en Lara\",\"datePublished\":\"2020-05-18T17:20:56+00:00\",\"mainEntityOfPage\":{\"@id\":\"https:\\\/\\\/digital58.com.ve\\\/site\\\/2020\\\/05\\\/18\\\/carmen-melendez-confirma-ocho-nuevos-casos-de-covid-19-en-lara\\\/\"},\"wordCount\":514,\"commentCount\":0,\"publisher\":{\"@id\":\"https:\\\/\\\/digital58.com.ve\\\/site\\\/#\\\/schema\\\/person\\\/64d1c2e4d0d4fd1b849980c4331c2951\"},\"image\":{\"@id\":\"https:\\\/\\\/digital58.com.ve\\\/site\\\/2020\\\/05\\\/18\\\/carmen-melendez-confirma-ocho-nuevos-casos-de-covid-19-en-lara\\\/#primaryimage\"},\"thumbnailUrl\":\"https:\\\/\\\/digital58.com.ve\\\/site\\\/wp-content\\\/uploads\\\/2020\\\/05\\\/unnamed-1-7.jpg\",\"articleSection\":[\"Pol\u00edtica\",\"Salud\"],\"inLanguage\":\"es\",\"potentialAction\":[{\"@type\":\"CommentAction\",\"name\":\"Comment\",\"target\":[\"https:\\\/\\\/digital58.com.ve\\\/site\\\/2020\\\/05\\\/18\\\/carmen-melendez-confirma-ocho-nuevos-casos-de-covid-19-en-lara\\\/#respond\"]}]},{\"@type\":\"WebPage\",\"@id\":\"https:\\\/\\\/digital58.com.ve\\\/site\\\/2020\\\/05\\\/18\\\/carmen-melendez-confirma-ocho-nuevos-casos-de-covid-19-en-lara\\\/\",\"url\":\"https:\\\/\\\/digital58.com.ve\\\/site\\\/2020\\\/05\\\/18\\\/carmen-melendez-confirma-ocho-nuevos-casos-de-covid-19-en-lara\\\/\",\"name\":\"Carmen Mel\u00e9ndez confirma ocho nuevos casos de COVID-19 en Lara\",\"isPartOf\":{\"@id\":\"https:\\\/\\\/digital58.com.ve\\\/site\\\/#website\"},\"primaryImageOfPage\":{\"@id\":\"https:\\\/\\\/digital58.com.ve\\\/site\\\/2020\\\/05\\\/18\\\/carmen-melendez-confirma-ocho-nuevos-casos-de-covid-19-en-lara\\\/#primaryimage\"},\"image\":{\"@id\":\"https:\\\/\\\/digital58.com.ve\\\/site\\\/2020\\\/05\\\/18\\\/carmen-melendez-confirma-ocho-nuevos-casos-de-covid-19-en-lara\\\/#primaryimage\"},\"thumbnailUrl\":\"https:\\\/\\\/digital58.com.ve\\\/site\\\/wp-content\\\/uploads\\\/2020\\\/05\\\/unnamed-1-7.jpg\",\"datePublished\":\"2020-05-18T17:20:56+00:00\",\"description\":\"Pol\u00edtica\",\"breadcrumb\":{\"@id\":\"https:\\\/\\\/digital58.com.ve\\\/site\\\/2020\\\/05\\\/18\\\/carmen-melendez-confirma-ocho-nuevos-casos-de-covid-19-en-lara\\\/#breadcrumb\"},\"inLanguage\":\"es\",\"potentialAction\":[{\"@type\":\"ReadAction\",\"target\":[\"https:\\\/\\\/digital58.com.ve\\\/site\\\/2020\\\/05\\\/18\\\/carmen-melendez-confirma-ocho-nuevos-casos-de-covid-19-en-lara\\\/\"]}]},{\"@type\":\"ImageObject\",\"inLanguage\":\"es\",\"@id\":\"https:\\\/\\\/digital58.com.ve\\\/site\\\/2020\\\/05\\\/18\\\/carmen-melendez-confirma-ocho-nuevos-casos-de-covid-19-en-lara\\\/#primaryimage\",\"url\":\"https:\\\/\\\/digital58.com.ve\\\/site\\\/wp-content\\\/uploads\\\/2020\\\/05\\\/unnamed-1-7.jpg\",\"contentUrl\":\"https:\\\/\\\/digital58.com.ve\\\/site\\\/wp-content\\\/uploads\\\/2020\\\/05\\\/unnamed-1-7.jpg\",\"width\":512,\"height\":308},{\"@type\":\"BreadcrumbList\",\"@id\":\"https:\\\/\\\/digital58.com.ve\\\/site\\\/2020\\\/05\\\/18\\\/carmen-melendez-confirma-ocho-nuevos-casos-de-covid-19-en-lara\\\/#breadcrumb\",\"itemListElement\":[{\"@type\":\"ListItem\",\"position\":1,\"name\":\"Home\",\"item\":\"https:\\\/\\\/digital58.com.ve\\\/site\\\/\"},{\"@type\":\"ListItem\",\"position\":2,\"name\":\"Carmen Mel\u00e9ndez confirma ocho nuevos casos de COVID-19 en Lara\"}]},{\"@type\":\"WebSite\",\"@id\":\"https:\\\/\\\/digital58.com.ve\\\/site\\\/#website\",\"url\":\"https:\\\/\\\/digital58.com.ve\\\/site\\\/\",\"name\":\"Noticias Digital58\",\"description\":\"Portal de Noticias \u00a1Periodismo web de verdad! Lanzamiento web 22.11.2005 \\\/ Maracaibo, Venezuela\",\"publisher\":{\"@id\":\"https:\\\/\\\/digital58.com.ve\\\/site\\\/#\\\/schema\\\/person\\\/64d1c2e4d0d4fd1b849980c4331c2951\"},\"alternateName\":\"ND58\",\"potentialAction\":[{\"@type\":\"SearchAction\",\"target\":{\"@type\":\"EntryPoint\",\"urlTemplate\":\"https:\\\/\\\/digital58.com.ve\\\/site\\\/?s={search_term_string}\"},\"query-input\":{\"@type\":\"PropertyValueSpecification\",\"valueRequired\":true,\"valueName\":\"search_term_string\"}}],\"inLanguage\":\"es\"},{\"@type\":[\"Person\",\"Organization\"],\"@id\":\"https:\\\/\\\/digital58.com.ve\\\/site\\\/#\\\/schema\\\/person\\\/64d1c2e4d0d4fd1b849980c4331c2951\",\"name\":\"Villasmil Henry\",\"image\":{\"@type\":\"ImageObject\",\"inLanguage\":\"es\",\"@id\":\"https:\\\/\\\/secure.gravatar.com\\\/avatar\\\/bb0c4a2fcb7970138239f7e404ea75757b1b507b28b5ce4c53fbd62d797c5a7c?s=96&d=mm&r=g\",\"url\":\"https:\\\/\\\/secure.gravatar.com\\\/avatar\\\/bb0c4a2fcb7970138239f7e404ea75757b1b507b28b5ce4c53fbd62d797c5a7c?s=96&d=mm&r=g\",\"contentUrl\":\"https:\\\/\\\/secure.gravatar.com\\\/avatar\\\/bb0c4a2fcb7970138239f7e404ea75757b1b507b28b5ce4c53fbd62d797c5a7c?s=96&d=mm&r=g\",\"caption\":\"Villasmil Henry\"},\"logo\":{\"@id\":\"https:\\\/\\\/secure.gravatar.com\\\/avatar\\\/bb0c4a2fcb7970138239f7e404ea75757b1b507b28b5ce4c53fbd62d797c5a7c?s=96&d=mm&r=g\"},\"sameAs\":[\"http:\\\/\\\/www.henryvillasmil.com.ve\",\"https:\\\/\\\/www.instagram.com\\\/villasmilhfoto\\\/\",\"https:\\\/\\\/x.com\\\/https:\\\/\\\/twitter.com\\\/villasmilhfoto\"]},{\"@type\":\"Person\",\"@id\":\"https:\\\/\\\/digital58.com.ve\\\/site\\\/#\\\/schema\\\/person\\\/c61667ce6845137620ee3f0aaabade17\",\"name\":\"Molero Luis\",\"image\":{\"@type\":\"ImageObject\",\"inLanguage\":\"es\",\"@id\":\"https:\\\/\\\/secure.gravatar.com\\\/avatar\\\/bf041ec637e3e7405449807deb2f7cf3d2de7c6fa755dd56e985201de9863f2b?s=96&d=mm&r=g\",\"url\":\"https:\\\/\\\/secure.gravatar.com\\\/avatar\\\/bf041ec637e3e7405449807deb2f7cf3d2de7c6fa755dd56e985201de9863f2b?s=96&d=mm&r=g\",\"contentUrl\":\"https:\\\/\\\/secure.gravatar.com\\\/avatar\\\/bf041ec637e3e7405449807deb2f7cf3d2de7c6fa755dd56e985201de9863f2b?s=96&d=mm&r=g\",\"caption\":\"Molero Luis\"},\"url\":\"https:\\\/\\\/digital58.com.ve\\\/site\\\/author\\\/luismolero\\\/\"}]}<\/script>\n<!-- \/ Yoast SEO plugin. -->","yoast_head_json":{"title":"Carmen Mel\u00e9ndez confirma ocho nuevos casos de COVID-19 en Lara","description":"Pol\u00edtica","robots":{"index":"index","follow":"follow","max-snippet":"max-snippet:-1","max-image-preview":"max-image-preview:large","max-video-preview":"max-video-preview:-1"},"canonical":"https:\/\/digital58.com.ve\/site\/2020\/05\/18\/carmen-melendez-confirma-ocho-nuevos-casos-de-covid-19-en-lara\/","og_locale":"es_ES","og_type":"article","og_title":"Carmen Mel\u00e9ndez confirma ocho nuevos casos de COVID-19 en Lara","og_description":"Pol\u00edtica","og_url":"https:\/\/digital58.com.ve\/site\/2020\/05\/18\/carmen-melendez-confirma-ocho-nuevos-casos-de-covid-19-en-lara\/","og_site_name":"Noticias Digital58","article_published_time":"2020-05-18T17:20:56+00:00","og_image":[{"width":512,"height":308,"url":"https:\/\/digital58.com.ve\/site\/wp-content\/uploads\/2020\/05\/unnamed-1-7.jpg","type":"image\/jpeg"}],"author":"Molero Luis","twitter_card":"summary_large_image","twitter_creator":"@Digital_58","twitter_site":"@villasmilhfoto","twitter_misc":{"Escrito por":"Molero Luis","Tiempo estimado de lectura":"3 minutos"},"schema":{"@context":"https:\/\/schema.org","@graph":[{"@type":"Article","@id":"https:\/\/digital58.com.ve\/site\/2020\/05\/18\/carmen-melendez-confirma-ocho-nuevos-casos-de-covid-19-en-lara\/#article","isPartOf":{"@id":"https:\/\/digital58.com.ve\/site\/2020\/05\/18\/carmen-melendez-confirma-ocho-nuevos-casos-de-covid-19-en-lara\/"},"author":{"name":"Molero Luis","@id":"https:\/\/digital58.com.ve\/site\/#\/schema\/person\/c61667ce6845137620ee3f0aaabade17"},"headline":"Carmen Mel\u00e9ndez confirma ocho nuevos casos de COVID-19 en Lara","datePublished":"2020-05-18T17:20:56+00:00","mainEntityOfPage":{"@id":"https:\/\/digital58.com.ve\/site\/2020\/05\/18\/carmen-melendez-confirma-ocho-nuevos-casos-de-covid-19-en-lara\/"},"wordCount":514,"commentCount":0,"publisher":{"@id":"https:\/\/digital58.com.ve\/site\/#\/schema\/person\/64d1c2e4d0d4fd1b849980c4331c2951"},"image":{"@id":"https:\/\/digital58.com.ve\/site\/2020\/05\/18\/carmen-melendez-confirma-ocho-nuevos-casos-de-covid-19-en-lara\/#primaryimage"},"thumbnailUrl":"https:\/\/digital58.com.ve\/site\/wp-content\/uploads\/2020\/05\/unnamed-1-7.jpg","articleSection":["Pol\u00edtica","Salud"],"inLanguage":"es","potentialAction":[{"@type":"CommentAction","name":"Comment","target":["https:\/\/digital58.com.ve\/site\/2020\/05\/18\/carmen-melendez-confirma-ocho-nuevos-casos-de-covid-19-en-lara\/#respond"]}]},{"@type":"WebPage","@id":"https:\/\/digital58.com.ve\/site\/2020\/05\/18\/carmen-melendez-confirma-ocho-nuevos-casos-de-covid-19-en-lara\/","url":"https:\/\/digital58.com.ve\/site\/2020\/05\/18\/carmen-melendez-confirma-ocho-nuevos-casos-de-covid-19-en-lara\/","name":"Carmen Mel\u00e9ndez confirma ocho nuevos casos de COVID-19 en Lara","isPartOf":{"@id":"https:\/\/digital58.com.ve\/site\/#website"},"primaryImageOfPage":{"@id":"https:\/\/digital58.com.ve\/site\/2020\/05\/18\/carmen-melendez-confirma-ocho-nuevos-casos-de-covid-19-en-lara\/#primaryimage"},"image":{"@id":"https:\/\/digital58.com.ve\/site\/2020\/05\/18\/carmen-melendez-confirma-ocho-nuevos-casos-de-covid-19-en-lara\/#primaryimage"},"thumbnailUrl":"https:\/\/digital58.com.ve\/site\/wp-content\/uploads\/2020\/05\/unnamed-1-7.jpg","datePublished":"2020-05-18T17:20:56+00:00","description":"Pol\u00edtica","breadcrumb":{"@id":"https:\/\/digital58.com.ve\/site\/2020\/05\/18\/carmen-melendez-confirma-ocho-nuevos-casos-de-covid-19-en-lara\/#breadcrumb"},"inLanguage":"es","potentialAction":[{"@type":"ReadAction","target":["https:\/\/digital58.com.ve\/site\/2020\/05\/18\/carmen-melendez-confirma-ocho-nuevos-casos-de-covid-19-en-lara\/"]}]},{"@type":"ImageObject","inLanguage":"es","@id":"https:\/\/digital58.com.ve\/site\/2020\/05\/18\/carmen-melendez-confirma-ocho-nuevos-casos-de-covid-19-en-lara\/#primaryimage","url":"https:\/\/digital58.com.ve\/site\/wp-content\/uploads\/2020\/05\/unnamed-1-7.jpg","contentUrl":"https:\/\/digital58.com.ve\/site\/wp-content\/uploads\/2020\/05\/unnamed-1-7.jpg","width":512,"height":308},{"@type":"BreadcrumbList","@id":"https:\/\/digital58.com.ve\/site\/2020\/05\/18\/carmen-melendez-confirma-ocho-nuevos-casos-de-covid-19-en-lara\/#breadcrumb","itemListElement":[{"@type":"ListItem","position":1,"name":"Home","item":"https:\/\/digital58.com.ve\/site\/"},{"@type":"ListItem","position":2,"name":"Carmen Mel\u00e9ndez confirma ocho nuevos casos de COVID-19 en Lara"}]},{"@type":"WebSite","@id":"https:\/\/digital58.com.ve\/site\/#website","url":"https:\/\/digital58.com.ve\/site\/","name":"Noticias Digital58","description":"Portal de Noticias \u00a1Periodismo web de verdad! Lanzamiento web 22.11.2005 \/ Maracaibo, Venezuela","publisher":{"@id":"https:\/\/digital58.com.ve\/site\/#\/schema\/person\/64d1c2e4d0d4fd1b849980c4331c2951"},"alternateName":"ND58","potentialAction":[{"@type":"SearchAction","target":{"@type":"EntryPoint","urlTemplate":"https:\/\/digital58.com.ve\/site\/?s={search_term_string}"},"query-input":{"@type":"PropertyValueSpecification","valueRequired":true,"valueName":"search_term_string"}}],"inLanguage":"es"},{"@type":["Person","Organization"],"@id":"https:\/\/digital58.com.ve\/site\/#\/schema\/person\/64d1c2e4d0d4fd1b849980c4331c2951","name":"Villasmil Henry","image":{"@type":"ImageObject","inLanguage":"es","@id":"https:\/\/secure.gravatar.com\/avatar\/bb0c4a2fcb7970138239f7e404ea75757b1b507b28b5ce4c53fbd62d797c5a7c?s=96&d=mm&r=g","url":"https:\/\/secure.gravatar.com\/avatar\/bb0c4a2fcb7970138239f7e404ea75757b1b507b28b5ce4c53fbd62d797c5a7c?s=96&d=mm&r=g","contentUrl":"https:\/\/secure.gravatar.com\/avatar\/bb0c4a2fcb7970138239f7e404ea75757b1b507b28b5ce4c53fbd62d797c5a7c?s=96&d=mm&r=g","caption":"Villasmil Henry"},"logo":{"@id":"https:\/\/secure.gravatar.com\/avatar\/bb0c4a2fcb7970138239f7e404ea75757b1b507b28b5ce4c53fbd62d797c5a7c?s=96&d=mm&r=g"},"sameAs":["http:\/\/www.henryvillasmil.com.ve","https:\/\/www.instagram.com\/villasmilhfoto\/","https:\/\/x.com\/https:\/\/twitter.com\/villasmilhfoto"]},{"@type":"Person","@id":"https:\/\/digital58.com.ve\/site\/#\/schema\/person\/c61667ce6845137620ee3f0aaabade17","name":"Molero Luis","image":{"@type":"ImageObject","inLanguage":"es","@id":"https:\/\/secure.gravatar.com\/avatar\/bf041ec637e3e7405449807deb2f7cf3d2de7c6fa755dd56e985201de9863f2b?s=96&d=mm&r=g","url":"https:\/\/secure.gravatar.com\/avatar\/bf041ec637e3e7405449807deb2f7cf3d2de7c6fa755dd56e985201de9863f2b?s=96&d=mm&r=g","contentUrl":"https:\/\/secure.gravatar.com\/avatar\/bf041ec637e3e7405449807deb2f7cf3d2de7c6fa755dd56e985201de9863f2b?s=96&d=mm&r=g","caption":"Molero Luis"},"url":"https:\/\/digital58.com.ve\/site\/author\/luismolero\/"}]}},"uagb_featured_image_src":{"full":["https:\/\/digital58.com.ve\/site\/wp-content\/uploads\/2020\/05\/unnamed-1-7.jpg",512,308,false],"thumbnail":["https:\/\/digital58.com.ve\/site\/wp-content\/uploads\/2020\/05\/unnamed-1-7-150x150.jpg",150,150,true],"medium":["https:\/\/digital58.com.ve\/site\/wp-content\/uploads\/2020\/05\/unnamed-1-7-300x180.jpg",300,180,true],"medium_large":["https:\/\/digital58.com.ve\/site\/wp-content\/uploads\/2020\/05\/unnamed-1-7.jpg",512,308,false],"large":["https:\/\/digital58.com.ve\/site\/wp-content\/uploads\/2020\/05\/unnamed-1-7.jpg",512,308,false],"1536x1536":["https:\/\/digital58.com.ve\/site\/wp-content\/uploads\/2020\/05\/unnamed-1-7.jpg",512,308,false],"2048x2048":["https:\/\/digital58.com.ve\/site\/wp-content\/uploads\/2020\/05\/unnamed-1-7.jpg",512,308,false],"colormag-highlighted-post":["https:\/\/digital58.com.ve\/site\/wp-content\/uploads\/2020\/05\/unnamed-1-7.jpg",392,236,false],"colormag-featured-post-medium":["https:\/\/digital58.com.ve\/site\/wp-content\/uploads\/2020\/05\/unnamed-1-7.jpg",341,205,false],"colormag-featured-post-small":["https:\/\/digital58.com.ve\/site\/wp-content\/uploads\/2020\/05\/unnamed-1-7.jpg",130,78,false],"colormag-featured-image":["https:\/\/digital58.com.ve\/site\/wp-content\/uploads\/2020\/05\/unnamed-1-7.jpg",512,308,false],"colormag-default-news":["https:\/\/digital58.com.ve\/site\/wp-content\/uploads\/2020\/05\/unnamed-1-7.jpg",150,90,false],"colormag-featured-image-large":["https:\/\/digital58.com.ve\/site\/wp-content\/uploads\/2020\/05\/unnamed-1-7.jpg",512,308,false]},"uagb_author_info":{"display_name":"Molero Luis","author_link":"https:\/\/digital58.com.ve\/site\/author\/luismolero\/"},"uagb_comment_info":0,"uagb_excerpt":"Carmen Mel\u00e9ndez inform\u00f3 este lunes durante su acostumbrado reporte radial, que se registraron 8 nuevos casos de COVID-19 en Lara,","_links":{"self":[{"href":"https:\/\/digital58.com.ve\/site\/wp-json\/wp\/v2\/posts\/100993","targetHints":{"allow":["GET"]}}],"collection":[{"href":"https:\/\/digital58.com.ve\/site\/wp-json\/wp\/v2\/posts"}],"about":[{"href":"https:\/\/digital58.com.ve\/site\/wp-json\/wp\/v2\/types\/post"}],"author":[{"embeddable":true,"href":"https:\/\/digital58.com.ve\/site\/wp-json\/wp\/v2\/users\/26"}],"replies":[{"embeddable":true,"href":"https:\/\/digital58.com.ve\/site\/wp-json\/wp\/v2\/comments?post=100993"}],"version-history":[{"count":0,"href":"https:\/\/digital58.com.ve\/site\/wp-json\/wp\/v2\/posts\/100993\/revisions"}],"wp:featuredmedia":[{"embeddable":true,"href":"https:\/\/digital58.com.ve\/site\/wp-json\/wp\/v2\/media\/100995"}],"wp:attachment":[{"href":"https:\/\/digital58.com.ve\/site\/wp-json\/wp\/v2\/media?parent=100993"}],"wp:term":[{"taxonomy":"category","embeddable":true,"href":"https:\/\/digital58.com.ve\/site\/wp-json\/wp\/v2\/categories?post=100993"},{"taxonomy":"post_tag","embeddable":true,"href":"https:\/\/digital58.com.ve\/site\/wp-json\/wp\/v2\/tags?post=100993"}],"curies":[{"name":"wp","href":"https:\/\/api.w.org\/{rel}","templated":true}]}}