{"id":101350,"date":"2020-05-20T10:59:04","date_gmt":"2020-05-20T14:59:04","guid":{"rendered":"https:\/\/digital58.com.ve\/site\/?p=101350"},"modified":"2020-05-20T10:59:04","modified_gmt":"2020-05-20T14:59:04","slug":"niki-lauda-la-leyenda-tras-el-volante","status":"publish","type":"post","link":"https:\/\/digital58.com.ve\/site\/2020\/05\/20\/niki-lauda-la-leyenda-tras-el-volante\/","title":{"rendered":"Niki Lauda, la leyenda tras el volante"},"content":{"rendered":"<p><a href=\"https:\/\/digital58.com.ve\/site\/wp-content\/uploads\/2020\/05\/nikilauda.jpg\"><img loading=\"lazy\" decoding=\"async\" class=\"aligncenter size-full wp-image-101388\" src=\"https:\/\/digital58.com.ve\/site\/wp-content\/uploads\/2020\/05\/nikilauda.jpg\" alt=\"\" width=\"1200\" height=\"675\" srcset=\"https:\/\/digital58.com.ve\/site\/wp-content\/uploads\/2020\/05\/nikilauda.jpg 800w, https:\/\/digital58.com.ve\/site\/wp-content\/uploads\/2020\/05\/nikilauda-300x169.jpg 300w, https:\/\/digital58.com.ve\/site\/wp-content\/uploads\/2020\/05\/nikilauda-768x432.jpg 768w\" sizes=\"auto, (max-width: 1200px) 100vw, 1200px\" \/><\/a><\/p>\n<p>Muchos hombres se convierten en leyendas del deporte y son recordados con cari\u00f1o y admiraci\u00f3n por generaciones completas de fan\u00e1ticos. As\u00ed sucede con Niki Lauda.<\/p>\n<p><strong>Internacionales, 20 de mayo de 2020 (ND58).- <\/strong>A un a\u00f1o de su muerte, honramos la memoria de uno de los m\u00e1s grandes pilotos en la historia de la Formula Uno.<\/p>\n<p>Protagonista de grandes rivalidades en el Gran Circo, Lauda se convirti\u00f3 en una leyenda del automovilismo, al pilotar para dos de las m\u00e1s grandes escuder\u00edas: Ferrari y McLaren.<\/p>\n<p>Piloto valiente, gallardo, con un estilo de conducci\u00f3n agresivo. Lauda,\u00a0 bien pod\u00eda iniciar una carrera en mitad de la parrilla y acabar ganando el Gran Premio.<\/p>\n<p><strong>El estrellato de un desconocido<\/strong><\/p>\n<p>Lauda fue uno de eso grandes pilotos que debi\u00f3 hacerse un nombre, luchando corriendo en los a\u00f1os m\u00e1s competitivos de la F\u00f3rmula Uno.<\/p>\n<p>Inici\u00f3 su carrera en 1971, tras el volante del monoplaza de la escuder\u00eda March. En 1974, Enzo Ferrari lo llam\u00f3 a formar parte de su escuder\u00eda, para entonces el austriaco era un desconocido, pero su nombre estuvo en boca de todos cuando alcanz\u00f3 un segundo puesto en su primer Gran Premio con Ferrari.<\/p>\n<p>Apenas tres carreras despu\u00e9s consigui\u00f3 su primera victoria, que tambi\u00e9n fue el primer triunfo de Ferrari, luego de dos a\u00f1os. Pero su poca experiencia y varias fallas mec\u00e1nicas le impidieron obtener m\u00e1s triunfos ese a\u00f1o.<\/p>\n<p>En 1975 tuvo un arranque flojo de temporada, sin embargo, logro obtener cinco victorias al hilo y con ello se asegur\u00f3 su primer campeonato mundial de la categor\u00eda.<\/p>\n<p><strong>Indetenible<\/strong><\/p>\n<p>La campa\u00f1a siguiente, Lauda era l\u00edder indiscutible del campeonato, hab\u00eda ganado cuatro de las primeras seis, hasta el Gran Premio de Alemania.<\/p>\n<p>Durante la segunda vuelta de la carrera, en N\u00fcrburgring, el austriaco sufri\u00f3 un accidente que dej\u00f3 su auto en llamas. Lauda sufri\u00f3 graves quemaduras e inhalo gases t\u00f3xicos que afectaron severamente sus pulmones.<\/p>\n<p>El panorama se hab\u00eda oscurecido. Muchos pensaron que el piloto no se recuperar\u00eda de ello, pero su determinaci\u00f3n le llev\u00f3 a completar una magnifica recuperaci\u00f3n y seis semanas despu\u00e9s, estaba de vuelta al volante. Solo se perdi\u00f3 dos carreras.<\/p>\n<p><strong>Rivalidad con Hunt<\/strong><\/p>\n<p>Cuando volvi\u00f3 a las carreras, Lauda protagoniz\u00f3 una de las rivalidades m\u00e1s emblem\u00e1ticas, no solo de la F\u00f3rmula Uno, sino del deporte.<\/p>\n<p>Empez\u00f3 un lucha por el campeonato mundial de 1976, entre Lauda y el piloto brit\u00e1nico de McLaren, James Hunt.<\/p>\n<p>La pugna se mantuvo hasta la \u00faltima carrera de la temporada, el Gran Premio de Jap\u00f3n. Lauda ten\u00eda una ventaja \u00ednfima de solo tres puntos sobre Hunt, cuando decidi\u00f3 no correr en el circuito de Suzuka debido a la lluvia que hac\u00eda m\u00e1s peligroso este trazado.<\/p>\n<p>Esto le cost\u00f3 el campeonato y sus buenas relaciones con Ferrari.<\/p>\n<p>Le rivalidad entre Lauda y Hunt, fue llevada al cine con la pel\u00edcula \u00abRush: Pasi\u00f3n y Gloria\u00bb, un largometrajes que permiti\u00f3 a los fan\u00e1ticos conocer la historia detr\u00e1s de la legendaria pugna.<\/p>\n<p><strong>Del bicampeonato al retiro<\/strong><\/p>\n<p>En 1977, Lauda consigui\u00f3 su segundo campeonato mundial, sin embargo, esto no fue suficiente para atarse a la escuder\u00eda de Maranello, que ya ten\u00eda sustituto para \u00e9l, un joven y desconocido Gilles Villenueve.<\/p>\n<p>Entre 1978 y 1979, Lauda corri\u00f3 para la escuder\u00eda Brabham. Dos temporadas llenas de decepciones para uno piloto que ya se hab\u00eda acostumbrado al triunfo.<\/p>\n<p>A bordo del Brabham, Lauda solo obtuvo dos victorias y dos podios en su primera temporada y en1979 apenas consigui\u00f3 finalizar dos carreras.<\/p>\n<p>Finalmente, decidi\u00f3 retirarse del automovilismo, decepcionado por los malos resultados de esos a\u00f1os y se dedic\u00f3 a tiempo completo a la aerol\u00ednea de vuelos ch\u00e1rter que fundo en su natal Austria.<\/p>\n<p><strong>Regreso y tricampeonato<\/strong><\/p>\n<p>Lauda a\u00fan ten\u00eda mucho talento que derrochar sobre las pistas del Gran Circo. En 1982 abandon\u00f3 el retiro y se subi\u00f3 a un McLaren, equipo con el que consigui\u00f3 su tercer t\u00edtulo de campe\u00f3n en 1984.<\/p>\n<p>Lauda se hizo con el campeonato, por una \u00ednfima ventaja de medio punto sobre su compa\u00f1ero de equipo, el m\u00edtico Alain Prost.<\/p>\n<p>En 1985, luego de un a\u00f1o duro, donde solo consigui\u00f3 tres carreras, decidi\u00f3 su retiro definitivo de las carreras.<\/p>\n<p>Tras su retiro, Lauda no se separ\u00f3 de la F\u00f3rmula Uno, Fue asesor t\u00e9cnico de Ferrari y quien convenci\u00f3 a la escuder\u00eda de fichar a un joven Michael Schumacher.<\/p>\n<p>Dede 2012 hasta su muerte en 2019, Lauda fue asesor t\u00e9cnico y accionista de Mercedes, equipo que con su ayuda, obtuvo cuatro campeonatos de constructores y 4 campeonatos del mundo, tres con Lewis Hamilton y uno con Nico Rosberg.<\/p>\n<p>Niki Lauda fue sin duda un hombre que dej\u00f3 su huella en el pavimento, una huella que no ser\u00e1 borrada jam\u00e1s y que con cari\u00f1o ser\u00e1 recordado por el mundo del automovilismo, entre otros nombres como Ayrton Senna, Emerson Fittipaldi, Juan Manuel Fangio y Michael Schumacher.<\/p>\n<p><strong>Redacci\u00f3n: Morales, Joel (@joeldmc32) | Fuente: Web<br \/>\n<\/strong><strong>Edici\u00f3n: Villasmil, Henry<br \/>\n<\/strong><strong>Gr\u00e1fica: cortes\u00eda<\/strong><\/p><div class=\"etykv69f5a44c62421\" ><p style=\"text-align: center;\"><a href=\"https:\/\/t.me\/noticiasdigital58\" target=\"_blank\" rel=\"noopener\"><img class=\"aligncenter size-full wp-image-125363\" src=\"https:\/\/digital58.com.ve\/site\/wp-content\/uploads\/2021\/04\/banner-telegram-web-2021.png\" alt=\"\" width=\"600\" height=\"90\" \/><\/a><\/p><\/div><style type=\"text\/css\">\r\n@media screen and (min-width: 1201px) {\r\n.etykv69f5a44c62421 {\r\ndisplay: block;\r\n}\r\n}\r\n@media screen and (min-width: 993px) and (max-width: 1200px) {\r\n.etykv69f5a44c62421 {\r\ndisplay: block;\r\n}\r\n}\r\n@media screen and (min-width: 769px) and (max-width: 992px) {\r\n.etykv69f5a44c62421 {\r\ndisplay: block;\r\n}\r\n}\r\n@media screen and (min-width: 768px) and (max-width: 768px) {\r\n.etykv69f5a44c62421 {\r\ndisplay: block;\r\n}\r\n}\r\n@media screen and (max-width: 767px) {\r\n.etykv69f5a44c62421 {\r\ndisplay: block;\r\n}\r\n}\r\n<\/style>\r\n\n<p><strong>\u00a0<\/strong><\/p>\n<div style=\"margin-top: 0px; margin-bottom: 0px;\" class=\"sharethis-inline-share-buttons\" ><\/div>","protected":false},"excerpt":{"rendered":"<p>Muchos hombres se convierten en leyendas del deporte y son recordados con cari\u00f1o y admiraci\u00f3n por generaciones completas de fan\u00e1ticos.<\/p>\n","protected":false},"author":29,"featured_media":101388,"comment_status":"open","ping_status":"closed","sticky":false,"template":"","format":"standard","meta":{"colormag_page_container_layout":"default_layout","colormag_page_sidebar_layout":"default_layout","_uag_custom_page_level_css":"","footnotes":""},"categories":[5402],"tags":[237,2,11382,3,5,1596,5436,2688,14830,7114],"class_list":["post-101350","post","type-post","status-publish","format-standard","has-post-thumbnail","hentry","category-deportes","tag-austria","tag-automovilismo","tag-automovilismo-internacional","tag-deportes","tag-f1","tag-ferrari","tag-formula-uno","tag-mclaren","tag-niki-lauda","tag-viena"],"yoast_head":"<!-- This site is optimized with the Yoast SEO plugin v27.5 - https:\/\/yoast.com\/product\/yoast-seo-wordpress\/ -->\n<title>Niki Lauda, la leyenda tras el volante<\/title>\n<meta name=\"description\" content=\"Deportes\" \/>\n<meta name=\"robots\" content=\"index, follow, max-snippet:-1, max-image-preview:large, max-video-preview:-1\" \/>\n<link rel=\"canonical\" href=\"https:\/\/digital58.com.ve\/site\/2020\/05\/20\/niki-lauda-la-leyenda-tras-el-volante\/\" \/>\n<meta property=\"og:locale\" content=\"es_ES\" \/>\n<meta property=\"og:type\" content=\"article\" \/>\n<meta property=\"og:title\" content=\"Niki Lauda, la leyenda tras el volante\" \/>\n<meta property=\"og:description\" content=\"Deportes\" \/>\n<meta property=\"og:url\" content=\"https:\/\/digital58.com.ve\/site\/2020\/05\/20\/niki-lauda-la-leyenda-tras-el-volante\/\" \/>\n<meta property=\"og:site_name\" content=\"Noticias Digital58\" \/>\n<meta property=\"article:published_time\" content=\"2020-05-20T14:59:04+00:00\" \/>\n<meta property=\"og:image\" content=\"https:\/\/digital58.com.ve\/site\/wp-content\/uploads\/2020\/05\/nikilauda.jpg\" \/>\n\t<meta property=\"og:image:width\" content=\"1200\" \/>\n\t<meta property=\"og:image:height\" content=\"675\" \/>\n\t<meta property=\"og:image:type\" content=\"image\/jpeg\" \/>\n<meta name=\"author\" content=\"Morales Joel\" \/>\n<meta name=\"twitter:card\" content=\"summary_large_image\" \/>\n<meta name=\"twitter:creator\" content=\"@Digital_58\" \/>\n<meta name=\"twitter:site\" content=\"@villasmilhfoto\" \/>\n<meta name=\"twitter:label1\" content=\"Escrito por\" \/>\n\t<meta name=\"twitter:data1\" content=\"Morales Joel\" \/>\n\t<meta name=\"twitter:label2\" content=\"Tiempo estimado de lectura\" \/>\n\t<meta name=\"twitter:data2\" content=\"4 minutos\" \/>\n<script type=\"application\/ld+json\" class=\"yoast-schema-graph\">{\"@context\":\"https:\\\/\\\/schema.org\",\"@graph\":[{\"@type\":\"Article\",\"@id\":\"https:\\\/\\\/digital58.com.ve\\\/site\\\/2020\\\/05\\\/20\\\/niki-lauda-la-leyenda-tras-el-volante\\\/#article\",\"isPartOf\":{\"@id\":\"https:\\\/\\\/digital58.com.ve\\\/site\\\/2020\\\/05\\\/20\\\/niki-lauda-la-leyenda-tras-el-volante\\\/\"},\"author\":{\"name\":\"Morales Joel\",\"@id\":\"https:\\\/\\\/digital58.com.ve\\\/site\\\/#\\\/schema\\\/person\\\/8daf5f8bfd9ebdb98150c62bff195b72\"},\"headline\":\"Niki Lauda, la leyenda tras el volante\",\"datePublished\":\"2020-05-20T14:59:04+00:00\",\"mainEntityOfPage\":{\"@id\":\"https:\\\/\\\/digital58.com.ve\\\/site\\\/2020\\\/05\\\/20\\\/niki-lauda-la-leyenda-tras-el-volante\\\/\"},\"wordCount\":862,\"commentCount\":0,\"publisher\":{\"@id\":\"https:\\\/\\\/digital58.com.ve\\\/site\\\/#\\\/schema\\\/person\\\/64d1c2e4d0d4fd1b849980c4331c2951\"},\"image\":{\"@id\":\"https:\\\/\\\/digital58.com.ve\\\/site\\\/2020\\\/05\\\/20\\\/niki-lauda-la-leyenda-tras-el-volante\\\/#primaryimage\"},\"thumbnailUrl\":\"https:\\\/\\\/digital58.com.ve\\\/site\\\/wp-content\\\/uploads\\\/2020\\\/05\\\/nikilauda.jpg\",\"keywords\":[\"Austria\",\"Automovilismo\",\"Automovilismo Internacional\",\"Deportes\",\"F1\",\"Ferrari\",\"Formula Uno\",\"McLaren\",\"Niki Lauda\",\"Viena\"],\"articleSection\":[\"Deportes\"],\"inLanguage\":\"es\",\"potentialAction\":[{\"@type\":\"CommentAction\",\"name\":\"Comment\",\"target\":[\"https:\\\/\\\/digital58.com.ve\\\/site\\\/2020\\\/05\\\/20\\\/niki-lauda-la-leyenda-tras-el-volante\\\/#respond\"]}]},{\"@type\":\"WebPage\",\"@id\":\"https:\\\/\\\/digital58.com.ve\\\/site\\\/2020\\\/05\\\/20\\\/niki-lauda-la-leyenda-tras-el-volante\\\/\",\"url\":\"https:\\\/\\\/digital58.com.ve\\\/site\\\/2020\\\/05\\\/20\\\/niki-lauda-la-leyenda-tras-el-volante\\\/\",\"name\":\"Niki Lauda, la leyenda tras el volante\",\"isPartOf\":{\"@id\":\"https:\\\/\\\/digital58.com.ve\\\/site\\\/#website\"},\"primaryImageOfPage\":{\"@id\":\"https:\\\/\\\/digital58.com.ve\\\/site\\\/2020\\\/05\\\/20\\\/niki-lauda-la-leyenda-tras-el-volante\\\/#primaryimage\"},\"image\":{\"@id\":\"https:\\\/\\\/digital58.com.ve\\\/site\\\/2020\\\/05\\\/20\\\/niki-lauda-la-leyenda-tras-el-volante\\\/#primaryimage\"},\"thumbnailUrl\":\"https:\\\/\\\/digital58.com.ve\\\/site\\\/wp-content\\\/uploads\\\/2020\\\/05\\\/nikilauda.jpg\",\"datePublished\":\"2020-05-20T14:59:04+00:00\",\"description\":\"Deportes\",\"breadcrumb\":{\"@id\":\"https:\\\/\\\/digital58.com.ve\\\/site\\\/2020\\\/05\\\/20\\\/niki-lauda-la-leyenda-tras-el-volante\\\/#breadcrumb\"},\"inLanguage\":\"es\",\"potentialAction\":[{\"@type\":\"ReadAction\",\"target\":[\"https:\\\/\\\/digital58.com.ve\\\/site\\\/2020\\\/05\\\/20\\\/niki-lauda-la-leyenda-tras-el-volante\\\/\"]}]},{\"@type\":\"ImageObject\",\"inLanguage\":\"es\",\"@id\":\"https:\\\/\\\/digital58.com.ve\\\/site\\\/2020\\\/05\\\/20\\\/niki-lauda-la-leyenda-tras-el-volante\\\/#primaryimage\",\"url\":\"https:\\\/\\\/digital58.com.ve\\\/site\\\/wp-content\\\/uploads\\\/2020\\\/05\\\/nikilauda.jpg\",\"contentUrl\":\"https:\\\/\\\/digital58.com.ve\\\/site\\\/wp-content\\\/uploads\\\/2020\\\/05\\\/nikilauda.jpg\",\"width\":800,\"height\":450},{\"@type\":\"BreadcrumbList\",\"@id\":\"https:\\\/\\\/digital58.com.ve\\\/site\\\/2020\\\/05\\\/20\\\/niki-lauda-la-leyenda-tras-el-volante\\\/#breadcrumb\",\"itemListElement\":[{\"@type\":\"ListItem\",\"position\":1,\"name\":\"Home\",\"item\":\"https:\\\/\\\/digital58.com.ve\\\/site\\\/\"},{\"@type\":\"ListItem\",\"position\":2,\"name\":\"Niki Lauda, la leyenda tras el volante\"}]},{\"@type\":\"WebSite\",\"@id\":\"https:\\\/\\\/digital58.com.ve\\\/site\\\/#website\",\"url\":\"https:\\\/\\\/digital58.com.ve\\\/site\\\/\",\"name\":\"Noticias Digital58\",\"description\":\"Portal de Noticias \u00a1Periodismo web de verdad! Lanzamiento web 22.11.2005 \\\/ Maracaibo, Venezuela\",\"publisher\":{\"@id\":\"https:\\\/\\\/digital58.com.ve\\\/site\\\/#\\\/schema\\\/person\\\/64d1c2e4d0d4fd1b849980c4331c2951\"},\"alternateName\":\"ND58\",\"potentialAction\":[{\"@type\":\"SearchAction\",\"target\":{\"@type\":\"EntryPoint\",\"urlTemplate\":\"https:\\\/\\\/digital58.com.ve\\\/site\\\/?s={search_term_string}\"},\"query-input\":{\"@type\":\"PropertyValueSpecification\",\"valueRequired\":true,\"valueName\":\"search_term_string\"}}],\"inLanguage\":\"es\"},{\"@type\":[\"Person\",\"Organization\"],\"@id\":\"https:\\\/\\\/digital58.com.ve\\\/site\\\/#\\\/schema\\\/person\\\/64d1c2e4d0d4fd1b849980c4331c2951\",\"name\":\"Villasmil Henry\",\"image\":{\"@type\":\"ImageObject\",\"inLanguage\":\"es\",\"@id\":\"https:\\\/\\\/secure.gravatar.com\\\/avatar\\\/bb0c4a2fcb7970138239f7e404ea75757b1b507b28b5ce4c53fbd62d797c5a7c?s=96&d=mm&r=g\",\"url\":\"https:\\\/\\\/secure.gravatar.com\\\/avatar\\\/bb0c4a2fcb7970138239f7e404ea75757b1b507b28b5ce4c53fbd62d797c5a7c?s=96&d=mm&r=g\",\"contentUrl\":\"https:\\\/\\\/secure.gravatar.com\\\/avatar\\\/bb0c4a2fcb7970138239f7e404ea75757b1b507b28b5ce4c53fbd62d797c5a7c?s=96&d=mm&r=g\",\"caption\":\"Villasmil Henry\"},\"logo\":{\"@id\":\"https:\\\/\\\/secure.gravatar.com\\\/avatar\\\/bb0c4a2fcb7970138239f7e404ea75757b1b507b28b5ce4c53fbd62d797c5a7c?s=96&d=mm&r=g\"},\"sameAs\":[\"http:\\\/\\\/www.henryvillasmil.com.ve\",\"https:\\\/\\\/www.instagram.com\\\/villasmilhfoto\\\/\",\"https:\\\/\\\/x.com\\\/https:\\\/\\\/twitter.com\\\/villasmilhfoto\"]},{\"@type\":\"Person\",\"@id\":\"https:\\\/\\\/digital58.com.ve\\\/site\\\/#\\\/schema\\\/person\\\/8daf5f8bfd9ebdb98150c62bff195b72\",\"name\":\"Morales Joel\",\"image\":{\"@type\":\"ImageObject\",\"inLanguage\":\"es\",\"@id\":\"https:\\\/\\\/secure.gravatar.com\\\/avatar\\\/e2cb5ce0e9279ab3c8e03d472e483f32e666716a18da3bfa7b0749a5465409f1?s=96&d=mm&r=g\",\"url\":\"https:\\\/\\\/secure.gravatar.com\\\/avatar\\\/e2cb5ce0e9279ab3c8e03d472e483f32e666716a18da3bfa7b0749a5465409f1?s=96&d=mm&r=g\",\"contentUrl\":\"https:\\\/\\\/secure.gravatar.com\\\/avatar\\\/e2cb5ce0e9279ab3c8e03d472e483f32e666716a18da3bfa7b0749a5465409f1?s=96&d=mm&r=g\",\"caption\":\"Morales Joel\"},\"url\":\"https:\\\/\\\/digital58.com.ve\\\/site\\\/author\\\/joelm\\\/\"}]}<\/script>\n<!-- \/ Yoast SEO plugin. -->","yoast_head_json":{"title":"Niki Lauda, la leyenda tras el volante","description":"Deportes","robots":{"index":"index","follow":"follow","max-snippet":"max-snippet:-1","max-image-preview":"max-image-preview:large","max-video-preview":"max-video-preview:-1"},"canonical":"https:\/\/digital58.com.ve\/site\/2020\/05\/20\/niki-lauda-la-leyenda-tras-el-volante\/","og_locale":"es_ES","og_type":"article","og_title":"Niki Lauda, la leyenda tras el volante","og_description":"Deportes","og_url":"https:\/\/digital58.com.ve\/site\/2020\/05\/20\/niki-lauda-la-leyenda-tras-el-volante\/","og_site_name":"Noticias Digital58","article_published_time":"2020-05-20T14:59:04+00:00","og_image":[{"width":1200,"height":675,"url":"https:\/\/digital58.com.ve\/site\/wp-content\/uploads\/2020\/05\/nikilauda.jpg","type":"image\/jpeg"}],"author":"Morales Joel","twitter_card":"summary_large_image","twitter_creator":"@Digital_58","twitter_site":"@villasmilhfoto","twitter_misc":{"Escrito por":"Morales Joel","Tiempo estimado de lectura":"4 minutos"},"schema":{"@context":"https:\/\/schema.org","@graph":[{"@type":"Article","@id":"https:\/\/digital58.com.ve\/site\/2020\/05\/20\/niki-lauda-la-leyenda-tras-el-volante\/#article","isPartOf":{"@id":"https:\/\/digital58.com.ve\/site\/2020\/05\/20\/niki-lauda-la-leyenda-tras-el-volante\/"},"author":{"name":"Morales Joel","@id":"https:\/\/digital58.com.ve\/site\/#\/schema\/person\/8daf5f8bfd9ebdb98150c62bff195b72"},"headline":"Niki Lauda, la leyenda tras el volante","datePublished":"2020-05-20T14:59:04+00:00","mainEntityOfPage":{"@id":"https:\/\/digital58.com.ve\/site\/2020\/05\/20\/niki-lauda-la-leyenda-tras-el-volante\/"},"wordCount":862,"commentCount":0,"publisher":{"@id":"https:\/\/digital58.com.ve\/site\/#\/schema\/person\/64d1c2e4d0d4fd1b849980c4331c2951"},"image":{"@id":"https:\/\/digital58.com.ve\/site\/2020\/05\/20\/niki-lauda-la-leyenda-tras-el-volante\/#primaryimage"},"thumbnailUrl":"https:\/\/digital58.com.ve\/site\/wp-content\/uploads\/2020\/05\/nikilauda.jpg","keywords":["Austria","Automovilismo","Automovilismo Internacional","Deportes","F1","Ferrari","Formula Uno","McLaren","Niki Lauda","Viena"],"articleSection":["Deportes"],"inLanguage":"es","potentialAction":[{"@type":"CommentAction","name":"Comment","target":["https:\/\/digital58.com.ve\/site\/2020\/05\/20\/niki-lauda-la-leyenda-tras-el-volante\/#respond"]}]},{"@type":"WebPage","@id":"https:\/\/digital58.com.ve\/site\/2020\/05\/20\/niki-lauda-la-leyenda-tras-el-volante\/","url":"https:\/\/digital58.com.ve\/site\/2020\/05\/20\/niki-lauda-la-leyenda-tras-el-volante\/","name":"Niki Lauda, la leyenda tras el volante","isPartOf":{"@id":"https:\/\/digital58.com.ve\/site\/#website"},"primaryImageOfPage":{"@id":"https:\/\/digital58.com.ve\/site\/2020\/05\/20\/niki-lauda-la-leyenda-tras-el-volante\/#primaryimage"},"image":{"@id":"https:\/\/digital58.com.ve\/site\/2020\/05\/20\/niki-lauda-la-leyenda-tras-el-volante\/#primaryimage"},"thumbnailUrl":"https:\/\/digital58.com.ve\/site\/wp-content\/uploads\/2020\/05\/nikilauda.jpg","datePublished":"2020-05-20T14:59:04+00:00","description":"Deportes","breadcrumb":{"@id":"https:\/\/digital58.com.ve\/site\/2020\/05\/20\/niki-lauda-la-leyenda-tras-el-volante\/#breadcrumb"},"inLanguage":"es","potentialAction":[{"@type":"ReadAction","target":["https:\/\/digital58.com.ve\/site\/2020\/05\/20\/niki-lauda-la-leyenda-tras-el-volante\/"]}]},{"@type":"ImageObject","inLanguage":"es","@id":"https:\/\/digital58.com.ve\/site\/2020\/05\/20\/niki-lauda-la-leyenda-tras-el-volante\/#primaryimage","url":"https:\/\/digital58.com.ve\/site\/wp-content\/uploads\/2020\/05\/nikilauda.jpg","contentUrl":"https:\/\/digital58.com.ve\/site\/wp-content\/uploads\/2020\/05\/nikilauda.jpg","width":800,"height":450},{"@type":"BreadcrumbList","@id":"https:\/\/digital58.com.ve\/site\/2020\/05\/20\/niki-lauda-la-leyenda-tras-el-volante\/#breadcrumb","itemListElement":[{"@type":"ListItem","position":1,"name":"Home","item":"https:\/\/digital58.com.ve\/site\/"},{"@type":"ListItem","position":2,"name":"Niki Lauda, la leyenda tras el volante"}]},{"@type":"WebSite","@id":"https:\/\/digital58.com.ve\/site\/#website","url":"https:\/\/digital58.com.ve\/site\/","name":"Noticias Digital58","description":"Portal de Noticias \u00a1Periodismo web de verdad! Lanzamiento web 22.11.2005 \/ Maracaibo, Venezuela","publisher":{"@id":"https:\/\/digital58.com.ve\/site\/#\/schema\/person\/64d1c2e4d0d4fd1b849980c4331c2951"},"alternateName":"ND58","potentialAction":[{"@type":"SearchAction","target":{"@type":"EntryPoint","urlTemplate":"https:\/\/digital58.com.ve\/site\/?s={search_term_string}"},"query-input":{"@type":"PropertyValueSpecification","valueRequired":true,"valueName":"search_term_string"}}],"inLanguage":"es"},{"@type":["Person","Organization"],"@id":"https:\/\/digital58.com.ve\/site\/#\/schema\/person\/64d1c2e4d0d4fd1b849980c4331c2951","name":"Villasmil Henry","image":{"@type":"ImageObject","inLanguage":"es","@id":"https:\/\/secure.gravatar.com\/avatar\/bb0c4a2fcb7970138239f7e404ea75757b1b507b28b5ce4c53fbd62d797c5a7c?s=96&d=mm&r=g","url":"https:\/\/secure.gravatar.com\/avatar\/bb0c4a2fcb7970138239f7e404ea75757b1b507b28b5ce4c53fbd62d797c5a7c?s=96&d=mm&r=g","contentUrl":"https:\/\/secure.gravatar.com\/avatar\/bb0c4a2fcb7970138239f7e404ea75757b1b507b28b5ce4c53fbd62d797c5a7c?s=96&d=mm&r=g","caption":"Villasmil Henry"},"logo":{"@id":"https:\/\/secure.gravatar.com\/avatar\/bb0c4a2fcb7970138239f7e404ea75757b1b507b28b5ce4c53fbd62d797c5a7c?s=96&d=mm&r=g"},"sameAs":["http:\/\/www.henryvillasmil.com.ve","https:\/\/www.instagram.com\/villasmilhfoto\/","https:\/\/x.com\/https:\/\/twitter.com\/villasmilhfoto"]},{"@type":"Person","@id":"https:\/\/digital58.com.ve\/site\/#\/schema\/person\/8daf5f8bfd9ebdb98150c62bff195b72","name":"Morales Joel","image":{"@type":"ImageObject","inLanguage":"es","@id":"https:\/\/secure.gravatar.com\/avatar\/e2cb5ce0e9279ab3c8e03d472e483f32e666716a18da3bfa7b0749a5465409f1?s=96&d=mm&r=g","url":"https:\/\/secure.gravatar.com\/avatar\/e2cb5ce0e9279ab3c8e03d472e483f32e666716a18da3bfa7b0749a5465409f1?s=96&d=mm&r=g","contentUrl":"https:\/\/secure.gravatar.com\/avatar\/e2cb5ce0e9279ab3c8e03d472e483f32e666716a18da3bfa7b0749a5465409f1?s=96&d=mm&r=g","caption":"Morales Joel"},"url":"https:\/\/digital58.com.ve\/site\/author\/joelm\/"}]}},"uagb_featured_image_src":{"full":["https:\/\/digital58.com.ve\/site\/wp-content\/uploads\/2020\/05\/nikilauda.jpg",800,450,false],"thumbnail":["https:\/\/digital58.com.ve\/site\/wp-content\/uploads\/2020\/05\/nikilauda-150x150.jpg",150,150,true],"medium":["https:\/\/digital58.com.ve\/site\/wp-content\/uploads\/2020\/05\/nikilauda-300x169.jpg",300,169,true],"medium_large":["https:\/\/digital58.com.ve\/site\/wp-content\/uploads\/2020\/05\/nikilauda-768x432.jpg",768,432,true],"large":["https:\/\/digital58.com.ve\/site\/wp-content\/uploads\/2020\/05\/nikilauda.jpg",800,450,false],"1536x1536":["https:\/\/digital58.com.ve\/site\/wp-content\/uploads\/2020\/05\/nikilauda.jpg",800,450,false],"2048x2048":["https:\/\/digital58.com.ve\/site\/wp-content\/uploads\/2020\/05\/nikilauda.jpg",800,450,false],"colormag-highlighted-post":["https:\/\/digital58.com.ve\/site\/wp-content\/uploads\/2020\/05\/nikilauda.jpg",392,221,false],"colormag-featured-post-medium":["https:\/\/digital58.com.ve\/site\/wp-content\/uploads\/2020\/05\/nikilauda.jpg",364,205,false],"colormag-featured-post-small":["https:\/\/digital58.com.ve\/site\/wp-content\/uploads\/2020\/05\/nikilauda.jpg",130,73,false],"colormag-featured-image":["https:\/\/digital58.com.ve\/site\/wp-content\/uploads\/2020\/05\/nikilauda.jpg",791,445,false],"colormag-default-news":["https:\/\/digital58.com.ve\/site\/wp-content\/uploads\/2020\/05\/nikilauda.jpg",150,84,false],"colormag-featured-image-large":["https:\/\/digital58.com.ve\/site\/wp-content\/uploads\/2020\/05\/nikilauda.jpg",800,450,false]},"uagb_author_info":{"display_name":"Morales Joel","author_link":"https:\/\/digital58.com.ve\/site\/author\/joelm\/"},"uagb_comment_info":0,"uagb_excerpt":"Muchos hombres se convierten en leyendas del deporte y son recordados con cari\u00f1o y admiraci\u00f3n por generaciones completas de fan\u00e1ticos.","_links":{"self":[{"href":"https:\/\/digital58.com.ve\/site\/wp-json\/wp\/v2\/posts\/101350","targetHints":{"allow":["GET"]}}],"collection":[{"href":"https:\/\/digital58.com.ve\/site\/wp-json\/wp\/v2\/posts"}],"about":[{"href":"https:\/\/digital58.com.ve\/site\/wp-json\/wp\/v2\/types\/post"}],"author":[{"embeddable":true,"href":"https:\/\/digital58.com.ve\/site\/wp-json\/wp\/v2\/users\/29"}],"replies":[{"embeddable":true,"href":"https:\/\/digital58.com.ve\/site\/wp-json\/wp\/v2\/comments?post=101350"}],"version-history":[{"count":0,"href":"https:\/\/digital58.com.ve\/site\/wp-json\/wp\/v2\/posts\/101350\/revisions"}],"wp:featuredmedia":[{"embeddable":true,"href":"https:\/\/digital58.com.ve\/site\/wp-json\/wp\/v2\/media\/101388"}],"wp:attachment":[{"href":"https:\/\/digital58.com.ve\/site\/wp-json\/wp\/v2\/media?parent=101350"}],"wp:term":[{"taxonomy":"category","embeddable":true,"href":"https:\/\/digital58.com.ve\/site\/wp-json\/wp\/v2\/categories?post=101350"},{"taxonomy":"post_tag","embeddable":true,"href":"https:\/\/digital58.com.ve\/site\/wp-json\/wp\/v2\/tags?post=101350"}],"curies":[{"name":"wp","href":"https:\/\/api.w.org\/{rel}","templated":true}]}}