{"id":101489,"date":"2020-05-20T16:19:25","date_gmt":"2020-05-20T20:19:25","guid":{"rendered":"https:\/\/digital58.com.ve\/site\/?p=101489"},"modified":"2020-05-20T16:19:25","modified_gmt":"2020-05-20T20:19:25","slug":"tres-detenidos-en-carora-por-quemar-cauchos-en-protesta-por-fallas-electricas","status":"publish","type":"post","link":"https:\/\/digital58.com.ve\/site\/2020\/05\/20\/tres-detenidos-en-carora-por-quemar-cauchos-en-protesta-por-fallas-electricas\/","title":{"rendered":"Tres detenidos en Carora por quemar cauchos en protesta por fallas el\u00e9ctricas"},"content":{"rendered":"<p><img loading=\"lazy\" decoding=\"async\" class=\"aligncenter wp-image-101490 size-full\" src=\"https:\/\/digital58.com.ve\/site\/wp-content\/uploads\/2020\/05\/BinFjhJCIAABNsk.jpg\" alt=\"\" width=\"600\" height=\"450\" srcset=\"https:\/\/digital58.com.ve\/site\/wp-content\/uploads\/2020\/05\/BinFjhJCIAABNsk.jpg 600w, https:\/\/digital58.com.ve\/site\/wp-content\/uploads\/2020\/05\/BinFjhJCIAABNsk-300x225.jpg 300w\" sizes=\"auto, (max-width: 600px) 100vw, 600px\" \/><\/p>\n<p>Durante la protesta se origin\u00f3 un incendio en la antigua planta el\u00e9ctrica de la zona que fue controlado por los Bomberos del estado Lara<\/p>\n<p><strong>Maracaibo, Zulia, Venezuela, 20 de mayo de 2020 (ND58).-<\/strong>\u00a0Tres personas fueron detenidas este martes en la noche en Carora, estado Lara, por participar en una protesta en la que quemaron cauchos que provocaron un incendio en la antigua planta el\u00e9ctrica de la zona.<\/p>\n<p>Los vecinos del sector Torrellas salieron a manifestar en reclamo a los cortes el\u00e9ctricos que son cada vez m\u00e1s frecuentes en esta regi\u00f3n.<\/p>\n<p>Funcionarios de la Guardia Nacional Bolivariana, Polic\u00eda del estado Lara y Bomberos acudieron al lugar y lograron controlar el incendio.<\/p>\n<p><img loading=\"lazy\" decoding=\"async\" class=\"aligncenter wp-image-101491 size-full\" src=\"https:\/\/digital58.com.ve\/site\/wp-content\/uploads\/2020\/05\/Cg73ekmW0AAcczh.jpg\" alt=\"\" width=\"720\" height=\"540\" srcset=\"https:\/\/digital58.com.ve\/site\/wp-content\/uploads\/2020\/05\/Cg73ekmW0AAcczh.jpg 720w, https:\/\/digital58.com.ve\/site\/wp-content\/uploads\/2020\/05\/Cg73ekmW0AAcczh-300x225.jpg 300w\" sizes=\"auto, (max-width: 720px) 100vw, 720px\" \/><\/p>\n<p>A los detenidos presuntamente los acus\u00f3 una l\u00edder comunal y seguidora del r\u00e9gimen de Nicol\u00e1s Maduro que trat\u00f3 de impedir la protesta y fue atacada por los manifestantes.<\/p>\n<p>La familia de los afectados denunci\u00f3 que los funcionarios ocasionaron destrozos en la vivienda.<\/p>\n<p>En el sector Campanero los ciudadanos tambi\u00e9n salieron a la calle a manifestar el descontento por la actual crisis de servicios b\u00e1sicos que vive el pa\u00eds.<\/p><div class=\"hnaep69f3d58371fc7\" ><p style=\"text-align: center;\"><a href=\"https:\/\/t.me\/noticiasdigital58\" target=\"_blank\" rel=\"noopener\"><img class=\"aligncenter size-full wp-image-125363\" src=\"https:\/\/digital58.com.ve\/site\/wp-content\/uploads\/2021\/04\/banner-telegram-web-2021.png\" alt=\"\" width=\"600\" height=\"90\" \/><\/a><\/p><\/div><style type=\"text\/css\">\r\n@media screen and (min-width: 1201px) {\r\n.hnaep69f3d58371fc7 {\r\ndisplay: block;\r\n}\r\n}\r\n@media screen and (min-width: 993px) and (max-width: 1200px) {\r\n.hnaep69f3d58371fc7 {\r\ndisplay: block;\r\n}\r\n}\r\n@media screen and (min-width: 769px) and (max-width: 992px) {\r\n.hnaep69f3d58371fc7 {\r\ndisplay: block;\r\n}\r\n}\r\n@media screen and (min-width: 768px) and (max-width: 768px) {\r\n.hnaep69f3d58371fc7 {\r\ndisplay: block;\r\n}\r\n}\r\n@media screen and (max-width: 767px) {\r\n.hnaep69f3d58371fc7 {\r\ndisplay: block;\r\n}\r\n}\r\n<\/style>\r\n\n<p><strong>Redacci\u00f3n: Molero, Luis (@Moleromarquez) | Fuente: Prensa de Lara<\/strong><br \/>\n<strong>Edici\u00f3n: Villasmil, Henry<\/strong><br \/>\n<strong>Gr\u00e1ficas: cortes\u00eda<\/strong><\/p>\n<div style=\"margin-top: 0px; margin-bottom: 0px;\" class=\"sharethis-inline-share-buttons\" ><\/div>","protected":false},"excerpt":{"rendered":"<p>Durante la protesta se origin\u00f3 un incendio en la antigua planta el\u00e9ctrica de la zona que fue controlado por los<\/p>\n","protected":false},"author":26,"featured_media":101491,"comment_status":"open","ping_status":"closed","sticky":false,"template":"","format":"standard","meta":{"colormag_page_container_layout":"default_layout","colormag_page_sidebar_layout":"default_layout","_uag_custom_page_level_css":"","footnotes":""},"categories":[13765],"tags":[13858,6072,233],"class_list":["post-101489","post","type-post","status-publish","format-standard","has-post-thumbnail","hentry","category-sucesos","tag-apagones","tag-carora","tag-nacionales"],"yoast_head":"<!-- This site is optimized with the Yoast SEO plugin v27.5 - https:\/\/yoast.com\/product\/yoast-seo-wordpress\/ -->\n<title>Tres detenidos en Carora por quemar cauchos en protesta por fallas el\u00e9ctricas<\/title>\n<meta name=\"description\" content=\"Sucesos\" \/>\n<meta name=\"robots\" content=\"index, follow, max-snippet:-1, max-image-preview:large, max-video-preview:-1\" \/>\n<link rel=\"canonical\" href=\"https:\/\/digital58.com.ve\/site\/2020\/05\/20\/tres-detenidos-en-carora-por-quemar-cauchos-en-protesta-por-fallas-electricas\/\" \/>\n<meta property=\"og:locale\" content=\"es_ES\" \/>\n<meta property=\"og:type\" content=\"article\" \/>\n<meta property=\"og:title\" content=\"Tres detenidos en Carora por quemar cauchos en protesta por fallas el\u00e9ctricas\" \/>\n<meta property=\"og:description\" content=\"Sucesos\" \/>\n<meta property=\"og:url\" content=\"https:\/\/digital58.com.ve\/site\/2020\/05\/20\/tres-detenidos-en-carora-por-quemar-cauchos-en-protesta-por-fallas-electricas\/\" \/>\n<meta property=\"og:site_name\" content=\"Noticias Digital58\" \/>\n<meta property=\"article:published_time\" content=\"2020-05-20T20:19:25+00:00\" \/>\n<meta property=\"og:image\" content=\"https:\/\/digital58.com.ve\/site\/wp-content\/uploads\/2020\/05\/Cg73ekmW0AAcczh.jpg\" \/>\n\t<meta property=\"og:image:width\" content=\"720\" \/>\n\t<meta property=\"og:image:height\" content=\"540\" \/>\n\t<meta property=\"og:image:type\" content=\"image\/jpeg\" \/>\n<meta name=\"author\" content=\"Molero Luis\" \/>\n<meta name=\"twitter:card\" content=\"summary_large_image\" \/>\n<meta name=\"twitter:creator\" content=\"@Digital_58\" \/>\n<meta name=\"twitter:site\" content=\"@villasmilhfoto\" \/>\n<meta name=\"twitter:label1\" content=\"Escrito por\" \/>\n\t<meta name=\"twitter:data1\" content=\"Molero Luis\" \/>\n\t<meta name=\"twitter:label2\" content=\"Tiempo estimado de lectura\" \/>\n\t<meta name=\"twitter:data2\" content=\"1 minuto\" \/>\n<script type=\"application\/ld+json\" class=\"yoast-schema-graph\">{\"@context\":\"https:\\\/\\\/schema.org\",\"@graph\":[{\"@type\":\"Article\",\"@id\":\"https:\\\/\\\/digital58.com.ve\\\/site\\\/2020\\\/05\\\/20\\\/tres-detenidos-en-carora-por-quemar-cauchos-en-protesta-por-fallas-electricas\\\/#article\",\"isPartOf\":{\"@id\":\"https:\\\/\\\/digital58.com.ve\\\/site\\\/2020\\\/05\\\/20\\\/tres-detenidos-en-carora-por-quemar-cauchos-en-protesta-por-fallas-electricas\\\/\"},\"author\":{\"name\":\"Molero Luis\",\"@id\":\"https:\\\/\\\/digital58.com.ve\\\/site\\\/#\\\/schema\\\/person\\\/c61667ce6845137620ee3f0aaabade17\"},\"headline\":\"Tres detenidos en Carora por quemar cauchos en protesta por fallas el\u00e9ctricas\",\"datePublished\":\"2020-05-20T20:19:25+00:00\",\"mainEntityOfPage\":{\"@id\":\"https:\\\/\\\/digital58.com.ve\\\/site\\\/2020\\\/05\\\/20\\\/tres-detenidos-en-carora-por-quemar-cauchos-en-protesta-por-fallas-electricas\\\/\"},\"wordCount\":220,\"commentCount\":0,\"publisher\":{\"@id\":\"https:\\\/\\\/digital58.com.ve\\\/site\\\/#\\\/schema\\\/person\\\/64d1c2e4d0d4fd1b849980c4331c2951\"},\"image\":{\"@id\":\"https:\\\/\\\/digital58.com.ve\\\/site\\\/2020\\\/05\\\/20\\\/tres-detenidos-en-carora-por-quemar-cauchos-en-protesta-por-fallas-electricas\\\/#primaryimage\"},\"thumbnailUrl\":\"https:\\\/\\\/digital58.com.ve\\\/site\\\/wp-content\\\/uploads\\\/2020\\\/05\\\/Cg73ekmW0AAcczh.jpg\",\"keywords\":[\"Apagones\",\"Carora\",\"Nacionales\"],\"articleSection\":[\"Sucesos\"],\"inLanguage\":\"es\",\"potentialAction\":[{\"@type\":\"CommentAction\",\"name\":\"Comment\",\"target\":[\"https:\\\/\\\/digital58.com.ve\\\/site\\\/2020\\\/05\\\/20\\\/tres-detenidos-en-carora-por-quemar-cauchos-en-protesta-por-fallas-electricas\\\/#respond\"]}]},{\"@type\":\"WebPage\",\"@id\":\"https:\\\/\\\/digital58.com.ve\\\/site\\\/2020\\\/05\\\/20\\\/tres-detenidos-en-carora-por-quemar-cauchos-en-protesta-por-fallas-electricas\\\/\",\"url\":\"https:\\\/\\\/digital58.com.ve\\\/site\\\/2020\\\/05\\\/20\\\/tres-detenidos-en-carora-por-quemar-cauchos-en-protesta-por-fallas-electricas\\\/\",\"name\":\"Tres detenidos en Carora por quemar cauchos en protesta por fallas el\u00e9ctricas\",\"isPartOf\":{\"@id\":\"https:\\\/\\\/digital58.com.ve\\\/site\\\/#website\"},\"primaryImageOfPage\":{\"@id\":\"https:\\\/\\\/digital58.com.ve\\\/site\\\/2020\\\/05\\\/20\\\/tres-detenidos-en-carora-por-quemar-cauchos-en-protesta-por-fallas-electricas\\\/#primaryimage\"},\"image\":{\"@id\":\"https:\\\/\\\/digital58.com.ve\\\/site\\\/2020\\\/05\\\/20\\\/tres-detenidos-en-carora-por-quemar-cauchos-en-protesta-por-fallas-electricas\\\/#primaryimage\"},\"thumbnailUrl\":\"https:\\\/\\\/digital58.com.ve\\\/site\\\/wp-content\\\/uploads\\\/2020\\\/05\\\/Cg73ekmW0AAcczh.jpg\",\"datePublished\":\"2020-05-20T20:19:25+00:00\",\"description\":\"Sucesos\",\"breadcrumb\":{\"@id\":\"https:\\\/\\\/digital58.com.ve\\\/site\\\/2020\\\/05\\\/20\\\/tres-detenidos-en-carora-por-quemar-cauchos-en-protesta-por-fallas-electricas\\\/#breadcrumb\"},\"inLanguage\":\"es\",\"potentialAction\":[{\"@type\":\"ReadAction\",\"target\":[\"https:\\\/\\\/digital58.com.ve\\\/site\\\/2020\\\/05\\\/20\\\/tres-detenidos-en-carora-por-quemar-cauchos-en-protesta-por-fallas-electricas\\\/\"]}]},{\"@type\":\"ImageObject\",\"inLanguage\":\"es\",\"@id\":\"https:\\\/\\\/digital58.com.ve\\\/site\\\/2020\\\/05\\\/20\\\/tres-detenidos-en-carora-por-quemar-cauchos-en-protesta-por-fallas-electricas\\\/#primaryimage\",\"url\":\"https:\\\/\\\/digital58.com.ve\\\/site\\\/wp-content\\\/uploads\\\/2020\\\/05\\\/Cg73ekmW0AAcczh.jpg\",\"contentUrl\":\"https:\\\/\\\/digital58.com.ve\\\/site\\\/wp-content\\\/uploads\\\/2020\\\/05\\\/Cg73ekmW0AAcczh.jpg\",\"width\":720,\"height\":540},{\"@type\":\"BreadcrumbList\",\"@id\":\"https:\\\/\\\/digital58.com.ve\\\/site\\\/2020\\\/05\\\/20\\\/tres-detenidos-en-carora-por-quemar-cauchos-en-protesta-por-fallas-electricas\\\/#breadcrumb\",\"itemListElement\":[{\"@type\":\"ListItem\",\"position\":1,\"name\":\"Home\",\"item\":\"https:\\\/\\\/digital58.com.ve\\\/site\\\/\"},{\"@type\":\"ListItem\",\"position\":2,\"name\":\"Tres detenidos en Carora por quemar cauchos en protesta por fallas el\u00e9ctricas\"}]},{\"@type\":\"WebSite\",\"@id\":\"https:\\\/\\\/digital58.com.ve\\\/site\\\/#website\",\"url\":\"https:\\\/\\\/digital58.com.ve\\\/site\\\/\",\"name\":\"Noticias Digital58\",\"description\":\"Portal de Noticias \u00a1Periodismo web de verdad! Lanzamiento web 22.11.2005 \\\/ Maracaibo, Venezuela\",\"publisher\":{\"@id\":\"https:\\\/\\\/digital58.com.ve\\\/site\\\/#\\\/schema\\\/person\\\/64d1c2e4d0d4fd1b849980c4331c2951\"},\"alternateName\":\"ND58\",\"potentialAction\":[{\"@type\":\"SearchAction\",\"target\":{\"@type\":\"EntryPoint\",\"urlTemplate\":\"https:\\\/\\\/digital58.com.ve\\\/site\\\/?s={search_term_string}\"},\"query-input\":{\"@type\":\"PropertyValueSpecification\",\"valueRequired\":true,\"valueName\":\"search_term_string\"}}],\"inLanguage\":\"es\"},{\"@type\":[\"Person\",\"Organization\"],\"@id\":\"https:\\\/\\\/digital58.com.ve\\\/site\\\/#\\\/schema\\\/person\\\/64d1c2e4d0d4fd1b849980c4331c2951\",\"name\":\"Villasmil Henry\",\"image\":{\"@type\":\"ImageObject\",\"inLanguage\":\"es\",\"@id\":\"https:\\\/\\\/secure.gravatar.com\\\/avatar\\\/bb0c4a2fcb7970138239f7e404ea75757b1b507b28b5ce4c53fbd62d797c5a7c?s=96&d=mm&r=g\",\"url\":\"https:\\\/\\\/secure.gravatar.com\\\/avatar\\\/bb0c4a2fcb7970138239f7e404ea75757b1b507b28b5ce4c53fbd62d797c5a7c?s=96&d=mm&r=g\",\"contentUrl\":\"https:\\\/\\\/secure.gravatar.com\\\/avatar\\\/bb0c4a2fcb7970138239f7e404ea75757b1b507b28b5ce4c53fbd62d797c5a7c?s=96&d=mm&r=g\",\"caption\":\"Villasmil Henry\"},\"logo\":{\"@id\":\"https:\\\/\\\/secure.gravatar.com\\\/avatar\\\/bb0c4a2fcb7970138239f7e404ea75757b1b507b28b5ce4c53fbd62d797c5a7c?s=96&d=mm&r=g\"},\"sameAs\":[\"http:\\\/\\\/www.henryvillasmil.com.ve\",\"https:\\\/\\\/www.instagram.com\\\/villasmilhfoto\\\/\",\"https:\\\/\\\/x.com\\\/https:\\\/\\\/twitter.com\\\/villasmilhfoto\"]},{\"@type\":\"Person\",\"@id\":\"https:\\\/\\\/digital58.com.ve\\\/site\\\/#\\\/schema\\\/person\\\/c61667ce6845137620ee3f0aaabade17\",\"name\":\"Molero Luis\",\"image\":{\"@type\":\"ImageObject\",\"inLanguage\":\"es\",\"@id\":\"https:\\\/\\\/secure.gravatar.com\\\/avatar\\\/bf041ec637e3e7405449807deb2f7cf3d2de7c6fa755dd56e985201de9863f2b?s=96&d=mm&r=g\",\"url\":\"https:\\\/\\\/secure.gravatar.com\\\/avatar\\\/bf041ec637e3e7405449807deb2f7cf3d2de7c6fa755dd56e985201de9863f2b?s=96&d=mm&r=g\",\"contentUrl\":\"https:\\\/\\\/secure.gravatar.com\\\/avatar\\\/bf041ec637e3e7405449807deb2f7cf3d2de7c6fa755dd56e985201de9863f2b?s=96&d=mm&r=g\",\"caption\":\"Molero Luis\"},\"url\":\"https:\\\/\\\/digital58.com.ve\\\/site\\\/author\\\/luismolero\\\/\"}]}<\/script>\n<!-- \/ Yoast SEO plugin. -->","yoast_head_json":{"title":"Tres detenidos en Carora por quemar cauchos en protesta por fallas el\u00e9ctricas","description":"Sucesos","robots":{"index":"index","follow":"follow","max-snippet":"max-snippet:-1","max-image-preview":"max-image-preview:large","max-video-preview":"max-video-preview:-1"},"canonical":"https:\/\/digital58.com.ve\/site\/2020\/05\/20\/tres-detenidos-en-carora-por-quemar-cauchos-en-protesta-por-fallas-electricas\/","og_locale":"es_ES","og_type":"article","og_title":"Tres detenidos en Carora por quemar cauchos en protesta por fallas el\u00e9ctricas","og_description":"Sucesos","og_url":"https:\/\/digital58.com.ve\/site\/2020\/05\/20\/tres-detenidos-en-carora-por-quemar-cauchos-en-protesta-por-fallas-electricas\/","og_site_name":"Noticias Digital58","article_published_time":"2020-05-20T20:19:25+00:00","og_image":[{"width":720,"height":540,"url":"https:\/\/digital58.com.ve\/site\/wp-content\/uploads\/2020\/05\/Cg73ekmW0AAcczh.jpg","type":"image\/jpeg"}],"author":"Molero Luis","twitter_card":"summary_large_image","twitter_creator":"@Digital_58","twitter_site":"@villasmilhfoto","twitter_misc":{"Escrito por":"Molero Luis","Tiempo estimado de lectura":"1 minuto"},"schema":{"@context":"https:\/\/schema.org","@graph":[{"@type":"Article","@id":"https:\/\/digital58.com.ve\/site\/2020\/05\/20\/tres-detenidos-en-carora-por-quemar-cauchos-en-protesta-por-fallas-electricas\/#article","isPartOf":{"@id":"https:\/\/digital58.com.ve\/site\/2020\/05\/20\/tres-detenidos-en-carora-por-quemar-cauchos-en-protesta-por-fallas-electricas\/"},"author":{"name":"Molero Luis","@id":"https:\/\/digital58.com.ve\/site\/#\/schema\/person\/c61667ce6845137620ee3f0aaabade17"},"headline":"Tres detenidos en Carora por quemar cauchos en protesta por fallas el\u00e9ctricas","datePublished":"2020-05-20T20:19:25+00:00","mainEntityOfPage":{"@id":"https:\/\/digital58.com.ve\/site\/2020\/05\/20\/tres-detenidos-en-carora-por-quemar-cauchos-en-protesta-por-fallas-electricas\/"},"wordCount":220,"commentCount":0,"publisher":{"@id":"https:\/\/digital58.com.ve\/site\/#\/schema\/person\/64d1c2e4d0d4fd1b849980c4331c2951"},"image":{"@id":"https:\/\/digital58.com.ve\/site\/2020\/05\/20\/tres-detenidos-en-carora-por-quemar-cauchos-en-protesta-por-fallas-electricas\/#primaryimage"},"thumbnailUrl":"https:\/\/digital58.com.ve\/site\/wp-content\/uploads\/2020\/05\/Cg73ekmW0AAcczh.jpg","keywords":["Apagones","Carora","Nacionales"],"articleSection":["Sucesos"],"inLanguage":"es","potentialAction":[{"@type":"CommentAction","name":"Comment","target":["https:\/\/digital58.com.ve\/site\/2020\/05\/20\/tres-detenidos-en-carora-por-quemar-cauchos-en-protesta-por-fallas-electricas\/#respond"]}]},{"@type":"WebPage","@id":"https:\/\/digital58.com.ve\/site\/2020\/05\/20\/tres-detenidos-en-carora-por-quemar-cauchos-en-protesta-por-fallas-electricas\/","url":"https:\/\/digital58.com.ve\/site\/2020\/05\/20\/tres-detenidos-en-carora-por-quemar-cauchos-en-protesta-por-fallas-electricas\/","name":"Tres detenidos en Carora por quemar cauchos en protesta por fallas el\u00e9ctricas","isPartOf":{"@id":"https:\/\/digital58.com.ve\/site\/#website"},"primaryImageOfPage":{"@id":"https:\/\/digital58.com.ve\/site\/2020\/05\/20\/tres-detenidos-en-carora-por-quemar-cauchos-en-protesta-por-fallas-electricas\/#primaryimage"},"image":{"@id":"https:\/\/digital58.com.ve\/site\/2020\/05\/20\/tres-detenidos-en-carora-por-quemar-cauchos-en-protesta-por-fallas-electricas\/#primaryimage"},"thumbnailUrl":"https:\/\/digital58.com.ve\/site\/wp-content\/uploads\/2020\/05\/Cg73ekmW0AAcczh.jpg","datePublished":"2020-05-20T20:19:25+00:00","description":"Sucesos","breadcrumb":{"@id":"https:\/\/digital58.com.ve\/site\/2020\/05\/20\/tres-detenidos-en-carora-por-quemar-cauchos-en-protesta-por-fallas-electricas\/#breadcrumb"},"inLanguage":"es","potentialAction":[{"@type":"ReadAction","target":["https:\/\/digital58.com.ve\/site\/2020\/05\/20\/tres-detenidos-en-carora-por-quemar-cauchos-en-protesta-por-fallas-electricas\/"]}]},{"@type":"ImageObject","inLanguage":"es","@id":"https:\/\/digital58.com.ve\/site\/2020\/05\/20\/tres-detenidos-en-carora-por-quemar-cauchos-en-protesta-por-fallas-electricas\/#primaryimage","url":"https:\/\/digital58.com.ve\/site\/wp-content\/uploads\/2020\/05\/Cg73ekmW0AAcczh.jpg","contentUrl":"https:\/\/digital58.com.ve\/site\/wp-content\/uploads\/2020\/05\/Cg73ekmW0AAcczh.jpg","width":720,"height":540},{"@type":"BreadcrumbList","@id":"https:\/\/digital58.com.ve\/site\/2020\/05\/20\/tres-detenidos-en-carora-por-quemar-cauchos-en-protesta-por-fallas-electricas\/#breadcrumb","itemListElement":[{"@type":"ListItem","position":1,"name":"Home","item":"https:\/\/digital58.com.ve\/site\/"},{"@type":"ListItem","position":2,"name":"Tres detenidos en Carora por quemar cauchos en protesta por fallas el\u00e9ctricas"}]},{"@type":"WebSite","@id":"https:\/\/digital58.com.ve\/site\/#website","url":"https:\/\/digital58.com.ve\/site\/","name":"Noticias Digital58","description":"Portal de Noticias \u00a1Periodismo web de verdad! Lanzamiento web 22.11.2005 \/ Maracaibo, Venezuela","publisher":{"@id":"https:\/\/digital58.com.ve\/site\/#\/schema\/person\/64d1c2e4d0d4fd1b849980c4331c2951"},"alternateName":"ND58","potentialAction":[{"@type":"SearchAction","target":{"@type":"EntryPoint","urlTemplate":"https:\/\/digital58.com.ve\/site\/?s={search_term_string}"},"query-input":{"@type":"PropertyValueSpecification","valueRequired":true,"valueName":"search_term_string"}}],"inLanguage":"es"},{"@type":["Person","Organization"],"@id":"https:\/\/digital58.com.ve\/site\/#\/schema\/person\/64d1c2e4d0d4fd1b849980c4331c2951","name":"Villasmil Henry","image":{"@type":"ImageObject","inLanguage":"es","@id":"https:\/\/secure.gravatar.com\/avatar\/bb0c4a2fcb7970138239f7e404ea75757b1b507b28b5ce4c53fbd62d797c5a7c?s=96&d=mm&r=g","url":"https:\/\/secure.gravatar.com\/avatar\/bb0c4a2fcb7970138239f7e404ea75757b1b507b28b5ce4c53fbd62d797c5a7c?s=96&d=mm&r=g","contentUrl":"https:\/\/secure.gravatar.com\/avatar\/bb0c4a2fcb7970138239f7e404ea75757b1b507b28b5ce4c53fbd62d797c5a7c?s=96&d=mm&r=g","caption":"Villasmil Henry"},"logo":{"@id":"https:\/\/secure.gravatar.com\/avatar\/bb0c4a2fcb7970138239f7e404ea75757b1b507b28b5ce4c53fbd62d797c5a7c?s=96&d=mm&r=g"},"sameAs":["http:\/\/www.henryvillasmil.com.ve","https:\/\/www.instagram.com\/villasmilhfoto\/","https:\/\/x.com\/https:\/\/twitter.com\/villasmilhfoto"]},{"@type":"Person","@id":"https:\/\/digital58.com.ve\/site\/#\/schema\/person\/c61667ce6845137620ee3f0aaabade17","name":"Molero Luis","image":{"@type":"ImageObject","inLanguage":"es","@id":"https:\/\/secure.gravatar.com\/avatar\/bf041ec637e3e7405449807deb2f7cf3d2de7c6fa755dd56e985201de9863f2b?s=96&d=mm&r=g","url":"https:\/\/secure.gravatar.com\/avatar\/bf041ec637e3e7405449807deb2f7cf3d2de7c6fa755dd56e985201de9863f2b?s=96&d=mm&r=g","contentUrl":"https:\/\/secure.gravatar.com\/avatar\/bf041ec637e3e7405449807deb2f7cf3d2de7c6fa755dd56e985201de9863f2b?s=96&d=mm&r=g","caption":"Molero Luis"},"url":"https:\/\/digital58.com.ve\/site\/author\/luismolero\/"}]}},"uagb_featured_image_src":{"full":["https:\/\/digital58.com.ve\/site\/wp-content\/uploads\/2020\/05\/Cg73ekmW0AAcczh.jpg",720,540,false],"thumbnail":["https:\/\/digital58.com.ve\/site\/wp-content\/uploads\/2020\/05\/Cg73ekmW0AAcczh-150x150.jpg",150,150,true],"medium":["https:\/\/digital58.com.ve\/site\/wp-content\/uploads\/2020\/05\/Cg73ekmW0AAcczh-300x225.jpg",300,225,true],"medium_large":["https:\/\/digital58.com.ve\/site\/wp-content\/uploads\/2020\/05\/Cg73ekmW0AAcczh.jpg",720,540,false],"large":["https:\/\/digital58.com.ve\/site\/wp-content\/uploads\/2020\/05\/Cg73ekmW0AAcczh.jpg",720,540,false],"1536x1536":["https:\/\/digital58.com.ve\/site\/wp-content\/uploads\/2020\/05\/Cg73ekmW0AAcczh.jpg",720,540,false],"2048x2048":["https:\/\/digital58.com.ve\/site\/wp-content\/uploads\/2020\/05\/Cg73ekmW0AAcczh.jpg",720,540,false],"colormag-highlighted-post":["https:\/\/digital58.com.ve\/site\/wp-content\/uploads\/2020\/05\/Cg73ekmW0AAcczh.jpg",363,272,false],"colormag-featured-post-medium":["https:\/\/digital58.com.ve\/site\/wp-content\/uploads\/2020\/05\/Cg73ekmW0AAcczh.jpg",273,205,false],"colormag-featured-post-small":["https:\/\/digital58.com.ve\/site\/wp-content\/uploads\/2020\/05\/Cg73ekmW0AAcczh.jpg",120,90,false],"colormag-featured-image":["https:\/\/digital58.com.ve\/site\/wp-content\/uploads\/2020\/05\/Cg73ekmW0AAcczh.jpg",593,445,false],"colormag-default-news":["https:\/\/digital58.com.ve\/site\/wp-content\/uploads\/2020\/05\/Cg73ekmW0AAcczh.jpg",150,113,false],"colormag-featured-image-large":["https:\/\/digital58.com.ve\/site\/wp-content\/uploads\/2020\/05\/Cg73ekmW0AAcczh.jpg",720,540,false]},"uagb_author_info":{"display_name":"Molero Luis","author_link":"https:\/\/digital58.com.ve\/site\/author\/luismolero\/"},"uagb_comment_info":0,"uagb_excerpt":"Durante la protesta se origin\u00f3 un incendio en la antigua planta el\u00e9ctrica de la zona que fue controlado por los","_links":{"self":[{"href":"https:\/\/digital58.com.ve\/site\/wp-json\/wp\/v2\/posts\/101489","targetHints":{"allow":["GET"]}}],"collection":[{"href":"https:\/\/digital58.com.ve\/site\/wp-json\/wp\/v2\/posts"}],"about":[{"href":"https:\/\/digital58.com.ve\/site\/wp-json\/wp\/v2\/types\/post"}],"author":[{"embeddable":true,"href":"https:\/\/digital58.com.ve\/site\/wp-json\/wp\/v2\/users\/26"}],"replies":[{"embeddable":true,"href":"https:\/\/digital58.com.ve\/site\/wp-json\/wp\/v2\/comments?post=101489"}],"version-history":[{"count":0,"href":"https:\/\/digital58.com.ve\/site\/wp-json\/wp\/v2\/posts\/101489\/revisions"}],"wp:featuredmedia":[{"embeddable":true,"href":"https:\/\/digital58.com.ve\/site\/wp-json\/wp\/v2\/media\/101491"}],"wp:attachment":[{"href":"https:\/\/digital58.com.ve\/site\/wp-json\/wp\/v2\/media?parent=101489"}],"wp:term":[{"taxonomy":"category","embeddable":true,"href":"https:\/\/digital58.com.ve\/site\/wp-json\/wp\/v2\/categories?post=101489"},{"taxonomy":"post_tag","embeddable":true,"href":"https:\/\/digital58.com.ve\/site\/wp-json\/wp\/v2\/tags?post=101489"}],"curies":[{"name":"wp","href":"https:\/\/api.w.org\/{rel}","templated":true}]}}