{"id":101618,"date":"2020-05-21T13:34:08","date_gmt":"2020-05-21T17:34:08","guid":{"rendered":"https:\/\/digital58.com.ve\/site\/?p=101618"},"modified":"2020-05-21T13:34:08","modified_gmt":"2020-05-21T17:34:08","slug":"fcu-luz-estudiantes-universitarios-zulianos-no-pueden-ver-clases-a-distancia-por-los-cortes-electricos","status":"publish","type":"post","link":"https:\/\/digital58.com.ve\/site\/2020\/05\/21\/fcu-luz-estudiantes-universitarios-zulianos-no-pueden-ver-clases-a-distancia-por-los-cortes-electricos\/","title":{"rendered":"FCU-LUZ: Estudiantes universitarios zulianos no pueden ver clases a distancia por los cortes el\u00e9ctricos"},"content":{"rendered":"<p><img loading=\"lazy\" decoding=\"async\" class=\"aligncenter wp-image-101619 size-full\" src=\"https:\/\/digital58.com.ve\/site\/wp-content\/uploads\/2020\/05\/unnamed-36.jpg\" alt=\"\" width=\"512\" height=\"319\" srcset=\"https:\/\/digital58.com.ve\/site\/wp-content\/uploads\/2020\/05\/unnamed-36.jpg 512w, https:\/\/digital58.com.ve\/site\/wp-content\/uploads\/2020\/05\/unnamed-36-300x187.jpg 300w\" sizes=\"auto, (max-width: 512px) 100vw, 512px\" \/><\/p>\n<p>El derecho a la educaci\u00f3n en el estado Zulia est\u00e1 siendo violentado, pues los cortes el\u00e9ctricos diarios no programados no sumado a las p\u00e9simas condiciones del servicio \u00a0de internet en la regi\u00f3n, y en todo el pa\u00eds, imposibilitan a los estudiantes universitarios cumplir con las clases a distancia, lo que forma parte de las medidas de prevenci\u00f3n tomadas ante la pandemia del COVID-19.<\/p>\n<p><strong>Maracaibo, Zulia, Venezuela, 21 de mayo de 2020 (ND58).-<\/strong>Ante esta situaci\u00f3n, la presidente de la Federaci\u00f3n de Centros Universitarios de la Universidad del Zulia y dirigente regional de Primero Justicia Yeissel P\u00e9rez, afirm\u00f3 que \u00ablos cortes no programados que se han presentado en nuestro estado nos impiden a los estudiantes universitarios cada vez m\u00e1s a ver clases a distancia, sin contar con que el servicio de internet no es \u00f3ptimo y del pa\u00eds en general es el segundo internet m\u00e1s lento del mundo\u00bb<\/p>\n<p>De igual forma, en nombre de los estudiantes zulianos denunci\u00f3 la violaci\u00f3n de los derechos a la educaci\u00f3n y exigi\u00f3 a los organismos\u00a0 encargados que se ocupen de restaurar el servicio el\u00e9ctrico para que los universitarios que viven en los diferentes municipios del Zulia puedan ver clases a distancia en \u00f3ptimas condiciones.<\/p>\n<p><img loading=\"lazy\" decoding=\"async\" class=\"aligncenter wp-image-101620 size-full\" src=\"https:\/\/digital58.com.ve\/site\/wp-content\/uploads\/2020\/05\/IMG-20200521-WA0033.jpg\" alt=\"\" width=\"1080\" height=\"717\" srcset=\"https:\/\/digital58.com.ve\/site\/wp-content\/uploads\/2020\/05\/IMG-20200521-WA0033.jpg 1080w, https:\/\/digital58.com.ve\/site\/wp-content\/uploads\/2020\/05\/IMG-20200521-WA0033-300x199.jpg 300w, https:\/\/digital58.com.ve\/site\/wp-content\/uploads\/2020\/05\/IMG-20200521-WA0033-768x510.jpg 768w, https:\/\/digital58.com.ve\/site\/wp-content\/uploads\/2020\/05\/IMG-20200521-WA0033-480x320.jpg 480w\" sizes=\"auto, (max-width: 1080px) 100vw, 1080px\" \/><\/p>\n<p>Refiri\u00f3 que la crisis el\u00e9ctrica no solo afecta al estudiantado, quienes son los m\u00e1s vulnerables, sino tambi\u00e9n a los profesores que quiz\u00e1s no estaban preparados con las herramientas tecnol\u00f3gicas necesarias para implementar las aulas virtuales.<\/p>\n<p>\u00ab \u00bfC\u00f3mo hace un estudiante que tiene clases virtuales a las cinco de la tarde cuando no sabe ni siquiera el profesor si a las cinco de la tarde va a tener electricidad? \u00bfC\u00f3mo hace un profesor que no estaba preparado que no estaba preparado con las herramientas tecnol\u00f3gicas necesarias para dar clases?\u00bb, cuestion\u00f3.<\/p>\n<p>Finalmente, la dirigente de Primero Justicia Zulia, enfatiz\u00f3 que est\u00e1 en vilo la educaci\u00f3n universitaria venezolana. \u00abSi ya antes no cuestion\u00e1bamos si est\u00e1bamos recibiendo una educaci\u00f3n de calidad en Venezuela ahora es a\u00fan m\u00e1s cuestionable a ra\u00edz de esta contingencia que atraviesa el mundo\u00bb, reiter\u00f3<\/p><div class=\"ljtoa69efbe0018cb6\" ><p style=\"text-align: center;\"><a href=\"https:\/\/t.me\/noticiasdigital58\" target=\"_blank\" rel=\"noopener\"><img class=\"aligncenter size-full wp-image-125363\" src=\"https:\/\/digital58.com.ve\/site\/wp-content\/uploads\/2021\/04\/banner-telegram-web-2021.png\" alt=\"\" width=\"600\" height=\"90\" \/><\/a><\/p><\/div><style type=\"text\/css\">\r\n@media screen and (min-width: 1201px) {\r\n.ljtoa69efbe0018cb6 {\r\ndisplay: block;\r\n}\r\n}\r\n@media screen and (min-width: 993px) and (max-width: 1200px) {\r\n.ljtoa69efbe0018cb6 {\r\ndisplay: block;\r\n}\r\n}\r\n@media screen and (min-width: 769px) and (max-width: 992px) {\r\n.ljtoa69efbe0018cb6 {\r\ndisplay: block;\r\n}\r\n}\r\n@media screen and (min-width: 768px) and (max-width: 768px) {\r\n.ljtoa69efbe0018cb6 {\r\ndisplay: block;\r\n}\r\n}\r\n@media screen and (max-width: 767px) {\r\n.ljtoa69efbe0018cb6 {\r\ndisplay: block;\r\n}\r\n}\r\n<\/style>\r\n\n<p><strong>Redacci\u00f3n: Molero, Luis (@Moleromarquez) | Fuente: Nota de Prensa<\/strong><br \/>\n<strong>Edici\u00f3n: Villasmil, Henry<\/strong><br \/>\n<strong>Gr\u00e1ficas: Cortesia<\/strong><\/p>\n<div style=\"margin-top: 0px; margin-bottom: 0px;\" class=\"sharethis-inline-share-buttons\" ><\/div>","protected":false},"excerpt":{"rendered":"<p>El derecho a la educaci\u00f3n en el estado Zulia est\u00e1 siendo violentado, pues los cortes el\u00e9ctricos diarios no programados no<\/p>\n","protected":false},"author":26,"featured_media":101620,"comment_status":"open","ping_status":"closed","sticky":false,"template":"","format":"standard","meta":{"colormag_page_container_layout":"default_layout","colormag_page_sidebar_layout":"default_layout","_uag_custom_page_level_css":"","footnotes":""},"categories":[14504],"tags":[14883,14882,13530,294,2717,761],"class_list":["post-101618","post","type-post","status-publish","format-standard","has-post-thumbnail","hentry","category-zulia","tag-clases-a-distancia","tag-cortes-electricos","tag-fcu","tag-luz","tag-primero-justicia","tag-zulia"],"yoast_head":"<!-- This site is optimized with the Yoast SEO plugin v27.4 - https:\/\/yoast.com\/product\/yoast-seo-wordpress\/ -->\n<title>FCU-LUZ: Estudiantes universitarios zulianos no pueden ver clases a distancia por los cortes el\u00e9ctricos<\/title>\n<meta name=\"robots\" content=\"index, follow, max-snippet:-1, max-image-preview:large, max-video-preview:-1\" \/>\n<link rel=\"canonical\" href=\"https:\/\/digital58.com.ve\/site\/2020\/05\/21\/fcu-luz-estudiantes-universitarios-zulianos-no-pueden-ver-clases-a-distancia-por-los-cortes-electricos\/\" \/>\n<meta property=\"og:locale\" content=\"es_ES\" \/>\n<meta property=\"og:type\" content=\"article\" \/>\n<meta property=\"og:title\" content=\"FCU-LUZ: Estudiantes universitarios zulianos no pueden ver clases a distancia por los cortes el\u00e9ctricos\" \/>\n<meta property=\"og:url\" content=\"https:\/\/digital58.com.ve\/site\/2020\/05\/21\/fcu-luz-estudiantes-universitarios-zulianos-no-pueden-ver-clases-a-distancia-por-los-cortes-electricos\/\" \/>\n<meta property=\"og:site_name\" content=\"Noticias Digital58\" \/>\n<meta property=\"article:published_time\" content=\"2020-05-21T17:34:08+00:00\" \/>\n<meta property=\"og:image\" content=\"https:\/\/digital58.com.ve\/site\/wp-content\/uploads\/2020\/05\/IMG-20200521-WA0033.jpg\" \/>\n\t<meta property=\"og:image:width\" content=\"1080\" \/>\n\t<meta property=\"og:image:height\" content=\"717\" \/>\n\t<meta property=\"og:image:type\" content=\"image\/jpeg\" \/>\n<meta name=\"author\" content=\"Molero Luis\" \/>\n<meta name=\"twitter:card\" content=\"summary_large_image\" \/>\n<meta name=\"twitter:creator\" content=\"@Digital_58\" \/>\n<meta name=\"twitter:site\" content=\"@villasmilhfoto\" \/>\n<meta name=\"twitter:label1\" content=\"Escrito por\" \/>\n\t<meta name=\"twitter:data1\" content=\"Molero Luis\" \/>\n\t<meta name=\"twitter:label2\" content=\"Tiempo estimado de lectura\" \/>\n\t<meta name=\"twitter:data2\" content=\"2 minutos\" \/>\n<script type=\"application\/ld+json\" class=\"yoast-schema-graph\">{\"@context\":\"https:\\\/\\\/schema.org\",\"@graph\":[{\"@type\":\"Article\",\"@id\":\"https:\\\/\\\/digital58.com.ve\\\/site\\\/2020\\\/05\\\/21\\\/fcu-luz-estudiantes-universitarios-zulianos-no-pueden-ver-clases-a-distancia-por-los-cortes-electricos\\\/#article\",\"isPartOf\":{\"@id\":\"https:\\\/\\\/digital58.com.ve\\\/site\\\/2020\\\/05\\\/21\\\/fcu-luz-estudiantes-universitarios-zulianos-no-pueden-ver-clases-a-distancia-por-los-cortes-electricos\\\/\"},\"author\":{\"name\":\"Molero Luis\",\"@id\":\"https:\\\/\\\/digital58.com.ve\\\/site\\\/#\\\/schema\\\/person\\\/c61667ce6845137620ee3f0aaabade17\"},\"headline\":\"FCU-LUZ: Estudiantes universitarios zulianos no pueden ver clases a distancia por los cortes el\u00e9ctricos\",\"datePublished\":\"2020-05-21T17:34:08+00:00\",\"mainEntityOfPage\":{\"@id\":\"https:\\\/\\\/digital58.com.ve\\\/site\\\/2020\\\/05\\\/21\\\/fcu-luz-estudiantes-universitarios-zulianos-no-pueden-ver-clases-a-distancia-por-los-cortes-electricos\\\/\"},\"wordCount\":391,\"commentCount\":0,\"publisher\":{\"@id\":\"https:\\\/\\\/digital58.com.ve\\\/site\\\/#\\\/schema\\\/person\\\/64d1c2e4d0d4fd1b849980c4331c2951\"},\"image\":{\"@id\":\"https:\\\/\\\/digital58.com.ve\\\/site\\\/2020\\\/05\\\/21\\\/fcu-luz-estudiantes-universitarios-zulianos-no-pueden-ver-clases-a-distancia-por-los-cortes-electricos\\\/#primaryimage\"},\"thumbnailUrl\":\"https:\\\/\\\/digital58.com.ve\\\/site\\\/wp-content\\\/uploads\\\/2020\\\/05\\\/IMG-20200521-WA0033.jpg\",\"keywords\":[\"Clases a Distancia\",\"Cortes el\u00e9ctricos\",\"FCU\",\"LUZ\",\"Primero Justicia\",\"Zulia\"],\"articleSection\":[\"Zulia\"],\"inLanguage\":\"es\",\"potentialAction\":[{\"@type\":\"CommentAction\",\"name\":\"Comment\",\"target\":[\"https:\\\/\\\/digital58.com.ve\\\/site\\\/2020\\\/05\\\/21\\\/fcu-luz-estudiantes-universitarios-zulianos-no-pueden-ver-clases-a-distancia-por-los-cortes-electricos\\\/#respond\"]}]},{\"@type\":\"WebPage\",\"@id\":\"https:\\\/\\\/digital58.com.ve\\\/site\\\/2020\\\/05\\\/21\\\/fcu-luz-estudiantes-universitarios-zulianos-no-pueden-ver-clases-a-distancia-por-los-cortes-electricos\\\/\",\"url\":\"https:\\\/\\\/digital58.com.ve\\\/site\\\/2020\\\/05\\\/21\\\/fcu-luz-estudiantes-universitarios-zulianos-no-pueden-ver-clases-a-distancia-por-los-cortes-electricos\\\/\",\"name\":\"FCU-LUZ: Estudiantes universitarios zulianos no pueden ver clases a distancia por los cortes el\u00e9ctricos\",\"isPartOf\":{\"@id\":\"https:\\\/\\\/digital58.com.ve\\\/site\\\/#website\"},\"primaryImageOfPage\":{\"@id\":\"https:\\\/\\\/digital58.com.ve\\\/site\\\/2020\\\/05\\\/21\\\/fcu-luz-estudiantes-universitarios-zulianos-no-pueden-ver-clases-a-distancia-por-los-cortes-electricos\\\/#primaryimage\"},\"image\":{\"@id\":\"https:\\\/\\\/digital58.com.ve\\\/site\\\/2020\\\/05\\\/21\\\/fcu-luz-estudiantes-universitarios-zulianos-no-pueden-ver-clases-a-distancia-por-los-cortes-electricos\\\/#primaryimage\"},\"thumbnailUrl\":\"https:\\\/\\\/digital58.com.ve\\\/site\\\/wp-content\\\/uploads\\\/2020\\\/05\\\/IMG-20200521-WA0033.jpg\",\"datePublished\":\"2020-05-21T17:34:08+00:00\",\"breadcrumb\":{\"@id\":\"https:\\\/\\\/digital58.com.ve\\\/site\\\/2020\\\/05\\\/21\\\/fcu-luz-estudiantes-universitarios-zulianos-no-pueden-ver-clases-a-distancia-por-los-cortes-electricos\\\/#breadcrumb\"},\"inLanguage\":\"es\",\"potentialAction\":[{\"@type\":\"ReadAction\",\"target\":[\"https:\\\/\\\/digital58.com.ve\\\/site\\\/2020\\\/05\\\/21\\\/fcu-luz-estudiantes-universitarios-zulianos-no-pueden-ver-clases-a-distancia-por-los-cortes-electricos\\\/\"]}]},{\"@type\":\"ImageObject\",\"inLanguage\":\"es\",\"@id\":\"https:\\\/\\\/digital58.com.ve\\\/site\\\/2020\\\/05\\\/21\\\/fcu-luz-estudiantes-universitarios-zulianos-no-pueden-ver-clases-a-distancia-por-los-cortes-electricos\\\/#primaryimage\",\"url\":\"https:\\\/\\\/digital58.com.ve\\\/site\\\/wp-content\\\/uploads\\\/2020\\\/05\\\/IMG-20200521-WA0033.jpg\",\"contentUrl\":\"https:\\\/\\\/digital58.com.ve\\\/site\\\/wp-content\\\/uploads\\\/2020\\\/05\\\/IMG-20200521-WA0033.jpg\",\"width\":1080,\"height\":717},{\"@type\":\"BreadcrumbList\",\"@id\":\"https:\\\/\\\/digital58.com.ve\\\/site\\\/2020\\\/05\\\/21\\\/fcu-luz-estudiantes-universitarios-zulianos-no-pueden-ver-clases-a-distancia-por-los-cortes-electricos\\\/#breadcrumb\",\"itemListElement\":[{\"@type\":\"ListItem\",\"position\":1,\"name\":\"Home\",\"item\":\"https:\\\/\\\/digital58.com.ve\\\/site\\\/\"},{\"@type\":\"ListItem\",\"position\":2,\"name\":\"FCU-LUZ: Estudiantes universitarios zulianos no pueden ver clases a distancia por los cortes el\u00e9ctricos\"}]},{\"@type\":\"WebSite\",\"@id\":\"https:\\\/\\\/digital58.com.ve\\\/site\\\/#website\",\"url\":\"https:\\\/\\\/digital58.com.ve\\\/site\\\/\",\"name\":\"Noticias Digital58\",\"description\":\"Portal de Noticias \u00a1Periodismo web de verdad! Lanzamiento web 22.11.2005 \\\/ Maracaibo, Venezuela\",\"publisher\":{\"@id\":\"https:\\\/\\\/digital58.com.ve\\\/site\\\/#\\\/schema\\\/person\\\/64d1c2e4d0d4fd1b849980c4331c2951\"},\"alternateName\":\"ND58\",\"potentialAction\":[{\"@type\":\"SearchAction\",\"target\":{\"@type\":\"EntryPoint\",\"urlTemplate\":\"https:\\\/\\\/digital58.com.ve\\\/site\\\/?s={search_term_string}\"},\"query-input\":{\"@type\":\"PropertyValueSpecification\",\"valueRequired\":true,\"valueName\":\"search_term_string\"}}],\"inLanguage\":\"es\"},{\"@type\":[\"Person\",\"Organization\"],\"@id\":\"https:\\\/\\\/digital58.com.ve\\\/site\\\/#\\\/schema\\\/person\\\/64d1c2e4d0d4fd1b849980c4331c2951\",\"name\":\"Villasmil Henry\",\"image\":{\"@type\":\"ImageObject\",\"inLanguage\":\"es\",\"@id\":\"https:\\\/\\\/secure.gravatar.com\\\/avatar\\\/bb0c4a2fcb7970138239f7e404ea75757b1b507b28b5ce4c53fbd62d797c5a7c?s=96&d=mm&r=g\",\"url\":\"https:\\\/\\\/secure.gravatar.com\\\/avatar\\\/bb0c4a2fcb7970138239f7e404ea75757b1b507b28b5ce4c53fbd62d797c5a7c?s=96&d=mm&r=g\",\"contentUrl\":\"https:\\\/\\\/secure.gravatar.com\\\/avatar\\\/bb0c4a2fcb7970138239f7e404ea75757b1b507b28b5ce4c53fbd62d797c5a7c?s=96&d=mm&r=g\",\"caption\":\"Villasmil Henry\"},\"logo\":{\"@id\":\"https:\\\/\\\/secure.gravatar.com\\\/avatar\\\/bb0c4a2fcb7970138239f7e404ea75757b1b507b28b5ce4c53fbd62d797c5a7c?s=96&d=mm&r=g\"},\"sameAs\":[\"http:\\\/\\\/www.henryvillasmil.com.ve\",\"https:\\\/\\\/www.instagram.com\\\/villasmilhfoto\\\/\",\"https:\\\/\\\/x.com\\\/https:\\\/\\\/twitter.com\\\/villasmilhfoto\"]},{\"@type\":\"Person\",\"@id\":\"https:\\\/\\\/digital58.com.ve\\\/site\\\/#\\\/schema\\\/person\\\/c61667ce6845137620ee3f0aaabade17\",\"name\":\"Molero Luis\",\"image\":{\"@type\":\"ImageObject\",\"inLanguage\":\"es\",\"@id\":\"https:\\\/\\\/secure.gravatar.com\\\/avatar\\\/bf041ec637e3e7405449807deb2f7cf3d2de7c6fa755dd56e985201de9863f2b?s=96&d=mm&r=g\",\"url\":\"https:\\\/\\\/secure.gravatar.com\\\/avatar\\\/bf041ec637e3e7405449807deb2f7cf3d2de7c6fa755dd56e985201de9863f2b?s=96&d=mm&r=g\",\"contentUrl\":\"https:\\\/\\\/secure.gravatar.com\\\/avatar\\\/bf041ec637e3e7405449807deb2f7cf3d2de7c6fa755dd56e985201de9863f2b?s=96&d=mm&r=g\",\"caption\":\"Molero Luis\"},\"url\":\"https:\\\/\\\/digital58.com.ve\\\/site\\\/author\\\/luismolero\\\/\"}]}<\/script>\n<!-- \/ Yoast SEO plugin. -->","yoast_head_json":{"title":"FCU-LUZ: Estudiantes universitarios zulianos no pueden ver clases a distancia por los cortes el\u00e9ctricos","robots":{"index":"index","follow":"follow","max-snippet":"max-snippet:-1","max-image-preview":"max-image-preview:large","max-video-preview":"max-video-preview:-1"},"canonical":"https:\/\/digital58.com.ve\/site\/2020\/05\/21\/fcu-luz-estudiantes-universitarios-zulianos-no-pueden-ver-clases-a-distancia-por-los-cortes-electricos\/","og_locale":"es_ES","og_type":"article","og_title":"FCU-LUZ: Estudiantes universitarios zulianos no pueden ver clases a distancia por los cortes el\u00e9ctricos","og_url":"https:\/\/digital58.com.ve\/site\/2020\/05\/21\/fcu-luz-estudiantes-universitarios-zulianos-no-pueden-ver-clases-a-distancia-por-los-cortes-electricos\/","og_site_name":"Noticias Digital58","article_published_time":"2020-05-21T17:34:08+00:00","og_image":[{"width":1080,"height":717,"url":"https:\/\/digital58.com.ve\/site\/wp-content\/uploads\/2020\/05\/IMG-20200521-WA0033.jpg","type":"image\/jpeg"}],"author":"Molero Luis","twitter_card":"summary_large_image","twitter_creator":"@Digital_58","twitter_site":"@villasmilhfoto","twitter_misc":{"Escrito por":"Molero Luis","Tiempo estimado de lectura":"2 minutos"},"schema":{"@context":"https:\/\/schema.org","@graph":[{"@type":"Article","@id":"https:\/\/digital58.com.ve\/site\/2020\/05\/21\/fcu-luz-estudiantes-universitarios-zulianos-no-pueden-ver-clases-a-distancia-por-los-cortes-electricos\/#article","isPartOf":{"@id":"https:\/\/digital58.com.ve\/site\/2020\/05\/21\/fcu-luz-estudiantes-universitarios-zulianos-no-pueden-ver-clases-a-distancia-por-los-cortes-electricos\/"},"author":{"name":"Molero Luis","@id":"https:\/\/digital58.com.ve\/site\/#\/schema\/person\/c61667ce6845137620ee3f0aaabade17"},"headline":"FCU-LUZ: Estudiantes universitarios zulianos no pueden ver clases a distancia por los cortes el\u00e9ctricos","datePublished":"2020-05-21T17:34:08+00:00","mainEntityOfPage":{"@id":"https:\/\/digital58.com.ve\/site\/2020\/05\/21\/fcu-luz-estudiantes-universitarios-zulianos-no-pueden-ver-clases-a-distancia-por-los-cortes-electricos\/"},"wordCount":391,"commentCount":0,"publisher":{"@id":"https:\/\/digital58.com.ve\/site\/#\/schema\/person\/64d1c2e4d0d4fd1b849980c4331c2951"},"image":{"@id":"https:\/\/digital58.com.ve\/site\/2020\/05\/21\/fcu-luz-estudiantes-universitarios-zulianos-no-pueden-ver-clases-a-distancia-por-los-cortes-electricos\/#primaryimage"},"thumbnailUrl":"https:\/\/digital58.com.ve\/site\/wp-content\/uploads\/2020\/05\/IMG-20200521-WA0033.jpg","keywords":["Clases a Distancia","Cortes el\u00e9ctricos","FCU","LUZ","Primero Justicia","Zulia"],"articleSection":["Zulia"],"inLanguage":"es","potentialAction":[{"@type":"CommentAction","name":"Comment","target":["https:\/\/digital58.com.ve\/site\/2020\/05\/21\/fcu-luz-estudiantes-universitarios-zulianos-no-pueden-ver-clases-a-distancia-por-los-cortes-electricos\/#respond"]}]},{"@type":"WebPage","@id":"https:\/\/digital58.com.ve\/site\/2020\/05\/21\/fcu-luz-estudiantes-universitarios-zulianos-no-pueden-ver-clases-a-distancia-por-los-cortes-electricos\/","url":"https:\/\/digital58.com.ve\/site\/2020\/05\/21\/fcu-luz-estudiantes-universitarios-zulianos-no-pueden-ver-clases-a-distancia-por-los-cortes-electricos\/","name":"FCU-LUZ: Estudiantes universitarios zulianos no pueden ver clases a distancia por los cortes el\u00e9ctricos","isPartOf":{"@id":"https:\/\/digital58.com.ve\/site\/#website"},"primaryImageOfPage":{"@id":"https:\/\/digital58.com.ve\/site\/2020\/05\/21\/fcu-luz-estudiantes-universitarios-zulianos-no-pueden-ver-clases-a-distancia-por-los-cortes-electricos\/#primaryimage"},"image":{"@id":"https:\/\/digital58.com.ve\/site\/2020\/05\/21\/fcu-luz-estudiantes-universitarios-zulianos-no-pueden-ver-clases-a-distancia-por-los-cortes-electricos\/#primaryimage"},"thumbnailUrl":"https:\/\/digital58.com.ve\/site\/wp-content\/uploads\/2020\/05\/IMG-20200521-WA0033.jpg","datePublished":"2020-05-21T17:34:08+00:00","breadcrumb":{"@id":"https:\/\/digital58.com.ve\/site\/2020\/05\/21\/fcu-luz-estudiantes-universitarios-zulianos-no-pueden-ver-clases-a-distancia-por-los-cortes-electricos\/#breadcrumb"},"inLanguage":"es","potentialAction":[{"@type":"ReadAction","target":["https:\/\/digital58.com.ve\/site\/2020\/05\/21\/fcu-luz-estudiantes-universitarios-zulianos-no-pueden-ver-clases-a-distancia-por-los-cortes-electricos\/"]}]},{"@type":"ImageObject","inLanguage":"es","@id":"https:\/\/digital58.com.ve\/site\/2020\/05\/21\/fcu-luz-estudiantes-universitarios-zulianos-no-pueden-ver-clases-a-distancia-por-los-cortes-electricos\/#primaryimage","url":"https:\/\/digital58.com.ve\/site\/wp-content\/uploads\/2020\/05\/IMG-20200521-WA0033.jpg","contentUrl":"https:\/\/digital58.com.ve\/site\/wp-content\/uploads\/2020\/05\/IMG-20200521-WA0033.jpg","width":1080,"height":717},{"@type":"BreadcrumbList","@id":"https:\/\/digital58.com.ve\/site\/2020\/05\/21\/fcu-luz-estudiantes-universitarios-zulianos-no-pueden-ver-clases-a-distancia-por-los-cortes-electricos\/#breadcrumb","itemListElement":[{"@type":"ListItem","position":1,"name":"Home","item":"https:\/\/digital58.com.ve\/site\/"},{"@type":"ListItem","position":2,"name":"FCU-LUZ: Estudiantes universitarios zulianos no pueden ver clases a distancia por los cortes el\u00e9ctricos"}]},{"@type":"WebSite","@id":"https:\/\/digital58.com.ve\/site\/#website","url":"https:\/\/digital58.com.ve\/site\/","name":"Noticias Digital58","description":"Portal de Noticias \u00a1Periodismo web de verdad! Lanzamiento web 22.11.2005 \/ Maracaibo, Venezuela","publisher":{"@id":"https:\/\/digital58.com.ve\/site\/#\/schema\/person\/64d1c2e4d0d4fd1b849980c4331c2951"},"alternateName":"ND58","potentialAction":[{"@type":"SearchAction","target":{"@type":"EntryPoint","urlTemplate":"https:\/\/digital58.com.ve\/site\/?s={search_term_string}"},"query-input":{"@type":"PropertyValueSpecification","valueRequired":true,"valueName":"search_term_string"}}],"inLanguage":"es"},{"@type":["Person","Organization"],"@id":"https:\/\/digital58.com.ve\/site\/#\/schema\/person\/64d1c2e4d0d4fd1b849980c4331c2951","name":"Villasmil Henry","image":{"@type":"ImageObject","inLanguage":"es","@id":"https:\/\/secure.gravatar.com\/avatar\/bb0c4a2fcb7970138239f7e404ea75757b1b507b28b5ce4c53fbd62d797c5a7c?s=96&d=mm&r=g","url":"https:\/\/secure.gravatar.com\/avatar\/bb0c4a2fcb7970138239f7e404ea75757b1b507b28b5ce4c53fbd62d797c5a7c?s=96&d=mm&r=g","contentUrl":"https:\/\/secure.gravatar.com\/avatar\/bb0c4a2fcb7970138239f7e404ea75757b1b507b28b5ce4c53fbd62d797c5a7c?s=96&d=mm&r=g","caption":"Villasmil Henry"},"logo":{"@id":"https:\/\/secure.gravatar.com\/avatar\/bb0c4a2fcb7970138239f7e404ea75757b1b507b28b5ce4c53fbd62d797c5a7c?s=96&d=mm&r=g"},"sameAs":["http:\/\/www.henryvillasmil.com.ve","https:\/\/www.instagram.com\/villasmilhfoto\/","https:\/\/x.com\/https:\/\/twitter.com\/villasmilhfoto"]},{"@type":"Person","@id":"https:\/\/digital58.com.ve\/site\/#\/schema\/person\/c61667ce6845137620ee3f0aaabade17","name":"Molero Luis","image":{"@type":"ImageObject","inLanguage":"es","@id":"https:\/\/secure.gravatar.com\/avatar\/bf041ec637e3e7405449807deb2f7cf3d2de7c6fa755dd56e985201de9863f2b?s=96&d=mm&r=g","url":"https:\/\/secure.gravatar.com\/avatar\/bf041ec637e3e7405449807deb2f7cf3d2de7c6fa755dd56e985201de9863f2b?s=96&d=mm&r=g","contentUrl":"https:\/\/secure.gravatar.com\/avatar\/bf041ec637e3e7405449807deb2f7cf3d2de7c6fa755dd56e985201de9863f2b?s=96&d=mm&r=g","caption":"Molero Luis"},"url":"https:\/\/digital58.com.ve\/site\/author\/luismolero\/"}]}},"uagb_featured_image_src":{"full":["https:\/\/digital58.com.ve\/site\/wp-content\/uploads\/2020\/05\/IMG-20200521-WA0033.jpg",1080,717,false],"thumbnail":["https:\/\/digital58.com.ve\/site\/wp-content\/uploads\/2020\/05\/IMG-20200521-WA0033-150x150.jpg",150,150,true],"medium":["https:\/\/digital58.com.ve\/site\/wp-content\/uploads\/2020\/05\/IMG-20200521-WA0033-300x199.jpg",300,199,true],"medium_large":["https:\/\/digital58.com.ve\/site\/wp-content\/uploads\/2020\/05\/IMG-20200521-WA0033-768x510.jpg",768,510,true],"large":["https:\/\/digital58.com.ve\/site\/wp-content\/uploads\/2020\/05\/IMG-20200521-WA0033.jpg",800,531,false],"1536x1536":["https:\/\/digital58.com.ve\/site\/wp-content\/uploads\/2020\/05\/IMG-20200521-WA0033.jpg",1080,717,false],"2048x2048":["https:\/\/digital58.com.ve\/site\/wp-content\/uploads\/2020\/05\/IMG-20200521-WA0033.jpg",1080,717,false],"colormag-highlighted-post":["https:\/\/digital58.com.ve\/site\/wp-content\/uploads\/2020\/05\/IMG-20200521-WA0033.jpg",392,260,false],"colormag-featured-post-medium":["https:\/\/digital58.com.ve\/site\/wp-content\/uploads\/2020\/05\/IMG-20200521-WA0033.jpg",309,205,false],"colormag-featured-post-small":["https:\/\/digital58.com.ve\/site\/wp-content\/uploads\/2020\/05\/IMG-20200521-WA0033.jpg",130,86,false],"colormag-featured-image":["https:\/\/digital58.com.ve\/site\/wp-content\/uploads\/2020\/05\/IMG-20200521-WA0033.jpg",670,445,false],"colormag-default-news":["https:\/\/digital58.com.ve\/site\/wp-content\/uploads\/2020\/05\/IMG-20200521-WA0033.jpg",150,100,false],"colormag-featured-image-large":["https:\/\/digital58.com.ve\/site\/wp-content\/uploads\/2020\/05\/IMG-20200521-WA0033.jpg",904,600,false]},"uagb_author_info":{"display_name":"Molero Luis","author_link":"https:\/\/digital58.com.ve\/site\/author\/luismolero\/"},"uagb_comment_info":0,"uagb_excerpt":"El derecho a la educaci\u00f3n en el estado Zulia est\u00e1 siendo violentado, pues los cortes el\u00e9ctricos diarios no programados no","_links":{"self":[{"href":"https:\/\/digital58.com.ve\/site\/wp-json\/wp\/v2\/posts\/101618","targetHints":{"allow":["GET"]}}],"collection":[{"href":"https:\/\/digital58.com.ve\/site\/wp-json\/wp\/v2\/posts"}],"about":[{"href":"https:\/\/digital58.com.ve\/site\/wp-json\/wp\/v2\/types\/post"}],"author":[{"embeddable":true,"href":"https:\/\/digital58.com.ve\/site\/wp-json\/wp\/v2\/users\/26"}],"replies":[{"embeddable":true,"href":"https:\/\/digital58.com.ve\/site\/wp-json\/wp\/v2\/comments?post=101618"}],"version-history":[{"count":0,"href":"https:\/\/digital58.com.ve\/site\/wp-json\/wp\/v2\/posts\/101618\/revisions"}],"wp:featuredmedia":[{"embeddable":true,"href":"https:\/\/digital58.com.ve\/site\/wp-json\/wp\/v2\/media\/101620"}],"wp:attachment":[{"href":"https:\/\/digital58.com.ve\/site\/wp-json\/wp\/v2\/media?parent=101618"}],"wp:term":[{"taxonomy":"category","embeddable":true,"href":"https:\/\/digital58.com.ve\/site\/wp-json\/wp\/v2\/categories?post=101618"},{"taxonomy":"post_tag","embeddable":true,"href":"https:\/\/digital58.com.ve\/site\/wp-json\/wp\/v2\/tags?post=101618"}],"curies":[{"name":"wp","href":"https:\/\/api.w.org\/{rel}","templated":true}]}}