{"id":101771,"date":"2020-05-21T22:39:15","date_gmt":"2020-05-22T02:39:15","guid":{"rendered":"https:\/\/digital58.com.ve\/site\/?p=101771"},"modified":"2020-05-21T22:39:58","modified_gmt":"2020-05-22T02:39:58","slug":"brasil-registra-record-de-muertes-diarias-por-covid-19-total-supera-20-000","status":"publish","type":"post","link":"https:\/\/digital58.com.ve\/site\/2020\/05\/21\/brasil-registra-record-de-muertes-diarias-por-covid-19-total-supera-20-000\/","title":{"rendered":"Brasil registra r\u00e9cord de muertes diarias por COVID-19, total supera 20.000"},"content":{"rendered":"<p><a href=\"https:\/\/digital58.com.ve\/site\/wp-content\/uploads\/2020\/05\/brasil-21.jpg\"><img loading=\"lazy\" decoding=\"async\" class=\"aligncenter size-full wp-image-101772\" src=\"https:\/\/digital58.com.ve\/site\/wp-content\/uploads\/2020\/05\/brasil-21.jpg\" alt=\"\" width=\"800\" height=\"523\" srcset=\"https:\/\/digital58.com.ve\/site\/wp-content\/uploads\/2020\/05\/brasil-21.jpg 800w, https:\/\/digital58.com.ve\/site\/wp-content\/uploads\/2020\/05\/brasil-21-300x196.jpg 300w, https:\/\/digital58.com.ve\/site\/wp-content\/uploads\/2020\/05\/brasil-21-768x502.jpg 768w\" sizes=\"auto, (max-width: 800px) 100vw, 800px\" \/><\/a><\/p>\n<p>Brasil registr\u00f3 un r\u00e9cord de muertes diarias por el coronavirus, con 1.188 decesos, y se acerca r\u00e1pidamente a Rusia para convertirse en el segundo pa\u00eds con m\u00e1s contagios detr\u00e1s de Estados Unidos.<\/p>\n<p><strong>Brasil, 21 de mayo de 2020 (ND58).-<\/strong> El pa\u00eds tambi\u00e9n super\u00f3 los 20.000 decesos y tiene 310.087 casos confirmados con un aumento diario de m\u00e1s de 18.500 infecciones, afirm\u00f3 el jueves del Ministerio de Salud, dijo el ministerio. El m\u00e1ximo previo de muertes fue el 19 de mayo, con 1.179 decesos.<\/p>\n<p>Las cifras podr\u00edan ser mayores, ya que Brasil no ha desarrollado pruebas generalizadas.<\/p>\n<p>El presidente, Jair Bolsonaro, est\u00e1 bajo una creciente presi\u00f3n por su manejo del brote, que parece encaminado a destruir la econom\u00eda brasile\u00f1a y ha afectado su popularidad, lo que amenaza sus aspiraciones de una reelecci\u00f3n.<\/p>\n<p>El mandatario se opone firmemente a las medidas de distanciamiento social y ha presionado reiteradamente para un mayor uso de la cloroquina como remedio para el virus, pese a las advertencias de los expertos sobre los riesgos a la salud.<\/p>\n<p>La relaci\u00f3n de Bolsonaro con gobernadores y alcaldes tambi\u00e9n se ha vuelto cada vez m\u00e1s tensa. El presidente est\u00e1 enojado debido a los cierres locales para desacelerar la propagaci\u00f3n del virus y asegura que mantener en funcionamiento la econom\u00eda es m\u00e1s importante.<\/p>\n<p>El mandatario afirm\u00f3 que aprobar\u00e1 el jueves o viernes un programa de ayuda federal de 60.000 millones de reales (unos 10.720 millones de d\u00f3lares) para estados y ciudades golpeados por el coronavirus, pero pidi\u00f3 respaldo de los gobernadores para congelar alzas en los pagos en el sector p\u00fablico.<\/p>\n<p>Hablando m\u00e1s tarde el jueves, Bolsonaro asegur\u00f3 que era normal que los gobiernos comenzaran a perder algo de su popularidad despu\u00e9s de m\u00e1s de un a\u00f1o en el poder.<\/p>\n<p>Tambi\u00e9n afirm\u00f3 que no hab\u00eda pruebas de que la cloroquina funcionara, pero asegur\u00f3 que hab\u00eda casos en los que parec\u00eda haber tenido \u00e9xito.<\/p>\n<p>La divulgaci\u00f3n diaria de las cifras por parte del Ministerio de Salud no indica que las infecciones ni los decesos necesariamente hayan ocurrido en las \u00faltimas 24 horas, sino que los registros fueron ingresados al sistema en el per\u00edodo.<\/p><div class=\"mexov69f44f104a876\" ><p style=\"text-align: center;\"><a href=\"https:\/\/t.me\/noticiasdigital58\" target=\"_blank\" rel=\"noopener\"><img class=\"aligncenter size-full wp-image-125363\" src=\"https:\/\/digital58.com.ve\/site\/wp-content\/uploads\/2021\/04\/banner-telegram-web-2021.png\" alt=\"\" width=\"600\" height=\"90\" \/><\/a><\/p><\/div><style type=\"text\/css\">\r\n@media screen and (min-width: 1201px) {\r\n.mexov69f44f104a876 {\r\ndisplay: block;\r\n}\r\n}\r\n@media screen and (min-width: 993px) and (max-width: 1200px) {\r\n.mexov69f44f104a876 {\r\ndisplay: block;\r\n}\r\n}\r\n@media screen and (min-width: 769px) and (max-width: 992px) {\r\n.mexov69f44f104a876 {\r\ndisplay: block;\r\n}\r\n}\r\n@media screen and (min-width: 768px) and (max-width: 768px) {\r\n.mexov69f44f104a876 {\r\ndisplay: block;\r\n}\r\n}\r\n@media screen and (max-width: 767px) {\r\n.mexov69f44f104a876 {\r\ndisplay: block;\r\n}\r\n}\r\n<\/style>\r\n\n<p><strong>Fuente: Gabriel Araujo \/ Reuters<\/strong><br \/>\n<strong>Edici\u00f3n: Villasmil, Henry<\/strong><br \/>\n<strong>Gr\u00e1fica: Reuters<\/strong><\/p>\n<div style=\"margin-top: 0px; margin-bottom: 0px;\" class=\"sharethis-inline-share-buttons\" ><\/div>","protected":false},"excerpt":{"rendered":"<p>Brasil registr\u00f3 un r\u00e9cord de muertes diarias por el coronavirus, con 1.188 decesos, y se acerca r\u00e1pidamente a Rusia para<\/p>\n","protected":false},"author":1,"featured_media":101772,"comment_status":"open","ping_status":"closed","sticky":false,"template":"","format":"standard","meta":{"colormag_page_container_layout":"default_layout","colormag_page_sidebar_layout":"default_layout","_uag_custom_page_level_css":"","footnotes":""},"categories":[5405],"tags":[35,13352,13648,8,13723,14457,2017],"class_list":["post-101771","post","type-post","status-publish","format-standard","has-post-thumbnail","hentry","category-salud","tag-brasil","tag-coronavirus","tag-covid-19","tag-internacionales","tag-pandemia","tag-reporte-diario-covid-19","tag-rio-de-janeiro"],"yoast_head":"<!-- This site is optimized with the Yoast SEO plugin v27.5 - https:\/\/yoast.com\/product\/yoast-seo-wordpress\/ -->\n<title>Brasil registra r\u00e9cord de muertes diarias por COVID-19, total supera 20.000<\/title>\n<meta name=\"description\" content=\"Salud\" \/>\n<meta name=\"robots\" content=\"index, follow, max-snippet:-1, max-image-preview:large, max-video-preview:-1\" \/>\n<link rel=\"canonical\" href=\"https:\/\/digital58.com.ve\/site\/2020\/05\/21\/brasil-registra-record-de-muertes-diarias-por-covid-19-total-supera-20-000\/\" \/>\n<meta property=\"og:locale\" content=\"es_ES\" \/>\n<meta property=\"og:type\" content=\"article\" \/>\n<meta property=\"og:title\" content=\"Brasil registra r\u00e9cord de muertes diarias por COVID-19, total supera 20.000\" \/>\n<meta property=\"og:description\" content=\"Salud\" \/>\n<meta property=\"og:url\" content=\"https:\/\/digital58.com.ve\/site\/2020\/05\/21\/brasil-registra-record-de-muertes-diarias-por-covid-19-total-supera-20-000\/\" \/>\n<meta property=\"og:site_name\" content=\"Noticias Digital58\" \/>\n<meta property=\"article:published_time\" content=\"2020-05-22T02:39:15+00:00\" \/>\n<meta property=\"article:modified_time\" content=\"2020-05-22T02:39:58+00:00\" \/>\n<meta property=\"og:image\" content=\"https:\/\/digital58.com.ve\/site\/wp-content\/uploads\/2020\/05\/brasil-21.jpg\" \/>\n\t<meta property=\"og:image:width\" content=\"800\" \/>\n\t<meta property=\"og:image:height\" content=\"523\" \/>\n\t<meta property=\"og:image:type\" content=\"image\/jpeg\" \/>\n<meta name=\"author\" content=\"Villasmil Henry\" \/>\n<meta name=\"twitter:card\" content=\"summary_large_image\" \/>\n<meta name=\"twitter:creator\" content=\"@https:\/\/twitter.com\/villasmilhfoto\" \/>\n<meta name=\"twitter:site\" content=\"@villasmilhfoto\" \/>\n<meta name=\"twitter:label1\" content=\"Escrito por\" \/>\n\t<meta name=\"twitter:data1\" content=\"Villasmil Henry\" \/>\n\t<meta name=\"twitter:label2\" content=\"Tiempo estimado de lectura\" \/>\n\t<meta name=\"twitter:data2\" content=\"2 minutos\" \/>\n<script type=\"application\/ld+json\" class=\"yoast-schema-graph\">{\"@context\":\"https:\\\/\\\/schema.org\",\"@graph\":[{\"@type\":\"Article\",\"@id\":\"https:\\\/\\\/digital58.com.ve\\\/site\\\/2020\\\/05\\\/21\\\/brasil-registra-record-de-muertes-diarias-por-covid-19-total-supera-20-000\\\/#article\",\"isPartOf\":{\"@id\":\"https:\\\/\\\/digital58.com.ve\\\/site\\\/2020\\\/05\\\/21\\\/brasil-registra-record-de-muertes-diarias-por-covid-19-total-supera-20-000\\\/\"},\"author\":{\"name\":\"Villasmil Henry\",\"@id\":\"https:\\\/\\\/digital58.com.ve\\\/site\\\/#\\\/schema\\\/person\\\/64d1c2e4d0d4fd1b849980c4331c2951\"},\"headline\":\"Brasil registra r\u00e9cord de muertes diarias por COVID-19, total supera 20.000\",\"datePublished\":\"2020-05-22T02:39:15+00:00\",\"dateModified\":\"2020-05-22T02:39:58+00:00\",\"mainEntityOfPage\":{\"@id\":\"https:\\\/\\\/digital58.com.ve\\\/site\\\/2020\\\/05\\\/21\\\/brasil-registra-record-de-muertes-diarias-por-covid-19-total-supera-20-000\\\/\"},\"wordCount\":396,\"commentCount\":0,\"publisher\":{\"@id\":\"https:\\\/\\\/digital58.com.ve\\\/site\\\/#\\\/schema\\\/person\\\/64d1c2e4d0d4fd1b849980c4331c2951\"},\"image\":{\"@id\":\"https:\\\/\\\/digital58.com.ve\\\/site\\\/2020\\\/05\\\/21\\\/brasil-registra-record-de-muertes-diarias-por-covid-19-total-supera-20-000\\\/#primaryimage\"},\"thumbnailUrl\":\"https:\\\/\\\/digital58.com.ve\\\/site\\\/wp-content\\\/uploads\\\/2020\\\/05\\\/brasil-21.jpg\",\"keywords\":[\"Brasil\",\"Coronavirus\",\"COVID-19\",\"Internacionales\",\"Pandemia\",\"Reporte Diario COVID-19\",\"R\u00edo de Janeiro\"],\"articleSection\":[\"Salud\"],\"inLanguage\":\"es\",\"potentialAction\":[{\"@type\":\"CommentAction\",\"name\":\"Comment\",\"target\":[\"https:\\\/\\\/digital58.com.ve\\\/site\\\/2020\\\/05\\\/21\\\/brasil-registra-record-de-muertes-diarias-por-covid-19-total-supera-20-000\\\/#respond\"]}]},{\"@type\":\"WebPage\",\"@id\":\"https:\\\/\\\/digital58.com.ve\\\/site\\\/2020\\\/05\\\/21\\\/brasil-registra-record-de-muertes-diarias-por-covid-19-total-supera-20-000\\\/\",\"url\":\"https:\\\/\\\/digital58.com.ve\\\/site\\\/2020\\\/05\\\/21\\\/brasil-registra-record-de-muertes-diarias-por-covid-19-total-supera-20-000\\\/\",\"name\":\"Brasil registra r\u00e9cord de muertes diarias por COVID-19, total supera 20.000\",\"isPartOf\":{\"@id\":\"https:\\\/\\\/digital58.com.ve\\\/site\\\/#website\"},\"primaryImageOfPage\":{\"@id\":\"https:\\\/\\\/digital58.com.ve\\\/site\\\/2020\\\/05\\\/21\\\/brasil-registra-record-de-muertes-diarias-por-covid-19-total-supera-20-000\\\/#primaryimage\"},\"image\":{\"@id\":\"https:\\\/\\\/digital58.com.ve\\\/site\\\/2020\\\/05\\\/21\\\/brasil-registra-record-de-muertes-diarias-por-covid-19-total-supera-20-000\\\/#primaryimage\"},\"thumbnailUrl\":\"https:\\\/\\\/digital58.com.ve\\\/site\\\/wp-content\\\/uploads\\\/2020\\\/05\\\/brasil-21.jpg\",\"datePublished\":\"2020-05-22T02:39:15+00:00\",\"dateModified\":\"2020-05-22T02:39:58+00:00\",\"description\":\"Salud\",\"breadcrumb\":{\"@id\":\"https:\\\/\\\/digital58.com.ve\\\/site\\\/2020\\\/05\\\/21\\\/brasil-registra-record-de-muertes-diarias-por-covid-19-total-supera-20-000\\\/#breadcrumb\"},\"inLanguage\":\"es\",\"potentialAction\":[{\"@type\":\"ReadAction\",\"target\":[\"https:\\\/\\\/digital58.com.ve\\\/site\\\/2020\\\/05\\\/21\\\/brasil-registra-record-de-muertes-diarias-por-covid-19-total-supera-20-000\\\/\"]}]},{\"@type\":\"ImageObject\",\"inLanguage\":\"es\",\"@id\":\"https:\\\/\\\/digital58.com.ve\\\/site\\\/2020\\\/05\\\/21\\\/brasil-registra-record-de-muertes-diarias-por-covid-19-total-supera-20-000\\\/#primaryimage\",\"url\":\"https:\\\/\\\/digital58.com.ve\\\/site\\\/wp-content\\\/uploads\\\/2020\\\/05\\\/brasil-21.jpg\",\"contentUrl\":\"https:\\\/\\\/digital58.com.ve\\\/site\\\/wp-content\\\/uploads\\\/2020\\\/05\\\/brasil-21.jpg\",\"width\":800,\"height\":523},{\"@type\":\"BreadcrumbList\",\"@id\":\"https:\\\/\\\/digital58.com.ve\\\/site\\\/2020\\\/05\\\/21\\\/brasil-registra-record-de-muertes-diarias-por-covid-19-total-supera-20-000\\\/#breadcrumb\",\"itemListElement\":[{\"@type\":\"ListItem\",\"position\":1,\"name\":\"Home\",\"item\":\"https:\\\/\\\/digital58.com.ve\\\/site\\\/\"},{\"@type\":\"ListItem\",\"position\":2,\"name\":\"Brasil registra r\u00e9cord de muertes diarias por COVID-19, total supera 20.000\"}]},{\"@type\":\"WebSite\",\"@id\":\"https:\\\/\\\/digital58.com.ve\\\/site\\\/#website\",\"url\":\"https:\\\/\\\/digital58.com.ve\\\/site\\\/\",\"name\":\"Noticias Digital58\",\"description\":\"Portal de Noticias \u00a1Periodismo web de verdad! Lanzamiento web 22.11.2005 \\\/ Maracaibo, Venezuela\",\"publisher\":{\"@id\":\"https:\\\/\\\/digital58.com.ve\\\/site\\\/#\\\/schema\\\/person\\\/64d1c2e4d0d4fd1b849980c4331c2951\"},\"alternateName\":\"ND58\",\"potentialAction\":[{\"@type\":\"SearchAction\",\"target\":{\"@type\":\"EntryPoint\",\"urlTemplate\":\"https:\\\/\\\/digital58.com.ve\\\/site\\\/?s={search_term_string}\"},\"query-input\":{\"@type\":\"PropertyValueSpecification\",\"valueRequired\":true,\"valueName\":\"search_term_string\"}}],\"inLanguage\":\"es\"},{\"@type\":[\"Person\",\"Organization\"],\"@id\":\"https:\\\/\\\/digital58.com.ve\\\/site\\\/#\\\/schema\\\/person\\\/64d1c2e4d0d4fd1b849980c4331c2951\",\"name\":\"Villasmil Henry\",\"image\":{\"@type\":\"ImageObject\",\"inLanguage\":\"es\",\"@id\":\"https:\\\/\\\/secure.gravatar.com\\\/avatar\\\/bb0c4a2fcb7970138239f7e404ea75757b1b507b28b5ce4c53fbd62d797c5a7c?s=96&d=mm&r=g\",\"url\":\"https:\\\/\\\/secure.gravatar.com\\\/avatar\\\/bb0c4a2fcb7970138239f7e404ea75757b1b507b28b5ce4c53fbd62d797c5a7c?s=96&d=mm&r=g\",\"contentUrl\":\"https:\\\/\\\/secure.gravatar.com\\\/avatar\\\/bb0c4a2fcb7970138239f7e404ea75757b1b507b28b5ce4c53fbd62d797c5a7c?s=96&d=mm&r=g\",\"caption\":\"Villasmil Henry\"},\"logo\":{\"@id\":\"https:\\\/\\\/secure.gravatar.com\\\/avatar\\\/bb0c4a2fcb7970138239f7e404ea75757b1b507b28b5ce4c53fbd62d797c5a7c?s=96&d=mm&r=g\"},\"sameAs\":[\"http:\\\/\\\/www.henryvillasmil.com.ve\",\"https:\\\/\\\/www.instagram.com\\\/villasmilhfoto\\\/\",\"https:\\\/\\\/x.com\\\/https:\\\/\\\/twitter.com\\\/villasmilhfoto\"],\"url\":\"https:\\\/\\\/digital58.com.ve\\\/site\\\/author\\\/droopy_68\\\/\"}]}<\/script>\n<!-- \/ Yoast SEO plugin. -->","yoast_head_json":{"title":"Brasil registra r\u00e9cord de muertes diarias por COVID-19, total supera 20.000","description":"Salud","robots":{"index":"index","follow":"follow","max-snippet":"max-snippet:-1","max-image-preview":"max-image-preview:large","max-video-preview":"max-video-preview:-1"},"canonical":"https:\/\/digital58.com.ve\/site\/2020\/05\/21\/brasil-registra-record-de-muertes-diarias-por-covid-19-total-supera-20-000\/","og_locale":"es_ES","og_type":"article","og_title":"Brasil registra r\u00e9cord de muertes diarias por COVID-19, total supera 20.000","og_description":"Salud","og_url":"https:\/\/digital58.com.ve\/site\/2020\/05\/21\/brasil-registra-record-de-muertes-diarias-por-covid-19-total-supera-20-000\/","og_site_name":"Noticias Digital58","article_published_time":"2020-05-22T02:39:15+00:00","article_modified_time":"2020-05-22T02:39:58+00:00","og_image":[{"width":800,"height":523,"url":"https:\/\/digital58.com.ve\/site\/wp-content\/uploads\/2020\/05\/brasil-21.jpg","type":"image\/jpeg"}],"author":"Villasmil Henry","twitter_card":"summary_large_image","twitter_creator":"@https:\/\/twitter.com\/villasmilhfoto","twitter_site":"@villasmilhfoto","twitter_misc":{"Escrito por":"Villasmil Henry","Tiempo estimado de lectura":"2 minutos"},"schema":{"@context":"https:\/\/schema.org","@graph":[{"@type":"Article","@id":"https:\/\/digital58.com.ve\/site\/2020\/05\/21\/brasil-registra-record-de-muertes-diarias-por-covid-19-total-supera-20-000\/#article","isPartOf":{"@id":"https:\/\/digital58.com.ve\/site\/2020\/05\/21\/brasil-registra-record-de-muertes-diarias-por-covid-19-total-supera-20-000\/"},"author":{"name":"Villasmil Henry","@id":"https:\/\/digital58.com.ve\/site\/#\/schema\/person\/64d1c2e4d0d4fd1b849980c4331c2951"},"headline":"Brasil registra r\u00e9cord de muertes diarias por COVID-19, total supera 20.000","datePublished":"2020-05-22T02:39:15+00:00","dateModified":"2020-05-22T02:39:58+00:00","mainEntityOfPage":{"@id":"https:\/\/digital58.com.ve\/site\/2020\/05\/21\/brasil-registra-record-de-muertes-diarias-por-covid-19-total-supera-20-000\/"},"wordCount":396,"commentCount":0,"publisher":{"@id":"https:\/\/digital58.com.ve\/site\/#\/schema\/person\/64d1c2e4d0d4fd1b849980c4331c2951"},"image":{"@id":"https:\/\/digital58.com.ve\/site\/2020\/05\/21\/brasil-registra-record-de-muertes-diarias-por-covid-19-total-supera-20-000\/#primaryimage"},"thumbnailUrl":"https:\/\/digital58.com.ve\/site\/wp-content\/uploads\/2020\/05\/brasil-21.jpg","keywords":["Brasil","Coronavirus","COVID-19","Internacionales","Pandemia","Reporte Diario COVID-19","R\u00edo de Janeiro"],"articleSection":["Salud"],"inLanguage":"es","potentialAction":[{"@type":"CommentAction","name":"Comment","target":["https:\/\/digital58.com.ve\/site\/2020\/05\/21\/brasil-registra-record-de-muertes-diarias-por-covid-19-total-supera-20-000\/#respond"]}]},{"@type":"WebPage","@id":"https:\/\/digital58.com.ve\/site\/2020\/05\/21\/brasil-registra-record-de-muertes-diarias-por-covid-19-total-supera-20-000\/","url":"https:\/\/digital58.com.ve\/site\/2020\/05\/21\/brasil-registra-record-de-muertes-diarias-por-covid-19-total-supera-20-000\/","name":"Brasil registra r\u00e9cord de muertes diarias por COVID-19, total supera 20.000","isPartOf":{"@id":"https:\/\/digital58.com.ve\/site\/#website"},"primaryImageOfPage":{"@id":"https:\/\/digital58.com.ve\/site\/2020\/05\/21\/brasil-registra-record-de-muertes-diarias-por-covid-19-total-supera-20-000\/#primaryimage"},"image":{"@id":"https:\/\/digital58.com.ve\/site\/2020\/05\/21\/brasil-registra-record-de-muertes-diarias-por-covid-19-total-supera-20-000\/#primaryimage"},"thumbnailUrl":"https:\/\/digital58.com.ve\/site\/wp-content\/uploads\/2020\/05\/brasil-21.jpg","datePublished":"2020-05-22T02:39:15+00:00","dateModified":"2020-05-22T02:39:58+00:00","description":"Salud","breadcrumb":{"@id":"https:\/\/digital58.com.ve\/site\/2020\/05\/21\/brasil-registra-record-de-muertes-diarias-por-covid-19-total-supera-20-000\/#breadcrumb"},"inLanguage":"es","potentialAction":[{"@type":"ReadAction","target":["https:\/\/digital58.com.ve\/site\/2020\/05\/21\/brasil-registra-record-de-muertes-diarias-por-covid-19-total-supera-20-000\/"]}]},{"@type":"ImageObject","inLanguage":"es","@id":"https:\/\/digital58.com.ve\/site\/2020\/05\/21\/brasil-registra-record-de-muertes-diarias-por-covid-19-total-supera-20-000\/#primaryimage","url":"https:\/\/digital58.com.ve\/site\/wp-content\/uploads\/2020\/05\/brasil-21.jpg","contentUrl":"https:\/\/digital58.com.ve\/site\/wp-content\/uploads\/2020\/05\/brasil-21.jpg","width":800,"height":523},{"@type":"BreadcrumbList","@id":"https:\/\/digital58.com.ve\/site\/2020\/05\/21\/brasil-registra-record-de-muertes-diarias-por-covid-19-total-supera-20-000\/#breadcrumb","itemListElement":[{"@type":"ListItem","position":1,"name":"Home","item":"https:\/\/digital58.com.ve\/site\/"},{"@type":"ListItem","position":2,"name":"Brasil registra r\u00e9cord de muertes diarias por COVID-19, total supera 20.000"}]},{"@type":"WebSite","@id":"https:\/\/digital58.com.ve\/site\/#website","url":"https:\/\/digital58.com.ve\/site\/","name":"Noticias Digital58","description":"Portal de Noticias \u00a1Periodismo web de verdad! Lanzamiento web 22.11.2005 \/ Maracaibo, Venezuela","publisher":{"@id":"https:\/\/digital58.com.ve\/site\/#\/schema\/person\/64d1c2e4d0d4fd1b849980c4331c2951"},"alternateName":"ND58","potentialAction":[{"@type":"SearchAction","target":{"@type":"EntryPoint","urlTemplate":"https:\/\/digital58.com.ve\/site\/?s={search_term_string}"},"query-input":{"@type":"PropertyValueSpecification","valueRequired":true,"valueName":"search_term_string"}}],"inLanguage":"es"},{"@type":["Person","Organization"],"@id":"https:\/\/digital58.com.ve\/site\/#\/schema\/person\/64d1c2e4d0d4fd1b849980c4331c2951","name":"Villasmil Henry","image":{"@type":"ImageObject","inLanguage":"es","@id":"https:\/\/secure.gravatar.com\/avatar\/bb0c4a2fcb7970138239f7e404ea75757b1b507b28b5ce4c53fbd62d797c5a7c?s=96&d=mm&r=g","url":"https:\/\/secure.gravatar.com\/avatar\/bb0c4a2fcb7970138239f7e404ea75757b1b507b28b5ce4c53fbd62d797c5a7c?s=96&d=mm&r=g","contentUrl":"https:\/\/secure.gravatar.com\/avatar\/bb0c4a2fcb7970138239f7e404ea75757b1b507b28b5ce4c53fbd62d797c5a7c?s=96&d=mm&r=g","caption":"Villasmil Henry"},"logo":{"@id":"https:\/\/secure.gravatar.com\/avatar\/bb0c4a2fcb7970138239f7e404ea75757b1b507b28b5ce4c53fbd62d797c5a7c?s=96&d=mm&r=g"},"sameAs":["http:\/\/www.henryvillasmil.com.ve","https:\/\/www.instagram.com\/villasmilhfoto\/","https:\/\/x.com\/https:\/\/twitter.com\/villasmilhfoto"],"url":"https:\/\/digital58.com.ve\/site\/author\/droopy_68\/"}]}},"uagb_featured_image_src":{"full":["https:\/\/digital58.com.ve\/site\/wp-content\/uploads\/2020\/05\/brasil-21.jpg",800,523,false],"thumbnail":["https:\/\/digital58.com.ve\/site\/wp-content\/uploads\/2020\/05\/brasil-21-150x150.jpg",150,150,true],"medium":["https:\/\/digital58.com.ve\/site\/wp-content\/uploads\/2020\/05\/brasil-21-300x196.jpg",300,196,true],"medium_large":["https:\/\/digital58.com.ve\/site\/wp-content\/uploads\/2020\/05\/brasil-21-768x502.jpg",768,502,true],"large":["https:\/\/digital58.com.ve\/site\/wp-content\/uploads\/2020\/05\/brasil-21.jpg",800,523,false],"1536x1536":["https:\/\/digital58.com.ve\/site\/wp-content\/uploads\/2020\/05\/brasil-21.jpg",800,523,false],"2048x2048":["https:\/\/digital58.com.ve\/site\/wp-content\/uploads\/2020\/05\/brasil-21.jpg",800,523,false],"colormag-highlighted-post":["https:\/\/digital58.com.ve\/site\/wp-content\/uploads\/2020\/05\/brasil-21.jpg",392,256,false],"colormag-featured-post-medium":["https:\/\/digital58.com.ve\/site\/wp-content\/uploads\/2020\/05\/brasil-21.jpg",314,205,false],"colormag-featured-post-small":["https:\/\/digital58.com.ve\/site\/wp-content\/uploads\/2020\/05\/brasil-21.jpg",130,85,false],"colormag-featured-image":["https:\/\/digital58.com.ve\/site\/wp-content\/uploads\/2020\/05\/brasil-21.jpg",681,445,false],"colormag-default-news":["https:\/\/digital58.com.ve\/site\/wp-content\/uploads\/2020\/05\/brasil-21.jpg",150,98,false],"colormag-featured-image-large":["https:\/\/digital58.com.ve\/site\/wp-content\/uploads\/2020\/05\/brasil-21.jpg",800,523,false]},"uagb_author_info":{"display_name":"Villasmil Henry","author_link":"https:\/\/digital58.com.ve\/site\/author\/droopy_68\/"},"uagb_comment_info":0,"uagb_excerpt":"Brasil registr\u00f3 un r\u00e9cord de muertes diarias por el coronavirus, con 1.188 decesos, y se acerca r\u00e1pidamente a Rusia para","_links":{"self":[{"href":"https:\/\/digital58.com.ve\/site\/wp-json\/wp\/v2\/posts\/101771","targetHints":{"allow":["GET"]}}],"collection":[{"href":"https:\/\/digital58.com.ve\/site\/wp-json\/wp\/v2\/posts"}],"about":[{"href":"https:\/\/digital58.com.ve\/site\/wp-json\/wp\/v2\/types\/post"}],"author":[{"embeddable":true,"href":"https:\/\/digital58.com.ve\/site\/wp-json\/wp\/v2\/users\/1"}],"replies":[{"embeddable":true,"href":"https:\/\/digital58.com.ve\/site\/wp-json\/wp\/v2\/comments?post=101771"}],"version-history":[{"count":0,"href":"https:\/\/digital58.com.ve\/site\/wp-json\/wp\/v2\/posts\/101771\/revisions"}],"wp:featuredmedia":[{"embeddable":true,"href":"https:\/\/digital58.com.ve\/site\/wp-json\/wp\/v2\/media\/101772"}],"wp:attachment":[{"href":"https:\/\/digital58.com.ve\/site\/wp-json\/wp\/v2\/media?parent=101771"}],"wp:term":[{"taxonomy":"category","embeddable":true,"href":"https:\/\/digital58.com.ve\/site\/wp-json\/wp\/v2\/categories?post=101771"},{"taxonomy":"post_tag","embeddable":true,"href":"https:\/\/digital58.com.ve\/site\/wp-json\/wp\/v2\/tags?post=101771"}],"curies":[{"name":"wp","href":"https:\/\/api.w.org\/{rel}","templated":true}]}}