{"id":101985,"date":"2020-05-22T22:36:55","date_gmt":"2020-05-23T02:36:55","guid":{"rendered":"https:\/\/digital58.com.ve\/site\/?p=101985"},"modified":"2020-05-22T22:36:55","modified_gmt":"2020-05-23T02:36:55","slug":"panama-registra-295-muertes-por-covid-19-y-llega-a-10-267-contagios","status":"publish","type":"post","link":"https:\/\/digital58.com.ve\/site\/2020\/05\/22\/panama-registra-295-muertes-por-covid-19-y-llega-a-10-267-contagios\/","title":{"rendered":"Panam\u00e1 registra 295 muertes por COVID-19 y llega a 10.267 contagios"},"content":{"rendered":"<p><a href=\"https:\/\/digital58.com.ve\/site\/wp-content\/uploads\/2020\/05\/panam\u00e1-1.jpg\"><img loading=\"lazy\" decoding=\"async\" class=\"aligncenter size-full wp-image-101991\" src=\"https:\/\/digital58.com.ve\/site\/wp-content\/uploads\/2020\/05\/panam\u00e1-1.jpg\" alt=\"\" width=\"1500\" height=\"844\" srcset=\"https:\/\/digital58.com.ve\/site\/wp-content\/uploads\/2020\/05\/panam\u00e1-1.jpg 800w, https:\/\/digital58.com.ve\/site\/wp-content\/uploads\/2020\/05\/panam\u00e1-1-300x169.jpg 300w, https:\/\/digital58.com.ve\/site\/wp-content\/uploads\/2020\/05\/panam\u00e1-1-768x432.jpg 768w\" sizes=\"auto, (max-width: 1500px) 100vw, 1500px\" \/><\/a><\/p>\n<p>Panam\u00e1 a\u00f1adi\u00f3 4 muertes por COVID-19 y 151 nuevos casos de la enfermedad, para un total de 295 defunciones y 10.267 contagios confirmados, inform\u00f3 este viernes el Ministerio de Salud paname\u00f1o.<\/p>\n<p><strong>Panam\u00e1, 22 de mayo de 2020 (ND58).-<\/strong> Hay 339 pacientes hospitalizados, 271 en sala general y 68 en las unidades de cuidados intensivos (UCI), y en aislamiento domiciliario se encuentran 3.358, de ellos 621 en hoteles que operan provisionalmente como hospitales.<\/p>\n<p>Se report\u00f3 una cantidad de 6.275 pacientes recuperados de la enfermedad en Panam\u00e1, que identific\u00f3 su primer caso del nuevo coronavirus el 9 de marzo pasado.<\/p>\n<p>Hasta este viernes se han efectuado un total de 55.018 pruebas de detecci\u00f3n de contagio por COVID-19, 77 % negativas y 23 % positivas, que incluyen primeras y segundas muestras hechas para confirmar o descartar la infecci\u00f3n.<\/p>\n<p>De acuerdo con el informe oficial, en las \u00faltimas 24 horas se han realizado 1.090 nuevas pruebas.<\/p>\n<p>Panam\u00e1 es el pa\u00eds m\u00e1s golpeado de la regi\u00f3n centroamericana por la pandemia de COVID-19.<\/p>\n<p>\u00abAl ser Panam\u00e1 un pa\u00eds peque\u00f1o, los indicadores en relaci\u00f3n a otros pa\u00edses con mayor densidad demogr\u00e1fica, no significa que tener m\u00e1s casos implique que las cosas se est\u00e9n haciendo de forma incorrecta, sino que hemos tomado las medidas pertinentes para buscar los casos y detectar las complicaciones para actuar oportunamente\u00bb, indic\u00f3 la ministra de Salud, Rosario Turner.<\/p>\n<p>En Panam\u00e1 rige cuarentena indefinida desde el 25 de marzo, que restringe por g\u00e9nero y a dos horas diarias la movilidad de la poblaci\u00f3n.<\/p>\n<p>El 13 de mayo pasado arranc\u00f3 la primera de seis fases o bloques de reactivaci\u00f3n econ\u00f3mica del pa\u00eds, con ventas comerciales en l\u00ednea, servicios t\u00e9cnicos y mec\u00e1nica automotriz, y pesca artesanal.<\/p>\n<p>Todav\u00eda no hay una fecha definida para el arranque del segundo bloque, que incluye construcci\u00f3n, industria y miner\u00eda no met\u00e1lica, actividades en \u00e1reas deportivas y sociales e iglesias.<\/p><div class=\"mwdke69f4c657b153e\" ><p style=\"text-align: center;\"><a href=\"https:\/\/t.me\/noticiasdigital58\" target=\"_blank\" rel=\"noopener\"><img class=\"aligncenter size-full wp-image-125363\" src=\"https:\/\/digital58.com.ve\/site\/wp-content\/uploads\/2021\/04\/banner-telegram-web-2021.png\" alt=\"\" width=\"600\" height=\"90\" \/><\/a><\/p><\/div><style type=\"text\/css\">\r\n@media screen and (min-width: 1201px) {\r\n.mwdke69f4c657b153e {\r\ndisplay: block;\r\n}\r\n}\r\n@media screen and (min-width: 993px) and (max-width: 1200px) {\r\n.mwdke69f4c657b153e {\r\ndisplay: block;\r\n}\r\n}\r\n@media screen and (min-width: 769px) and (max-width: 992px) {\r\n.mwdke69f4c657b153e {\r\ndisplay: block;\r\n}\r\n}\r\n@media screen and (min-width: 768px) and (max-width: 768px) {\r\n.mwdke69f4c657b153e {\r\ndisplay: block;\r\n}\r\n}\r\n@media screen and (max-width: 767px) {\r\n.mwdke69f4c657b153e {\r\ndisplay: block;\r\n}\r\n}\r\n<\/style>\r\n\n<p><strong>Fuente: EFE<\/strong><br \/>\n<strong>Edici\u00f3n: Villasmil, Henry<\/strong><br \/>\n<strong>Gr\u00e1fica:<\/strong><\/p>\n<div style=\"margin-top: 0px; margin-bottom: 0px;\" class=\"sharethis-inline-share-buttons\" ><\/div>","protected":false},"excerpt":{"rendered":"<p>Panam\u00e1 a\u00f1adi\u00f3 4 muertes por COVID-19 y 151 nuevos casos de la enfermedad, para un total de 295 defunciones y<\/p>\n","protected":false},"author":1,"featured_media":101991,"comment_status":"open","ping_status":"closed","sticky":false,"template":"","format":"standard","meta":{"colormag_page_container_layout":"default_layout","colormag_page_sidebar_layout":"default_layout","_uag_custom_page_level_css":"","footnotes":""},"categories":[1],"tags":[13352,13648,13786,8,236,13723],"class_list":["post-101985","post","type-post","status-publish","format-standard","has-post-thumbnail","hentry","category-fama","tag-coronavirus","tag-covid-19","tag-cuarentena","tag-internacionales","tag-panama","tag-pandemia"],"yoast_head":"<!-- This site is optimized with the Yoast SEO plugin v27.5 - https:\/\/yoast.com\/product\/yoast-seo-wordpress\/ -->\n<title>Panam\u00e1 registra 295 muertes por COVID-19 y llega a 10.267 contagios<\/title>\n<meta name=\"description\" content=\"Fama\" \/>\n<meta name=\"robots\" content=\"index, follow, max-snippet:-1, max-image-preview:large, max-video-preview:-1\" \/>\n<link rel=\"canonical\" href=\"https:\/\/digital58.com.ve\/site\/2020\/05\/22\/panama-registra-295-muertes-por-covid-19-y-llega-a-10-267-contagios\/\" \/>\n<meta property=\"og:locale\" content=\"es_ES\" \/>\n<meta property=\"og:type\" content=\"article\" \/>\n<meta property=\"og:title\" content=\"Panam\u00e1 registra 295 muertes por COVID-19 y llega a 10.267 contagios\" \/>\n<meta property=\"og:description\" content=\"Fama\" \/>\n<meta property=\"og:url\" content=\"https:\/\/digital58.com.ve\/site\/2020\/05\/22\/panama-registra-295-muertes-por-covid-19-y-llega-a-10-267-contagios\/\" \/>\n<meta property=\"og:site_name\" content=\"Noticias Digital58\" \/>\n<meta property=\"article:published_time\" content=\"2020-05-23T02:36:55+00:00\" \/>\n<meta property=\"og:image\" content=\"https:\/\/digital58.com.ve\/site\/wp-content\/uploads\/2020\/05\/panam\u00e1-1.jpg\" \/>\n\t<meta property=\"og:image:width\" content=\"1500\" \/>\n\t<meta property=\"og:image:height\" content=\"844\" \/>\n\t<meta property=\"og:image:type\" content=\"image\/jpeg\" \/>\n<meta name=\"author\" content=\"Villasmil Henry\" \/>\n<meta name=\"twitter:card\" content=\"summary_large_image\" \/>\n<meta name=\"twitter:creator\" content=\"@https:\/\/twitter.com\/villasmilhfoto\" \/>\n<meta name=\"twitter:site\" content=\"@villasmilhfoto\" \/>\n<meta name=\"twitter:label1\" content=\"Escrito por\" \/>\n\t<meta name=\"twitter:data1\" content=\"Villasmil Henry\" \/>\n\t<meta name=\"twitter:label2\" content=\"Tiempo estimado de lectura\" \/>\n\t<meta name=\"twitter:data2\" content=\"2 minutos\" \/>\n<script type=\"application\/ld+json\" class=\"yoast-schema-graph\">{\"@context\":\"https:\\\/\\\/schema.org\",\"@graph\":[{\"@type\":\"Article\",\"@id\":\"https:\\\/\\\/digital58.com.ve\\\/site\\\/2020\\\/05\\\/22\\\/panama-registra-295-muertes-por-covid-19-y-llega-a-10-267-contagios\\\/#article\",\"isPartOf\":{\"@id\":\"https:\\\/\\\/digital58.com.ve\\\/site\\\/2020\\\/05\\\/22\\\/panama-registra-295-muertes-por-covid-19-y-llega-a-10-267-contagios\\\/\"},\"author\":{\"name\":\"Villasmil Henry\",\"@id\":\"https:\\\/\\\/digital58.com.ve\\\/site\\\/#\\\/schema\\\/person\\\/64d1c2e4d0d4fd1b849980c4331c2951\"},\"headline\":\"Panam\u00e1 registra 295 muertes por COVID-19 y llega a 10.267 contagios\",\"datePublished\":\"2020-05-23T02:36:55+00:00\",\"mainEntityOfPage\":{\"@id\":\"https:\\\/\\\/digital58.com.ve\\\/site\\\/2020\\\/05\\\/22\\\/panama-registra-295-muertes-por-covid-19-y-llega-a-10-267-contagios\\\/\"},\"wordCount\":330,\"commentCount\":0,\"publisher\":{\"@id\":\"https:\\\/\\\/digital58.com.ve\\\/site\\\/#\\\/schema\\\/person\\\/64d1c2e4d0d4fd1b849980c4331c2951\"},\"image\":{\"@id\":\"https:\\\/\\\/digital58.com.ve\\\/site\\\/2020\\\/05\\\/22\\\/panama-registra-295-muertes-por-covid-19-y-llega-a-10-267-contagios\\\/#primaryimage\"},\"thumbnailUrl\":\"https:\\\/\\\/digital58.com.ve\\\/site\\\/wp-content\\\/uploads\\\/2020\\\/05\\\/panam\u00e1-1.jpg\",\"keywords\":[\"Coronavirus\",\"COVID-19\",\"Cuarentena\",\"Internacionales\",\"Panam\u00e1\",\"Pandemia\"],\"articleSection\":[\"Fama\"],\"inLanguage\":\"es\",\"potentialAction\":[{\"@type\":\"CommentAction\",\"name\":\"Comment\",\"target\":[\"https:\\\/\\\/digital58.com.ve\\\/site\\\/2020\\\/05\\\/22\\\/panama-registra-295-muertes-por-covid-19-y-llega-a-10-267-contagios\\\/#respond\"]}]},{\"@type\":\"WebPage\",\"@id\":\"https:\\\/\\\/digital58.com.ve\\\/site\\\/2020\\\/05\\\/22\\\/panama-registra-295-muertes-por-covid-19-y-llega-a-10-267-contagios\\\/\",\"url\":\"https:\\\/\\\/digital58.com.ve\\\/site\\\/2020\\\/05\\\/22\\\/panama-registra-295-muertes-por-covid-19-y-llega-a-10-267-contagios\\\/\",\"name\":\"Panam\u00e1 registra 295 muertes por COVID-19 y llega a 10.267 contagios\",\"isPartOf\":{\"@id\":\"https:\\\/\\\/digital58.com.ve\\\/site\\\/#website\"},\"primaryImageOfPage\":{\"@id\":\"https:\\\/\\\/digital58.com.ve\\\/site\\\/2020\\\/05\\\/22\\\/panama-registra-295-muertes-por-covid-19-y-llega-a-10-267-contagios\\\/#primaryimage\"},\"image\":{\"@id\":\"https:\\\/\\\/digital58.com.ve\\\/site\\\/2020\\\/05\\\/22\\\/panama-registra-295-muertes-por-covid-19-y-llega-a-10-267-contagios\\\/#primaryimage\"},\"thumbnailUrl\":\"https:\\\/\\\/digital58.com.ve\\\/site\\\/wp-content\\\/uploads\\\/2020\\\/05\\\/panam\u00e1-1.jpg\",\"datePublished\":\"2020-05-23T02:36:55+00:00\",\"description\":\"Fama\",\"breadcrumb\":{\"@id\":\"https:\\\/\\\/digital58.com.ve\\\/site\\\/2020\\\/05\\\/22\\\/panama-registra-295-muertes-por-covid-19-y-llega-a-10-267-contagios\\\/#breadcrumb\"},\"inLanguage\":\"es\",\"potentialAction\":[{\"@type\":\"ReadAction\",\"target\":[\"https:\\\/\\\/digital58.com.ve\\\/site\\\/2020\\\/05\\\/22\\\/panama-registra-295-muertes-por-covid-19-y-llega-a-10-267-contagios\\\/\"]}]},{\"@type\":\"ImageObject\",\"inLanguage\":\"es\",\"@id\":\"https:\\\/\\\/digital58.com.ve\\\/site\\\/2020\\\/05\\\/22\\\/panama-registra-295-muertes-por-covid-19-y-llega-a-10-267-contagios\\\/#primaryimage\",\"url\":\"https:\\\/\\\/digital58.com.ve\\\/site\\\/wp-content\\\/uploads\\\/2020\\\/05\\\/panam\u00e1-1.jpg\",\"contentUrl\":\"https:\\\/\\\/digital58.com.ve\\\/site\\\/wp-content\\\/uploads\\\/2020\\\/05\\\/panam\u00e1-1.jpg\",\"width\":800,\"height\":450},{\"@type\":\"BreadcrumbList\",\"@id\":\"https:\\\/\\\/digital58.com.ve\\\/site\\\/2020\\\/05\\\/22\\\/panama-registra-295-muertes-por-covid-19-y-llega-a-10-267-contagios\\\/#breadcrumb\",\"itemListElement\":[{\"@type\":\"ListItem\",\"position\":1,\"name\":\"Home\",\"item\":\"https:\\\/\\\/digital58.com.ve\\\/site\\\/\"},{\"@type\":\"ListItem\",\"position\":2,\"name\":\"Panam\u00e1 registra 295 muertes por COVID-19 y llega a 10.267 contagios\"}]},{\"@type\":\"WebSite\",\"@id\":\"https:\\\/\\\/digital58.com.ve\\\/site\\\/#website\",\"url\":\"https:\\\/\\\/digital58.com.ve\\\/site\\\/\",\"name\":\"Noticias Digital58\",\"description\":\"Portal de Noticias \u00a1Periodismo web de verdad! Lanzamiento web 22.11.2005 \\\/ Maracaibo, Venezuela\",\"publisher\":{\"@id\":\"https:\\\/\\\/digital58.com.ve\\\/site\\\/#\\\/schema\\\/person\\\/64d1c2e4d0d4fd1b849980c4331c2951\"},\"alternateName\":\"ND58\",\"potentialAction\":[{\"@type\":\"SearchAction\",\"target\":{\"@type\":\"EntryPoint\",\"urlTemplate\":\"https:\\\/\\\/digital58.com.ve\\\/site\\\/?s={search_term_string}\"},\"query-input\":{\"@type\":\"PropertyValueSpecification\",\"valueRequired\":true,\"valueName\":\"search_term_string\"}}],\"inLanguage\":\"es\"},{\"@type\":[\"Person\",\"Organization\"],\"@id\":\"https:\\\/\\\/digital58.com.ve\\\/site\\\/#\\\/schema\\\/person\\\/64d1c2e4d0d4fd1b849980c4331c2951\",\"name\":\"Villasmil Henry\",\"image\":{\"@type\":\"ImageObject\",\"inLanguage\":\"es\",\"@id\":\"https:\\\/\\\/secure.gravatar.com\\\/avatar\\\/bb0c4a2fcb7970138239f7e404ea75757b1b507b28b5ce4c53fbd62d797c5a7c?s=96&d=mm&r=g\",\"url\":\"https:\\\/\\\/secure.gravatar.com\\\/avatar\\\/bb0c4a2fcb7970138239f7e404ea75757b1b507b28b5ce4c53fbd62d797c5a7c?s=96&d=mm&r=g\",\"contentUrl\":\"https:\\\/\\\/secure.gravatar.com\\\/avatar\\\/bb0c4a2fcb7970138239f7e404ea75757b1b507b28b5ce4c53fbd62d797c5a7c?s=96&d=mm&r=g\",\"caption\":\"Villasmil Henry\"},\"logo\":{\"@id\":\"https:\\\/\\\/secure.gravatar.com\\\/avatar\\\/bb0c4a2fcb7970138239f7e404ea75757b1b507b28b5ce4c53fbd62d797c5a7c?s=96&d=mm&r=g\"},\"sameAs\":[\"http:\\\/\\\/www.henryvillasmil.com.ve\",\"https:\\\/\\\/www.instagram.com\\\/villasmilhfoto\\\/\",\"https:\\\/\\\/x.com\\\/https:\\\/\\\/twitter.com\\\/villasmilhfoto\"],\"url\":\"https:\\\/\\\/digital58.com.ve\\\/site\\\/author\\\/droopy_68\\\/\"}]}<\/script>\n<!-- \/ Yoast SEO plugin. -->","yoast_head_json":{"title":"Panam\u00e1 registra 295 muertes por COVID-19 y llega a 10.267 contagios","description":"Fama","robots":{"index":"index","follow":"follow","max-snippet":"max-snippet:-1","max-image-preview":"max-image-preview:large","max-video-preview":"max-video-preview:-1"},"canonical":"https:\/\/digital58.com.ve\/site\/2020\/05\/22\/panama-registra-295-muertes-por-covid-19-y-llega-a-10-267-contagios\/","og_locale":"es_ES","og_type":"article","og_title":"Panam\u00e1 registra 295 muertes por COVID-19 y llega a 10.267 contagios","og_description":"Fama","og_url":"https:\/\/digital58.com.ve\/site\/2020\/05\/22\/panama-registra-295-muertes-por-covid-19-y-llega-a-10-267-contagios\/","og_site_name":"Noticias Digital58","article_published_time":"2020-05-23T02:36:55+00:00","og_image":[{"width":1500,"height":844,"url":"https:\/\/digital58.com.ve\/site\/wp-content\/uploads\/2020\/05\/panam\u00e1-1.jpg","type":"image\/jpeg"}],"author":"Villasmil Henry","twitter_card":"summary_large_image","twitter_creator":"@https:\/\/twitter.com\/villasmilhfoto","twitter_site":"@villasmilhfoto","twitter_misc":{"Escrito por":"Villasmil Henry","Tiempo estimado de lectura":"2 minutos"},"schema":{"@context":"https:\/\/schema.org","@graph":[{"@type":"Article","@id":"https:\/\/digital58.com.ve\/site\/2020\/05\/22\/panama-registra-295-muertes-por-covid-19-y-llega-a-10-267-contagios\/#article","isPartOf":{"@id":"https:\/\/digital58.com.ve\/site\/2020\/05\/22\/panama-registra-295-muertes-por-covid-19-y-llega-a-10-267-contagios\/"},"author":{"name":"Villasmil Henry","@id":"https:\/\/digital58.com.ve\/site\/#\/schema\/person\/64d1c2e4d0d4fd1b849980c4331c2951"},"headline":"Panam\u00e1 registra 295 muertes por COVID-19 y llega a 10.267 contagios","datePublished":"2020-05-23T02:36:55+00:00","mainEntityOfPage":{"@id":"https:\/\/digital58.com.ve\/site\/2020\/05\/22\/panama-registra-295-muertes-por-covid-19-y-llega-a-10-267-contagios\/"},"wordCount":330,"commentCount":0,"publisher":{"@id":"https:\/\/digital58.com.ve\/site\/#\/schema\/person\/64d1c2e4d0d4fd1b849980c4331c2951"},"image":{"@id":"https:\/\/digital58.com.ve\/site\/2020\/05\/22\/panama-registra-295-muertes-por-covid-19-y-llega-a-10-267-contagios\/#primaryimage"},"thumbnailUrl":"https:\/\/digital58.com.ve\/site\/wp-content\/uploads\/2020\/05\/panam\u00e1-1.jpg","keywords":["Coronavirus","COVID-19","Cuarentena","Internacionales","Panam\u00e1","Pandemia"],"articleSection":["Fama"],"inLanguage":"es","potentialAction":[{"@type":"CommentAction","name":"Comment","target":["https:\/\/digital58.com.ve\/site\/2020\/05\/22\/panama-registra-295-muertes-por-covid-19-y-llega-a-10-267-contagios\/#respond"]}]},{"@type":"WebPage","@id":"https:\/\/digital58.com.ve\/site\/2020\/05\/22\/panama-registra-295-muertes-por-covid-19-y-llega-a-10-267-contagios\/","url":"https:\/\/digital58.com.ve\/site\/2020\/05\/22\/panama-registra-295-muertes-por-covid-19-y-llega-a-10-267-contagios\/","name":"Panam\u00e1 registra 295 muertes por COVID-19 y llega a 10.267 contagios","isPartOf":{"@id":"https:\/\/digital58.com.ve\/site\/#website"},"primaryImageOfPage":{"@id":"https:\/\/digital58.com.ve\/site\/2020\/05\/22\/panama-registra-295-muertes-por-covid-19-y-llega-a-10-267-contagios\/#primaryimage"},"image":{"@id":"https:\/\/digital58.com.ve\/site\/2020\/05\/22\/panama-registra-295-muertes-por-covid-19-y-llega-a-10-267-contagios\/#primaryimage"},"thumbnailUrl":"https:\/\/digital58.com.ve\/site\/wp-content\/uploads\/2020\/05\/panam\u00e1-1.jpg","datePublished":"2020-05-23T02:36:55+00:00","description":"Fama","breadcrumb":{"@id":"https:\/\/digital58.com.ve\/site\/2020\/05\/22\/panama-registra-295-muertes-por-covid-19-y-llega-a-10-267-contagios\/#breadcrumb"},"inLanguage":"es","potentialAction":[{"@type":"ReadAction","target":["https:\/\/digital58.com.ve\/site\/2020\/05\/22\/panama-registra-295-muertes-por-covid-19-y-llega-a-10-267-contagios\/"]}]},{"@type":"ImageObject","inLanguage":"es","@id":"https:\/\/digital58.com.ve\/site\/2020\/05\/22\/panama-registra-295-muertes-por-covid-19-y-llega-a-10-267-contagios\/#primaryimage","url":"https:\/\/digital58.com.ve\/site\/wp-content\/uploads\/2020\/05\/panam\u00e1-1.jpg","contentUrl":"https:\/\/digital58.com.ve\/site\/wp-content\/uploads\/2020\/05\/panam\u00e1-1.jpg","width":800,"height":450},{"@type":"BreadcrumbList","@id":"https:\/\/digital58.com.ve\/site\/2020\/05\/22\/panama-registra-295-muertes-por-covid-19-y-llega-a-10-267-contagios\/#breadcrumb","itemListElement":[{"@type":"ListItem","position":1,"name":"Home","item":"https:\/\/digital58.com.ve\/site\/"},{"@type":"ListItem","position":2,"name":"Panam\u00e1 registra 295 muertes por COVID-19 y llega a 10.267 contagios"}]},{"@type":"WebSite","@id":"https:\/\/digital58.com.ve\/site\/#website","url":"https:\/\/digital58.com.ve\/site\/","name":"Noticias Digital58","description":"Portal de Noticias \u00a1Periodismo web de verdad! Lanzamiento web 22.11.2005 \/ Maracaibo, Venezuela","publisher":{"@id":"https:\/\/digital58.com.ve\/site\/#\/schema\/person\/64d1c2e4d0d4fd1b849980c4331c2951"},"alternateName":"ND58","potentialAction":[{"@type":"SearchAction","target":{"@type":"EntryPoint","urlTemplate":"https:\/\/digital58.com.ve\/site\/?s={search_term_string}"},"query-input":{"@type":"PropertyValueSpecification","valueRequired":true,"valueName":"search_term_string"}}],"inLanguage":"es"},{"@type":["Person","Organization"],"@id":"https:\/\/digital58.com.ve\/site\/#\/schema\/person\/64d1c2e4d0d4fd1b849980c4331c2951","name":"Villasmil Henry","image":{"@type":"ImageObject","inLanguage":"es","@id":"https:\/\/secure.gravatar.com\/avatar\/bb0c4a2fcb7970138239f7e404ea75757b1b507b28b5ce4c53fbd62d797c5a7c?s=96&d=mm&r=g","url":"https:\/\/secure.gravatar.com\/avatar\/bb0c4a2fcb7970138239f7e404ea75757b1b507b28b5ce4c53fbd62d797c5a7c?s=96&d=mm&r=g","contentUrl":"https:\/\/secure.gravatar.com\/avatar\/bb0c4a2fcb7970138239f7e404ea75757b1b507b28b5ce4c53fbd62d797c5a7c?s=96&d=mm&r=g","caption":"Villasmil Henry"},"logo":{"@id":"https:\/\/secure.gravatar.com\/avatar\/bb0c4a2fcb7970138239f7e404ea75757b1b507b28b5ce4c53fbd62d797c5a7c?s=96&d=mm&r=g"},"sameAs":["http:\/\/www.henryvillasmil.com.ve","https:\/\/www.instagram.com\/villasmilhfoto\/","https:\/\/x.com\/https:\/\/twitter.com\/villasmilhfoto"],"url":"https:\/\/digital58.com.ve\/site\/author\/droopy_68\/"}]}},"uagb_featured_image_src":{"full":["https:\/\/digital58.com.ve\/site\/wp-content\/uploads\/2020\/05\/panam\u00e1-1.jpg",800,450,false],"thumbnail":["https:\/\/digital58.com.ve\/site\/wp-content\/uploads\/2020\/05\/panam\u00e1-1-150x150.jpg",150,150,true],"medium":["https:\/\/digital58.com.ve\/site\/wp-content\/uploads\/2020\/05\/panam\u00e1-1-300x169.jpg",300,169,true],"medium_large":["https:\/\/digital58.com.ve\/site\/wp-content\/uploads\/2020\/05\/panam\u00e1-1-768x432.jpg",768,432,true],"large":["https:\/\/digital58.com.ve\/site\/wp-content\/uploads\/2020\/05\/panam\u00e1-1.jpg",800,450,false],"1536x1536":["https:\/\/digital58.com.ve\/site\/wp-content\/uploads\/2020\/05\/panam\u00e1-1.jpg",800,450,false],"2048x2048":["https:\/\/digital58.com.ve\/site\/wp-content\/uploads\/2020\/05\/panam\u00e1-1.jpg",800,450,false],"colormag-highlighted-post":["https:\/\/digital58.com.ve\/site\/wp-content\/uploads\/2020\/05\/panam\u00e1-1.jpg",392,221,false],"colormag-featured-post-medium":["https:\/\/digital58.com.ve\/site\/wp-content\/uploads\/2020\/05\/panam\u00e1-1.jpg",364,205,false],"colormag-featured-post-small":["https:\/\/digital58.com.ve\/site\/wp-content\/uploads\/2020\/05\/panam\u00e1-1.jpg",130,73,false],"colormag-featured-image":["https:\/\/digital58.com.ve\/site\/wp-content\/uploads\/2020\/05\/panam\u00e1-1.jpg",791,445,false],"colormag-default-news":["https:\/\/digital58.com.ve\/site\/wp-content\/uploads\/2020\/05\/panam\u00e1-1.jpg",150,84,false],"colormag-featured-image-large":["https:\/\/digital58.com.ve\/site\/wp-content\/uploads\/2020\/05\/panam\u00e1-1.jpg",800,450,false]},"uagb_author_info":{"display_name":"Villasmil Henry","author_link":"https:\/\/digital58.com.ve\/site\/author\/droopy_68\/"},"uagb_comment_info":0,"uagb_excerpt":"Panam\u00e1 a\u00f1adi\u00f3 4 muertes por COVID-19 y 151 nuevos casos de la enfermedad, para un total de 295 defunciones y","_links":{"self":[{"href":"https:\/\/digital58.com.ve\/site\/wp-json\/wp\/v2\/posts\/101985","targetHints":{"allow":["GET"]}}],"collection":[{"href":"https:\/\/digital58.com.ve\/site\/wp-json\/wp\/v2\/posts"}],"about":[{"href":"https:\/\/digital58.com.ve\/site\/wp-json\/wp\/v2\/types\/post"}],"author":[{"embeddable":true,"href":"https:\/\/digital58.com.ve\/site\/wp-json\/wp\/v2\/users\/1"}],"replies":[{"embeddable":true,"href":"https:\/\/digital58.com.ve\/site\/wp-json\/wp\/v2\/comments?post=101985"}],"version-history":[{"count":0,"href":"https:\/\/digital58.com.ve\/site\/wp-json\/wp\/v2\/posts\/101985\/revisions"}],"wp:featuredmedia":[{"embeddable":true,"href":"https:\/\/digital58.com.ve\/site\/wp-json\/wp\/v2\/media\/101991"}],"wp:attachment":[{"href":"https:\/\/digital58.com.ve\/site\/wp-json\/wp\/v2\/media?parent=101985"}],"wp:term":[{"taxonomy":"category","embeddable":true,"href":"https:\/\/digital58.com.ve\/site\/wp-json\/wp\/v2\/categories?post=101985"},{"taxonomy":"post_tag","embeddable":true,"href":"https:\/\/digital58.com.ve\/site\/wp-json\/wp\/v2\/tags?post=101985"}],"curies":[{"name":"wp","href":"https:\/\/api.w.org\/{rel}","templated":true}]}}