{"id":102548,"date":"2020-05-25T19:58:18","date_gmt":"2020-05-25T23:58:18","guid":{"rendered":"https:\/\/digital58.com.ve\/site\/?p=102548"},"modified":"2020-05-25T20:42:58","modified_gmt":"2020-05-26T00:42:58","slug":"gobernacion-del-zulia-entrego-en-san-francisco-el-vaso-de-leche-casa-a-casa","status":"publish","type":"post","link":"https:\/\/digital58.com.ve\/site\/2020\/05\/25\/gobernacion-del-zulia-entrego-en-san-francisco-el-vaso-de-leche-casa-a-casa\/","title":{"rendered":"Gobernaci\u00f3n  del Zulia  entreg\u00f3 en San Francisco el Vaso de Leche casa a casa"},"content":{"rendered":"<p><img loading=\"lazy\" decoding=\"async\" class=\"aligncenter wp-image-102549 size-full\" src=\"https:\/\/digital58.com.ve\/site\/wp-content\/uploads\/2020\/05\/4-7.jpg\" alt=\"\" width=\"800\" height=\"768\" srcset=\"https:\/\/digital58.com.ve\/site\/wp-content\/uploads\/2020\/05\/4-7.jpg 625w, https:\/\/digital58.com.ve\/site\/wp-content\/uploads\/2020\/05\/4-7-300x288.jpg 300w, https:\/\/digital58.com.ve\/site\/wp-content\/uploads\/2020\/05\/4-7-768x737.jpg 768w\" sizes=\"auto, (max-width: 800px) 100vw, 800px\" \/><\/p>\n<p>La ma\u00f1ana de este lunes 25 de mayo, el Gobernador Omar Prieto hizo entrega del Vaso de Leche casa a casa, en el municipio San Francisco. El acto se realiz\u00f3 en la Unidad Educativa Maestro Victo Padilla. Con la entrega se beneficiaran 144 mil ni\u00f1os.<\/p>\n<p><strong>Maracaibo, Zulia, Venezuela, 25 de mayo de 2020 (ND58).-<\/strong>\u00a0Desde la Unidad Educativa Maestro V\u00edctor Padilla, municipio San Francisco el Gobernador del estado Zulia, Omar Prieto, inicio la entrega del programa del Vaso de Leche Escolar casa a casa para el beneficio de 144 mil ni\u00f1os, el cual ser\u00e1 entregado junto al programa de alimentaci\u00f3n escolar.<\/p>\n<p><img loading=\"lazy\" decoding=\"async\" class=\"aligncenter wp-image-102552 size-large\" src=\"https:\/\/digital58.com.ve\/site\/wp-content\/uploads\/2020\/05\/alcalde-y-gobernador-scaled-1-1500x924.jpg\" alt=\"\" width=\"1500\" height=\"924\" srcset=\"https:\/\/digital58.com.ve\/site\/wp-content\/uploads\/2020\/05\/alcalde-y-gobernador-scaled-1-1500x924.jpg 1500w, https:\/\/digital58.com.ve\/site\/wp-content\/uploads\/2020\/05\/alcalde-y-gobernador-scaled-1-300x185.jpg 300w, https:\/\/digital58.com.ve\/site\/wp-content\/uploads\/2020\/05\/alcalde-y-gobernador-scaled-1-768x473.jpg 768w, https:\/\/digital58.com.ve\/site\/wp-content\/uploads\/2020\/05\/alcalde-y-gobernador-scaled-1-1536x946.jpg 1536w, https:\/\/digital58.com.ve\/site\/wp-content\/uploads\/2020\/05\/alcalde-y-gobernador-scaled-1-2048x1262.jpg 2048w, https:\/\/digital58.com.ve\/site\/wp-content\/uploads\/2020\/05\/alcalde-y-gobernador-scaled-1.jpg 800w\" sizes=\"auto, (max-width: 1500px) 100vw, 1500px\" \/><\/p>\n<p>El Gobernador Omar Prieto, estuvo \u00a0acompa\u00f1ado por la Autoridad \u00danica de Educaci\u00f3n del Zulia, Damelis Ch\u00e1vez, manifest\u00f3 que las bolsas contienen 400 mililitros de leche, equivalentes a 3 bolsitas que se les tiene que entregar a las ni\u00f1as y ni\u00f1os, como complemento de su alimentaci\u00f3n.<\/p>\n<p>Explic\u00f3 la m\u00e1xima autoridad gubernamental de la regi\u00f3n que los primeros municipios asistieron La Ca\u00f1ada de Urdaneta, San Francisco y Maracaibo, pero la meta es llevar a cabo todos los municipios de la entidad este beneficio para la poblaci\u00f3n infantil.<\/p>\n<p>Agreg\u00f3 que gracias a la producci\u00f3n de L\u00e1cteos Zulia M\u00eda, podr\u00e1 llegar a las ni\u00f1as y ni\u00f1os de la zona metropolitana que estudian a una distancia respetando los protocolos de seguridad para contener la propagaci\u00f3n del COVID-19 en la regi\u00f3n.<\/p>\n<p><strong>Redacci\u00f3n: Molero, Luis (@Moleromarquez)\/ Nota de Prensa<\/strong><br \/>\n<strong>Edici\u00f3n: Villasmil, Henry<\/strong><br \/>\n<strong>Gr\u00e1ficas: Luis, Arismendi<\/strong><\/p>\n<p>&nbsp;<\/p><div class=\"gqgia69ee96a13a3c7\" ><p style=\"text-align: center;\"><a href=\"https:\/\/t.me\/noticiasdigital58\" target=\"_blank\" rel=\"noopener\"><img class=\"aligncenter size-full wp-image-125363\" src=\"https:\/\/digital58.com.ve\/site\/wp-content\/uploads\/2021\/04\/banner-telegram-web-2021.png\" alt=\"\" width=\"600\" height=\"90\" \/><\/a><\/p><\/div><style type=\"text\/css\">\r\n@media screen and (min-width: 1201px) {\r\n.gqgia69ee96a13a3c7 {\r\ndisplay: block;\r\n}\r\n}\r\n@media screen and (min-width: 993px) and (max-width: 1200px) {\r\n.gqgia69ee96a13a3c7 {\r\ndisplay: block;\r\n}\r\n}\r\n@media screen and (min-width: 769px) and (max-width: 992px) {\r\n.gqgia69ee96a13a3c7 {\r\ndisplay: block;\r\n}\r\n}\r\n@media screen and (min-width: 768px) and (max-width: 768px) {\r\n.gqgia69ee96a13a3c7 {\r\ndisplay: block;\r\n}\r\n}\r\n@media screen and (max-width: 767px) {\r\n.gqgia69ee96a13a3c7 {\r\ndisplay: block;\r\n}\r\n}\r\n<\/style>\r\n\n<p>&nbsp;<\/p>\n<div style=\"margin-top: 0px; margin-bottom: 0px;\" class=\"sharethis-inline-share-buttons\" ><\/div>","protected":false},"excerpt":{"rendered":"<p>La ma\u00f1ana de este lunes 25 de mayo, el Gobernador Omar Prieto hizo entrega del Vaso de Leche casa a<\/p>\n","protected":false},"author":26,"featured_media":102552,"comment_status":"open","ping_status":"closed","sticky":false,"template":"","format":"standard","meta":{"colormag_page_container_layout":"default_layout","colormag_page_sidebar_layout":"default_layout","_uag_custom_page_level_css":"","footnotes":""},"categories":[14504],"tags":[15085,11252,5816,15084,761],"class_list":["post-102548","post","type-post","status-publish","format-standard","has-post-thumbnail","hentry","category-zulia","tag-colegio-maestro-victor-padilla","tag-gobernacion-del-estado-zulia","tag-municipio-san-francisco","tag-vaso-de-leche-escolar","tag-zulia"],"yoast_head":"<!-- This site is optimized with the Yoast SEO plugin v27.4 - https:\/\/yoast.com\/product\/yoast-seo-wordpress\/ -->\n<title>Gobernaci\u00f3n del Zulia entreg\u00f3 en San Francisco el Vaso de Leche casa a casa<\/title>\n<meta name=\"description\" content=\"Zulia\" \/>\n<meta name=\"robots\" content=\"index, follow, max-snippet:-1, max-image-preview:large, max-video-preview:-1\" \/>\n<link rel=\"canonical\" href=\"https:\/\/digital58.com.ve\/site\/2020\/05\/25\/gobernacion-del-zulia-entrego-en-san-francisco-el-vaso-de-leche-casa-a-casa\/\" \/>\n<meta property=\"og:locale\" content=\"es_ES\" \/>\n<meta property=\"og:type\" content=\"article\" \/>\n<meta property=\"og:title\" content=\"Gobernaci\u00f3n del Zulia entreg\u00f3 en San Francisco el Vaso de Leche casa a casa\" \/>\n<meta property=\"og:description\" content=\"Zulia\" \/>\n<meta property=\"og:url\" content=\"https:\/\/digital58.com.ve\/site\/2020\/05\/25\/gobernacion-del-zulia-entrego-en-san-francisco-el-vaso-de-leche-casa-a-casa\/\" \/>\n<meta property=\"og:site_name\" content=\"Noticias Digital58\" \/>\n<meta property=\"article:published_time\" content=\"2020-05-25T23:58:18+00:00\" \/>\n<meta property=\"article:modified_time\" content=\"2020-05-26T00:42:58+00:00\" \/>\n<meta property=\"og:image\" content=\"https:\/\/digital58.com.ve\/site\/wp-content\/uploads\/2020\/05\/alcalde-y-gobernador-scaled-1.jpg\" \/>\n\t<meta property=\"og:image:width\" content=\"2560\" \/>\n\t<meta property=\"og:image:height\" content=\"1577\" \/>\n\t<meta property=\"og:image:type\" content=\"image\/jpeg\" \/>\n<meta name=\"author\" content=\"Molero Luis\" \/>\n<meta name=\"twitter:card\" content=\"summary_large_image\" \/>\n<meta name=\"twitter:creator\" content=\"@Digital_58\" \/>\n<meta name=\"twitter:site\" content=\"@villasmilhfoto\" \/>\n<meta name=\"twitter:label1\" content=\"Escrito por\" \/>\n\t<meta name=\"twitter:data1\" content=\"Molero Luis\" \/>\n\t<meta name=\"twitter:label2\" content=\"Tiempo estimado de lectura\" \/>\n\t<meta name=\"twitter:data2\" content=\"1 minuto\" \/>\n<script type=\"application\/ld+json\" class=\"yoast-schema-graph\">{\"@context\":\"https:\\\/\\\/schema.org\",\"@graph\":[{\"@type\":\"Article\",\"@id\":\"https:\\\/\\\/digital58.com.ve\\\/site\\\/2020\\\/05\\\/25\\\/gobernacion-del-zulia-entrego-en-san-francisco-el-vaso-de-leche-casa-a-casa\\\/#article\",\"isPartOf\":{\"@id\":\"https:\\\/\\\/digital58.com.ve\\\/site\\\/2020\\\/05\\\/25\\\/gobernacion-del-zulia-entrego-en-san-francisco-el-vaso-de-leche-casa-a-casa\\\/\"},\"author\":{\"name\":\"Molero Luis\",\"@id\":\"https:\\\/\\\/digital58.com.ve\\\/site\\\/#\\\/schema\\\/person\\\/c61667ce6845137620ee3f0aaabade17\"},\"headline\":\"Gobernaci\u00f3n del Zulia entreg\u00f3 en San Francisco el Vaso de Leche casa a casa\",\"datePublished\":\"2020-05-25T23:58:18+00:00\",\"dateModified\":\"2020-05-26T00:42:58+00:00\",\"mainEntityOfPage\":{\"@id\":\"https:\\\/\\\/digital58.com.ve\\\/site\\\/2020\\\/05\\\/25\\\/gobernacion-del-zulia-entrego-en-san-francisco-el-vaso-de-leche-casa-a-casa\\\/\"},\"wordCount\":275,\"commentCount\":0,\"publisher\":{\"@id\":\"https:\\\/\\\/digital58.com.ve\\\/site\\\/#\\\/schema\\\/person\\\/64d1c2e4d0d4fd1b849980c4331c2951\"},\"image\":{\"@id\":\"https:\\\/\\\/digital58.com.ve\\\/site\\\/2020\\\/05\\\/25\\\/gobernacion-del-zulia-entrego-en-san-francisco-el-vaso-de-leche-casa-a-casa\\\/#primaryimage\"},\"thumbnailUrl\":\"https:\\\/\\\/digital58.com.ve\\\/site\\\/wp-content\\\/uploads\\\/2020\\\/05\\\/alcalde-y-gobernador-scaled-1.jpg\",\"keywords\":[\"Colegio Maestro V\u00ecctor Padilla\",\"Gobernaci\u00f3n del estado Zulia\",\"Municipio San Francisco\",\"Vaso de Leche escolar\",\"Zulia\"],\"articleSection\":[\"Zulia\"],\"inLanguage\":\"es\",\"potentialAction\":[{\"@type\":\"CommentAction\",\"name\":\"Comment\",\"target\":[\"https:\\\/\\\/digital58.com.ve\\\/site\\\/2020\\\/05\\\/25\\\/gobernacion-del-zulia-entrego-en-san-francisco-el-vaso-de-leche-casa-a-casa\\\/#respond\"]}]},{\"@type\":\"WebPage\",\"@id\":\"https:\\\/\\\/digital58.com.ve\\\/site\\\/2020\\\/05\\\/25\\\/gobernacion-del-zulia-entrego-en-san-francisco-el-vaso-de-leche-casa-a-casa\\\/\",\"url\":\"https:\\\/\\\/digital58.com.ve\\\/site\\\/2020\\\/05\\\/25\\\/gobernacion-del-zulia-entrego-en-san-francisco-el-vaso-de-leche-casa-a-casa\\\/\",\"name\":\"Gobernaci\u00f3n del Zulia entreg\u00f3 en San Francisco el Vaso de Leche casa a casa\",\"isPartOf\":{\"@id\":\"https:\\\/\\\/digital58.com.ve\\\/site\\\/#website\"},\"primaryImageOfPage\":{\"@id\":\"https:\\\/\\\/digital58.com.ve\\\/site\\\/2020\\\/05\\\/25\\\/gobernacion-del-zulia-entrego-en-san-francisco-el-vaso-de-leche-casa-a-casa\\\/#primaryimage\"},\"image\":{\"@id\":\"https:\\\/\\\/digital58.com.ve\\\/site\\\/2020\\\/05\\\/25\\\/gobernacion-del-zulia-entrego-en-san-francisco-el-vaso-de-leche-casa-a-casa\\\/#primaryimage\"},\"thumbnailUrl\":\"https:\\\/\\\/digital58.com.ve\\\/site\\\/wp-content\\\/uploads\\\/2020\\\/05\\\/alcalde-y-gobernador-scaled-1.jpg\",\"datePublished\":\"2020-05-25T23:58:18+00:00\",\"dateModified\":\"2020-05-26T00:42:58+00:00\",\"description\":\"Zulia\",\"breadcrumb\":{\"@id\":\"https:\\\/\\\/digital58.com.ve\\\/site\\\/2020\\\/05\\\/25\\\/gobernacion-del-zulia-entrego-en-san-francisco-el-vaso-de-leche-casa-a-casa\\\/#breadcrumb\"},\"inLanguage\":\"es\",\"potentialAction\":[{\"@type\":\"ReadAction\",\"target\":[\"https:\\\/\\\/digital58.com.ve\\\/site\\\/2020\\\/05\\\/25\\\/gobernacion-del-zulia-entrego-en-san-francisco-el-vaso-de-leche-casa-a-casa\\\/\"]}]},{\"@type\":\"ImageObject\",\"inLanguage\":\"es\",\"@id\":\"https:\\\/\\\/digital58.com.ve\\\/site\\\/2020\\\/05\\\/25\\\/gobernacion-del-zulia-entrego-en-san-francisco-el-vaso-de-leche-casa-a-casa\\\/#primaryimage\",\"url\":\"https:\\\/\\\/digital58.com.ve\\\/site\\\/wp-content\\\/uploads\\\/2020\\\/05\\\/alcalde-y-gobernador-scaled-1.jpg\",\"contentUrl\":\"https:\\\/\\\/digital58.com.ve\\\/site\\\/wp-content\\\/uploads\\\/2020\\\/05\\\/alcalde-y-gobernador-scaled-1.jpg\",\"width\":800,\"height\":493},{\"@type\":\"BreadcrumbList\",\"@id\":\"https:\\\/\\\/digital58.com.ve\\\/site\\\/2020\\\/05\\\/25\\\/gobernacion-del-zulia-entrego-en-san-francisco-el-vaso-de-leche-casa-a-casa\\\/#breadcrumb\",\"itemListElement\":[{\"@type\":\"ListItem\",\"position\":1,\"name\":\"Home\",\"item\":\"https:\\\/\\\/digital58.com.ve\\\/site\\\/\"},{\"@type\":\"ListItem\",\"position\":2,\"name\":\"Gobernaci\u00f3n del Zulia entreg\u00f3 en San Francisco el Vaso de Leche casa a casa\"}]},{\"@type\":\"WebSite\",\"@id\":\"https:\\\/\\\/digital58.com.ve\\\/site\\\/#website\",\"url\":\"https:\\\/\\\/digital58.com.ve\\\/site\\\/\",\"name\":\"Noticias Digital58\",\"description\":\"Portal de Noticias \u00a1Periodismo web de verdad! Lanzamiento web 22.11.2005 \\\/ Maracaibo, Venezuela\",\"publisher\":{\"@id\":\"https:\\\/\\\/digital58.com.ve\\\/site\\\/#\\\/schema\\\/person\\\/64d1c2e4d0d4fd1b849980c4331c2951\"},\"alternateName\":\"ND58\",\"potentialAction\":[{\"@type\":\"SearchAction\",\"target\":{\"@type\":\"EntryPoint\",\"urlTemplate\":\"https:\\\/\\\/digital58.com.ve\\\/site\\\/?s={search_term_string}\"},\"query-input\":{\"@type\":\"PropertyValueSpecification\",\"valueRequired\":true,\"valueName\":\"search_term_string\"}}],\"inLanguage\":\"es\"},{\"@type\":[\"Person\",\"Organization\"],\"@id\":\"https:\\\/\\\/digital58.com.ve\\\/site\\\/#\\\/schema\\\/person\\\/64d1c2e4d0d4fd1b849980c4331c2951\",\"name\":\"Villasmil Henry\",\"image\":{\"@type\":\"ImageObject\",\"inLanguage\":\"es\",\"@id\":\"https:\\\/\\\/secure.gravatar.com\\\/avatar\\\/bb0c4a2fcb7970138239f7e404ea75757b1b507b28b5ce4c53fbd62d797c5a7c?s=96&d=mm&r=g\",\"url\":\"https:\\\/\\\/secure.gravatar.com\\\/avatar\\\/bb0c4a2fcb7970138239f7e404ea75757b1b507b28b5ce4c53fbd62d797c5a7c?s=96&d=mm&r=g\",\"contentUrl\":\"https:\\\/\\\/secure.gravatar.com\\\/avatar\\\/bb0c4a2fcb7970138239f7e404ea75757b1b507b28b5ce4c53fbd62d797c5a7c?s=96&d=mm&r=g\",\"caption\":\"Villasmil Henry\"},\"logo\":{\"@id\":\"https:\\\/\\\/secure.gravatar.com\\\/avatar\\\/bb0c4a2fcb7970138239f7e404ea75757b1b507b28b5ce4c53fbd62d797c5a7c?s=96&d=mm&r=g\"},\"sameAs\":[\"http:\\\/\\\/www.henryvillasmil.com.ve\",\"https:\\\/\\\/www.instagram.com\\\/villasmilhfoto\\\/\",\"https:\\\/\\\/x.com\\\/https:\\\/\\\/twitter.com\\\/villasmilhfoto\"]},{\"@type\":\"Person\",\"@id\":\"https:\\\/\\\/digital58.com.ve\\\/site\\\/#\\\/schema\\\/person\\\/c61667ce6845137620ee3f0aaabade17\",\"name\":\"Molero Luis\",\"image\":{\"@type\":\"ImageObject\",\"inLanguage\":\"es\",\"@id\":\"https:\\\/\\\/secure.gravatar.com\\\/avatar\\\/bf041ec637e3e7405449807deb2f7cf3d2de7c6fa755dd56e985201de9863f2b?s=96&d=mm&r=g\",\"url\":\"https:\\\/\\\/secure.gravatar.com\\\/avatar\\\/bf041ec637e3e7405449807deb2f7cf3d2de7c6fa755dd56e985201de9863f2b?s=96&d=mm&r=g\",\"contentUrl\":\"https:\\\/\\\/secure.gravatar.com\\\/avatar\\\/bf041ec637e3e7405449807deb2f7cf3d2de7c6fa755dd56e985201de9863f2b?s=96&d=mm&r=g\",\"caption\":\"Molero Luis\"},\"url\":\"https:\\\/\\\/digital58.com.ve\\\/site\\\/author\\\/luismolero\\\/\"}]}<\/script>\n<!-- \/ Yoast SEO plugin. -->","yoast_head_json":{"title":"Gobernaci\u00f3n del Zulia entreg\u00f3 en San Francisco el Vaso de Leche casa a casa","description":"Zulia","robots":{"index":"index","follow":"follow","max-snippet":"max-snippet:-1","max-image-preview":"max-image-preview:large","max-video-preview":"max-video-preview:-1"},"canonical":"https:\/\/digital58.com.ve\/site\/2020\/05\/25\/gobernacion-del-zulia-entrego-en-san-francisco-el-vaso-de-leche-casa-a-casa\/","og_locale":"es_ES","og_type":"article","og_title":"Gobernaci\u00f3n del Zulia entreg\u00f3 en San Francisco el Vaso de Leche casa a casa","og_description":"Zulia","og_url":"https:\/\/digital58.com.ve\/site\/2020\/05\/25\/gobernacion-del-zulia-entrego-en-san-francisco-el-vaso-de-leche-casa-a-casa\/","og_site_name":"Noticias Digital58","article_published_time":"2020-05-25T23:58:18+00:00","article_modified_time":"2020-05-26T00:42:58+00:00","og_image":[{"width":2560,"height":1577,"url":"https:\/\/digital58.com.ve\/site\/wp-content\/uploads\/2020\/05\/alcalde-y-gobernador-scaled-1.jpg","type":"image\/jpeg"}],"author":"Molero Luis","twitter_card":"summary_large_image","twitter_creator":"@Digital_58","twitter_site":"@villasmilhfoto","twitter_misc":{"Escrito por":"Molero Luis","Tiempo estimado de lectura":"1 minuto"},"schema":{"@context":"https:\/\/schema.org","@graph":[{"@type":"Article","@id":"https:\/\/digital58.com.ve\/site\/2020\/05\/25\/gobernacion-del-zulia-entrego-en-san-francisco-el-vaso-de-leche-casa-a-casa\/#article","isPartOf":{"@id":"https:\/\/digital58.com.ve\/site\/2020\/05\/25\/gobernacion-del-zulia-entrego-en-san-francisco-el-vaso-de-leche-casa-a-casa\/"},"author":{"name":"Molero Luis","@id":"https:\/\/digital58.com.ve\/site\/#\/schema\/person\/c61667ce6845137620ee3f0aaabade17"},"headline":"Gobernaci\u00f3n del Zulia entreg\u00f3 en San Francisco el Vaso de Leche casa a casa","datePublished":"2020-05-25T23:58:18+00:00","dateModified":"2020-05-26T00:42:58+00:00","mainEntityOfPage":{"@id":"https:\/\/digital58.com.ve\/site\/2020\/05\/25\/gobernacion-del-zulia-entrego-en-san-francisco-el-vaso-de-leche-casa-a-casa\/"},"wordCount":275,"commentCount":0,"publisher":{"@id":"https:\/\/digital58.com.ve\/site\/#\/schema\/person\/64d1c2e4d0d4fd1b849980c4331c2951"},"image":{"@id":"https:\/\/digital58.com.ve\/site\/2020\/05\/25\/gobernacion-del-zulia-entrego-en-san-francisco-el-vaso-de-leche-casa-a-casa\/#primaryimage"},"thumbnailUrl":"https:\/\/digital58.com.ve\/site\/wp-content\/uploads\/2020\/05\/alcalde-y-gobernador-scaled-1.jpg","keywords":["Colegio Maestro V\u00ecctor Padilla","Gobernaci\u00f3n del estado Zulia","Municipio San Francisco","Vaso de Leche escolar","Zulia"],"articleSection":["Zulia"],"inLanguage":"es","potentialAction":[{"@type":"CommentAction","name":"Comment","target":["https:\/\/digital58.com.ve\/site\/2020\/05\/25\/gobernacion-del-zulia-entrego-en-san-francisco-el-vaso-de-leche-casa-a-casa\/#respond"]}]},{"@type":"WebPage","@id":"https:\/\/digital58.com.ve\/site\/2020\/05\/25\/gobernacion-del-zulia-entrego-en-san-francisco-el-vaso-de-leche-casa-a-casa\/","url":"https:\/\/digital58.com.ve\/site\/2020\/05\/25\/gobernacion-del-zulia-entrego-en-san-francisco-el-vaso-de-leche-casa-a-casa\/","name":"Gobernaci\u00f3n del Zulia entreg\u00f3 en San Francisco el Vaso de Leche casa a casa","isPartOf":{"@id":"https:\/\/digital58.com.ve\/site\/#website"},"primaryImageOfPage":{"@id":"https:\/\/digital58.com.ve\/site\/2020\/05\/25\/gobernacion-del-zulia-entrego-en-san-francisco-el-vaso-de-leche-casa-a-casa\/#primaryimage"},"image":{"@id":"https:\/\/digital58.com.ve\/site\/2020\/05\/25\/gobernacion-del-zulia-entrego-en-san-francisco-el-vaso-de-leche-casa-a-casa\/#primaryimage"},"thumbnailUrl":"https:\/\/digital58.com.ve\/site\/wp-content\/uploads\/2020\/05\/alcalde-y-gobernador-scaled-1.jpg","datePublished":"2020-05-25T23:58:18+00:00","dateModified":"2020-05-26T00:42:58+00:00","description":"Zulia","breadcrumb":{"@id":"https:\/\/digital58.com.ve\/site\/2020\/05\/25\/gobernacion-del-zulia-entrego-en-san-francisco-el-vaso-de-leche-casa-a-casa\/#breadcrumb"},"inLanguage":"es","potentialAction":[{"@type":"ReadAction","target":["https:\/\/digital58.com.ve\/site\/2020\/05\/25\/gobernacion-del-zulia-entrego-en-san-francisco-el-vaso-de-leche-casa-a-casa\/"]}]},{"@type":"ImageObject","inLanguage":"es","@id":"https:\/\/digital58.com.ve\/site\/2020\/05\/25\/gobernacion-del-zulia-entrego-en-san-francisco-el-vaso-de-leche-casa-a-casa\/#primaryimage","url":"https:\/\/digital58.com.ve\/site\/wp-content\/uploads\/2020\/05\/alcalde-y-gobernador-scaled-1.jpg","contentUrl":"https:\/\/digital58.com.ve\/site\/wp-content\/uploads\/2020\/05\/alcalde-y-gobernador-scaled-1.jpg","width":800,"height":493},{"@type":"BreadcrumbList","@id":"https:\/\/digital58.com.ve\/site\/2020\/05\/25\/gobernacion-del-zulia-entrego-en-san-francisco-el-vaso-de-leche-casa-a-casa\/#breadcrumb","itemListElement":[{"@type":"ListItem","position":1,"name":"Home","item":"https:\/\/digital58.com.ve\/site\/"},{"@type":"ListItem","position":2,"name":"Gobernaci\u00f3n del Zulia entreg\u00f3 en San Francisco el Vaso de Leche casa a casa"}]},{"@type":"WebSite","@id":"https:\/\/digital58.com.ve\/site\/#website","url":"https:\/\/digital58.com.ve\/site\/","name":"Noticias Digital58","description":"Portal de Noticias \u00a1Periodismo web de verdad! Lanzamiento web 22.11.2005 \/ Maracaibo, Venezuela","publisher":{"@id":"https:\/\/digital58.com.ve\/site\/#\/schema\/person\/64d1c2e4d0d4fd1b849980c4331c2951"},"alternateName":"ND58","potentialAction":[{"@type":"SearchAction","target":{"@type":"EntryPoint","urlTemplate":"https:\/\/digital58.com.ve\/site\/?s={search_term_string}"},"query-input":{"@type":"PropertyValueSpecification","valueRequired":true,"valueName":"search_term_string"}}],"inLanguage":"es"},{"@type":["Person","Organization"],"@id":"https:\/\/digital58.com.ve\/site\/#\/schema\/person\/64d1c2e4d0d4fd1b849980c4331c2951","name":"Villasmil Henry","image":{"@type":"ImageObject","inLanguage":"es","@id":"https:\/\/secure.gravatar.com\/avatar\/bb0c4a2fcb7970138239f7e404ea75757b1b507b28b5ce4c53fbd62d797c5a7c?s=96&d=mm&r=g","url":"https:\/\/secure.gravatar.com\/avatar\/bb0c4a2fcb7970138239f7e404ea75757b1b507b28b5ce4c53fbd62d797c5a7c?s=96&d=mm&r=g","contentUrl":"https:\/\/secure.gravatar.com\/avatar\/bb0c4a2fcb7970138239f7e404ea75757b1b507b28b5ce4c53fbd62d797c5a7c?s=96&d=mm&r=g","caption":"Villasmil Henry"},"logo":{"@id":"https:\/\/secure.gravatar.com\/avatar\/bb0c4a2fcb7970138239f7e404ea75757b1b507b28b5ce4c53fbd62d797c5a7c?s=96&d=mm&r=g"},"sameAs":["http:\/\/www.henryvillasmil.com.ve","https:\/\/www.instagram.com\/villasmilhfoto\/","https:\/\/x.com\/https:\/\/twitter.com\/villasmilhfoto"]},{"@type":"Person","@id":"https:\/\/digital58.com.ve\/site\/#\/schema\/person\/c61667ce6845137620ee3f0aaabade17","name":"Molero Luis","image":{"@type":"ImageObject","inLanguage":"es","@id":"https:\/\/secure.gravatar.com\/avatar\/bf041ec637e3e7405449807deb2f7cf3d2de7c6fa755dd56e985201de9863f2b?s=96&d=mm&r=g","url":"https:\/\/secure.gravatar.com\/avatar\/bf041ec637e3e7405449807deb2f7cf3d2de7c6fa755dd56e985201de9863f2b?s=96&d=mm&r=g","contentUrl":"https:\/\/secure.gravatar.com\/avatar\/bf041ec637e3e7405449807deb2f7cf3d2de7c6fa755dd56e985201de9863f2b?s=96&d=mm&r=g","caption":"Molero Luis"},"url":"https:\/\/digital58.com.ve\/site\/author\/luismolero\/"}]}},"uagb_featured_image_src":{"full":["https:\/\/digital58.com.ve\/site\/wp-content\/uploads\/2020\/05\/alcalde-y-gobernador-scaled-1.jpg",800,493,false],"thumbnail":["https:\/\/digital58.com.ve\/site\/wp-content\/uploads\/2020\/05\/alcalde-y-gobernador-scaled-1-150x150.jpg",150,150,true],"medium":["https:\/\/digital58.com.ve\/site\/wp-content\/uploads\/2020\/05\/alcalde-y-gobernador-scaled-1-300x185.jpg",300,185,true],"medium_large":["https:\/\/digital58.com.ve\/site\/wp-content\/uploads\/2020\/05\/alcalde-y-gobernador-scaled-1-768x473.jpg",768,473,true],"large":["https:\/\/digital58.com.ve\/site\/wp-content\/uploads\/2020\/05\/alcalde-y-gobernador-scaled-1-1500x924.jpg",800,493,true],"1536x1536":["https:\/\/digital58.com.ve\/site\/wp-content\/uploads\/2020\/05\/alcalde-y-gobernador-scaled-1-1536x946.jpg",1536,946,true],"2048x2048":["https:\/\/digital58.com.ve\/site\/wp-content\/uploads\/2020\/05\/alcalde-y-gobernador-scaled-1-2048x1262.jpg",2048,1262,true],"colormag-highlighted-post":["https:\/\/digital58.com.ve\/site\/wp-content\/uploads\/2020\/05\/alcalde-y-gobernador-scaled-1.jpg",392,242,false],"colormag-featured-post-medium":["https:\/\/digital58.com.ve\/site\/wp-content\/uploads\/2020\/05\/alcalde-y-gobernador-scaled-1.jpg",333,205,false],"colormag-featured-post-small":["https:\/\/digital58.com.ve\/site\/wp-content\/uploads\/2020\/05\/alcalde-y-gobernador-scaled-1.jpg",130,80,false],"colormag-featured-image":["https:\/\/digital58.com.ve\/site\/wp-content\/uploads\/2020\/05\/alcalde-y-gobernador-scaled-1.jpg",722,445,false],"colormag-default-news":["https:\/\/digital58.com.ve\/site\/wp-content\/uploads\/2020\/05\/alcalde-y-gobernador-scaled-1.jpg",150,92,false],"colormag-featured-image-large":["https:\/\/digital58.com.ve\/site\/wp-content\/uploads\/2020\/05\/alcalde-y-gobernador-scaled-1.jpg",800,493,false]},"uagb_author_info":{"display_name":"Molero Luis","author_link":"https:\/\/digital58.com.ve\/site\/author\/luismolero\/"},"uagb_comment_info":0,"uagb_excerpt":"La ma\u00f1ana de este lunes 25 de mayo, el Gobernador Omar Prieto hizo entrega del Vaso de Leche casa a","_links":{"self":[{"href":"https:\/\/digital58.com.ve\/site\/wp-json\/wp\/v2\/posts\/102548","targetHints":{"allow":["GET"]}}],"collection":[{"href":"https:\/\/digital58.com.ve\/site\/wp-json\/wp\/v2\/posts"}],"about":[{"href":"https:\/\/digital58.com.ve\/site\/wp-json\/wp\/v2\/types\/post"}],"author":[{"embeddable":true,"href":"https:\/\/digital58.com.ve\/site\/wp-json\/wp\/v2\/users\/26"}],"replies":[{"embeddable":true,"href":"https:\/\/digital58.com.ve\/site\/wp-json\/wp\/v2\/comments?post=102548"}],"version-history":[{"count":0,"href":"https:\/\/digital58.com.ve\/site\/wp-json\/wp\/v2\/posts\/102548\/revisions"}],"wp:featuredmedia":[{"embeddable":true,"href":"https:\/\/digital58.com.ve\/site\/wp-json\/wp\/v2\/media\/102552"}],"wp:attachment":[{"href":"https:\/\/digital58.com.ve\/site\/wp-json\/wp\/v2\/media?parent=102548"}],"wp:term":[{"taxonomy":"category","embeddable":true,"href":"https:\/\/digital58.com.ve\/site\/wp-json\/wp\/v2\/categories?post=102548"},{"taxonomy":"post_tag","embeddable":true,"href":"https:\/\/digital58.com.ve\/site\/wp-json\/wp\/v2\/tags?post=102548"}],"curies":[{"name":"wp","href":"https:\/\/api.w.org\/{rel}","templated":true}]}}