{"id":102632,"date":"2020-05-25T22:50:15","date_gmt":"2020-05-26T02:50:15","guid":{"rendered":"https:\/\/digital58.com.ve\/site\/?p=102632"},"modified":"2020-05-25T22:50:15","modified_gmt":"2020-05-26T02:50:15","slug":"con-mas-de-123-000-casos-de-coronavirus-peru-dice-esta-en-una-meseta-no-plana-de-contagios","status":"publish","type":"post","link":"https:\/\/digital58.com.ve\/site\/2020\/05\/25\/con-mas-de-123-000-casos-de-coronavirus-peru-dice-esta-en-una-meseta-no-plana-de-contagios\/","title":{"rendered":"Con m\u00e1s de 123.000 casos de coronavirus, Per\u00fa dice est\u00e1 \u00aben una meseta no plana\u00bb de contagios"},"content":{"rendered":"<p><a href=\"https:\/\/digital58.com.ve\/site\/wp-content\/uploads\/2020\/05\/peru-25.jpg\"><img loading=\"lazy\" decoding=\"async\" class=\"aligncenter size-full wp-image-102633\" src=\"https:\/\/digital58.com.ve\/site\/wp-content\/uploads\/2020\/05\/peru-25.jpg\" alt=\"\" width=\"800\" height=\"533\" srcset=\"https:\/\/digital58.com.ve\/site\/wp-content\/uploads\/2020\/05\/peru-25.jpg 800w, https:\/\/digital58.com.ve\/site\/wp-content\/uploads\/2020\/05\/peru-25-300x200.jpg 300w, https:\/\/digital58.com.ve\/site\/wp-content\/uploads\/2020\/05\/peru-25-768x512.jpg 768w, https:\/\/digital58.com.ve\/site\/wp-content\/uploads\/2020\/05\/peru-25-720x480.jpg 720w, https:\/\/digital58.com.ve\/site\/wp-content\/uploads\/2020\/05\/peru-25-480x320.jpg 480w\" sizes=\"auto, (max-width: 800px) 100vw, 800px\" \/><\/a><\/p>\n<p>El presidente peruano, Mart\u00edn Vizcarra, dijo el lunes que la naci\u00f3n sudamericana se encuentra en \u00abuna meseta no plana\u00bb de contagios mientras espera un descenso en el brote de coronavirus tras anotar m\u00e1s de 123.000 casos confirmados con la enfermedad.<\/p>\n<p><strong>Per\u00fa, 25 de mayo de 2020 (ND58).-<\/strong> Vizcarra, en una conferencia de prensa en el Palacio de Gobierno, afirm\u00f3 asimismo que el pa\u00eds con m\u00e1s de 70 d\u00edas en cuarentena ha ingresado a una etapa en la que cumplir las reglas del aislamiento social ser\u00e1 clave para vencer a la epidemia.<\/p>\n<p>Los contagios confirmados de coronavirus en Per\u00fa subieron a 123.979 el lunes, con 4.020 nuevas infecciones respecto al informe anterior. En tanto, el n\u00famero de fallecidos se increment\u00f3 en 173 a 3.629, seg\u00fan el Ministerio de Salud.<\/p>\n<p>Los casos con el virus se duplicaron frente a los contagios que se ten\u00edan hace dos semanas y media. En tanto la cifra promedio diario de casos nuevos en la \u00faltima semana fue de 4.149.<\/p>\n<p>\u00abEstamos en una meseta irregular, no es una meseta plana\u00bb, dijo Vizcarra a periodistas al explicar que si bien se han incrementado los casos de coronavirus, los contagios diarios se ha estabilizado desde la segunda semana de mayo y el n\u00famero de pacientes recuperados de la enfermedad ha crecido.<\/p>\n<p>El brote de la epidemia ha colapsado los hospitales con cad\u00e1veres en los pasillos y largas filas de pacientes pidiendo atenci\u00f3n, mientras que los focos de infecci\u00f3n como los mercados de populares y veh\u00edculos de transporte aun se mantienen.<\/p>\n<p>Vizcarra invoc\u00f3 a los peruanos a mejorar el \u00abcomportamiento individual y colectivo\u00bb para lograr que el descenso de la meseta sea con la velocidad que se espera. \u00abCambiar h\u00e1bitos, costumbres es bien dif\u00edcil\u00bb, refiri\u00f3. \u00abAlgunos los aceptan y lo asimilan de manera r\u00e1pida, a otros les cuesta\u00bb, a\u00f1adi\u00f3.<\/p>\n<p>El pedido del mandatario se produce tras la extensi\u00f3n hace unos d\u00edas de la cuarentena hasta el 30 de junio para cumplir tres meses y medio de confinamiento, en uno de los periodos m\u00e1s largos del mundo, con ciertas modificaciones para facilitar la reanudaci\u00f3n de algunas actividades econ\u00f3micas.<\/p><div class=\"wkidu69ec70d38cb7e\" ><p style=\"text-align: center;\"><a href=\"https:\/\/t.me\/noticiasdigital58\" target=\"_blank\" rel=\"noopener\"><img class=\"aligncenter size-full wp-image-125363\" src=\"https:\/\/digital58.com.ve\/site\/wp-content\/uploads\/2021\/04\/banner-telegram-web-2021.png\" alt=\"\" width=\"600\" height=\"90\" \/><\/a><\/p><\/div><style type=\"text\/css\">\r\n@media screen and (min-width: 1201px) {\r\n.wkidu69ec70d38cb7e {\r\ndisplay: block;\r\n}\r\n}\r\n@media screen and (min-width: 993px) and (max-width: 1200px) {\r\n.wkidu69ec70d38cb7e {\r\ndisplay: block;\r\n}\r\n}\r\n@media screen and (min-width: 769px) and (max-width: 992px) {\r\n.wkidu69ec70d38cb7e {\r\ndisplay: block;\r\n}\r\n}\r\n@media screen and (min-width: 768px) and (max-width: 768px) {\r\n.wkidu69ec70d38cb7e {\r\ndisplay: block;\r\n}\r\n}\r\n@media screen and (max-width: 767px) {\r\n.wkidu69ec70d38cb7e {\r\ndisplay: block;\r\n}\r\n}\r\n<\/style>\r\n\n<p><strong>Fuente: Marco Aquino \/ Reuters<\/strong><br \/>\n<strong>Edici\u00f3n: Villasmil, Henry<\/strong><br \/>\n<strong>Gr\u00e1fica: Reuters<\/strong><\/p>\n<div style=\"margin-top: 0px; margin-bottom: 0px;\" class=\"sharethis-inline-share-buttons\" ><\/div>","protected":false},"excerpt":{"rendered":"<p>El presidente peruano, Mart\u00edn Vizcarra, dijo el lunes que la naci\u00f3n sudamericana se encuentra en \u00abuna meseta no plana\u00bb de<\/p>\n","protected":false},"author":1,"featured_media":102633,"comment_status":"open","ping_status":"closed","sticky":false,"template":"","format":"standard","meta":{"colormag_page_container_layout":"default_layout","colormag_page_sidebar_layout":"default_layout","_uag_custom_page_level_css":"","footnotes":""},"categories":[5405],"tags":[13352,13648,13786,8,1554,13723,112],"class_list":["post-102632","post","type-post","status-publish","format-standard","has-post-thumbnail","hentry","category-salud","tag-coronavirus","tag-covid-19","tag-cuarentena","tag-internacionales","tag-lima","tag-pandemia","tag-peru"],"yoast_head":"<!-- This site is optimized with the Yoast SEO plugin v27.4 - https:\/\/yoast.com\/product\/yoast-seo-wordpress\/ -->\n<title>Con m\u00e1s de 123.000 casos de coronavirus, Per\u00fa dice est\u00e1 \u00aben una meseta no plana\u00bb de contagios<\/title>\n<meta name=\"description\" content=\"Salud\" \/>\n<meta name=\"robots\" content=\"index, follow, max-snippet:-1, max-image-preview:large, max-video-preview:-1\" \/>\n<link rel=\"canonical\" href=\"https:\/\/digital58.com.ve\/site\/2020\/05\/25\/con-mas-de-123-000-casos-de-coronavirus-peru-dice-esta-en-una-meseta-no-plana-de-contagios\/\" \/>\n<meta property=\"og:locale\" content=\"es_ES\" \/>\n<meta property=\"og:type\" content=\"article\" \/>\n<meta property=\"og:title\" content=\"Con m\u00e1s de 123.000 casos de coronavirus, Per\u00fa dice est\u00e1 \u00aben una meseta no plana\u00bb de contagios\" \/>\n<meta property=\"og:description\" content=\"Salud\" \/>\n<meta property=\"og:url\" content=\"https:\/\/digital58.com.ve\/site\/2020\/05\/25\/con-mas-de-123-000-casos-de-coronavirus-peru-dice-esta-en-una-meseta-no-plana-de-contagios\/\" \/>\n<meta property=\"og:site_name\" content=\"Noticias Digital58\" \/>\n<meta property=\"article:published_time\" content=\"2020-05-26T02:50:15+00:00\" \/>\n<meta property=\"og:image\" content=\"https:\/\/digital58.com.ve\/site\/wp-content\/uploads\/2020\/05\/peru-25.jpg\" \/>\n\t<meta property=\"og:image:width\" content=\"800\" \/>\n\t<meta property=\"og:image:height\" content=\"533\" \/>\n\t<meta property=\"og:image:type\" content=\"image\/jpeg\" \/>\n<meta name=\"author\" content=\"Villasmil Henry\" \/>\n<meta name=\"twitter:card\" content=\"summary_large_image\" \/>\n<meta name=\"twitter:creator\" content=\"@https:\/\/twitter.com\/villasmilhfoto\" \/>\n<meta name=\"twitter:site\" content=\"@villasmilhfoto\" \/>\n<meta name=\"twitter:label1\" content=\"Escrito por\" \/>\n\t<meta name=\"twitter:data1\" content=\"Villasmil Henry\" \/>\n\t<meta name=\"twitter:label2\" content=\"Tiempo estimado de lectura\" \/>\n\t<meta name=\"twitter:data2\" content=\"2 minutos\" \/>\n<script type=\"application\/ld+json\" class=\"yoast-schema-graph\">{\"@context\":\"https:\\\/\\\/schema.org\",\"@graph\":[{\"@type\":\"Article\",\"@id\":\"https:\\\/\\\/digital58.com.ve\\\/site\\\/2020\\\/05\\\/25\\\/con-mas-de-123-000-casos-de-coronavirus-peru-dice-esta-en-una-meseta-no-plana-de-contagios\\\/#article\",\"isPartOf\":{\"@id\":\"https:\\\/\\\/digital58.com.ve\\\/site\\\/2020\\\/05\\\/25\\\/con-mas-de-123-000-casos-de-coronavirus-peru-dice-esta-en-una-meseta-no-plana-de-contagios\\\/\"},\"author\":{\"name\":\"Villasmil Henry\",\"@id\":\"https:\\\/\\\/digital58.com.ve\\\/site\\\/#\\\/schema\\\/person\\\/64d1c2e4d0d4fd1b849980c4331c2951\"},\"headline\":\"Con m\u00e1s de 123.000 casos de coronavirus, Per\u00fa dice est\u00e1 \u00aben una meseta no plana\u00bb de contagios\",\"datePublished\":\"2020-05-26T02:50:15+00:00\",\"mainEntityOfPage\":{\"@id\":\"https:\\\/\\\/digital58.com.ve\\\/site\\\/2020\\\/05\\\/25\\\/con-mas-de-123-000-casos-de-coronavirus-peru-dice-esta-en-una-meseta-no-plana-de-contagios\\\/\"},\"wordCount\":389,\"commentCount\":0,\"publisher\":{\"@id\":\"https:\\\/\\\/digital58.com.ve\\\/site\\\/#\\\/schema\\\/person\\\/64d1c2e4d0d4fd1b849980c4331c2951\"},\"image\":{\"@id\":\"https:\\\/\\\/digital58.com.ve\\\/site\\\/2020\\\/05\\\/25\\\/con-mas-de-123-000-casos-de-coronavirus-peru-dice-esta-en-una-meseta-no-plana-de-contagios\\\/#primaryimage\"},\"thumbnailUrl\":\"https:\\\/\\\/digital58.com.ve\\\/site\\\/wp-content\\\/uploads\\\/2020\\\/05\\\/peru-25.jpg\",\"keywords\":[\"Coronavirus\",\"COVID-19\",\"Cuarentena\",\"Internacionales\",\"Lima\",\"Pandemia\",\"Per\u00fa\"],\"articleSection\":[\"Salud\"],\"inLanguage\":\"es\",\"potentialAction\":[{\"@type\":\"CommentAction\",\"name\":\"Comment\",\"target\":[\"https:\\\/\\\/digital58.com.ve\\\/site\\\/2020\\\/05\\\/25\\\/con-mas-de-123-000-casos-de-coronavirus-peru-dice-esta-en-una-meseta-no-plana-de-contagios\\\/#respond\"]}]},{\"@type\":\"WebPage\",\"@id\":\"https:\\\/\\\/digital58.com.ve\\\/site\\\/2020\\\/05\\\/25\\\/con-mas-de-123-000-casos-de-coronavirus-peru-dice-esta-en-una-meseta-no-plana-de-contagios\\\/\",\"url\":\"https:\\\/\\\/digital58.com.ve\\\/site\\\/2020\\\/05\\\/25\\\/con-mas-de-123-000-casos-de-coronavirus-peru-dice-esta-en-una-meseta-no-plana-de-contagios\\\/\",\"name\":\"Con m\u00e1s de 123.000 casos de coronavirus, Per\u00fa dice est\u00e1 \u00aben una meseta no plana\u00bb de contagios\",\"isPartOf\":{\"@id\":\"https:\\\/\\\/digital58.com.ve\\\/site\\\/#website\"},\"primaryImageOfPage\":{\"@id\":\"https:\\\/\\\/digital58.com.ve\\\/site\\\/2020\\\/05\\\/25\\\/con-mas-de-123-000-casos-de-coronavirus-peru-dice-esta-en-una-meseta-no-plana-de-contagios\\\/#primaryimage\"},\"image\":{\"@id\":\"https:\\\/\\\/digital58.com.ve\\\/site\\\/2020\\\/05\\\/25\\\/con-mas-de-123-000-casos-de-coronavirus-peru-dice-esta-en-una-meseta-no-plana-de-contagios\\\/#primaryimage\"},\"thumbnailUrl\":\"https:\\\/\\\/digital58.com.ve\\\/site\\\/wp-content\\\/uploads\\\/2020\\\/05\\\/peru-25.jpg\",\"datePublished\":\"2020-05-26T02:50:15+00:00\",\"description\":\"Salud\",\"breadcrumb\":{\"@id\":\"https:\\\/\\\/digital58.com.ve\\\/site\\\/2020\\\/05\\\/25\\\/con-mas-de-123-000-casos-de-coronavirus-peru-dice-esta-en-una-meseta-no-plana-de-contagios\\\/#breadcrumb\"},\"inLanguage\":\"es\",\"potentialAction\":[{\"@type\":\"ReadAction\",\"target\":[\"https:\\\/\\\/digital58.com.ve\\\/site\\\/2020\\\/05\\\/25\\\/con-mas-de-123-000-casos-de-coronavirus-peru-dice-esta-en-una-meseta-no-plana-de-contagios\\\/\"]}]},{\"@type\":\"ImageObject\",\"inLanguage\":\"es\",\"@id\":\"https:\\\/\\\/digital58.com.ve\\\/site\\\/2020\\\/05\\\/25\\\/con-mas-de-123-000-casos-de-coronavirus-peru-dice-esta-en-una-meseta-no-plana-de-contagios\\\/#primaryimage\",\"url\":\"https:\\\/\\\/digital58.com.ve\\\/site\\\/wp-content\\\/uploads\\\/2020\\\/05\\\/peru-25.jpg\",\"contentUrl\":\"https:\\\/\\\/digital58.com.ve\\\/site\\\/wp-content\\\/uploads\\\/2020\\\/05\\\/peru-25.jpg\",\"width\":800,\"height\":533},{\"@type\":\"BreadcrumbList\",\"@id\":\"https:\\\/\\\/digital58.com.ve\\\/site\\\/2020\\\/05\\\/25\\\/con-mas-de-123-000-casos-de-coronavirus-peru-dice-esta-en-una-meseta-no-plana-de-contagios\\\/#breadcrumb\",\"itemListElement\":[{\"@type\":\"ListItem\",\"position\":1,\"name\":\"Home\",\"item\":\"https:\\\/\\\/digital58.com.ve\\\/site\\\/\"},{\"@type\":\"ListItem\",\"position\":2,\"name\":\"Con m\u00e1s de 123.000 casos de coronavirus, Per\u00fa dice est\u00e1 \u00aben una meseta no plana\u00bb de contagios\"}]},{\"@type\":\"WebSite\",\"@id\":\"https:\\\/\\\/digital58.com.ve\\\/site\\\/#website\",\"url\":\"https:\\\/\\\/digital58.com.ve\\\/site\\\/\",\"name\":\"Noticias Digital58\",\"description\":\"Portal de Noticias \u00a1Periodismo web de verdad! Lanzamiento web 22.11.2005 \\\/ Maracaibo, Venezuela\",\"publisher\":{\"@id\":\"https:\\\/\\\/digital58.com.ve\\\/site\\\/#\\\/schema\\\/person\\\/64d1c2e4d0d4fd1b849980c4331c2951\"},\"alternateName\":\"ND58\",\"potentialAction\":[{\"@type\":\"SearchAction\",\"target\":{\"@type\":\"EntryPoint\",\"urlTemplate\":\"https:\\\/\\\/digital58.com.ve\\\/site\\\/?s={search_term_string}\"},\"query-input\":{\"@type\":\"PropertyValueSpecification\",\"valueRequired\":true,\"valueName\":\"search_term_string\"}}],\"inLanguage\":\"es\"},{\"@type\":[\"Person\",\"Organization\"],\"@id\":\"https:\\\/\\\/digital58.com.ve\\\/site\\\/#\\\/schema\\\/person\\\/64d1c2e4d0d4fd1b849980c4331c2951\",\"name\":\"Villasmil Henry\",\"image\":{\"@type\":\"ImageObject\",\"inLanguage\":\"es\",\"@id\":\"https:\\\/\\\/secure.gravatar.com\\\/avatar\\\/bb0c4a2fcb7970138239f7e404ea75757b1b507b28b5ce4c53fbd62d797c5a7c?s=96&d=mm&r=g\",\"url\":\"https:\\\/\\\/secure.gravatar.com\\\/avatar\\\/bb0c4a2fcb7970138239f7e404ea75757b1b507b28b5ce4c53fbd62d797c5a7c?s=96&d=mm&r=g\",\"contentUrl\":\"https:\\\/\\\/secure.gravatar.com\\\/avatar\\\/bb0c4a2fcb7970138239f7e404ea75757b1b507b28b5ce4c53fbd62d797c5a7c?s=96&d=mm&r=g\",\"caption\":\"Villasmil Henry\"},\"logo\":{\"@id\":\"https:\\\/\\\/secure.gravatar.com\\\/avatar\\\/bb0c4a2fcb7970138239f7e404ea75757b1b507b28b5ce4c53fbd62d797c5a7c?s=96&d=mm&r=g\"},\"sameAs\":[\"http:\\\/\\\/www.henryvillasmil.com.ve\",\"https:\\\/\\\/www.instagram.com\\\/villasmilhfoto\\\/\",\"https:\\\/\\\/x.com\\\/https:\\\/\\\/twitter.com\\\/villasmilhfoto\"],\"url\":\"https:\\\/\\\/digital58.com.ve\\\/site\\\/author\\\/droopy_68\\\/\"}]}<\/script>\n<!-- \/ Yoast SEO plugin. -->","yoast_head_json":{"title":"Con m\u00e1s de 123.000 casos de coronavirus, Per\u00fa dice est\u00e1 \u00aben una meseta no plana\u00bb de contagios","description":"Salud","robots":{"index":"index","follow":"follow","max-snippet":"max-snippet:-1","max-image-preview":"max-image-preview:large","max-video-preview":"max-video-preview:-1"},"canonical":"https:\/\/digital58.com.ve\/site\/2020\/05\/25\/con-mas-de-123-000-casos-de-coronavirus-peru-dice-esta-en-una-meseta-no-plana-de-contagios\/","og_locale":"es_ES","og_type":"article","og_title":"Con m\u00e1s de 123.000 casos de coronavirus, Per\u00fa dice est\u00e1 \u00aben una meseta no plana\u00bb de contagios","og_description":"Salud","og_url":"https:\/\/digital58.com.ve\/site\/2020\/05\/25\/con-mas-de-123-000-casos-de-coronavirus-peru-dice-esta-en-una-meseta-no-plana-de-contagios\/","og_site_name":"Noticias Digital58","article_published_time":"2020-05-26T02:50:15+00:00","og_image":[{"width":800,"height":533,"url":"https:\/\/digital58.com.ve\/site\/wp-content\/uploads\/2020\/05\/peru-25.jpg","type":"image\/jpeg"}],"author":"Villasmil Henry","twitter_card":"summary_large_image","twitter_creator":"@https:\/\/twitter.com\/villasmilhfoto","twitter_site":"@villasmilhfoto","twitter_misc":{"Escrito por":"Villasmil Henry","Tiempo estimado de lectura":"2 minutos"},"schema":{"@context":"https:\/\/schema.org","@graph":[{"@type":"Article","@id":"https:\/\/digital58.com.ve\/site\/2020\/05\/25\/con-mas-de-123-000-casos-de-coronavirus-peru-dice-esta-en-una-meseta-no-plana-de-contagios\/#article","isPartOf":{"@id":"https:\/\/digital58.com.ve\/site\/2020\/05\/25\/con-mas-de-123-000-casos-de-coronavirus-peru-dice-esta-en-una-meseta-no-plana-de-contagios\/"},"author":{"name":"Villasmil Henry","@id":"https:\/\/digital58.com.ve\/site\/#\/schema\/person\/64d1c2e4d0d4fd1b849980c4331c2951"},"headline":"Con m\u00e1s de 123.000 casos de coronavirus, Per\u00fa dice est\u00e1 \u00aben una meseta no plana\u00bb de contagios","datePublished":"2020-05-26T02:50:15+00:00","mainEntityOfPage":{"@id":"https:\/\/digital58.com.ve\/site\/2020\/05\/25\/con-mas-de-123-000-casos-de-coronavirus-peru-dice-esta-en-una-meseta-no-plana-de-contagios\/"},"wordCount":389,"commentCount":0,"publisher":{"@id":"https:\/\/digital58.com.ve\/site\/#\/schema\/person\/64d1c2e4d0d4fd1b849980c4331c2951"},"image":{"@id":"https:\/\/digital58.com.ve\/site\/2020\/05\/25\/con-mas-de-123-000-casos-de-coronavirus-peru-dice-esta-en-una-meseta-no-plana-de-contagios\/#primaryimage"},"thumbnailUrl":"https:\/\/digital58.com.ve\/site\/wp-content\/uploads\/2020\/05\/peru-25.jpg","keywords":["Coronavirus","COVID-19","Cuarentena","Internacionales","Lima","Pandemia","Per\u00fa"],"articleSection":["Salud"],"inLanguage":"es","potentialAction":[{"@type":"CommentAction","name":"Comment","target":["https:\/\/digital58.com.ve\/site\/2020\/05\/25\/con-mas-de-123-000-casos-de-coronavirus-peru-dice-esta-en-una-meseta-no-plana-de-contagios\/#respond"]}]},{"@type":"WebPage","@id":"https:\/\/digital58.com.ve\/site\/2020\/05\/25\/con-mas-de-123-000-casos-de-coronavirus-peru-dice-esta-en-una-meseta-no-plana-de-contagios\/","url":"https:\/\/digital58.com.ve\/site\/2020\/05\/25\/con-mas-de-123-000-casos-de-coronavirus-peru-dice-esta-en-una-meseta-no-plana-de-contagios\/","name":"Con m\u00e1s de 123.000 casos de coronavirus, Per\u00fa dice est\u00e1 \u00aben una meseta no plana\u00bb de contagios","isPartOf":{"@id":"https:\/\/digital58.com.ve\/site\/#website"},"primaryImageOfPage":{"@id":"https:\/\/digital58.com.ve\/site\/2020\/05\/25\/con-mas-de-123-000-casos-de-coronavirus-peru-dice-esta-en-una-meseta-no-plana-de-contagios\/#primaryimage"},"image":{"@id":"https:\/\/digital58.com.ve\/site\/2020\/05\/25\/con-mas-de-123-000-casos-de-coronavirus-peru-dice-esta-en-una-meseta-no-plana-de-contagios\/#primaryimage"},"thumbnailUrl":"https:\/\/digital58.com.ve\/site\/wp-content\/uploads\/2020\/05\/peru-25.jpg","datePublished":"2020-05-26T02:50:15+00:00","description":"Salud","breadcrumb":{"@id":"https:\/\/digital58.com.ve\/site\/2020\/05\/25\/con-mas-de-123-000-casos-de-coronavirus-peru-dice-esta-en-una-meseta-no-plana-de-contagios\/#breadcrumb"},"inLanguage":"es","potentialAction":[{"@type":"ReadAction","target":["https:\/\/digital58.com.ve\/site\/2020\/05\/25\/con-mas-de-123-000-casos-de-coronavirus-peru-dice-esta-en-una-meseta-no-plana-de-contagios\/"]}]},{"@type":"ImageObject","inLanguage":"es","@id":"https:\/\/digital58.com.ve\/site\/2020\/05\/25\/con-mas-de-123-000-casos-de-coronavirus-peru-dice-esta-en-una-meseta-no-plana-de-contagios\/#primaryimage","url":"https:\/\/digital58.com.ve\/site\/wp-content\/uploads\/2020\/05\/peru-25.jpg","contentUrl":"https:\/\/digital58.com.ve\/site\/wp-content\/uploads\/2020\/05\/peru-25.jpg","width":800,"height":533},{"@type":"BreadcrumbList","@id":"https:\/\/digital58.com.ve\/site\/2020\/05\/25\/con-mas-de-123-000-casos-de-coronavirus-peru-dice-esta-en-una-meseta-no-plana-de-contagios\/#breadcrumb","itemListElement":[{"@type":"ListItem","position":1,"name":"Home","item":"https:\/\/digital58.com.ve\/site\/"},{"@type":"ListItem","position":2,"name":"Con m\u00e1s de 123.000 casos de coronavirus, Per\u00fa dice est\u00e1 \u00aben una meseta no plana\u00bb de contagios"}]},{"@type":"WebSite","@id":"https:\/\/digital58.com.ve\/site\/#website","url":"https:\/\/digital58.com.ve\/site\/","name":"Noticias Digital58","description":"Portal de Noticias \u00a1Periodismo web de verdad! Lanzamiento web 22.11.2005 \/ Maracaibo, Venezuela","publisher":{"@id":"https:\/\/digital58.com.ve\/site\/#\/schema\/person\/64d1c2e4d0d4fd1b849980c4331c2951"},"alternateName":"ND58","potentialAction":[{"@type":"SearchAction","target":{"@type":"EntryPoint","urlTemplate":"https:\/\/digital58.com.ve\/site\/?s={search_term_string}"},"query-input":{"@type":"PropertyValueSpecification","valueRequired":true,"valueName":"search_term_string"}}],"inLanguage":"es"},{"@type":["Person","Organization"],"@id":"https:\/\/digital58.com.ve\/site\/#\/schema\/person\/64d1c2e4d0d4fd1b849980c4331c2951","name":"Villasmil Henry","image":{"@type":"ImageObject","inLanguage":"es","@id":"https:\/\/secure.gravatar.com\/avatar\/bb0c4a2fcb7970138239f7e404ea75757b1b507b28b5ce4c53fbd62d797c5a7c?s=96&d=mm&r=g","url":"https:\/\/secure.gravatar.com\/avatar\/bb0c4a2fcb7970138239f7e404ea75757b1b507b28b5ce4c53fbd62d797c5a7c?s=96&d=mm&r=g","contentUrl":"https:\/\/secure.gravatar.com\/avatar\/bb0c4a2fcb7970138239f7e404ea75757b1b507b28b5ce4c53fbd62d797c5a7c?s=96&d=mm&r=g","caption":"Villasmil Henry"},"logo":{"@id":"https:\/\/secure.gravatar.com\/avatar\/bb0c4a2fcb7970138239f7e404ea75757b1b507b28b5ce4c53fbd62d797c5a7c?s=96&d=mm&r=g"},"sameAs":["http:\/\/www.henryvillasmil.com.ve","https:\/\/www.instagram.com\/villasmilhfoto\/","https:\/\/x.com\/https:\/\/twitter.com\/villasmilhfoto"],"url":"https:\/\/digital58.com.ve\/site\/author\/droopy_68\/"}]}},"uagb_featured_image_src":{"full":["https:\/\/digital58.com.ve\/site\/wp-content\/uploads\/2020\/05\/peru-25.jpg",800,533,false],"thumbnail":["https:\/\/digital58.com.ve\/site\/wp-content\/uploads\/2020\/05\/peru-25-150x150.jpg",150,150,true],"medium":["https:\/\/digital58.com.ve\/site\/wp-content\/uploads\/2020\/05\/peru-25-300x200.jpg",300,200,true],"medium_large":["https:\/\/digital58.com.ve\/site\/wp-content\/uploads\/2020\/05\/peru-25-768x512.jpg",768,512,true],"large":["https:\/\/digital58.com.ve\/site\/wp-content\/uploads\/2020\/05\/peru-25.jpg",800,533,false],"1536x1536":["https:\/\/digital58.com.ve\/site\/wp-content\/uploads\/2020\/05\/peru-25.jpg",800,533,false],"2048x2048":["https:\/\/digital58.com.ve\/site\/wp-content\/uploads\/2020\/05\/peru-25.jpg",800,533,false],"colormag-highlighted-post":["https:\/\/digital58.com.ve\/site\/wp-content\/uploads\/2020\/05\/peru-25.jpg",392,261,false],"colormag-featured-post-medium":["https:\/\/digital58.com.ve\/site\/wp-content\/uploads\/2020\/05\/peru-25.jpg",308,205,false],"colormag-featured-post-small":["https:\/\/digital58.com.ve\/site\/wp-content\/uploads\/2020\/05\/peru-25.jpg",130,87,false],"colormag-featured-image":["https:\/\/digital58.com.ve\/site\/wp-content\/uploads\/2020\/05\/peru-25.jpg",668,445,false],"colormag-default-news":["https:\/\/digital58.com.ve\/site\/wp-content\/uploads\/2020\/05\/peru-25.jpg",150,100,false],"colormag-featured-image-large":["https:\/\/digital58.com.ve\/site\/wp-content\/uploads\/2020\/05\/peru-25.jpg",800,533,false]},"uagb_author_info":{"display_name":"Villasmil Henry","author_link":"https:\/\/digital58.com.ve\/site\/author\/droopy_68\/"},"uagb_comment_info":0,"uagb_excerpt":"El presidente peruano, Mart\u00edn Vizcarra, dijo el lunes que la naci\u00f3n sudamericana se encuentra en \u00abuna meseta no plana\u00bb de","_links":{"self":[{"href":"https:\/\/digital58.com.ve\/site\/wp-json\/wp\/v2\/posts\/102632","targetHints":{"allow":["GET"]}}],"collection":[{"href":"https:\/\/digital58.com.ve\/site\/wp-json\/wp\/v2\/posts"}],"about":[{"href":"https:\/\/digital58.com.ve\/site\/wp-json\/wp\/v2\/types\/post"}],"author":[{"embeddable":true,"href":"https:\/\/digital58.com.ve\/site\/wp-json\/wp\/v2\/users\/1"}],"replies":[{"embeddable":true,"href":"https:\/\/digital58.com.ve\/site\/wp-json\/wp\/v2\/comments?post=102632"}],"version-history":[{"count":0,"href":"https:\/\/digital58.com.ve\/site\/wp-json\/wp\/v2\/posts\/102632\/revisions"}],"wp:featuredmedia":[{"embeddable":true,"href":"https:\/\/digital58.com.ve\/site\/wp-json\/wp\/v2\/media\/102633"}],"wp:attachment":[{"href":"https:\/\/digital58.com.ve\/site\/wp-json\/wp\/v2\/media?parent=102632"}],"wp:term":[{"taxonomy":"category","embeddable":true,"href":"https:\/\/digital58.com.ve\/site\/wp-json\/wp\/v2\/categories?post=102632"},{"taxonomy":"post_tag","embeddable":true,"href":"https:\/\/digital58.com.ve\/site\/wp-json\/wp\/v2\/tags?post=102632"}],"curies":[{"name":"wp","href":"https:\/\/api.w.org\/{rel}","templated":true}]}}