{"id":102639,"date":"2020-05-26T07:40:35","date_gmt":"2020-05-26T11:40:35","guid":{"rendered":"https:\/\/digital58.com.ve\/site\/?p=102639"},"modified":"2020-05-26T07:41:13","modified_gmt":"2020-05-26T11:41:13","slug":"latam-la-mayor-aerolinea-de-america-latina-se-declara-en-quiebra-en-eeuu","status":"publish","type":"post","link":"https:\/\/digital58.com.ve\/site\/2020\/05\/26\/latam-la-mayor-aerolinea-de-america-latina-se-declara-en-quiebra-en-eeuu\/","title":{"rendered":"LATAM, la mayor aerol\u00ednea de Am\u00e9rica Latina, se declara en quiebra en EEUU"},"content":{"rendered":"<p><a href=\"https:\/\/digital58.com.ve\/site\/wp-content\/uploads\/2020\/05\/latam.jpg\"><img loading=\"lazy\" decoding=\"async\" class=\"aligncenter size-full wp-image-102640\" src=\"https:\/\/digital58.com.ve\/site\/wp-content\/uploads\/2020\/05\/latam.jpg\" alt=\"\" width=\"800\" height=\"524\" srcset=\"https:\/\/digital58.com.ve\/site\/wp-content\/uploads\/2020\/05\/latam.jpg 800w, https:\/\/digital58.com.ve\/site\/wp-content\/uploads\/2020\/05\/latam-300x197.jpg 300w, https:\/\/digital58.com.ve\/site\/wp-content\/uploads\/2020\/05\/latam-768x503.jpg 768w\" sizes=\"auto, (max-width: 800px) 100vw, 800px\" \/><\/a><br \/>\nLATAM Airlines Group SA, la aerol\u00ednea m\u00e1s grande de Am\u00e9rica Latina, anunci\u00f3 el martes que la compa\u00f1\u00eda y sus filiales en Chile, Per\u00fa, Colombia, Ecuador y Estados Unidos han solicitado acogerse al cap\u00edtulo 11 de la ley de quiebras estadounidense.<\/p>\n<p><strong>Internacionales, 26 de mayo de 2020 (ND58).-<\/strong> LATAM se convierte as\u00ed en la \u00faltima v\u00edctima corporativa de la pandemia del coronavirus, que ha paralizado virtualmente los viajes a\u00e9reos, uni\u00e9ndose a la colombiana Avianca Holdings SA y a la australiana Virgin Australia Holdings Ltd en la solicitud de protecci\u00f3n por bancarrota mientras reestructura su deuda.<\/p>\n<p>\u00abHemos implementado una serie de medidas dif\u00edciles para mitigar el impacto de esta interrupci\u00f3n sin precedentes en la industria, pero en \u00faltima instancia este camino representa la mejor opci\u00f3n\u00bb, dijo en un comunicado el CEO de la compa\u00f1\u00eda, Roberto Alvo.<\/p>\n<p>La aerol\u00ednea continuar\u00e1 volando mientras est\u00e9 en esta situaci\u00f3n. Sus filiales en Argentina, Brasil y Paraguay no se acogieron al cap\u00edtulo 11 de la ley de quiebras de EEUU.<\/p>\n<p>La estadounidense Delta Air Lines Inc es la mayor accionista de LATAM, tras comprar el a\u00f1o pasado un 20 % por 1.900 millones de d\u00f3lares cuando el sector viv\u00eda mejores tiempos.<\/p>\n<p>LATAM dijo que hab\u00eda obtenido financiaci\u00f3n de otros accionistas importantes, incluidas las familias Cueto y Amaro y Qatar Airways, que proporcionar\u00e1n hasta 900 millones de d\u00f3lares.<\/p>\n<p>\u00abEn la medida en que la ley lo permita, el grupo acoger\u00eda con agrado a otros accionistas interesados en participar en este proceso para proporcionar financiaci\u00f3n adicional\u00bb, dijo la aerol\u00ednea, a\u00f1adiendo que tiene unos 1.300 millones de d\u00f3lares en efectivo a su disposici\u00f3n.<\/p>\n<p>LATAM registr\u00f3 activos y pasivos en un rango de entre 10.000 y 50.000 millones de d\u00f3lares, seg\u00fan un documento registrado ante el Tribunal Federak de Quiebras del Distrito Sur de Nueva York en EEUU.<\/p>\n<p>S&amp;P y Fitch rebajaron el viernes su calificaci\u00f3n crediticia despu\u00e9s de que la compa\u00f1\u00eda confirmara que no pagaba intereses y capital en tres tramos de deuda por 1.000 millones de d\u00f3lares.<\/p>\n<p>LATAM, nacida de la fusi\u00f3n de la chilena LAN con la brasile\u00f1a TAM en 2012, dijo que sus filiales brasile\u00f1as est\u00e1n en conversaciones con Brasilia sobre los pr\u00f3ximos pasos a seguir y el apoyo financiero para las operaciones en el pa\u00eds.<\/p><div class=\"oxfic69ec70d2f227e\" ><p style=\"text-align: center;\"><a href=\"https:\/\/t.me\/noticiasdigital58\" target=\"_blank\" rel=\"noopener\"><img class=\"aligncenter size-full wp-image-125363\" src=\"https:\/\/digital58.com.ve\/site\/wp-content\/uploads\/2021\/04\/banner-telegram-web-2021.png\" alt=\"\" width=\"600\" height=\"90\" \/><\/a><\/p><\/div><style type=\"text\/css\">\r\n@media screen and (min-width: 1201px) {\r\n.oxfic69ec70d2f227e {\r\ndisplay: block;\r\n}\r\n}\r\n@media screen and (min-width: 993px) and (max-width: 1200px) {\r\n.oxfic69ec70d2f227e {\r\ndisplay: block;\r\n}\r\n}\r\n@media screen and (min-width: 769px) and (max-width: 992px) {\r\n.oxfic69ec70d2f227e {\r\ndisplay: block;\r\n}\r\n}\r\n@media screen and (min-width: 768px) and (max-width: 768px) {\r\n.oxfic69ec70d2f227e {\r\ndisplay: block;\r\n}\r\n}\r\n@media screen and (max-width: 767px) {\r\n.oxfic69ec70d2f227e {\r\ndisplay: block;\r\n}\r\n}\r\n<\/style>\r\n\n<p><strong>Fuente: Rama Venkat,\u00a0 Jamie Freed\u00a0 \/ Reuters<\/strong><br \/>\n<strong>Edici\u00f3n: Villasmil, Henry<\/strong><br \/>\n<strong>Gr\u00e1fica: Reuters<\/strong><\/p>\n<div style=\"margin-top: 0px; margin-bottom: 0px;\" class=\"sharethis-inline-share-buttons\" ><\/div>","protected":false},"excerpt":{"rendered":"<p>LATAM Airlines Group SA, la aerol\u00ednea m\u00e1s grande de Am\u00e9rica Latina, anunci\u00f3 el martes que la compa\u00f1\u00eda y sus filiales<\/p>\n","protected":false},"author":1,"featured_media":102640,"comment_status":"open","ping_status":"closed","sticky":false,"template":"","format":"standard","meta":{"colormag_page_container_layout":"default_layout","colormag_page_sidebar_layout":"default_layout","_uag_custom_page_level_css":"","footnotes":""},"categories":[14499],"tags":[5137,7080,36,14459,35,13352,13648,8,15095,15096,13723,99],"class_list":["post-102639","post","type-post","status-publish","format-standard","has-post-thumbnail","hentry","category-economia","tag-aerolineas","tag-america-latina","tag-argentina","tag-bancarrota","tag-brasil","tag-coronavirus","tag-covid-19","tag-internacionales","tag-latam","tag-latam-airlines-group-sa","tag-pandemia","tag-paraguay"],"yoast_head":"<!-- This site is optimized with the Yoast SEO plugin v27.4 - https:\/\/yoast.com\/product\/yoast-seo-wordpress\/ -->\n<title>LATAM, la mayor aerol\u00ednea de Am\u00e9rica Latina, se declara en quiebra en EEUU<\/title>\n<meta name=\"description\" content=\"Econom\u00eda\" \/>\n<meta name=\"robots\" content=\"index, follow, max-snippet:-1, max-image-preview:large, max-video-preview:-1\" \/>\n<link rel=\"canonical\" href=\"https:\/\/digital58.com.ve\/site\/2020\/05\/26\/latam-la-mayor-aerolinea-de-america-latina-se-declara-en-quiebra-en-eeuu\/\" \/>\n<meta property=\"og:locale\" content=\"es_ES\" \/>\n<meta property=\"og:type\" content=\"article\" \/>\n<meta property=\"og:title\" content=\"LATAM, la mayor aerol\u00ednea de Am\u00e9rica Latina, se declara en quiebra en EEUU\" \/>\n<meta property=\"og:description\" content=\"Econom\u00eda\" \/>\n<meta property=\"og:url\" content=\"https:\/\/digital58.com.ve\/site\/2020\/05\/26\/latam-la-mayor-aerolinea-de-america-latina-se-declara-en-quiebra-en-eeuu\/\" \/>\n<meta property=\"og:site_name\" content=\"Noticias Digital58\" \/>\n<meta property=\"article:published_time\" content=\"2020-05-26T11:40:35+00:00\" \/>\n<meta property=\"article:modified_time\" content=\"2020-05-26T11:41:13+00:00\" \/>\n<meta property=\"og:image\" content=\"https:\/\/digital58.com.ve\/site\/wp-content\/uploads\/2020\/05\/latam.jpg\" \/>\n\t<meta property=\"og:image:width\" content=\"800\" \/>\n\t<meta property=\"og:image:height\" content=\"524\" \/>\n\t<meta property=\"og:image:type\" content=\"image\/jpeg\" \/>\n<meta name=\"author\" content=\"Villasmil Henry\" \/>\n<meta name=\"twitter:card\" content=\"summary_large_image\" \/>\n<meta name=\"twitter:creator\" content=\"@https:\/\/twitter.com\/villasmilhfoto\" \/>\n<meta name=\"twitter:site\" content=\"@villasmilhfoto\" \/>\n<meta name=\"twitter:label1\" content=\"Escrito por\" \/>\n\t<meta name=\"twitter:data1\" content=\"Villasmil Henry\" \/>\n\t<meta name=\"twitter:label2\" content=\"Tiempo estimado de lectura\" \/>\n\t<meta name=\"twitter:data2\" content=\"2 minutos\" \/>\n<script type=\"application\/ld+json\" class=\"yoast-schema-graph\">{\"@context\":\"https:\\\/\\\/schema.org\",\"@graph\":[{\"@type\":\"Article\",\"@id\":\"https:\\\/\\\/digital58.com.ve\\\/site\\\/2020\\\/05\\\/26\\\/latam-la-mayor-aerolinea-de-america-latina-se-declara-en-quiebra-en-eeuu\\\/#article\",\"isPartOf\":{\"@id\":\"https:\\\/\\\/digital58.com.ve\\\/site\\\/2020\\\/05\\\/26\\\/latam-la-mayor-aerolinea-de-america-latina-se-declara-en-quiebra-en-eeuu\\\/\"},\"author\":{\"name\":\"Villasmil Henry\",\"@id\":\"https:\\\/\\\/digital58.com.ve\\\/site\\\/#\\\/schema\\\/person\\\/64d1c2e4d0d4fd1b849980c4331c2951\"},\"headline\":\"LATAM, la mayor aerol\u00ednea de Am\u00e9rica Latina, se declara en quiebra en EEUU\",\"datePublished\":\"2020-05-26T11:40:35+00:00\",\"dateModified\":\"2020-05-26T11:41:13+00:00\",\"mainEntityOfPage\":{\"@id\":\"https:\\\/\\\/digital58.com.ve\\\/site\\\/2020\\\/05\\\/26\\\/latam-la-mayor-aerolinea-de-america-latina-se-declara-en-quiebra-en-eeuu\\\/\"},\"wordCount\":428,\"commentCount\":0,\"publisher\":{\"@id\":\"https:\\\/\\\/digital58.com.ve\\\/site\\\/#\\\/schema\\\/person\\\/64d1c2e4d0d4fd1b849980c4331c2951\"},\"image\":{\"@id\":\"https:\\\/\\\/digital58.com.ve\\\/site\\\/2020\\\/05\\\/26\\\/latam-la-mayor-aerolinea-de-america-latina-se-declara-en-quiebra-en-eeuu\\\/#primaryimage\"},\"thumbnailUrl\":\"https:\\\/\\\/digital58.com.ve\\\/site\\\/wp-content\\\/uploads\\\/2020\\\/05\\\/latam.jpg\",\"keywords\":[\"Aerol\u00edneas\",\"Am\u00e9rica Latina\",\"Argentina\",\"Bancarrota\",\"Brasil\",\"Coronavirus\",\"COVID-19\",\"Internacionales\",\"LATAM\",\"LATAM Airlines Group SA\",\"Pandemia\",\"Paraguay\"],\"articleSection\":[\"Econom\u00eda\"],\"inLanguage\":\"es\",\"potentialAction\":[{\"@type\":\"CommentAction\",\"name\":\"Comment\",\"target\":[\"https:\\\/\\\/digital58.com.ve\\\/site\\\/2020\\\/05\\\/26\\\/latam-la-mayor-aerolinea-de-america-latina-se-declara-en-quiebra-en-eeuu\\\/#respond\"]}]},{\"@type\":\"WebPage\",\"@id\":\"https:\\\/\\\/digital58.com.ve\\\/site\\\/2020\\\/05\\\/26\\\/latam-la-mayor-aerolinea-de-america-latina-se-declara-en-quiebra-en-eeuu\\\/\",\"url\":\"https:\\\/\\\/digital58.com.ve\\\/site\\\/2020\\\/05\\\/26\\\/latam-la-mayor-aerolinea-de-america-latina-se-declara-en-quiebra-en-eeuu\\\/\",\"name\":\"LATAM, la mayor aerol\u00ednea de Am\u00e9rica Latina, se declara en quiebra en EEUU\",\"isPartOf\":{\"@id\":\"https:\\\/\\\/digital58.com.ve\\\/site\\\/#website\"},\"primaryImageOfPage\":{\"@id\":\"https:\\\/\\\/digital58.com.ve\\\/site\\\/2020\\\/05\\\/26\\\/latam-la-mayor-aerolinea-de-america-latina-se-declara-en-quiebra-en-eeuu\\\/#primaryimage\"},\"image\":{\"@id\":\"https:\\\/\\\/digital58.com.ve\\\/site\\\/2020\\\/05\\\/26\\\/latam-la-mayor-aerolinea-de-america-latina-se-declara-en-quiebra-en-eeuu\\\/#primaryimage\"},\"thumbnailUrl\":\"https:\\\/\\\/digital58.com.ve\\\/site\\\/wp-content\\\/uploads\\\/2020\\\/05\\\/latam.jpg\",\"datePublished\":\"2020-05-26T11:40:35+00:00\",\"dateModified\":\"2020-05-26T11:41:13+00:00\",\"description\":\"Econom\u00eda\",\"breadcrumb\":{\"@id\":\"https:\\\/\\\/digital58.com.ve\\\/site\\\/2020\\\/05\\\/26\\\/latam-la-mayor-aerolinea-de-america-latina-se-declara-en-quiebra-en-eeuu\\\/#breadcrumb\"},\"inLanguage\":\"es\",\"potentialAction\":[{\"@type\":\"ReadAction\",\"target\":[\"https:\\\/\\\/digital58.com.ve\\\/site\\\/2020\\\/05\\\/26\\\/latam-la-mayor-aerolinea-de-america-latina-se-declara-en-quiebra-en-eeuu\\\/\"]}]},{\"@type\":\"ImageObject\",\"inLanguage\":\"es\",\"@id\":\"https:\\\/\\\/digital58.com.ve\\\/site\\\/2020\\\/05\\\/26\\\/latam-la-mayor-aerolinea-de-america-latina-se-declara-en-quiebra-en-eeuu\\\/#primaryimage\",\"url\":\"https:\\\/\\\/digital58.com.ve\\\/site\\\/wp-content\\\/uploads\\\/2020\\\/05\\\/latam.jpg\",\"contentUrl\":\"https:\\\/\\\/digital58.com.ve\\\/site\\\/wp-content\\\/uploads\\\/2020\\\/05\\\/latam.jpg\",\"width\":800,\"height\":524},{\"@type\":\"BreadcrumbList\",\"@id\":\"https:\\\/\\\/digital58.com.ve\\\/site\\\/2020\\\/05\\\/26\\\/latam-la-mayor-aerolinea-de-america-latina-se-declara-en-quiebra-en-eeuu\\\/#breadcrumb\",\"itemListElement\":[{\"@type\":\"ListItem\",\"position\":1,\"name\":\"Home\",\"item\":\"https:\\\/\\\/digital58.com.ve\\\/site\\\/\"},{\"@type\":\"ListItem\",\"position\":2,\"name\":\"LATAM, la mayor aerol\u00ednea de Am\u00e9rica Latina, se declara en quiebra en EEUU\"}]},{\"@type\":\"WebSite\",\"@id\":\"https:\\\/\\\/digital58.com.ve\\\/site\\\/#website\",\"url\":\"https:\\\/\\\/digital58.com.ve\\\/site\\\/\",\"name\":\"Noticias Digital58\",\"description\":\"Portal de Noticias \u00a1Periodismo web de verdad! Lanzamiento web 22.11.2005 \\\/ Maracaibo, Venezuela\",\"publisher\":{\"@id\":\"https:\\\/\\\/digital58.com.ve\\\/site\\\/#\\\/schema\\\/person\\\/64d1c2e4d0d4fd1b849980c4331c2951\"},\"alternateName\":\"ND58\",\"potentialAction\":[{\"@type\":\"SearchAction\",\"target\":{\"@type\":\"EntryPoint\",\"urlTemplate\":\"https:\\\/\\\/digital58.com.ve\\\/site\\\/?s={search_term_string}\"},\"query-input\":{\"@type\":\"PropertyValueSpecification\",\"valueRequired\":true,\"valueName\":\"search_term_string\"}}],\"inLanguage\":\"es\"},{\"@type\":[\"Person\",\"Organization\"],\"@id\":\"https:\\\/\\\/digital58.com.ve\\\/site\\\/#\\\/schema\\\/person\\\/64d1c2e4d0d4fd1b849980c4331c2951\",\"name\":\"Villasmil Henry\",\"image\":{\"@type\":\"ImageObject\",\"inLanguage\":\"es\",\"@id\":\"https:\\\/\\\/secure.gravatar.com\\\/avatar\\\/bb0c4a2fcb7970138239f7e404ea75757b1b507b28b5ce4c53fbd62d797c5a7c?s=96&d=mm&r=g\",\"url\":\"https:\\\/\\\/secure.gravatar.com\\\/avatar\\\/bb0c4a2fcb7970138239f7e404ea75757b1b507b28b5ce4c53fbd62d797c5a7c?s=96&d=mm&r=g\",\"contentUrl\":\"https:\\\/\\\/secure.gravatar.com\\\/avatar\\\/bb0c4a2fcb7970138239f7e404ea75757b1b507b28b5ce4c53fbd62d797c5a7c?s=96&d=mm&r=g\",\"caption\":\"Villasmil Henry\"},\"logo\":{\"@id\":\"https:\\\/\\\/secure.gravatar.com\\\/avatar\\\/bb0c4a2fcb7970138239f7e404ea75757b1b507b28b5ce4c53fbd62d797c5a7c?s=96&d=mm&r=g\"},\"sameAs\":[\"http:\\\/\\\/www.henryvillasmil.com.ve\",\"https:\\\/\\\/www.instagram.com\\\/villasmilhfoto\\\/\",\"https:\\\/\\\/x.com\\\/https:\\\/\\\/twitter.com\\\/villasmilhfoto\"],\"url\":\"https:\\\/\\\/digital58.com.ve\\\/site\\\/author\\\/droopy_68\\\/\"}]}<\/script>\n<!-- \/ Yoast SEO plugin. -->","yoast_head_json":{"title":"LATAM, la mayor aerol\u00ednea de Am\u00e9rica Latina, se declara en quiebra en EEUU","description":"Econom\u00eda","robots":{"index":"index","follow":"follow","max-snippet":"max-snippet:-1","max-image-preview":"max-image-preview:large","max-video-preview":"max-video-preview:-1"},"canonical":"https:\/\/digital58.com.ve\/site\/2020\/05\/26\/latam-la-mayor-aerolinea-de-america-latina-se-declara-en-quiebra-en-eeuu\/","og_locale":"es_ES","og_type":"article","og_title":"LATAM, la mayor aerol\u00ednea de Am\u00e9rica Latina, se declara en quiebra en EEUU","og_description":"Econom\u00eda","og_url":"https:\/\/digital58.com.ve\/site\/2020\/05\/26\/latam-la-mayor-aerolinea-de-america-latina-se-declara-en-quiebra-en-eeuu\/","og_site_name":"Noticias Digital58","article_published_time":"2020-05-26T11:40:35+00:00","article_modified_time":"2020-05-26T11:41:13+00:00","og_image":[{"width":800,"height":524,"url":"https:\/\/digital58.com.ve\/site\/wp-content\/uploads\/2020\/05\/latam.jpg","type":"image\/jpeg"}],"author":"Villasmil Henry","twitter_card":"summary_large_image","twitter_creator":"@https:\/\/twitter.com\/villasmilhfoto","twitter_site":"@villasmilhfoto","twitter_misc":{"Escrito por":"Villasmil Henry","Tiempo estimado de lectura":"2 minutos"},"schema":{"@context":"https:\/\/schema.org","@graph":[{"@type":"Article","@id":"https:\/\/digital58.com.ve\/site\/2020\/05\/26\/latam-la-mayor-aerolinea-de-america-latina-se-declara-en-quiebra-en-eeuu\/#article","isPartOf":{"@id":"https:\/\/digital58.com.ve\/site\/2020\/05\/26\/latam-la-mayor-aerolinea-de-america-latina-se-declara-en-quiebra-en-eeuu\/"},"author":{"name":"Villasmil Henry","@id":"https:\/\/digital58.com.ve\/site\/#\/schema\/person\/64d1c2e4d0d4fd1b849980c4331c2951"},"headline":"LATAM, la mayor aerol\u00ednea de Am\u00e9rica Latina, se declara en quiebra en EEUU","datePublished":"2020-05-26T11:40:35+00:00","dateModified":"2020-05-26T11:41:13+00:00","mainEntityOfPage":{"@id":"https:\/\/digital58.com.ve\/site\/2020\/05\/26\/latam-la-mayor-aerolinea-de-america-latina-se-declara-en-quiebra-en-eeuu\/"},"wordCount":428,"commentCount":0,"publisher":{"@id":"https:\/\/digital58.com.ve\/site\/#\/schema\/person\/64d1c2e4d0d4fd1b849980c4331c2951"},"image":{"@id":"https:\/\/digital58.com.ve\/site\/2020\/05\/26\/latam-la-mayor-aerolinea-de-america-latina-se-declara-en-quiebra-en-eeuu\/#primaryimage"},"thumbnailUrl":"https:\/\/digital58.com.ve\/site\/wp-content\/uploads\/2020\/05\/latam.jpg","keywords":["Aerol\u00edneas","Am\u00e9rica Latina","Argentina","Bancarrota","Brasil","Coronavirus","COVID-19","Internacionales","LATAM","LATAM Airlines Group SA","Pandemia","Paraguay"],"articleSection":["Econom\u00eda"],"inLanguage":"es","potentialAction":[{"@type":"CommentAction","name":"Comment","target":["https:\/\/digital58.com.ve\/site\/2020\/05\/26\/latam-la-mayor-aerolinea-de-america-latina-se-declara-en-quiebra-en-eeuu\/#respond"]}]},{"@type":"WebPage","@id":"https:\/\/digital58.com.ve\/site\/2020\/05\/26\/latam-la-mayor-aerolinea-de-america-latina-se-declara-en-quiebra-en-eeuu\/","url":"https:\/\/digital58.com.ve\/site\/2020\/05\/26\/latam-la-mayor-aerolinea-de-america-latina-se-declara-en-quiebra-en-eeuu\/","name":"LATAM, la mayor aerol\u00ednea de Am\u00e9rica Latina, se declara en quiebra en EEUU","isPartOf":{"@id":"https:\/\/digital58.com.ve\/site\/#website"},"primaryImageOfPage":{"@id":"https:\/\/digital58.com.ve\/site\/2020\/05\/26\/latam-la-mayor-aerolinea-de-america-latina-se-declara-en-quiebra-en-eeuu\/#primaryimage"},"image":{"@id":"https:\/\/digital58.com.ve\/site\/2020\/05\/26\/latam-la-mayor-aerolinea-de-america-latina-se-declara-en-quiebra-en-eeuu\/#primaryimage"},"thumbnailUrl":"https:\/\/digital58.com.ve\/site\/wp-content\/uploads\/2020\/05\/latam.jpg","datePublished":"2020-05-26T11:40:35+00:00","dateModified":"2020-05-26T11:41:13+00:00","description":"Econom\u00eda","breadcrumb":{"@id":"https:\/\/digital58.com.ve\/site\/2020\/05\/26\/latam-la-mayor-aerolinea-de-america-latina-se-declara-en-quiebra-en-eeuu\/#breadcrumb"},"inLanguage":"es","potentialAction":[{"@type":"ReadAction","target":["https:\/\/digital58.com.ve\/site\/2020\/05\/26\/latam-la-mayor-aerolinea-de-america-latina-se-declara-en-quiebra-en-eeuu\/"]}]},{"@type":"ImageObject","inLanguage":"es","@id":"https:\/\/digital58.com.ve\/site\/2020\/05\/26\/latam-la-mayor-aerolinea-de-america-latina-se-declara-en-quiebra-en-eeuu\/#primaryimage","url":"https:\/\/digital58.com.ve\/site\/wp-content\/uploads\/2020\/05\/latam.jpg","contentUrl":"https:\/\/digital58.com.ve\/site\/wp-content\/uploads\/2020\/05\/latam.jpg","width":800,"height":524},{"@type":"BreadcrumbList","@id":"https:\/\/digital58.com.ve\/site\/2020\/05\/26\/latam-la-mayor-aerolinea-de-america-latina-se-declara-en-quiebra-en-eeuu\/#breadcrumb","itemListElement":[{"@type":"ListItem","position":1,"name":"Home","item":"https:\/\/digital58.com.ve\/site\/"},{"@type":"ListItem","position":2,"name":"LATAM, la mayor aerol\u00ednea de Am\u00e9rica Latina, se declara en quiebra en EEUU"}]},{"@type":"WebSite","@id":"https:\/\/digital58.com.ve\/site\/#website","url":"https:\/\/digital58.com.ve\/site\/","name":"Noticias Digital58","description":"Portal de Noticias \u00a1Periodismo web de verdad! Lanzamiento web 22.11.2005 \/ Maracaibo, Venezuela","publisher":{"@id":"https:\/\/digital58.com.ve\/site\/#\/schema\/person\/64d1c2e4d0d4fd1b849980c4331c2951"},"alternateName":"ND58","potentialAction":[{"@type":"SearchAction","target":{"@type":"EntryPoint","urlTemplate":"https:\/\/digital58.com.ve\/site\/?s={search_term_string}"},"query-input":{"@type":"PropertyValueSpecification","valueRequired":true,"valueName":"search_term_string"}}],"inLanguage":"es"},{"@type":["Person","Organization"],"@id":"https:\/\/digital58.com.ve\/site\/#\/schema\/person\/64d1c2e4d0d4fd1b849980c4331c2951","name":"Villasmil Henry","image":{"@type":"ImageObject","inLanguage":"es","@id":"https:\/\/secure.gravatar.com\/avatar\/bb0c4a2fcb7970138239f7e404ea75757b1b507b28b5ce4c53fbd62d797c5a7c?s=96&d=mm&r=g","url":"https:\/\/secure.gravatar.com\/avatar\/bb0c4a2fcb7970138239f7e404ea75757b1b507b28b5ce4c53fbd62d797c5a7c?s=96&d=mm&r=g","contentUrl":"https:\/\/secure.gravatar.com\/avatar\/bb0c4a2fcb7970138239f7e404ea75757b1b507b28b5ce4c53fbd62d797c5a7c?s=96&d=mm&r=g","caption":"Villasmil Henry"},"logo":{"@id":"https:\/\/secure.gravatar.com\/avatar\/bb0c4a2fcb7970138239f7e404ea75757b1b507b28b5ce4c53fbd62d797c5a7c?s=96&d=mm&r=g"},"sameAs":["http:\/\/www.henryvillasmil.com.ve","https:\/\/www.instagram.com\/villasmilhfoto\/","https:\/\/x.com\/https:\/\/twitter.com\/villasmilhfoto"],"url":"https:\/\/digital58.com.ve\/site\/author\/droopy_68\/"}]}},"uagb_featured_image_src":{"full":["https:\/\/digital58.com.ve\/site\/wp-content\/uploads\/2020\/05\/latam.jpg",800,524,false],"thumbnail":["https:\/\/digital58.com.ve\/site\/wp-content\/uploads\/2020\/05\/latam-150x150.jpg",150,150,true],"medium":["https:\/\/digital58.com.ve\/site\/wp-content\/uploads\/2020\/05\/latam-300x197.jpg",300,197,true],"medium_large":["https:\/\/digital58.com.ve\/site\/wp-content\/uploads\/2020\/05\/latam-768x503.jpg",768,503,true],"large":["https:\/\/digital58.com.ve\/site\/wp-content\/uploads\/2020\/05\/latam.jpg",800,524,false],"1536x1536":["https:\/\/digital58.com.ve\/site\/wp-content\/uploads\/2020\/05\/latam.jpg",800,524,false],"2048x2048":["https:\/\/digital58.com.ve\/site\/wp-content\/uploads\/2020\/05\/latam.jpg",800,524,false],"colormag-highlighted-post":["https:\/\/digital58.com.ve\/site\/wp-content\/uploads\/2020\/05\/latam.jpg",392,257,false],"colormag-featured-post-medium":["https:\/\/digital58.com.ve\/site\/wp-content\/uploads\/2020\/05\/latam.jpg",313,205,false],"colormag-featured-post-small":["https:\/\/digital58.com.ve\/site\/wp-content\/uploads\/2020\/05\/latam.jpg",130,85,false],"colormag-featured-image":["https:\/\/digital58.com.ve\/site\/wp-content\/uploads\/2020\/05\/latam.jpg",679,445,false],"colormag-default-news":["https:\/\/digital58.com.ve\/site\/wp-content\/uploads\/2020\/05\/latam.jpg",150,98,false],"colormag-featured-image-large":["https:\/\/digital58.com.ve\/site\/wp-content\/uploads\/2020\/05\/latam.jpg",800,524,false]},"uagb_author_info":{"display_name":"Villasmil Henry","author_link":"https:\/\/digital58.com.ve\/site\/author\/droopy_68\/"},"uagb_comment_info":0,"uagb_excerpt":"LATAM Airlines Group SA, la aerol\u00ednea m\u00e1s grande de Am\u00e9rica Latina, anunci\u00f3 el martes que la compa\u00f1\u00eda y sus filiales","_links":{"self":[{"href":"https:\/\/digital58.com.ve\/site\/wp-json\/wp\/v2\/posts\/102639","targetHints":{"allow":["GET"]}}],"collection":[{"href":"https:\/\/digital58.com.ve\/site\/wp-json\/wp\/v2\/posts"}],"about":[{"href":"https:\/\/digital58.com.ve\/site\/wp-json\/wp\/v2\/types\/post"}],"author":[{"embeddable":true,"href":"https:\/\/digital58.com.ve\/site\/wp-json\/wp\/v2\/users\/1"}],"replies":[{"embeddable":true,"href":"https:\/\/digital58.com.ve\/site\/wp-json\/wp\/v2\/comments?post=102639"}],"version-history":[{"count":0,"href":"https:\/\/digital58.com.ve\/site\/wp-json\/wp\/v2\/posts\/102639\/revisions"}],"wp:featuredmedia":[{"embeddable":true,"href":"https:\/\/digital58.com.ve\/site\/wp-json\/wp\/v2\/media\/102640"}],"wp:attachment":[{"href":"https:\/\/digital58.com.ve\/site\/wp-json\/wp\/v2\/media?parent=102639"}],"wp:term":[{"taxonomy":"category","embeddable":true,"href":"https:\/\/digital58.com.ve\/site\/wp-json\/wp\/v2\/categories?post=102639"},{"taxonomy":"post_tag","embeddable":true,"href":"https:\/\/digital58.com.ve\/site\/wp-json\/wp\/v2\/tags?post=102639"}],"curies":[{"name":"wp","href":"https:\/\/api.w.org\/{rel}","templated":true}]}}