{"id":102679,"date":"2020-05-26T09:01:26","date_gmt":"2020-05-26T13:01:26","guid":{"rendered":"https:\/\/digital58.com.ve\/site\/?p=102679"},"modified":"2020-05-26T09:01:26","modified_gmt":"2020-05-26T13:01:26","slug":"italia-propone-la-apertura-el-15-de-junio-de-las-fronteras-dentro-de-europa","status":"publish","type":"post","link":"https:\/\/digital58.com.ve\/site\/2020\/05\/26\/italia-propone-la-apertura-el-15-de-junio-de-las-fronteras-dentro-de-europa\/","title":{"rendered":"Italia propone la apertura el 15 de junio de las fronteras dentro de Europa"},"content":{"rendered":"<p><a href=\"https:\/\/digital58.com.ve\/site\/wp-content\/uploads\/2020\/05\/0150776ec1e0da3230f6fdc24e09dfa94dbc99c8.jpg\"><img loading=\"lazy\" decoding=\"async\" class=\"aligncenter size-full wp-image-102680\" src=\"https:\/\/digital58.com.ve\/site\/wp-content\/uploads\/2020\/05\/0150776ec1e0da3230f6fdc24e09dfa94dbc99c8.jpg\" alt=\"\" width=\"768\" height=\"512\" srcset=\"https:\/\/digital58.com.ve\/site\/wp-content\/uploads\/2020\/05\/0150776ec1e0da3230f6fdc24e09dfa94dbc99c8.jpg 768w, https:\/\/digital58.com.ve\/site\/wp-content\/uploads\/2020\/05\/0150776ec1e0da3230f6fdc24e09dfa94dbc99c8-300x200.jpg 300w, https:\/\/digital58.com.ve\/site\/wp-content\/uploads\/2020\/05\/0150776ec1e0da3230f6fdc24e09dfa94dbc99c8-720x480.jpg 720w, https:\/\/digital58.com.ve\/site\/wp-content\/uploads\/2020\/05\/0150776ec1e0da3230f6fdc24e09dfa94dbc99c8-480x320.jpg 480w\" sizes=\"auto, (max-width: 768px) 100vw, 768px\" \/><\/a><\/p>\n<p>Italia propone la reapertura el 15 de junio de todas las fronteras dentro de Europa, el llamado \u00abD\u00eda D\u00bb para la reactivaci\u00f3n del turismo tras el coronavirus, asegur\u00f3 el ministro de Relaciones Exteriores, Luigi Di Maio.<\/p>\n<p><strong>Roma, Italia, 26 de mayo de 2020 (ND58).-<\/strong> \u00abEstamos trabajando para que todos juntos arranquemos el pr\u00f3ximo 15 de junio\u00bb, explic\u00f3 el ministro durante un programa de televisi\u00f3n en el canal p\u00fablico Rai1.<\/p>\n<p>\u00abAlemania aspira a reabrir el 15 de junio (&#8230;). Estamos trabajando para ello con Austria y otros pa\u00edses\u00bb, agreg\u00f3 Luigi Di Maio.<\/p>\n<p>Sus declaraciones coinciden con el pedido franco-alem\u00e1n para que las fronteras sean abiertas de nuevo lo antes posible.<\/p>\n<p>Hasta la fecha varios pa\u00edses han hecho su propio anuncio a pesar de los llamados de la Comisi\u00f3n Europea para que la decisi\u00f3n sea conjunta.<\/p>\n<p>Di Maio propone tambi\u00e9n reglas comunes de manera que el turista pueda moverse tranquilamente entre regiones y pa\u00edses.<\/p>\n<p>\u00abTenemos que tratar de salvar lo que se puede de la temporada de verano para ayudar a nuestros empresarios del sector\u00bb, a\u00f1adi\u00f3.<\/p>\n<p>A partir del 3 de junio han sido autorizados los viajes entre regiones en Italia.<\/p>\n<p>La decisi\u00f3n deber\u00e1 ser ratificada en unos d\u00edas debido a que el gobierno est\u00e1 evaluando la situaci\u00f3n en Lombard\u00eda y Piamonte, en el norte del pa\u00eds, las dos regiones que registran dos tercios de los nuevos casos de contagio.<\/p>\n<p>El lunes el n\u00famero de nuevos casos de contagio aument\u00f3 poco, de un 0.1 % a nivel nacional, con 300 m\u00e1s.<\/p>\n<p>Desde el comienzo de la epidemia han muerto 32.877 personas por el coronavirus (92 el lunes), cerca de la mitad en Lombard\u00eda.<\/p>\n<p>Unas 55.300 personas resultan a\u00fan positivas al virus en Italia.<\/p><div class=\"aobzq69f3628d675e0\" ><p style=\"text-align: center;\"><a href=\"https:\/\/t.me\/noticiasdigital58\" target=\"_blank\" rel=\"noopener\"><img class=\"aligncenter size-full wp-image-125363\" src=\"https:\/\/digital58.com.ve\/site\/wp-content\/uploads\/2021\/04\/banner-telegram-web-2021.png\" alt=\"\" width=\"600\" height=\"90\" \/><\/a><\/p><\/div><style type=\"text\/css\">\r\n@media screen and (min-width: 1201px) {\r\n.aobzq69f3628d675e0 {\r\ndisplay: block;\r\n}\r\n}\r\n@media screen and (min-width: 993px) and (max-width: 1200px) {\r\n.aobzq69f3628d675e0 {\r\ndisplay: block;\r\n}\r\n}\r\n@media screen and (min-width: 769px) and (max-width: 992px) {\r\n.aobzq69f3628d675e0 {\r\ndisplay: block;\r\n}\r\n}\r\n@media screen and (min-width: 768px) and (max-width: 768px) {\r\n.aobzq69f3628d675e0 {\r\ndisplay: block;\r\n}\r\n}\r\n@media screen and (max-width: 767px) {\r\n.aobzq69f3628d675e0 {\r\ndisplay: block;\r\n}\r\n}\r\n<\/style>\r\n\n<p><strong>Fuente: AFP<\/strong><br \/>\n<strong>Edici\u00f3n: Villasmil, Henry<\/strong><br \/>\n<strong>Gr\u00e1fica: AFP<\/strong><\/p>\n<div style=\"margin-top: 0px; margin-bottom: 0px;\" class=\"sharethis-inline-share-buttons\" ><\/div>","protected":false},"excerpt":{"rendered":"<p>Italia propone la reapertura el 15 de junio de todas las fronteras dentro de Europa, el llamado \u00abD\u00eda D\u00bb para<\/p>\n","protected":false},"author":1,"featured_media":102680,"comment_status":"open","ping_status":"closed","sticky":false,"template":"","format":"standard","meta":{"colormag_page_container_layout":"default_layout","colormag_page_sidebar_layout":"default_layout","_uag_custom_page_level_css":"","footnotes":""},"categories":[5404],"tags":[13352,13648,14146,1492,8,42,13723],"class_list":["post-102679","post","type-post","status-publish","format-standard","has-post-thumbnail","hentry","category-turismo","tag-coronavirus","tag-covid-19","tag-desescalada","tag-europa","tag-internacionales","tag-italia","tag-pandemia"],"yoast_head":"<!-- This site is optimized with the Yoast SEO plugin v27.5 - https:\/\/yoast.com\/product\/yoast-seo-wordpress\/ -->\n<title>Italia propone la apertura el 15 de junio de las fronteras dentro de Europa<\/title>\n<meta name=\"description\" content=\"Turismo\" \/>\n<meta name=\"robots\" content=\"index, follow, max-snippet:-1, max-image-preview:large, max-video-preview:-1\" \/>\n<link rel=\"canonical\" href=\"https:\/\/digital58.com.ve\/site\/2020\/05\/26\/italia-propone-la-apertura-el-15-de-junio-de-las-fronteras-dentro-de-europa\/\" \/>\n<meta property=\"og:locale\" content=\"es_ES\" \/>\n<meta property=\"og:type\" content=\"article\" \/>\n<meta property=\"og:title\" content=\"Italia propone la apertura el 15 de junio de las fronteras dentro de Europa\" \/>\n<meta property=\"og:description\" content=\"Turismo\" \/>\n<meta property=\"og:url\" content=\"https:\/\/digital58.com.ve\/site\/2020\/05\/26\/italia-propone-la-apertura-el-15-de-junio-de-las-fronteras-dentro-de-europa\/\" \/>\n<meta property=\"og:site_name\" content=\"Noticias Digital58\" \/>\n<meta property=\"article:published_time\" content=\"2020-05-26T13:01:26+00:00\" \/>\n<meta property=\"og:image\" content=\"https:\/\/digital58.com.ve\/site\/wp-content\/uploads\/2020\/05\/0150776ec1e0da3230f6fdc24e09dfa94dbc99c8.jpg\" \/>\n\t<meta property=\"og:image:width\" content=\"768\" \/>\n\t<meta property=\"og:image:height\" content=\"512\" \/>\n\t<meta property=\"og:image:type\" content=\"image\/jpeg\" \/>\n<meta name=\"author\" content=\"Villasmil Henry\" \/>\n<meta name=\"twitter:card\" content=\"summary_large_image\" \/>\n<meta name=\"twitter:creator\" content=\"@https:\/\/twitter.com\/villasmilhfoto\" \/>\n<meta name=\"twitter:site\" content=\"@villasmilhfoto\" \/>\n<meta name=\"twitter:label1\" content=\"Escrito por\" \/>\n\t<meta name=\"twitter:data1\" content=\"Villasmil Henry\" \/>\n\t<meta name=\"twitter:label2\" content=\"Tiempo estimado de lectura\" \/>\n\t<meta name=\"twitter:data2\" content=\"2 minutos\" \/>\n<script type=\"application\/ld+json\" class=\"yoast-schema-graph\">{\"@context\":\"https:\\\/\\\/schema.org\",\"@graph\":[{\"@type\":\"Article\",\"@id\":\"https:\\\/\\\/digital58.com.ve\\\/site\\\/2020\\\/05\\\/26\\\/italia-propone-la-apertura-el-15-de-junio-de-las-fronteras-dentro-de-europa\\\/#article\",\"isPartOf\":{\"@id\":\"https:\\\/\\\/digital58.com.ve\\\/site\\\/2020\\\/05\\\/26\\\/italia-propone-la-apertura-el-15-de-junio-de-las-fronteras-dentro-de-europa\\\/\"},\"author\":{\"name\":\"Villasmil Henry\",\"@id\":\"https:\\\/\\\/digital58.com.ve\\\/site\\\/#\\\/schema\\\/person\\\/64d1c2e4d0d4fd1b849980c4331c2951\"},\"headline\":\"Italia propone la apertura el 15 de junio de las fronteras dentro de Europa\",\"datePublished\":\"2020-05-26T13:01:26+00:00\",\"mainEntityOfPage\":{\"@id\":\"https:\\\/\\\/digital58.com.ve\\\/site\\\/2020\\\/05\\\/26\\\/italia-propone-la-apertura-el-15-de-junio-de-las-fronteras-dentro-de-europa\\\/\"},\"wordCount\":313,\"commentCount\":0,\"publisher\":{\"@id\":\"https:\\\/\\\/digital58.com.ve\\\/site\\\/#\\\/schema\\\/person\\\/64d1c2e4d0d4fd1b849980c4331c2951\"},\"image\":{\"@id\":\"https:\\\/\\\/digital58.com.ve\\\/site\\\/2020\\\/05\\\/26\\\/italia-propone-la-apertura-el-15-de-junio-de-las-fronteras-dentro-de-europa\\\/#primaryimage\"},\"thumbnailUrl\":\"https:\\\/\\\/digital58.com.ve\\\/site\\\/wp-content\\\/uploads\\\/2020\\\/05\\\/0150776ec1e0da3230f6fdc24e09dfa94dbc99c8.jpg\",\"keywords\":[\"Coronavirus\",\"COVID-19\",\"Desescalada\",\"Europa\",\"Internacionales\",\"Italia\",\"Pandemia\"],\"articleSection\":[\"Turismo\"],\"inLanguage\":\"es\",\"potentialAction\":[{\"@type\":\"CommentAction\",\"name\":\"Comment\",\"target\":[\"https:\\\/\\\/digital58.com.ve\\\/site\\\/2020\\\/05\\\/26\\\/italia-propone-la-apertura-el-15-de-junio-de-las-fronteras-dentro-de-europa\\\/#respond\"]}]},{\"@type\":\"WebPage\",\"@id\":\"https:\\\/\\\/digital58.com.ve\\\/site\\\/2020\\\/05\\\/26\\\/italia-propone-la-apertura-el-15-de-junio-de-las-fronteras-dentro-de-europa\\\/\",\"url\":\"https:\\\/\\\/digital58.com.ve\\\/site\\\/2020\\\/05\\\/26\\\/italia-propone-la-apertura-el-15-de-junio-de-las-fronteras-dentro-de-europa\\\/\",\"name\":\"Italia propone la apertura el 15 de junio de las fronteras dentro de Europa\",\"isPartOf\":{\"@id\":\"https:\\\/\\\/digital58.com.ve\\\/site\\\/#website\"},\"primaryImageOfPage\":{\"@id\":\"https:\\\/\\\/digital58.com.ve\\\/site\\\/2020\\\/05\\\/26\\\/italia-propone-la-apertura-el-15-de-junio-de-las-fronteras-dentro-de-europa\\\/#primaryimage\"},\"image\":{\"@id\":\"https:\\\/\\\/digital58.com.ve\\\/site\\\/2020\\\/05\\\/26\\\/italia-propone-la-apertura-el-15-de-junio-de-las-fronteras-dentro-de-europa\\\/#primaryimage\"},\"thumbnailUrl\":\"https:\\\/\\\/digital58.com.ve\\\/site\\\/wp-content\\\/uploads\\\/2020\\\/05\\\/0150776ec1e0da3230f6fdc24e09dfa94dbc99c8.jpg\",\"datePublished\":\"2020-05-26T13:01:26+00:00\",\"description\":\"Turismo\",\"breadcrumb\":{\"@id\":\"https:\\\/\\\/digital58.com.ve\\\/site\\\/2020\\\/05\\\/26\\\/italia-propone-la-apertura-el-15-de-junio-de-las-fronteras-dentro-de-europa\\\/#breadcrumb\"},\"inLanguage\":\"es\",\"potentialAction\":[{\"@type\":\"ReadAction\",\"target\":[\"https:\\\/\\\/digital58.com.ve\\\/site\\\/2020\\\/05\\\/26\\\/italia-propone-la-apertura-el-15-de-junio-de-las-fronteras-dentro-de-europa\\\/\"]}]},{\"@type\":\"ImageObject\",\"inLanguage\":\"es\",\"@id\":\"https:\\\/\\\/digital58.com.ve\\\/site\\\/2020\\\/05\\\/26\\\/italia-propone-la-apertura-el-15-de-junio-de-las-fronteras-dentro-de-europa\\\/#primaryimage\",\"url\":\"https:\\\/\\\/digital58.com.ve\\\/site\\\/wp-content\\\/uploads\\\/2020\\\/05\\\/0150776ec1e0da3230f6fdc24e09dfa94dbc99c8.jpg\",\"contentUrl\":\"https:\\\/\\\/digital58.com.ve\\\/site\\\/wp-content\\\/uploads\\\/2020\\\/05\\\/0150776ec1e0da3230f6fdc24e09dfa94dbc99c8.jpg\",\"width\":768,\"height\":512},{\"@type\":\"BreadcrumbList\",\"@id\":\"https:\\\/\\\/digital58.com.ve\\\/site\\\/2020\\\/05\\\/26\\\/italia-propone-la-apertura-el-15-de-junio-de-las-fronteras-dentro-de-europa\\\/#breadcrumb\",\"itemListElement\":[{\"@type\":\"ListItem\",\"position\":1,\"name\":\"Home\",\"item\":\"https:\\\/\\\/digital58.com.ve\\\/site\\\/\"},{\"@type\":\"ListItem\",\"position\":2,\"name\":\"Italia propone la apertura el 15 de junio de las fronteras dentro de Europa\"}]},{\"@type\":\"WebSite\",\"@id\":\"https:\\\/\\\/digital58.com.ve\\\/site\\\/#website\",\"url\":\"https:\\\/\\\/digital58.com.ve\\\/site\\\/\",\"name\":\"Noticias Digital58\",\"description\":\"Portal de Noticias \u00a1Periodismo web de verdad! Lanzamiento web 22.11.2005 \\\/ Maracaibo, Venezuela\",\"publisher\":{\"@id\":\"https:\\\/\\\/digital58.com.ve\\\/site\\\/#\\\/schema\\\/person\\\/64d1c2e4d0d4fd1b849980c4331c2951\"},\"alternateName\":\"ND58\",\"potentialAction\":[{\"@type\":\"SearchAction\",\"target\":{\"@type\":\"EntryPoint\",\"urlTemplate\":\"https:\\\/\\\/digital58.com.ve\\\/site\\\/?s={search_term_string}\"},\"query-input\":{\"@type\":\"PropertyValueSpecification\",\"valueRequired\":true,\"valueName\":\"search_term_string\"}}],\"inLanguage\":\"es\"},{\"@type\":[\"Person\",\"Organization\"],\"@id\":\"https:\\\/\\\/digital58.com.ve\\\/site\\\/#\\\/schema\\\/person\\\/64d1c2e4d0d4fd1b849980c4331c2951\",\"name\":\"Villasmil Henry\",\"image\":{\"@type\":\"ImageObject\",\"inLanguage\":\"es\",\"@id\":\"https:\\\/\\\/secure.gravatar.com\\\/avatar\\\/bb0c4a2fcb7970138239f7e404ea75757b1b507b28b5ce4c53fbd62d797c5a7c?s=96&d=mm&r=g\",\"url\":\"https:\\\/\\\/secure.gravatar.com\\\/avatar\\\/bb0c4a2fcb7970138239f7e404ea75757b1b507b28b5ce4c53fbd62d797c5a7c?s=96&d=mm&r=g\",\"contentUrl\":\"https:\\\/\\\/secure.gravatar.com\\\/avatar\\\/bb0c4a2fcb7970138239f7e404ea75757b1b507b28b5ce4c53fbd62d797c5a7c?s=96&d=mm&r=g\",\"caption\":\"Villasmil Henry\"},\"logo\":{\"@id\":\"https:\\\/\\\/secure.gravatar.com\\\/avatar\\\/bb0c4a2fcb7970138239f7e404ea75757b1b507b28b5ce4c53fbd62d797c5a7c?s=96&d=mm&r=g\"},\"sameAs\":[\"http:\\\/\\\/www.henryvillasmil.com.ve\",\"https:\\\/\\\/www.instagram.com\\\/villasmilhfoto\\\/\",\"https:\\\/\\\/x.com\\\/https:\\\/\\\/twitter.com\\\/villasmilhfoto\"],\"url\":\"https:\\\/\\\/digital58.com.ve\\\/site\\\/author\\\/droopy_68\\\/\"}]}<\/script>\n<!-- \/ Yoast SEO plugin. -->","yoast_head_json":{"title":"Italia propone la apertura el 15 de junio de las fronteras dentro de Europa","description":"Turismo","robots":{"index":"index","follow":"follow","max-snippet":"max-snippet:-1","max-image-preview":"max-image-preview:large","max-video-preview":"max-video-preview:-1"},"canonical":"https:\/\/digital58.com.ve\/site\/2020\/05\/26\/italia-propone-la-apertura-el-15-de-junio-de-las-fronteras-dentro-de-europa\/","og_locale":"es_ES","og_type":"article","og_title":"Italia propone la apertura el 15 de junio de las fronteras dentro de Europa","og_description":"Turismo","og_url":"https:\/\/digital58.com.ve\/site\/2020\/05\/26\/italia-propone-la-apertura-el-15-de-junio-de-las-fronteras-dentro-de-europa\/","og_site_name":"Noticias Digital58","article_published_time":"2020-05-26T13:01:26+00:00","og_image":[{"width":768,"height":512,"url":"https:\/\/digital58.com.ve\/site\/wp-content\/uploads\/2020\/05\/0150776ec1e0da3230f6fdc24e09dfa94dbc99c8.jpg","type":"image\/jpeg"}],"author":"Villasmil Henry","twitter_card":"summary_large_image","twitter_creator":"@https:\/\/twitter.com\/villasmilhfoto","twitter_site":"@villasmilhfoto","twitter_misc":{"Escrito por":"Villasmil Henry","Tiempo estimado de lectura":"2 minutos"},"schema":{"@context":"https:\/\/schema.org","@graph":[{"@type":"Article","@id":"https:\/\/digital58.com.ve\/site\/2020\/05\/26\/italia-propone-la-apertura-el-15-de-junio-de-las-fronteras-dentro-de-europa\/#article","isPartOf":{"@id":"https:\/\/digital58.com.ve\/site\/2020\/05\/26\/italia-propone-la-apertura-el-15-de-junio-de-las-fronteras-dentro-de-europa\/"},"author":{"name":"Villasmil Henry","@id":"https:\/\/digital58.com.ve\/site\/#\/schema\/person\/64d1c2e4d0d4fd1b849980c4331c2951"},"headline":"Italia propone la apertura el 15 de junio de las fronteras dentro de Europa","datePublished":"2020-05-26T13:01:26+00:00","mainEntityOfPage":{"@id":"https:\/\/digital58.com.ve\/site\/2020\/05\/26\/italia-propone-la-apertura-el-15-de-junio-de-las-fronteras-dentro-de-europa\/"},"wordCount":313,"commentCount":0,"publisher":{"@id":"https:\/\/digital58.com.ve\/site\/#\/schema\/person\/64d1c2e4d0d4fd1b849980c4331c2951"},"image":{"@id":"https:\/\/digital58.com.ve\/site\/2020\/05\/26\/italia-propone-la-apertura-el-15-de-junio-de-las-fronteras-dentro-de-europa\/#primaryimage"},"thumbnailUrl":"https:\/\/digital58.com.ve\/site\/wp-content\/uploads\/2020\/05\/0150776ec1e0da3230f6fdc24e09dfa94dbc99c8.jpg","keywords":["Coronavirus","COVID-19","Desescalada","Europa","Internacionales","Italia","Pandemia"],"articleSection":["Turismo"],"inLanguage":"es","potentialAction":[{"@type":"CommentAction","name":"Comment","target":["https:\/\/digital58.com.ve\/site\/2020\/05\/26\/italia-propone-la-apertura-el-15-de-junio-de-las-fronteras-dentro-de-europa\/#respond"]}]},{"@type":"WebPage","@id":"https:\/\/digital58.com.ve\/site\/2020\/05\/26\/italia-propone-la-apertura-el-15-de-junio-de-las-fronteras-dentro-de-europa\/","url":"https:\/\/digital58.com.ve\/site\/2020\/05\/26\/italia-propone-la-apertura-el-15-de-junio-de-las-fronteras-dentro-de-europa\/","name":"Italia propone la apertura el 15 de junio de las fronteras dentro de Europa","isPartOf":{"@id":"https:\/\/digital58.com.ve\/site\/#website"},"primaryImageOfPage":{"@id":"https:\/\/digital58.com.ve\/site\/2020\/05\/26\/italia-propone-la-apertura-el-15-de-junio-de-las-fronteras-dentro-de-europa\/#primaryimage"},"image":{"@id":"https:\/\/digital58.com.ve\/site\/2020\/05\/26\/italia-propone-la-apertura-el-15-de-junio-de-las-fronteras-dentro-de-europa\/#primaryimage"},"thumbnailUrl":"https:\/\/digital58.com.ve\/site\/wp-content\/uploads\/2020\/05\/0150776ec1e0da3230f6fdc24e09dfa94dbc99c8.jpg","datePublished":"2020-05-26T13:01:26+00:00","description":"Turismo","breadcrumb":{"@id":"https:\/\/digital58.com.ve\/site\/2020\/05\/26\/italia-propone-la-apertura-el-15-de-junio-de-las-fronteras-dentro-de-europa\/#breadcrumb"},"inLanguage":"es","potentialAction":[{"@type":"ReadAction","target":["https:\/\/digital58.com.ve\/site\/2020\/05\/26\/italia-propone-la-apertura-el-15-de-junio-de-las-fronteras-dentro-de-europa\/"]}]},{"@type":"ImageObject","inLanguage":"es","@id":"https:\/\/digital58.com.ve\/site\/2020\/05\/26\/italia-propone-la-apertura-el-15-de-junio-de-las-fronteras-dentro-de-europa\/#primaryimage","url":"https:\/\/digital58.com.ve\/site\/wp-content\/uploads\/2020\/05\/0150776ec1e0da3230f6fdc24e09dfa94dbc99c8.jpg","contentUrl":"https:\/\/digital58.com.ve\/site\/wp-content\/uploads\/2020\/05\/0150776ec1e0da3230f6fdc24e09dfa94dbc99c8.jpg","width":768,"height":512},{"@type":"BreadcrumbList","@id":"https:\/\/digital58.com.ve\/site\/2020\/05\/26\/italia-propone-la-apertura-el-15-de-junio-de-las-fronteras-dentro-de-europa\/#breadcrumb","itemListElement":[{"@type":"ListItem","position":1,"name":"Home","item":"https:\/\/digital58.com.ve\/site\/"},{"@type":"ListItem","position":2,"name":"Italia propone la apertura el 15 de junio de las fronteras dentro de Europa"}]},{"@type":"WebSite","@id":"https:\/\/digital58.com.ve\/site\/#website","url":"https:\/\/digital58.com.ve\/site\/","name":"Noticias Digital58","description":"Portal de Noticias \u00a1Periodismo web de verdad! Lanzamiento web 22.11.2005 \/ Maracaibo, Venezuela","publisher":{"@id":"https:\/\/digital58.com.ve\/site\/#\/schema\/person\/64d1c2e4d0d4fd1b849980c4331c2951"},"alternateName":"ND58","potentialAction":[{"@type":"SearchAction","target":{"@type":"EntryPoint","urlTemplate":"https:\/\/digital58.com.ve\/site\/?s={search_term_string}"},"query-input":{"@type":"PropertyValueSpecification","valueRequired":true,"valueName":"search_term_string"}}],"inLanguage":"es"},{"@type":["Person","Organization"],"@id":"https:\/\/digital58.com.ve\/site\/#\/schema\/person\/64d1c2e4d0d4fd1b849980c4331c2951","name":"Villasmil Henry","image":{"@type":"ImageObject","inLanguage":"es","@id":"https:\/\/secure.gravatar.com\/avatar\/bb0c4a2fcb7970138239f7e404ea75757b1b507b28b5ce4c53fbd62d797c5a7c?s=96&d=mm&r=g","url":"https:\/\/secure.gravatar.com\/avatar\/bb0c4a2fcb7970138239f7e404ea75757b1b507b28b5ce4c53fbd62d797c5a7c?s=96&d=mm&r=g","contentUrl":"https:\/\/secure.gravatar.com\/avatar\/bb0c4a2fcb7970138239f7e404ea75757b1b507b28b5ce4c53fbd62d797c5a7c?s=96&d=mm&r=g","caption":"Villasmil Henry"},"logo":{"@id":"https:\/\/secure.gravatar.com\/avatar\/bb0c4a2fcb7970138239f7e404ea75757b1b507b28b5ce4c53fbd62d797c5a7c?s=96&d=mm&r=g"},"sameAs":["http:\/\/www.henryvillasmil.com.ve","https:\/\/www.instagram.com\/villasmilhfoto\/","https:\/\/x.com\/https:\/\/twitter.com\/villasmilhfoto"],"url":"https:\/\/digital58.com.ve\/site\/author\/droopy_68\/"}]}},"uagb_featured_image_src":{"full":["https:\/\/digital58.com.ve\/site\/wp-content\/uploads\/2020\/05\/0150776ec1e0da3230f6fdc24e09dfa94dbc99c8.jpg",768,512,false],"thumbnail":["https:\/\/digital58.com.ve\/site\/wp-content\/uploads\/2020\/05\/0150776ec1e0da3230f6fdc24e09dfa94dbc99c8-150x150.jpg",150,150,true],"medium":["https:\/\/digital58.com.ve\/site\/wp-content\/uploads\/2020\/05\/0150776ec1e0da3230f6fdc24e09dfa94dbc99c8-300x200.jpg",300,200,true],"medium_large":["https:\/\/digital58.com.ve\/site\/wp-content\/uploads\/2020\/05\/0150776ec1e0da3230f6fdc24e09dfa94dbc99c8.jpg",768,512,false],"large":["https:\/\/digital58.com.ve\/site\/wp-content\/uploads\/2020\/05\/0150776ec1e0da3230f6fdc24e09dfa94dbc99c8.jpg",768,512,false],"1536x1536":["https:\/\/digital58.com.ve\/site\/wp-content\/uploads\/2020\/05\/0150776ec1e0da3230f6fdc24e09dfa94dbc99c8.jpg",768,512,false],"2048x2048":["https:\/\/digital58.com.ve\/site\/wp-content\/uploads\/2020\/05\/0150776ec1e0da3230f6fdc24e09dfa94dbc99c8.jpg",768,512,false],"colormag-highlighted-post":["https:\/\/digital58.com.ve\/site\/wp-content\/uploads\/2020\/05\/0150776ec1e0da3230f6fdc24e09dfa94dbc99c8.jpg",392,261,false],"colormag-featured-post-medium":["https:\/\/digital58.com.ve\/site\/wp-content\/uploads\/2020\/05\/0150776ec1e0da3230f6fdc24e09dfa94dbc99c8.jpg",308,205,false],"colormag-featured-post-small":["https:\/\/digital58.com.ve\/site\/wp-content\/uploads\/2020\/05\/0150776ec1e0da3230f6fdc24e09dfa94dbc99c8.jpg",130,87,false],"colormag-featured-image":["https:\/\/digital58.com.ve\/site\/wp-content\/uploads\/2020\/05\/0150776ec1e0da3230f6fdc24e09dfa94dbc99c8.jpg",668,445,false],"colormag-default-news":["https:\/\/digital58.com.ve\/site\/wp-content\/uploads\/2020\/05\/0150776ec1e0da3230f6fdc24e09dfa94dbc99c8.jpg",150,100,false],"colormag-featured-image-large":["https:\/\/digital58.com.ve\/site\/wp-content\/uploads\/2020\/05\/0150776ec1e0da3230f6fdc24e09dfa94dbc99c8.jpg",768,512,false]},"uagb_author_info":{"display_name":"Villasmil Henry","author_link":"https:\/\/digital58.com.ve\/site\/author\/droopy_68\/"},"uagb_comment_info":0,"uagb_excerpt":"Italia propone la reapertura el 15 de junio de todas las fronteras dentro de Europa, el llamado \u00abD\u00eda D\u00bb para","_links":{"self":[{"href":"https:\/\/digital58.com.ve\/site\/wp-json\/wp\/v2\/posts\/102679","targetHints":{"allow":["GET"]}}],"collection":[{"href":"https:\/\/digital58.com.ve\/site\/wp-json\/wp\/v2\/posts"}],"about":[{"href":"https:\/\/digital58.com.ve\/site\/wp-json\/wp\/v2\/types\/post"}],"author":[{"embeddable":true,"href":"https:\/\/digital58.com.ve\/site\/wp-json\/wp\/v2\/users\/1"}],"replies":[{"embeddable":true,"href":"https:\/\/digital58.com.ve\/site\/wp-json\/wp\/v2\/comments?post=102679"}],"version-history":[{"count":0,"href":"https:\/\/digital58.com.ve\/site\/wp-json\/wp\/v2\/posts\/102679\/revisions"}],"wp:featuredmedia":[{"embeddable":true,"href":"https:\/\/digital58.com.ve\/site\/wp-json\/wp\/v2\/media\/102680"}],"wp:attachment":[{"href":"https:\/\/digital58.com.ve\/site\/wp-json\/wp\/v2\/media?parent=102679"}],"wp:term":[{"taxonomy":"category","embeddable":true,"href":"https:\/\/digital58.com.ve\/site\/wp-json\/wp\/v2\/categories?post=102679"},{"taxonomy":"post_tag","embeddable":true,"href":"https:\/\/digital58.com.ve\/site\/wp-json\/wp\/v2\/tags?post=102679"}],"curies":[{"name":"wp","href":"https:\/\/api.w.org\/{rel}","templated":true}]}}