{"id":102857,"date":"2020-05-27T08:21:52","date_gmt":"2020-05-27T12:21:52","guid":{"rendered":"https:\/\/digital58.com.ve\/site\/?p=102857"},"modified":"2020-05-27T08:21:52","modified_gmt":"2020-05-27T12:21:52","slug":"motogp-ktm-sera-el-primer-equipo-en-volver-a-los-entrenamientos","status":"publish","type":"post","link":"https:\/\/digital58.com.ve\/site\/2020\/05\/27\/motogp-ktm-sera-el-primer-equipo-en-volver-a-los-entrenamientos\/","title":{"rendered":"(#MotoGP) KTM ser\u00e1 el primer equipo en volver a los entrenamientos"},"content":{"rendered":"<p><img loading=\"lazy\" decoding=\"async\" class=\"aligncenter wp-image-102858\" src=\"https:\/\/digital58.com.ve\/site\/wp-content\/uploads\/2020\/05\/dani-pedrosa-1024x683-1-300x200.jpg\" alt=\"\" width=\"600\" height=\"400\" srcset=\"https:\/\/digital58.com.ve\/site\/wp-content\/uploads\/2020\/05\/dani-pedrosa-1024x683-1-300x200.jpg 300w, https:\/\/digital58.com.ve\/site\/wp-content\/uploads\/2020\/05\/dani-pedrosa-1024x683-1-768x512.jpg 768w, https:\/\/digital58.com.ve\/site\/wp-content\/uploads\/2020\/05\/dani-pedrosa-1024x683-1-720x480.jpg 720w, https:\/\/digital58.com.ve\/site\/wp-content\/uploads\/2020\/05\/dani-pedrosa-1024x683-1-480x320.jpg 480w, https:\/\/digital58.com.ve\/site\/wp-content\/uploads\/2020\/05\/dani-pedrosa-1024x683-1.jpg 800w\" sizes=\"auto, (max-width: 600px) 100vw, 600px\" \/><\/p>\n<p>Aunque hasta los momentos no se ha fijado una fecha para el inicio de la temporada 2020 del mundial de MotoGP, suspendido desde marzo debido a la pandemia del COVID-19, sin embargo, el prop\u00f3sito de los organizadores es volver cuanto antes.<\/p>\n<p><strong>Internacionales, 27 de mayo 2020 (ND58).- <\/strong>Con ese mismo prop\u00f3sito, la escuder\u00eda austriaca, KTM, dar\u00e1 inicio a una doble jornada de ensayos, que inicia este mi\u00e9rcoles.<\/p>\n<p>Los entrenamientos del equipo, se har\u00e1n en el circuito austriaco de Red Bull Ring.<\/p>\n<p>Ser\u00e1n dos d\u00edas de prueba, donde los pilotos y t\u00e9cnicos de la escuder\u00eda intentar\u00e1n colocar a punto sus motos, de cara al inicio de la temporada.<\/p>\n<p>Los organizadores del campeonato, comunicaron que el espa\u00f1ol Pol Espargar\u00f3, piloto de KTM y su compatriota, Dani Pedrosa (piloto de prebas), pilotar\u00e1n las motos del equipo en una sesi\u00f3n privada.<\/p>\n<p>KTM y Aprilia son los equipos con derecho a efectuar ensayos privados, debido al sistema de \u00abconcesiones\u00bb estipulado en el reglamento del Moto GP.<\/p>\n<p>Hasta los momentos el campeonato, que deb\u00eda iniciar el pasado 15 de marzo, se encuentra detenido debido a la pandemia del coronavirus.<\/p>\n<p>Sin embargo, se espera que la m\u00e1xima competici\u00f3n del motociclismo mundial, arranque el 16 de julio en el circuito de Jerez, Espa\u00f1a, se espera por la aprobaci\u00f3n del gobierno espa\u00f1ol.<\/p>\n<p><strong>Redacci\u00f3n: Morales, Joel (@joeldmc32) | Fuente: AFP<br \/>\n<\/strong><strong>Edici\u00f3n: Villasmil, Henry<br \/>\n<\/strong><strong>Gr\u00e1fica: Cortes\u00eda<\/strong><\/p>\n<p><strong>\u00a0<\/strong><\/p><div class=\"ryjmc69f7730b55fd5\" ><p style=\"text-align: center;\"><a href=\"https:\/\/t.me\/noticiasdigital58\" target=\"_blank\" rel=\"noopener\"><img class=\"aligncenter size-full wp-image-125363\" src=\"https:\/\/digital58.com.ve\/site\/wp-content\/uploads\/2021\/04\/banner-telegram-web-2021.png\" alt=\"\" width=\"600\" height=\"90\" \/><\/a><\/p><\/div><style type=\"text\/css\">\r\n@media screen and (min-width: 1201px) {\r\n.ryjmc69f7730b55fd5 {\r\ndisplay: block;\r\n}\r\n}\r\n@media screen and (min-width: 993px) and (max-width: 1200px) {\r\n.ryjmc69f7730b55fd5 {\r\ndisplay: block;\r\n}\r\n}\r\n@media screen and (min-width: 769px) and (max-width: 992px) {\r\n.ryjmc69f7730b55fd5 {\r\ndisplay: block;\r\n}\r\n}\r\n@media screen and (min-width: 768px) and (max-width: 768px) {\r\n.ryjmc69f7730b55fd5 {\r\ndisplay: block;\r\n}\r\n}\r\n@media screen and (max-width: 767px) {\r\n.ryjmc69f7730b55fd5 {\r\ndisplay: block;\r\n}\r\n}\r\n<\/style>\r\n\n<p><strong>\u00a0<\/strong><\/p>\n<div style=\"margin-top: 0px; margin-bottom: 0px;\" class=\"sharethis-inline-share-buttons\" ><\/div>","protected":false},"excerpt":{"rendered":"<p>Aunque hasta los momentos no se ha fijado una fecha para el inicio de la temporada 2020 del mundial de<\/p>\n","protected":false},"author":29,"featured_media":102858,"comment_status":"open","ping_status":"closed","sticky":false,"template":"","format":"standard","meta":{"colormag_page_container_layout":"default_layout","colormag_page_sidebar_layout":"default_layout","_uag_custom_page_level_css":"","footnotes":""},"categories":[5402],"tags":[237,15132,115,8,4716,11405,5483,14509,15133,15134],"class_list":["post-102857","post","type-post","status-publish","format-standard","has-post-thumbnail","hentry","category-deportes","tag-austria","tag-dani-pedrosa","tag-espana","tag-internacionales","tag-motociclismo","tag-motociclismo-internacional","tag-motogp","tag-motogp-2020","tag-pol-espargaro","tag-red-bull-ring"],"yoast_head":"<!-- This site is optimized with the Yoast SEO plugin v27.5 - https:\/\/yoast.com\/product\/yoast-seo-wordpress\/ -->\n<title>(#MotoGP) KTM ser\u00e1 el primer equipo en volver a los entrenamientos<\/title>\n<meta name=\"description\" content=\"Deportes\" \/>\n<meta name=\"robots\" content=\"index, follow, max-snippet:-1, max-image-preview:large, max-video-preview:-1\" \/>\n<link rel=\"canonical\" href=\"https:\/\/digital58.com.ve\/site\/2020\/05\/27\/motogp-ktm-sera-el-primer-equipo-en-volver-a-los-entrenamientos\/\" \/>\n<meta property=\"og:locale\" content=\"es_ES\" \/>\n<meta property=\"og:type\" content=\"article\" \/>\n<meta property=\"og:title\" content=\"(#MotoGP) KTM ser\u00e1 el primer equipo en volver a los entrenamientos\" \/>\n<meta property=\"og:description\" content=\"Deportes\" \/>\n<meta property=\"og:url\" content=\"https:\/\/digital58.com.ve\/site\/2020\/05\/27\/motogp-ktm-sera-el-primer-equipo-en-volver-a-los-entrenamientos\/\" \/>\n<meta property=\"og:site_name\" content=\"Noticias Digital58\" \/>\n<meta property=\"article:published_time\" content=\"2020-05-27T12:21:52+00:00\" \/>\n<meta property=\"og:image\" content=\"https:\/\/digital58.com.ve\/site\/wp-content\/uploads\/2020\/05\/dani-pedrosa-1024x683-1.jpg\" \/>\n\t<meta property=\"og:image:width\" content=\"1024\" \/>\n\t<meta property=\"og:image:height\" content=\"683\" \/>\n\t<meta property=\"og:image:type\" content=\"image\/jpeg\" \/>\n<meta name=\"author\" content=\"Morales Joel\" \/>\n<meta name=\"twitter:card\" content=\"summary_large_image\" \/>\n<meta name=\"twitter:creator\" content=\"@Digital_58\" \/>\n<meta name=\"twitter:site\" content=\"@villasmilhfoto\" \/>\n<meta name=\"twitter:label1\" content=\"Escrito por\" \/>\n\t<meta name=\"twitter:data1\" content=\"Morales Joel\" \/>\n\t<meta name=\"twitter:label2\" content=\"Tiempo estimado de lectura\" \/>\n\t<meta name=\"twitter:data2\" content=\"1 minuto\" \/>\n<script type=\"application\/ld+json\" class=\"yoast-schema-graph\">{\"@context\":\"https:\\\/\\\/schema.org\",\"@graph\":[{\"@type\":\"Article\",\"@id\":\"https:\\\/\\\/digital58.com.ve\\\/site\\\/2020\\\/05\\\/27\\\/motogp-ktm-sera-el-primer-equipo-en-volver-a-los-entrenamientos\\\/#article\",\"isPartOf\":{\"@id\":\"https:\\\/\\\/digital58.com.ve\\\/site\\\/2020\\\/05\\\/27\\\/motogp-ktm-sera-el-primer-equipo-en-volver-a-los-entrenamientos\\\/\"},\"author\":{\"name\":\"Morales Joel\",\"@id\":\"https:\\\/\\\/digital58.com.ve\\\/site\\\/#\\\/schema\\\/person\\\/8daf5f8bfd9ebdb98150c62bff195b72\"},\"headline\":\"(#MotoGP) KTM ser\u00e1 el primer equipo en volver a los entrenamientos\",\"datePublished\":\"2020-05-27T12:21:52+00:00\",\"mainEntityOfPage\":{\"@id\":\"https:\\\/\\\/digital58.com.ve\\\/site\\\/2020\\\/05\\\/27\\\/motogp-ktm-sera-el-primer-equipo-en-volver-a-los-entrenamientos\\\/\"},\"wordCount\":254,\"commentCount\":0,\"publisher\":{\"@id\":\"https:\\\/\\\/digital58.com.ve\\\/site\\\/#\\\/schema\\\/person\\\/64d1c2e4d0d4fd1b849980c4331c2951\"},\"image\":{\"@id\":\"https:\\\/\\\/digital58.com.ve\\\/site\\\/2020\\\/05\\\/27\\\/motogp-ktm-sera-el-primer-equipo-en-volver-a-los-entrenamientos\\\/#primaryimage\"},\"thumbnailUrl\":\"https:\\\/\\\/digital58.com.ve\\\/site\\\/wp-content\\\/uploads\\\/2020\\\/05\\\/dani-pedrosa-1024x683-1.jpg\",\"keywords\":[\"Austria\",\"Dani Pedrosa\",\"Espa\u00f1a\",\"Internacionales\",\"Motociclismo\",\"Motociclismo Internacional\",\"MotoGP\",\"MotoGP 2020\",\"Pol Espargar\u00f3\",\"Red Bull Ring\"],\"articleSection\":[\"Deportes\"],\"inLanguage\":\"es\",\"potentialAction\":[{\"@type\":\"CommentAction\",\"name\":\"Comment\",\"target\":[\"https:\\\/\\\/digital58.com.ve\\\/site\\\/2020\\\/05\\\/27\\\/motogp-ktm-sera-el-primer-equipo-en-volver-a-los-entrenamientos\\\/#respond\"]}]},{\"@type\":\"WebPage\",\"@id\":\"https:\\\/\\\/digital58.com.ve\\\/site\\\/2020\\\/05\\\/27\\\/motogp-ktm-sera-el-primer-equipo-en-volver-a-los-entrenamientos\\\/\",\"url\":\"https:\\\/\\\/digital58.com.ve\\\/site\\\/2020\\\/05\\\/27\\\/motogp-ktm-sera-el-primer-equipo-en-volver-a-los-entrenamientos\\\/\",\"name\":\"(#MotoGP) KTM ser\u00e1 el primer equipo en volver a los entrenamientos\",\"isPartOf\":{\"@id\":\"https:\\\/\\\/digital58.com.ve\\\/site\\\/#website\"},\"primaryImageOfPage\":{\"@id\":\"https:\\\/\\\/digital58.com.ve\\\/site\\\/2020\\\/05\\\/27\\\/motogp-ktm-sera-el-primer-equipo-en-volver-a-los-entrenamientos\\\/#primaryimage\"},\"image\":{\"@id\":\"https:\\\/\\\/digital58.com.ve\\\/site\\\/2020\\\/05\\\/27\\\/motogp-ktm-sera-el-primer-equipo-en-volver-a-los-entrenamientos\\\/#primaryimage\"},\"thumbnailUrl\":\"https:\\\/\\\/digital58.com.ve\\\/site\\\/wp-content\\\/uploads\\\/2020\\\/05\\\/dani-pedrosa-1024x683-1.jpg\",\"datePublished\":\"2020-05-27T12:21:52+00:00\",\"description\":\"Deportes\",\"breadcrumb\":{\"@id\":\"https:\\\/\\\/digital58.com.ve\\\/site\\\/2020\\\/05\\\/27\\\/motogp-ktm-sera-el-primer-equipo-en-volver-a-los-entrenamientos\\\/#breadcrumb\"},\"inLanguage\":\"es\",\"potentialAction\":[{\"@type\":\"ReadAction\",\"target\":[\"https:\\\/\\\/digital58.com.ve\\\/site\\\/2020\\\/05\\\/27\\\/motogp-ktm-sera-el-primer-equipo-en-volver-a-los-entrenamientos\\\/\"]}]},{\"@type\":\"ImageObject\",\"inLanguage\":\"es\",\"@id\":\"https:\\\/\\\/digital58.com.ve\\\/site\\\/2020\\\/05\\\/27\\\/motogp-ktm-sera-el-primer-equipo-en-volver-a-los-entrenamientos\\\/#primaryimage\",\"url\":\"https:\\\/\\\/digital58.com.ve\\\/site\\\/wp-content\\\/uploads\\\/2020\\\/05\\\/dani-pedrosa-1024x683-1.jpg\",\"contentUrl\":\"https:\\\/\\\/digital58.com.ve\\\/site\\\/wp-content\\\/uploads\\\/2020\\\/05\\\/dani-pedrosa-1024x683-1.jpg\",\"width\":800,\"height\":534},{\"@type\":\"BreadcrumbList\",\"@id\":\"https:\\\/\\\/digital58.com.ve\\\/site\\\/2020\\\/05\\\/27\\\/motogp-ktm-sera-el-primer-equipo-en-volver-a-los-entrenamientos\\\/#breadcrumb\",\"itemListElement\":[{\"@type\":\"ListItem\",\"position\":1,\"name\":\"Home\",\"item\":\"https:\\\/\\\/digital58.com.ve\\\/site\\\/\"},{\"@type\":\"ListItem\",\"position\":2,\"name\":\"(#MotoGP) KTM ser\u00e1 el primer equipo en volver a los entrenamientos\"}]},{\"@type\":\"WebSite\",\"@id\":\"https:\\\/\\\/digital58.com.ve\\\/site\\\/#website\",\"url\":\"https:\\\/\\\/digital58.com.ve\\\/site\\\/\",\"name\":\"Noticias Digital58\",\"description\":\"Portal de Noticias \u00a1Periodismo web de verdad! Lanzamiento web 22.11.2005 \\\/ Maracaibo, Venezuela\",\"publisher\":{\"@id\":\"https:\\\/\\\/digital58.com.ve\\\/site\\\/#\\\/schema\\\/person\\\/64d1c2e4d0d4fd1b849980c4331c2951\"},\"alternateName\":\"ND58\",\"potentialAction\":[{\"@type\":\"SearchAction\",\"target\":{\"@type\":\"EntryPoint\",\"urlTemplate\":\"https:\\\/\\\/digital58.com.ve\\\/site\\\/?s={search_term_string}\"},\"query-input\":{\"@type\":\"PropertyValueSpecification\",\"valueRequired\":true,\"valueName\":\"search_term_string\"}}],\"inLanguage\":\"es\"},{\"@type\":[\"Person\",\"Organization\"],\"@id\":\"https:\\\/\\\/digital58.com.ve\\\/site\\\/#\\\/schema\\\/person\\\/64d1c2e4d0d4fd1b849980c4331c2951\",\"name\":\"Villasmil Henry\",\"image\":{\"@type\":\"ImageObject\",\"inLanguage\":\"es\",\"@id\":\"https:\\\/\\\/secure.gravatar.com\\\/avatar\\\/bb0c4a2fcb7970138239f7e404ea75757b1b507b28b5ce4c53fbd62d797c5a7c?s=96&d=mm&r=g\",\"url\":\"https:\\\/\\\/secure.gravatar.com\\\/avatar\\\/bb0c4a2fcb7970138239f7e404ea75757b1b507b28b5ce4c53fbd62d797c5a7c?s=96&d=mm&r=g\",\"contentUrl\":\"https:\\\/\\\/secure.gravatar.com\\\/avatar\\\/bb0c4a2fcb7970138239f7e404ea75757b1b507b28b5ce4c53fbd62d797c5a7c?s=96&d=mm&r=g\",\"caption\":\"Villasmil Henry\"},\"logo\":{\"@id\":\"https:\\\/\\\/secure.gravatar.com\\\/avatar\\\/bb0c4a2fcb7970138239f7e404ea75757b1b507b28b5ce4c53fbd62d797c5a7c?s=96&d=mm&r=g\"},\"sameAs\":[\"http:\\\/\\\/www.henryvillasmil.com.ve\",\"https:\\\/\\\/www.instagram.com\\\/villasmilhfoto\\\/\",\"https:\\\/\\\/x.com\\\/https:\\\/\\\/twitter.com\\\/villasmilhfoto\"]},{\"@type\":\"Person\",\"@id\":\"https:\\\/\\\/digital58.com.ve\\\/site\\\/#\\\/schema\\\/person\\\/8daf5f8bfd9ebdb98150c62bff195b72\",\"name\":\"Morales Joel\",\"image\":{\"@type\":\"ImageObject\",\"inLanguage\":\"es\",\"@id\":\"https:\\\/\\\/secure.gravatar.com\\\/avatar\\\/e2cb5ce0e9279ab3c8e03d472e483f32e666716a18da3bfa7b0749a5465409f1?s=96&d=mm&r=g\",\"url\":\"https:\\\/\\\/secure.gravatar.com\\\/avatar\\\/e2cb5ce0e9279ab3c8e03d472e483f32e666716a18da3bfa7b0749a5465409f1?s=96&d=mm&r=g\",\"contentUrl\":\"https:\\\/\\\/secure.gravatar.com\\\/avatar\\\/e2cb5ce0e9279ab3c8e03d472e483f32e666716a18da3bfa7b0749a5465409f1?s=96&d=mm&r=g\",\"caption\":\"Morales Joel\"},\"url\":\"https:\\\/\\\/digital58.com.ve\\\/site\\\/author\\\/joelm\\\/\"}]}<\/script>\n<!-- \/ Yoast SEO plugin. -->","yoast_head_json":{"title":"(#MotoGP) KTM ser\u00e1 el primer equipo en volver a los entrenamientos","description":"Deportes","robots":{"index":"index","follow":"follow","max-snippet":"max-snippet:-1","max-image-preview":"max-image-preview:large","max-video-preview":"max-video-preview:-1"},"canonical":"https:\/\/digital58.com.ve\/site\/2020\/05\/27\/motogp-ktm-sera-el-primer-equipo-en-volver-a-los-entrenamientos\/","og_locale":"es_ES","og_type":"article","og_title":"(#MotoGP) KTM ser\u00e1 el primer equipo en volver a los entrenamientos","og_description":"Deportes","og_url":"https:\/\/digital58.com.ve\/site\/2020\/05\/27\/motogp-ktm-sera-el-primer-equipo-en-volver-a-los-entrenamientos\/","og_site_name":"Noticias Digital58","article_published_time":"2020-05-27T12:21:52+00:00","og_image":[{"width":1024,"height":683,"url":"https:\/\/digital58.com.ve\/site\/wp-content\/uploads\/2020\/05\/dani-pedrosa-1024x683-1.jpg","type":"image\/jpeg"}],"author":"Morales Joel","twitter_card":"summary_large_image","twitter_creator":"@Digital_58","twitter_site":"@villasmilhfoto","twitter_misc":{"Escrito por":"Morales Joel","Tiempo estimado de lectura":"1 minuto"},"schema":{"@context":"https:\/\/schema.org","@graph":[{"@type":"Article","@id":"https:\/\/digital58.com.ve\/site\/2020\/05\/27\/motogp-ktm-sera-el-primer-equipo-en-volver-a-los-entrenamientos\/#article","isPartOf":{"@id":"https:\/\/digital58.com.ve\/site\/2020\/05\/27\/motogp-ktm-sera-el-primer-equipo-en-volver-a-los-entrenamientos\/"},"author":{"name":"Morales Joel","@id":"https:\/\/digital58.com.ve\/site\/#\/schema\/person\/8daf5f8bfd9ebdb98150c62bff195b72"},"headline":"(#MotoGP) KTM ser\u00e1 el primer equipo en volver a los entrenamientos","datePublished":"2020-05-27T12:21:52+00:00","mainEntityOfPage":{"@id":"https:\/\/digital58.com.ve\/site\/2020\/05\/27\/motogp-ktm-sera-el-primer-equipo-en-volver-a-los-entrenamientos\/"},"wordCount":254,"commentCount":0,"publisher":{"@id":"https:\/\/digital58.com.ve\/site\/#\/schema\/person\/64d1c2e4d0d4fd1b849980c4331c2951"},"image":{"@id":"https:\/\/digital58.com.ve\/site\/2020\/05\/27\/motogp-ktm-sera-el-primer-equipo-en-volver-a-los-entrenamientos\/#primaryimage"},"thumbnailUrl":"https:\/\/digital58.com.ve\/site\/wp-content\/uploads\/2020\/05\/dani-pedrosa-1024x683-1.jpg","keywords":["Austria","Dani Pedrosa","Espa\u00f1a","Internacionales","Motociclismo","Motociclismo Internacional","MotoGP","MotoGP 2020","Pol Espargar\u00f3","Red Bull Ring"],"articleSection":["Deportes"],"inLanguage":"es","potentialAction":[{"@type":"CommentAction","name":"Comment","target":["https:\/\/digital58.com.ve\/site\/2020\/05\/27\/motogp-ktm-sera-el-primer-equipo-en-volver-a-los-entrenamientos\/#respond"]}]},{"@type":"WebPage","@id":"https:\/\/digital58.com.ve\/site\/2020\/05\/27\/motogp-ktm-sera-el-primer-equipo-en-volver-a-los-entrenamientos\/","url":"https:\/\/digital58.com.ve\/site\/2020\/05\/27\/motogp-ktm-sera-el-primer-equipo-en-volver-a-los-entrenamientos\/","name":"(#MotoGP) KTM ser\u00e1 el primer equipo en volver a los entrenamientos","isPartOf":{"@id":"https:\/\/digital58.com.ve\/site\/#website"},"primaryImageOfPage":{"@id":"https:\/\/digital58.com.ve\/site\/2020\/05\/27\/motogp-ktm-sera-el-primer-equipo-en-volver-a-los-entrenamientos\/#primaryimage"},"image":{"@id":"https:\/\/digital58.com.ve\/site\/2020\/05\/27\/motogp-ktm-sera-el-primer-equipo-en-volver-a-los-entrenamientos\/#primaryimage"},"thumbnailUrl":"https:\/\/digital58.com.ve\/site\/wp-content\/uploads\/2020\/05\/dani-pedrosa-1024x683-1.jpg","datePublished":"2020-05-27T12:21:52+00:00","description":"Deportes","breadcrumb":{"@id":"https:\/\/digital58.com.ve\/site\/2020\/05\/27\/motogp-ktm-sera-el-primer-equipo-en-volver-a-los-entrenamientos\/#breadcrumb"},"inLanguage":"es","potentialAction":[{"@type":"ReadAction","target":["https:\/\/digital58.com.ve\/site\/2020\/05\/27\/motogp-ktm-sera-el-primer-equipo-en-volver-a-los-entrenamientos\/"]}]},{"@type":"ImageObject","inLanguage":"es","@id":"https:\/\/digital58.com.ve\/site\/2020\/05\/27\/motogp-ktm-sera-el-primer-equipo-en-volver-a-los-entrenamientos\/#primaryimage","url":"https:\/\/digital58.com.ve\/site\/wp-content\/uploads\/2020\/05\/dani-pedrosa-1024x683-1.jpg","contentUrl":"https:\/\/digital58.com.ve\/site\/wp-content\/uploads\/2020\/05\/dani-pedrosa-1024x683-1.jpg","width":800,"height":534},{"@type":"BreadcrumbList","@id":"https:\/\/digital58.com.ve\/site\/2020\/05\/27\/motogp-ktm-sera-el-primer-equipo-en-volver-a-los-entrenamientos\/#breadcrumb","itemListElement":[{"@type":"ListItem","position":1,"name":"Home","item":"https:\/\/digital58.com.ve\/site\/"},{"@type":"ListItem","position":2,"name":"(#MotoGP) KTM ser\u00e1 el primer equipo en volver a los entrenamientos"}]},{"@type":"WebSite","@id":"https:\/\/digital58.com.ve\/site\/#website","url":"https:\/\/digital58.com.ve\/site\/","name":"Noticias Digital58","description":"Portal de Noticias \u00a1Periodismo web de verdad! Lanzamiento web 22.11.2005 \/ Maracaibo, Venezuela","publisher":{"@id":"https:\/\/digital58.com.ve\/site\/#\/schema\/person\/64d1c2e4d0d4fd1b849980c4331c2951"},"alternateName":"ND58","potentialAction":[{"@type":"SearchAction","target":{"@type":"EntryPoint","urlTemplate":"https:\/\/digital58.com.ve\/site\/?s={search_term_string}"},"query-input":{"@type":"PropertyValueSpecification","valueRequired":true,"valueName":"search_term_string"}}],"inLanguage":"es"},{"@type":["Person","Organization"],"@id":"https:\/\/digital58.com.ve\/site\/#\/schema\/person\/64d1c2e4d0d4fd1b849980c4331c2951","name":"Villasmil Henry","image":{"@type":"ImageObject","inLanguage":"es","@id":"https:\/\/secure.gravatar.com\/avatar\/bb0c4a2fcb7970138239f7e404ea75757b1b507b28b5ce4c53fbd62d797c5a7c?s=96&d=mm&r=g","url":"https:\/\/secure.gravatar.com\/avatar\/bb0c4a2fcb7970138239f7e404ea75757b1b507b28b5ce4c53fbd62d797c5a7c?s=96&d=mm&r=g","contentUrl":"https:\/\/secure.gravatar.com\/avatar\/bb0c4a2fcb7970138239f7e404ea75757b1b507b28b5ce4c53fbd62d797c5a7c?s=96&d=mm&r=g","caption":"Villasmil Henry"},"logo":{"@id":"https:\/\/secure.gravatar.com\/avatar\/bb0c4a2fcb7970138239f7e404ea75757b1b507b28b5ce4c53fbd62d797c5a7c?s=96&d=mm&r=g"},"sameAs":["http:\/\/www.henryvillasmil.com.ve","https:\/\/www.instagram.com\/villasmilhfoto\/","https:\/\/x.com\/https:\/\/twitter.com\/villasmilhfoto"]},{"@type":"Person","@id":"https:\/\/digital58.com.ve\/site\/#\/schema\/person\/8daf5f8bfd9ebdb98150c62bff195b72","name":"Morales Joel","image":{"@type":"ImageObject","inLanguage":"es","@id":"https:\/\/secure.gravatar.com\/avatar\/e2cb5ce0e9279ab3c8e03d472e483f32e666716a18da3bfa7b0749a5465409f1?s=96&d=mm&r=g","url":"https:\/\/secure.gravatar.com\/avatar\/e2cb5ce0e9279ab3c8e03d472e483f32e666716a18da3bfa7b0749a5465409f1?s=96&d=mm&r=g","contentUrl":"https:\/\/secure.gravatar.com\/avatar\/e2cb5ce0e9279ab3c8e03d472e483f32e666716a18da3bfa7b0749a5465409f1?s=96&d=mm&r=g","caption":"Morales Joel"},"url":"https:\/\/digital58.com.ve\/site\/author\/joelm\/"}]}},"uagb_featured_image_src":{"full":["https:\/\/digital58.com.ve\/site\/wp-content\/uploads\/2020\/05\/dani-pedrosa-1024x683-1.jpg",800,534,false],"thumbnail":["https:\/\/digital58.com.ve\/site\/wp-content\/uploads\/2020\/05\/dani-pedrosa-1024x683-1-150x150.jpg",150,150,true],"medium":["https:\/\/digital58.com.ve\/site\/wp-content\/uploads\/2020\/05\/dani-pedrosa-1024x683-1-300x200.jpg",300,200,true],"medium_large":["https:\/\/digital58.com.ve\/site\/wp-content\/uploads\/2020\/05\/dani-pedrosa-1024x683-1-768x512.jpg",768,512,true],"large":["https:\/\/digital58.com.ve\/site\/wp-content\/uploads\/2020\/05\/dani-pedrosa-1024x683-1.jpg",800,534,false],"1536x1536":["https:\/\/digital58.com.ve\/site\/wp-content\/uploads\/2020\/05\/dani-pedrosa-1024x683-1.jpg",800,534,false],"2048x2048":["https:\/\/digital58.com.ve\/site\/wp-content\/uploads\/2020\/05\/dani-pedrosa-1024x683-1.jpg",800,534,false],"colormag-highlighted-post":["https:\/\/digital58.com.ve\/site\/wp-content\/uploads\/2020\/05\/dani-pedrosa-1024x683-1.jpg",392,262,false],"colormag-featured-post-medium":["https:\/\/digital58.com.ve\/site\/wp-content\/uploads\/2020\/05\/dani-pedrosa-1024x683-1.jpg",307,205,false],"colormag-featured-post-small":["https:\/\/digital58.com.ve\/site\/wp-content\/uploads\/2020\/05\/dani-pedrosa-1024x683-1.jpg",130,87,false],"colormag-featured-image":["https:\/\/digital58.com.ve\/site\/wp-content\/uploads\/2020\/05\/dani-pedrosa-1024x683-1.jpg",667,445,false],"colormag-default-news":["https:\/\/digital58.com.ve\/site\/wp-content\/uploads\/2020\/05\/dani-pedrosa-1024x683-1.jpg",150,100,false],"colormag-featured-image-large":["https:\/\/digital58.com.ve\/site\/wp-content\/uploads\/2020\/05\/dani-pedrosa-1024x683-1.jpg",800,534,false]},"uagb_author_info":{"display_name":"Morales Joel","author_link":"https:\/\/digital58.com.ve\/site\/author\/joelm\/"},"uagb_comment_info":0,"uagb_excerpt":"Aunque hasta los momentos no se ha fijado una fecha para el inicio de la temporada 2020 del mundial de","_links":{"self":[{"href":"https:\/\/digital58.com.ve\/site\/wp-json\/wp\/v2\/posts\/102857","targetHints":{"allow":["GET"]}}],"collection":[{"href":"https:\/\/digital58.com.ve\/site\/wp-json\/wp\/v2\/posts"}],"about":[{"href":"https:\/\/digital58.com.ve\/site\/wp-json\/wp\/v2\/types\/post"}],"author":[{"embeddable":true,"href":"https:\/\/digital58.com.ve\/site\/wp-json\/wp\/v2\/users\/29"}],"replies":[{"embeddable":true,"href":"https:\/\/digital58.com.ve\/site\/wp-json\/wp\/v2\/comments?post=102857"}],"version-history":[{"count":0,"href":"https:\/\/digital58.com.ve\/site\/wp-json\/wp\/v2\/posts\/102857\/revisions"}],"wp:featuredmedia":[{"embeddable":true,"href":"https:\/\/digital58.com.ve\/site\/wp-json\/wp\/v2\/media\/102858"}],"wp:attachment":[{"href":"https:\/\/digital58.com.ve\/site\/wp-json\/wp\/v2\/media?parent=102857"}],"wp:term":[{"taxonomy":"category","embeddable":true,"href":"https:\/\/digital58.com.ve\/site\/wp-json\/wp\/v2\/categories?post=102857"},{"taxonomy":"post_tag","embeddable":true,"href":"https:\/\/digital58.com.ve\/site\/wp-json\/wp\/v2\/tags?post=102857"}],"curies":[{"name":"wp","href":"https:\/\/api.w.org\/{rel}","templated":true}]}}