{"id":102892,"date":"2020-05-27T10:22:20","date_gmt":"2020-05-27T14:22:20","guid":{"rendered":"https:\/\/digital58.com.ve\/site\/?p=102892"},"modified":"2020-05-27T10:22:20","modified_gmt":"2020-05-27T14:22:20","slug":"earle-herrera-la-propia-oposicion-considera-a-juan-guaido-un-cadaver-insepulto","status":"publish","type":"post","link":"https:\/\/digital58.com.ve\/site\/2020\/05\/27\/earle-herrera-la-propia-oposicion-considera-a-juan-guaido-un-cadaver-insepulto\/","title":{"rendered":"Earle Herrera: \u00abLa propia oposici\u00f3n considera a Juan Guaid\u00f3 un cad\u00e1ver insepulto\u00bb"},"content":{"rendered":"<p><img loading=\"lazy\" decoding=\"async\" class=\"aligncenter wp-image-102893 size-full\" src=\"https:\/\/digital58.com.ve\/site\/wp-content\/uploads\/2020\/05\/Earle-herrera1-680x419-1.jpg\" alt=\"\" width=\"680\" height=\"419\" srcset=\"https:\/\/digital58.com.ve\/site\/wp-content\/uploads\/2020\/05\/Earle-herrera1-680x419-1.jpg 680w, https:\/\/digital58.com.ve\/site\/wp-content\/uploads\/2020\/05\/Earle-herrera1-680x419-1-300x185.jpg 300w\" sizes=\"auto, (max-width: 680px) 100vw, 680px\" \/><\/p>\n<p>Seg\u00fan el constituyente Earle Herrena Juan Guaid\u00f3 es un problema para la Oposici\u00f3n, no para el Gobierno de Nicol\u00e1s Maduro y por lo tanto no tiene ning\u00fan inter\u00e9s en el Presidente de la Asamblea Nacional.<\/p>\n<p><strong>Maracaibo, Zulia, Venezuela, 27 de mayo de 2020 (ND58).-<\/strong>\u00a0El constituyente asegur\u00f3 que pedir\u00e1n una investigaci\u00f3n por el contrato que habr\u00eda firmado Juan Guaid\u00f3 \u00a0con la compa\u00f1\u00eda Silvercorp para la ejecuci\u00f3n de la Operaci\u00f3n Gede\u00f3n<\/p>\n<p>El constituyente Earle Herrera asegur\u00f3 este martes que el Gobierno \u00a0de Nicol\u00e1s Maduro no tiene inter\u00e9s alguno en Juan Guaid\u00f3, presidente de la Asamblea Nacional. Dijo que el opositor es un problema que debe preocuparle a la oposici\u00f3n venezolana.<\/p>\n<p>\u00ab\u00bfQu\u00e9 significa Guaid\u00f3 para la oposici\u00f3n? A Guaid\u00f3 la propia oposici\u00f3n lo considera un cad\u00e1ver insepulto, es un problema para la oposici\u00f3n, no para nosotros\u00bb, dijo Herrera en una entrevista con el programa Dando y Dando, transmitido por Venezolana de Televisi\u00f3n.<\/p>\n<p>El constituyente anunci\u00f3 que pedir\u00e1n una investigaci\u00f3n por el contrato que habr\u00eda firmado Guaid\u00f3 con la compa\u00f1\u00eda Silvercorp, del veterano de guerra estadounidense Jordan Goudreau, para la ejecuci\u00f3n de la Operaci\u00f3n Gede\u00f3n.<\/p>\n<p>Asimismo, manifest\u00f3 que el Gobierno \u00a0tambi\u00e9n puede asumir los mecanismos para restituir la se\u00f1al de Directv con los instrumentos y recursos humanos que, seg\u00fan, est\u00e1n en el pa\u00eds.<\/p>\n<p><img loading=\"lazy\" decoding=\"async\" class=\"aligncenter wp-image-102894 size-large\" src=\"https:\/\/digital58.com.ve\/site\/wp-content\/uploads\/2020\/05\/earle-herrera-avn-prensa-vicepresidencia-1500x1000.jpg\" alt=\"\" width=\"1500\" height=\"1000\" srcset=\"https:\/\/digital58.com.ve\/site\/wp-content\/uploads\/2020\/05\/earle-herrera-avn-prensa-vicepresidencia-1500x1000.jpg 1500w, https:\/\/digital58.com.ve\/site\/wp-content\/uploads\/2020\/05\/earle-herrera-avn-prensa-vicepresidencia-300x200.jpg 300w, https:\/\/digital58.com.ve\/site\/wp-content\/uploads\/2020\/05\/earle-herrera-avn-prensa-vicepresidencia-768x512.jpg 768w, https:\/\/digital58.com.ve\/site\/wp-content\/uploads\/2020\/05\/earle-herrera-avn-prensa-vicepresidencia-1536x1024.jpg 1536w, https:\/\/digital58.com.ve\/site\/wp-content\/uploads\/2020\/05\/earle-herrera-avn-prensa-vicepresidencia-2048x1365.jpg 2048w, https:\/\/digital58.com.ve\/site\/wp-content\/uploads\/2020\/05\/earle-herrera-avn-prensa-vicepresidencia-720x480.jpg 720w, https:\/\/digital58.com.ve\/site\/wp-content\/uploads\/2020\/05\/earle-herrera-avn-prensa-vicepresidencia-480x320.jpg 480w, https:\/\/digital58.com.ve\/site\/wp-content\/uploads\/2020\/05\/earle-herrera-avn-prensa-vicepresidencia-scaled.jpg 800w\" sizes=\"auto, (max-width: 1500px) 100vw, 1500px\" \/><\/p>\n<p>\u00abNo hay guerra medi\u00e1tica que pueda contra la verdad. Hay que ser m\u00e1s eficientes y ser autocr\u00edticos para enmendar y superarse. Es un problema comunicacional debemos resolverlo con soberan\u00eda y contar con apoyo tecnol\u00f3gico internacional. As\u00ed como hicimos un Telesur, perfectamente podremos enfrentar cualquier reto\u00bb, expres\u00f3.<\/p>\n<p>Herrera opin\u00f3 que la oposici\u00f3n convirti\u00f3 el tema de los refugiados venezolanos en un \u00abacto macabro\u00bb y asegur\u00f3 que el dinero que los pa\u00edses han recogido para ayudar a la di\u00e1spora nunca llega a su destino.<\/p>\n<p>\u00abEllos dicen que todo es inventado por Nicol\u00e1s Maduro, para ellos \u00e9l es el malo, pero ellos hacen lo que les da la gana\u00bb, dijo.<\/p><div class=\"fevnk69f477e11bfb1\" ><p style=\"text-align: center;\"><a href=\"https:\/\/t.me\/noticiasdigital58\" target=\"_blank\" rel=\"noopener\"><img class=\"aligncenter size-full wp-image-125363\" src=\"https:\/\/digital58.com.ve\/site\/wp-content\/uploads\/2021\/04\/banner-telegram-web-2021.png\" alt=\"\" width=\"600\" height=\"90\" \/><\/a><\/p><\/div><style type=\"text\/css\">\r\n@media screen and (min-width: 1201px) {\r\n.fevnk69f477e11bfb1 {\r\ndisplay: block;\r\n}\r\n}\r\n@media screen and (min-width: 993px) and (max-width: 1200px) {\r\n.fevnk69f477e11bfb1 {\r\ndisplay: block;\r\n}\r\n}\r\n@media screen and (min-width: 769px) and (max-width: 992px) {\r\n.fevnk69f477e11bfb1 {\r\ndisplay: block;\r\n}\r\n}\r\n@media screen and (min-width: 768px) and (max-width: 768px) {\r\n.fevnk69f477e11bfb1 {\r\ndisplay: block;\r\n}\r\n}\r\n@media screen and (max-width: 767px) {\r\n.fevnk69f477e11bfb1 {\r\ndisplay: block;\r\n}\r\n}\r\n<\/style>\r\n\n<p><strong>Redacci\u00f3n: Molero, Luis (@Moleromarquez) | Fuente: Agencias<\/strong><br \/>\n<strong>Edici\u00f3n: Villasmil, Henry<\/strong><br \/>\n<strong>Gr\u00e1ficas: Cortesia<\/strong><\/p>\n<div style=\"margin-top: 0px; margin-bottom: 0px;\" class=\"sharethis-inline-share-buttons\" ><\/div>","protected":false},"excerpt":{"rendered":"<p>Seg\u00fan el constituyente Earle Herrena Juan Guaid\u00f3 es un problema para la Oposici\u00f3n, no para el Gobierno de Nicol\u00e1s Maduro<\/p>\n","protected":false},"author":26,"featured_media":102894,"comment_status":"open","ping_status":"closed","sticky":false,"template":"","format":"standard","meta":{"colormag_page_container_layout":"default_layout","colormag_page_sidebar_layout":"default_layout","_uag_custom_page_level_css":"","footnotes":""},"categories":[8610],"tags":[15135,11949,233,8605],"class_list":["post-102892","post","type-post","status-publish","format-standard","has-post-thumbnail","hentry","category-politica","tag-earle-herrera","tag-juan-guaido","tag-nacionales","tag-oposicion-venezolana"],"yoast_head":"<!-- This site is optimized with the Yoast SEO plugin v27.5 - https:\/\/yoast.com\/product\/yoast-seo-wordpress\/ -->\n<title>Earle Herrera: \u00abLa propia oposici\u00f3n considera a Juan Guaid\u00f3 un cad\u00e1ver insepulto\u00bb<\/title>\n<meta name=\"description\" content=\"Pol\u00edtica\" \/>\n<meta name=\"robots\" content=\"index, follow, max-snippet:-1, max-image-preview:large, max-video-preview:-1\" \/>\n<link rel=\"canonical\" href=\"https:\/\/digital58.com.ve\/site\/2020\/05\/27\/earle-herrera-la-propia-oposicion-considera-a-juan-guaido-un-cadaver-insepulto\/\" \/>\n<meta property=\"og:locale\" content=\"es_ES\" \/>\n<meta property=\"og:type\" content=\"article\" \/>\n<meta property=\"og:title\" content=\"Earle Herrera: \u00abLa propia oposici\u00f3n considera a Juan Guaid\u00f3 un cad\u00e1ver insepulto\u00bb\" \/>\n<meta property=\"og:description\" content=\"Pol\u00edtica\" \/>\n<meta property=\"og:url\" content=\"https:\/\/digital58.com.ve\/site\/2020\/05\/27\/earle-herrera-la-propia-oposicion-considera-a-juan-guaido-un-cadaver-insepulto\/\" \/>\n<meta property=\"og:site_name\" content=\"Noticias Digital58\" \/>\n<meta property=\"article:published_time\" content=\"2020-05-27T14:22:20+00:00\" \/>\n<meta property=\"og:image\" content=\"https:\/\/digital58.com.ve\/site\/wp-content\/uploads\/2020\/05\/earle-herrera-avn-prensa-vicepresidencia-scaled.jpg\" \/>\n\t<meta property=\"og:image:width\" content=\"2560\" \/>\n\t<meta property=\"og:image:height\" content=\"1706\" \/>\n\t<meta property=\"og:image:type\" content=\"image\/jpeg\" \/>\n<meta name=\"author\" content=\"Molero Luis\" \/>\n<meta name=\"twitter:card\" content=\"summary_large_image\" \/>\n<meta name=\"twitter:creator\" content=\"@Digital_58\" \/>\n<meta name=\"twitter:site\" content=\"@villasmilhfoto\" \/>\n<meta name=\"twitter:label1\" content=\"Escrito por\" \/>\n\t<meta name=\"twitter:data1\" content=\"Molero Luis\" \/>\n\t<meta name=\"twitter:label2\" content=\"Tiempo estimado de lectura\" \/>\n\t<meta name=\"twitter:data2\" content=\"2 minutos\" \/>\n<script type=\"application\/ld+json\" class=\"yoast-schema-graph\">{\"@context\":\"https:\\\/\\\/schema.org\",\"@graph\":[{\"@type\":\"Article\",\"@id\":\"https:\\\/\\\/digital58.com.ve\\\/site\\\/2020\\\/05\\\/27\\\/earle-herrera-la-propia-oposicion-considera-a-juan-guaido-un-cadaver-insepulto\\\/#article\",\"isPartOf\":{\"@id\":\"https:\\\/\\\/digital58.com.ve\\\/site\\\/2020\\\/05\\\/27\\\/earle-herrera-la-propia-oposicion-considera-a-juan-guaido-un-cadaver-insepulto\\\/\"},\"author\":{\"name\":\"Molero Luis\",\"@id\":\"https:\\\/\\\/digital58.com.ve\\\/site\\\/#\\\/schema\\\/person\\\/c61667ce6845137620ee3f0aaabade17\"},\"headline\":\"Earle Herrera: \u00abLa propia oposici\u00f3n considera a Juan Guaid\u00f3 un cad\u00e1ver insepulto\u00bb\",\"datePublished\":\"2020-05-27T14:22:20+00:00\",\"mainEntityOfPage\":{\"@id\":\"https:\\\/\\\/digital58.com.ve\\\/site\\\/2020\\\/05\\\/27\\\/earle-herrera-la-propia-oposicion-considera-a-juan-guaido-un-cadaver-insepulto\\\/\"},\"wordCount\":385,\"commentCount\":0,\"publisher\":{\"@id\":\"https:\\\/\\\/digital58.com.ve\\\/site\\\/#\\\/schema\\\/person\\\/64d1c2e4d0d4fd1b849980c4331c2951\"},\"image\":{\"@id\":\"https:\\\/\\\/digital58.com.ve\\\/site\\\/2020\\\/05\\\/27\\\/earle-herrera-la-propia-oposicion-considera-a-juan-guaido-un-cadaver-insepulto\\\/#primaryimage\"},\"thumbnailUrl\":\"https:\\\/\\\/digital58.com.ve\\\/site\\\/wp-content\\\/uploads\\\/2020\\\/05\\\/earle-herrera-avn-prensa-vicepresidencia-scaled.jpg\",\"keywords\":[\"Earle Herrera\",\"Juan Guaid\u00f3\",\"Nacionales\",\"Oposici\u00f3n Venezolana\"],\"articleSection\":[\"Pol\u00edtica\"],\"inLanguage\":\"es\",\"potentialAction\":[{\"@type\":\"CommentAction\",\"name\":\"Comment\",\"target\":[\"https:\\\/\\\/digital58.com.ve\\\/site\\\/2020\\\/05\\\/27\\\/earle-herrera-la-propia-oposicion-considera-a-juan-guaido-un-cadaver-insepulto\\\/#respond\"]}]},{\"@type\":\"WebPage\",\"@id\":\"https:\\\/\\\/digital58.com.ve\\\/site\\\/2020\\\/05\\\/27\\\/earle-herrera-la-propia-oposicion-considera-a-juan-guaido-un-cadaver-insepulto\\\/\",\"url\":\"https:\\\/\\\/digital58.com.ve\\\/site\\\/2020\\\/05\\\/27\\\/earle-herrera-la-propia-oposicion-considera-a-juan-guaido-un-cadaver-insepulto\\\/\",\"name\":\"Earle Herrera: \u00abLa propia oposici\u00f3n considera a Juan Guaid\u00f3 un cad\u00e1ver insepulto\u00bb\",\"isPartOf\":{\"@id\":\"https:\\\/\\\/digital58.com.ve\\\/site\\\/#website\"},\"primaryImageOfPage\":{\"@id\":\"https:\\\/\\\/digital58.com.ve\\\/site\\\/2020\\\/05\\\/27\\\/earle-herrera-la-propia-oposicion-considera-a-juan-guaido-un-cadaver-insepulto\\\/#primaryimage\"},\"image\":{\"@id\":\"https:\\\/\\\/digital58.com.ve\\\/site\\\/2020\\\/05\\\/27\\\/earle-herrera-la-propia-oposicion-considera-a-juan-guaido-un-cadaver-insepulto\\\/#primaryimage\"},\"thumbnailUrl\":\"https:\\\/\\\/digital58.com.ve\\\/site\\\/wp-content\\\/uploads\\\/2020\\\/05\\\/earle-herrera-avn-prensa-vicepresidencia-scaled.jpg\",\"datePublished\":\"2020-05-27T14:22:20+00:00\",\"description\":\"Pol\u00edtica\",\"breadcrumb\":{\"@id\":\"https:\\\/\\\/digital58.com.ve\\\/site\\\/2020\\\/05\\\/27\\\/earle-herrera-la-propia-oposicion-considera-a-juan-guaido-un-cadaver-insepulto\\\/#breadcrumb\"},\"inLanguage\":\"es\",\"potentialAction\":[{\"@type\":\"ReadAction\",\"target\":[\"https:\\\/\\\/digital58.com.ve\\\/site\\\/2020\\\/05\\\/27\\\/earle-herrera-la-propia-oposicion-considera-a-juan-guaido-un-cadaver-insepulto\\\/\"]}]},{\"@type\":\"ImageObject\",\"inLanguage\":\"es\",\"@id\":\"https:\\\/\\\/digital58.com.ve\\\/site\\\/2020\\\/05\\\/27\\\/earle-herrera-la-propia-oposicion-considera-a-juan-guaido-un-cadaver-insepulto\\\/#primaryimage\",\"url\":\"https:\\\/\\\/digital58.com.ve\\\/site\\\/wp-content\\\/uploads\\\/2020\\\/05\\\/earle-herrera-avn-prensa-vicepresidencia-scaled.jpg\",\"contentUrl\":\"https:\\\/\\\/digital58.com.ve\\\/site\\\/wp-content\\\/uploads\\\/2020\\\/05\\\/earle-herrera-avn-prensa-vicepresidencia-scaled.jpg\",\"width\":800,\"height\":533},{\"@type\":\"BreadcrumbList\",\"@id\":\"https:\\\/\\\/digital58.com.ve\\\/site\\\/2020\\\/05\\\/27\\\/earle-herrera-la-propia-oposicion-considera-a-juan-guaido-un-cadaver-insepulto\\\/#breadcrumb\",\"itemListElement\":[{\"@type\":\"ListItem\",\"position\":1,\"name\":\"Home\",\"item\":\"https:\\\/\\\/digital58.com.ve\\\/site\\\/\"},{\"@type\":\"ListItem\",\"position\":2,\"name\":\"Earle Herrera: \u00abLa propia oposici\u00f3n considera a Juan Guaid\u00f3 un cad\u00e1ver insepulto\u00bb\"}]},{\"@type\":\"WebSite\",\"@id\":\"https:\\\/\\\/digital58.com.ve\\\/site\\\/#website\",\"url\":\"https:\\\/\\\/digital58.com.ve\\\/site\\\/\",\"name\":\"Noticias Digital58\",\"description\":\"Portal de Noticias \u00a1Periodismo web de verdad! Lanzamiento web 22.11.2005 \\\/ Maracaibo, Venezuela\",\"publisher\":{\"@id\":\"https:\\\/\\\/digital58.com.ve\\\/site\\\/#\\\/schema\\\/person\\\/64d1c2e4d0d4fd1b849980c4331c2951\"},\"alternateName\":\"ND58\",\"potentialAction\":[{\"@type\":\"SearchAction\",\"target\":{\"@type\":\"EntryPoint\",\"urlTemplate\":\"https:\\\/\\\/digital58.com.ve\\\/site\\\/?s={search_term_string}\"},\"query-input\":{\"@type\":\"PropertyValueSpecification\",\"valueRequired\":true,\"valueName\":\"search_term_string\"}}],\"inLanguage\":\"es\"},{\"@type\":[\"Person\",\"Organization\"],\"@id\":\"https:\\\/\\\/digital58.com.ve\\\/site\\\/#\\\/schema\\\/person\\\/64d1c2e4d0d4fd1b849980c4331c2951\",\"name\":\"Villasmil Henry\",\"image\":{\"@type\":\"ImageObject\",\"inLanguage\":\"es\",\"@id\":\"https:\\\/\\\/secure.gravatar.com\\\/avatar\\\/bb0c4a2fcb7970138239f7e404ea75757b1b507b28b5ce4c53fbd62d797c5a7c?s=96&d=mm&r=g\",\"url\":\"https:\\\/\\\/secure.gravatar.com\\\/avatar\\\/bb0c4a2fcb7970138239f7e404ea75757b1b507b28b5ce4c53fbd62d797c5a7c?s=96&d=mm&r=g\",\"contentUrl\":\"https:\\\/\\\/secure.gravatar.com\\\/avatar\\\/bb0c4a2fcb7970138239f7e404ea75757b1b507b28b5ce4c53fbd62d797c5a7c?s=96&d=mm&r=g\",\"caption\":\"Villasmil Henry\"},\"logo\":{\"@id\":\"https:\\\/\\\/secure.gravatar.com\\\/avatar\\\/bb0c4a2fcb7970138239f7e404ea75757b1b507b28b5ce4c53fbd62d797c5a7c?s=96&d=mm&r=g\"},\"sameAs\":[\"http:\\\/\\\/www.henryvillasmil.com.ve\",\"https:\\\/\\\/www.instagram.com\\\/villasmilhfoto\\\/\",\"https:\\\/\\\/x.com\\\/https:\\\/\\\/twitter.com\\\/villasmilhfoto\"]},{\"@type\":\"Person\",\"@id\":\"https:\\\/\\\/digital58.com.ve\\\/site\\\/#\\\/schema\\\/person\\\/c61667ce6845137620ee3f0aaabade17\",\"name\":\"Molero Luis\",\"image\":{\"@type\":\"ImageObject\",\"inLanguage\":\"es\",\"@id\":\"https:\\\/\\\/secure.gravatar.com\\\/avatar\\\/bf041ec637e3e7405449807deb2f7cf3d2de7c6fa755dd56e985201de9863f2b?s=96&d=mm&r=g\",\"url\":\"https:\\\/\\\/secure.gravatar.com\\\/avatar\\\/bf041ec637e3e7405449807deb2f7cf3d2de7c6fa755dd56e985201de9863f2b?s=96&d=mm&r=g\",\"contentUrl\":\"https:\\\/\\\/secure.gravatar.com\\\/avatar\\\/bf041ec637e3e7405449807deb2f7cf3d2de7c6fa755dd56e985201de9863f2b?s=96&d=mm&r=g\",\"caption\":\"Molero Luis\"},\"url\":\"https:\\\/\\\/digital58.com.ve\\\/site\\\/author\\\/luismolero\\\/\"}]}<\/script>\n<!-- \/ Yoast SEO plugin. -->","yoast_head_json":{"title":"Earle Herrera: \u00abLa propia oposici\u00f3n considera a Juan Guaid\u00f3 un cad\u00e1ver insepulto\u00bb","description":"Pol\u00edtica","robots":{"index":"index","follow":"follow","max-snippet":"max-snippet:-1","max-image-preview":"max-image-preview:large","max-video-preview":"max-video-preview:-1"},"canonical":"https:\/\/digital58.com.ve\/site\/2020\/05\/27\/earle-herrera-la-propia-oposicion-considera-a-juan-guaido-un-cadaver-insepulto\/","og_locale":"es_ES","og_type":"article","og_title":"Earle Herrera: \u00abLa propia oposici\u00f3n considera a Juan Guaid\u00f3 un cad\u00e1ver insepulto\u00bb","og_description":"Pol\u00edtica","og_url":"https:\/\/digital58.com.ve\/site\/2020\/05\/27\/earle-herrera-la-propia-oposicion-considera-a-juan-guaido-un-cadaver-insepulto\/","og_site_name":"Noticias Digital58","article_published_time":"2020-05-27T14:22:20+00:00","og_image":[{"width":2560,"height":1706,"url":"https:\/\/digital58.com.ve\/site\/wp-content\/uploads\/2020\/05\/earle-herrera-avn-prensa-vicepresidencia-scaled.jpg","type":"image\/jpeg"}],"author":"Molero Luis","twitter_card":"summary_large_image","twitter_creator":"@Digital_58","twitter_site":"@villasmilhfoto","twitter_misc":{"Escrito por":"Molero Luis","Tiempo estimado de lectura":"2 minutos"},"schema":{"@context":"https:\/\/schema.org","@graph":[{"@type":"Article","@id":"https:\/\/digital58.com.ve\/site\/2020\/05\/27\/earle-herrera-la-propia-oposicion-considera-a-juan-guaido-un-cadaver-insepulto\/#article","isPartOf":{"@id":"https:\/\/digital58.com.ve\/site\/2020\/05\/27\/earle-herrera-la-propia-oposicion-considera-a-juan-guaido-un-cadaver-insepulto\/"},"author":{"name":"Molero Luis","@id":"https:\/\/digital58.com.ve\/site\/#\/schema\/person\/c61667ce6845137620ee3f0aaabade17"},"headline":"Earle Herrera: \u00abLa propia oposici\u00f3n considera a Juan Guaid\u00f3 un cad\u00e1ver insepulto\u00bb","datePublished":"2020-05-27T14:22:20+00:00","mainEntityOfPage":{"@id":"https:\/\/digital58.com.ve\/site\/2020\/05\/27\/earle-herrera-la-propia-oposicion-considera-a-juan-guaido-un-cadaver-insepulto\/"},"wordCount":385,"commentCount":0,"publisher":{"@id":"https:\/\/digital58.com.ve\/site\/#\/schema\/person\/64d1c2e4d0d4fd1b849980c4331c2951"},"image":{"@id":"https:\/\/digital58.com.ve\/site\/2020\/05\/27\/earle-herrera-la-propia-oposicion-considera-a-juan-guaido-un-cadaver-insepulto\/#primaryimage"},"thumbnailUrl":"https:\/\/digital58.com.ve\/site\/wp-content\/uploads\/2020\/05\/earle-herrera-avn-prensa-vicepresidencia-scaled.jpg","keywords":["Earle Herrera","Juan Guaid\u00f3","Nacionales","Oposici\u00f3n Venezolana"],"articleSection":["Pol\u00edtica"],"inLanguage":"es","potentialAction":[{"@type":"CommentAction","name":"Comment","target":["https:\/\/digital58.com.ve\/site\/2020\/05\/27\/earle-herrera-la-propia-oposicion-considera-a-juan-guaido-un-cadaver-insepulto\/#respond"]}]},{"@type":"WebPage","@id":"https:\/\/digital58.com.ve\/site\/2020\/05\/27\/earle-herrera-la-propia-oposicion-considera-a-juan-guaido-un-cadaver-insepulto\/","url":"https:\/\/digital58.com.ve\/site\/2020\/05\/27\/earle-herrera-la-propia-oposicion-considera-a-juan-guaido-un-cadaver-insepulto\/","name":"Earle Herrera: \u00abLa propia oposici\u00f3n considera a Juan Guaid\u00f3 un cad\u00e1ver insepulto\u00bb","isPartOf":{"@id":"https:\/\/digital58.com.ve\/site\/#website"},"primaryImageOfPage":{"@id":"https:\/\/digital58.com.ve\/site\/2020\/05\/27\/earle-herrera-la-propia-oposicion-considera-a-juan-guaido-un-cadaver-insepulto\/#primaryimage"},"image":{"@id":"https:\/\/digital58.com.ve\/site\/2020\/05\/27\/earle-herrera-la-propia-oposicion-considera-a-juan-guaido-un-cadaver-insepulto\/#primaryimage"},"thumbnailUrl":"https:\/\/digital58.com.ve\/site\/wp-content\/uploads\/2020\/05\/earle-herrera-avn-prensa-vicepresidencia-scaled.jpg","datePublished":"2020-05-27T14:22:20+00:00","description":"Pol\u00edtica","breadcrumb":{"@id":"https:\/\/digital58.com.ve\/site\/2020\/05\/27\/earle-herrera-la-propia-oposicion-considera-a-juan-guaido-un-cadaver-insepulto\/#breadcrumb"},"inLanguage":"es","potentialAction":[{"@type":"ReadAction","target":["https:\/\/digital58.com.ve\/site\/2020\/05\/27\/earle-herrera-la-propia-oposicion-considera-a-juan-guaido-un-cadaver-insepulto\/"]}]},{"@type":"ImageObject","inLanguage":"es","@id":"https:\/\/digital58.com.ve\/site\/2020\/05\/27\/earle-herrera-la-propia-oposicion-considera-a-juan-guaido-un-cadaver-insepulto\/#primaryimage","url":"https:\/\/digital58.com.ve\/site\/wp-content\/uploads\/2020\/05\/earle-herrera-avn-prensa-vicepresidencia-scaled.jpg","contentUrl":"https:\/\/digital58.com.ve\/site\/wp-content\/uploads\/2020\/05\/earle-herrera-avn-prensa-vicepresidencia-scaled.jpg","width":800,"height":533},{"@type":"BreadcrumbList","@id":"https:\/\/digital58.com.ve\/site\/2020\/05\/27\/earle-herrera-la-propia-oposicion-considera-a-juan-guaido-un-cadaver-insepulto\/#breadcrumb","itemListElement":[{"@type":"ListItem","position":1,"name":"Home","item":"https:\/\/digital58.com.ve\/site\/"},{"@type":"ListItem","position":2,"name":"Earle Herrera: \u00abLa propia oposici\u00f3n considera a Juan Guaid\u00f3 un cad\u00e1ver insepulto\u00bb"}]},{"@type":"WebSite","@id":"https:\/\/digital58.com.ve\/site\/#website","url":"https:\/\/digital58.com.ve\/site\/","name":"Noticias Digital58","description":"Portal de Noticias \u00a1Periodismo web de verdad! Lanzamiento web 22.11.2005 \/ Maracaibo, Venezuela","publisher":{"@id":"https:\/\/digital58.com.ve\/site\/#\/schema\/person\/64d1c2e4d0d4fd1b849980c4331c2951"},"alternateName":"ND58","potentialAction":[{"@type":"SearchAction","target":{"@type":"EntryPoint","urlTemplate":"https:\/\/digital58.com.ve\/site\/?s={search_term_string}"},"query-input":{"@type":"PropertyValueSpecification","valueRequired":true,"valueName":"search_term_string"}}],"inLanguage":"es"},{"@type":["Person","Organization"],"@id":"https:\/\/digital58.com.ve\/site\/#\/schema\/person\/64d1c2e4d0d4fd1b849980c4331c2951","name":"Villasmil Henry","image":{"@type":"ImageObject","inLanguage":"es","@id":"https:\/\/secure.gravatar.com\/avatar\/bb0c4a2fcb7970138239f7e404ea75757b1b507b28b5ce4c53fbd62d797c5a7c?s=96&d=mm&r=g","url":"https:\/\/secure.gravatar.com\/avatar\/bb0c4a2fcb7970138239f7e404ea75757b1b507b28b5ce4c53fbd62d797c5a7c?s=96&d=mm&r=g","contentUrl":"https:\/\/secure.gravatar.com\/avatar\/bb0c4a2fcb7970138239f7e404ea75757b1b507b28b5ce4c53fbd62d797c5a7c?s=96&d=mm&r=g","caption":"Villasmil Henry"},"logo":{"@id":"https:\/\/secure.gravatar.com\/avatar\/bb0c4a2fcb7970138239f7e404ea75757b1b507b28b5ce4c53fbd62d797c5a7c?s=96&d=mm&r=g"},"sameAs":["http:\/\/www.henryvillasmil.com.ve","https:\/\/www.instagram.com\/villasmilhfoto\/","https:\/\/x.com\/https:\/\/twitter.com\/villasmilhfoto"]},{"@type":"Person","@id":"https:\/\/digital58.com.ve\/site\/#\/schema\/person\/c61667ce6845137620ee3f0aaabade17","name":"Molero Luis","image":{"@type":"ImageObject","inLanguage":"es","@id":"https:\/\/secure.gravatar.com\/avatar\/bf041ec637e3e7405449807deb2f7cf3d2de7c6fa755dd56e985201de9863f2b?s=96&d=mm&r=g","url":"https:\/\/secure.gravatar.com\/avatar\/bf041ec637e3e7405449807deb2f7cf3d2de7c6fa755dd56e985201de9863f2b?s=96&d=mm&r=g","contentUrl":"https:\/\/secure.gravatar.com\/avatar\/bf041ec637e3e7405449807deb2f7cf3d2de7c6fa755dd56e985201de9863f2b?s=96&d=mm&r=g","caption":"Molero Luis"},"url":"https:\/\/digital58.com.ve\/site\/author\/luismolero\/"}]}},"uagb_featured_image_src":{"full":["https:\/\/digital58.com.ve\/site\/wp-content\/uploads\/2020\/05\/earle-herrera-avn-prensa-vicepresidencia-scaled.jpg",800,533,false],"thumbnail":["https:\/\/digital58.com.ve\/site\/wp-content\/uploads\/2020\/05\/earle-herrera-avn-prensa-vicepresidencia-150x150.jpg",150,150,true],"medium":["https:\/\/digital58.com.ve\/site\/wp-content\/uploads\/2020\/05\/earle-herrera-avn-prensa-vicepresidencia-300x200.jpg",300,200,true],"medium_large":["https:\/\/digital58.com.ve\/site\/wp-content\/uploads\/2020\/05\/earle-herrera-avn-prensa-vicepresidencia-768x512.jpg",768,512,true],"large":["https:\/\/digital58.com.ve\/site\/wp-content\/uploads\/2020\/05\/earle-herrera-avn-prensa-vicepresidencia-1500x1000.jpg",800,533,true],"1536x1536":["https:\/\/digital58.com.ve\/site\/wp-content\/uploads\/2020\/05\/earle-herrera-avn-prensa-vicepresidencia-1536x1024.jpg",1536,1024,true],"2048x2048":["https:\/\/digital58.com.ve\/site\/wp-content\/uploads\/2020\/05\/earle-herrera-avn-prensa-vicepresidencia-2048x1365.jpg",2048,1365,true],"colormag-highlighted-post":["https:\/\/digital58.com.ve\/site\/wp-content\/uploads\/2020\/05\/earle-herrera-avn-prensa-vicepresidencia-scaled.jpg",392,261,false],"colormag-featured-post-medium":["https:\/\/digital58.com.ve\/site\/wp-content\/uploads\/2020\/05\/earle-herrera-avn-prensa-vicepresidencia-scaled.jpg",308,205,false],"colormag-featured-post-small":["https:\/\/digital58.com.ve\/site\/wp-content\/uploads\/2020\/05\/earle-herrera-avn-prensa-vicepresidencia-scaled.jpg",130,87,false],"colormag-featured-image":["https:\/\/digital58.com.ve\/site\/wp-content\/uploads\/2020\/05\/earle-herrera-avn-prensa-vicepresidencia-scaled.jpg",668,445,false],"colormag-default-news":["https:\/\/digital58.com.ve\/site\/wp-content\/uploads\/2020\/05\/earle-herrera-avn-prensa-vicepresidencia-scaled.jpg",150,100,false],"colormag-featured-image-large":["https:\/\/digital58.com.ve\/site\/wp-content\/uploads\/2020\/05\/earle-herrera-avn-prensa-vicepresidencia-scaled.jpg",800,533,false]},"uagb_author_info":{"display_name":"Molero Luis","author_link":"https:\/\/digital58.com.ve\/site\/author\/luismolero\/"},"uagb_comment_info":0,"uagb_excerpt":"Seg\u00fan el constituyente Earle Herrena Juan Guaid\u00f3 es un problema para la Oposici\u00f3n, no para el Gobierno de Nicol\u00e1s Maduro","_links":{"self":[{"href":"https:\/\/digital58.com.ve\/site\/wp-json\/wp\/v2\/posts\/102892","targetHints":{"allow":["GET"]}}],"collection":[{"href":"https:\/\/digital58.com.ve\/site\/wp-json\/wp\/v2\/posts"}],"about":[{"href":"https:\/\/digital58.com.ve\/site\/wp-json\/wp\/v2\/types\/post"}],"author":[{"embeddable":true,"href":"https:\/\/digital58.com.ve\/site\/wp-json\/wp\/v2\/users\/26"}],"replies":[{"embeddable":true,"href":"https:\/\/digital58.com.ve\/site\/wp-json\/wp\/v2\/comments?post=102892"}],"version-history":[{"count":0,"href":"https:\/\/digital58.com.ve\/site\/wp-json\/wp\/v2\/posts\/102892\/revisions"}],"wp:featuredmedia":[{"embeddable":true,"href":"https:\/\/digital58.com.ve\/site\/wp-json\/wp\/v2\/media\/102894"}],"wp:attachment":[{"href":"https:\/\/digital58.com.ve\/site\/wp-json\/wp\/v2\/media?parent=102892"}],"wp:term":[{"taxonomy":"category","embeddable":true,"href":"https:\/\/digital58.com.ve\/site\/wp-json\/wp\/v2\/categories?post=102892"},{"taxonomy":"post_tag","embeddable":true,"href":"https:\/\/digital58.com.ve\/site\/wp-json\/wp\/v2\/tags?post=102892"}],"curies":[{"name":"wp","href":"https:\/\/api.w.org\/{rel}","templated":true}]}}