{"id":103100,"date":"2020-05-28T18:02:17","date_gmt":"2020-05-28T22:02:17","guid":{"rendered":"https:\/\/digital58.com.ve\/site\/?p=103100"},"modified":"2020-05-28T18:02:17","modified_gmt":"2020-05-28T22:02:17","slug":"onu-quiere-mas-alivio-en-carga-de-la-deuda-e-insta-a-fmi-a-pensar-en-alza-de-liquidez","status":"publish","type":"post","link":"https:\/\/digital58.com.ve\/site\/2020\/05\/28\/onu-quiere-mas-alivio-en-carga-de-la-deuda-e-insta-a-fmi-a-pensar-en-alza-de-liquidez\/","title":{"rendered":"ONU quiere m\u00e1s alivio en carga de la deuda e insta a FMI a pensar en alza de liquidez"},"content":{"rendered":"<p><a href=\"https:\/\/digital58.com.ve\/site\/wp-content\/uploads\/2020\/05\/oms-28.jpg\"><img loading=\"lazy\" decoding=\"async\" class=\"aligncenter size-full wp-image-103101\" src=\"https:\/\/digital58.com.ve\/site\/wp-content\/uploads\/2020\/05\/oms-28.jpg\" alt=\"\" width=\"800\" height=\"536\" srcset=\"https:\/\/digital58.com.ve\/site\/wp-content\/uploads\/2020\/05\/oms-28.jpg 800w, https:\/\/digital58.com.ve\/site\/wp-content\/uploads\/2020\/05\/oms-28-300x201.jpg 300w, https:\/\/digital58.com.ve\/site\/wp-content\/uploads\/2020\/05\/oms-28-768x515.jpg 768w\" sizes=\"auto, (max-width: 800px) 100vw, 800px\" \/><\/a><\/p>\n<p>El jefe de la ONU, Antonio Guterres, pidi\u00f3 el jueves que se ofrezca alivio de deuda a todos los pa\u00edses en desarrollo y de ingresos medios por la pandemia del coronavirus, e inst\u00f3 al FMI a considerar un aumento de la liquidez mundial mediante la emisi\u00f3n de nuevos Derechos Especiales de Giro (DEG).<\/p>\n<p><strong>Internacionales, 28 de mayo de 2020 (ND58).-<\/strong> \u00abEl alivio de la deuda aplastante no puede limitarse a los pa\u00edses menos desarrollados\u00bb, dijo Guterres en una reuni\u00f3n de alto nivel de la ONU sobre las consecuencias econ\u00f3micas de la pandemia. \u00abDebe extenderse a todos los pa\u00edses en desarrollo y de ingresos medios que soliciten apoyo al perder el acceso a los mercados financieros\u00bb.<\/p>\n<p>Las econom\u00edas en desarrollo del mundo <span class=\"st\">\u2014<\/span>que ya afrontan una carga de la deuda en r\u00e1pido crecimiento<span class=\"st\">\u2014<\/span> deben ahora enfrentar un descenso mundial sin precedentes de los precios de sus exportaciones de petr\u00f3leo y materias primas, lo que debilita las monedas locales.<\/p>\n<p>\u00abMuchos pa\u00edses en desarrollo y de ingresos medios son muy vulnerables y ya est\u00e1n en problemas de deuda, o pronto lo estar\u00e1n, debido a la recesi\u00f3n global\u00bb, dijo Guterres.<\/p>\n<p>El Grupo de las 20 principales econom\u00edas del mundo, incluida China, ofreci\u00f3 en abril suspender los pagos de la deuda bilateral de los 77 pa\u00edses m\u00e1s pobres durante el resto del a\u00f1o.<\/p>\n<p>El presidente del Banco Mundial, David Malpass, dijo en la conferencia que alrededor de la mitad de los pa\u00edses elegibles participaban hasta ahora, pero que se necesita un alivio de la deuda a largo plazo. Muchos necesitar\u00edan una reducci\u00f3n permanente y significativa de la deuda para capear la crisis, a\u00f1adi\u00f3.<\/p>\n<p>El enviado especial de la Uni\u00f3n Africana, Tidjane Thiam, se hizo eco de las preocupaciones e inst\u00f3 a que se suspendiera la deuda durante dos a\u00f1os.<\/p>\n<p>El nuevo brote de coronavirus, que surgi\u00f3 por primera vez en China a finales del a\u00f1o pasado, ha infectado a millones y ha matado a cientos de miles de personas en todo el mundo.<\/p>\n<p>En la reuni\u00f3n de la ONU del mi\u00e9rcoles, la canciller alemana Angela Merkel apoy\u00f3 el llamado de Guterres para que el FMI considere una mayor asignaci\u00f3n de DEG.<\/p>\n<p>La directora gerente del FMI, Kristalina Georgieva, propuso una nueva asignaci\u00f3n de DEG, similar a la impresi\u00f3n de un banco central de dinero nuevo, al comienzo de la crisis, pero la propuesta ha sido bloqueada por los Estados Unidos, el mayor accionista del FMI.<\/p><div class=\"lmbrk69f0b1318143f\" ><p style=\"text-align: center;\"><a href=\"https:\/\/t.me\/noticiasdigital58\" target=\"_blank\" rel=\"noopener\"><img class=\"aligncenter size-full wp-image-125363\" src=\"https:\/\/digital58.com.ve\/site\/wp-content\/uploads\/2021\/04\/banner-telegram-web-2021.png\" alt=\"\" width=\"600\" height=\"90\" \/><\/a><\/p><\/div><style type=\"text\/css\">\r\n@media screen and (min-width: 1201px) {\r\n.lmbrk69f0b1318143f {\r\ndisplay: block;\r\n}\r\n}\r\n@media screen and (min-width: 993px) and (max-width: 1200px) {\r\n.lmbrk69f0b1318143f {\r\ndisplay: block;\r\n}\r\n}\r\n@media screen and (min-width: 769px) and (max-width: 992px) {\r\n.lmbrk69f0b1318143f {\r\ndisplay: block;\r\n}\r\n}\r\n@media screen and (min-width: 768px) and (max-width: 768px) {\r\n.lmbrk69f0b1318143f {\r\ndisplay: block;\r\n}\r\n}\r\n@media screen and (max-width: 767px) {\r\n.lmbrk69f0b1318143f {\r\ndisplay: block;\r\n}\r\n}\r\n<\/style>\r\n\n<p><strong>Fuente: Michelle Nichols \/ Reuters<\/strong><br \/>\n<strong>Edici\u00f3n: Villasmil, Henry<\/strong><br \/>\n<strong>Gr\u00e1fica: Reuters<\/strong><\/p>\n<div style=\"margin-top: 0px; margin-bottom: 0px;\" class=\"sharethis-inline-share-buttons\" ><\/div>","protected":false},"excerpt":{"rendered":"<p>El jefe de la ONU, Antonio Guterres, pidi\u00f3 el jueves que se ofrezca alivio de deuda a todos los pa\u00edses<\/p>\n","protected":false},"author":1,"featured_media":103101,"comment_status":"open","ping_status":"closed","sticky":false,"template":"","format":"standard","meta":{"colormag_page_container_layout":"default_layout","colormag_page_sidebar_layout":"default_layout","_uag_custom_page_level_css":"","footnotes":""},"categories":[14499,5405],"tags":[14778,13352,13648,14472,8,550,13723],"class_list":["post-103100","post","type-post","status-publish","format-standard","has-post-thumbnail","hentry","category-economia","category-salud","tag-antonio-guterres","tag-coronavirus","tag-covid-19","tag-fmi","tag-internacionales","tag-oms","tag-pandemia"],"yoast_head":"<!-- This site is optimized with the Yoast SEO plugin v27.5 - https:\/\/yoast.com\/product\/yoast-seo-wordpress\/ -->\n<title>ONU quiere m\u00e1s alivio en carga de la deuda e insta a FMI a pensar en alza de liquidez<\/title>\n<meta name=\"description\" content=\"Salud\" \/>\n<meta name=\"robots\" content=\"index, follow, max-snippet:-1, max-image-preview:large, max-video-preview:-1\" \/>\n<link rel=\"canonical\" href=\"https:\/\/digital58.com.ve\/site\/2020\/05\/28\/onu-quiere-mas-alivio-en-carga-de-la-deuda-e-insta-a-fmi-a-pensar-en-alza-de-liquidez\/\" \/>\n<meta property=\"og:locale\" content=\"es_ES\" \/>\n<meta property=\"og:type\" content=\"article\" \/>\n<meta property=\"og:title\" content=\"ONU quiere m\u00e1s alivio en carga de la deuda e insta a FMI a pensar en alza de liquidez\" \/>\n<meta property=\"og:description\" content=\"Salud\" \/>\n<meta property=\"og:url\" content=\"https:\/\/digital58.com.ve\/site\/2020\/05\/28\/onu-quiere-mas-alivio-en-carga-de-la-deuda-e-insta-a-fmi-a-pensar-en-alza-de-liquidez\/\" \/>\n<meta property=\"og:site_name\" content=\"Noticias Digital58\" \/>\n<meta property=\"article:published_time\" content=\"2020-05-28T22:02:17+00:00\" \/>\n<meta property=\"og:image\" content=\"https:\/\/digital58.com.ve\/site\/wp-content\/uploads\/2020\/05\/oms-28.jpg\" \/>\n\t<meta property=\"og:image:width\" content=\"800\" \/>\n\t<meta property=\"og:image:height\" content=\"536\" \/>\n\t<meta property=\"og:image:type\" content=\"image\/jpeg\" \/>\n<meta name=\"author\" content=\"Villasmil Henry\" \/>\n<meta name=\"twitter:card\" content=\"summary_large_image\" \/>\n<meta name=\"twitter:creator\" content=\"@https:\/\/twitter.com\/villasmilhfoto\" \/>\n<meta name=\"twitter:site\" content=\"@villasmilhfoto\" \/>\n<meta name=\"twitter:label1\" content=\"Escrito por\" \/>\n\t<meta name=\"twitter:data1\" content=\"Villasmil Henry\" \/>\n\t<meta name=\"twitter:label2\" content=\"Tiempo estimado de lectura\" \/>\n\t<meta name=\"twitter:data2\" content=\"2 minutos\" \/>\n<script type=\"application\/ld+json\" class=\"yoast-schema-graph\">{\"@context\":\"https:\\\/\\\/schema.org\",\"@graph\":[{\"@type\":\"Article\",\"@id\":\"https:\\\/\\\/digital58.com.ve\\\/site\\\/2020\\\/05\\\/28\\\/onu-quiere-mas-alivio-en-carga-de-la-deuda-e-insta-a-fmi-a-pensar-en-alza-de-liquidez\\\/#article\",\"isPartOf\":{\"@id\":\"https:\\\/\\\/digital58.com.ve\\\/site\\\/2020\\\/05\\\/28\\\/onu-quiere-mas-alivio-en-carga-de-la-deuda-e-insta-a-fmi-a-pensar-en-alza-de-liquidez\\\/\"},\"author\":{\"name\":\"Villasmil Henry\",\"@id\":\"https:\\\/\\\/digital58.com.ve\\\/site\\\/#\\\/schema\\\/person\\\/64d1c2e4d0d4fd1b849980c4331c2951\"},\"headline\":\"ONU quiere m\u00e1s alivio en carga de la deuda e insta a FMI a pensar en alza de liquidez\",\"datePublished\":\"2020-05-28T22:02:17+00:00\",\"mainEntityOfPage\":{\"@id\":\"https:\\\/\\\/digital58.com.ve\\\/site\\\/2020\\\/05\\\/28\\\/onu-quiere-mas-alivio-en-carga-de-la-deuda-e-insta-a-fmi-a-pensar-en-alza-de-liquidez\\\/\"},\"wordCount\":457,\"commentCount\":0,\"publisher\":{\"@id\":\"https:\\\/\\\/digital58.com.ve\\\/site\\\/#\\\/schema\\\/person\\\/64d1c2e4d0d4fd1b849980c4331c2951\"},\"image\":{\"@id\":\"https:\\\/\\\/digital58.com.ve\\\/site\\\/2020\\\/05\\\/28\\\/onu-quiere-mas-alivio-en-carga-de-la-deuda-e-insta-a-fmi-a-pensar-en-alza-de-liquidez\\\/#primaryimage\"},\"thumbnailUrl\":\"https:\\\/\\\/digital58.com.ve\\\/site\\\/wp-content\\\/uploads\\\/2020\\\/05\\\/oms-28.jpg\",\"keywords\":[\"Ant\u00f3nio Guterres\",\"Coronavirus\",\"COVID-19\",\"FMI\",\"Internacionales\",\"OMS\",\"Pandemia\"],\"articleSection\":[\"Econom\u00eda\",\"Salud\"],\"inLanguage\":\"es\",\"potentialAction\":[{\"@type\":\"CommentAction\",\"name\":\"Comment\",\"target\":[\"https:\\\/\\\/digital58.com.ve\\\/site\\\/2020\\\/05\\\/28\\\/onu-quiere-mas-alivio-en-carga-de-la-deuda-e-insta-a-fmi-a-pensar-en-alza-de-liquidez\\\/#respond\"]}]},{\"@type\":\"WebPage\",\"@id\":\"https:\\\/\\\/digital58.com.ve\\\/site\\\/2020\\\/05\\\/28\\\/onu-quiere-mas-alivio-en-carga-de-la-deuda-e-insta-a-fmi-a-pensar-en-alza-de-liquidez\\\/\",\"url\":\"https:\\\/\\\/digital58.com.ve\\\/site\\\/2020\\\/05\\\/28\\\/onu-quiere-mas-alivio-en-carga-de-la-deuda-e-insta-a-fmi-a-pensar-en-alza-de-liquidez\\\/\",\"name\":\"ONU quiere m\u00e1s alivio en carga de la deuda e insta a FMI a pensar en alza de liquidez\",\"isPartOf\":{\"@id\":\"https:\\\/\\\/digital58.com.ve\\\/site\\\/#website\"},\"primaryImageOfPage\":{\"@id\":\"https:\\\/\\\/digital58.com.ve\\\/site\\\/2020\\\/05\\\/28\\\/onu-quiere-mas-alivio-en-carga-de-la-deuda-e-insta-a-fmi-a-pensar-en-alza-de-liquidez\\\/#primaryimage\"},\"image\":{\"@id\":\"https:\\\/\\\/digital58.com.ve\\\/site\\\/2020\\\/05\\\/28\\\/onu-quiere-mas-alivio-en-carga-de-la-deuda-e-insta-a-fmi-a-pensar-en-alza-de-liquidez\\\/#primaryimage\"},\"thumbnailUrl\":\"https:\\\/\\\/digital58.com.ve\\\/site\\\/wp-content\\\/uploads\\\/2020\\\/05\\\/oms-28.jpg\",\"datePublished\":\"2020-05-28T22:02:17+00:00\",\"description\":\"Salud\",\"breadcrumb\":{\"@id\":\"https:\\\/\\\/digital58.com.ve\\\/site\\\/2020\\\/05\\\/28\\\/onu-quiere-mas-alivio-en-carga-de-la-deuda-e-insta-a-fmi-a-pensar-en-alza-de-liquidez\\\/#breadcrumb\"},\"inLanguage\":\"es\",\"potentialAction\":[{\"@type\":\"ReadAction\",\"target\":[\"https:\\\/\\\/digital58.com.ve\\\/site\\\/2020\\\/05\\\/28\\\/onu-quiere-mas-alivio-en-carga-de-la-deuda-e-insta-a-fmi-a-pensar-en-alza-de-liquidez\\\/\"]}]},{\"@type\":\"ImageObject\",\"inLanguage\":\"es\",\"@id\":\"https:\\\/\\\/digital58.com.ve\\\/site\\\/2020\\\/05\\\/28\\\/onu-quiere-mas-alivio-en-carga-de-la-deuda-e-insta-a-fmi-a-pensar-en-alza-de-liquidez\\\/#primaryimage\",\"url\":\"https:\\\/\\\/digital58.com.ve\\\/site\\\/wp-content\\\/uploads\\\/2020\\\/05\\\/oms-28.jpg\",\"contentUrl\":\"https:\\\/\\\/digital58.com.ve\\\/site\\\/wp-content\\\/uploads\\\/2020\\\/05\\\/oms-28.jpg\",\"width\":800,\"height\":536},{\"@type\":\"BreadcrumbList\",\"@id\":\"https:\\\/\\\/digital58.com.ve\\\/site\\\/2020\\\/05\\\/28\\\/onu-quiere-mas-alivio-en-carga-de-la-deuda-e-insta-a-fmi-a-pensar-en-alza-de-liquidez\\\/#breadcrumb\",\"itemListElement\":[{\"@type\":\"ListItem\",\"position\":1,\"name\":\"Home\",\"item\":\"https:\\\/\\\/digital58.com.ve\\\/site\\\/\"},{\"@type\":\"ListItem\",\"position\":2,\"name\":\"ONU quiere m\u00e1s alivio en carga de la deuda e insta a FMI a pensar en alza de liquidez\"}]},{\"@type\":\"WebSite\",\"@id\":\"https:\\\/\\\/digital58.com.ve\\\/site\\\/#website\",\"url\":\"https:\\\/\\\/digital58.com.ve\\\/site\\\/\",\"name\":\"Noticias Digital58\",\"description\":\"Portal de Noticias \u00a1Periodismo web de verdad! Lanzamiento web 22.11.2005 \\\/ Maracaibo, Venezuela\",\"publisher\":{\"@id\":\"https:\\\/\\\/digital58.com.ve\\\/site\\\/#\\\/schema\\\/person\\\/64d1c2e4d0d4fd1b849980c4331c2951\"},\"alternateName\":\"ND58\",\"potentialAction\":[{\"@type\":\"SearchAction\",\"target\":{\"@type\":\"EntryPoint\",\"urlTemplate\":\"https:\\\/\\\/digital58.com.ve\\\/site\\\/?s={search_term_string}\"},\"query-input\":{\"@type\":\"PropertyValueSpecification\",\"valueRequired\":true,\"valueName\":\"search_term_string\"}}],\"inLanguage\":\"es\"},{\"@type\":[\"Person\",\"Organization\"],\"@id\":\"https:\\\/\\\/digital58.com.ve\\\/site\\\/#\\\/schema\\\/person\\\/64d1c2e4d0d4fd1b849980c4331c2951\",\"name\":\"Villasmil Henry\",\"image\":{\"@type\":\"ImageObject\",\"inLanguage\":\"es\",\"@id\":\"https:\\\/\\\/secure.gravatar.com\\\/avatar\\\/bb0c4a2fcb7970138239f7e404ea75757b1b507b28b5ce4c53fbd62d797c5a7c?s=96&d=mm&r=g\",\"url\":\"https:\\\/\\\/secure.gravatar.com\\\/avatar\\\/bb0c4a2fcb7970138239f7e404ea75757b1b507b28b5ce4c53fbd62d797c5a7c?s=96&d=mm&r=g\",\"contentUrl\":\"https:\\\/\\\/secure.gravatar.com\\\/avatar\\\/bb0c4a2fcb7970138239f7e404ea75757b1b507b28b5ce4c53fbd62d797c5a7c?s=96&d=mm&r=g\",\"caption\":\"Villasmil Henry\"},\"logo\":{\"@id\":\"https:\\\/\\\/secure.gravatar.com\\\/avatar\\\/bb0c4a2fcb7970138239f7e404ea75757b1b507b28b5ce4c53fbd62d797c5a7c?s=96&d=mm&r=g\"},\"sameAs\":[\"http:\\\/\\\/www.henryvillasmil.com.ve\",\"https:\\\/\\\/www.instagram.com\\\/villasmilhfoto\\\/\",\"https:\\\/\\\/x.com\\\/https:\\\/\\\/twitter.com\\\/villasmilhfoto\"],\"url\":\"https:\\\/\\\/digital58.com.ve\\\/site\\\/author\\\/droopy_68\\\/\"}]}<\/script>\n<!-- \/ Yoast SEO plugin. -->","yoast_head_json":{"title":"ONU quiere m\u00e1s alivio en carga de la deuda e insta a FMI a pensar en alza de liquidez","description":"Salud","robots":{"index":"index","follow":"follow","max-snippet":"max-snippet:-1","max-image-preview":"max-image-preview:large","max-video-preview":"max-video-preview:-1"},"canonical":"https:\/\/digital58.com.ve\/site\/2020\/05\/28\/onu-quiere-mas-alivio-en-carga-de-la-deuda-e-insta-a-fmi-a-pensar-en-alza-de-liquidez\/","og_locale":"es_ES","og_type":"article","og_title":"ONU quiere m\u00e1s alivio en carga de la deuda e insta a FMI a pensar en alza de liquidez","og_description":"Salud","og_url":"https:\/\/digital58.com.ve\/site\/2020\/05\/28\/onu-quiere-mas-alivio-en-carga-de-la-deuda-e-insta-a-fmi-a-pensar-en-alza-de-liquidez\/","og_site_name":"Noticias Digital58","article_published_time":"2020-05-28T22:02:17+00:00","og_image":[{"width":800,"height":536,"url":"https:\/\/digital58.com.ve\/site\/wp-content\/uploads\/2020\/05\/oms-28.jpg","type":"image\/jpeg"}],"author":"Villasmil Henry","twitter_card":"summary_large_image","twitter_creator":"@https:\/\/twitter.com\/villasmilhfoto","twitter_site":"@villasmilhfoto","twitter_misc":{"Escrito por":"Villasmil Henry","Tiempo estimado de lectura":"2 minutos"},"schema":{"@context":"https:\/\/schema.org","@graph":[{"@type":"Article","@id":"https:\/\/digital58.com.ve\/site\/2020\/05\/28\/onu-quiere-mas-alivio-en-carga-de-la-deuda-e-insta-a-fmi-a-pensar-en-alza-de-liquidez\/#article","isPartOf":{"@id":"https:\/\/digital58.com.ve\/site\/2020\/05\/28\/onu-quiere-mas-alivio-en-carga-de-la-deuda-e-insta-a-fmi-a-pensar-en-alza-de-liquidez\/"},"author":{"name":"Villasmil Henry","@id":"https:\/\/digital58.com.ve\/site\/#\/schema\/person\/64d1c2e4d0d4fd1b849980c4331c2951"},"headline":"ONU quiere m\u00e1s alivio en carga de la deuda e insta a FMI a pensar en alza de liquidez","datePublished":"2020-05-28T22:02:17+00:00","mainEntityOfPage":{"@id":"https:\/\/digital58.com.ve\/site\/2020\/05\/28\/onu-quiere-mas-alivio-en-carga-de-la-deuda-e-insta-a-fmi-a-pensar-en-alza-de-liquidez\/"},"wordCount":457,"commentCount":0,"publisher":{"@id":"https:\/\/digital58.com.ve\/site\/#\/schema\/person\/64d1c2e4d0d4fd1b849980c4331c2951"},"image":{"@id":"https:\/\/digital58.com.ve\/site\/2020\/05\/28\/onu-quiere-mas-alivio-en-carga-de-la-deuda-e-insta-a-fmi-a-pensar-en-alza-de-liquidez\/#primaryimage"},"thumbnailUrl":"https:\/\/digital58.com.ve\/site\/wp-content\/uploads\/2020\/05\/oms-28.jpg","keywords":["Ant\u00f3nio Guterres","Coronavirus","COVID-19","FMI","Internacionales","OMS","Pandemia"],"articleSection":["Econom\u00eda","Salud"],"inLanguage":"es","potentialAction":[{"@type":"CommentAction","name":"Comment","target":["https:\/\/digital58.com.ve\/site\/2020\/05\/28\/onu-quiere-mas-alivio-en-carga-de-la-deuda-e-insta-a-fmi-a-pensar-en-alza-de-liquidez\/#respond"]}]},{"@type":"WebPage","@id":"https:\/\/digital58.com.ve\/site\/2020\/05\/28\/onu-quiere-mas-alivio-en-carga-de-la-deuda-e-insta-a-fmi-a-pensar-en-alza-de-liquidez\/","url":"https:\/\/digital58.com.ve\/site\/2020\/05\/28\/onu-quiere-mas-alivio-en-carga-de-la-deuda-e-insta-a-fmi-a-pensar-en-alza-de-liquidez\/","name":"ONU quiere m\u00e1s alivio en carga de la deuda e insta a FMI a pensar en alza de liquidez","isPartOf":{"@id":"https:\/\/digital58.com.ve\/site\/#website"},"primaryImageOfPage":{"@id":"https:\/\/digital58.com.ve\/site\/2020\/05\/28\/onu-quiere-mas-alivio-en-carga-de-la-deuda-e-insta-a-fmi-a-pensar-en-alza-de-liquidez\/#primaryimage"},"image":{"@id":"https:\/\/digital58.com.ve\/site\/2020\/05\/28\/onu-quiere-mas-alivio-en-carga-de-la-deuda-e-insta-a-fmi-a-pensar-en-alza-de-liquidez\/#primaryimage"},"thumbnailUrl":"https:\/\/digital58.com.ve\/site\/wp-content\/uploads\/2020\/05\/oms-28.jpg","datePublished":"2020-05-28T22:02:17+00:00","description":"Salud","breadcrumb":{"@id":"https:\/\/digital58.com.ve\/site\/2020\/05\/28\/onu-quiere-mas-alivio-en-carga-de-la-deuda-e-insta-a-fmi-a-pensar-en-alza-de-liquidez\/#breadcrumb"},"inLanguage":"es","potentialAction":[{"@type":"ReadAction","target":["https:\/\/digital58.com.ve\/site\/2020\/05\/28\/onu-quiere-mas-alivio-en-carga-de-la-deuda-e-insta-a-fmi-a-pensar-en-alza-de-liquidez\/"]}]},{"@type":"ImageObject","inLanguage":"es","@id":"https:\/\/digital58.com.ve\/site\/2020\/05\/28\/onu-quiere-mas-alivio-en-carga-de-la-deuda-e-insta-a-fmi-a-pensar-en-alza-de-liquidez\/#primaryimage","url":"https:\/\/digital58.com.ve\/site\/wp-content\/uploads\/2020\/05\/oms-28.jpg","contentUrl":"https:\/\/digital58.com.ve\/site\/wp-content\/uploads\/2020\/05\/oms-28.jpg","width":800,"height":536},{"@type":"BreadcrumbList","@id":"https:\/\/digital58.com.ve\/site\/2020\/05\/28\/onu-quiere-mas-alivio-en-carga-de-la-deuda-e-insta-a-fmi-a-pensar-en-alza-de-liquidez\/#breadcrumb","itemListElement":[{"@type":"ListItem","position":1,"name":"Home","item":"https:\/\/digital58.com.ve\/site\/"},{"@type":"ListItem","position":2,"name":"ONU quiere m\u00e1s alivio en carga de la deuda e insta a FMI a pensar en alza de liquidez"}]},{"@type":"WebSite","@id":"https:\/\/digital58.com.ve\/site\/#website","url":"https:\/\/digital58.com.ve\/site\/","name":"Noticias Digital58","description":"Portal de Noticias \u00a1Periodismo web de verdad! Lanzamiento web 22.11.2005 \/ Maracaibo, Venezuela","publisher":{"@id":"https:\/\/digital58.com.ve\/site\/#\/schema\/person\/64d1c2e4d0d4fd1b849980c4331c2951"},"alternateName":"ND58","potentialAction":[{"@type":"SearchAction","target":{"@type":"EntryPoint","urlTemplate":"https:\/\/digital58.com.ve\/site\/?s={search_term_string}"},"query-input":{"@type":"PropertyValueSpecification","valueRequired":true,"valueName":"search_term_string"}}],"inLanguage":"es"},{"@type":["Person","Organization"],"@id":"https:\/\/digital58.com.ve\/site\/#\/schema\/person\/64d1c2e4d0d4fd1b849980c4331c2951","name":"Villasmil Henry","image":{"@type":"ImageObject","inLanguage":"es","@id":"https:\/\/secure.gravatar.com\/avatar\/bb0c4a2fcb7970138239f7e404ea75757b1b507b28b5ce4c53fbd62d797c5a7c?s=96&d=mm&r=g","url":"https:\/\/secure.gravatar.com\/avatar\/bb0c4a2fcb7970138239f7e404ea75757b1b507b28b5ce4c53fbd62d797c5a7c?s=96&d=mm&r=g","contentUrl":"https:\/\/secure.gravatar.com\/avatar\/bb0c4a2fcb7970138239f7e404ea75757b1b507b28b5ce4c53fbd62d797c5a7c?s=96&d=mm&r=g","caption":"Villasmil Henry"},"logo":{"@id":"https:\/\/secure.gravatar.com\/avatar\/bb0c4a2fcb7970138239f7e404ea75757b1b507b28b5ce4c53fbd62d797c5a7c?s=96&d=mm&r=g"},"sameAs":["http:\/\/www.henryvillasmil.com.ve","https:\/\/www.instagram.com\/villasmilhfoto\/","https:\/\/x.com\/https:\/\/twitter.com\/villasmilhfoto"],"url":"https:\/\/digital58.com.ve\/site\/author\/droopy_68\/"}]}},"uagb_featured_image_src":{"full":["https:\/\/digital58.com.ve\/site\/wp-content\/uploads\/2020\/05\/oms-28.jpg",800,536,false],"thumbnail":["https:\/\/digital58.com.ve\/site\/wp-content\/uploads\/2020\/05\/oms-28-150x150.jpg",150,150,true],"medium":["https:\/\/digital58.com.ve\/site\/wp-content\/uploads\/2020\/05\/oms-28-300x201.jpg",300,201,true],"medium_large":["https:\/\/digital58.com.ve\/site\/wp-content\/uploads\/2020\/05\/oms-28-768x515.jpg",768,515,true],"large":["https:\/\/digital58.com.ve\/site\/wp-content\/uploads\/2020\/05\/oms-28.jpg",800,536,false],"1536x1536":["https:\/\/digital58.com.ve\/site\/wp-content\/uploads\/2020\/05\/oms-28.jpg",800,536,false],"2048x2048":["https:\/\/digital58.com.ve\/site\/wp-content\/uploads\/2020\/05\/oms-28.jpg",800,536,false],"colormag-highlighted-post":["https:\/\/digital58.com.ve\/site\/wp-content\/uploads\/2020\/05\/oms-28.jpg",392,263,false],"colormag-featured-post-medium":["https:\/\/digital58.com.ve\/site\/wp-content\/uploads\/2020\/05\/oms-28.jpg",306,205,false],"colormag-featured-post-small":["https:\/\/digital58.com.ve\/site\/wp-content\/uploads\/2020\/05\/oms-28.jpg",130,87,false],"colormag-featured-image":["https:\/\/digital58.com.ve\/site\/wp-content\/uploads\/2020\/05\/oms-28.jpg",664,445,false],"colormag-default-news":["https:\/\/digital58.com.ve\/site\/wp-content\/uploads\/2020\/05\/oms-28.jpg",150,101,false],"colormag-featured-image-large":["https:\/\/digital58.com.ve\/site\/wp-content\/uploads\/2020\/05\/oms-28.jpg",800,536,false]},"uagb_author_info":{"display_name":"Villasmil Henry","author_link":"https:\/\/digital58.com.ve\/site\/author\/droopy_68\/"},"uagb_comment_info":0,"uagb_excerpt":"El jefe de la ONU, Antonio Guterres, pidi\u00f3 el jueves que se ofrezca alivio de deuda a todos los pa\u00edses","_links":{"self":[{"href":"https:\/\/digital58.com.ve\/site\/wp-json\/wp\/v2\/posts\/103100","targetHints":{"allow":["GET"]}}],"collection":[{"href":"https:\/\/digital58.com.ve\/site\/wp-json\/wp\/v2\/posts"}],"about":[{"href":"https:\/\/digital58.com.ve\/site\/wp-json\/wp\/v2\/types\/post"}],"author":[{"embeddable":true,"href":"https:\/\/digital58.com.ve\/site\/wp-json\/wp\/v2\/users\/1"}],"replies":[{"embeddable":true,"href":"https:\/\/digital58.com.ve\/site\/wp-json\/wp\/v2\/comments?post=103100"}],"version-history":[{"count":0,"href":"https:\/\/digital58.com.ve\/site\/wp-json\/wp\/v2\/posts\/103100\/revisions"}],"wp:featuredmedia":[{"embeddable":true,"href":"https:\/\/digital58.com.ve\/site\/wp-json\/wp\/v2\/media\/103101"}],"wp:attachment":[{"href":"https:\/\/digital58.com.ve\/site\/wp-json\/wp\/v2\/media?parent=103100"}],"wp:term":[{"taxonomy":"category","embeddable":true,"href":"https:\/\/digital58.com.ve\/site\/wp-json\/wp\/v2\/categories?post=103100"},{"taxonomy":"post_tag","embeddable":true,"href":"https:\/\/digital58.com.ve\/site\/wp-json\/wp\/v2\/tags?post=103100"}],"curies":[{"name":"wp","href":"https:\/\/api.w.org\/{rel}","templated":true}]}}