{"id":103105,"date":"2020-05-28T18:34:33","date_gmt":"2020-05-28T22:34:33","guid":{"rendered":"https:\/\/digital58.com.ve\/site\/?p=103105"},"modified":"2020-05-28T18:34:33","modified_gmt":"2020-05-28T22:34:33","slug":"venezuela-registra-solo-2-casos-comunitarios-por-covid-19-y-80-importados-desde-colombia-en-las-ultimas-24-horas","status":"publish","type":"post","link":"https:\/\/digital58.com.ve\/site\/2020\/05\/28\/venezuela-registra-solo-2-casos-comunitarios-por-covid-19-y-80-importados-desde-colombia-en-las-ultimas-24-horas\/","title":{"rendered":"Venezuela registra solo 2 casos comunitarios por COVID-19 y 80 importados desde Colombia en las \u00faltimas 24 horas"},"content":{"rendered":"<p><a href=\"https:\/\/digital58.com.ve\/site\/wp-content\/uploads\/2020\/05\/conteo-28.jpg\"><img loading=\"lazy\" decoding=\"async\" class=\"aligncenter size-large wp-image-103106\" src=\"https:\/\/digital58.com.ve\/site\/wp-content\/uploads\/2020\/05\/conteo-28-819x1024.jpg\" alt=\"\" width=\"640\" height=\"800\" srcset=\"https:\/\/digital58.com.ve\/site\/wp-content\/uploads\/2020\/05\/conteo-28-819x1024.jpg 819w, https:\/\/digital58.com.ve\/site\/wp-content\/uploads\/2020\/05\/conteo-28-240x300.jpg 240w, https:\/\/digital58.com.ve\/site\/wp-content\/uploads\/2020\/05\/conteo-28-768x960.jpg 768w, https:\/\/digital58.com.ve\/site\/wp-content\/uploads\/2020\/05\/conteo-28.jpg 480w\" sizes=\"auto, (max-width: 640px) 100vw, 640px\" \/><\/a><\/p>\n<p>En las \u00faltimas 24 horas, Venezuela detect\u00f3 82 nuevos casos de COVID-19, para elevar la cifra total de contagios a 1.325. La informaci\u00f3n la dio a conocer el presidente de la Rep\u00fablica, Nicol\u00e1s Maduro Moros, desde el Palacio de Miraflores en Caracas.<\/p>\n<p><strong>Caracas, DC, Venezuela, 28 de mayo de 2020 (ND58).-<\/strong> Precis\u00f3 que del total de nuevos casos: dos son de transmisi\u00f3n comunitaria y 80 son casos importados todos provenientes de Colombia.<\/p>\n<p>\u00abViendo la curva aplanada de los casos de transmisi\u00f3n nacional es por lo que he decidido ir a una flexibilizaci\u00f3n progresiva, por fases, disciplinada, organizada. Mientras m\u00e1s organizada, segura y disciplinada lo hagamos va a salir mejor y vamos a salir fortalecidos en lo que es la salud de la familia venezolana\u00bb, precis\u00f3 el Jefe de Estado.<\/p>\n<p>Explic\u00f3 que la cuarentena se mantendr\u00e1 pero se establecer\u00e1n franjas horarias de flexibilizaci\u00f3n para la actividad econ\u00f3mica, comercial, financiera.<\/p>\n<p>Destac\u00f3 que la cuarentena en Venezuela ha sido ejemplar gracias a la voluntad, la disciplina, al amor del pueblo de Venezuela.<\/p>\n<p>El Mandatario Nacional reiter\u00f3 que en los pasos fronterizos el pa\u00eds tiene un problema con el aumento de los casos de contagio en Colombia y Brasil. En tal sentido, explic\u00f3 que el cerco epidemiol\u00f3gico contempla la aplicaci\u00f3n de pruebas diagn\u00f3sticas y el cumplimiento de una cuarentena obligatoria a todos los compatriotas que ingresan por las fronteras.<\/p>\n<p>Reproch\u00f3 que en EE.UU. un paciente contagiado con COVID-19 deba tener 1 mill\u00f3n 500 mil d\u00f3lares para poder recuperarse en seis semanas. \u00abUn tratamiento cualquiera de este tipo, en Venezuela cueste lo que cueste, lo cubre el Estado socialista, protegiendo a nuestro pueblo, solo en Venezuela sucede eso y en los pa\u00edses del ALBA\u00bb.<\/p>\n<p>Descripci\u00f3n de los casos de transmisi\u00f3n comunitaria detectados en las \u00faltimas 24 horas:<\/p><div class=\"bpfye69f0c50e701fd\" ><p style=\"text-align: center;\"><a href=\"https:\/\/t.me\/noticiasdigital58\" target=\"_blank\" rel=\"noopener\"><img class=\"aligncenter size-full wp-image-125363\" src=\"https:\/\/digital58.com.ve\/site\/wp-content\/uploads\/2021\/04\/banner-telegram-web-2021.png\" alt=\"\" width=\"600\" height=\"90\" \/><\/a><\/p><\/div><style type=\"text\/css\">\r\n@media screen and (min-width: 1201px) {\r\n.bpfye69f0c50e701fd {\r\ndisplay: block;\r\n}\r\n}\r\n@media screen and (min-width: 993px) and (max-width: 1200px) {\r\n.bpfye69f0c50e701fd {\r\ndisplay: block;\r\n}\r\n}\r\n@media screen and (min-width: 769px) and (max-width: 992px) {\r\n.bpfye69f0c50e701fd {\r\ndisplay: block;\r\n}\r\n}\r\n@media screen and (min-width: 768px) and (max-width: 768px) {\r\n.bpfye69f0c50e701fd {\r\ndisplay: block;\r\n}\r\n}\r\n@media screen and (max-width: 767px) {\r\n.bpfye69f0c50e701fd {\r\ndisplay: block;\r\n}\r\n}\r\n<\/style>\r\n\n<ul style=\"list-style-type: disc;\">\n<li>Masculino de 40 a\u00f1os de edad, residente del municipio San Fernando del estado Apure, tuvo contacto con su hija que dio positiva al COVID-19. Est\u00e1 asintom\u00e1tico e ingresado en un hospital centinela recibiendo tratamiento gratuito.<\/li>\n<li>Femenina de 42 a\u00f1os de edad, residente de Catia La Mar, estado La Guaira. No tiene antecedentes de viaje ni contacto con paciente positivo. Est\u00e1 asintom\u00e1tica e ingresada en un hospital de campa\u00f1a recibiendo tratamiento gratuito.<\/li>\n<\/ul>\n<p><strong>Fuente: VTV<\/strong><br \/>\n<strong>Edici\u00f3n: Villasmil, Henry<\/strong><br \/>\n<strong>Gr\u00e1fica: Arismendi, Luis (@arismendiht)<\/strong><\/p>\n<div style=\"margin-top: 0px; margin-bottom: 0px;\" class=\"sharethis-inline-share-buttons\" ><\/div>","protected":false},"excerpt":{"rendered":"<p>En las \u00faltimas 24 horas, Venezuela detect\u00f3 82 nuevos casos de COVID-19, para elevar la cifra total de contagios a<\/p>\n","protected":false},"author":1,"featured_media":103106,"comment_status":"open","ping_status":"closed","sticky":false,"template":"","format":"standard","meta":{"colormag_page_container_layout":"default_layout","colormag_page_sidebar_layout":"default_layout","_uag_custom_page_level_css":"","footnotes":""},"categories":[5405],"tags":[29,13352,13648,1818,233,14182,13723,32],"class_list":["post-103105","post","type-post","status-publish","format-standard","has-post-thumbnail","hentry","category-salud","tag-caracas","tag-coronavirus","tag-covid-19","tag-gobierno-nacional","tag-nacionales","tag-nicolas-maduro-moros","tag-pandemia","tag-venezuela"],"yoast_head":"<!-- This site is optimized with the Yoast SEO plugin v27.5 - https:\/\/yoast.com\/product\/yoast-seo-wordpress\/ -->\n<title>Venezuela registra solo 2 casos comunitarios por COVID-19 y 80 importados desde Colombia en las \u00faltimas 24 horas<\/title>\n<meta name=\"description\" content=\"Salud\" \/>\n<meta name=\"robots\" content=\"index, follow, max-snippet:-1, max-image-preview:large, max-video-preview:-1\" \/>\n<link rel=\"canonical\" href=\"https:\/\/digital58.com.ve\/site\/2020\/05\/28\/venezuela-registra-solo-2-casos-comunitarios-por-covid-19-y-80-importados-desde-colombia-en-las-ultimas-24-horas\/\" \/>\n<meta property=\"og:locale\" content=\"es_ES\" \/>\n<meta property=\"og:type\" content=\"article\" \/>\n<meta property=\"og:title\" content=\"Venezuela registra solo 2 casos comunitarios por COVID-19 y 80 importados desde Colombia en las \u00faltimas 24 horas\" \/>\n<meta property=\"og:description\" content=\"Salud\" \/>\n<meta property=\"og:url\" content=\"https:\/\/digital58.com.ve\/site\/2020\/05\/28\/venezuela-registra-solo-2-casos-comunitarios-por-covid-19-y-80-importados-desde-colombia-en-las-ultimas-24-horas\/\" \/>\n<meta property=\"og:site_name\" content=\"Noticias Digital58\" \/>\n<meta property=\"article:published_time\" content=\"2020-05-28T22:34:33+00:00\" \/>\n<meta property=\"og:image\" content=\"https:\/\/digital58.com.ve\/site\/wp-content\/uploads\/2020\/05\/conteo-28.jpg\" \/>\n\t<meta property=\"og:image:width\" content=\"1080\" \/>\n\t<meta property=\"og:image:height\" content=\"1350\" \/>\n\t<meta property=\"og:image:type\" content=\"image\/jpeg\" \/>\n<meta name=\"author\" content=\"Villasmil Henry\" \/>\n<meta name=\"twitter:card\" content=\"summary_large_image\" \/>\n<meta name=\"twitter:creator\" content=\"@https:\/\/twitter.com\/villasmilhfoto\" \/>\n<meta name=\"twitter:site\" content=\"@villasmilhfoto\" \/>\n<meta name=\"twitter:label1\" content=\"Escrito por\" \/>\n\t<meta name=\"twitter:data1\" content=\"Villasmil Henry\" \/>\n\t<meta name=\"twitter:label2\" content=\"Tiempo estimado de lectura\" \/>\n\t<meta name=\"twitter:data2\" content=\"2 minutos\" \/>\n<script type=\"application\/ld+json\" class=\"yoast-schema-graph\">{\"@context\":\"https:\\\/\\\/schema.org\",\"@graph\":[{\"@type\":\"Article\",\"@id\":\"https:\\\/\\\/digital58.com.ve\\\/site\\\/2020\\\/05\\\/28\\\/venezuela-registra-solo-2-casos-comunitarios-por-covid-19-y-80-importados-desde-colombia-en-las-ultimas-24-horas\\\/#article\",\"isPartOf\":{\"@id\":\"https:\\\/\\\/digital58.com.ve\\\/site\\\/2020\\\/05\\\/28\\\/venezuela-registra-solo-2-casos-comunitarios-por-covid-19-y-80-importados-desde-colombia-en-las-ultimas-24-horas\\\/\"},\"author\":{\"name\":\"Villasmil Henry\",\"@id\":\"https:\\\/\\\/digital58.com.ve\\\/site\\\/#\\\/schema\\\/person\\\/64d1c2e4d0d4fd1b849980c4331c2951\"},\"headline\":\"Venezuela registra solo 2 casos comunitarios por COVID-19 y 80 importados desde Colombia en las \u00faltimas 24 horas\",\"datePublished\":\"2020-05-28T22:34:33+00:00\",\"mainEntityOfPage\":{\"@id\":\"https:\\\/\\\/digital58.com.ve\\\/site\\\/2020\\\/05\\\/28\\\/venezuela-registra-solo-2-casos-comunitarios-por-covid-19-y-80-importados-desde-colombia-en-las-ultimas-24-horas\\\/\"},\"wordCount\":404,\"commentCount\":0,\"publisher\":{\"@id\":\"https:\\\/\\\/digital58.com.ve\\\/site\\\/#\\\/schema\\\/person\\\/64d1c2e4d0d4fd1b849980c4331c2951\"},\"image\":{\"@id\":\"https:\\\/\\\/digital58.com.ve\\\/site\\\/2020\\\/05\\\/28\\\/venezuela-registra-solo-2-casos-comunitarios-por-covid-19-y-80-importados-desde-colombia-en-las-ultimas-24-horas\\\/#primaryimage\"},\"thumbnailUrl\":\"https:\\\/\\\/digital58.com.ve\\\/site\\\/wp-content\\\/uploads\\\/2020\\\/05\\\/conteo-28.jpg\",\"keywords\":[\"Caracas\",\"Coronavirus\",\"COVID-19\",\"Gobierno Nacional\",\"Nacionales\",\"Nicol\u00e1s Maduro Moros\",\"Pandemia\",\"Venezuela\"],\"articleSection\":[\"Salud\"],\"inLanguage\":\"es\",\"potentialAction\":[{\"@type\":\"CommentAction\",\"name\":\"Comment\",\"target\":[\"https:\\\/\\\/digital58.com.ve\\\/site\\\/2020\\\/05\\\/28\\\/venezuela-registra-solo-2-casos-comunitarios-por-covid-19-y-80-importados-desde-colombia-en-las-ultimas-24-horas\\\/#respond\"]}]},{\"@type\":\"WebPage\",\"@id\":\"https:\\\/\\\/digital58.com.ve\\\/site\\\/2020\\\/05\\\/28\\\/venezuela-registra-solo-2-casos-comunitarios-por-covid-19-y-80-importados-desde-colombia-en-las-ultimas-24-horas\\\/\",\"url\":\"https:\\\/\\\/digital58.com.ve\\\/site\\\/2020\\\/05\\\/28\\\/venezuela-registra-solo-2-casos-comunitarios-por-covid-19-y-80-importados-desde-colombia-en-las-ultimas-24-horas\\\/\",\"name\":\"Venezuela registra solo 2 casos comunitarios por COVID-19 y 80 importados desde Colombia en las \u00faltimas 24 horas\",\"isPartOf\":{\"@id\":\"https:\\\/\\\/digital58.com.ve\\\/site\\\/#website\"},\"primaryImageOfPage\":{\"@id\":\"https:\\\/\\\/digital58.com.ve\\\/site\\\/2020\\\/05\\\/28\\\/venezuela-registra-solo-2-casos-comunitarios-por-covid-19-y-80-importados-desde-colombia-en-las-ultimas-24-horas\\\/#primaryimage\"},\"image\":{\"@id\":\"https:\\\/\\\/digital58.com.ve\\\/site\\\/2020\\\/05\\\/28\\\/venezuela-registra-solo-2-casos-comunitarios-por-covid-19-y-80-importados-desde-colombia-en-las-ultimas-24-horas\\\/#primaryimage\"},\"thumbnailUrl\":\"https:\\\/\\\/digital58.com.ve\\\/site\\\/wp-content\\\/uploads\\\/2020\\\/05\\\/conteo-28.jpg\",\"datePublished\":\"2020-05-28T22:34:33+00:00\",\"description\":\"Salud\",\"breadcrumb\":{\"@id\":\"https:\\\/\\\/digital58.com.ve\\\/site\\\/2020\\\/05\\\/28\\\/venezuela-registra-solo-2-casos-comunitarios-por-covid-19-y-80-importados-desde-colombia-en-las-ultimas-24-horas\\\/#breadcrumb\"},\"inLanguage\":\"es\",\"potentialAction\":[{\"@type\":\"ReadAction\",\"target\":[\"https:\\\/\\\/digital58.com.ve\\\/site\\\/2020\\\/05\\\/28\\\/venezuela-registra-solo-2-casos-comunitarios-por-covid-19-y-80-importados-desde-colombia-en-las-ultimas-24-horas\\\/\"]}]},{\"@type\":\"ImageObject\",\"inLanguage\":\"es\",\"@id\":\"https:\\\/\\\/digital58.com.ve\\\/site\\\/2020\\\/05\\\/28\\\/venezuela-registra-solo-2-casos-comunitarios-por-covid-19-y-80-importados-desde-colombia-en-las-ultimas-24-horas\\\/#primaryimage\",\"url\":\"https:\\\/\\\/digital58.com.ve\\\/site\\\/wp-content\\\/uploads\\\/2020\\\/05\\\/conteo-28.jpg\",\"contentUrl\":\"https:\\\/\\\/digital58.com.ve\\\/site\\\/wp-content\\\/uploads\\\/2020\\\/05\\\/conteo-28.jpg\",\"width\":480,\"height\":600},{\"@type\":\"BreadcrumbList\",\"@id\":\"https:\\\/\\\/digital58.com.ve\\\/site\\\/2020\\\/05\\\/28\\\/venezuela-registra-solo-2-casos-comunitarios-por-covid-19-y-80-importados-desde-colombia-en-las-ultimas-24-horas\\\/#breadcrumb\",\"itemListElement\":[{\"@type\":\"ListItem\",\"position\":1,\"name\":\"Home\",\"item\":\"https:\\\/\\\/digital58.com.ve\\\/site\\\/\"},{\"@type\":\"ListItem\",\"position\":2,\"name\":\"Venezuela registra solo 2 casos comunitarios por COVID-19 y 80 importados desde Colombia en las \u00faltimas 24 horas\"}]},{\"@type\":\"WebSite\",\"@id\":\"https:\\\/\\\/digital58.com.ve\\\/site\\\/#website\",\"url\":\"https:\\\/\\\/digital58.com.ve\\\/site\\\/\",\"name\":\"Noticias Digital58\",\"description\":\"Portal de Noticias \u00a1Periodismo web de verdad! Lanzamiento web 22.11.2005 \\\/ Maracaibo, Venezuela\",\"publisher\":{\"@id\":\"https:\\\/\\\/digital58.com.ve\\\/site\\\/#\\\/schema\\\/person\\\/64d1c2e4d0d4fd1b849980c4331c2951\"},\"alternateName\":\"ND58\",\"potentialAction\":[{\"@type\":\"SearchAction\",\"target\":{\"@type\":\"EntryPoint\",\"urlTemplate\":\"https:\\\/\\\/digital58.com.ve\\\/site\\\/?s={search_term_string}\"},\"query-input\":{\"@type\":\"PropertyValueSpecification\",\"valueRequired\":true,\"valueName\":\"search_term_string\"}}],\"inLanguage\":\"es\"},{\"@type\":[\"Person\",\"Organization\"],\"@id\":\"https:\\\/\\\/digital58.com.ve\\\/site\\\/#\\\/schema\\\/person\\\/64d1c2e4d0d4fd1b849980c4331c2951\",\"name\":\"Villasmil Henry\",\"image\":{\"@type\":\"ImageObject\",\"inLanguage\":\"es\",\"@id\":\"https:\\\/\\\/secure.gravatar.com\\\/avatar\\\/bb0c4a2fcb7970138239f7e404ea75757b1b507b28b5ce4c53fbd62d797c5a7c?s=96&d=mm&r=g\",\"url\":\"https:\\\/\\\/secure.gravatar.com\\\/avatar\\\/bb0c4a2fcb7970138239f7e404ea75757b1b507b28b5ce4c53fbd62d797c5a7c?s=96&d=mm&r=g\",\"contentUrl\":\"https:\\\/\\\/secure.gravatar.com\\\/avatar\\\/bb0c4a2fcb7970138239f7e404ea75757b1b507b28b5ce4c53fbd62d797c5a7c?s=96&d=mm&r=g\",\"caption\":\"Villasmil Henry\"},\"logo\":{\"@id\":\"https:\\\/\\\/secure.gravatar.com\\\/avatar\\\/bb0c4a2fcb7970138239f7e404ea75757b1b507b28b5ce4c53fbd62d797c5a7c?s=96&d=mm&r=g\"},\"sameAs\":[\"http:\\\/\\\/www.henryvillasmil.com.ve\",\"https:\\\/\\\/www.instagram.com\\\/villasmilhfoto\\\/\",\"https:\\\/\\\/x.com\\\/https:\\\/\\\/twitter.com\\\/villasmilhfoto\"],\"url\":\"https:\\\/\\\/digital58.com.ve\\\/site\\\/author\\\/droopy_68\\\/\"}]}<\/script>\n<!-- \/ Yoast SEO plugin. -->","yoast_head_json":{"title":"Venezuela registra solo 2 casos comunitarios por COVID-19 y 80 importados desde Colombia en las \u00faltimas 24 horas","description":"Salud","robots":{"index":"index","follow":"follow","max-snippet":"max-snippet:-1","max-image-preview":"max-image-preview:large","max-video-preview":"max-video-preview:-1"},"canonical":"https:\/\/digital58.com.ve\/site\/2020\/05\/28\/venezuela-registra-solo-2-casos-comunitarios-por-covid-19-y-80-importados-desde-colombia-en-las-ultimas-24-horas\/","og_locale":"es_ES","og_type":"article","og_title":"Venezuela registra solo 2 casos comunitarios por COVID-19 y 80 importados desde Colombia en las \u00faltimas 24 horas","og_description":"Salud","og_url":"https:\/\/digital58.com.ve\/site\/2020\/05\/28\/venezuela-registra-solo-2-casos-comunitarios-por-covid-19-y-80-importados-desde-colombia-en-las-ultimas-24-horas\/","og_site_name":"Noticias Digital58","article_published_time":"2020-05-28T22:34:33+00:00","og_image":[{"width":1080,"height":1350,"url":"https:\/\/digital58.com.ve\/site\/wp-content\/uploads\/2020\/05\/conteo-28.jpg","type":"image\/jpeg"}],"author":"Villasmil Henry","twitter_card":"summary_large_image","twitter_creator":"@https:\/\/twitter.com\/villasmilhfoto","twitter_site":"@villasmilhfoto","twitter_misc":{"Escrito por":"Villasmil Henry","Tiempo estimado de lectura":"2 minutos"},"schema":{"@context":"https:\/\/schema.org","@graph":[{"@type":"Article","@id":"https:\/\/digital58.com.ve\/site\/2020\/05\/28\/venezuela-registra-solo-2-casos-comunitarios-por-covid-19-y-80-importados-desde-colombia-en-las-ultimas-24-horas\/#article","isPartOf":{"@id":"https:\/\/digital58.com.ve\/site\/2020\/05\/28\/venezuela-registra-solo-2-casos-comunitarios-por-covid-19-y-80-importados-desde-colombia-en-las-ultimas-24-horas\/"},"author":{"name":"Villasmil Henry","@id":"https:\/\/digital58.com.ve\/site\/#\/schema\/person\/64d1c2e4d0d4fd1b849980c4331c2951"},"headline":"Venezuela registra solo 2 casos comunitarios por COVID-19 y 80 importados desde Colombia en las \u00faltimas 24 horas","datePublished":"2020-05-28T22:34:33+00:00","mainEntityOfPage":{"@id":"https:\/\/digital58.com.ve\/site\/2020\/05\/28\/venezuela-registra-solo-2-casos-comunitarios-por-covid-19-y-80-importados-desde-colombia-en-las-ultimas-24-horas\/"},"wordCount":404,"commentCount":0,"publisher":{"@id":"https:\/\/digital58.com.ve\/site\/#\/schema\/person\/64d1c2e4d0d4fd1b849980c4331c2951"},"image":{"@id":"https:\/\/digital58.com.ve\/site\/2020\/05\/28\/venezuela-registra-solo-2-casos-comunitarios-por-covid-19-y-80-importados-desde-colombia-en-las-ultimas-24-horas\/#primaryimage"},"thumbnailUrl":"https:\/\/digital58.com.ve\/site\/wp-content\/uploads\/2020\/05\/conteo-28.jpg","keywords":["Caracas","Coronavirus","COVID-19","Gobierno Nacional","Nacionales","Nicol\u00e1s Maduro Moros","Pandemia","Venezuela"],"articleSection":["Salud"],"inLanguage":"es","potentialAction":[{"@type":"CommentAction","name":"Comment","target":["https:\/\/digital58.com.ve\/site\/2020\/05\/28\/venezuela-registra-solo-2-casos-comunitarios-por-covid-19-y-80-importados-desde-colombia-en-las-ultimas-24-horas\/#respond"]}]},{"@type":"WebPage","@id":"https:\/\/digital58.com.ve\/site\/2020\/05\/28\/venezuela-registra-solo-2-casos-comunitarios-por-covid-19-y-80-importados-desde-colombia-en-las-ultimas-24-horas\/","url":"https:\/\/digital58.com.ve\/site\/2020\/05\/28\/venezuela-registra-solo-2-casos-comunitarios-por-covid-19-y-80-importados-desde-colombia-en-las-ultimas-24-horas\/","name":"Venezuela registra solo 2 casos comunitarios por COVID-19 y 80 importados desde Colombia en las \u00faltimas 24 horas","isPartOf":{"@id":"https:\/\/digital58.com.ve\/site\/#website"},"primaryImageOfPage":{"@id":"https:\/\/digital58.com.ve\/site\/2020\/05\/28\/venezuela-registra-solo-2-casos-comunitarios-por-covid-19-y-80-importados-desde-colombia-en-las-ultimas-24-horas\/#primaryimage"},"image":{"@id":"https:\/\/digital58.com.ve\/site\/2020\/05\/28\/venezuela-registra-solo-2-casos-comunitarios-por-covid-19-y-80-importados-desde-colombia-en-las-ultimas-24-horas\/#primaryimage"},"thumbnailUrl":"https:\/\/digital58.com.ve\/site\/wp-content\/uploads\/2020\/05\/conteo-28.jpg","datePublished":"2020-05-28T22:34:33+00:00","description":"Salud","breadcrumb":{"@id":"https:\/\/digital58.com.ve\/site\/2020\/05\/28\/venezuela-registra-solo-2-casos-comunitarios-por-covid-19-y-80-importados-desde-colombia-en-las-ultimas-24-horas\/#breadcrumb"},"inLanguage":"es","potentialAction":[{"@type":"ReadAction","target":["https:\/\/digital58.com.ve\/site\/2020\/05\/28\/venezuela-registra-solo-2-casos-comunitarios-por-covid-19-y-80-importados-desde-colombia-en-las-ultimas-24-horas\/"]}]},{"@type":"ImageObject","inLanguage":"es","@id":"https:\/\/digital58.com.ve\/site\/2020\/05\/28\/venezuela-registra-solo-2-casos-comunitarios-por-covid-19-y-80-importados-desde-colombia-en-las-ultimas-24-horas\/#primaryimage","url":"https:\/\/digital58.com.ve\/site\/wp-content\/uploads\/2020\/05\/conteo-28.jpg","contentUrl":"https:\/\/digital58.com.ve\/site\/wp-content\/uploads\/2020\/05\/conteo-28.jpg","width":480,"height":600},{"@type":"BreadcrumbList","@id":"https:\/\/digital58.com.ve\/site\/2020\/05\/28\/venezuela-registra-solo-2-casos-comunitarios-por-covid-19-y-80-importados-desde-colombia-en-las-ultimas-24-horas\/#breadcrumb","itemListElement":[{"@type":"ListItem","position":1,"name":"Home","item":"https:\/\/digital58.com.ve\/site\/"},{"@type":"ListItem","position":2,"name":"Venezuela registra solo 2 casos comunitarios por COVID-19 y 80 importados desde Colombia en las \u00faltimas 24 horas"}]},{"@type":"WebSite","@id":"https:\/\/digital58.com.ve\/site\/#website","url":"https:\/\/digital58.com.ve\/site\/","name":"Noticias Digital58","description":"Portal de Noticias \u00a1Periodismo web de verdad! Lanzamiento web 22.11.2005 \/ Maracaibo, Venezuela","publisher":{"@id":"https:\/\/digital58.com.ve\/site\/#\/schema\/person\/64d1c2e4d0d4fd1b849980c4331c2951"},"alternateName":"ND58","potentialAction":[{"@type":"SearchAction","target":{"@type":"EntryPoint","urlTemplate":"https:\/\/digital58.com.ve\/site\/?s={search_term_string}"},"query-input":{"@type":"PropertyValueSpecification","valueRequired":true,"valueName":"search_term_string"}}],"inLanguage":"es"},{"@type":["Person","Organization"],"@id":"https:\/\/digital58.com.ve\/site\/#\/schema\/person\/64d1c2e4d0d4fd1b849980c4331c2951","name":"Villasmil Henry","image":{"@type":"ImageObject","inLanguage":"es","@id":"https:\/\/secure.gravatar.com\/avatar\/bb0c4a2fcb7970138239f7e404ea75757b1b507b28b5ce4c53fbd62d797c5a7c?s=96&d=mm&r=g","url":"https:\/\/secure.gravatar.com\/avatar\/bb0c4a2fcb7970138239f7e404ea75757b1b507b28b5ce4c53fbd62d797c5a7c?s=96&d=mm&r=g","contentUrl":"https:\/\/secure.gravatar.com\/avatar\/bb0c4a2fcb7970138239f7e404ea75757b1b507b28b5ce4c53fbd62d797c5a7c?s=96&d=mm&r=g","caption":"Villasmil Henry"},"logo":{"@id":"https:\/\/secure.gravatar.com\/avatar\/bb0c4a2fcb7970138239f7e404ea75757b1b507b28b5ce4c53fbd62d797c5a7c?s=96&d=mm&r=g"},"sameAs":["http:\/\/www.henryvillasmil.com.ve","https:\/\/www.instagram.com\/villasmilhfoto\/","https:\/\/x.com\/https:\/\/twitter.com\/villasmilhfoto"],"url":"https:\/\/digital58.com.ve\/site\/author\/droopy_68\/"}]}},"uagb_featured_image_src":{"full":["https:\/\/digital58.com.ve\/site\/wp-content\/uploads\/2020\/05\/conteo-28.jpg",480,600,false],"thumbnail":["https:\/\/digital58.com.ve\/site\/wp-content\/uploads\/2020\/05\/conteo-28-150x150.jpg",150,150,true],"medium":["https:\/\/digital58.com.ve\/site\/wp-content\/uploads\/2020\/05\/conteo-28-240x300.jpg",240,300,true],"medium_large":["https:\/\/digital58.com.ve\/site\/wp-content\/uploads\/2020\/05\/conteo-28-768x960.jpg",768,960,true],"large":["https:\/\/digital58.com.ve\/site\/wp-content\/uploads\/2020\/05\/conteo-28-819x1024.jpg",800,1000,true],"1536x1536":["https:\/\/digital58.com.ve\/site\/wp-content\/uploads\/2020\/05\/conteo-28.jpg",480,600,false],"2048x2048":["https:\/\/digital58.com.ve\/site\/wp-content\/uploads\/2020\/05\/conteo-28.jpg",480,600,false],"colormag-highlighted-post":["https:\/\/digital58.com.ve\/site\/wp-content\/uploads\/2020\/05\/conteo-28.jpg",218,272,false],"colormag-featured-post-medium":["https:\/\/digital58.com.ve\/site\/wp-content\/uploads\/2020\/05\/conteo-28.jpg",164,205,false],"colormag-featured-post-small":["https:\/\/digital58.com.ve\/site\/wp-content\/uploads\/2020\/05\/conteo-28.jpg",72,90,false],"colormag-featured-image":["https:\/\/digital58.com.ve\/site\/wp-content\/uploads\/2020\/05\/conteo-28.jpg",356,445,false],"colormag-default-news":["https:\/\/digital58.com.ve\/site\/wp-content\/uploads\/2020\/05\/conteo-28.jpg",120,150,false],"colormag-featured-image-large":["https:\/\/digital58.com.ve\/site\/wp-content\/uploads\/2020\/05\/conteo-28.jpg",480,600,false]},"uagb_author_info":{"display_name":"Villasmil Henry","author_link":"https:\/\/digital58.com.ve\/site\/author\/droopy_68\/"},"uagb_comment_info":0,"uagb_excerpt":"En las \u00faltimas 24 horas, Venezuela detect\u00f3 82 nuevos casos de COVID-19, para elevar la cifra total de contagios a","_links":{"self":[{"href":"https:\/\/digital58.com.ve\/site\/wp-json\/wp\/v2\/posts\/103105","targetHints":{"allow":["GET"]}}],"collection":[{"href":"https:\/\/digital58.com.ve\/site\/wp-json\/wp\/v2\/posts"}],"about":[{"href":"https:\/\/digital58.com.ve\/site\/wp-json\/wp\/v2\/types\/post"}],"author":[{"embeddable":true,"href":"https:\/\/digital58.com.ve\/site\/wp-json\/wp\/v2\/users\/1"}],"replies":[{"embeddable":true,"href":"https:\/\/digital58.com.ve\/site\/wp-json\/wp\/v2\/comments?post=103105"}],"version-history":[{"count":0,"href":"https:\/\/digital58.com.ve\/site\/wp-json\/wp\/v2\/posts\/103105\/revisions"}],"wp:featuredmedia":[{"embeddable":true,"href":"https:\/\/digital58.com.ve\/site\/wp-json\/wp\/v2\/media\/103106"}],"wp:attachment":[{"href":"https:\/\/digital58.com.ve\/site\/wp-json\/wp\/v2\/media?parent=103105"}],"wp:term":[{"taxonomy":"category","embeddable":true,"href":"https:\/\/digital58.com.ve\/site\/wp-json\/wp\/v2\/categories?post=103105"},{"taxonomy":"post_tag","embeddable":true,"href":"https:\/\/digital58.com.ve\/site\/wp-json\/wp\/v2\/tags?post=103105"}],"curies":[{"name":"wp","href":"https:\/\/api.w.org\/{rel}","templated":true}]}}