{"id":103295,"date":"2020-05-29T22:09:08","date_gmt":"2020-05-30T02:09:08","guid":{"rendered":"https:\/\/digital58.com.ve\/site\/?p=103295"},"modified":"2020-05-29T22:09:08","modified_gmt":"2020-05-30T02:09:08","slug":"acusan-de-asesinato-a-policia-en-caso-que-desato-jornadas-de-violencia-en-mineapolis","status":"publish","type":"post","link":"https:\/\/digital58.com.ve\/site\/2020\/05\/29\/acusan-de-asesinato-a-policia-en-caso-que-desato-jornadas-de-violencia-en-mineapolis\/","title":{"rendered":"Acusan de asesinato a polic\u00eda en caso que desat\u00f3 jornadas de violencia en Mine\u00e1polis"},"content":{"rendered":"<p><a href=\"https:\/\/digital58.com.ve\/site\/wp-content\/uploads\/2020\/05\/floyd-george.jpg\"><img loading=\"lazy\" decoding=\"async\" class=\"aligncenter size-full wp-image-103296\" src=\"https:\/\/digital58.com.ve\/site\/wp-content\/uploads\/2020\/05\/floyd-george.jpg\" alt=\"\" width=\"800\" height=\"533\" srcset=\"https:\/\/digital58.com.ve\/site\/wp-content\/uploads\/2020\/05\/floyd-george.jpg 800w, https:\/\/digital58.com.ve\/site\/wp-content\/uploads\/2020\/05\/floyd-george-300x200.jpg 300w, https:\/\/digital58.com.ve\/site\/wp-content\/uploads\/2020\/05\/floyd-george-768x512.jpg 768w, https:\/\/digital58.com.ve\/site\/wp-content\/uploads\/2020\/05\/floyd-george-720x480.jpg 720w, https:\/\/digital58.com.ve\/site\/wp-content\/uploads\/2020\/05\/floyd-george-480x320.jpg 480w\" sizes=\"auto, (max-width: 800px) 100vw, 800px\" \/><\/a><\/p>\n<p>Un oficial de polic\u00eda de Mine\u00e1polis que inmoviliz\u00f3 con una rodilla en el cuello a un afroamericano desarmado que minutos despu\u00e9s falleci\u00f3, fue arrestado y acusado de asesinato, dijo el viernes un fiscal, despu\u00e9s de tres noches de violentas protestas en la ciudad provocadas por el hecho.<\/p>\n<p><strong>Mine\u00e1polis, Estados Unidos, 29 de mayo de 2020 (ND58).-<\/strong> Derek Chauvin, el agente que aparece en el video grabado con un celular con una rodilla en el cuello de George Floyd antes de la muerte del hombre, fue acusado de asesinato en tercer grado, se\u00f1al\u00f3 en rueda de prensa Mike Freeman, fiscal del condado de Hennepin.<\/p>\n<p>\u00abEst\u00e1 bajo custodia y ha sido acusado de asesinato\u00bb, dijo Freeman sobre Chauvin, que es blanco. \u00abTenemos evidencia, tenemos el video del ciudadano, esas im\u00e1genes horribles, terribles, que hemos visto una y otra vez\u00bb.<\/p>\n<p>Las im\u00e1genes del tel\u00e9fono celular mostraban a Floyd, de 46 a\u00f1os, gimiendo y jadeando repetidamente mientras le suplicaba a Chauvin \u00abpor favor, no puedo respirar\u00bb. Despu\u00e9s de varios minutos, Floyd se calla y deja de moverse.<\/p>\n<p>Chauvin tuvo su rodilla en el cuello de Floyd durante 8 minutos y 46 segundos, seg\u00fan documentos judiciales. Una autopsia encontr\u00f3 que el impacto combinado del accionar del polic\u00eda, sus condiciones de salud y cualquier posible sustancia intoxicante en su sistema probablemente contribuyeron a su muerte.<\/p>\n<p>El alcalde de Mine\u00e1polis, Jacob Frey, impuso un toque de queda desde la 20.00 hora local para tratar de detener la violencia que ha asolado la ciudad durante las \u00faltimas tres noches.<\/p>\n<p>El toque de queda se extender\u00e1 por el fin de semana, hasta las 06.00 de la ma\u00f1ana, y proh\u00edbe a las personas estar en las calles o reunirse en un lugar p\u00fablico.<\/p>\n<p>Floyd fue arrestado por supuestamente usar dinero falso en una tienda para comprar cigarrillos el lunes por la noche. Un empleado que llam\u00f3 a la polic\u00eda describi\u00f3 al sospechoso como posiblemente borracho, seg\u00fan una transcripci\u00f3n oficial de la llamada.<\/p>\n<p>Chauvin y otros tres oficiales fueron despedidos el martes del Departamento de Polic\u00eda de Mine\u00e1polis. La ciudad identific\u00f3 a los otros agentes como Thomas Lane, Tou Thao y J Alexander Kueng.<\/p>\n<p>Freeman dijo que la investigaci\u00f3n sobre Chauvin \u2014quien podr\u00eda ser sentenciado a 25 a\u00f1os de prisi\u00f3n\u2014 est\u00e1 en curso.<\/p>\n<p>M\u00e1s temprano el viernes, el gobernador de Minnesota, Tim Walz, pidi\u00f3 el fin de las violentas protestas, que incluyeron incendios, saqueos y la quema de una comisar\u00eda, y prometi\u00f3 medidas por las desigualdades raciales que las originaron.<\/p><div class=\"icxpq69edec296ef6f\" ><p style=\"text-align: center;\"><a href=\"https:\/\/t.me\/noticiasdigital58\" target=\"_blank\" rel=\"noopener\"><img class=\"aligncenter size-full wp-image-125363\" src=\"https:\/\/digital58.com.ve\/site\/wp-content\/uploads\/2021\/04\/banner-telegram-web-2021.png\" alt=\"\" width=\"600\" height=\"90\" \/><\/a><\/p><\/div><style type=\"text\/css\">\r\n@media screen and (min-width: 1201px) {\r\n.icxpq69edec296ef6f {\r\ndisplay: block;\r\n}\r\n}\r\n@media screen and (min-width: 993px) and (max-width: 1200px) {\r\n.icxpq69edec296ef6f {\r\ndisplay: block;\r\n}\r\n}\r\n@media screen and (min-width: 769px) and (max-width: 992px) {\r\n.icxpq69edec296ef6f {\r\ndisplay: block;\r\n}\r\n}\r\n@media screen and (min-width: 768px) and (max-width: 768px) {\r\n.icxpq69edec296ef6f {\r\ndisplay: block;\r\n}\r\n}\r\n@media screen and (max-width: 767px) {\r\n.icxpq69edec296ef6f {\r\ndisplay: block;\r\n}\r\n}\r\n<\/style>\r\n\n<p><strong>Fuente: Reuters<\/strong><br \/>\n<strong>Edici\u00f3n: Villasmil, Henry<\/strong><br \/>\n<strong>Gr\u00e1fica: Reuters<\/strong><\/p>\n<div style=\"margin-top: 0px; margin-bottom: 0px;\" class=\"sharethis-inline-share-buttons\" ><\/div>","protected":false},"excerpt":{"rendered":"<p>Un oficial de polic\u00eda de Mine\u00e1polis que inmoviliz\u00f3 con una rodilla en el cuello a un afroamericano desarmado que minutos<\/p>\n","protected":false},"author":1,"featured_media":103296,"comment_status":"open","ping_status":"closed","sticky":false,"template":"","format":"standard","meta":{"colormag_page_container_layout":"default_layout","colormag_page_sidebar_layout":"default_layout","_uag_custom_page_level_css":"","footnotes":""},"categories":[13765],"tags":[15227,1304,15203,15201,8,15228,15226,4296,7431],"class_list":["post-103295","post","type-post","status-publish","format-standard","has-post-thumbnail","hentry","category-sucesos","tag-derek-chauvin","tag-estados-unidos","tag-fallecido","tag-george-floyd","tag-internacionales","tag-mike-freeman","tag-mineapolis","tag-protestas","tag-racismo"],"yoast_head":"<!-- This site is optimized with the Yoast SEO plugin v27.4 - https:\/\/yoast.com\/product\/yoast-seo-wordpress\/ -->\n<title>Acusan de asesinato a polic\u00eda en caso que desat\u00f3 jornadas de violencia en Mine\u00e1polis<\/title>\n<meta name=\"description\" content=\"Sucesos\" \/>\n<meta name=\"robots\" content=\"index, follow, max-snippet:-1, max-image-preview:large, max-video-preview:-1\" \/>\n<link rel=\"canonical\" href=\"https:\/\/digital58.com.ve\/site\/2020\/05\/29\/acusan-de-asesinato-a-policia-en-caso-que-desato-jornadas-de-violencia-en-mineapolis\/\" \/>\n<meta property=\"og:locale\" content=\"es_ES\" \/>\n<meta property=\"og:type\" content=\"article\" \/>\n<meta property=\"og:title\" content=\"Acusan de asesinato a polic\u00eda en caso que desat\u00f3 jornadas de violencia en Mine\u00e1polis\" \/>\n<meta property=\"og:description\" content=\"Sucesos\" \/>\n<meta property=\"og:url\" content=\"https:\/\/digital58.com.ve\/site\/2020\/05\/29\/acusan-de-asesinato-a-policia-en-caso-que-desato-jornadas-de-violencia-en-mineapolis\/\" \/>\n<meta property=\"og:site_name\" content=\"Noticias Digital58\" \/>\n<meta property=\"article:published_time\" content=\"2020-05-30T02:09:08+00:00\" \/>\n<meta property=\"og:image\" content=\"https:\/\/digital58.com.ve\/site\/wp-content\/uploads\/2020\/05\/floyd-george.jpg\" \/>\n\t<meta property=\"og:image:width\" content=\"800\" \/>\n\t<meta property=\"og:image:height\" content=\"533\" \/>\n\t<meta property=\"og:image:type\" content=\"image\/jpeg\" \/>\n<meta name=\"author\" content=\"Villasmil Henry\" \/>\n<meta name=\"twitter:card\" content=\"summary_large_image\" \/>\n<meta name=\"twitter:creator\" content=\"@https:\/\/twitter.com\/villasmilhfoto\" \/>\n<meta name=\"twitter:site\" content=\"@villasmilhfoto\" \/>\n<meta name=\"twitter:label1\" content=\"Escrito por\" \/>\n\t<meta name=\"twitter:data1\" content=\"Villasmil Henry\" \/>\n\t<meta name=\"twitter:label2\" content=\"Tiempo estimado de lectura\" \/>\n\t<meta name=\"twitter:data2\" content=\"2 minutos\" \/>\n<script type=\"application\/ld+json\" class=\"yoast-schema-graph\">{\"@context\":\"https:\\\/\\\/schema.org\",\"@graph\":[{\"@type\":\"Article\",\"@id\":\"https:\\\/\\\/digital58.com.ve\\\/site\\\/2020\\\/05\\\/29\\\/acusan-de-asesinato-a-policia-en-caso-que-desato-jornadas-de-violencia-en-mineapolis\\\/#article\",\"isPartOf\":{\"@id\":\"https:\\\/\\\/digital58.com.ve\\\/site\\\/2020\\\/05\\\/29\\\/acusan-de-asesinato-a-policia-en-caso-que-desato-jornadas-de-violencia-en-mineapolis\\\/\"},\"author\":{\"name\":\"Villasmil Henry\",\"@id\":\"https:\\\/\\\/digital58.com.ve\\\/site\\\/#\\\/schema\\\/person\\\/64d1c2e4d0d4fd1b849980c4331c2951\"},\"headline\":\"Acusan de asesinato a polic\u00eda en caso que desat\u00f3 jornadas de violencia en Mine\u00e1polis\",\"datePublished\":\"2020-05-30T02:09:08+00:00\",\"mainEntityOfPage\":{\"@id\":\"https:\\\/\\\/digital58.com.ve\\\/site\\\/2020\\\/05\\\/29\\\/acusan-de-asesinato-a-policia-en-caso-que-desato-jornadas-de-violencia-en-mineapolis\\\/\"},\"wordCount\":455,\"commentCount\":0,\"publisher\":{\"@id\":\"https:\\\/\\\/digital58.com.ve\\\/site\\\/#\\\/schema\\\/person\\\/64d1c2e4d0d4fd1b849980c4331c2951\"},\"image\":{\"@id\":\"https:\\\/\\\/digital58.com.ve\\\/site\\\/2020\\\/05\\\/29\\\/acusan-de-asesinato-a-policia-en-caso-que-desato-jornadas-de-violencia-en-mineapolis\\\/#primaryimage\"},\"thumbnailUrl\":\"https:\\\/\\\/digital58.com.ve\\\/site\\\/wp-content\\\/uploads\\\/2020\\\/05\\\/floyd-george.jpg\",\"keywords\":[\"Derek Chauvin\",\"Estados Unidos\",\"Fallecido\",\"George Floyd\",\"Internacionales\",\"Mike Freeman\",\"Mine\u00e1polis\",\"Protestas\",\"Racismo\"],\"articleSection\":[\"Sucesos\"],\"inLanguage\":\"es\",\"potentialAction\":[{\"@type\":\"CommentAction\",\"name\":\"Comment\",\"target\":[\"https:\\\/\\\/digital58.com.ve\\\/site\\\/2020\\\/05\\\/29\\\/acusan-de-asesinato-a-policia-en-caso-que-desato-jornadas-de-violencia-en-mineapolis\\\/#respond\"]}]},{\"@type\":\"WebPage\",\"@id\":\"https:\\\/\\\/digital58.com.ve\\\/site\\\/2020\\\/05\\\/29\\\/acusan-de-asesinato-a-policia-en-caso-que-desato-jornadas-de-violencia-en-mineapolis\\\/\",\"url\":\"https:\\\/\\\/digital58.com.ve\\\/site\\\/2020\\\/05\\\/29\\\/acusan-de-asesinato-a-policia-en-caso-que-desato-jornadas-de-violencia-en-mineapolis\\\/\",\"name\":\"Acusan de asesinato a polic\u00eda en caso que desat\u00f3 jornadas de violencia en Mine\u00e1polis\",\"isPartOf\":{\"@id\":\"https:\\\/\\\/digital58.com.ve\\\/site\\\/#website\"},\"primaryImageOfPage\":{\"@id\":\"https:\\\/\\\/digital58.com.ve\\\/site\\\/2020\\\/05\\\/29\\\/acusan-de-asesinato-a-policia-en-caso-que-desato-jornadas-de-violencia-en-mineapolis\\\/#primaryimage\"},\"image\":{\"@id\":\"https:\\\/\\\/digital58.com.ve\\\/site\\\/2020\\\/05\\\/29\\\/acusan-de-asesinato-a-policia-en-caso-que-desato-jornadas-de-violencia-en-mineapolis\\\/#primaryimage\"},\"thumbnailUrl\":\"https:\\\/\\\/digital58.com.ve\\\/site\\\/wp-content\\\/uploads\\\/2020\\\/05\\\/floyd-george.jpg\",\"datePublished\":\"2020-05-30T02:09:08+00:00\",\"description\":\"Sucesos\",\"breadcrumb\":{\"@id\":\"https:\\\/\\\/digital58.com.ve\\\/site\\\/2020\\\/05\\\/29\\\/acusan-de-asesinato-a-policia-en-caso-que-desato-jornadas-de-violencia-en-mineapolis\\\/#breadcrumb\"},\"inLanguage\":\"es\",\"potentialAction\":[{\"@type\":\"ReadAction\",\"target\":[\"https:\\\/\\\/digital58.com.ve\\\/site\\\/2020\\\/05\\\/29\\\/acusan-de-asesinato-a-policia-en-caso-que-desato-jornadas-de-violencia-en-mineapolis\\\/\"]}]},{\"@type\":\"ImageObject\",\"inLanguage\":\"es\",\"@id\":\"https:\\\/\\\/digital58.com.ve\\\/site\\\/2020\\\/05\\\/29\\\/acusan-de-asesinato-a-policia-en-caso-que-desato-jornadas-de-violencia-en-mineapolis\\\/#primaryimage\",\"url\":\"https:\\\/\\\/digital58.com.ve\\\/site\\\/wp-content\\\/uploads\\\/2020\\\/05\\\/floyd-george.jpg\",\"contentUrl\":\"https:\\\/\\\/digital58.com.ve\\\/site\\\/wp-content\\\/uploads\\\/2020\\\/05\\\/floyd-george.jpg\",\"width\":800,\"height\":533},{\"@type\":\"BreadcrumbList\",\"@id\":\"https:\\\/\\\/digital58.com.ve\\\/site\\\/2020\\\/05\\\/29\\\/acusan-de-asesinato-a-policia-en-caso-que-desato-jornadas-de-violencia-en-mineapolis\\\/#breadcrumb\",\"itemListElement\":[{\"@type\":\"ListItem\",\"position\":1,\"name\":\"Home\",\"item\":\"https:\\\/\\\/digital58.com.ve\\\/site\\\/\"},{\"@type\":\"ListItem\",\"position\":2,\"name\":\"Acusan de asesinato a polic\u00eda en caso que desat\u00f3 jornadas de violencia en Mine\u00e1polis\"}]},{\"@type\":\"WebSite\",\"@id\":\"https:\\\/\\\/digital58.com.ve\\\/site\\\/#website\",\"url\":\"https:\\\/\\\/digital58.com.ve\\\/site\\\/\",\"name\":\"Noticias Digital58\",\"description\":\"Portal de Noticias \u00a1Periodismo web de verdad! Lanzamiento web 22.11.2005 \\\/ Maracaibo, Venezuela\",\"publisher\":{\"@id\":\"https:\\\/\\\/digital58.com.ve\\\/site\\\/#\\\/schema\\\/person\\\/64d1c2e4d0d4fd1b849980c4331c2951\"},\"alternateName\":\"ND58\",\"potentialAction\":[{\"@type\":\"SearchAction\",\"target\":{\"@type\":\"EntryPoint\",\"urlTemplate\":\"https:\\\/\\\/digital58.com.ve\\\/site\\\/?s={search_term_string}\"},\"query-input\":{\"@type\":\"PropertyValueSpecification\",\"valueRequired\":true,\"valueName\":\"search_term_string\"}}],\"inLanguage\":\"es\"},{\"@type\":[\"Person\",\"Organization\"],\"@id\":\"https:\\\/\\\/digital58.com.ve\\\/site\\\/#\\\/schema\\\/person\\\/64d1c2e4d0d4fd1b849980c4331c2951\",\"name\":\"Villasmil Henry\",\"image\":{\"@type\":\"ImageObject\",\"inLanguage\":\"es\",\"@id\":\"https:\\\/\\\/secure.gravatar.com\\\/avatar\\\/bb0c4a2fcb7970138239f7e404ea75757b1b507b28b5ce4c53fbd62d797c5a7c?s=96&d=mm&r=g\",\"url\":\"https:\\\/\\\/secure.gravatar.com\\\/avatar\\\/bb0c4a2fcb7970138239f7e404ea75757b1b507b28b5ce4c53fbd62d797c5a7c?s=96&d=mm&r=g\",\"contentUrl\":\"https:\\\/\\\/secure.gravatar.com\\\/avatar\\\/bb0c4a2fcb7970138239f7e404ea75757b1b507b28b5ce4c53fbd62d797c5a7c?s=96&d=mm&r=g\",\"caption\":\"Villasmil Henry\"},\"logo\":{\"@id\":\"https:\\\/\\\/secure.gravatar.com\\\/avatar\\\/bb0c4a2fcb7970138239f7e404ea75757b1b507b28b5ce4c53fbd62d797c5a7c?s=96&d=mm&r=g\"},\"sameAs\":[\"http:\\\/\\\/www.henryvillasmil.com.ve\",\"https:\\\/\\\/www.instagram.com\\\/villasmilhfoto\\\/\",\"https:\\\/\\\/x.com\\\/https:\\\/\\\/twitter.com\\\/villasmilhfoto\"],\"url\":\"https:\\\/\\\/digital58.com.ve\\\/site\\\/author\\\/droopy_68\\\/\"}]}<\/script>\n<!-- \/ Yoast SEO plugin. -->","yoast_head_json":{"title":"Acusan de asesinato a polic\u00eda en caso que desat\u00f3 jornadas de violencia en Mine\u00e1polis","description":"Sucesos","robots":{"index":"index","follow":"follow","max-snippet":"max-snippet:-1","max-image-preview":"max-image-preview:large","max-video-preview":"max-video-preview:-1"},"canonical":"https:\/\/digital58.com.ve\/site\/2020\/05\/29\/acusan-de-asesinato-a-policia-en-caso-que-desato-jornadas-de-violencia-en-mineapolis\/","og_locale":"es_ES","og_type":"article","og_title":"Acusan de asesinato a polic\u00eda en caso que desat\u00f3 jornadas de violencia en Mine\u00e1polis","og_description":"Sucesos","og_url":"https:\/\/digital58.com.ve\/site\/2020\/05\/29\/acusan-de-asesinato-a-policia-en-caso-que-desato-jornadas-de-violencia-en-mineapolis\/","og_site_name":"Noticias Digital58","article_published_time":"2020-05-30T02:09:08+00:00","og_image":[{"width":800,"height":533,"url":"https:\/\/digital58.com.ve\/site\/wp-content\/uploads\/2020\/05\/floyd-george.jpg","type":"image\/jpeg"}],"author":"Villasmil Henry","twitter_card":"summary_large_image","twitter_creator":"@https:\/\/twitter.com\/villasmilhfoto","twitter_site":"@villasmilhfoto","twitter_misc":{"Escrito por":"Villasmil Henry","Tiempo estimado de lectura":"2 minutos"},"schema":{"@context":"https:\/\/schema.org","@graph":[{"@type":"Article","@id":"https:\/\/digital58.com.ve\/site\/2020\/05\/29\/acusan-de-asesinato-a-policia-en-caso-que-desato-jornadas-de-violencia-en-mineapolis\/#article","isPartOf":{"@id":"https:\/\/digital58.com.ve\/site\/2020\/05\/29\/acusan-de-asesinato-a-policia-en-caso-que-desato-jornadas-de-violencia-en-mineapolis\/"},"author":{"name":"Villasmil Henry","@id":"https:\/\/digital58.com.ve\/site\/#\/schema\/person\/64d1c2e4d0d4fd1b849980c4331c2951"},"headline":"Acusan de asesinato a polic\u00eda en caso que desat\u00f3 jornadas de violencia en Mine\u00e1polis","datePublished":"2020-05-30T02:09:08+00:00","mainEntityOfPage":{"@id":"https:\/\/digital58.com.ve\/site\/2020\/05\/29\/acusan-de-asesinato-a-policia-en-caso-que-desato-jornadas-de-violencia-en-mineapolis\/"},"wordCount":455,"commentCount":0,"publisher":{"@id":"https:\/\/digital58.com.ve\/site\/#\/schema\/person\/64d1c2e4d0d4fd1b849980c4331c2951"},"image":{"@id":"https:\/\/digital58.com.ve\/site\/2020\/05\/29\/acusan-de-asesinato-a-policia-en-caso-que-desato-jornadas-de-violencia-en-mineapolis\/#primaryimage"},"thumbnailUrl":"https:\/\/digital58.com.ve\/site\/wp-content\/uploads\/2020\/05\/floyd-george.jpg","keywords":["Derek Chauvin","Estados Unidos","Fallecido","George Floyd","Internacionales","Mike Freeman","Mine\u00e1polis","Protestas","Racismo"],"articleSection":["Sucesos"],"inLanguage":"es","potentialAction":[{"@type":"CommentAction","name":"Comment","target":["https:\/\/digital58.com.ve\/site\/2020\/05\/29\/acusan-de-asesinato-a-policia-en-caso-que-desato-jornadas-de-violencia-en-mineapolis\/#respond"]}]},{"@type":"WebPage","@id":"https:\/\/digital58.com.ve\/site\/2020\/05\/29\/acusan-de-asesinato-a-policia-en-caso-que-desato-jornadas-de-violencia-en-mineapolis\/","url":"https:\/\/digital58.com.ve\/site\/2020\/05\/29\/acusan-de-asesinato-a-policia-en-caso-que-desato-jornadas-de-violencia-en-mineapolis\/","name":"Acusan de asesinato a polic\u00eda en caso que desat\u00f3 jornadas de violencia en Mine\u00e1polis","isPartOf":{"@id":"https:\/\/digital58.com.ve\/site\/#website"},"primaryImageOfPage":{"@id":"https:\/\/digital58.com.ve\/site\/2020\/05\/29\/acusan-de-asesinato-a-policia-en-caso-que-desato-jornadas-de-violencia-en-mineapolis\/#primaryimage"},"image":{"@id":"https:\/\/digital58.com.ve\/site\/2020\/05\/29\/acusan-de-asesinato-a-policia-en-caso-que-desato-jornadas-de-violencia-en-mineapolis\/#primaryimage"},"thumbnailUrl":"https:\/\/digital58.com.ve\/site\/wp-content\/uploads\/2020\/05\/floyd-george.jpg","datePublished":"2020-05-30T02:09:08+00:00","description":"Sucesos","breadcrumb":{"@id":"https:\/\/digital58.com.ve\/site\/2020\/05\/29\/acusan-de-asesinato-a-policia-en-caso-que-desato-jornadas-de-violencia-en-mineapolis\/#breadcrumb"},"inLanguage":"es","potentialAction":[{"@type":"ReadAction","target":["https:\/\/digital58.com.ve\/site\/2020\/05\/29\/acusan-de-asesinato-a-policia-en-caso-que-desato-jornadas-de-violencia-en-mineapolis\/"]}]},{"@type":"ImageObject","inLanguage":"es","@id":"https:\/\/digital58.com.ve\/site\/2020\/05\/29\/acusan-de-asesinato-a-policia-en-caso-que-desato-jornadas-de-violencia-en-mineapolis\/#primaryimage","url":"https:\/\/digital58.com.ve\/site\/wp-content\/uploads\/2020\/05\/floyd-george.jpg","contentUrl":"https:\/\/digital58.com.ve\/site\/wp-content\/uploads\/2020\/05\/floyd-george.jpg","width":800,"height":533},{"@type":"BreadcrumbList","@id":"https:\/\/digital58.com.ve\/site\/2020\/05\/29\/acusan-de-asesinato-a-policia-en-caso-que-desato-jornadas-de-violencia-en-mineapolis\/#breadcrumb","itemListElement":[{"@type":"ListItem","position":1,"name":"Home","item":"https:\/\/digital58.com.ve\/site\/"},{"@type":"ListItem","position":2,"name":"Acusan de asesinato a polic\u00eda en caso que desat\u00f3 jornadas de violencia en Mine\u00e1polis"}]},{"@type":"WebSite","@id":"https:\/\/digital58.com.ve\/site\/#website","url":"https:\/\/digital58.com.ve\/site\/","name":"Noticias Digital58","description":"Portal de Noticias \u00a1Periodismo web de verdad! Lanzamiento web 22.11.2005 \/ Maracaibo, Venezuela","publisher":{"@id":"https:\/\/digital58.com.ve\/site\/#\/schema\/person\/64d1c2e4d0d4fd1b849980c4331c2951"},"alternateName":"ND58","potentialAction":[{"@type":"SearchAction","target":{"@type":"EntryPoint","urlTemplate":"https:\/\/digital58.com.ve\/site\/?s={search_term_string}"},"query-input":{"@type":"PropertyValueSpecification","valueRequired":true,"valueName":"search_term_string"}}],"inLanguage":"es"},{"@type":["Person","Organization"],"@id":"https:\/\/digital58.com.ve\/site\/#\/schema\/person\/64d1c2e4d0d4fd1b849980c4331c2951","name":"Villasmil Henry","image":{"@type":"ImageObject","inLanguage":"es","@id":"https:\/\/secure.gravatar.com\/avatar\/bb0c4a2fcb7970138239f7e404ea75757b1b507b28b5ce4c53fbd62d797c5a7c?s=96&d=mm&r=g","url":"https:\/\/secure.gravatar.com\/avatar\/bb0c4a2fcb7970138239f7e404ea75757b1b507b28b5ce4c53fbd62d797c5a7c?s=96&d=mm&r=g","contentUrl":"https:\/\/secure.gravatar.com\/avatar\/bb0c4a2fcb7970138239f7e404ea75757b1b507b28b5ce4c53fbd62d797c5a7c?s=96&d=mm&r=g","caption":"Villasmil Henry"},"logo":{"@id":"https:\/\/secure.gravatar.com\/avatar\/bb0c4a2fcb7970138239f7e404ea75757b1b507b28b5ce4c53fbd62d797c5a7c?s=96&d=mm&r=g"},"sameAs":["http:\/\/www.henryvillasmil.com.ve","https:\/\/www.instagram.com\/villasmilhfoto\/","https:\/\/x.com\/https:\/\/twitter.com\/villasmilhfoto"],"url":"https:\/\/digital58.com.ve\/site\/author\/droopy_68\/"}]}},"uagb_featured_image_src":{"full":["https:\/\/digital58.com.ve\/site\/wp-content\/uploads\/2020\/05\/floyd-george.jpg",800,533,false],"thumbnail":["https:\/\/digital58.com.ve\/site\/wp-content\/uploads\/2020\/05\/floyd-george-150x150.jpg",150,150,true],"medium":["https:\/\/digital58.com.ve\/site\/wp-content\/uploads\/2020\/05\/floyd-george-300x200.jpg",300,200,true],"medium_large":["https:\/\/digital58.com.ve\/site\/wp-content\/uploads\/2020\/05\/floyd-george-768x512.jpg",768,512,true],"large":["https:\/\/digital58.com.ve\/site\/wp-content\/uploads\/2020\/05\/floyd-george.jpg",800,533,false],"1536x1536":["https:\/\/digital58.com.ve\/site\/wp-content\/uploads\/2020\/05\/floyd-george.jpg",800,533,false],"2048x2048":["https:\/\/digital58.com.ve\/site\/wp-content\/uploads\/2020\/05\/floyd-george.jpg",800,533,false],"colormag-highlighted-post":["https:\/\/digital58.com.ve\/site\/wp-content\/uploads\/2020\/05\/floyd-george.jpg",392,261,false],"colormag-featured-post-medium":["https:\/\/digital58.com.ve\/site\/wp-content\/uploads\/2020\/05\/floyd-george.jpg",308,205,false],"colormag-featured-post-small":["https:\/\/digital58.com.ve\/site\/wp-content\/uploads\/2020\/05\/floyd-george.jpg",130,87,false],"colormag-featured-image":["https:\/\/digital58.com.ve\/site\/wp-content\/uploads\/2020\/05\/floyd-george.jpg",668,445,false],"colormag-default-news":["https:\/\/digital58.com.ve\/site\/wp-content\/uploads\/2020\/05\/floyd-george.jpg",150,100,false],"colormag-featured-image-large":["https:\/\/digital58.com.ve\/site\/wp-content\/uploads\/2020\/05\/floyd-george.jpg",800,533,false]},"uagb_author_info":{"display_name":"Villasmil Henry","author_link":"https:\/\/digital58.com.ve\/site\/author\/droopy_68\/"},"uagb_comment_info":0,"uagb_excerpt":"Un oficial de polic\u00eda de Mine\u00e1polis que inmoviliz\u00f3 con una rodilla en el cuello a un afroamericano desarmado que minutos","_links":{"self":[{"href":"https:\/\/digital58.com.ve\/site\/wp-json\/wp\/v2\/posts\/103295","targetHints":{"allow":["GET"]}}],"collection":[{"href":"https:\/\/digital58.com.ve\/site\/wp-json\/wp\/v2\/posts"}],"about":[{"href":"https:\/\/digital58.com.ve\/site\/wp-json\/wp\/v2\/types\/post"}],"author":[{"embeddable":true,"href":"https:\/\/digital58.com.ve\/site\/wp-json\/wp\/v2\/users\/1"}],"replies":[{"embeddable":true,"href":"https:\/\/digital58.com.ve\/site\/wp-json\/wp\/v2\/comments?post=103295"}],"version-history":[{"count":0,"href":"https:\/\/digital58.com.ve\/site\/wp-json\/wp\/v2\/posts\/103295\/revisions"}],"wp:featuredmedia":[{"embeddable":true,"href":"https:\/\/digital58.com.ve\/site\/wp-json\/wp\/v2\/media\/103296"}],"wp:attachment":[{"href":"https:\/\/digital58.com.ve\/site\/wp-json\/wp\/v2\/media?parent=103295"}],"wp:term":[{"taxonomy":"category","embeddable":true,"href":"https:\/\/digital58.com.ve\/site\/wp-json\/wp\/v2\/categories?post=103295"},{"taxonomy":"post_tag","embeddable":true,"href":"https:\/\/digital58.com.ve\/site\/wp-json\/wp\/v2\/tags?post=103295"}],"curies":[{"name":"wp","href":"https:\/\/api.w.org\/{rel}","templated":true}]}}