{"id":104006,"date":"2020-06-02T07:56:42","date_gmt":"2020-06-02T11:56:42","guid":{"rendered":"https:\/\/digital58.com.ve\/site\/?p=104006"},"modified":"2020-06-02T07:56:42","modified_gmt":"2020-06-02T11:56:42","slug":"mimi-lazo-es-criticada-en-las-redes-por-protestar-en-ee-uu","status":"publish","type":"post","link":"https:\/\/digital58.com.ve\/site\/2020\/06\/02\/mimi-lazo-es-criticada-en-las-redes-por-protestar-en-ee-uu\/","title":{"rendered":"Mim\u00ed Lazo es criticada en las redes por protestar en EE.UU"},"content":{"rendered":"\r\n<p><a href=\"https:\/\/digital58.com.ve\/site\/wp-content\/uploads\/2020\/06\/Mimi-Lazo.jpg\"><img loading=\"lazy\" decoding=\"async\" class=\"aligncenter size-full wp-image-104053\" src=\"https:\/\/digital58.com.ve\/site\/wp-content\/uploads\/2020\/06\/Mimi-Lazo.jpg\" alt=\"\" width=\"1024\" height=\"576\" srcset=\"https:\/\/digital58.com.ve\/site\/wp-content\/uploads\/2020\/06\/Mimi-Lazo.jpg 800w, https:\/\/digital58.com.ve\/site\/wp-content\/uploads\/2020\/06\/Mimi-Lazo-300x169.jpg 300w, https:\/\/digital58.com.ve\/site\/wp-content\/uploads\/2020\/06\/Mimi-Lazo-768x432.jpg 768w\" sizes=\"auto, (max-width: 1024px) 100vw, 1024px\" \/><\/a><\/p>\r\n<p>La actriz Mim\u00ed Lazo, fue criticada en redes sociales, despu\u00e9s de publicar fotograf\u00edas donde se ve protestando abiertamente en manifestaciones en Estados Unidos, en rechazo a la muerte de George Floyd, cuando como venezolana nunca protest\u00f3 contra la violaci\u00f3n de los derechos humanos en Venezuela.<\/p>\r\n<p><strong>Miami, Estados Unidos 1 de junio de 2020 (ND58).-<\/strong> Por su parte la actriz bloque\u00f3 todos los comentarios en su cuenta personal de Instagram, para que ning\u00fan usuario pudiera interactuar en sus publicaciones..<\/p>\r\n<p>\u00abLa brutalidad policial en Estados Unidos por motivos raciales es una tragedia hist\u00f3rica en este pa\u00eds. El asesinato de George Floyd en manos de un polic\u00eda abre de nuevo esta herida generada por el odio y el tribalismo m\u00e1s peligroso. Qu\u00e9 dolor que no hayamos aprendido despu\u00e9s de tanto sufrimiento, que el odio solo trae tragedia y dolor. \u00bfAd\u00f3nde vamos? En serio. La violaci\u00f3n de los derechos humanos es inaceptable sea donde sea que ocurra. En Minnesota, Venezuela o Sud\u00e1n. Y no podemos permitirlo en ninguna parte\u00bb, escribi\u00f3 la actriz en su publicaci\u00f3n en la red social Instagram.<\/p>\r\n<p><a href=\"https:\/\/digital58.com.ve\/site\/wp-content\/uploads\/2020\/06\/Mimi-Lazo-protesto-en-Miami-por-el-asesinato-de-George.jpg\"><img loading=\"lazy\" decoding=\"async\" class=\"aligncenter size-full wp-image-104054\" src=\"https:\/\/digital58.com.ve\/site\/wp-content\/uploads\/2020\/06\/Mimi-Lazo-protesto-en-Miami-por-el-asesinato-de-George.jpg\" alt=\"\" width=\"800\" height=\"533\" srcset=\"https:\/\/digital58.com.ve\/site\/wp-content\/uploads\/2020\/06\/Mimi-Lazo-protesto-en-Miami-por-el-asesinato-de-George.jpg 800w, https:\/\/digital58.com.ve\/site\/wp-content\/uploads\/2020\/06\/Mimi-Lazo-protesto-en-Miami-por-el-asesinato-de-George-300x200.jpg 300w, https:\/\/digital58.com.ve\/site\/wp-content\/uploads\/2020\/06\/Mimi-Lazo-protesto-en-Miami-por-el-asesinato-de-George-768x512.jpg 768w, https:\/\/digital58.com.ve\/site\/wp-content\/uploads\/2020\/06\/Mimi-Lazo-protesto-en-Miami-por-el-asesinato-de-George-720x480.jpg 720w, https:\/\/digital58.com.ve\/site\/wp-content\/uploads\/2020\/06\/Mimi-Lazo-protesto-en-Miami-por-el-asesinato-de-George-480x320.jpg 480w\" sizes=\"auto, (max-width: 800px) 100vw, 800px\" \/><\/a><\/p>\r\n<p>Una oleada de cr\u00edticas recibi\u00f3 abruptamente la actriz, debido a que en Venezuela apoyaba el r\u00e9gimen revolucionario y nunca luch\u00f3 por los derechos de sus compatriotas venezolanos.<\/p>\r\n<p>\u00abMim\u00ed Lazo est\u00e1 llorando por la actuaci\u00f3n de los polic\u00edas en Estados Unidos, no me extra\u00f1a, es chavista disfrazada. Mim\u00ed Lazo nunca llor\u00f3 por los asesinatos y fusilados de parte de la GNB y la PNB a los estudiantes y gente inocente de Venezuela\u00bb, fue un comentario de un usuario en las redes sociales.<\/p>\r\n<p>A consecuencia de que las protestas en Estados Unidos aumentaran en las \u00faltimas horas contra el presidente Donald Trump, a consecuencia del acontecimiento contra George Floyd, en Minneapolis.<\/p>\r\n<p>Las protestas siguen y se est\u00e1n intensificando hasta el punto que los manifestantes se dirigieron hasta la Casa Blanca, como consecuencia se apagaron las luces en el exterior y el presidente estadounidense Donald Trump, tuvo que resguardarse en un <em>bunker<\/em> de m\u00e1xima seguridad por varias horas, velando por su seguridad cumpliendo por los protocolos de seguridad establecidos.<\/p><div class=\"eedan69f394da5ba85\" ><p style=\"text-align: center;\"><a href=\"https:\/\/t.me\/noticiasdigital58\" target=\"_blank\" rel=\"noopener\"><img class=\"aligncenter size-full wp-image-125363\" src=\"https:\/\/digital58.com.ve\/site\/wp-content\/uploads\/2021\/04\/banner-telegram-web-2021.png\" alt=\"\" width=\"600\" height=\"90\" \/><\/a><\/p><\/div><style type=\"text\/css\">\r\n@media screen and (min-width: 1201px) {\r\n.eedan69f394da5ba85 {\r\ndisplay: block;\r\n}\r\n}\r\n@media screen and (min-width: 993px) and (max-width: 1200px) {\r\n.eedan69f394da5ba85 {\r\ndisplay: block;\r\n}\r\n}\r\n@media screen and (min-width: 769px) and (max-width: 992px) {\r\n.eedan69f394da5ba85 {\r\ndisplay: block;\r\n}\r\n}\r\n@media screen and (min-width: 768px) and (max-width: 768px) {\r\n.eedan69f394da5ba85 {\r\ndisplay: block;\r\n}\r\n}\r\n@media screen and (max-width: 767px) {\r\n.eedan69f394da5ba85 {\r\ndisplay: block;\r\n}\r\n}\r\n<\/style>\r\n\r\n<p><strong>Redacci\u00f3n: Rubio, Laura Isabel (@lauraisabelrubio) | Fuente: Agencias <\/strong><br \/><strong>Edici\u00f3n: Villasmil, Henry<\/strong><br \/><strong>Gr\u00e1ficas: Cortes\u00eda<\/strong><br \/><br \/><\/p>\r\n<div style=\"margin-top: 0px; margin-bottom: 0px;\" class=\"sharethis-inline-share-buttons\" ><\/div>","protected":false},"excerpt":{"rendered":"<p>La actriz Mim\u00ed Lazo, fue criticada en redes sociales, despu\u00e9s de publicar fotograf\u00edas donde se ve protestando abiertamente en manifestaciones<\/p>\n","protected":false},"author":28,"featured_media":104054,"comment_status":"open","ping_status":"closed","sticky":false,"template":"","format":"standard","meta":{"colormag_page_container_layout":"default_layout","colormag_page_sidebar_layout":"default_layout","_uag_custom_page_level_css":"","footnotes":""},"categories":[1],"tags":[1304,273,15201,942,8,131,4993,248,135],"class_list":["post-104006","post","type-post","status-publish","format-standard","has-post-thumbnail","hentry","category-fama","tag-estados-unidos","tag-farandula","tag-george-floyd","tag-instagram","tag-internacionales","tag-miami","tag-mimi-lazo","tag-redes-sociales","tag-venezolanos-en-el-exterior"],"yoast_head":"<!-- This site is optimized with the Yoast SEO plugin v27.5 - https:\/\/yoast.com\/product\/yoast-seo-wordpress\/ -->\n<title>Mim\u00ed Lazo es criticada en las redes por protestar en EE.UU<\/title>\n<meta name=\"description\" content=\"Fama\" \/>\n<meta name=\"robots\" content=\"index, follow, max-snippet:-1, max-image-preview:large, max-video-preview:-1\" \/>\n<link rel=\"canonical\" href=\"https:\/\/digital58.com.ve\/site\/2020\/06\/02\/mimi-lazo-es-criticada-en-las-redes-por-protestar-en-ee-uu\/\" \/>\n<meta property=\"og:locale\" content=\"es_ES\" \/>\n<meta property=\"og:type\" content=\"article\" \/>\n<meta property=\"og:title\" content=\"Mim\u00ed Lazo es criticada en las redes por protestar en EE.UU\" \/>\n<meta property=\"og:description\" content=\"Fama\" \/>\n<meta property=\"og:url\" content=\"https:\/\/digital58.com.ve\/site\/2020\/06\/02\/mimi-lazo-es-criticada-en-las-redes-por-protestar-en-ee-uu\/\" \/>\n<meta property=\"og:site_name\" content=\"Noticias Digital58\" \/>\n<meta property=\"article:published_time\" content=\"2020-06-02T11:56:42+00:00\" \/>\n<meta property=\"og:image\" content=\"https:\/\/digital58.com.ve\/site\/wp-content\/uploads\/2020\/06\/Mimi-Lazo-protesto-en-Miami-por-el-asesinato-de-George.jpg\" \/>\n\t<meta property=\"og:image:width\" content=\"800\" \/>\n\t<meta property=\"og:image:height\" content=\"533\" \/>\n\t<meta property=\"og:image:type\" content=\"image\/jpeg\" \/>\n<meta name=\"author\" content=\"Rubio Laura Isabel\" \/>\n<meta name=\"twitter:card\" content=\"summary_large_image\" \/>\n<meta name=\"twitter:creator\" content=\"@Digital_58\" \/>\n<meta name=\"twitter:site\" content=\"@villasmilhfoto\" \/>\n<meta name=\"twitter:label1\" content=\"Escrito por\" \/>\n\t<meta name=\"twitter:data1\" content=\"Rubio Laura Isabel\" \/>\n\t<meta name=\"twitter:label2\" content=\"Tiempo estimado de lectura\" \/>\n\t<meta name=\"twitter:data2\" content=\"2 minutos\" \/>\n<script type=\"application\/ld+json\" class=\"yoast-schema-graph\">{\"@context\":\"https:\\\/\\\/schema.org\",\"@graph\":[{\"@type\":\"Article\",\"@id\":\"https:\\\/\\\/digital58.com.ve\\\/site\\\/2020\\\/06\\\/02\\\/mimi-lazo-es-criticada-en-las-redes-por-protestar-en-ee-uu\\\/#article\",\"isPartOf\":{\"@id\":\"https:\\\/\\\/digital58.com.ve\\\/site\\\/2020\\\/06\\\/02\\\/mimi-lazo-es-criticada-en-las-redes-por-protestar-en-ee-uu\\\/\"},\"author\":{\"name\":\"Rubio Laura Isabel\",\"@id\":\"https:\\\/\\\/digital58.com.ve\\\/site\\\/#\\\/schema\\\/person\\\/6672bab44ab958838204ebb2cb0e8d52\"},\"headline\":\"Mim\u00ed Lazo es criticada en las redes por protestar en EE.UU\",\"datePublished\":\"2020-06-02T11:56:42+00:00\",\"mainEntityOfPage\":{\"@id\":\"https:\\\/\\\/digital58.com.ve\\\/site\\\/2020\\\/06\\\/02\\\/mimi-lazo-es-criticada-en-las-redes-por-protestar-en-ee-uu\\\/\"},\"wordCount\":389,\"commentCount\":0,\"publisher\":{\"@id\":\"https:\\\/\\\/digital58.com.ve\\\/site\\\/#\\\/schema\\\/person\\\/64d1c2e4d0d4fd1b849980c4331c2951\"},\"image\":{\"@id\":\"https:\\\/\\\/digital58.com.ve\\\/site\\\/2020\\\/06\\\/02\\\/mimi-lazo-es-criticada-en-las-redes-por-protestar-en-ee-uu\\\/#primaryimage\"},\"thumbnailUrl\":\"https:\\\/\\\/digital58.com.ve\\\/site\\\/wp-content\\\/uploads\\\/2020\\\/06\\\/Mimi-Lazo-protesto-en-Miami-por-el-asesinato-de-George.jpg\",\"keywords\":[\"Estados Unidos\",\"Far\u00e1ndula\",\"George Floyd\",\"Instagram\",\"Internacionales\",\"Miami\",\"Mim\u00ed Lazo\",\"Redes Sociales\",\"Venezolanos en el exterior\"],\"articleSection\":[\"Fama\"],\"inLanguage\":\"es\",\"potentialAction\":[{\"@type\":\"CommentAction\",\"name\":\"Comment\",\"target\":[\"https:\\\/\\\/digital58.com.ve\\\/site\\\/2020\\\/06\\\/02\\\/mimi-lazo-es-criticada-en-las-redes-por-protestar-en-ee-uu\\\/#respond\"]}]},{\"@type\":\"WebPage\",\"@id\":\"https:\\\/\\\/digital58.com.ve\\\/site\\\/2020\\\/06\\\/02\\\/mimi-lazo-es-criticada-en-las-redes-por-protestar-en-ee-uu\\\/\",\"url\":\"https:\\\/\\\/digital58.com.ve\\\/site\\\/2020\\\/06\\\/02\\\/mimi-lazo-es-criticada-en-las-redes-por-protestar-en-ee-uu\\\/\",\"name\":\"Mim\u00ed Lazo es criticada en las redes por protestar en EE.UU\",\"isPartOf\":{\"@id\":\"https:\\\/\\\/digital58.com.ve\\\/site\\\/#website\"},\"primaryImageOfPage\":{\"@id\":\"https:\\\/\\\/digital58.com.ve\\\/site\\\/2020\\\/06\\\/02\\\/mimi-lazo-es-criticada-en-las-redes-por-protestar-en-ee-uu\\\/#primaryimage\"},\"image\":{\"@id\":\"https:\\\/\\\/digital58.com.ve\\\/site\\\/2020\\\/06\\\/02\\\/mimi-lazo-es-criticada-en-las-redes-por-protestar-en-ee-uu\\\/#primaryimage\"},\"thumbnailUrl\":\"https:\\\/\\\/digital58.com.ve\\\/site\\\/wp-content\\\/uploads\\\/2020\\\/06\\\/Mimi-Lazo-protesto-en-Miami-por-el-asesinato-de-George.jpg\",\"datePublished\":\"2020-06-02T11:56:42+00:00\",\"description\":\"Fama\",\"breadcrumb\":{\"@id\":\"https:\\\/\\\/digital58.com.ve\\\/site\\\/2020\\\/06\\\/02\\\/mimi-lazo-es-criticada-en-las-redes-por-protestar-en-ee-uu\\\/#breadcrumb\"},\"inLanguage\":\"es\",\"potentialAction\":[{\"@type\":\"ReadAction\",\"target\":[\"https:\\\/\\\/digital58.com.ve\\\/site\\\/2020\\\/06\\\/02\\\/mimi-lazo-es-criticada-en-las-redes-por-protestar-en-ee-uu\\\/\"]}]},{\"@type\":\"ImageObject\",\"inLanguage\":\"es\",\"@id\":\"https:\\\/\\\/digital58.com.ve\\\/site\\\/2020\\\/06\\\/02\\\/mimi-lazo-es-criticada-en-las-redes-por-protestar-en-ee-uu\\\/#primaryimage\",\"url\":\"https:\\\/\\\/digital58.com.ve\\\/site\\\/wp-content\\\/uploads\\\/2020\\\/06\\\/Mimi-Lazo-protesto-en-Miami-por-el-asesinato-de-George.jpg\",\"contentUrl\":\"https:\\\/\\\/digital58.com.ve\\\/site\\\/wp-content\\\/uploads\\\/2020\\\/06\\\/Mimi-Lazo-protesto-en-Miami-por-el-asesinato-de-George.jpg\",\"width\":800,\"height\":533},{\"@type\":\"BreadcrumbList\",\"@id\":\"https:\\\/\\\/digital58.com.ve\\\/site\\\/2020\\\/06\\\/02\\\/mimi-lazo-es-criticada-en-las-redes-por-protestar-en-ee-uu\\\/#breadcrumb\",\"itemListElement\":[{\"@type\":\"ListItem\",\"position\":1,\"name\":\"Home\",\"item\":\"https:\\\/\\\/digital58.com.ve\\\/site\\\/\"},{\"@type\":\"ListItem\",\"position\":2,\"name\":\"Mim\u00ed Lazo es criticada en las redes por protestar en EE.UU\"}]},{\"@type\":\"WebSite\",\"@id\":\"https:\\\/\\\/digital58.com.ve\\\/site\\\/#website\",\"url\":\"https:\\\/\\\/digital58.com.ve\\\/site\\\/\",\"name\":\"Noticias Digital58\",\"description\":\"Portal de Noticias \u00a1Periodismo web de verdad! Lanzamiento web 22.11.2005 \\\/ Maracaibo, Venezuela\",\"publisher\":{\"@id\":\"https:\\\/\\\/digital58.com.ve\\\/site\\\/#\\\/schema\\\/person\\\/64d1c2e4d0d4fd1b849980c4331c2951\"},\"alternateName\":\"ND58\",\"potentialAction\":[{\"@type\":\"SearchAction\",\"target\":{\"@type\":\"EntryPoint\",\"urlTemplate\":\"https:\\\/\\\/digital58.com.ve\\\/site\\\/?s={search_term_string}\"},\"query-input\":{\"@type\":\"PropertyValueSpecification\",\"valueRequired\":true,\"valueName\":\"search_term_string\"}}],\"inLanguage\":\"es\"},{\"@type\":[\"Person\",\"Organization\"],\"@id\":\"https:\\\/\\\/digital58.com.ve\\\/site\\\/#\\\/schema\\\/person\\\/64d1c2e4d0d4fd1b849980c4331c2951\",\"name\":\"Villasmil Henry\",\"image\":{\"@type\":\"ImageObject\",\"inLanguage\":\"es\",\"@id\":\"https:\\\/\\\/secure.gravatar.com\\\/avatar\\\/bb0c4a2fcb7970138239f7e404ea75757b1b507b28b5ce4c53fbd62d797c5a7c?s=96&d=mm&r=g\",\"url\":\"https:\\\/\\\/secure.gravatar.com\\\/avatar\\\/bb0c4a2fcb7970138239f7e404ea75757b1b507b28b5ce4c53fbd62d797c5a7c?s=96&d=mm&r=g\",\"contentUrl\":\"https:\\\/\\\/secure.gravatar.com\\\/avatar\\\/bb0c4a2fcb7970138239f7e404ea75757b1b507b28b5ce4c53fbd62d797c5a7c?s=96&d=mm&r=g\",\"caption\":\"Villasmil Henry\"},\"logo\":{\"@id\":\"https:\\\/\\\/secure.gravatar.com\\\/avatar\\\/bb0c4a2fcb7970138239f7e404ea75757b1b507b28b5ce4c53fbd62d797c5a7c?s=96&d=mm&r=g\"},\"sameAs\":[\"http:\\\/\\\/www.henryvillasmil.com.ve\",\"https:\\\/\\\/www.instagram.com\\\/villasmilhfoto\\\/\",\"https:\\\/\\\/x.com\\\/https:\\\/\\\/twitter.com\\\/villasmilhfoto\"]},{\"@type\":\"Person\",\"@id\":\"https:\\\/\\\/digital58.com.ve\\\/site\\\/#\\\/schema\\\/person\\\/6672bab44ab958838204ebb2cb0e8d52\",\"name\":\"Rubio Laura Isabel\",\"image\":{\"@type\":\"ImageObject\",\"inLanguage\":\"es\",\"@id\":\"https:\\\/\\\/secure.gravatar.com\\\/avatar\\\/f7cc56b26fb0562df4488ff129a58c3c1a1bd264c9af5f313a9b1797fff1cfb9?s=96&d=mm&r=g\",\"url\":\"https:\\\/\\\/secure.gravatar.com\\\/avatar\\\/f7cc56b26fb0562df4488ff129a58c3c1a1bd264c9af5f313a9b1797fff1cfb9?s=96&d=mm&r=g\",\"contentUrl\":\"https:\\\/\\\/secure.gravatar.com\\\/avatar\\\/f7cc56b26fb0562df4488ff129a58c3c1a1bd264c9af5f313a9b1797fff1cfb9?s=96&d=mm&r=g\",\"caption\":\"Rubio Laura Isabel\"},\"url\":\"https:\\\/\\\/digital58.com.ve\\\/site\\\/author\\\/laurarubio\\\/\"}]}<\/script>\n<!-- \/ Yoast SEO plugin. -->","yoast_head_json":{"title":"Mim\u00ed Lazo es criticada en las redes por protestar en EE.UU","description":"Fama","robots":{"index":"index","follow":"follow","max-snippet":"max-snippet:-1","max-image-preview":"max-image-preview:large","max-video-preview":"max-video-preview:-1"},"canonical":"https:\/\/digital58.com.ve\/site\/2020\/06\/02\/mimi-lazo-es-criticada-en-las-redes-por-protestar-en-ee-uu\/","og_locale":"es_ES","og_type":"article","og_title":"Mim\u00ed Lazo es criticada en las redes por protestar en EE.UU","og_description":"Fama","og_url":"https:\/\/digital58.com.ve\/site\/2020\/06\/02\/mimi-lazo-es-criticada-en-las-redes-por-protestar-en-ee-uu\/","og_site_name":"Noticias Digital58","article_published_time":"2020-06-02T11:56:42+00:00","og_image":[{"width":800,"height":533,"url":"https:\/\/digital58.com.ve\/site\/wp-content\/uploads\/2020\/06\/Mimi-Lazo-protesto-en-Miami-por-el-asesinato-de-George.jpg","type":"image\/jpeg"}],"author":"Rubio Laura Isabel","twitter_card":"summary_large_image","twitter_creator":"@Digital_58","twitter_site":"@villasmilhfoto","twitter_misc":{"Escrito por":"Rubio Laura Isabel","Tiempo estimado de lectura":"2 minutos"},"schema":{"@context":"https:\/\/schema.org","@graph":[{"@type":"Article","@id":"https:\/\/digital58.com.ve\/site\/2020\/06\/02\/mimi-lazo-es-criticada-en-las-redes-por-protestar-en-ee-uu\/#article","isPartOf":{"@id":"https:\/\/digital58.com.ve\/site\/2020\/06\/02\/mimi-lazo-es-criticada-en-las-redes-por-protestar-en-ee-uu\/"},"author":{"name":"Rubio Laura Isabel","@id":"https:\/\/digital58.com.ve\/site\/#\/schema\/person\/6672bab44ab958838204ebb2cb0e8d52"},"headline":"Mim\u00ed Lazo es criticada en las redes por protestar en EE.UU","datePublished":"2020-06-02T11:56:42+00:00","mainEntityOfPage":{"@id":"https:\/\/digital58.com.ve\/site\/2020\/06\/02\/mimi-lazo-es-criticada-en-las-redes-por-protestar-en-ee-uu\/"},"wordCount":389,"commentCount":0,"publisher":{"@id":"https:\/\/digital58.com.ve\/site\/#\/schema\/person\/64d1c2e4d0d4fd1b849980c4331c2951"},"image":{"@id":"https:\/\/digital58.com.ve\/site\/2020\/06\/02\/mimi-lazo-es-criticada-en-las-redes-por-protestar-en-ee-uu\/#primaryimage"},"thumbnailUrl":"https:\/\/digital58.com.ve\/site\/wp-content\/uploads\/2020\/06\/Mimi-Lazo-protesto-en-Miami-por-el-asesinato-de-George.jpg","keywords":["Estados Unidos","Far\u00e1ndula","George Floyd","Instagram","Internacionales","Miami","Mim\u00ed Lazo","Redes Sociales","Venezolanos en el exterior"],"articleSection":["Fama"],"inLanguage":"es","potentialAction":[{"@type":"CommentAction","name":"Comment","target":["https:\/\/digital58.com.ve\/site\/2020\/06\/02\/mimi-lazo-es-criticada-en-las-redes-por-protestar-en-ee-uu\/#respond"]}]},{"@type":"WebPage","@id":"https:\/\/digital58.com.ve\/site\/2020\/06\/02\/mimi-lazo-es-criticada-en-las-redes-por-protestar-en-ee-uu\/","url":"https:\/\/digital58.com.ve\/site\/2020\/06\/02\/mimi-lazo-es-criticada-en-las-redes-por-protestar-en-ee-uu\/","name":"Mim\u00ed Lazo es criticada en las redes por protestar en EE.UU","isPartOf":{"@id":"https:\/\/digital58.com.ve\/site\/#website"},"primaryImageOfPage":{"@id":"https:\/\/digital58.com.ve\/site\/2020\/06\/02\/mimi-lazo-es-criticada-en-las-redes-por-protestar-en-ee-uu\/#primaryimage"},"image":{"@id":"https:\/\/digital58.com.ve\/site\/2020\/06\/02\/mimi-lazo-es-criticada-en-las-redes-por-protestar-en-ee-uu\/#primaryimage"},"thumbnailUrl":"https:\/\/digital58.com.ve\/site\/wp-content\/uploads\/2020\/06\/Mimi-Lazo-protesto-en-Miami-por-el-asesinato-de-George.jpg","datePublished":"2020-06-02T11:56:42+00:00","description":"Fama","breadcrumb":{"@id":"https:\/\/digital58.com.ve\/site\/2020\/06\/02\/mimi-lazo-es-criticada-en-las-redes-por-protestar-en-ee-uu\/#breadcrumb"},"inLanguage":"es","potentialAction":[{"@type":"ReadAction","target":["https:\/\/digital58.com.ve\/site\/2020\/06\/02\/mimi-lazo-es-criticada-en-las-redes-por-protestar-en-ee-uu\/"]}]},{"@type":"ImageObject","inLanguage":"es","@id":"https:\/\/digital58.com.ve\/site\/2020\/06\/02\/mimi-lazo-es-criticada-en-las-redes-por-protestar-en-ee-uu\/#primaryimage","url":"https:\/\/digital58.com.ve\/site\/wp-content\/uploads\/2020\/06\/Mimi-Lazo-protesto-en-Miami-por-el-asesinato-de-George.jpg","contentUrl":"https:\/\/digital58.com.ve\/site\/wp-content\/uploads\/2020\/06\/Mimi-Lazo-protesto-en-Miami-por-el-asesinato-de-George.jpg","width":800,"height":533},{"@type":"BreadcrumbList","@id":"https:\/\/digital58.com.ve\/site\/2020\/06\/02\/mimi-lazo-es-criticada-en-las-redes-por-protestar-en-ee-uu\/#breadcrumb","itemListElement":[{"@type":"ListItem","position":1,"name":"Home","item":"https:\/\/digital58.com.ve\/site\/"},{"@type":"ListItem","position":2,"name":"Mim\u00ed Lazo es criticada en las redes por protestar en EE.UU"}]},{"@type":"WebSite","@id":"https:\/\/digital58.com.ve\/site\/#website","url":"https:\/\/digital58.com.ve\/site\/","name":"Noticias Digital58","description":"Portal de Noticias \u00a1Periodismo web de verdad! Lanzamiento web 22.11.2005 \/ Maracaibo, Venezuela","publisher":{"@id":"https:\/\/digital58.com.ve\/site\/#\/schema\/person\/64d1c2e4d0d4fd1b849980c4331c2951"},"alternateName":"ND58","potentialAction":[{"@type":"SearchAction","target":{"@type":"EntryPoint","urlTemplate":"https:\/\/digital58.com.ve\/site\/?s={search_term_string}"},"query-input":{"@type":"PropertyValueSpecification","valueRequired":true,"valueName":"search_term_string"}}],"inLanguage":"es"},{"@type":["Person","Organization"],"@id":"https:\/\/digital58.com.ve\/site\/#\/schema\/person\/64d1c2e4d0d4fd1b849980c4331c2951","name":"Villasmil Henry","image":{"@type":"ImageObject","inLanguage":"es","@id":"https:\/\/secure.gravatar.com\/avatar\/bb0c4a2fcb7970138239f7e404ea75757b1b507b28b5ce4c53fbd62d797c5a7c?s=96&d=mm&r=g","url":"https:\/\/secure.gravatar.com\/avatar\/bb0c4a2fcb7970138239f7e404ea75757b1b507b28b5ce4c53fbd62d797c5a7c?s=96&d=mm&r=g","contentUrl":"https:\/\/secure.gravatar.com\/avatar\/bb0c4a2fcb7970138239f7e404ea75757b1b507b28b5ce4c53fbd62d797c5a7c?s=96&d=mm&r=g","caption":"Villasmil Henry"},"logo":{"@id":"https:\/\/secure.gravatar.com\/avatar\/bb0c4a2fcb7970138239f7e404ea75757b1b507b28b5ce4c53fbd62d797c5a7c?s=96&d=mm&r=g"},"sameAs":["http:\/\/www.henryvillasmil.com.ve","https:\/\/www.instagram.com\/villasmilhfoto\/","https:\/\/x.com\/https:\/\/twitter.com\/villasmilhfoto"]},{"@type":"Person","@id":"https:\/\/digital58.com.ve\/site\/#\/schema\/person\/6672bab44ab958838204ebb2cb0e8d52","name":"Rubio Laura Isabel","image":{"@type":"ImageObject","inLanguage":"es","@id":"https:\/\/secure.gravatar.com\/avatar\/f7cc56b26fb0562df4488ff129a58c3c1a1bd264c9af5f313a9b1797fff1cfb9?s=96&d=mm&r=g","url":"https:\/\/secure.gravatar.com\/avatar\/f7cc56b26fb0562df4488ff129a58c3c1a1bd264c9af5f313a9b1797fff1cfb9?s=96&d=mm&r=g","contentUrl":"https:\/\/secure.gravatar.com\/avatar\/f7cc56b26fb0562df4488ff129a58c3c1a1bd264c9af5f313a9b1797fff1cfb9?s=96&d=mm&r=g","caption":"Rubio Laura Isabel"},"url":"https:\/\/digital58.com.ve\/site\/author\/laurarubio\/"}]}},"uagb_featured_image_src":{"full":["https:\/\/digital58.com.ve\/site\/wp-content\/uploads\/2020\/06\/Mimi-Lazo-protesto-en-Miami-por-el-asesinato-de-George.jpg",800,533,false],"thumbnail":["https:\/\/digital58.com.ve\/site\/wp-content\/uploads\/2020\/06\/Mimi-Lazo-protesto-en-Miami-por-el-asesinato-de-George-150x150.jpg",150,150,true],"medium":["https:\/\/digital58.com.ve\/site\/wp-content\/uploads\/2020\/06\/Mimi-Lazo-protesto-en-Miami-por-el-asesinato-de-George-300x200.jpg",300,200,true],"medium_large":["https:\/\/digital58.com.ve\/site\/wp-content\/uploads\/2020\/06\/Mimi-Lazo-protesto-en-Miami-por-el-asesinato-de-George-768x512.jpg",768,512,true],"large":["https:\/\/digital58.com.ve\/site\/wp-content\/uploads\/2020\/06\/Mimi-Lazo-protesto-en-Miami-por-el-asesinato-de-George.jpg",800,533,false],"1536x1536":["https:\/\/digital58.com.ve\/site\/wp-content\/uploads\/2020\/06\/Mimi-Lazo-protesto-en-Miami-por-el-asesinato-de-George.jpg",800,533,false],"2048x2048":["https:\/\/digital58.com.ve\/site\/wp-content\/uploads\/2020\/06\/Mimi-Lazo-protesto-en-Miami-por-el-asesinato-de-George.jpg",800,533,false],"colormag-highlighted-post":["https:\/\/digital58.com.ve\/site\/wp-content\/uploads\/2020\/06\/Mimi-Lazo-protesto-en-Miami-por-el-asesinato-de-George.jpg",392,261,false],"colormag-featured-post-medium":["https:\/\/digital58.com.ve\/site\/wp-content\/uploads\/2020\/06\/Mimi-Lazo-protesto-en-Miami-por-el-asesinato-de-George.jpg",308,205,false],"colormag-featured-post-small":["https:\/\/digital58.com.ve\/site\/wp-content\/uploads\/2020\/06\/Mimi-Lazo-protesto-en-Miami-por-el-asesinato-de-George.jpg",130,87,false],"colormag-featured-image":["https:\/\/digital58.com.ve\/site\/wp-content\/uploads\/2020\/06\/Mimi-Lazo-protesto-en-Miami-por-el-asesinato-de-George.jpg",668,445,false],"colormag-default-news":["https:\/\/digital58.com.ve\/site\/wp-content\/uploads\/2020\/06\/Mimi-Lazo-protesto-en-Miami-por-el-asesinato-de-George.jpg",150,100,false],"colormag-featured-image-large":["https:\/\/digital58.com.ve\/site\/wp-content\/uploads\/2020\/06\/Mimi-Lazo-protesto-en-Miami-por-el-asesinato-de-George.jpg",800,533,false]},"uagb_author_info":{"display_name":"Rubio Laura Isabel","author_link":"https:\/\/digital58.com.ve\/site\/author\/laurarubio\/"},"uagb_comment_info":0,"uagb_excerpt":"La actriz Mim\u00ed Lazo, fue criticada en redes sociales, despu\u00e9s de publicar fotograf\u00edas donde se ve protestando abiertamente en manifestaciones","_links":{"self":[{"href":"https:\/\/digital58.com.ve\/site\/wp-json\/wp\/v2\/posts\/104006","targetHints":{"allow":["GET"]}}],"collection":[{"href":"https:\/\/digital58.com.ve\/site\/wp-json\/wp\/v2\/posts"}],"about":[{"href":"https:\/\/digital58.com.ve\/site\/wp-json\/wp\/v2\/types\/post"}],"author":[{"embeddable":true,"href":"https:\/\/digital58.com.ve\/site\/wp-json\/wp\/v2\/users\/28"}],"replies":[{"embeddable":true,"href":"https:\/\/digital58.com.ve\/site\/wp-json\/wp\/v2\/comments?post=104006"}],"version-history":[{"count":0,"href":"https:\/\/digital58.com.ve\/site\/wp-json\/wp\/v2\/posts\/104006\/revisions"}],"wp:featuredmedia":[{"embeddable":true,"href":"https:\/\/digital58.com.ve\/site\/wp-json\/wp\/v2\/media\/104054"}],"wp:attachment":[{"href":"https:\/\/digital58.com.ve\/site\/wp-json\/wp\/v2\/media?parent=104006"}],"wp:term":[{"taxonomy":"category","embeddable":true,"href":"https:\/\/digital58.com.ve\/site\/wp-json\/wp\/v2\/categories?post=104006"},{"taxonomy":"post_tag","embeddable":true,"href":"https:\/\/digital58.com.ve\/site\/wp-json\/wp\/v2\/tags?post=104006"}],"curies":[{"name":"wp","href":"https:\/\/api.w.org\/{rel}","templated":true}]}}