{"id":104060,"date":"2020-06-02T08:53:28","date_gmt":"2020-06-02T12:53:28","guid":{"rendered":"https:\/\/digital58.com.ve\/site\/?p=104060"},"modified":"2020-06-02T08:53:28","modified_gmt":"2020-06-02T12:53:28","slug":"italia-celebra-su-dia-de-la-republica-entre-protestas-de-la-ultraderecha","status":"publish","type":"post","link":"https:\/\/digital58.com.ve\/site\/2020\/06\/02\/italia-celebra-su-dia-de-la-republica-entre-protestas-de-la-ultraderecha\/","title":{"rendered":"Italia celebra su D\u00eda de la Rep\u00fablica entre protestas de la ultraderecha"},"content":{"rendered":"<p><a href=\"https:\/\/digital58.com.ve\/site\/wp-content\/uploads\/2020\/06\/italia-2.jpg\"><img loading=\"lazy\" decoding=\"async\" class=\"aligncenter size-full wp-image-104061\" src=\"https:\/\/digital58.com.ve\/site\/wp-content\/uploads\/2020\/06\/italia-2.jpg\" alt=\"\" width=\"1500\" height=\"1000\" srcset=\"https:\/\/digital58.com.ve\/site\/wp-content\/uploads\/2020\/06\/italia-2.jpg 800w, https:\/\/digital58.com.ve\/site\/wp-content\/uploads\/2020\/06\/italia-2-300x200.jpg 300w, https:\/\/digital58.com.ve\/site\/wp-content\/uploads\/2020\/06\/italia-2-768x512.jpg 768w, https:\/\/digital58.com.ve\/site\/wp-content\/uploads\/2020\/06\/italia-2-720x480.jpg 720w, https:\/\/digital58.com.ve\/site\/wp-content\/uploads\/2020\/06\/italia-2-480x320.jpg 480w\" sizes=\"auto, (max-width: 1500px) 100vw, 1500px\" \/><\/a><\/p>\n<p>Italia celebr\u00f3 hoy el 74 aniversario de su Rep\u00fablica, que fue votada por los italianos en 1946, entre peticiones de unidad por parte de su presidente, Sergio Mattarella, y protestas de la ultraderecha, encabezada por la Liga, de Matteo Salvini.<\/p>\n<p><strong>Roma, Italia, 02 de junio de 2020 (ND58).-<\/strong> \u00abEste es un momento de compromiso en el que no hay espacio para las pol\u00e9micas. Todos estamos llamados a trabajar para el pa\u00eds, cumpliendo con nuestro deber, cada uno con el suyo\u00bb, dijo el jefe del Estado, Sergio Mattarella, en una intervenci\u00f3n durante su visita a la localidad de Codogno, en la regi\u00f3n de Lombard\u00eda (norte).<\/p>\n<p>Codogno se ha convertido en el s\u00edmbolo de la pandemia del coronavirus en Italia, desde que el 21 de febrero se detect\u00f3 el primer caso aut\u00f3ctono de COVID-19 en este peque\u00f1o municipio, situado a unos 60 kil\u00f3metros de Mil\u00e1n.<\/p>\n<p>Mattarella fue recibido este martes por las autoridades locales y regionales y despu\u00e9s realiz\u00f3 una visita privada al municipio para recordar a los m\u00e1s de 33.000 fallecidos con coronavirus en el pa\u00eds.<\/p>\n<p>\u00abDesde Codogno, donde comenz\u00f3 nuestro camino de sufrimiento, queremos reafirmar los valores de la Constituci\u00f3n, recordando nuevamente a los ciudadanos que han muerto con coronavirus y renovando una gran solidaridad con sus familias\u00bb, apunt\u00f3 Mattarella.<\/p>\n<p><a href=\"https:\/\/digital58.com.ve\/site\/wp-content\/uploads\/2020\/06\/italia.jpg\"><img loading=\"lazy\" decoding=\"async\" class=\"aligncenter size-full wp-image-104062\" src=\"https:\/\/digital58.com.ve\/site\/wp-content\/uploads\/2020\/06\/italia.jpg\" alt=\"\" width=\"1500\" height=\"1000\" srcset=\"https:\/\/digital58.com.ve\/site\/wp-content\/uploads\/2020\/06\/italia.jpg 800w, https:\/\/digital58.com.ve\/site\/wp-content\/uploads\/2020\/06\/italia-300x200.jpg 300w, https:\/\/digital58.com.ve\/site\/wp-content\/uploads\/2020\/06\/italia-768x512.jpg 768w, https:\/\/digital58.com.ve\/site\/wp-content\/uploads\/2020\/06\/italia-720x480.jpg 720w, https:\/\/digital58.com.ve\/site\/wp-content\/uploads\/2020\/06\/italia-480x320.jpg 480w\" sizes=\"auto, (max-width: 1500px) 100vw, 1500px\" \/><\/a><\/p>\n<p>A primera hora de este martes, particip\u00f3 en el acto de conmemoraci\u00f3n del D\u00eda de la Rep\u00fablica que tuvo lugar en el Altar de la Patria de la Plaza Venecia de Roma, al que tambi\u00e9n asistieron el primer ministro, Giuseppe Conte, y los presidentes del Parlamento.<\/p>\n<p>Fue una ceremonia breve, de unos 15 minutos, en la que participaron un n\u00famero reducido de personas como consecuencia de la emergencia sanitaria y en la que se respetaron en todo momento las medidas de seguridad para evitar contagios.<\/p>\n<p>En un mensaje enviado a los delegados de Gobierno, Mattarella ha recordado que la actual crisis del coronavirus ha provocado una situaci\u00f3n de dificultad \u00abnunca experimentada en la historia de la Rep\u00fablica\u00bb que exige \u00abunidad, responsabilidad y cohesi\u00f3n\u00bb a nivel pol\u00edtico.<\/p>\n<p>El llamamiento a la unidad tambi\u00e9n ha sido enarbolado por el ministro de Asuntos Exteriores, Luigi Di Maio, que ha dicho en las redes sociales que la pol\u00edtica debe evitar que la pandemia genere odio y miedo en el pa\u00eds.<\/p>\n<p>\u00abAhora m\u00e1s que nunca se necesita unidad, debemos dejar a un lado las armas de la propaganda pol\u00edtica y usar las del sentido com\u00fan\u00bb, ha destacado.<\/p>\n<p>Pero el mensaje lanzado por el presidente de la Rep\u00fablica y por Di Maio no ha calado por ahora en la ultraderecha, que ha aprovechado para protestar en las calles de todo el pa\u00eds contra el gabinete de Giuseppe Conte, a pesar de que est\u00e1n prohibidas las aglomeraciones para prevenir nuevas infecciones.<\/p>\n<p>En Roma, se dieron cita el l\u00edder de la ultraderechista Liga, Matteo Salvini, la de la formaci\u00f3n ultranacionalista Hermanos de Italia, Giorgia Meloni, y el vicepresidente de Forza Italia, Antonio Tajani, que acudi\u00f3 en nombre de Silvio Berlusconi \u2014l\u00edder de este partido de ideolog\u00eda conservadora\u2014.<\/p>\n<p>Los tres grupos pol\u00edticos hab\u00edan pedido en los \u00faltimos d\u00edas celebrar una gran concentraci\u00f3n frente a la iglesia de San Giovanni Laterano y tambi\u00e9n depositar una corona de flores en el Monumento a V\u00edctor Manuel II, pero ambas opciones les fueron denegadas.<\/p>\n<p>Al final han optado por una especie de \u00abflashmob\u00bb que se ha traducido en un paseo por la c\u00e9ntrica calle romana del Corso, con cientos de personas portando una gran bandera de Italia, sin respetar los protocolos de seguridad ni la distancia m\u00ednima social, mientras el pa\u00eds trata de controlar la curva de transmisiones.<\/p>\n<p>Salvini y Meloni acudieron con mascarillas con la bandera de Italia y Tajani lo hizo con una negra. Comenzaron su paseo en la plaza romana del Popolo y avanzaron por la calle comercial del Corso, mientras se hac\u00edan fotograf\u00edas con sus votantes, en muchas ocasiones sin mascarillas ni guantes.<\/p>\n<p>\u00abNo es un d\u00eda de los partidos, es un d\u00eda del pueblo, en el que queremos escuchar las propuestas de la gente\u00bb, ha afirmado el l\u00edder de la Liga, Matteo Salvini, quien ha dicho que propondr\u00e1n al Gobierno una serie de medidas para mejorar el pa\u00eds.<\/p>\n<p>La l\u00edder de Hermanos de Italia ha cuestionado que el actual Gobierno sea capaz de gestionar la crisis econ\u00f3mica que sacudir\u00e1 al pa\u00eds una vez termine la actual crisis sanitaria.<\/p>\n<p>Adem\u00e1s de la concentraci\u00f3n en Roma, estos tres partidos han promovido otras protestas en un centenar de plazas del pa\u00eds, entre ellas en la del Duomo de Mil\u00e1n, capital de Lombard\u00eda, la regi\u00f3n m\u00e1s golpeada por la pandemia.<\/p><div class=\"eiypz69f3a64007524\" ><p style=\"text-align: center;\"><a href=\"https:\/\/t.me\/noticiasdigital58\" target=\"_blank\" rel=\"noopener\"><img class=\"aligncenter size-full wp-image-125363\" src=\"https:\/\/digital58.com.ve\/site\/wp-content\/uploads\/2021\/04\/banner-telegram-web-2021.png\" alt=\"\" width=\"600\" height=\"90\" \/><\/a><\/p><\/div><style type=\"text\/css\">\r\n@media screen and (min-width: 1201px) {\r\n.eiypz69f3a64007524 {\r\ndisplay: block;\r\n}\r\n}\r\n@media screen and (min-width: 993px) and (max-width: 1200px) {\r\n.eiypz69f3a64007524 {\r\ndisplay: block;\r\n}\r\n}\r\n@media screen and (min-width: 769px) and (max-width: 992px) {\r\n.eiypz69f3a64007524 {\r\ndisplay: block;\r\n}\r\n}\r\n@media screen and (min-width: 768px) and (max-width: 768px) {\r\n.eiypz69f3a64007524 {\r\ndisplay: block;\r\n}\r\n}\r\n@media screen and (max-width: 767px) {\r\n.eiypz69f3a64007524 {\r\ndisplay: block;\r\n}\r\n}\r\n<\/style>\r\n\n<p><strong>Fuente: EFE<\/strong><br \/>\n<strong>Edici\u00f3n: Villasmil, Henry<\/strong><br \/>\n<strong>Gr\u00e1ficas: EFE<\/strong><\/p>\n<div style=\"margin-top: 0px; margin-bottom: 0px;\" class=\"sharethis-inline-share-buttons\" ><\/div>","protected":false},"excerpt":{"rendered":"<p>Italia celebr\u00f3 hoy el 74 aniversario de su Rep\u00fablica, que fue votada por los italianos en 1946, entre peticiones de<\/p>\n","protected":false},"author":1,"featured_media":104062,"comment_status":"open","ping_status":"closed","sticky":false,"template":"","format":"standard","meta":{"colormag_page_container_layout":"default_layout","colormag_page_sidebar_layout":"default_layout","_uag_custom_page_level_css":"","footnotes":""},"categories":[5403],"tags":[15373,8,42,4296],"class_list":["post-104060","post","type-post","status-publish","format-standard","has-post-thumbnail","hentry","category-otros","tag-dia-de-la-republica","tag-internacionales","tag-italia","tag-protestas"],"yoast_head":"<!-- This site is optimized with the Yoast SEO plugin v27.5 - https:\/\/yoast.com\/product\/yoast-seo-wordpress\/ -->\n<title>Italia celebra su D\u00eda de la Rep\u00fablica entre protestas de la ultraderecha<\/title>\n<meta name=\"robots\" content=\"index, follow, max-snippet:-1, max-image-preview:large, max-video-preview:-1\" \/>\n<link rel=\"canonical\" href=\"https:\/\/digital58.com.ve\/site\/2020\/06\/02\/italia-celebra-su-dia-de-la-republica-entre-protestas-de-la-ultraderecha\/\" \/>\n<meta property=\"og:locale\" content=\"es_ES\" \/>\n<meta property=\"og:type\" content=\"article\" \/>\n<meta property=\"og:title\" content=\"Italia celebra su D\u00eda de la Rep\u00fablica entre protestas de la ultraderecha\" \/>\n<meta property=\"og:url\" content=\"https:\/\/digital58.com.ve\/site\/2020\/06\/02\/italia-celebra-su-dia-de-la-republica-entre-protestas-de-la-ultraderecha\/\" \/>\n<meta property=\"og:site_name\" content=\"Noticias Digital58\" \/>\n<meta property=\"article:published_time\" content=\"2020-06-02T12:53:28+00:00\" \/>\n<meta property=\"og:image\" content=\"https:\/\/digital58.com.ve\/site\/wp-content\/uploads\/2020\/06\/italia.jpg\" \/>\n\t<meta property=\"og:image:width\" content=\"1500\" \/>\n\t<meta property=\"og:image:height\" content=\"1000\" \/>\n\t<meta property=\"og:image:type\" content=\"image\/jpeg\" \/>\n<meta name=\"author\" content=\"Villasmil Henry\" \/>\n<meta name=\"twitter:card\" content=\"summary_large_image\" \/>\n<meta name=\"twitter:creator\" content=\"@https:\/\/twitter.com\/villasmilhfoto\" \/>\n<meta name=\"twitter:site\" content=\"@villasmilhfoto\" \/>\n<meta name=\"twitter:label1\" content=\"Escrito por\" \/>\n\t<meta name=\"twitter:data1\" content=\"Villasmil Henry\" \/>\n\t<meta name=\"twitter:label2\" content=\"Tiempo estimado de lectura\" \/>\n\t<meta name=\"twitter:data2\" content=\"4 minutos\" \/>\n<script type=\"application\/ld+json\" class=\"yoast-schema-graph\">{\"@context\":\"https:\\\/\\\/schema.org\",\"@graph\":[{\"@type\":\"Article\",\"@id\":\"https:\\\/\\\/digital58.com.ve\\\/site\\\/2020\\\/06\\\/02\\\/italia-celebra-su-dia-de-la-republica-entre-protestas-de-la-ultraderecha\\\/#article\",\"isPartOf\":{\"@id\":\"https:\\\/\\\/digital58.com.ve\\\/site\\\/2020\\\/06\\\/02\\\/italia-celebra-su-dia-de-la-republica-entre-protestas-de-la-ultraderecha\\\/\"},\"author\":{\"name\":\"Villasmil Henry\",\"@id\":\"https:\\\/\\\/digital58.com.ve\\\/site\\\/#\\\/schema\\\/person\\\/64d1c2e4d0d4fd1b849980c4331c2951\"},\"headline\":\"Italia celebra su D\u00eda de la Rep\u00fablica entre protestas de la ultraderecha\",\"datePublished\":\"2020-06-02T12:53:28+00:00\",\"mainEntityOfPage\":{\"@id\":\"https:\\\/\\\/digital58.com.ve\\\/site\\\/2020\\\/06\\\/02\\\/italia-celebra-su-dia-de-la-republica-entre-protestas-de-la-ultraderecha\\\/\"},\"wordCount\":837,\"commentCount\":0,\"publisher\":{\"@id\":\"https:\\\/\\\/digital58.com.ve\\\/site\\\/#\\\/schema\\\/person\\\/64d1c2e4d0d4fd1b849980c4331c2951\"},\"image\":{\"@id\":\"https:\\\/\\\/digital58.com.ve\\\/site\\\/2020\\\/06\\\/02\\\/italia-celebra-su-dia-de-la-republica-entre-protestas-de-la-ultraderecha\\\/#primaryimage\"},\"thumbnailUrl\":\"https:\\\/\\\/digital58.com.ve\\\/site\\\/wp-content\\\/uploads\\\/2020\\\/06\\\/italia.jpg\",\"keywords\":[\"D\u00eda de la Rep\u00fablica\",\"Internacionales\",\"Italia\",\"Protestas\"],\"articleSection\":[\"Otros\"],\"inLanguage\":\"es\",\"potentialAction\":[{\"@type\":\"CommentAction\",\"name\":\"Comment\",\"target\":[\"https:\\\/\\\/digital58.com.ve\\\/site\\\/2020\\\/06\\\/02\\\/italia-celebra-su-dia-de-la-republica-entre-protestas-de-la-ultraderecha\\\/#respond\"]}]},{\"@type\":\"WebPage\",\"@id\":\"https:\\\/\\\/digital58.com.ve\\\/site\\\/2020\\\/06\\\/02\\\/italia-celebra-su-dia-de-la-republica-entre-protestas-de-la-ultraderecha\\\/\",\"url\":\"https:\\\/\\\/digital58.com.ve\\\/site\\\/2020\\\/06\\\/02\\\/italia-celebra-su-dia-de-la-republica-entre-protestas-de-la-ultraderecha\\\/\",\"name\":\"Italia celebra su D\u00eda de la Rep\u00fablica entre protestas de la ultraderecha\",\"isPartOf\":{\"@id\":\"https:\\\/\\\/digital58.com.ve\\\/site\\\/#website\"},\"primaryImageOfPage\":{\"@id\":\"https:\\\/\\\/digital58.com.ve\\\/site\\\/2020\\\/06\\\/02\\\/italia-celebra-su-dia-de-la-republica-entre-protestas-de-la-ultraderecha\\\/#primaryimage\"},\"image\":{\"@id\":\"https:\\\/\\\/digital58.com.ve\\\/site\\\/2020\\\/06\\\/02\\\/italia-celebra-su-dia-de-la-republica-entre-protestas-de-la-ultraderecha\\\/#primaryimage\"},\"thumbnailUrl\":\"https:\\\/\\\/digital58.com.ve\\\/site\\\/wp-content\\\/uploads\\\/2020\\\/06\\\/italia.jpg\",\"datePublished\":\"2020-06-02T12:53:28+00:00\",\"breadcrumb\":{\"@id\":\"https:\\\/\\\/digital58.com.ve\\\/site\\\/2020\\\/06\\\/02\\\/italia-celebra-su-dia-de-la-republica-entre-protestas-de-la-ultraderecha\\\/#breadcrumb\"},\"inLanguage\":\"es\",\"potentialAction\":[{\"@type\":\"ReadAction\",\"target\":[\"https:\\\/\\\/digital58.com.ve\\\/site\\\/2020\\\/06\\\/02\\\/italia-celebra-su-dia-de-la-republica-entre-protestas-de-la-ultraderecha\\\/\"]}]},{\"@type\":\"ImageObject\",\"inLanguage\":\"es\",\"@id\":\"https:\\\/\\\/digital58.com.ve\\\/site\\\/2020\\\/06\\\/02\\\/italia-celebra-su-dia-de-la-republica-entre-protestas-de-la-ultraderecha\\\/#primaryimage\",\"url\":\"https:\\\/\\\/digital58.com.ve\\\/site\\\/wp-content\\\/uploads\\\/2020\\\/06\\\/italia.jpg\",\"contentUrl\":\"https:\\\/\\\/digital58.com.ve\\\/site\\\/wp-content\\\/uploads\\\/2020\\\/06\\\/italia.jpg\",\"width\":800,\"height\":533},{\"@type\":\"BreadcrumbList\",\"@id\":\"https:\\\/\\\/digital58.com.ve\\\/site\\\/2020\\\/06\\\/02\\\/italia-celebra-su-dia-de-la-republica-entre-protestas-de-la-ultraderecha\\\/#breadcrumb\",\"itemListElement\":[{\"@type\":\"ListItem\",\"position\":1,\"name\":\"Home\",\"item\":\"https:\\\/\\\/digital58.com.ve\\\/site\\\/\"},{\"@type\":\"ListItem\",\"position\":2,\"name\":\"Italia celebra su D\u00eda de la Rep\u00fablica entre protestas de la ultraderecha\"}]},{\"@type\":\"WebSite\",\"@id\":\"https:\\\/\\\/digital58.com.ve\\\/site\\\/#website\",\"url\":\"https:\\\/\\\/digital58.com.ve\\\/site\\\/\",\"name\":\"Noticias Digital58\",\"description\":\"Portal de Noticias \u00a1Periodismo web de verdad! Lanzamiento web 22.11.2005 \\\/ Maracaibo, Venezuela\",\"publisher\":{\"@id\":\"https:\\\/\\\/digital58.com.ve\\\/site\\\/#\\\/schema\\\/person\\\/64d1c2e4d0d4fd1b849980c4331c2951\"},\"alternateName\":\"ND58\",\"potentialAction\":[{\"@type\":\"SearchAction\",\"target\":{\"@type\":\"EntryPoint\",\"urlTemplate\":\"https:\\\/\\\/digital58.com.ve\\\/site\\\/?s={search_term_string}\"},\"query-input\":{\"@type\":\"PropertyValueSpecification\",\"valueRequired\":true,\"valueName\":\"search_term_string\"}}],\"inLanguage\":\"es\"},{\"@type\":[\"Person\",\"Organization\"],\"@id\":\"https:\\\/\\\/digital58.com.ve\\\/site\\\/#\\\/schema\\\/person\\\/64d1c2e4d0d4fd1b849980c4331c2951\",\"name\":\"Villasmil Henry\",\"image\":{\"@type\":\"ImageObject\",\"inLanguage\":\"es\",\"@id\":\"https:\\\/\\\/secure.gravatar.com\\\/avatar\\\/bb0c4a2fcb7970138239f7e404ea75757b1b507b28b5ce4c53fbd62d797c5a7c?s=96&d=mm&r=g\",\"url\":\"https:\\\/\\\/secure.gravatar.com\\\/avatar\\\/bb0c4a2fcb7970138239f7e404ea75757b1b507b28b5ce4c53fbd62d797c5a7c?s=96&d=mm&r=g\",\"contentUrl\":\"https:\\\/\\\/secure.gravatar.com\\\/avatar\\\/bb0c4a2fcb7970138239f7e404ea75757b1b507b28b5ce4c53fbd62d797c5a7c?s=96&d=mm&r=g\",\"caption\":\"Villasmil Henry\"},\"logo\":{\"@id\":\"https:\\\/\\\/secure.gravatar.com\\\/avatar\\\/bb0c4a2fcb7970138239f7e404ea75757b1b507b28b5ce4c53fbd62d797c5a7c?s=96&d=mm&r=g\"},\"sameAs\":[\"http:\\\/\\\/www.henryvillasmil.com.ve\",\"https:\\\/\\\/www.instagram.com\\\/villasmilhfoto\\\/\",\"https:\\\/\\\/x.com\\\/https:\\\/\\\/twitter.com\\\/villasmilhfoto\"],\"url\":\"https:\\\/\\\/digital58.com.ve\\\/site\\\/author\\\/droopy_68\\\/\"}]}<\/script>\n<!-- \/ Yoast SEO plugin. -->","yoast_head_json":{"title":"Italia celebra su D\u00eda de la Rep\u00fablica entre protestas de la ultraderecha","robots":{"index":"index","follow":"follow","max-snippet":"max-snippet:-1","max-image-preview":"max-image-preview:large","max-video-preview":"max-video-preview:-1"},"canonical":"https:\/\/digital58.com.ve\/site\/2020\/06\/02\/italia-celebra-su-dia-de-la-republica-entre-protestas-de-la-ultraderecha\/","og_locale":"es_ES","og_type":"article","og_title":"Italia celebra su D\u00eda de la Rep\u00fablica entre protestas de la ultraderecha","og_url":"https:\/\/digital58.com.ve\/site\/2020\/06\/02\/italia-celebra-su-dia-de-la-republica-entre-protestas-de-la-ultraderecha\/","og_site_name":"Noticias Digital58","article_published_time":"2020-06-02T12:53:28+00:00","og_image":[{"width":1500,"height":1000,"url":"https:\/\/digital58.com.ve\/site\/wp-content\/uploads\/2020\/06\/italia.jpg","type":"image\/jpeg"}],"author":"Villasmil Henry","twitter_card":"summary_large_image","twitter_creator":"@https:\/\/twitter.com\/villasmilhfoto","twitter_site":"@villasmilhfoto","twitter_misc":{"Escrito por":"Villasmil Henry","Tiempo estimado de lectura":"4 minutos"},"schema":{"@context":"https:\/\/schema.org","@graph":[{"@type":"Article","@id":"https:\/\/digital58.com.ve\/site\/2020\/06\/02\/italia-celebra-su-dia-de-la-republica-entre-protestas-de-la-ultraderecha\/#article","isPartOf":{"@id":"https:\/\/digital58.com.ve\/site\/2020\/06\/02\/italia-celebra-su-dia-de-la-republica-entre-protestas-de-la-ultraderecha\/"},"author":{"name":"Villasmil Henry","@id":"https:\/\/digital58.com.ve\/site\/#\/schema\/person\/64d1c2e4d0d4fd1b849980c4331c2951"},"headline":"Italia celebra su D\u00eda de la Rep\u00fablica entre protestas de la ultraderecha","datePublished":"2020-06-02T12:53:28+00:00","mainEntityOfPage":{"@id":"https:\/\/digital58.com.ve\/site\/2020\/06\/02\/italia-celebra-su-dia-de-la-republica-entre-protestas-de-la-ultraderecha\/"},"wordCount":837,"commentCount":0,"publisher":{"@id":"https:\/\/digital58.com.ve\/site\/#\/schema\/person\/64d1c2e4d0d4fd1b849980c4331c2951"},"image":{"@id":"https:\/\/digital58.com.ve\/site\/2020\/06\/02\/italia-celebra-su-dia-de-la-republica-entre-protestas-de-la-ultraderecha\/#primaryimage"},"thumbnailUrl":"https:\/\/digital58.com.ve\/site\/wp-content\/uploads\/2020\/06\/italia.jpg","keywords":["D\u00eda de la Rep\u00fablica","Internacionales","Italia","Protestas"],"articleSection":["Otros"],"inLanguage":"es","potentialAction":[{"@type":"CommentAction","name":"Comment","target":["https:\/\/digital58.com.ve\/site\/2020\/06\/02\/italia-celebra-su-dia-de-la-republica-entre-protestas-de-la-ultraderecha\/#respond"]}]},{"@type":"WebPage","@id":"https:\/\/digital58.com.ve\/site\/2020\/06\/02\/italia-celebra-su-dia-de-la-republica-entre-protestas-de-la-ultraderecha\/","url":"https:\/\/digital58.com.ve\/site\/2020\/06\/02\/italia-celebra-su-dia-de-la-republica-entre-protestas-de-la-ultraderecha\/","name":"Italia celebra su D\u00eda de la Rep\u00fablica entre protestas de la ultraderecha","isPartOf":{"@id":"https:\/\/digital58.com.ve\/site\/#website"},"primaryImageOfPage":{"@id":"https:\/\/digital58.com.ve\/site\/2020\/06\/02\/italia-celebra-su-dia-de-la-republica-entre-protestas-de-la-ultraderecha\/#primaryimage"},"image":{"@id":"https:\/\/digital58.com.ve\/site\/2020\/06\/02\/italia-celebra-su-dia-de-la-republica-entre-protestas-de-la-ultraderecha\/#primaryimage"},"thumbnailUrl":"https:\/\/digital58.com.ve\/site\/wp-content\/uploads\/2020\/06\/italia.jpg","datePublished":"2020-06-02T12:53:28+00:00","breadcrumb":{"@id":"https:\/\/digital58.com.ve\/site\/2020\/06\/02\/italia-celebra-su-dia-de-la-republica-entre-protestas-de-la-ultraderecha\/#breadcrumb"},"inLanguage":"es","potentialAction":[{"@type":"ReadAction","target":["https:\/\/digital58.com.ve\/site\/2020\/06\/02\/italia-celebra-su-dia-de-la-republica-entre-protestas-de-la-ultraderecha\/"]}]},{"@type":"ImageObject","inLanguage":"es","@id":"https:\/\/digital58.com.ve\/site\/2020\/06\/02\/italia-celebra-su-dia-de-la-republica-entre-protestas-de-la-ultraderecha\/#primaryimage","url":"https:\/\/digital58.com.ve\/site\/wp-content\/uploads\/2020\/06\/italia.jpg","contentUrl":"https:\/\/digital58.com.ve\/site\/wp-content\/uploads\/2020\/06\/italia.jpg","width":800,"height":533},{"@type":"BreadcrumbList","@id":"https:\/\/digital58.com.ve\/site\/2020\/06\/02\/italia-celebra-su-dia-de-la-republica-entre-protestas-de-la-ultraderecha\/#breadcrumb","itemListElement":[{"@type":"ListItem","position":1,"name":"Home","item":"https:\/\/digital58.com.ve\/site\/"},{"@type":"ListItem","position":2,"name":"Italia celebra su D\u00eda de la Rep\u00fablica entre protestas de la ultraderecha"}]},{"@type":"WebSite","@id":"https:\/\/digital58.com.ve\/site\/#website","url":"https:\/\/digital58.com.ve\/site\/","name":"Noticias Digital58","description":"Portal de Noticias \u00a1Periodismo web de verdad! Lanzamiento web 22.11.2005 \/ Maracaibo, Venezuela","publisher":{"@id":"https:\/\/digital58.com.ve\/site\/#\/schema\/person\/64d1c2e4d0d4fd1b849980c4331c2951"},"alternateName":"ND58","potentialAction":[{"@type":"SearchAction","target":{"@type":"EntryPoint","urlTemplate":"https:\/\/digital58.com.ve\/site\/?s={search_term_string}"},"query-input":{"@type":"PropertyValueSpecification","valueRequired":true,"valueName":"search_term_string"}}],"inLanguage":"es"},{"@type":["Person","Organization"],"@id":"https:\/\/digital58.com.ve\/site\/#\/schema\/person\/64d1c2e4d0d4fd1b849980c4331c2951","name":"Villasmil Henry","image":{"@type":"ImageObject","inLanguage":"es","@id":"https:\/\/secure.gravatar.com\/avatar\/bb0c4a2fcb7970138239f7e404ea75757b1b507b28b5ce4c53fbd62d797c5a7c?s=96&d=mm&r=g","url":"https:\/\/secure.gravatar.com\/avatar\/bb0c4a2fcb7970138239f7e404ea75757b1b507b28b5ce4c53fbd62d797c5a7c?s=96&d=mm&r=g","contentUrl":"https:\/\/secure.gravatar.com\/avatar\/bb0c4a2fcb7970138239f7e404ea75757b1b507b28b5ce4c53fbd62d797c5a7c?s=96&d=mm&r=g","caption":"Villasmil Henry"},"logo":{"@id":"https:\/\/secure.gravatar.com\/avatar\/bb0c4a2fcb7970138239f7e404ea75757b1b507b28b5ce4c53fbd62d797c5a7c?s=96&d=mm&r=g"},"sameAs":["http:\/\/www.henryvillasmil.com.ve","https:\/\/www.instagram.com\/villasmilhfoto\/","https:\/\/x.com\/https:\/\/twitter.com\/villasmilhfoto"],"url":"https:\/\/digital58.com.ve\/site\/author\/droopy_68\/"}]}},"uagb_featured_image_src":{"full":["https:\/\/digital58.com.ve\/site\/wp-content\/uploads\/2020\/06\/italia.jpg",800,533,false],"thumbnail":["https:\/\/digital58.com.ve\/site\/wp-content\/uploads\/2020\/06\/italia-150x150.jpg",150,150,true],"medium":["https:\/\/digital58.com.ve\/site\/wp-content\/uploads\/2020\/06\/italia-300x200.jpg",300,200,true],"medium_large":["https:\/\/digital58.com.ve\/site\/wp-content\/uploads\/2020\/06\/italia-768x512.jpg",768,512,true],"large":["https:\/\/digital58.com.ve\/site\/wp-content\/uploads\/2020\/06\/italia.jpg",800,533,false],"1536x1536":["https:\/\/digital58.com.ve\/site\/wp-content\/uploads\/2020\/06\/italia.jpg",800,533,false],"2048x2048":["https:\/\/digital58.com.ve\/site\/wp-content\/uploads\/2020\/06\/italia.jpg",800,533,false],"colormag-highlighted-post":["https:\/\/digital58.com.ve\/site\/wp-content\/uploads\/2020\/06\/italia.jpg",392,261,false],"colormag-featured-post-medium":["https:\/\/digital58.com.ve\/site\/wp-content\/uploads\/2020\/06\/italia.jpg",308,205,false],"colormag-featured-post-small":["https:\/\/digital58.com.ve\/site\/wp-content\/uploads\/2020\/06\/italia.jpg",130,87,false],"colormag-featured-image":["https:\/\/digital58.com.ve\/site\/wp-content\/uploads\/2020\/06\/italia.jpg",668,445,false],"colormag-default-news":["https:\/\/digital58.com.ve\/site\/wp-content\/uploads\/2020\/06\/italia.jpg",150,100,false],"colormag-featured-image-large":["https:\/\/digital58.com.ve\/site\/wp-content\/uploads\/2020\/06\/italia.jpg",800,533,false]},"uagb_author_info":{"display_name":"Villasmil Henry","author_link":"https:\/\/digital58.com.ve\/site\/author\/droopy_68\/"},"uagb_comment_info":0,"uagb_excerpt":"Italia celebr\u00f3 hoy el 74 aniversario de su Rep\u00fablica, que fue votada por los italianos en 1946, entre peticiones de","_links":{"self":[{"href":"https:\/\/digital58.com.ve\/site\/wp-json\/wp\/v2\/posts\/104060","targetHints":{"allow":["GET"]}}],"collection":[{"href":"https:\/\/digital58.com.ve\/site\/wp-json\/wp\/v2\/posts"}],"about":[{"href":"https:\/\/digital58.com.ve\/site\/wp-json\/wp\/v2\/types\/post"}],"author":[{"embeddable":true,"href":"https:\/\/digital58.com.ve\/site\/wp-json\/wp\/v2\/users\/1"}],"replies":[{"embeddable":true,"href":"https:\/\/digital58.com.ve\/site\/wp-json\/wp\/v2\/comments?post=104060"}],"version-history":[{"count":0,"href":"https:\/\/digital58.com.ve\/site\/wp-json\/wp\/v2\/posts\/104060\/revisions"}],"wp:featuredmedia":[{"embeddable":true,"href":"https:\/\/digital58.com.ve\/site\/wp-json\/wp\/v2\/media\/104062"}],"wp:attachment":[{"href":"https:\/\/digital58.com.ve\/site\/wp-json\/wp\/v2\/media?parent=104060"}],"wp:term":[{"taxonomy":"category","embeddable":true,"href":"https:\/\/digital58.com.ve\/site\/wp-json\/wp\/v2\/categories?post=104060"},{"taxonomy":"post_tag","embeddable":true,"href":"https:\/\/digital58.com.ve\/site\/wp-json\/wp\/v2\/tags?post=104060"}],"curies":[{"name":"wp","href":"https:\/\/api.w.org\/{rel}","templated":true}]}}