{"id":104166,"date":"2020-06-02T21:37:50","date_gmt":"2020-06-03T01:37:50","guid":{"rendered":"https:\/\/digital58.com.ve\/site\/?p=104166"},"modified":"2020-06-02T21:44:03","modified_gmt":"2020-06-03T01:44:03","slug":"a-partir-de-manana-comercios-de-alimentos-en-el-zulia-laboraran-de-8-00-am-a-1200-del-mediodia","status":"publish","type":"post","link":"https:\/\/digital58.com.ve\/site\/2020\/06\/02\/a-partir-de-manana-comercios-de-alimentos-en-el-zulia-laboraran-de-8-00-am-a-1200-del-mediodia\/","title":{"rendered":"Comercios de alimentos en el Zulia laborar\u00e1n de 8:00 a.m. a 12:00 del mediod\u00eda"},"content":{"rendered":"<p><img loading=\"lazy\" decoding=\"async\" class=\"aligncenter wp-image-104167 size-full\" src=\"https:\/\/digital58.com.ve\/site\/wp-content\/uploads\/2020\/06\/comercio-barcelona-1200x1200-1.jpeg\" alt=\"\" width=\"1080\" height=\"607\" srcset=\"https:\/\/digital58.com.ve\/site\/wp-content\/uploads\/2020\/06\/comercio-barcelona-1200x1200-1.jpeg 800w, https:\/\/digital58.com.ve\/site\/wp-content\/uploads\/2020\/06\/comercio-barcelona-1200x1200-1-300x169.jpeg 300w, https:\/\/digital58.com.ve\/site\/wp-content\/uploads\/2020\/06\/comercio-barcelona-1200x1200-1-768x432.jpeg 768w\" sizes=\"auto, (max-width: 1080px) 100vw, 1080px\" \/><\/p>\n<p>A partir de este 3 de junio los comercios de alimentos regresar\u00e1n al horario de 8:00 a.m. a 12:00 del mediod\u00eda.\u00a0 Las gasolineras en los municipios San Francisco y Maracaibo lo har\u00e1n en horario de 6:00 a.m. a 12: 00 del mediod\u00eda. En los municipios Mara, Guajira y Jes\u00fas Mar\u00eda Sempr\u00fam solo atender\u00e1n a sectores priorizados.<\/p>\n<p><strong>Maracaibo, Zulia, Venezuela 2 de junio de 2020 (ND58).-<\/strong> El anuncio lo hizo el Gobernador Omar Prieto, la tarde de este martes \u00ablos comercios de alimentos regresan al horario inicial\u00bb.<\/p>\n<p>Este mi\u00e9rcoles \u00a0los veh\u00edculos que podr\u00e1n surtir combustible ser\u00e1n los terminados en placas 5 y 6, record\u00f3 prieto.<\/p>\n<p>Sobre los mercados itinerantes que se est\u00e1n instalando informalmente en las adyacencias del casco central recalc\u00f3: \u00abSepan que todo aquel que sea encontrado en esto le ser\u00e1 decomisada la mercanc\u00eda y detenido y ser\u00e1 puesto a la orden del Ministerio Publico\u00bb.<\/p><div class=\"mhcbi69f2699dec84a\" ><p style=\"text-align: center;\"><a href=\"https:\/\/t.me\/noticiasdigital58\" target=\"_blank\" rel=\"noopener\"><img class=\"aligncenter size-full wp-image-125363\" src=\"https:\/\/digital58.com.ve\/site\/wp-content\/uploads\/2021\/04\/banner-telegram-web-2021.png\" alt=\"\" width=\"600\" height=\"90\" \/><\/a><\/p><\/div><style type=\"text\/css\">\r\n@media screen and (min-width: 1201px) {\r\n.mhcbi69f2699dec84a {\r\ndisplay: block;\r\n}\r\n}\r\n@media screen and (min-width: 993px) and (max-width: 1200px) {\r\n.mhcbi69f2699dec84a {\r\ndisplay: block;\r\n}\r\n}\r\n@media screen and (min-width: 769px) and (max-width: 992px) {\r\n.mhcbi69f2699dec84a {\r\ndisplay: block;\r\n}\r\n}\r\n@media screen and (min-width: 768px) and (max-width: 768px) {\r\n.mhcbi69f2699dec84a {\r\ndisplay: block;\r\n}\r\n}\r\n@media screen and (max-width: 767px) {\r\n.mhcbi69f2699dec84a {\r\ndisplay: block;\r\n}\r\n}\r\n<\/style>\r\n\n<p><strong>Redacci\u00f3n: Molero, Luis (@Moleromarquez)\u00a0<\/strong><br \/>\n<strong>Edici\u00f3n: Villasmil, Henry<\/strong><br \/>\n<strong>Gr\u00e1ficas: Archivo<\/strong><\/p>\n<div style=\"margin-top: 0px; margin-bottom: 0px;\" class=\"sharethis-inline-share-buttons\" ><\/div>","protected":false},"excerpt":{"rendered":"<p>A partir de este 3 de junio los comercios de alimentos regresar\u00e1n al horario de 8:00 a.m. a 12:00 del<\/p>\n","protected":false},"author":26,"featured_media":104167,"comment_status":"open","ping_status":"closed","sticky":false,"template":"","format":"standard","meta":{"colormag_page_container_layout":"default_layout","colormag_page_sidebar_layout":"default_layout","_uag_custom_page_level_css":"","footnotes":""},"categories":[14499,8610,14504],"tags":[13352,13648,15131,15405,73,15238,14058,14059,4215,761],"class_list":["post-104166","post","type-post","status-publish","format-standard","has-post-thumbnail","hentry","category-economia","category-politica","category-zulia","tag-coronavirus","tag-covid-19","tag-gobernador-omar-prieto","tag-horario-restringuido","tag-maracaibo","tag-municipio-guajira","tag-municipio-jesus-maria-semprum","tag-municipio-mara","tag-san-francisco","tag-zulia"],"yoast_head":"<!-- This site is optimized with the Yoast SEO plugin v27.5 - https:\/\/yoast.com\/product\/yoast-seo-wordpress\/ -->\n<title>Comercios de alimentos en el Zulia laborar\u00e1n de 8:00 a.m. a 12:00 del mediod\u00eda<\/title>\n<meta name=\"robots\" content=\"index, follow, max-snippet:-1, max-image-preview:large, max-video-preview:-1\" \/>\n<link rel=\"canonical\" href=\"https:\/\/digital58.com.ve\/site\/2020\/06\/02\/a-partir-de-manana-comercios-de-alimentos-en-el-zulia-laboraran-de-8-00-am-a-1200-del-mediodia\/\" \/>\n<meta property=\"og:locale\" content=\"es_ES\" \/>\n<meta property=\"og:type\" content=\"article\" \/>\n<meta property=\"og:title\" content=\"Comercios de alimentos en el Zulia laborar\u00e1n de 8:00 a.m. a 12:00 del mediod\u00eda\" \/>\n<meta property=\"og:url\" content=\"https:\/\/digital58.com.ve\/site\/2020\/06\/02\/a-partir-de-manana-comercios-de-alimentos-en-el-zulia-laboraran-de-8-00-am-a-1200-del-mediodia\/\" \/>\n<meta property=\"og:site_name\" content=\"Noticias Digital58\" \/>\n<meta property=\"article:published_time\" content=\"2020-06-03T01:37:50+00:00\" \/>\n<meta property=\"article:modified_time\" content=\"2020-06-03T01:44:03+00:00\" \/>\n<meta property=\"og:image\" content=\"https:\/\/digital58.com.ve\/site\/wp-content\/uploads\/2020\/06\/comercio-barcelona-1200x1200-1.jpeg\" \/>\n\t<meta property=\"og:image:width\" content=\"1080\" \/>\n\t<meta property=\"og:image:height\" content=\"607\" \/>\n\t<meta property=\"og:image:type\" content=\"image\/jpeg\" \/>\n<meta name=\"author\" content=\"Molero Luis\" \/>\n<meta name=\"twitter:card\" content=\"summary_large_image\" \/>\n<meta name=\"twitter:creator\" content=\"@Digital_58\" \/>\n<meta name=\"twitter:site\" content=\"@villasmilhfoto\" \/>\n<meta name=\"twitter:label1\" content=\"Escrito por\" \/>\n\t<meta name=\"twitter:data1\" content=\"Molero Luis\" \/>\n\t<meta name=\"twitter:label2\" content=\"Tiempo estimado de lectura\" \/>\n\t<meta name=\"twitter:data2\" content=\"1 minuto\" \/>\n<script type=\"application\/ld+json\" class=\"yoast-schema-graph\">{\"@context\":\"https:\\\/\\\/schema.org\",\"@graph\":[{\"@type\":\"Article\",\"@id\":\"https:\\\/\\\/digital58.com.ve\\\/site\\\/2020\\\/06\\\/02\\\/a-partir-de-manana-comercios-de-alimentos-en-el-zulia-laboraran-de-8-00-am-a-1200-del-mediodia\\\/#article\",\"isPartOf\":{\"@id\":\"https:\\\/\\\/digital58.com.ve\\\/site\\\/2020\\\/06\\\/02\\\/a-partir-de-manana-comercios-de-alimentos-en-el-zulia-laboraran-de-8-00-am-a-1200-del-mediodia\\\/\"},\"author\":{\"name\":\"Molero Luis\",\"@id\":\"https:\\\/\\\/digital58.com.ve\\\/site\\\/#\\\/schema\\\/person\\\/c61667ce6845137620ee3f0aaabade17\"},\"headline\":\"Comercios de alimentos en el Zulia laborar\u00e1n de 8:00 a.m. a 12:00 del mediod\u00eda\",\"datePublished\":\"2020-06-03T01:37:50+00:00\",\"dateModified\":\"2020-06-03T01:44:03+00:00\",\"mainEntityOfPage\":{\"@id\":\"https:\\\/\\\/digital58.com.ve\\\/site\\\/2020\\\/06\\\/02\\\/a-partir-de-manana-comercios-de-alimentos-en-el-zulia-laboraran-de-8-00-am-a-1200-del-mediodia\\\/\"},\"wordCount\":179,\"commentCount\":0,\"publisher\":{\"@id\":\"https:\\\/\\\/digital58.com.ve\\\/site\\\/#\\\/schema\\\/person\\\/64d1c2e4d0d4fd1b849980c4331c2951\"},\"image\":{\"@id\":\"https:\\\/\\\/digital58.com.ve\\\/site\\\/2020\\\/06\\\/02\\\/a-partir-de-manana-comercios-de-alimentos-en-el-zulia-laboraran-de-8-00-am-a-1200-del-mediodia\\\/#primaryimage\"},\"thumbnailUrl\":\"https:\\\/\\\/digital58.com.ve\\\/site\\\/wp-content\\\/uploads\\\/2020\\\/06\\\/comercio-barcelona-1200x1200-1.jpeg\",\"keywords\":[\"Coronavirus\",\"COVID-19\",\"Gobernador Omar Prieto\",\"Horario Restringuido\",\"Maracaibo\",\"Municipio Guajira\",\"Municipio Jes\u00fas Mar\u00eda Sempr\u00fam\",\"Municipio Mara\",\"San Francisco\",\"Zulia\"],\"articleSection\":[\"Econom\u00eda\",\"Pol\u00edtica\",\"Zulia\"],\"inLanguage\":\"es\",\"potentialAction\":[{\"@type\":\"CommentAction\",\"name\":\"Comment\",\"target\":[\"https:\\\/\\\/digital58.com.ve\\\/site\\\/2020\\\/06\\\/02\\\/a-partir-de-manana-comercios-de-alimentos-en-el-zulia-laboraran-de-8-00-am-a-1200-del-mediodia\\\/#respond\"]}]},{\"@type\":\"WebPage\",\"@id\":\"https:\\\/\\\/digital58.com.ve\\\/site\\\/2020\\\/06\\\/02\\\/a-partir-de-manana-comercios-de-alimentos-en-el-zulia-laboraran-de-8-00-am-a-1200-del-mediodia\\\/\",\"url\":\"https:\\\/\\\/digital58.com.ve\\\/site\\\/2020\\\/06\\\/02\\\/a-partir-de-manana-comercios-de-alimentos-en-el-zulia-laboraran-de-8-00-am-a-1200-del-mediodia\\\/\",\"name\":\"Comercios de alimentos en el Zulia laborar\u00e1n de 8:00 a.m. a 12:00 del mediod\u00eda\",\"isPartOf\":{\"@id\":\"https:\\\/\\\/digital58.com.ve\\\/site\\\/#website\"},\"primaryImageOfPage\":{\"@id\":\"https:\\\/\\\/digital58.com.ve\\\/site\\\/2020\\\/06\\\/02\\\/a-partir-de-manana-comercios-de-alimentos-en-el-zulia-laboraran-de-8-00-am-a-1200-del-mediodia\\\/#primaryimage\"},\"image\":{\"@id\":\"https:\\\/\\\/digital58.com.ve\\\/site\\\/2020\\\/06\\\/02\\\/a-partir-de-manana-comercios-de-alimentos-en-el-zulia-laboraran-de-8-00-am-a-1200-del-mediodia\\\/#primaryimage\"},\"thumbnailUrl\":\"https:\\\/\\\/digital58.com.ve\\\/site\\\/wp-content\\\/uploads\\\/2020\\\/06\\\/comercio-barcelona-1200x1200-1.jpeg\",\"datePublished\":\"2020-06-03T01:37:50+00:00\",\"dateModified\":\"2020-06-03T01:44:03+00:00\",\"breadcrumb\":{\"@id\":\"https:\\\/\\\/digital58.com.ve\\\/site\\\/2020\\\/06\\\/02\\\/a-partir-de-manana-comercios-de-alimentos-en-el-zulia-laboraran-de-8-00-am-a-1200-del-mediodia\\\/#breadcrumb\"},\"inLanguage\":\"es\",\"potentialAction\":[{\"@type\":\"ReadAction\",\"target\":[\"https:\\\/\\\/digital58.com.ve\\\/site\\\/2020\\\/06\\\/02\\\/a-partir-de-manana-comercios-de-alimentos-en-el-zulia-laboraran-de-8-00-am-a-1200-del-mediodia\\\/\"]}]},{\"@type\":\"ImageObject\",\"inLanguage\":\"es\",\"@id\":\"https:\\\/\\\/digital58.com.ve\\\/site\\\/2020\\\/06\\\/02\\\/a-partir-de-manana-comercios-de-alimentos-en-el-zulia-laboraran-de-8-00-am-a-1200-del-mediodia\\\/#primaryimage\",\"url\":\"https:\\\/\\\/digital58.com.ve\\\/site\\\/wp-content\\\/uploads\\\/2020\\\/06\\\/comercio-barcelona-1200x1200-1.jpeg\",\"contentUrl\":\"https:\\\/\\\/digital58.com.ve\\\/site\\\/wp-content\\\/uploads\\\/2020\\\/06\\\/comercio-barcelona-1200x1200-1.jpeg\",\"width\":800,\"height\":450},{\"@type\":\"BreadcrumbList\",\"@id\":\"https:\\\/\\\/digital58.com.ve\\\/site\\\/2020\\\/06\\\/02\\\/a-partir-de-manana-comercios-de-alimentos-en-el-zulia-laboraran-de-8-00-am-a-1200-del-mediodia\\\/#breadcrumb\",\"itemListElement\":[{\"@type\":\"ListItem\",\"position\":1,\"name\":\"Home\",\"item\":\"https:\\\/\\\/digital58.com.ve\\\/site\\\/\"},{\"@type\":\"ListItem\",\"position\":2,\"name\":\"Comercios de alimentos en el Zulia laborar\u00e1n de 8:00 a.m. a 12:00 del mediod\u00eda\"}]},{\"@type\":\"WebSite\",\"@id\":\"https:\\\/\\\/digital58.com.ve\\\/site\\\/#website\",\"url\":\"https:\\\/\\\/digital58.com.ve\\\/site\\\/\",\"name\":\"Noticias Digital58\",\"description\":\"Portal de Noticias \u00a1Periodismo web de verdad! Lanzamiento web 22.11.2005 \\\/ Maracaibo, Venezuela\",\"publisher\":{\"@id\":\"https:\\\/\\\/digital58.com.ve\\\/site\\\/#\\\/schema\\\/person\\\/64d1c2e4d0d4fd1b849980c4331c2951\"},\"alternateName\":\"ND58\",\"potentialAction\":[{\"@type\":\"SearchAction\",\"target\":{\"@type\":\"EntryPoint\",\"urlTemplate\":\"https:\\\/\\\/digital58.com.ve\\\/site\\\/?s={search_term_string}\"},\"query-input\":{\"@type\":\"PropertyValueSpecification\",\"valueRequired\":true,\"valueName\":\"search_term_string\"}}],\"inLanguage\":\"es\"},{\"@type\":[\"Person\",\"Organization\"],\"@id\":\"https:\\\/\\\/digital58.com.ve\\\/site\\\/#\\\/schema\\\/person\\\/64d1c2e4d0d4fd1b849980c4331c2951\",\"name\":\"Villasmil Henry\",\"image\":{\"@type\":\"ImageObject\",\"inLanguage\":\"es\",\"@id\":\"https:\\\/\\\/secure.gravatar.com\\\/avatar\\\/bb0c4a2fcb7970138239f7e404ea75757b1b507b28b5ce4c53fbd62d797c5a7c?s=96&d=mm&r=g\",\"url\":\"https:\\\/\\\/secure.gravatar.com\\\/avatar\\\/bb0c4a2fcb7970138239f7e404ea75757b1b507b28b5ce4c53fbd62d797c5a7c?s=96&d=mm&r=g\",\"contentUrl\":\"https:\\\/\\\/secure.gravatar.com\\\/avatar\\\/bb0c4a2fcb7970138239f7e404ea75757b1b507b28b5ce4c53fbd62d797c5a7c?s=96&d=mm&r=g\",\"caption\":\"Villasmil Henry\"},\"logo\":{\"@id\":\"https:\\\/\\\/secure.gravatar.com\\\/avatar\\\/bb0c4a2fcb7970138239f7e404ea75757b1b507b28b5ce4c53fbd62d797c5a7c?s=96&d=mm&r=g\"},\"sameAs\":[\"http:\\\/\\\/www.henryvillasmil.com.ve\",\"https:\\\/\\\/www.instagram.com\\\/villasmilhfoto\\\/\",\"https:\\\/\\\/x.com\\\/https:\\\/\\\/twitter.com\\\/villasmilhfoto\"]},{\"@type\":\"Person\",\"@id\":\"https:\\\/\\\/digital58.com.ve\\\/site\\\/#\\\/schema\\\/person\\\/c61667ce6845137620ee3f0aaabade17\",\"name\":\"Molero Luis\",\"image\":{\"@type\":\"ImageObject\",\"inLanguage\":\"es\",\"@id\":\"https:\\\/\\\/secure.gravatar.com\\\/avatar\\\/bf041ec637e3e7405449807deb2f7cf3d2de7c6fa755dd56e985201de9863f2b?s=96&d=mm&r=g\",\"url\":\"https:\\\/\\\/secure.gravatar.com\\\/avatar\\\/bf041ec637e3e7405449807deb2f7cf3d2de7c6fa755dd56e985201de9863f2b?s=96&d=mm&r=g\",\"contentUrl\":\"https:\\\/\\\/secure.gravatar.com\\\/avatar\\\/bf041ec637e3e7405449807deb2f7cf3d2de7c6fa755dd56e985201de9863f2b?s=96&d=mm&r=g\",\"caption\":\"Molero Luis\"},\"url\":\"https:\\\/\\\/digital58.com.ve\\\/site\\\/author\\\/luismolero\\\/\"}]}<\/script>\n<!-- \/ Yoast SEO plugin. -->","yoast_head_json":{"title":"Comercios de alimentos en el Zulia laborar\u00e1n de 8:00 a.m. a 12:00 del mediod\u00eda","robots":{"index":"index","follow":"follow","max-snippet":"max-snippet:-1","max-image-preview":"max-image-preview:large","max-video-preview":"max-video-preview:-1"},"canonical":"https:\/\/digital58.com.ve\/site\/2020\/06\/02\/a-partir-de-manana-comercios-de-alimentos-en-el-zulia-laboraran-de-8-00-am-a-1200-del-mediodia\/","og_locale":"es_ES","og_type":"article","og_title":"Comercios de alimentos en el Zulia laborar\u00e1n de 8:00 a.m. a 12:00 del mediod\u00eda","og_url":"https:\/\/digital58.com.ve\/site\/2020\/06\/02\/a-partir-de-manana-comercios-de-alimentos-en-el-zulia-laboraran-de-8-00-am-a-1200-del-mediodia\/","og_site_name":"Noticias Digital58","article_published_time":"2020-06-03T01:37:50+00:00","article_modified_time":"2020-06-03T01:44:03+00:00","og_image":[{"width":1080,"height":607,"url":"https:\/\/digital58.com.ve\/site\/wp-content\/uploads\/2020\/06\/comercio-barcelona-1200x1200-1.jpeg","type":"image\/jpeg"}],"author":"Molero Luis","twitter_card":"summary_large_image","twitter_creator":"@Digital_58","twitter_site":"@villasmilhfoto","twitter_misc":{"Escrito por":"Molero Luis","Tiempo estimado de lectura":"1 minuto"},"schema":{"@context":"https:\/\/schema.org","@graph":[{"@type":"Article","@id":"https:\/\/digital58.com.ve\/site\/2020\/06\/02\/a-partir-de-manana-comercios-de-alimentos-en-el-zulia-laboraran-de-8-00-am-a-1200-del-mediodia\/#article","isPartOf":{"@id":"https:\/\/digital58.com.ve\/site\/2020\/06\/02\/a-partir-de-manana-comercios-de-alimentos-en-el-zulia-laboraran-de-8-00-am-a-1200-del-mediodia\/"},"author":{"name":"Molero Luis","@id":"https:\/\/digital58.com.ve\/site\/#\/schema\/person\/c61667ce6845137620ee3f0aaabade17"},"headline":"Comercios de alimentos en el Zulia laborar\u00e1n de 8:00 a.m. a 12:00 del mediod\u00eda","datePublished":"2020-06-03T01:37:50+00:00","dateModified":"2020-06-03T01:44:03+00:00","mainEntityOfPage":{"@id":"https:\/\/digital58.com.ve\/site\/2020\/06\/02\/a-partir-de-manana-comercios-de-alimentos-en-el-zulia-laboraran-de-8-00-am-a-1200-del-mediodia\/"},"wordCount":179,"commentCount":0,"publisher":{"@id":"https:\/\/digital58.com.ve\/site\/#\/schema\/person\/64d1c2e4d0d4fd1b849980c4331c2951"},"image":{"@id":"https:\/\/digital58.com.ve\/site\/2020\/06\/02\/a-partir-de-manana-comercios-de-alimentos-en-el-zulia-laboraran-de-8-00-am-a-1200-del-mediodia\/#primaryimage"},"thumbnailUrl":"https:\/\/digital58.com.ve\/site\/wp-content\/uploads\/2020\/06\/comercio-barcelona-1200x1200-1.jpeg","keywords":["Coronavirus","COVID-19","Gobernador Omar Prieto","Horario Restringuido","Maracaibo","Municipio Guajira","Municipio Jes\u00fas Mar\u00eda Sempr\u00fam","Municipio Mara","San Francisco","Zulia"],"articleSection":["Econom\u00eda","Pol\u00edtica","Zulia"],"inLanguage":"es","potentialAction":[{"@type":"CommentAction","name":"Comment","target":["https:\/\/digital58.com.ve\/site\/2020\/06\/02\/a-partir-de-manana-comercios-de-alimentos-en-el-zulia-laboraran-de-8-00-am-a-1200-del-mediodia\/#respond"]}]},{"@type":"WebPage","@id":"https:\/\/digital58.com.ve\/site\/2020\/06\/02\/a-partir-de-manana-comercios-de-alimentos-en-el-zulia-laboraran-de-8-00-am-a-1200-del-mediodia\/","url":"https:\/\/digital58.com.ve\/site\/2020\/06\/02\/a-partir-de-manana-comercios-de-alimentos-en-el-zulia-laboraran-de-8-00-am-a-1200-del-mediodia\/","name":"Comercios de alimentos en el Zulia laborar\u00e1n de 8:00 a.m. a 12:00 del mediod\u00eda","isPartOf":{"@id":"https:\/\/digital58.com.ve\/site\/#website"},"primaryImageOfPage":{"@id":"https:\/\/digital58.com.ve\/site\/2020\/06\/02\/a-partir-de-manana-comercios-de-alimentos-en-el-zulia-laboraran-de-8-00-am-a-1200-del-mediodia\/#primaryimage"},"image":{"@id":"https:\/\/digital58.com.ve\/site\/2020\/06\/02\/a-partir-de-manana-comercios-de-alimentos-en-el-zulia-laboraran-de-8-00-am-a-1200-del-mediodia\/#primaryimage"},"thumbnailUrl":"https:\/\/digital58.com.ve\/site\/wp-content\/uploads\/2020\/06\/comercio-barcelona-1200x1200-1.jpeg","datePublished":"2020-06-03T01:37:50+00:00","dateModified":"2020-06-03T01:44:03+00:00","breadcrumb":{"@id":"https:\/\/digital58.com.ve\/site\/2020\/06\/02\/a-partir-de-manana-comercios-de-alimentos-en-el-zulia-laboraran-de-8-00-am-a-1200-del-mediodia\/#breadcrumb"},"inLanguage":"es","potentialAction":[{"@type":"ReadAction","target":["https:\/\/digital58.com.ve\/site\/2020\/06\/02\/a-partir-de-manana-comercios-de-alimentos-en-el-zulia-laboraran-de-8-00-am-a-1200-del-mediodia\/"]}]},{"@type":"ImageObject","inLanguage":"es","@id":"https:\/\/digital58.com.ve\/site\/2020\/06\/02\/a-partir-de-manana-comercios-de-alimentos-en-el-zulia-laboraran-de-8-00-am-a-1200-del-mediodia\/#primaryimage","url":"https:\/\/digital58.com.ve\/site\/wp-content\/uploads\/2020\/06\/comercio-barcelona-1200x1200-1.jpeg","contentUrl":"https:\/\/digital58.com.ve\/site\/wp-content\/uploads\/2020\/06\/comercio-barcelona-1200x1200-1.jpeg","width":800,"height":450},{"@type":"BreadcrumbList","@id":"https:\/\/digital58.com.ve\/site\/2020\/06\/02\/a-partir-de-manana-comercios-de-alimentos-en-el-zulia-laboraran-de-8-00-am-a-1200-del-mediodia\/#breadcrumb","itemListElement":[{"@type":"ListItem","position":1,"name":"Home","item":"https:\/\/digital58.com.ve\/site\/"},{"@type":"ListItem","position":2,"name":"Comercios de alimentos en el Zulia laborar\u00e1n de 8:00 a.m. a 12:00 del mediod\u00eda"}]},{"@type":"WebSite","@id":"https:\/\/digital58.com.ve\/site\/#website","url":"https:\/\/digital58.com.ve\/site\/","name":"Noticias Digital58","description":"Portal de Noticias \u00a1Periodismo web de verdad! Lanzamiento web 22.11.2005 \/ Maracaibo, Venezuela","publisher":{"@id":"https:\/\/digital58.com.ve\/site\/#\/schema\/person\/64d1c2e4d0d4fd1b849980c4331c2951"},"alternateName":"ND58","potentialAction":[{"@type":"SearchAction","target":{"@type":"EntryPoint","urlTemplate":"https:\/\/digital58.com.ve\/site\/?s={search_term_string}"},"query-input":{"@type":"PropertyValueSpecification","valueRequired":true,"valueName":"search_term_string"}}],"inLanguage":"es"},{"@type":["Person","Organization"],"@id":"https:\/\/digital58.com.ve\/site\/#\/schema\/person\/64d1c2e4d0d4fd1b849980c4331c2951","name":"Villasmil Henry","image":{"@type":"ImageObject","inLanguage":"es","@id":"https:\/\/secure.gravatar.com\/avatar\/bb0c4a2fcb7970138239f7e404ea75757b1b507b28b5ce4c53fbd62d797c5a7c?s=96&d=mm&r=g","url":"https:\/\/secure.gravatar.com\/avatar\/bb0c4a2fcb7970138239f7e404ea75757b1b507b28b5ce4c53fbd62d797c5a7c?s=96&d=mm&r=g","contentUrl":"https:\/\/secure.gravatar.com\/avatar\/bb0c4a2fcb7970138239f7e404ea75757b1b507b28b5ce4c53fbd62d797c5a7c?s=96&d=mm&r=g","caption":"Villasmil Henry"},"logo":{"@id":"https:\/\/secure.gravatar.com\/avatar\/bb0c4a2fcb7970138239f7e404ea75757b1b507b28b5ce4c53fbd62d797c5a7c?s=96&d=mm&r=g"},"sameAs":["http:\/\/www.henryvillasmil.com.ve","https:\/\/www.instagram.com\/villasmilhfoto\/","https:\/\/x.com\/https:\/\/twitter.com\/villasmilhfoto"]},{"@type":"Person","@id":"https:\/\/digital58.com.ve\/site\/#\/schema\/person\/c61667ce6845137620ee3f0aaabade17","name":"Molero Luis","image":{"@type":"ImageObject","inLanguage":"es","@id":"https:\/\/secure.gravatar.com\/avatar\/bf041ec637e3e7405449807deb2f7cf3d2de7c6fa755dd56e985201de9863f2b?s=96&d=mm&r=g","url":"https:\/\/secure.gravatar.com\/avatar\/bf041ec637e3e7405449807deb2f7cf3d2de7c6fa755dd56e985201de9863f2b?s=96&d=mm&r=g","contentUrl":"https:\/\/secure.gravatar.com\/avatar\/bf041ec637e3e7405449807deb2f7cf3d2de7c6fa755dd56e985201de9863f2b?s=96&d=mm&r=g","caption":"Molero Luis"},"url":"https:\/\/digital58.com.ve\/site\/author\/luismolero\/"}]}},"uagb_featured_image_src":{"full":["https:\/\/digital58.com.ve\/site\/wp-content\/uploads\/2020\/06\/comercio-barcelona-1200x1200-1.jpeg",800,450,false],"thumbnail":["https:\/\/digital58.com.ve\/site\/wp-content\/uploads\/2020\/06\/comercio-barcelona-1200x1200-1-150x150.jpeg",150,150,true],"medium":["https:\/\/digital58.com.ve\/site\/wp-content\/uploads\/2020\/06\/comercio-barcelona-1200x1200-1-300x169.jpeg",300,169,true],"medium_large":["https:\/\/digital58.com.ve\/site\/wp-content\/uploads\/2020\/06\/comercio-barcelona-1200x1200-1-768x432.jpeg",768,432,true],"large":["https:\/\/digital58.com.ve\/site\/wp-content\/uploads\/2020\/06\/comercio-barcelona-1200x1200-1.jpeg",800,450,false],"1536x1536":["https:\/\/digital58.com.ve\/site\/wp-content\/uploads\/2020\/06\/comercio-barcelona-1200x1200-1.jpeg",800,450,false],"2048x2048":["https:\/\/digital58.com.ve\/site\/wp-content\/uploads\/2020\/06\/comercio-barcelona-1200x1200-1.jpeg",800,450,false],"colormag-highlighted-post":["https:\/\/digital58.com.ve\/site\/wp-content\/uploads\/2020\/06\/comercio-barcelona-1200x1200-1.jpeg",392,221,false],"colormag-featured-post-medium":["https:\/\/digital58.com.ve\/site\/wp-content\/uploads\/2020\/06\/comercio-barcelona-1200x1200-1.jpeg",364,205,false],"colormag-featured-post-small":["https:\/\/digital58.com.ve\/site\/wp-content\/uploads\/2020\/06\/comercio-barcelona-1200x1200-1.jpeg",130,73,false],"colormag-featured-image":["https:\/\/digital58.com.ve\/site\/wp-content\/uploads\/2020\/06\/comercio-barcelona-1200x1200-1.jpeg",791,445,false],"colormag-default-news":["https:\/\/digital58.com.ve\/site\/wp-content\/uploads\/2020\/06\/comercio-barcelona-1200x1200-1.jpeg",150,84,false],"colormag-featured-image-large":["https:\/\/digital58.com.ve\/site\/wp-content\/uploads\/2020\/06\/comercio-barcelona-1200x1200-1.jpeg",800,450,false]},"uagb_author_info":{"display_name":"Molero Luis","author_link":"https:\/\/digital58.com.ve\/site\/author\/luismolero\/"},"uagb_comment_info":0,"uagb_excerpt":"A partir de este 3 de junio los comercios de alimentos regresar\u00e1n al horario de 8:00 a.m. a 12:00 del","_links":{"self":[{"href":"https:\/\/digital58.com.ve\/site\/wp-json\/wp\/v2\/posts\/104166","targetHints":{"allow":["GET"]}}],"collection":[{"href":"https:\/\/digital58.com.ve\/site\/wp-json\/wp\/v2\/posts"}],"about":[{"href":"https:\/\/digital58.com.ve\/site\/wp-json\/wp\/v2\/types\/post"}],"author":[{"embeddable":true,"href":"https:\/\/digital58.com.ve\/site\/wp-json\/wp\/v2\/users\/26"}],"replies":[{"embeddable":true,"href":"https:\/\/digital58.com.ve\/site\/wp-json\/wp\/v2\/comments?post=104166"}],"version-history":[{"count":0,"href":"https:\/\/digital58.com.ve\/site\/wp-json\/wp\/v2\/posts\/104166\/revisions"}],"wp:featuredmedia":[{"embeddable":true,"href":"https:\/\/digital58.com.ve\/site\/wp-json\/wp\/v2\/media\/104167"}],"wp:attachment":[{"href":"https:\/\/digital58.com.ve\/site\/wp-json\/wp\/v2\/media?parent=104166"}],"wp:term":[{"taxonomy":"category","embeddable":true,"href":"https:\/\/digital58.com.ve\/site\/wp-json\/wp\/v2\/categories?post=104166"},{"taxonomy":"post_tag","embeddable":true,"href":"https:\/\/digital58.com.ve\/site\/wp-json\/wp\/v2\/tags?post=104166"}],"curies":[{"name":"wp","href":"https:\/\/api.w.org\/{rel}","templated":true}]}}