{"id":104288,"date":"2020-06-03T15:49:27","date_gmt":"2020-06-03T19:49:27","guid":{"rendered":"https:\/\/digital58.com.ve\/site\/?p=104288"},"modified":"2020-06-03T15:49:27","modified_gmt":"2020-06-03T19:49:27","slug":"henri-falcon-es-el-camino-que-hemos-senalado-la-vida-de-venezuela-esta-primero","status":"publish","type":"post","link":"https:\/\/digital58.com.ve\/site\/2020\/06\/03\/henri-falcon-es-el-camino-que-hemos-senalado-la-vida-de-venezuela-esta-primero\/","title":{"rendered":"Henri Falc\u00f3n : \u00abEs el camino que hemos se\u00f1alado, la vida de Venezuela est\u00e1 primero\u00bb"},"content":{"rendered":"<p><img loading=\"lazy\" decoding=\"async\" class=\"aligncenter wp-image-104289 size-full\" src=\"https:\/\/digital58.com.ve\/site\/wp-content\/uploads\/2020\/06\/Henri-Falc\u00f3n-considera-positiva-gira-internacional-de-Guaid\u00f3.jpg\" alt=\"\" width=\"960\" height=\"637\" srcset=\"https:\/\/digital58.com.ve\/site\/wp-content\/uploads\/2020\/06\/Henri-Falc\u00f3n-considera-positiva-gira-internacional-de-Guaid\u00f3.jpg 800w, https:\/\/digital58.com.ve\/site\/wp-content\/uploads\/2020\/06\/Henri-Falc\u00f3n-considera-positiva-gira-internacional-de-Guaid\u00f3-300x199.jpg 300w, https:\/\/digital58.com.ve\/site\/wp-content\/uploads\/2020\/06\/Henri-Falc\u00f3n-considera-positiva-gira-internacional-de-Guaid\u00f3-768x510.jpg 768w, https:\/\/digital58.com.ve\/site\/wp-content\/uploads\/2020\/06\/Henri-Falc\u00f3n-considera-positiva-gira-internacional-de-Guaid\u00f3-480x320.jpg 480w\" sizes=\"auto, (max-width: 960px) 100vw, 960px\" \/><\/p>\n<p>El dirigente pol\u00edtico Henri Falc\u00f3n, manifest\u00f3 este martes estar de acuerdo con el acuerdo logrado entre el Gobierno Nacional y Juan Guaid\u00f3, para hacer frente al COVID-19<\/p>\n<p><strong>Maracaibo, Zulia, Venezuela 3 de junio de 2020 (ND58).-<\/strong>Este martes el l\u00edder de Avanzada Progresista, Henri Falc\u00f3n, respald\u00f3 el acuerdo entre el Ministerio del Poder Popular Para la Salud y el equipo asesor de salud de la Asamblea Nacional dirigida por Juan Guaid\u00f3, para hacer frente al COVID-19.<\/p>\n<p>En su cuenta Twitter Falc\u00f3n, expreso \u00abEste es el camino que siempre hemos se\u00f1alado, sin complejos. Es lo que la gran mayor\u00eda espera, soluciones a sus verdaderos problemas \u00a1La vida de #Venezuela est\u00e1 primero! #TreguaXVenezuela \u00bb.<\/p>\n<p>En el mismo tuit, el exgobernador de Lara, comparti\u00f3 la imagen del documento que muestra las firmas de Carlos Alvarado, ministro de Salud y de Julio Casto, asesor de salud representante del parlamento.<\/p>\n<p>El acuerdo busca proteger al personal de salud y reducir la transmisi\u00f3n de la enfermedad\u00a0 en el pa\u00eds.<\/p><div class=\"klbui6a9b5c834904e\" ><p style=\"text-align: center;\"><a href=\"https:\/\/t.me\/noticiasdigital58\" target=\"_blank\" rel=\"noopener\"><img class=\"aligncenter size-full wp-image-125363\" src=\"https:\/\/digital58.com.ve\/site\/wp-content\/uploads\/2021\/04\/banner-telegram-web-2021.png\" alt=\"\" width=\"600\" height=\"90\" \/><\/a><\/p><\/div><style type=\"text\/css\">\r\n@media screen and (min-width: 1201px) {\r\n.klbui6a9b5c834904e {\r\ndisplay: block;\r\n}\r\n}\r\n@media screen and (min-width: 993px) and (max-width: 1200px) {\r\n.klbui6a9b5c834904e {\r\ndisplay: block;\r\n}\r\n}\r\n@media screen and (min-width: 769px) and (max-width: 992px) {\r\n.klbui6a9b5c834904e {\r\ndisplay: block;\r\n}\r\n}\r\n@media screen and (min-width: 768px) and (max-width: 768px) {\r\n.klbui6a9b5c834904e {\r\ndisplay: block;\r\n}\r\n}\r\n@media screen and (max-width: 767px) {\r\n.klbui6a9b5c834904e {\r\ndisplay: block;\r\n}\r\n}\r\n<\/style>\r\n\n<p><strong>Redacci\u00f3n: Molero, Luis (@Moleromarquez) | Fuente: Agencias<\/strong><br \/>\n<strong>Edici\u00f3n: Villasmil, Henry<\/strong><br \/>\n<strong>Gr\u00e1ficas: Cortesia<\/strong><\/p>\n<div style=\"margin-top: 0px; margin-bottom: 0px;\" class=\"sharethis-inline-share-buttons\" ><\/div>","protected":false},"excerpt":{"rendered":"<p>El dirigente pol\u00edtico Henri Falc\u00f3n, manifest\u00f3 este martes estar de acuerdo con el acuerdo logrado entre el Gobierno Nacional y<\/p>\n","protected":false},"author":26,"featured_media":104289,"comment_status":"open","ping_status":"closed","sticky":false,"template":"","format":"standard","meta":{"colormag_page_container_layout":"default_layout","colormag_page_sidebar_layout":"default_layout","_uag_custom_page_level_css":"","footnotes":""},"categories":[8610],"tags":[15432,11008,233],"class_list":["post-104288","post","type-post","status-publish","format-standard","has-post-thumbnail","hentry","category-politica","tag-acuerdo-gobierno-nacional-y-juan-guaido","tag-henri-falcon","tag-nacionales"],"yoast_head":"<!-- This site is optimized with the Yoast SEO plugin v28.4 - https:\/\/yoast.com\/product\/yoast-seo-wordpress\/ -->\n<title>Henri Falc\u00f3n : \u00abEs el camino que hemos se\u00f1alado, la vida de Venezuela est\u00e1 primero\u00bb<\/title>\n<meta name=\"description\" content=\"Pol\u00edtica\" \/>\n<meta name=\"robots\" content=\"index, follow, max-snippet:-1, max-image-preview:large, max-video-preview:-1\" \/>\n<link rel=\"canonical\" href=\"https:\/\/digital58.com.ve\/site\/2020\/06\/03\/henri-falcon-es-el-camino-que-hemos-senalado-la-vida-de-venezuela-esta-primero\/\" \/>\n<meta property=\"og:locale\" content=\"es_ES\" \/>\n<meta property=\"og:type\" content=\"article\" \/>\n<meta property=\"og:title\" content=\"Henri Falc\u00f3n : \u00abEs el camino que hemos se\u00f1alado, la vida de Venezuela est\u00e1 primero\u00bb\" \/>\n<meta property=\"og:description\" content=\"Pol\u00edtica\" \/>\n<meta property=\"og:url\" content=\"https:\/\/digital58.com.ve\/site\/2020\/06\/03\/henri-falcon-es-el-camino-que-hemos-senalado-la-vida-de-venezuela-esta-primero\/\" \/>\n<meta property=\"og:site_name\" content=\"Noticias Digital58\" \/>\n<meta property=\"article:published_time\" content=\"2020-06-03T19:49:27+00:00\" \/>\n<meta property=\"og:image\" content=\"https:\/\/digital58.com.ve\/site\/wp-content\/uploads\/2020\/06\/Henri-Falc\u00f3n-considera-positiva-gira-internacional-de-Guaid\u00f3.jpg\" \/>\n\t<meta property=\"og:image:width\" content=\"960\" \/>\n\t<meta property=\"og:image:height\" content=\"637\" \/>\n\t<meta property=\"og:image:type\" content=\"image\/jpeg\" \/>\n<meta name=\"author\" content=\"Molero Luis\" \/>\n<meta name=\"twitter:card\" content=\"summary_large_image\" \/>\n<meta name=\"twitter:creator\" content=\"@Digital_58\" \/>\n<meta name=\"twitter:site\" content=\"@villasmilhfoto\" \/>\n<meta name=\"twitter:label1\" content=\"Escrito por\" \/>\n\t<meta name=\"twitter:data1\" content=\"Molero Luis\" \/>\n\t<meta name=\"twitter:label2\" content=\"Tiempo estimado de lectura\" \/>\n\t<meta name=\"twitter:data2\" content=\"1 minuto\" \/>\n<script type=\"application\/ld+json\" class=\"yoast-schema-graph\">{\"@context\":\"https:\\\/\\\/schema.org\",\"@graph\":[{\"@type\":\"Article\",\"@id\":\"https:\\\/\\\/digital58.com.ve\\\/site\\\/2020\\\/06\\\/03\\\/henri-falcon-es-el-camino-que-hemos-senalado-la-vida-de-venezuela-esta-primero\\\/#article\",\"isPartOf\":{\"@id\":\"https:\\\/\\\/digital58.com.ve\\\/site\\\/2020\\\/06\\\/03\\\/henri-falcon-es-el-camino-que-hemos-senalado-la-vida-de-venezuela-esta-primero\\\/\"},\"author\":{\"name\":\"Molero Luis\",\"@id\":\"https:\\\/\\\/digital58.com.ve\\\/site\\\/#\\\/schema\\\/person\\\/c61667ce6845137620ee3f0aaabade17\"},\"headline\":\"Henri Falc\u00f3n : \u00abEs el camino que hemos se\u00f1alado, la vida de Venezuela est\u00e1 primero\u00bb\",\"datePublished\":\"2020-06-03T19:49:27+00:00\",\"mainEntityOfPage\":{\"@id\":\"https:\\\/\\\/digital58.com.ve\\\/site\\\/2020\\\/06\\\/03\\\/henri-falcon-es-el-camino-que-hemos-senalado-la-vida-de-venezuela-esta-primero\\\/\"},\"wordCount\":199,\"commentCount\":0,\"publisher\":{\"@id\":\"https:\\\/\\\/digital58.com.ve\\\/site\\\/#\\\/schema\\\/person\\\/64d1c2e4d0d4fd1b849980c4331c2951\"},\"image\":{\"@id\":\"https:\\\/\\\/digital58.com.ve\\\/site\\\/2020\\\/06\\\/03\\\/henri-falcon-es-el-camino-que-hemos-senalado-la-vida-de-venezuela-esta-primero\\\/#primaryimage\"},\"thumbnailUrl\":\"https:\\\/\\\/digital58.com.ve\\\/site\\\/wp-content\\\/uploads\\\/2020\\\/06\\\/Henri-Falc\u00f3n-considera-positiva-gira-internacional-de-Guaid\u00f3.jpg\",\"keywords\":[\"Acuerdo Gobierno Nacional y Juan Guaid\u00f2\",\"Henri Falc\u00f3n\",\"Nacionales\"],\"articleSection\":[\"Pol\u00edtica\"],\"inLanguage\":\"es\",\"potentialAction\":[{\"@type\":\"CommentAction\",\"name\":\"Comment\",\"target\":[\"https:\\\/\\\/digital58.com.ve\\\/site\\\/2020\\\/06\\\/03\\\/henri-falcon-es-el-camino-que-hemos-senalado-la-vida-de-venezuela-esta-primero\\\/#respond\"]}]},{\"@type\":\"WebPage\",\"@id\":\"https:\\\/\\\/digital58.com.ve\\\/site\\\/2020\\\/06\\\/03\\\/henri-falcon-es-el-camino-que-hemos-senalado-la-vida-de-venezuela-esta-primero\\\/\",\"url\":\"https:\\\/\\\/digital58.com.ve\\\/site\\\/2020\\\/06\\\/03\\\/henri-falcon-es-el-camino-que-hemos-senalado-la-vida-de-venezuela-esta-primero\\\/\",\"name\":\"Henri Falc\u00f3n : \u00abEs el camino que hemos se\u00f1alado, la vida de Venezuela est\u00e1 primero\u00bb\",\"isPartOf\":{\"@id\":\"https:\\\/\\\/digital58.com.ve\\\/site\\\/#website\"},\"primaryImageOfPage\":{\"@id\":\"https:\\\/\\\/digital58.com.ve\\\/site\\\/2020\\\/06\\\/03\\\/henri-falcon-es-el-camino-que-hemos-senalado-la-vida-de-venezuela-esta-primero\\\/#primaryimage\"},\"image\":{\"@id\":\"https:\\\/\\\/digital58.com.ve\\\/site\\\/2020\\\/06\\\/03\\\/henri-falcon-es-el-camino-que-hemos-senalado-la-vida-de-venezuela-esta-primero\\\/#primaryimage\"},\"thumbnailUrl\":\"https:\\\/\\\/digital58.com.ve\\\/site\\\/wp-content\\\/uploads\\\/2020\\\/06\\\/Henri-Falc\u00f3n-considera-positiva-gira-internacional-de-Guaid\u00f3.jpg\",\"datePublished\":\"2020-06-03T19:49:27+00:00\",\"description\":\"Pol\u00edtica\",\"breadcrumb\":{\"@id\":\"https:\\\/\\\/digital58.com.ve\\\/site\\\/2020\\\/06\\\/03\\\/henri-falcon-es-el-camino-que-hemos-senalado-la-vida-de-venezuela-esta-primero\\\/#breadcrumb\"},\"inLanguage\":\"es\",\"potentialAction\":[{\"@type\":\"ReadAction\",\"target\":[\"https:\\\/\\\/digital58.com.ve\\\/site\\\/2020\\\/06\\\/03\\\/henri-falcon-es-el-camino-que-hemos-senalado-la-vida-de-venezuela-esta-primero\\\/\"]}]},{\"@type\":\"ImageObject\",\"inLanguage\":\"es\",\"@id\":\"https:\\\/\\\/digital58.com.ve\\\/site\\\/2020\\\/06\\\/03\\\/henri-falcon-es-el-camino-que-hemos-senalado-la-vida-de-venezuela-esta-primero\\\/#primaryimage\",\"url\":\"https:\\\/\\\/digital58.com.ve\\\/site\\\/wp-content\\\/uploads\\\/2020\\\/06\\\/Henri-Falc\u00f3n-considera-positiva-gira-internacional-de-Guaid\u00f3.jpg\",\"contentUrl\":\"https:\\\/\\\/digital58.com.ve\\\/site\\\/wp-content\\\/uploads\\\/2020\\\/06\\\/Henri-Falc\u00f3n-considera-positiva-gira-internacional-de-Guaid\u00f3.jpg\",\"width\":800,\"height\":531},{\"@type\":\"BreadcrumbList\",\"@id\":\"https:\\\/\\\/digital58.com.ve\\\/site\\\/2020\\\/06\\\/03\\\/henri-falcon-es-el-camino-que-hemos-senalado-la-vida-de-venezuela-esta-primero\\\/#breadcrumb\",\"itemListElement\":[{\"@type\":\"ListItem\",\"position\":1,\"name\":\"Home\",\"item\":\"https:\\\/\\\/digital58.com.ve\\\/site\\\/\"},{\"@type\":\"ListItem\",\"position\":2,\"name\":\"Henri Falc\u00f3n : \u00abEs el camino que hemos se\u00f1alado, la vida de Venezuela est\u00e1 primero\u00bb\"}]},{\"@type\":\"WebSite\",\"@id\":\"https:\\\/\\\/digital58.com.ve\\\/site\\\/#website\",\"url\":\"https:\\\/\\\/digital58.com.ve\\\/site\\\/\",\"name\":\"Noticias Digital58\",\"description\":\"Portal de Noticias \u00a1Periodismo web de verdad! Lanzamiento web 22.11.2005 \\\/ Maracaibo, Venezuela\",\"publisher\":{\"@id\":\"https:\\\/\\\/digital58.com.ve\\\/site\\\/#\\\/schema\\\/person\\\/64d1c2e4d0d4fd1b849980c4331c2951\"},\"alternateName\":\"ND58\",\"potentialAction\":[{\"@type\":\"SearchAction\",\"target\":{\"@type\":\"EntryPoint\",\"urlTemplate\":\"https:\\\/\\\/digital58.com.ve\\\/site\\\/?s={search_term_string}\"},\"query-input\":{\"@type\":\"PropertyValueSpecification\",\"valueRequired\":true,\"valueName\":\"search_term_string\"}}],\"inLanguage\":\"es\"},{\"@type\":[\"Person\",\"Organization\"],\"@id\":\"https:\\\/\\\/digital58.com.ve\\\/site\\\/#\\\/schema\\\/person\\\/64d1c2e4d0d4fd1b849980c4331c2951\",\"name\":\"Villasmil Henry\",\"image\":{\"@type\":\"ImageObject\",\"inLanguage\":\"es\",\"@id\":\"https:\\\/\\\/secure.gravatar.com\\\/avatar\\\/bb0c4a2fcb7970138239f7e404ea75757b1b507b28b5ce4c53fbd62d797c5a7c?s=96&d=mm&r=g\",\"url\":\"https:\\\/\\\/secure.gravatar.com\\\/avatar\\\/bb0c4a2fcb7970138239f7e404ea75757b1b507b28b5ce4c53fbd62d797c5a7c?s=96&d=mm&r=g\",\"contentUrl\":\"https:\\\/\\\/secure.gravatar.com\\\/avatar\\\/bb0c4a2fcb7970138239f7e404ea75757b1b507b28b5ce4c53fbd62d797c5a7c?s=96&d=mm&r=g\",\"caption\":\"Villasmil Henry\"},\"logo\":{\"@id\":\"https:\\\/\\\/secure.gravatar.com\\\/avatar\\\/bb0c4a2fcb7970138239f7e404ea75757b1b507b28b5ce4c53fbd62d797c5a7c?s=96&d=mm&r=g\"},\"sameAs\":[\"http:\\\/\\\/www.henryvillasmil.com.ve\",\"https:\\\/\\\/www.instagram.com\\\/villasmilhfoto\\\/\",\"https:\\\/\\\/x.com\\\/https:\\\/\\\/twitter.com\\\/villasmilhfoto\"]},{\"@type\":\"Person\",\"@id\":\"https:\\\/\\\/digital58.com.ve\\\/site\\\/#\\\/schema\\\/person\\\/c61667ce6845137620ee3f0aaabade17\",\"name\":\"Molero Luis\",\"image\":{\"@type\":\"ImageObject\",\"inLanguage\":\"es\",\"@id\":\"https:\\\/\\\/secure.gravatar.com\\\/avatar\\\/bf041ec637e3e7405449807deb2f7cf3d2de7c6fa755dd56e985201de9863f2b?s=96&d=mm&r=g\",\"url\":\"https:\\\/\\\/secure.gravatar.com\\\/avatar\\\/bf041ec637e3e7405449807deb2f7cf3d2de7c6fa755dd56e985201de9863f2b?s=96&d=mm&r=g\",\"contentUrl\":\"https:\\\/\\\/secure.gravatar.com\\\/avatar\\\/bf041ec637e3e7405449807deb2f7cf3d2de7c6fa755dd56e985201de9863f2b?s=96&d=mm&r=g\",\"caption\":\"Molero Luis\"},\"url\":\"https:\\\/\\\/digital58.com.ve\\\/site\\\/author\\\/luismolero\\\/\"}]}<\/script>\n<!-- \/ Yoast SEO plugin. -->","yoast_head_json":{"title":"Henri Falc\u00f3n : \u00abEs el camino que hemos se\u00f1alado, la vida de Venezuela est\u00e1 primero\u00bb","description":"Pol\u00edtica","robots":{"index":"index","follow":"follow","max-snippet":"max-snippet:-1","max-image-preview":"max-image-preview:large","max-video-preview":"max-video-preview:-1"},"canonical":"https:\/\/digital58.com.ve\/site\/2020\/06\/03\/henri-falcon-es-el-camino-que-hemos-senalado-la-vida-de-venezuela-esta-primero\/","og_locale":"es_ES","og_type":"article","og_title":"Henri Falc\u00f3n : \u00abEs el camino que hemos se\u00f1alado, la vida de Venezuela est\u00e1 primero\u00bb","og_description":"Pol\u00edtica","og_url":"https:\/\/digital58.com.ve\/site\/2020\/06\/03\/henri-falcon-es-el-camino-que-hemos-senalado-la-vida-de-venezuela-esta-primero\/","og_site_name":"Noticias Digital58","article_published_time":"2020-06-03T19:49:27+00:00","og_image":[{"width":960,"height":637,"url":"https:\/\/digital58.com.ve\/site\/wp-content\/uploads\/2020\/06\/Henri-Falc\u00f3n-considera-positiva-gira-internacional-de-Guaid\u00f3.jpg","type":"image\/jpeg"}],"author":"Molero Luis","twitter_card":"summary_large_image","twitter_creator":"@Digital_58","twitter_site":"@villasmilhfoto","twitter_misc":{"Escrito por":"Molero Luis","Tiempo estimado de lectura":"1 minuto"},"schema":{"@context":"https:\/\/schema.org","@graph":[{"@type":"Article","@id":"https:\/\/digital58.com.ve\/site\/2020\/06\/03\/henri-falcon-es-el-camino-que-hemos-senalado-la-vida-de-venezuela-esta-primero\/#article","isPartOf":{"@id":"https:\/\/digital58.com.ve\/site\/2020\/06\/03\/henri-falcon-es-el-camino-que-hemos-senalado-la-vida-de-venezuela-esta-primero\/"},"author":{"name":"Molero Luis","@id":"https:\/\/digital58.com.ve\/site\/#\/schema\/person\/c61667ce6845137620ee3f0aaabade17"},"headline":"Henri Falc\u00f3n : \u00abEs el camino que hemos se\u00f1alado, la vida de Venezuela est\u00e1 primero\u00bb","datePublished":"2020-06-03T19:49:27+00:00","mainEntityOfPage":{"@id":"https:\/\/digital58.com.ve\/site\/2020\/06\/03\/henri-falcon-es-el-camino-que-hemos-senalado-la-vida-de-venezuela-esta-primero\/"},"wordCount":199,"commentCount":0,"publisher":{"@id":"https:\/\/digital58.com.ve\/site\/#\/schema\/person\/64d1c2e4d0d4fd1b849980c4331c2951"},"image":{"@id":"https:\/\/digital58.com.ve\/site\/2020\/06\/03\/henri-falcon-es-el-camino-que-hemos-senalado-la-vida-de-venezuela-esta-primero\/#primaryimage"},"thumbnailUrl":"https:\/\/digital58.com.ve\/site\/wp-content\/uploads\/2020\/06\/Henri-Falc\u00f3n-considera-positiva-gira-internacional-de-Guaid\u00f3.jpg","keywords":["Acuerdo Gobierno Nacional y Juan Guaid\u00f2","Henri Falc\u00f3n","Nacionales"],"articleSection":["Pol\u00edtica"],"inLanguage":"es","potentialAction":[{"@type":"CommentAction","name":"Comment","target":["https:\/\/digital58.com.ve\/site\/2020\/06\/03\/henri-falcon-es-el-camino-que-hemos-senalado-la-vida-de-venezuela-esta-primero\/#respond"]}]},{"@type":"WebPage","@id":"https:\/\/digital58.com.ve\/site\/2020\/06\/03\/henri-falcon-es-el-camino-que-hemos-senalado-la-vida-de-venezuela-esta-primero\/","url":"https:\/\/digital58.com.ve\/site\/2020\/06\/03\/henri-falcon-es-el-camino-que-hemos-senalado-la-vida-de-venezuela-esta-primero\/","name":"Henri Falc\u00f3n : \u00abEs el camino que hemos se\u00f1alado, la vida de Venezuela est\u00e1 primero\u00bb","isPartOf":{"@id":"https:\/\/digital58.com.ve\/site\/#website"},"primaryImageOfPage":{"@id":"https:\/\/digital58.com.ve\/site\/2020\/06\/03\/henri-falcon-es-el-camino-que-hemos-senalado-la-vida-de-venezuela-esta-primero\/#primaryimage"},"image":{"@id":"https:\/\/digital58.com.ve\/site\/2020\/06\/03\/henri-falcon-es-el-camino-que-hemos-senalado-la-vida-de-venezuela-esta-primero\/#primaryimage"},"thumbnailUrl":"https:\/\/digital58.com.ve\/site\/wp-content\/uploads\/2020\/06\/Henri-Falc\u00f3n-considera-positiva-gira-internacional-de-Guaid\u00f3.jpg","datePublished":"2020-06-03T19:49:27+00:00","description":"Pol\u00edtica","breadcrumb":{"@id":"https:\/\/digital58.com.ve\/site\/2020\/06\/03\/henri-falcon-es-el-camino-que-hemos-senalado-la-vida-de-venezuela-esta-primero\/#breadcrumb"},"inLanguage":"es","potentialAction":[{"@type":"ReadAction","target":["https:\/\/digital58.com.ve\/site\/2020\/06\/03\/henri-falcon-es-el-camino-que-hemos-senalado-la-vida-de-venezuela-esta-primero\/"]}]},{"@type":"ImageObject","inLanguage":"es","@id":"https:\/\/digital58.com.ve\/site\/2020\/06\/03\/henri-falcon-es-el-camino-que-hemos-senalado-la-vida-de-venezuela-esta-primero\/#primaryimage","url":"https:\/\/digital58.com.ve\/site\/wp-content\/uploads\/2020\/06\/Henri-Falc\u00f3n-considera-positiva-gira-internacional-de-Guaid\u00f3.jpg","contentUrl":"https:\/\/digital58.com.ve\/site\/wp-content\/uploads\/2020\/06\/Henri-Falc\u00f3n-considera-positiva-gira-internacional-de-Guaid\u00f3.jpg","width":800,"height":531},{"@type":"BreadcrumbList","@id":"https:\/\/digital58.com.ve\/site\/2020\/06\/03\/henri-falcon-es-el-camino-que-hemos-senalado-la-vida-de-venezuela-esta-primero\/#breadcrumb","itemListElement":[{"@type":"ListItem","position":1,"name":"Home","item":"https:\/\/digital58.com.ve\/site\/"},{"@type":"ListItem","position":2,"name":"Henri Falc\u00f3n : \u00abEs el camino que hemos se\u00f1alado, la vida de Venezuela est\u00e1 primero\u00bb"}]},{"@type":"WebSite","@id":"https:\/\/digital58.com.ve\/site\/#website","url":"https:\/\/digital58.com.ve\/site\/","name":"Noticias Digital58","description":"Portal de Noticias \u00a1Periodismo web de verdad! Lanzamiento web 22.11.2005 \/ Maracaibo, Venezuela","publisher":{"@id":"https:\/\/digital58.com.ve\/site\/#\/schema\/person\/64d1c2e4d0d4fd1b849980c4331c2951"},"alternateName":"ND58","potentialAction":[{"@type":"SearchAction","target":{"@type":"EntryPoint","urlTemplate":"https:\/\/digital58.com.ve\/site\/?s={search_term_string}"},"query-input":{"@type":"PropertyValueSpecification","valueRequired":true,"valueName":"search_term_string"}}],"inLanguage":"es"},{"@type":["Person","Organization"],"@id":"https:\/\/digital58.com.ve\/site\/#\/schema\/person\/64d1c2e4d0d4fd1b849980c4331c2951","name":"Villasmil Henry","image":{"@type":"ImageObject","inLanguage":"es","@id":"https:\/\/secure.gravatar.com\/avatar\/bb0c4a2fcb7970138239f7e404ea75757b1b507b28b5ce4c53fbd62d797c5a7c?s=96&d=mm&r=g","url":"https:\/\/secure.gravatar.com\/avatar\/bb0c4a2fcb7970138239f7e404ea75757b1b507b28b5ce4c53fbd62d797c5a7c?s=96&d=mm&r=g","contentUrl":"https:\/\/secure.gravatar.com\/avatar\/bb0c4a2fcb7970138239f7e404ea75757b1b507b28b5ce4c53fbd62d797c5a7c?s=96&d=mm&r=g","caption":"Villasmil Henry"},"logo":{"@id":"https:\/\/secure.gravatar.com\/avatar\/bb0c4a2fcb7970138239f7e404ea75757b1b507b28b5ce4c53fbd62d797c5a7c?s=96&d=mm&r=g"},"sameAs":["http:\/\/www.henryvillasmil.com.ve","https:\/\/www.instagram.com\/villasmilhfoto\/","https:\/\/x.com\/https:\/\/twitter.com\/villasmilhfoto"]},{"@type":"Person","@id":"https:\/\/digital58.com.ve\/site\/#\/schema\/person\/c61667ce6845137620ee3f0aaabade17","name":"Molero Luis","image":{"@type":"ImageObject","inLanguage":"es","@id":"https:\/\/secure.gravatar.com\/avatar\/bf041ec637e3e7405449807deb2f7cf3d2de7c6fa755dd56e985201de9863f2b?s=96&d=mm&r=g","url":"https:\/\/secure.gravatar.com\/avatar\/bf041ec637e3e7405449807deb2f7cf3d2de7c6fa755dd56e985201de9863f2b?s=96&d=mm&r=g","contentUrl":"https:\/\/secure.gravatar.com\/avatar\/bf041ec637e3e7405449807deb2f7cf3d2de7c6fa755dd56e985201de9863f2b?s=96&d=mm&r=g","caption":"Molero Luis"},"url":"https:\/\/digital58.com.ve\/site\/author\/luismolero\/"}]}},"uagb_featured_image_src":{"full":["https:\/\/digital58.com.ve\/site\/wp-content\/uploads\/2020\/06\/Henri-Falc\u00f3n-considera-positiva-gira-internacional-de-Guaid\u00f3.jpg",800,531,false],"thumbnail":["https:\/\/digital58.com.ve\/site\/wp-content\/uploads\/2020\/06\/Henri-Falc\u00f3n-considera-positiva-gira-internacional-de-Guaid\u00f3-150x150.jpg",150,150,true],"medium":["https:\/\/digital58.com.ve\/site\/wp-content\/uploads\/2020\/06\/Henri-Falc\u00f3n-considera-positiva-gira-internacional-de-Guaid\u00f3-300x199.jpg",300,199,true],"medium_large":["https:\/\/digital58.com.ve\/site\/wp-content\/uploads\/2020\/06\/Henri-Falc\u00f3n-considera-positiva-gira-internacional-de-Guaid\u00f3-768x510.jpg",768,510,true],"large":["https:\/\/digital58.com.ve\/site\/wp-content\/uploads\/2020\/06\/Henri-Falc\u00f3n-considera-positiva-gira-internacional-de-Guaid\u00f3.jpg",800,531,false],"1536x1536":["https:\/\/digital58.com.ve\/site\/wp-content\/uploads\/2020\/06\/Henri-Falc\u00f3n-considera-positiva-gira-internacional-de-Guaid\u00f3.jpg",800,531,false],"2048x2048":["https:\/\/digital58.com.ve\/site\/wp-content\/uploads\/2020\/06\/Henri-Falc\u00f3n-considera-positiva-gira-internacional-de-Guaid\u00f3.jpg",800,531,false],"colormag-highlighted-post":["https:\/\/digital58.com.ve\/site\/wp-content\/uploads\/2020\/06\/Henri-Falc\u00f3n-considera-positiva-gira-internacional-de-Guaid\u00f3.jpg",392,260,false],"colormag-featured-post-medium":["https:\/\/digital58.com.ve\/site\/wp-content\/uploads\/2020\/06\/Henri-Falc\u00f3n-considera-positiva-gira-internacional-de-Guaid\u00f3.jpg",309,205,false],"colormag-featured-post-small":["https:\/\/digital58.com.ve\/site\/wp-content\/uploads\/2020\/06\/Henri-Falc\u00f3n-considera-positiva-gira-internacional-de-Guaid\u00f3.jpg",130,86,false],"colormag-featured-image":["https:\/\/digital58.com.ve\/site\/wp-content\/uploads\/2020\/06\/Henri-Falc\u00f3n-considera-positiva-gira-internacional-de-Guaid\u00f3.jpg",670,445,false],"colormag-default-news":["https:\/\/digital58.com.ve\/site\/wp-content\/uploads\/2020\/06\/Henri-Falc\u00f3n-considera-positiva-gira-internacional-de-Guaid\u00f3.jpg",150,100,false],"colormag-featured-image-large":["https:\/\/digital58.com.ve\/site\/wp-content\/uploads\/2020\/06\/Henri-Falc\u00f3n-considera-positiva-gira-internacional-de-Guaid\u00f3.jpg",800,531,false]},"uagb_author_info":{"display_name":"Molero Luis","author_link":"https:\/\/digital58.com.ve\/site\/author\/luismolero\/"},"uagb_comment_info":0,"uagb_excerpt":"El dirigente pol\u00edtico Henri Falc\u00f3n, manifest\u00f3 este martes estar de acuerdo con el acuerdo logrado entre el Gobierno Nacional y","_links":{"self":[{"href":"https:\/\/digital58.com.ve\/site\/wp-json\/wp\/v2\/posts\/104288","targetHints":{"allow":["GET"]}}],"collection":[{"href":"https:\/\/digital58.com.ve\/site\/wp-json\/wp\/v2\/posts"}],"about":[{"href":"https:\/\/digital58.com.ve\/site\/wp-json\/wp\/v2\/types\/post"}],"author":[{"embeddable":true,"href":"https:\/\/digital58.com.ve\/site\/wp-json\/wp\/v2\/users\/26"}],"replies":[{"embeddable":true,"href":"https:\/\/digital58.com.ve\/site\/wp-json\/wp\/v2\/comments?post=104288"}],"version-history":[{"count":0,"href":"https:\/\/digital58.com.ve\/site\/wp-json\/wp\/v2\/posts\/104288\/revisions"}],"wp:featuredmedia":[{"embeddable":true,"href":"https:\/\/digital58.com.ve\/site\/wp-json\/wp\/v2\/media\/104289"}],"wp:attachment":[{"href":"https:\/\/digital58.com.ve\/site\/wp-json\/wp\/v2\/media?parent=104288"}],"wp:term":[{"taxonomy":"category","embeddable":true,"href":"https:\/\/digital58.com.ve\/site\/wp-json\/wp\/v2\/categories?post=104288"},{"taxonomy":"post_tag","embeddable":true,"href":"https:\/\/digital58.com.ve\/site\/wp-json\/wp\/v2\/tags?post=104288"}],"curies":[{"name":"wp","href":"https:\/\/api.w.org\/{rel}","templated":true}]}}