{"id":104635,"date":"2020-06-05T08:58:28","date_gmt":"2020-06-05T12:58:28","guid":{"rendered":"https:\/\/digital58.com.ve\/site\/?p=104635"},"modified":"2020-06-05T08:58:28","modified_gmt":"2020-06-05T12:58:28","slug":"messi-se-pierde-otro-entrenamiento-por-una-lesion-en-el-muslo","status":"publish","type":"post","link":"https:\/\/digital58.com.ve\/site\/2020\/06\/05\/messi-se-pierde-otro-entrenamiento-por-una-lesion-en-el-muslo\/","title":{"rendered":"Messi se pierde otro entrenamiento por una lesi\u00f3n en el muslo"},"content":{"rendered":"<p><a href=\"https:\/\/digital58.com.ve\/site\/wp-content\/uploads\/2020\/06\/messi.jpg\"><img loading=\"lazy\" decoding=\"async\" class=\"aligncenter size-full wp-image-104638\" src=\"https:\/\/digital58.com.ve\/site\/wp-content\/uploads\/2020\/06\/messi.jpg\" alt=\"\" width=\"800\" height=\"513\" srcset=\"https:\/\/digital58.com.ve\/site\/wp-content\/uploads\/2020\/06\/messi.jpg 800w, https:\/\/digital58.com.ve\/site\/wp-content\/uploads\/2020\/06\/messi-300x192.jpg 300w, https:\/\/digital58.com.ve\/site\/wp-content\/uploads\/2020\/06\/messi-768x492.jpg 768w\" sizes=\"auto, (max-width: 800px) 100vw, 800px\" \/><\/a><\/p>\n<p>El capit\u00e1n del Barcelona, Lionel Messi, no particip\u00f3 en la sesi\u00f3n de entrenamiento del viernes por una peque\u00f1a distensi\u00f3n en el muslo, dijo el club espa\u00f1ol.<\/p>\n<p><strong>Barcelona, Espa\u00f1a, 05 de junio de 2020 (ND58).-<\/strong> El Bar\u00e7a, vigente campe\u00f3n de la liga espa\u00f1ola, volvi\u00f3 a entrenar el lunes por primera vez en tres meses de cara al reinicio de la temporada en Espa\u00f1a el 11 de junio, despu\u00e9s de tres meses de par\u00e1lisis por la pandemia de COVID-19.<\/p>\n<p>Messi particip\u00f3 en los dos primeros entrenamientos de la semana pero estuvo ausente en la sesi\u00f3n del mi\u00e9rcoles y el equipo disfrut\u00f3 de un d\u00eda libre el jueves.<\/p>\n<p>El club catal\u00e1n dijo que est\u00e1 previsto que Messi vuelva a entrenar en los pr\u00f3ximos d\u00edas, lo que significa que deber\u00eda estar disponible cuando el Bar\u00e7a reanude su campa\u00f1a para revalidar el t\u00edtulo en campo del Real Mallorca el 13 de junio.<\/p>\n<p>\u00abEl capit\u00e1n azulgrana tiene una peque\u00f1a contractura en el cu\u00e1driceps de la pierna derecha. Este viernes ha hecho trabajo espec\u00edfico para evitar riesgos ya que quedan ocho d\u00edas para el primer compromiso de Liga. En los pr\u00f3ximos d\u00edas est\u00e1 previsto que vuelva a trabajar con el grupo\u00bb, dijo el equipo en su p\u00e1gina web.<\/p>\n<p>El Barcelona, que aspira a levantar su tercera liga espa\u00f1ola consecutiva, aventaja al Real Madrid por dos puntos, a falta de 11 jornadas.<\/p>\n<p>Messi es el m\u00e1ximo goleador de La Liga con 19 tantos.<\/p><div class=\"lpqtl69f0cdffa00e3\" ><p style=\"text-align: center;\"><a href=\"https:\/\/t.me\/noticiasdigital58\" target=\"_blank\" rel=\"noopener\"><img class=\"aligncenter size-full wp-image-125363\" src=\"https:\/\/digital58.com.ve\/site\/wp-content\/uploads\/2021\/04\/banner-telegram-web-2021.png\" alt=\"\" width=\"600\" height=\"90\" \/><\/a><\/p><\/div><style type=\"text\/css\">\r\n@media screen and (min-width: 1201px) {\r\n.lpqtl69f0cdffa00e3 {\r\ndisplay: block;\r\n}\r\n}\r\n@media screen and (min-width: 993px) and (max-width: 1200px) {\r\n.lpqtl69f0cdffa00e3 {\r\ndisplay: block;\r\n}\r\n}\r\n@media screen and (min-width: 769px) and (max-width: 992px) {\r\n.lpqtl69f0cdffa00e3 {\r\ndisplay: block;\r\n}\r\n}\r\n@media screen and (min-width: 768px) and (max-width: 768px) {\r\n.lpqtl69f0cdffa00e3 {\r\ndisplay: block;\r\n}\r\n}\r\n@media screen and (max-width: 767px) {\r\n.lpqtl69f0cdffa00e3 {\r\ndisplay: block;\r\n}\r\n}\r\n<\/style>\r\n\n<p><strong>Fuente: Richard Martin \/ Reuters<\/strong><br \/>\n<strong>Edici\u00f3n: Villasmil, Henry<\/strong><br \/>\n<strong>Gr\u00e1ficas: Reuters<\/strong><\/p>\n<div style=\"margin-top: 0px; margin-bottom: 0px;\" class=\"sharethis-inline-share-buttons\" ><\/div>","protected":false},"excerpt":{"rendered":"<p>El capit\u00e1n del Barcelona, Lionel Messi, no particip\u00f3 en la sesi\u00f3n de entrenamiento del viernes por una peque\u00f1a distensi\u00f3n en<\/p>\n","protected":false},"author":1,"featured_media":104638,"comment_status":"open","ping_status":"closed","sticky":false,"template":"","format":"standard","meta":{"colormag_page_container_layout":"default_layout","colormag_page_sidebar_layout":"default_layout","_uag_custom_page_level_css":"","footnotes":""},"categories":[5402],"tags":[1517,115,8721,13,499,8,7311,12352,123],"class_list":["post-104635","post","type-post","status-publish","format-standard","has-post-thumbnail","hentry","category-deportes","tag-barcelona","tag-espana","tag-fc-barcelona","tag-futbol","tag-futbol-espanol","tag-internacionales","tag-laliga","tag-laliga-2019-2020","tag-lionel-messi"],"yoast_head":"<!-- This site is optimized with the Yoast SEO plugin v27.5 - https:\/\/yoast.com\/product\/yoast-seo-wordpress\/ -->\n<title>Messi se pierde otro entrenamiento por una lesi\u00f3n en el muslo<\/title>\n<meta name=\"description\" content=\"Deportes\" \/>\n<meta name=\"robots\" content=\"index, follow, max-snippet:-1, max-image-preview:large, max-video-preview:-1\" \/>\n<link rel=\"canonical\" href=\"https:\/\/digital58.com.ve\/site\/2020\/06\/05\/messi-se-pierde-otro-entrenamiento-por-una-lesion-en-el-muslo\/\" \/>\n<meta property=\"og:locale\" content=\"es_ES\" \/>\n<meta property=\"og:type\" content=\"article\" \/>\n<meta property=\"og:title\" content=\"Messi se pierde otro entrenamiento por una lesi\u00f3n en el muslo\" \/>\n<meta property=\"og:description\" content=\"Deportes\" \/>\n<meta property=\"og:url\" content=\"https:\/\/digital58.com.ve\/site\/2020\/06\/05\/messi-se-pierde-otro-entrenamiento-por-una-lesion-en-el-muslo\/\" \/>\n<meta property=\"og:site_name\" content=\"Noticias Digital58\" \/>\n<meta property=\"article:published_time\" content=\"2020-06-05T12:58:28+00:00\" \/>\n<meta property=\"og:image\" content=\"https:\/\/digital58.com.ve\/site\/wp-content\/uploads\/2020\/06\/messi.jpg\" \/>\n\t<meta property=\"og:image:width\" content=\"800\" \/>\n\t<meta property=\"og:image:height\" content=\"513\" \/>\n\t<meta property=\"og:image:type\" content=\"image\/jpeg\" \/>\n<meta name=\"author\" content=\"Villasmil Henry\" \/>\n<meta name=\"twitter:card\" content=\"summary_large_image\" \/>\n<meta name=\"twitter:creator\" content=\"@https:\/\/twitter.com\/villasmilhfoto\" \/>\n<meta name=\"twitter:site\" content=\"@villasmilhfoto\" \/>\n<meta name=\"twitter:label1\" content=\"Escrito por\" \/>\n\t<meta name=\"twitter:data1\" content=\"Villasmil Henry\" \/>\n\t<meta name=\"twitter:label2\" content=\"Tiempo estimado de lectura\" \/>\n\t<meta name=\"twitter:data2\" content=\"1 minuto\" \/>\n<script type=\"application\/ld+json\" class=\"yoast-schema-graph\">{\"@context\":\"https:\\\/\\\/schema.org\",\"@graph\":[{\"@type\":\"Article\",\"@id\":\"https:\\\/\\\/digital58.com.ve\\\/site\\\/2020\\\/06\\\/05\\\/messi-se-pierde-otro-entrenamiento-por-una-lesion-en-el-muslo\\\/#article\",\"isPartOf\":{\"@id\":\"https:\\\/\\\/digital58.com.ve\\\/site\\\/2020\\\/06\\\/05\\\/messi-se-pierde-otro-entrenamiento-por-una-lesion-en-el-muslo\\\/\"},\"author\":{\"name\":\"Villasmil Henry\",\"@id\":\"https:\\\/\\\/digital58.com.ve\\\/site\\\/#\\\/schema\\\/person\\\/64d1c2e4d0d4fd1b849980c4331c2951\"},\"headline\":\"Messi se pierde otro entrenamiento por una lesi\u00f3n en el muslo\",\"datePublished\":\"2020-06-05T12:58:28+00:00\",\"mainEntityOfPage\":{\"@id\":\"https:\\\/\\\/digital58.com.ve\\\/site\\\/2020\\\/06\\\/05\\\/messi-se-pierde-otro-entrenamiento-por-una-lesion-en-el-muslo\\\/\"},\"wordCount\":285,\"commentCount\":0,\"publisher\":{\"@id\":\"https:\\\/\\\/digital58.com.ve\\\/site\\\/#\\\/schema\\\/person\\\/64d1c2e4d0d4fd1b849980c4331c2951\"},\"image\":{\"@id\":\"https:\\\/\\\/digital58.com.ve\\\/site\\\/2020\\\/06\\\/05\\\/messi-se-pierde-otro-entrenamiento-por-una-lesion-en-el-muslo\\\/#primaryimage\"},\"thumbnailUrl\":\"https:\\\/\\\/digital58.com.ve\\\/site\\\/wp-content\\\/uploads\\\/2020\\\/06\\\/messi.jpg\",\"keywords\":[\"Barcelona\",\"Espa\u00f1a\",\"FC Barcelona\",\"F\u00fatbol\",\"F\u00fatbol Espa\u00f1ol\",\"Internacionales\",\"LaLiga\",\"LaLiga 2019-2020\",\"Lionel Messi\"],\"articleSection\":[\"Deportes\"],\"inLanguage\":\"es\",\"potentialAction\":[{\"@type\":\"CommentAction\",\"name\":\"Comment\",\"target\":[\"https:\\\/\\\/digital58.com.ve\\\/site\\\/2020\\\/06\\\/05\\\/messi-se-pierde-otro-entrenamiento-por-una-lesion-en-el-muslo\\\/#respond\"]}]},{\"@type\":\"WebPage\",\"@id\":\"https:\\\/\\\/digital58.com.ve\\\/site\\\/2020\\\/06\\\/05\\\/messi-se-pierde-otro-entrenamiento-por-una-lesion-en-el-muslo\\\/\",\"url\":\"https:\\\/\\\/digital58.com.ve\\\/site\\\/2020\\\/06\\\/05\\\/messi-se-pierde-otro-entrenamiento-por-una-lesion-en-el-muslo\\\/\",\"name\":\"Messi se pierde otro entrenamiento por una lesi\u00f3n en el muslo\",\"isPartOf\":{\"@id\":\"https:\\\/\\\/digital58.com.ve\\\/site\\\/#website\"},\"primaryImageOfPage\":{\"@id\":\"https:\\\/\\\/digital58.com.ve\\\/site\\\/2020\\\/06\\\/05\\\/messi-se-pierde-otro-entrenamiento-por-una-lesion-en-el-muslo\\\/#primaryimage\"},\"image\":{\"@id\":\"https:\\\/\\\/digital58.com.ve\\\/site\\\/2020\\\/06\\\/05\\\/messi-se-pierde-otro-entrenamiento-por-una-lesion-en-el-muslo\\\/#primaryimage\"},\"thumbnailUrl\":\"https:\\\/\\\/digital58.com.ve\\\/site\\\/wp-content\\\/uploads\\\/2020\\\/06\\\/messi.jpg\",\"datePublished\":\"2020-06-05T12:58:28+00:00\",\"description\":\"Deportes\",\"breadcrumb\":{\"@id\":\"https:\\\/\\\/digital58.com.ve\\\/site\\\/2020\\\/06\\\/05\\\/messi-se-pierde-otro-entrenamiento-por-una-lesion-en-el-muslo\\\/#breadcrumb\"},\"inLanguage\":\"es\",\"potentialAction\":[{\"@type\":\"ReadAction\",\"target\":[\"https:\\\/\\\/digital58.com.ve\\\/site\\\/2020\\\/06\\\/05\\\/messi-se-pierde-otro-entrenamiento-por-una-lesion-en-el-muslo\\\/\"]}]},{\"@type\":\"ImageObject\",\"inLanguage\":\"es\",\"@id\":\"https:\\\/\\\/digital58.com.ve\\\/site\\\/2020\\\/06\\\/05\\\/messi-se-pierde-otro-entrenamiento-por-una-lesion-en-el-muslo\\\/#primaryimage\",\"url\":\"https:\\\/\\\/digital58.com.ve\\\/site\\\/wp-content\\\/uploads\\\/2020\\\/06\\\/messi.jpg\",\"contentUrl\":\"https:\\\/\\\/digital58.com.ve\\\/site\\\/wp-content\\\/uploads\\\/2020\\\/06\\\/messi.jpg\",\"width\":800,\"height\":513},{\"@type\":\"BreadcrumbList\",\"@id\":\"https:\\\/\\\/digital58.com.ve\\\/site\\\/2020\\\/06\\\/05\\\/messi-se-pierde-otro-entrenamiento-por-una-lesion-en-el-muslo\\\/#breadcrumb\",\"itemListElement\":[{\"@type\":\"ListItem\",\"position\":1,\"name\":\"Home\",\"item\":\"https:\\\/\\\/digital58.com.ve\\\/site\\\/\"},{\"@type\":\"ListItem\",\"position\":2,\"name\":\"Messi se pierde otro entrenamiento por una lesi\u00f3n en el muslo\"}]},{\"@type\":\"WebSite\",\"@id\":\"https:\\\/\\\/digital58.com.ve\\\/site\\\/#website\",\"url\":\"https:\\\/\\\/digital58.com.ve\\\/site\\\/\",\"name\":\"Noticias Digital58\",\"description\":\"Portal de Noticias \u00a1Periodismo web de verdad! Lanzamiento web 22.11.2005 \\\/ Maracaibo, Venezuela\",\"publisher\":{\"@id\":\"https:\\\/\\\/digital58.com.ve\\\/site\\\/#\\\/schema\\\/person\\\/64d1c2e4d0d4fd1b849980c4331c2951\"},\"alternateName\":\"ND58\",\"potentialAction\":[{\"@type\":\"SearchAction\",\"target\":{\"@type\":\"EntryPoint\",\"urlTemplate\":\"https:\\\/\\\/digital58.com.ve\\\/site\\\/?s={search_term_string}\"},\"query-input\":{\"@type\":\"PropertyValueSpecification\",\"valueRequired\":true,\"valueName\":\"search_term_string\"}}],\"inLanguage\":\"es\"},{\"@type\":[\"Person\",\"Organization\"],\"@id\":\"https:\\\/\\\/digital58.com.ve\\\/site\\\/#\\\/schema\\\/person\\\/64d1c2e4d0d4fd1b849980c4331c2951\",\"name\":\"Villasmil Henry\",\"image\":{\"@type\":\"ImageObject\",\"inLanguage\":\"es\",\"@id\":\"https:\\\/\\\/secure.gravatar.com\\\/avatar\\\/bb0c4a2fcb7970138239f7e404ea75757b1b507b28b5ce4c53fbd62d797c5a7c?s=96&d=mm&r=g\",\"url\":\"https:\\\/\\\/secure.gravatar.com\\\/avatar\\\/bb0c4a2fcb7970138239f7e404ea75757b1b507b28b5ce4c53fbd62d797c5a7c?s=96&d=mm&r=g\",\"contentUrl\":\"https:\\\/\\\/secure.gravatar.com\\\/avatar\\\/bb0c4a2fcb7970138239f7e404ea75757b1b507b28b5ce4c53fbd62d797c5a7c?s=96&d=mm&r=g\",\"caption\":\"Villasmil Henry\"},\"logo\":{\"@id\":\"https:\\\/\\\/secure.gravatar.com\\\/avatar\\\/bb0c4a2fcb7970138239f7e404ea75757b1b507b28b5ce4c53fbd62d797c5a7c?s=96&d=mm&r=g\"},\"sameAs\":[\"http:\\\/\\\/www.henryvillasmil.com.ve\",\"https:\\\/\\\/www.instagram.com\\\/villasmilhfoto\\\/\",\"https:\\\/\\\/x.com\\\/https:\\\/\\\/twitter.com\\\/villasmilhfoto\"],\"url\":\"https:\\\/\\\/digital58.com.ve\\\/site\\\/author\\\/droopy_68\\\/\"}]}<\/script>\n<!-- \/ Yoast SEO plugin. -->","yoast_head_json":{"title":"Messi se pierde otro entrenamiento por una lesi\u00f3n en el muslo","description":"Deportes","robots":{"index":"index","follow":"follow","max-snippet":"max-snippet:-1","max-image-preview":"max-image-preview:large","max-video-preview":"max-video-preview:-1"},"canonical":"https:\/\/digital58.com.ve\/site\/2020\/06\/05\/messi-se-pierde-otro-entrenamiento-por-una-lesion-en-el-muslo\/","og_locale":"es_ES","og_type":"article","og_title":"Messi se pierde otro entrenamiento por una lesi\u00f3n en el muslo","og_description":"Deportes","og_url":"https:\/\/digital58.com.ve\/site\/2020\/06\/05\/messi-se-pierde-otro-entrenamiento-por-una-lesion-en-el-muslo\/","og_site_name":"Noticias Digital58","article_published_time":"2020-06-05T12:58:28+00:00","og_image":[{"width":800,"height":513,"url":"https:\/\/digital58.com.ve\/site\/wp-content\/uploads\/2020\/06\/messi.jpg","type":"image\/jpeg"}],"author":"Villasmil Henry","twitter_card":"summary_large_image","twitter_creator":"@https:\/\/twitter.com\/villasmilhfoto","twitter_site":"@villasmilhfoto","twitter_misc":{"Escrito por":"Villasmil Henry","Tiempo estimado de lectura":"1 minuto"},"schema":{"@context":"https:\/\/schema.org","@graph":[{"@type":"Article","@id":"https:\/\/digital58.com.ve\/site\/2020\/06\/05\/messi-se-pierde-otro-entrenamiento-por-una-lesion-en-el-muslo\/#article","isPartOf":{"@id":"https:\/\/digital58.com.ve\/site\/2020\/06\/05\/messi-se-pierde-otro-entrenamiento-por-una-lesion-en-el-muslo\/"},"author":{"name":"Villasmil Henry","@id":"https:\/\/digital58.com.ve\/site\/#\/schema\/person\/64d1c2e4d0d4fd1b849980c4331c2951"},"headline":"Messi se pierde otro entrenamiento por una lesi\u00f3n en el muslo","datePublished":"2020-06-05T12:58:28+00:00","mainEntityOfPage":{"@id":"https:\/\/digital58.com.ve\/site\/2020\/06\/05\/messi-se-pierde-otro-entrenamiento-por-una-lesion-en-el-muslo\/"},"wordCount":285,"commentCount":0,"publisher":{"@id":"https:\/\/digital58.com.ve\/site\/#\/schema\/person\/64d1c2e4d0d4fd1b849980c4331c2951"},"image":{"@id":"https:\/\/digital58.com.ve\/site\/2020\/06\/05\/messi-se-pierde-otro-entrenamiento-por-una-lesion-en-el-muslo\/#primaryimage"},"thumbnailUrl":"https:\/\/digital58.com.ve\/site\/wp-content\/uploads\/2020\/06\/messi.jpg","keywords":["Barcelona","Espa\u00f1a","FC Barcelona","F\u00fatbol","F\u00fatbol Espa\u00f1ol","Internacionales","LaLiga","LaLiga 2019-2020","Lionel Messi"],"articleSection":["Deportes"],"inLanguage":"es","potentialAction":[{"@type":"CommentAction","name":"Comment","target":["https:\/\/digital58.com.ve\/site\/2020\/06\/05\/messi-se-pierde-otro-entrenamiento-por-una-lesion-en-el-muslo\/#respond"]}]},{"@type":"WebPage","@id":"https:\/\/digital58.com.ve\/site\/2020\/06\/05\/messi-se-pierde-otro-entrenamiento-por-una-lesion-en-el-muslo\/","url":"https:\/\/digital58.com.ve\/site\/2020\/06\/05\/messi-se-pierde-otro-entrenamiento-por-una-lesion-en-el-muslo\/","name":"Messi se pierde otro entrenamiento por una lesi\u00f3n en el muslo","isPartOf":{"@id":"https:\/\/digital58.com.ve\/site\/#website"},"primaryImageOfPage":{"@id":"https:\/\/digital58.com.ve\/site\/2020\/06\/05\/messi-se-pierde-otro-entrenamiento-por-una-lesion-en-el-muslo\/#primaryimage"},"image":{"@id":"https:\/\/digital58.com.ve\/site\/2020\/06\/05\/messi-se-pierde-otro-entrenamiento-por-una-lesion-en-el-muslo\/#primaryimage"},"thumbnailUrl":"https:\/\/digital58.com.ve\/site\/wp-content\/uploads\/2020\/06\/messi.jpg","datePublished":"2020-06-05T12:58:28+00:00","description":"Deportes","breadcrumb":{"@id":"https:\/\/digital58.com.ve\/site\/2020\/06\/05\/messi-se-pierde-otro-entrenamiento-por-una-lesion-en-el-muslo\/#breadcrumb"},"inLanguage":"es","potentialAction":[{"@type":"ReadAction","target":["https:\/\/digital58.com.ve\/site\/2020\/06\/05\/messi-se-pierde-otro-entrenamiento-por-una-lesion-en-el-muslo\/"]}]},{"@type":"ImageObject","inLanguage":"es","@id":"https:\/\/digital58.com.ve\/site\/2020\/06\/05\/messi-se-pierde-otro-entrenamiento-por-una-lesion-en-el-muslo\/#primaryimage","url":"https:\/\/digital58.com.ve\/site\/wp-content\/uploads\/2020\/06\/messi.jpg","contentUrl":"https:\/\/digital58.com.ve\/site\/wp-content\/uploads\/2020\/06\/messi.jpg","width":800,"height":513},{"@type":"BreadcrumbList","@id":"https:\/\/digital58.com.ve\/site\/2020\/06\/05\/messi-se-pierde-otro-entrenamiento-por-una-lesion-en-el-muslo\/#breadcrumb","itemListElement":[{"@type":"ListItem","position":1,"name":"Home","item":"https:\/\/digital58.com.ve\/site\/"},{"@type":"ListItem","position":2,"name":"Messi se pierde otro entrenamiento por una lesi\u00f3n en el muslo"}]},{"@type":"WebSite","@id":"https:\/\/digital58.com.ve\/site\/#website","url":"https:\/\/digital58.com.ve\/site\/","name":"Noticias Digital58","description":"Portal de Noticias \u00a1Periodismo web de verdad! Lanzamiento web 22.11.2005 \/ Maracaibo, Venezuela","publisher":{"@id":"https:\/\/digital58.com.ve\/site\/#\/schema\/person\/64d1c2e4d0d4fd1b849980c4331c2951"},"alternateName":"ND58","potentialAction":[{"@type":"SearchAction","target":{"@type":"EntryPoint","urlTemplate":"https:\/\/digital58.com.ve\/site\/?s={search_term_string}"},"query-input":{"@type":"PropertyValueSpecification","valueRequired":true,"valueName":"search_term_string"}}],"inLanguage":"es"},{"@type":["Person","Organization"],"@id":"https:\/\/digital58.com.ve\/site\/#\/schema\/person\/64d1c2e4d0d4fd1b849980c4331c2951","name":"Villasmil Henry","image":{"@type":"ImageObject","inLanguage":"es","@id":"https:\/\/secure.gravatar.com\/avatar\/bb0c4a2fcb7970138239f7e404ea75757b1b507b28b5ce4c53fbd62d797c5a7c?s=96&d=mm&r=g","url":"https:\/\/secure.gravatar.com\/avatar\/bb0c4a2fcb7970138239f7e404ea75757b1b507b28b5ce4c53fbd62d797c5a7c?s=96&d=mm&r=g","contentUrl":"https:\/\/secure.gravatar.com\/avatar\/bb0c4a2fcb7970138239f7e404ea75757b1b507b28b5ce4c53fbd62d797c5a7c?s=96&d=mm&r=g","caption":"Villasmil Henry"},"logo":{"@id":"https:\/\/secure.gravatar.com\/avatar\/bb0c4a2fcb7970138239f7e404ea75757b1b507b28b5ce4c53fbd62d797c5a7c?s=96&d=mm&r=g"},"sameAs":["http:\/\/www.henryvillasmil.com.ve","https:\/\/www.instagram.com\/villasmilhfoto\/","https:\/\/x.com\/https:\/\/twitter.com\/villasmilhfoto"],"url":"https:\/\/digital58.com.ve\/site\/author\/droopy_68\/"}]}},"uagb_featured_image_src":{"full":["https:\/\/digital58.com.ve\/site\/wp-content\/uploads\/2020\/06\/messi.jpg",800,513,false],"thumbnail":["https:\/\/digital58.com.ve\/site\/wp-content\/uploads\/2020\/06\/messi-150x150.jpg",150,150,true],"medium":["https:\/\/digital58.com.ve\/site\/wp-content\/uploads\/2020\/06\/messi-300x192.jpg",300,192,true],"medium_large":["https:\/\/digital58.com.ve\/site\/wp-content\/uploads\/2020\/06\/messi-768x492.jpg",768,492,true],"large":["https:\/\/digital58.com.ve\/site\/wp-content\/uploads\/2020\/06\/messi.jpg",800,513,false],"1536x1536":["https:\/\/digital58.com.ve\/site\/wp-content\/uploads\/2020\/06\/messi.jpg",800,513,false],"2048x2048":["https:\/\/digital58.com.ve\/site\/wp-content\/uploads\/2020\/06\/messi.jpg",800,513,false],"colormag-highlighted-post":["https:\/\/digital58.com.ve\/site\/wp-content\/uploads\/2020\/06\/messi.jpg",392,251,false],"colormag-featured-post-medium":["https:\/\/digital58.com.ve\/site\/wp-content\/uploads\/2020\/06\/messi.jpg",320,205,false],"colormag-featured-post-small":["https:\/\/digital58.com.ve\/site\/wp-content\/uploads\/2020\/06\/messi.jpg",130,83,false],"colormag-featured-image":["https:\/\/digital58.com.ve\/site\/wp-content\/uploads\/2020\/06\/messi.jpg",694,445,false],"colormag-default-news":["https:\/\/digital58.com.ve\/site\/wp-content\/uploads\/2020\/06\/messi.jpg",150,96,false],"colormag-featured-image-large":["https:\/\/digital58.com.ve\/site\/wp-content\/uploads\/2020\/06\/messi.jpg",800,513,false]},"uagb_author_info":{"display_name":"Villasmil Henry","author_link":"https:\/\/digital58.com.ve\/site\/author\/droopy_68\/"},"uagb_comment_info":0,"uagb_excerpt":"El capit\u00e1n del Barcelona, Lionel Messi, no particip\u00f3 en la sesi\u00f3n de entrenamiento del viernes por una peque\u00f1a distensi\u00f3n en","_links":{"self":[{"href":"https:\/\/digital58.com.ve\/site\/wp-json\/wp\/v2\/posts\/104635","targetHints":{"allow":["GET"]}}],"collection":[{"href":"https:\/\/digital58.com.ve\/site\/wp-json\/wp\/v2\/posts"}],"about":[{"href":"https:\/\/digital58.com.ve\/site\/wp-json\/wp\/v2\/types\/post"}],"author":[{"embeddable":true,"href":"https:\/\/digital58.com.ve\/site\/wp-json\/wp\/v2\/users\/1"}],"replies":[{"embeddable":true,"href":"https:\/\/digital58.com.ve\/site\/wp-json\/wp\/v2\/comments?post=104635"}],"version-history":[{"count":0,"href":"https:\/\/digital58.com.ve\/site\/wp-json\/wp\/v2\/posts\/104635\/revisions"}],"wp:featuredmedia":[{"embeddable":true,"href":"https:\/\/digital58.com.ve\/site\/wp-json\/wp\/v2\/media\/104638"}],"wp:attachment":[{"href":"https:\/\/digital58.com.ve\/site\/wp-json\/wp\/v2\/media?parent=104635"}],"wp:term":[{"taxonomy":"category","embeddable":true,"href":"https:\/\/digital58.com.ve\/site\/wp-json\/wp\/v2\/categories?post=104635"},{"taxonomy":"post_tag","embeddable":true,"href":"https:\/\/digital58.com.ve\/site\/wp-json\/wp\/v2\/tags?post=104635"}],"curies":[{"name":"wp","href":"https:\/\/api.w.org\/{rel}","templated":true}]}}