{"id":105787,"date":"2020-06-10T14:59:22","date_gmt":"2020-06-10T18:59:22","guid":{"rendered":"https:\/\/digital58.com.ve\/site\/?p=105787"},"modified":"2020-06-10T14:59:22","modified_gmt":"2020-06-10T18:59:22","slug":"gobierno-de-espana-suspendio-los-contratos-de-armas-con-nicolas-maduro","status":"publish","type":"post","link":"https:\/\/digital58.com.ve\/site\/2020\/06\/10\/gobierno-de-espana-suspendio-los-contratos-de-armas-con-nicolas-maduro\/","title":{"rendered":"Gobierno de Espa\u00f1a suspendi\u00f3 los contratos de armas con Nicol\u00e1s Maduro"},"content":{"rendered":"<p><img loading=\"lazy\" decoding=\"async\" class=\"aligncenter wp-image-105788 size-full\" src=\"https:\/\/digital58.com.ve\/site\/wp-content\/uploads\/2020\/06\/5ZSN2LAIANBQHLUFRQQANRFMTI.jpg\" alt=\"\" width=\"980\" height=\"528\" srcset=\"https:\/\/digital58.com.ve\/site\/wp-content\/uploads\/2020\/06\/5ZSN2LAIANBQHLUFRQQANRFMTI.jpg 800w, https:\/\/digital58.com.ve\/site\/wp-content\/uploads\/2020\/06\/5ZSN2LAIANBQHLUFRQQANRFMTI-300x162.jpg 300w, https:\/\/digital58.com.ve\/site\/wp-content\/uploads\/2020\/06\/5ZSN2LAIANBQHLUFRQQANRFMTI-768x414.jpg 768w\" sizes=\"auto, (max-width: 980px) 100vw, 980px\" \/><\/p>\n<p>El Gobierno de Espa\u00f1a encabezada por Pedro S\u00e1nchez suspendi\u00f3 los contratos de armas con el gobierno de Nicol\u00e1s Maduro. El contrato constaba de la modernizaci\u00f3n de los carros de combate para el Ej\u00e9rcito venezolano. 20 millones de euros (US$22.615.200) el valor del contrato.<\/p>\n<p><strong>Maracaibo, Zulia, Venezuela, 10 de junio de 2020 (ND58).-<\/strong>\u00a0\u00a0\u00a0\u00abAunque no comparte estrechamente la l\u00ednea dura del gobierno de Donald Trump contra la administraci\u00f3n de Nicol\u00e1s Maduro, el gobierno de Espa\u00f1a, encabezado por el socialista Pedro S\u00e1nchez, decidi\u00f3 suspender los contratos de venta y asesor\u00eda en materia de armamentos con el ejecutivo venezolano, usando como argumentos la \u00abinestabilidad interna del pa\u00eds y la falta de reconocimiento, por parte del gobierno espa\u00f1ol, de las autoridades receptoras de los productos\u00bb.<\/p>\n<p>Sin embargo, las ventas espa\u00f1olas de armas a Venezuela ya ven\u00edan en franco declive. Seg\u00fan la memoria de la Secretar\u00eda de Comercio, correspondiente a 2019, las exportaciones a Caracas de repuestos y partes de unidades de blindados ascendieron a 3.084 euros, unos 3.500 d\u00f3lares, apenas una \u00ednfima fracci\u00f3n de los 4.571 millones de d\u00f3lares que factur\u00f3 la industria militar hispana en el exterior, al cierre del a\u00f1o pasado.<\/p>\n<p>De acuerdo con la nota de El Pa\u00eds, la administraci\u00f3n S\u00e1nchez \u00abdeneg\u00f3 la ampliaci\u00f3n del contrato de modernizaci\u00f3n de los carros de combate de origen franc\u00e9s del Ej\u00e9rcito venezolano que, por 20 millones de euros (US$22.615.200), ten\u00eda una empresa espa\u00f1ola.<\/p>\n<p>Adem\u00e1s, suspendi\u00f3 las cuatro licencias de exportaci\u00f3n que estaban vigentes a principios de 2019 (sistemas electro-\u00f3pticos, mantenimiento de helic\u00f3pteros y piezas de avionetas) alegando la inestabilidad interna y \u201cla falta de reconocimiento por parte del Gobierno espa\u00f1ol de las autoridades receptoras de los productos\u201d.<\/p>\n<p>Alude, con esta f\u00f3rmula, al reconocimiento por Espa\u00f1a del presidente de la Asamblea Nacional y l\u00edder opositor Juan Guaid\u00f3 .<\/p>\n<p>Igualmente, el ejecutivo Psoe-Podemos deneg\u00f3 la continuidad de los flujos de exportaciones de repuestos y equipamiento militar con Nicaragua.<\/p><div class=\"kuful69f20703372b0\" ><p style=\"text-align: center;\"><a href=\"https:\/\/t.me\/noticiasdigital58\" target=\"_blank\" rel=\"noopener\"><img class=\"aligncenter size-full wp-image-125363\" src=\"https:\/\/digital58.com.ve\/site\/wp-content\/uploads\/2021\/04\/banner-telegram-web-2021.png\" alt=\"\" width=\"600\" height=\"90\" \/><\/a><\/p><\/div><style type=\"text\/css\">\r\n@media screen and (min-width: 1201px) {\r\n.kuful69f20703372b0 {\r\ndisplay: block;\r\n}\r\n}\r\n@media screen and (min-width: 993px) and (max-width: 1200px) {\r\n.kuful69f20703372b0 {\r\ndisplay: block;\r\n}\r\n}\r\n@media screen and (min-width: 769px) and (max-width: 992px) {\r\n.kuful69f20703372b0 {\r\ndisplay: block;\r\n}\r\n}\r\n@media screen and (min-width: 768px) and (max-width: 768px) {\r\n.kuful69f20703372b0 {\r\ndisplay: block;\r\n}\r\n}\r\n@media screen and (max-width: 767px) {\r\n.kuful69f20703372b0 {\r\ndisplay: block;\r\n}\r\n}\r\n<\/style>\r\n\n<p><strong>Redacci\u00f3n: Molero, Luis (@Moleromarquez)| Fuente: Agencias<\/strong><br \/>\n<strong>Edici\u00f3n: Villasmil, Henry<\/strong><br \/>\n<strong>Gr\u00e1ficas:\u00a0<\/strong><b>Cortes\u00eda<\/b><\/p>\n<div style=\"margin-top: 0px; margin-bottom: 0px;\" class=\"sharethis-inline-share-buttons\" ><\/div>","protected":false},"excerpt":{"rendered":"<p>El Gobierno de Espa\u00f1a encabezada por Pedro S\u00e1nchez suspendi\u00f3 los contratos de armas con el gobierno de Nicol\u00e1s Maduro. El<\/p>\n","protected":false},"author":26,"featured_media":105790,"comment_status":"open","ping_status":"closed","sticky":false,"template":"","format":"standard","meta":{"colormag_page_container_layout":"default_layout","colormag_page_sidebar_layout":"default_layout","_uag_custom_page_level_css":"","footnotes":""},"categories":[8608],"tags":[15852,8,2724,15001,15853],"class_list":["post-105787","post","type-post","status-publish","format-standard","has-post-thumbnail","hentry","category-reportajes-especiales","tag-gobierno-espanol","tag-internacionales","tag-nicolas-maduro","tag-pedro-sanchez","tag-suspension-de-contratos"],"yoast_head":"<!-- This site is optimized with the Yoast SEO plugin v27.5 - https:\/\/yoast.com\/product\/yoast-seo-wordpress\/ -->\n<title>Gobierno de Espa\u00f1a suspendi\u00f3 los contratos de armas con Nicol\u00e1s Maduro<\/title>\n<meta name=\"robots\" content=\"index, follow, max-snippet:-1, max-image-preview:large, max-video-preview:-1\" \/>\n<link rel=\"canonical\" href=\"https:\/\/digital58.com.ve\/site\/2020\/06\/10\/gobierno-de-espana-suspendio-los-contratos-de-armas-con-nicolas-maduro\/\" \/>\n<meta property=\"og:locale\" content=\"es_ES\" \/>\n<meta property=\"og:type\" content=\"article\" \/>\n<meta property=\"og:title\" content=\"Gobierno de Espa\u00f1a suspendi\u00f3 los contratos de armas con Nicol\u00e1s Maduro\" \/>\n<meta property=\"og:url\" content=\"https:\/\/digital58.com.ve\/site\/2020\/06\/10\/gobierno-de-espana-suspendio-los-contratos-de-armas-con-nicolas-maduro\/\" \/>\n<meta property=\"og:site_name\" content=\"Noticias Digital58\" \/>\n<meta property=\"article:published_time\" content=\"2020-06-10T18:59:22+00:00\" \/>\n<meta property=\"og:image\" content=\"https:\/\/digital58.com.ve\/site\/wp-content\/uploads\/2020\/06\/20200314212545_pedro-sanchez_original_imagen.jpg\" \/>\n\t<meta property=\"og:image:width\" content=\"1920\" \/>\n\t<meta property=\"og:image:height\" content=\"1080\" \/>\n\t<meta property=\"og:image:type\" content=\"image\/jpeg\" \/>\n<meta name=\"author\" content=\"Molero Luis\" \/>\n<meta name=\"twitter:card\" content=\"summary_large_image\" \/>\n<meta name=\"twitter:creator\" content=\"@Digital_58\" \/>\n<meta name=\"twitter:site\" content=\"@villasmilhfoto\" \/>\n<meta name=\"twitter:label1\" content=\"Escrito por\" \/>\n\t<meta name=\"twitter:data1\" content=\"Molero Luis\" \/>\n\t<meta name=\"twitter:label2\" content=\"Tiempo estimado de lectura\" \/>\n\t<meta name=\"twitter:data2\" content=\"2 minutos\" \/>\n<script type=\"application\/ld+json\" class=\"yoast-schema-graph\">{\"@context\":\"https:\\\/\\\/schema.org\",\"@graph\":[{\"@type\":\"Article\",\"@id\":\"https:\\\/\\\/digital58.com.ve\\\/site\\\/2020\\\/06\\\/10\\\/gobierno-de-espana-suspendio-los-contratos-de-armas-con-nicolas-maduro\\\/#article\",\"isPartOf\":{\"@id\":\"https:\\\/\\\/digital58.com.ve\\\/site\\\/2020\\\/06\\\/10\\\/gobierno-de-espana-suspendio-los-contratos-de-armas-con-nicolas-maduro\\\/\"},\"author\":{\"name\":\"Molero Luis\",\"@id\":\"https:\\\/\\\/digital58.com.ve\\\/site\\\/#\\\/schema\\\/person\\\/c61667ce6845137620ee3f0aaabade17\"},\"headline\":\"Gobierno de Espa\u00f1a suspendi\u00f3 los contratos de armas con Nicol\u00e1s Maduro\",\"datePublished\":\"2020-06-10T18:59:22+00:00\",\"mainEntityOfPage\":{\"@id\":\"https:\\\/\\\/digital58.com.ve\\\/site\\\/2020\\\/06\\\/10\\\/gobierno-de-espana-suspendio-los-contratos-de-armas-con-nicolas-maduro\\\/\"},\"wordCount\":369,\"commentCount\":0,\"publisher\":{\"@id\":\"https:\\\/\\\/digital58.com.ve\\\/site\\\/#\\\/schema\\\/person\\\/64d1c2e4d0d4fd1b849980c4331c2951\"},\"image\":{\"@id\":\"https:\\\/\\\/digital58.com.ve\\\/site\\\/2020\\\/06\\\/10\\\/gobierno-de-espana-suspendio-los-contratos-de-armas-con-nicolas-maduro\\\/#primaryimage\"},\"thumbnailUrl\":\"https:\\\/\\\/digital58.com.ve\\\/site\\\/wp-content\\\/uploads\\\/2020\\\/06\\\/20200314212545_pedro-sanchez_original_imagen.jpg\",\"keywords\":[\"Gobierno Espa\u00f1ol\",\"Internacionales\",\"Nicol\u00e1s Maduro\",\"Pedro S\u00e0nchez\",\"Suspensi\u00f3n de Contratos\"],\"articleSection\":[\"Reportajes Especiales\"],\"inLanguage\":\"es\",\"potentialAction\":[{\"@type\":\"CommentAction\",\"name\":\"Comment\",\"target\":[\"https:\\\/\\\/digital58.com.ve\\\/site\\\/2020\\\/06\\\/10\\\/gobierno-de-espana-suspendio-los-contratos-de-armas-con-nicolas-maduro\\\/#respond\"]}]},{\"@type\":\"WebPage\",\"@id\":\"https:\\\/\\\/digital58.com.ve\\\/site\\\/2020\\\/06\\\/10\\\/gobierno-de-espana-suspendio-los-contratos-de-armas-con-nicolas-maduro\\\/\",\"url\":\"https:\\\/\\\/digital58.com.ve\\\/site\\\/2020\\\/06\\\/10\\\/gobierno-de-espana-suspendio-los-contratos-de-armas-con-nicolas-maduro\\\/\",\"name\":\"Gobierno de Espa\u00f1a suspendi\u00f3 los contratos de armas con Nicol\u00e1s Maduro\",\"isPartOf\":{\"@id\":\"https:\\\/\\\/digital58.com.ve\\\/site\\\/#website\"},\"primaryImageOfPage\":{\"@id\":\"https:\\\/\\\/digital58.com.ve\\\/site\\\/2020\\\/06\\\/10\\\/gobierno-de-espana-suspendio-los-contratos-de-armas-con-nicolas-maduro\\\/#primaryimage\"},\"image\":{\"@id\":\"https:\\\/\\\/digital58.com.ve\\\/site\\\/2020\\\/06\\\/10\\\/gobierno-de-espana-suspendio-los-contratos-de-armas-con-nicolas-maduro\\\/#primaryimage\"},\"thumbnailUrl\":\"https:\\\/\\\/digital58.com.ve\\\/site\\\/wp-content\\\/uploads\\\/2020\\\/06\\\/20200314212545_pedro-sanchez_original_imagen.jpg\",\"datePublished\":\"2020-06-10T18:59:22+00:00\",\"breadcrumb\":{\"@id\":\"https:\\\/\\\/digital58.com.ve\\\/site\\\/2020\\\/06\\\/10\\\/gobierno-de-espana-suspendio-los-contratos-de-armas-con-nicolas-maduro\\\/#breadcrumb\"},\"inLanguage\":\"es\",\"potentialAction\":[{\"@type\":\"ReadAction\",\"target\":[\"https:\\\/\\\/digital58.com.ve\\\/site\\\/2020\\\/06\\\/10\\\/gobierno-de-espana-suspendio-los-contratos-de-armas-con-nicolas-maduro\\\/\"]}]},{\"@type\":\"ImageObject\",\"inLanguage\":\"es\",\"@id\":\"https:\\\/\\\/digital58.com.ve\\\/site\\\/2020\\\/06\\\/10\\\/gobierno-de-espana-suspendio-los-contratos-de-armas-con-nicolas-maduro\\\/#primaryimage\",\"url\":\"https:\\\/\\\/digital58.com.ve\\\/site\\\/wp-content\\\/uploads\\\/2020\\\/06\\\/20200314212545_pedro-sanchez_original_imagen.jpg\",\"contentUrl\":\"https:\\\/\\\/digital58.com.ve\\\/site\\\/wp-content\\\/uploads\\\/2020\\\/06\\\/20200314212545_pedro-sanchez_original_imagen.jpg\",\"width\":800,\"height\":450},{\"@type\":\"BreadcrumbList\",\"@id\":\"https:\\\/\\\/digital58.com.ve\\\/site\\\/2020\\\/06\\\/10\\\/gobierno-de-espana-suspendio-los-contratos-de-armas-con-nicolas-maduro\\\/#breadcrumb\",\"itemListElement\":[{\"@type\":\"ListItem\",\"position\":1,\"name\":\"Home\",\"item\":\"https:\\\/\\\/digital58.com.ve\\\/site\\\/\"},{\"@type\":\"ListItem\",\"position\":2,\"name\":\"Gobierno de Espa\u00f1a suspendi\u00f3 los contratos de armas con Nicol\u00e1s Maduro\"}]},{\"@type\":\"WebSite\",\"@id\":\"https:\\\/\\\/digital58.com.ve\\\/site\\\/#website\",\"url\":\"https:\\\/\\\/digital58.com.ve\\\/site\\\/\",\"name\":\"Noticias Digital58\",\"description\":\"Portal de Noticias \u00a1Periodismo web de verdad! Lanzamiento web 22.11.2005 \\\/ Maracaibo, Venezuela\",\"publisher\":{\"@id\":\"https:\\\/\\\/digital58.com.ve\\\/site\\\/#\\\/schema\\\/person\\\/64d1c2e4d0d4fd1b849980c4331c2951\"},\"alternateName\":\"ND58\",\"potentialAction\":[{\"@type\":\"SearchAction\",\"target\":{\"@type\":\"EntryPoint\",\"urlTemplate\":\"https:\\\/\\\/digital58.com.ve\\\/site\\\/?s={search_term_string}\"},\"query-input\":{\"@type\":\"PropertyValueSpecification\",\"valueRequired\":true,\"valueName\":\"search_term_string\"}}],\"inLanguage\":\"es\"},{\"@type\":[\"Person\",\"Organization\"],\"@id\":\"https:\\\/\\\/digital58.com.ve\\\/site\\\/#\\\/schema\\\/person\\\/64d1c2e4d0d4fd1b849980c4331c2951\",\"name\":\"Villasmil Henry\",\"image\":{\"@type\":\"ImageObject\",\"inLanguage\":\"es\",\"@id\":\"https:\\\/\\\/secure.gravatar.com\\\/avatar\\\/bb0c4a2fcb7970138239f7e404ea75757b1b507b28b5ce4c53fbd62d797c5a7c?s=96&d=mm&r=g\",\"url\":\"https:\\\/\\\/secure.gravatar.com\\\/avatar\\\/bb0c4a2fcb7970138239f7e404ea75757b1b507b28b5ce4c53fbd62d797c5a7c?s=96&d=mm&r=g\",\"contentUrl\":\"https:\\\/\\\/secure.gravatar.com\\\/avatar\\\/bb0c4a2fcb7970138239f7e404ea75757b1b507b28b5ce4c53fbd62d797c5a7c?s=96&d=mm&r=g\",\"caption\":\"Villasmil Henry\"},\"logo\":{\"@id\":\"https:\\\/\\\/secure.gravatar.com\\\/avatar\\\/bb0c4a2fcb7970138239f7e404ea75757b1b507b28b5ce4c53fbd62d797c5a7c?s=96&d=mm&r=g\"},\"sameAs\":[\"http:\\\/\\\/www.henryvillasmil.com.ve\",\"https:\\\/\\\/www.instagram.com\\\/villasmilhfoto\\\/\",\"https:\\\/\\\/x.com\\\/https:\\\/\\\/twitter.com\\\/villasmilhfoto\"]},{\"@type\":\"Person\",\"@id\":\"https:\\\/\\\/digital58.com.ve\\\/site\\\/#\\\/schema\\\/person\\\/c61667ce6845137620ee3f0aaabade17\",\"name\":\"Molero Luis\",\"image\":{\"@type\":\"ImageObject\",\"inLanguage\":\"es\",\"@id\":\"https:\\\/\\\/secure.gravatar.com\\\/avatar\\\/bf041ec637e3e7405449807deb2f7cf3d2de7c6fa755dd56e985201de9863f2b?s=96&d=mm&r=g\",\"url\":\"https:\\\/\\\/secure.gravatar.com\\\/avatar\\\/bf041ec637e3e7405449807deb2f7cf3d2de7c6fa755dd56e985201de9863f2b?s=96&d=mm&r=g\",\"contentUrl\":\"https:\\\/\\\/secure.gravatar.com\\\/avatar\\\/bf041ec637e3e7405449807deb2f7cf3d2de7c6fa755dd56e985201de9863f2b?s=96&d=mm&r=g\",\"caption\":\"Molero Luis\"},\"url\":\"https:\\\/\\\/digital58.com.ve\\\/site\\\/author\\\/luismolero\\\/\"}]}<\/script>\n<!-- \/ Yoast SEO plugin. -->","yoast_head_json":{"title":"Gobierno de Espa\u00f1a suspendi\u00f3 los contratos de armas con Nicol\u00e1s Maduro","robots":{"index":"index","follow":"follow","max-snippet":"max-snippet:-1","max-image-preview":"max-image-preview:large","max-video-preview":"max-video-preview:-1"},"canonical":"https:\/\/digital58.com.ve\/site\/2020\/06\/10\/gobierno-de-espana-suspendio-los-contratos-de-armas-con-nicolas-maduro\/","og_locale":"es_ES","og_type":"article","og_title":"Gobierno de Espa\u00f1a suspendi\u00f3 los contratos de armas con Nicol\u00e1s Maduro","og_url":"https:\/\/digital58.com.ve\/site\/2020\/06\/10\/gobierno-de-espana-suspendio-los-contratos-de-armas-con-nicolas-maduro\/","og_site_name":"Noticias Digital58","article_published_time":"2020-06-10T18:59:22+00:00","og_image":[{"width":1920,"height":1080,"url":"https:\/\/digital58.com.ve\/site\/wp-content\/uploads\/2020\/06\/20200314212545_pedro-sanchez_original_imagen.jpg","type":"image\/jpeg"}],"author":"Molero Luis","twitter_card":"summary_large_image","twitter_creator":"@Digital_58","twitter_site":"@villasmilhfoto","twitter_misc":{"Escrito por":"Molero Luis","Tiempo estimado de lectura":"2 minutos"},"schema":{"@context":"https:\/\/schema.org","@graph":[{"@type":"Article","@id":"https:\/\/digital58.com.ve\/site\/2020\/06\/10\/gobierno-de-espana-suspendio-los-contratos-de-armas-con-nicolas-maduro\/#article","isPartOf":{"@id":"https:\/\/digital58.com.ve\/site\/2020\/06\/10\/gobierno-de-espana-suspendio-los-contratos-de-armas-con-nicolas-maduro\/"},"author":{"name":"Molero Luis","@id":"https:\/\/digital58.com.ve\/site\/#\/schema\/person\/c61667ce6845137620ee3f0aaabade17"},"headline":"Gobierno de Espa\u00f1a suspendi\u00f3 los contratos de armas con Nicol\u00e1s Maduro","datePublished":"2020-06-10T18:59:22+00:00","mainEntityOfPage":{"@id":"https:\/\/digital58.com.ve\/site\/2020\/06\/10\/gobierno-de-espana-suspendio-los-contratos-de-armas-con-nicolas-maduro\/"},"wordCount":369,"commentCount":0,"publisher":{"@id":"https:\/\/digital58.com.ve\/site\/#\/schema\/person\/64d1c2e4d0d4fd1b849980c4331c2951"},"image":{"@id":"https:\/\/digital58.com.ve\/site\/2020\/06\/10\/gobierno-de-espana-suspendio-los-contratos-de-armas-con-nicolas-maduro\/#primaryimage"},"thumbnailUrl":"https:\/\/digital58.com.ve\/site\/wp-content\/uploads\/2020\/06\/20200314212545_pedro-sanchez_original_imagen.jpg","keywords":["Gobierno Espa\u00f1ol","Internacionales","Nicol\u00e1s Maduro","Pedro S\u00e0nchez","Suspensi\u00f3n de Contratos"],"articleSection":["Reportajes Especiales"],"inLanguage":"es","potentialAction":[{"@type":"CommentAction","name":"Comment","target":["https:\/\/digital58.com.ve\/site\/2020\/06\/10\/gobierno-de-espana-suspendio-los-contratos-de-armas-con-nicolas-maduro\/#respond"]}]},{"@type":"WebPage","@id":"https:\/\/digital58.com.ve\/site\/2020\/06\/10\/gobierno-de-espana-suspendio-los-contratos-de-armas-con-nicolas-maduro\/","url":"https:\/\/digital58.com.ve\/site\/2020\/06\/10\/gobierno-de-espana-suspendio-los-contratos-de-armas-con-nicolas-maduro\/","name":"Gobierno de Espa\u00f1a suspendi\u00f3 los contratos de armas con Nicol\u00e1s Maduro","isPartOf":{"@id":"https:\/\/digital58.com.ve\/site\/#website"},"primaryImageOfPage":{"@id":"https:\/\/digital58.com.ve\/site\/2020\/06\/10\/gobierno-de-espana-suspendio-los-contratos-de-armas-con-nicolas-maduro\/#primaryimage"},"image":{"@id":"https:\/\/digital58.com.ve\/site\/2020\/06\/10\/gobierno-de-espana-suspendio-los-contratos-de-armas-con-nicolas-maduro\/#primaryimage"},"thumbnailUrl":"https:\/\/digital58.com.ve\/site\/wp-content\/uploads\/2020\/06\/20200314212545_pedro-sanchez_original_imagen.jpg","datePublished":"2020-06-10T18:59:22+00:00","breadcrumb":{"@id":"https:\/\/digital58.com.ve\/site\/2020\/06\/10\/gobierno-de-espana-suspendio-los-contratos-de-armas-con-nicolas-maduro\/#breadcrumb"},"inLanguage":"es","potentialAction":[{"@type":"ReadAction","target":["https:\/\/digital58.com.ve\/site\/2020\/06\/10\/gobierno-de-espana-suspendio-los-contratos-de-armas-con-nicolas-maduro\/"]}]},{"@type":"ImageObject","inLanguage":"es","@id":"https:\/\/digital58.com.ve\/site\/2020\/06\/10\/gobierno-de-espana-suspendio-los-contratos-de-armas-con-nicolas-maduro\/#primaryimage","url":"https:\/\/digital58.com.ve\/site\/wp-content\/uploads\/2020\/06\/20200314212545_pedro-sanchez_original_imagen.jpg","contentUrl":"https:\/\/digital58.com.ve\/site\/wp-content\/uploads\/2020\/06\/20200314212545_pedro-sanchez_original_imagen.jpg","width":800,"height":450},{"@type":"BreadcrumbList","@id":"https:\/\/digital58.com.ve\/site\/2020\/06\/10\/gobierno-de-espana-suspendio-los-contratos-de-armas-con-nicolas-maduro\/#breadcrumb","itemListElement":[{"@type":"ListItem","position":1,"name":"Home","item":"https:\/\/digital58.com.ve\/site\/"},{"@type":"ListItem","position":2,"name":"Gobierno de Espa\u00f1a suspendi\u00f3 los contratos de armas con Nicol\u00e1s Maduro"}]},{"@type":"WebSite","@id":"https:\/\/digital58.com.ve\/site\/#website","url":"https:\/\/digital58.com.ve\/site\/","name":"Noticias Digital58","description":"Portal de Noticias \u00a1Periodismo web de verdad! Lanzamiento web 22.11.2005 \/ Maracaibo, Venezuela","publisher":{"@id":"https:\/\/digital58.com.ve\/site\/#\/schema\/person\/64d1c2e4d0d4fd1b849980c4331c2951"},"alternateName":"ND58","potentialAction":[{"@type":"SearchAction","target":{"@type":"EntryPoint","urlTemplate":"https:\/\/digital58.com.ve\/site\/?s={search_term_string}"},"query-input":{"@type":"PropertyValueSpecification","valueRequired":true,"valueName":"search_term_string"}}],"inLanguage":"es"},{"@type":["Person","Organization"],"@id":"https:\/\/digital58.com.ve\/site\/#\/schema\/person\/64d1c2e4d0d4fd1b849980c4331c2951","name":"Villasmil Henry","image":{"@type":"ImageObject","inLanguage":"es","@id":"https:\/\/secure.gravatar.com\/avatar\/bb0c4a2fcb7970138239f7e404ea75757b1b507b28b5ce4c53fbd62d797c5a7c?s=96&d=mm&r=g","url":"https:\/\/secure.gravatar.com\/avatar\/bb0c4a2fcb7970138239f7e404ea75757b1b507b28b5ce4c53fbd62d797c5a7c?s=96&d=mm&r=g","contentUrl":"https:\/\/secure.gravatar.com\/avatar\/bb0c4a2fcb7970138239f7e404ea75757b1b507b28b5ce4c53fbd62d797c5a7c?s=96&d=mm&r=g","caption":"Villasmil Henry"},"logo":{"@id":"https:\/\/secure.gravatar.com\/avatar\/bb0c4a2fcb7970138239f7e404ea75757b1b507b28b5ce4c53fbd62d797c5a7c?s=96&d=mm&r=g"},"sameAs":["http:\/\/www.henryvillasmil.com.ve","https:\/\/www.instagram.com\/villasmilhfoto\/","https:\/\/x.com\/https:\/\/twitter.com\/villasmilhfoto"]},{"@type":"Person","@id":"https:\/\/digital58.com.ve\/site\/#\/schema\/person\/c61667ce6845137620ee3f0aaabade17","name":"Molero Luis","image":{"@type":"ImageObject","inLanguage":"es","@id":"https:\/\/secure.gravatar.com\/avatar\/bf041ec637e3e7405449807deb2f7cf3d2de7c6fa755dd56e985201de9863f2b?s=96&d=mm&r=g","url":"https:\/\/secure.gravatar.com\/avatar\/bf041ec637e3e7405449807deb2f7cf3d2de7c6fa755dd56e985201de9863f2b?s=96&d=mm&r=g","contentUrl":"https:\/\/secure.gravatar.com\/avatar\/bf041ec637e3e7405449807deb2f7cf3d2de7c6fa755dd56e985201de9863f2b?s=96&d=mm&r=g","caption":"Molero Luis"},"url":"https:\/\/digital58.com.ve\/site\/author\/luismolero\/"}]}},"uagb_featured_image_src":{"full":["https:\/\/digital58.com.ve\/site\/wp-content\/uploads\/2020\/06\/20200314212545_pedro-sanchez_original_imagen.jpg",800,450,false],"thumbnail":["https:\/\/digital58.com.ve\/site\/wp-content\/uploads\/2020\/06\/20200314212545_pedro-sanchez_original_imagen-150x150.jpg",150,150,true],"medium":["https:\/\/digital58.com.ve\/site\/wp-content\/uploads\/2020\/06\/20200314212545_pedro-sanchez_original_imagen-300x169.jpg",300,169,true],"medium_large":["https:\/\/digital58.com.ve\/site\/wp-content\/uploads\/2020\/06\/20200314212545_pedro-sanchez_original_imagen-768x432.jpg",768,432,true],"large":["https:\/\/digital58.com.ve\/site\/wp-content\/uploads\/2020\/06\/20200314212545_pedro-sanchez_original_imagen-1500x844.jpg",800,450,true],"1536x1536":["https:\/\/digital58.com.ve\/site\/wp-content\/uploads\/2020\/06\/20200314212545_pedro-sanchez_original_imagen-1536x864.jpg",1536,864,true],"2048x2048":["https:\/\/digital58.com.ve\/site\/wp-content\/uploads\/2020\/06\/20200314212545_pedro-sanchez_original_imagen.jpg",800,450,false],"colormag-highlighted-post":["https:\/\/digital58.com.ve\/site\/wp-content\/uploads\/2020\/06\/20200314212545_pedro-sanchez_original_imagen.jpg",392,221,false],"colormag-featured-post-medium":["https:\/\/digital58.com.ve\/site\/wp-content\/uploads\/2020\/06\/20200314212545_pedro-sanchez_original_imagen.jpg",364,205,false],"colormag-featured-post-small":["https:\/\/digital58.com.ve\/site\/wp-content\/uploads\/2020\/06\/20200314212545_pedro-sanchez_original_imagen.jpg",130,73,false],"colormag-featured-image":["https:\/\/digital58.com.ve\/site\/wp-content\/uploads\/2020\/06\/20200314212545_pedro-sanchez_original_imagen.jpg",791,445,false],"colormag-default-news":["https:\/\/digital58.com.ve\/site\/wp-content\/uploads\/2020\/06\/20200314212545_pedro-sanchez_original_imagen.jpg",150,84,false],"colormag-featured-image-large":["https:\/\/digital58.com.ve\/site\/wp-content\/uploads\/2020\/06\/20200314212545_pedro-sanchez_original_imagen.jpg",800,450,false]},"uagb_author_info":{"display_name":"Molero Luis","author_link":"https:\/\/digital58.com.ve\/site\/author\/luismolero\/"},"uagb_comment_info":0,"uagb_excerpt":"El Gobierno de Espa\u00f1a encabezada por Pedro S\u00e1nchez suspendi\u00f3 los contratos de armas con el gobierno de Nicol\u00e1s Maduro. El","_links":{"self":[{"href":"https:\/\/digital58.com.ve\/site\/wp-json\/wp\/v2\/posts\/105787","targetHints":{"allow":["GET"]}}],"collection":[{"href":"https:\/\/digital58.com.ve\/site\/wp-json\/wp\/v2\/posts"}],"about":[{"href":"https:\/\/digital58.com.ve\/site\/wp-json\/wp\/v2\/types\/post"}],"author":[{"embeddable":true,"href":"https:\/\/digital58.com.ve\/site\/wp-json\/wp\/v2\/users\/26"}],"replies":[{"embeddable":true,"href":"https:\/\/digital58.com.ve\/site\/wp-json\/wp\/v2\/comments?post=105787"}],"version-history":[{"count":0,"href":"https:\/\/digital58.com.ve\/site\/wp-json\/wp\/v2\/posts\/105787\/revisions"}],"wp:featuredmedia":[{"embeddable":true,"href":"https:\/\/digital58.com.ve\/site\/wp-json\/wp\/v2\/media\/105790"}],"wp:attachment":[{"href":"https:\/\/digital58.com.ve\/site\/wp-json\/wp\/v2\/media?parent=105787"}],"wp:term":[{"taxonomy":"category","embeddable":true,"href":"https:\/\/digital58.com.ve\/site\/wp-json\/wp\/v2\/categories?post=105787"},{"taxonomy":"post_tag","embeddable":true,"href":"https:\/\/digital58.com.ve\/site\/wp-json\/wp\/v2\/tags?post=105787"}],"curies":[{"name":"wp","href":"https:\/\/api.w.org\/{rel}","templated":true}]}}