{"id":106233,"date":"2020-06-12T20:08:36","date_gmt":"2020-06-13T00:08:36","guid":{"rendered":"https:\/\/digital58.com.ve\/site\/?p=106233"},"modified":"2020-06-12T20:16:17","modified_gmt":"2020-06-13T00:16:17","slug":"john-magdaleno-le-responde-a-pedro-carreno-no-esta-en-mis-planes-fundar-ningun-partido","status":"publish","type":"post","link":"https:\/\/digital58.com.ve\/site\/2020\/06\/12\/john-magdaleno-le-responde-a-pedro-carreno-no-esta-en-mis-planes-fundar-ningun-partido\/","title":{"rendered":"John Magdaleno le responde a Pedro Carre\u00f1o: \u00abNo est\u00e1 en mis planes fundar ning\u00fan partido\u00ab"},"content":{"rendered":"<p><img loading=\"lazy\" decoding=\"async\" class=\"aligncenter wp-image-106236 size-full\" src=\"https:\/\/digital58.com.ve\/site\/wp-content\/uploads\/2020\/06\/jhon-magdaleno.jpg\" alt=\"\" width=\"700\" height=\"352\" srcset=\"https:\/\/digital58.com.ve\/site\/wp-content\/uploads\/2020\/06\/jhon-magdaleno.jpg 700w, https:\/\/digital58.com.ve\/site\/wp-content\/uploads\/2020\/06\/jhon-magdaleno-300x151.jpg 300w\" sizes=\"auto, (max-width: 700px) 100vw, 700px\" \/><\/p>\n<p>El polit\u00f3logo John Magdaleno neg\u00f3 que este conformando un nuevo partido pol\u00edtico con juan Guaid\u00f3. Carre\u00f1o en la ma\u00f1ana de este viernes habr\u00eda firmado que el polit\u00f3logo junto al presidente de la Asamblea nacional.<\/p>\n<p><strong>Maracaibo, Zulia, Venezuela 12 de junio de 2020 (ND58).-<\/strong>El polit\u00f3logo John Magdaleno neg\u00f3 que est\u00e9 conformando un nuevo partido pol\u00edtico con Juan Guaid\u00f3, presidente interino de la Rep\u00fablica, como lo afirm\u00f3 este viernes constituyente Pedro Carre\u00f1o.<\/p>\n<p>\u00abNo est\u00e1 en mis planes fundar ning\u00fan partido, no es mi \u00e1rea, soy investigador. Ni creo que en alg\u00fan momento de mi vida me dedique a la pol\u00edtica, honestamente da risa. Pens\u00e9 que se trataba de un chiste del Chig\u00fcire Bipolar\u00ab, dijo.<\/p>\n<p>Magdaleno hizo la aclaratoria diciendo, \u00a0no se puede esperar m\u00e1s de alguien que en alg\u00fan momento asegur\u00f3 que Directv era un mecanismo para espiar a los venezolanos.<\/p>\n<p>Carre\u00f1o, en su programa Desenlaces, que transmite el canal Tves, dijo que tambi\u00e9n iba a formar parte de esta nueva organizaci\u00f3n Emilio Grater\u00f3n, exalcalde del municipio Chacao del estado Miranda.<\/p><div class=\"snlaw69f1d67450c25\" ><p style=\"text-align: center;\"><a href=\"https:\/\/t.me\/noticiasdigital58\" target=\"_blank\" rel=\"noopener\"><img class=\"aligncenter size-full wp-image-125363\" src=\"https:\/\/digital58.com.ve\/site\/wp-content\/uploads\/2021\/04\/banner-telegram-web-2021.png\" alt=\"\" width=\"600\" height=\"90\" \/><\/a><\/p><\/div><style type=\"text\/css\">\r\n@media screen and (min-width: 1201px) {\r\n.snlaw69f1d67450c25 {\r\ndisplay: block;\r\n}\r\n}\r\n@media screen and (min-width: 993px) and (max-width: 1200px) {\r\n.snlaw69f1d67450c25 {\r\ndisplay: block;\r\n}\r\n}\r\n@media screen and (min-width: 769px) and (max-width: 992px) {\r\n.snlaw69f1d67450c25 {\r\ndisplay: block;\r\n}\r\n}\r\n@media screen and (min-width: 768px) and (max-width: 768px) {\r\n.snlaw69f1d67450c25 {\r\ndisplay: block;\r\n}\r\n}\r\n@media screen and (max-width: 767px) {\r\n.snlaw69f1d67450c25 {\r\ndisplay: block;\r\n}\r\n}\r\n<\/style>\r\n\n<p><strong>Redacci\u00f3n: Molero, Luis\u00a0 (@Moleromarquez) | Fuente: Agencias<\/strong><br \/>\n<strong>Edici\u00f3n: Villasmil, Henry<\/strong><br \/>\n<strong>Gr\u00e1ficas: Cortes\u00eda<\/strong><\/p>\n<div style=\"margin-top: 0px; margin-bottom: 0px;\" class=\"sharethis-inline-share-buttons\" ><\/div>","protected":false},"excerpt":{"rendered":"<p>El polit\u00f3logo John Magdaleno neg\u00f3 que este conformando un nuevo partido pol\u00edtico con juan Guaid\u00f3. Carre\u00f1o en la ma\u00f1ana de<\/p>\n","protected":false},"author":26,"featured_media":106243,"comment_status":"open","ping_status":"closed","sticky":false,"template":"","format":"standard","meta":{"colormag_page_container_layout":"default_layout","colormag_page_sidebar_layout":"default_layout","_uag_custom_page_level_css":"","footnotes":""},"categories":[8610],"tags":[15976,11949,233,15977,14958],"class_list":["post-106233","post","type-post","status-publish","format-standard","has-post-thumbnail","hentry","category-politica","tag-john-magdaleno","tag-juan-guaido","tag-nacionales","tag-partido-politico","tag-pedro-carreno"],"yoast_head":"<!-- This site is optimized with the Yoast SEO plugin v27.5 - https:\/\/yoast.com\/product\/yoast-seo-wordpress\/ -->\n<title>John Magdaleno le responde a Pedro Carre\u00f1o: \u00abNo est\u00e1 en mis planes fundar ning\u00fan partido\u00ab<\/title>\n<meta name=\"robots\" content=\"index, follow, max-snippet:-1, max-image-preview:large, max-video-preview:-1\" \/>\n<link rel=\"canonical\" href=\"https:\/\/digital58.com.ve\/site\/2020\/06\/12\/john-magdaleno-le-responde-a-pedro-carreno-no-esta-en-mis-planes-fundar-ningun-partido\/\" \/>\n<meta property=\"og:locale\" content=\"es_ES\" \/>\n<meta property=\"og:type\" content=\"article\" \/>\n<meta property=\"og:title\" content=\"John Magdaleno le responde a Pedro Carre\u00f1o: \u00abNo est\u00e1 en mis planes fundar ning\u00fan partido\u00ab\" \/>\n<meta property=\"og:url\" content=\"https:\/\/digital58.com.ve\/site\/2020\/06\/12\/john-magdaleno-le-responde-a-pedro-carreno-no-esta-en-mis-planes-fundar-ningun-partido\/\" \/>\n<meta property=\"og:site_name\" content=\"Noticias Digital58\" \/>\n<meta property=\"article:published_time\" content=\"2020-06-13T00:08:36+00:00\" \/>\n<meta property=\"article:modified_time\" content=\"2020-06-13T00:16:17+00:00\" \/>\n<meta property=\"og:image\" content=\"https:\/\/digital58.com.ve\/site\/wp-content\/uploads\/2020\/06\/John-Magdaleno-Radicalizar-ANC.jpg\" \/>\n\t<meta property=\"og:image:width\" content=\"960\" \/>\n\t<meta property=\"og:image:height\" content=\"640\" \/>\n\t<meta property=\"og:image:type\" content=\"image\/jpeg\" \/>\n<meta name=\"author\" content=\"Molero Luis\" \/>\n<meta name=\"twitter:card\" content=\"summary_large_image\" \/>\n<meta name=\"twitter:creator\" content=\"@Digital_58\" \/>\n<meta name=\"twitter:site\" content=\"@villasmilhfoto\" \/>\n<meta name=\"twitter:label1\" content=\"Escrito por\" \/>\n\t<meta name=\"twitter:data1\" content=\"Molero Luis\" \/>\n\t<meta name=\"twitter:label2\" content=\"Tiempo estimado de lectura\" \/>\n\t<meta name=\"twitter:data2\" content=\"1 minuto\" \/>\n<script type=\"application\/ld+json\" class=\"yoast-schema-graph\">{\"@context\":\"https:\\\/\\\/schema.org\",\"@graph\":[{\"@type\":\"Article\",\"@id\":\"https:\\\/\\\/digital58.com.ve\\\/site\\\/2020\\\/06\\\/12\\\/john-magdaleno-le-responde-a-pedro-carreno-no-esta-en-mis-planes-fundar-ningun-partido\\\/#article\",\"isPartOf\":{\"@id\":\"https:\\\/\\\/digital58.com.ve\\\/site\\\/2020\\\/06\\\/12\\\/john-magdaleno-le-responde-a-pedro-carreno-no-esta-en-mis-planes-fundar-ningun-partido\\\/\"},\"author\":{\"name\":\"Molero Luis\",\"@id\":\"https:\\\/\\\/digital58.com.ve\\\/site\\\/#\\\/schema\\\/person\\\/c61667ce6845137620ee3f0aaabade17\"},\"headline\":\"John Magdaleno le responde a Pedro Carre\u00f1o: \u00abNo est\u00e1 en mis planes fundar ning\u00fan partido\u00ab\",\"datePublished\":\"2020-06-13T00:08:36+00:00\",\"dateModified\":\"2020-06-13T00:16:17+00:00\",\"mainEntityOfPage\":{\"@id\":\"https:\\\/\\\/digital58.com.ve\\\/site\\\/2020\\\/06\\\/12\\\/john-magdaleno-le-responde-a-pedro-carreno-no-esta-en-mis-planes-fundar-ningun-partido\\\/\"},\"wordCount\":220,\"commentCount\":0,\"publisher\":{\"@id\":\"https:\\\/\\\/digital58.com.ve\\\/site\\\/#\\\/schema\\\/person\\\/64d1c2e4d0d4fd1b849980c4331c2951\"},\"image\":{\"@id\":\"https:\\\/\\\/digital58.com.ve\\\/site\\\/2020\\\/06\\\/12\\\/john-magdaleno-le-responde-a-pedro-carreno-no-esta-en-mis-planes-fundar-ningun-partido\\\/#primaryimage\"},\"thumbnailUrl\":\"https:\\\/\\\/digital58.com.ve\\\/site\\\/wp-content\\\/uploads\\\/2020\\\/06\\\/John-Magdaleno-Radicalizar-ANC.jpg\",\"keywords\":[\"John Magdaleno\",\"Juan Guaid\u00f3\",\"Nacionales\",\"Partido Pol\u00edtico\",\"Pedro Carre\u00f1o\"],\"articleSection\":[\"Pol\u00edtica\"],\"inLanguage\":\"es\",\"potentialAction\":[{\"@type\":\"CommentAction\",\"name\":\"Comment\",\"target\":[\"https:\\\/\\\/digital58.com.ve\\\/site\\\/2020\\\/06\\\/12\\\/john-magdaleno-le-responde-a-pedro-carreno-no-esta-en-mis-planes-fundar-ningun-partido\\\/#respond\"]}]},{\"@type\":\"WebPage\",\"@id\":\"https:\\\/\\\/digital58.com.ve\\\/site\\\/2020\\\/06\\\/12\\\/john-magdaleno-le-responde-a-pedro-carreno-no-esta-en-mis-planes-fundar-ningun-partido\\\/\",\"url\":\"https:\\\/\\\/digital58.com.ve\\\/site\\\/2020\\\/06\\\/12\\\/john-magdaleno-le-responde-a-pedro-carreno-no-esta-en-mis-planes-fundar-ningun-partido\\\/\",\"name\":\"John Magdaleno le responde a Pedro Carre\u00f1o: \u00abNo est\u00e1 en mis planes fundar ning\u00fan partido\u00ab\",\"isPartOf\":{\"@id\":\"https:\\\/\\\/digital58.com.ve\\\/site\\\/#website\"},\"primaryImageOfPage\":{\"@id\":\"https:\\\/\\\/digital58.com.ve\\\/site\\\/2020\\\/06\\\/12\\\/john-magdaleno-le-responde-a-pedro-carreno-no-esta-en-mis-planes-fundar-ningun-partido\\\/#primaryimage\"},\"image\":{\"@id\":\"https:\\\/\\\/digital58.com.ve\\\/site\\\/2020\\\/06\\\/12\\\/john-magdaleno-le-responde-a-pedro-carreno-no-esta-en-mis-planes-fundar-ningun-partido\\\/#primaryimage\"},\"thumbnailUrl\":\"https:\\\/\\\/digital58.com.ve\\\/site\\\/wp-content\\\/uploads\\\/2020\\\/06\\\/John-Magdaleno-Radicalizar-ANC.jpg\",\"datePublished\":\"2020-06-13T00:08:36+00:00\",\"dateModified\":\"2020-06-13T00:16:17+00:00\",\"breadcrumb\":{\"@id\":\"https:\\\/\\\/digital58.com.ve\\\/site\\\/2020\\\/06\\\/12\\\/john-magdaleno-le-responde-a-pedro-carreno-no-esta-en-mis-planes-fundar-ningun-partido\\\/#breadcrumb\"},\"inLanguage\":\"es\",\"potentialAction\":[{\"@type\":\"ReadAction\",\"target\":[\"https:\\\/\\\/digital58.com.ve\\\/site\\\/2020\\\/06\\\/12\\\/john-magdaleno-le-responde-a-pedro-carreno-no-esta-en-mis-planes-fundar-ningun-partido\\\/\"]}]},{\"@type\":\"ImageObject\",\"inLanguage\":\"es\",\"@id\":\"https:\\\/\\\/digital58.com.ve\\\/site\\\/2020\\\/06\\\/12\\\/john-magdaleno-le-responde-a-pedro-carreno-no-esta-en-mis-planes-fundar-ningun-partido\\\/#primaryimage\",\"url\":\"https:\\\/\\\/digital58.com.ve\\\/site\\\/wp-content\\\/uploads\\\/2020\\\/06\\\/John-Magdaleno-Radicalizar-ANC.jpg\",\"contentUrl\":\"https:\\\/\\\/digital58.com.ve\\\/site\\\/wp-content\\\/uploads\\\/2020\\\/06\\\/John-Magdaleno-Radicalizar-ANC.jpg\",\"width\":800,\"height\":533},{\"@type\":\"BreadcrumbList\",\"@id\":\"https:\\\/\\\/digital58.com.ve\\\/site\\\/2020\\\/06\\\/12\\\/john-magdaleno-le-responde-a-pedro-carreno-no-esta-en-mis-planes-fundar-ningun-partido\\\/#breadcrumb\",\"itemListElement\":[{\"@type\":\"ListItem\",\"position\":1,\"name\":\"Home\",\"item\":\"https:\\\/\\\/digital58.com.ve\\\/site\\\/\"},{\"@type\":\"ListItem\",\"position\":2,\"name\":\"John Magdaleno le responde a Pedro Carre\u00f1o: \u00abNo est\u00e1 en mis planes fundar ning\u00fan partido\u00ab\"}]},{\"@type\":\"WebSite\",\"@id\":\"https:\\\/\\\/digital58.com.ve\\\/site\\\/#website\",\"url\":\"https:\\\/\\\/digital58.com.ve\\\/site\\\/\",\"name\":\"Noticias Digital58\",\"description\":\"Portal de Noticias \u00a1Periodismo web de verdad! Lanzamiento web 22.11.2005 \\\/ Maracaibo, Venezuela\",\"publisher\":{\"@id\":\"https:\\\/\\\/digital58.com.ve\\\/site\\\/#\\\/schema\\\/person\\\/64d1c2e4d0d4fd1b849980c4331c2951\"},\"alternateName\":\"ND58\",\"potentialAction\":[{\"@type\":\"SearchAction\",\"target\":{\"@type\":\"EntryPoint\",\"urlTemplate\":\"https:\\\/\\\/digital58.com.ve\\\/site\\\/?s={search_term_string}\"},\"query-input\":{\"@type\":\"PropertyValueSpecification\",\"valueRequired\":true,\"valueName\":\"search_term_string\"}}],\"inLanguage\":\"es\"},{\"@type\":[\"Person\",\"Organization\"],\"@id\":\"https:\\\/\\\/digital58.com.ve\\\/site\\\/#\\\/schema\\\/person\\\/64d1c2e4d0d4fd1b849980c4331c2951\",\"name\":\"Villasmil Henry\",\"image\":{\"@type\":\"ImageObject\",\"inLanguage\":\"es\",\"@id\":\"https:\\\/\\\/secure.gravatar.com\\\/avatar\\\/bb0c4a2fcb7970138239f7e404ea75757b1b507b28b5ce4c53fbd62d797c5a7c?s=96&d=mm&r=g\",\"url\":\"https:\\\/\\\/secure.gravatar.com\\\/avatar\\\/bb0c4a2fcb7970138239f7e404ea75757b1b507b28b5ce4c53fbd62d797c5a7c?s=96&d=mm&r=g\",\"contentUrl\":\"https:\\\/\\\/secure.gravatar.com\\\/avatar\\\/bb0c4a2fcb7970138239f7e404ea75757b1b507b28b5ce4c53fbd62d797c5a7c?s=96&d=mm&r=g\",\"caption\":\"Villasmil Henry\"},\"logo\":{\"@id\":\"https:\\\/\\\/secure.gravatar.com\\\/avatar\\\/bb0c4a2fcb7970138239f7e404ea75757b1b507b28b5ce4c53fbd62d797c5a7c?s=96&d=mm&r=g\"},\"sameAs\":[\"http:\\\/\\\/www.henryvillasmil.com.ve\",\"https:\\\/\\\/www.instagram.com\\\/villasmilhfoto\\\/\",\"https:\\\/\\\/x.com\\\/https:\\\/\\\/twitter.com\\\/villasmilhfoto\"]},{\"@type\":\"Person\",\"@id\":\"https:\\\/\\\/digital58.com.ve\\\/site\\\/#\\\/schema\\\/person\\\/c61667ce6845137620ee3f0aaabade17\",\"name\":\"Molero Luis\",\"image\":{\"@type\":\"ImageObject\",\"inLanguage\":\"es\",\"@id\":\"https:\\\/\\\/secure.gravatar.com\\\/avatar\\\/bf041ec637e3e7405449807deb2f7cf3d2de7c6fa755dd56e985201de9863f2b?s=96&d=mm&r=g\",\"url\":\"https:\\\/\\\/secure.gravatar.com\\\/avatar\\\/bf041ec637e3e7405449807deb2f7cf3d2de7c6fa755dd56e985201de9863f2b?s=96&d=mm&r=g\",\"contentUrl\":\"https:\\\/\\\/secure.gravatar.com\\\/avatar\\\/bf041ec637e3e7405449807deb2f7cf3d2de7c6fa755dd56e985201de9863f2b?s=96&d=mm&r=g\",\"caption\":\"Molero Luis\"},\"url\":\"https:\\\/\\\/digital58.com.ve\\\/site\\\/author\\\/luismolero\\\/\"}]}<\/script>\n<!-- \/ Yoast SEO plugin. -->","yoast_head_json":{"title":"John Magdaleno le responde a Pedro Carre\u00f1o: \u00abNo est\u00e1 en mis planes fundar ning\u00fan partido\u00ab","robots":{"index":"index","follow":"follow","max-snippet":"max-snippet:-1","max-image-preview":"max-image-preview:large","max-video-preview":"max-video-preview:-1"},"canonical":"https:\/\/digital58.com.ve\/site\/2020\/06\/12\/john-magdaleno-le-responde-a-pedro-carreno-no-esta-en-mis-planes-fundar-ningun-partido\/","og_locale":"es_ES","og_type":"article","og_title":"John Magdaleno le responde a Pedro Carre\u00f1o: \u00abNo est\u00e1 en mis planes fundar ning\u00fan partido\u00ab","og_url":"https:\/\/digital58.com.ve\/site\/2020\/06\/12\/john-magdaleno-le-responde-a-pedro-carreno-no-esta-en-mis-planes-fundar-ningun-partido\/","og_site_name":"Noticias Digital58","article_published_time":"2020-06-13T00:08:36+00:00","article_modified_time":"2020-06-13T00:16:17+00:00","og_image":[{"width":960,"height":640,"url":"https:\/\/digital58.com.ve\/site\/wp-content\/uploads\/2020\/06\/John-Magdaleno-Radicalizar-ANC.jpg","type":"image\/jpeg"}],"author":"Molero Luis","twitter_card":"summary_large_image","twitter_creator":"@Digital_58","twitter_site":"@villasmilhfoto","twitter_misc":{"Escrito por":"Molero Luis","Tiempo estimado de lectura":"1 minuto"},"schema":{"@context":"https:\/\/schema.org","@graph":[{"@type":"Article","@id":"https:\/\/digital58.com.ve\/site\/2020\/06\/12\/john-magdaleno-le-responde-a-pedro-carreno-no-esta-en-mis-planes-fundar-ningun-partido\/#article","isPartOf":{"@id":"https:\/\/digital58.com.ve\/site\/2020\/06\/12\/john-magdaleno-le-responde-a-pedro-carreno-no-esta-en-mis-planes-fundar-ningun-partido\/"},"author":{"name":"Molero Luis","@id":"https:\/\/digital58.com.ve\/site\/#\/schema\/person\/c61667ce6845137620ee3f0aaabade17"},"headline":"John Magdaleno le responde a Pedro Carre\u00f1o: \u00abNo est\u00e1 en mis planes fundar ning\u00fan partido\u00ab","datePublished":"2020-06-13T00:08:36+00:00","dateModified":"2020-06-13T00:16:17+00:00","mainEntityOfPage":{"@id":"https:\/\/digital58.com.ve\/site\/2020\/06\/12\/john-magdaleno-le-responde-a-pedro-carreno-no-esta-en-mis-planes-fundar-ningun-partido\/"},"wordCount":220,"commentCount":0,"publisher":{"@id":"https:\/\/digital58.com.ve\/site\/#\/schema\/person\/64d1c2e4d0d4fd1b849980c4331c2951"},"image":{"@id":"https:\/\/digital58.com.ve\/site\/2020\/06\/12\/john-magdaleno-le-responde-a-pedro-carreno-no-esta-en-mis-planes-fundar-ningun-partido\/#primaryimage"},"thumbnailUrl":"https:\/\/digital58.com.ve\/site\/wp-content\/uploads\/2020\/06\/John-Magdaleno-Radicalizar-ANC.jpg","keywords":["John Magdaleno","Juan Guaid\u00f3","Nacionales","Partido Pol\u00edtico","Pedro Carre\u00f1o"],"articleSection":["Pol\u00edtica"],"inLanguage":"es","potentialAction":[{"@type":"CommentAction","name":"Comment","target":["https:\/\/digital58.com.ve\/site\/2020\/06\/12\/john-magdaleno-le-responde-a-pedro-carreno-no-esta-en-mis-planes-fundar-ningun-partido\/#respond"]}]},{"@type":"WebPage","@id":"https:\/\/digital58.com.ve\/site\/2020\/06\/12\/john-magdaleno-le-responde-a-pedro-carreno-no-esta-en-mis-planes-fundar-ningun-partido\/","url":"https:\/\/digital58.com.ve\/site\/2020\/06\/12\/john-magdaleno-le-responde-a-pedro-carreno-no-esta-en-mis-planes-fundar-ningun-partido\/","name":"John Magdaleno le responde a Pedro Carre\u00f1o: \u00abNo est\u00e1 en mis planes fundar ning\u00fan partido\u00ab","isPartOf":{"@id":"https:\/\/digital58.com.ve\/site\/#website"},"primaryImageOfPage":{"@id":"https:\/\/digital58.com.ve\/site\/2020\/06\/12\/john-magdaleno-le-responde-a-pedro-carreno-no-esta-en-mis-planes-fundar-ningun-partido\/#primaryimage"},"image":{"@id":"https:\/\/digital58.com.ve\/site\/2020\/06\/12\/john-magdaleno-le-responde-a-pedro-carreno-no-esta-en-mis-planes-fundar-ningun-partido\/#primaryimage"},"thumbnailUrl":"https:\/\/digital58.com.ve\/site\/wp-content\/uploads\/2020\/06\/John-Magdaleno-Radicalizar-ANC.jpg","datePublished":"2020-06-13T00:08:36+00:00","dateModified":"2020-06-13T00:16:17+00:00","breadcrumb":{"@id":"https:\/\/digital58.com.ve\/site\/2020\/06\/12\/john-magdaleno-le-responde-a-pedro-carreno-no-esta-en-mis-planes-fundar-ningun-partido\/#breadcrumb"},"inLanguage":"es","potentialAction":[{"@type":"ReadAction","target":["https:\/\/digital58.com.ve\/site\/2020\/06\/12\/john-magdaleno-le-responde-a-pedro-carreno-no-esta-en-mis-planes-fundar-ningun-partido\/"]}]},{"@type":"ImageObject","inLanguage":"es","@id":"https:\/\/digital58.com.ve\/site\/2020\/06\/12\/john-magdaleno-le-responde-a-pedro-carreno-no-esta-en-mis-planes-fundar-ningun-partido\/#primaryimage","url":"https:\/\/digital58.com.ve\/site\/wp-content\/uploads\/2020\/06\/John-Magdaleno-Radicalizar-ANC.jpg","contentUrl":"https:\/\/digital58.com.ve\/site\/wp-content\/uploads\/2020\/06\/John-Magdaleno-Radicalizar-ANC.jpg","width":800,"height":533},{"@type":"BreadcrumbList","@id":"https:\/\/digital58.com.ve\/site\/2020\/06\/12\/john-magdaleno-le-responde-a-pedro-carreno-no-esta-en-mis-planes-fundar-ningun-partido\/#breadcrumb","itemListElement":[{"@type":"ListItem","position":1,"name":"Home","item":"https:\/\/digital58.com.ve\/site\/"},{"@type":"ListItem","position":2,"name":"John Magdaleno le responde a Pedro Carre\u00f1o: \u00abNo est\u00e1 en mis planes fundar ning\u00fan partido\u00ab"}]},{"@type":"WebSite","@id":"https:\/\/digital58.com.ve\/site\/#website","url":"https:\/\/digital58.com.ve\/site\/","name":"Noticias Digital58","description":"Portal de Noticias \u00a1Periodismo web de verdad! Lanzamiento web 22.11.2005 \/ Maracaibo, Venezuela","publisher":{"@id":"https:\/\/digital58.com.ve\/site\/#\/schema\/person\/64d1c2e4d0d4fd1b849980c4331c2951"},"alternateName":"ND58","potentialAction":[{"@type":"SearchAction","target":{"@type":"EntryPoint","urlTemplate":"https:\/\/digital58.com.ve\/site\/?s={search_term_string}"},"query-input":{"@type":"PropertyValueSpecification","valueRequired":true,"valueName":"search_term_string"}}],"inLanguage":"es"},{"@type":["Person","Organization"],"@id":"https:\/\/digital58.com.ve\/site\/#\/schema\/person\/64d1c2e4d0d4fd1b849980c4331c2951","name":"Villasmil Henry","image":{"@type":"ImageObject","inLanguage":"es","@id":"https:\/\/secure.gravatar.com\/avatar\/bb0c4a2fcb7970138239f7e404ea75757b1b507b28b5ce4c53fbd62d797c5a7c?s=96&d=mm&r=g","url":"https:\/\/secure.gravatar.com\/avatar\/bb0c4a2fcb7970138239f7e404ea75757b1b507b28b5ce4c53fbd62d797c5a7c?s=96&d=mm&r=g","contentUrl":"https:\/\/secure.gravatar.com\/avatar\/bb0c4a2fcb7970138239f7e404ea75757b1b507b28b5ce4c53fbd62d797c5a7c?s=96&d=mm&r=g","caption":"Villasmil Henry"},"logo":{"@id":"https:\/\/secure.gravatar.com\/avatar\/bb0c4a2fcb7970138239f7e404ea75757b1b507b28b5ce4c53fbd62d797c5a7c?s=96&d=mm&r=g"},"sameAs":["http:\/\/www.henryvillasmil.com.ve","https:\/\/www.instagram.com\/villasmilhfoto\/","https:\/\/x.com\/https:\/\/twitter.com\/villasmilhfoto"]},{"@type":"Person","@id":"https:\/\/digital58.com.ve\/site\/#\/schema\/person\/c61667ce6845137620ee3f0aaabade17","name":"Molero Luis","image":{"@type":"ImageObject","inLanguage":"es","@id":"https:\/\/secure.gravatar.com\/avatar\/bf041ec637e3e7405449807deb2f7cf3d2de7c6fa755dd56e985201de9863f2b?s=96&d=mm&r=g","url":"https:\/\/secure.gravatar.com\/avatar\/bf041ec637e3e7405449807deb2f7cf3d2de7c6fa755dd56e985201de9863f2b?s=96&d=mm&r=g","contentUrl":"https:\/\/secure.gravatar.com\/avatar\/bf041ec637e3e7405449807deb2f7cf3d2de7c6fa755dd56e985201de9863f2b?s=96&d=mm&r=g","caption":"Molero Luis"},"url":"https:\/\/digital58.com.ve\/site\/author\/luismolero\/"}]}},"uagb_featured_image_src":{"full":["https:\/\/digital58.com.ve\/site\/wp-content\/uploads\/2020\/06\/John-Magdaleno-Radicalizar-ANC.jpg",800,533,false],"thumbnail":["https:\/\/digital58.com.ve\/site\/wp-content\/uploads\/2020\/06\/John-Magdaleno-Radicalizar-ANC-150x150.jpg",150,150,true],"medium":["https:\/\/digital58.com.ve\/site\/wp-content\/uploads\/2020\/06\/John-Magdaleno-Radicalizar-ANC-300x200.jpg",300,200,true],"medium_large":["https:\/\/digital58.com.ve\/site\/wp-content\/uploads\/2020\/06\/John-Magdaleno-Radicalizar-ANC-768x512.jpg",768,512,true],"large":["https:\/\/digital58.com.ve\/site\/wp-content\/uploads\/2020\/06\/John-Magdaleno-Radicalizar-ANC.jpg",800,533,false],"1536x1536":["https:\/\/digital58.com.ve\/site\/wp-content\/uploads\/2020\/06\/John-Magdaleno-Radicalizar-ANC.jpg",800,533,false],"2048x2048":["https:\/\/digital58.com.ve\/site\/wp-content\/uploads\/2020\/06\/John-Magdaleno-Radicalizar-ANC.jpg",800,533,false],"colormag-highlighted-post":["https:\/\/digital58.com.ve\/site\/wp-content\/uploads\/2020\/06\/John-Magdaleno-Radicalizar-ANC.jpg",392,261,false],"colormag-featured-post-medium":["https:\/\/digital58.com.ve\/site\/wp-content\/uploads\/2020\/06\/John-Magdaleno-Radicalizar-ANC.jpg",308,205,false],"colormag-featured-post-small":["https:\/\/digital58.com.ve\/site\/wp-content\/uploads\/2020\/06\/John-Magdaleno-Radicalizar-ANC.jpg",130,87,false],"colormag-featured-image":["https:\/\/digital58.com.ve\/site\/wp-content\/uploads\/2020\/06\/John-Magdaleno-Radicalizar-ANC.jpg",668,445,false],"colormag-default-news":["https:\/\/digital58.com.ve\/site\/wp-content\/uploads\/2020\/06\/John-Magdaleno-Radicalizar-ANC.jpg",150,100,false],"colormag-featured-image-large":["https:\/\/digital58.com.ve\/site\/wp-content\/uploads\/2020\/06\/John-Magdaleno-Radicalizar-ANC.jpg",800,533,false]},"uagb_author_info":{"display_name":"Molero Luis","author_link":"https:\/\/digital58.com.ve\/site\/author\/luismolero\/"},"uagb_comment_info":0,"uagb_excerpt":"El polit\u00f3logo John Magdaleno neg\u00f3 que este conformando un nuevo partido pol\u00edtico con juan Guaid\u00f3. Carre\u00f1o en la ma\u00f1ana de","_links":{"self":[{"href":"https:\/\/digital58.com.ve\/site\/wp-json\/wp\/v2\/posts\/106233","targetHints":{"allow":["GET"]}}],"collection":[{"href":"https:\/\/digital58.com.ve\/site\/wp-json\/wp\/v2\/posts"}],"about":[{"href":"https:\/\/digital58.com.ve\/site\/wp-json\/wp\/v2\/types\/post"}],"author":[{"embeddable":true,"href":"https:\/\/digital58.com.ve\/site\/wp-json\/wp\/v2\/users\/26"}],"replies":[{"embeddable":true,"href":"https:\/\/digital58.com.ve\/site\/wp-json\/wp\/v2\/comments?post=106233"}],"version-history":[{"count":0,"href":"https:\/\/digital58.com.ve\/site\/wp-json\/wp\/v2\/posts\/106233\/revisions"}],"wp:featuredmedia":[{"embeddable":true,"href":"https:\/\/digital58.com.ve\/site\/wp-json\/wp\/v2\/media\/106243"}],"wp:attachment":[{"href":"https:\/\/digital58.com.ve\/site\/wp-json\/wp\/v2\/media?parent=106233"}],"wp:term":[{"taxonomy":"category","embeddable":true,"href":"https:\/\/digital58.com.ve\/site\/wp-json\/wp\/v2\/categories?post=106233"},{"taxonomy":"post_tag","embeddable":true,"href":"https:\/\/digital58.com.ve\/site\/wp-json\/wp\/v2\/tags?post=106233"}],"curies":[{"name":"wp","href":"https:\/\/api.w.org\/{rel}","templated":true}]}}