{"id":106336,"date":"2020-06-13T10:19:57","date_gmt":"2020-06-13T14:19:57","guid":{"rendered":"https:\/\/digital58.com.ve\/site\/?p=106336"},"modified":"2020-06-13T10:19:57","modified_gmt":"2020-06-13T14:19:57","slug":"luis-fuenmayor-el-nuevo-rector-suplente-de-cne-estuvo-privado-de-libertad-en-el-ano-2011","status":"publish","type":"post","link":"https:\/\/digital58.com.ve\/site\/2020\/06\/13\/luis-fuenmayor-el-nuevo-rector-suplente-de-cne-estuvo-privado-de-libertad-en-el-ano-2011\/","title":{"rendered":"Luis Fuenmayor, el nuevo rector suplente de CNE estuvo privado de libertad en el a\u00f1o 2011"},"content":{"rendered":"<p><img loading=\"lazy\" decoding=\"async\" class=\"aligncenter wp-image-106338 size-full\" src=\"https:\/\/digital58.com.ve\/site\/wp-content\/uploads\/2020\/06\/descarga-7.jpg\" alt=\"\" width=\"640\" height=\"358\" srcset=\"https:\/\/digital58.com.ve\/site\/wp-content\/uploads\/2020\/06\/descarga-7.jpg 640w, https:\/\/digital58.com.ve\/site\/wp-content\/uploads\/2020\/06\/descarga-7-300x168.jpg 300w\" sizes=\"auto, (max-width: 640px) 100vw, 640px\" \/>Luis Fuenmayor nuevo rector suplente del CNE estuvo privado de libertad en el a\u00f1o 2011 por abuso sexual\u00a0 contra su hijo. Estuvo recluido en la c\u00e1rcel de los Teques, Estado Miranda. Seg\u00fan la madre del menor Fuenmayor lo inyectaba y abusaba sexualmente del menor.<\/p>\n<p><strong>Maracaibo, Zulia, Venezuela 13 de junio de 2020 (ND58).-<\/strong>\u00a0\u00a0La madre del ni\u00f1o denunci\u00f3 en varias oportunidades que el exrector de la UCV lo inyectaba y luego lo agred\u00eda sexualmente. \u00ab No estamos ante la presencia de un simple abuso, sino que es un abuso pervertido y monstruoso\u00bb, dec\u00eda la mujer<\/p>\n<p>Hace nueve a\u00f1os Luis Fuenmayor Toro, fue acusado de abuso sexual contra su propio hijo. Por esta raz\u00f3n tuvo por un tiempo como sitio de reclusi\u00f3n la c\u00e1rcel de Los Teques, en Miranda. El Tribunal 14 de Control, a cargo del juez Alejandro Badell, dict\u00f3 privativa de libertad por las denuncias de abuso contra Fuenmayor, quien fue rector de la UCV y exdirector de la Oficina de Planificaci\u00f3n del Sector Universitario.<\/p>\n<p>La denuncia por abuso sexual contra menores fue presentada por familiares de las v\u00edctimas en marzo de 2007. Su detenci\u00f3n se tard\u00f3 cuatro a\u00f1os a pesar de que ya el Ministerio P\u00fablico hab\u00eda anunciado que ser\u00eda imputado.<\/p>\n<p>La madre del hijo de Fuenmayor describi\u00f3 varias de las agresiones que habr\u00eda sufrido el menor a manos del m\u00e9dico cirujano.<\/p>\n<p>\u00abEl ni\u00f1o era inyectado antes de ser abusado, lo inyectaba por todos lados. Usaba una sustancia que maneja porque es especialista. Son sustancias que relajan los esf\u00ednteres. Esto lo hac\u00eda para luego abusar del ni\u00f1o y hacer todas las porquer\u00edas que se le ocurriesen. El ni\u00f1o una vez le dibuj\u00f3 al fiscal en una hoja las inyectadoras que \u00e9l usaba\u00bb, cont\u00f3 hace nueve a\u00f1os la madre, que prefiri\u00f3 permanecer en el anonimato.<\/p>\n<p>\u00abNo estamos ante la presencia de un simple abuso, sino que es un abuso pervertido y monstruoso. Cu\u00e1ntas madres no saben que sus hijos son abusados, contra cu\u00e1ntos ni\u00f1os no habr\u00e1 hecho lo mismo. Hago un llamado a quien haya sido v\u00edctima de abuso sexual a que escuchen el clamor de una madre, quiero justicia para mi hijo\u00bb, agreg\u00f3.<\/p>\n<p>La mujer tambi\u00e9n denunci\u00f3 que tanto ella como el peque\u00f1o fueron v\u00edctimas de otras agresiones. En una oportunidad, asegur\u00f3, Fuenmayor los amenaz\u00f3 cuando estaban en la bajada de Taz\u00f3n. \u00abNos agarr\u00f3 a ambos y nos lanz\u00f3 contra el vidrio del carro. Ah\u00ed me sac\u00f3 una hernia cervical. Casi nos mata. Sus palabras fueron: \u2018Voy a acabar con ustedes de una vez\u2019. Eso fue a finales de junio de 2000\u00bb.<\/p><div class=\"zggah69f5bcf9d32e6\" ><p style=\"text-align: center;\"><a href=\"https:\/\/t.me\/noticiasdigital58\" target=\"_blank\" rel=\"noopener\"><img class=\"aligncenter size-full wp-image-125363\" src=\"https:\/\/digital58.com.ve\/site\/wp-content\/uploads\/2021\/04\/banner-telegram-web-2021.png\" alt=\"\" width=\"600\" height=\"90\" \/><\/a><\/p><\/div><style type=\"text\/css\">\r\n@media screen and (min-width: 1201px) {\r\n.zggah69f5bcf9d32e6 {\r\ndisplay: block;\r\n}\r\n}\r\n@media screen and (min-width: 993px) and (max-width: 1200px) {\r\n.zggah69f5bcf9d32e6 {\r\ndisplay: block;\r\n}\r\n}\r\n@media screen and (min-width: 769px) and (max-width: 992px) {\r\n.zggah69f5bcf9d32e6 {\r\ndisplay: block;\r\n}\r\n}\r\n@media screen and (min-width: 768px) and (max-width: 768px) {\r\n.zggah69f5bcf9d32e6 {\r\ndisplay: block;\r\n}\r\n}\r\n@media screen and (max-width: 767px) {\r\n.zggah69f5bcf9d32e6 {\r\ndisplay: block;\r\n}\r\n}\r\n<\/style>\r\n\n<p><strong>Redacci\u00f3n: Molero, Luis\u00a0 (@Moleromarquez) | Fuente: Agencias<\/strong><br \/>\n<strong>Edici\u00f3n: Villasmil, Henry<\/strong><br \/>\n<strong>Gr\u00e1ficas: Cortes\u00eda<\/strong><\/p>\n<div style=\"margin-top: 0px; margin-bottom: 0px;\" class=\"sharethis-inline-share-buttons\" ><\/div>","protected":false},"excerpt":{"rendered":"<p>Luis Fuenmayor nuevo rector suplente del CNE estuvo privado de libertad en el a\u00f1o 2011 por abuso sexual\u00a0 contra su<\/p>\n","protected":false},"author":26,"featured_media":106337,"comment_status":"open","ping_status":"closed","sticky":false,"template":"","format":"standard","meta":{"colormag_page_container_layout":"default_layout","colormag_page_sidebar_layout":"default_layout","_uag_custom_page_level_css":"","footnotes":""},"categories":[8610],"tags":[960,10245,15996,233,14038],"class_list":["post-106336","post","type-post","status-publish","format-standard","has-post-thumbnail","hentry","category-politica","tag-abuso-sexual","tag-consejo-nacional-electoral","tag-luis-fuenmayor","tag-nacionales","tag-tribunal-supremo-de-justicia"],"yoast_head":"<!-- This site is optimized with the Yoast SEO plugin v27.5 - https:\/\/yoast.com\/product\/yoast-seo-wordpress\/ -->\n<title>Luis Fuenmayor, el nuevo rector suplente de CNE estuvo privado de libertad en el a\u00f1o 2011<\/title>\n<meta name=\"robots\" content=\"index, follow, max-snippet:-1, max-image-preview:large, max-video-preview:-1\" \/>\n<link rel=\"canonical\" href=\"https:\/\/digital58.com.ve\/site\/2020\/06\/13\/luis-fuenmayor-el-nuevo-rector-suplente-de-cne-estuvo-privado-de-libertad-en-el-ano-2011\/\" \/>\n<meta property=\"og:locale\" content=\"es_ES\" \/>\n<meta property=\"og:type\" content=\"article\" \/>\n<meta property=\"og:title\" content=\"Luis Fuenmayor, el nuevo rector suplente de CNE estuvo privado de libertad en el a\u00f1o 2011\" \/>\n<meta property=\"og:url\" content=\"https:\/\/digital58.com.ve\/site\/2020\/06\/13\/luis-fuenmayor-el-nuevo-rector-suplente-de-cne-estuvo-privado-de-libertad-en-el-ano-2011\/\" \/>\n<meta property=\"og:site_name\" content=\"Noticias Digital58\" \/>\n<meta property=\"article:published_time\" content=\"2020-06-13T14:19:57+00:00\" \/>\n<meta property=\"og:image\" content=\"https:\/\/digital58.com.ve\/site\/wp-content\/uploads\/2020\/06\/Luis-Fuenmayor.jpg\" \/>\n\t<meta property=\"og:image:width\" content=\"1200\" \/>\n\t<meta property=\"og:image:height\" content=\"675\" \/>\n\t<meta property=\"og:image:type\" content=\"image\/jpeg\" \/>\n<meta name=\"author\" content=\"Molero Luis\" \/>\n<meta name=\"twitter:card\" content=\"summary_large_image\" \/>\n<meta name=\"twitter:creator\" content=\"@Digital_58\" \/>\n<meta name=\"twitter:site\" content=\"@villasmilhfoto\" \/>\n<meta name=\"twitter:label1\" content=\"Escrito por\" \/>\n\t<meta name=\"twitter:data1\" content=\"Molero Luis\" \/>\n\t<meta name=\"twitter:label2\" content=\"Tiempo estimado de lectura\" \/>\n\t<meta name=\"twitter:data2\" content=\"2 minutos\" \/>\n<script type=\"application\/ld+json\" class=\"yoast-schema-graph\">{\"@context\":\"https:\\\/\\\/schema.org\",\"@graph\":[{\"@type\":\"Article\",\"@id\":\"https:\\\/\\\/digital58.com.ve\\\/site\\\/2020\\\/06\\\/13\\\/luis-fuenmayor-el-nuevo-rector-suplente-de-cne-estuvo-privado-de-libertad-en-el-ano-2011\\\/#article\",\"isPartOf\":{\"@id\":\"https:\\\/\\\/digital58.com.ve\\\/site\\\/2020\\\/06\\\/13\\\/luis-fuenmayor-el-nuevo-rector-suplente-de-cne-estuvo-privado-de-libertad-en-el-ano-2011\\\/\"},\"author\":{\"name\":\"Molero Luis\",\"@id\":\"https:\\\/\\\/digital58.com.ve\\\/site\\\/#\\\/schema\\\/person\\\/c61667ce6845137620ee3f0aaabade17\"},\"headline\":\"Luis Fuenmayor, el nuevo rector suplente de CNE estuvo privado de libertad en el a\u00f1o 2011\",\"datePublished\":\"2020-06-13T14:19:57+00:00\",\"mainEntityOfPage\":{\"@id\":\"https:\\\/\\\/digital58.com.ve\\\/site\\\/2020\\\/06\\\/13\\\/luis-fuenmayor-el-nuevo-rector-suplente-de-cne-estuvo-privado-de-libertad-en-el-ano-2011\\\/\"},\"wordCount\":483,\"commentCount\":0,\"publisher\":{\"@id\":\"https:\\\/\\\/digital58.com.ve\\\/site\\\/#\\\/schema\\\/person\\\/64d1c2e4d0d4fd1b849980c4331c2951\"},\"image\":{\"@id\":\"https:\\\/\\\/digital58.com.ve\\\/site\\\/2020\\\/06\\\/13\\\/luis-fuenmayor-el-nuevo-rector-suplente-de-cne-estuvo-privado-de-libertad-en-el-ano-2011\\\/#primaryimage\"},\"thumbnailUrl\":\"https:\\\/\\\/digital58.com.ve\\\/site\\\/wp-content\\\/uploads\\\/2020\\\/06\\\/Luis-Fuenmayor.jpg\",\"keywords\":[\"Abuso sexual\",\"Consejo Nacional Electoral\",\"Luis Fuenmayor\",\"Nacionales\",\"Tribunal Supremo de Justicia\"],\"articleSection\":[\"Pol\u00edtica\"],\"inLanguage\":\"es\",\"potentialAction\":[{\"@type\":\"CommentAction\",\"name\":\"Comment\",\"target\":[\"https:\\\/\\\/digital58.com.ve\\\/site\\\/2020\\\/06\\\/13\\\/luis-fuenmayor-el-nuevo-rector-suplente-de-cne-estuvo-privado-de-libertad-en-el-ano-2011\\\/#respond\"]}]},{\"@type\":\"WebPage\",\"@id\":\"https:\\\/\\\/digital58.com.ve\\\/site\\\/2020\\\/06\\\/13\\\/luis-fuenmayor-el-nuevo-rector-suplente-de-cne-estuvo-privado-de-libertad-en-el-ano-2011\\\/\",\"url\":\"https:\\\/\\\/digital58.com.ve\\\/site\\\/2020\\\/06\\\/13\\\/luis-fuenmayor-el-nuevo-rector-suplente-de-cne-estuvo-privado-de-libertad-en-el-ano-2011\\\/\",\"name\":\"Luis Fuenmayor, el nuevo rector suplente de CNE estuvo privado de libertad en el a\u00f1o 2011\",\"isPartOf\":{\"@id\":\"https:\\\/\\\/digital58.com.ve\\\/site\\\/#website\"},\"primaryImageOfPage\":{\"@id\":\"https:\\\/\\\/digital58.com.ve\\\/site\\\/2020\\\/06\\\/13\\\/luis-fuenmayor-el-nuevo-rector-suplente-de-cne-estuvo-privado-de-libertad-en-el-ano-2011\\\/#primaryimage\"},\"image\":{\"@id\":\"https:\\\/\\\/digital58.com.ve\\\/site\\\/2020\\\/06\\\/13\\\/luis-fuenmayor-el-nuevo-rector-suplente-de-cne-estuvo-privado-de-libertad-en-el-ano-2011\\\/#primaryimage\"},\"thumbnailUrl\":\"https:\\\/\\\/digital58.com.ve\\\/site\\\/wp-content\\\/uploads\\\/2020\\\/06\\\/Luis-Fuenmayor.jpg\",\"datePublished\":\"2020-06-13T14:19:57+00:00\",\"breadcrumb\":{\"@id\":\"https:\\\/\\\/digital58.com.ve\\\/site\\\/2020\\\/06\\\/13\\\/luis-fuenmayor-el-nuevo-rector-suplente-de-cne-estuvo-privado-de-libertad-en-el-ano-2011\\\/#breadcrumb\"},\"inLanguage\":\"es\",\"potentialAction\":[{\"@type\":\"ReadAction\",\"target\":[\"https:\\\/\\\/digital58.com.ve\\\/site\\\/2020\\\/06\\\/13\\\/luis-fuenmayor-el-nuevo-rector-suplente-de-cne-estuvo-privado-de-libertad-en-el-ano-2011\\\/\"]}]},{\"@type\":\"ImageObject\",\"inLanguage\":\"es\",\"@id\":\"https:\\\/\\\/digital58.com.ve\\\/site\\\/2020\\\/06\\\/13\\\/luis-fuenmayor-el-nuevo-rector-suplente-de-cne-estuvo-privado-de-libertad-en-el-ano-2011\\\/#primaryimage\",\"url\":\"https:\\\/\\\/digital58.com.ve\\\/site\\\/wp-content\\\/uploads\\\/2020\\\/06\\\/Luis-Fuenmayor.jpg\",\"contentUrl\":\"https:\\\/\\\/digital58.com.ve\\\/site\\\/wp-content\\\/uploads\\\/2020\\\/06\\\/Luis-Fuenmayor.jpg\",\"width\":800,\"height\":450},{\"@type\":\"BreadcrumbList\",\"@id\":\"https:\\\/\\\/digital58.com.ve\\\/site\\\/2020\\\/06\\\/13\\\/luis-fuenmayor-el-nuevo-rector-suplente-de-cne-estuvo-privado-de-libertad-en-el-ano-2011\\\/#breadcrumb\",\"itemListElement\":[{\"@type\":\"ListItem\",\"position\":1,\"name\":\"Home\",\"item\":\"https:\\\/\\\/digital58.com.ve\\\/site\\\/\"},{\"@type\":\"ListItem\",\"position\":2,\"name\":\"Luis Fuenmayor, el nuevo rector suplente de CNE estuvo privado de libertad en el a\u00f1o 2011\"}]},{\"@type\":\"WebSite\",\"@id\":\"https:\\\/\\\/digital58.com.ve\\\/site\\\/#website\",\"url\":\"https:\\\/\\\/digital58.com.ve\\\/site\\\/\",\"name\":\"Noticias Digital58\",\"description\":\"Portal de Noticias \u00a1Periodismo web de verdad! Lanzamiento web 22.11.2005 \\\/ Maracaibo, Venezuela\",\"publisher\":{\"@id\":\"https:\\\/\\\/digital58.com.ve\\\/site\\\/#\\\/schema\\\/person\\\/64d1c2e4d0d4fd1b849980c4331c2951\"},\"alternateName\":\"ND58\",\"potentialAction\":[{\"@type\":\"SearchAction\",\"target\":{\"@type\":\"EntryPoint\",\"urlTemplate\":\"https:\\\/\\\/digital58.com.ve\\\/site\\\/?s={search_term_string}\"},\"query-input\":{\"@type\":\"PropertyValueSpecification\",\"valueRequired\":true,\"valueName\":\"search_term_string\"}}],\"inLanguage\":\"es\"},{\"@type\":[\"Person\",\"Organization\"],\"@id\":\"https:\\\/\\\/digital58.com.ve\\\/site\\\/#\\\/schema\\\/person\\\/64d1c2e4d0d4fd1b849980c4331c2951\",\"name\":\"Villasmil Henry\",\"image\":{\"@type\":\"ImageObject\",\"inLanguage\":\"es\",\"@id\":\"https:\\\/\\\/secure.gravatar.com\\\/avatar\\\/bb0c4a2fcb7970138239f7e404ea75757b1b507b28b5ce4c53fbd62d797c5a7c?s=96&d=mm&r=g\",\"url\":\"https:\\\/\\\/secure.gravatar.com\\\/avatar\\\/bb0c4a2fcb7970138239f7e404ea75757b1b507b28b5ce4c53fbd62d797c5a7c?s=96&d=mm&r=g\",\"contentUrl\":\"https:\\\/\\\/secure.gravatar.com\\\/avatar\\\/bb0c4a2fcb7970138239f7e404ea75757b1b507b28b5ce4c53fbd62d797c5a7c?s=96&d=mm&r=g\",\"caption\":\"Villasmil Henry\"},\"logo\":{\"@id\":\"https:\\\/\\\/secure.gravatar.com\\\/avatar\\\/bb0c4a2fcb7970138239f7e404ea75757b1b507b28b5ce4c53fbd62d797c5a7c?s=96&d=mm&r=g\"},\"sameAs\":[\"http:\\\/\\\/www.henryvillasmil.com.ve\",\"https:\\\/\\\/www.instagram.com\\\/villasmilhfoto\\\/\",\"https:\\\/\\\/x.com\\\/https:\\\/\\\/twitter.com\\\/villasmilhfoto\"]},{\"@type\":\"Person\",\"@id\":\"https:\\\/\\\/digital58.com.ve\\\/site\\\/#\\\/schema\\\/person\\\/c61667ce6845137620ee3f0aaabade17\",\"name\":\"Molero Luis\",\"image\":{\"@type\":\"ImageObject\",\"inLanguage\":\"es\",\"@id\":\"https:\\\/\\\/secure.gravatar.com\\\/avatar\\\/bf041ec637e3e7405449807deb2f7cf3d2de7c6fa755dd56e985201de9863f2b?s=96&d=mm&r=g\",\"url\":\"https:\\\/\\\/secure.gravatar.com\\\/avatar\\\/bf041ec637e3e7405449807deb2f7cf3d2de7c6fa755dd56e985201de9863f2b?s=96&d=mm&r=g\",\"contentUrl\":\"https:\\\/\\\/secure.gravatar.com\\\/avatar\\\/bf041ec637e3e7405449807deb2f7cf3d2de7c6fa755dd56e985201de9863f2b?s=96&d=mm&r=g\",\"caption\":\"Molero Luis\"},\"url\":\"https:\\\/\\\/digital58.com.ve\\\/site\\\/author\\\/luismolero\\\/\"}]}<\/script>\n<!-- \/ Yoast SEO plugin. -->","yoast_head_json":{"title":"Luis Fuenmayor, el nuevo rector suplente de CNE estuvo privado de libertad en el a\u00f1o 2011","robots":{"index":"index","follow":"follow","max-snippet":"max-snippet:-1","max-image-preview":"max-image-preview:large","max-video-preview":"max-video-preview:-1"},"canonical":"https:\/\/digital58.com.ve\/site\/2020\/06\/13\/luis-fuenmayor-el-nuevo-rector-suplente-de-cne-estuvo-privado-de-libertad-en-el-ano-2011\/","og_locale":"es_ES","og_type":"article","og_title":"Luis Fuenmayor, el nuevo rector suplente de CNE estuvo privado de libertad en el a\u00f1o 2011","og_url":"https:\/\/digital58.com.ve\/site\/2020\/06\/13\/luis-fuenmayor-el-nuevo-rector-suplente-de-cne-estuvo-privado-de-libertad-en-el-ano-2011\/","og_site_name":"Noticias Digital58","article_published_time":"2020-06-13T14:19:57+00:00","og_image":[{"width":1200,"height":675,"url":"https:\/\/digital58.com.ve\/site\/wp-content\/uploads\/2020\/06\/Luis-Fuenmayor.jpg","type":"image\/jpeg"}],"author":"Molero Luis","twitter_card":"summary_large_image","twitter_creator":"@Digital_58","twitter_site":"@villasmilhfoto","twitter_misc":{"Escrito por":"Molero Luis","Tiempo estimado de lectura":"2 minutos"},"schema":{"@context":"https:\/\/schema.org","@graph":[{"@type":"Article","@id":"https:\/\/digital58.com.ve\/site\/2020\/06\/13\/luis-fuenmayor-el-nuevo-rector-suplente-de-cne-estuvo-privado-de-libertad-en-el-ano-2011\/#article","isPartOf":{"@id":"https:\/\/digital58.com.ve\/site\/2020\/06\/13\/luis-fuenmayor-el-nuevo-rector-suplente-de-cne-estuvo-privado-de-libertad-en-el-ano-2011\/"},"author":{"name":"Molero Luis","@id":"https:\/\/digital58.com.ve\/site\/#\/schema\/person\/c61667ce6845137620ee3f0aaabade17"},"headline":"Luis Fuenmayor, el nuevo rector suplente de CNE estuvo privado de libertad en el a\u00f1o 2011","datePublished":"2020-06-13T14:19:57+00:00","mainEntityOfPage":{"@id":"https:\/\/digital58.com.ve\/site\/2020\/06\/13\/luis-fuenmayor-el-nuevo-rector-suplente-de-cne-estuvo-privado-de-libertad-en-el-ano-2011\/"},"wordCount":483,"commentCount":0,"publisher":{"@id":"https:\/\/digital58.com.ve\/site\/#\/schema\/person\/64d1c2e4d0d4fd1b849980c4331c2951"},"image":{"@id":"https:\/\/digital58.com.ve\/site\/2020\/06\/13\/luis-fuenmayor-el-nuevo-rector-suplente-de-cne-estuvo-privado-de-libertad-en-el-ano-2011\/#primaryimage"},"thumbnailUrl":"https:\/\/digital58.com.ve\/site\/wp-content\/uploads\/2020\/06\/Luis-Fuenmayor.jpg","keywords":["Abuso sexual","Consejo Nacional Electoral","Luis Fuenmayor","Nacionales","Tribunal Supremo de Justicia"],"articleSection":["Pol\u00edtica"],"inLanguage":"es","potentialAction":[{"@type":"CommentAction","name":"Comment","target":["https:\/\/digital58.com.ve\/site\/2020\/06\/13\/luis-fuenmayor-el-nuevo-rector-suplente-de-cne-estuvo-privado-de-libertad-en-el-ano-2011\/#respond"]}]},{"@type":"WebPage","@id":"https:\/\/digital58.com.ve\/site\/2020\/06\/13\/luis-fuenmayor-el-nuevo-rector-suplente-de-cne-estuvo-privado-de-libertad-en-el-ano-2011\/","url":"https:\/\/digital58.com.ve\/site\/2020\/06\/13\/luis-fuenmayor-el-nuevo-rector-suplente-de-cne-estuvo-privado-de-libertad-en-el-ano-2011\/","name":"Luis Fuenmayor, el nuevo rector suplente de CNE estuvo privado de libertad en el a\u00f1o 2011","isPartOf":{"@id":"https:\/\/digital58.com.ve\/site\/#website"},"primaryImageOfPage":{"@id":"https:\/\/digital58.com.ve\/site\/2020\/06\/13\/luis-fuenmayor-el-nuevo-rector-suplente-de-cne-estuvo-privado-de-libertad-en-el-ano-2011\/#primaryimage"},"image":{"@id":"https:\/\/digital58.com.ve\/site\/2020\/06\/13\/luis-fuenmayor-el-nuevo-rector-suplente-de-cne-estuvo-privado-de-libertad-en-el-ano-2011\/#primaryimage"},"thumbnailUrl":"https:\/\/digital58.com.ve\/site\/wp-content\/uploads\/2020\/06\/Luis-Fuenmayor.jpg","datePublished":"2020-06-13T14:19:57+00:00","breadcrumb":{"@id":"https:\/\/digital58.com.ve\/site\/2020\/06\/13\/luis-fuenmayor-el-nuevo-rector-suplente-de-cne-estuvo-privado-de-libertad-en-el-ano-2011\/#breadcrumb"},"inLanguage":"es","potentialAction":[{"@type":"ReadAction","target":["https:\/\/digital58.com.ve\/site\/2020\/06\/13\/luis-fuenmayor-el-nuevo-rector-suplente-de-cne-estuvo-privado-de-libertad-en-el-ano-2011\/"]}]},{"@type":"ImageObject","inLanguage":"es","@id":"https:\/\/digital58.com.ve\/site\/2020\/06\/13\/luis-fuenmayor-el-nuevo-rector-suplente-de-cne-estuvo-privado-de-libertad-en-el-ano-2011\/#primaryimage","url":"https:\/\/digital58.com.ve\/site\/wp-content\/uploads\/2020\/06\/Luis-Fuenmayor.jpg","contentUrl":"https:\/\/digital58.com.ve\/site\/wp-content\/uploads\/2020\/06\/Luis-Fuenmayor.jpg","width":800,"height":450},{"@type":"BreadcrumbList","@id":"https:\/\/digital58.com.ve\/site\/2020\/06\/13\/luis-fuenmayor-el-nuevo-rector-suplente-de-cne-estuvo-privado-de-libertad-en-el-ano-2011\/#breadcrumb","itemListElement":[{"@type":"ListItem","position":1,"name":"Home","item":"https:\/\/digital58.com.ve\/site\/"},{"@type":"ListItem","position":2,"name":"Luis Fuenmayor, el nuevo rector suplente de CNE estuvo privado de libertad en el a\u00f1o 2011"}]},{"@type":"WebSite","@id":"https:\/\/digital58.com.ve\/site\/#website","url":"https:\/\/digital58.com.ve\/site\/","name":"Noticias Digital58","description":"Portal de Noticias \u00a1Periodismo web de verdad! Lanzamiento web 22.11.2005 \/ Maracaibo, Venezuela","publisher":{"@id":"https:\/\/digital58.com.ve\/site\/#\/schema\/person\/64d1c2e4d0d4fd1b849980c4331c2951"},"alternateName":"ND58","potentialAction":[{"@type":"SearchAction","target":{"@type":"EntryPoint","urlTemplate":"https:\/\/digital58.com.ve\/site\/?s={search_term_string}"},"query-input":{"@type":"PropertyValueSpecification","valueRequired":true,"valueName":"search_term_string"}}],"inLanguage":"es"},{"@type":["Person","Organization"],"@id":"https:\/\/digital58.com.ve\/site\/#\/schema\/person\/64d1c2e4d0d4fd1b849980c4331c2951","name":"Villasmil Henry","image":{"@type":"ImageObject","inLanguage":"es","@id":"https:\/\/secure.gravatar.com\/avatar\/bb0c4a2fcb7970138239f7e404ea75757b1b507b28b5ce4c53fbd62d797c5a7c?s=96&d=mm&r=g","url":"https:\/\/secure.gravatar.com\/avatar\/bb0c4a2fcb7970138239f7e404ea75757b1b507b28b5ce4c53fbd62d797c5a7c?s=96&d=mm&r=g","contentUrl":"https:\/\/secure.gravatar.com\/avatar\/bb0c4a2fcb7970138239f7e404ea75757b1b507b28b5ce4c53fbd62d797c5a7c?s=96&d=mm&r=g","caption":"Villasmil Henry"},"logo":{"@id":"https:\/\/secure.gravatar.com\/avatar\/bb0c4a2fcb7970138239f7e404ea75757b1b507b28b5ce4c53fbd62d797c5a7c?s=96&d=mm&r=g"},"sameAs":["http:\/\/www.henryvillasmil.com.ve","https:\/\/www.instagram.com\/villasmilhfoto\/","https:\/\/x.com\/https:\/\/twitter.com\/villasmilhfoto"]},{"@type":"Person","@id":"https:\/\/digital58.com.ve\/site\/#\/schema\/person\/c61667ce6845137620ee3f0aaabade17","name":"Molero Luis","image":{"@type":"ImageObject","inLanguage":"es","@id":"https:\/\/secure.gravatar.com\/avatar\/bf041ec637e3e7405449807deb2f7cf3d2de7c6fa755dd56e985201de9863f2b?s=96&d=mm&r=g","url":"https:\/\/secure.gravatar.com\/avatar\/bf041ec637e3e7405449807deb2f7cf3d2de7c6fa755dd56e985201de9863f2b?s=96&d=mm&r=g","contentUrl":"https:\/\/secure.gravatar.com\/avatar\/bf041ec637e3e7405449807deb2f7cf3d2de7c6fa755dd56e985201de9863f2b?s=96&d=mm&r=g","caption":"Molero Luis"},"url":"https:\/\/digital58.com.ve\/site\/author\/luismolero\/"}]}},"uagb_featured_image_src":{"full":["https:\/\/digital58.com.ve\/site\/wp-content\/uploads\/2020\/06\/Luis-Fuenmayor.jpg",800,450,false],"thumbnail":["https:\/\/digital58.com.ve\/site\/wp-content\/uploads\/2020\/06\/Luis-Fuenmayor-150x150.jpg",150,150,true],"medium":["https:\/\/digital58.com.ve\/site\/wp-content\/uploads\/2020\/06\/Luis-Fuenmayor-300x169.jpg",300,169,true],"medium_large":["https:\/\/digital58.com.ve\/site\/wp-content\/uploads\/2020\/06\/Luis-Fuenmayor-768x432.jpg",768,432,true],"large":["https:\/\/digital58.com.ve\/site\/wp-content\/uploads\/2020\/06\/Luis-Fuenmayor.jpg",800,450,false],"1536x1536":["https:\/\/digital58.com.ve\/site\/wp-content\/uploads\/2020\/06\/Luis-Fuenmayor.jpg",800,450,false],"2048x2048":["https:\/\/digital58.com.ve\/site\/wp-content\/uploads\/2020\/06\/Luis-Fuenmayor.jpg",800,450,false],"colormag-highlighted-post":["https:\/\/digital58.com.ve\/site\/wp-content\/uploads\/2020\/06\/Luis-Fuenmayor.jpg",392,221,false],"colormag-featured-post-medium":["https:\/\/digital58.com.ve\/site\/wp-content\/uploads\/2020\/06\/Luis-Fuenmayor.jpg",364,205,false],"colormag-featured-post-small":["https:\/\/digital58.com.ve\/site\/wp-content\/uploads\/2020\/06\/Luis-Fuenmayor.jpg",130,73,false],"colormag-featured-image":["https:\/\/digital58.com.ve\/site\/wp-content\/uploads\/2020\/06\/Luis-Fuenmayor.jpg",791,445,false],"colormag-default-news":["https:\/\/digital58.com.ve\/site\/wp-content\/uploads\/2020\/06\/Luis-Fuenmayor.jpg",150,84,false],"colormag-featured-image-large":["https:\/\/digital58.com.ve\/site\/wp-content\/uploads\/2020\/06\/Luis-Fuenmayor.jpg",800,450,false]},"uagb_author_info":{"display_name":"Molero Luis","author_link":"https:\/\/digital58.com.ve\/site\/author\/luismolero\/"},"uagb_comment_info":0,"uagb_excerpt":"Luis Fuenmayor nuevo rector suplente del CNE estuvo privado de libertad en el a\u00f1o 2011 por abuso sexual\u00a0 contra su","_links":{"self":[{"href":"https:\/\/digital58.com.ve\/site\/wp-json\/wp\/v2\/posts\/106336","targetHints":{"allow":["GET"]}}],"collection":[{"href":"https:\/\/digital58.com.ve\/site\/wp-json\/wp\/v2\/posts"}],"about":[{"href":"https:\/\/digital58.com.ve\/site\/wp-json\/wp\/v2\/types\/post"}],"author":[{"embeddable":true,"href":"https:\/\/digital58.com.ve\/site\/wp-json\/wp\/v2\/users\/26"}],"replies":[{"embeddable":true,"href":"https:\/\/digital58.com.ve\/site\/wp-json\/wp\/v2\/comments?post=106336"}],"version-history":[{"count":0,"href":"https:\/\/digital58.com.ve\/site\/wp-json\/wp\/v2\/posts\/106336\/revisions"}],"wp:featuredmedia":[{"embeddable":true,"href":"https:\/\/digital58.com.ve\/site\/wp-json\/wp\/v2\/media\/106337"}],"wp:attachment":[{"href":"https:\/\/digital58.com.ve\/site\/wp-json\/wp\/v2\/media?parent=106336"}],"wp:term":[{"taxonomy":"category","embeddable":true,"href":"https:\/\/digital58.com.ve\/site\/wp-json\/wp\/v2\/categories?post=106336"},{"taxonomy":"post_tag","embeddable":true,"href":"https:\/\/digital58.com.ve\/site\/wp-json\/wp\/v2\/tags?post=106336"}],"curies":[{"name":"wp","href":"https:\/\/api.w.org\/{rel}","templated":true}]}}