{"id":106370,"date":"2020-06-13T11:58:52","date_gmt":"2020-06-13T15:58:52","guid":{"rendered":"https:\/\/digital58.com.ve\/site\/?p=106370"},"modified":"2020-06-13T11:58:52","modified_gmt":"2020-06-13T15:58:52","slug":"conozca-a-alex-saab-detenido-en-cabo-verde","status":"publish","type":"post","link":"https:\/\/digital58.com.ve\/site\/2020\/06\/13\/conozca-a-alex-saab-detenido-en-cabo-verde\/","title":{"rendered":"Conozca a Alex Saab detenido en Cabo Verde"},"content":{"rendered":"<p><img loading=\"lazy\" decoding=\"async\" class=\"aligncenter wp-image-106372 size-full\" src=\"https:\/\/digital58.com.ve\/site\/wp-content\/uploads\/2020\/06\/investigacion-colombia-contra-alex-saab-contratista-del-chavismo_253782.jpg\" alt=\"\" width=\"928\" height=\"618\" srcset=\"https:\/\/digital58.com.ve\/site\/wp-content\/uploads\/2020\/06\/investigacion-colombia-contra-alex-saab-contratista-del-chavismo_253782.jpg 928w, https:\/\/digital58.com.ve\/site\/wp-content\/uploads\/2020\/06\/investigacion-colombia-contra-alex-saab-contratista-del-chavismo_253782-300x200.jpg 300w, https:\/\/digital58.com.ve\/site\/wp-content\/uploads\/2020\/06\/investigacion-colombia-contra-alex-saab-contratista-del-chavismo_253782-768x511.jpg 768w, https:\/\/digital58.com.ve\/site\/wp-content\/uploads\/2020\/06\/investigacion-colombia-contra-alex-saab-contratista-del-chavismo_253782-720x480.jpg 720w, https:\/\/digital58.com.ve\/site\/wp-content\/uploads\/2020\/06\/investigacion-colombia-contra-alex-saab-contratista-del-chavismo_253782-480x320.jpg 480w\" sizes=\"auto, (max-width: 928px) 100vw, 928px\" \/><\/p>\n<p>Alex Saab es un empresario colombiano que fue detenido en Cabo Verde \u00c1frica en las \u00faltimas horas. Arm\u00f3 una red de lavado de activos que logr\u00f3 millonarios recursos por la exportaci\u00f3n ficticia de alimentos en Venezuela.<\/p>\n<p><strong>Maracaibo, Zulia, Venezuela 13 de junio de 2020 (ND58).-<\/strong>\u00a0\u00a0El empresario colombiano Alex Saab, detenido en las \u00faltimas horas en Cabo Verde, \u00c1frica, es acusado de ser el testaferro de Nicol\u00e1s Maduro, una funci\u00f3n que ejerc\u00eda a trav\u00e9s de Group Grand Limited (GGL), se\u00f1alada de vender al Gobierno \u00a0alimentos a precios subsidiados para distribuir en sectores populares del pa\u00eds.<\/p>\n<p>Por eso el empresario nacido en Barranquilla y de origen liban\u00e9s fue sancionado en julio de 2019 por el Departamento del Tesoro de Estados Unidos: todos sus bienes est\u00e1n congelados, as\u00ed como los inmuebles que pudiera tener en ese pa\u00eds.<\/p>\n<p>\u00abAlex Saab se comprometi\u00f3 con los informantes de Maduro a dirigir una red de corrupci\u00f3n a gran escala que utilizaron cruelmente para explotar a la poblaci\u00f3n hambrienta de Venezuela. El Departamento del Tesoro apunta a los que est\u00e1n detr\u00e1s de los sofisticados esquemas de corrupci\u00f3n de Maduro, as\u00ed como a la red global de compa\u00f1\u00edas ficticias que se benefician del programa de distribuci\u00f3n de alimentos controlado militarmente por el anterior r\u00e9gimen\u00bb, explic\u00f3 en ese entonces el secretario del Tesoro, Steven Mnuchin.<\/p>\n<p>Hace tres a\u00f1os Saab neg\u00f3 todas las acusaciones en su contra y los v\u00ednculos con Maduro.<\/p>\n<p>\u00abNo hago parte de la empresa vinculada a los alimentos. Y jam\u00e1s hemos dado regalos ni comisiones a ning\u00fan miembro del gobierno ni al presidente por ninguna de las obras o proyectos que hemos realizado\u00bb, dijo en entrevista para el diario colombiano El Tiempo.<\/p>\n<p><img loading=\"lazy\" decoding=\"async\" class=\"aligncenter wp-image-106371 size-large\" src=\"https:\/\/digital58.com.ve\/site\/wp-content\/uploads\/2020\/06\/alexsaab4-scaled-1-1500x844.jpg\" alt=\"\" width=\"1500\" height=\"844\" srcset=\"https:\/\/digital58.com.ve\/site\/wp-content\/uploads\/2020\/06\/alexsaab4-scaled-1-1500x844.jpg 1500w, https:\/\/digital58.com.ve\/site\/wp-content\/uploads\/2020\/06\/alexsaab4-scaled-1-300x169.jpg 300w, https:\/\/digital58.com.ve\/site\/wp-content\/uploads\/2020\/06\/alexsaab4-scaled-1-768x432.jpg 768w, https:\/\/digital58.com.ve\/site\/wp-content\/uploads\/2020\/06\/alexsaab4-scaled-1-1536x864.jpg 1536w, https:\/\/digital58.com.ve\/site\/wp-content\/uploads\/2020\/06\/alexsaab4-scaled-1-2048x1152.jpg 2048w, https:\/\/digital58.com.ve\/site\/wp-content\/uploads\/2020\/06\/alexsaab4-scaled-1.jpg 800w\" sizes=\"auto, (max-width: 1500px) 100vw, 1500px\" \/><\/p>\n<p>\u00abTrabajo desde los 18 a\u00f1os, comenc\u00e9 vendiendo art\u00edculos publicitarios a las m\u00e1s grandes empresas de Colombia y a los 19 inici\u00e9 mi propia f\u00e1brica de dise\u00f1o y confecci\u00f3n de prendas de vestir. A los 22 a\u00f1os ya generaba 2.000 empleos. Tambi\u00e9n exportaba mucho a Venezuela, Estados Unidos y M\u00e9xico, entre otros. La actividad comercial la alternaba con la construcci\u00f3n de viviendas y edificios\u00bb, explic\u00f3 sobre c\u00f3mo hab\u00eda acumulado su fortuna.<\/p>\n<p>Pero dos a\u00f1os despu\u00e9s se destap\u00f3 su red de corrupci\u00f3n con los CLAP y fueron desenmascaradas sus declaraciones.<\/p>\n<p>Esta misma semana la Fiscal\u00eda General de Colombia embarg\u00f3 las propiedades de Saab en Barranquilla, valoradas en m\u00e1s de 9 millones de d\u00f3lares. Entre los bienes se encuentran una mansi\u00f3n valorada en 7,7 millones de d\u00f3lares, una casa, un apartamento y tres garajes.<\/p>\n<p>La Fiscal\u00eda colombiana explic\u00f3 que estas posesiones ser\u00edan parte del patrimonio il\u00edcito que constituy\u00f3 el empresario a trav\u00e9s de operaciones financieras irregulares.<\/p>\n<p>Se constat\u00f3, indic\u00f3 el organismo, que los bienes est\u00e1n a nombre de una sociedad que habr\u00eda servido de fachada para ocultar el dinero obtenido por Saab a trav\u00e9s de una empresa con la que realiz\u00f3 importaciones y exportaciones ficticias que representaron p\u00e9rdidas para el gobierno de Colombia.<\/p><div class=\"uberz69f4a233ec3d4\" ><p style=\"text-align: center;\"><a href=\"https:\/\/t.me\/noticiasdigital58\" target=\"_blank\" rel=\"noopener\"><img class=\"aligncenter size-full wp-image-125363\" src=\"https:\/\/digital58.com.ve\/site\/wp-content\/uploads\/2021\/04\/banner-telegram-web-2021.png\" alt=\"\" width=\"600\" height=\"90\" \/><\/a><\/p><\/div><style type=\"text\/css\">\r\n@media screen and (min-width: 1201px) {\r\n.uberz69f4a233ec3d4 {\r\ndisplay: block;\r\n}\r\n}\r\n@media screen and (min-width: 993px) and (max-width: 1200px) {\r\n.uberz69f4a233ec3d4 {\r\ndisplay: block;\r\n}\r\n}\r\n@media screen and (min-width: 769px) and (max-width: 992px) {\r\n.uberz69f4a233ec3d4 {\r\ndisplay: block;\r\n}\r\n}\r\n@media screen and (min-width: 768px) and (max-width: 768px) {\r\n.uberz69f4a233ec3d4 {\r\ndisplay: block;\r\n}\r\n}\r\n@media screen and (max-width: 767px) {\r\n.uberz69f4a233ec3d4 {\r\ndisplay: block;\r\n}\r\n}\r\n<\/style>\r\n\n<p><strong>Redacci\u00f3n: Molero, Luis\u00a0 (@Moleromarquez) | Fuente: Agencias<\/strong><br \/>\n<strong>Edici\u00f3n: Villasmil, Henry<\/strong><br \/>\n<strong>Gr\u00e1ficas: Cortes\u00eda<\/strong><\/p>\n<div style=\"margin-top: 0px; margin-bottom: 0px;\" class=\"sharethis-inline-share-buttons\" ><\/div>","protected":false},"excerpt":{"rendered":"<p>Alex Saab es un empresario colombiano que fue detenido en Cabo Verde \u00c1frica en las \u00faltimas horas. Arm\u00f3 una red<\/p>\n","protected":false},"author":26,"featured_media":106371,"comment_status":"open","ping_status":"closed","sticky":false,"template":"","format":"standard","meta":{"colormag_page_container_layout":"default_layout","colormag_page_sidebar_layout":"default_layout","_uag_custom_page_level_css":"","footnotes":""},"categories":[8608],"tags":[15997,15999,13872,8],"class_list":["post-106370","post","type-post","status-publish","format-standard","has-post-thumbnail","hentry","category-reportajes-especiales","tag-alex-saab","tag-cabo-verde","tag-detenido","tag-internacionales"],"yoast_head":"<!-- This site is optimized with the Yoast SEO plugin v27.5 - https:\/\/yoast.com\/product\/yoast-seo-wordpress\/ -->\n<title>Conozca a Alex Saab detenido en Cabo Verde<\/title>\n<meta name=\"robots\" content=\"index, follow, max-snippet:-1, max-image-preview:large, max-video-preview:-1\" \/>\n<link rel=\"canonical\" href=\"https:\/\/digital58.com.ve\/site\/2020\/06\/13\/conozca-a-alex-saab-detenido-en-cabo-verde\/\" \/>\n<meta property=\"og:locale\" content=\"es_ES\" \/>\n<meta property=\"og:type\" content=\"article\" \/>\n<meta property=\"og:title\" content=\"Conozca a Alex Saab detenido en Cabo Verde\" \/>\n<meta property=\"og:url\" content=\"https:\/\/digital58.com.ve\/site\/2020\/06\/13\/conozca-a-alex-saab-detenido-en-cabo-verde\/\" \/>\n<meta property=\"og:site_name\" content=\"Noticias Digital58\" \/>\n<meta property=\"article:published_time\" content=\"2020-06-13T15:58:52+00:00\" \/>\n<meta property=\"og:image\" content=\"https:\/\/digital58.com.ve\/site\/wp-content\/uploads\/2020\/06\/alexsaab4-scaled-1.jpg\" \/>\n\t<meta property=\"og:image:width\" content=\"2560\" \/>\n\t<meta property=\"og:image:height\" content=\"1440\" \/>\n\t<meta property=\"og:image:type\" content=\"image\/jpeg\" \/>\n<meta name=\"author\" content=\"Molero Luis\" \/>\n<meta name=\"twitter:card\" content=\"summary_large_image\" \/>\n<meta name=\"twitter:creator\" content=\"@Digital_58\" \/>\n<meta name=\"twitter:site\" content=\"@villasmilhfoto\" \/>\n<meta name=\"twitter:label1\" content=\"Escrito por\" \/>\n\t<meta name=\"twitter:data1\" content=\"Molero Luis\" \/>\n\t<meta name=\"twitter:label2\" content=\"Tiempo estimado de lectura\" \/>\n\t<meta name=\"twitter:data2\" content=\"3 minutos\" \/>\n<script type=\"application\/ld+json\" class=\"yoast-schema-graph\">{\"@context\":\"https:\\\/\\\/schema.org\",\"@graph\":[{\"@type\":\"Article\",\"@id\":\"https:\\\/\\\/digital58.com.ve\\\/site\\\/2020\\\/06\\\/13\\\/conozca-a-alex-saab-detenido-en-cabo-verde\\\/#article\",\"isPartOf\":{\"@id\":\"https:\\\/\\\/digital58.com.ve\\\/site\\\/2020\\\/06\\\/13\\\/conozca-a-alex-saab-detenido-en-cabo-verde\\\/\"},\"author\":{\"name\":\"Molero Luis\",\"@id\":\"https:\\\/\\\/digital58.com.ve\\\/site\\\/#\\\/schema\\\/person\\\/c61667ce6845137620ee3f0aaabade17\"},\"headline\":\"Conozca a Alex Saab detenido en Cabo Verde\",\"datePublished\":\"2020-06-13T15:58:52+00:00\",\"mainEntityOfPage\":{\"@id\":\"https:\\\/\\\/digital58.com.ve\\\/site\\\/2020\\\/06\\\/13\\\/conozca-a-alex-saab-detenido-en-cabo-verde\\\/\"},\"wordCount\":541,\"commentCount\":0,\"publisher\":{\"@id\":\"https:\\\/\\\/digital58.com.ve\\\/site\\\/#\\\/schema\\\/person\\\/64d1c2e4d0d4fd1b849980c4331c2951\"},\"image\":{\"@id\":\"https:\\\/\\\/digital58.com.ve\\\/site\\\/2020\\\/06\\\/13\\\/conozca-a-alex-saab-detenido-en-cabo-verde\\\/#primaryimage\"},\"thumbnailUrl\":\"https:\\\/\\\/digital58.com.ve\\\/site\\\/wp-content\\\/uploads\\\/2020\\\/06\\\/alexsaab4-scaled-1.jpg\",\"keywords\":[\"Alex Saab\",\"Cabo Verde\",\"Detenido\",\"Internacionales\"],\"articleSection\":[\"Reportajes Especiales\"],\"inLanguage\":\"es\",\"potentialAction\":[{\"@type\":\"CommentAction\",\"name\":\"Comment\",\"target\":[\"https:\\\/\\\/digital58.com.ve\\\/site\\\/2020\\\/06\\\/13\\\/conozca-a-alex-saab-detenido-en-cabo-verde\\\/#respond\"]}]},{\"@type\":\"WebPage\",\"@id\":\"https:\\\/\\\/digital58.com.ve\\\/site\\\/2020\\\/06\\\/13\\\/conozca-a-alex-saab-detenido-en-cabo-verde\\\/\",\"url\":\"https:\\\/\\\/digital58.com.ve\\\/site\\\/2020\\\/06\\\/13\\\/conozca-a-alex-saab-detenido-en-cabo-verde\\\/\",\"name\":\"Conozca a Alex Saab detenido en Cabo Verde\",\"isPartOf\":{\"@id\":\"https:\\\/\\\/digital58.com.ve\\\/site\\\/#website\"},\"primaryImageOfPage\":{\"@id\":\"https:\\\/\\\/digital58.com.ve\\\/site\\\/2020\\\/06\\\/13\\\/conozca-a-alex-saab-detenido-en-cabo-verde\\\/#primaryimage\"},\"image\":{\"@id\":\"https:\\\/\\\/digital58.com.ve\\\/site\\\/2020\\\/06\\\/13\\\/conozca-a-alex-saab-detenido-en-cabo-verde\\\/#primaryimage\"},\"thumbnailUrl\":\"https:\\\/\\\/digital58.com.ve\\\/site\\\/wp-content\\\/uploads\\\/2020\\\/06\\\/alexsaab4-scaled-1.jpg\",\"datePublished\":\"2020-06-13T15:58:52+00:00\",\"breadcrumb\":{\"@id\":\"https:\\\/\\\/digital58.com.ve\\\/site\\\/2020\\\/06\\\/13\\\/conozca-a-alex-saab-detenido-en-cabo-verde\\\/#breadcrumb\"},\"inLanguage\":\"es\",\"potentialAction\":[{\"@type\":\"ReadAction\",\"target\":[\"https:\\\/\\\/digital58.com.ve\\\/site\\\/2020\\\/06\\\/13\\\/conozca-a-alex-saab-detenido-en-cabo-verde\\\/\"]}]},{\"@type\":\"ImageObject\",\"inLanguage\":\"es\",\"@id\":\"https:\\\/\\\/digital58.com.ve\\\/site\\\/2020\\\/06\\\/13\\\/conozca-a-alex-saab-detenido-en-cabo-verde\\\/#primaryimage\",\"url\":\"https:\\\/\\\/digital58.com.ve\\\/site\\\/wp-content\\\/uploads\\\/2020\\\/06\\\/alexsaab4-scaled-1.jpg\",\"contentUrl\":\"https:\\\/\\\/digital58.com.ve\\\/site\\\/wp-content\\\/uploads\\\/2020\\\/06\\\/alexsaab4-scaled-1.jpg\",\"width\":800,\"height\":450},{\"@type\":\"BreadcrumbList\",\"@id\":\"https:\\\/\\\/digital58.com.ve\\\/site\\\/2020\\\/06\\\/13\\\/conozca-a-alex-saab-detenido-en-cabo-verde\\\/#breadcrumb\",\"itemListElement\":[{\"@type\":\"ListItem\",\"position\":1,\"name\":\"Home\",\"item\":\"https:\\\/\\\/digital58.com.ve\\\/site\\\/\"},{\"@type\":\"ListItem\",\"position\":2,\"name\":\"Conozca a Alex Saab detenido en Cabo Verde\"}]},{\"@type\":\"WebSite\",\"@id\":\"https:\\\/\\\/digital58.com.ve\\\/site\\\/#website\",\"url\":\"https:\\\/\\\/digital58.com.ve\\\/site\\\/\",\"name\":\"Noticias Digital58\",\"description\":\"Portal de Noticias \u00a1Periodismo web de verdad! Lanzamiento web 22.11.2005 \\\/ Maracaibo, Venezuela\",\"publisher\":{\"@id\":\"https:\\\/\\\/digital58.com.ve\\\/site\\\/#\\\/schema\\\/person\\\/64d1c2e4d0d4fd1b849980c4331c2951\"},\"alternateName\":\"ND58\",\"potentialAction\":[{\"@type\":\"SearchAction\",\"target\":{\"@type\":\"EntryPoint\",\"urlTemplate\":\"https:\\\/\\\/digital58.com.ve\\\/site\\\/?s={search_term_string}\"},\"query-input\":{\"@type\":\"PropertyValueSpecification\",\"valueRequired\":true,\"valueName\":\"search_term_string\"}}],\"inLanguage\":\"es\"},{\"@type\":[\"Person\",\"Organization\"],\"@id\":\"https:\\\/\\\/digital58.com.ve\\\/site\\\/#\\\/schema\\\/person\\\/64d1c2e4d0d4fd1b849980c4331c2951\",\"name\":\"Villasmil Henry\",\"image\":{\"@type\":\"ImageObject\",\"inLanguage\":\"es\",\"@id\":\"https:\\\/\\\/secure.gravatar.com\\\/avatar\\\/bb0c4a2fcb7970138239f7e404ea75757b1b507b28b5ce4c53fbd62d797c5a7c?s=96&d=mm&r=g\",\"url\":\"https:\\\/\\\/secure.gravatar.com\\\/avatar\\\/bb0c4a2fcb7970138239f7e404ea75757b1b507b28b5ce4c53fbd62d797c5a7c?s=96&d=mm&r=g\",\"contentUrl\":\"https:\\\/\\\/secure.gravatar.com\\\/avatar\\\/bb0c4a2fcb7970138239f7e404ea75757b1b507b28b5ce4c53fbd62d797c5a7c?s=96&d=mm&r=g\",\"caption\":\"Villasmil Henry\"},\"logo\":{\"@id\":\"https:\\\/\\\/secure.gravatar.com\\\/avatar\\\/bb0c4a2fcb7970138239f7e404ea75757b1b507b28b5ce4c53fbd62d797c5a7c?s=96&d=mm&r=g\"},\"sameAs\":[\"http:\\\/\\\/www.henryvillasmil.com.ve\",\"https:\\\/\\\/www.instagram.com\\\/villasmilhfoto\\\/\",\"https:\\\/\\\/x.com\\\/https:\\\/\\\/twitter.com\\\/villasmilhfoto\"]},{\"@type\":\"Person\",\"@id\":\"https:\\\/\\\/digital58.com.ve\\\/site\\\/#\\\/schema\\\/person\\\/c61667ce6845137620ee3f0aaabade17\",\"name\":\"Molero Luis\",\"image\":{\"@type\":\"ImageObject\",\"inLanguage\":\"es\",\"@id\":\"https:\\\/\\\/secure.gravatar.com\\\/avatar\\\/bf041ec637e3e7405449807deb2f7cf3d2de7c6fa755dd56e985201de9863f2b?s=96&d=mm&r=g\",\"url\":\"https:\\\/\\\/secure.gravatar.com\\\/avatar\\\/bf041ec637e3e7405449807deb2f7cf3d2de7c6fa755dd56e985201de9863f2b?s=96&d=mm&r=g\",\"contentUrl\":\"https:\\\/\\\/secure.gravatar.com\\\/avatar\\\/bf041ec637e3e7405449807deb2f7cf3d2de7c6fa755dd56e985201de9863f2b?s=96&d=mm&r=g\",\"caption\":\"Molero Luis\"},\"url\":\"https:\\\/\\\/digital58.com.ve\\\/site\\\/author\\\/luismolero\\\/\"}]}<\/script>\n<!-- \/ Yoast SEO plugin. -->","yoast_head_json":{"title":"Conozca a Alex Saab detenido en Cabo Verde","robots":{"index":"index","follow":"follow","max-snippet":"max-snippet:-1","max-image-preview":"max-image-preview:large","max-video-preview":"max-video-preview:-1"},"canonical":"https:\/\/digital58.com.ve\/site\/2020\/06\/13\/conozca-a-alex-saab-detenido-en-cabo-verde\/","og_locale":"es_ES","og_type":"article","og_title":"Conozca a Alex Saab detenido en Cabo Verde","og_url":"https:\/\/digital58.com.ve\/site\/2020\/06\/13\/conozca-a-alex-saab-detenido-en-cabo-verde\/","og_site_name":"Noticias Digital58","article_published_time":"2020-06-13T15:58:52+00:00","og_image":[{"width":2560,"height":1440,"url":"https:\/\/digital58.com.ve\/site\/wp-content\/uploads\/2020\/06\/alexsaab4-scaled-1.jpg","type":"image\/jpeg"}],"author":"Molero Luis","twitter_card":"summary_large_image","twitter_creator":"@Digital_58","twitter_site":"@villasmilhfoto","twitter_misc":{"Escrito por":"Molero Luis","Tiempo estimado de lectura":"3 minutos"},"schema":{"@context":"https:\/\/schema.org","@graph":[{"@type":"Article","@id":"https:\/\/digital58.com.ve\/site\/2020\/06\/13\/conozca-a-alex-saab-detenido-en-cabo-verde\/#article","isPartOf":{"@id":"https:\/\/digital58.com.ve\/site\/2020\/06\/13\/conozca-a-alex-saab-detenido-en-cabo-verde\/"},"author":{"name":"Molero Luis","@id":"https:\/\/digital58.com.ve\/site\/#\/schema\/person\/c61667ce6845137620ee3f0aaabade17"},"headline":"Conozca a Alex Saab detenido en Cabo Verde","datePublished":"2020-06-13T15:58:52+00:00","mainEntityOfPage":{"@id":"https:\/\/digital58.com.ve\/site\/2020\/06\/13\/conozca-a-alex-saab-detenido-en-cabo-verde\/"},"wordCount":541,"commentCount":0,"publisher":{"@id":"https:\/\/digital58.com.ve\/site\/#\/schema\/person\/64d1c2e4d0d4fd1b849980c4331c2951"},"image":{"@id":"https:\/\/digital58.com.ve\/site\/2020\/06\/13\/conozca-a-alex-saab-detenido-en-cabo-verde\/#primaryimage"},"thumbnailUrl":"https:\/\/digital58.com.ve\/site\/wp-content\/uploads\/2020\/06\/alexsaab4-scaled-1.jpg","keywords":["Alex Saab","Cabo Verde","Detenido","Internacionales"],"articleSection":["Reportajes Especiales"],"inLanguage":"es","potentialAction":[{"@type":"CommentAction","name":"Comment","target":["https:\/\/digital58.com.ve\/site\/2020\/06\/13\/conozca-a-alex-saab-detenido-en-cabo-verde\/#respond"]}]},{"@type":"WebPage","@id":"https:\/\/digital58.com.ve\/site\/2020\/06\/13\/conozca-a-alex-saab-detenido-en-cabo-verde\/","url":"https:\/\/digital58.com.ve\/site\/2020\/06\/13\/conozca-a-alex-saab-detenido-en-cabo-verde\/","name":"Conozca a Alex Saab detenido en Cabo Verde","isPartOf":{"@id":"https:\/\/digital58.com.ve\/site\/#website"},"primaryImageOfPage":{"@id":"https:\/\/digital58.com.ve\/site\/2020\/06\/13\/conozca-a-alex-saab-detenido-en-cabo-verde\/#primaryimage"},"image":{"@id":"https:\/\/digital58.com.ve\/site\/2020\/06\/13\/conozca-a-alex-saab-detenido-en-cabo-verde\/#primaryimage"},"thumbnailUrl":"https:\/\/digital58.com.ve\/site\/wp-content\/uploads\/2020\/06\/alexsaab4-scaled-1.jpg","datePublished":"2020-06-13T15:58:52+00:00","breadcrumb":{"@id":"https:\/\/digital58.com.ve\/site\/2020\/06\/13\/conozca-a-alex-saab-detenido-en-cabo-verde\/#breadcrumb"},"inLanguage":"es","potentialAction":[{"@type":"ReadAction","target":["https:\/\/digital58.com.ve\/site\/2020\/06\/13\/conozca-a-alex-saab-detenido-en-cabo-verde\/"]}]},{"@type":"ImageObject","inLanguage":"es","@id":"https:\/\/digital58.com.ve\/site\/2020\/06\/13\/conozca-a-alex-saab-detenido-en-cabo-verde\/#primaryimage","url":"https:\/\/digital58.com.ve\/site\/wp-content\/uploads\/2020\/06\/alexsaab4-scaled-1.jpg","contentUrl":"https:\/\/digital58.com.ve\/site\/wp-content\/uploads\/2020\/06\/alexsaab4-scaled-1.jpg","width":800,"height":450},{"@type":"BreadcrumbList","@id":"https:\/\/digital58.com.ve\/site\/2020\/06\/13\/conozca-a-alex-saab-detenido-en-cabo-verde\/#breadcrumb","itemListElement":[{"@type":"ListItem","position":1,"name":"Home","item":"https:\/\/digital58.com.ve\/site\/"},{"@type":"ListItem","position":2,"name":"Conozca a Alex Saab detenido en Cabo Verde"}]},{"@type":"WebSite","@id":"https:\/\/digital58.com.ve\/site\/#website","url":"https:\/\/digital58.com.ve\/site\/","name":"Noticias Digital58","description":"Portal de Noticias \u00a1Periodismo web de verdad! Lanzamiento web 22.11.2005 \/ Maracaibo, Venezuela","publisher":{"@id":"https:\/\/digital58.com.ve\/site\/#\/schema\/person\/64d1c2e4d0d4fd1b849980c4331c2951"},"alternateName":"ND58","potentialAction":[{"@type":"SearchAction","target":{"@type":"EntryPoint","urlTemplate":"https:\/\/digital58.com.ve\/site\/?s={search_term_string}"},"query-input":{"@type":"PropertyValueSpecification","valueRequired":true,"valueName":"search_term_string"}}],"inLanguage":"es"},{"@type":["Person","Organization"],"@id":"https:\/\/digital58.com.ve\/site\/#\/schema\/person\/64d1c2e4d0d4fd1b849980c4331c2951","name":"Villasmil Henry","image":{"@type":"ImageObject","inLanguage":"es","@id":"https:\/\/secure.gravatar.com\/avatar\/bb0c4a2fcb7970138239f7e404ea75757b1b507b28b5ce4c53fbd62d797c5a7c?s=96&d=mm&r=g","url":"https:\/\/secure.gravatar.com\/avatar\/bb0c4a2fcb7970138239f7e404ea75757b1b507b28b5ce4c53fbd62d797c5a7c?s=96&d=mm&r=g","contentUrl":"https:\/\/secure.gravatar.com\/avatar\/bb0c4a2fcb7970138239f7e404ea75757b1b507b28b5ce4c53fbd62d797c5a7c?s=96&d=mm&r=g","caption":"Villasmil Henry"},"logo":{"@id":"https:\/\/secure.gravatar.com\/avatar\/bb0c4a2fcb7970138239f7e404ea75757b1b507b28b5ce4c53fbd62d797c5a7c?s=96&d=mm&r=g"},"sameAs":["http:\/\/www.henryvillasmil.com.ve","https:\/\/www.instagram.com\/villasmilhfoto\/","https:\/\/x.com\/https:\/\/twitter.com\/villasmilhfoto"]},{"@type":"Person","@id":"https:\/\/digital58.com.ve\/site\/#\/schema\/person\/c61667ce6845137620ee3f0aaabade17","name":"Molero Luis","image":{"@type":"ImageObject","inLanguage":"es","@id":"https:\/\/secure.gravatar.com\/avatar\/bf041ec637e3e7405449807deb2f7cf3d2de7c6fa755dd56e985201de9863f2b?s=96&d=mm&r=g","url":"https:\/\/secure.gravatar.com\/avatar\/bf041ec637e3e7405449807deb2f7cf3d2de7c6fa755dd56e985201de9863f2b?s=96&d=mm&r=g","contentUrl":"https:\/\/secure.gravatar.com\/avatar\/bf041ec637e3e7405449807deb2f7cf3d2de7c6fa755dd56e985201de9863f2b?s=96&d=mm&r=g","caption":"Molero Luis"},"url":"https:\/\/digital58.com.ve\/site\/author\/luismolero\/"}]}},"uagb_featured_image_src":{"full":["https:\/\/digital58.com.ve\/site\/wp-content\/uploads\/2020\/06\/alexsaab4-scaled-1.jpg",800,450,false],"thumbnail":["https:\/\/digital58.com.ve\/site\/wp-content\/uploads\/2020\/06\/alexsaab4-scaled-1-150x150.jpg",150,150,true],"medium":["https:\/\/digital58.com.ve\/site\/wp-content\/uploads\/2020\/06\/alexsaab4-scaled-1-300x169.jpg",300,169,true],"medium_large":["https:\/\/digital58.com.ve\/site\/wp-content\/uploads\/2020\/06\/alexsaab4-scaled-1-768x432.jpg",768,432,true],"large":["https:\/\/digital58.com.ve\/site\/wp-content\/uploads\/2020\/06\/alexsaab4-scaled-1-1500x844.jpg",800,450,true],"1536x1536":["https:\/\/digital58.com.ve\/site\/wp-content\/uploads\/2020\/06\/alexsaab4-scaled-1-1536x864.jpg",1536,864,true],"2048x2048":["https:\/\/digital58.com.ve\/site\/wp-content\/uploads\/2020\/06\/alexsaab4-scaled-1-2048x1152.jpg",2048,1152,true],"colormag-highlighted-post":["https:\/\/digital58.com.ve\/site\/wp-content\/uploads\/2020\/06\/alexsaab4-scaled-1.jpg",392,221,false],"colormag-featured-post-medium":["https:\/\/digital58.com.ve\/site\/wp-content\/uploads\/2020\/06\/alexsaab4-scaled-1.jpg",364,205,false],"colormag-featured-post-small":["https:\/\/digital58.com.ve\/site\/wp-content\/uploads\/2020\/06\/alexsaab4-scaled-1.jpg",130,73,false],"colormag-featured-image":["https:\/\/digital58.com.ve\/site\/wp-content\/uploads\/2020\/06\/alexsaab4-scaled-1.jpg",791,445,false],"colormag-default-news":["https:\/\/digital58.com.ve\/site\/wp-content\/uploads\/2020\/06\/alexsaab4-scaled-1.jpg",150,84,false],"colormag-featured-image-large":["https:\/\/digital58.com.ve\/site\/wp-content\/uploads\/2020\/06\/alexsaab4-scaled-1.jpg",800,450,false]},"uagb_author_info":{"display_name":"Molero Luis","author_link":"https:\/\/digital58.com.ve\/site\/author\/luismolero\/"},"uagb_comment_info":0,"uagb_excerpt":"Alex Saab es un empresario colombiano que fue detenido en Cabo Verde \u00c1frica en las \u00faltimas horas. Arm\u00f3 una red","_links":{"self":[{"href":"https:\/\/digital58.com.ve\/site\/wp-json\/wp\/v2\/posts\/106370","targetHints":{"allow":["GET"]}}],"collection":[{"href":"https:\/\/digital58.com.ve\/site\/wp-json\/wp\/v2\/posts"}],"about":[{"href":"https:\/\/digital58.com.ve\/site\/wp-json\/wp\/v2\/types\/post"}],"author":[{"embeddable":true,"href":"https:\/\/digital58.com.ve\/site\/wp-json\/wp\/v2\/users\/26"}],"replies":[{"embeddable":true,"href":"https:\/\/digital58.com.ve\/site\/wp-json\/wp\/v2\/comments?post=106370"}],"version-history":[{"count":0,"href":"https:\/\/digital58.com.ve\/site\/wp-json\/wp\/v2\/posts\/106370\/revisions"}],"wp:featuredmedia":[{"embeddable":true,"href":"https:\/\/digital58.com.ve\/site\/wp-json\/wp\/v2\/media\/106371"}],"wp:attachment":[{"href":"https:\/\/digital58.com.ve\/site\/wp-json\/wp\/v2\/media?parent=106370"}],"wp:term":[{"taxonomy":"category","embeddable":true,"href":"https:\/\/digital58.com.ve\/site\/wp-json\/wp\/v2\/categories?post=106370"},{"taxonomy":"post_tag","embeddable":true,"href":"https:\/\/digital58.com.ve\/site\/wp-json\/wp\/v2\/tags?post=106370"}],"curies":[{"name":"wp","href":"https:\/\/api.w.org\/{rel}","templated":true}]}}