{"id":106469,"date":"2020-06-13T18:54:25","date_gmt":"2020-06-13T22:54:25","guid":{"rendered":"https:\/\/digital58.com.ve\/site\/?p=106469"},"modified":"2020-06-13T19:20:06","modified_gmt":"2020-06-13T23:20:06","slug":"un-fallecido-y-25-nuevos-casos-covid-19-en-las-ultimas-24-horas-en-venezuela","status":"publish","type":"post","link":"https:\/\/digital58.com.ve\/site\/2020\/06\/13\/un-fallecido-y-25-nuevos-casos-covid-19-en-las-ultimas-24-horas-en-venezuela\/","title":{"rendered":"Un fallecido y 25 nuevos casos COVID-19 en las \u00faltimas 24 horas en Venezuela"},"content":{"rendered":"<p><img loading=\"lazy\" decoding=\"async\" class=\"aligncenter wp-image-106471 size-full\" src=\"https:\/\/digital58.com.ve\/site\/wp-content\/uploads\/2020\/06\/UCVJDPCDOJAD3GWRJJH7KCDSTQ.jpg\" alt=\"\" width=\"482\" height=\"290\" srcset=\"https:\/\/digital58.com.ve\/site\/wp-content\/uploads\/2020\/06\/UCVJDPCDOJAD3GWRJJH7KCDSTQ.jpg 482w, https:\/\/digital58.com.ve\/site\/wp-content\/uploads\/2020\/06\/UCVJDPCDOJAD3GWRJJH7KCDSTQ-300x180.jpg 300w, https:\/\/digital58.com.ve\/site\/wp-content\/uploads\/2020\/06\/UCVJDPCDOJAD3GWRJJH7KCDSTQ-480x290.jpg 480w\" sizes=\"auto, (max-width: 482px) 100vw, 482px\" \/><\/p>\n<p>25 nuevos casos de COVID-19 anunci\u00f3 este s\u00e1bado el presidente Nicol\u00e1s Maduro desde el Palacio de Miraflores. 19 de los nuevos casos son importados, dos son de contacto internacional, seis casos por transmisi\u00f3n comunitaria. La cifra total de casos se eleva a 2904. La cifra de fallecidos aumenta a 24.<\/p>\n<p><strong>Maracaibo, Zulia, Venezuela, 13 de junio\u00a0 de 2020 (ND58).-<\/strong> Los casos por trasmisi\u00f3n comunitaria\u00a0 est\u00e1n distribuidos, dos en el Distrito Capital, uno en el estado M\u00e9rida, dos en Amazonas y un caso en el Estado Zulia<\/p>\n<p>De los casos comunitarios hay cuatros\u00a0 mujeres y dos hombres. El n\u00famero de fallecidos aumenta a 24.<\/p>\n<p>A\u00f1adi\u00f3 que de los casos importados 16 provienen desde Colombia, 1 Ecuador y dos son por contacto con viajero internacional de connacional contagiado en suelo neogranadino.<\/p>\n<p><a href=\"https:\/\/digital58.com.ve\/site\/wp-content\/uploads\/2020\/06\/conteo-13.jpg\"><img loading=\"lazy\" decoding=\"async\" class=\"aligncenter wp-image-106477\" src=\"https:\/\/digital58.com.ve\/site\/wp-content\/uploads\/2020\/06\/conteo-13-819x1024.jpg\" alt=\"\" width=\"600\" height=\"750\" srcset=\"https:\/\/digital58.com.ve\/site\/wp-content\/uploads\/2020\/06\/conteo-13-819x1024.jpg 819w, https:\/\/digital58.com.ve\/site\/wp-content\/uploads\/2020\/06\/conteo-13-240x300.jpg 240w, https:\/\/digital58.com.ve\/site\/wp-content\/uploads\/2020\/06\/conteo-13-768x960.jpg 768w, https:\/\/digital58.com.ve\/site\/wp-content\/uploads\/2020\/06\/conteo-13.jpg 480w\" sizes=\"auto, (max-width: 600px) 100vw, 600px\" \/><\/a><\/p>\n<p>Rodr\u00edguez a\u00f1adi\u00f3 que desde la instalaci\u00f3n de los Puntos de Atenci\u00f3n Social Integral (PASI) han ingresado al pa\u00eds 58.200 connacionales, de los cuales solo de Colombia han llegado contagiado un total de 1.538 venezolanos.<\/p>\n<p>El deceso se trata de un se\u00f1or de 74 a\u00f1os, residente de Pampanito, estado Trujillo, que inici\u00f3 s\u00edntomas el pasado 01 de junio, present\u00f3 una neumon\u00eda bilateral y una insuficiencia aguda grave que le hizo perder la vida.<\/p>\n<p><strong>Detalle de los casos comunitarios registrados en las \u00faltimas 24 horas:<\/strong><\/p>\n<ul style=\"list-style-type: disc;\">\n<li>Femenina de 30 a\u00f1os de edad, residente parroquia Altagracia, municipio Libertador del Distrito Capital. Operadora de m\u00e1quina de un canal de TV. Est\u00e1 asintom\u00e1tica e ingresada en un hospital centinela.<\/li>\n<li>Masculino 71 a\u00f1os de edad, residente parroquia Ant\u00edmano, municipio Libertador del Distrito Capital. Conductor de un hospital p\u00fablico.<\/li>\n<li>Femenina, 20 a\u00f1os de edad, residente del municipio Atures, estado Apure. Trabaja en Protecci\u00f3n Civil. Est\u00e1 ingresada en un hospital centinela.<\/li>\n<li>Femenina, 73 a\u00f1os de edad, residente del estado Falc\u00f3n, con contacto con vecino que transporta mercancia desde el Mercado Las Pulgas de Maracaibo. Est\u00e1 en condici\u00f3n cr\u00edtica e ingresada en UCI.<\/li>\n<li>Masculino de 60 a\u00f1os de edad, residente del estado M\u00e9rida. Leve, CDI<\/li>\n<li>Femenina, 22 a\u00f1os de edad, municipio San Francisco del estado Zulia. Voluntaria de la juventud. Hospital centinela.<\/li>\n<\/ul>\n<p><strong>Redacci\u00f3n: Molero, Luis\u00a0 (@Moleromarquez)\u00a0 | Fuente: VTV<\/strong><br \/>\n<strong>Edici\u00f3n: Villasmil, Henry<\/strong><br \/>\n<strong>Gr\u00e1ficas: Cortes\u00eda<\/strong><\/p><div class=\"dxwoc69f10dc56ec82\" ><p style=\"text-align: center;\"><a href=\"https:\/\/t.me\/noticiasdigital58\" target=\"_blank\" rel=\"noopener\"><img class=\"aligncenter size-full wp-image-125363\" src=\"https:\/\/digital58.com.ve\/site\/wp-content\/uploads\/2021\/04\/banner-telegram-web-2021.png\" alt=\"\" width=\"600\" height=\"90\" \/><\/a><\/p><\/div><style type=\"text\/css\">\r\n@media screen and (min-width: 1201px) {\r\n.dxwoc69f10dc56ec82 {\r\ndisplay: block;\r\n}\r\n}\r\n@media screen and (min-width: 993px) and (max-width: 1200px) {\r\n.dxwoc69f10dc56ec82 {\r\ndisplay: block;\r\n}\r\n}\r\n@media screen and (min-width: 769px) and (max-width: 992px) {\r\n.dxwoc69f10dc56ec82 {\r\ndisplay: block;\r\n}\r\n}\r\n@media screen and (min-width: 768px) and (max-width: 768px) {\r\n.dxwoc69f10dc56ec82 {\r\ndisplay: block;\r\n}\r\n}\r\n@media screen and (max-width: 767px) {\r\n.dxwoc69f10dc56ec82 {\r\ndisplay: block;\r\n}\r\n}\r\n<\/style>\r\n\n<p>&nbsp;<\/p>\n<div style=\"margin-top: 0px; margin-bottom: 0px;\" class=\"sharethis-inline-share-buttons\" ><\/div>","protected":false},"excerpt":{"rendered":"<p>25 nuevos casos de COVID-19 anunci\u00f3 este s\u00e1bado el presidente Nicol\u00e1s Maduro desde el Palacio de Miraflores. 19 de los<\/p>\n","protected":false},"author":26,"featured_media":106477,"comment_status":"open","ping_status":"closed","sticky":false,"template":"","format":"standard","meta":{"colormag_page_container_layout":"default_layout","colormag_page_sidebar_layout":"default_layout","_uag_custom_page_level_css":"","footnotes":""},"categories":[5405],"tags":[29,13352,13648,13786,233,2724,13723,14457,32],"class_list":["post-106469","post","type-post","status-publish","format-standard","has-post-thumbnail","hentry","category-salud","tag-caracas","tag-coronavirus","tag-covid-19","tag-cuarentena","tag-nacionales","tag-nicolas-maduro","tag-pandemia","tag-reporte-diario-covid-19","tag-venezuela"],"yoast_head":"<!-- This site is optimized with the Yoast SEO plugin v27.5 - https:\/\/yoast.com\/product\/yoast-seo-wordpress\/ -->\n<title>Un fallecido y 25 nuevos casos COVID-19 en las \u00faltimas 24 horas en Venezuela<\/title>\n<meta name=\"robots\" content=\"index, follow, max-snippet:-1, max-image-preview:large, max-video-preview:-1\" \/>\n<link rel=\"canonical\" href=\"https:\/\/digital58.com.ve\/site\/2020\/06\/13\/un-fallecido-y-25-nuevos-casos-covid-19-en-las-ultimas-24-horas-en-venezuela\/\" \/>\n<meta property=\"og:locale\" content=\"es_ES\" \/>\n<meta property=\"og:type\" content=\"article\" \/>\n<meta property=\"og:title\" content=\"Un fallecido y 25 nuevos casos COVID-19 en las \u00faltimas 24 horas en Venezuela\" \/>\n<meta property=\"og:url\" content=\"https:\/\/digital58.com.ve\/site\/2020\/06\/13\/un-fallecido-y-25-nuevos-casos-covid-19-en-las-ultimas-24-horas-en-venezuela\/\" \/>\n<meta property=\"og:site_name\" content=\"Noticias Digital58\" \/>\n<meta property=\"article:published_time\" content=\"2020-06-13T22:54:25+00:00\" \/>\n<meta property=\"article:modified_time\" content=\"2020-06-13T23:20:06+00:00\" \/>\n<meta property=\"og:image\" content=\"https:\/\/digital58.com.ve\/site\/wp-content\/uploads\/2020\/06\/conteo-13.jpg\" \/>\n\t<meta property=\"og:image:width\" content=\"1080\" \/>\n\t<meta property=\"og:image:height\" content=\"1350\" \/>\n\t<meta property=\"og:image:type\" content=\"image\/jpeg\" \/>\n<meta name=\"author\" content=\"Molero Luis\" \/>\n<meta name=\"twitter:card\" content=\"summary_large_image\" \/>\n<meta name=\"twitter:creator\" content=\"@Digital_58\" \/>\n<meta name=\"twitter:site\" content=\"@villasmilhfoto\" \/>\n<meta name=\"twitter:label1\" content=\"Escrito por\" \/>\n\t<meta name=\"twitter:data1\" content=\"Molero Luis\" \/>\n\t<meta name=\"twitter:label2\" content=\"Tiempo estimado de lectura\" \/>\n\t<meta name=\"twitter:data2\" content=\"2 minutos\" \/>\n<script type=\"application\/ld+json\" class=\"yoast-schema-graph\">{\"@context\":\"https:\\\/\\\/schema.org\",\"@graph\":[{\"@type\":\"Article\",\"@id\":\"https:\\\/\\\/digital58.com.ve\\\/site\\\/2020\\\/06\\\/13\\\/un-fallecido-y-25-nuevos-casos-covid-19-en-las-ultimas-24-horas-en-venezuela\\\/#article\",\"isPartOf\":{\"@id\":\"https:\\\/\\\/digital58.com.ve\\\/site\\\/2020\\\/06\\\/13\\\/un-fallecido-y-25-nuevos-casos-covid-19-en-las-ultimas-24-horas-en-venezuela\\\/\"},\"author\":{\"name\":\"Molero Luis\",\"@id\":\"https:\\\/\\\/digital58.com.ve\\\/site\\\/#\\\/schema\\\/person\\\/c61667ce6845137620ee3f0aaabade17\"},\"headline\":\"Un fallecido y 25 nuevos casos COVID-19 en las \u00faltimas 24 horas en Venezuela\",\"datePublished\":\"2020-06-13T22:54:25+00:00\",\"dateModified\":\"2020-06-13T23:20:06+00:00\",\"mainEntityOfPage\":{\"@id\":\"https:\\\/\\\/digital58.com.ve\\\/site\\\/2020\\\/06\\\/13\\\/un-fallecido-y-25-nuevos-casos-covid-19-en-las-ultimas-24-horas-en-venezuela\\\/\"},\"wordCount\":382,\"commentCount\":0,\"publisher\":{\"@id\":\"https:\\\/\\\/digital58.com.ve\\\/site\\\/#\\\/schema\\\/person\\\/64d1c2e4d0d4fd1b849980c4331c2951\"},\"image\":{\"@id\":\"https:\\\/\\\/digital58.com.ve\\\/site\\\/2020\\\/06\\\/13\\\/un-fallecido-y-25-nuevos-casos-covid-19-en-las-ultimas-24-horas-en-venezuela\\\/#primaryimage\"},\"thumbnailUrl\":\"https:\\\/\\\/digital58.com.ve\\\/site\\\/wp-content\\\/uploads\\\/2020\\\/06\\\/conteo-13.jpg\",\"keywords\":[\"Caracas\",\"Coronavirus\",\"COVID-19\",\"Cuarentena\",\"Nacionales\",\"Nicol\u00e1s Maduro\",\"Pandemia\",\"Reporte Diario COVID-19\",\"Venezuela\"],\"articleSection\":[\"Salud\"],\"inLanguage\":\"es\",\"potentialAction\":[{\"@type\":\"CommentAction\",\"name\":\"Comment\",\"target\":[\"https:\\\/\\\/digital58.com.ve\\\/site\\\/2020\\\/06\\\/13\\\/un-fallecido-y-25-nuevos-casos-covid-19-en-las-ultimas-24-horas-en-venezuela\\\/#respond\"]}]},{\"@type\":\"WebPage\",\"@id\":\"https:\\\/\\\/digital58.com.ve\\\/site\\\/2020\\\/06\\\/13\\\/un-fallecido-y-25-nuevos-casos-covid-19-en-las-ultimas-24-horas-en-venezuela\\\/\",\"url\":\"https:\\\/\\\/digital58.com.ve\\\/site\\\/2020\\\/06\\\/13\\\/un-fallecido-y-25-nuevos-casos-covid-19-en-las-ultimas-24-horas-en-venezuela\\\/\",\"name\":\"Un fallecido y 25 nuevos casos COVID-19 en las \u00faltimas 24 horas en Venezuela\",\"isPartOf\":{\"@id\":\"https:\\\/\\\/digital58.com.ve\\\/site\\\/#website\"},\"primaryImageOfPage\":{\"@id\":\"https:\\\/\\\/digital58.com.ve\\\/site\\\/2020\\\/06\\\/13\\\/un-fallecido-y-25-nuevos-casos-covid-19-en-las-ultimas-24-horas-en-venezuela\\\/#primaryimage\"},\"image\":{\"@id\":\"https:\\\/\\\/digital58.com.ve\\\/site\\\/2020\\\/06\\\/13\\\/un-fallecido-y-25-nuevos-casos-covid-19-en-las-ultimas-24-horas-en-venezuela\\\/#primaryimage\"},\"thumbnailUrl\":\"https:\\\/\\\/digital58.com.ve\\\/site\\\/wp-content\\\/uploads\\\/2020\\\/06\\\/conteo-13.jpg\",\"datePublished\":\"2020-06-13T22:54:25+00:00\",\"dateModified\":\"2020-06-13T23:20:06+00:00\",\"breadcrumb\":{\"@id\":\"https:\\\/\\\/digital58.com.ve\\\/site\\\/2020\\\/06\\\/13\\\/un-fallecido-y-25-nuevos-casos-covid-19-en-las-ultimas-24-horas-en-venezuela\\\/#breadcrumb\"},\"inLanguage\":\"es\",\"potentialAction\":[{\"@type\":\"ReadAction\",\"target\":[\"https:\\\/\\\/digital58.com.ve\\\/site\\\/2020\\\/06\\\/13\\\/un-fallecido-y-25-nuevos-casos-covid-19-en-las-ultimas-24-horas-en-venezuela\\\/\"]}]},{\"@type\":\"ImageObject\",\"inLanguage\":\"es\",\"@id\":\"https:\\\/\\\/digital58.com.ve\\\/site\\\/2020\\\/06\\\/13\\\/un-fallecido-y-25-nuevos-casos-covid-19-en-las-ultimas-24-horas-en-venezuela\\\/#primaryimage\",\"url\":\"https:\\\/\\\/digital58.com.ve\\\/site\\\/wp-content\\\/uploads\\\/2020\\\/06\\\/conteo-13.jpg\",\"contentUrl\":\"https:\\\/\\\/digital58.com.ve\\\/site\\\/wp-content\\\/uploads\\\/2020\\\/06\\\/conteo-13.jpg\",\"width\":480,\"height\":600},{\"@type\":\"BreadcrumbList\",\"@id\":\"https:\\\/\\\/digital58.com.ve\\\/site\\\/2020\\\/06\\\/13\\\/un-fallecido-y-25-nuevos-casos-covid-19-en-las-ultimas-24-horas-en-venezuela\\\/#breadcrumb\",\"itemListElement\":[{\"@type\":\"ListItem\",\"position\":1,\"name\":\"Home\",\"item\":\"https:\\\/\\\/digital58.com.ve\\\/site\\\/\"},{\"@type\":\"ListItem\",\"position\":2,\"name\":\"Un fallecido y 25 nuevos casos COVID-19 en las \u00faltimas 24 horas en Venezuela\"}]},{\"@type\":\"WebSite\",\"@id\":\"https:\\\/\\\/digital58.com.ve\\\/site\\\/#website\",\"url\":\"https:\\\/\\\/digital58.com.ve\\\/site\\\/\",\"name\":\"Noticias Digital58\",\"description\":\"Portal de Noticias \u00a1Periodismo web de verdad! Lanzamiento web 22.11.2005 \\\/ Maracaibo, Venezuela\",\"publisher\":{\"@id\":\"https:\\\/\\\/digital58.com.ve\\\/site\\\/#\\\/schema\\\/person\\\/64d1c2e4d0d4fd1b849980c4331c2951\"},\"alternateName\":\"ND58\",\"potentialAction\":[{\"@type\":\"SearchAction\",\"target\":{\"@type\":\"EntryPoint\",\"urlTemplate\":\"https:\\\/\\\/digital58.com.ve\\\/site\\\/?s={search_term_string}\"},\"query-input\":{\"@type\":\"PropertyValueSpecification\",\"valueRequired\":true,\"valueName\":\"search_term_string\"}}],\"inLanguage\":\"es\"},{\"@type\":[\"Person\",\"Organization\"],\"@id\":\"https:\\\/\\\/digital58.com.ve\\\/site\\\/#\\\/schema\\\/person\\\/64d1c2e4d0d4fd1b849980c4331c2951\",\"name\":\"Villasmil Henry\",\"image\":{\"@type\":\"ImageObject\",\"inLanguage\":\"es\",\"@id\":\"https:\\\/\\\/secure.gravatar.com\\\/avatar\\\/bb0c4a2fcb7970138239f7e404ea75757b1b507b28b5ce4c53fbd62d797c5a7c?s=96&d=mm&r=g\",\"url\":\"https:\\\/\\\/secure.gravatar.com\\\/avatar\\\/bb0c4a2fcb7970138239f7e404ea75757b1b507b28b5ce4c53fbd62d797c5a7c?s=96&d=mm&r=g\",\"contentUrl\":\"https:\\\/\\\/secure.gravatar.com\\\/avatar\\\/bb0c4a2fcb7970138239f7e404ea75757b1b507b28b5ce4c53fbd62d797c5a7c?s=96&d=mm&r=g\",\"caption\":\"Villasmil Henry\"},\"logo\":{\"@id\":\"https:\\\/\\\/secure.gravatar.com\\\/avatar\\\/bb0c4a2fcb7970138239f7e404ea75757b1b507b28b5ce4c53fbd62d797c5a7c?s=96&d=mm&r=g\"},\"sameAs\":[\"http:\\\/\\\/www.henryvillasmil.com.ve\",\"https:\\\/\\\/www.instagram.com\\\/villasmilhfoto\\\/\",\"https:\\\/\\\/x.com\\\/https:\\\/\\\/twitter.com\\\/villasmilhfoto\"]},{\"@type\":\"Person\",\"@id\":\"https:\\\/\\\/digital58.com.ve\\\/site\\\/#\\\/schema\\\/person\\\/c61667ce6845137620ee3f0aaabade17\",\"name\":\"Molero Luis\",\"image\":{\"@type\":\"ImageObject\",\"inLanguage\":\"es\",\"@id\":\"https:\\\/\\\/secure.gravatar.com\\\/avatar\\\/bf041ec637e3e7405449807deb2f7cf3d2de7c6fa755dd56e985201de9863f2b?s=96&d=mm&r=g\",\"url\":\"https:\\\/\\\/secure.gravatar.com\\\/avatar\\\/bf041ec637e3e7405449807deb2f7cf3d2de7c6fa755dd56e985201de9863f2b?s=96&d=mm&r=g\",\"contentUrl\":\"https:\\\/\\\/secure.gravatar.com\\\/avatar\\\/bf041ec637e3e7405449807deb2f7cf3d2de7c6fa755dd56e985201de9863f2b?s=96&d=mm&r=g\",\"caption\":\"Molero Luis\"},\"url\":\"https:\\\/\\\/digital58.com.ve\\\/site\\\/author\\\/luismolero\\\/\"}]}<\/script>\n<!-- \/ Yoast SEO plugin. -->","yoast_head_json":{"title":"Un fallecido y 25 nuevos casos COVID-19 en las \u00faltimas 24 horas en Venezuela","robots":{"index":"index","follow":"follow","max-snippet":"max-snippet:-1","max-image-preview":"max-image-preview:large","max-video-preview":"max-video-preview:-1"},"canonical":"https:\/\/digital58.com.ve\/site\/2020\/06\/13\/un-fallecido-y-25-nuevos-casos-covid-19-en-las-ultimas-24-horas-en-venezuela\/","og_locale":"es_ES","og_type":"article","og_title":"Un fallecido y 25 nuevos casos COVID-19 en las \u00faltimas 24 horas en Venezuela","og_url":"https:\/\/digital58.com.ve\/site\/2020\/06\/13\/un-fallecido-y-25-nuevos-casos-covid-19-en-las-ultimas-24-horas-en-venezuela\/","og_site_name":"Noticias Digital58","article_published_time":"2020-06-13T22:54:25+00:00","article_modified_time":"2020-06-13T23:20:06+00:00","og_image":[{"width":1080,"height":1350,"url":"https:\/\/digital58.com.ve\/site\/wp-content\/uploads\/2020\/06\/conteo-13.jpg","type":"image\/jpeg"}],"author":"Molero Luis","twitter_card":"summary_large_image","twitter_creator":"@Digital_58","twitter_site":"@villasmilhfoto","twitter_misc":{"Escrito por":"Molero Luis","Tiempo estimado de lectura":"2 minutos"},"schema":{"@context":"https:\/\/schema.org","@graph":[{"@type":"Article","@id":"https:\/\/digital58.com.ve\/site\/2020\/06\/13\/un-fallecido-y-25-nuevos-casos-covid-19-en-las-ultimas-24-horas-en-venezuela\/#article","isPartOf":{"@id":"https:\/\/digital58.com.ve\/site\/2020\/06\/13\/un-fallecido-y-25-nuevos-casos-covid-19-en-las-ultimas-24-horas-en-venezuela\/"},"author":{"name":"Molero Luis","@id":"https:\/\/digital58.com.ve\/site\/#\/schema\/person\/c61667ce6845137620ee3f0aaabade17"},"headline":"Un fallecido y 25 nuevos casos COVID-19 en las \u00faltimas 24 horas en Venezuela","datePublished":"2020-06-13T22:54:25+00:00","dateModified":"2020-06-13T23:20:06+00:00","mainEntityOfPage":{"@id":"https:\/\/digital58.com.ve\/site\/2020\/06\/13\/un-fallecido-y-25-nuevos-casos-covid-19-en-las-ultimas-24-horas-en-venezuela\/"},"wordCount":382,"commentCount":0,"publisher":{"@id":"https:\/\/digital58.com.ve\/site\/#\/schema\/person\/64d1c2e4d0d4fd1b849980c4331c2951"},"image":{"@id":"https:\/\/digital58.com.ve\/site\/2020\/06\/13\/un-fallecido-y-25-nuevos-casos-covid-19-en-las-ultimas-24-horas-en-venezuela\/#primaryimage"},"thumbnailUrl":"https:\/\/digital58.com.ve\/site\/wp-content\/uploads\/2020\/06\/conteo-13.jpg","keywords":["Caracas","Coronavirus","COVID-19","Cuarentena","Nacionales","Nicol\u00e1s Maduro","Pandemia","Reporte Diario COVID-19","Venezuela"],"articleSection":["Salud"],"inLanguage":"es","potentialAction":[{"@type":"CommentAction","name":"Comment","target":["https:\/\/digital58.com.ve\/site\/2020\/06\/13\/un-fallecido-y-25-nuevos-casos-covid-19-en-las-ultimas-24-horas-en-venezuela\/#respond"]}]},{"@type":"WebPage","@id":"https:\/\/digital58.com.ve\/site\/2020\/06\/13\/un-fallecido-y-25-nuevos-casos-covid-19-en-las-ultimas-24-horas-en-venezuela\/","url":"https:\/\/digital58.com.ve\/site\/2020\/06\/13\/un-fallecido-y-25-nuevos-casos-covid-19-en-las-ultimas-24-horas-en-venezuela\/","name":"Un fallecido y 25 nuevos casos COVID-19 en las \u00faltimas 24 horas en Venezuela","isPartOf":{"@id":"https:\/\/digital58.com.ve\/site\/#website"},"primaryImageOfPage":{"@id":"https:\/\/digital58.com.ve\/site\/2020\/06\/13\/un-fallecido-y-25-nuevos-casos-covid-19-en-las-ultimas-24-horas-en-venezuela\/#primaryimage"},"image":{"@id":"https:\/\/digital58.com.ve\/site\/2020\/06\/13\/un-fallecido-y-25-nuevos-casos-covid-19-en-las-ultimas-24-horas-en-venezuela\/#primaryimage"},"thumbnailUrl":"https:\/\/digital58.com.ve\/site\/wp-content\/uploads\/2020\/06\/conteo-13.jpg","datePublished":"2020-06-13T22:54:25+00:00","dateModified":"2020-06-13T23:20:06+00:00","breadcrumb":{"@id":"https:\/\/digital58.com.ve\/site\/2020\/06\/13\/un-fallecido-y-25-nuevos-casos-covid-19-en-las-ultimas-24-horas-en-venezuela\/#breadcrumb"},"inLanguage":"es","potentialAction":[{"@type":"ReadAction","target":["https:\/\/digital58.com.ve\/site\/2020\/06\/13\/un-fallecido-y-25-nuevos-casos-covid-19-en-las-ultimas-24-horas-en-venezuela\/"]}]},{"@type":"ImageObject","inLanguage":"es","@id":"https:\/\/digital58.com.ve\/site\/2020\/06\/13\/un-fallecido-y-25-nuevos-casos-covid-19-en-las-ultimas-24-horas-en-venezuela\/#primaryimage","url":"https:\/\/digital58.com.ve\/site\/wp-content\/uploads\/2020\/06\/conteo-13.jpg","contentUrl":"https:\/\/digital58.com.ve\/site\/wp-content\/uploads\/2020\/06\/conteo-13.jpg","width":480,"height":600},{"@type":"BreadcrumbList","@id":"https:\/\/digital58.com.ve\/site\/2020\/06\/13\/un-fallecido-y-25-nuevos-casos-covid-19-en-las-ultimas-24-horas-en-venezuela\/#breadcrumb","itemListElement":[{"@type":"ListItem","position":1,"name":"Home","item":"https:\/\/digital58.com.ve\/site\/"},{"@type":"ListItem","position":2,"name":"Un fallecido y 25 nuevos casos COVID-19 en las \u00faltimas 24 horas en Venezuela"}]},{"@type":"WebSite","@id":"https:\/\/digital58.com.ve\/site\/#website","url":"https:\/\/digital58.com.ve\/site\/","name":"Noticias Digital58","description":"Portal de Noticias \u00a1Periodismo web de verdad! Lanzamiento web 22.11.2005 \/ Maracaibo, Venezuela","publisher":{"@id":"https:\/\/digital58.com.ve\/site\/#\/schema\/person\/64d1c2e4d0d4fd1b849980c4331c2951"},"alternateName":"ND58","potentialAction":[{"@type":"SearchAction","target":{"@type":"EntryPoint","urlTemplate":"https:\/\/digital58.com.ve\/site\/?s={search_term_string}"},"query-input":{"@type":"PropertyValueSpecification","valueRequired":true,"valueName":"search_term_string"}}],"inLanguage":"es"},{"@type":["Person","Organization"],"@id":"https:\/\/digital58.com.ve\/site\/#\/schema\/person\/64d1c2e4d0d4fd1b849980c4331c2951","name":"Villasmil Henry","image":{"@type":"ImageObject","inLanguage":"es","@id":"https:\/\/secure.gravatar.com\/avatar\/bb0c4a2fcb7970138239f7e404ea75757b1b507b28b5ce4c53fbd62d797c5a7c?s=96&d=mm&r=g","url":"https:\/\/secure.gravatar.com\/avatar\/bb0c4a2fcb7970138239f7e404ea75757b1b507b28b5ce4c53fbd62d797c5a7c?s=96&d=mm&r=g","contentUrl":"https:\/\/secure.gravatar.com\/avatar\/bb0c4a2fcb7970138239f7e404ea75757b1b507b28b5ce4c53fbd62d797c5a7c?s=96&d=mm&r=g","caption":"Villasmil Henry"},"logo":{"@id":"https:\/\/secure.gravatar.com\/avatar\/bb0c4a2fcb7970138239f7e404ea75757b1b507b28b5ce4c53fbd62d797c5a7c?s=96&d=mm&r=g"},"sameAs":["http:\/\/www.henryvillasmil.com.ve","https:\/\/www.instagram.com\/villasmilhfoto\/","https:\/\/x.com\/https:\/\/twitter.com\/villasmilhfoto"]},{"@type":"Person","@id":"https:\/\/digital58.com.ve\/site\/#\/schema\/person\/c61667ce6845137620ee3f0aaabade17","name":"Molero Luis","image":{"@type":"ImageObject","inLanguage":"es","@id":"https:\/\/secure.gravatar.com\/avatar\/bf041ec637e3e7405449807deb2f7cf3d2de7c6fa755dd56e985201de9863f2b?s=96&d=mm&r=g","url":"https:\/\/secure.gravatar.com\/avatar\/bf041ec637e3e7405449807deb2f7cf3d2de7c6fa755dd56e985201de9863f2b?s=96&d=mm&r=g","contentUrl":"https:\/\/secure.gravatar.com\/avatar\/bf041ec637e3e7405449807deb2f7cf3d2de7c6fa755dd56e985201de9863f2b?s=96&d=mm&r=g","caption":"Molero Luis"},"url":"https:\/\/digital58.com.ve\/site\/author\/luismolero\/"}]}},"uagb_featured_image_src":{"full":["https:\/\/digital58.com.ve\/site\/wp-content\/uploads\/2020\/06\/conteo-13.jpg",480,600,false],"thumbnail":["https:\/\/digital58.com.ve\/site\/wp-content\/uploads\/2020\/06\/conteo-13-150x150.jpg",150,150,true],"medium":["https:\/\/digital58.com.ve\/site\/wp-content\/uploads\/2020\/06\/conteo-13-240x300.jpg",240,300,true],"medium_large":["https:\/\/digital58.com.ve\/site\/wp-content\/uploads\/2020\/06\/conteo-13-768x960.jpg",768,960,true],"large":["https:\/\/digital58.com.ve\/site\/wp-content\/uploads\/2020\/06\/conteo-13-819x1024.jpg",800,1000,true],"1536x1536":["https:\/\/digital58.com.ve\/site\/wp-content\/uploads\/2020\/06\/conteo-13.jpg",480,600,false],"2048x2048":["https:\/\/digital58.com.ve\/site\/wp-content\/uploads\/2020\/06\/conteo-13.jpg",480,600,false],"colormag-highlighted-post":["https:\/\/digital58.com.ve\/site\/wp-content\/uploads\/2020\/06\/conteo-13.jpg",218,272,false],"colormag-featured-post-medium":["https:\/\/digital58.com.ve\/site\/wp-content\/uploads\/2020\/06\/conteo-13.jpg",164,205,false],"colormag-featured-post-small":["https:\/\/digital58.com.ve\/site\/wp-content\/uploads\/2020\/06\/conteo-13.jpg",72,90,false],"colormag-featured-image":["https:\/\/digital58.com.ve\/site\/wp-content\/uploads\/2020\/06\/conteo-13.jpg",356,445,false],"colormag-default-news":["https:\/\/digital58.com.ve\/site\/wp-content\/uploads\/2020\/06\/conteo-13.jpg",120,150,false],"colormag-featured-image-large":["https:\/\/digital58.com.ve\/site\/wp-content\/uploads\/2020\/06\/conteo-13.jpg",480,600,false]},"uagb_author_info":{"display_name":"Molero Luis","author_link":"https:\/\/digital58.com.ve\/site\/author\/luismolero\/"},"uagb_comment_info":0,"uagb_excerpt":"25 nuevos casos de COVID-19 anunci\u00f3 este s\u00e1bado el presidente Nicol\u00e1s Maduro desde el Palacio de Miraflores. 19 de los","_links":{"self":[{"href":"https:\/\/digital58.com.ve\/site\/wp-json\/wp\/v2\/posts\/106469","targetHints":{"allow":["GET"]}}],"collection":[{"href":"https:\/\/digital58.com.ve\/site\/wp-json\/wp\/v2\/posts"}],"about":[{"href":"https:\/\/digital58.com.ve\/site\/wp-json\/wp\/v2\/types\/post"}],"author":[{"embeddable":true,"href":"https:\/\/digital58.com.ve\/site\/wp-json\/wp\/v2\/users\/26"}],"replies":[{"embeddable":true,"href":"https:\/\/digital58.com.ve\/site\/wp-json\/wp\/v2\/comments?post=106469"}],"version-history":[{"count":0,"href":"https:\/\/digital58.com.ve\/site\/wp-json\/wp\/v2\/posts\/106469\/revisions"}],"wp:featuredmedia":[{"embeddable":true,"href":"https:\/\/digital58.com.ve\/site\/wp-json\/wp\/v2\/media\/106477"}],"wp:attachment":[{"href":"https:\/\/digital58.com.ve\/site\/wp-json\/wp\/v2\/media?parent=106469"}],"wp:term":[{"taxonomy":"category","embeddable":true,"href":"https:\/\/digital58.com.ve\/site\/wp-json\/wp\/v2\/categories?post=106469"},{"taxonomy":"post_tag","embeddable":true,"href":"https:\/\/digital58.com.ve\/site\/wp-json\/wp\/v2\/tags?post=106469"}],"curies":[{"name":"wp","href":"https:\/\/api.w.org\/{rel}","templated":true}]}}