{"id":106555,"date":"2020-06-13T22:42:26","date_gmt":"2020-06-14T02:42:26","guid":{"rendered":"https:\/\/digital58.com.ve\/site\/?p=106555"},"modified":"2020-06-13T22:42:26","modified_gmt":"2020-06-14T02:42:26","slug":"detenidos-dos-delincuentes-de-la-banda-los-trocheros-por-la-guardia-nacional","status":"publish","type":"post","link":"https:\/\/digital58.com.ve\/site\/2020\/06\/13\/detenidos-dos-delincuentes-de-la-banda-los-trocheros-por-la-guardia-nacional\/","title":{"rendered":"Detenidos dos delincuentes de  la banda \u00abLos Trocheros\u00bb por la Guardia Nacional"},"content":{"rendered":"<p><img loading=\"lazy\" decoding=\"async\" class=\"aligncenter wp-image-106557 size-full\" src=\"https:\/\/digital58.com.ve\/site\/wp-content\/uploads\/2020\/06\/6c8e29ec-f247-4b8c-a508-86a9cc4959a7.jpg\" alt=\"\" width=\"701\" height=\"336\" srcset=\"https:\/\/digital58.com.ve\/site\/wp-content\/uploads\/2020\/06\/6c8e29ec-f247-4b8c-a508-86a9cc4959a7.jpg 701w, https:\/\/digital58.com.ve\/site\/wp-content\/uploads\/2020\/06\/6c8e29ec-f247-4b8c-a508-86a9cc4959a7-300x144.jpg 300w\" sizes=\"auto, (max-width: 701px) 100vw, 701px\" \/><\/p>\n<p>Efectivos militares adscritos al Comando Zonal de la Guardia Nacional Bolivariana\u00a0 (CZGNB-11) \u00a0lograron la detenci\u00f3n este s\u00e1bado de dos delincuentes pertenecientes a la banda \u00abLos Trocheros\u00bb. El proceso se llev\u00f3 a cabo en el municipio \u00a0Jes\u00fas Mar\u00eda Sempr\u00fam del estado Zulia.<\/p>\n<p><strong>Maracaibo, Zulia, Venezuela 13 de junio de 2020 (ND58).-<\/strong> Efectivos de la Guardia Nacional Bolivariana adscritos al Destacamento -110 lograron la detenci\u00f3n de dos ciudadanos identificados como Joenis German y \u00c1lvaro Augusto Cabrera D\u00edaz, pertenecientes a la banda delincuencial \u00abLos Trocheros\u00bb, quienes fueron apresados en flagrancia.<\/p>\n<p>El procedimiento se lleva a \u00a0cabo \u00a0sector Valle Alto en las cercan\u00edas de la\u00a0 Hacienda Valle Alto, municipio Jes\u00fas Mar\u00eda Sempr\u00fam del estado\u00a0 Zulia<\/p>\n<p><img loading=\"lazy\" decoding=\"async\" class=\"aligncenter wp-image-106556 size-full\" src=\"https:\/\/digital58.com.ve\/site\/wp-content\/uploads\/2020\/06\/6c8e29ec-f247-4b8c-a508-86a9cc4959a7-copia-copia-2.jpg\" alt=\"\" width=\"629\" height=\"352\" srcset=\"https:\/\/digital58.com.ve\/site\/wp-content\/uploads\/2020\/06\/6c8e29ec-f247-4b8c-a508-86a9cc4959a7-copia-copia-2.jpg 629w, https:\/\/digital58.com.ve\/site\/wp-content\/uploads\/2020\/06\/6c8e29ec-f247-4b8c-a508-86a9cc4959a7-copia-copia-2-300x168.jpg 300w\" sizes=\"auto, (max-width: 629px) 100vw, 629px\" \/><\/p>\n<p>Los detenidos eran parte de la banda delincuencial \u00abLos Trocheros quienes se dedican cometer delitos de Extorsi\u00f3n, Secuestro, Sicariato, Cobro de Vacunas, Abigeato y Robo de Veh\u00edculos del mencionado sector.<\/p>\n<p>Durante la detenci\u00f3n se les incaut\u00f3 un arma de fuego tipo escopeta, marca Remington con serial no visible, un arma de fuego tipo rifle marca Remington, calibre 22, un arma de fuego tipo pistola marca Taurus calibre 9x19mm, un arma tipo pistola marca Colt calibre 45, as\u00ed como cinco cartuchos calibre 9x19mm, 11 cartuchos calibre 22, un cartucho calibre 16 y una moto marca Empire color azul.<\/p>\n<p><img loading=\"lazy\" decoding=\"async\" class=\"aligncenter wp-image-106561 size-full\" src=\"https:\/\/digital58.com.ve\/site\/wp-content\/uploads\/2020\/06\/6c8e29ec-f247-4b8c-a508-86a9cc4959a7-copia-copia-1.jpg\" alt=\"\" width=\"733\" height=\"329\" srcset=\"https:\/\/digital58.com.ve\/site\/wp-content\/uploads\/2020\/06\/6c8e29ec-f247-4b8c-a508-86a9cc4959a7-copia-copia-1.jpg 733w, https:\/\/digital58.com.ve\/site\/wp-content\/uploads\/2020\/06\/6c8e29ec-f247-4b8c-a508-86a9cc4959a7-copia-copia-1-300x135.jpg 300w\" sizes=\"auto, (max-width: 733px) 100vw, 733px\" \/><\/p>\n<p>Fueron puestos a la orden del ministerio p\u00fablico bajo los delitos de porte il\u00edcito de arma de guerra, resistencia a la autoridad y asociaci\u00f3n para delinquir.<\/p>\n<p><strong>Redacci\u00f3n: Molero, Luis\u00a0 (@Moleromarquez) | Fuente: GNB<\/strong><br \/>\n<strong>Edici\u00f3n: Villasmil, Henry<\/strong><br \/>\n<strong>Gr\u00e1ficas: Cortes\u00eda<\/strong><\/p>\n<p>&nbsp;<\/p>\n<p>&nbsp;<\/p>\n<p>&nbsp;<\/p><div class=\"xgvsk69f2627a7239a\" ><p style=\"text-align: center;\"><a href=\"https:\/\/t.me\/noticiasdigital58\" target=\"_blank\" rel=\"noopener\"><img class=\"aligncenter size-full wp-image-125363\" src=\"https:\/\/digital58.com.ve\/site\/wp-content\/uploads\/2021\/04\/banner-telegram-web-2021.png\" alt=\"\" width=\"600\" height=\"90\" \/><\/a><\/p><\/div><style type=\"text\/css\">\r\n@media screen and (min-width: 1201px) {\r\n.xgvsk69f2627a7239a {\r\ndisplay: block;\r\n}\r\n}\r\n@media screen and (min-width: 993px) and (max-width: 1200px) {\r\n.xgvsk69f2627a7239a {\r\ndisplay: block;\r\n}\r\n}\r\n@media screen and (min-width: 769px) and (max-width: 992px) {\r\n.xgvsk69f2627a7239a {\r\ndisplay: block;\r\n}\r\n}\r\n@media screen and (min-width: 768px) and (max-width: 768px) {\r\n.xgvsk69f2627a7239a {\r\ndisplay: block;\r\n}\r\n}\r\n@media screen and (max-width: 767px) {\r\n.xgvsk69f2627a7239a {\r\ndisplay: block;\r\n}\r\n}\r\n<\/style>\r\n\n<p>&nbsp;<\/p>\n<div style=\"margin-top: 0px; margin-bottom: 0px;\" class=\"sharethis-inline-share-buttons\" ><\/div>","protected":false},"excerpt":{"rendered":"<p>Efectivos militares adscritos al Comando Zonal de la Guardia Nacional Bolivariana\u00a0 (CZGNB-11) \u00a0lograron la detenci\u00f3n este s\u00e1bado de dos delincuentes<\/p>\n","protected":false},"author":26,"featured_media":106556,"comment_status":"open","ping_status":"closed","sticky":false,"template":"","format":"standard","meta":{"colormag_page_container_layout":"default_layout","colormag_page_sidebar_layout":"default_layout","_uag_custom_page_level_css":"","footnotes":""},"categories":[13765,14504],"tags":[9037,12168,16054,14058],"class_list":["post-106555","post","type-post","status-publish","format-standard","has-post-thumbnail","hentry","category-sucesos","category-zulia","tag-detenidos","tag-gnb","tag-los-trocheros","tag-municipio-jesus-maria-semprum"],"yoast_head":"<!-- This site is optimized with the Yoast SEO plugin v27.5 - https:\/\/yoast.com\/product\/yoast-seo-wordpress\/ -->\n<title>Detenidos dos delincuentes de la banda \u00abLos Trocheros\u00bb por la Guardia Nacional<\/title>\n<meta name=\"description\" content=\"Zulia\" \/>\n<meta name=\"robots\" content=\"index, follow, max-snippet:-1, max-image-preview:large, max-video-preview:-1\" \/>\n<link rel=\"canonical\" href=\"https:\/\/digital58.com.ve\/site\/2020\/06\/13\/detenidos-dos-delincuentes-de-la-banda-los-trocheros-por-la-guardia-nacional\/\" \/>\n<meta property=\"og:locale\" content=\"es_ES\" \/>\n<meta property=\"og:type\" content=\"article\" \/>\n<meta property=\"og:title\" content=\"Detenidos dos delincuentes de la banda \u00abLos Trocheros\u00bb por la Guardia Nacional\" \/>\n<meta property=\"og:description\" content=\"Zulia\" \/>\n<meta property=\"og:url\" content=\"https:\/\/digital58.com.ve\/site\/2020\/06\/13\/detenidos-dos-delincuentes-de-la-banda-los-trocheros-por-la-guardia-nacional\/\" \/>\n<meta property=\"og:site_name\" content=\"Noticias Digital58\" \/>\n<meta property=\"article:published_time\" content=\"2020-06-14T02:42:26+00:00\" \/>\n<meta property=\"og:image\" content=\"https:\/\/digital58.com.ve\/site\/wp-content\/uploads\/2020\/06\/6c8e29ec-f247-4b8c-a508-86a9cc4959a7-copia-copia-2.jpg\" \/>\n\t<meta property=\"og:image:width\" content=\"629\" \/>\n\t<meta property=\"og:image:height\" content=\"352\" \/>\n\t<meta property=\"og:image:type\" content=\"image\/jpeg\" \/>\n<meta name=\"author\" content=\"Molero Luis\" \/>\n<meta name=\"twitter:card\" content=\"summary_large_image\" \/>\n<meta name=\"twitter:creator\" content=\"@Digital_58\" \/>\n<meta name=\"twitter:site\" content=\"@villasmilhfoto\" \/>\n<meta name=\"twitter:label1\" content=\"Escrito por\" \/>\n\t<meta name=\"twitter:data1\" content=\"Molero Luis\" \/>\n\t<meta name=\"twitter:label2\" content=\"Tiempo estimado de lectura\" \/>\n\t<meta name=\"twitter:data2\" content=\"1 minuto\" \/>\n<script type=\"application\/ld+json\" class=\"yoast-schema-graph\">{\"@context\":\"https:\\\/\\\/schema.org\",\"@graph\":[{\"@type\":\"Article\",\"@id\":\"https:\\\/\\\/digital58.com.ve\\\/site\\\/2020\\\/06\\\/13\\\/detenidos-dos-delincuentes-de-la-banda-los-trocheros-por-la-guardia-nacional\\\/#article\",\"isPartOf\":{\"@id\":\"https:\\\/\\\/digital58.com.ve\\\/site\\\/2020\\\/06\\\/13\\\/detenidos-dos-delincuentes-de-la-banda-los-trocheros-por-la-guardia-nacional\\\/\"},\"author\":{\"name\":\"Molero Luis\",\"@id\":\"https:\\\/\\\/digital58.com.ve\\\/site\\\/#\\\/schema\\\/person\\\/c61667ce6845137620ee3f0aaabade17\"},\"headline\":\"Detenidos dos delincuentes de la banda \u00abLos Trocheros\u00bb por la Guardia Nacional\",\"datePublished\":\"2020-06-14T02:42:26+00:00\",\"mainEntityOfPage\":{\"@id\":\"https:\\\/\\\/digital58.com.ve\\\/site\\\/2020\\\/06\\\/13\\\/detenidos-dos-delincuentes-de-la-banda-los-trocheros-por-la-guardia-nacional\\\/\"},\"wordCount\":278,\"commentCount\":0,\"publisher\":{\"@id\":\"https:\\\/\\\/digital58.com.ve\\\/site\\\/#\\\/schema\\\/person\\\/64d1c2e4d0d4fd1b849980c4331c2951\"},\"image\":{\"@id\":\"https:\\\/\\\/digital58.com.ve\\\/site\\\/2020\\\/06\\\/13\\\/detenidos-dos-delincuentes-de-la-banda-los-trocheros-por-la-guardia-nacional\\\/#primaryimage\"},\"thumbnailUrl\":\"https:\\\/\\\/digital58.com.ve\\\/site\\\/wp-content\\\/uploads\\\/2020\\\/06\\\/6c8e29ec-f247-4b8c-a508-86a9cc4959a7-copia-copia-2.jpg\",\"keywords\":[\"Detenidos\",\"GNB\",\"Los Trocheros\",\"Municipio Jes\u00fas Mar\u00eda Sempr\u00fam\"],\"articleSection\":[\"Sucesos\",\"Zulia\"],\"inLanguage\":\"es\",\"potentialAction\":[{\"@type\":\"CommentAction\",\"name\":\"Comment\",\"target\":[\"https:\\\/\\\/digital58.com.ve\\\/site\\\/2020\\\/06\\\/13\\\/detenidos-dos-delincuentes-de-la-banda-los-trocheros-por-la-guardia-nacional\\\/#respond\"]}]},{\"@type\":\"WebPage\",\"@id\":\"https:\\\/\\\/digital58.com.ve\\\/site\\\/2020\\\/06\\\/13\\\/detenidos-dos-delincuentes-de-la-banda-los-trocheros-por-la-guardia-nacional\\\/\",\"url\":\"https:\\\/\\\/digital58.com.ve\\\/site\\\/2020\\\/06\\\/13\\\/detenidos-dos-delincuentes-de-la-banda-los-trocheros-por-la-guardia-nacional\\\/\",\"name\":\"Detenidos dos delincuentes de la banda \u00abLos Trocheros\u00bb por la Guardia Nacional\",\"isPartOf\":{\"@id\":\"https:\\\/\\\/digital58.com.ve\\\/site\\\/#website\"},\"primaryImageOfPage\":{\"@id\":\"https:\\\/\\\/digital58.com.ve\\\/site\\\/2020\\\/06\\\/13\\\/detenidos-dos-delincuentes-de-la-banda-los-trocheros-por-la-guardia-nacional\\\/#primaryimage\"},\"image\":{\"@id\":\"https:\\\/\\\/digital58.com.ve\\\/site\\\/2020\\\/06\\\/13\\\/detenidos-dos-delincuentes-de-la-banda-los-trocheros-por-la-guardia-nacional\\\/#primaryimage\"},\"thumbnailUrl\":\"https:\\\/\\\/digital58.com.ve\\\/site\\\/wp-content\\\/uploads\\\/2020\\\/06\\\/6c8e29ec-f247-4b8c-a508-86a9cc4959a7-copia-copia-2.jpg\",\"datePublished\":\"2020-06-14T02:42:26+00:00\",\"description\":\"Zulia\",\"breadcrumb\":{\"@id\":\"https:\\\/\\\/digital58.com.ve\\\/site\\\/2020\\\/06\\\/13\\\/detenidos-dos-delincuentes-de-la-banda-los-trocheros-por-la-guardia-nacional\\\/#breadcrumb\"},\"inLanguage\":\"es\",\"potentialAction\":[{\"@type\":\"ReadAction\",\"target\":[\"https:\\\/\\\/digital58.com.ve\\\/site\\\/2020\\\/06\\\/13\\\/detenidos-dos-delincuentes-de-la-banda-los-trocheros-por-la-guardia-nacional\\\/\"]}]},{\"@type\":\"ImageObject\",\"inLanguage\":\"es\",\"@id\":\"https:\\\/\\\/digital58.com.ve\\\/site\\\/2020\\\/06\\\/13\\\/detenidos-dos-delincuentes-de-la-banda-los-trocheros-por-la-guardia-nacional\\\/#primaryimage\",\"url\":\"https:\\\/\\\/digital58.com.ve\\\/site\\\/wp-content\\\/uploads\\\/2020\\\/06\\\/6c8e29ec-f247-4b8c-a508-86a9cc4959a7-copia-copia-2.jpg\",\"contentUrl\":\"https:\\\/\\\/digital58.com.ve\\\/site\\\/wp-content\\\/uploads\\\/2020\\\/06\\\/6c8e29ec-f247-4b8c-a508-86a9cc4959a7-copia-copia-2.jpg\",\"width\":629,\"height\":352},{\"@type\":\"BreadcrumbList\",\"@id\":\"https:\\\/\\\/digital58.com.ve\\\/site\\\/2020\\\/06\\\/13\\\/detenidos-dos-delincuentes-de-la-banda-los-trocheros-por-la-guardia-nacional\\\/#breadcrumb\",\"itemListElement\":[{\"@type\":\"ListItem\",\"position\":1,\"name\":\"Home\",\"item\":\"https:\\\/\\\/digital58.com.ve\\\/site\\\/\"},{\"@type\":\"ListItem\",\"position\":2,\"name\":\"Detenidos dos delincuentes de la banda \u00abLos Trocheros\u00bb por la Guardia Nacional\"}]},{\"@type\":\"WebSite\",\"@id\":\"https:\\\/\\\/digital58.com.ve\\\/site\\\/#website\",\"url\":\"https:\\\/\\\/digital58.com.ve\\\/site\\\/\",\"name\":\"Noticias Digital58\",\"description\":\"Portal de Noticias \u00a1Periodismo web de verdad! Lanzamiento web 22.11.2005 \\\/ Maracaibo, Venezuela\",\"publisher\":{\"@id\":\"https:\\\/\\\/digital58.com.ve\\\/site\\\/#\\\/schema\\\/person\\\/64d1c2e4d0d4fd1b849980c4331c2951\"},\"alternateName\":\"ND58\",\"potentialAction\":[{\"@type\":\"SearchAction\",\"target\":{\"@type\":\"EntryPoint\",\"urlTemplate\":\"https:\\\/\\\/digital58.com.ve\\\/site\\\/?s={search_term_string}\"},\"query-input\":{\"@type\":\"PropertyValueSpecification\",\"valueRequired\":true,\"valueName\":\"search_term_string\"}}],\"inLanguage\":\"es\"},{\"@type\":[\"Person\",\"Organization\"],\"@id\":\"https:\\\/\\\/digital58.com.ve\\\/site\\\/#\\\/schema\\\/person\\\/64d1c2e4d0d4fd1b849980c4331c2951\",\"name\":\"Villasmil Henry\",\"image\":{\"@type\":\"ImageObject\",\"inLanguage\":\"es\",\"@id\":\"https:\\\/\\\/secure.gravatar.com\\\/avatar\\\/bb0c4a2fcb7970138239f7e404ea75757b1b507b28b5ce4c53fbd62d797c5a7c?s=96&d=mm&r=g\",\"url\":\"https:\\\/\\\/secure.gravatar.com\\\/avatar\\\/bb0c4a2fcb7970138239f7e404ea75757b1b507b28b5ce4c53fbd62d797c5a7c?s=96&d=mm&r=g\",\"contentUrl\":\"https:\\\/\\\/secure.gravatar.com\\\/avatar\\\/bb0c4a2fcb7970138239f7e404ea75757b1b507b28b5ce4c53fbd62d797c5a7c?s=96&d=mm&r=g\",\"caption\":\"Villasmil Henry\"},\"logo\":{\"@id\":\"https:\\\/\\\/secure.gravatar.com\\\/avatar\\\/bb0c4a2fcb7970138239f7e404ea75757b1b507b28b5ce4c53fbd62d797c5a7c?s=96&d=mm&r=g\"},\"sameAs\":[\"http:\\\/\\\/www.henryvillasmil.com.ve\",\"https:\\\/\\\/www.instagram.com\\\/villasmilhfoto\\\/\",\"https:\\\/\\\/x.com\\\/https:\\\/\\\/twitter.com\\\/villasmilhfoto\"]},{\"@type\":\"Person\",\"@id\":\"https:\\\/\\\/digital58.com.ve\\\/site\\\/#\\\/schema\\\/person\\\/c61667ce6845137620ee3f0aaabade17\",\"name\":\"Molero Luis\",\"image\":{\"@type\":\"ImageObject\",\"inLanguage\":\"es\",\"@id\":\"https:\\\/\\\/secure.gravatar.com\\\/avatar\\\/bf041ec637e3e7405449807deb2f7cf3d2de7c6fa755dd56e985201de9863f2b?s=96&d=mm&r=g\",\"url\":\"https:\\\/\\\/secure.gravatar.com\\\/avatar\\\/bf041ec637e3e7405449807deb2f7cf3d2de7c6fa755dd56e985201de9863f2b?s=96&d=mm&r=g\",\"contentUrl\":\"https:\\\/\\\/secure.gravatar.com\\\/avatar\\\/bf041ec637e3e7405449807deb2f7cf3d2de7c6fa755dd56e985201de9863f2b?s=96&d=mm&r=g\",\"caption\":\"Molero Luis\"},\"url\":\"https:\\\/\\\/digital58.com.ve\\\/site\\\/author\\\/luismolero\\\/\"}]}<\/script>\n<!-- \/ Yoast SEO plugin. -->","yoast_head_json":{"title":"Detenidos dos delincuentes de la banda \u00abLos Trocheros\u00bb por la Guardia Nacional","description":"Zulia","robots":{"index":"index","follow":"follow","max-snippet":"max-snippet:-1","max-image-preview":"max-image-preview:large","max-video-preview":"max-video-preview:-1"},"canonical":"https:\/\/digital58.com.ve\/site\/2020\/06\/13\/detenidos-dos-delincuentes-de-la-banda-los-trocheros-por-la-guardia-nacional\/","og_locale":"es_ES","og_type":"article","og_title":"Detenidos dos delincuentes de la banda \u00abLos Trocheros\u00bb por la Guardia Nacional","og_description":"Zulia","og_url":"https:\/\/digital58.com.ve\/site\/2020\/06\/13\/detenidos-dos-delincuentes-de-la-banda-los-trocheros-por-la-guardia-nacional\/","og_site_name":"Noticias Digital58","article_published_time":"2020-06-14T02:42:26+00:00","og_image":[{"width":629,"height":352,"url":"https:\/\/digital58.com.ve\/site\/wp-content\/uploads\/2020\/06\/6c8e29ec-f247-4b8c-a508-86a9cc4959a7-copia-copia-2.jpg","type":"image\/jpeg"}],"author":"Molero Luis","twitter_card":"summary_large_image","twitter_creator":"@Digital_58","twitter_site":"@villasmilhfoto","twitter_misc":{"Escrito por":"Molero Luis","Tiempo estimado de lectura":"1 minuto"},"schema":{"@context":"https:\/\/schema.org","@graph":[{"@type":"Article","@id":"https:\/\/digital58.com.ve\/site\/2020\/06\/13\/detenidos-dos-delincuentes-de-la-banda-los-trocheros-por-la-guardia-nacional\/#article","isPartOf":{"@id":"https:\/\/digital58.com.ve\/site\/2020\/06\/13\/detenidos-dos-delincuentes-de-la-banda-los-trocheros-por-la-guardia-nacional\/"},"author":{"name":"Molero Luis","@id":"https:\/\/digital58.com.ve\/site\/#\/schema\/person\/c61667ce6845137620ee3f0aaabade17"},"headline":"Detenidos dos delincuentes de la banda \u00abLos Trocheros\u00bb por la Guardia Nacional","datePublished":"2020-06-14T02:42:26+00:00","mainEntityOfPage":{"@id":"https:\/\/digital58.com.ve\/site\/2020\/06\/13\/detenidos-dos-delincuentes-de-la-banda-los-trocheros-por-la-guardia-nacional\/"},"wordCount":278,"commentCount":0,"publisher":{"@id":"https:\/\/digital58.com.ve\/site\/#\/schema\/person\/64d1c2e4d0d4fd1b849980c4331c2951"},"image":{"@id":"https:\/\/digital58.com.ve\/site\/2020\/06\/13\/detenidos-dos-delincuentes-de-la-banda-los-trocheros-por-la-guardia-nacional\/#primaryimage"},"thumbnailUrl":"https:\/\/digital58.com.ve\/site\/wp-content\/uploads\/2020\/06\/6c8e29ec-f247-4b8c-a508-86a9cc4959a7-copia-copia-2.jpg","keywords":["Detenidos","GNB","Los Trocheros","Municipio Jes\u00fas Mar\u00eda Sempr\u00fam"],"articleSection":["Sucesos","Zulia"],"inLanguage":"es","potentialAction":[{"@type":"CommentAction","name":"Comment","target":["https:\/\/digital58.com.ve\/site\/2020\/06\/13\/detenidos-dos-delincuentes-de-la-banda-los-trocheros-por-la-guardia-nacional\/#respond"]}]},{"@type":"WebPage","@id":"https:\/\/digital58.com.ve\/site\/2020\/06\/13\/detenidos-dos-delincuentes-de-la-banda-los-trocheros-por-la-guardia-nacional\/","url":"https:\/\/digital58.com.ve\/site\/2020\/06\/13\/detenidos-dos-delincuentes-de-la-banda-los-trocheros-por-la-guardia-nacional\/","name":"Detenidos dos delincuentes de la banda \u00abLos Trocheros\u00bb por la Guardia Nacional","isPartOf":{"@id":"https:\/\/digital58.com.ve\/site\/#website"},"primaryImageOfPage":{"@id":"https:\/\/digital58.com.ve\/site\/2020\/06\/13\/detenidos-dos-delincuentes-de-la-banda-los-trocheros-por-la-guardia-nacional\/#primaryimage"},"image":{"@id":"https:\/\/digital58.com.ve\/site\/2020\/06\/13\/detenidos-dos-delincuentes-de-la-banda-los-trocheros-por-la-guardia-nacional\/#primaryimage"},"thumbnailUrl":"https:\/\/digital58.com.ve\/site\/wp-content\/uploads\/2020\/06\/6c8e29ec-f247-4b8c-a508-86a9cc4959a7-copia-copia-2.jpg","datePublished":"2020-06-14T02:42:26+00:00","description":"Zulia","breadcrumb":{"@id":"https:\/\/digital58.com.ve\/site\/2020\/06\/13\/detenidos-dos-delincuentes-de-la-banda-los-trocheros-por-la-guardia-nacional\/#breadcrumb"},"inLanguage":"es","potentialAction":[{"@type":"ReadAction","target":["https:\/\/digital58.com.ve\/site\/2020\/06\/13\/detenidos-dos-delincuentes-de-la-banda-los-trocheros-por-la-guardia-nacional\/"]}]},{"@type":"ImageObject","inLanguage":"es","@id":"https:\/\/digital58.com.ve\/site\/2020\/06\/13\/detenidos-dos-delincuentes-de-la-banda-los-trocheros-por-la-guardia-nacional\/#primaryimage","url":"https:\/\/digital58.com.ve\/site\/wp-content\/uploads\/2020\/06\/6c8e29ec-f247-4b8c-a508-86a9cc4959a7-copia-copia-2.jpg","contentUrl":"https:\/\/digital58.com.ve\/site\/wp-content\/uploads\/2020\/06\/6c8e29ec-f247-4b8c-a508-86a9cc4959a7-copia-copia-2.jpg","width":629,"height":352},{"@type":"BreadcrumbList","@id":"https:\/\/digital58.com.ve\/site\/2020\/06\/13\/detenidos-dos-delincuentes-de-la-banda-los-trocheros-por-la-guardia-nacional\/#breadcrumb","itemListElement":[{"@type":"ListItem","position":1,"name":"Home","item":"https:\/\/digital58.com.ve\/site\/"},{"@type":"ListItem","position":2,"name":"Detenidos dos delincuentes de la banda \u00abLos Trocheros\u00bb por la Guardia Nacional"}]},{"@type":"WebSite","@id":"https:\/\/digital58.com.ve\/site\/#website","url":"https:\/\/digital58.com.ve\/site\/","name":"Noticias Digital58","description":"Portal de Noticias \u00a1Periodismo web de verdad! Lanzamiento web 22.11.2005 \/ Maracaibo, Venezuela","publisher":{"@id":"https:\/\/digital58.com.ve\/site\/#\/schema\/person\/64d1c2e4d0d4fd1b849980c4331c2951"},"alternateName":"ND58","potentialAction":[{"@type":"SearchAction","target":{"@type":"EntryPoint","urlTemplate":"https:\/\/digital58.com.ve\/site\/?s={search_term_string}"},"query-input":{"@type":"PropertyValueSpecification","valueRequired":true,"valueName":"search_term_string"}}],"inLanguage":"es"},{"@type":["Person","Organization"],"@id":"https:\/\/digital58.com.ve\/site\/#\/schema\/person\/64d1c2e4d0d4fd1b849980c4331c2951","name":"Villasmil Henry","image":{"@type":"ImageObject","inLanguage":"es","@id":"https:\/\/secure.gravatar.com\/avatar\/bb0c4a2fcb7970138239f7e404ea75757b1b507b28b5ce4c53fbd62d797c5a7c?s=96&d=mm&r=g","url":"https:\/\/secure.gravatar.com\/avatar\/bb0c4a2fcb7970138239f7e404ea75757b1b507b28b5ce4c53fbd62d797c5a7c?s=96&d=mm&r=g","contentUrl":"https:\/\/secure.gravatar.com\/avatar\/bb0c4a2fcb7970138239f7e404ea75757b1b507b28b5ce4c53fbd62d797c5a7c?s=96&d=mm&r=g","caption":"Villasmil Henry"},"logo":{"@id":"https:\/\/secure.gravatar.com\/avatar\/bb0c4a2fcb7970138239f7e404ea75757b1b507b28b5ce4c53fbd62d797c5a7c?s=96&d=mm&r=g"},"sameAs":["http:\/\/www.henryvillasmil.com.ve","https:\/\/www.instagram.com\/villasmilhfoto\/","https:\/\/x.com\/https:\/\/twitter.com\/villasmilhfoto"]},{"@type":"Person","@id":"https:\/\/digital58.com.ve\/site\/#\/schema\/person\/c61667ce6845137620ee3f0aaabade17","name":"Molero Luis","image":{"@type":"ImageObject","inLanguage":"es","@id":"https:\/\/secure.gravatar.com\/avatar\/bf041ec637e3e7405449807deb2f7cf3d2de7c6fa755dd56e985201de9863f2b?s=96&d=mm&r=g","url":"https:\/\/secure.gravatar.com\/avatar\/bf041ec637e3e7405449807deb2f7cf3d2de7c6fa755dd56e985201de9863f2b?s=96&d=mm&r=g","contentUrl":"https:\/\/secure.gravatar.com\/avatar\/bf041ec637e3e7405449807deb2f7cf3d2de7c6fa755dd56e985201de9863f2b?s=96&d=mm&r=g","caption":"Molero Luis"},"url":"https:\/\/digital58.com.ve\/site\/author\/luismolero\/"}]}},"uagb_featured_image_src":{"full":["https:\/\/digital58.com.ve\/site\/wp-content\/uploads\/2020\/06\/6c8e29ec-f247-4b8c-a508-86a9cc4959a7-copia-copia-2.jpg",629,352,false],"thumbnail":["https:\/\/digital58.com.ve\/site\/wp-content\/uploads\/2020\/06\/6c8e29ec-f247-4b8c-a508-86a9cc4959a7-copia-copia-2-150x150.jpg",150,150,true],"medium":["https:\/\/digital58.com.ve\/site\/wp-content\/uploads\/2020\/06\/6c8e29ec-f247-4b8c-a508-86a9cc4959a7-copia-copia-2-300x168.jpg",300,168,true],"medium_large":["https:\/\/digital58.com.ve\/site\/wp-content\/uploads\/2020\/06\/6c8e29ec-f247-4b8c-a508-86a9cc4959a7-copia-copia-2.jpg",629,352,false],"large":["https:\/\/digital58.com.ve\/site\/wp-content\/uploads\/2020\/06\/6c8e29ec-f247-4b8c-a508-86a9cc4959a7-copia-copia-2.jpg",629,352,false],"1536x1536":["https:\/\/digital58.com.ve\/site\/wp-content\/uploads\/2020\/06\/6c8e29ec-f247-4b8c-a508-86a9cc4959a7-copia-copia-2.jpg",629,352,false],"2048x2048":["https:\/\/digital58.com.ve\/site\/wp-content\/uploads\/2020\/06\/6c8e29ec-f247-4b8c-a508-86a9cc4959a7-copia-copia-2.jpg",629,352,false],"colormag-highlighted-post":["https:\/\/digital58.com.ve\/site\/wp-content\/uploads\/2020\/06\/6c8e29ec-f247-4b8c-a508-86a9cc4959a7-copia-copia-2.jpg",392,219,false],"colormag-featured-post-medium":["https:\/\/digital58.com.ve\/site\/wp-content\/uploads\/2020\/06\/6c8e29ec-f247-4b8c-a508-86a9cc4959a7-copia-copia-2.jpg",366,205,false],"colormag-featured-post-small":["https:\/\/digital58.com.ve\/site\/wp-content\/uploads\/2020\/06\/6c8e29ec-f247-4b8c-a508-86a9cc4959a7-copia-copia-2.jpg",130,73,false],"colormag-featured-image":["https:\/\/digital58.com.ve\/site\/wp-content\/uploads\/2020\/06\/6c8e29ec-f247-4b8c-a508-86a9cc4959a7-copia-copia-2.jpg",629,352,false],"colormag-default-news":["https:\/\/digital58.com.ve\/site\/wp-content\/uploads\/2020\/06\/6c8e29ec-f247-4b8c-a508-86a9cc4959a7-copia-copia-2.jpg",150,84,false],"colormag-featured-image-large":["https:\/\/digital58.com.ve\/site\/wp-content\/uploads\/2020\/06\/6c8e29ec-f247-4b8c-a508-86a9cc4959a7-copia-copia-2.jpg",629,352,false]},"uagb_author_info":{"display_name":"Molero Luis","author_link":"https:\/\/digital58.com.ve\/site\/author\/luismolero\/"},"uagb_comment_info":0,"uagb_excerpt":"Efectivos militares adscritos al Comando Zonal de la Guardia Nacional Bolivariana\u00a0 (CZGNB-11) \u00a0lograron la detenci\u00f3n este s\u00e1bado de dos delincuentes","_links":{"self":[{"href":"https:\/\/digital58.com.ve\/site\/wp-json\/wp\/v2\/posts\/106555","targetHints":{"allow":["GET"]}}],"collection":[{"href":"https:\/\/digital58.com.ve\/site\/wp-json\/wp\/v2\/posts"}],"about":[{"href":"https:\/\/digital58.com.ve\/site\/wp-json\/wp\/v2\/types\/post"}],"author":[{"embeddable":true,"href":"https:\/\/digital58.com.ve\/site\/wp-json\/wp\/v2\/users\/26"}],"replies":[{"embeddable":true,"href":"https:\/\/digital58.com.ve\/site\/wp-json\/wp\/v2\/comments?post=106555"}],"version-history":[{"count":0,"href":"https:\/\/digital58.com.ve\/site\/wp-json\/wp\/v2\/posts\/106555\/revisions"}],"wp:featuredmedia":[{"embeddable":true,"href":"https:\/\/digital58.com.ve\/site\/wp-json\/wp\/v2\/media\/106556"}],"wp:attachment":[{"href":"https:\/\/digital58.com.ve\/site\/wp-json\/wp\/v2\/media?parent=106555"}],"wp:term":[{"taxonomy":"category","embeddable":true,"href":"https:\/\/digital58.com.ve\/site\/wp-json\/wp\/v2\/categories?post=106555"},{"taxonomy":"post_tag","embeddable":true,"href":"https:\/\/digital58.com.ve\/site\/wp-json\/wp\/v2\/tags?post=106555"}],"curies":[{"name":"wp","href":"https:\/\/api.w.org\/{rel}","templated":true}]}}