{"id":106968,"date":"2020-06-16T13:35:27","date_gmt":"2020-06-16T17:35:27","guid":{"rendered":"https:\/\/digital58.com.ve\/site\/?p=106968"},"modified":"2020-06-16T13:35:27","modified_gmt":"2020-06-16T17:35:27","slug":"antonio-ecarri-bolivar-vamos-a-recuperar-accion-democratica-por-las-buenas-o-por-las-malas","status":"publish","type":"post","link":"https:\/\/digital58.com.ve\/site\/2020\/06\/16\/antonio-ecarri-bolivar-vamos-a-recuperar-accion-democratica-por-las-buenas-o-por-las-malas\/","title":{"rendered":"Antonio Ecarri Bol\u00edvar: \u00abVamos a recuperar Acci\u00f3n Democr\u00e1tica por las buenas o por las malas\u00bb"},"content":{"rendered":"<p><img loading=\"lazy\" decoding=\"async\" class=\"aligncenter wp-image-106969 size-full\" src=\"https:\/\/digital58.com.ve\/site\/wp-content\/uploads\/2020\/06\/879394.jpg\" alt=\"\" width=\"656\" height=\"370\" srcset=\"https:\/\/digital58.com.ve\/site\/wp-content\/uploads\/2020\/06\/879394.jpg 656w, https:\/\/digital58.com.ve\/site\/wp-content\/uploads\/2020\/06\/879394-300x169.jpg 300w\" sizes=\"auto, (max-width: 656px) 100vw, 656px\" \/><\/p>\n<p>El vicepresidente nacional de la tolda blanca y embajador de Guaid\u00f3 en Espa\u00f1a asegur\u00f3 que pertenece a una organizaci\u00f3n que est\u00e1 en la conciencia del pueblo. Reiter\u00f3 que recuperaran AD por las buenas o por las malas.<\/p>\n<p><strong>Maracaibo, Zulia, Venezuela 16 de junio de 2020 (ND58).-<\/strong>\u00a0Ante la decisi\u00f3n del Tribunal Supremo de Justicia del gobierno de nombrar una mesa directiva ad hoc que presida Acci\u00f3n Democr\u00e1tica, Antonio Ecarri Bol\u00edvar, vicepresidente nacional del partido y embajador de Juan Guaid\u00f3 en Espa\u00f1a, indic\u00f3 que se trataba de un asalto a la organizaci\u00f3n.<\/p>\n<p>\u00abNo tengan preocupaci\u00f3n alguna\u00bb, se\u00f1al\u00f3. Igual pas\u00f3 en 1948 cuando la tiran\u00eda se impuso contra la democracia, cuando fue derrocado el gobierno leg\u00edtimo de R\u00f3mulo Gallegos. En aquel momento, Andr\u00e9s Eloy Blanco dijo: \u2018No somos un partido creado por decreto, somos la conciencia de un pueblo, y esa conciencia no ser\u00e1 disuelta por decretos. La m\u00edstica no sabe de decretos\u00bb, manifest\u00f3<\/p>\n<p>\u00abEstas palabras cobran vigencia y es por eso que le hago un llamado a mis compa\u00f1eros a no decaer y reforzar la m\u00edstica, reforzar la condici\u00f3n de militante, porque a este partido no lo destruye nadie\u00bb, agreg\u00f3.<\/p>\n<p>Descart\u00f3 que Bernab\u00e9 Guti\u00e9rrez tenga los pergaminos para hacerse con el liderazgo del partido. \u00abVamos a recuperar Acci\u00f3n Democr\u00e1tica por las buenas o por las malas, porque a este partido no lo destruye nadie\u00bb, asegur\u00f3.<\/p>\n<p><strong>Redacci\u00f3n: Molero, Luis\u00a0 (@Moleromarquez) | Fuente: Agencias<\/strong><br \/>\n<strong>Edici\u00f3n: Villasmil, Henry<\/strong><br \/>\n<strong>Gr\u00e1ficas: Cortes\u00eda<\/strong><\/p><div class=\"fyqqs69f0910515b0a\" ><p style=\"text-align: center;\"><a href=\"https:\/\/t.me\/noticiasdigital58\" target=\"_blank\" rel=\"noopener\"><img class=\"aligncenter size-full wp-image-125363\" src=\"https:\/\/digital58.com.ve\/site\/wp-content\/uploads\/2021\/04\/banner-telegram-web-2021.png\" alt=\"\" width=\"600\" height=\"90\" \/><\/a><\/p><\/div><style type=\"text\/css\">\r\n@media screen and (min-width: 1201px) {\r\n.fyqqs69f0910515b0a {\r\ndisplay: block;\r\n}\r\n}\r\n@media screen and (min-width: 993px) and (max-width: 1200px) {\r\n.fyqqs69f0910515b0a {\r\ndisplay: block;\r\n}\r\n}\r\n@media screen and (min-width: 769px) and (max-width: 992px) {\r\n.fyqqs69f0910515b0a {\r\ndisplay: block;\r\n}\r\n}\r\n@media screen and (min-width: 768px) and (max-width: 768px) {\r\n.fyqqs69f0910515b0a {\r\ndisplay: block;\r\n}\r\n}\r\n@media screen and (max-width: 767px) {\r\n.fyqqs69f0910515b0a {\r\ndisplay: block;\r\n}\r\n}\r\n<\/style>\r\n\n<p>&nbsp;<\/p>\n<div style=\"margin-top: 0px; margin-bottom: 0px;\" class=\"sharethis-inline-share-buttons\" ><\/div>","protected":false},"excerpt":{"rendered":"<p>El vicepresidente nacional de la tolda blanca y embajador de Guaid\u00f3 en Espa\u00f1a asegur\u00f3 que pertenece a una organizaci\u00f3n que<\/p>\n","protected":false},"author":26,"featured_media":106970,"comment_status":"open","ping_status":"closed","sticky":false,"template":"","format":"standard","meta":{"colormag_page_container_layout":"default_layout","colormag_page_sidebar_layout":"default_layout","_uag_custom_page_level_css":"","footnotes":""},"categories":[8610],"tags":[16011,16146,233,14961],"class_list":["post-106968","post","type-post","status-publish","format-standard","has-post-thumbnail","hentry","category-politica","tag-accion-democratica","tag-antonio-ecarri-bolivar","tag-nacionales","tag-tsj"],"yoast_head":"<!-- This site is optimized with the Yoast SEO plugin v27.4 - https:\/\/yoast.com\/product\/yoast-seo-wordpress\/ -->\n<title>Antonio Ecarri Bol\u00edvar: \u00abVamos a recuperar Acci\u00f3n Democr\u00e1tica por las buenas o por las malas\u00bb<\/title>\n<meta name=\"description\" content=\"Pol\u00edtica\" \/>\n<meta name=\"robots\" content=\"index, follow, max-snippet:-1, max-image-preview:large, max-video-preview:-1\" \/>\n<link rel=\"canonical\" href=\"https:\/\/digital58.com.ve\/site\/2020\/06\/16\/antonio-ecarri-bolivar-vamos-a-recuperar-accion-democratica-por-las-buenas-o-por-las-malas\/\" \/>\n<meta property=\"og:locale\" content=\"es_ES\" \/>\n<meta property=\"og:type\" content=\"article\" \/>\n<meta property=\"og:title\" content=\"Antonio Ecarri Bol\u00edvar: \u00abVamos a recuperar Acci\u00f3n Democr\u00e1tica por las buenas o por las malas\u00bb\" \/>\n<meta property=\"og:description\" content=\"Pol\u00edtica\" \/>\n<meta property=\"og:url\" content=\"https:\/\/digital58.com.ve\/site\/2020\/06\/16\/antonio-ecarri-bolivar-vamos-a-recuperar-accion-democratica-por-las-buenas-o-por-las-malas\/\" \/>\n<meta property=\"og:site_name\" content=\"Noticias Digital58\" \/>\n<meta property=\"article:published_time\" content=\"2020-06-16T17:35:27+00:00\" \/>\n<meta property=\"og:image\" content=\"https:\/\/digital58.com.ve\/site\/wp-content\/uploads\/2020\/06\/antonio-ecarri-bolivar-medium_0.jpg\" \/>\n\t<meta property=\"og:image:width\" content=\"990\" \/>\n\t<meta property=\"og:image:height\" content=\"557\" \/>\n\t<meta property=\"og:image:type\" content=\"image\/jpeg\" \/>\n<meta name=\"author\" content=\"Molero Luis\" \/>\n<meta name=\"twitter:card\" content=\"summary_large_image\" \/>\n<meta name=\"twitter:creator\" content=\"@Digital_58\" \/>\n<meta name=\"twitter:site\" content=\"@villasmilhfoto\" \/>\n<meta name=\"twitter:label1\" content=\"Escrito por\" \/>\n\t<meta name=\"twitter:data1\" content=\"Molero Luis\" \/>\n\t<meta name=\"twitter:label2\" content=\"Tiempo estimado de lectura\" \/>\n\t<meta name=\"twitter:data2\" content=\"1 minuto\" \/>\n<script type=\"application\/ld+json\" class=\"yoast-schema-graph\">{\"@context\":\"https:\\\/\\\/schema.org\",\"@graph\":[{\"@type\":\"Article\",\"@id\":\"https:\\\/\\\/digital58.com.ve\\\/site\\\/2020\\\/06\\\/16\\\/antonio-ecarri-bolivar-vamos-a-recuperar-accion-democratica-por-las-buenas-o-por-las-malas\\\/#article\",\"isPartOf\":{\"@id\":\"https:\\\/\\\/digital58.com.ve\\\/site\\\/2020\\\/06\\\/16\\\/antonio-ecarri-bolivar-vamos-a-recuperar-accion-democratica-por-las-buenas-o-por-las-malas\\\/\"},\"author\":{\"name\":\"Molero Luis\",\"@id\":\"https:\\\/\\\/digital58.com.ve\\\/site\\\/#\\\/schema\\\/person\\\/c61667ce6845137620ee3f0aaabade17\"},\"headline\":\"Antonio Ecarri Bol\u00edvar: \u00abVamos a recuperar Acci\u00f3n Democr\u00e1tica por las buenas o por las malas\u00bb\",\"datePublished\":\"2020-06-16T17:35:27+00:00\",\"mainEntityOfPage\":{\"@id\":\"https:\\\/\\\/digital58.com.ve\\\/site\\\/2020\\\/06\\\/16\\\/antonio-ecarri-bolivar-vamos-a-recuperar-accion-democratica-por-las-buenas-o-por-las-malas\\\/\"},\"wordCount\":277,\"commentCount\":0,\"publisher\":{\"@id\":\"https:\\\/\\\/digital58.com.ve\\\/site\\\/#\\\/schema\\\/person\\\/64d1c2e4d0d4fd1b849980c4331c2951\"},\"image\":{\"@id\":\"https:\\\/\\\/digital58.com.ve\\\/site\\\/2020\\\/06\\\/16\\\/antonio-ecarri-bolivar-vamos-a-recuperar-accion-democratica-por-las-buenas-o-por-las-malas\\\/#primaryimage\"},\"thumbnailUrl\":\"https:\\\/\\\/digital58.com.ve\\\/site\\\/wp-content\\\/uploads\\\/2020\\\/06\\\/antonio-ecarri-bolivar-medium_0.jpg\",\"keywords\":[\"Acci\u00f3n Democr\u00e1tica\",\"Antonio Ecarri Bol\u00edvar\",\"Nacionales\",\"TSJ\"],\"articleSection\":[\"Pol\u00edtica\"],\"inLanguage\":\"es\",\"potentialAction\":[{\"@type\":\"CommentAction\",\"name\":\"Comment\",\"target\":[\"https:\\\/\\\/digital58.com.ve\\\/site\\\/2020\\\/06\\\/16\\\/antonio-ecarri-bolivar-vamos-a-recuperar-accion-democratica-por-las-buenas-o-por-las-malas\\\/#respond\"]}]},{\"@type\":\"WebPage\",\"@id\":\"https:\\\/\\\/digital58.com.ve\\\/site\\\/2020\\\/06\\\/16\\\/antonio-ecarri-bolivar-vamos-a-recuperar-accion-democratica-por-las-buenas-o-por-las-malas\\\/\",\"url\":\"https:\\\/\\\/digital58.com.ve\\\/site\\\/2020\\\/06\\\/16\\\/antonio-ecarri-bolivar-vamos-a-recuperar-accion-democratica-por-las-buenas-o-por-las-malas\\\/\",\"name\":\"Antonio Ecarri Bol\u00edvar: \u00abVamos a recuperar Acci\u00f3n Democr\u00e1tica por las buenas o por las malas\u00bb\",\"isPartOf\":{\"@id\":\"https:\\\/\\\/digital58.com.ve\\\/site\\\/#website\"},\"primaryImageOfPage\":{\"@id\":\"https:\\\/\\\/digital58.com.ve\\\/site\\\/2020\\\/06\\\/16\\\/antonio-ecarri-bolivar-vamos-a-recuperar-accion-democratica-por-las-buenas-o-por-las-malas\\\/#primaryimage\"},\"image\":{\"@id\":\"https:\\\/\\\/digital58.com.ve\\\/site\\\/2020\\\/06\\\/16\\\/antonio-ecarri-bolivar-vamos-a-recuperar-accion-democratica-por-las-buenas-o-por-las-malas\\\/#primaryimage\"},\"thumbnailUrl\":\"https:\\\/\\\/digital58.com.ve\\\/site\\\/wp-content\\\/uploads\\\/2020\\\/06\\\/antonio-ecarri-bolivar-medium_0.jpg\",\"datePublished\":\"2020-06-16T17:35:27+00:00\",\"description\":\"Pol\u00edtica\",\"breadcrumb\":{\"@id\":\"https:\\\/\\\/digital58.com.ve\\\/site\\\/2020\\\/06\\\/16\\\/antonio-ecarri-bolivar-vamos-a-recuperar-accion-democratica-por-las-buenas-o-por-las-malas\\\/#breadcrumb\"},\"inLanguage\":\"es\",\"potentialAction\":[{\"@type\":\"ReadAction\",\"target\":[\"https:\\\/\\\/digital58.com.ve\\\/site\\\/2020\\\/06\\\/16\\\/antonio-ecarri-bolivar-vamos-a-recuperar-accion-democratica-por-las-buenas-o-por-las-malas\\\/\"]}]},{\"@type\":\"ImageObject\",\"inLanguage\":\"es\",\"@id\":\"https:\\\/\\\/digital58.com.ve\\\/site\\\/2020\\\/06\\\/16\\\/antonio-ecarri-bolivar-vamos-a-recuperar-accion-democratica-por-las-buenas-o-por-las-malas\\\/#primaryimage\",\"url\":\"https:\\\/\\\/digital58.com.ve\\\/site\\\/wp-content\\\/uploads\\\/2020\\\/06\\\/antonio-ecarri-bolivar-medium_0.jpg\",\"contentUrl\":\"https:\\\/\\\/digital58.com.ve\\\/site\\\/wp-content\\\/uploads\\\/2020\\\/06\\\/antonio-ecarri-bolivar-medium_0.jpg\",\"width\":800,\"height\":450},{\"@type\":\"BreadcrumbList\",\"@id\":\"https:\\\/\\\/digital58.com.ve\\\/site\\\/2020\\\/06\\\/16\\\/antonio-ecarri-bolivar-vamos-a-recuperar-accion-democratica-por-las-buenas-o-por-las-malas\\\/#breadcrumb\",\"itemListElement\":[{\"@type\":\"ListItem\",\"position\":1,\"name\":\"Home\",\"item\":\"https:\\\/\\\/digital58.com.ve\\\/site\\\/\"},{\"@type\":\"ListItem\",\"position\":2,\"name\":\"Antonio Ecarri Bol\u00edvar: \u00abVamos a recuperar Acci\u00f3n Democr\u00e1tica por las buenas o por las malas\u00bb\"}]},{\"@type\":\"WebSite\",\"@id\":\"https:\\\/\\\/digital58.com.ve\\\/site\\\/#website\",\"url\":\"https:\\\/\\\/digital58.com.ve\\\/site\\\/\",\"name\":\"Noticias Digital58\",\"description\":\"Portal de Noticias \u00a1Periodismo web de verdad! Lanzamiento web 22.11.2005 \\\/ Maracaibo, Venezuela\",\"publisher\":{\"@id\":\"https:\\\/\\\/digital58.com.ve\\\/site\\\/#\\\/schema\\\/person\\\/64d1c2e4d0d4fd1b849980c4331c2951\"},\"alternateName\":\"ND58\",\"potentialAction\":[{\"@type\":\"SearchAction\",\"target\":{\"@type\":\"EntryPoint\",\"urlTemplate\":\"https:\\\/\\\/digital58.com.ve\\\/site\\\/?s={search_term_string}\"},\"query-input\":{\"@type\":\"PropertyValueSpecification\",\"valueRequired\":true,\"valueName\":\"search_term_string\"}}],\"inLanguage\":\"es\"},{\"@type\":[\"Person\",\"Organization\"],\"@id\":\"https:\\\/\\\/digital58.com.ve\\\/site\\\/#\\\/schema\\\/person\\\/64d1c2e4d0d4fd1b849980c4331c2951\",\"name\":\"Villasmil Henry\",\"image\":{\"@type\":\"ImageObject\",\"inLanguage\":\"es\",\"@id\":\"https:\\\/\\\/secure.gravatar.com\\\/avatar\\\/bb0c4a2fcb7970138239f7e404ea75757b1b507b28b5ce4c53fbd62d797c5a7c?s=96&d=mm&r=g\",\"url\":\"https:\\\/\\\/secure.gravatar.com\\\/avatar\\\/bb0c4a2fcb7970138239f7e404ea75757b1b507b28b5ce4c53fbd62d797c5a7c?s=96&d=mm&r=g\",\"contentUrl\":\"https:\\\/\\\/secure.gravatar.com\\\/avatar\\\/bb0c4a2fcb7970138239f7e404ea75757b1b507b28b5ce4c53fbd62d797c5a7c?s=96&d=mm&r=g\",\"caption\":\"Villasmil Henry\"},\"logo\":{\"@id\":\"https:\\\/\\\/secure.gravatar.com\\\/avatar\\\/bb0c4a2fcb7970138239f7e404ea75757b1b507b28b5ce4c53fbd62d797c5a7c?s=96&d=mm&r=g\"},\"sameAs\":[\"http:\\\/\\\/www.henryvillasmil.com.ve\",\"https:\\\/\\\/www.instagram.com\\\/villasmilhfoto\\\/\",\"https:\\\/\\\/x.com\\\/https:\\\/\\\/twitter.com\\\/villasmilhfoto\"]},{\"@type\":\"Person\",\"@id\":\"https:\\\/\\\/digital58.com.ve\\\/site\\\/#\\\/schema\\\/person\\\/c61667ce6845137620ee3f0aaabade17\",\"name\":\"Molero Luis\",\"image\":{\"@type\":\"ImageObject\",\"inLanguage\":\"es\",\"@id\":\"https:\\\/\\\/secure.gravatar.com\\\/avatar\\\/bf041ec637e3e7405449807deb2f7cf3d2de7c6fa755dd56e985201de9863f2b?s=96&d=mm&r=g\",\"url\":\"https:\\\/\\\/secure.gravatar.com\\\/avatar\\\/bf041ec637e3e7405449807deb2f7cf3d2de7c6fa755dd56e985201de9863f2b?s=96&d=mm&r=g\",\"contentUrl\":\"https:\\\/\\\/secure.gravatar.com\\\/avatar\\\/bf041ec637e3e7405449807deb2f7cf3d2de7c6fa755dd56e985201de9863f2b?s=96&d=mm&r=g\",\"caption\":\"Molero Luis\"},\"url\":\"https:\\\/\\\/digital58.com.ve\\\/site\\\/author\\\/luismolero\\\/\"}]}<\/script>\n<!-- \/ Yoast SEO plugin. -->","yoast_head_json":{"title":"Antonio Ecarri Bol\u00edvar: \u00abVamos a recuperar Acci\u00f3n Democr\u00e1tica por las buenas o por las malas\u00bb","description":"Pol\u00edtica","robots":{"index":"index","follow":"follow","max-snippet":"max-snippet:-1","max-image-preview":"max-image-preview:large","max-video-preview":"max-video-preview:-1"},"canonical":"https:\/\/digital58.com.ve\/site\/2020\/06\/16\/antonio-ecarri-bolivar-vamos-a-recuperar-accion-democratica-por-las-buenas-o-por-las-malas\/","og_locale":"es_ES","og_type":"article","og_title":"Antonio Ecarri Bol\u00edvar: \u00abVamos a recuperar Acci\u00f3n Democr\u00e1tica por las buenas o por las malas\u00bb","og_description":"Pol\u00edtica","og_url":"https:\/\/digital58.com.ve\/site\/2020\/06\/16\/antonio-ecarri-bolivar-vamos-a-recuperar-accion-democratica-por-las-buenas-o-por-las-malas\/","og_site_name":"Noticias Digital58","article_published_time":"2020-06-16T17:35:27+00:00","og_image":[{"width":990,"height":557,"url":"https:\/\/digital58.com.ve\/site\/wp-content\/uploads\/2020\/06\/antonio-ecarri-bolivar-medium_0.jpg","type":"image\/jpeg"}],"author":"Molero Luis","twitter_card":"summary_large_image","twitter_creator":"@Digital_58","twitter_site":"@villasmilhfoto","twitter_misc":{"Escrito por":"Molero Luis","Tiempo estimado de lectura":"1 minuto"},"schema":{"@context":"https:\/\/schema.org","@graph":[{"@type":"Article","@id":"https:\/\/digital58.com.ve\/site\/2020\/06\/16\/antonio-ecarri-bolivar-vamos-a-recuperar-accion-democratica-por-las-buenas-o-por-las-malas\/#article","isPartOf":{"@id":"https:\/\/digital58.com.ve\/site\/2020\/06\/16\/antonio-ecarri-bolivar-vamos-a-recuperar-accion-democratica-por-las-buenas-o-por-las-malas\/"},"author":{"name":"Molero Luis","@id":"https:\/\/digital58.com.ve\/site\/#\/schema\/person\/c61667ce6845137620ee3f0aaabade17"},"headline":"Antonio Ecarri Bol\u00edvar: \u00abVamos a recuperar Acci\u00f3n Democr\u00e1tica por las buenas o por las malas\u00bb","datePublished":"2020-06-16T17:35:27+00:00","mainEntityOfPage":{"@id":"https:\/\/digital58.com.ve\/site\/2020\/06\/16\/antonio-ecarri-bolivar-vamos-a-recuperar-accion-democratica-por-las-buenas-o-por-las-malas\/"},"wordCount":277,"commentCount":0,"publisher":{"@id":"https:\/\/digital58.com.ve\/site\/#\/schema\/person\/64d1c2e4d0d4fd1b849980c4331c2951"},"image":{"@id":"https:\/\/digital58.com.ve\/site\/2020\/06\/16\/antonio-ecarri-bolivar-vamos-a-recuperar-accion-democratica-por-las-buenas-o-por-las-malas\/#primaryimage"},"thumbnailUrl":"https:\/\/digital58.com.ve\/site\/wp-content\/uploads\/2020\/06\/antonio-ecarri-bolivar-medium_0.jpg","keywords":["Acci\u00f3n Democr\u00e1tica","Antonio Ecarri Bol\u00edvar","Nacionales","TSJ"],"articleSection":["Pol\u00edtica"],"inLanguage":"es","potentialAction":[{"@type":"CommentAction","name":"Comment","target":["https:\/\/digital58.com.ve\/site\/2020\/06\/16\/antonio-ecarri-bolivar-vamos-a-recuperar-accion-democratica-por-las-buenas-o-por-las-malas\/#respond"]}]},{"@type":"WebPage","@id":"https:\/\/digital58.com.ve\/site\/2020\/06\/16\/antonio-ecarri-bolivar-vamos-a-recuperar-accion-democratica-por-las-buenas-o-por-las-malas\/","url":"https:\/\/digital58.com.ve\/site\/2020\/06\/16\/antonio-ecarri-bolivar-vamos-a-recuperar-accion-democratica-por-las-buenas-o-por-las-malas\/","name":"Antonio Ecarri Bol\u00edvar: \u00abVamos a recuperar Acci\u00f3n Democr\u00e1tica por las buenas o por las malas\u00bb","isPartOf":{"@id":"https:\/\/digital58.com.ve\/site\/#website"},"primaryImageOfPage":{"@id":"https:\/\/digital58.com.ve\/site\/2020\/06\/16\/antonio-ecarri-bolivar-vamos-a-recuperar-accion-democratica-por-las-buenas-o-por-las-malas\/#primaryimage"},"image":{"@id":"https:\/\/digital58.com.ve\/site\/2020\/06\/16\/antonio-ecarri-bolivar-vamos-a-recuperar-accion-democratica-por-las-buenas-o-por-las-malas\/#primaryimage"},"thumbnailUrl":"https:\/\/digital58.com.ve\/site\/wp-content\/uploads\/2020\/06\/antonio-ecarri-bolivar-medium_0.jpg","datePublished":"2020-06-16T17:35:27+00:00","description":"Pol\u00edtica","breadcrumb":{"@id":"https:\/\/digital58.com.ve\/site\/2020\/06\/16\/antonio-ecarri-bolivar-vamos-a-recuperar-accion-democratica-por-las-buenas-o-por-las-malas\/#breadcrumb"},"inLanguage":"es","potentialAction":[{"@type":"ReadAction","target":["https:\/\/digital58.com.ve\/site\/2020\/06\/16\/antonio-ecarri-bolivar-vamos-a-recuperar-accion-democratica-por-las-buenas-o-por-las-malas\/"]}]},{"@type":"ImageObject","inLanguage":"es","@id":"https:\/\/digital58.com.ve\/site\/2020\/06\/16\/antonio-ecarri-bolivar-vamos-a-recuperar-accion-democratica-por-las-buenas-o-por-las-malas\/#primaryimage","url":"https:\/\/digital58.com.ve\/site\/wp-content\/uploads\/2020\/06\/antonio-ecarri-bolivar-medium_0.jpg","contentUrl":"https:\/\/digital58.com.ve\/site\/wp-content\/uploads\/2020\/06\/antonio-ecarri-bolivar-medium_0.jpg","width":800,"height":450},{"@type":"BreadcrumbList","@id":"https:\/\/digital58.com.ve\/site\/2020\/06\/16\/antonio-ecarri-bolivar-vamos-a-recuperar-accion-democratica-por-las-buenas-o-por-las-malas\/#breadcrumb","itemListElement":[{"@type":"ListItem","position":1,"name":"Home","item":"https:\/\/digital58.com.ve\/site\/"},{"@type":"ListItem","position":2,"name":"Antonio Ecarri Bol\u00edvar: \u00abVamos a recuperar Acci\u00f3n Democr\u00e1tica por las buenas o por las malas\u00bb"}]},{"@type":"WebSite","@id":"https:\/\/digital58.com.ve\/site\/#website","url":"https:\/\/digital58.com.ve\/site\/","name":"Noticias Digital58","description":"Portal de Noticias \u00a1Periodismo web de verdad! Lanzamiento web 22.11.2005 \/ Maracaibo, Venezuela","publisher":{"@id":"https:\/\/digital58.com.ve\/site\/#\/schema\/person\/64d1c2e4d0d4fd1b849980c4331c2951"},"alternateName":"ND58","potentialAction":[{"@type":"SearchAction","target":{"@type":"EntryPoint","urlTemplate":"https:\/\/digital58.com.ve\/site\/?s={search_term_string}"},"query-input":{"@type":"PropertyValueSpecification","valueRequired":true,"valueName":"search_term_string"}}],"inLanguage":"es"},{"@type":["Person","Organization"],"@id":"https:\/\/digital58.com.ve\/site\/#\/schema\/person\/64d1c2e4d0d4fd1b849980c4331c2951","name":"Villasmil Henry","image":{"@type":"ImageObject","inLanguage":"es","@id":"https:\/\/secure.gravatar.com\/avatar\/bb0c4a2fcb7970138239f7e404ea75757b1b507b28b5ce4c53fbd62d797c5a7c?s=96&d=mm&r=g","url":"https:\/\/secure.gravatar.com\/avatar\/bb0c4a2fcb7970138239f7e404ea75757b1b507b28b5ce4c53fbd62d797c5a7c?s=96&d=mm&r=g","contentUrl":"https:\/\/secure.gravatar.com\/avatar\/bb0c4a2fcb7970138239f7e404ea75757b1b507b28b5ce4c53fbd62d797c5a7c?s=96&d=mm&r=g","caption":"Villasmil Henry"},"logo":{"@id":"https:\/\/secure.gravatar.com\/avatar\/bb0c4a2fcb7970138239f7e404ea75757b1b507b28b5ce4c53fbd62d797c5a7c?s=96&d=mm&r=g"},"sameAs":["http:\/\/www.henryvillasmil.com.ve","https:\/\/www.instagram.com\/villasmilhfoto\/","https:\/\/x.com\/https:\/\/twitter.com\/villasmilhfoto"]},{"@type":"Person","@id":"https:\/\/digital58.com.ve\/site\/#\/schema\/person\/c61667ce6845137620ee3f0aaabade17","name":"Molero Luis","image":{"@type":"ImageObject","inLanguage":"es","@id":"https:\/\/secure.gravatar.com\/avatar\/bf041ec637e3e7405449807deb2f7cf3d2de7c6fa755dd56e985201de9863f2b?s=96&d=mm&r=g","url":"https:\/\/secure.gravatar.com\/avatar\/bf041ec637e3e7405449807deb2f7cf3d2de7c6fa755dd56e985201de9863f2b?s=96&d=mm&r=g","contentUrl":"https:\/\/secure.gravatar.com\/avatar\/bf041ec637e3e7405449807deb2f7cf3d2de7c6fa755dd56e985201de9863f2b?s=96&d=mm&r=g","caption":"Molero Luis"},"url":"https:\/\/digital58.com.ve\/site\/author\/luismolero\/"}]}},"uagb_featured_image_src":{"full":["https:\/\/digital58.com.ve\/site\/wp-content\/uploads\/2020\/06\/antonio-ecarri-bolivar-medium_0.jpg",800,450,false],"thumbnail":["https:\/\/digital58.com.ve\/site\/wp-content\/uploads\/2020\/06\/antonio-ecarri-bolivar-medium_0-150x150.jpg",150,150,true],"medium":["https:\/\/digital58.com.ve\/site\/wp-content\/uploads\/2020\/06\/antonio-ecarri-bolivar-medium_0-300x169.jpg",300,169,true],"medium_large":["https:\/\/digital58.com.ve\/site\/wp-content\/uploads\/2020\/06\/antonio-ecarri-bolivar-medium_0-768x432.jpg",768,432,true],"large":["https:\/\/digital58.com.ve\/site\/wp-content\/uploads\/2020\/06\/antonio-ecarri-bolivar-medium_0.jpg",800,450,false],"1536x1536":["https:\/\/digital58.com.ve\/site\/wp-content\/uploads\/2020\/06\/antonio-ecarri-bolivar-medium_0.jpg",800,450,false],"2048x2048":["https:\/\/digital58.com.ve\/site\/wp-content\/uploads\/2020\/06\/antonio-ecarri-bolivar-medium_0.jpg",800,450,false],"colormag-highlighted-post":["https:\/\/digital58.com.ve\/site\/wp-content\/uploads\/2020\/06\/antonio-ecarri-bolivar-medium_0.jpg",392,221,false],"colormag-featured-post-medium":["https:\/\/digital58.com.ve\/site\/wp-content\/uploads\/2020\/06\/antonio-ecarri-bolivar-medium_0.jpg",364,205,false],"colormag-featured-post-small":["https:\/\/digital58.com.ve\/site\/wp-content\/uploads\/2020\/06\/antonio-ecarri-bolivar-medium_0.jpg",130,73,false],"colormag-featured-image":["https:\/\/digital58.com.ve\/site\/wp-content\/uploads\/2020\/06\/antonio-ecarri-bolivar-medium_0.jpg",791,445,false],"colormag-default-news":["https:\/\/digital58.com.ve\/site\/wp-content\/uploads\/2020\/06\/antonio-ecarri-bolivar-medium_0.jpg",150,84,false],"colormag-featured-image-large":["https:\/\/digital58.com.ve\/site\/wp-content\/uploads\/2020\/06\/antonio-ecarri-bolivar-medium_0.jpg",800,450,false]},"uagb_author_info":{"display_name":"Molero Luis","author_link":"https:\/\/digital58.com.ve\/site\/author\/luismolero\/"},"uagb_comment_info":0,"uagb_excerpt":"El vicepresidente nacional de la tolda blanca y embajador de Guaid\u00f3 en Espa\u00f1a asegur\u00f3 que pertenece a una organizaci\u00f3n que","_links":{"self":[{"href":"https:\/\/digital58.com.ve\/site\/wp-json\/wp\/v2\/posts\/106968","targetHints":{"allow":["GET"]}}],"collection":[{"href":"https:\/\/digital58.com.ve\/site\/wp-json\/wp\/v2\/posts"}],"about":[{"href":"https:\/\/digital58.com.ve\/site\/wp-json\/wp\/v2\/types\/post"}],"author":[{"embeddable":true,"href":"https:\/\/digital58.com.ve\/site\/wp-json\/wp\/v2\/users\/26"}],"replies":[{"embeddable":true,"href":"https:\/\/digital58.com.ve\/site\/wp-json\/wp\/v2\/comments?post=106968"}],"version-history":[{"count":0,"href":"https:\/\/digital58.com.ve\/site\/wp-json\/wp\/v2\/posts\/106968\/revisions"}],"wp:featuredmedia":[{"embeddable":true,"href":"https:\/\/digital58.com.ve\/site\/wp-json\/wp\/v2\/media\/106970"}],"wp:attachment":[{"href":"https:\/\/digital58.com.ve\/site\/wp-json\/wp\/v2\/media?parent=106968"}],"wp:term":[{"taxonomy":"category","embeddable":true,"href":"https:\/\/digital58.com.ve\/site\/wp-json\/wp\/v2\/categories?post=106968"},{"taxonomy":"post_tag","embeddable":true,"href":"https:\/\/digital58.com.ve\/site\/wp-json\/wp\/v2\/tags?post=106968"}],"curies":[{"name":"wp","href":"https:\/\/api.w.org\/{rel}","templated":true}]}}