{"id":106973,"date":"2020-06-16T13:42:08","date_gmt":"2020-06-16T17:42:08","guid":{"rendered":"https:\/\/digital58.com.ve\/site\/?p=106973"},"modified":"2020-06-16T22:47:31","modified_gmt":"2020-06-17T02:47:31","slug":"tala-de-arboles-aumenta-por-falta-de-gas-domestico-en-el-estado-tachira","status":"publish","type":"post","link":"https:\/\/digital58.com.ve\/site\/2020\/06\/16\/tala-de-arboles-aumenta-por-falta-de-gas-domestico-en-el-estado-tachira\/","title":{"rendered":"Tala de \u00e1rboles aumenta por falta de gas dom\u00e9stico en el estado T\u00e1chira"},"content":{"rendered":"<p><img loading=\"lazy\" decoding=\"async\" class=\"aligncenter wp-image-106974 size-full\" src=\"https:\/\/digital58.com.ve\/site\/wp-content\/uploads\/2020\/06\/627839_1.jpg\" alt=\"\" width=\"1200\" height=\"630\" srcset=\"https:\/\/digital58.com.ve\/site\/wp-content\/uploads\/2020\/06\/627839_1.jpg 1200w, https:\/\/digital58.com.ve\/site\/wp-content\/uploads\/2020\/06\/627839_1-300x158.jpg 300w, https:\/\/digital58.com.ve\/site\/wp-content\/uploads\/2020\/06\/627839_1-768x403.jpg 768w\" sizes=\"auto, (max-width: 1200px) 100vw, 1200px\" \/><\/p>\n<p>Debido a la constante falta de gas dom\u00e9stico en el estado T\u00e1chira se ha incrementado la tala de \u00e1rboles. Gerardo Chac\u00f2n secretario de un nuevo tiempo denunci\u00f3 este lunes la deforestaci\u00f3n que se est\u00e1 presentando en el municipio C\u00e1rdenas por este flagelo.<\/p>\n<p><strong>Maracaibo, Zulia, Venezuela 16 de junio de 2020 (ND58).-<\/strong>\u00a0Gerardo Chac\u00f2n secretario \u00a0ejecutivo de Un Nuevo Tiempo por el estado T\u00e1chira, denunci\u00f3 este lunes la deforestaci\u00f3n que se viene presentando en el municipio C\u00e1rdenas por la tala y quema de \u00e1rboles, como consecuencia de la escasez del servicio de gas dom\u00e9stico que se vive en la entidad.<\/p>\n<p>\u00abSe est\u00e1 causando un da\u00f1o irreparable al ecosistema\u201d, se\u00f1al\u00f3 en una nota de prensa\u00bb.<\/p>\n<p>Muchas personas se han visto afectadas en su salud. En los hogares utilizan la le\u00f1a, carb\u00f3n vegetal y otros combustibles s\u00f3lidos por la negligencia de un r\u00e9gimen que no realiza la distribuci\u00f3n adecuada de un servicio de vital importancia, indic\u00f3.<\/p>\n<p>Manifest\u00f3 que los organismos competentes deben garantizar al pueblo servicios p\u00fablicos de calidad.<\/p><div class=\"hvrze69f07ce57c518\" ><p style=\"text-align: center;\"><a href=\"https:\/\/t.me\/noticiasdigital58\" target=\"_blank\" rel=\"noopener\"><img class=\"aligncenter size-full wp-image-125363\" src=\"https:\/\/digital58.com.ve\/site\/wp-content\/uploads\/2021\/04\/banner-telegram-web-2021.png\" alt=\"\" width=\"600\" height=\"90\" \/><\/a><\/p><\/div><style type=\"text\/css\">\r\n@media screen and (min-width: 1201px) {\r\n.hvrze69f07ce57c518 {\r\ndisplay: block;\r\n}\r\n}\r\n@media screen and (min-width: 993px) and (max-width: 1200px) {\r\n.hvrze69f07ce57c518 {\r\ndisplay: block;\r\n}\r\n}\r\n@media screen and (min-width: 769px) and (max-width: 992px) {\r\n.hvrze69f07ce57c518 {\r\ndisplay: block;\r\n}\r\n}\r\n@media screen and (min-width: 768px) and (max-width: 768px) {\r\n.hvrze69f07ce57c518 {\r\ndisplay: block;\r\n}\r\n}\r\n@media screen and (max-width: 767px) {\r\n.hvrze69f07ce57c518 {\r\ndisplay: block;\r\n}\r\n}\r\n<\/style>\r\n\n<p><strong>Redacci\u00f3n: Molero, Luis\u00a0 (@Moleromarquez) | Fuente: Agencias<\/strong><br \/>\n<strong>Edici\u00f3n: Villasmil, Henry<\/strong><br \/>\n<strong>Gr\u00e1ficas: Cortes\u00eda<\/strong><\/p>\n<div style=\"margin-top: 0px; margin-bottom: 0px;\" class=\"sharethis-inline-share-buttons\" ><\/div>","protected":false},"excerpt":{"rendered":"<p>Debido a la constante falta de gas dom\u00e9stico en el estado T\u00e1chira se ha incrementado la tala de \u00e1rboles. Gerardo<\/p>\n","protected":false},"author":26,"featured_media":106975,"comment_status":"open","ping_status":"closed","sticky":false,"template":"","format":"standard","meta":{"colormag_page_container_layout":"default_layout","colormag_page_sidebar_layout":"default_layout","_uag_custom_page_level_css":"","footnotes":""},"categories":[8608],"tags":[15858,15389,233,4575,16148,32],"class_list":["post-106973","post","type-post","status-publish","format-standard","has-post-thumbnail","hentry","category-reportajes-especiales","tag-estado-tachira","tag-gas-domestico","tag-nacionales","tag-servicios-publico","tag-tala-de-arboles","tag-venezuela"],"yoast_head":"<!-- This site is optimized with the Yoast SEO plugin v27.4 - https:\/\/yoast.com\/product\/yoast-seo-wordpress\/ -->\n<title>Tala de \u00e1rboles aumenta por falta de gas dom\u00e9stico en el estado T\u00e1chira<\/title>\n<meta name=\"robots\" content=\"index, follow, max-snippet:-1, max-image-preview:large, max-video-preview:-1\" \/>\n<link rel=\"canonical\" href=\"https:\/\/digital58.com.ve\/site\/2020\/06\/16\/tala-de-arboles-aumenta-por-falta-de-gas-domestico-en-el-estado-tachira\/\" \/>\n<meta property=\"og:locale\" content=\"es_ES\" \/>\n<meta property=\"og:type\" content=\"article\" \/>\n<meta property=\"og:title\" content=\"Tala de \u00e1rboles aumenta por falta de gas dom\u00e9stico en el estado T\u00e1chira\" \/>\n<meta property=\"og:url\" content=\"https:\/\/digital58.com.ve\/site\/2020\/06\/16\/tala-de-arboles-aumenta-por-falta-de-gas-domestico-en-el-estado-tachira\/\" \/>\n<meta property=\"og:site_name\" content=\"Noticias Digital58\" \/>\n<meta property=\"article:published_time\" content=\"2020-06-16T17:42:08+00:00\" \/>\n<meta property=\"article:modified_time\" content=\"2020-06-17T02:47:31+00:00\" \/>\n<meta property=\"og:image\" content=\"https:\/\/digital58.com.ve\/site\/wp-content\/uploads\/2020\/06\/Tala-de-\u00e1rboles.jpg\" \/>\n\t<meta property=\"og:image:width\" content=\"800\" \/>\n\t<meta property=\"og:image:height\" content=\"548\" \/>\n\t<meta property=\"og:image:type\" content=\"image\/jpeg\" \/>\n<meta name=\"author\" content=\"Molero Luis\" \/>\n<meta name=\"twitter:card\" content=\"summary_large_image\" \/>\n<meta name=\"twitter:creator\" content=\"@Digital_58\" \/>\n<meta name=\"twitter:site\" content=\"@villasmilhfoto\" \/>\n<meta name=\"twitter:label1\" content=\"Escrito por\" \/>\n\t<meta name=\"twitter:data1\" content=\"Molero Luis\" \/>\n\t<meta name=\"twitter:label2\" content=\"Tiempo estimado de lectura\" \/>\n\t<meta name=\"twitter:data2\" content=\"1 minuto\" \/>\n<script type=\"application\/ld+json\" class=\"yoast-schema-graph\">{\"@context\":\"https:\\\/\\\/schema.org\",\"@graph\":[{\"@type\":\"Article\",\"@id\":\"https:\\\/\\\/digital58.com.ve\\\/site\\\/2020\\\/06\\\/16\\\/tala-de-arboles-aumenta-por-falta-de-gas-domestico-en-el-estado-tachira\\\/#article\",\"isPartOf\":{\"@id\":\"https:\\\/\\\/digital58.com.ve\\\/site\\\/2020\\\/06\\\/16\\\/tala-de-arboles-aumenta-por-falta-de-gas-domestico-en-el-estado-tachira\\\/\"},\"author\":{\"name\":\"Molero Luis\",\"@id\":\"https:\\\/\\\/digital58.com.ve\\\/site\\\/#\\\/schema\\\/person\\\/c61667ce6845137620ee3f0aaabade17\"},\"headline\":\"Tala de \u00e1rboles aumenta por falta de gas dom\u00e9stico en el estado T\u00e1chira\",\"datePublished\":\"2020-06-16T17:42:08+00:00\",\"dateModified\":\"2020-06-17T02:47:31+00:00\",\"mainEntityOfPage\":{\"@id\":\"https:\\\/\\\/digital58.com.ve\\\/site\\\/2020\\\/06\\\/16\\\/tala-de-arboles-aumenta-por-falta-de-gas-domestico-en-el-estado-tachira\\\/\"},\"wordCount\":213,\"commentCount\":0,\"publisher\":{\"@id\":\"https:\\\/\\\/digital58.com.ve\\\/site\\\/#\\\/schema\\\/person\\\/64d1c2e4d0d4fd1b849980c4331c2951\"},\"image\":{\"@id\":\"https:\\\/\\\/digital58.com.ve\\\/site\\\/2020\\\/06\\\/16\\\/tala-de-arboles-aumenta-por-falta-de-gas-domestico-en-el-estado-tachira\\\/#primaryimage\"},\"thumbnailUrl\":\"https:\\\/\\\/digital58.com.ve\\\/site\\\/wp-content\\\/uploads\\\/2020\\\/06\\\/Tala-de-\u00e1rboles.jpg\",\"keywords\":[\"Estado T\u00e0chira\",\"Gas Dom\u00e9stico\",\"Nacionales\",\"Servicios P\u00fablico\",\"Tala de \u00c0rboles\",\"Venezuela\"],\"articleSection\":[\"Reportajes Especiales\"],\"inLanguage\":\"es\",\"potentialAction\":[{\"@type\":\"CommentAction\",\"name\":\"Comment\",\"target\":[\"https:\\\/\\\/digital58.com.ve\\\/site\\\/2020\\\/06\\\/16\\\/tala-de-arboles-aumenta-por-falta-de-gas-domestico-en-el-estado-tachira\\\/#respond\"]}]},{\"@type\":\"WebPage\",\"@id\":\"https:\\\/\\\/digital58.com.ve\\\/site\\\/2020\\\/06\\\/16\\\/tala-de-arboles-aumenta-por-falta-de-gas-domestico-en-el-estado-tachira\\\/\",\"url\":\"https:\\\/\\\/digital58.com.ve\\\/site\\\/2020\\\/06\\\/16\\\/tala-de-arboles-aumenta-por-falta-de-gas-domestico-en-el-estado-tachira\\\/\",\"name\":\"Tala de \u00e1rboles aumenta por falta de gas dom\u00e9stico en el estado T\u00e1chira\",\"isPartOf\":{\"@id\":\"https:\\\/\\\/digital58.com.ve\\\/site\\\/#website\"},\"primaryImageOfPage\":{\"@id\":\"https:\\\/\\\/digital58.com.ve\\\/site\\\/2020\\\/06\\\/16\\\/tala-de-arboles-aumenta-por-falta-de-gas-domestico-en-el-estado-tachira\\\/#primaryimage\"},\"image\":{\"@id\":\"https:\\\/\\\/digital58.com.ve\\\/site\\\/2020\\\/06\\\/16\\\/tala-de-arboles-aumenta-por-falta-de-gas-domestico-en-el-estado-tachira\\\/#primaryimage\"},\"thumbnailUrl\":\"https:\\\/\\\/digital58.com.ve\\\/site\\\/wp-content\\\/uploads\\\/2020\\\/06\\\/Tala-de-\u00e1rboles.jpg\",\"datePublished\":\"2020-06-16T17:42:08+00:00\",\"dateModified\":\"2020-06-17T02:47:31+00:00\",\"breadcrumb\":{\"@id\":\"https:\\\/\\\/digital58.com.ve\\\/site\\\/2020\\\/06\\\/16\\\/tala-de-arboles-aumenta-por-falta-de-gas-domestico-en-el-estado-tachira\\\/#breadcrumb\"},\"inLanguage\":\"es\",\"potentialAction\":[{\"@type\":\"ReadAction\",\"target\":[\"https:\\\/\\\/digital58.com.ve\\\/site\\\/2020\\\/06\\\/16\\\/tala-de-arboles-aumenta-por-falta-de-gas-domestico-en-el-estado-tachira\\\/\"]}]},{\"@type\":\"ImageObject\",\"inLanguage\":\"es\",\"@id\":\"https:\\\/\\\/digital58.com.ve\\\/site\\\/2020\\\/06\\\/16\\\/tala-de-arboles-aumenta-por-falta-de-gas-domestico-en-el-estado-tachira\\\/#primaryimage\",\"url\":\"https:\\\/\\\/digital58.com.ve\\\/site\\\/wp-content\\\/uploads\\\/2020\\\/06\\\/Tala-de-\u00e1rboles.jpg\",\"contentUrl\":\"https:\\\/\\\/digital58.com.ve\\\/site\\\/wp-content\\\/uploads\\\/2020\\\/06\\\/Tala-de-\u00e1rboles.jpg\",\"width\":800,\"height\":548},{\"@type\":\"BreadcrumbList\",\"@id\":\"https:\\\/\\\/digital58.com.ve\\\/site\\\/2020\\\/06\\\/16\\\/tala-de-arboles-aumenta-por-falta-de-gas-domestico-en-el-estado-tachira\\\/#breadcrumb\",\"itemListElement\":[{\"@type\":\"ListItem\",\"position\":1,\"name\":\"Home\",\"item\":\"https:\\\/\\\/digital58.com.ve\\\/site\\\/\"},{\"@type\":\"ListItem\",\"position\":2,\"name\":\"Tala de \u00e1rboles aumenta por falta de gas dom\u00e9stico en el estado T\u00e1chira\"}]},{\"@type\":\"WebSite\",\"@id\":\"https:\\\/\\\/digital58.com.ve\\\/site\\\/#website\",\"url\":\"https:\\\/\\\/digital58.com.ve\\\/site\\\/\",\"name\":\"Noticias Digital58\",\"description\":\"Portal de Noticias \u00a1Periodismo web de verdad! Lanzamiento web 22.11.2005 \\\/ Maracaibo, Venezuela\",\"publisher\":{\"@id\":\"https:\\\/\\\/digital58.com.ve\\\/site\\\/#\\\/schema\\\/person\\\/64d1c2e4d0d4fd1b849980c4331c2951\"},\"alternateName\":\"ND58\",\"potentialAction\":[{\"@type\":\"SearchAction\",\"target\":{\"@type\":\"EntryPoint\",\"urlTemplate\":\"https:\\\/\\\/digital58.com.ve\\\/site\\\/?s={search_term_string}\"},\"query-input\":{\"@type\":\"PropertyValueSpecification\",\"valueRequired\":true,\"valueName\":\"search_term_string\"}}],\"inLanguage\":\"es\"},{\"@type\":[\"Person\",\"Organization\"],\"@id\":\"https:\\\/\\\/digital58.com.ve\\\/site\\\/#\\\/schema\\\/person\\\/64d1c2e4d0d4fd1b849980c4331c2951\",\"name\":\"Villasmil Henry\",\"image\":{\"@type\":\"ImageObject\",\"inLanguage\":\"es\",\"@id\":\"https:\\\/\\\/secure.gravatar.com\\\/avatar\\\/bb0c4a2fcb7970138239f7e404ea75757b1b507b28b5ce4c53fbd62d797c5a7c?s=96&d=mm&r=g\",\"url\":\"https:\\\/\\\/secure.gravatar.com\\\/avatar\\\/bb0c4a2fcb7970138239f7e404ea75757b1b507b28b5ce4c53fbd62d797c5a7c?s=96&d=mm&r=g\",\"contentUrl\":\"https:\\\/\\\/secure.gravatar.com\\\/avatar\\\/bb0c4a2fcb7970138239f7e404ea75757b1b507b28b5ce4c53fbd62d797c5a7c?s=96&d=mm&r=g\",\"caption\":\"Villasmil Henry\"},\"logo\":{\"@id\":\"https:\\\/\\\/secure.gravatar.com\\\/avatar\\\/bb0c4a2fcb7970138239f7e404ea75757b1b507b28b5ce4c53fbd62d797c5a7c?s=96&d=mm&r=g\"},\"sameAs\":[\"http:\\\/\\\/www.henryvillasmil.com.ve\",\"https:\\\/\\\/www.instagram.com\\\/villasmilhfoto\\\/\",\"https:\\\/\\\/x.com\\\/https:\\\/\\\/twitter.com\\\/villasmilhfoto\"]},{\"@type\":\"Person\",\"@id\":\"https:\\\/\\\/digital58.com.ve\\\/site\\\/#\\\/schema\\\/person\\\/c61667ce6845137620ee3f0aaabade17\",\"name\":\"Molero Luis\",\"image\":{\"@type\":\"ImageObject\",\"inLanguage\":\"es\",\"@id\":\"https:\\\/\\\/secure.gravatar.com\\\/avatar\\\/bf041ec637e3e7405449807deb2f7cf3d2de7c6fa755dd56e985201de9863f2b?s=96&d=mm&r=g\",\"url\":\"https:\\\/\\\/secure.gravatar.com\\\/avatar\\\/bf041ec637e3e7405449807deb2f7cf3d2de7c6fa755dd56e985201de9863f2b?s=96&d=mm&r=g\",\"contentUrl\":\"https:\\\/\\\/secure.gravatar.com\\\/avatar\\\/bf041ec637e3e7405449807deb2f7cf3d2de7c6fa755dd56e985201de9863f2b?s=96&d=mm&r=g\",\"caption\":\"Molero Luis\"},\"url\":\"https:\\\/\\\/digital58.com.ve\\\/site\\\/author\\\/luismolero\\\/\"}]}<\/script>\n<!-- \/ Yoast SEO plugin. -->","yoast_head_json":{"title":"Tala de \u00e1rboles aumenta por falta de gas dom\u00e9stico en el estado T\u00e1chira","robots":{"index":"index","follow":"follow","max-snippet":"max-snippet:-1","max-image-preview":"max-image-preview:large","max-video-preview":"max-video-preview:-1"},"canonical":"https:\/\/digital58.com.ve\/site\/2020\/06\/16\/tala-de-arboles-aumenta-por-falta-de-gas-domestico-en-el-estado-tachira\/","og_locale":"es_ES","og_type":"article","og_title":"Tala de \u00e1rboles aumenta por falta de gas dom\u00e9stico en el estado T\u00e1chira","og_url":"https:\/\/digital58.com.ve\/site\/2020\/06\/16\/tala-de-arboles-aumenta-por-falta-de-gas-domestico-en-el-estado-tachira\/","og_site_name":"Noticias Digital58","article_published_time":"2020-06-16T17:42:08+00:00","article_modified_time":"2020-06-17T02:47:31+00:00","og_image":[{"width":800,"height":548,"url":"https:\/\/digital58.com.ve\/site\/wp-content\/uploads\/2020\/06\/Tala-de-\u00e1rboles.jpg","type":"image\/jpeg"}],"author":"Molero Luis","twitter_card":"summary_large_image","twitter_creator":"@Digital_58","twitter_site":"@villasmilhfoto","twitter_misc":{"Escrito por":"Molero Luis","Tiempo estimado de lectura":"1 minuto"},"schema":{"@context":"https:\/\/schema.org","@graph":[{"@type":"Article","@id":"https:\/\/digital58.com.ve\/site\/2020\/06\/16\/tala-de-arboles-aumenta-por-falta-de-gas-domestico-en-el-estado-tachira\/#article","isPartOf":{"@id":"https:\/\/digital58.com.ve\/site\/2020\/06\/16\/tala-de-arboles-aumenta-por-falta-de-gas-domestico-en-el-estado-tachira\/"},"author":{"name":"Molero Luis","@id":"https:\/\/digital58.com.ve\/site\/#\/schema\/person\/c61667ce6845137620ee3f0aaabade17"},"headline":"Tala de \u00e1rboles aumenta por falta de gas dom\u00e9stico en el estado T\u00e1chira","datePublished":"2020-06-16T17:42:08+00:00","dateModified":"2020-06-17T02:47:31+00:00","mainEntityOfPage":{"@id":"https:\/\/digital58.com.ve\/site\/2020\/06\/16\/tala-de-arboles-aumenta-por-falta-de-gas-domestico-en-el-estado-tachira\/"},"wordCount":213,"commentCount":0,"publisher":{"@id":"https:\/\/digital58.com.ve\/site\/#\/schema\/person\/64d1c2e4d0d4fd1b849980c4331c2951"},"image":{"@id":"https:\/\/digital58.com.ve\/site\/2020\/06\/16\/tala-de-arboles-aumenta-por-falta-de-gas-domestico-en-el-estado-tachira\/#primaryimage"},"thumbnailUrl":"https:\/\/digital58.com.ve\/site\/wp-content\/uploads\/2020\/06\/Tala-de-\u00e1rboles.jpg","keywords":["Estado T\u00e0chira","Gas Dom\u00e9stico","Nacionales","Servicios P\u00fablico","Tala de \u00c0rboles","Venezuela"],"articleSection":["Reportajes Especiales"],"inLanguage":"es","potentialAction":[{"@type":"CommentAction","name":"Comment","target":["https:\/\/digital58.com.ve\/site\/2020\/06\/16\/tala-de-arboles-aumenta-por-falta-de-gas-domestico-en-el-estado-tachira\/#respond"]}]},{"@type":"WebPage","@id":"https:\/\/digital58.com.ve\/site\/2020\/06\/16\/tala-de-arboles-aumenta-por-falta-de-gas-domestico-en-el-estado-tachira\/","url":"https:\/\/digital58.com.ve\/site\/2020\/06\/16\/tala-de-arboles-aumenta-por-falta-de-gas-domestico-en-el-estado-tachira\/","name":"Tala de \u00e1rboles aumenta por falta de gas dom\u00e9stico en el estado T\u00e1chira","isPartOf":{"@id":"https:\/\/digital58.com.ve\/site\/#website"},"primaryImageOfPage":{"@id":"https:\/\/digital58.com.ve\/site\/2020\/06\/16\/tala-de-arboles-aumenta-por-falta-de-gas-domestico-en-el-estado-tachira\/#primaryimage"},"image":{"@id":"https:\/\/digital58.com.ve\/site\/2020\/06\/16\/tala-de-arboles-aumenta-por-falta-de-gas-domestico-en-el-estado-tachira\/#primaryimage"},"thumbnailUrl":"https:\/\/digital58.com.ve\/site\/wp-content\/uploads\/2020\/06\/Tala-de-\u00e1rboles.jpg","datePublished":"2020-06-16T17:42:08+00:00","dateModified":"2020-06-17T02:47:31+00:00","breadcrumb":{"@id":"https:\/\/digital58.com.ve\/site\/2020\/06\/16\/tala-de-arboles-aumenta-por-falta-de-gas-domestico-en-el-estado-tachira\/#breadcrumb"},"inLanguage":"es","potentialAction":[{"@type":"ReadAction","target":["https:\/\/digital58.com.ve\/site\/2020\/06\/16\/tala-de-arboles-aumenta-por-falta-de-gas-domestico-en-el-estado-tachira\/"]}]},{"@type":"ImageObject","inLanguage":"es","@id":"https:\/\/digital58.com.ve\/site\/2020\/06\/16\/tala-de-arboles-aumenta-por-falta-de-gas-domestico-en-el-estado-tachira\/#primaryimage","url":"https:\/\/digital58.com.ve\/site\/wp-content\/uploads\/2020\/06\/Tala-de-\u00e1rboles.jpg","contentUrl":"https:\/\/digital58.com.ve\/site\/wp-content\/uploads\/2020\/06\/Tala-de-\u00e1rboles.jpg","width":800,"height":548},{"@type":"BreadcrumbList","@id":"https:\/\/digital58.com.ve\/site\/2020\/06\/16\/tala-de-arboles-aumenta-por-falta-de-gas-domestico-en-el-estado-tachira\/#breadcrumb","itemListElement":[{"@type":"ListItem","position":1,"name":"Home","item":"https:\/\/digital58.com.ve\/site\/"},{"@type":"ListItem","position":2,"name":"Tala de \u00e1rboles aumenta por falta de gas dom\u00e9stico en el estado T\u00e1chira"}]},{"@type":"WebSite","@id":"https:\/\/digital58.com.ve\/site\/#website","url":"https:\/\/digital58.com.ve\/site\/","name":"Noticias Digital58","description":"Portal de Noticias \u00a1Periodismo web de verdad! Lanzamiento web 22.11.2005 \/ Maracaibo, Venezuela","publisher":{"@id":"https:\/\/digital58.com.ve\/site\/#\/schema\/person\/64d1c2e4d0d4fd1b849980c4331c2951"},"alternateName":"ND58","potentialAction":[{"@type":"SearchAction","target":{"@type":"EntryPoint","urlTemplate":"https:\/\/digital58.com.ve\/site\/?s={search_term_string}"},"query-input":{"@type":"PropertyValueSpecification","valueRequired":true,"valueName":"search_term_string"}}],"inLanguage":"es"},{"@type":["Person","Organization"],"@id":"https:\/\/digital58.com.ve\/site\/#\/schema\/person\/64d1c2e4d0d4fd1b849980c4331c2951","name":"Villasmil Henry","image":{"@type":"ImageObject","inLanguage":"es","@id":"https:\/\/secure.gravatar.com\/avatar\/bb0c4a2fcb7970138239f7e404ea75757b1b507b28b5ce4c53fbd62d797c5a7c?s=96&d=mm&r=g","url":"https:\/\/secure.gravatar.com\/avatar\/bb0c4a2fcb7970138239f7e404ea75757b1b507b28b5ce4c53fbd62d797c5a7c?s=96&d=mm&r=g","contentUrl":"https:\/\/secure.gravatar.com\/avatar\/bb0c4a2fcb7970138239f7e404ea75757b1b507b28b5ce4c53fbd62d797c5a7c?s=96&d=mm&r=g","caption":"Villasmil Henry"},"logo":{"@id":"https:\/\/secure.gravatar.com\/avatar\/bb0c4a2fcb7970138239f7e404ea75757b1b507b28b5ce4c53fbd62d797c5a7c?s=96&d=mm&r=g"},"sameAs":["http:\/\/www.henryvillasmil.com.ve","https:\/\/www.instagram.com\/villasmilhfoto\/","https:\/\/x.com\/https:\/\/twitter.com\/villasmilhfoto"]},{"@type":"Person","@id":"https:\/\/digital58.com.ve\/site\/#\/schema\/person\/c61667ce6845137620ee3f0aaabade17","name":"Molero Luis","image":{"@type":"ImageObject","inLanguage":"es","@id":"https:\/\/secure.gravatar.com\/avatar\/bf041ec637e3e7405449807deb2f7cf3d2de7c6fa755dd56e985201de9863f2b?s=96&d=mm&r=g","url":"https:\/\/secure.gravatar.com\/avatar\/bf041ec637e3e7405449807deb2f7cf3d2de7c6fa755dd56e985201de9863f2b?s=96&d=mm&r=g","contentUrl":"https:\/\/secure.gravatar.com\/avatar\/bf041ec637e3e7405449807deb2f7cf3d2de7c6fa755dd56e985201de9863f2b?s=96&d=mm&r=g","caption":"Molero Luis"},"url":"https:\/\/digital58.com.ve\/site\/author\/luismolero\/"}]}},"uagb_featured_image_src":{"full":["https:\/\/digital58.com.ve\/site\/wp-content\/uploads\/2020\/06\/Tala-de-\u00e1rboles.jpg",800,548,false],"thumbnail":["https:\/\/digital58.com.ve\/site\/wp-content\/uploads\/2020\/06\/Tala-de-\u00e1rboles-150x150.jpg",150,150,true],"medium":["https:\/\/digital58.com.ve\/site\/wp-content\/uploads\/2020\/06\/Tala-de-\u00e1rboles-300x206.jpg",300,206,true],"medium_large":["https:\/\/digital58.com.ve\/site\/wp-content\/uploads\/2020\/06\/Tala-de-\u00e1rboles-768x526.jpg",768,526,true],"large":["https:\/\/digital58.com.ve\/site\/wp-content\/uploads\/2020\/06\/Tala-de-\u00e1rboles.jpg",800,548,false],"1536x1536":["https:\/\/digital58.com.ve\/site\/wp-content\/uploads\/2020\/06\/Tala-de-\u00e1rboles.jpg",800,548,false],"2048x2048":["https:\/\/digital58.com.ve\/site\/wp-content\/uploads\/2020\/06\/Tala-de-\u00e1rboles.jpg",800,548,false],"colormag-highlighted-post":["https:\/\/digital58.com.ve\/site\/wp-content\/uploads\/2020\/06\/Tala-de-\u00e1rboles.jpg",392,269,false],"colormag-featured-post-medium":["https:\/\/digital58.com.ve\/site\/wp-content\/uploads\/2020\/06\/Tala-de-\u00e1rboles.jpg",299,205,false],"colormag-featured-post-small":["https:\/\/digital58.com.ve\/site\/wp-content\/uploads\/2020\/06\/Tala-de-\u00e1rboles.jpg",130,90,false],"colormag-featured-image":["https:\/\/digital58.com.ve\/site\/wp-content\/uploads\/2020\/06\/Tala-de-\u00e1rboles.jpg",650,445,false],"colormag-default-news":["https:\/\/digital58.com.ve\/site\/wp-content\/uploads\/2020\/06\/Tala-de-\u00e1rboles.jpg",150,103,false],"colormag-featured-image-large":["https:\/\/digital58.com.ve\/site\/wp-content\/uploads\/2020\/06\/Tala-de-\u00e1rboles.jpg",800,548,false]},"uagb_author_info":{"display_name":"Molero Luis","author_link":"https:\/\/digital58.com.ve\/site\/author\/luismolero\/"},"uagb_comment_info":0,"uagb_excerpt":"Debido a la constante falta de gas dom\u00e9stico en el estado T\u00e1chira se ha incrementado la tala de \u00e1rboles. Gerardo","_links":{"self":[{"href":"https:\/\/digital58.com.ve\/site\/wp-json\/wp\/v2\/posts\/106973","targetHints":{"allow":["GET"]}}],"collection":[{"href":"https:\/\/digital58.com.ve\/site\/wp-json\/wp\/v2\/posts"}],"about":[{"href":"https:\/\/digital58.com.ve\/site\/wp-json\/wp\/v2\/types\/post"}],"author":[{"embeddable":true,"href":"https:\/\/digital58.com.ve\/site\/wp-json\/wp\/v2\/users\/26"}],"replies":[{"embeddable":true,"href":"https:\/\/digital58.com.ve\/site\/wp-json\/wp\/v2\/comments?post=106973"}],"version-history":[{"count":0,"href":"https:\/\/digital58.com.ve\/site\/wp-json\/wp\/v2\/posts\/106973\/revisions"}],"wp:featuredmedia":[{"embeddable":true,"href":"https:\/\/digital58.com.ve\/site\/wp-json\/wp\/v2\/media\/106975"}],"wp:attachment":[{"href":"https:\/\/digital58.com.ve\/site\/wp-json\/wp\/v2\/media?parent=106973"}],"wp:term":[{"taxonomy":"category","embeddable":true,"href":"https:\/\/digital58.com.ve\/site\/wp-json\/wp\/v2\/categories?post=106973"},{"taxonomy":"post_tag","embeddable":true,"href":"https:\/\/digital58.com.ve\/site\/wp-json\/wp\/v2\/tags?post=106973"}],"curies":[{"name":"wp","href":"https:\/\/api.w.org\/{rel}","templated":true}]}}