{"id":107021,"date":"2020-06-16T17:24:17","date_gmt":"2020-06-16T21:24:17","guid":{"rendered":"https:\/\/digital58.com.ve\/site\/?p=107021"},"modified":"2020-06-16T17:24:17","modified_gmt":"2020-06-16T21:24:17","slug":"el-bayern-campeon-por-octava-vez-consecutiva-tras-derrotar-al-bremen","status":"publish","type":"post","link":"https:\/\/digital58.com.ve\/site\/2020\/06\/16\/el-bayern-campeon-por-octava-vez-consecutiva-tras-derrotar-al-bremen\/","title":{"rendered":"El Bayern campe\u00f3n por octava vez consecutiva tras derrotar al Bremen"},"content":{"rendered":"<p><a href=\"https:\/\/digital58.com.ve\/site\/wp-content\/uploads\/2020\/06\/bayern-16.jpg\"><img loading=\"lazy\" decoding=\"async\" class=\"aligncenter size-full wp-image-107028\" src=\"https:\/\/digital58.com.ve\/site\/wp-content\/uploads\/2020\/06\/bayern-16.jpg\" alt=\"\" width=\"1200\" height=\"800\" srcset=\"https:\/\/digital58.com.ve\/site\/wp-content\/uploads\/2020\/06\/bayern-16.jpg 800w, https:\/\/digital58.com.ve\/site\/wp-content\/uploads\/2020\/06\/bayern-16-300x200.jpg 300w, https:\/\/digital58.com.ve\/site\/wp-content\/uploads\/2020\/06\/bayern-16-768x512.jpg 768w, https:\/\/digital58.com.ve\/site\/wp-content\/uploads\/2020\/06\/bayern-16-720x480.jpg 720w, https:\/\/digital58.com.ve\/site\/wp-content\/uploads\/2020\/06\/bayern-16-480x320.jpg 480w\" sizes=\"auto, (max-width: 1200px) 100vw, 1200px\" \/><\/a><\/p>\n<p>El Bayern se coron\u00f3 este martes camp\u00e9on de la Bundesliga alemana por octava vez consecutiva al derrotar a domicilio al Werder Bremen (0-1) y hacerse inalcanzable para su perseguidor m\u00e1s cercano, el Borussia Dortmund.<\/p>\n<p><strong>Alemania, 16 de junio de 2020 (ND58).-<\/strong> El Dortmund deber\u00e1 jugar este mi\u00e9rcoles ante el Maguncia y, si gana, la desventaja ante el Bayern ser\u00eda se siete puntos a falta de dos jornadas para que termine el torneo.<\/p>\n<p>El Bayern jug\u00f3 este martes los \u00faltimos diez minutos en inferioridad num\u00e9rica por expulsi\u00f3n de Alphonso Davies con doble amarilla.<\/p>\n<p>El Bayern dio desde el comienzo claras muestras de su intenci\u00f3n de sentenciar la Bundesliga. En el minuto 2 tuvo la primera llegada con remate de Lewandowski que un defensa desvi\u00f3 a saque de esquina. Presionaba al Bremen por momentos con todos los jugadores de campo en la mitad contraria y buscaba constantemente el camino al \u00e1rea.<\/p>\n<p>Para el Bremen tambi\u00e9n hab\u00eda mucho en juego y en medio de la lucha contra el descenso dio muestras de que al menos pensaba vender su piel cara y se meti\u00f3 en el partido a punta de intensidad en los duelos individuales por bal\u00f3n y buscando ocasiones de contragolpes.<\/p>\n<p><a href=\"https:\/\/digital58.com.ve\/site\/wp-content\/uploads\/2020\/06\/bayern-16-3.jpg\"><img loading=\"lazy\" decoding=\"async\" class=\"aligncenter size-full wp-image-107026\" src=\"https:\/\/digital58.com.ve\/site\/wp-content\/uploads\/2020\/06\/bayern-16-3.jpg\" alt=\"\" width=\"1200\" height=\"800\" srcset=\"https:\/\/digital58.com.ve\/site\/wp-content\/uploads\/2020\/06\/bayern-16-3.jpg 800w, https:\/\/digital58.com.ve\/site\/wp-content\/uploads\/2020\/06\/bayern-16-3-300x200.jpg 300w, https:\/\/digital58.com.ve\/site\/wp-content\/uploads\/2020\/06\/bayern-16-3-768x512.jpg 768w, https:\/\/digital58.com.ve\/site\/wp-content\/uploads\/2020\/06\/bayern-16-3-720x480.jpg 720w, https:\/\/digital58.com.ve\/site\/wp-content\/uploads\/2020\/06\/bayern-16-3-480x320.jpg 480w\" sizes=\"auto, (max-width: 1200px) 100vw, 1200px\" \/><\/a><\/p>\n<p>En el minuto 9 el Bremen tuvo una buena llegada con un remate contra la red exterior del checho Theodor Gebre Selasie a centro de Leonardo Bittencourt desde la banda izquierda<\/p>\n<p>El partido viv\u00eda en buena parte de la intensidad y la lucha. Kingsley Coman tuvo una llegada, con un remate desviado a la porter\u00eda del Bremen en el minuto 12 tras un robo de bal\u00f3n cerca del \u00e1rea.<\/p>\n<p>En el 18 respondi\u00f3 el Bremen con un remate ligeramente desviado de Maximilian Eggenstein desde la media luna.<\/p>\n<p>El Bremen procuraba jugar de igual a igual y a lo largo del primer tiempo no se notaba que se trataba de un partido del primero contra el pen\u00faltimo<\/p>\n<p>El Bayern busc\u00f3 llegar con balones altos al \u00e1rea \u2014en el 24 Coman remat\u00f3 desviado de cabeza a centro de M\u00fcller\u2014 y con remates de media distancia como uno de Jerome Boateng en el 33, a ras del piso y demasiado central, pero con cierto peligro en medio de una fuerte lluvia.<\/p>\n<p>El gol, sin embargo, lleg\u00f3 de una jugada exquisita en el minuto 43. Boateng meti\u00f3 la pelota al \u00e1rea por encima de la defensa del Bremen, Lewandowski la recibi\u00f3 con el pecho de espaldas a la porter\u00eda y marc\u00f3 con un remate de media vuelta.<\/p>\n<p><a href=\"https:\/\/digital58.com.ve\/site\/wp-content\/uploads\/2020\/06\/bayern-16-3.jpg\"><img loading=\"lazy\" decoding=\"async\" class=\"aligncenter size-full wp-image-107026\" src=\"https:\/\/digital58.com.ve\/site\/wp-content\/uploads\/2020\/06\/bayern-16-3.jpg\" alt=\"\" width=\"1200\" height=\"800\" srcset=\"https:\/\/digital58.com.ve\/site\/wp-content\/uploads\/2020\/06\/bayern-16-3.jpg 800w, https:\/\/digital58.com.ve\/site\/wp-content\/uploads\/2020\/06\/bayern-16-3-300x200.jpg 300w, https:\/\/digital58.com.ve\/site\/wp-content\/uploads\/2020\/06\/bayern-16-3-768x512.jpg 768w, https:\/\/digital58.com.ve\/site\/wp-content\/uploads\/2020\/06\/bayern-16-3-720x480.jpg 720w, https:\/\/digital58.com.ve\/site\/wp-content\/uploads\/2020\/06\/bayern-16-3-480x320.jpg 480w\" sizes=\"auto, (max-width: 1200px) 100vw, 1200px\" \/><\/a><\/p>\n<p>En la segunda parte, con el marcador a favor, el Bayern empez\u00f3 a tener m\u00e1s control sobre el partido, se apropi\u00f3 de la pelota y empez\u00f3 a hacerla circular sin precipitarse por llegar a puerta y logr\u00f3 poner al Bremen en su propia mitad.<\/p>\n<p>Tuvo llegadas, incluido un gol de tac\u00f3n anulado a Lewandowski por fuera de juego de M\u00fcller en la jugada previa.<\/p>\n<p>Sin embargo, a partir del minuto 70, el Bremen, que defend\u00eda bien, volvi\u00f3 a plantar cara y en el minuto 79 se vio en superioridad num\u00e9rica despu\u00e9s de que Alphonso Davies fuera expulsado por doble amarilla.<\/p>\n<p>El Bremen apret\u00f3 en la etapa final y en el minuto 90 Manuel Neuer hizo su aporte a la victoria que aseguraba el t\u00edtulo con una gran parada ante un cabezazo de Osako.<\/p>\n<p>En el descuento, cuatro minutos, el Bayern logr\u00f3 poner la pelota otra vez en la mitad del Bremen y, tras un saque de esquina a favor, mantuvo el bal\u00f3n cerca de la banderola de c\u00f3rner. Tres saques de esquinas seguidos y segundos muertos despu\u00e9s de cada uno alcanzaron para llegar al final.<\/p><div class=\"zhclr69ef68785cd56\" ><p style=\"text-align: center;\"><a href=\"https:\/\/t.me\/noticiasdigital58\" target=\"_blank\" rel=\"noopener\"><img class=\"aligncenter size-full wp-image-125363\" src=\"https:\/\/digital58.com.ve\/site\/wp-content\/uploads\/2021\/04\/banner-telegram-web-2021.png\" alt=\"\" width=\"600\" height=\"90\" \/><\/a><\/p><\/div><style type=\"text\/css\">\r\n@media screen and (min-width: 1201px) {\r\n.zhclr69ef68785cd56 {\r\ndisplay: block;\r\n}\r\n}\r\n@media screen and (min-width: 993px) and (max-width: 1200px) {\r\n.zhclr69ef68785cd56 {\r\ndisplay: block;\r\n}\r\n}\r\n@media screen and (min-width: 769px) and (max-width: 992px) {\r\n.zhclr69ef68785cd56 {\r\ndisplay: block;\r\n}\r\n}\r\n@media screen and (min-width: 768px) and (max-width: 768px) {\r\n.zhclr69ef68785cd56 {\r\ndisplay: block;\r\n}\r\n}\r\n@media screen and (max-width: 767px) {\r\n.zhclr69ef68785cd56 {\r\ndisplay: block;\r\n}\r\n}\r\n<\/style>\r\n\n<p><strong>Redacci\u00f3n Deportes ND58 | Fuente: EFE<\/strong><br \/>\n<strong>Edici\u00f3n: Villasmil, Henry<\/strong><br \/>\n<strong>Gr\u00e1ficas: EFE<\/strong><\/p>\n<div style=\"margin-top: 0px; margin-bottom: 0px;\" class=\"sharethis-inline-share-buttons\" ><\/div>","protected":false},"excerpt":{"rendered":"<p>El Bayern se coron\u00f3 este martes camp\u00e9on de la Bundesliga alemana por octava vez consecutiva al derrotar a domicilio al<\/p>\n","protected":false},"author":1,"featured_media":107026,"comment_status":"open","ping_status":"closed","sticky":false,"template":"","format":"standard","meta":{"colormag_page_container_layout":"default_layout","colormag_page_sidebar_layout":"default_layout","_uag_custom_page_level_css":"","footnotes":""},"categories":[5402],"tags":[16164,869,14144,14772,13,14143,8,16165],"class_list":["post-107021","post","type-post","status-publish","format-standard","has-post-thumbnail","hentry","category-deportes","tag-aleman","tag-bayern-munich","tag-bundesliga","tag-bundesliga-2020","tag-futbol","tag-futbol-aleman","tag-internacionales","tag-werder-bremen"],"yoast_head":"<!-- This site is optimized with the Yoast SEO plugin v27.4 - https:\/\/yoast.com\/product\/yoast-seo-wordpress\/ -->\n<title>El Bayern campe\u00f3n por octava vez consecutiva tras derrotar al Bremen<\/title>\n<meta name=\"description\" content=\"Deportes\" \/>\n<meta name=\"robots\" content=\"index, follow, max-snippet:-1, max-image-preview:large, max-video-preview:-1\" \/>\n<link rel=\"canonical\" href=\"https:\/\/digital58.com.ve\/site\/2020\/06\/16\/el-bayern-campeon-por-octava-vez-consecutiva-tras-derrotar-al-bremen\/\" \/>\n<meta property=\"og:locale\" content=\"es_ES\" \/>\n<meta property=\"og:type\" content=\"article\" \/>\n<meta property=\"og:title\" content=\"El Bayern campe\u00f3n por octava vez consecutiva tras derrotar al Bremen\" \/>\n<meta property=\"og:description\" content=\"Deportes\" \/>\n<meta property=\"og:url\" content=\"https:\/\/digital58.com.ve\/site\/2020\/06\/16\/el-bayern-campeon-por-octava-vez-consecutiva-tras-derrotar-al-bremen\/\" \/>\n<meta property=\"og:site_name\" content=\"Noticias Digital58\" \/>\n<meta property=\"article:published_time\" content=\"2020-06-16T21:24:17+00:00\" \/>\n<meta property=\"og:image\" content=\"https:\/\/digital58.com.ve\/site\/wp-content\/uploads\/2020\/06\/bayern-16-3.jpg\" \/>\n\t<meta property=\"og:image:width\" content=\"1200\" \/>\n\t<meta property=\"og:image:height\" content=\"800\" \/>\n\t<meta property=\"og:image:type\" content=\"image\/jpeg\" \/>\n<meta name=\"author\" content=\"Villasmil Henry\" \/>\n<meta name=\"twitter:card\" content=\"summary_large_image\" \/>\n<meta name=\"twitter:creator\" content=\"@https:\/\/twitter.com\/villasmilhfoto\" \/>\n<meta name=\"twitter:site\" content=\"@villasmilhfoto\" \/>\n<meta name=\"twitter:label1\" content=\"Escrito por\" \/>\n\t<meta name=\"twitter:data1\" content=\"Villasmil Henry\" \/>\n\t<meta name=\"twitter:label2\" content=\"Tiempo estimado de lectura\" \/>\n\t<meta name=\"twitter:data2\" content=\"3 minutos\" \/>\n<script type=\"application\/ld+json\" class=\"yoast-schema-graph\">{\"@context\":\"https:\\\/\\\/schema.org\",\"@graph\":[{\"@type\":\"Article\",\"@id\":\"https:\\\/\\\/digital58.com.ve\\\/site\\\/2020\\\/06\\\/16\\\/el-bayern-campeon-por-octava-vez-consecutiva-tras-derrotar-al-bremen\\\/#article\",\"isPartOf\":{\"@id\":\"https:\\\/\\\/digital58.com.ve\\\/site\\\/2020\\\/06\\\/16\\\/el-bayern-campeon-por-octava-vez-consecutiva-tras-derrotar-al-bremen\\\/\"},\"author\":{\"name\":\"Villasmil Henry\",\"@id\":\"https:\\\/\\\/digital58.com.ve\\\/site\\\/#\\\/schema\\\/person\\\/64d1c2e4d0d4fd1b849980c4331c2951\"},\"headline\":\"El Bayern campe\u00f3n por octava vez consecutiva tras derrotar al Bremen\",\"datePublished\":\"2020-06-16T21:24:17+00:00\",\"mainEntityOfPage\":{\"@id\":\"https:\\\/\\\/digital58.com.ve\\\/site\\\/2020\\\/06\\\/16\\\/el-bayern-campeon-por-octava-vez-consecutiva-tras-derrotar-al-bremen\\\/\"},\"wordCount\":636,\"commentCount\":0,\"publisher\":{\"@id\":\"https:\\\/\\\/digital58.com.ve\\\/site\\\/#\\\/schema\\\/person\\\/64d1c2e4d0d4fd1b849980c4331c2951\"},\"image\":{\"@id\":\"https:\\\/\\\/digital58.com.ve\\\/site\\\/2020\\\/06\\\/16\\\/el-bayern-campeon-por-octava-vez-consecutiva-tras-derrotar-al-bremen\\\/#primaryimage\"},\"thumbnailUrl\":\"https:\\\/\\\/digital58.com.ve\\\/site\\\/wp-content\\\/uploads\\\/2020\\\/06\\\/bayern-16-3.jpg\",\"keywords\":[\"Alem\u00e1n\",\"Bayern M\u00fanich\",\"Bundesliga\",\"Bundesliga 2020\",\"F\u00fatbol\",\"F\u00fatbol Alem\u00e1n\",\"Internacionales\",\"Werder Bremen\"],\"articleSection\":[\"Deportes\"],\"inLanguage\":\"es\",\"potentialAction\":[{\"@type\":\"CommentAction\",\"name\":\"Comment\",\"target\":[\"https:\\\/\\\/digital58.com.ve\\\/site\\\/2020\\\/06\\\/16\\\/el-bayern-campeon-por-octava-vez-consecutiva-tras-derrotar-al-bremen\\\/#respond\"]}]},{\"@type\":\"WebPage\",\"@id\":\"https:\\\/\\\/digital58.com.ve\\\/site\\\/2020\\\/06\\\/16\\\/el-bayern-campeon-por-octava-vez-consecutiva-tras-derrotar-al-bremen\\\/\",\"url\":\"https:\\\/\\\/digital58.com.ve\\\/site\\\/2020\\\/06\\\/16\\\/el-bayern-campeon-por-octava-vez-consecutiva-tras-derrotar-al-bremen\\\/\",\"name\":\"El Bayern campe\u00f3n por octava vez consecutiva tras derrotar al Bremen\",\"isPartOf\":{\"@id\":\"https:\\\/\\\/digital58.com.ve\\\/site\\\/#website\"},\"primaryImageOfPage\":{\"@id\":\"https:\\\/\\\/digital58.com.ve\\\/site\\\/2020\\\/06\\\/16\\\/el-bayern-campeon-por-octava-vez-consecutiva-tras-derrotar-al-bremen\\\/#primaryimage\"},\"image\":{\"@id\":\"https:\\\/\\\/digital58.com.ve\\\/site\\\/2020\\\/06\\\/16\\\/el-bayern-campeon-por-octava-vez-consecutiva-tras-derrotar-al-bremen\\\/#primaryimage\"},\"thumbnailUrl\":\"https:\\\/\\\/digital58.com.ve\\\/site\\\/wp-content\\\/uploads\\\/2020\\\/06\\\/bayern-16-3.jpg\",\"datePublished\":\"2020-06-16T21:24:17+00:00\",\"description\":\"Deportes\",\"breadcrumb\":{\"@id\":\"https:\\\/\\\/digital58.com.ve\\\/site\\\/2020\\\/06\\\/16\\\/el-bayern-campeon-por-octava-vez-consecutiva-tras-derrotar-al-bremen\\\/#breadcrumb\"},\"inLanguage\":\"es\",\"potentialAction\":[{\"@type\":\"ReadAction\",\"target\":[\"https:\\\/\\\/digital58.com.ve\\\/site\\\/2020\\\/06\\\/16\\\/el-bayern-campeon-por-octava-vez-consecutiva-tras-derrotar-al-bremen\\\/\"]}]},{\"@type\":\"ImageObject\",\"inLanguage\":\"es\",\"@id\":\"https:\\\/\\\/digital58.com.ve\\\/site\\\/2020\\\/06\\\/16\\\/el-bayern-campeon-por-octava-vez-consecutiva-tras-derrotar-al-bremen\\\/#primaryimage\",\"url\":\"https:\\\/\\\/digital58.com.ve\\\/site\\\/wp-content\\\/uploads\\\/2020\\\/06\\\/bayern-16-3.jpg\",\"contentUrl\":\"https:\\\/\\\/digital58.com.ve\\\/site\\\/wp-content\\\/uploads\\\/2020\\\/06\\\/bayern-16-3.jpg\",\"width\":800,\"height\":533},{\"@type\":\"BreadcrumbList\",\"@id\":\"https:\\\/\\\/digital58.com.ve\\\/site\\\/2020\\\/06\\\/16\\\/el-bayern-campeon-por-octava-vez-consecutiva-tras-derrotar-al-bremen\\\/#breadcrumb\",\"itemListElement\":[{\"@type\":\"ListItem\",\"position\":1,\"name\":\"Home\",\"item\":\"https:\\\/\\\/digital58.com.ve\\\/site\\\/\"},{\"@type\":\"ListItem\",\"position\":2,\"name\":\"El Bayern campe\u00f3n por octava vez consecutiva tras derrotar al Bremen\"}]},{\"@type\":\"WebSite\",\"@id\":\"https:\\\/\\\/digital58.com.ve\\\/site\\\/#website\",\"url\":\"https:\\\/\\\/digital58.com.ve\\\/site\\\/\",\"name\":\"Noticias Digital58\",\"description\":\"Portal de Noticias \u00a1Periodismo web de verdad! Lanzamiento web 22.11.2005 \\\/ Maracaibo, Venezuela\",\"publisher\":{\"@id\":\"https:\\\/\\\/digital58.com.ve\\\/site\\\/#\\\/schema\\\/person\\\/64d1c2e4d0d4fd1b849980c4331c2951\"},\"alternateName\":\"ND58\",\"potentialAction\":[{\"@type\":\"SearchAction\",\"target\":{\"@type\":\"EntryPoint\",\"urlTemplate\":\"https:\\\/\\\/digital58.com.ve\\\/site\\\/?s={search_term_string}\"},\"query-input\":{\"@type\":\"PropertyValueSpecification\",\"valueRequired\":true,\"valueName\":\"search_term_string\"}}],\"inLanguage\":\"es\"},{\"@type\":[\"Person\",\"Organization\"],\"@id\":\"https:\\\/\\\/digital58.com.ve\\\/site\\\/#\\\/schema\\\/person\\\/64d1c2e4d0d4fd1b849980c4331c2951\",\"name\":\"Villasmil Henry\",\"image\":{\"@type\":\"ImageObject\",\"inLanguage\":\"es\",\"@id\":\"https:\\\/\\\/secure.gravatar.com\\\/avatar\\\/bb0c4a2fcb7970138239f7e404ea75757b1b507b28b5ce4c53fbd62d797c5a7c?s=96&d=mm&r=g\",\"url\":\"https:\\\/\\\/secure.gravatar.com\\\/avatar\\\/bb0c4a2fcb7970138239f7e404ea75757b1b507b28b5ce4c53fbd62d797c5a7c?s=96&d=mm&r=g\",\"contentUrl\":\"https:\\\/\\\/secure.gravatar.com\\\/avatar\\\/bb0c4a2fcb7970138239f7e404ea75757b1b507b28b5ce4c53fbd62d797c5a7c?s=96&d=mm&r=g\",\"caption\":\"Villasmil Henry\"},\"logo\":{\"@id\":\"https:\\\/\\\/secure.gravatar.com\\\/avatar\\\/bb0c4a2fcb7970138239f7e404ea75757b1b507b28b5ce4c53fbd62d797c5a7c?s=96&d=mm&r=g\"},\"sameAs\":[\"http:\\\/\\\/www.henryvillasmil.com.ve\",\"https:\\\/\\\/www.instagram.com\\\/villasmilhfoto\\\/\",\"https:\\\/\\\/x.com\\\/https:\\\/\\\/twitter.com\\\/villasmilhfoto\"],\"url\":\"https:\\\/\\\/digital58.com.ve\\\/site\\\/author\\\/droopy_68\\\/\"}]}<\/script>\n<!-- \/ Yoast SEO plugin. -->","yoast_head_json":{"title":"El Bayern campe\u00f3n por octava vez consecutiva tras derrotar al Bremen","description":"Deportes","robots":{"index":"index","follow":"follow","max-snippet":"max-snippet:-1","max-image-preview":"max-image-preview:large","max-video-preview":"max-video-preview:-1"},"canonical":"https:\/\/digital58.com.ve\/site\/2020\/06\/16\/el-bayern-campeon-por-octava-vez-consecutiva-tras-derrotar-al-bremen\/","og_locale":"es_ES","og_type":"article","og_title":"El Bayern campe\u00f3n por octava vez consecutiva tras derrotar al Bremen","og_description":"Deportes","og_url":"https:\/\/digital58.com.ve\/site\/2020\/06\/16\/el-bayern-campeon-por-octava-vez-consecutiva-tras-derrotar-al-bremen\/","og_site_name":"Noticias Digital58","article_published_time":"2020-06-16T21:24:17+00:00","og_image":[{"width":1200,"height":800,"url":"https:\/\/digital58.com.ve\/site\/wp-content\/uploads\/2020\/06\/bayern-16-3.jpg","type":"image\/jpeg"}],"author":"Villasmil Henry","twitter_card":"summary_large_image","twitter_creator":"@https:\/\/twitter.com\/villasmilhfoto","twitter_site":"@villasmilhfoto","twitter_misc":{"Escrito por":"Villasmil Henry","Tiempo estimado de lectura":"3 minutos"},"schema":{"@context":"https:\/\/schema.org","@graph":[{"@type":"Article","@id":"https:\/\/digital58.com.ve\/site\/2020\/06\/16\/el-bayern-campeon-por-octava-vez-consecutiva-tras-derrotar-al-bremen\/#article","isPartOf":{"@id":"https:\/\/digital58.com.ve\/site\/2020\/06\/16\/el-bayern-campeon-por-octava-vez-consecutiva-tras-derrotar-al-bremen\/"},"author":{"name":"Villasmil Henry","@id":"https:\/\/digital58.com.ve\/site\/#\/schema\/person\/64d1c2e4d0d4fd1b849980c4331c2951"},"headline":"El Bayern campe\u00f3n por octava vez consecutiva tras derrotar al Bremen","datePublished":"2020-06-16T21:24:17+00:00","mainEntityOfPage":{"@id":"https:\/\/digital58.com.ve\/site\/2020\/06\/16\/el-bayern-campeon-por-octava-vez-consecutiva-tras-derrotar-al-bremen\/"},"wordCount":636,"commentCount":0,"publisher":{"@id":"https:\/\/digital58.com.ve\/site\/#\/schema\/person\/64d1c2e4d0d4fd1b849980c4331c2951"},"image":{"@id":"https:\/\/digital58.com.ve\/site\/2020\/06\/16\/el-bayern-campeon-por-octava-vez-consecutiva-tras-derrotar-al-bremen\/#primaryimage"},"thumbnailUrl":"https:\/\/digital58.com.ve\/site\/wp-content\/uploads\/2020\/06\/bayern-16-3.jpg","keywords":["Alem\u00e1n","Bayern M\u00fanich","Bundesliga","Bundesliga 2020","F\u00fatbol","F\u00fatbol Alem\u00e1n","Internacionales","Werder Bremen"],"articleSection":["Deportes"],"inLanguage":"es","potentialAction":[{"@type":"CommentAction","name":"Comment","target":["https:\/\/digital58.com.ve\/site\/2020\/06\/16\/el-bayern-campeon-por-octava-vez-consecutiva-tras-derrotar-al-bremen\/#respond"]}]},{"@type":"WebPage","@id":"https:\/\/digital58.com.ve\/site\/2020\/06\/16\/el-bayern-campeon-por-octava-vez-consecutiva-tras-derrotar-al-bremen\/","url":"https:\/\/digital58.com.ve\/site\/2020\/06\/16\/el-bayern-campeon-por-octava-vez-consecutiva-tras-derrotar-al-bremen\/","name":"El Bayern campe\u00f3n por octava vez consecutiva tras derrotar al Bremen","isPartOf":{"@id":"https:\/\/digital58.com.ve\/site\/#website"},"primaryImageOfPage":{"@id":"https:\/\/digital58.com.ve\/site\/2020\/06\/16\/el-bayern-campeon-por-octava-vez-consecutiva-tras-derrotar-al-bremen\/#primaryimage"},"image":{"@id":"https:\/\/digital58.com.ve\/site\/2020\/06\/16\/el-bayern-campeon-por-octava-vez-consecutiva-tras-derrotar-al-bremen\/#primaryimage"},"thumbnailUrl":"https:\/\/digital58.com.ve\/site\/wp-content\/uploads\/2020\/06\/bayern-16-3.jpg","datePublished":"2020-06-16T21:24:17+00:00","description":"Deportes","breadcrumb":{"@id":"https:\/\/digital58.com.ve\/site\/2020\/06\/16\/el-bayern-campeon-por-octava-vez-consecutiva-tras-derrotar-al-bremen\/#breadcrumb"},"inLanguage":"es","potentialAction":[{"@type":"ReadAction","target":["https:\/\/digital58.com.ve\/site\/2020\/06\/16\/el-bayern-campeon-por-octava-vez-consecutiva-tras-derrotar-al-bremen\/"]}]},{"@type":"ImageObject","inLanguage":"es","@id":"https:\/\/digital58.com.ve\/site\/2020\/06\/16\/el-bayern-campeon-por-octava-vez-consecutiva-tras-derrotar-al-bremen\/#primaryimage","url":"https:\/\/digital58.com.ve\/site\/wp-content\/uploads\/2020\/06\/bayern-16-3.jpg","contentUrl":"https:\/\/digital58.com.ve\/site\/wp-content\/uploads\/2020\/06\/bayern-16-3.jpg","width":800,"height":533},{"@type":"BreadcrumbList","@id":"https:\/\/digital58.com.ve\/site\/2020\/06\/16\/el-bayern-campeon-por-octava-vez-consecutiva-tras-derrotar-al-bremen\/#breadcrumb","itemListElement":[{"@type":"ListItem","position":1,"name":"Home","item":"https:\/\/digital58.com.ve\/site\/"},{"@type":"ListItem","position":2,"name":"El Bayern campe\u00f3n por octava vez consecutiva tras derrotar al Bremen"}]},{"@type":"WebSite","@id":"https:\/\/digital58.com.ve\/site\/#website","url":"https:\/\/digital58.com.ve\/site\/","name":"Noticias Digital58","description":"Portal de Noticias \u00a1Periodismo web de verdad! Lanzamiento web 22.11.2005 \/ Maracaibo, Venezuela","publisher":{"@id":"https:\/\/digital58.com.ve\/site\/#\/schema\/person\/64d1c2e4d0d4fd1b849980c4331c2951"},"alternateName":"ND58","potentialAction":[{"@type":"SearchAction","target":{"@type":"EntryPoint","urlTemplate":"https:\/\/digital58.com.ve\/site\/?s={search_term_string}"},"query-input":{"@type":"PropertyValueSpecification","valueRequired":true,"valueName":"search_term_string"}}],"inLanguage":"es"},{"@type":["Person","Organization"],"@id":"https:\/\/digital58.com.ve\/site\/#\/schema\/person\/64d1c2e4d0d4fd1b849980c4331c2951","name":"Villasmil Henry","image":{"@type":"ImageObject","inLanguage":"es","@id":"https:\/\/secure.gravatar.com\/avatar\/bb0c4a2fcb7970138239f7e404ea75757b1b507b28b5ce4c53fbd62d797c5a7c?s=96&d=mm&r=g","url":"https:\/\/secure.gravatar.com\/avatar\/bb0c4a2fcb7970138239f7e404ea75757b1b507b28b5ce4c53fbd62d797c5a7c?s=96&d=mm&r=g","contentUrl":"https:\/\/secure.gravatar.com\/avatar\/bb0c4a2fcb7970138239f7e404ea75757b1b507b28b5ce4c53fbd62d797c5a7c?s=96&d=mm&r=g","caption":"Villasmil Henry"},"logo":{"@id":"https:\/\/secure.gravatar.com\/avatar\/bb0c4a2fcb7970138239f7e404ea75757b1b507b28b5ce4c53fbd62d797c5a7c?s=96&d=mm&r=g"},"sameAs":["http:\/\/www.henryvillasmil.com.ve","https:\/\/www.instagram.com\/villasmilhfoto\/","https:\/\/x.com\/https:\/\/twitter.com\/villasmilhfoto"],"url":"https:\/\/digital58.com.ve\/site\/author\/droopy_68\/"}]}},"uagb_featured_image_src":{"full":["https:\/\/digital58.com.ve\/site\/wp-content\/uploads\/2020\/06\/bayern-16-3.jpg",800,533,false],"thumbnail":["https:\/\/digital58.com.ve\/site\/wp-content\/uploads\/2020\/06\/bayern-16-3-150x150.jpg",150,150,true],"medium":["https:\/\/digital58.com.ve\/site\/wp-content\/uploads\/2020\/06\/bayern-16-3-300x200.jpg",300,200,true],"medium_large":["https:\/\/digital58.com.ve\/site\/wp-content\/uploads\/2020\/06\/bayern-16-3-768x512.jpg",768,512,true],"large":["https:\/\/digital58.com.ve\/site\/wp-content\/uploads\/2020\/06\/bayern-16-3.jpg",800,533,false],"1536x1536":["https:\/\/digital58.com.ve\/site\/wp-content\/uploads\/2020\/06\/bayern-16-3.jpg",800,533,false],"2048x2048":["https:\/\/digital58.com.ve\/site\/wp-content\/uploads\/2020\/06\/bayern-16-3.jpg",800,533,false],"colormag-highlighted-post":["https:\/\/digital58.com.ve\/site\/wp-content\/uploads\/2020\/06\/bayern-16-3.jpg",392,261,false],"colormag-featured-post-medium":["https:\/\/digital58.com.ve\/site\/wp-content\/uploads\/2020\/06\/bayern-16-3.jpg",308,205,false],"colormag-featured-post-small":["https:\/\/digital58.com.ve\/site\/wp-content\/uploads\/2020\/06\/bayern-16-3.jpg",130,87,false],"colormag-featured-image":["https:\/\/digital58.com.ve\/site\/wp-content\/uploads\/2020\/06\/bayern-16-3.jpg",668,445,false],"colormag-default-news":["https:\/\/digital58.com.ve\/site\/wp-content\/uploads\/2020\/06\/bayern-16-3.jpg",150,100,false],"colormag-featured-image-large":["https:\/\/digital58.com.ve\/site\/wp-content\/uploads\/2020\/06\/bayern-16-3.jpg",800,533,false]},"uagb_author_info":{"display_name":"Villasmil Henry","author_link":"https:\/\/digital58.com.ve\/site\/author\/droopy_68\/"},"uagb_comment_info":0,"uagb_excerpt":"El Bayern se coron\u00f3 este martes camp\u00e9on de la Bundesliga alemana por octava vez consecutiva al derrotar a domicilio al","_links":{"self":[{"href":"https:\/\/digital58.com.ve\/site\/wp-json\/wp\/v2\/posts\/107021","targetHints":{"allow":["GET"]}}],"collection":[{"href":"https:\/\/digital58.com.ve\/site\/wp-json\/wp\/v2\/posts"}],"about":[{"href":"https:\/\/digital58.com.ve\/site\/wp-json\/wp\/v2\/types\/post"}],"author":[{"embeddable":true,"href":"https:\/\/digital58.com.ve\/site\/wp-json\/wp\/v2\/users\/1"}],"replies":[{"embeddable":true,"href":"https:\/\/digital58.com.ve\/site\/wp-json\/wp\/v2\/comments?post=107021"}],"version-history":[{"count":0,"href":"https:\/\/digital58.com.ve\/site\/wp-json\/wp\/v2\/posts\/107021\/revisions"}],"wp:featuredmedia":[{"embeddable":true,"href":"https:\/\/digital58.com.ve\/site\/wp-json\/wp\/v2\/media\/107026"}],"wp:attachment":[{"href":"https:\/\/digital58.com.ve\/site\/wp-json\/wp\/v2\/media?parent=107021"}],"wp:term":[{"taxonomy":"category","embeddable":true,"href":"https:\/\/digital58.com.ve\/site\/wp-json\/wp\/v2\/categories?post=107021"},{"taxonomy":"post_tag","embeddable":true,"href":"https:\/\/digital58.com.ve\/site\/wp-json\/wp\/v2\/tags?post=107021"}],"curies":[{"name":"wp","href":"https:\/\/api.w.org\/{rel}","templated":true}]}}