{"id":107209,"date":"2020-06-17T22:21:37","date_gmt":"2020-06-18T02:21:37","guid":{"rendered":"https:\/\/digital58.com.ve\/site\/?p=107209"},"modified":"2020-06-17T22:21:37","modified_gmt":"2020-06-18T02:21:37","slug":"danna-garcia-revela-que-siente-miedo-tras-padecer-el-covid-19","status":"publish","type":"post","link":"https:\/\/digital58.com.ve\/site\/2020\/06\/17\/danna-garcia-revela-que-siente-miedo-tras-padecer-el-covid-19\/","title":{"rendered":"Danna Garc\u00eda revela que siente miedo tras padecer el COVID-19"},"content":{"rendered":"\r\n<p><a href=\"https:\/\/digital58.com.ve\/site\/wp-content\/uploads\/2020\/06\/danna-garcia.jpg\"><img loading=\"lazy\" decoding=\"async\" class=\"aligncenter size-full wp-image-107268\" src=\"https:\/\/digital58.com.ve\/site\/wp-content\/uploads\/2020\/06\/danna-garcia.jpg\" alt=\"\" width=\"1200\" height=\"701\" srcset=\"https:\/\/digital58.com.ve\/site\/wp-content\/uploads\/2020\/06\/danna-garcia.jpg 800w, https:\/\/digital58.com.ve\/site\/wp-content\/uploads\/2020\/06\/danna-garcia-300x175.jpg 300w, https:\/\/digital58.com.ve\/site\/wp-content\/uploads\/2020\/06\/danna-garcia-768x449.jpg 768w\" sizes=\"auto, (max-width: 1200px) 100vw, 1200px\" \/><\/a><\/p>\r\n<p>Mediante un v\u00eddeo publicado (en vivo) en su cuenta personal de Instagram,\u00a0 relat\u00f3 cuales han sido los efectos secundarios luego de haber dado negativo ante el coronavirus.<\/p><div class=\"qomuz69f3ac080a169\" ><p style=\"text-align: center;\"><a href=\"https:\/\/t.me\/noticiasdigital58\" target=\"_blank\" rel=\"noopener\"><img class=\"aligncenter size-full wp-image-125363\" src=\"https:\/\/digital58.com.ve\/site\/wp-content\/uploads\/2021\/04\/banner-telegram-web-2021.png\" alt=\"\" width=\"600\" height=\"90\" \/><\/a><\/p><\/div><style type=\"text\/css\">\r\n@media screen and (min-width: 1201px) {\r\n.qomuz69f3ac080a169 {\r\ndisplay: block;\r\n}\r\n}\r\n@media screen and (min-width: 993px) and (max-width: 1200px) {\r\n.qomuz69f3ac080a169 {\r\ndisplay: block;\r\n}\r\n}\r\n@media screen and (min-width: 769px) and (max-width: 992px) {\r\n.qomuz69f3ac080a169 {\r\ndisplay: block;\r\n}\r\n}\r\n@media screen and (min-width: 768px) and (max-width: 768px) {\r\n.qomuz69f3ac080a169 {\r\ndisplay: block;\r\n}\r\n}\r\n@media screen and (max-width: 767px) {\r\n.qomuz69f3ac080a169 {\r\ndisplay: block;\r\n}\r\n}\r\n<\/style>\r\n\r\n<p><strong>Internacionales, 17 de junio de 2020 (ND58).- <\/strong>La actriz colombiana, revel\u00f3 como ha sido la batalla contra el virus COVID-19 y como despu\u00e9s de superarlo, tras haber sido diagnosticada tres veces por la misma enfermedad, a\u00fan se encuentra aislada desde hace tres meses y cont\u00f3 su testimonio personal de las secuelas que le ha dejado el virus.\u00a0 <br \/><br \/>Por su parte aclar\u00f3 que no necesariamente todas las personas vayan a experimentar estas reacciones, todos los cuerpos tiene diferentes formas de recuperarse ante el COVID-19-<br \/><br \/>\u00abEstamos hablando de ca\u00edda de pelo, retenci\u00f3n de l\u00edquidos, sientes cualquier cosa mil veces m\u00e1s, te duele hasta un rose, subida de peso, el tema respiratorio, de vez en cuando siento que me falta un poco de aire, resequedad extrema en todo el cuerpo e inflamaciones a nivel celular\u00bb, cont\u00f3 la protagonista de pasi\u00f3n de gavilanes, mediante su cuenta de Instagram.<br \/><br \/>El historial m\u00e9dico de Danna Garc\u00eda es un poco m\u00e1s complejo ya que cuenta con \u00abantecedentes complicados por el tema del dengue\u00bb, como consecuencia ven\u00eda con las defensas un poco bajas y confirm\u00f3 que uno de los aspectos m\u00e1s complicados del COVID-19 es la inflamaci\u00f3n celular, lo que conlleva a un cuidado extremo con algunos \u00f3rganos como el h\u00edgado y los ri\u00f1ones, sobre todo por el alto consumo de medicamentos. <br \/><br \/>Sin embargo Garc\u00eda, agreg\u00f3 que no quer\u00eda caer en dramatismos ni hablar de cosas muy dolorosas, pero no tard\u00f3 mucho en llorar, cuando un seguidor le pregunto si en alg\u00fan momento no habr\u00eda tenido miedo, ella respondi\u00f3 que s\u00ed y que sigue teniendo miedo. \u00abLe dec\u00eda a mi marido el otro d\u00eda que yo quiero vivir\u00bb, expres\u00f3 Danna Garc\u00eda.<br \/><br \/>Tambi\u00e9n aprovech\u00f3 la oportunidad para concientizar a los familiares de los pacientes que padecen el virus a apoyarlos y sobre todo no dejarlos solos, ya que es un momento sumamente dif\u00edcil y subray\u00f3 la importancia de mantener una actitud positiva.<br \/><br \/>\u00abCreo que la vida sigue y los que est\u00e1n sanos y no les ha dado tienen que pensar que tomando las precauciones no les va a dar, y los que ya hemos pasado por esto hay que saber que vamos a salir adelante\u00bb, concluy\u00f3 la artista.<br \/><br \/><strong>Redacci\u00f3n: Rubio, Laura Isabel (@lauraisabelrubio) | Fuente: Agencias <\/strong><br \/><strong>Edici\u00f3n: Villasmil, Henry<\/strong><br \/><strong>Gr\u00e1ficas: Cortes\u00eda<\/strong><\/p>\r\n<div style=\"margin-top: 0px; margin-bottom: 0px;\" class=\"sharethis-inline-share-buttons\" ><\/div>","protected":false},"excerpt":{"rendered":"<p>Mediante un v\u00eddeo publicado (en vivo) en su cuenta personal de Instagram,\u00a0 relat\u00f3 cuales han sido los efectos secundarios luego<\/p>\n","protected":false},"author":28,"featured_media":107268,"comment_status":"open","ping_status":"closed","sticky":false,"template":"","format":"standard","meta":{"colormag_page_container_layout":"default_layout","colormag_page_sidebar_layout":"default_layout","_uag_custom_page_level_css":"","footnotes":""},"categories":[1],"tags":[13352,13648,13786,16195,50,273,942,8,13723,248],"class_list":["post-107209","post","type-post","status-publish","format-standard","has-post-thumbnail","hentry","category-fama","tag-coronavirus","tag-covid-19","tag-cuarentena","tag-danna-garcia","tag-entretenimiento","tag-farandula","tag-instagram","tag-internacionales","tag-pandemia","tag-redes-sociales"],"yoast_head":"<!-- This site is optimized with the Yoast SEO plugin v27.5 - https:\/\/yoast.com\/product\/yoast-seo-wordpress\/ -->\n<title>Danna Garc\u00eda revela que siente miedo tras padecer el COVID-19<\/title>\n<meta name=\"description\" content=\"Fama\" \/>\n<meta name=\"robots\" content=\"index, follow, max-snippet:-1, max-image-preview:large, max-video-preview:-1\" \/>\n<link rel=\"canonical\" href=\"https:\/\/digital58.com.ve\/site\/2020\/06\/17\/danna-garcia-revela-que-siente-miedo-tras-padecer-el-covid-19\/\" \/>\n<meta property=\"og:locale\" content=\"es_ES\" \/>\n<meta property=\"og:type\" content=\"article\" \/>\n<meta property=\"og:title\" content=\"Danna Garc\u00eda revela que siente miedo tras padecer el COVID-19\" \/>\n<meta property=\"og:description\" content=\"Fama\" \/>\n<meta property=\"og:url\" content=\"https:\/\/digital58.com.ve\/site\/2020\/06\/17\/danna-garcia-revela-que-siente-miedo-tras-padecer-el-covid-19\/\" \/>\n<meta property=\"og:site_name\" content=\"Noticias Digital58\" \/>\n<meta property=\"article:published_time\" content=\"2020-06-18T02:21:37+00:00\" \/>\n<meta property=\"og:image\" content=\"https:\/\/digital58.com.ve\/site\/wp-content\/uploads\/2020\/06\/danna-garcia.jpg\" \/>\n\t<meta property=\"og:image:width\" content=\"1200\" \/>\n\t<meta property=\"og:image:height\" content=\"701\" \/>\n\t<meta property=\"og:image:type\" content=\"image\/jpeg\" \/>\n<meta name=\"author\" content=\"Rubio Laura Isabel\" \/>\n<meta name=\"twitter:card\" content=\"summary_large_image\" \/>\n<meta name=\"twitter:creator\" content=\"@Digital_58\" \/>\n<meta name=\"twitter:site\" content=\"@villasmilhfoto\" \/>\n<meta name=\"twitter:label1\" content=\"Escrito por\" \/>\n\t<meta name=\"twitter:data1\" content=\"Rubio Laura Isabel\" \/>\n\t<meta name=\"twitter:label2\" content=\"Tiempo estimado de lectura\" \/>\n\t<meta name=\"twitter:data2\" content=\"2 minutos\" \/>\n<script type=\"application\/ld+json\" class=\"yoast-schema-graph\">{\"@context\":\"https:\\\/\\\/schema.org\",\"@graph\":[{\"@type\":\"Article\",\"@id\":\"https:\\\/\\\/digital58.com.ve\\\/site\\\/2020\\\/06\\\/17\\\/danna-garcia-revela-que-siente-miedo-tras-padecer-el-covid-19\\\/#article\",\"isPartOf\":{\"@id\":\"https:\\\/\\\/digital58.com.ve\\\/site\\\/2020\\\/06\\\/17\\\/danna-garcia-revela-que-siente-miedo-tras-padecer-el-covid-19\\\/\"},\"author\":{\"name\":\"Rubio Laura Isabel\",\"@id\":\"https:\\\/\\\/digital58.com.ve\\\/site\\\/#\\\/schema\\\/person\\\/6672bab44ab958838204ebb2cb0e8d52\"},\"headline\":\"Danna Garc\u00eda revela que siente miedo tras padecer el COVID-19\",\"datePublished\":\"2020-06-18T02:21:37+00:00\",\"mainEntityOfPage\":{\"@id\":\"https:\\\/\\\/digital58.com.ve\\\/site\\\/2020\\\/06\\\/17\\\/danna-garcia-revela-que-siente-miedo-tras-padecer-el-covid-19\\\/\"},\"wordCount\":439,\"commentCount\":0,\"publisher\":{\"@id\":\"https:\\\/\\\/digital58.com.ve\\\/site\\\/#\\\/schema\\\/person\\\/64d1c2e4d0d4fd1b849980c4331c2951\"},\"image\":{\"@id\":\"https:\\\/\\\/digital58.com.ve\\\/site\\\/2020\\\/06\\\/17\\\/danna-garcia-revela-que-siente-miedo-tras-padecer-el-covid-19\\\/#primaryimage\"},\"thumbnailUrl\":\"https:\\\/\\\/digital58.com.ve\\\/site\\\/wp-content\\\/uploads\\\/2020\\\/06\\\/danna-garcia.jpg\",\"keywords\":[\"Coronavirus\",\"COVID-19\",\"Cuarentena\",\"Danna Garc\u00eda\",\"Entretenimiento\",\"Far\u00e1ndula\",\"Instagram\",\"Internacionales\",\"Pandemia\",\"Redes Sociales\"],\"articleSection\":[\"Fama\"],\"inLanguage\":\"es\",\"potentialAction\":[{\"@type\":\"CommentAction\",\"name\":\"Comment\",\"target\":[\"https:\\\/\\\/digital58.com.ve\\\/site\\\/2020\\\/06\\\/17\\\/danna-garcia-revela-que-siente-miedo-tras-padecer-el-covid-19\\\/#respond\"]}]},{\"@type\":\"WebPage\",\"@id\":\"https:\\\/\\\/digital58.com.ve\\\/site\\\/2020\\\/06\\\/17\\\/danna-garcia-revela-que-siente-miedo-tras-padecer-el-covid-19\\\/\",\"url\":\"https:\\\/\\\/digital58.com.ve\\\/site\\\/2020\\\/06\\\/17\\\/danna-garcia-revela-que-siente-miedo-tras-padecer-el-covid-19\\\/\",\"name\":\"Danna Garc\u00eda revela que siente miedo tras padecer el COVID-19\",\"isPartOf\":{\"@id\":\"https:\\\/\\\/digital58.com.ve\\\/site\\\/#website\"},\"primaryImageOfPage\":{\"@id\":\"https:\\\/\\\/digital58.com.ve\\\/site\\\/2020\\\/06\\\/17\\\/danna-garcia-revela-que-siente-miedo-tras-padecer-el-covid-19\\\/#primaryimage\"},\"image\":{\"@id\":\"https:\\\/\\\/digital58.com.ve\\\/site\\\/2020\\\/06\\\/17\\\/danna-garcia-revela-que-siente-miedo-tras-padecer-el-covid-19\\\/#primaryimage\"},\"thumbnailUrl\":\"https:\\\/\\\/digital58.com.ve\\\/site\\\/wp-content\\\/uploads\\\/2020\\\/06\\\/danna-garcia.jpg\",\"datePublished\":\"2020-06-18T02:21:37+00:00\",\"description\":\"Fama\",\"breadcrumb\":{\"@id\":\"https:\\\/\\\/digital58.com.ve\\\/site\\\/2020\\\/06\\\/17\\\/danna-garcia-revela-que-siente-miedo-tras-padecer-el-covid-19\\\/#breadcrumb\"},\"inLanguage\":\"es\",\"potentialAction\":[{\"@type\":\"ReadAction\",\"target\":[\"https:\\\/\\\/digital58.com.ve\\\/site\\\/2020\\\/06\\\/17\\\/danna-garcia-revela-que-siente-miedo-tras-padecer-el-covid-19\\\/\"]}]},{\"@type\":\"ImageObject\",\"inLanguage\":\"es\",\"@id\":\"https:\\\/\\\/digital58.com.ve\\\/site\\\/2020\\\/06\\\/17\\\/danna-garcia-revela-que-siente-miedo-tras-padecer-el-covid-19\\\/#primaryimage\",\"url\":\"https:\\\/\\\/digital58.com.ve\\\/site\\\/wp-content\\\/uploads\\\/2020\\\/06\\\/danna-garcia.jpg\",\"contentUrl\":\"https:\\\/\\\/digital58.com.ve\\\/site\\\/wp-content\\\/uploads\\\/2020\\\/06\\\/danna-garcia.jpg\",\"width\":800,\"height\":467},{\"@type\":\"BreadcrumbList\",\"@id\":\"https:\\\/\\\/digital58.com.ve\\\/site\\\/2020\\\/06\\\/17\\\/danna-garcia-revela-que-siente-miedo-tras-padecer-el-covid-19\\\/#breadcrumb\",\"itemListElement\":[{\"@type\":\"ListItem\",\"position\":1,\"name\":\"Home\",\"item\":\"https:\\\/\\\/digital58.com.ve\\\/site\\\/\"},{\"@type\":\"ListItem\",\"position\":2,\"name\":\"Danna Garc\u00eda revela que siente miedo tras padecer el COVID-19\"}]},{\"@type\":\"WebSite\",\"@id\":\"https:\\\/\\\/digital58.com.ve\\\/site\\\/#website\",\"url\":\"https:\\\/\\\/digital58.com.ve\\\/site\\\/\",\"name\":\"Noticias Digital58\",\"description\":\"Portal de Noticias \u00a1Periodismo web de verdad! Lanzamiento web 22.11.2005 \\\/ Maracaibo, Venezuela\",\"publisher\":{\"@id\":\"https:\\\/\\\/digital58.com.ve\\\/site\\\/#\\\/schema\\\/person\\\/64d1c2e4d0d4fd1b849980c4331c2951\"},\"alternateName\":\"ND58\",\"potentialAction\":[{\"@type\":\"SearchAction\",\"target\":{\"@type\":\"EntryPoint\",\"urlTemplate\":\"https:\\\/\\\/digital58.com.ve\\\/site\\\/?s={search_term_string}\"},\"query-input\":{\"@type\":\"PropertyValueSpecification\",\"valueRequired\":true,\"valueName\":\"search_term_string\"}}],\"inLanguage\":\"es\"},{\"@type\":[\"Person\",\"Organization\"],\"@id\":\"https:\\\/\\\/digital58.com.ve\\\/site\\\/#\\\/schema\\\/person\\\/64d1c2e4d0d4fd1b849980c4331c2951\",\"name\":\"Villasmil Henry\",\"image\":{\"@type\":\"ImageObject\",\"inLanguage\":\"es\",\"@id\":\"https:\\\/\\\/secure.gravatar.com\\\/avatar\\\/bb0c4a2fcb7970138239f7e404ea75757b1b507b28b5ce4c53fbd62d797c5a7c?s=96&d=mm&r=g\",\"url\":\"https:\\\/\\\/secure.gravatar.com\\\/avatar\\\/bb0c4a2fcb7970138239f7e404ea75757b1b507b28b5ce4c53fbd62d797c5a7c?s=96&d=mm&r=g\",\"contentUrl\":\"https:\\\/\\\/secure.gravatar.com\\\/avatar\\\/bb0c4a2fcb7970138239f7e404ea75757b1b507b28b5ce4c53fbd62d797c5a7c?s=96&d=mm&r=g\",\"caption\":\"Villasmil Henry\"},\"logo\":{\"@id\":\"https:\\\/\\\/secure.gravatar.com\\\/avatar\\\/bb0c4a2fcb7970138239f7e404ea75757b1b507b28b5ce4c53fbd62d797c5a7c?s=96&d=mm&r=g\"},\"sameAs\":[\"http:\\\/\\\/www.henryvillasmil.com.ve\",\"https:\\\/\\\/www.instagram.com\\\/villasmilhfoto\\\/\",\"https:\\\/\\\/x.com\\\/https:\\\/\\\/twitter.com\\\/villasmilhfoto\"]},{\"@type\":\"Person\",\"@id\":\"https:\\\/\\\/digital58.com.ve\\\/site\\\/#\\\/schema\\\/person\\\/6672bab44ab958838204ebb2cb0e8d52\",\"name\":\"Rubio Laura Isabel\",\"image\":{\"@type\":\"ImageObject\",\"inLanguage\":\"es\",\"@id\":\"https:\\\/\\\/secure.gravatar.com\\\/avatar\\\/f7cc56b26fb0562df4488ff129a58c3c1a1bd264c9af5f313a9b1797fff1cfb9?s=96&d=mm&r=g\",\"url\":\"https:\\\/\\\/secure.gravatar.com\\\/avatar\\\/f7cc56b26fb0562df4488ff129a58c3c1a1bd264c9af5f313a9b1797fff1cfb9?s=96&d=mm&r=g\",\"contentUrl\":\"https:\\\/\\\/secure.gravatar.com\\\/avatar\\\/f7cc56b26fb0562df4488ff129a58c3c1a1bd264c9af5f313a9b1797fff1cfb9?s=96&d=mm&r=g\",\"caption\":\"Rubio Laura Isabel\"},\"url\":\"https:\\\/\\\/digital58.com.ve\\\/site\\\/author\\\/laurarubio\\\/\"}]}<\/script>\n<!-- \/ Yoast SEO plugin. -->","yoast_head_json":{"title":"Danna Garc\u00eda revela que siente miedo tras padecer el COVID-19","description":"Fama","robots":{"index":"index","follow":"follow","max-snippet":"max-snippet:-1","max-image-preview":"max-image-preview:large","max-video-preview":"max-video-preview:-1"},"canonical":"https:\/\/digital58.com.ve\/site\/2020\/06\/17\/danna-garcia-revela-que-siente-miedo-tras-padecer-el-covid-19\/","og_locale":"es_ES","og_type":"article","og_title":"Danna Garc\u00eda revela que siente miedo tras padecer el COVID-19","og_description":"Fama","og_url":"https:\/\/digital58.com.ve\/site\/2020\/06\/17\/danna-garcia-revela-que-siente-miedo-tras-padecer-el-covid-19\/","og_site_name":"Noticias Digital58","article_published_time":"2020-06-18T02:21:37+00:00","og_image":[{"width":1200,"height":701,"url":"https:\/\/digital58.com.ve\/site\/wp-content\/uploads\/2020\/06\/danna-garcia.jpg","type":"image\/jpeg"}],"author":"Rubio Laura Isabel","twitter_card":"summary_large_image","twitter_creator":"@Digital_58","twitter_site":"@villasmilhfoto","twitter_misc":{"Escrito por":"Rubio Laura Isabel","Tiempo estimado de lectura":"2 minutos"},"schema":{"@context":"https:\/\/schema.org","@graph":[{"@type":"Article","@id":"https:\/\/digital58.com.ve\/site\/2020\/06\/17\/danna-garcia-revela-que-siente-miedo-tras-padecer-el-covid-19\/#article","isPartOf":{"@id":"https:\/\/digital58.com.ve\/site\/2020\/06\/17\/danna-garcia-revela-que-siente-miedo-tras-padecer-el-covid-19\/"},"author":{"name":"Rubio Laura Isabel","@id":"https:\/\/digital58.com.ve\/site\/#\/schema\/person\/6672bab44ab958838204ebb2cb0e8d52"},"headline":"Danna Garc\u00eda revela que siente miedo tras padecer el COVID-19","datePublished":"2020-06-18T02:21:37+00:00","mainEntityOfPage":{"@id":"https:\/\/digital58.com.ve\/site\/2020\/06\/17\/danna-garcia-revela-que-siente-miedo-tras-padecer-el-covid-19\/"},"wordCount":439,"commentCount":0,"publisher":{"@id":"https:\/\/digital58.com.ve\/site\/#\/schema\/person\/64d1c2e4d0d4fd1b849980c4331c2951"},"image":{"@id":"https:\/\/digital58.com.ve\/site\/2020\/06\/17\/danna-garcia-revela-que-siente-miedo-tras-padecer-el-covid-19\/#primaryimage"},"thumbnailUrl":"https:\/\/digital58.com.ve\/site\/wp-content\/uploads\/2020\/06\/danna-garcia.jpg","keywords":["Coronavirus","COVID-19","Cuarentena","Danna Garc\u00eda","Entretenimiento","Far\u00e1ndula","Instagram","Internacionales","Pandemia","Redes Sociales"],"articleSection":["Fama"],"inLanguage":"es","potentialAction":[{"@type":"CommentAction","name":"Comment","target":["https:\/\/digital58.com.ve\/site\/2020\/06\/17\/danna-garcia-revela-que-siente-miedo-tras-padecer-el-covid-19\/#respond"]}]},{"@type":"WebPage","@id":"https:\/\/digital58.com.ve\/site\/2020\/06\/17\/danna-garcia-revela-que-siente-miedo-tras-padecer-el-covid-19\/","url":"https:\/\/digital58.com.ve\/site\/2020\/06\/17\/danna-garcia-revela-que-siente-miedo-tras-padecer-el-covid-19\/","name":"Danna Garc\u00eda revela que siente miedo tras padecer el COVID-19","isPartOf":{"@id":"https:\/\/digital58.com.ve\/site\/#website"},"primaryImageOfPage":{"@id":"https:\/\/digital58.com.ve\/site\/2020\/06\/17\/danna-garcia-revela-que-siente-miedo-tras-padecer-el-covid-19\/#primaryimage"},"image":{"@id":"https:\/\/digital58.com.ve\/site\/2020\/06\/17\/danna-garcia-revela-que-siente-miedo-tras-padecer-el-covid-19\/#primaryimage"},"thumbnailUrl":"https:\/\/digital58.com.ve\/site\/wp-content\/uploads\/2020\/06\/danna-garcia.jpg","datePublished":"2020-06-18T02:21:37+00:00","description":"Fama","breadcrumb":{"@id":"https:\/\/digital58.com.ve\/site\/2020\/06\/17\/danna-garcia-revela-que-siente-miedo-tras-padecer-el-covid-19\/#breadcrumb"},"inLanguage":"es","potentialAction":[{"@type":"ReadAction","target":["https:\/\/digital58.com.ve\/site\/2020\/06\/17\/danna-garcia-revela-que-siente-miedo-tras-padecer-el-covid-19\/"]}]},{"@type":"ImageObject","inLanguage":"es","@id":"https:\/\/digital58.com.ve\/site\/2020\/06\/17\/danna-garcia-revela-que-siente-miedo-tras-padecer-el-covid-19\/#primaryimage","url":"https:\/\/digital58.com.ve\/site\/wp-content\/uploads\/2020\/06\/danna-garcia.jpg","contentUrl":"https:\/\/digital58.com.ve\/site\/wp-content\/uploads\/2020\/06\/danna-garcia.jpg","width":800,"height":467},{"@type":"BreadcrumbList","@id":"https:\/\/digital58.com.ve\/site\/2020\/06\/17\/danna-garcia-revela-que-siente-miedo-tras-padecer-el-covid-19\/#breadcrumb","itemListElement":[{"@type":"ListItem","position":1,"name":"Home","item":"https:\/\/digital58.com.ve\/site\/"},{"@type":"ListItem","position":2,"name":"Danna Garc\u00eda revela que siente miedo tras padecer el COVID-19"}]},{"@type":"WebSite","@id":"https:\/\/digital58.com.ve\/site\/#website","url":"https:\/\/digital58.com.ve\/site\/","name":"Noticias Digital58","description":"Portal de Noticias \u00a1Periodismo web de verdad! Lanzamiento web 22.11.2005 \/ Maracaibo, Venezuela","publisher":{"@id":"https:\/\/digital58.com.ve\/site\/#\/schema\/person\/64d1c2e4d0d4fd1b849980c4331c2951"},"alternateName":"ND58","potentialAction":[{"@type":"SearchAction","target":{"@type":"EntryPoint","urlTemplate":"https:\/\/digital58.com.ve\/site\/?s={search_term_string}"},"query-input":{"@type":"PropertyValueSpecification","valueRequired":true,"valueName":"search_term_string"}}],"inLanguage":"es"},{"@type":["Person","Organization"],"@id":"https:\/\/digital58.com.ve\/site\/#\/schema\/person\/64d1c2e4d0d4fd1b849980c4331c2951","name":"Villasmil Henry","image":{"@type":"ImageObject","inLanguage":"es","@id":"https:\/\/secure.gravatar.com\/avatar\/bb0c4a2fcb7970138239f7e404ea75757b1b507b28b5ce4c53fbd62d797c5a7c?s=96&d=mm&r=g","url":"https:\/\/secure.gravatar.com\/avatar\/bb0c4a2fcb7970138239f7e404ea75757b1b507b28b5ce4c53fbd62d797c5a7c?s=96&d=mm&r=g","contentUrl":"https:\/\/secure.gravatar.com\/avatar\/bb0c4a2fcb7970138239f7e404ea75757b1b507b28b5ce4c53fbd62d797c5a7c?s=96&d=mm&r=g","caption":"Villasmil Henry"},"logo":{"@id":"https:\/\/secure.gravatar.com\/avatar\/bb0c4a2fcb7970138239f7e404ea75757b1b507b28b5ce4c53fbd62d797c5a7c?s=96&d=mm&r=g"},"sameAs":["http:\/\/www.henryvillasmil.com.ve","https:\/\/www.instagram.com\/villasmilhfoto\/","https:\/\/x.com\/https:\/\/twitter.com\/villasmilhfoto"]},{"@type":"Person","@id":"https:\/\/digital58.com.ve\/site\/#\/schema\/person\/6672bab44ab958838204ebb2cb0e8d52","name":"Rubio Laura Isabel","image":{"@type":"ImageObject","inLanguage":"es","@id":"https:\/\/secure.gravatar.com\/avatar\/f7cc56b26fb0562df4488ff129a58c3c1a1bd264c9af5f313a9b1797fff1cfb9?s=96&d=mm&r=g","url":"https:\/\/secure.gravatar.com\/avatar\/f7cc56b26fb0562df4488ff129a58c3c1a1bd264c9af5f313a9b1797fff1cfb9?s=96&d=mm&r=g","contentUrl":"https:\/\/secure.gravatar.com\/avatar\/f7cc56b26fb0562df4488ff129a58c3c1a1bd264c9af5f313a9b1797fff1cfb9?s=96&d=mm&r=g","caption":"Rubio Laura Isabel"},"url":"https:\/\/digital58.com.ve\/site\/author\/laurarubio\/"}]}},"uagb_featured_image_src":{"full":["https:\/\/digital58.com.ve\/site\/wp-content\/uploads\/2020\/06\/danna-garcia.jpg",800,467,false],"thumbnail":["https:\/\/digital58.com.ve\/site\/wp-content\/uploads\/2020\/06\/danna-garcia-150x150.jpg",150,150,true],"medium":["https:\/\/digital58.com.ve\/site\/wp-content\/uploads\/2020\/06\/danna-garcia-300x175.jpg",300,175,true],"medium_large":["https:\/\/digital58.com.ve\/site\/wp-content\/uploads\/2020\/06\/danna-garcia-768x449.jpg",768,449,true],"large":["https:\/\/digital58.com.ve\/site\/wp-content\/uploads\/2020\/06\/danna-garcia.jpg",800,467,false],"1536x1536":["https:\/\/digital58.com.ve\/site\/wp-content\/uploads\/2020\/06\/danna-garcia.jpg",800,467,false],"2048x2048":["https:\/\/digital58.com.ve\/site\/wp-content\/uploads\/2020\/06\/danna-garcia.jpg",800,467,false],"colormag-highlighted-post":["https:\/\/digital58.com.ve\/site\/wp-content\/uploads\/2020\/06\/danna-garcia.jpg",392,229,false],"colormag-featured-post-medium":["https:\/\/digital58.com.ve\/site\/wp-content\/uploads\/2020\/06\/danna-garcia.jpg",351,205,false],"colormag-featured-post-small":["https:\/\/digital58.com.ve\/site\/wp-content\/uploads\/2020\/06\/danna-garcia.jpg",130,76,false],"colormag-featured-image":["https:\/\/digital58.com.ve\/site\/wp-content\/uploads\/2020\/06\/danna-garcia.jpg",762,445,false],"colormag-default-news":["https:\/\/digital58.com.ve\/site\/wp-content\/uploads\/2020\/06\/danna-garcia.jpg",150,88,false],"colormag-featured-image-large":["https:\/\/digital58.com.ve\/site\/wp-content\/uploads\/2020\/06\/danna-garcia.jpg",800,467,false]},"uagb_author_info":{"display_name":"Rubio Laura Isabel","author_link":"https:\/\/digital58.com.ve\/site\/author\/laurarubio\/"},"uagb_comment_info":0,"uagb_excerpt":"Mediante un v\u00eddeo publicado (en vivo) en su cuenta personal de Instagram,\u00a0 relat\u00f3 cuales han sido los efectos secundarios luego","_links":{"self":[{"href":"https:\/\/digital58.com.ve\/site\/wp-json\/wp\/v2\/posts\/107209","targetHints":{"allow":["GET"]}}],"collection":[{"href":"https:\/\/digital58.com.ve\/site\/wp-json\/wp\/v2\/posts"}],"about":[{"href":"https:\/\/digital58.com.ve\/site\/wp-json\/wp\/v2\/types\/post"}],"author":[{"embeddable":true,"href":"https:\/\/digital58.com.ve\/site\/wp-json\/wp\/v2\/users\/28"}],"replies":[{"embeddable":true,"href":"https:\/\/digital58.com.ve\/site\/wp-json\/wp\/v2\/comments?post=107209"}],"version-history":[{"count":0,"href":"https:\/\/digital58.com.ve\/site\/wp-json\/wp\/v2\/posts\/107209\/revisions"}],"wp:featuredmedia":[{"embeddable":true,"href":"https:\/\/digital58.com.ve\/site\/wp-json\/wp\/v2\/media\/107268"}],"wp:attachment":[{"href":"https:\/\/digital58.com.ve\/site\/wp-json\/wp\/v2\/media?parent=107209"}],"wp:term":[{"taxonomy":"category","embeddable":true,"href":"https:\/\/digital58.com.ve\/site\/wp-json\/wp\/v2\/categories?post=107209"},{"taxonomy":"post_tag","embeddable":true,"href":"https:\/\/digital58.com.ve\/site\/wp-json\/wp\/v2\/tags?post=107209"}],"curies":[{"name":"wp","href":"https:\/\/api.w.org\/{rel}","templated":true}]}}