{"id":107241,"date":"2020-06-17T20:00:11","date_gmt":"2020-06-18T00:00:11","guid":{"rendered":"https:\/\/digital58.com.ve\/site\/?p=107241"},"modified":"2020-06-17T21:01:03","modified_gmt":"2020-06-18T01:01:03","slug":"venezuela-detecta-159-casos-comunitarios-y-72-importados-de-covid-19-en-las-ultimas-24-horas","status":"publish","type":"post","link":"https:\/\/digital58.com.ve\/site\/2020\/06\/17\/venezuela-detecta-159-casos-comunitarios-y-72-importados-de-covid-19-en-las-ultimas-24-horas\/","title":{"rendered":"Venezuela detecta 159 casos comunitarios y 72 importados de COVID-19 en las \u00faltimas 24 horas"},"content":{"rendered":"<p><a href=\"https:\/\/digital58.com.ve\/site\/wp-content\/uploads\/2020\/06\/conteo-17.jpg\"><img loading=\"lazy\" decoding=\"async\" class=\"aligncenter size-large wp-image-107242\" src=\"https:\/\/digital58.com.ve\/site\/wp-content\/uploads\/2020\/06\/conteo-17-819x1024.jpg\" alt=\"\" width=\"640\" height=\"800\" srcset=\"https:\/\/digital58.com.ve\/site\/wp-content\/uploads\/2020\/06\/conteo-17-819x1024.jpg 819w, https:\/\/digital58.com.ve\/site\/wp-content\/uploads\/2020\/06\/conteo-17-240x300.jpg 240w, https:\/\/digital58.com.ve\/site\/wp-content\/uploads\/2020\/06\/conteo-17-768x960.jpg 768w, https:\/\/digital58.com.ve\/site\/wp-content\/uploads\/2020\/06\/conteo-17.jpg 480w\" sizes=\"auto, (max-width: 640px) 100vw, 640px\" \/><\/a><\/p>\n<p>El n\u00famero total de contagios por coronavirus en el pa\u00eds se elevan a 3.386, mientras la cifra de fallecidos aument\u00f3 a 28 con el deceso de un hombre de 41 a\u00f1os. Nicol\u00e1s Maduro anunci\u00f3 que aplicar\u00e1 nuevas medidas de protecci\u00f3n para los venezolanos.<\/p>\n<p><strong>Caracas, DC, Venezuela, 17 de junio de 2020 (ND58).-<\/strong> La informaci\u00f3n la dio a conocer este mi\u00e9rcoles el presidente de la Rep\u00fablica Bolivariana de Venezuela, Nicol\u00e1s Maduro, tras encabezar una jornada de trabajo productivo en Caracas.<\/p>\n<p>\u00abNo son buenas noticias, se prende una alarma en medio de la batalla contra el coronavirus\u00bb, alert\u00f3 el Jefe de Estado antes de iniciar el parte diario y donde adem\u00e1s asegur\u00f3 que esto obligar\u00e1 a tomar decisiones nuevas, tempranas, audaces y radicales pese a tener un alt\u00edsimo control de la pandemia.<\/p>\n<p>No obstante, aclar\u00f3 que se han generado dos focos delicados desde Colombia y Brasil, por donde los connacionales han ingresado por pasos irregulares y han contagiado a varios sectores del pa\u00eds.<\/p>\n<p>Reiter\u00f3 el llamado a los venezolanos a reportar los casos de connacionales que hayan ingresado al pa\u00eds sin pasar por el cerco epidemiol\u00f3gico ya que ponen en peligro la vida de sus familias.<\/p>\n<p>El Mandatario Nacional detall\u00f3 que de los casos de transmisi\u00f3n comunitaria 132 est\u00e1n relacionados al foco registrado en el Mercado Las Pulgas de Maracaibo, estado Zulia, lo que equivale el 67 % de los casos diarios, y donde ya se registran ocho fallecidos desde el inicio de propagaci\u00f3n de esta cepa que es m\u00e1s agresiva.<\/p>\n<p>Otros siete son de Aragua, 4 del Distrito Capital, 3 en Miranda, 3 en Trujillo (foco del Mercado Las Pulgas), 3 en T\u00e1chira, 2 en Carabobo, 2 en Bol\u00edvar, 2 en La Guaira y 1 en Sucre.<\/p>\n<p>Al referirse a los casos importados, precis\u00f3 que 56 de ellos provienen desde Colombia (29 ingresaron por el Zulia y 27 por T\u00e1chira) y 16 provienen desde Brasil.<\/p>\n<p>El deceso se trata de un hombre de 41 a\u00f1os de Los Frailes de Catia, en la parroquia Sucre del Distrito Capital, quien trabajaba como enfermero en un centro de salud privado. Fue ingresado en el Hospital Cl\u00ednico Universitario donde recibi\u00f3 atenci\u00f3n pero su estado de salud se complic\u00f3 al presentar una enfermedad previa.<\/p>\n<p>\u00abNo podemos confiarnos\u00bb, inst\u00f3 al tiempo que dio a conocer que la Comisi\u00f3n Presidencial para el Control y la Prevenci\u00f3n de la COVID-19, eval\u00faa nuevas medidas especiales de protecci\u00f3n que ser\u00e1n anunciadas en las pr\u00f3ximas horas.<\/p><div class=\"tvzud69f2cb3503139\" ><p style=\"text-align: center;\"><a href=\"https:\/\/t.me\/noticiasdigital58\" target=\"_blank\" rel=\"noopener\"><img class=\"aligncenter size-full wp-image-125363\" src=\"https:\/\/digital58.com.ve\/site\/wp-content\/uploads\/2021\/04\/banner-telegram-web-2021.png\" alt=\"\" width=\"600\" height=\"90\" \/><\/a><\/p><\/div><style type=\"text\/css\">\r\n@media screen and (min-width: 1201px) {\r\n.tvzud69f2cb3503139 {\r\ndisplay: block;\r\n}\r\n}\r\n@media screen and (min-width: 993px) and (max-width: 1200px) {\r\n.tvzud69f2cb3503139 {\r\ndisplay: block;\r\n}\r\n}\r\n@media screen and (min-width: 769px) and (max-width: 992px) {\r\n.tvzud69f2cb3503139 {\r\ndisplay: block;\r\n}\r\n}\r\n@media screen and (min-width: 768px) and (max-width: 768px) {\r\n.tvzud69f2cb3503139 {\r\ndisplay: block;\r\n}\r\n}\r\n@media screen and (max-width: 767px) {\r\n.tvzud69f2cb3503139 {\r\ndisplay: block;\r\n}\r\n}\r\n<\/style>\r\n\n<p><strong>Redacci\u00f3n ND58 | Fuente: VTV<\/strong><br \/>\n<strong>Edici\u00f3n: Villasmil, Henry<\/strong><br \/>\n<strong>Gr\u00e1ficas: Arismendi, Luis (@arismendiht)<\/strong><\/p>\n<div style=\"margin-top: 0px; margin-bottom: 0px;\" class=\"sharethis-inline-share-buttons\" ><\/div>","protected":false},"excerpt":{"rendered":"<p>El n\u00famero total de contagios por coronavirus en el pa\u00eds se elevan a 3.386, mientras la cifra de fallecidos aument\u00f3<\/p>\n","protected":false},"author":1,"featured_media":107242,"comment_status":"open","ping_status":"closed","sticky":false,"template":"","format":"standard","meta":{"colormag_page_container_layout":"default_layout","colormag_page_sidebar_layout":"default_layout","_uag_custom_page_level_css":"","footnotes":""},"categories":[5405],"tags":[13352,13648,4213,2724,13723,14457,32],"class_list":["post-107241","post","type-post","status-publish","format-standard","has-post-thumbnail","hentry","category-salud","tag-coronavirus","tag-covid-19","tag-nacional","tag-nicolas-maduro","tag-pandemia","tag-reporte-diario-covid-19","tag-venezuela"],"yoast_head":"<!-- This site is optimized with the Yoast SEO plugin v27.5 - https:\/\/yoast.com\/product\/yoast-seo-wordpress\/ -->\n<title>Venezuela detecta 159 casos comunitarios y 72 importados de COVID-19 en las \u00faltimas 24 horas<\/title>\n<meta name=\"robots\" content=\"index, follow, max-snippet:-1, max-image-preview:large, max-video-preview:-1\" \/>\n<link rel=\"canonical\" href=\"https:\/\/digital58.com.ve\/site\/2020\/06\/17\/venezuela-detecta-159-casos-comunitarios-y-72-importados-de-covid-19-en-las-ultimas-24-horas\/\" \/>\n<meta property=\"og:locale\" content=\"es_ES\" \/>\n<meta property=\"og:type\" content=\"article\" \/>\n<meta property=\"og:title\" content=\"Venezuela detecta 159 casos comunitarios y 72 importados de COVID-19 en las \u00faltimas 24 horas\" \/>\n<meta property=\"og:url\" content=\"https:\/\/digital58.com.ve\/site\/2020\/06\/17\/venezuela-detecta-159-casos-comunitarios-y-72-importados-de-covid-19-en-las-ultimas-24-horas\/\" \/>\n<meta property=\"og:site_name\" content=\"Noticias Digital58\" \/>\n<meta property=\"article:published_time\" content=\"2020-06-18T00:00:11+00:00\" \/>\n<meta property=\"article:modified_time\" content=\"2020-06-18T01:01:03+00:00\" \/>\n<meta property=\"og:image\" content=\"https:\/\/digital58.com.ve\/site\/wp-content\/uploads\/2020\/06\/conteo-17.jpg\" \/>\n\t<meta property=\"og:image:width\" content=\"1080\" \/>\n\t<meta property=\"og:image:height\" content=\"1350\" \/>\n\t<meta property=\"og:image:type\" content=\"image\/jpeg\" \/>\n<meta name=\"author\" content=\"Villasmil Henry\" \/>\n<meta name=\"twitter:card\" content=\"summary_large_image\" \/>\n<meta name=\"twitter:creator\" content=\"@https:\/\/twitter.com\/villasmilhfoto\" \/>\n<meta name=\"twitter:site\" content=\"@villasmilhfoto\" \/>\n<meta name=\"twitter:label1\" content=\"Escrito por\" \/>\n\t<meta name=\"twitter:data1\" content=\"Villasmil Henry\" \/>\n\t<meta name=\"twitter:label2\" content=\"Tiempo estimado de lectura\" \/>\n\t<meta name=\"twitter:data2\" content=\"2 minutos\" \/>\n<script type=\"application\/ld+json\" class=\"yoast-schema-graph\">{\"@context\":\"https:\\\/\\\/schema.org\",\"@graph\":[{\"@type\":\"Article\",\"@id\":\"https:\\\/\\\/digital58.com.ve\\\/site\\\/2020\\\/06\\\/17\\\/venezuela-detecta-159-casos-comunitarios-y-72-importados-de-covid-19-en-las-ultimas-24-horas\\\/#article\",\"isPartOf\":{\"@id\":\"https:\\\/\\\/digital58.com.ve\\\/site\\\/2020\\\/06\\\/17\\\/venezuela-detecta-159-casos-comunitarios-y-72-importados-de-covid-19-en-las-ultimas-24-horas\\\/\"},\"author\":{\"name\":\"Villasmil Henry\",\"@id\":\"https:\\\/\\\/digital58.com.ve\\\/site\\\/#\\\/schema\\\/person\\\/64d1c2e4d0d4fd1b849980c4331c2951\"},\"headline\":\"Venezuela detecta 159 casos comunitarios y 72 importados de COVID-19 en las \u00faltimas 24 horas\",\"datePublished\":\"2020-06-18T00:00:11+00:00\",\"dateModified\":\"2020-06-18T01:01:03+00:00\",\"mainEntityOfPage\":{\"@id\":\"https:\\\/\\\/digital58.com.ve\\\/site\\\/2020\\\/06\\\/17\\\/venezuela-detecta-159-casos-comunitarios-y-72-importados-de-covid-19-en-las-ultimas-24-horas\\\/\"},\"wordCount\":440,\"commentCount\":0,\"publisher\":{\"@id\":\"https:\\\/\\\/digital58.com.ve\\\/site\\\/#\\\/schema\\\/person\\\/64d1c2e4d0d4fd1b849980c4331c2951\"},\"image\":{\"@id\":\"https:\\\/\\\/digital58.com.ve\\\/site\\\/2020\\\/06\\\/17\\\/venezuela-detecta-159-casos-comunitarios-y-72-importados-de-covid-19-en-las-ultimas-24-horas\\\/#primaryimage\"},\"thumbnailUrl\":\"https:\\\/\\\/digital58.com.ve\\\/site\\\/wp-content\\\/uploads\\\/2020\\\/06\\\/conteo-17.jpg\",\"keywords\":[\"Coronavirus\",\"COVID-19\",\"Nacional\",\"Nicol\u00e1s Maduro\",\"Pandemia\",\"Reporte Diario COVID-19\",\"Venezuela\"],\"articleSection\":[\"Salud\"],\"inLanguage\":\"es\",\"potentialAction\":[{\"@type\":\"CommentAction\",\"name\":\"Comment\",\"target\":[\"https:\\\/\\\/digital58.com.ve\\\/site\\\/2020\\\/06\\\/17\\\/venezuela-detecta-159-casos-comunitarios-y-72-importados-de-covid-19-en-las-ultimas-24-horas\\\/#respond\"]}]},{\"@type\":\"WebPage\",\"@id\":\"https:\\\/\\\/digital58.com.ve\\\/site\\\/2020\\\/06\\\/17\\\/venezuela-detecta-159-casos-comunitarios-y-72-importados-de-covid-19-en-las-ultimas-24-horas\\\/\",\"url\":\"https:\\\/\\\/digital58.com.ve\\\/site\\\/2020\\\/06\\\/17\\\/venezuela-detecta-159-casos-comunitarios-y-72-importados-de-covid-19-en-las-ultimas-24-horas\\\/\",\"name\":\"Venezuela detecta 159 casos comunitarios y 72 importados de COVID-19 en las \u00faltimas 24 horas\",\"isPartOf\":{\"@id\":\"https:\\\/\\\/digital58.com.ve\\\/site\\\/#website\"},\"primaryImageOfPage\":{\"@id\":\"https:\\\/\\\/digital58.com.ve\\\/site\\\/2020\\\/06\\\/17\\\/venezuela-detecta-159-casos-comunitarios-y-72-importados-de-covid-19-en-las-ultimas-24-horas\\\/#primaryimage\"},\"image\":{\"@id\":\"https:\\\/\\\/digital58.com.ve\\\/site\\\/2020\\\/06\\\/17\\\/venezuela-detecta-159-casos-comunitarios-y-72-importados-de-covid-19-en-las-ultimas-24-horas\\\/#primaryimage\"},\"thumbnailUrl\":\"https:\\\/\\\/digital58.com.ve\\\/site\\\/wp-content\\\/uploads\\\/2020\\\/06\\\/conteo-17.jpg\",\"datePublished\":\"2020-06-18T00:00:11+00:00\",\"dateModified\":\"2020-06-18T01:01:03+00:00\",\"breadcrumb\":{\"@id\":\"https:\\\/\\\/digital58.com.ve\\\/site\\\/2020\\\/06\\\/17\\\/venezuela-detecta-159-casos-comunitarios-y-72-importados-de-covid-19-en-las-ultimas-24-horas\\\/#breadcrumb\"},\"inLanguage\":\"es\",\"potentialAction\":[{\"@type\":\"ReadAction\",\"target\":[\"https:\\\/\\\/digital58.com.ve\\\/site\\\/2020\\\/06\\\/17\\\/venezuela-detecta-159-casos-comunitarios-y-72-importados-de-covid-19-en-las-ultimas-24-horas\\\/\"]}]},{\"@type\":\"ImageObject\",\"inLanguage\":\"es\",\"@id\":\"https:\\\/\\\/digital58.com.ve\\\/site\\\/2020\\\/06\\\/17\\\/venezuela-detecta-159-casos-comunitarios-y-72-importados-de-covid-19-en-las-ultimas-24-horas\\\/#primaryimage\",\"url\":\"https:\\\/\\\/digital58.com.ve\\\/site\\\/wp-content\\\/uploads\\\/2020\\\/06\\\/conteo-17.jpg\",\"contentUrl\":\"https:\\\/\\\/digital58.com.ve\\\/site\\\/wp-content\\\/uploads\\\/2020\\\/06\\\/conteo-17.jpg\",\"width\":480,\"height\":600},{\"@type\":\"BreadcrumbList\",\"@id\":\"https:\\\/\\\/digital58.com.ve\\\/site\\\/2020\\\/06\\\/17\\\/venezuela-detecta-159-casos-comunitarios-y-72-importados-de-covid-19-en-las-ultimas-24-horas\\\/#breadcrumb\",\"itemListElement\":[{\"@type\":\"ListItem\",\"position\":1,\"name\":\"Home\",\"item\":\"https:\\\/\\\/digital58.com.ve\\\/site\\\/\"},{\"@type\":\"ListItem\",\"position\":2,\"name\":\"Venezuela detecta 159 casos comunitarios y 72 importados de COVID-19 en las \u00faltimas 24 horas\"}]},{\"@type\":\"WebSite\",\"@id\":\"https:\\\/\\\/digital58.com.ve\\\/site\\\/#website\",\"url\":\"https:\\\/\\\/digital58.com.ve\\\/site\\\/\",\"name\":\"Noticias Digital58\",\"description\":\"Portal de Noticias \u00a1Periodismo web de verdad! Lanzamiento web 22.11.2005 \\\/ Maracaibo, Venezuela\",\"publisher\":{\"@id\":\"https:\\\/\\\/digital58.com.ve\\\/site\\\/#\\\/schema\\\/person\\\/64d1c2e4d0d4fd1b849980c4331c2951\"},\"alternateName\":\"ND58\",\"potentialAction\":[{\"@type\":\"SearchAction\",\"target\":{\"@type\":\"EntryPoint\",\"urlTemplate\":\"https:\\\/\\\/digital58.com.ve\\\/site\\\/?s={search_term_string}\"},\"query-input\":{\"@type\":\"PropertyValueSpecification\",\"valueRequired\":true,\"valueName\":\"search_term_string\"}}],\"inLanguage\":\"es\"},{\"@type\":[\"Person\",\"Organization\"],\"@id\":\"https:\\\/\\\/digital58.com.ve\\\/site\\\/#\\\/schema\\\/person\\\/64d1c2e4d0d4fd1b849980c4331c2951\",\"name\":\"Villasmil Henry\",\"image\":{\"@type\":\"ImageObject\",\"inLanguage\":\"es\",\"@id\":\"https:\\\/\\\/secure.gravatar.com\\\/avatar\\\/bb0c4a2fcb7970138239f7e404ea75757b1b507b28b5ce4c53fbd62d797c5a7c?s=96&d=mm&r=g\",\"url\":\"https:\\\/\\\/secure.gravatar.com\\\/avatar\\\/bb0c4a2fcb7970138239f7e404ea75757b1b507b28b5ce4c53fbd62d797c5a7c?s=96&d=mm&r=g\",\"contentUrl\":\"https:\\\/\\\/secure.gravatar.com\\\/avatar\\\/bb0c4a2fcb7970138239f7e404ea75757b1b507b28b5ce4c53fbd62d797c5a7c?s=96&d=mm&r=g\",\"caption\":\"Villasmil Henry\"},\"logo\":{\"@id\":\"https:\\\/\\\/secure.gravatar.com\\\/avatar\\\/bb0c4a2fcb7970138239f7e404ea75757b1b507b28b5ce4c53fbd62d797c5a7c?s=96&d=mm&r=g\"},\"sameAs\":[\"http:\\\/\\\/www.henryvillasmil.com.ve\",\"https:\\\/\\\/www.instagram.com\\\/villasmilhfoto\\\/\",\"https:\\\/\\\/x.com\\\/https:\\\/\\\/twitter.com\\\/villasmilhfoto\"],\"url\":\"https:\\\/\\\/digital58.com.ve\\\/site\\\/author\\\/droopy_68\\\/\"}]}<\/script>\n<!-- \/ Yoast SEO plugin. -->","yoast_head_json":{"title":"Venezuela detecta 159 casos comunitarios y 72 importados de COVID-19 en las \u00faltimas 24 horas","robots":{"index":"index","follow":"follow","max-snippet":"max-snippet:-1","max-image-preview":"max-image-preview:large","max-video-preview":"max-video-preview:-1"},"canonical":"https:\/\/digital58.com.ve\/site\/2020\/06\/17\/venezuela-detecta-159-casos-comunitarios-y-72-importados-de-covid-19-en-las-ultimas-24-horas\/","og_locale":"es_ES","og_type":"article","og_title":"Venezuela detecta 159 casos comunitarios y 72 importados de COVID-19 en las \u00faltimas 24 horas","og_url":"https:\/\/digital58.com.ve\/site\/2020\/06\/17\/venezuela-detecta-159-casos-comunitarios-y-72-importados-de-covid-19-en-las-ultimas-24-horas\/","og_site_name":"Noticias Digital58","article_published_time":"2020-06-18T00:00:11+00:00","article_modified_time":"2020-06-18T01:01:03+00:00","og_image":[{"width":1080,"height":1350,"url":"https:\/\/digital58.com.ve\/site\/wp-content\/uploads\/2020\/06\/conteo-17.jpg","type":"image\/jpeg"}],"author":"Villasmil Henry","twitter_card":"summary_large_image","twitter_creator":"@https:\/\/twitter.com\/villasmilhfoto","twitter_site":"@villasmilhfoto","twitter_misc":{"Escrito por":"Villasmil Henry","Tiempo estimado de lectura":"2 minutos"},"schema":{"@context":"https:\/\/schema.org","@graph":[{"@type":"Article","@id":"https:\/\/digital58.com.ve\/site\/2020\/06\/17\/venezuela-detecta-159-casos-comunitarios-y-72-importados-de-covid-19-en-las-ultimas-24-horas\/#article","isPartOf":{"@id":"https:\/\/digital58.com.ve\/site\/2020\/06\/17\/venezuela-detecta-159-casos-comunitarios-y-72-importados-de-covid-19-en-las-ultimas-24-horas\/"},"author":{"name":"Villasmil Henry","@id":"https:\/\/digital58.com.ve\/site\/#\/schema\/person\/64d1c2e4d0d4fd1b849980c4331c2951"},"headline":"Venezuela detecta 159 casos comunitarios y 72 importados de COVID-19 en las \u00faltimas 24 horas","datePublished":"2020-06-18T00:00:11+00:00","dateModified":"2020-06-18T01:01:03+00:00","mainEntityOfPage":{"@id":"https:\/\/digital58.com.ve\/site\/2020\/06\/17\/venezuela-detecta-159-casos-comunitarios-y-72-importados-de-covid-19-en-las-ultimas-24-horas\/"},"wordCount":440,"commentCount":0,"publisher":{"@id":"https:\/\/digital58.com.ve\/site\/#\/schema\/person\/64d1c2e4d0d4fd1b849980c4331c2951"},"image":{"@id":"https:\/\/digital58.com.ve\/site\/2020\/06\/17\/venezuela-detecta-159-casos-comunitarios-y-72-importados-de-covid-19-en-las-ultimas-24-horas\/#primaryimage"},"thumbnailUrl":"https:\/\/digital58.com.ve\/site\/wp-content\/uploads\/2020\/06\/conteo-17.jpg","keywords":["Coronavirus","COVID-19","Nacional","Nicol\u00e1s Maduro","Pandemia","Reporte Diario COVID-19","Venezuela"],"articleSection":["Salud"],"inLanguage":"es","potentialAction":[{"@type":"CommentAction","name":"Comment","target":["https:\/\/digital58.com.ve\/site\/2020\/06\/17\/venezuela-detecta-159-casos-comunitarios-y-72-importados-de-covid-19-en-las-ultimas-24-horas\/#respond"]}]},{"@type":"WebPage","@id":"https:\/\/digital58.com.ve\/site\/2020\/06\/17\/venezuela-detecta-159-casos-comunitarios-y-72-importados-de-covid-19-en-las-ultimas-24-horas\/","url":"https:\/\/digital58.com.ve\/site\/2020\/06\/17\/venezuela-detecta-159-casos-comunitarios-y-72-importados-de-covid-19-en-las-ultimas-24-horas\/","name":"Venezuela detecta 159 casos comunitarios y 72 importados de COVID-19 en las \u00faltimas 24 horas","isPartOf":{"@id":"https:\/\/digital58.com.ve\/site\/#website"},"primaryImageOfPage":{"@id":"https:\/\/digital58.com.ve\/site\/2020\/06\/17\/venezuela-detecta-159-casos-comunitarios-y-72-importados-de-covid-19-en-las-ultimas-24-horas\/#primaryimage"},"image":{"@id":"https:\/\/digital58.com.ve\/site\/2020\/06\/17\/venezuela-detecta-159-casos-comunitarios-y-72-importados-de-covid-19-en-las-ultimas-24-horas\/#primaryimage"},"thumbnailUrl":"https:\/\/digital58.com.ve\/site\/wp-content\/uploads\/2020\/06\/conteo-17.jpg","datePublished":"2020-06-18T00:00:11+00:00","dateModified":"2020-06-18T01:01:03+00:00","breadcrumb":{"@id":"https:\/\/digital58.com.ve\/site\/2020\/06\/17\/venezuela-detecta-159-casos-comunitarios-y-72-importados-de-covid-19-en-las-ultimas-24-horas\/#breadcrumb"},"inLanguage":"es","potentialAction":[{"@type":"ReadAction","target":["https:\/\/digital58.com.ve\/site\/2020\/06\/17\/venezuela-detecta-159-casos-comunitarios-y-72-importados-de-covid-19-en-las-ultimas-24-horas\/"]}]},{"@type":"ImageObject","inLanguage":"es","@id":"https:\/\/digital58.com.ve\/site\/2020\/06\/17\/venezuela-detecta-159-casos-comunitarios-y-72-importados-de-covid-19-en-las-ultimas-24-horas\/#primaryimage","url":"https:\/\/digital58.com.ve\/site\/wp-content\/uploads\/2020\/06\/conteo-17.jpg","contentUrl":"https:\/\/digital58.com.ve\/site\/wp-content\/uploads\/2020\/06\/conteo-17.jpg","width":480,"height":600},{"@type":"BreadcrumbList","@id":"https:\/\/digital58.com.ve\/site\/2020\/06\/17\/venezuela-detecta-159-casos-comunitarios-y-72-importados-de-covid-19-en-las-ultimas-24-horas\/#breadcrumb","itemListElement":[{"@type":"ListItem","position":1,"name":"Home","item":"https:\/\/digital58.com.ve\/site\/"},{"@type":"ListItem","position":2,"name":"Venezuela detecta 159 casos comunitarios y 72 importados de COVID-19 en las \u00faltimas 24 horas"}]},{"@type":"WebSite","@id":"https:\/\/digital58.com.ve\/site\/#website","url":"https:\/\/digital58.com.ve\/site\/","name":"Noticias Digital58","description":"Portal de Noticias \u00a1Periodismo web de verdad! Lanzamiento web 22.11.2005 \/ Maracaibo, Venezuela","publisher":{"@id":"https:\/\/digital58.com.ve\/site\/#\/schema\/person\/64d1c2e4d0d4fd1b849980c4331c2951"},"alternateName":"ND58","potentialAction":[{"@type":"SearchAction","target":{"@type":"EntryPoint","urlTemplate":"https:\/\/digital58.com.ve\/site\/?s={search_term_string}"},"query-input":{"@type":"PropertyValueSpecification","valueRequired":true,"valueName":"search_term_string"}}],"inLanguage":"es"},{"@type":["Person","Organization"],"@id":"https:\/\/digital58.com.ve\/site\/#\/schema\/person\/64d1c2e4d0d4fd1b849980c4331c2951","name":"Villasmil Henry","image":{"@type":"ImageObject","inLanguage":"es","@id":"https:\/\/secure.gravatar.com\/avatar\/bb0c4a2fcb7970138239f7e404ea75757b1b507b28b5ce4c53fbd62d797c5a7c?s=96&d=mm&r=g","url":"https:\/\/secure.gravatar.com\/avatar\/bb0c4a2fcb7970138239f7e404ea75757b1b507b28b5ce4c53fbd62d797c5a7c?s=96&d=mm&r=g","contentUrl":"https:\/\/secure.gravatar.com\/avatar\/bb0c4a2fcb7970138239f7e404ea75757b1b507b28b5ce4c53fbd62d797c5a7c?s=96&d=mm&r=g","caption":"Villasmil Henry"},"logo":{"@id":"https:\/\/secure.gravatar.com\/avatar\/bb0c4a2fcb7970138239f7e404ea75757b1b507b28b5ce4c53fbd62d797c5a7c?s=96&d=mm&r=g"},"sameAs":["http:\/\/www.henryvillasmil.com.ve","https:\/\/www.instagram.com\/villasmilhfoto\/","https:\/\/x.com\/https:\/\/twitter.com\/villasmilhfoto"],"url":"https:\/\/digital58.com.ve\/site\/author\/droopy_68\/"}]}},"uagb_featured_image_src":{"full":["https:\/\/digital58.com.ve\/site\/wp-content\/uploads\/2020\/06\/conteo-17.jpg",480,600,false],"thumbnail":["https:\/\/digital58.com.ve\/site\/wp-content\/uploads\/2020\/06\/conteo-17-150x150.jpg",150,150,true],"medium":["https:\/\/digital58.com.ve\/site\/wp-content\/uploads\/2020\/06\/conteo-17-240x300.jpg",240,300,true],"medium_large":["https:\/\/digital58.com.ve\/site\/wp-content\/uploads\/2020\/06\/conteo-17-768x960.jpg",768,960,true],"large":["https:\/\/digital58.com.ve\/site\/wp-content\/uploads\/2020\/06\/conteo-17-819x1024.jpg",800,1000,true],"1536x1536":["https:\/\/digital58.com.ve\/site\/wp-content\/uploads\/2020\/06\/conteo-17.jpg",480,600,false],"2048x2048":["https:\/\/digital58.com.ve\/site\/wp-content\/uploads\/2020\/06\/conteo-17.jpg",480,600,false],"colormag-highlighted-post":["https:\/\/digital58.com.ve\/site\/wp-content\/uploads\/2020\/06\/conteo-17.jpg",218,272,false],"colormag-featured-post-medium":["https:\/\/digital58.com.ve\/site\/wp-content\/uploads\/2020\/06\/conteo-17.jpg",164,205,false],"colormag-featured-post-small":["https:\/\/digital58.com.ve\/site\/wp-content\/uploads\/2020\/06\/conteo-17.jpg",72,90,false],"colormag-featured-image":["https:\/\/digital58.com.ve\/site\/wp-content\/uploads\/2020\/06\/conteo-17.jpg",356,445,false],"colormag-default-news":["https:\/\/digital58.com.ve\/site\/wp-content\/uploads\/2020\/06\/conteo-17.jpg",120,150,false],"colormag-featured-image-large":["https:\/\/digital58.com.ve\/site\/wp-content\/uploads\/2020\/06\/conteo-17.jpg",480,600,false]},"uagb_author_info":{"display_name":"Villasmil Henry","author_link":"https:\/\/digital58.com.ve\/site\/author\/droopy_68\/"},"uagb_comment_info":0,"uagb_excerpt":"El n\u00famero total de contagios por coronavirus en el pa\u00eds se elevan a 3.386, mientras la cifra de fallecidos aument\u00f3","_links":{"self":[{"href":"https:\/\/digital58.com.ve\/site\/wp-json\/wp\/v2\/posts\/107241","targetHints":{"allow":["GET"]}}],"collection":[{"href":"https:\/\/digital58.com.ve\/site\/wp-json\/wp\/v2\/posts"}],"about":[{"href":"https:\/\/digital58.com.ve\/site\/wp-json\/wp\/v2\/types\/post"}],"author":[{"embeddable":true,"href":"https:\/\/digital58.com.ve\/site\/wp-json\/wp\/v2\/users\/1"}],"replies":[{"embeddable":true,"href":"https:\/\/digital58.com.ve\/site\/wp-json\/wp\/v2\/comments?post=107241"}],"version-history":[{"count":0,"href":"https:\/\/digital58.com.ve\/site\/wp-json\/wp\/v2\/posts\/107241\/revisions"}],"wp:featuredmedia":[{"embeddable":true,"href":"https:\/\/digital58.com.ve\/site\/wp-json\/wp\/v2\/media\/107242"}],"wp:attachment":[{"href":"https:\/\/digital58.com.ve\/site\/wp-json\/wp\/v2\/media?parent=107241"}],"wp:term":[{"taxonomy":"category","embeddable":true,"href":"https:\/\/digital58.com.ve\/site\/wp-json\/wp\/v2\/categories?post=107241"},{"taxonomy":"post_tag","embeddable":true,"href":"https:\/\/digital58.com.ve\/site\/wp-json\/wp\/v2\/tags?post=107241"}],"curies":[{"name":"wp","href":"https:\/\/api.w.org\/{rel}","templated":true}]}}