{"id":107417,"date":"2020-06-19T20:29:30","date_gmt":"2020-06-20T00:29:30","guid":{"rendered":"https:\/\/digital58.com.ve\/site\/?p=107417"},"modified":"2020-06-19T22:15:25","modified_gmt":"2020-06-20T02:15:25","slug":"jennifer-lawrence-volvio-a-twitter-para-pedir-justicia-por-breonna-taylor","status":"publish","type":"post","link":"https:\/\/digital58.com.ve\/site\/2020\/06\/19\/jennifer-lawrence-volvio-a-twitter-para-pedir-justicia-por-breonna-taylor\/","title":{"rendered":"Jennifer Lawrence volvi\u00f3 a Twitter para pedir justicia por Breonna Taylor"},"content":{"rendered":"\r\n<p class=\"wp-block-paragraph\"><a href=\"https:\/\/digital58.com.ve\/site\/wp-content\/uploads\/2020\/06\/Jennifer_Lawrence.jpg\"><img loading=\"lazy\" decoding=\"async\" class=\"aligncenter size-full wp-image-107474\" src=\"https:\/\/digital58.com.ve\/site\/wp-content\/uploads\/2020\/06\/Jennifer_Lawrence.jpg\" alt=\"\" width=\"1200\" height=\"697\" srcset=\"https:\/\/digital58.com.ve\/site\/wp-content\/uploads\/2020\/06\/Jennifer_Lawrence.jpg 800w, https:\/\/digital58.com.ve\/site\/wp-content\/uploads\/2020\/06\/Jennifer_Lawrence-300x174.jpg 300w, https:\/\/digital58.com.ve\/site\/wp-content\/uploads\/2020\/06\/Jennifer_Lawrence-768x446.jpg 768w\" sizes=\"auto, (max-width: 1200px) 100vw, 1200px\" \/><\/a><\/p>\r\n<p>La actriz tambi\u00e9n se uni\u00f3 a la plataforma social RepresentUs, una organizaci\u00f3n no partidista y sin fines de lucro fundada en noviembre de 2012 que aboga por leyes estatales y locales basadas en una legislaci\u00f3n modelo llamada Ley Anticorrupci\u00f3n Estadounidense.<\/p><div class=\"cznaj6a9bdb22c1cb7\" ><p style=\"text-align: center;\"><a href=\"https:\/\/t.me\/noticiasdigital58\" target=\"_blank\" rel=\"noopener\"><img class=\"aligncenter size-full wp-image-125363\" src=\"https:\/\/digital58.com.ve\/site\/wp-content\/uploads\/2021\/04\/banner-telegram-web-2021.png\" alt=\"\" width=\"600\" height=\"90\" \/><\/a><\/p><\/div><style type=\"text\/css\">\r\n@media screen and (min-width: 1201px) {\r\n.cznaj6a9bdb22c1cb7 {\r\ndisplay: block;\r\n}\r\n}\r\n@media screen and (min-width: 993px) and (max-width: 1200px) {\r\n.cznaj6a9bdb22c1cb7 {\r\ndisplay: block;\r\n}\r\n}\r\n@media screen and (min-width: 769px) and (max-width: 992px) {\r\n.cznaj6a9bdb22c1cb7 {\r\ndisplay: block;\r\n}\r\n}\r\n@media screen and (min-width: 768px) and (max-width: 768px) {\r\n.cznaj6a9bdb22c1cb7 {\r\ndisplay: block;\r\n}\r\n}\r\n@media screen and (max-width: 767px) {\r\n.cznaj6a9bdb22c1cb7 {\r\ndisplay: block;\r\n}\r\n}\r\n<\/style>\r\n\r\n<p><strong>Internacionales, 18 de mayo de 2020 (ND58).-<\/strong> Jennifer Lawrence, rompi\u00f3 su promesa de no volver a Twitter, con el prop\u00f3sito de pedir justicia ante el asesinato de Breonna Taylor, quien fue abruptamente asesinada a tiros por parte de autoridades del Departamento de Polic\u00eda del Metro de Lousville, en el pasado mes de marzo.<br \/><br \/>Jennifer Lawrence se pronunci\u00f3 en la red social del pajarito, mediante la publicaci\u00f3n de una carta, con la finalidad de crear conciencia entre la poblaci\u00f3n, ante el terrible asesinato de la joven de 26 a\u00f1os, adem\u00e1s de pedir que se haga justicia ante los involucrados en el delito.<br \/><br \/>\u00abComo Louisvillian, como ser humano, no puedo guardar silencio. Me uno a todos los que est\u00e1n hablando en contra de esta grave injusticia, llamando al Fiscal General Daniel Cameron a tomar medidas inmediatas para responsabilizar a los implicados por su muerte\u2026 No debemos permitir que la eliminaci\u00f3n de las mujeres negras contin\u00fae en Estados Unidos. Como muchos activistas y l\u00edderes han estado implorando durante a\u00f1os: #SayHerName\u00bb, es el mensaje que escribi\u00f3 Lawrence en Twitter.<br \/><br \/>Sin dejar de mencionar que la actriz se uni\u00f3 a la plataforma social RepresentUs, se trata de un medio creado para \u00abunir a conservadores, progresistas y todos los dem\u00e1s para aprobar leyes poderosas anticorrupci\u00f3n que detengan el soborno pol\u00edtico, pongan fin al dinero secreto y arreglen nuestras elecciones rotas\u00bb.<br \/><br \/><strong>Redacci\u00f3n: Rubio, Laura Isabel (@lauraisabelrubio) | Fuente: EFE<\/strong><br \/><strong>Edici\u00f3n: Villasmil, Henry<\/strong><br \/><strong>Gr\u00e1ficas: Cortes\u00eda<\/strong><br \/><br \/><\/p>\r\n<div style=\"margin-top: 0px; margin-bottom: 0px;\" class=\"sharethis-inline-share-buttons\" ><\/div>","protected":false},"excerpt":{"rendered":"<p>La actriz tambi\u00e9n se uni\u00f3 a la plataforma social RepresentUs, una organizaci\u00f3n no partidista y sin fines de lucro fundada<\/p>\n","protected":false},"author":28,"featured_media":107474,"comment_status":"open","ping_status":"closed","sticky":false,"template":"","format":"standard","meta":{"colormag_page_container_layout":"default_layout","colormag_page_sidebar_layout":"default_layout","_uag_custom_page_level_css":"","footnotes":""},"categories":[1],"tags":[50,273,8,2450,248,378],"class_list":["post-107417","post","type-post","status-publish","format-standard","has-post-thumbnail","hentry","category-fama","tag-entretenimiento","tag-farandula","tag-internacionales","tag-jennifer-lawrence","tag-redes-sociales","tag-twitter"],"yoast_head":"<!-- This site is optimized with the Yoast SEO plugin v28.4 - https:\/\/yoast.com\/product\/yoast-seo-wordpress\/ -->\n<title>Jennifer Lawrence volvi\u00f3 a Twitter para pedir justicia por Breonna Taylor<\/title>\n<meta name=\"description\" content=\"Fama\" \/>\n<meta name=\"robots\" content=\"index, follow, max-snippet:-1, max-image-preview:large, max-video-preview:-1\" \/>\n<link rel=\"canonical\" href=\"https:\/\/digital58.com.ve\/site\/2020\/06\/19\/jennifer-lawrence-volvio-a-twitter-para-pedir-justicia-por-breonna-taylor\/\" \/>\n<meta property=\"og:locale\" content=\"es_ES\" \/>\n<meta property=\"og:type\" content=\"article\" \/>\n<meta property=\"og:title\" content=\"Jennifer Lawrence volvi\u00f3 a Twitter para pedir justicia por Breonna Taylor\" \/>\n<meta property=\"og:description\" content=\"Fama\" \/>\n<meta property=\"og:url\" content=\"https:\/\/digital58.com.ve\/site\/2020\/06\/19\/jennifer-lawrence-volvio-a-twitter-para-pedir-justicia-por-breonna-taylor\/\" \/>\n<meta property=\"og:site_name\" content=\"Noticias Digital58\" \/>\n<meta property=\"article:published_time\" content=\"2020-06-20T00:29:30+00:00\" \/>\n<meta property=\"article:modified_time\" content=\"2020-06-20T02:15:25+00:00\" \/>\n<meta property=\"og:image\" content=\"https:\/\/digital58.com.ve\/site\/wp-content\/uploads\/2020\/06\/Jennifer_Lawrence.jpg\" \/>\n\t<meta property=\"og:image:width\" content=\"1200\" \/>\n\t<meta property=\"og:image:height\" content=\"697\" \/>\n\t<meta property=\"og:image:type\" content=\"image\/jpeg\" \/>\n<meta name=\"author\" content=\"Rubio Laura Isabel\" \/>\n<meta name=\"twitter:card\" content=\"summary_large_image\" \/>\n<meta name=\"twitter:creator\" content=\"@Digital_58\" \/>\n<meta name=\"twitter:site\" content=\"@villasmilhfoto\" \/>\n<meta name=\"twitter:label1\" content=\"Escrito por\" \/>\n\t<meta name=\"twitter:data1\" content=\"Rubio Laura Isabel\" \/>\n\t<meta name=\"twitter:label2\" content=\"Tiempo estimado de lectura\" \/>\n\t<meta name=\"twitter:data2\" content=\"1 minuto\" \/>\n<script type=\"application\/ld+json\" class=\"yoast-schema-graph\">{\"@context\":\"https:\\\/\\\/schema.org\",\"@graph\":[{\"@type\":\"Article\",\"@id\":\"https:\\\/\\\/digital58.com.ve\\\/site\\\/2020\\\/06\\\/19\\\/jennifer-lawrence-volvio-a-twitter-para-pedir-justicia-por-breonna-taylor\\\/#article\",\"isPartOf\":{\"@id\":\"https:\\\/\\\/digital58.com.ve\\\/site\\\/2020\\\/06\\\/19\\\/jennifer-lawrence-volvio-a-twitter-para-pedir-justicia-por-breonna-taylor\\\/\"},\"author\":{\"name\":\"Rubio Laura Isabel\",\"@id\":\"https:\\\/\\\/digital58.com.ve\\\/site\\\/#\\\/schema\\\/person\\\/6672bab44ab958838204ebb2cb0e8d52\"},\"headline\":\"Jennifer Lawrence volvi\u00f3 a Twitter para pedir justicia por Breonna Taylor\",\"datePublished\":\"2020-06-20T00:29:30+00:00\",\"dateModified\":\"2020-06-20T02:15:25+00:00\",\"mainEntityOfPage\":{\"@id\":\"https:\\\/\\\/digital58.com.ve\\\/site\\\/2020\\\/06\\\/19\\\/jennifer-lawrence-volvio-a-twitter-para-pedir-justicia-por-breonna-taylor\\\/\"},\"wordCount\":306,\"commentCount\":0,\"publisher\":{\"@id\":\"https:\\\/\\\/digital58.com.ve\\\/site\\\/#\\\/schema\\\/person\\\/64d1c2e4d0d4fd1b849980c4331c2951\"},\"image\":{\"@id\":\"https:\\\/\\\/digital58.com.ve\\\/site\\\/2020\\\/06\\\/19\\\/jennifer-lawrence-volvio-a-twitter-para-pedir-justicia-por-breonna-taylor\\\/#primaryimage\"},\"thumbnailUrl\":\"https:\\\/\\\/digital58.com.ve\\\/site\\\/wp-content\\\/uploads\\\/2020\\\/06\\\/Jennifer_Lawrence.jpg\",\"keywords\":[\"Entretenimiento\",\"Far\u00e1ndula\",\"Internacionales\",\"Jennifer Lawrence\",\"Redes Sociales\",\"Twitter\"],\"articleSection\":[\"Fama\"],\"inLanguage\":\"es\",\"potentialAction\":[{\"@type\":\"CommentAction\",\"name\":\"Comment\",\"target\":[\"https:\\\/\\\/digital58.com.ve\\\/site\\\/2020\\\/06\\\/19\\\/jennifer-lawrence-volvio-a-twitter-para-pedir-justicia-por-breonna-taylor\\\/#respond\"]}]},{\"@type\":\"WebPage\",\"@id\":\"https:\\\/\\\/digital58.com.ve\\\/site\\\/2020\\\/06\\\/19\\\/jennifer-lawrence-volvio-a-twitter-para-pedir-justicia-por-breonna-taylor\\\/\",\"url\":\"https:\\\/\\\/digital58.com.ve\\\/site\\\/2020\\\/06\\\/19\\\/jennifer-lawrence-volvio-a-twitter-para-pedir-justicia-por-breonna-taylor\\\/\",\"name\":\"Jennifer Lawrence volvi\u00f3 a Twitter para pedir justicia por Breonna Taylor\",\"isPartOf\":{\"@id\":\"https:\\\/\\\/digital58.com.ve\\\/site\\\/#website\"},\"primaryImageOfPage\":{\"@id\":\"https:\\\/\\\/digital58.com.ve\\\/site\\\/2020\\\/06\\\/19\\\/jennifer-lawrence-volvio-a-twitter-para-pedir-justicia-por-breonna-taylor\\\/#primaryimage\"},\"image\":{\"@id\":\"https:\\\/\\\/digital58.com.ve\\\/site\\\/2020\\\/06\\\/19\\\/jennifer-lawrence-volvio-a-twitter-para-pedir-justicia-por-breonna-taylor\\\/#primaryimage\"},\"thumbnailUrl\":\"https:\\\/\\\/digital58.com.ve\\\/site\\\/wp-content\\\/uploads\\\/2020\\\/06\\\/Jennifer_Lawrence.jpg\",\"datePublished\":\"2020-06-20T00:29:30+00:00\",\"dateModified\":\"2020-06-20T02:15:25+00:00\",\"description\":\"Fama\",\"breadcrumb\":{\"@id\":\"https:\\\/\\\/digital58.com.ve\\\/site\\\/2020\\\/06\\\/19\\\/jennifer-lawrence-volvio-a-twitter-para-pedir-justicia-por-breonna-taylor\\\/#breadcrumb\"},\"inLanguage\":\"es\",\"potentialAction\":[{\"@type\":\"ReadAction\",\"target\":[\"https:\\\/\\\/digital58.com.ve\\\/site\\\/2020\\\/06\\\/19\\\/jennifer-lawrence-volvio-a-twitter-para-pedir-justicia-por-breonna-taylor\\\/\"]}]},{\"@type\":\"ImageObject\",\"inLanguage\":\"es\",\"@id\":\"https:\\\/\\\/digital58.com.ve\\\/site\\\/2020\\\/06\\\/19\\\/jennifer-lawrence-volvio-a-twitter-para-pedir-justicia-por-breonna-taylor\\\/#primaryimage\",\"url\":\"https:\\\/\\\/digital58.com.ve\\\/site\\\/wp-content\\\/uploads\\\/2020\\\/06\\\/Jennifer_Lawrence.jpg\",\"contentUrl\":\"https:\\\/\\\/digital58.com.ve\\\/site\\\/wp-content\\\/uploads\\\/2020\\\/06\\\/Jennifer_Lawrence.jpg\",\"width\":800,\"height\":465},{\"@type\":\"BreadcrumbList\",\"@id\":\"https:\\\/\\\/digital58.com.ve\\\/site\\\/2020\\\/06\\\/19\\\/jennifer-lawrence-volvio-a-twitter-para-pedir-justicia-por-breonna-taylor\\\/#breadcrumb\",\"itemListElement\":[{\"@type\":\"ListItem\",\"position\":1,\"name\":\"Home\",\"item\":\"https:\\\/\\\/digital58.com.ve\\\/site\\\/\"},{\"@type\":\"ListItem\",\"position\":2,\"name\":\"Jennifer Lawrence volvi\u00f3 a Twitter para pedir justicia por Breonna Taylor\"}]},{\"@type\":\"WebSite\",\"@id\":\"https:\\\/\\\/digital58.com.ve\\\/site\\\/#website\",\"url\":\"https:\\\/\\\/digital58.com.ve\\\/site\\\/\",\"name\":\"Noticias Digital58\",\"description\":\"Portal de Noticias \u00a1Periodismo web de verdad! Lanzamiento web 22.11.2005 \\\/ Maracaibo, Venezuela\",\"publisher\":{\"@id\":\"https:\\\/\\\/digital58.com.ve\\\/site\\\/#\\\/schema\\\/person\\\/64d1c2e4d0d4fd1b849980c4331c2951\"},\"alternateName\":\"ND58\",\"potentialAction\":[{\"@type\":\"SearchAction\",\"target\":{\"@type\":\"EntryPoint\",\"urlTemplate\":\"https:\\\/\\\/digital58.com.ve\\\/site\\\/?s={search_term_string}\"},\"query-input\":{\"@type\":\"PropertyValueSpecification\",\"valueRequired\":true,\"valueName\":\"search_term_string\"}}],\"inLanguage\":\"es\"},{\"@type\":[\"Person\",\"Organization\"],\"@id\":\"https:\\\/\\\/digital58.com.ve\\\/site\\\/#\\\/schema\\\/person\\\/64d1c2e4d0d4fd1b849980c4331c2951\",\"name\":\"Villasmil Henry\",\"image\":{\"@type\":\"ImageObject\",\"inLanguage\":\"es\",\"@id\":\"https:\\\/\\\/secure.gravatar.com\\\/avatar\\\/bb0c4a2fcb7970138239f7e404ea75757b1b507b28b5ce4c53fbd62d797c5a7c?s=96&d=mm&r=g\",\"url\":\"https:\\\/\\\/secure.gravatar.com\\\/avatar\\\/bb0c4a2fcb7970138239f7e404ea75757b1b507b28b5ce4c53fbd62d797c5a7c?s=96&d=mm&r=g\",\"contentUrl\":\"https:\\\/\\\/secure.gravatar.com\\\/avatar\\\/bb0c4a2fcb7970138239f7e404ea75757b1b507b28b5ce4c53fbd62d797c5a7c?s=96&d=mm&r=g\",\"caption\":\"Villasmil Henry\"},\"logo\":{\"@id\":\"https:\\\/\\\/secure.gravatar.com\\\/avatar\\\/bb0c4a2fcb7970138239f7e404ea75757b1b507b28b5ce4c53fbd62d797c5a7c?s=96&d=mm&r=g\"},\"sameAs\":[\"http:\\\/\\\/www.henryvillasmil.com.ve\",\"https:\\\/\\\/www.instagram.com\\\/villasmilhfoto\\\/\",\"https:\\\/\\\/x.com\\\/https:\\\/\\\/twitter.com\\\/villasmilhfoto\"]},{\"@type\":\"Person\",\"@id\":\"https:\\\/\\\/digital58.com.ve\\\/site\\\/#\\\/schema\\\/person\\\/6672bab44ab958838204ebb2cb0e8d52\",\"name\":\"Rubio Laura Isabel\",\"image\":{\"@type\":\"ImageObject\",\"inLanguage\":\"es\",\"@id\":\"https:\\\/\\\/secure.gravatar.com\\\/avatar\\\/f7cc56b26fb0562df4488ff129a58c3c1a1bd264c9af5f313a9b1797fff1cfb9?s=96&d=mm&r=g\",\"url\":\"https:\\\/\\\/secure.gravatar.com\\\/avatar\\\/f7cc56b26fb0562df4488ff129a58c3c1a1bd264c9af5f313a9b1797fff1cfb9?s=96&d=mm&r=g\",\"contentUrl\":\"https:\\\/\\\/secure.gravatar.com\\\/avatar\\\/f7cc56b26fb0562df4488ff129a58c3c1a1bd264c9af5f313a9b1797fff1cfb9?s=96&d=mm&r=g\",\"caption\":\"Rubio Laura Isabel\"},\"url\":\"https:\\\/\\\/digital58.com.ve\\\/site\\\/author\\\/laurarubio\\\/\"}]}<\/script>\n<!-- \/ Yoast SEO plugin. -->","yoast_head_json":{"title":"Jennifer Lawrence volvi\u00f3 a Twitter para pedir justicia por Breonna Taylor","description":"Fama","robots":{"index":"index","follow":"follow","max-snippet":"max-snippet:-1","max-image-preview":"max-image-preview:large","max-video-preview":"max-video-preview:-1"},"canonical":"https:\/\/digital58.com.ve\/site\/2020\/06\/19\/jennifer-lawrence-volvio-a-twitter-para-pedir-justicia-por-breonna-taylor\/","og_locale":"es_ES","og_type":"article","og_title":"Jennifer Lawrence volvi\u00f3 a Twitter para pedir justicia por Breonna Taylor","og_description":"Fama","og_url":"https:\/\/digital58.com.ve\/site\/2020\/06\/19\/jennifer-lawrence-volvio-a-twitter-para-pedir-justicia-por-breonna-taylor\/","og_site_name":"Noticias Digital58","article_published_time":"2020-06-20T00:29:30+00:00","article_modified_time":"2020-06-20T02:15:25+00:00","og_image":[{"width":1200,"height":697,"url":"https:\/\/digital58.com.ve\/site\/wp-content\/uploads\/2020\/06\/Jennifer_Lawrence.jpg","type":"image\/jpeg"}],"author":"Rubio Laura Isabel","twitter_card":"summary_large_image","twitter_creator":"@Digital_58","twitter_site":"@villasmilhfoto","twitter_misc":{"Escrito por":"Rubio Laura Isabel","Tiempo estimado de lectura":"1 minuto"},"schema":{"@context":"https:\/\/schema.org","@graph":[{"@type":"Article","@id":"https:\/\/digital58.com.ve\/site\/2020\/06\/19\/jennifer-lawrence-volvio-a-twitter-para-pedir-justicia-por-breonna-taylor\/#article","isPartOf":{"@id":"https:\/\/digital58.com.ve\/site\/2020\/06\/19\/jennifer-lawrence-volvio-a-twitter-para-pedir-justicia-por-breonna-taylor\/"},"author":{"name":"Rubio Laura Isabel","@id":"https:\/\/digital58.com.ve\/site\/#\/schema\/person\/6672bab44ab958838204ebb2cb0e8d52"},"headline":"Jennifer Lawrence volvi\u00f3 a Twitter para pedir justicia por Breonna Taylor","datePublished":"2020-06-20T00:29:30+00:00","dateModified":"2020-06-20T02:15:25+00:00","mainEntityOfPage":{"@id":"https:\/\/digital58.com.ve\/site\/2020\/06\/19\/jennifer-lawrence-volvio-a-twitter-para-pedir-justicia-por-breonna-taylor\/"},"wordCount":306,"commentCount":0,"publisher":{"@id":"https:\/\/digital58.com.ve\/site\/#\/schema\/person\/64d1c2e4d0d4fd1b849980c4331c2951"},"image":{"@id":"https:\/\/digital58.com.ve\/site\/2020\/06\/19\/jennifer-lawrence-volvio-a-twitter-para-pedir-justicia-por-breonna-taylor\/#primaryimage"},"thumbnailUrl":"https:\/\/digital58.com.ve\/site\/wp-content\/uploads\/2020\/06\/Jennifer_Lawrence.jpg","keywords":["Entretenimiento","Far\u00e1ndula","Internacionales","Jennifer Lawrence","Redes Sociales","Twitter"],"articleSection":["Fama"],"inLanguage":"es","potentialAction":[{"@type":"CommentAction","name":"Comment","target":["https:\/\/digital58.com.ve\/site\/2020\/06\/19\/jennifer-lawrence-volvio-a-twitter-para-pedir-justicia-por-breonna-taylor\/#respond"]}]},{"@type":"WebPage","@id":"https:\/\/digital58.com.ve\/site\/2020\/06\/19\/jennifer-lawrence-volvio-a-twitter-para-pedir-justicia-por-breonna-taylor\/","url":"https:\/\/digital58.com.ve\/site\/2020\/06\/19\/jennifer-lawrence-volvio-a-twitter-para-pedir-justicia-por-breonna-taylor\/","name":"Jennifer Lawrence volvi\u00f3 a Twitter para pedir justicia por Breonna Taylor","isPartOf":{"@id":"https:\/\/digital58.com.ve\/site\/#website"},"primaryImageOfPage":{"@id":"https:\/\/digital58.com.ve\/site\/2020\/06\/19\/jennifer-lawrence-volvio-a-twitter-para-pedir-justicia-por-breonna-taylor\/#primaryimage"},"image":{"@id":"https:\/\/digital58.com.ve\/site\/2020\/06\/19\/jennifer-lawrence-volvio-a-twitter-para-pedir-justicia-por-breonna-taylor\/#primaryimage"},"thumbnailUrl":"https:\/\/digital58.com.ve\/site\/wp-content\/uploads\/2020\/06\/Jennifer_Lawrence.jpg","datePublished":"2020-06-20T00:29:30+00:00","dateModified":"2020-06-20T02:15:25+00:00","description":"Fama","breadcrumb":{"@id":"https:\/\/digital58.com.ve\/site\/2020\/06\/19\/jennifer-lawrence-volvio-a-twitter-para-pedir-justicia-por-breonna-taylor\/#breadcrumb"},"inLanguage":"es","potentialAction":[{"@type":"ReadAction","target":["https:\/\/digital58.com.ve\/site\/2020\/06\/19\/jennifer-lawrence-volvio-a-twitter-para-pedir-justicia-por-breonna-taylor\/"]}]},{"@type":"ImageObject","inLanguage":"es","@id":"https:\/\/digital58.com.ve\/site\/2020\/06\/19\/jennifer-lawrence-volvio-a-twitter-para-pedir-justicia-por-breonna-taylor\/#primaryimage","url":"https:\/\/digital58.com.ve\/site\/wp-content\/uploads\/2020\/06\/Jennifer_Lawrence.jpg","contentUrl":"https:\/\/digital58.com.ve\/site\/wp-content\/uploads\/2020\/06\/Jennifer_Lawrence.jpg","width":800,"height":465},{"@type":"BreadcrumbList","@id":"https:\/\/digital58.com.ve\/site\/2020\/06\/19\/jennifer-lawrence-volvio-a-twitter-para-pedir-justicia-por-breonna-taylor\/#breadcrumb","itemListElement":[{"@type":"ListItem","position":1,"name":"Home","item":"https:\/\/digital58.com.ve\/site\/"},{"@type":"ListItem","position":2,"name":"Jennifer Lawrence volvi\u00f3 a Twitter para pedir justicia por Breonna Taylor"}]},{"@type":"WebSite","@id":"https:\/\/digital58.com.ve\/site\/#website","url":"https:\/\/digital58.com.ve\/site\/","name":"Noticias Digital58","description":"Portal de Noticias \u00a1Periodismo web de verdad! Lanzamiento web 22.11.2005 \/ Maracaibo, Venezuela","publisher":{"@id":"https:\/\/digital58.com.ve\/site\/#\/schema\/person\/64d1c2e4d0d4fd1b849980c4331c2951"},"alternateName":"ND58","potentialAction":[{"@type":"SearchAction","target":{"@type":"EntryPoint","urlTemplate":"https:\/\/digital58.com.ve\/site\/?s={search_term_string}"},"query-input":{"@type":"PropertyValueSpecification","valueRequired":true,"valueName":"search_term_string"}}],"inLanguage":"es"},{"@type":["Person","Organization"],"@id":"https:\/\/digital58.com.ve\/site\/#\/schema\/person\/64d1c2e4d0d4fd1b849980c4331c2951","name":"Villasmil Henry","image":{"@type":"ImageObject","inLanguage":"es","@id":"https:\/\/secure.gravatar.com\/avatar\/bb0c4a2fcb7970138239f7e404ea75757b1b507b28b5ce4c53fbd62d797c5a7c?s=96&d=mm&r=g","url":"https:\/\/secure.gravatar.com\/avatar\/bb0c4a2fcb7970138239f7e404ea75757b1b507b28b5ce4c53fbd62d797c5a7c?s=96&d=mm&r=g","contentUrl":"https:\/\/secure.gravatar.com\/avatar\/bb0c4a2fcb7970138239f7e404ea75757b1b507b28b5ce4c53fbd62d797c5a7c?s=96&d=mm&r=g","caption":"Villasmil Henry"},"logo":{"@id":"https:\/\/secure.gravatar.com\/avatar\/bb0c4a2fcb7970138239f7e404ea75757b1b507b28b5ce4c53fbd62d797c5a7c?s=96&d=mm&r=g"},"sameAs":["http:\/\/www.henryvillasmil.com.ve","https:\/\/www.instagram.com\/villasmilhfoto\/","https:\/\/x.com\/https:\/\/twitter.com\/villasmilhfoto"]},{"@type":"Person","@id":"https:\/\/digital58.com.ve\/site\/#\/schema\/person\/6672bab44ab958838204ebb2cb0e8d52","name":"Rubio Laura Isabel","image":{"@type":"ImageObject","inLanguage":"es","@id":"https:\/\/secure.gravatar.com\/avatar\/f7cc56b26fb0562df4488ff129a58c3c1a1bd264c9af5f313a9b1797fff1cfb9?s=96&d=mm&r=g","url":"https:\/\/secure.gravatar.com\/avatar\/f7cc56b26fb0562df4488ff129a58c3c1a1bd264c9af5f313a9b1797fff1cfb9?s=96&d=mm&r=g","contentUrl":"https:\/\/secure.gravatar.com\/avatar\/f7cc56b26fb0562df4488ff129a58c3c1a1bd264c9af5f313a9b1797fff1cfb9?s=96&d=mm&r=g","caption":"Rubio Laura Isabel"},"url":"https:\/\/digital58.com.ve\/site\/author\/laurarubio\/"}]}},"uagb_featured_image_src":{"full":["https:\/\/digital58.com.ve\/site\/wp-content\/uploads\/2020\/06\/Jennifer_Lawrence.jpg",800,465,false],"thumbnail":["https:\/\/digital58.com.ve\/site\/wp-content\/uploads\/2020\/06\/Jennifer_Lawrence-150x150.jpg",150,150,true],"medium":["https:\/\/digital58.com.ve\/site\/wp-content\/uploads\/2020\/06\/Jennifer_Lawrence-300x174.jpg",300,174,true],"medium_large":["https:\/\/digital58.com.ve\/site\/wp-content\/uploads\/2020\/06\/Jennifer_Lawrence-768x446.jpg",768,446,true],"large":["https:\/\/digital58.com.ve\/site\/wp-content\/uploads\/2020\/06\/Jennifer_Lawrence.jpg",800,465,false],"1536x1536":["https:\/\/digital58.com.ve\/site\/wp-content\/uploads\/2020\/06\/Jennifer_Lawrence.jpg",800,465,false],"2048x2048":["https:\/\/digital58.com.ve\/site\/wp-content\/uploads\/2020\/06\/Jennifer_Lawrence.jpg",800,465,false],"colormag-highlighted-post":["https:\/\/digital58.com.ve\/site\/wp-content\/uploads\/2020\/06\/Jennifer_Lawrence.jpg",392,228,false],"colormag-featured-post-medium":["https:\/\/digital58.com.ve\/site\/wp-content\/uploads\/2020\/06\/Jennifer_Lawrence.jpg",353,205,false],"colormag-featured-post-small":["https:\/\/digital58.com.ve\/site\/wp-content\/uploads\/2020\/06\/Jennifer_Lawrence.jpg",130,76,false],"colormag-featured-image":["https:\/\/digital58.com.ve\/site\/wp-content\/uploads\/2020\/06\/Jennifer_Lawrence.jpg",766,445,false],"colormag-default-news":["https:\/\/digital58.com.ve\/site\/wp-content\/uploads\/2020\/06\/Jennifer_Lawrence.jpg",150,87,false],"colormag-featured-image-large":["https:\/\/digital58.com.ve\/site\/wp-content\/uploads\/2020\/06\/Jennifer_Lawrence.jpg",800,465,false]},"uagb_author_info":{"display_name":"Rubio Laura Isabel","author_link":"https:\/\/digital58.com.ve\/site\/author\/laurarubio\/"},"uagb_comment_info":0,"uagb_excerpt":"La actriz tambi\u00e9n se uni\u00f3 a la plataforma social RepresentUs, una organizaci\u00f3n no partidista y sin fines de lucro fundada","_links":{"self":[{"href":"https:\/\/digital58.com.ve\/site\/wp-json\/wp\/v2\/posts\/107417","targetHints":{"allow":["GET"]}}],"collection":[{"href":"https:\/\/digital58.com.ve\/site\/wp-json\/wp\/v2\/posts"}],"about":[{"href":"https:\/\/digital58.com.ve\/site\/wp-json\/wp\/v2\/types\/post"}],"author":[{"embeddable":true,"href":"https:\/\/digital58.com.ve\/site\/wp-json\/wp\/v2\/users\/28"}],"replies":[{"embeddable":true,"href":"https:\/\/digital58.com.ve\/site\/wp-json\/wp\/v2\/comments?post=107417"}],"version-history":[{"count":0,"href":"https:\/\/digital58.com.ve\/site\/wp-json\/wp\/v2\/posts\/107417\/revisions"}],"wp:featuredmedia":[{"embeddable":true,"href":"https:\/\/digital58.com.ve\/site\/wp-json\/wp\/v2\/media\/107474"}],"wp:attachment":[{"href":"https:\/\/digital58.com.ve\/site\/wp-json\/wp\/v2\/media?parent=107417"}],"wp:term":[{"taxonomy":"category","embeddable":true,"href":"https:\/\/digital58.com.ve\/site\/wp-json\/wp\/v2\/categories?post=107417"},{"taxonomy":"post_tag","embeddable":true,"href":"https:\/\/digital58.com.ve\/site\/wp-json\/wp\/v2\/tags?post=107417"}],"curies":[{"name":"wp","href":"https:\/\/api.w.org\/{rel}","templated":true}]}}