{"id":107481,"date":"2020-06-19T20:56:48","date_gmt":"2020-06-20T00:56:48","guid":{"rendered":"https:\/\/digital58.com.ve\/site\/?p=107481"},"modified":"2020-06-19T23:48:38","modified_gmt":"2020-06-20T03:48:38","slug":"peru-reactiva-el-servicio-de-solicitud-de-refugio-en-linea","status":"publish","type":"post","link":"https:\/\/digital58.com.ve\/site\/2020\/06\/19\/peru-reactiva-el-servicio-de-solicitud-de-refugio-en-linea\/","title":{"rendered":"Per\u00fa reactiva el servicio de solicitud de refugio en l\u00ednea"},"content":{"rendered":"<p><a href=\"https:\/\/digital58.com.ve\/site\/wp-content\/uploads\/2020\/06\/per\u00fa.jpg\"><img loading=\"lazy\" decoding=\"async\" class=\"aligncenter wp-image-107499\" src=\"https:\/\/digital58.com.ve\/site\/wp-content\/uploads\/2020\/06\/per\u00fa.jpg\" alt=\"\" width=\"600\" height=\"323\" srcset=\"https:\/\/digital58.com.ve\/site\/wp-content\/uploads\/2020\/06\/per\u00fa.jpg 800w, https:\/\/digital58.com.ve\/site\/wp-content\/uploads\/2020\/06\/per\u00fa-300x162.jpg 300w, https:\/\/digital58.com.ve\/site\/wp-content\/uploads\/2020\/06\/per\u00fa-768x414.jpg 768w\" sizes=\"auto, (max-width: 600px) 100vw, 600px\" \/><\/a><\/p>\n<p>El permiso de trabajo se expedir\u00e1 autom\u00e1ticamente y tendr\u00e1 nuevos par\u00e1metros para su validez. El carn\u00e9 de solicitante ser\u00e1 virtual seg\u00fan inform\u00f3 a ND58 Patricio Rubio.<\/p>\n<p><strong>Lima, Per\u00fa. 19 de junio de 2020 (ND58). <\/strong>Este s\u00e1bado 20 de junio se reactiva nuevamente la expedici\u00f3n de solicitud de refugio de forma en l\u00ednea en Per\u00fa. As\u00ed lo inform\u00f3 Patricio Rubio Correa, secretario ejecutivo de la Comisi\u00f3n Especial para los Refugiados de la canciller\u00eda peruana, la noche de este viernes a trav\u00e9s de una reuni\u00f3n por v\u00eda Zoom a la que tuvo acceso NOTICIAS DIGITAL 58.<\/p>\n<p>Luego de permanecer sin actividad por cuatro meses, la comisi\u00f3n reactiv\u00f3 esta medida a prop\u00f3sito de celebrar ma\u00f1ana el D\u00eda Mundial del Refugiado. Rubio indic\u00f3 que ser\u00e1 el s\u00e1bado cuando se difundir\u00e1 el enlace a trav\u00e9s del que se acceder\u00e1 al tr\u00e1mite.<\/p>\n<p>\u00abLo nuevo que traemos es que los solicitantes podr\u00e1n tener una autorizaci\u00f3n de trabajo que se generar\u00e1 de forma autom\u00e1tica y ser\u00e1 mejor que la de antes. Esta tendr\u00e1 un c\u00f3digo QR en el que se puede que se consultar\u00e1 la vigencia, contar\u00e1 con el n\u00famero del carn\u00e9 de solicitante de refugio que se expedir\u00e1 varios meses m\u00e1s adelante. Esto servir\u00e1 para que las personas puedan utilizarlos para trabajar y hacer tr\u00e1mites importantes vinculados al empleo como, licencia de conducir, RUT o abrir cuenta bancaria\u00bb, detall\u00f3 Rubio.<\/p>\n<p>Tambi\u00e9n a\u00f1adi\u00f3 que se pasar\u00e1 del carn\u00e9 f\u00edsico al virtual para hacer el tr\u00e1mite m\u00e1s r\u00e1pido y las personas no se expongan al COVID-19. Para esto, el proceso de validaci\u00f3n de los documentos que presenten ser\u00e1 tambi\u00e9n en l\u00ednea, para evitar que los tramitadores saquen provecho o dificulten el sistema al colocar s\u00edmbolos y no la informaci\u00f3n necesaria para concretar una cita.<\/p>\n<p><a href=\"https:\/\/digital58.com.ve\/site\/wp-content\/uploads\/2020\/06\/migrante-peru.jpg\"><img loading=\"lazy\" decoding=\"async\" class=\"aligncenter size-full wp-image-107503\" src=\"https:\/\/digital58.com.ve\/site\/wp-content\/uploads\/2020\/06\/migrante-peru.jpg\" alt=\"\" width=\"1200\" height=\"800\" srcset=\"https:\/\/digital58.com.ve\/site\/wp-content\/uploads\/2020\/06\/migrante-peru.jpg 800w, https:\/\/digital58.com.ve\/site\/wp-content\/uploads\/2020\/06\/migrante-peru-300x200.jpg 300w, https:\/\/digital58.com.ve\/site\/wp-content\/uploads\/2020\/06\/migrante-peru-768x512.jpg 768w, https:\/\/digital58.com.ve\/site\/wp-content\/uploads\/2020\/06\/migrante-peru-720x480.jpg 720w, https:\/\/digital58.com.ve\/site\/wp-content\/uploads\/2020\/06\/migrante-peru-480x320.jpg 480w\" sizes=\"auto, (max-width: 1200px) 100vw, 1200px\" \/><\/a><br \/>\nEl secretario de la Comisi\u00f3n inform\u00f3 que hasta ahora Per\u00fa tiene 480 mil solicitudes de refugio por parte de venezolanos. \u00a0Y revel\u00f3 que durante la pandemia se ha otorgado el reconocimiento de refugiado a casos de emergencia m\u00e9dica para que fueran atendidos r\u00e1pidamente.<\/p>\n<p>Rubio afirm\u00f3 que para inicios del 2020 se exped\u00edan mil carn\u00e9s diarios, y que recib\u00edan unas 500 solicitudes solo en Lima; sin embargo, esto se paraliz\u00f3 el 13 de febrero cuando no pudieron con la capacidad. Se ten\u00eda previsto reabrir las oficinas para el 17 de marzo, pero fue decretada la cuarentena obligatoria.<\/p>\n<p>Indic\u00f3 que la pandemia ha causado un remes\u00f3n en la Comisi\u00f3n, porque lo que est\u00e1n trabajando para garantizar los derechos de los solicitantes de refugio.<\/p><div class=\"cvutq6a9bd1944b139\" ><p style=\"text-align: center;\"><a href=\"https:\/\/t.me\/noticiasdigital58\" target=\"_blank\" rel=\"noopener\"><img class=\"aligncenter size-full wp-image-125363\" src=\"https:\/\/digital58.com.ve\/site\/wp-content\/uploads\/2021\/04\/banner-telegram-web-2021.png\" alt=\"\" width=\"600\" height=\"90\" \/><\/a><\/p><\/div><style type=\"text\/css\">\r\n@media screen and (min-width: 1201px) {\r\n.cvutq6a9bd1944b139 {\r\ndisplay: block;\r\n}\r\n}\r\n@media screen and (min-width: 993px) and (max-width: 1200px) {\r\n.cvutq6a9bd1944b139 {\r\ndisplay: block;\r\n}\r\n}\r\n@media screen and (min-width: 769px) and (max-width: 992px) {\r\n.cvutq6a9bd1944b139 {\r\ndisplay: block;\r\n}\r\n}\r\n@media screen and (min-width: 768px) and (max-width: 768px) {\r\n.cvutq6a9bd1944b139 {\r\ndisplay: block;\r\n}\r\n}\r\n@media screen and (max-width: 767px) {\r\n.cvutq6a9bd1944b139 {\r\ndisplay: block;\r\n}\r\n}\r\n<\/style>\r\n\n<p><strong>Redacci\u00f3n: Marian Ch\u00e1vez Castro (@marianchavez27)\u00a0<\/strong><br \/>\n<strong>Edici\u00f3n: Villasmil, Henry<\/strong><br \/>\n<strong>Gr\u00e1ficas: Cortes\u00eda de Per\u00fa 21 y Migra Venezuela<\/strong><\/p>\n<div style=\"margin-top: 0px; margin-bottom: 0px;\" class=\"sharethis-inline-share-buttons\" ><\/div>","protected":false},"excerpt":{"rendered":"<p>El permiso de trabajo se expedir\u00e1 autom\u00e1ticamente y tendr\u00e1 nuevos par\u00e1metros para su validez. El carn\u00e9 de solicitante ser\u00e1 virtual<\/p>\n","protected":false},"author":31,"featured_media":107503,"comment_status":"open","ping_status":"closed","sticky":false,"template":"","format":"standard","meta":{"colormag_page_container_layout":"default_layout","colormag_page_sidebar_layout":"default_layout","_uag_custom_page_level_css":"","footnotes":""},"categories":[5403],"tags":[16244,2887,13723,112,7704,16243,135,11093],"class_list":["post-107481","post","type-post","status-publish","format-standard","has-post-thumbnail","hentry","category-otros","tag-dia-mundial-del-refugiado","tag-internacional","tag-pandemia","tag-peru","tag-refugiados","tag-solicitud-de-refugio","tag-venezolanos-en-el-exterior","tag-venezolanos-en-peru"],"yoast_head":"<!-- This site is optimized with the Yoast SEO plugin v28.4 - https:\/\/yoast.com\/product\/yoast-seo-wordpress\/ -->\n<title>Per\u00fa reactiva el servicio de solicitud de refugio en l\u00ednea<\/title>\n<meta name=\"description\" content=\"Otros\" \/>\n<meta name=\"robots\" content=\"index, follow, max-snippet:-1, max-image-preview:large, max-video-preview:-1\" \/>\n<link rel=\"canonical\" href=\"https:\/\/digital58.com.ve\/site\/2020\/06\/19\/peru-reactiva-el-servicio-de-solicitud-de-refugio-en-linea\/\" \/>\n<meta property=\"og:locale\" content=\"es_ES\" \/>\n<meta property=\"og:type\" content=\"article\" \/>\n<meta property=\"og:title\" content=\"Per\u00fa reactiva el servicio de solicitud de refugio en l\u00ednea\" \/>\n<meta property=\"og:description\" content=\"Otros\" \/>\n<meta property=\"og:url\" content=\"https:\/\/digital58.com.ve\/site\/2020\/06\/19\/peru-reactiva-el-servicio-de-solicitud-de-refugio-en-linea\/\" \/>\n<meta property=\"og:site_name\" content=\"Noticias Digital58\" \/>\n<meta property=\"article:published_time\" content=\"2020-06-20T00:56:48+00:00\" \/>\n<meta property=\"article:modified_time\" content=\"2020-06-20T03:48:38+00:00\" \/>\n<meta property=\"og:image\" content=\"https:\/\/digital58.com.ve\/site\/wp-content\/uploads\/2020\/06\/migrante-peru.jpg\" \/>\n\t<meta property=\"og:image:width\" content=\"1200\" \/>\n\t<meta property=\"og:image:height\" content=\"800\" \/>\n\t<meta property=\"og:image:type\" content=\"image\/jpeg\" \/>\n<meta name=\"author\" content=\"Chavez Castro Marian\" \/>\n<meta name=\"twitter:card\" content=\"summary_large_image\" \/>\n<meta name=\"twitter:creator\" content=\"@Digital_58\" \/>\n<meta name=\"twitter:site\" content=\"@villasmilhfoto\" \/>\n<meta name=\"twitter:label1\" content=\"Escrito por\" \/>\n\t<meta name=\"twitter:data1\" content=\"Chavez Castro Marian\" \/>\n\t<meta name=\"twitter:label2\" content=\"Tiempo estimado de lectura\" \/>\n\t<meta name=\"twitter:data2\" content=\"2 minutos\" \/>\n<script type=\"application\/ld+json\" class=\"yoast-schema-graph\">{\"@context\":\"https:\\\/\\\/schema.org\",\"@graph\":[{\"@type\":\"Article\",\"@id\":\"https:\\\/\\\/digital58.com.ve\\\/site\\\/2020\\\/06\\\/19\\\/peru-reactiva-el-servicio-de-solicitud-de-refugio-en-linea\\\/#article\",\"isPartOf\":{\"@id\":\"https:\\\/\\\/digital58.com.ve\\\/site\\\/2020\\\/06\\\/19\\\/peru-reactiva-el-servicio-de-solicitud-de-refugio-en-linea\\\/\"},\"author\":{\"name\":\"Chavez Castro Marian\",\"@id\":\"https:\\\/\\\/digital58.com.ve\\\/site\\\/#\\\/schema\\\/person\\\/9c0f3a88cb18ad2a045bf3b5d13c0a49\"},\"headline\":\"Per\u00fa reactiva el servicio de solicitud de refugio en l\u00ednea\",\"datePublished\":\"2020-06-20T00:56:48+00:00\",\"dateModified\":\"2020-06-20T03:48:38+00:00\",\"mainEntityOfPage\":{\"@id\":\"https:\\\/\\\/digital58.com.ve\\\/site\\\/2020\\\/06\\\/19\\\/peru-reactiva-el-servicio-de-solicitud-de-refugio-en-linea\\\/\"},\"wordCount\":474,\"commentCount\":0,\"publisher\":{\"@id\":\"https:\\\/\\\/digital58.com.ve\\\/site\\\/#\\\/schema\\\/person\\\/64d1c2e4d0d4fd1b849980c4331c2951\"},\"image\":{\"@id\":\"https:\\\/\\\/digital58.com.ve\\\/site\\\/2020\\\/06\\\/19\\\/peru-reactiva-el-servicio-de-solicitud-de-refugio-en-linea\\\/#primaryimage\"},\"thumbnailUrl\":\"https:\\\/\\\/digital58.com.ve\\\/site\\\/wp-content\\\/uploads\\\/2020\\\/06\\\/migrante-peru.jpg\",\"keywords\":[\"D\u00eda Mundial del Refugiado\",\"Internacional\",\"Pandemia\",\"Per\u00fa\",\"Refugiados\",\"Solicitud de refugio\",\"Venezolanos en el exterior\",\"Venezolanos en Per\u00fa\"],\"articleSection\":[\"Otros\"],\"inLanguage\":\"es\",\"potentialAction\":[{\"@type\":\"CommentAction\",\"name\":\"Comment\",\"target\":[\"https:\\\/\\\/digital58.com.ve\\\/site\\\/2020\\\/06\\\/19\\\/peru-reactiva-el-servicio-de-solicitud-de-refugio-en-linea\\\/#respond\"]}]},{\"@type\":\"WebPage\",\"@id\":\"https:\\\/\\\/digital58.com.ve\\\/site\\\/2020\\\/06\\\/19\\\/peru-reactiva-el-servicio-de-solicitud-de-refugio-en-linea\\\/\",\"url\":\"https:\\\/\\\/digital58.com.ve\\\/site\\\/2020\\\/06\\\/19\\\/peru-reactiva-el-servicio-de-solicitud-de-refugio-en-linea\\\/\",\"name\":\"Per\u00fa reactiva el servicio de solicitud de refugio en l\u00ednea\",\"isPartOf\":{\"@id\":\"https:\\\/\\\/digital58.com.ve\\\/site\\\/#website\"},\"primaryImageOfPage\":{\"@id\":\"https:\\\/\\\/digital58.com.ve\\\/site\\\/2020\\\/06\\\/19\\\/peru-reactiva-el-servicio-de-solicitud-de-refugio-en-linea\\\/#primaryimage\"},\"image\":{\"@id\":\"https:\\\/\\\/digital58.com.ve\\\/site\\\/2020\\\/06\\\/19\\\/peru-reactiva-el-servicio-de-solicitud-de-refugio-en-linea\\\/#primaryimage\"},\"thumbnailUrl\":\"https:\\\/\\\/digital58.com.ve\\\/site\\\/wp-content\\\/uploads\\\/2020\\\/06\\\/migrante-peru.jpg\",\"datePublished\":\"2020-06-20T00:56:48+00:00\",\"dateModified\":\"2020-06-20T03:48:38+00:00\",\"description\":\"Otros\",\"breadcrumb\":{\"@id\":\"https:\\\/\\\/digital58.com.ve\\\/site\\\/2020\\\/06\\\/19\\\/peru-reactiva-el-servicio-de-solicitud-de-refugio-en-linea\\\/#breadcrumb\"},\"inLanguage\":\"es\",\"potentialAction\":[{\"@type\":\"ReadAction\",\"target\":[\"https:\\\/\\\/digital58.com.ve\\\/site\\\/2020\\\/06\\\/19\\\/peru-reactiva-el-servicio-de-solicitud-de-refugio-en-linea\\\/\"]}]},{\"@type\":\"ImageObject\",\"inLanguage\":\"es\",\"@id\":\"https:\\\/\\\/digital58.com.ve\\\/site\\\/2020\\\/06\\\/19\\\/peru-reactiva-el-servicio-de-solicitud-de-refugio-en-linea\\\/#primaryimage\",\"url\":\"https:\\\/\\\/digital58.com.ve\\\/site\\\/wp-content\\\/uploads\\\/2020\\\/06\\\/migrante-peru.jpg\",\"contentUrl\":\"https:\\\/\\\/digital58.com.ve\\\/site\\\/wp-content\\\/uploads\\\/2020\\\/06\\\/migrante-peru.jpg\",\"width\":800,\"height\":533},{\"@type\":\"BreadcrumbList\",\"@id\":\"https:\\\/\\\/digital58.com.ve\\\/site\\\/2020\\\/06\\\/19\\\/peru-reactiva-el-servicio-de-solicitud-de-refugio-en-linea\\\/#breadcrumb\",\"itemListElement\":[{\"@type\":\"ListItem\",\"position\":1,\"name\":\"Home\",\"item\":\"https:\\\/\\\/digital58.com.ve\\\/site\\\/\"},{\"@type\":\"ListItem\",\"position\":2,\"name\":\"Per\u00fa reactiva el servicio de solicitud de refugio en l\u00ednea\"}]},{\"@type\":\"WebSite\",\"@id\":\"https:\\\/\\\/digital58.com.ve\\\/site\\\/#website\",\"url\":\"https:\\\/\\\/digital58.com.ve\\\/site\\\/\",\"name\":\"Noticias Digital58\",\"description\":\"Portal de Noticias \u00a1Periodismo web de verdad! Lanzamiento web 22.11.2005 \\\/ Maracaibo, Venezuela\",\"publisher\":{\"@id\":\"https:\\\/\\\/digital58.com.ve\\\/site\\\/#\\\/schema\\\/person\\\/64d1c2e4d0d4fd1b849980c4331c2951\"},\"alternateName\":\"ND58\",\"potentialAction\":[{\"@type\":\"SearchAction\",\"target\":{\"@type\":\"EntryPoint\",\"urlTemplate\":\"https:\\\/\\\/digital58.com.ve\\\/site\\\/?s={search_term_string}\"},\"query-input\":{\"@type\":\"PropertyValueSpecification\",\"valueRequired\":true,\"valueName\":\"search_term_string\"}}],\"inLanguage\":\"es\"},{\"@type\":[\"Person\",\"Organization\"],\"@id\":\"https:\\\/\\\/digital58.com.ve\\\/site\\\/#\\\/schema\\\/person\\\/64d1c2e4d0d4fd1b849980c4331c2951\",\"name\":\"Villasmil Henry\",\"image\":{\"@type\":\"ImageObject\",\"inLanguage\":\"es\",\"@id\":\"https:\\\/\\\/secure.gravatar.com\\\/avatar\\\/bb0c4a2fcb7970138239f7e404ea75757b1b507b28b5ce4c53fbd62d797c5a7c?s=96&d=mm&r=g\",\"url\":\"https:\\\/\\\/secure.gravatar.com\\\/avatar\\\/bb0c4a2fcb7970138239f7e404ea75757b1b507b28b5ce4c53fbd62d797c5a7c?s=96&d=mm&r=g\",\"contentUrl\":\"https:\\\/\\\/secure.gravatar.com\\\/avatar\\\/bb0c4a2fcb7970138239f7e404ea75757b1b507b28b5ce4c53fbd62d797c5a7c?s=96&d=mm&r=g\",\"caption\":\"Villasmil Henry\"},\"logo\":{\"@id\":\"https:\\\/\\\/secure.gravatar.com\\\/avatar\\\/bb0c4a2fcb7970138239f7e404ea75757b1b507b28b5ce4c53fbd62d797c5a7c?s=96&d=mm&r=g\"},\"sameAs\":[\"http:\\\/\\\/www.henryvillasmil.com.ve\",\"https:\\\/\\\/www.instagram.com\\\/villasmilhfoto\\\/\",\"https:\\\/\\\/x.com\\\/https:\\\/\\\/twitter.com\\\/villasmilhfoto\"]},{\"@type\":\"Person\",\"@id\":\"https:\\\/\\\/digital58.com.ve\\\/site\\\/#\\\/schema\\\/person\\\/9c0f3a88cb18ad2a045bf3b5d13c0a49\",\"name\":\"Chavez Castro Marian\",\"image\":{\"@type\":\"ImageObject\",\"inLanguage\":\"es\",\"@id\":\"https:\\\/\\\/secure.gravatar.com\\\/avatar\\\/f0d85074342e38d350fb5a6141afb1fb5c0ef9cb2f88442cd5535b1a7fe29dbd?s=96&d=mm&r=g\",\"url\":\"https:\\\/\\\/secure.gravatar.com\\\/avatar\\\/f0d85074342e38d350fb5a6141afb1fb5c0ef9cb2f88442cd5535b1a7fe29dbd?s=96&d=mm&r=g\",\"contentUrl\":\"https:\\\/\\\/secure.gravatar.com\\\/avatar\\\/f0d85074342e38d350fb5a6141afb1fb5c0ef9cb2f88442cd5535b1a7fe29dbd?s=96&d=mm&r=g\",\"caption\":\"Chavez Castro Marian\"},\"url\":\"https:\\\/\\\/digital58.com.ve\\\/site\\\/author\\\/mchavezcastro\\\/\"}]}<\/script>\n<!-- \/ Yoast SEO plugin. -->","yoast_head_json":{"title":"Per\u00fa reactiva el servicio de solicitud de refugio en l\u00ednea","description":"Otros","robots":{"index":"index","follow":"follow","max-snippet":"max-snippet:-1","max-image-preview":"max-image-preview:large","max-video-preview":"max-video-preview:-1"},"canonical":"https:\/\/digital58.com.ve\/site\/2020\/06\/19\/peru-reactiva-el-servicio-de-solicitud-de-refugio-en-linea\/","og_locale":"es_ES","og_type":"article","og_title":"Per\u00fa reactiva el servicio de solicitud de refugio en l\u00ednea","og_description":"Otros","og_url":"https:\/\/digital58.com.ve\/site\/2020\/06\/19\/peru-reactiva-el-servicio-de-solicitud-de-refugio-en-linea\/","og_site_name":"Noticias Digital58","article_published_time":"2020-06-20T00:56:48+00:00","article_modified_time":"2020-06-20T03:48:38+00:00","og_image":[{"width":1200,"height":800,"url":"https:\/\/digital58.com.ve\/site\/wp-content\/uploads\/2020\/06\/migrante-peru.jpg","type":"image\/jpeg"}],"author":"Chavez Castro Marian","twitter_card":"summary_large_image","twitter_creator":"@Digital_58","twitter_site":"@villasmilhfoto","twitter_misc":{"Escrito por":"Chavez Castro Marian","Tiempo estimado de lectura":"2 minutos"},"schema":{"@context":"https:\/\/schema.org","@graph":[{"@type":"Article","@id":"https:\/\/digital58.com.ve\/site\/2020\/06\/19\/peru-reactiva-el-servicio-de-solicitud-de-refugio-en-linea\/#article","isPartOf":{"@id":"https:\/\/digital58.com.ve\/site\/2020\/06\/19\/peru-reactiva-el-servicio-de-solicitud-de-refugio-en-linea\/"},"author":{"name":"Chavez Castro Marian","@id":"https:\/\/digital58.com.ve\/site\/#\/schema\/person\/9c0f3a88cb18ad2a045bf3b5d13c0a49"},"headline":"Per\u00fa reactiva el servicio de solicitud de refugio en l\u00ednea","datePublished":"2020-06-20T00:56:48+00:00","dateModified":"2020-06-20T03:48:38+00:00","mainEntityOfPage":{"@id":"https:\/\/digital58.com.ve\/site\/2020\/06\/19\/peru-reactiva-el-servicio-de-solicitud-de-refugio-en-linea\/"},"wordCount":474,"commentCount":0,"publisher":{"@id":"https:\/\/digital58.com.ve\/site\/#\/schema\/person\/64d1c2e4d0d4fd1b849980c4331c2951"},"image":{"@id":"https:\/\/digital58.com.ve\/site\/2020\/06\/19\/peru-reactiva-el-servicio-de-solicitud-de-refugio-en-linea\/#primaryimage"},"thumbnailUrl":"https:\/\/digital58.com.ve\/site\/wp-content\/uploads\/2020\/06\/migrante-peru.jpg","keywords":["D\u00eda Mundial del Refugiado","Internacional","Pandemia","Per\u00fa","Refugiados","Solicitud de refugio","Venezolanos en el exterior","Venezolanos en Per\u00fa"],"articleSection":["Otros"],"inLanguage":"es","potentialAction":[{"@type":"CommentAction","name":"Comment","target":["https:\/\/digital58.com.ve\/site\/2020\/06\/19\/peru-reactiva-el-servicio-de-solicitud-de-refugio-en-linea\/#respond"]}]},{"@type":"WebPage","@id":"https:\/\/digital58.com.ve\/site\/2020\/06\/19\/peru-reactiva-el-servicio-de-solicitud-de-refugio-en-linea\/","url":"https:\/\/digital58.com.ve\/site\/2020\/06\/19\/peru-reactiva-el-servicio-de-solicitud-de-refugio-en-linea\/","name":"Per\u00fa reactiva el servicio de solicitud de refugio en l\u00ednea","isPartOf":{"@id":"https:\/\/digital58.com.ve\/site\/#website"},"primaryImageOfPage":{"@id":"https:\/\/digital58.com.ve\/site\/2020\/06\/19\/peru-reactiva-el-servicio-de-solicitud-de-refugio-en-linea\/#primaryimage"},"image":{"@id":"https:\/\/digital58.com.ve\/site\/2020\/06\/19\/peru-reactiva-el-servicio-de-solicitud-de-refugio-en-linea\/#primaryimage"},"thumbnailUrl":"https:\/\/digital58.com.ve\/site\/wp-content\/uploads\/2020\/06\/migrante-peru.jpg","datePublished":"2020-06-20T00:56:48+00:00","dateModified":"2020-06-20T03:48:38+00:00","description":"Otros","breadcrumb":{"@id":"https:\/\/digital58.com.ve\/site\/2020\/06\/19\/peru-reactiva-el-servicio-de-solicitud-de-refugio-en-linea\/#breadcrumb"},"inLanguage":"es","potentialAction":[{"@type":"ReadAction","target":["https:\/\/digital58.com.ve\/site\/2020\/06\/19\/peru-reactiva-el-servicio-de-solicitud-de-refugio-en-linea\/"]}]},{"@type":"ImageObject","inLanguage":"es","@id":"https:\/\/digital58.com.ve\/site\/2020\/06\/19\/peru-reactiva-el-servicio-de-solicitud-de-refugio-en-linea\/#primaryimage","url":"https:\/\/digital58.com.ve\/site\/wp-content\/uploads\/2020\/06\/migrante-peru.jpg","contentUrl":"https:\/\/digital58.com.ve\/site\/wp-content\/uploads\/2020\/06\/migrante-peru.jpg","width":800,"height":533},{"@type":"BreadcrumbList","@id":"https:\/\/digital58.com.ve\/site\/2020\/06\/19\/peru-reactiva-el-servicio-de-solicitud-de-refugio-en-linea\/#breadcrumb","itemListElement":[{"@type":"ListItem","position":1,"name":"Home","item":"https:\/\/digital58.com.ve\/site\/"},{"@type":"ListItem","position":2,"name":"Per\u00fa reactiva el servicio de solicitud de refugio en l\u00ednea"}]},{"@type":"WebSite","@id":"https:\/\/digital58.com.ve\/site\/#website","url":"https:\/\/digital58.com.ve\/site\/","name":"Noticias Digital58","description":"Portal de Noticias \u00a1Periodismo web de verdad! Lanzamiento web 22.11.2005 \/ Maracaibo, Venezuela","publisher":{"@id":"https:\/\/digital58.com.ve\/site\/#\/schema\/person\/64d1c2e4d0d4fd1b849980c4331c2951"},"alternateName":"ND58","potentialAction":[{"@type":"SearchAction","target":{"@type":"EntryPoint","urlTemplate":"https:\/\/digital58.com.ve\/site\/?s={search_term_string}"},"query-input":{"@type":"PropertyValueSpecification","valueRequired":true,"valueName":"search_term_string"}}],"inLanguage":"es"},{"@type":["Person","Organization"],"@id":"https:\/\/digital58.com.ve\/site\/#\/schema\/person\/64d1c2e4d0d4fd1b849980c4331c2951","name":"Villasmil Henry","image":{"@type":"ImageObject","inLanguage":"es","@id":"https:\/\/secure.gravatar.com\/avatar\/bb0c4a2fcb7970138239f7e404ea75757b1b507b28b5ce4c53fbd62d797c5a7c?s=96&d=mm&r=g","url":"https:\/\/secure.gravatar.com\/avatar\/bb0c4a2fcb7970138239f7e404ea75757b1b507b28b5ce4c53fbd62d797c5a7c?s=96&d=mm&r=g","contentUrl":"https:\/\/secure.gravatar.com\/avatar\/bb0c4a2fcb7970138239f7e404ea75757b1b507b28b5ce4c53fbd62d797c5a7c?s=96&d=mm&r=g","caption":"Villasmil Henry"},"logo":{"@id":"https:\/\/secure.gravatar.com\/avatar\/bb0c4a2fcb7970138239f7e404ea75757b1b507b28b5ce4c53fbd62d797c5a7c?s=96&d=mm&r=g"},"sameAs":["http:\/\/www.henryvillasmil.com.ve","https:\/\/www.instagram.com\/villasmilhfoto\/","https:\/\/x.com\/https:\/\/twitter.com\/villasmilhfoto"]},{"@type":"Person","@id":"https:\/\/digital58.com.ve\/site\/#\/schema\/person\/9c0f3a88cb18ad2a045bf3b5d13c0a49","name":"Chavez Castro Marian","image":{"@type":"ImageObject","inLanguage":"es","@id":"https:\/\/secure.gravatar.com\/avatar\/f0d85074342e38d350fb5a6141afb1fb5c0ef9cb2f88442cd5535b1a7fe29dbd?s=96&d=mm&r=g","url":"https:\/\/secure.gravatar.com\/avatar\/f0d85074342e38d350fb5a6141afb1fb5c0ef9cb2f88442cd5535b1a7fe29dbd?s=96&d=mm&r=g","contentUrl":"https:\/\/secure.gravatar.com\/avatar\/f0d85074342e38d350fb5a6141afb1fb5c0ef9cb2f88442cd5535b1a7fe29dbd?s=96&d=mm&r=g","caption":"Chavez Castro Marian"},"url":"https:\/\/digital58.com.ve\/site\/author\/mchavezcastro\/"}]}},"uagb_featured_image_src":{"full":["https:\/\/digital58.com.ve\/site\/wp-content\/uploads\/2020\/06\/migrante-peru.jpg",800,533,false],"thumbnail":["https:\/\/digital58.com.ve\/site\/wp-content\/uploads\/2020\/06\/migrante-peru-150x150.jpg",150,150,true],"medium":["https:\/\/digital58.com.ve\/site\/wp-content\/uploads\/2020\/06\/migrante-peru-300x200.jpg",300,200,true],"medium_large":["https:\/\/digital58.com.ve\/site\/wp-content\/uploads\/2020\/06\/migrante-peru-768x512.jpg",768,512,true],"large":["https:\/\/digital58.com.ve\/site\/wp-content\/uploads\/2020\/06\/migrante-peru.jpg",800,533,false],"1536x1536":["https:\/\/digital58.com.ve\/site\/wp-content\/uploads\/2020\/06\/migrante-peru.jpg",800,533,false],"2048x2048":["https:\/\/digital58.com.ve\/site\/wp-content\/uploads\/2020\/06\/migrante-peru.jpg",800,533,false],"colormag-highlighted-post":["https:\/\/digital58.com.ve\/site\/wp-content\/uploads\/2020\/06\/migrante-peru.jpg",392,261,false],"colormag-featured-post-medium":["https:\/\/digital58.com.ve\/site\/wp-content\/uploads\/2020\/06\/migrante-peru.jpg",308,205,false],"colormag-featured-post-small":["https:\/\/digital58.com.ve\/site\/wp-content\/uploads\/2020\/06\/migrante-peru.jpg",130,87,false],"colormag-featured-image":["https:\/\/digital58.com.ve\/site\/wp-content\/uploads\/2020\/06\/migrante-peru.jpg",668,445,false],"colormag-default-news":["https:\/\/digital58.com.ve\/site\/wp-content\/uploads\/2020\/06\/migrante-peru.jpg",150,100,false],"colormag-featured-image-large":["https:\/\/digital58.com.ve\/site\/wp-content\/uploads\/2020\/06\/migrante-peru.jpg",800,533,false]},"uagb_author_info":{"display_name":"Chavez Castro Marian","author_link":"https:\/\/digital58.com.ve\/site\/author\/mchavezcastro\/"},"uagb_comment_info":0,"uagb_excerpt":"El permiso de trabajo se expedir\u00e1 autom\u00e1ticamente y tendr\u00e1 nuevos par\u00e1metros para su validez. El carn\u00e9 de solicitante ser\u00e1 virtual","_links":{"self":[{"href":"https:\/\/digital58.com.ve\/site\/wp-json\/wp\/v2\/posts\/107481","targetHints":{"allow":["GET"]}}],"collection":[{"href":"https:\/\/digital58.com.ve\/site\/wp-json\/wp\/v2\/posts"}],"about":[{"href":"https:\/\/digital58.com.ve\/site\/wp-json\/wp\/v2\/types\/post"}],"author":[{"embeddable":true,"href":"https:\/\/digital58.com.ve\/site\/wp-json\/wp\/v2\/users\/31"}],"replies":[{"embeddable":true,"href":"https:\/\/digital58.com.ve\/site\/wp-json\/wp\/v2\/comments?post=107481"}],"version-history":[{"count":0,"href":"https:\/\/digital58.com.ve\/site\/wp-json\/wp\/v2\/posts\/107481\/revisions"}],"wp:featuredmedia":[{"embeddable":true,"href":"https:\/\/digital58.com.ve\/site\/wp-json\/wp\/v2\/media\/107503"}],"wp:attachment":[{"href":"https:\/\/digital58.com.ve\/site\/wp-json\/wp\/v2\/media?parent=107481"}],"wp:term":[{"taxonomy":"category","embeddable":true,"href":"https:\/\/digital58.com.ve\/site\/wp-json\/wp\/v2\/categories?post=107481"},{"taxonomy":"post_tag","embeddable":true,"href":"https:\/\/digital58.com.ve\/site\/wp-json\/wp\/v2\/tags?post=107481"}],"curies":[{"name":"wp","href":"https:\/\/api.w.org\/{rel}","templated":true}]}}