{"id":107508,"date":"2020-06-20T16:07:34","date_gmt":"2020-06-20T20:07:34","guid":{"rendered":"https:\/\/digital58.com.ve\/site\/?p=107508"},"modified":"2020-06-20T16:07:34","modified_gmt":"2020-06-20T20:07:34","slug":"fallecio-ian-holm-actor-de-el-senor-de-los-anillos","status":"publish","type":"post","link":"https:\/\/digital58.com.ve\/site\/2020\/06\/20\/fallecio-ian-holm-actor-de-el-senor-de-los-anillos\/","title":{"rendered":"Falleci\u00f3 Ian Holm, actor de El Se\u00f1or de los Anillos"},"content":{"rendered":"\r\n<p><a href=\"https:\/\/digital58.com.ve\/site\/wp-content\/uploads\/2020\/06\/ian-holm.jpg\"><img loading=\"lazy\" decoding=\"async\" class=\"aligncenter size-full wp-image-107570\" src=\"https:\/\/digital58.com.ve\/site\/wp-content\/uploads\/2020\/06\/ian-holm.jpg\" alt=\"\" width=\"1200\" height=\"630\" srcset=\"https:\/\/digital58.com.ve\/site\/wp-content\/uploads\/2020\/06\/ian-holm.jpg 800w, https:\/\/digital58.com.ve\/site\/wp-content\/uploads\/2020\/06\/ian-holm-300x158.jpg 300w, https:\/\/digital58.com.ve\/site\/wp-content\/uploads\/2020\/06\/ian-holm-768x403.jpg 768w\" sizes=\"auto, (max-width: 1200px) 100vw, 1200px\" \/><\/a><\/p>\r\n<p>El experimentado interprete brit\u00e1nico, batall\u00f3 durante largo tiempo con una penosa enfermedad neurodegenerativa cr\u00f3nica, sin embargo, seg\u00fan su representante, muri\u00f3 en paz en el hospital acompa\u00f1ado por sus familiares.<br \/><br \/><strong>Internacionales, 20 de junio de 2020 (ND58).-<\/strong> El actor brit\u00e1nico Ian Holm, quien protagoniz\u00f3 pel\u00edculas reconocidas mundialmente como El Se\u00f1or de los Anillos y Carros de Fuego, falleci\u00f3 a los 88 a\u00f1os de edad, despu\u00e9s de padecer <a href=\"https:\/\/es.wikipedia.org\/wiki\/Enfermedad_de_Parkinson\" target=\"_blank\" rel=\"noopener noreferrer\">Parkinson<\/a> por muchos a\u00f1os, en el hospital de Londres, junto a su familia, confirm\u00f3 su representante.<\/p>\r\n<p><a href=\"https:\/\/digital58.com.ve\/site\/wp-content\/uploads\/2020\/06\/ian-holm-3.jpg\"><img loading=\"lazy\" decoding=\"async\" class=\"alignright wp-image-107571\" src=\"https:\/\/digital58.com.ve\/site\/wp-content\/uploads\/2020\/06\/ian-holm-3.jpg\" alt=\"\" width=\"300\" height=\"400\" srcset=\"https:\/\/digital58.com.ve\/site\/wp-content\/uploads\/2020\/06\/ian-holm-3.jpg 450w, https:\/\/digital58.com.ve\/site\/wp-content\/uploads\/2020\/06\/ian-holm-3-225x300.jpg 225w\" sizes=\"auto, (max-width: 300px) 100vw, 300px\" \/><\/a>El actor Ian Holm interpret\u00f3 a <strong>Bilbo Bols\u00f3n en El Se\u00f1or de los Anillos y a Sam Mussabini en Carros de Fuego<\/strong>, lamentablemente muri\u00f3 este viernes 19 de junio a sus 88 a\u00f1os, as\u00ed lo confirm\u00f3 su representante art\u00edstico.<br \/><br \/>\u00abMiembro de la condecoraci\u00f3n Orden del Imperio Brit\u00e1nico, Holm muri\u00f3 en paz en el hospital, acompa\u00f1ado por su familia\u00bb, asegur\u00f3 el vocero, agregando que su muerte estuvo relacionada con el Parkinson.<br \/><br \/>El actor naci\u00f3 en el condado ingles de Essex en el a\u00f1o 1931, fue reconocido internacionalmente gracias a su gran trayectoria art\u00edstica, entre algunos de sus premios gan\u00f3 el prestigioso Laurence Olivier del teatro brit\u00e1nico, un BAFTA por su personaje en El ca\u00f1\u00f3n Bofors (1968), tambi\u00e9n cont\u00f3 con una nominaci\u00f3n a Mejor Actor de Reparto en los premios \u00d3scar por su interpretaci\u00f3n en Sam Mussabini en Carros de Fuego (1981). <br \/><br \/>Igualmente le dio vida al personaje de Padre Vito Cornelius en el filme cinematogr\u00e1fico: El quinto elemento, de Luc Besson, que protagonizaron Bruce Willis, Milla Jovovich y Gary Oldman (1997).<br \/><br \/>Varias personalidades del cine, les mandaron sus condolencias a los familiares y se despidieron de este gran actor a trav\u00e9s de las redes sociales, como el director espa\u00f1ol Juan Antonio Bayona, quien precis\u00f3 al actor como inolvidable en sus interpretaciones.<br \/><br \/><strong>Redacci\u00f3n: Rubio, Laura Isabel (@lauraisabelrubio) | Fuente: EFE<\/strong><br \/><strong>Edici\u00f3n: Villasmil, Henry<\/strong><br \/><strong>Gr\u00e1ficas: Cortes\u00eda<\/strong><\/p><div class=\"plkmy69f3776ad1cc1\" ><p style=\"text-align: center;\"><a href=\"https:\/\/t.me\/noticiasdigital58\" target=\"_blank\" rel=\"noopener\"><img class=\"aligncenter size-full wp-image-125363\" src=\"https:\/\/digital58.com.ve\/site\/wp-content\/uploads\/2021\/04\/banner-telegram-web-2021.png\" alt=\"\" width=\"600\" height=\"90\" \/><\/a><\/p><\/div><style type=\"text\/css\">\r\n@media screen and (min-width: 1201px) {\r\n.plkmy69f3776ad1cc1 {\r\ndisplay: block;\r\n}\r\n}\r\n@media screen and (min-width: 993px) and (max-width: 1200px) {\r\n.plkmy69f3776ad1cc1 {\r\ndisplay: block;\r\n}\r\n}\r\n@media screen and (min-width: 769px) and (max-width: 992px) {\r\n.plkmy69f3776ad1cc1 {\r\ndisplay: block;\r\n}\r\n}\r\n@media screen and (min-width: 768px) and (max-width: 768px) {\r\n.plkmy69f3776ad1cc1 {\r\ndisplay: block;\r\n}\r\n}\r\n@media screen and (max-width: 767px) {\r\n.plkmy69f3776ad1cc1 {\r\ndisplay: block;\r\n}\r\n}\r\n<\/style>\r\n\r\n<p><a href=\"https:\/\/digital58.com.ve\/site\/wp-content\/uploads\/2020\/06\/ian-holm-2.jpg\"><img loading=\"lazy\" decoding=\"async\" class=\"aligncenter size-full wp-image-107572\" src=\"https:\/\/digital58.com.ve\/site\/wp-content\/uploads\/2020\/06\/ian-holm-2.jpg\" alt=\"\" width=\"1024\" height=\"614\" srcset=\"https:\/\/digital58.com.ve\/site\/wp-content\/uploads\/2020\/06\/ian-holm-2.jpg 800w, https:\/\/digital58.com.ve\/site\/wp-content\/uploads\/2020\/06\/ian-holm-2-300x180.jpg 300w, https:\/\/digital58.com.ve\/site\/wp-content\/uploads\/2020\/06\/ian-holm-2-768x461.jpg 768w\" sizes=\"auto, (max-width: 1024px) 100vw, 1024px\" \/><\/a><\/p>\r\n<div style=\"margin-top: 0px; margin-bottom: 0px;\" class=\"sharethis-inline-share-buttons\" ><\/div>","protected":false},"excerpt":{"rendered":"<p>El experimentado interprete brit\u00e1nico, batall\u00f3 durante largo tiempo con una penosa enfermedad neurodegenerativa cr\u00f3nica, sin embargo, seg\u00fan su representante, muri\u00f3<\/p>\n","protected":false},"author":28,"featured_media":107572,"comment_status":"open","ping_status":"closed","sticky":false,"template":"","format":"standard","meta":{"colormag_page_container_layout":"default_layout","colormag_page_sidebar_layout":"default_layout","_uag_custom_page_level_css":"","footnotes":""},"categories":[1],"tags":[1843,16256,16258,46,16257,207,273,16255,8],"class_list":["post-107508","post","type-post","status-publish","format-standard","has-post-thumbnail","hentry","category-fama","tag-actores","tag-actores-britanico","tag-carros-de-fuego","tag-cine","tag-el-senor-de-los-anillos","tag-fallecimientos","tag-farandula","tag-ian-holm","tag-internacionales"],"yoast_head":"<!-- This site is optimized with the Yoast SEO plugin v27.5 - https:\/\/yoast.com\/product\/yoast-seo-wordpress\/ -->\n<title>Falleci\u00f3 Ian Holm, actor de El Se\u00f1or de los Anillos<\/title>\n<meta name=\"description\" content=\"Fama\" \/>\n<meta name=\"robots\" content=\"index, follow, max-snippet:-1, max-image-preview:large, max-video-preview:-1\" \/>\n<link rel=\"canonical\" href=\"https:\/\/digital58.com.ve\/site\/2020\/06\/20\/fallecio-ian-holm-actor-de-el-senor-de-los-anillos\/\" \/>\n<meta property=\"og:locale\" content=\"es_ES\" \/>\n<meta property=\"og:type\" content=\"article\" \/>\n<meta property=\"og:title\" content=\"Falleci\u00f3 Ian Holm, actor de El Se\u00f1or de los Anillos\" \/>\n<meta property=\"og:description\" content=\"Fama\" \/>\n<meta property=\"og:url\" content=\"https:\/\/digital58.com.ve\/site\/2020\/06\/20\/fallecio-ian-holm-actor-de-el-senor-de-los-anillos\/\" \/>\n<meta property=\"og:site_name\" content=\"Noticias Digital58\" \/>\n<meta property=\"article:published_time\" content=\"2020-06-20T20:07:34+00:00\" \/>\n<meta property=\"og:image\" content=\"https:\/\/digital58.com.ve\/site\/wp-content\/uploads\/2020\/06\/ian-holm-2.jpg\" \/>\n\t<meta property=\"og:image:width\" content=\"1024\" \/>\n\t<meta property=\"og:image:height\" content=\"614\" \/>\n\t<meta property=\"og:image:type\" content=\"image\/jpeg\" \/>\n<meta name=\"author\" content=\"Rubio Laura Isabel\" \/>\n<meta name=\"twitter:card\" content=\"summary_large_image\" \/>\n<meta name=\"twitter:creator\" content=\"@Digital_58\" \/>\n<meta name=\"twitter:site\" content=\"@villasmilhfoto\" \/>\n<meta name=\"twitter:label1\" content=\"Escrito por\" \/>\n\t<meta name=\"twitter:data1\" content=\"Rubio Laura Isabel\" \/>\n\t<meta name=\"twitter:label2\" content=\"Tiempo estimado de lectura\" \/>\n\t<meta name=\"twitter:data2\" content=\"2 minutos\" \/>\n<script type=\"application\/ld+json\" class=\"yoast-schema-graph\">{\"@context\":\"https:\\\/\\\/schema.org\",\"@graph\":[{\"@type\":\"Article\",\"@id\":\"https:\\\/\\\/digital58.com.ve\\\/site\\\/2020\\\/06\\\/20\\\/fallecio-ian-holm-actor-de-el-senor-de-los-anillos\\\/#article\",\"isPartOf\":{\"@id\":\"https:\\\/\\\/digital58.com.ve\\\/site\\\/2020\\\/06\\\/20\\\/fallecio-ian-holm-actor-de-el-senor-de-los-anillos\\\/\"},\"author\":{\"name\":\"Rubio Laura Isabel\",\"@id\":\"https:\\\/\\\/digital58.com.ve\\\/site\\\/#\\\/schema\\\/person\\\/6672bab44ab958838204ebb2cb0e8d52\"},\"headline\":\"Falleci\u00f3 Ian Holm, actor de El Se\u00f1or de los Anillos\",\"datePublished\":\"2020-06-20T20:07:34+00:00\",\"mainEntityOfPage\":{\"@id\":\"https:\\\/\\\/digital58.com.ve\\\/site\\\/2020\\\/06\\\/20\\\/fallecio-ian-holm-actor-de-el-senor-de-los-anillos\\\/\"},\"wordCount\":338,\"commentCount\":0,\"publisher\":{\"@id\":\"https:\\\/\\\/digital58.com.ve\\\/site\\\/#\\\/schema\\\/person\\\/64d1c2e4d0d4fd1b849980c4331c2951\"},\"image\":{\"@id\":\"https:\\\/\\\/digital58.com.ve\\\/site\\\/2020\\\/06\\\/20\\\/fallecio-ian-holm-actor-de-el-senor-de-los-anillos\\\/#primaryimage\"},\"thumbnailUrl\":\"https:\\\/\\\/digital58.com.ve\\\/site\\\/wp-content\\\/uploads\\\/2020\\\/06\\\/ian-holm-2.jpg\",\"keywords\":[\"Actores\",\"Actores brit\u00e1nico\",\"Carros de Fuego\",\"Cine\",\"El Se\u00f1or de los Anillos\",\"Fallecimientos\",\"Far\u00e1ndula\",\"Ian Holm\",\"Internacionales\"],\"articleSection\":[\"Fama\"],\"inLanguage\":\"es\",\"potentialAction\":[{\"@type\":\"CommentAction\",\"name\":\"Comment\",\"target\":[\"https:\\\/\\\/digital58.com.ve\\\/site\\\/2020\\\/06\\\/20\\\/fallecio-ian-holm-actor-de-el-senor-de-los-anillos\\\/#respond\"]}]},{\"@type\":\"WebPage\",\"@id\":\"https:\\\/\\\/digital58.com.ve\\\/site\\\/2020\\\/06\\\/20\\\/fallecio-ian-holm-actor-de-el-senor-de-los-anillos\\\/\",\"url\":\"https:\\\/\\\/digital58.com.ve\\\/site\\\/2020\\\/06\\\/20\\\/fallecio-ian-holm-actor-de-el-senor-de-los-anillos\\\/\",\"name\":\"Falleci\u00f3 Ian Holm, actor de El Se\u00f1or de los Anillos\",\"isPartOf\":{\"@id\":\"https:\\\/\\\/digital58.com.ve\\\/site\\\/#website\"},\"primaryImageOfPage\":{\"@id\":\"https:\\\/\\\/digital58.com.ve\\\/site\\\/2020\\\/06\\\/20\\\/fallecio-ian-holm-actor-de-el-senor-de-los-anillos\\\/#primaryimage\"},\"image\":{\"@id\":\"https:\\\/\\\/digital58.com.ve\\\/site\\\/2020\\\/06\\\/20\\\/fallecio-ian-holm-actor-de-el-senor-de-los-anillos\\\/#primaryimage\"},\"thumbnailUrl\":\"https:\\\/\\\/digital58.com.ve\\\/site\\\/wp-content\\\/uploads\\\/2020\\\/06\\\/ian-holm-2.jpg\",\"datePublished\":\"2020-06-20T20:07:34+00:00\",\"description\":\"Fama\",\"breadcrumb\":{\"@id\":\"https:\\\/\\\/digital58.com.ve\\\/site\\\/2020\\\/06\\\/20\\\/fallecio-ian-holm-actor-de-el-senor-de-los-anillos\\\/#breadcrumb\"},\"inLanguage\":\"es\",\"potentialAction\":[{\"@type\":\"ReadAction\",\"target\":[\"https:\\\/\\\/digital58.com.ve\\\/site\\\/2020\\\/06\\\/20\\\/fallecio-ian-holm-actor-de-el-senor-de-los-anillos\\\/\"]}]},{\"@type\":\"ImageObject\",\"inLanguage\":\"es\",\"@id\":\"https:\\\/\\\/digital58.com.ve\\\/site\\\/2020\\\/06\\\/20\\\/fallecio-ian-holm-actor-de-el-senor-de-los-anillos\\\/#primaryimage\",\"url\":\"https:\\\/\\\/digital58.com.ve\\\/site\\\/wp-content\\\/uploads\\\/2020\\\/06\\\/ian-holm-2.jpg\",\"contentUrl\":\"https:\\\/\\\/digital58.com.ve\\\/site\\\/wp-content\\\/uploads\\\/2020\\\/06\\\/ian-holm-2.jpg\",\"width\":800,\"height\":480},{\"@type\":\"BreadcrumbList\",\"@id\":\"https:\\\/\\\/digital58.com.ve\\\/site\\\/2020\\\/06\\\/20\\\/fallecio-ian-holm-actor-de-el-senor-de-los-anillos\\\/#breadcrumb\",\"itemListElement\":[{\"@type\":\"ListItem\",\"position\":1,\"name\":\"Home\",\"item\":\"https:\\\/\\\/digital58.com.ve\\\/site\\\/\"},{\"@type\":\"ListItem\",\"position\":2,\"name\":\"Falleci\u00f3 Ian Holm, actor de El Se\u00f1or de los Anillos\"}]},{\"@type\":\"WebSite\",\"@id\":\"https:\\\/\\\/digital58.com.ve\\\/site\\\/#website\",\"url\":\"https:\\\/\\\/digital58.com.ve\\\/site\\\/\",\"name\":\"Noticias Digital58\",\"description\":\"Portal de Noticias \u00a1Periodismo web de verdad! Lanzamiento web 22.11.2005 \\\/ Maracaibo, Venezuela\",\"publisher\":{\"@id\":\"https:\\\/\\\/digital58.com.ve\\\/site\\\/#\\\/schema\\\/person\\\/64d1c2e4d0d4fd1b849980c4331c2951\"},\"alternateName\":\"ND58\",\"potentialAction\":[{\"@type\":\"SearchAction\",\"target\":{\"@type\":\"EntryPoint\",\"urlTemplate\":\"https:\\\/\\\/digital58.com.ve\\\/site\\\/?s={search_term_string}\"},\"query-input\":{\"@type\":\"PropertyValueSpecification\",\"valueRequired\":true,\"valueName\":\"search_term_string\"}}],\"inLanguage\":\"es\"},{\"@type\":[\"Person\",\"Organization\"],\"@id\":\"https:\\\/\\\/digital58.com.ve\\\/site\\\/#\\\/schema\\\/person\\\/64d1c2e4d0d4fd1b849980c4331c2951\",\"name\":\"Villasmil Henry\",\"image\":{\"@type\":\"ImageObject\",\"inLanguage\":\"es\",\"@id\":\"https:\\\/\\\/secure.gravatar.com\\\/avatar\\\/bb0c4a2fcb7970138239f7e404ea75757b1b507b28b5ce4c53fbd62d797c5a7c?s=96&d=mm&r=g\",\"url\":\"https:\\\/\\\/secure.gravatar.com\\\/avatar\\\/bb0c4a2fcb7970138239f7e404ea75757b1b507b28b5ce4c53fbd62d797c5a7c?s=96&d=mm&r=g\",\"contentUrl\":\"https:\\\/\\\/secure.gravatar.com\\\/avatar\\\/bb0c4a2fcb7970138239f7e404ea75757b1b507b28b5ce4c53fbd62d797c5a7c?s=96&d=mm&r=g\",\"caption\":\"Villasmil Henry\"},\"logo\":{\"@id\":\"https:\\\/\\\/secure.gravatar.com\\\/avatar\\\/bb0c4a2fcb7970138239f7e404ea75757b1b507b28b5ce4c53fbd62d797c5a7c?s=96&d=mm&r=g\"},\"sameAs\":[\"http:\\\/\\\/www.henryvillasmil.com.ve\",\"https:\\\/\\\/www.instagram.com\\\/villasmilhfoto\\\/\",\"https:\\\/\\\/x.com\\\/https:\\\/\\\/twitter.com\\\/villasmilhfoto\"]},{\"@type\":\"Person\",\"@id\":\"https:\\\/\\\/digital58.com.ve\\\/site\\\/#\\\/schema\\\/person\\\/6672bab44ab958838204ebb2cb0e8d52\",\"name\":\"Rubio Laura Isabel\",\"image\":{\"@type\":\"ImageObject\",\"inLanguage\":\"es\",\"@id\":\"https:\\\/\\\/secure.gravatar.com\\\/avatar\\\/f7cc56b26fb0562df4488ff129a58c3c1a1bd264c9af5f313a9b1797fff1cfb9?s=96&d=mm&r=g\",\"url\":\"https:\\\/\\\/secure.gravatar.com\\\/avatar\\\/f7cc56b26fb0562df4488ff129a58c3c1a1bd264c9af5f313a9b1797fff1cfb9?s=96&d=mm&r=g\",\"contentUrl\":\"https:\\\/\\\/secure.gravatar.com\\\/avatar\\\/f7cc56b26fb0562df4488ff129a58c3c1a1bd264c9af5f313a9b1797fff1cfb9?s=96&d=mm&r=g\",\"caption\":\"Rubio Laura Isabel\"},\"url\":\"https:\\\/\\\/digital58.com.ve\\\/site\\\/author\\\/laurarubio\\\/\"}]}<\/script>\n<!-- \/ Yoast SEO plugin. -->","yoast_head_json":{"title":"Falleci\u00f3 Ian Holm, actor de El Se\u00f1or de los Anillos","description":"Fama","robots":{"index":"index","follow":"follow","max-snippet":"max-snippet:-1","max-image-preview":"max-image-preview:large","max-video-preview":"max-video-preview:-1"},"canonical":"https:\/\/digital58.com.ve\/site\/2020\/06\/20\/fallecio-ian-holm-actor-de-el-senor-de-los-anillos\/","og_locale":"es_ES","og_type":"article","og_title":"Falleci\u00f3 Ian Holm, actor de El Se\u00f1or de los Anillos","og_description":"Fama","og_url":"https:\/\/digital58.com.ve\/site\/2020\/06\/20\/fallecio-ian-holm-actor-de-el-senor-de-los-anillos\/","og_site_name":"Noticias Digital58","article_published_time":"2020-06-20T20:07:34+00:00","og_image":[{"width":1024,"height":614,"url":"https:\/\/digital58.com.ve\/site\/wp-content\/uploads\/2020\/06\/ian-holm-2.jpg","type":"image\/jpeg"}],"author":"Rubio Laura Isabel","twitter_card":"summary_large_image","twitter_creator":"@Digital_58","twitter_site":"@villasmilhfoto","twitter_misc":{"Escrito por":"Rubio Laura Isabel","Tiempo estimado de lectura":"2 minutos"},"schema":{"@context":"https:\/\/schema.org","@graph":[{"@type":"Article","@id":"https:\/\/digital58.com.ve\/site\/2020\/06\/20\/fallecio-ian-holm-actor-de-el-senor-de-los-anillos\/#article","isPartOf":{"@id":"https:\/\/digital58.com.ve\/site\/2020\/06\/20\/fallecio-ian-holm-actor-de-el-senor-de-los-anillos\/"},"author":{"name":"Rubio Laura Isabel","@id":"https:\/\/digital58.com.ve\/site\/#\/schema\/person\/6672bab44ab958838204ebb2cb0e8d52"},"headline":"Falleci\u00f3 Ian Holm, actor de El Se\u00f1or de los Anillos","datePublished":"2020-06-20T20:07:34+00:00","mainEntityOfPage":{"@id":"https:\/\/digital58.com.ve\/site\/2020\/06\/20\/fallecio-ian-holm-actor-de-el-senor-de-los-anillos\/"},"wordCount":338,"commentCount":0,"publisher":{"@id":"https:\/\/digital58.com.ve\/site\/#\/schema\/person\/64d1c2e4d0d4fd1b849980c4331c2951"},"image":{"@id":"https:\/\/digital58.com.ve\/site\/2020\/06\/20\/fallecio-ian-holm-actor-de-el-senor-de-los-anillos\/#primaryimage"},"thumbnailUrl":"https:\/\/digital58.com.ve\/site\/wp-content\/uploads\/2020\/06\/ian-holm-2.jpg","keywords":["Actores","Actores brit\u00e1nico","Carros de Fuego","Cine","El Se\u00f1or de los Anillos","Fallecimientos","Far\u00e1ndula","Ian Holm","Internacionales"],"articleSection":["Fama"],"inLanguage":"es","potentialAction":[{"@type":"CommentAction","name":"Comment","target":["https:\/\/digital58.com.ve\/site\/2020\/06\/20\/fallecio-ian-holm-actor-de-el-senor-de-los-anillos\/#respond"]}]},{"@type":"WebPage","@id":"https:\/\/digital58.com.ve\/site\/2020\/06\/20\/fallecio-ian-holm-actor-de-el-senor-de-los-anillos\/","url":"https:\/\/digital58.com.ve\/site\/2020\/06\/20\/fallecio-ian-holm-actor-de-el-senor-de-los-anillos\/","name":"Falleci\u00f3 Ian Holm, actor de El Se\u00f1or de los Anillos","isPartOf":{"@id":"https:\/\/digital58.com.ve\/site\/#website"},"primaryImageOfPage":{"@id":"https:\/\/digital58.com.ve\/site\/2020\/06\/20\/fallecio-ian-holm-actor-de-el-senor-de-los-anillos\/#primaryimage"},"image":{"@id":"https:\/\/digital58.com.ve\/site\/2020\/06\/20\/fallecio-ian-holm-actor-de-el-senor-de-los-anillos\/#primaryimage"},"thumbnailUrl":"https:\/\/digital58.com.ve\/site\/wp-content\/uploads\/2020\/06\/ian-holm-2.jpg","datePublished":"2020-06-20T20:07:34+00:00","description":"Fama","breadcrumb":{"@id":"https:\/\/digital58.com.ve\/site\/2020\/06\/20\/fallecio-ian-holm-actor-de-el-senor-de-los-anillos\/#breadcrumb"},"inLanguage":"es","potentialAction":[{"@type":"ReadAction","target":["https:\/\/digital58.com.ve\/site\/2020\/06\/20\/fallecio-ian-holm-actor-de-el-senor-de-los-anillos\/"]}]},{"@type":"ImageObject","inLanguage":"es","@id":"https:\/\/digital58.com.ve\/site\/2020\/06\/20\/fallecio-ian-holm-actor-de-el-senor-de-los-anillos\/#primaryimage","url":"https:\/\/digital58.com.ve\/site\/wp-content\/uploads\/2020\/06\/ian-holm-2.jpg","contentUrl":"https:\/\/digital58.com.ve\/site\/wp-content\/uploads\/2020\/06\/ian-holm-2.jpg","width":800,"height":480},{"@type":"BreadcrumbList","@id":"https:\/\/digital58.com.ve\/site\/2020\/06\/20\/fallecio-ian-holm-actor-de-el-senor-de-los-anillos\/#breadcrumb","itemListElement":[{"@type":"ListItem","position":1,"name":"Home","item":"https:\/\/digital58.com.ve\/site\/"},{"@type":"ListItem","position":2,"name":"Falleci\u00f3 Ian Holm, actor de El Se\u00f1or de los Anillos"}]},{"@type":"WebSite","@id":"https:\/\/digital58.com.ve\/site\/#website","url":"https:\/\/digital58.com.ve\/site\/","name":"Noticias Digital58","description":"Portal de Noticias \u00a1Periodismo web de verdad! Lanzamiento web 22.11.2005 \/ Maracaibo, Venezuela","publisher":{"@id":"https:\/\/digital58.com.ve\/site\/#\/schema\/person\/64d1c2e4d0d4fd1b849980c4331c2951"},"alternateName":"ND58","potentialAction":[{"@type":"SearchAction","target":{"@type":"EntryPoint","urlTemplate":"https:\/\/digital58.com.ve\/site\/?s={search_term_string}"},"query-input":{"@type":"PropertyValueSpecification","valueRequired":true,"valueName":"search_term_string"}}],"inLanguage":"es"},{"@type":["Person","Organization"],"@id":"https:\/\/digital58.com.ve\/site\/#\/schema\/person\/64d1c2e4d0d4fd1b849980c4331c2951","name":"Villasmil Henry","image":{"@type":"ImageObject","inLanguage":"es","@id":"https:\/\/secure.gravatar.com\/avatar\/bb0c4a2fcb7970138239f7e404ea75757b1b507b28b5ce4c53fbd62d797c5a7c?s=96&d=mm&r=g","url":"https:\/\/secure.gravatar.com\/avatar\/bb0c4a2fcb7970138239f7e404ea75757b1b507b28b5ce4c53fbd62d797c5a7c?s=96&d=mm&r=g","contentUrl":"https:\/\/secure.gravatar.com\/avatar\/bb0c4a2fcb7970138239f7e404ea75757b1b507b28b5ce4c53fbd62d797c5a7c?s=96&d=mm&r=g","caption":"Villasmil Henry"},"logo":{"@id":"https:\/\/secure.gravatar.com\/avatar\/bb0c4a2fcb7970138239f7e404ea75757b1b507b28b5ce4c53fbd62d797c5a7c?s=96&d=mm&r=g"},"sameAs":["http:\/\/www.henryvillasmil.com.ve","https:\/\/www.instagram.com\/villasmilhfoto\/","https:\/\/x.com\/https:\/\/twitter.com\/villasmilhfoto"]},{"@type":"Person","@id":"https:\/\/digital58.com.ve\/site\/#\/schema\/person\/6672bab44ab958838204ebb2cb0e8d52","name":"Rubio Laura Isabel","image":{"@type":"ImageObject","inLanguage":"es","@id":"https:\/\/secure.gravatar.com\/avatar\/f7cc56b26fb0562df4488ff129a58c3c1a1bd264c9af5f313a9b1797fff1cfb9?s=96&d=mm&r=g","url":"https:\/\/secure.gravatar.com\/avatar\/f7cc56b26fb0562df4488ff129a58c3c1a1bd264c9af5f313a9b1797fff1cfb9?s=96&d=mm&r=g","contentUrl":"https:\/\/secure.gravatar.com\/avatar\/f7cc56b26fb0562df4488ff129a58c3c1a1bd264c9af5f313a9b1797fff1cfb9?s=96&d=mm&r=g","caption":"Rubio Laura Isabel"},"url":"https:\/\/digital58.com.ve\/site\/author\/laurarubio\/"}]}},"uagb_featured_image_src":{"full":["https:\/\/digital58.com.ve\/site\/wp-content\/uploads\/2020\/06\/ian-holm-2.jpg",800,480,false],"thumbnail":["https:\/\/digital58.com.ve\/site\/wp-content\/uploads\/2020\/06\/ian-holm-2-150x150.jpg",150,150,true],"medium":["https:\/\/digital58.com.ve\/site\/wp-content\/uploads\/2020\/06\/ian-holm-2-300x180.jpg",300,180,true],"medium_large":["https:\/\/digital58.com.ve\/site\/wp-content\/uploads\/2020\/06\/ian-holm-2-768x461.jpg",768,461,true],"large":["https:\/\/digital58.com.ve\/site\/wp-content\/uploads\/2020\/06\/ian-holm-2.jpg",800,480,false],"1536x1536":["https:\/\/digital58.com.ve\/site\/wp-content\/uploads\/2020\/06\/ian-holm-2.jpg",800,480,false],"2048x2048":["https:\/\/digital58.com.ve\/site\/wp-content\/uploads\/2020\/06\/ian-holm-2.jpg",800,480,false],"colormag-highlighted-post":["https:\/\/digital58.com.ve\/site\/wp-content\/uploads\/2020\/06\/ian-holm-2.jpg",392,235,false],"colormag-featured-post-medium":["https:\/\/digital58.com.ve\/site\/wp-content\/uploads\/2020\/06\/ian-holm-2.jpg",342,205,false],"colormag-featured-post-small":["https:\/\/digital58.com.ve\/site\/wp-content\/uploads\/2020\/06\/ian-holm-2.jpg",130,78,false],"colormag-featured-image":["https:\/\/digital58.com.ve\/site\/wp-content\/uploads\/2020\/06\/ian-holm-2.jpg",742,445,false],"colormag-default-news":["https:\/\/digital58.com.ve\/site\/wp-content\/uploads\/2020\/06\/ian-holm-2.jpg",150,90,false],"colormag-featured-image-large":["https:\/\/digital58.com.ve\/site\/wp-content\/uploads\/2020\/06\/ian-holm-2.jpg",800,480,false]},"uagb_author_info":{"display_name":"Rubio Laura Isabel","author_link":"https:\/\/digital58.com.ve\/site\/author\/laurarubio\/"},"uagb_comment_info":0,"uagb_excerpt":"El experimentado interprete brit\u00e1nico, batall\u00f3 durante largo tiempo con una penosa enfermedad neurodegenerativa cr\u00f3nica, sin embargo, seg\u00fan su representante, muri\u00f3","_links":{"self":[{"href":"https:\/\/digital58.com.ve\/site\/wp-json\/wp\/v2\/posts\/107508","targetHints":{"allow":["GET"]}}],"collection":[{"href":"https:\/\/digital58.com.ve\/site\/wp-json\/wp\/v2\/posts"}],"about":[{"href":"https:\/\/digital58.com.ve\/site\/wp-json\/wp\/v2\/types\/post"}],"author":[{"embeddable":true,"href":"https:\/\/digital58.com.ve\/site\/wp-json\/wp\/v2\/users\/28"}],"replies":[{"embeddable":true,"href":"https:\/\/digital58.com.ve\/site\/wp-json\/wp\/v2\/comments?post=107508"}],"version-history":[{"count":0,"href":"https:\/\/digital58.com.ve\/site\/wp-json\/wp\/v2\/posts\/107508\/revisions"}],"wp:featuredmedia":[{"embeddable":true,"href":"https:\/\/digital58.com.ve\/site\/wp-json\/wp\/v2\/media\/107572"}],"wp:attachment":[{"href":"https:\/\/digital58.com.ve\/site\/wp-json\/wp\/v2\/media?parent=107508"}],"wp:term":[{"taxonomy":"category","embeddable":true,"href":"https:\/\/digital58.com.ve\/site\/wp-json\/wp\/v2\/categories?post=107508"},{"taxonomy":"post_tag","embeddable":true,"href":"https:\/\/digital58.com.ve\/site\/wp-json\/wp\/v2\/tags?post=107508"}],"curies":[{"name":"wp","href":"https:\/\/api.w.org\/{rel}","templated":true}]}}