{"id":108494,"date":"2020-06-25T11:41:24","date_gmt":"2020-06-25T15:41:24","guid":{"rendered":"https:\/\/digital58.com.ve\/site\/?p=108494"},"modified":"2020-06-25T18:34:59","modified_gmt":"2020-06-25T22:34:59","slug":"rafael-simon-jimenez-es-inminente-que-se-anuncie-fecha-de-parlamentarias","status":"publish","type":"post","link":"https:\/\/digital58.com.ve\/site\/2020\/06\/25\/rafael-simon-jimenez-es-inminente-que-se-anuncie-fecha-de-parlamentarias\/","title":{"rendered":"Rafael Sim\u00f3n Jim\u00e9nez: \u00abEs inminente que se anuncie fecha de parlamentarias\u00bb"},"content":{"rendered":"<p><img loading=\"lazy\" decoding=\"async\" class=\"aligncenter wp-image-108495 size-full\" src=\"https:\/\/digital58.com.ve\/site\/wp-content\/uploads\/2020\/06\/RafaelSimonJimenez.jpg\" alt=\"\" width=\"1200\" height=\"676\" srcset=\"https:\/\/digital58.com.ve\/site\/wp-content\/uploads\/2020\/06\/RafaelSimonJimenez.jpg 800w, https:\/\/digital58.com.ve\/site\/wp-content\/uploads\/2020\/06\/RafaelSimonJimenez-300x169.jpg 300w, https:\/\/digital58.com.ve\/site\/wp-content\/uploads\/2020\/06\/RafaelSimonJimenez-768x433.jpg 768w\" sizes=\"auto, (max-width: 1200px) 100vw, 1200px\" \/><\/p>\n<p>El rector inform\u00f3 que la reci\u00e9n instalada directiva se re\u00fane todos los jueves y que el anunci\u00f3 podr\u00eda llegar en los pr\u00f3ximos d\u00edas.<\/p>\n<p><strong>Caracas, Venezuela, 25 de junio\u00a0 de 2020 (ND58).-<\/strong>\u00a0Rafael Sim\u00f3n Jim\u00e9nez, uno de los nuevos rectores del CNE, indic\u00f3 este mi\u00e9rcoles que la reci\u00e9n instalada directiva se re\u00fane todos los jueves y que el anuncio podr\u00eda llegar en los pr\u00f3ximos d\u00edas debido a que las elecciones del Parlamento deben realizarse a m\u00e1s tardar en diciembre de este a\u00f1o.<\/p>\n<p>\u00abEs inminente que se anuncie una fecha, el jueves hay una reuni\u00f3n ordinaria de los rectores y es posible que ese tema est\u00e9 en la agenda. Si pretendemos hacer las elecciones para diciembre tenemos que empezar a trabajar porque ese proceso requiere una secuencia de actividades que tienen que ser adelantadas de inmediato\u00bb, afirm\u00f3 Sim\u00f3n Jim\u00e9nez.<\/p>\n<p>Jim\u00e9nez reconoci\u00f3 que hasta la fecha no ha logrado entablar contacto directo con el sector que que apoya a Juan Guaid\u00f3, algo que contrasta con la comunicaci\u00f3n que s\u00ed ha mantenido con los partidos dentro de la mesa de di\u00e1logo nacional como Avanzada Progresista, Esperanza Por el Cambio, Cambiemos, Soluciones y Movimiento Al Socialismo, la cual calific\u00f3 como \u00abmuy fluida\u00bb.<\/p><div class=\"iqqco69ee7f3d7ad87\" ><p style=\"text-align: center;\"><a href=\"https:\/\/t.me\/noticiasdigital58\" target=\"_blank\" rel=\"noopener\"><img class=\"aligncenter size-full wp-image-125363\" src=\"https:\/\/digital58.com.ve\/site\/wp-content\/uploads\/2021\/04\/banner-telegram-web-2021.png\" alt=\"\" width=\"600\" height=\"90\" \/><\/a><\/p><\/div><style type=\"text\/css\">\r\n@media screen and (min-width: 1201px) {\r\n.iqqco69ee7f3d7ad87 {\r\ndisplay: block;\r\n}\r\n}\r\n@media screen and (min-width: 993px) and (max-width: 1200px) {\r\n.iqqco69ee7f3d7ad87 {\r\ndisplay: block;\r\n}\r\n}\r\n@media screen and (min-width: 769px) and (max-width: 992px) {\r\n.iqqco69ee7f3d7ad87 {\r\ndisplay: block;\r\n}\r\n}\r\n@media screen and (min-width: 768px) and (max-width: 768px) {\r\n.iqqco69ee7f3d7ad87 {\r\ndisplay: block;\r\n}\r\n}\r\n@media screen and (max-width: 767px) {\r\n.iqqco69ee7f3d7ad87 {\r\ndisplay: block;\r\n}\r\n}\r\n<\/style>\r\n\n<p><strong>Redacci\u00f3n: Molero, Luis\u00a0 (@Moleromarquez) | Fuente: Agencias<br \/>\nEdici\u00f3n: Villasmil, Henry; Ch\u00e1vez, Marian<br \/>\nGr\u00e1ficas: Cortes\u00eda<\/strong><\/p>\n<div style=\"margin-top: 0px; margin-bottom: 0px;\" class=\"sharethis-inline-share-buttons\" ><\/div>","protected":false},"excerpt":{"rendered":"<p>El rector inform\u00f3 que la reci\u00e9n instalada directiva se re\u00fane todos los jueves y que el anunci\u00f3 podr\u00eda llegar en<\/p>\n","protected":false},"author":26,"featured_media":108496,"comment_status":"open","ping_status":"closed","sticky":false,"template":"","format":"standard","meta":{"colormag_page_container_layout":"default_layout","colormag_page_sidebar_layout":"default_layout","_uag_custom_page_level_css":"","footnotes":""},"categories":[8610,16454],"tags":[2723,15713,233,16003],"class_list":["post-108494","post","type-post","status-publish","format-standard","has-post-thumbnail","hentry","category-politica","category-venezuela","tag-cne","tag-elecciones-parlamentarias","tag-nacionales","tag-rafael-simon-jimenez"],"yoast_head":"<!-- This site is optimized with the Yoast SEO plugin v27.4 - https:\/\/yoast.com\/product\/yoast-seo-wordpress\/ -->\n<title>Rafael Sim\u00f3n Jim\u00e9nez: \u00abEs inminente que se anuncie fecha de parlamentarias\u00bb<\/title>\n<meta name=\"robots\" content=\"index, follow, max-snippet:-1, max-image-preview:large, max-video-preview:-1\" \/>\n<link rel=\"canonical\" href=\"https:\/\/digital58.com.ve\/site\/2020\/06\/25\/rafael-simon-jimenez-es-inminente-que-se-anuncie-fecha-de-parlamentarias\/\" \/>\n<meta property=\"og:locale\" content=\"es_ES\" \/>\n<meta property=\"og:type\" content=\"article\" \/>\n<meta property=\"og:title\" content=\"Rafael Sim\u00f3n Jim\u00e9nez: \u00abEs inminente que se anuncie fecha de parlamentarias\u00bb\" \/>\n<meta property=\"og:url\" content=\"https:\/\/digital58.com.ve\/site\/2020\/06\/25\/rafael-simon-jimenez-es-inminente-que-se-anuncie-fecha-de-parlamentarias\/\" \/>\n<meta property=\"og:site_name\" content=\"Noticias Digital58\" \/>\n<meta property=\"article:published_time\" content=\"2020-06-25T15:41:24+00:00\" \/>\n<meta property=\"article:modified_time\" content=\"2020-06-25T22:34:59+00:00\" \/>\n<meta property=\"og:image\" content=\"https:\/\/digital58.com.ve\/site\/wp-content\/uploads\/2020\/06\/Rafael-Sim\u00f3n-Jim\u00e9nez.jpg\" \/>\n\t<meta property=\"og:image:width\" content=\"594\" \/>\n\t<meta property=\"og:image:height\" content=\"352\" \/>\n\t<meta property=\"og:image:type\" content=\"image\/jpeg\" \/>\n<meta name=\"author\" content=\"Molero Luis\" \/>\n<meta name=\"twitter:card\" content=\"summary_large_image\" \/>\n<meta name=\"twitter:creator\" content=\"@Digital_58\" \/>\n<meta name=\"twitter:site\" content=\"@villasmilhfoto\" \/>\n<meta name=\"twitter:label1\" content=\"Escrito por\" \/>\n\t<meta name=\"twitter:data1\" content=\"Molero Luis\" \/>\n\t<meta name=\"twitter:label2\" content=\"Tiempo estimado de lectura\" \/>\n\t<meta name=\"twitter:data2\" content=\"1 minuto\" \/>\n<script type=\"application\/ld+json\" class=\"yoast-schema-graph\">{\"@context\":\"https:\\\/\\\/schema.org\",\"@graph\":[{\"@type\":\"Article\",\"@id\":\"https:\\\/\\\/digital58.com.ve\\\/site\\\/2020\\\/06\\\/25\\\/rafael-simon-jimenez-es-inminente-que-se-anuncie-fecha-de-parlamentarias\\\/#article\",\"isPartOf\":{\"@id\":\"https:\\\/\\\/digital58.com.ve\\\/site\\\/2020\\\/06\\\/25\\\/rafael-simon-jimenez-es-inminente-que-se-anuncie-fecha-de-parlamentarias\\\/\"},\"author\":{\"name\":\"Molero Luis\",\"@id\":\"https:\\\/\\\/digital58.com.ve\\\/site\\\/#\\\/schema\\\/person\\\/c61667ce6845137620ee3f0aaabade17\"},\"headline\":\"Rafael Sim\u00f3n Jim\u00e9nez: \u00abEs inminente que se anuncie fecha de parlamentarias\u00bb\",\"datePublished\":\"2020-06-25T15:41:24+00:00\",\"dateModified\":\"2020-06-25T22:34:59+00:00\",\"mainEntityOfPage\":{\"@id\":\"https:\\\/\\\/digital58.com.ve\\\/site\\\/2020\\\/06\\\/25\\\/rafael-simon-jimenez-es-inminente-que-se-anuncie-fecha-de-parlamentarias\\\/\"},\"wordCount\":248,\"commentCount\":0,\"publisher\":{\"@id\":\"https:\\\/\\\/digital58.com.ve\\\/site\\\/#\\\/schema\\\/person\\\/64d1c2e4d0d4fd1b849980c4331c2951\"},\"image\":{\"@id\":\"https:\\\/\\\/digital58.com.ve\\\/site\\\/2020\\\/06\\\/25\\\/rafael-simon-jimenez-es-inminente-que-se-anuncie-fecha-de-parlamentarias\\\/#primaryimage\"},\"thumbnailUrl\":\"https:\\\/\\\/digital58.com.ve\\\/site\\\/wp-content\\\/uploads\\\/2020\\\/06\\\/Rafael-Sim\u00f3n-Jim\u00e9nez.jpg\",\"keywords\":[\"CNE\",\"Elecciones Parlamentarias\",\"Nacionales\",\"Rafael Sim\u00f3n Jim\u00e9nez\"],\"articleSection\":[\"Pol\u00edtica\",\"Venezuela\"],\"inLanguage\":\"es\",\"potentialAction\":[{\"@type\":\"CommentAction\",\"name\":\"Comment\",\"target\":[\"https:\\\/\\\/digital58.com.ve\\\/site\\\/2020\\\/06\\\/25\\\/rafael-simon-jimenez-es-inminente-que-se-anuncie-fecha-de-parlamentarias\\\/#respond\"]}]},{\"@type\":\"WebPage\",\"@id\":\"https:\\\/\\\/digital58.com.ve\\\/site\\\/2020\\\/06\\\/25\\\/rafael-simon-jimenez-es-inminente-que-se-anuncie-fecha-de-parlamentarias\\\/\",\"url\":\"https:\\\/\\\/digital58.com.ve\\\/site\\\/2020\\\/06\\\/25\\\/rafael-simon-jimenez-es-inminente-que-se-anuncie-fecha-de-parlamentarias\\\/\",\"name\":\"Rafael Sim\u00f3n Jim\u00e9nez: \u00abEs inminente que se anuncie fecha de parlamentarias\u00bb\",\"isPartOf\":{\"@id\":\"https:\\\/\\\/digital58.com.ve\\\/site\\\/#website\"},\"primaryImageOfPage\":{\"@id\":\"https:\\\/\\\/digital58.com.ve\\\/site\\\/2020\\\/06\\\/25\\\/rafael-simon-jimenez-es-inminente-que-se-anuncie-fecha-de-parlamentarias\\\/#primaryimage\"},\"image\":{\"@id\":\"https:\\\/\\\/digital58.com.ve\\\/site\\\/2020\\\/06\\\/25\\\/rafael-simon-jimenez-es-inminente-que-se-anuncie-fecha-de-parlamentarias\\\/#primaryimage\"},\"thumbnailUrl\":\"https:\\\/\\\/digital58.com.ve\\\/site\\\/wp-content\\\/uploads\\\/2020\\\/06\\\/Rafael-Sim\u00f3n-Jim\u00e9nez.jpg\",\"datePublished\":\"2020-06-25T15:41:24+00:00\",\"dateModified\":\"2020-06-25T22:34:59+00:00\",\"breadcrumb\":{\"@id\":\"https:\\\/\\\/digital58.com.ve\\\/site\\\/2020\\\/06\\\/25\\\/rafael-simon-jimenez-es-inminente-que-se-anuncie-fecha-de-parlamentarias\\\/#breadcrumb\"},\"inLanguage\":\"es\",\"potentialAction\":[{\"@type\":\"ReadAction\",\"target\":[\"https:\\\/\\\/digital58.com.ve\\\/site\\\/2020\\\/06\\\/25\\\/rafael-simon-jimenez-es-inminente-que-se-anuncie-fecha-de-parlamentarias\\\/\"]}]},{\"@type\":\"ImageObject\",\"inLanguage\":\"es\",\"@id\":\"https:\\\/\\\/digital58.com.ve\\\/site\\\/2020\\\/06\\\/25\\\/rafael-simon-jimenez-es-inminente-que-se-anuncie-fecha-de-parlamentarias\\\/#primaryimage\",\"url\":\"https:\\\/\\\/digital58.com.ve\\\/site\\\/wp-content\\\/uploads\\\/2020\\\/06\\\/Rafael-Sim\u00f3n-Jim\u00e9nez.jpg\",\"contentUrl\":\"https:\\\/\\\/digital58.com.ve\\\/site\\\/wp-content\\\/uploads\\\/2020\\\/06\\\/Rafael-Sim\u00f3n-Jim\u00e9nez.jpg\",\"width\":594,\"height\":352},{\"@type\":\"BreadcrumbList\",\"@id\":\"https:\\\/\\\/digital58.com.ve\\\/site\\\/2020\\\/06\\\/25\\\/rafael-simon-jimenez-es-inminente-que-se-anuncie-fecha-de-parlamentarias\\\/#breadcrumb\",\"itemListElement\":[{\"@type\":\"ListItem\",\"position\":1,\"name\":\"Home\",\"item\":\"https:\\\/\\\/digital58.com.ve\\\/site\\\/\"},{\"@type\":\"ListItem\",\"position\":2,\"name\":\"Rafael Sim\u00f3n Jim\u00e9nez: \u00abEs inminente que se anuncie fecha de parlamentarias\u00bb\"}]},{\"@type\":\"WebSite\",\"@id\":\"https:\\\/\\\/digital58.com.ve\\\/site\\\/#website\",\"url\":\"https:\\\/\\\/digital58.com.ve\\\/site\\\/\",\"name\":\"Noticias Digital58\",\"description\":\"Portal de Noticias \u00a1Periodismo web de verdad! Lanzamiento web 22.11.2005 \\\/ Maracaibo, Venezuela\",\"publisher\":{\"@id\":\"https:\\\/\\\/digital58.com.ve\\\/site\\\/#\\\/schema\\\/person\\\/64d1c2e4d0d4fd1b849980c4331c2951\"},\"alternateName\":\"ND58\",\"potentialAction\":[{\"@type\":\"SearchAction\",\"target\":{\"@type\":\"EntryPoint\",\"urlTemplate\":\"https:\\\/\\\/digital58.com.ve\\\/site\\\/?s={search_term_string}\"},\"query-input\":{\"@type\":\"PropertyValueSpecification\",\"valueRequired\":true,\"valueName\":\"search_term_string\"}}],\"inLanguage\":\"es\"},{\"@type\":[\"Person\",\"Organization\"],\"@id\":\"https:\\\/\\\/digital58.com.ve\\\/site\\\/#\\\/schema\\\/person\\\/64d1c2e4d0d4fd1b849980c4331c2951\",\"name\":\"Villasmil Henry\",\"image\":{\"@type\":\"ImageObject\",\"inLanguage\":\"es\",\"@id\":\"https:\\\/\\\/secure.gravatar.com\\\/avatar\\\/bb0c4a2fcb7970138239f7e404ea75757b1b507b28b5ce4c53fbd62d797c5a7c?s=96&d=mm&r=g\",\"url\":\"https:\\\/\\\/secure.gravatar.com\\\/avatar\\\/bb0c4a2fcb7970138239f7e404ea75757b1b507b28b5ce4c53fbd62d797c5a7c?s=96&d=mm&r=g\",\"contentUrl\":\"https:\\\/\\\/secure.gravatar.com\\\/avatar\\\/bb0c4a2fcb7970138239f7e404ea75757b1b507b28b5ce4c53fbd62d797c5a7c?s=96&d=mm&r=g\",\"caption\":\"Villasmil Henry\"},\"logo\":{\"@id\":\"https:\\\/\\\/secure.gravatar.com\\\/avatar\\\/bb0c4a2fcb7970138239f7e404ea75757b1b507b28b5ce4c53fbd62d797c5a7c?s=96&d=mm&r=g\"},\"sameAs\":[\"http:\\\/\\\/www.henryvillasmil.com.ve\",\"https:\\\/\\\/www.instagram.com\\\/villasmilhfoto\\\/\",\"https:\\\/\\\/x.com\\\/https:\\\/\\\/twitter.com\\\/villasmilhfoto\"]},{\"@type\":\"Person\",\"@id\":\"https:\\\/\\\/digital58.com.ve\\\/site\\\/#\\\/schema\\\/person\\\/c61667ce6845137620ee3f0aaabade17\",\"name\":\"Molero Luis\",\"image\":{\"@type\":\"ImageObject\",\"inLanguage\":\"es\",\"@id\":\"https:\\\/\\\/secure.gravatar.com\\\/avatar\\\/bf041ec637e3e7405449807deb2f7cf3d2de7c6fa755dd56e985201de9863f2b?s=96&d=mm&r=g\",\"url\":\"https:\\\/\\\/secure.gravatar.com\\\/avatar\\\/bf041ec637e3e7405449807deb2f7cf3d2de7c6fa755dd56e985201de9863f2b?s=96&d=mm&r=g\",\"contentUrl\":\"https:\\\/\\\/secure.gravatar.com\\\/avatar\\\/bf041ec637e3e7405449807deb2f7cf3d2de7c6fa755dd56e985201de9863f2b?s=96&d=mm&r=g\",\"caption\":\"Molero Luis\"},\"url\":\"https:\\\/\\\/digital58.com.ve\\\/site\\\/author\\\/luismolero\\\/\"}]}<\/script>\n<!-- \/ Yoast SEO plugin. -->","yoast_head_json":{"title":"Rafael Sim\u00f3n Jim\u00e9nez: \u00abEs inminente que se anuncie fecha de parlamentarias\u00bb","robots":{"index":"index","follow":"follow","max-snippet":"max-snippet:-1","max-image-preview":"max-image-preview:large","max-video-preview":"max-video-preview:-1"},"canonical":"https:\/\/digital58.com.ve\/site\/2020\/06\/25\/rafael-simon-jimenez-es-inminente-que-se-anuncie-fecha-de-parlamentarias\/","og_locale":"es_ES","og_type":"article","og_title":"Rafael Sim\u00f3n Jim\u00e9nez: \u00abEs inminente que se anuncie fecha de parlamentarias\u00bb","og_url":"https:\/\/digital58.com.ve\/site\/2020\/06\/25\/rafael-simon-jimenez-es-inminente-que-se-anuncie-fecha-de-parlamentarias\/","og_site_name":"Noticias Digital58","article_published_time":"2020-06-25T15:41:24+00:00","article_modified_time":"2020-06-25T22:34:59+00:00","og_image":[{"width":594,"height":352,"url":"https:\/\/digital58.com.ve\/site\/wp-content\/uploads\/2020\/06\/Rafael-Sim\u00f3n-Jim\u00e9nez.jpg","type":"image\/jpeg"}],"author":"Molero Luis","twitter_card":"summary_large_image","twitter_creator":"@Digital_58","twitter_site":"@villasmilhfoto","twitter_misc":{"Escrito por":"Molero Luis","Tiempo estimado de lectura":"1 minuto"},"schema":{"@context":"https:\/\/schema.org","@graph":[{"@type":"Article","@id":"https:\/\/digital58.com.ve\/site\/2020\/06\/25\/rafael-simon-jimenez-es-inminente-que-se-anuncie-fecha-de-parlamentarias\/#article","isPartOf":{"@id":"https:\/\/digital58.com.ve\/site\/2020\/06\/25\/rafael-simon-jimenez-es-inminente-que-se-anuncie-fecha-de-parlamentarias\/"},"author":{"name":"Molero Luis","@id":"https:\/\/digital58.com.ve\/site\/#\/schema\/person\/c61667ce6845137620ee3f0aaabade17"},"headline":"Rafael Sim\u00f3n Jim\u00e9nez: \u00abEs inminente que se anuncie fecha de parlamentarias\u00bb","datePublished":"2020-06-25T15:41:24+00:00","dateModified":"2020-06-25T22:34:59+00:00","mainEntityOfPage":{"@id":"https:\/\/digital58.com.ve\/site\/2020\/06\/25\/rafael-simon-jimenez-es-inminente-que-se-anuncie-fecha-de-parlamentarias\/"},"wordCount":248,"commentCount":0,"publisher":{"@id":"https:\/\/digital58.com.ve\/site\/#\/schema\/person\/64d1c2e4d0d4fd1b849980c4331c2951"},"image":{"@id":"https:\/\/digital58.com.ve\/site\/2020\/06\/25\/rafael-simon-jimenez-es-inminente-que-se-anuncie-fecha-de-parlamentarias\/#primaryimage"},"thumbnailUrl":"https:\/\/digital58.com.ve\/site\/wp-content\/uploads\/2020\/06\/Rafael-Sim\u00f3n-Jim\u00e9nez.jpg","keywords":["CNE","Elecciones Parlamentarias","Nacionales","Rafael Sim\u00f3n Jim\u00e9nez"],"articleSection":["Pol\u00edtica","Venezuela"],"inLanguage":"es","potentialAction":[{"@type":"CommentAction","name":"Comment","target":["https:\/\/digital58.com.ve\/site\/2020\/06\/25\/rafael-simon-jimenez-es-inminente-que-se-anuncie-fecha-de-parlamentarias\/#respond"]}]},{"@type":"WebPage","@id":"https:\/\/digital58.com.ve\/site\/2020\/06\/25\/rafael-simon-jimenez-es-inminente-que-se-anuncie-fecha-de-parlamentarias\/","url":"https:\/\/digital58.com.ve\/site\/2020\/06\/25\/rafael-simon-jimenez-es-inminente-que-se-anuncie-fecha-de-parlamentarias\/","name":"Rafael Sim\u00f3n Jim\u00e9nez: \u00abEs inminente que se anuncie fecha de parlamentarias\u00bb","isPartOf":{"@id":"https:\/\/digital58.com.ve\/site\/#website"},"primaryImageOfPage":{"@id":"https:\/\/digital58.com.ve\/site\/2020\/06\/25\/rafael-simon-jimenez-es-inminente-que-se-anuncie-fecha-de-parlamentarias\/#primaryimage"},"image":{"@id":"https:\/\/digital58.com.ve\/site\/2020\/06\/25\/rafael-simon-jimenez-es-inminente-que-se-anuncie-fecha-de-parlamentarias\/#primaryimage"},"thumbnailUrl":"https:\/\/digital58.com.ve\/site\/wp-content\/uploads\/2020\/06\/Rafael-Sim\u00f3n-Jim\u00e9nez.jpg","datePublished":"2020-06-25T15:41:24+00:00","dateModified":"2020-06-25T22:34:59+00:00","breadcrumb":{"@id":"https:\/\/digital58.com.ve\/site\/2020\/06\/25\/rafael-simon-jimenez-es-inminente-que-se-anuncie-fecha-de-parlamentarias\/#breadcrumb"},"inLanguage":"es","potentialAction":[{"@type":"ReadAction","target":["https:\/\/digital58.com.ve\/site\/2020\/06\/25\/rafael-simon-jimenez-es-inminente-que-se-anuncie-fecha-de-parlamentarias\/"]}]},{"@type":"ImageObject","inLanguage":"es","@id":"https:\/\/digital58.com.ve\/site\/2020\/06\/25\/rafael-simon-jimenez-es-inminente-que-se-anuncie-fecha-de-parlamentarias\/#primaryimage","url":"https:\/\/digital58.com.ve\/site\/wp-content\/uploads\/2020\/06\/Rafael-Sim\u00f3n-Jim\u00e9nez.jpg","contentUrl":"https:\/\/digital58.com.ve\/site\/wp-content\/uploads\/2020\/06\/Rafael-Sim\u00f3n-Jim\u00e9nez.jpg","width":594,"height":352},{"@type":"BreadcrumbList","@id":"https:\/\/digital58.com.ve\/site\/2020\/06\/25\/rafael-simon-jimenez-es-inminente-que-se-anuncie-fecha-de-parlamentarias\/#breadcrumb","itemListElement":[{"@type":"ListItem","position":1,"name":"Home","item":"https:\/\/digital58.com.ve\/site\/"},{"@type":"ListItem","position":2,"name":"Rafael Sim\u00f3n Jim\u00e9nez: \u00abEs inminente que se anuncie fecha de parlamentarias\u00bb"}]},{"@type":"WebSite","@id":"https:\/\/digital58.com.ve\/site\/#website","url":"https:\/\/digital58.com.ve\/site\/","name":"Noticias Digital58","description":"Portal de Noticias \u00a1Periodismo web de verdad! Lanzamiento web 22.11.2005 \/ Maracaibo, Venezuela","publisher":{"@id":"https:\/\/digital58.com.ve\/site\/#\/schema\/person\/64d1c2e4d0d4fd1b849980c4331c2951"},"alternateName":"ND58","potentialAction":[{"@type":"SearchAction","target":{"@type":"EntryPoint","urlTemplate":"https:\/\/digital58.com.ve\/site\/?s={search_term_string}"},"query-input":{"@type":"PropertyValueSpecification","valueRequired":true,"valueName":"search_term_string"}}],"inLanguage":"es"},{"@type":["Person","Organization"],"@id":"https:\/\/digital58.com.ve\/site\/#\/schema\/person\/64d1c2e4d0d4fd1b849980c4331c2951","name":"Villasmil Henry","image":{"@type":"ImageObject","inLanguage":"es","@id":"https:\/\/secure.gravatar.com\/avatar\/bb0c4a2fcb7970138239f7e404ea75757b1b507b28b5ce4c53fbd62d797c5a7c?s=96&d=mm&r=g","url":"https:\/\/secure.gravatar.com\/avatar\/bb0c4a2fcb7970138239f7e404ea75757b1b507b28b5ce4c53fbd62d797c5a7c?s=96&d=mm&r=g","contentUrl":"https:\/\/secure.gravatar.com\/avatar\/bb0c4a2fcb7970138239f7e404ea75757b1b507b28b5ce4c53fbd62d797c5a7c?s=96&d=mm&r=g","caption":"Villasmil Henry"},"logo":{"@id":"https:\/\/secure.gravatar.com\/avatar\/bb0c4a2fcb7970138239f7e404ea75757b1b507b28b5ce4c53fbd62d797c5a7c?s=96&d=mm&r=g"},"sameAs":["http:\/\/www.henryvillasmil.com.ve","https:\/\/www.instagram.com\/villasmilhfoto\/","https:\/\/x.com\/https:\/\/twitter.com\/villasmilhfoto"]},{"@type":"Person","@id":"https:\/\/digital58.com.ve\/site\/#\/schema\/person\/c61667ce6845137620ee3f0aaabade17","name":"Molero Luis","image":{"@type":"ImageObject","inLanguage":"es","@id":"https:\/\/secure.gravatar.com\/avatar\/bf041ec637e3e7405449807deb2f7cf3d2de7c6fa755dd56e985201de9863f2b?s=96&d=mm&r=g","url":"https:\/\/secure.gravatar.com\/avatar\/bf041ec637e3e7405449807deb2f7cf3d2de7c6fa755dd56e985201de9863f2b?s=96&d=mm&r=g","contentUrl":"https:\/\/secure.gravatar.com\/avatar\/bf041ec637e3e7405449807deb2f7cf3d2de7c6fa755dd56e985201de9863f2b?s=96&d=mm&r=g","caption":"Molero Luis"},"url":"https:\/\/digital58.com.ve\/site\/author\/luismolero\/"}]}},"uagb_featured_image_src":{"full":["https:\/\/digital58.com.ve\/site\/wp-content\/uploads\/2020\/06\/Rafael-Sim\u00f3n-Jim\u00e9nez.jpg",594,352,false],"thumbnail":["https:\/\/digital58.com.ve\/site\/wp-content\/uploads\/2020\/06\/Rafael-Sim\u00f3n-Jim\u00e9nez-150x150.jpg",150,150,true],"medium":["https:\/\/digital58.com.ve\/site\/wp-content\/uploads\/2020\/06\/Rafael-Sim\u00f3n-Jim\u00e9nez-300x178.jpg",300,178,true],"medium_large":["https:\/\/digital58.com.ve\/site\/wp-content\/uploads\/2020\/06\/Rafael-Sim\u00f3n-Jim\u00e9nez.jpg",594,352,false],"large":["https:\/\/digital58.com.ve\/site\/wp-content\/uploads\/2020\/06\/Rafael-Sim\u00f3n-Jim\u00e9nez.jpg",594,352,false],"1536x1536":["https:\/\/digital58.com.ve\/site\/wp-content\/uploads\/2020\/06\/Rafael-Sim\u00f3n-Jim\u00e9nez.jpg",594,352,false],"2048x2048":["https:\/\/digital58.com.ve\/site\/wp-content\/uploads\/2020\/06\/Rafael-Sim\u00f3n-Jim\u00e9nez.jpg",594,352,false],"colormag-highlighted-post":["https:\/\/digital58.com.ve\/site\/wp-content\/uploads\/2020\/06\/Rafael-Sim\u00f3n-Jim\u00e9nez.jpg",392,232,false],"colormag-featured-post-medium":["https:\/\/digital58.com.ve\/site\/wp-content\/uploads\/2020\/06\/Rafael-Sim\u00f3n-Jim\u00e9nez.jpg",346,205,false],"colormag-featured-post-small":["https:\/\/digital58.com.ve\/site\/wp-content\/uploads\/2020\/06\/Rafael-Sim\u00f3n-Jim\u00e9nez.jpg",130,77,false],"colormag-featured-image":["https:\/\/digital58.com.ve\/site\/wp-content\/uploads\/2020\/06\/Rafael-Sim\u00f3n-Jim\u00e9nez.jpg",594,352,false],"colormag-default-news":["https:\/\/digital58.com.ve\/site\/wp-content\/uploads\/2020\/06\/Rafael-Sim\u00f3n-Jim\u00e9nez.jpg",150,89,false],"colormag-featured-image-large":["https:\/\/digital58.com.ve\/site\/wp-content\/uploads\/2020\/06\/Rafael-Sim\u00f3n-Jim\u00e9nez.jpg",594,352,false]},"uagb_author_info":{"display_name":"Molero Luis","author_link":"https:\/\/digital58.com.ve\/site\/author\/luismolero\/"},"uagb_comment_info":0,"uagb_excerpt":"El rector inform\u00f3 que la reci\u00e9n instalada directiva se re\u00fane todos los jueves y que el anunci\u00f3 podr\u00eda llegar en","_links":{"self":[{"href":"https:\/\/digital58.com.ve\/site\/wp-json\/wp\/v2\/posts\/108494","targetHints":{"allow":["GET"]}}],"collection":[{"href":"https:\/\/digital58.com.ve\/site\/wp-json\/wp\/v2\/posts"}],"about":[{"href":"https:\/\/digital58.com.ve\/site\/wp-json\/wp\/v2\/types\/post"}],"author":[{"embeddable":true,"href":"https:\/\/digital58.com.ve\/site\/wp-json\/wp\/v2\/users\/26"}],"replies":[{"embeddable":true,"href":"https:\/\/digital58.com.ve\/site\/wp-json\/wp\/v2\/comments?post=108494"}],"version-history":[{"count":0,"href":"https:\/\/digital58.com.ve\/site\/wp-json\/wp\/v2\/posts\/108494\/revisions"}],"wp:featuredmedia":[{"embeddable":true,"href":"https:\/\/digital58.com.ve\/site\/wp-json\/wp\/v2\/media\/108496"}],"wp:attachment":[{"href":"https:\/\/digital58.com.ve\/site\/wp-json\/wp\/v2\/media?parent=108494"}],"wp:term":[{"taxonomy":"category","embeddable":true,"href":"https:\/\/digital58.com.ve\/site\/wp-json\/wp\/v2\/categories?post=108494"},{"taxonomy":"post_tag","embeddable":true,"href":"https:\/\/digital58.com.ve\/site\/wp-json\/wp\/v2\/tags?post=108494"}],"curies":[{"name":"wp","href":"https:\/\/api.w.org\/{rel}","templated":true}]}}