{"id":108517,"date":"2020-06-25T12:39:39","date_gmt":"2020-06-25T16:39:39","guid":{"rendered":"https:\/\/digital58.com.ve\/site\/?p=108517"},"modified":"2020-06-25T18:33:59","modified_gmt":"2020-06-25T22:33:59","slug":"americo-de-grazia-denuncio-que-mineros-del-estado-bolivar-quedaron-atrapados-en-la-mina-santa-rita","status":"publish","type":"post","link":"https:\/\/digital58.com.ve\/site\/2020\/06\/25\/americo-de-grazia-denuncio-que-mineros-del-estado-bolivar-quedaron-atrapados-en-la-mina-santa-rita\/","title":{"rendered":"Am\u00e9rico De Grazia denunci\u00f3 que mineros del estado Bol\u00edvar quedaron atrapados en la mina Santa Rita"},"content":{"rendered":"<p><img loading=\"lazy\" decoding=\"async\" class=\"aligncenter wp-image-108518 size-full\" src=\"https:\/\/digital58.com.ve\/site\/wp-content\/uploads\/2020\/06\/Am\u00e9rico-De-Grazia.jpg\" alt=\"\" width=\"1200\" height=\"800\" srcset=\"https:\/\/digital58.com.ve\/site\/wp-content\/uploads\/2020\/06\/Am\u00e9rico-De-Grazia.jpg 800w, https:\/\/digital58.com.ve\/site\/wp-content\/uploads\/2020\/06\/Am\u00e9rico-De-Grazia-300x200.jpg 300w, https:\/\/digital58.com.ve\/site\/wp-content\/uploads\/2020\/06\/Am\u00e9rico-De-Grazia-768x512.jpg 768w, https:\/\/digital58.com.ve\/site\/wp-content\/uploads\/2020\/06\/Am\u00e9rico-De-Grazia-720x480.jpg 720w, https:\/\/digital58.com.ve\/site\/wp-content\/uploads\/2020\/06\/Am\u00e9rico-De-Grazia-480x320.jpg 480w\" sizes=\"auto, (max-width: 1200px) 100vw, 1200px\" \/><\/p>\n<p>La entrada de la mina habr\u00eda sido cerrada por efectivos militares este mi\u00e9rcoles al mediod\u00eda. La orden la dio el gobernador del estado Vargas.<\/p>\n<p><strong>Caracas, Venezuela, 25 de junio\u00a0 de 2020 (ND58).-<\/strong>El diputado a la Asamblea Nacional (AN), Am\u00e9rico De Grazia, denunci\u00f3 este jueves que mineros de la mina Santa Rita, estado Bol\u00edvar, quedaron atrapados, cuando efectivos militares del sellaron la entrada de la gruta.<\/p>\n<p>A trav\u00e9s de su cuenta en la red social de Twitter, De Grazia inform\u00f3 que, algunos mineros quedaron atrapados este mi\u00e9rcoles en las galer\u00edas de la mina santa Rita; cuando oficiales del ZODI, por instrucciones de Carneiro, gobernador de Vargas, sellaron la entrada de la gruta, dej\u00e1ndolos atrapados a 30 mts bajo tierra. Afortunadamente lograron salir por la mina 5 Bolos.<\/p>\n<p>\u00abTarek El Aissami visit\u00f3 la mina Hecla en El Callao. El ZODI custodi\u00f3 la gira. Concluida la misma, los oficiales de la Fuerza Armada Nacional Bolivariana (FANB) arremetieron contra los mineros, decomis\u00e1ndoles todo el oro de la faena y rob\u00e1ndoles los m\u00f3viles para no dejar evidencias de la visita del capo\u00bb, afirm\u00f3.<\/p>\n<p>Seg\u00fan el diputado, Carneiro ya comenz\u00f3 operaciones en La Laguna. Coment\u00f3 que, se montaron los molinos para que todo aquel que entre, moliera el material all\u00ed mismo, quit\u00e1ndole el 50% del oro. Sin responsabilidad laboral alguna.<\/p><div class=\"pvnki69eeb3e4c2023\" ><p style=\"text-align: center;\"><a href=\"https:\/\/t.me\/noticiasdigital58\" target=\"_blank\" rel=\"noopener\"><img class=\"aligncenter size-full wp-image-125363\" src=\"https:\/\/digital58.com.ve\/site\/wp-content\/uploads\/2021\/04\/banner-telegram-web-2021.png\" alt=\"\" width=\"600\" height=\"90\" \/><\/a><\/p><\/div><style type=\"text\/css\">\r\n@media screen and (min-width: 1201px) {\r\n.pvnki69eeb3e4c2023 {\r\ndisplay: block;\r\n}\r\n}\r\n@media screen and (min-width: 993px) and (max-width: 1200px) {\r\n.pvnki69eeb3e4c2023 {\r\ndisplay: block;\r\n}\r\n}\r\n@media screen and (min-width: 769px) and (max-width: 992px) {\r\n.pvnki69eeb3e4c2023 {\r\ndisplay: block;\r\n}\r\n}\r\n@media screen and (min-width: 768px) and (max-width: 768px) {\r\n.pvnki69eeb3e4c2023 {\r\ndisplay: block;\r\n}\r\n}\r\n@media screen and (max-width: 767px) {\r\n.pvnki69eeb3e4c2023 {\r\ndisplay: block;\r\n}\r\n}\r\n<\/style>\r\n\n<p><strong>Redacci\u00f3n: Molero, Luis\u00a0 (@Moleromarquez) | Fuente: Agencias<br \/>\nEdici\u00f3n: Villasmil, Henry; Ch\u00e1vez, Marian<br \/>\nGr\u00e1ficas: Cortes\u00eda<\/strong><\/p>\n<div style=\"margin-top: 0px; margin-bottom: 0px;\" class=\"sharethis-inline-share-buttons\" ><\/div>","protected":false},"excerpt":{"rendered":"<p>La entrada de la mina habr\u00eda sido cerrada por efectivos militares este mi\u00e9rcoles al mediod\u00eda. La orden la dio el<\/p>\n","protected":false},"author":26,"featured_media":108519,"comment_status":"open","ping_status":"closed","sticky":false,"template":"","format":"standard","meta":{"colormag_page_container_layout":"default_layout","colormag_page_sidebar_layout":"default_layout","_uag_custom_page_level_css":"","footnotes":""},"categories":[16454],"tags":[15031,14558,16427,233],"class_list":["post-108517","post","type-post","status-publish","format-standard","has-post-thumbnail","hentry","category-venezuela","tag-americo-de-grazia","tag-estado-bolivar","tag-mineros","tag-nacionales"],"yoast_head":"<!-- This site is optimized with the Yoast SEO plugin v27.4 - https:\/\/yoast.com\/product\/yoast-seo-wordpress\/ -->\n<title>Am\u00e9rico De Grazia denunci\u00f3 que mineros del estado Bol\u00edvar quedaron atrapados en la mina Santa Rita<\/title>\n<meta name=\"robots\" content=\"index, follow, max-snippet:-1, max-image-preview:large, max-video-preview:-1\" \/>\n<link rel=\"canonical\" href=\"https:\/\/digital58.com.ve\/site\/2020\/06\/25\/americo-de-grazia-denuncio-que-mineros-del-estado-bolivar-quedaron-atrapados-en-la-mina-santa-rita\/\" \/>\n<meta property=\"og:locale\" content=\"es_ES\" \/>\n<meta property=\"og:type\" content=\"article\" \/>\n<meta property=\"og:title\" content=\"Am\u00e9rico De Grazia denunci\u00f3 que mineros del estado Bol\u00edvar quedaron atrapados en la mina Santa Rita\" \/>\n<meta property=\"og:url\" content=\"https:\/\/digital58.com.ve\/site\/2020\/06\/25\/americo-de-grazia-denuncio-que-mineros-del-estado-bolivar-quedaron-atrapados-en-la-mina-santa-rita\/\" \/>\n<meta property=\"og:site_name\" content=\"Noticias Digital58\" \/>\n<meta property=\"article:published_time\" content=\"2020-06-25T16:39:39+00:00\" \/>\n<meta property=\"article:modified_time\" content=\"2020-06-25T22:33:59+00:00\" \/>\n<meta property=\"og:image\" content=\"https:\/\/digital58.com.ve\/site\/wp-content\/uploads\/2020\/06\/americo-grazia-denuncio-que-instagram-hija-fue-hackeado_258797.jpg\" \/>\n\t<meta property=\"og:image:width\" content=\"928\" \/>\n\t<meta property=\"og:image:height\" content=\"619\" \/>\n\t<meta property=\"og:image:type\" content=\"image\/jpeg\" \/>\n<meta name=\"author\" content=\"Molero Luis\" \/>\n<meta name=\"twitter:card\" content=\"summary_large_image\" \/>\n<meta name=\"twitter:creator\" content=\"@Digital_58\" \/>\n<meta name=\"twitter:site\" content=\"@villasmilhfoto\" \/>\n<meta name=\"twitter:label1\" content=\"Escrito por\" \/>\n\t<meta name=\"twitter:data1\" content=\"Molero Luis\" \/>\n\t<meta name=\"twitter:label2\" content=\"Tiempo estimado de lectura\" \/>\n\t<meta name=\"twitter:data2\" content=\"1 minuto\" \/>\n<script type=\"application\/ld+json\" class=\"yoast-schema-graph\">{\"@context\":\"https:\\\/\\\/schema.org\",\"@graph\":[{\"@type\":\"Article\",\"@id\":\"https:\\\/\\\/digital58.com.ve\\\/site\\\/2020\\\/06\\\/25\\\/americo-de-grazia-denuncio-que-mineros-del-estado-bolivar-quedaron-atrapados-en-la-mina-santa-rita\\\/#article\",\"isPartOf\":{\"@id\":\"https:\\\/\\\/digital58.com.ve\\\/site\\\/2020\\\/06\\\/25\\\/americo-de-grazia-denuncio-que-mineros-del-estado-bolivar-quedaron-atrapados-en-la-mina-santa-rita\\\/\"},\"author\":{\"name\":\"Molero Luis\",\"@id\":\"https:\\\/\\\/digital58.com.ve\\\/site\\\/#\\\/schema\\\/person\\\/c61667ce6845137620ee3f0aaabade17\"},\"headline\":\"Am\u00e9rico De Grazia denunci\u00f3 que mineros del estado Bol\u00edvar quedaron atrapados en la mina Santa Rita\",\"datePublished\":\"2020-06-25T16:39:39+00:00\",\"dateModified\":\"2020-06-25T22:33:59+00:00\",\"mainEntityOfPage\":{\"@id\":\"https:\\\/\\\/digital58.com.ve\\\/site\\\/2020\\\/06\\\/25\\\/americo-de-grazia-denuncio-que-mineros-del-estado-bolivar-quedaron-atrapados-en-la-mina-santa-rita\\\/\"},\"wordCount\":260,\"commentCount\":0,\"publisher\":{\"@id\":\"https:\\\/\\\/digital58.com.ve\\\/site\\\/#\\\/schema\\\/person\\\/64d1c2e4d0d4fd1b849980c4331c2951\"},\"image\":{\"@id\":\"https:\\\/\\\/digital58.com.ve\\\/site\\\/2020\\\/06\\\/25\\\/americo-de-grazia-denuncio-que-mineros-del-estado-bolivar-quedaron-atrapados-en-la-mina-santa-rita\\\/#primaryimage\"},\"thumbnailUrl\":\"https:\\\/\\\/digital58.com.ve\\\/site\\\/wp-content\\\/uploads\\\/2020\\\/06\\\/americo-grazia-denuncio-que-instagram-hija-fue-hackeado_258797.jpg\",\"keywords\":[\"Americo de Grazia\",\"Estado Bol\u00edvar\",\"Mineros\",\"Nacionales\"],\"articleSection\":[\"Venezuela\"],\"inLanguage\":\"es\",\"potentialAction\":[{\"@type\":\"CommentAction\",\"name\":\"Comment\",\"target\":[\"https:\\\/\\\/digital58.com.ve\\\/site\\\/2020\\\/06\\\/25\\\/americo-de-grazia-denuncio-que-mineros-del-estado-bolivar-quedaron-atrapados-en-la-mina-santa-rita\\\/#respond\"]}]},{\"@type\":\"WebPage\",\"@id\":\"https:\\\/\\\/digital58.com.ve\\\/site\\\/2020\\\/06\\\/25\\\/americo-de-grazia-denuncio-que-mineros-del-estado-bolivar-quedaron-atrapados-en-la-mina-santa-rita\\\/\",\"url\":\"https:\\\/\\\/digital58.com.ve\\\/site\\\/2020\\\/06\\\/25\\\/americo-de-grazia-denuncio-que-mineros-del-estado-bolivar-quedaron-atrapados-en-la-mina-santa-rita\\\/\",\"name\":\"Am\u00e9rico De Grazia denunci\u00f3 que mineros del estado Bol\u00edvar quedaron atrapados en la mina Santa Rita\",\"isPartOf\":{\"@id\":\"https:\\\/\\\/digital58.com.ve\\\/site\\\/#website\"},\"primaryImageOfPage\":{\"@id\":\"https:\\\/\\\/digital58.com.ve\\\/site\\\/2020\\\/06\\\/25\\\/americo-de-grazia-denuncio-que-mineros-del-estado-bolivar-quedaron-atrapados-en-la-mina-santa-rita\\\/#primaryimage\"},\"image\":{\"@id\":\"https:\\\/\\\/digital58.com.ve\\\/site\\\/2020\\\/06\\\/25\\\/americo-de-grazia-denuncio-que-mineros-del-estado-bolivar-quedaron-atrapados-en-la-mina-santa-rita\\\/#primaryimage\"},\"thumbnailUrl\":\"https:\\\/\\\/digital58.com.ve\\\/site\\\/wp-content\\\/uploads\\\/2020\\\/06\\\/americo-grazia-denuncio-que-instagram-hija-fue-hackeado_258797.jpg\",\"datePublished\":\"2020-06-25T16:39:39+00:00\",\"dateModified\":\"2020-06-25T22:33:59+00:00\",\"breadcrumb\":{\"@id\":\"https:\\\/\\\/digital58.com.ve\\\/site\\\/2020\\\/06\\\/25\\\/americo-de-grazia-denuncio-que-mineros-del-estado-bolivar-quedaron-atrapados-en-la-mina-santa-rita\\\/#breadcrumb\"},\"inLanguage\":\"es\",\"potentialAction\":[{\"@type\":\"ReadAction\",\"target\":[\"https:\\\/\\\/digital58.com.ve\\\/site\\\/2020\\\/06\\\/25\\\/americo-de-grazia-denuncio-que-mineros-del-estado-bolivar-quedaron-atrapados-en-la-mina-santa-rita\\\/\"]}]},{\"@type\":\"ImageObject\",\"inLanguage\":\"es\",\"@id\":\"https:\\\/\\\/digital58.com.ve\\\/site\\\/2020\\\/06\\\/25\\\/americo-de-grazia-denuncio-que-mineros-del-estado-bolivar-quedaron-atrapados-en-la-mina-santa-rita\\\/#primaryimage\",\"url\":\"https:\\\/\\\/digital58.com.ve\\\/site\\\/wp-content\\\/uploads\\\/2020\\\/06\\\/americo-grazia-denuncio-que-instagram-hija-fue-hackeado_258797.jpg\",\"contentUrl\":\"https:\\\/\\\/digital58.com.ve\\\/site\\\/wp-content\\\/uploads\\\/2020\\\/06\\\/americo-grazia-denuncio-que-instagram-hija-fue-hackeado_258797.jpg\",\"width\":800,\"height\":534},{\"@type\":\"BreadcrumbList\",\"@id\":\"https:\\\/\\\/digital58.com.ve\\\/site\\\/2020\\\/06\\\/25\\\/americo-de-grazia-denuncio-que-mineros-del-estado-bolivar-quedaron-atrapados-en-la-mina-santa-rita\\\/#breadcrumb\",\"itemListElement\":[{\"@type\":\"ListItem\",\"position\":1,\"name\":\"Home\",\"item\":\"https:\\\/\\\/digital58.com.ve\\\/site\\\/\"},{\"@type\":\"ListItem\",\"position\":2,\"name\":\"Am\u00e9rico De Grazia denunci\u00f3 que mineros del estado Bol\u00edvar quedaron atrapados en la mina Santa Rita\"}]},{\"@type\":\"WebSite\",\"@id\":\"https:\\\/\\\/digital58.com.ve\\\/site\\\/#website\",\"url\":\"https:\\\/\\\/digital58.com.ve\\\/site\\\/\",\"name\":\"Noticias Digital58\",\"description\":\"Portal de Noticias \u00a1Periodismo web de verdad! Lanzamiento web 22.11.2005 \\\/ Maracaibo, Venezuela\",\"publisher\":{\"@id\":\"https:\\\/\\\/digital58.com.ve\\\/site\\\/#\\\/schema\\\/person\\\/64d1c2e4d0d4fd1b849980c4331c2951\"},\"alternateName\":\"ND58\",\"potentialAction\":[{\"@type\":\"SearchAction\",\"target\":{\"@type\":\"EntryPoint\",\"urlTemplate\":\"https:\\\/\\\/digital58.com.ve\\\/site\\\/?s={search_term_string}\"},\"query-input\":{\"@type\":\"PropertyValueSpecification\",\"valueRequired\":true,\"valueName\":\"search_term_string\"}}],\"inLanguage\":\"es\"},{\"@type\":[\"Person\",\"Organization\"],\"@id\":\"https:\\\/\\\/digital58.com.ve\\\/site\\\/#\\\/schema\\\/person\\\/64d1c2e4d0d4fd1b849980c4331c2951\",\"name\":\"Villasmil Henry\",\"image\":{\"@type\":\"ImageObject\",\"inLanguage\":\"es\",\"@id\":\"https:\\\/\\\/secure.gravatar.com\\\/avatar\\\/bb0c4a2fcb7970138239f7e404ea75757b1b507b28b5ce4c53fbd62d797c5a7c?s=96&d=mm&r=g\",\"url\":\"https:\\\/\\\/secure.gravatar.com\\\/avatar\\\/bb0c4a2fcb7970138239f7e404ea75757b1b507b28b5ce4c53fbd62d797c5a7c?s=96&d=mm&r=g\",\"contentUrl\":\"https:\\\/\\\/secure.gravatar.com\\\/avatar\\\/bb0c4a2fcb7970138239f7e404ea75757b1b507b28b5ce4c53fbd62d797c5a7c?s=96&d=mm&r=g\",\"caption\":\"Villasmil Henry\"},\"logo\":{\"@id\":\"https:\\\/\\\/secure.gravatar.com\\\/avatar\\\/bb0c4a2fcb7970138239f7e404ea75757b1b507b28b5ce4c53fbd62d797c5a7c?s=96&d=mm&r=g\"},\"sameAs\":[\"http:\\\/\\\/www.henryvillasmil.com.ve\",\"https:\\\/\\\/www.instagram.com\\\/villasmilhfoto\\\/\",\"https:\\\/\\\/x.com\\\/https:\\\/\\\/twitter.com\\\/villasmilhfoto\"]},{\"@type\":\"Person\",\"@id\":\"https:\\\/\\\/digital58.com.ve\\\/site\\\/#\\\/schema\\\/person\\\/c61667ce6845137620ee3f0aaabade17\",\"name\":\"Molero Luis\",\"image\":{\"@type\":\"ImageObject\",\"inLanguage\":\"es\",\"@id\":\"https:\\\/\\\/secure.gravatar.com\\\/avatar\\\/bf041ec637e3e7405449807deb2f7cf3d2de7c6fa755dd56e985201de9863f2b?s=96&d=mm&r=g\",\"url\":\"https:\\\/\\\/secure.gravatar.com\\\/avatar\\\/bf041ec637e3e7405449807deb2f7cf3d2de7c6fa755dd56e985201de9863f2b?s=96&d=mm&r=g\",\"contentUrl\":\"https:\\\/\\\/secure.gravatar.com\\\/avatar\\\/bf041ec637e3e7405449807deb2f7cf3d2de7c6fa755dd56e985201de9863f2b?s=96&d=mm&r=g\",\"caption\":\"Molero Luis\"},\"url\":\"https:\\\/\\\/digital58.com.ve\\\/site\\\/author\\\/luismolero\\\/\"}]}<\/script>\n<!-- \/ Yoast SEO plugin. -->","yoast_head_json":{"title":"Am\u00e9rico De Grazia denunci\u00f3 que mineros del estado Bol\u00edvar quedaron atrapados en la mina Santa Rita","robots":{"index":"index","follow":"follow","max-snippet":"max-snippet:-1","max-image-preview":"max-image-preview:large","max-video-preview":"max-video-preview:-1"},"canonical":"https:\/\/digital58.com.ve\/site\/2020\/06\/25\/americo-de-grazia-denuncio-que-mineros-del-estado-bolivar-quedaron-atrapados-en-la-mina-santa-rita\/","og_locale":"es_ES","og_type":"article","og_title":"Am\u00e9rico De Grazia denunci\u00f3 que mineros del estado Bol\u00edvar quedaron atrapados en la mina Santa Rita","og_url":"https:\/\/digital58.com.ve\/site\/2020\/06\/25\/americo-de-grazia-denuncio-que-mineros-del-estado-bolivar-quedaron-atrapados-en-la-mina-santa-rita\/","og_site_name":"Noticias Digital58","article_published_time":"2020-06-25T16:39:39+00:00","article_modified_time":"2020-06-25T22:33:59+00:00","og_image":[{"width":928,"height":619,"url":"https:\/\/digital58.com.ve\/site\/wp-content\/uploads\/2020\/06\/americo-grazia-denuncio-que-instagram-hija-fue-hackeado_258797.jpg","type":"image\/jpeg"}],"author":"Molero Luis","twitter_card":"summary_large_image","twitter_creator":"@Digital_58","twitter_site":"@villasmilhfoto","twitter_misc":{"Escrito por":"Molero Luis","Tiempo estimado de lectura":"1 minuto"},"schema":{"@context":"https:\/\/schema.org","@graph":[{"@type":"Article","@id":"https:\/\/digital58.com.ve\/site\/2020\/06\/25\/americo-de-grazia-denuncio-que-mineros-del-estado-bolivar-quedaron-atrapados-en-la-mina-santa-rita\/#article","isPartOf":{"@id":"https:\/\/digital58.com.ve\/site\/2020\/06\/25\/americo-de-grazia-denuncio-que-mineros-del-estado-bolivar-quedaron-atrapados-en-la-mina-santa-rita\/"},"author":{"name":"Molero Luis","@id":"https:\/\/digital58.com.ve\/site\/#\/schema\/person\/c61667ce6845137620ee3f0aaabade17"},"headline":"Am\u00e9rico De Grazia denunci\u00f3 que mineros del estado Bol\u00edvar quedaron atrapados en la mina Santa Rita","datePublished":"2020-06-25T16:39:39+00:00","dateModified":"2020-06-25T22:33:59+00:00","mainEntityOfPage":{"@id":"https:\/\/digital58.com.ve\/site\/2020\/06\/25\/americo-de-grazia-denuncio-que-mineros-del-estado-bolivar-quedaron-atrapados-en-la-mina-santa-rita\/"},"wordCount":260,"commentCount":0,"publisher":{"@id":"https:\/\/digital58.com.ve\/site\/#\/schema\/person\/64d1c2e4d0d4fd1b849980c4331c2951"},"image":{"@id":"https:\/\/digital58.com.ve\/site\/2020\/06\/25\/americo-de-grazia-denuncio-que-mineros-del-estado-bolivar-quedaron-atrapados-en-la-mina-santa-rita\/#primaryimage"},"thumbnailUrl":"https:\/\/digital58.com.ve\/site\/wp-content\/uploads\/2020\/06\/americo-grazia-denuncio-que-instagram-hija-fue-hackeado_258797.jpg","keywords":["Americo de Grazia","Estado Bol\u00edvar","Mineros","Nacionales"],"articleSection":["Venezuela"],"inLanguage":"es","potentialAction":[{"@type":"CommentAction","name":"Comment","target":["https:\/\/digital58.com.ve\/site\/2020\/06\/25\/americo-de-grazia-denuncio-que-mineros-del-estado-bolivar-quedaron-atrapados-en-la-mina-santa-rita\/#respond"]}]},{"@type":"WebPage","@id":"https:\/\/digital58.com.ve\/site\/2020\/06\/25\/americo-de-grazia-denuncio-que-mineros-del-estado-bolivar-quedaron-atrapados-en-la-mina-santa-rita\/","url":"https:\/\/digital58.com.ve\/site\/2020\/06\/25\/americo-de-grazia-denuncio-que-mineros-del-estado-bolivar-quedaron-atrapados-en-la-mina-santa-rita\/","name":"Am\u00e9rico De Grazia denunci\u00f3 que mineros del estado Bol\u00edvar quedaron atrapados en la mina Santa Rita","isPartOf":{"@id":"https:\/\/digital58.com.ve\/site\/#website"},"primaryImageOfPage":{"@id":"https:\/\/digital58.com.ve\/site\/2020\/06\/25\/americo-de-grazia-denuncio-que-mineros-del-estado-bolivar-quedaron-atrapados-en-la-mina-santa-rita\/#primaryimage"},"image":{"@id":"https:\/\/digital58.com.ve\/site\/2020\/06\/25\/americo-de-grazia-denuncio-que-mineros-del-estado-bolivar-quedaron-atrapados-en-la-mina-santa-rita\/#primaryimage"},"thumbnailUrl":"https:\/\/digital58.com.ve\/site\/wp-content\/uploads\/2020\/06\/americo-grazia-denuncio-que-instagram-hija-fue-hackeado_258797.jpg","datePublished":"2020-06-25T16:39:39+00:00","dateModified":"2020-06-25T22:33:59+00:00","breadcrumb":{"@id":"https:\/\/digital58.com.ve\/site\/2020\/06\/25\/americo-de-grazia-denuncio-que-mineros-del-estado-bolivar-quedaron-atrapados-en-la-mina-santa-rita\/#breadcrumb"},"inLanguage":"es","potentialAction":[{"@type":"ReadAction","target":["https:\/\/digital58.com.ve\/site\/2020\/06\/25\/americo-de-grazia-denuncio-que-mineros-del-estado-bolivar-quedaron-atrapados-en-la-mina-santa-rita\/"]}]},{"@type":"ImageObject","inLanguage":"es","@id":"https:\/\/digital58.com.ve\/site\/2020\/06\/25\/americo-de-grazia-denuncio-que-mineros-del-estado-bolivar-quedaron-atrapados-en-la-mina-santa-rita\/#primaryimage","url":"https:\/\/digital58.com.ve\/site\/wp-content\/uploads\/2020\/06\/americo-grazia-denuncio-que-instagram-hija-fue-hackeado_258797.jpg","contentUrl":"https:\/\/digital58.com.ve\/site\/wp-content\/uploads\/2020\/06\/americo-grazia-denuncio-que-instagram-hija-fue-hackeado_258797.jpg","width":800,"height":534},{"@type":"BreadcrumbList","@id":"https:\/\/digital58.com.ve\/site\/2020\/06\/25\/americo-de-grazia-denuncio-que-mineros-del-estado-bolivar-quedaron-atrapados-en-la-mina-santa-rita\/#breadcrumb","itemListElement":[{"@type":"ListItem","position":1,"name":"Home","item":"https:\/\/digital58.com.ve\/site\/"},{"@type":"ListItem","position":2,"name":"Am\u00e9rico De Grazia denunci\u00f3 que mineros del estado Bol\u00edvar quedaron atrapados en la mina Santa Rita"}]},{"@type":"WebSite","@id":"https:\/\/digital58.com.ve\/site\/#website","url":"https:\/\/digital58.com.ve\/site\/","name":"Noticias Digital58","description":"Portal de Noticias \u00a1Periodismo web de verdad! Lanzamiento web 22.11.2005 \/ Maracaibo, Venezuela","publisher":{"@id":"https:\/\/digital58.com.ve\/site\/#\/schema\/person\/64d1c2e4d0d4fd1b849980c4331c2951"},"alternateName":"ND58","potentialAction":[{"@type":"SearchAction","target":{"@type":"EntryPoint","urlTemplate":"https:\/\/digital58.com.ve\/site\/?s={search_term_string}"},"query-input":{"@type":"PropertyValueSpecification","valueRequired":true,"valueName":"search_term_string"}}],"inLanguage":"es"},{"@type":["Person","Organization"],"@id":"https:\/\/digital58.com.ve\/site\/#\/schema\/person\/64d1c2e4d0d4fd1b849980c4331c2951","name":"Villasmil Henry","image":{"@type":"ImageObject","inLanguage":"es","@id":"https:\/\/secure.gravatar.com\/avatar\/bb0c4a2fcb7970138239f7e404ea75757b1b507b28b5ce4c53fbd62d797c5a7c?s=96&d=mm&r=g","url":"https:\/\/secure.gravatar.com\/avatar\/bb0c4a2fcb7970138239f7e404ea75757b1b507b28b5ce4c53fbd62d797c5a7c?s=96&d=mm&r=g","contentUrl":"https:\/\/secure.gravatar.com\/avatar\/bb0c4a2fcb7970138239f7e404ea75757b1b507b28b5ce4c53fbd62d797c5a7c?s=96&d=mm&r=g","caption":"Villasmil Henry"},"logo":{"@id":"https:\/\/secure.gravatar.com\/avatar\/bb0c4a2fcb7970138239f7e404ea75757b1b507b28b5ce4c53fbd62d797c5a7c?s=96&d=mm&r=g"},"sameAs":["http:\/\/www.henryvillasmil.com.ve","https:\/\/www.instagram.com\/villasmilhfoto\/","https:\/\/x.com\/https:\/\/twitter.com\/villasmilhfoto"]},{"@type":"Person","@id":"https:\/\/digital58.com.ve\/site\/#\/schema\/person\/c61667ce6845137620ee3f0aaabade17","name":"Molero Luis","image":{"@type":"ImageObject","inLanguage":"es","@id":"https:\/\/secure.gravatar.com\/avatar\/bf041ec637e3e7405449807deb2f7cf3d2de7c6fa755dd56e985201de9863f2b?s=96&d=mm&r=g","url":"https:\/\/secure.gravatar.com\/avatar\/bf041ec637e3e7405449807deb2f7cf3d2de7c6fa755dd56e985201de9863f2b?s=96&d=mm&r=g","contentUrl":"https:\/\/secure.gravatar.com\/avatar\/bf041ec637e3e7405449807deb2f7cf3d2de7c6fa755dd56e985201de9863f2b?s=96&d=mm&r=g","caption":"Molero Luis"},"url":"https:\/\/digital58.com.ve\/site\/author\/luismolero\/"}]}},"uagb_featured_image_src":{"full":["https:\/\/digital58.com.ve\/site\/wp-content\/uploads\/2020\/06\/americo-grazia-denuncio-que-instagram-hija-fue-hackeado_258797.jpg",800,534,false],"thumbnail":["https:\/\/digital58.com.ve\/site\/wp-content\/uploads\/2020\/06\/americo-grazia-denuncio-que-instagram-hija-fue-hackeado_258797-150x150.jpg",150,150,true],"medium":["https:\/\/digital58.com.ve\/site\/wp-content\/uploads\/2020\/06\/americo-grazia-denuncio-que-instagram-hija-fue-hackeado_258797-300x200.jpg",300,200,true],"medium_large":["https:\/\/digital58.com.ve\/site\/wp-content\/uploads\/2020\/06\/americo-grazia-denuncio-que-instagram-hija-fue-hackeado_258797-768x512.jpg",768,512,true],"large":["https:\/\/digital58.com.ve\/site\/wp-content\/uploads\/2020\/06\/americo-grazia-denuncio-que-instagram-hija-fue-hackeado_258797.jpg",800,534,false],"1536x1536":["https:\/\/digital58.com.ve\/site\/wp-content\/uploads\/2020\/06\/americo-grazia-denuncio-que-instagram-hija-fue-hackeado_258797.jpg",800,534,false],"2048x2048":["https:\/\/digital58.com.ve\/site\/wp-content\/uploads\/2020\/06\/americo-grazia-denuncio-que-instagram-hija-fue-hackeado_258797.jpg",800,534,false],"colormag-highlighted-post":["https:\/\/digital58.com.ve\/site\/wp-content\/uploads\/2020\/06\/americo-grazia-denuncio-que-instagram-hija-fue-hackeado_258797.jpg",392,262,false],"colormag-featured-post-medium":["https:\/\/digital58.com.ve\/site\/wp-content\/uploads\/2020\/06\/americo-grazia-denuncio-que-instagram-hija-fue-hackeado_258797.jpg",307,205,false],"colormag-featured-post-small":["https:\/\/digital58.com.ve\/site\/wp-content\/uploads\/2020\/06\/americo-grazia-denuncio-que-instagram-hija-fue-hackeado_258797.jpg",130,87,false],"colormag-featured-image":["https:\/\/digital58.com.ve\/site\/wp-content\/uploads\/2020\/06\/americo-grazia-denuncio-que-instagram-hija-fue-hackeado_258797.jpg",667,445,false],"colormag-default-news":["https:\/\/digital58.com.ve\/site\/wp-content\/uploads\/2020\/06\/americo-grazia-denuncio-que-instagram-hija-fue-hackeado_258797.jpg",150,100,false],"colormag-featured-image-large":["https:\/\/digital58.com.ve\/site\/wp-content\/uploads\/2020\/06\/americo-grazia-denuncio-que-instagram-hija-fue-hackeado_258797.jpg",800,534,false]},"uagb_author_info":{"display_name":"Molero Luis","author_link":"https:\/\/digital58.com.ve\/site\/author\/luismolero\/"},"uagb_comment_info":0,"uagb_excerpt":"La entrada de la mina habr\u00eda sido cerrada por efectivos militares este mi\u00e9rcoles al mediod\u00eda. La orden la dio el","_links":{"self":[{"href":"https:\/\/digital58.com.ve\/site\/wp-json\/wp\/v2\/posts\/108517","targetHints":{"allow":["GET"]}}],"collection":[{"href":"https:\/\/digital58.com.ve\/site\/wp-json\/wp\/v2\/posts"}],"about":[{"href":"https:\/\/digital58.com.ve\/site\/wp-json\/wp\/v2\/types\/post"}],"author":[{"embeddable":true,"href":"https:\/\/digital58.com.ve\/site\/wp-json\/wp\/v2\/users\/26"}],"replies":[{"embeddable":true,"href":"https:\/\/digital58.com.ve\/site\/wp-json\/wp\/v2\/comments?post=108517"}],"version-history":[{"count":0,"href":"https:\/\/digital58.com.ve\/site\/wp-json\/wp\/v2\/posts\/108517\/revisions"}],"wp:featuredmedia":[{"embeddable":true,"href":"https:\/\/digital58.com.ve\/site\/wp-json\/wp\/v2\/media\/108519"}],"wp:attachment":[{"href":"https:\/\/digital58.com.ve\/site\/wp-json\/wp\/v2\/media?parent=108517"}],"wp:term":[{"taxonomy":"category","embeddable":true,"href":"https:\/\/digital58.com.ve\/site\/wp-json\/wp\/v2\/categories?post=108517"},{"taxonomy":"post_tag","embeddable":true,"href":"https:\/\/digital58.com.ve\/site\/wp-json\/wp\/v2\/tags?post=108517"}],"curies":[{"name":"wp","href":"https:\/\/api.w.org\/{rel}","templated":true}]}}