{"id":109254,"date":"2020-06-27T19:43:48","date_gmt":"2020-06-27T23:43:48","guid":{"rendered":"https:\/\/digital58.com.ve\/site\/?p=109254"},"modified":"2020-06-27T20:12:02","modified_gmt":"2020-06-28T00:12:02","slug":"en-las-ultimas-24-horas-venezuela-registro-un-fallecido-y-351-nuevos-casos-de-covid-19","status":"publish","type":"post","link":"https:\/\/digital58.com.ve\/site\/2020\/06\/27\/en-las-ultimas-24-horas-venezuela-registro-un-fallecido-y-351-nuevos-casos-de-covid-19\/","title":{"rendered":"Venezuela registra r\u00e9cord por COVID-19 con 351 nuevos casos en un d\u00eda"},"content":{"rendered":"<p><img loading=\"lazy\" decoding=\"async\" class=\"aligncenter wp-image-109255 size-full\" src=\"https:\/\/digital58.com.ve\/site\/wp-content\/uploads\/2020\/06\/coronavirus-maracaibo.jpg\" alt=\"\" width=\"608\" height=\"405\" srcset=\"https:\/\/digital58.com.ve\/site\/wp-content\/uploads\/2020\/06\/coronavirus-maracaibo.jpg 608w, https:\/\/digital58.com.ve\/site\/wp-content\/uploads\/2020\/06\/coronavirus-maracaibo-300x200.jpg 300w, https:\/\/digital58.com.ve\/site\/wp-content\/uploads\/2020\/06\/coronavirus-maracaibo-480x320.jpg 480w\" sizes=\"auto, (max-width: 608px) 100vw, 608px\" \/><\/p>\n<p>En las \u00faltimas 24 horas solo se ha registrado un fallecido por el coronavirus SARS-CoV2. A la fecha en Venezuela se han realizado 1.219.651 pruebas r\u00e1pidas lo que equivale a 40.655 por cada mill\u00f3n de habitantes.<\/p>\n<p><strong>Caracas, Venezuela 27 de junio 2020 (ND58).-<\/strong> \u00a0\u00a0La viceministra Delcy Rodr\u00edguez \u00a0inform\u00f3 que en las \u00faltimas 24 horas se registr\u00f3 un fallecido y \u00a0351 nuevos casos de COVID-19 en el pa\u00eds, de los nuevos casos 249 son por transmisi\u00f3n comunitaria y 101 casos son importados, as\u00ed como tambi\u00e9n un caso por contacto con viajeros internacionales. La cifra total de contagiados subi\u00f3 a 5130 casos. La cifra de decesos se ubica en 42 fallecidos.<\/p>\n<p>Rodr\u00edguez \u00a0dej\u00f3 saber que de los 102 casos importados 82 son procedentes de Colombia, 16 de Brasil, tres de Ecuador y un caso por contacto viajeros internacionales.<\/p>\n<p><strong>Los casos por trasmisi\u00f3n comunitaria est\u00e1n distribuidos 142 en el Zulia<\/strong>, 19 Miranda, 11 M\u00e9rida, 19 Bolivar, 34 Distrito Capital, 14 Sucre, tres Yaracuy, dos Monagas, un caso en Lara y un caso en Anzo\u00e1tegui.<\/p>\n<p>Rodr\u00edguez extendi\u00f3 las condolencias a los familiares del m\u00e9dico fallecido del estado M\u00e9rida.<\/p>\n<p>A la fecha en Venezuela se han realizado 1.219.651 pruebas r\u00e1pidas lo que equivale a 40.655 por cada mill\u00f3n de habitantes.<\/p><div class=\"dckef69f2261e9017c\" ><p style=\"text-align: center;\"><a href=\"https:\/\/t.me\/noticiasdigital58\" target=\"_blank\" rel=\"noopener\"><img class=\"aligncenter size-full wp-image-125363\" src=\"https:\/\/digital58.com.ve\/site\/wp-content\/uploads\/2021\/04\/banner-telegram-web-2021.png\" alt=\"\" width=\"600\" height=\"90\" \/><\/a><\/p><\/div><style type=\"text\/css\">\r\n@media screen and (min-width: 1201px) {\r\n.dckef69f2261e9017c {\r\ndisplay: block;\r\n}\r\n}\r\n@media screen and (min-width: 993px) and (max-width: 1200px) {\r\n.dckef69f2261e9017c {\r\ndisplay: block;\r\n}\r\n}\r\n@media screen and (min-width: 769px) and (max-width: 992px) {\r\n.dckef69f2261e9017c {\r\ndisplay: block;\r\n}\r\n}\r\n@media screen and (min-width: 768px) and (max-width: 768px) {\r\n.dckef69f2261e9017c {\r\ndisplay: block;\r\n}\r\n}\r\n@media screen and (max-width: 767px) {\r\n.dckef69f2261e9017c {\r\ndisplay: block;\r\n}\r\n}\r\n<\/style>\r\n\n<p><strong>Redacci\u00f3n: Molero, Luis\u00a0 (@Moleromarquez)<br \/>\nEdici\u00f3n: Villasmil, Henry; Ch\u00e1vez, Marian<br \/>\nGr\u00e1ficas: Cortes\u00eda<\/strong><\/p>\n<div style=\"margin-top: 0px; margin-bottom: 0px;\" class=\"sharethis-inline-share-buttons\" ><\/div>","protected":false},"excerpt":{"rendered":"<p>En las \u00faltimas 24 horas solo se ha registrado un fallecido por el coronavirus SARS-CoV2. A la fecha en Venezuela<\/p>\n","protected":false},"author":26,"featured_media":109256,"comment_status":"open","ping_status":"closed","sticky":false,"template":"","format":"standard","meta":{"colormag_page_container_layout":"default_layout","colormag_page_sidebar_layout":"default_layout","_uag_custom_page_level_css":"","footnotes":""},"categories":[16454],"tags":[16567,13352,13648,233,32,16566],"class_list":["post-109254","post","type-post","status-publish","format-standard","has-post-thumbnail","hentry","category-venezuela","tag-351-casos","tag-coronavirus","tag-covid-19","tag-nacionales","tag-venezuela","tag-viceministra-delcy-rodriguez"],"yoast_head":"<!-- This site is optimized with the Yoast SEO plugin v27.5 - https:\/\/yoast.com\/product\/yoast-seo-wordpress\/ -->\n<title>Venezuela registra r\u00e9cord por COVID-19 con 351 nuevos casos en un d\u00eda<\/title>\n<meta name=\"description\" content=\"Venezuela\" \/>\n<meta name=\"robots\" content=\"index, follow, max-snippet:-1, max-image-preview:large, max-video-preview:-1\" \/>\n<link rel=\"canonical\" href=\"https:\/\/digital58.com.ve\/site\/2020\/06\/27\/en-las-ultimas-24-horas-venezuela-registro-un-fallecido-y-351-nuevos-casos-de-covid-19\/\" \/>\n<meta property=\"og:locale\" content=\"es_ES\" \/>\n<meta property=\"og:type\" content=\"article\" \/>\n<meta property=\"og:title\" content=\"Venezuela registra r\u00e9cord por COVID-19 con 351 nuevos casos en un d\u00eda\" \/>\n<meta property=\"og:description\" content=\"Venezuela\" \/>\n<meta property=\"og:url\" content=\"https:\/\/digital58.com.ve\/site\/2020\/06\/27\/en-las-ultimas-24-horas-venezuela-registro-un-fallecido-y-351-nuevos-casos-de-covid-19\/\" \/>\n<meta property=\"og:site_name\" content=\"Noticias Digital58\" \/>\n<meta property=\"article:published_time\" content=\"2020-06-27T23:43:48+00:00\" \/>\n<meta property=\"article:modified_time\" content=\"2020-06-28T00:12:02+00:00\" \/>\n<meta property=\"og:image\" content=\"https:\/\/digital58.com.ve\/site\/wp-content\/uploads\/2020\/06\/WhatsApp-Image-2020-03-24-at-16.56.49-1-1200x1200-1.jpeg\" \/>\n\t<meta property=\"og:image:width\" content=\"1080\" \/>\n\t<meta property=\"og:image:height\" content=\"720\" \/>\n\t<meta property=\"og:image:type\" content=\"image\/jpeg\" \/>\n<meta name=\"author\" content=\"Molero Luis\" \/>\n<meta name=\"twitter:card\" content=\"summary_large_image\" \/>\n<meta name=\"twitter:creator\" content=\"@Digital_58\" \/>\n<meta name=\"twitter:site\" content=\"@villasmilhfoto\" \/>\n<meta name=\"twitter:label1\" content=\"Escrito por\" \/>\n\t<meta name=\"twitter:data1\" content=\"Molero Luis\" \/>\n\t<meta name=\"twitter:label2\" content=\"Tiempo estimado de lectura\" \/>\n\t<meta name=\"twitter:data2\" content=\"1 minuto\" \/>\n<script type=\"application\/ld+json\" class=\"yoast-schema-graph\">{\"@context\":\"https:\\\/\\\/schema.org\",\"@graph\":[{\"@type\":\"Article\",\"@id\":\"https:\\\/\\\/digital58.com.ve\\\/site\\\/2020\\\/06\\\/27\\\/en-las-ultimas-24-horas-venezuela-registro-un-fallecido-y-351-nuevos-casos-de-covid-19\\\/#article\",\"isPartOf\":{\"@id\":\"https:\\\/\\\/digital58.com.ve\\\/site\\\/2020\\\/06\\\/27\\\/en-las-ultimas-24-horas-venezuela-registro-un-fallecido-y-351-nuevos-casos-de-covid-19\\\/\"},\"author\":{\"name\":\"Molero Luis\",\"@id\":\"https:\\\/\\\/digital58.com.ve\\\/site\\\/#\\\/schema\\\/person\\\/c61667ce6845137620ee3f0aaabade17\"},\"headline\":\"Venezuela registra r\u00e9cord por COVID-19 con 351 nuevos casos en un d\u00eda\",\"datePublished\":\"2020-06-27T23:43:48+00:00\",\"dateModified\":\"2020-06-28T00:12:02+00:00\",\"mainEntityOfPage\":{\"@id\":\"https:\\\/\\\/digital58.com.ve\\\/site\\\/2020\\\/06\\\/27\\\/en-las-ultimas-24-horas-venezuela-registro-un-fallecido-y-351-nuevos-casos-de-covid-19\\\/\"},\"wordCount\":229,\"commentCount\":0,\"publisher\":{\"@id\":\"https:\\\/\\\/digital58.com.ve\\\/site\\\/#\\\/schema\\\/person\\\/64d1c2e4d0d4fd1b849980c4331c2951\"},\"image\":{\"@id\":\"https:\\\/\\\/digital58.com.ve\\\/site\\\/2020\\\/06\\\/27\\\/en-las-ultimas-24-horas-venezuela-registro-un-fallecido-y-351-nuevos-casos-de-covid-19\\\/#primaryimage\"},\"thumbnailUrl\":\"https:\\\/\\\/digital58.com.ve\\\/site\\\/wp-content\\\/uploads\\\/2020\\\/06\\\/WhatsApp-Image-2020-03-24-at-16.56.49-1-1200x1200-1.jpeg\",\"keywords\":[\"351 casos\",\"Coronavirus\",\"COVID-19\",\"Nacionales\",\"Venezuela\",\"Viceministra Delcy Rodr\u00edguez\"],\"articleSection\":[\"Venezuela\"],\"inLanguage\":\"es\",\"potentialAction\":[{\"@type\":\"CommentAction\",\"name\":\"Comment\",\"target\":[\"https:\\\/\\\/digital58.com.ve\\\/site\\\/2020\\\/06\\\/27\\\/en-las-ultimas-24-horas-venezuela-registro-un-fallecido-y-351-nuevos-casos-de-covid-19\\\/#respond\"]}]},{\"@type\":\"WebPage\",\"@id\":\"https:\\\/\\\/digital58.com.ve\\\/site\\\/2020\\\/06\\\/27\\\/en-las-ultimas-24-horas-venezuela-registro-un-fallecido-y-351-nuevos-casos-de-covid-19\\\/\",\"url\":\"https:\\\/\\\/digital58.com.ve\\\/site\\\/2020\\\/06\\\/27\\\/en-las-ultimas-24-horas-venezuela-registro-un-fallecido-y-351-nuevos-casos-de-covid-19\\\/\",\"name\":\"Venezuela registra r\u00e9cord por COVID-19 con 351 nuevos casos en un d\u00eda\",\"isPartOf\":{\"@id\":\"https:\\\/\\\/digital58.com.ve\\\/site\\\/#website\"},\"primaryImageOfPage\":{\"@id\":\"https:\\\/\\\/digital58.com.ve\\\/site\\\/2020\\\/06\\\/27\\\/en-las-ultimas-24-horas-venezuela-registro-un-fallecido-y-351-nuevos-casos-de-covid-19\\\/#primaryimage\"},\"image\":{\"@id\":\"https:\\\/\\\/digital58.com.ve\\\/site\\\/2020\\\/06\\\/27\\\/en-las-ultimas-24-horas-venezuela-registro-un-fallecido-y-351-nuevos-casos-de-covid-19\\\/#primaryimage\"},\"thumbnailUrl\":\"https:\\\/\\\/digital58.com.ve\\\/site\\\/wp-content\\\/uploads\\\/2020\\\/06\\\/WhatsApp-Image-2020-03-24-at-16.56.49-1-1200x1200-1.jpeg\",\"datePublished\":\"2020-06-27T23:43:48+00:00\",\"dateModified\":\"2020-06-28T00:12:02+00:00\",\"description\":\"Venezuela\",\"breadcrumb\":{\"@id\":\"https:\\\/\\\/digital58.com.ve\\\/site\\\/2020\\\/06\\\/27\\\/en-las-ultimas-24-horas-venezuela-registro-un-fallecido-y-351-nuevos-casos-de-covid-19\\\/#breadcrumb\"},\"inLanguage\":\"es\",\"potentialAction\":[{\"@type\":\"ReadAction\",\"target\":[\"https:\\\/\\\/digital58.com.ve\\\/site\\\/2020\\\/06\\\/27\\\/en-las-ultimas-24-horas-venezuela-registro-un-fallecido-y-351-nuevos-casos-de-covid-19\\\/\"]}]},{\"@type\":\"ImageObject\",\"inLanguage\":\"es\",\"@id\":\"https:\\\/\\\/digital58.com.ve\\\/site\\\/2020\\\/06\\\/27\\\/en-las-ultimas-24-horas-venezuela-registro-un-fallecido-y-351-nuevos-casos-de-covid-19\\\/#primaryimage\",\"url\":\"https:\\\/\\\/digital58.com.ve\\\/site\\\/wp-content\\\/uploads\\\/2020\\\/06\\\/WhatsApp-Image-2020-03-24-at-16.56.49-1-1200x1200-1.jpeg\",\"contentUrl\":\"https:\\\/\\\/digital58.com.ve\\\/site\\\/wp-content\\\/uploads\\\/2020\\\/06\\\/WhatsApp-Image-2020-03-24-at-16.56.49-1-1200x1200-1.jpeg\",\"width\":1080,\"height\":720},{\"@type\":\"BreadcrumbList\",\"@id\":\"https:\\\/\\\/digital58.com.ve\\\/site\\\/2020\\\/06\\\/27\\\/en-las-ultimas-24-horas-venezuela-registro-un-fallecido-y-351-nuevos-casos-de-covid-19\\\/#breadcrumb\",\"itemListElement\":[{\"@type\":\"ListItem\",\"position\":1,\"name\":\"Home\",\"item\":\"https:\\\/\\\/digital58.com.ve\\\/site\\\/\"},{\"@type\":\"ListItem\",\"position\":2,\"name\":\"Venezuela registra r\u00e9cord por COVID-19 con 351 nuevos casos en un d\u00eda\"}]},{\"@type\":\"WebSite\",\"@id\":\"https:\\\/\\\/digital58.com.ve\\\/site\\\/#website\",\"url\":\"https:\\\/\\\/digital58.com.ve\\\/site\\\/\",\"name\":\"Noticias Digital58\",\"description\":\"Portal de Noticias \u00a1Periodismo web de verdad! Lanzamiento web 22.11.2005 \\\/ Maracaibo, Venezuela\",\"publisher\":{\"@id\":\"https:\\\/\\\/digital58.com.ve\\\/site\\\/#\\\/schema\\\/person\\\/64d1c2e4d0d4fd1b849980c4331c2951\"},\"alternateName\":\"ND58\",\"potentialAction\":[{\"@type\":\"SearchAction\",\"target\":{\"@type\":\"EntryPoint\",\"urlTemplate\":\"https:\\\/\\\/digital58.com.ve\\\/site\\\/?s={search_term_string}\"},\"query-input\":{\"@type\":\"PropertyValueSpecification\",\"valueRequired\":true,\"valueName\":\"search_term_string\"}}],\"inLanguage\":\"es\"},{\"@type\":[\"Person\",\"Organization\"],\"@id\":\"https:\\\/\\\/digital58.com.ve\\\/site\\\/#\\\/schema\\\/person\\\/64d1c2e4d0d4fd1b849980c4331c2951\",\"name\":\"Villasmil Henry\",\"image\":{\"@type\":\"ImageObject\",\"inLanguage\":\"es\",\"@id\":\"https:\\\/\\\/secure.gravatar.com\\\/avatar\\\/bb0c4a2fcb7970138239f7e404ea75757b1b507b28b5ce4c53fbd62d797c5a7c?s=96&d=mm&r=g\",\"url\":\"https:\\\/\\\/secure.gravatar.com\\\/avatar\\\/bb0c4a2fcb7970138239f7e404ea75757b1b507b28b5ce4c53fbd62d797c5a7c?s=96&d=mm&r=g\",\"contentUrl\":\"https:\\\/\\\/secure.gravatar.com\\\/avatar\\\/bb0c4a2fcb7970138239f7e404ea75757b1b507b28b5ce4c53fbd62d797c5a7c?s=96&d=mm&r=g\",\"caption\":\"Villasmil Henry\"},\"logo\":{\"@id\":\"https:\\\/\\\/secure.gravatar.com\\\/avatar\\\/bb0c4a2fcb7970138239f7e404ea75757b1b507b28b5ce4c53fbd62d797c5a7c?s=96&d=mm&r=g\"},\"sameAs\":[\"http:\\\/\\\/www.henryvillasmil.com.ve\",\"https:\\\/\\\/www.instagram.com\\\/villasmilhfoto\\\/\",\"https:\\\/\\\/x.com\\\/https:\\\/\\\/twitter.com\\\/villasmilhfoto\"]},{\"@type\":\"Person\",\"@id\":\"https:\\\/\\\/digital58.com.ve\\\/site\\\/#\\\/schema\\\/person\\\/c61667ce6845137620ee3f0aaabade17\",\"name\":\"Molero Luis\",\"image\":{\"@type\":\"ImageObject\",\"inLanguage\":\"es\",\"@id\":\"https:\\\/\\\/secure.gravatar.com\\\/avatar\\\/bf041ec637e3e7405449807deb2f7cf3d2de7c6fa755dd56e985201de9863f2b?s=96&d=mm&r=g\",\"url\":\"https:\\\/\\\/secure.gravatar.com\\\/avatar\\\/bf041ec637e3e7405449807deb2f7cf3d2de7c6fa755dd56e985201de9863f2b?s=96&d=mm&r=g\",\"contentUrl\":\"https:\\\/\\\/secure.gravatar.com\\\/avatar\\\/bf041ec637e3e7405449807deb2f7cf3d2de7c6fa755dd56e985201de9863f2b?s=96&d=mm&r=g\",\"caption\":\"Molero Luis\"},\"url\":\"https:\\\/\\\/digital58.com.ve\\\/site\\\/author\\\/luismolero\\\/\"}]}<\/script>\n<!-- \/ Yoast SEO plugin. -->","yoast_head_json":{"title":"Venezuela registra r\u00e9cord por COVID-19 con 351 nuevos casos en un d\u00eda","description":"Venezuela","robots":{"index":"index","follow":"follow","max-snippet":"max-snippet:-1","max-image-preview":"max-image-preview:large","max-video-preview":"max-video-preview:-1"},"canonical":"https:\/\/digital58.com.ve\/site\/2020\/06\/27\/en-las-ultimas-24-horas-venezuela-registro-un-fallecido-y-351-nuevos-casos-de-covid-19\/","og_locale":"es_ES","og_type":"article","og_title":"Venezuela registra r\u00e9cord por COVID-19 con 351 nuevos casos en un d\u00eda","og_description":"Venezuela","og_url":"https:\/\/digital58.com.ve\/site\/2020\/06\/27\/en-las-ultimas-24-horas-venezuela-registro-un-fallecido-y-351-nuevos-casos-de-covid-19\/","og_site_name":"Noticias Digital58","article_published_time":"2020-06-27T23:43:48+00:00","article_modified_time":"2020-06-28T00:12:02+00:00","og_image":[{"width":1080,"height":720,"url":"https:\/\/digital58.com.ve\/site\/wp-content\/uploads\/2020\/06\/WhatsApp-Image-2020-03-24-at-16.56.49-1-1200x1200-1.jpeg","type":"image\/jpeg"}],"author":"Molero Luis","twitter_card":"summary_large_image","twitter_creator":"@Digital_58","twitter_site":"@villasmilhfoto","twitter_misc":{"Escrito por":"Molero Luis","Tiempo estimado de lectura":"1 minuto"},"schema":{"@context":"https:\/\/schema.org","@graph":[{"@type":"Article","@id":"https:\/\/digital58.com.ve\/site\/2020\/06\/27\/en-las-ultimas-24-horas-venezuela-registro-un-fallecido-y-351-nuevos-casos-de-covid-19\/#article","isPartOf":{"@id":"https:\/\/digital58.com.ve\/site\/2020\/06\/27\/en-las-ultimas-24-horas-venezuela-registro-un-fallecido-y-351-nuevos-casos-de-covid-19\/"},"author":{"name":"Molero Luis","@id":"https:\/\/digital58.com.ve\/site\/#\/schema\/person\/c61667ce6845137620ee3f0aaabade17"},"headline":"Venezuela registra r\u00e9cord por COVID-19 con 351 nuevos casos en un d\u00eda","datePublished":"2020-06-27T23:43:48+00:00","dateModified":"2020-06-28T00:12:02+00:00","mainEntityOfPage":{"@id":"https:\/\/digital58.com.ve\/site\/2020\/06\/27\/en-las-ultimas-24-horas-venezuela-registro-un-fallecido-y-351-nuevos-casos-de-covid-19\/"},"wordCount":229,"commentCount":0,"publisher":{"@id":"https:\/\/digital58.com.ve\/site\/#\/schema\/person\/64d1c2e4d0d4fd1b849980c4331c2951"},"image":{"@id":"https:\/\/digital58.com.ve\/site\/2020\/06\/27\/en-las-ultimas-24-horas-venezuela-registro-un-fallecido-y-351-nuevos-casos-de-covid-19\/#primaryimage"},"thumbnailUrl":"https:\/\/digital58.com.ve\/site\/wp-content\/uploads\/2020\/06\/WhatsApp-Image-2020-03-24-at-16.56.49-1-1200x1200-1.jpeg","keywords":["351 casos","Coronavirus","COVID-19","Nacionales","Venezuela","Viceministra Delcy Rodr\u00edguez"],"articleSection":["Venezuela"],"inLanguage":"es","potentialAction":[{"@type":"CommentAction","name":"Comment","target":["https:\/\/digital58.com.ve\/site\/2020\/06\/27\/en-las-ultimas-24-horas-venezuela-registro-un-fallecido-y-351-nuevos-casos-de-covid-19\/#respond"]}]},{"@type":"WebPage","@id":"https:\/\/digital58.com.ve\/site\/2020\/06\/27\/en-las-ultimas-24-horas-venezuela-registro-un-fallecido-y-351-nuevos-casos-de-covid-19\/","url":"https:\/\/digital58.com.ve\/site\/2020\/06\/27\/en-las-ultimas-24-horas-venezuela-registro-un-fallecido-y-351-nuevos-casos-de-covid-19\/","name":"Venezuela registra r\u00e9cord por COVID-19 con 351 nuevos casos en un d\u00eda","isPartOf":{"@id":"https:\/\/digital58.com.ve\/site\/#website"},"primaryImageOfPage":{"@id":"https:\/\/digital58.com.ve\/site\/2020\/06\/27\/en-las-ultimas-24-horas-venezuela-registro-un-fallecido-y-351-nuevos-casos-de-covid-19\/#primaryimage"},"image":{"@id":"https:\/\/digital58.com.ve\/site\/2020\/06\/27\/en-las-ultimas-24-horas-venezuela-registro-un-fallecido-y-351-nuevos-casos-de-covid-19\/#primaryimage"},"thumbnailUrl":"https:\/\/digital58.com.ve\/site\/wp-content\/uploads\/2020\/06\/WhatsApp-Image-2020-03-24-at-16.56.49-1-1200x1200-1.jpeg","datePublished":"2020-06-27T23:43:48+00:00","dateModified":"2020-06-28T00:12:02+00:00","description":"Venezuela","breadcrumb":{"@id":"https:\/\/digital58.com.ve\/site\/2020\/06\/27\/en-las-ultimas-24-horas-venezuela-registro-un-fallecido-y-351-nuevos-casos-de-covid-19\/#breadcrumb"},"inLanguage":"es","potentialAction":[{"@type":"ReadAction","target":["https:\/\/digital58.com.ve\/site\/2020\/06\/27\/en-las-ultimas-24-horas-venezuela-registro-un-fallecido-y-351-nuevos-casos-de-covid-19\/"]}]},{"@type":"ImageObject","inLanguage":"es","@id":"https:\/\/digital58.com.ve\/site\/2020\/06\/27\/en-las-ultimas-24-horas-venezuela-registro-un-fallecido-y-351-nuevos-casos-de-covid-19\/#primaryimage","url":"https:\/\/digital58.com.ve\/site\/wp-content\/uploads\/2020\/06\/WhatsApp-Image-2020-03-24-at-16.56.49-1-1200x1200-1.jpeg","contentUrl":"https:\/\/digital58.com.ve\/site\/wp-content\/uploads\/2020\/06\/WhatsApp-Image-2020-03-24-at-16.56.49-1-1200x1200-1.jpeg","width":1080,"height":720},{"@type":"BreadcrumbList","@id":"https:\/\/digital58.com.ve\/site\/2020\/06\/27\/en-las-ultimas-24-horas-venezuela-registro-un-fallecido-y-351-nuevos-casos-de-covid-19\/#breadcrumb","itemListElement":[{"@type":"ListItem","position":1,"name":"Home","item":"https:\/\/digital58.com.ve\/site\/"},{"@type":"ListItem","position":2,"name":"Venezuela registra r\u00e9cord por COVID-19 con 351 nuevos casos en un d\u00eda"}]},{"@type":"WebSite","@id":"https:\/\/digital58.com.ve\/site\/#website","url":"https:\/\/digital58.com.ve\/site\/","name":"Noticias Digital58","description":"Portal de Noticias \u00a1Periodismo web de verdad! Lanzamiento web 22.11.2005 \/ Maracaibo, Venezuela","publisher":{"@id":"https:\/\/digital58.com.ve\/site\/#\/schema\/person\/64d1c2e4d0d4fd1b849980c4331c2951"},"alternateName":"ND58","potentialAction":[{"@type":"SearchAction","target":{"@type":"EntryPoint","urlTemplate":"https:\/\/digital58.com.ve\/site\/?s={search_term_string}"},"query-input":{"@type":"PropertyValueSpecification","valueRequired":true,"valueName":"search_term_string"}}],"inLanguage":"es"},{"@type":["Person","Organization"],"@id":"https:\/\/digital58.com.ve\/site\/#\/schema\/person\/64d1c2e4d0d4fd1b849980c4331c2951","name":"Villasmil Henry","image":{"@type":"ImageObject","inLanguage":"es","@id":"https:\/\/secure.gravatar.com\/avatar\/bb0c4a2fcb7970138239f7e404ea75757b1b507b28b5ce4c53fbd62d797c5a7c?s=96&d=mm&r=g","url":"https:\/\/secure.gravatar.com\/avatar\/bb0c4a2fcb7970138239f7e404ea75757b1b507b28b5ce4c53fbd62d797c5a7c?s=96&d=mm&r=g","contentUrl":"https:\/\/secure.gravatar.com\/avatar\/bb0c4a2fcb7970138239f7e404ea75757b1b507b28b5ce4c53fbd62d797c5a7c?s=96&d=mm&r=g","caption":"Villasmil Henry"},"logo":{"@id":"https:\/\/secure.gravatar.com\/avatar\/bb0c4a2fcb7970138239f7e404ea75757b1b507b28b5ce4c53fbd62d797c5a7c?s=96&d=mm&r=g"},"sameAs":["http:\/\/www.henryvillasmil.com.ve","https:\/\/www.instagram.com\/villasmilhfoto\/","https:\/\/x.com\/https:\/\/twitter.com\/villasmilhfoto"]},{"@type":"Person","@id":"https:\/\/digital58.com.ve\/site\/#\/schema\/person\/c61667ce6845137620ee3f0aaabade17","name":"Molero Luis","image":{"@type":"ImageObject","inLanguage":"es","@id":"https:\/\/secure.gravatar.com\/avatar\/bf041ec637e3e7405449807deb2f7cf3d2de7c6fa755dd56e985201de9863f2b?s=96&d=mm&r=g","url":"https:\/\/secure.gravatar.com\/avatar\/bf041ec637e3e7405449807deb2f7cf3d2de7c6fa755dd56e985201de9863f2b?s=96&d=mm&r=g","contentUrl":"https:\/\/secure.gravatar.com\/avatar\/bf041ec637e3e7405449807deb2f7cf3d2de7c6fa755dd56e985201de9863f2b?s=96&d=mm&r=g","caption":"Molero Luis"},"url":"https:\/\/digital58.com.ve\/site\/author\/luismolero\/"}]}},"uagb_featured_image_src":{"full":["https:\/\/digital58.com.ve\/site\/wp-content\/uploads\/2020\/06\/WhatsApp-Image-2020-03-24-at-16.56.49-1-1200x1200-1.jpeg",1080,720,false],"thumbnail":["https:\/\/digital58.com.ve\/site\/wp-content\/uploads\/2020\/06\/WhatsApp-Image-2020-03-24-at-16.56.49-1-1200x1200-1-150x150.jpeg",150,150,true],"medium":["https:\/\/digital58.com.ve\/site\/wp-content\/uploads\/2020\/06\/WhatsApp-Image-2020-03-24-at-16.56.49-1-1200x1200-1-300x200.jpeg",300,200,true],"medium_large":["https:\/\/digital58.com.ve\/site\/wp-content\/uploads\/2020\/06\/WhatsApp-Image-2020-03-24-at-16.56.49-1-1200x1200-1-768x512.jpeg",768,512,true],"large":["https:\/\/digital58.com.ve\/site\/wp-content\/uploads\/2020\/06\/WhatsApp-Image-2020-03-24-at-16.56.49-1-1200x1200-1.jpeg",800,533,false],"1536x1536":["https:\/\/digital58.com.ve\/site\/wp-content\/uploads\/2020\/06\/WhatsApp-Image-2020-03-24-at-16.56.49-1-1200x1200-1.jpeg",1080,720,false],"2048x2048":["https:\/\/digital58.com.ve\/site\/wp-content\/uploads\/2020\/06\/WhatsApp-Image-2020-03-24-at-16.56.49-1-1200x1200-1.jpeg",1080,720,false],"colormag-highlighted-post":["https:\/\/digital58.com.ve\/site\/wp-content\/uploads\/2020\/06\/WhatsApp-Image-2020-03-24-at-16.56.49-1-1200x1200-1.jpeg",392,261,false],"colormag-featured-post-medium":["https:\/\/digital58.com.ve\/site\/wp-content\/uploads\/2020\/06\/WhatsApp-Image-2020-03-24-at-16.56.49-1-1200x1200-1.jpeg",308,205,false],"colormag-featured-post-small":["https:\/\/digital58.com.ve\/site\/wp-content\/uploads\/2020\/06\/WhatsApp-Image-2020-03-24-at-16.56.49-1-1200x1200-1.jpeg",130,87,false],"colormag-featured-image":["https:\/\/digital58.com.ve\/site\/wp-content\/uploads\/2020\/06\/WhatsApp-Image-2020-03-24-at-16.56.49-1-1200x1200-1.jpeg",668,445,false],"colormag-default-news":["https:\/\/digital58.com.ve\/site\/wp-content\/uploads\/2020\/06\/WhatsApp-Image-2020-03-24-at-16.56.49-1-1200x1200-1.jpeg",150,100,false],"colormag-featured-image-large":["https:\/\/digital58.com.ve\/site\/wp-content\/uploads\/2020\/06\/WhatsApp-Image-2020-03-24-at-16.56.49-1-1200x1200-1.jpeg",900,600,false]},"uagb_author_info":{"display_name":"Molero Luis","author_link":"https:\/\/digital58.com.ve\/site\/author\/luismolero\/"},"uagb_comment_info":0,"uagb_excerpt":"En las \u00faltimas 24 horas solo se ha registrado un fallecido por el coronavirus SARS-CoV2. A la fecha en Venezuela","_links":{"self":[{"href":"https:\/\/digital58.com.ve\/site\/wp-json\/wp\/v2\/posts\/109254","targetHints":{"allow":["GET"]}}],"collection":[{"href":"https:\/\/digital58.com.ve\/site\/wp-json\/wp\/v2\/posts"}],"about":[{"href":"https:\/\/digital58.com.ve\/site\/wp-json\/wp\/v2\/types\/post"}],"author":[{"embeddable":true,"href":"https:\/\/digital58.com.ve\/site\/wp-json\/wp\/v2\/users\/26"}],"replies":[{"embeddable":true,"href":"https:\/\/digital58.com.ve\/site\/wp-json\/wp\/v2\/comments?post=109254"}],"version-history":[{"count":0,"href":"https:\/\/digital58.com.ve\/site\/wp-json\/wp\/v2\/posts\/109254\/revisions"}],"wp:featuredmedia":[{"embeddable":true,"href":"https:\/\/digital58.com.ve\/site\/wp-json\/wp\/v2\/media\/109256"}],"wp:attachment":[{"href":"https:\/\/digital58.com.ve\/site\/wp-json\/wp\/v2\/media?parent=109254"}],"wp:term":[{"taxonomy":"category","embeddable":true,"href":"https:\/\/digital58.com.ve\/site\/wp-json\/wp\/v2\/categories?post=109254"},{"taxonomy":"post_tag","embeddable":true,"href":"https:\/\/digital58.com.ve\/site\/wp-json\/wp\/v2\/tags?post=109254"}],"curies":[{"name":"wp","href":"https:\/\/api.w.org\/{rel}","templated":true}]}}