{"id":109382,"date":"2020-06-29T17:14:28","date_gmt":"2020-06-29T21:14:28","guid":{"rendered":"https:\/\/digital58.com.ve\/site\/?p=109382"},"modified":"2020-06-29T17:14:28","modified_gmt":"2020-06-29T21:14:28","slug":"la-guaira-la-del-tambor-y-la-fulia-arriba-a-431-anos","status":"publish","type":"post","link":"https:\/\/digital58.com.ve\/site\/2020\/06\/29\/la-guaira-la-del-tambor-y-la-fulia-arriba-a-431-anos\/","title":{"rendered":"La Guaira, la del tambor y la ful\u00eda arriba a 431 a\u00f1os"},"content":{"rendered":"<p><img loading=\"lazy\" decoding=\"async\" class=\"aligncenter\" src=\"https:\/\/mapio.net\/images-p\/47008191.jpg\" alt=\"\" width=\"1024\" height=\"577\" \/><\/p>\n<p>La Guaira es el retrato de una serie de eventos que se remontan desde tiempos precolombinos, de cuando los ind\u00edgenas Caribes obligaron a los Araguacos a desplazarse tierras adentro, y estos dejaron como herencia s\u00f3lo el nombre de \u00abHuayra\u00bb, que significa viento en guaran\u00ed, para esta franja territorial que se extiende entre el mar y la cara norte del \u00abWaraira Repano\u00bb (Cerro \u00abEl Avila\u00bb).<\/p>\n<p><strong>Maracaibo, Zulia, Venezuela, 29 de junio de 2020 (ND58).-<\/strong> Este lunes 29 de junio, La Guaira arrib\u00f3 a 431 a\u00f1os de haber sido fundada con el nombre de San Pedro de La Guaira, por el entonces gobernador de la Provincia de Venezuela, Diego de Osorio, en nombre del rey espa\u00f1ol Felipe II.<\/p>\n<p>Durante su fundaci\u00f3n, y despu\u00e9s de la ceremonia protocolar, se realiz\u00f3 el tradicional trazado de los pueblos, dos calles de naciente a poniente, la ubicaci\u00f3n de las chozas, de las bodegas y el levantamiento de una barraca en donde funcionar\u00eda la iglesia provisional.<\/p>\n<p><img loading=\"lazy\" decoding=\"async\" class=\"size-medium aligncenter\" src=\"https:\/\/static.akpool.de\/images\/cards\/33\/335559.jpg?1302166433\" width=\"580\" height=\"363\" \/><\/p>\n<p>Actual capital del estado Guaira (hasta hace un a\u00f1o atr\u00e1s Vargas), con m\u00e1s de 19.500 habitantes, La Guaira es hoy una ciudad que mezcla en su seno el dinamismo de la actividad aduanal y el intercambio comercial, desde siempre impuestos por su puerto, con relatos de cruentas conquistas, resistencia aborigen, bombardeos piratas, sismos y deslaves, triunfos patriotas y traiciones.<\/p>\n<p>La Guaira, la del tambor y la ful\u00eda, la de gente amable y solidaria, la de calles estrechas que preservan los aires de la independencia, la que vio nacer a Jos\u00e9 Mar\u00eda Vargas, Manuel Gual, Carlos Soublette, Jos\u00e9 Mar\u00eda Espa\u00f1a y su hero\u00edna esposa, Josefa Joaquina S\u00e1nchez.<\/p>\n<p>Es cuna de Los Tiburones de La Guaira, equipo de la Liga Venezolana de B\u00e9isbol Profesional a quienes aun se les construye el primer estadio de este deporte profesional en la entidad, m\u00e1s recientemente, de los Bucaneros de La Guaira, referencia en la Liga Venezolana de Baloncesto y el Deportivo La Guaira en el f\u00fatbol venezolano.<\/p>\n<p><strong>Azotada por la tragedia<\/strong><\/p>\n<p>En 1999 el centro geogr\u00e1fico del estado de La Guaira y su capital sufri\u00f3 graves inundaciones y deslaves, hecho conocido como la \u00abTragedia de Vargas\u00bb, causando movimientos de poblaci\u00f3n y el despoblamiento del estado. M\u00e1s de 30 naciones ayudaron y donaron v\u00edveres y recursos entre otras cosas en esta cat\u00e1strofe.<\/p>\n<p><strong>Patrimonio hist\u00f3rico<\/strong><\/p>\n<p>La Guaira ha sido escenario de numerosas obras de infraestructura, que hacen combinar lo colonial con lo moderno.<\/p>\n<p>\u00abVivir en La Guaira es vivir, es respirar, es sentir; o\u00edr voces que te hablan, que te cuentan historias\u00bb, dijo la poeta Marilyn Guti\u00e9rrez, habitante de una de sus calles llenas de historia.<\/p>\n<p><img loading=\"lazy\" decoding=\"async\" class=\"size-medium aligncenter\" src=\"https:\/\/www.elnacional.com\/wp-content\/uploads\/2019\/06\/consejo-legislativo-vargas-aprobo-cambio-nombre-estado-guaira_284538.jpg\" width=\"928\" height=\"590\" \/><\/p>\n<p>\u00abTenemos una deuda con La Guaira, y lo menos que se merece es que se nombre Patrimonio Cultural de la Humanidad. Para eso debemos recuperar sus casas, tal como se ha hecho en el Viejo San Juan (Puerto Rico) y Cartagena (Colombia)\u00bb, indic\u00f3 el presidente de la Fundaci\u00f3n para el Rescate de \u00abLa Guayra Ciudad Hist\u00f3rica\u00bb, Rub\u00e9n Contreras.<\/p>\n<p>Es una ciudad que desde su nacimiento tributa, ofrenda, regala olores, sabores e im\u00e1genes que han logrado sobrevivir y que inspiran a deportistas, poetas, pintores y escritores.<\/p><div class=\"mvxtx6a99549b6d100\" ><p style=\"text-align: center;\"><a href=\"https:\/\/t.me\/noticiasdigital58\" target=\"_blank\" rel=\"noopener\"><img class=\"aligncenter size-full wp-image-125363\" src=\"https:\/\/digital58.com.ve\/site\/wp-content\/uploads\/2021\/04\/banner-telegram-web-2021.png\" alt=\"\" width=\"600\" height=\"90\" \/><\/a><\/p><\/div><style type=\"text\/css\">\r\n@media screen and (min-width: 1201px) {\r\n.mvxtx6a99549b6d100 {\r\ndisplay: block;\r\n}\r\n}\r\n@media screen and (min-width: 993px) and (max-width: 1200px) {\r\n.mvxtx6a99549b6d100 {\r\ndisplay: block;\r\n}\r\n}\r\n@media screen and (min-width: 769px) and (max-width: 992px) {\r\n.mvxtx6a99549b6d100 {\r\ndisplay: block;\r\n}\r\n}\r\n@media screen and (min-width: 768px) and (max-width: 768px) {\r\n.mvxtx6a99549b6d100 {\r\ndisplay: block;\r\n}\r\n}\r\n@media screen and (max-width: 767px) {\r\n.mvxtx6a99549b6d100 {\r\ndisplay: block;\r\n}\r\n}\r\n<\/style>\r\n\n<p><strong>Redacci\u00f3n: Arismendi, Luis (@arismendiht) | Fuente: YVKE Mundial &#8211; Fundaci\u00f3n EcuRed<\/strong><br \/>\n<strong>Edici\u00f3n: Ch\u00e1vez, Marian (@marianchavez27)<\/strong><br \/>\n<strong>Gr\u00e1fica: cortes\u00eda<\/strong><\/p>\n<div style=\"margin-top: 0px; margin-bottom: 0px;\" class=\"sharethis-inline-share-buttons\" ><\/div>","protected":false},"excerpt":{"rendered":"<p>La Guaira es el retrato de una serie de eventos que se remontan desde tiempos precolombinos, de cuando los ind\u00edgenas<\/p>\n","protected":false},"author":7,"featured_media":109383,"comment_status":"open","ping_status":"closed","sticky":false,"template":"","format":"standard","meta":{"colormag_page_container_layout":"default_layout","colormag_page_sidebar_layout":"default_layout","_uag_custom_page_level_css":"","footnotes":""},"categories":[8608],"tags":[9756,159,16080,5936,8446,233,7394,6826,32],"class_list":["post-109382","post","type-post","status-publish","format-standard","has-post-thumbnail","hentry","category-reportajes-especiales","tag-ciudad","tag-efemerides","tag-estado-la-guaira","tag-fundacion","tag-la-guaira","tag-nacionales","tag-patrimonio","tag-vargas","tag-venezuela"],"yoast_head":"<!-- This site is optimized with the Yoast SEO plugin v28.4 - https:\/\/yoast.com\/product\/yoast-seo-wordpress\/ -->\n<title>La Guaira, la del tambor y la ful\u00eda arriba a 431 a\u00f1os<\/title>\n<meta name=\"description\" content=\"Reportajes Especiales\" \/>\n<meta name=\"robots\" content=\"index, follow, max-snippet:-1, max-image-preview:large, max-video-preview:-1\" \/>\n<link rel=\"canonical\" href=\"https:\/\/digital58.com.ve\/site\/2020\/06\/29\/la-guaira-la-del-tambor-y-la-fulia-arriba-a-431-anos\/\" \/>\n<meta property=\"og:locale\" content=\"es_ES\" \/>\n<meta property=\"og:type\" content=\"article\" \/>\n<meta property=\"og:title\" content=\"La Guaira, la del tambor y la ful\u00eda arriba a 431 a\u00f1os\" \/>\n<meta property=\"og:description\" content=\"Reportajes Especiales\" \/>\n<meta property=\"og:url\" content=\"https:\/\/digital58.com.ve\/site\/2020\/06\/29\/la-guaira-la-del-tambor-y-la-fulia-arriba-a-431-anos\/\" \/>\n<meta property=\"og:site_name\" content=\"Noticias Digital58\" \/>\n<meta property=\"article:published_time\" content=\"2020-06-29T21:14:28+00:00\" \/>\n<meta property=\"og:image\" content=\"https:\/\/digital58.com.ve\/site\/wp-content\/uploads\/2020\/06\/consejo-legislativo-vargas-aprobo-cambio-nombre-estado-guaira_284538.jpg\" \/>\n\t<meta property=\"og:image:width\" content=\"928\" \/>\n\t<meta property=\"og:image:height\" content=\"590\" \/>\n\t<meta property=\"og:image:type\" content=\"image\/jpeg\" \/>\n<meta name=\"author\" content=\"Arismendi Luis\" \/>\n<meta name=\"twitter:card\" content=\"summary_large_image\" \/>\n<meta name=\"twitter:creator\" content=\"@Digital_58\" \/>\n<meta name=\"twitter:site\" content=\"@villasmilhfoto\" \/>\n<meta name=\"twitter:label1\" content=\"Escrito por\" \/>\n\t<meta name=\"twitter:data1\" content=\"Arismendi Luis\" \/>\n\t<meta name=\"twitter:label2\" content=\"Tiempo estimado de lectura\" \/>\n\t<meta name=\"twitter:data2\" content=\"3 minutos\" \/>\n<script type=\"application\/ld+json\" class=\"yoast-schema-graph\">{\"@context\":\"https:\\\/\\\/schema.org\",\"@graph\":[{\"@type\":\"Article\",\"@id\":\"https:\\\/\\\/digital58.com.ve\\\/site\\\/2020\\\/06\\\/29\\\/la-guaira-la-del-tambor-y-la-fulia-arriba-a-431-anos\\\/#article\",\"isPartOf\":{\"@id\":\"https:\\\/\\\/digital58.com.ve\\\/site\\\/2020\\\/06\\\/29\\\/la-guaira-la-del-tambor-y-la-fulia-arriba-a-431-anos\\\/\"},\"author\":{\"name\":\"Arismendi Luis\",\"@id\":\"https:\\\/\\\/digital58.com.ve\\\/site\\\/#\\\/schema\\\/person\\\/d79fb9041200d150763851810f3a6e44\"},\"headline\":\"La Guaira, la del tambor y la ful\u00eda arriba a 431 a\u00f1os\",\"datePublished\":\"2020-06-29T21:14:28+00:00\",\"mainEntityOfPage\":{\"@id\":\"https:\\\/\\\/digital58.com.ve\\\/site\\\/2020\\\/06\\\/29\\\/la-guaira-la-del-tambor-y-la-fulia-arriba-a-431-anos\\\/\"},\"wordCount\":574,\"commentCount\":0,\"publisher\":{\"@id\":\"https:\\\/\\\/digital58.com.ve\\\/site\\\/#\\\/schema\\\/person\\\/64d1c2e4d0d4fd1b849980c4331c2951\"},\"image\":{\"@id\":\"https:\\\/\\\/digital58.com.ve\\\/site\\\/2020\\\/06\\\/29\\\/la-guaira-la-del-tambor-y-la-fulia-arriba-a-431-anos\\\/#primaryimage\"},\"thumbnailUrl\":\"https:\\\/\\\/digital58.com.ve\\\/site\\\/wp-content\\\/uploads\\\/2020\\\/06\\\/consejo-legislativo-vargas-aprobo-cambio-nombre-estado-guaira_284538.jpg\",\"keywords\":[\"Ciudad\",\"Efem\u00e9rides\",\"Estado La Guaira\",\"fundaci\u00f3n\",\"La Guaira\",\"Nacionales\",\"Patrimonio\",\"Vargas\",\"Venezuela\"],\"articleSection\":[\"Reportajes Especiales\"],\"inLanguage\":\"es\",\"potentialAction\":[{\"@type\":\"CommentAction\",\"name\":\"Comment\",\"target\":[\"https:\\\/\\\/digital58.com.ve\\\/site\\\/2020\\\/06\\\/29\\\/la-guaira-la-del-tambor-y-la-fulia-arriba-a-431-anos\\\/#respond\"]}]},{\"@type\":\"WebPage\",\"@id\":\"https:\\\/\\\/digital58.com.ve\\\/site\\\/2020\\\/06\\\/29\\\/la-guaira-la-del-tambor-y-la-fulia-arriba-a-431-anos\\\/\",\"url\":\"https:\\\/\\\/digital58.com.ve\\\/site\\\/2020\\\/06\\\/29\\\/la-guaira-la-del-tambor-y-la-fulia-arriba-a-431-anos\\\/\",\"name\":\"La Guaira, la del tambor y la ful\u00eda arriba a 431 a\u00f1os\",\"isPartOf\":{\"@id\":\"https:\\\/\\\/digital58.com.ve\\\/site\\\/#website\"},\"primaryImageOfPage\":{\"@id\":\"https:\\\/\\\/digital58.com.ve\\\/site\\\/2020\\\/06\\\/29\\\/la-guaira-la-del-tambor-y-la-fulia-arriba-a-431-anos\\\/#primaryimage\"},\"image\":{\"@id\":\"https:\\\/\\\/digital58.com.ve\\\/site\\\/2020\\\/06\\\/29\\\/la-guaira-la-del-tambor-y-la-fulia-arriba-a-431-anos\\\/#primaryimage\"},\"thumbnailUrl\":\"https:\\\/\\\/digital58.com.ve\\\/site\\\/wp-content\\\/uploads\\\/2020\\\/06\\\/consejo-legislativo-vargas-aprobo-cambio-nombre-estado-guaira_284538.jpg\",\"datePublished\":\"2020-06-29T21:14:28+00:00\",\"description\":\"Reportajes Especiales\",\"breadcrumb\":{\"@id\":\"https:\\\/\\\/digital58.com.ve\\\/site\\\/2020\\\/06\\\/29\\\/la-guaira-la-del-tambor-y-la-fulia-arriba-a-431-anos\\\/#breadcrumb\"},\"inLanguage\":\"es\",\"potentialAction\":[{\"@type\":\"ReadAction\",\"target\":[\"https:\\\/\\\/digital58.com.ve\\\/site\\\/2020\\\/06\\\/29\\\/la-guaira-la-del-tambor-y-la-fulia-arriba-a-431-anos\\\/\"]}]},{\"@type\":\"ImageObject\",\"inLanguage\":\"es\",\"@id\":\"https:\\\/\\\/digital58.com.ve\\\/site\\\/2020\\\/06\\\/29\\\/la-guaira-la-del-tambor-y-la-fulia-arriba-a-431-anos\\\/#primaryimage\",\"url\":\"https:\\\/\\\/digital58.com.ve\\\/site\\\/wp-content\\\/uploads\\\/2020\\\/06\\\/consejo-legislativo-vargas-aprobo-cambio-nombre-estado-guaira_284538.jpg\",\"contentUrl\":\"https:\\\/\\\/digital58.com.ve\\\/site\\\/wp-content\\\/uploads\\\/2020\\\/06\\\/consejo-legislativo-vargas-aprobo-cambio-nombre-estado-guaira_284538.jpg\",\"width\":928,\"height\":590},{\"@type\":\"BreadcrumbList\",\"@id\":\"https:\\\/\\\/digital58.com.ve\\\/site\\\/2020\\\/06\\\/29\\\/la-guaira-la-del-tambor-y-la-fulia-arriba-a-431-anos\\\/#breadcrumb\",\"itemListElement\":[{\"@type\":\"ListItem\",\"position\":1,\"name\":\"Home\",\"item\":\"https:\\\/\\\/digital58.com.ve\\\/site\\\/\"},{\"@type\":\"ListItem\",\"position\":2,\"name\":\"La Guaira, la del tambor y la ful\u00eda arriba a 431 a\u00f1os\"}]},{\"@type\":\"WebSite\",\"@id\":\"https:\\\/\\\/digital58.com.ve\\\/site\\\/#website\",\"url\":\"https:\\\/\\\/digital58.com.ve\\\/site\\\/\",\"name\":\"Noticias Digital58\",\"description\":\"Portal de Noticias \u00a1Periodismo web de verdad! Lanzamiento web 22.11.2005 \\\/ Maracaibo, Venezuela\",\"publisher\":{\"@id\":\"https:\\\/\\\/digital58.com.ve\\\/site\\\/#\\\/schema\\\/person\\\/64d1c2e4d0d4fd1b849980c4331c2951\"},\"alternateName\":\"ND58\",\"potentialAction\":[{\"@type\":\"SearchAction\",\"target\":{\"@type\":\"EntryPoint\",\"urlTemplate\":\"https:\\\/\\\/digital58.com.ve\\\/site\\\/?s={search_term_string}\"},\"query-input\":{\"@type\":\"PropertyValueSpecification\",\"valueRequired\":true,\"valueName\":\"search_term_string\"}}],\"inLanguage\":\"es\"},{\"@type\":[\"Person\",\"Organization\"],\"@id\":\"https:\\\/\\\/digital58.com.ve\\\/site\\\/#\\\/schema\\\/person\\\/64d1c2e4d0d4fd1b849980c4331c2951\",\"name\":\"Villasmil Henry\",\"image\":{\"@type\":\"ImageObject\",\"inLanguage\":\"es\",\"@id\":\"https:\\\/\\\/secure.gravatar.com\\\/avatar\\\/bb0c4a2fcb7970138239f7e404ea75757b1b507b28b5ce4c53fbd62d797c5a7c?s=96&d=mm&r=g\",\"url\":\"https:\\\/\\\/secure.gravatar.com\\\/avatar\\\/bb0c4a2fcb7970138239f7e404ea75757b1b507b28b5ce4c53fbd62d797c5a7c?s=96&d=mm&r=g\",\"contentUrl\":\"https:\\\/\\\/secure.gravatar.com\\\/avatar\\\/bb0c4a2fcb7970138239f7e404ea75757b1b507b28b5ce4c53fbd62d797c5a7c?s=96&d=mm&r=g\",\"caption\":\"Villasmil Henry\"},\"logo\":{\"@id\":\"https:\\\/\\\/secure.gravatar.com\\\/avatar\\\/bb0c4a2fcb7970138239f7e404ea75757b1b507b28b5ce4c53fbd62d797c5a7c?s=96&d=mm&r=g\"},\"sameAs\":[\"http:\\\/\\\/www.henryvillasmil.com.ve\",\"https:\\\/\\\/www.instagram.com\\\/villasmilhfoto\\\/\",\"https:\\\/\\\/x.com\\\/https:\\\/\\\/twitter.com\\\/villasmilhfoto\"]},{\"@type\":\"Person\",\"@id\":\"https:\\\/\\\/digital58.com.ve\\\/site\\\/#\\\/schema\\\/person\\\/d79fb9041200d150763851810f3a6e44\",\"name\":\"Arismendi Luis\",\"image\":{\"@type\":\"ImageObject\",\"inLanguage\":\"es\",\"@id\":\"https:\\\/\\\/secure.gravatar.com\\\/avatar\\\/076a9c19816f4976b76b8d88be4606fba80dee0aea5ccae15d7f3466053c0615?s=96&d=mm&r=g\",\"url\":\"https:\\\/\\\/secure.gravatar.com\\\/avatar\\\/076a9c19816f4976b76b8d88be4606fba80dee0aea5ccae15d7f3466053c0615?s=96&d=mm&r=g\",\"contentUrl\":\"https:\\\/\\\/secure.gravatar.com\\\/avatar\\\/076a9c19816f4976b76b8d88be4606fba80dee0aea5ccae15d7f3466053c0615?s=96&d=mm&r=g\",\"caption\":\"Arismendi Luis\"},\"url\":\"https:\\\/\\\/digital58.com.ve\\\/site\\\/author\\\/arismendi17\\\/\"}]}<\/script>\n<!-- \/ Yoast SEO plugin. -->","yoast_head_json":{"title":"La Guaira, la del tambor y la ful\u00eda arriba a 431 a\u00f1os","description":"Reportajes Especiales","robots":{"index":"index","follow":"follow","max-snippet":"max-snippet:-1","max-image-preview":"max-image-preview:large","max-video-preview":"max-video-preview:-1"},"canonical":"https:\/\/digital58.com.ve\/site\/2020\/06\/29\/la-guaira-la-del-tambor-y-la-fulia-arriba-a-431-anos\/","og_locale":"es_ES","og_type":"article","og_title":"La Guaira, la del tambor y la ful\u00eda arriba a 431 a\u00f1os","og_description":"Reportajes Especiales","og_url":"https:\/\/digital58.com.ve\/site\/2020\/06\/29\/la-guaira-la-del-tambor-y-la-fulia-arriba-a-431-anos\/","og_site_name":"Noticias Digital58","article_published_time":"2020-06-29T21:14:28+00:00","og_image":[{"width":928,"height":590,"url":"https:\/\/digital58.com.ve\/site\/wp-content\/uploads\/2020\/06\/consejo-legislativo-vargas-aprobo-cambio-nombre-estado-guaira_284538.jpg","type":"image\/jpeg"}],"author":"Arismendi Luis","twitter_card":"summary_large_image","twitter_creator":"@Digital_58","twitter_site":"@villasmilhfoto","twitter_misc":{"Escrito por":"Arismendi Luis","Tiempo estimado de lectura":"3 minutos"},"schema":{"@context":"https:\/\/schema.org","@graph":[{"@type":"Article","@id":"https:\/\/digital58.com.ve\/site\/2020\/06\/29\/la-guaira-la-del-tambor-y-la-fulia-arriba-a-431-anos\/#article","isPartOf":{"@id":"https:\/\/digital58.com.ve\/site\/2020\/06\/29\/la-guaira-la-del-tambor-y-la-fulia-arriba-a-431-anos\/"},"author":{"name":"Arismendi Luis","@id":"https:\/\/digital58.com.ve\/site\/#\/schema\/person\/d79fb9041200d150763851810f3a6e44"},"headline":"La Guaira, la del tambor y la ful\u00eda arriba a 431 a\u00f1os","datePublished":"2020-06-29T21:14:28+00:00","mainEntityOfPage":{"@id":"https:\/\/digital58.com.ve\/site\/2020\/06\/29\/la-guaira-la-del-tambor-y-la-fulia-arriba-a-431-anos\/"},"wordCount":574,"commentCount":0,"publisher":{"@id":"https:\/\/digital58.com.ve\/site\/#\/schema\/person\/64d1c2e4d0d4fd1b849980c4331c2951"},"image":{"@id":"https:\/\/digital58.com.ve\/site\/2020\/06\/29\/la-guaira-la-del-tambor-y-la-fulia-arriba-a-431-anos\/#primaryimage"},"thumbnailUrl":"https:\/\/digital58.com.ve\/site\/wp-content\/uploads\/2020\/06\/consejo-legislativo-vargas-aprobo-cambio-nombre-estado-guaira_284538.jpg","keywords":["Ciudad","Efem\u00e9rides","Estado La Guaira","fundaci\u00f3n","La Guaira","Nacionales","Patrimonio","Vargas","Venezuela"],"articleSection":["Reportajes Especiales"],"inLanguage":"es","potentialAction":[{"@type":"CommentAction","name":"Comment","target":["https:\/\/digital58.com.ve\/site\/2020\/06\/29\/la-guaira-la-del-tambor-y-la-fulia-arriba-a-431-anos\/#respond"]}]},{"@type":"WebPage","@id":"https:\/\/digital58.com.ve\/site\/2020\/06\/29\/la-guaira-la-del-tambor-y-la-fulia-arriba-a-431-anos\/","url":"https:\/\/digital58.com.ve\/site\/2020\/06\/29\/la-guaira-la-del-tambor-y-la-fulia-arriba-a-431-anos\/","name":"La Guaira, la del tambor y la ful\u00eda arriba a 431 a\u00f1os","isPartOf":{"@id":"https:\/\/digital58.com.ve\/site\/#website"},"primaryImageOfPage":{"@id":"https:\/\/digital58.com.ve\/site\/2020\/06\/29\/la-guaira-la-del-tambor-y-la-fulia-arriba-a-431-anos\/#primaryimage"},"image":{"@id":"https:\/\/digital58.com.ve\/site\/2020\/06\/29\/la-guaira-la-del-tambor-y-la-fulia-arriba-a-431-anos\/#primaryimage"},"thumbnailUrl":"https:\/\/digital58.com.ve\/site\/wp-content\/uploads\/2020\/06\/consejo-legislativo-vargas-aprobo-cambio-nombre-estado-guaira_284538.jpg","datePublished":"2020-06-29T21:14:28+00:00","description":"Reportajes Especiales","breadcrumb":{"@id":"https:\/\/digital58.com.ve\/site\/2020\/06\/29\/la-guaira-la-del-tambor-y-la-fulia-arriba-a-431-anos\/#breadcrumb"},"inLanguage":"es","potentialAction":[{"@type":"ReadAction","target":["https:\/\/digital58.com.ve\/site\/2020\/06\/29\/la-guaira-la-del-tambor-y-la-fulia-arriba-a-431-anos\/"]}]},{"@type":"ImageObject","inLanguage":"es","@id":"https:\/\/digital58.com.ve\/site\/2020\/06\/29\/la-guaira-la-del-tambor-y-la-fulia-arriba-a-431-anos\/#primaryimage","url":"https:\/\/digital58.com.ve\/site\/wp-content\/uploads\/2020\/06\/consejo-legislativo-vargas-aprobo-cambio-nombre-estado-guaira_284538.jpg","contentUrl":"https:\/\/digital58.com.ve\/site\/wp-content\/uploads\/2020\/06\/consejo-legislativo-vargas-aprobo-cambio-nombre-estado-guaira_284538.jpg","width":928,"height":590},{"@type":"BreadcrumbList","@id":"https:\/\/digital58.com.ve\/site\/2020\/06\/29\/la-guaira-la-del-tambor-y-la-fulia-arriba-a-431-anos\/#breadcrumb","itemListElement":[{"@type":"ListItem","position":1,"name":"Home","item":"https:\/\/digital58.com.ve\/site\/"},{"@type":"ListItem","position":2,"name":"La Guaira, la del tambor y la ful\u00eda arriba a 431 a\u00f1os"}]},{"@type":"WebSite","@id":"https:\/\/digital58.com.ve\/site\/#website","url":"https:\/\/digital58.com.ve\/site\/","name":"Noticias Digital58","description":"Portal de Noticias \u00a1Periodismo web de verdad! Lanzamiento web 22.11.2005 \/ Maracaibo, Venezuela","publisher":{"@id":"https:\/\/digital58.com.ve\/site\/#\/schema\/person\/64d1c2e4d0d4fd1b849980c4331c2951"},"alternateName":"ND58","potentialAction":[{"@type":"SearchAction","target":{"@type":"EntryPoint","urlTemplate":"https:\/\/digital58.com.ve\/site\/?s={search_term_string}"},"query-input":{"@type":"PropertyValueSpecification","valueRequired":true,"valueName":"search_term_string"}}],"inLanguage":"es"},{"@type":["Person","Organization"],"@id":"https:\/\/digital58.com.ve\/site\/#\/schema\/person\/64d1c2e4d0d4fd1b849980c4331c2951","name":"Villasmil Henry","image":{"@type":"ImageObject","inLanguage":"es","@id":"https:\/\/secure.gravatar.com\/avatar\/bb0c4a2fcb7970138239f7e404ea75757b1b507b28b5ce4c53fbd62d797c5a7c?s=96&d=mm&r=g","url":"https:\/\/secure.gravatar.com\/avatar\/bb0c4a2fcb7970138239f7e404ea75757b1b507b28b5ce4c53fbd62d797c5a7c?s=96&d=mm&r=g","contentUrl":"https:\/\/secure.gravatar.com\/avatar\/bb0c4a2fcb7970138239f7e404ea75757b1b507b28b5ce4c53fbd62d797c5a7c?s=96&d=mm&r=g","caption":"Villasmil Henry"},"logo":{"@id":"https:\/\/secure.gravatar.com\/avatar\/bb0c4a2fcb7970138239f7e404ea75757b1b507b28b5ce4c53fbd62d797c5a7c?s=96&d=mm&r=g"},"sameAs":["http:\/\/www.henryvillasmil.com.ve","https:\/\/www.instagram.com\/villasmilhfoto\/","https:\/\/x.com\/https:\/\/twitter.com\/villasmilhfoto"]},{"@type":"Person","@id":"https:\/\/digital58.com.ve\/site\/#\/schema\/person\/d79fb9041200d150763851810f3a6e44","name":"Arismendi Luis","image":{"@type":"ImageObject","inLanguage":"es","@id":"https:\/\/secure.gravatar.com\/avatar\/076a9c19816f4976b76b8d88be4606fba80dee0aea5ccae15d7f3466053c0615?s=96&d=mm&r=g","url":"https:\/\/secure.gravatar.com\/avatar\/076a9c19816f4976b76b8d88be4606fba80dee0aea5ccae15d7f3466053c0615?s=96&d=mm&r=g","contentUrl":"https:\/\/secure.gravatar.com\/avatar\/076a9c19816f4976b76b8d88be4606fba80dee0aea5ccae15d7f3466053c0615?s=96&d=mm&r=g","caption":"Arismendi Luis"},"url":"https:\/\/digital58.com.ve\/site\/author\/arismendi17\/"}]}},"uagb_featured_image_src":{"full":["https:\/\/digital58.com.ve\/site\/wp-content\/uploads\/2020\/06\/consejo-legislativo-vargas-aprobo-cambio-nombre-estado-guaira_284538.jpg",928,590,false],"thumbnail":["https:\/\/digital58.com.ve\/site\/wp-content\/uploads\/2020\/06\/consejo-legislativo-vargas-aprobo-cambio-nombre-estado-guaira_284538-150x150.jpg",150,150,true],"medium":["https:\/\/digital58.com.ve\/site\/wp-content\/uploads\/2020\/06\/consejo-legislativo-vargas-aprobo-cambio-nombre-estado-guaira_284538-300x191.jpg",300,191,true],"medium_large":["https:\/\/digital58.com.ve\/site\/wp-content\/uploads\/2020\/06\/consejo-legislativo-vargas-aprobo-cambio-nombre-estado-guaira_284538-768x488.jpg",768,488,true],"large":["https:\/\/digital58.com.ve\/site\/wp-content\/uploads\/2020\/06\/consejo-legislativo-vargas-aprobo-cambio-nombre-estado-guaira_284538.jpg",800,509,false],"1536x1536":["https:\/\/digital58.com.ve\/site\/wp-content\/uploads\/2020\/06\/consejo-legislativo-vargas-aprobo-cambio-nombre-estado-guaira_284538.jpg",928,590,false],"2048x2048":["https:\/\/digital58.com.ve\/site\/wp-content\/uploads\/2020\/06\/consejo-legislativo-vargas-aprobo-cambio-nombre-estado-guaira_284538.jpg",928,590,false],"colormag-highlighted-post":["https:\/\/digital58.com.ve\/site\/wp-content\/uploads\/2020\/06\/consejo-legislativo-vargas-aprobo-cambio-nombre-estado-guaira_284538.jpg",392,249,false],"colormag-featured-post-medium":["https:\/\/digital58.com.ve\/site\/wp-content\/uploads\/2020\/06\/consejo-legislativo-vargas-aprobo-cambio-nombre-estado-guaira_284538.jpg",322,205,false],"colormag-featured-post-small":["https:\/\/digital58.com.ve\/site\/wp-content\/uploads\/2020\/06\/consejo-legislativo-vargas-aprobo-cambio-nombre-estado-guaira_284538.jpg",130,83,false],"colormag-featured-image":["https:\/\/digital58.com.ve\/site\/wp-content\/uploads\/2020\/06\/consejo-legislativo-vargas-aprobo-cambio-nombre-estado-guaira_284538.jpg",700,445,false],"colormag-default-news":["https:\/\/digital58.com.ve\/site\/wp-content\/uploads\/2020\/06\/consejo-legislativo-vargas-aprobo-cambio-nombre-estado-guaira_284538.jpg",150,95,false],"colormag-featured-image-large":["https:\/\/digital58.com.ve\/site\/wp-content\/uploads\/2020\/06\/consejo-legislativo-vargas-aprobo-cambio-nombre-estado-guaira_284538.jpg",928,590,false]},"uagb_author_info":{"display_name":"Arismendi Luis","author_link":"https:\/\/digital58.com.ve\/site\/author\/arismendi17\/"},"uagb_comment_info":0,"uagb_excerpt":"La Guaira es el retrato de una serie de eventos que se remontan desde tiempos precolombinos, de cuando los ind\u00edgenas","_links":{"self":[{"href":"https:\/\/digital58.com.ve\/site\/wp-json\/wp\/v2\/posts\/109382","targetHints":{"allow":["GET"]}}],"collection":[{"href":"https:\/\/digital58.com.ve\/site\/wp-json\/wp\/v2\/posts"}],"about":[{"href":"https:\/\/digital58.com.ve\/site\/wp-json\/wp\/v2\/types\/post"}],"author":[{"embeddable":true,"href":"https:\/\/digital58.com.ve\/site\/wp-json\/wp\/v2\/users\/7"}],"replies":[{"embeddable":true,"href":"https:\/\/digital58.com.ve\/site\/wp-json\/wp\/v2\/comments?post=109382"}],"version-history":[{"count":0,"href":"https:\/\/digital58.com.ve\/site\/wp-json\/wp\/v2\/posts\/109382\/revisions"}],"wp:featuredmedia":[{"embeddable":true,"href":"https:\/\/digital58.com.ve\/site\/wp-json\/wp\/v2\/media\/109383"}],"wp:attachment":[{"href":"https:\/\/digital58.com.ve\/site\/wp-json\/wp\/v2\/media?parent=109382"}],"wp:term":[{"taxonomy":"category","embeddable":true,"href":"https:\/\/digital58.com.ve\/site\/wp-json\/wp\/v2\/categories?post=109382"},{"taxonomy":"post_tag","embeddable":true,"href":"https:\/\/digital58.com.ve\/site\/wp-json\/wp\/v2\/tags?post=109382"}],"curies":[{"name":"wp","href":"https:\/\/api.w.org\/{rel}","templated":true}]}}