{"id":109385,"date":"2020-06-28T15:39:54","date_gmt":"2020-06-28T19:39:54","guid":{"rendered":"https:\/\/digital58.com.ve\/site\/?p=109385"},"modified":"2020-07-02T12:05:51","modified_gmt":"2020-07-02T16:05:51","slug":"zapatero-hay-gobiernos-que-se-arrepienten-de-haber-reconocido-a-guaido","status":"publish","type":"post","link":"https:\/\/digital58.com.ve\/site\/2020\/06\/28\/zapatero-hay-gobiernos-que-se-arrepienten-de-haber-reconocido-a-guaido\/","title":{"rendered":"Zapatero: \u00abHay gobiernos que se arrepienten de haber reconocido a Guaid\u00f3\u00bb"},"content":{"rendered":"<p><img loading=\"lazy\" decoding=\"async\" class=\"aligncenter wp-image-109386 size-full\" src=\"https:\/\/digital58.com.ve\/site\/wp-content\/uploads\/2020\/06\/zapatero_0.jpg\" alt=\"\" width=\"710\" height=\"440\" srcset=\"https:\/\/digital58.com.ve\/site\/wp-content\/uploads\/2020\/06\/zapatero_0.jpg 710w, https:\/\/digital58.com.ve\/site\/wp-content\/uploads\/2020\/06\/zapatero_0-300x186.jpg 300w\" sizes=\"auto, (max-width: 710px) 100vw, 710px\" \/><\/p>\n<p>Pronostic\u00f3 que pronto se ver\u00e1 a una Venezuela con m\u00e1s estabilidad, en cuanto el di\u00e1logo se imponga.<\/p>\n<p><strong>Espa\u00f1a,\u00a0 28 de junio 2020 (ND58).-<\/strong>\u00a0Jos\u00e9 Luis Rodr\u00edguez Zapatero expresidente de Espa\u00f1a, afirm\u00f3 que hay gobiernos que se arrepienten de haber reconocido al l\u00edder opositor Juan Guaid\u00f3 como presidente interino de Venezuela a principios de 2019.<\/p>\n<p>\u00abNo s\u00e9 si lo dir\u00e1n en p\u00fablico, pero esa reflexi\u00f3n est\u00e1 presente\u00bb, asegur\u00f3 Zapatero durante una entrevista con la emisora argentina Radio La Pizarra.<\/p>\n<p>\u00abA\u00f1o y medio despu\u00e9s, la situaci\u00f3n de balance es claramente negativa\u00bb, a\u00f1adi\u00f3 en referencia al reconocimiento de Guaid\u00f3.<\/p>\n<p>Destac\u00f3 que ahora se impone el silencio que en su opini\u00f3n equivale a bajar la cabeza de quienes se equivocaron apoyando a Guaid\u00f3, e hizo referencia a las recientes palabras de Donald Trump sobre su disposici\u00f3n a hablar con el presidente Nicol\u00e1s Maduro.<\/p>\n<p>Zapatero pronostic\u00f3 que pronto se ver\u00e1 a una Venezuela con m\u00e1s estabilidad, en cuanto el di\u00e1logo se imponga. Reproch\u00f3 el tiempo que se le ha quitado a los venezolanos reforzando a una parte a trav\u00e9s de la comunidad internacional en lugar de impulsar un aut\u00e9ntico proceso de di\u00e1logo.<\/p>\n<p>Record\u00f3 su labor como mediador y destac\u00f3 que algunos de esos procesos estuvieron a punto de cuajar. \u00abVenezuela es un pa\u00eds que en el momento en el que le demos ox\u00edgeno pol\u00edtico econ\u00f3mico y social, resurgir\u00e1 con fuerza. Tiene un gran potencial. Calidad humana. Volver\u00e1 mucha gente\u00bb, indic\u00f3.<\/p>\n<p>En cuanto a Argentina, Zapatero resalt\u00f3 que su nuevo presidente, Alberto Fern\u00e1ndez, es un hombre aut\u00e9ntico, honesto y coherente. \u00abEs un fen\u00f3meno pol\u00edtico. Esta percepci\u00f3n de Alberto Fern\u00e1ndez est\u00e1 en la comunidad pol\u00edtica internacional (\u2026), pero tambi\u00e9n goza de un respeto importante en los Estados Unidos\u00bb, a\u00f1adi\u00f3.<\/p>\n<p>Desde 2016, Zapatero ejerci\u00f3 una labor como mediaci\u00f3n que se concret\u00f3 en la liberaci\u00f3n de algunos presos pol\u00edticos pero que termin\u00f3 fracasando en 2018 porque la mayor\u00eda de la oposici\u00f3n percib\u00eda al espa\u00f1ol como una figura demasiado escorada hacia el r\u00e9gimen de Maduro.<\/p><div class=\"oslqj69f2640015cce\" ><p style=\"text-align: center;\"><a href=\"https:\/\/t.me\/noticiasdigital58\" target=\"_blank\" rel=\"noopener\"><img class=\"aligncenter size-full wp-image-125363\" src=\"https:\/\/digital58.com.ve\/site\/wp-content\/uploads\/2021\/04\/banner-telegram-web-2021.png\" alt=\"\" width=\"600\" height=\"90\" \/><\/a><\/p><\/div><style type=\"text\/css\">\r\n@media screen and (min-width: 1201px) {\r\n.oslqj69f2640015cce {\r\ndisplay: block;\r\n}\r\n}\r\n@media screen and (min-width: 993px) and (max-width: 1200px) {\r\n.oslqj69f2640015cce {\r\ndisplay: block;\r\n}\r\n}\r\n@media screen and (min-width: 769px) and (max-width: 992px) {\r\n.oslqj69f2640015cce {\r\ndisplay: block;\r\n}\r\n}\r\n@media screen and (min-width: 768px) and (max-width: 768px) {\r\n.oslqj69f2640015cce {\r\ndisplay: block;\r\n}\r\n}\r\n@media screen and (max-width: 767px) {\r\n.oslqj69f2640015cce {\r\ndisplay: block;\r\n}\r\n}\r\n<\/style>\r\n\n<p><strong>Redacci\u00f3n: Molero, Luis\u00a0 (@Moleromarquez) | Fuente: Agencias<br \/>\nEdici\u00f3n: Villasmil, Henry; Ch\u00e1vez, Marian<br \/>\nGr\u00e1ficas: Cortes\u00eda<\/strong><\/p>\n<div style=\"margin-top: 0px; margin-bottom: 0px;\" class=\"sharethis-inline-share-buttons\" ><\/div>","protected":false},"excerpt":{"rendered":"<p>Pronostic\u00f3 que pronto se ver\u00e1 a una Venezuela con m\u00e1s estabilidad, en cuanto el di\u00e1logo se imponga. Espa\u00f1a,\u00a0 28 de<\/p>\n","protected":false},"author":26,"featured_media":109387,"comment_status":"open","ping_status":"closed","sticky":false,"template":"","format":"standard","meta":{"colormag_page_container_layout":"default_layout","colormag_page_sidebar_layout":"default_layout","_uag_custom_page_level_css":"","footnotes":""},"categories":[16451],"tags":[115,8,16412,11949],"class_list":["post-109385","post","type-post","status-publish","format-standard","has-post-thumbnail","hentry","category-mundo","tag-espana","tag-internacionales","tag-jose-luis-rodriguez-zapatero","tag-juan-guaido"],"yoast_head":"<!-- This site is optimized with the Yoast SEO plugin v27.5 - https:\/\/yoast.com\/product\/yoast-seo-wordpress\/ -->\n<title>Zapatero: \u00abHay gobiernos que se arrepienten de haber reconocido a Guaid\u00f3\u00bb<\/title>\n<meta name=\"robots\" content=\"index, follow, max-snippet:-1, max-image-preview:large, max-video-preview:-1\" \/>\n<link rel=\"canonical\" href=\"https:\/\/digital58.com.ve\/site\/2020\/06\/28\/zapatero-hay-gobiernos-que-se-arrepienten-de-haber-reconocido-a-guaido\/\" \/>\n<meta property=\"og:locale\" content=\"es_ES\" \/>\n<meta property=\"og:type\" content=\"article\" \/>\n<meta property=\"og:title\" content=\"Zapatero: \u00abHay gobiernos que se arrepienten de haber reconocido a Guaid\u00f3\u00bb\" \/>\n<meta property=\"og:url\" content=\"https:\/\/digital58.com.ve\/site\/2020\/06\/28\/zapatero-hay-gobiernos-que-se-arrepienten-de-haber-reconocido-a-guaido\/\" \/>\n<meta property=\"og:site_name\" content=\"Noticias Digital58\" \/>\n<meta property=\"article:published_time\" content=\"2020-06-28T19:39:54+00:00\" \/>\n<meta property=\"article:modified_time\" content=\"2020-07-02T16:05:51+00:00\" \/>\n<meta property=\"og:image\" content=\"https:\/\/digital58.com.ve\/site\/wp-content\/uploads\/2020\/06\/1521134357_837630_1521134707_noticia_normal.jpg\" \/>\n\t<meta property=\"og:image:width\" content=\"980\" \/>\n\t<meta property=\"og:image:height\" content=\"599\" \/>\n\t<meta property=\"og:image:type\" content=\"image\/jpeg\" \/>\n<meta name=\"author\" content=\"Molero Luis\" \/>\n<meta name=\"twitter:card\" content=\"summary_large_image\" \/>\n<meta name=\"twitter:creator\" content=\"@Digital_58\" \/>\n<meta name=\"twitter:site\" content=\"@villasmilhfoto\" \/>\n<meta name=\"twitter:label1\" content=\"Escrito por\" \/>\n\t<meta name=\"twitter:data1\" content=\"Molero Luis\" \/>\n\t<meta name=\"twitter:label2\" content=\"Tiempo estimado de lectura\" \/>\n\t<meta name=\"twitter:data2\" content=\"2 minutos\" \/>\n<script type=\"application\/ld+json\" class=\"yoast-schema-graph\">{\"@context\":\"https:\\\/\\\/schema.org\",\"@graph\":[{\"@type\":\"Article\",\"@id\":\"https:\\\/\\\/digital58.com.ve\\\/site\\\/2020\\\/06\\\/28\\\/zapatero-hay-gobiernos-que-se-arrepienten-de-haber-reconocido-a-guaido\\\/#article\",\"isPartOf\":{\"@id\":\"https:\\\/\\\/digital58.com.ve\\\/site\\\/2020\\\/06\\\/28\\\/zapatero-hay-gobiernos-que-se-arrepienten-de-haber-reconocido-a-guaido\\\/\"},\"author\":{\"name\":\"Molero Luis\",\"@id\":\"https:\\\/\\\/digital58.com.ve\\\/site\\\/#\\\/schema\\\/person\\\/c61667ce6845137620ee3f0aaabade17\"},\"headline\":\"Zapatero: \u00abHay gobiernos que se arrepienten de haber reconocido a Guaid\u00f3\u00bb\",\"datePublished\":\"2020-06-28T19:39:54+00:00\",\"dateModified\":\"2020-07-02T16:05:51+00:00\",\"mainEntityOfPage\":{\"@id\":\"https:\\\/\\\/digital58.com.ve\\\/site\\\/2020\\\/06\\\/28\\\/zapatero-hay-gobiernos-que-se-arrepienten-de-haber-reconocido-a-guaido\\\/\"},\"wordCount\":391,\"commentCount\":0,\"publisher\":{\"@id\":\"https:\\\/\\\/digital58.com.ve\\\/site\\\/#\\\/schema\\\/person\\\/64d1c2e4d0d4fd1b849980c4331c2951\"},\"image\":{\"@id\":\"https:\\\/\\\/digital58.com.ve\\\/site\\\/2020\\\/06\\\/28\\\/zapatero-hay-gobiernos-que-se-arrepienten-de-haber-reconocido-a-guaido\\\/#primaryimage\"},\"thumbnailUrl\":\"https:\\\/\\\/digital58.com.ve\\\/site\\\/wp-content\\\/uploads\\\/2020\\\/06\\\/1521134357_837630_1521134707_noticia_normal.jpg\",\"keywords\":[\"Espa\u00f1a\",\"Internacionales\",\"Jos\u00e9 Luis Rodr\u00edguez Zapatero\",\"Juan Guaid\u00f3\"],\"articleSection\":[\"Mundo\"],\"inLanguage\":\"es\",\"potentialAction\":[{\"@type\":\"CommentAction\",\"name\":\"Comment\",\"target\":[\"https:\\\/\\\/digital58.com.ve\\\/site\\\/2020\\\/06\\\/28\\\/zapatero-hay-gobiernos-que-se-arrepienten-de-haber-reconocido-a-guaido\\\/#respond\"]}]},{\"@type\":\"WebPage\",\"@id\":\"https:\\\/\\\/digital58.com.ve\\\/site\\\/2020\\\/06\\\/28\\\/zapatero-hay-gobiernos-que-se-arrepienten-de-haber-reconocido-a-guaido\\\/\",\"url\":\"https:\\\/\\\/digital58.com.ve\\\/site\\\/2020\\\/06\\\/28\\\/zapatero-hay-gobiernos-que-se-arrepienten-de-haber-reconocido-a-guaido\\\/\",\"name\":\"Zapatero: \u00abHay gobiernos que se arrepienten de haber reconocido a Guaid\u00f3\u00bb\",\"isPartOf\":{\"@id\":\"https:\\\/\\\/digital58.com.ve\\\/site\\\/#website\"},\"primaryImageOfPage\":{\"@id\":\"https:\\\/\\\/digital58.com.ve\\\/site\\\/2020\\\/06\\\/28\\\/zapatero-hay-gobiernos-que-se-arrepienten-de-haber-reconocido-a-guaido\\\/#primaryimage\"},\"image\":{\"@id\":\"https:\\\/\\\/digital58.com.ve\\\/site\\\/2020\\\/06\\\/28\\\/zapatero-hay-gobiernos-que-se-arrepienten-de-haber-reconocido-a-guaido\\\/#primaryimage\"},\"thumbnailUrl\":\"https:\\\/\\\/digital58.com.ve\\\/site\\\/wp-content\\\/uploads\\\/2020\\\/06\\\/1521134357_837630_1521134707_noticia_normal.jpg\",\"datePublished\":\"2020-06-28T19:39:54+00:00\",\"dateModified\":\"2020-07-02T16:05:51+00:00\",\"breadcrumb\":{\"@id\":\"https:\\\/\\\/digital58.com.ve\\\/site\\\/2020\\\/06\\\/28\\\/zapatero-hay-gobiernos-que-se-arrepienten-de-haber-reconocido-a-guaido\\\/#breadcrumb\"},\"inLanguage\":\"es\",\"potentialAction\":[{\"@type\":\"ReadAction\",\"target\":[\"https:\\\/\\\/digital58.com.ve\\\/site\\\/2020\\\/06\\\/28\\\/zapatero-hay-gobiernos-que-se-arrepienten-de-haber-reconocido-a-guaido\\\/\"]}]},{\"@type\":\"ImageObject\",\"inLanguage\":\"es\",\"@id\":\"https:\\\/\\\/digital58.com.ve\\\/site\\\/2020\\\/06\\\/28\\\/zapatero-hay-gobiernos-que-se-arrepienten-de-haber-reconocido-a-guaido\\\/#primaryimage\",\"url\":\"https:\\\/\\\/digital58.com.ve\\\/site\\\/wp-content\\\/uploads\\\/2020\\\/06\\\/1521134357_837630_1521134707_noticia_normal.jpg\",\"contentUrl\":\"https:\\\/\\\/digital58.com.ve\\\/site\\\/wp-content\\\/uploads\\\/2020\\\/06\\\/1521134357_837630_1521134707_noticia_normal.jpg\",\"width\":980,\"height\":599},{\"@type\":\"BreadcrumbList\",\"@id\":\"https:\\\/\\\/digital58.com.ve\\\/site\\\/2020\\\/06\\\/28\\\/zapatero-hay-gobiernos-que-se-arrepienten-de-haber-reconocido-a-guaido\\\/#breadcrumb\",\"itemListElement\":[{\"@type\":\"ListItem\",\"position\":1,\"name\":\"Home\",\"item\":\"https:\\\/\\\/digital58.com.ve\\\/site\\\/\"},{\"@type\":\"ListItem\",\"position\":2,\"name\":\"Zapatero: \u00abHay gobiernos que se arrepienten de haber reconocido a Guaid\u00f3\u00bb\"}]},{\"@type\":\"WebSite\",\"@id\":\"https:\\\/\\\/digital58.com.ve\\\/site\\\/#website\",\"url\":\"https:\\\/\\\/digital58.com.ve\\\/site\\\/\",\"name\":\"Noticias Digital58\",\"description\":\"Portal de Noticias \u00a1Periodismo web de verdad! Lanzamiento web 22.11.2005 \\\/ Maracaibo, Venezuela\",\"publisher\":{\"@id\":\"https:\\\/\\\/digital58.com.ve\\\/site\\\/#\\\/schema\\\/person\\\/64d1c2e4d0d4fd1b849980c4331c2951\"},\"alternateName\":\"ND58\",\"potentialAction\":[{\"@type\":\"SearchAction\",\"target\":{\"@type\":\"EntryPoint\",\"urlTemplate\":\"https:\\\/\\\/digital58.com.ve\\\/site\\\/?s={search_term_string}\"},\"query-input\":{\"@type\":\"PropertyValueSpecification\",\"valueRequired\":true,\"valueName\":\"search_term_string\"}}],\"inLanguage\":\"es\"},{\"@type\":[\"Person\",\"Organization\"],\"@id\":\"https:\\\/\\\/digital58.com.ve\\\/site\\\/#\\\/schema\\\/person\\\/64d1c2e4d0d4fd1b849980c4331c2951\",\"name\":\"Villasmil Henry\",\"image\":{\"@type\":\"ImageObject\",\"inLanguage\":\"es\",\"@id\":\"https:\\\/\\\/secure.gravatar.com\\\/avatar\\\/bb0c4a2fcb7970138239f7e404ea75757b1b507b28b5ce4c53fbd62d797c5a7c?s=96&d=mm&r=g\",\"url\":\"https:\\\/\\\/secure.gravatar.com\\\/avatar\\\/bb0c4a2fcb7970138239f7e404ea75757b1b507b28b5ce4c53fbd62d797c5a7c?s=96&d=mm&r=g\",\"contentUrl\":\"https:\\\/\\\/secure.gravatar.com\\\/avatar\\\/bb0c4a2fcb7970138239f7e404ea75757b1b507b28b5ce4c53fbd62d797c5a7c?s=96&d=mm&r=g\",\"caption\":\"Villasmil Henry\"},\"logo\":{\"@id\":\"https:\\\/\\\/secure.gravatar.com\\\/avatar\\\/bb0c4a2fcb7970138239f7e404ea75757b1b507b28b5ce4c53fbd62d797c5a7c?s=96&d=mm&r=g\"},\"sameAs\":[\"http:\\\/\\\/www.henryvillasmil.com.ve\",\"https:\\\/\\\/www.instagram.com\\\/villasmilhfoto\\\/\",\"https:\\\/\\\/x.com\\\/https:\\\/\\\/twitter.com\\\/villasmilhfoto\"]},{\"@type\":\"Person\",\"@id\":\"https:\\\/\\\/digital58.com.ve\\\/site\\\/#\\\/schema\\\/person\\\/c61667ce6845137620ee3f0aaabade17\",\"name\":\"Molero Luis\",\"image\":{\"@type\":\"ImageObject\",\"inLanguage\":\"es\",\"@id\":\"https:\\\/\\\/secure.gravatar.com\\\/avatar\\\/bf041ec637e3e7405449807deb2f7cf3d2de7c6fa755dd56e985201de9863f2b?s=96&d=mm&r=g\",\"url\":\"https:\\\/\\\/secure.gravatar.com\\\/avatar\\\/bf041ec637e3e7405449807deb2f7cf3d2de7c6fa755dd56e985201de9863f2b?s=96&d=mm&r=g\",\"contentUrl\":\"https:\\\/\\\/secure.gravatar.com\\\/avatar\\\/bf041ec637e3e7405449807deb2f7cf3d2de7c6fa755dd56e985201de9863f2b?s=96&d=mm&r=g\",\"caption\":\"Molero Luis\"},\"url\":\"https:\\\/\\\/digital58.com.ve\\\/site\\\/author\\\/luismolero\\\/\"}]}<\/script>\n<!-- \/ Yoast SEO plugin. -->","yoast_head_json":{"title":"Zapatero: \u00abHay gobiernos que se arrepienten de haber reconocido a Guaid\u00f3\u00bb","robots":{"index":"index","follow":"follow","max-snippet":"max-snippet:-1","max-image-preview":"max-image-preview:large","max-video-preview":"max-video-preview:-1"},"canonical":"https:\/\/digital58.com.ve\/site\/2020\/06\/28\/zapatero-hay-gobiernos-que-se-arrepienten-de-haber-reconocido-a-guaido\/","og_locale":"es_ES","og_type":"article","og_title":"Zapatero: \u00abHay gobiernos que se arrepienten de haber reconocido a Guaid\u00f3\u00bb","og_url":"https:\/\/digital58.com.ve\/site\/2020\/06\/28\/zapatero-hay-gobiernos-que-se-arrepienten-de-haber-reconocido-a-guaido\/","og_site_name":"Noticias Digital58","article_published_time":"2020-06-28T19:39:54+00:00","article_modified_time":"2020-07-02T16:05:51+00:00","og_image":[{"width":980,"height":599,"url":"https:\/\/digital58.com.ve\/site\/wp-content\/uploads\/2020\/06\/1521134357_837630_1521134707_noticia_normal.jpg","type":"image\/jpeg"}],"author":"Molero Luis","twitter_card":"summary_large_image","twitter_creator":"@Digital_58","twitter_site":"@villasmilhfoto","twitter_misc":{"Escrito por":"Molero Luis","Tiempo estimado de lectura":"2 minutos"},"schema":{"@context":"https:\/\/schema.org","@graph":[{"@type":"Article","@id":"https:\/\/digital58.com.ve\/site\/2020\/06\/28\/zapatero-hay-gobiernos-que-se-arrepienten-de-haber-reconocido-a-guaido\/#article","isPartOf":{"@id":"https:\/\/digital58.com.ve\/site\/2020\/06\/28\/zapatero-hay-gobiernos-que-se-arrepienten-de-haber-reconocido-a-guaido\/"},"author":{"name":"Molero Luis","@id":"https:\/\/digital58.com.ve\/site\/#\/schema\/person\/c61667ce6845137620ee3f0aaabade17"},"headline":"Zapatero: \u00abHay gobiernos que se arrepienten de haber reconocido a Guaid\u00f3\u00bb","datePublished":"2020-06-28T19:39:54+00:00","dateModified":"2020-07-02T16:05:51+00:00","mainEntityOfPage":{"@id":"https:\/\/digital58.com.ve\/site\/2020\/06\/28\/zapatero-hay-gobiernos-que-se-arrepienten-de-haber-reconocido-a-guaido\/"},"wordCount":391,"commentCount":0,"publisher":{"@id":"https:\/\/digital58.com.ve\/site\/#\/schema\/person\/64d1c2e4d0d4fd1b849980c4331c2951"},"image":{"@id":"https:\/\/digital58.com.ve\/site\/2020\/06\/28\/zapatero-hay-gobiernos-que-se-arrepienten-de-haber-reconocido-a-guaido\/#primaryimage"},"thumbnailUrl":"https:\/\/digital58.com.ve\/site\/wp-content\/uploads\/2020\/06\/1521134357_837630_1521134707_noticia_normal.jpg","keywords":["Espa\u00f1a","Internacionales","Jos\u00e9 Luis Rodr\u00edguez Zapatero","Juan Guaid\u00f3"],"articleSection":["Mundo"],"inLanguage":"es","potentialAction":[{"@type":"CommentAction","name":"Comment","target":["https:\/\/digital58.com.ve\/site\/2020\/06\/28\/zapatero-hay-gobiernos-que-se-arrepienten-de-haber-reconocido-a-guaido\/#respond"]}]},{"@type":"WebPage","@id":"https:\/\/digital58.com.ve\/site\/2020\/06\/28\/zapatero-hay-gobiernos-que-se-arrepienten-de-haber-reconocido-a-guaido\/","url":"https:\/\/digital58.com.ve\/site\/2020\/06\/28\/zapatero-hay-gobiernos-que-se-arrepienten-de-haber-reconocido-a-guaido\/","name":"Zapatero: \u00abHay gobiernos que se arrepienten de haber reconocido a Guaid\u00f3\u00bb","isPartOf":{"@id":"https:\/\/digital58.com.ve\/site\/#website"},"primaryImageOfPage":{"@id":"https:\/\/digital58.com.ve\/site\/2020\/06\/28\/zapatero-hay-gobiernos-que-se-arrepienten-de-haber-reconocido-a-guaido\/#primaryimage"},"image":{"@id":"https:\/\/digital58.com.ve\/site\/2020\/06\/28\/zapatero-hay-gobiernos-que-se-arrepienten-de-haber-reconocido-a-guaido\/#primaryimage"},"thumbnailUrl":"https:\/\/digital58.com.ve\/site\/wp-content\/uploads\/2020\/06\/1521134357_837630_1521134707_noticia_normal.jpg","datePublished":"2020-06-28T19:39:54+00:00","dateModified":"2020-07-02T16:05:51+00:00","breadcrumb":{"@id":"https:\/\/digital58.com.ve\/site\/2020\/06\/28\/zapatero-hay-gobiernos-que-se-arrepienten-de-haber-reconocido-a-guaido\/#breadcrumb"},"inLanguage":"es","potentialAction":[{"@type":"ReadAction","target":["https:\/\/digital58.com.ve\/site\/2020\/06\/28\/zapatero-hay-gobiernos-que-se-arrepienten-de-haber-reconocido-a-guaido\/"]}]},{"@type":"ImageObject","inLanguage":"es","@id":"https:\/\/digital58.com.ve\/site\/2020\/06\/28\/zapatero-hay-gobiernos-que-se-arrepienten-de-haber-reconocido-a-guaido\/#primaryimage","url":"https:\/\/digital58.com.ve\/site\/wp-content\/uploads\/2020\/06\/1521134357_837630_1521134707_noticia_normal.jpg","contentUrl":"https:\/\/digital58.com.ve\/site\/wp-content\/uploads\/2020\/06\/1521134357_837630_1521134707_noticia_normal.jpg","width":980,"height":599},{"@type":"BreadcrumbList","@id":"https:\/\/digital58.com.ve\/site\/2020\/06\/28\/zapatero-hay-gobiernos-que-se-arrepienten-de-haber-reconocido-a-guaido\/#breadcrumb","itemListElement":[{"@type":"ListItem","position":1,"name":"Home","item":"https:\/\/digital58.com.ve\/site\/"},{"@type":"ListItem","position":2,"name":"Zapatero: \u00abHay gobiernos que se arrepienten de haber reconocido a Guaid\u00f3\u00bb"}]},{"@type":"WebSite","@id":"https:\/\/digital58.com.ve\/site\/#website","url":"https:\/\/digital58.com.ve\/site\/","name":"Noticias Digital58","description":"Portal de Noticias \u00a1Periodismo web de verdad! Lanzamiento web 22.11.2005 \/ Maracaibo, Venezuela","publisher":{"@id":"https:\/\/digital58.com.ve\/site\/#\/schema\/person\/64d1c2e4d0d4fd1b849980c4331c2951"},"alternateName":"ND58","potentialAction":[{"@type":"SearchAction","target":{"@type":"EntryPoint","urlTemplate":"https:\/\/digital58.com.ve\/site\/?s={search_term_string}"},"query-input":{"@type":"PropertyValueSpecification","valueRequired":true,"valueName":"search_term_string"}}],"inLanguage":"es"},{"@type":["Person","Organization"],"@id":"https:\/\/digital58.com.ve\/site\/#\/schema\/person\/64d1c2e4d0d4fd1b849980c4331c2951","name":"Villasmil Henry","image":{"@type":"ImageObject","inLanguage":"es","@id":"https:\/\/secure.gravatar.com\/avatar\/bb0c4a2fcb7970138239f7e404ea75757b1b507b28b5ce4c53fbd62d797c5a7c?s=96&d=mm&r=g","url":"https:\/\/secure.gravatar.com\/avatar\/bb0c4a2fcb7970138239f7e404ea75757b1b507b28b5ce4c53fbd62d797c5a7c?s=96&d=mm&r=g","contentUrl":"https:\/\/secure.gravatar.com\/avatar\/bb0c4a2fcb7970138239f7e404ea75757b1b507b28b5ce4c53fbd62d797c5a7c?s=96&d=mm&r=g","caption":"Villasmil Henry"},"logo":{"@id":"https:\/\/secure.gravatar.com\/avatar\/bb0c4a2fcb7970138239f7e404ea75757b1b507b28b5ce4c53fbd62d797c5a7c?s=96&d=mm&r=g"},"sameAs":["http:\/\/www.henryvillasmil.com.ve","https:\/\/www.instagram.com\/villasmilhfoto\/","https:\/\/x.com\/https:\/\/twitter.com\/villasmilhfoto"]},{"@type":"Person","@id":"https:\/\/digital58.com.ve\/site\/#\/schema\/person\/c61667ce6845137620ee3f0aaabade17","name":"Molero Luis","image":{"@type":"ImageObject","inLanguage":"es","@id":"https:\/\/secure.gravatar.com\/avatar\/bf041ec637e3e7405449807deb2f7cf3d2de7c6fa755dd56e985201de9863f2b?s=96&d=mm&r=g","url":"https:\/\/secure.gravatar.com\/avatar\/bf041ec637e3e7405449807deb2f7cf3d2de7c6fa755dd56e985201de9863f2b?s=96&d=mm&r=g","contentUrl":"https:\/\/secure.gravatar.com\/avatar\/bf041ec637e3e7405449807deb2f7cf3d2de7c6fa755dd56e985201de9863f2b?s=96&d=mm&r=g","caption":"Molero Luis"},"url":"https:\/\/digital58.com.ve\/site\/author\/luismolero\/"}]}},"uagb_featured_image_src":{"full":["https:\/\/digital58.com.ve\/site\/wp-content\/uploads\/2020\/06\/1521134357_837630_1521134707_noticia_normal.jpg",980,599,false],"thumbnail":["https:\/\/digital58.com.ve\/site\/wp-content\/uploads\/2020\/06\/1521134357_837630_1521134707_noticia_normal-150x150.jpg",150,150,true],"medium":["https:\/\/digital58.com.ve\/site\/wp-content\/uploads\/2020\/06\/1521134357_837630_1521134707_noticia_normal-300x183.jpg",300,183,true],"medium_large":["https:\/\/digital58.com.ve\/site\/wp-content\/uploads\/2020\/06\/1521134357_837630_1521134707_noticia_normal-768x469.jpg",768,469,true],"large":["https:\/\/digital58.com.ve\/site\/wp-content\/uploads\/2020\/06\/1521134357_837630_1521134707_noticia_normal.jpg",800,489,false],"1536x1536":["https:\/\/digital58.com.ve\/site\/wp-content\/uploads\/2020\/06\/1521134357_837630_1521134707_noticia_normal.jpg",980,599,false],"2048x2048":["https:\/\/digital58.com.ve\/site\/wp-content\/uploads\/2020\/06\/1521134357_837630_1521134707_noticia_normal.jpg",980,599,false],"colormag-highlighted-post":["https:\/\/digital58.com.ve\/site\/wp-content\/uploads\/2020\/06\/1521134357_837630_1521134707_noticia_normal.jpg",392,240,false],"colormag-featured-post-medium":["https:\/\/digital58.com.ve\/site\/wp-content\/uploads\/2020\/06\/1521134357_837630_1521134707_noticia_normal.jpg",335,205,false],"colormag-featured-post-small":["https:\/\/digital58.com.ve\/site\/wp-content\/uploads\/2020\/06\/1521134357_837630_1521134707_noticia_normal.jpg",130,79,false],"colormag-featured-image":["https:\/\/digital58.com.ve\/site\/wp-content\/uploads\/2020\/06\/1521134357_837630_1521134707_noticia_normal.jpg",728,445,false],"colormag-default-news":["https:\/\/digital58.com.ve\/site\/wp-content\/uploads\/2020\/06\/1521134357_837630_1521134707_noticia_normal.jpg",150,92,false],"colormag-featured-image-large":["https:\/\/digital58.com.ve\/site\/wp-content\/uploads\/2020\/06\/1521134357_837630_1521134707_noticia_normal.jpg",980,599,false]},"uagb_author_info":{"display_name":"Molero Luis","author_link":"https:\/\/digital58.com.ve\/site\/author\/luismolero\/"},"uagb_comment_info":0,"uagb_excerpt":"Pronostic\u00f3 que pronto se ver\u00e1 a una Venezuela con m\u00e1s estabilidad, en cuanto el di\u00e1logo se imponga. Espa\u00f1a,\u00a0 28 de","_links":{"self":[{"href":"https:\/\/digital58.com.ve\/site\/wp-json\/wp\/v2\/posts\/109385","targetHints":{"allow":["GET"]}}],"collection":[{"href":"https:\/\/digital58.com.ve\/site\/wp-json\/wp\/v2\/posts"}],"about":[{"href":"https:\/\/digital58.com.ve\/site\/wp-json\/wp\/v2\/types\/post"}],"author":[{"embeddable":true,"href":"https:\/\/digital58.com.ve\/site\/wp-json\/wp\/v2\/users\/26"}],"replies":[{"embeddable":true,"href":"https:\/\/digital58.com.ve\/site\/wp-json\/wp\/v2\/comments?post=109385"}],"version-history":[{"count":0,"href":"https:\/\/digital58.com.ve\/site\/wp-json\/wp\/v2\/posts\/109385\/revisions"}],"wp:featuredmedia":[{"embeddable":true,"href":"https:\/\/digital58.com.ve\/site\/wp-json\/wp\/v2\/media\/109387"}],"wp:attachment":[{"href":"https:\/\/digital58.com.ve\/site\/wp-json\/wp\/v2\/media?parent=109385"}],"wp:term":[{"taxonomy":"category","embeddable":true,"href":"https:\/\/digital58.com.ve\/site\/wp-json\/wp\/v2\/categories?post=109385"},{"taxonomy":"post_tag","embeddable":true,"href":"https:\/\/digital58.com.ve\/site\/wp-json\/wp\/v2\/tags?post=109385"}],"curies":[{"name":"wp","href":"https:\/\/api.w.org\/{rel}","templated":true}]}}