{"id":109436,"date":"2020-06-29T11:19:12","date_gmt":"2020-06-29T15:19:12","guid":{"rendered":"https:\/\/digital58.com.ve\/site\/?p=109436"},"modified":"2020-06-29T11:19:12","modified_gmt":"2020-06-29T15:19:12","slug":"a-120-anos-del-nacimiento-del-creador-de-el-principito","status":"publish","type":"post","link":"https:\/\/digital58.com.ve\/site\/2020\/06\/29\/a-120-anos-del-nacimiento-del-creador-de-el-principito\/","title":{"rendered":"A 120 a\u00f1os del nacimiento del creador de \u00abEl Principito\u00bb"},"content":{"rendered":"<p><img loading=\"lazy\" decoding=\"async\" class=\"alignnone size-full wp-image-109565\" src=\"https:\/\/digital58.com.ve\/site\/wp-content\/uploads\/2020\/06\/el-principito.jpg\" alt=\"\" width=\"1100\" height=\"619\" srcset=\"https:\/\/digital58.com.ve\/site\/wp-content\/uploads\/2020\/06\/el-principito.jpg 800w, https:\/\/digital58.com.ve\/site\/wp-content\/uploads\/2020\/06\/el-principito-300x169.jpg 300w, https:\/\/digital58.com.ve\/site\/wp-content\/uploads\/2020\/06\/el-principito-768x432.jpg 768w\" sizes=\"auto, (max-width: 1100px) 100vw, 1100px\" \/><\/p>\r\n\r\n<p>El escritor se desarroll\u00f3 a la par, tanto en la actividad literaria como en su trabajo como aviador.<\/p>\r\n<p><strong>Maracaibo, Zulia, Venezuela, 29 de junio de 2020 (ND58).<\/strong>&#8211; Hoy se cumplen 120 a\u00f1os del nacimiento de uno de los escritores m\u00e1s emblem\u00e1ticos: \u00a0el novelista y aviador Antoine de Saint-Exup\u00e9ry, reconocido principalmente por ser el creador de \u00abEl Principito\u00bb.\u00a0 El 29 de junio de 1900 Francia vio nacer a este letrado.<\/p>\r\n<p>Desde muy temprana edad expres\u00f3 su deseo por la aviaci\u00f3n y se dedic\u00f3 a este ofici\u00f3, luego de prepararse mientras prestaba servicio militar.<\/p>\r\n<p>Cuando cumpli\u00f3 26 a\u00f1os, su vida dio un giro asombroso, cuando el franc\u00e9s p\u00fablico su primera novela breve \u00abel aviador\u00bb en \u00abLe Navire dargent, de J. Pr\u00e9vost\u00bb, posteriormente obtuvo un contrato como piloto en una agencia privada, correspondi\u00f3 a una etapa de inspiraci\u00f3n literaria, gratificada en experiencia.<\/p>\r\n<p>Saint-Exup\u00e9ry, logr\u00f3 ocupar el puesto de jefe de estaci\u00f3n a\u00e9rea en el Sahara espa\u00f1ol, y entonces para esa \u00e9poca desarroll\u00f3 su segunda novela Correo del Sur, en 1929.<\/p>\r\n<p>En 1930 se adentr\u00f3 en el mundo de cine, realizando adaptaciones cinematogr\u00e1ficas y otras actividades de entretenimiento.<\/p>\r\n<p>El autor de \u00abEl Principito\u00bb, creci\u00f3 como escritor realizando reportajes y art\u00edculos para reconocidas revistas.<\/p>\r\n<p>En tantos viajes que emprendi\u00f3, se vio involucrado en la guerra, viajando ha Mosc\u00fa y Espa\u00f1a tambi\u00e9n perteneci\u00f3 a las misiones de la aviaci\u00f3n francesa durante la Segunda Guerra Mundial.<\/p>\r\n<p>Tambi\u00e9n vol\u00f3 hacia Nueva York, y sus memorias quedaron plasmadas en \u00abPiloto de Guerra\u00bb, publicado en 1942.<\/p>\r\n<p style=\"text-align: center;\">Por su parte, su mayor obra,<strong> el \u00abEl Principito\u00bb, es reconocida a nivel mundial como una de las mejores creaciones literarias del siglo XX, siendo traducida y publicada en m\u00e1s de 250 idiomas. <br \/><br \/><div class=\"lyte-wrapper\" title=\"El Principito - El Zorro\" style=\"width:640px;max-width:100%;margin:5px auto;\"><div class=\"lyMe\" id=\"WYL_lJ4Z27SnbQg\" itemprop=\"video\" itemscope itemtype=\"https:\/\/schema.org\/VideoObject\"><div><meta itemprop=\"thumbnailUrl\" content=\"https:\/\/i.ytimg.com\/vi\/lJ4Z27SnbQg\/hqdefault.jpg\" \/><meta itemprop=\"embedURL\" content=\"https:\/\/www.youtube.com\/embed\/lJ4Z27SnbQg\" \/><meta itemprop=\"duration\" content=\"PT4M22S\" \/><meta itemprop=\"uploadDate\" content=\"2016-01-08T23:10:46Z\" \/><\/div><div id=\"lyte_lJ4Z27SnbQg\" data-src=\"https:\/\/i.ytimg.com\/vi\/lJ4Z27SnbQg\/hqdefault.jpg\" class=\"pL\"><div class=\"tC\"><div class=\"tT\" itemprop=\"name\">El Principito - El Zorro<\/div><\/div><div class=\"play\"><\/div><div class=\"ctrl\"><div class=\"Lctrl\"><\/div><div class=\"Rctrl\"><\/div><\/div><\/div><noscript><a href=\"https:\/\/youtu.be\/lJ4Z27SnbQg\" rel=\"nofollow\"><img loading=\"lazy\" decoding=\"async\" src=\"https:\/\/i.ytimg.com\/vi\/lJ4Z27SnbQg\/0.jpg\" alt=\"El Principito - El Zorro\" width=\"640\" height=\"340\" \/><br \/>Ver este video en YouTube<\/a><\/noscript><meta itemprop=\"description\" content=\"Desde que le\u00ed por primera vez El principito, el Zorro siempre fue mi personaje favorito de la obra... Espero encontrar el mio y poder domesticarlo\"><\/div><\/div><div class=\"lL\" style=\"max-width:100%;width:640px;margin:5px auto;\"><\/div><\/strong><\/p>\r\n<p>En febrero de 1939, el escritor y piloto franc\u00e9s, despeg\u00f3 desde la ciudad de Nueva York, rumb\u00f3\u00a0 a Punta Arenas, Chile, una de las escalas dentro del viaje para abastecerse de combustible fue en Guatemala, pa\u00eds que en ese entonces era desconocido.<\/p>\r\n<p>Debido a que su esposa Consuelo Sunc\u00edn de origen salvadore\u00f1o, era anteriormente viuda del escritor guatemalteco Enrique G\u00f3mez Carillo, el avi\u00f3n donde viajaba el piloto aterriz\u00f3 en el aeropuerto \u00abLa Aurora\u00bb, pero se sobrecargo de gasolina hasta lastimosamente despegar y estrellarse en el final de la pista.<\/p>\r\n<p>Aunque sobrevivieron el tripulante y su piloto fueron trasladados al Hospital San Juan de Dios, y luego al Militar.<\/p>\r\n<p>Saint-Exup\u00e9ry, estuvo cinco d\u00edas en coma, a consecuencia de grandes quemaduras y fracturas, lo que lo llev\u00f3 a someterse a varias operaciones, lo que hizo que el escritor viviera algunos meses en el pa\u00eds, primero en el Hotel Palace y luego en una casa enorme, ubicada en Antigua Guatemala.<\/p>\r\n<p><img loading=\"lazy\" decoding=\"async\" class=\"wp-image-109504 aligncenter\" src=\"https:\/\/digital58.com.ve\/site\/wp-content\/uploads\/2020\/06\/LV_20140707_LV_FOTOS_D_54410840402-992x558@LaVanguardia-Web_4_2_578249873-300x169.jpg\" alt=\"\" width=\"430\" height=\"242\" srcset=\"https:\/\/digital58.com.ve\/site\/wp-content\/uploads\/2020\/06\/LV_20140707_LV_FOTOS_D_54410840402-992x558@LaVanguardia-Web_4_2_578249873-300x169.jpg 300w, https:\/\/digital58.com.ve\/site\/wp-content\/uploads\/2020\/06\/LV_20140707_LV_FOTOS_D_54410840402-992x558@LaVanguardia-Web_4_2_578249873-768x432.jpg 768w, https:\/\/digital58.com.ve\/site\/wp-content\/uploads\/2020\/06\/LV_20140707_LV_FOTOS_D_54410840402-992x558@LaVanguardia-Web_4_2_578249873.jpg 800w\" sizes=\"auto, (max-width: 430px) 100vw, 430px\" \/><\/p>\r\n<p>En 1941, escribi\u00f3 esta famosa obra, que seg\u00fan los historiadores estuvo inspirada en Antigua, la ciudad de las rosas, rodeada de volcanes.<\/p>\r\n<p>Un poeta e investigador de nacionalidad argentina, que reside en Guatamela, Jorge Carrol, argument\u00f3 que el asteroide B 612, ( plasmado en el libro), es la Antigua. En el cap\u00edtulo 20, el franc\u00e9s relat\u00f3: \u00abMe cre\u00eda rico con una flor \u00fanica y no poseo m\u00e1s que una rosa ordinaria. La rosa y mis tres volcanes que me llegan a la rodilla, uno de los cuales quiz\u00e1 est\u00e1 apagado para siempre\u00bb.<\/p>\r\n<p>Lamentablemente el 31 de julio de 1944, el autor de esta magn\u00edfica obra se encontraba abordo de un Lockheed Lightsning P-38 y desapareci\u00f3 en el Mar Mediterr\u00e1neo, su muerte es un misterio y sus restos nunca fueron encontrados.<\/p>\r\n<p>\u00abHe aqu\u00ed mi secreto, que no puede ser m\u00e1s simple: s\u00f3lo con el coraz\u00f3n se puede ver bien; lo esencial es invisible a los ojos\u00bb, \u00abEl Principito\u00bb.<\/p>\r\n<p><img loading=\"lazy\" decoding=\"async\" class=\"wp-image-109498 aligncenter\" src=\"https:\/\/digital58.com.ve\/site\/wp-content\/uploads\/2020\/06\/El-Principito-Antoine-de-Saint-Exupery-300x169.jpg\" alt=\"\" width=\"451\" height=\"255\" srcset=\"https:\/\/digital58.com.ve\/site\/wp-content\/uploads\/2020\/06\/El-Principito-Antoine-de-Saint-Exupery-300x169.jpg 300w, https:\/\/digital58.com.ve\/site\/wp-content\/uploads\/2020\/06\/El-Principito-Antoine-de-Saint-Exupery-768x432.jpg 768w, https:\/\/digital58.com.ve\/site\/wp-content\/uploads\/2020\/06\/El-Principito-Antoine-de-Saint-Exupery.jpg 800w\" sizes=\"auto, (max-width: 451px) 100vw, 451px\" \/><\/p><div class=\"hvwsf69eee3f2827c2\" ><p style=\"text-align: center;\"><a href=\"https:\/\/t.me\/noticiasdigital58\" target=\"_blank\" rel=\"noopener\"><img class=\"aligncenter size-full wp-image-125363\" src=\"https:\/\/digital58.com.ve\/site\/wp-content\/uploads\/2021\/04\/banner-telegram-web-2021.png\" alt=\"\" width=\"600\" height=\"90\" \/><\/a><\/p><\/div><style type=\"text\/css\">\r\n@media screen and (min-width: 1201px) {\r\n.hvwsf69eee3f2827c2 {\r\ndisplay: block;\r\n}\r\n}\r\n@media screen and (min-width: 993px) and (max-width: 1200px) {\r\n.hvwsf69eee3f2827c2 {\r\ndisplay: block;\r\n}\r\n}\r\n@media screen and (min-width: 769px) and (max-width: 992px) {\r\n.hvwsf69eee3f2827c2 {\r\ndisplay: block;\r\n}\r\n}\r\n@media screen and (min-width: 768px) and (max-width: 768px) {\r\n.hvwsf69eee3f2827c2 {\r\ndisplay: block;\r\n}\r\n}\r\n@media screen and (max-width: 767px) {\r\n.hvwsf69eee3f2827c2 {\r\ndisplay: block;\r\n}\r\n}\r\n<\/style>\r\n\r\n<p><strong>Redacci\u00f3n: Rubio, Laura Isabel (@lauraisabelrubio) <\/strong><br \/><strong>Edici\u00f3n: Villasmil, Henry<\/strong><br \/><strong>Gr\u00e1ficas: Cortes\u00eda<\/strong><\/p>\r\n<div style=\"margin-top: 0px; margin-bottom: 0px;\" class=\"sharethis-inline-share-buttons\" ><\/div>","protected":false},"excerpt":{"rendered":"<p>El escritor se desarroll\u00f3 a la par, tanto en la actividad literaria como en su trabajo como aviador. Maracaibo, Zulia,<\/p>\n","protected":false},"author":28,"featured_media":109565,"comment_status":"open","ping_status":"closed","sticky":false,"template":"","format":"standard","meta":{"colormag_page_container_layout":"default_layout","colormag_page_sidebar_layout":"default_layout","_uag_custom_page_level_css":"","footnotes":""},"categories":[8608],"tags":[16593,159,1165,7275],"class_list":["post-109436","post","type-post","status-publish","format-standard","has-post-thumbnail","hentry","category-reportajes-especiales","tag-antoine-de-saint-exupery","tag-efemerides","tag-el-principito","tag-obras-literarias"],"yoast_head":"<!-- This site is optimized with the Yoast SEO plugin v27.4 - https:\/\/yoast.com\/product\/yoast-seo-wordpress\/ -->\n<title>A 120 a\u00f1os del nacimiento del creador de \u00abEl Principito\u00bb<\/title>\n<meta name=\"robots\" content=\"index, follow, max-snippet:-1, max-image-preview:large, max-video-preview:-1\" \/>\n<link rel=\"canonical\" href=\"https:\/\/digital58.com.ve\/site\/2020\/06\/29\/a-120-anos-del-nacimiento-del-creador-de-el-principito\/\" \/>\n<meta property=\"og:locale\" content=\"es_ES\" \/>\n<meta property=\"og:type\" content=\"article\" \/>\n<meta property=\"og:title\" content=\"A 120 a\u00f1os del nacimiento del creador de \u00abEl Principito\u00bb\" \/>\n<meta property=\"og:url\" content=\"https:\/\/digital58.com.ve\/site\/2020\/06\/29\/a-120-anos-del-nacimiento-del-creador-de-el-principito\/\" \/>\n<meta property=\"og:site_name\" content=\"Noticias Digital58\" \/>\n<meta property=\"article:published_time\" content=\"2020-06-29T15:19:12+00:00\" \/>\n<meta property=\"og:image\" content=\"https:\/\/digital58.com.ve\/site\/wp-content\/uploads\/2020\/06\/el-principito.jpg\" \/>\n\t<meta property=\"og:image:width\" content=\"1100\" \/>\n\t<meta property=\"og:image:height\" content=\"619\" \/>\n\t<meta property=\"og:image:type\" content=\"image\/jpeg\" \/>\n<meta name=\"author\" content=\"Rubio Laura Isabel\" \/>\n<meta name=\"twitter:card\" content=\"summary_large_image\" \/>\n<meta name=\"twitter:creator\" content=\"@Digital_58\" \/>\n<meta name=\"twitter:site\" content=\"@villasmilhfoto\" \/>\n<meta name=\"twitter:label1\" content=\"Escrito por\" \/>\n\t<meta name=\"twitter:data1\" content=\"Rubio Laura Isabel\" \/>\n\t<meta name=\"twitter:label2\" content=\"Tiempo estimado de lectura\" \/>\n\t<meta name=\"twitter:data2\" content=\"3 minutos\" \/>\n<script type=\"application\/ld+json\" class=\"yoast-schema-graph\">{\"@context\":\"https:\\\/\\\/schema.org\",\"@graph\":[{\"@type\":\"Article\",\"@id\":\"https:\\\/\\\/digital58.com.ve\\\/site\\\/2020\\\/06\\\/29\\\/a-120-anos-del-nacimiento-del-creador-de-el-principito\\\/#article\",\"isPartOf\":{\"@id\":\"https:\\\/\\\/digital58.com.ve\\\/site\\\/2020\\\/06\\\/29\\\/a-120-anos-del-nacimiento-del-creador-de-el-principito\\\/\"},\"author\":{\"name\":\"Rubio Laura Isabel\",\"@id\":\"https:\\\/\\\/digital58.com.ve\\\/site\\\/#\\\/schema\\\/person\\\/6672bab44ab958838204ebb2cb0e8d52\"},\"headline\":\"A 120 a\u00f1os del nacimiento del creador de \u00abEl Principito\u00bb\",\"datePublished\":\"2020-06-29T15:19:12+00:00\",\"mainEntityOfPage\":{\"@id\":\"https:\\\/\\\/digital58.com.ve\\\/site\\\/2020\\\/06\\\/29\\\/a-120-anos-del-nacimiento-del-creador-de-el-principito\\\/\"},\"wordCount\":641,\"commentCount\":0,\"publisher\":{\"@id\":\"https:\\\/\\\/digital58.com.ve\\\/site\\\/#\\\/schema\\\/person\\\/64d1c2e4d0d4fd1b849980c4331c2951\"},\"image\":{\"@id\":\"https:\\\/\\\/digital58.com.ve\\\/site\\\/2020\\\/06\\\/29\\\/a-120-anos-del-nacimiento-del-creador-de-el-principito\\\/#primaryimage\"},\"thumbnailUrl\":\"https:\\\/\\\/digital58.com.ve\\\/site\\\/wp-content\\\/uploads\\\/2020\\\/06\\\/el-principito.jpg\",\"keywords\":[\"Antoine de Saint-Exup\u00e9ry\",\"Efem\u00e9rides\",\"El principito\",\"Obras literarias\"],\"articleSection\":[\"Reportajes Especiales\"],\"inLanguage\":\"es\",\"potentialAction\":[{\"@type\":\"CommentAction\",\"name\":\"Comment\",\"target\":[\"https:\\\/\\\/digital58.com.ve\\\/site\\\/2020\\\/06\\\/29\\\/a-120-anos-del-nacimiento-del-creador-de-el-principito\\\/#respond\"]}]},{\"@type\":\"WebPage\",\"@id\":\"https:\\\/\\\/digital58.com.ve\\\/site\\\/2020\\\/06\\\/29\\\/a-120-anos-del-nacimiento-del-creador-de-el-principito\\\/\",\"url\":\"https:\\\/\\\/digital58.com.ve\\\/site\\\/2020\\\/06\\\/29\\\/a-120-anos-del-nacimiento-del-creador-de-el-principito\\\/\",\"name\":\"A 120 a\u00f1os del nacimiento del creador de \u00abEl Principito\u00bb\",\"isPartOf\":{\"@id\":\"https:\\\/\\\/digital58.com.ve\\\/site\\\/#website\"},\"primaryImageOfPage\":{\"@id\":\"https:\\\/\\\/digital58.com.ve\\\/site\\\/2020\\\/06\\\/29\\\/a-120-anos-del-nacimiento-del-creador-de-el-principito\\\/#primaryimage\"},\"image\":{\"@id\":\"https:\\\/\\\/digital58.com.ve\\\/site\\\/2020\\\/06\\\/29\\\/a-120-anos-del-nacimiento-del-creador-de-el-principito\\\/#primaryimage\"},\"thumbnailUrl\":\"https:\\\/\\\/digital58.com.ve\\\/site\\\/wp-content\\\/uploads\\\/2020\\\/06\\\/el-principito.jpg\",\"datePublished\":\"2020-06-29T15:19:12+00:00\",\"breadcrumb\":{\"@id\":\"https:\\\/\\\/digital58.com.ve\\\/site\\\/2020\\\/06\\\/29\\\/a-120-anos-del-nacimiento-del-creador-de-el-principito\\\/#breadcrumb\"},\"inLanguage\":\"es\",\"potentialAction\":[{\"@type\":\"ReadAction\",\"target\":[\"https:\\\/\\\/digital58.com.ve\\\/site\\\/2020\\\/06\\\/29\\\/a-120-anos-del-nacimiento-del-creador-de-el-principito\\\/\"]}]},{\"@type\":\"ImageObject\",\"inLanguage\":\"es\",\"@id\":\"https:\\\/\\\/digital58.com.ve\\\/site\\\/2020\\\/06\\\/29\\\/a-120-anos-del-nacimiento-del-creador-de-el-principito\\\/#primaryimage\",\"url\":\"https:\\\/\\\/digital58.com.ve\\\/site\\\/wp-content\\\/uploads\\\/2020\\\/06\\\/el-principito.jpg\",\"contentUrl\":\"https:\\\/\\\/digital58.com.ve\\\/site\\\/wp-content\\\/uploads\\\/2020\\\/06\\\/el-principito.jpg\",\"width\":800,\"height\":450},{\"@type\":\"BreadcrumbList\",\"@id\":\"https:\\\/\\\/digital58.com.ve\\\/site\\\/2020\\\/06\\\/29\\\/a-120-anos-del-nacimiento-del-creador-de-el-principito\\\/#breadcrumb\",\"itemListElement\":[{\"@type\":\"ListItem\",\"position\":1,\"name\":\"Home\",\"item\":\"https:\\\/\\\/digital58.com.ve\\\/site\\\/\"},{\"@type\":\"ListItem\",\"position\":2,\"name\":\"A 120 a\u00f1os del nacimiento del creador de \u00abEl Principito\u00bb\"}]},{\"@type\":\"WebSite\",\"@id\":\"https:\\\/\\\/digital58.com.ve\\\/site\\\/#website\",\"url\":\"https:\\\/\\\/digital58.com.ve\\\/site\\\/\",\"name\":\"Noticias Digital58\",\"description\":\"Portal de Noticias \u00a1Periodismo web de verdad! Lanzamiento web 22.11.2005 \\\/ Maracaibo, Venezuela\",\"publisher\":{\"@id\":\"https:\\\/\\\/digital58.com.ve\\\/site\\\/#\\\/schema\\\/person\\\/64d1c2e4d0d4fd1b849980c4331c2951\"},\"alternateName\":\"ND58\",\"potentialAction\":[{\"@type\":\"SearchAction\",\"target\":{\"@type\":\"EntryPoint\",\"urlTemplate\":\"https:\\\/\\\/digital58.com.ve\\\/site\\\/?s={search_term_string}\"},\"query-input\":{\"@type\":\"PropertyValueSpecification\",\"valueRequired\":true,\"valueName\":\"search_term_string\"}}],\"inLanguage\":\"es\"},{\"@type\":[\"Person\",\"Organization\"],\"@id\":\"https:\\\/\\\/digital58.com.ve\\\/site\\\/#\\\/schema\\\/person\\\/64d1c2e4d0d4fd1b849980c4331c2951\",\"name\":\"Villasmil Henry\",\"image\":{\"@type\":\"ImageObject\",\"inLanguage\":\"es\",\"@id\":\"https:\\\/\\\/secure.gravatar.com\\\/avatar\\\/bb0c4a2fcb7970138239f7e404ea75757b1b507b28b5ce4c53fbd62d797c5a7c?s=96&d=mm&r=g\",\"url\":\"https:\\\/\\\/secure.gravatar.com\\\/avatar\\\/bb0c4a2fcb7970138239f7e404ea75757b1b507b28b5ce4c53fbd62d797c5a7c?s=96&d=mm&r=g\",\"contentUrl\":\"https:\\\/\\\/secure.gravatar.com\\\/avatar\\\/bb0c4a2fcb7970138239f7e404ea75757b1b507b28b5ce4c53fbd62d797c5a7c?s=96&d=mm&r=g\",\"caption\":\"Villasmil Henry\"},\"logo\":{\"@id\":\"https:\\\/\\\/secure.gravatar.com\\\/avatar\\\/bb0c4a2fcb7970138239f7e404ea75757b1b507b28b5ce4c53fbd62d797c5a7c?s=96&d=mm&r=g\"},\"sameAs\":[\"http:\\\/\\\/www.henryvillasmil.com.ve\",\"https:\\\/\\\/www.instagram.com\\\/villasmilhfoto\\\/\",\"https:\\\/\\\/x.com\\\/https:\\\/\\\/twitter.com\\\/villasmilhfoto\"]},{\"@type\":\"Person\",\"@id\":\"https:\\\/\\\/digital58.com.ve\\\/site\\\/#\\\/schema\\\/person\\\/6672bab44ab958838204ebb2cb0e8d52\",\"name\":\"Rubio Laura Isabel\",\"image\":{\"@type\":\"ImageObject\",\"inLanguage\":\"es\",\"@id\":\"https:\\\/\\\/secure.gravatar.com\\\/avatar\\\/f7cc56b26fb0562df4488ff129a58c3c1a1bd264c9af5f313a9b1797fff1cfb9?s=96&d=mm&r=g\",\"url\":\"https:\\\/\\\/secure.gravatar.com\\\/avatar\\\/f7cc56b26fb0562df4488ff129a58c3c1a1bd264c9af5f313a9b1797fff1cfb9?s=96&d=mm&r=g\",\"contentUrl\":\"https:\\\/\\\/secure.gravatar.com\\\/avatar\\\/f7cc56b26fb0562df4488ff129a58c3c1a1bd264c9af5f313a9b1797fff1cfb9?s=96&d=mm&r=g\",\"caption\":\"Rubio Laura Isabel\"},\"url\":\"https:\\\/\\\/digital58.com.ve\\\/site\\\/author\\\/laurarubio\\\/\"}]}<\/script>\n<!-- \/ Yoast SEO plugin. -->","yoast_head_json":{"title":"A 120 a\u00f1os del nacimiento del creador de \u00abEl Principito\u00bb","robots":{"index":"index","follow":"follow","max-snippet":"max-snippet:-1","max-image-preview":"max-image-preview:large","max-video-preview":"max-video-preview:-1"},"canonical":"https:\/\/digital58.com.ve\/site\/2020\/06\/29\/a-120-anos-del-nacimiento-del-creador-de-el-principito\/","og_locale":"es_ES","og_type":"article","og_title":"A 120 a\u00f1os del nacimiento del creador de \u00abEl Principito\u00bb","og_url":"https:\/\/digital58.com.ve\/site\/2020\/06\/29\/a-120-anos-del-nacimiento-del-creador-de-el-principito\/","og_site_name":"Noticias Digital58","article_published_time":"2020-06-29T15:19:12+00:00","og_image":[{"width":1100,"height":619,"url":"https:\/\/digital58.com.ve\/site\/wp-content\/uploads\/2020\/06\/el-principito.jpg","type":"image\/jpeg"}],"author":"Rubio Laura Isabel","twitter_card":"summary_large_image","twitter_creator":"@Digital_58","twitter_site":"@villasmilhfoto","twitter_misc":{"Escrito por":"Rubio Laura Isabel","Tiempo estimado de lectura":"3 minutos"},"schema":{"@context":"https:\/\/schema.org","@graph":[{"@type":"Article","@id":"https:\/\/digital58.com.ve\/site\/2020\/06\/29\/a-120-anos-del-nacimiento-del-creador-de-el-principito\/#article","isPartOf":{"@id":"https:\/\/digital58.com.ve\/site\/2020\/06\/29\/a-120-anos-del-nacimiento-del-creador-de-el-principito\/"},"author":{"name":"Rubio Laura Isabel","@id":"https:\/\/digital58.com.ve\/site\/#\/schema\/person\/6672bab44ab958838204ebb2cb0e8d52"},"headline":"A 120 a\u00f1os del nacimiento del creador de \u00abEl Principito\u00bb","datePublished":"2020-06-29T15:19:12+00:00","mainEntityOfPage":{"@id":"https:\/\/digital58.com.ve\/site\/2020\/06\/29\/a-120-anos-del-nacimiento-del-creador-de-el-principito\/"},"wordCount":641,"commentCount":0,"publisher":{"@id":"https:\/\/digital58.com.ve\/site\/#\/schema\/person\/64d1c2e4d0d4fd1b849980c4331c2951"},"image":{"@id":"https:\/\/digital58.com.ve\/site\/2020\/06\/29\/a-120-anos-del-nacimiento-del-creador-de-el-principito\/#primaryimage"},"thumbnailUrl":"https:\/\/digital58.com.ve\/site\/wp-content\/uploads\/2020\/06\/el-principito.jpg","keywords":["Antoine de Saint-Exup\u00e9ry","Efem\u00e9rides","El principito","Obras literarias"],"articleSection":["Reportajes Especiales"],"inLanguage":"es","potentialAction":[{"@type":"CommentAction","name":"Comment","target":["https:\/\/digital58.com.ve\/site\/2020\/06\/29\/a-120-anos-del-nacimiento-del-creador-de-el-principito\/#respond"]}]},{"@type":"WebPage","@id":"https:\/\/digital58.com.ve\/site\/2020\/06\/29\/a-120-anos-del-nacimiento-del-creador-de-el-principito\/","url":"https:\/\/digital58.com.ve\/site\/2020\/06\/29\/a-120-anos-del-nacimiento-del-creador-de-el-principito\/","name":"A 120 a\u00f1os del nacimiento del creador de \u00abEl Principito\u00bb","isPartOf":{"@id":"https:\/\/digital58.com.ve\/site\/#website"},"primaryImageOfPage":{"@id":"https:\/\/digital58.com.ve\/site\/2020\/06\/29\/a-120-anos-del-nacimiento-del-creador-de-el-principito\/#primaryimage"},"image":{"@id":"https:\/\/digital58.com.ve\/site\/2020\/06\/29\/a-120-anos-del-nacimiento-del-creador-de-el-principito\/#primaryimage"},"thumbnailUrl":"https:\/\/digital58.com.ve\/site\/wp-content\/uploads\/2020\/06\/el-principito.jpg","datePublished":"2020-06-29T15:19:12+00:00","breadcrumb":{"@id":"https:\/\/digital58.com.ve\/site\/2020\/06\/29\/a-120-anos-del-nacimiento-del-creador-de-el-principito\/#breadcrumb"},"inLanguage":"es","potentialAction":[{"@type":"ReadAction","target":["https:\/\/digital58.com.ve\/site\/2020\/06\/29\/a-120-anos-del-nacimiento-del-creador-de-el-principito\/"]}]},{"@type":"ImageObject","inLanguage":"es","@id":"https:\/\/digital58.com.ve\/site\/2020\/06\/29\/a-120-anos-del-nacimiento-del-creador-de-el-principito\/#primaryimage","url":"https:\/\/digital58.com.ve\/site\/wp-content\/uploads\/2020\/06\/el-principito.jpg","contentUrl":"https:\/\/digital58.com.ve\/site\/wp-content\/uploads\/2020\/06\/el-principito.jpg","width":800,"height":450},{"@type":"BreadcrumbList","@id":"https:\/\/digital58.com.ve\/site\/2020\/06\/29\/a-120-anos-del-nacimiento-del-creador-de-el-principito\/#breadcrumb","itemListElement":[{"@type":"ListItem","position":1,"name":"Home","item":"https:\/\/digital58.com.ve\/site\/"},{"@type":"ListItem","position":2,"name":"A 120 a\u00f1os del nacimiento del creador de \u00abEl Principito\u00bb"}]},{"@type":"WebSite","@id":"https:\/\/digital58.com.ve\/site\/#website","url":"https:\/\/digital58.com.ve\/site\/","name":"Noticias Digital58","description":"Portal de Noticias \u00a1Periodismo web de verdad! Lanzamiento web 22.11.2005 \/ Maracaibo, Venezuela","publisher":{"@id":"https:\/\/digital58.com.ve\/site\/#\/schema\/person\/64d1c2e4d0d4fd1b849980c4331c2951"},"alternateName":"ND58","potentialAction":[{"@type":"SearchAction","target":{"@type":"EntryPoint","urlTemplate":"https:\/\/digital58.com.ve\/site\/?s={search_term_string}"},"query-input":{"@type":"PropertyValueSpecification","valueRequired":true,"valueName":"search_term_string"}}],"inLanguage":"es"},{"@type":["Person","Organization"],"@id":"https:\/\/digital58.com.ve\/site\/#\/schema\/person\/64d1c2e4d0d4fd1b849980c4331c2951","name":"Villasmil Henry","image":{"@type":"ImageObject","inLanguage":"es","@id":"https:\/\/secure.gravatar.com\/avatar\/bb0c4a2fcb7970138239f7e404ea75757b1b507b28b5ce4c53fbd62d797c5a7c?s=96&d=mm&r=g","url":"https:\/\/secure.gravatar.com\/avatar\/bb0c4a2fcb7970138239f7e404ea75757b1b507b28b5ce4c53fbd62d797c5a7c?s=96&d=mm&r=g","contentUrl":"https:\/\/secure.gravatar.com\/avatar\/bb0c4a2fcb7970138239f7e404ea75757b1b507b28b5ce4c53fbd62d797c5a7c?s=96&d=mm&r=g","caption":"Villasmil Henry"},"logo":{"@id":"https:\/\/secure.gravatar.com\/avatar\/bb0c4a2fcb7970138239f7e404ea75757b1b507b28b5ce4c53fbd62d797c5a7c?s=96&d=mm&r=g"},"sameAs":["http:\/\/www.henryvillasmil.com.ve","https:\/\/www.instagram.com\/villasmilhfoto\/","https:\/\/x.com\/https:\/\/twitter.com\/villasmilhfoto"]},{"@type":"Person","@id":"https:\/\/digital58.com.ve\/site\/#\/schema\/person\/6672bab44ab958838204ebb2cb0e8d52","name":"Rubio Laura Isabel","image":{"@type":"ImageObject","inLanguage":"es","@id":"https:\/\/secure.gravatar.com\/avatar\/f7cc56b26fb0562df4488ff129a58c3c1a1bd264c9af5f313a9b1797fff1cfb9?s=96&d=mm&r=g","url":"https:\/\/secure.gravatar.com\/avatar\/f7cc56b26fb0562df4488ff129a58c3c1a1bd264c9af5f313a9b1797fff1cfb9?s=96&d=mm&r=g","contentUrl":"https:\/\/secure.gravatar.com\/avatar\/f7cc56b26fb0562df4488ff129a58c3c1a1bd264c9af5f313a9b1797fff1cfb9?s=96&d=mm&r=g","caption":"Rubio Laura Isabel"},"url":"https:\/\/digital58.com.ve\/site\/author\/laurarubio\/"}]}},"uagb_featured_image_src":{"full":["https:\/\/digital58.com.ve\/site\/wp-content\/uploads\/2020\/06\/el-principito.jpg",800,450,false],"thumbnail":["https:\/\/digital58.com.ve\/site\/wp-content\/uploads\/2020\/06\/el-principito-150x150.jpg",150,150,true],"medium":["https:\/\/digital58.com.ve\/site\/wp-content\/uploads\/2020\/06\/el-principito-300x169.jpg",300,169,true],"medium_large":["https:\/\/digital58.com.ve\/site\/wp-content\/uploads\/2020\/06\/el-principito-768x432.jpg",768,432,true],"large":["https:\/\/digital58.com.ve\/site\/wp-content\/uploads\/2020\/06\/el-principito.jpg",800,450,false],"1536x1536":["https:\/\/digital58.com.ve\/site\/wp-content\/uploads\/2020\/06\/el-principito.jpg",800,450,false],"2048x2048":["https:\/\/digital58.com.ve\/site\/wp-content\/uploads\/2020\/06\/el-principito.jpg",800,450,false],"colormag-highlighted-post":["https:\/\/digital58.com.ve\/site\/wp-content\/uploads\/2020\/06\/el-principito.jpg",392,221,false],"colormag-featured-post-medium":["https:\/\/digital58.com.ve\/site\/wp-content\/uploads\/2020\/06\/el-principito.jpg",364,205,false],"colormag-featured-post-small":["https:\/\/digital58.com.ve\/site\/wp-content\/uploads\/2020\/06\/el-principito.jpg",130,73,false],"colormag-featured-image":["https:\/\/digital58.com.ve\/site\/wp-content\/uploads\/2020\/06\/el-principito.jpg",791,445,false],"colormag-default-news":["https:\/\/digital58.com.ve\/site\/wp-content\/uploads\/2020\/06\/el-principito.jpg",150,84,false],"colormag-featured-image-large":["https:\/\/digital58.com.ve\/site\/wp-content\/uploads\/2020\/06\/el-principito.jpg",800,450,false]},"uagb_author_info":{"display_name":"Rubio Laura Isabel","author_link":"https:\/\/digital58.com.ve\/site\/author\/laurarubio\/"},"uagb_comment_info":0,"uagb_excerpt":"El escritor se desarroll\u00f3 a la par, tanto en la actividad literaria como en su trabajo como aviador. Maracaibo, Zulia,","_links":{"self":[{"href":"https:\/\/digital58.com.ve\/site\/wp-json\/wp\/v2\/posts\/109436","targetHints":{"allow":["GET"]}}],"collection":[{"href":"https:\/\/digital58.com.ve\/site\/wp-json\/wp\/v2\/posts"}],"about":[{"href":"https:\/\/digital58.com.ve\/site\/wp-json\/wp\/v2\/types\/post"}],"author":[{"embeddable":true,"href":"https:\/\/digital58.com.ve\/site\/wp-json\/wp\/v2\/users\/28"}],"replies":[{"embeddable":true,"href":"https:\/\/digital58.com.ve\/site\/wp-json\/wp\/v2\/comments?post=109436"}],"version-history":[{"count":0,"href":"https:\/\/digital58.com.ve\/site\/wp-json\/wp\/v2\/posts\/109436\/revisions"}],"wp:featuredmedia":[{"embeddable":true,"href":"https:\/\/digital58.com.ve\/site\/wp-json\/wp\/v2\/media\/109565"}],"wp:attachment":[{"href":"https:\/\/digital58.com.ve\/site\/wp-json\/wp\/v2\/media?parent=109436"}],"wp:term":[{"taxonomy":"category","embeddable":true,"href":"https:\/\/digital58.com.ve\/site\/wp-json\/wp\/v2\/categories?post=109436"},{"taxonomy":"post_tag","embeddable":true,"href":"https:\/\/digital58.com.ve\/site\/wp-json\/wp\/v2\/tags?post=109436"}],"curies":[{"name":"wp","href":"https:\/\/api.w.org\/{rel}","templated":true}]}}