{"id":109585,"date":"2020-06-29T12:18:10","date_gmt":"2020-06-29T16:18:10","guid":{"rendered":"https:\/\/digital58.com.ve\/site\/?p=109585"},"modified":"2020-06-30T00:06:28","modified_gmt":"2020-06-30T04:06:28","slug":"laliga-villarral-derroto-al-valencia-y-complica-la-lucha-por-los-puestos-europeos","status":"publish","type":"post","link":"https:\/\/digital58.com.ve\/site\/2020\/06\/29\/laliga-villarral-derroto-al-valencia-y-complica-la-lucha-por-los-puestos-europeos\/","title":{"rendered":"(#LaLiga) Villarreal derrot\u00f3 al Valencia y complica la lucha por los puestos europeos"},"content":{"rendered":"<p><img loading=\"lazy\" decoding=\"async\" class=\"aligncenter wp-image-109596\" src=\"https:\/\/digital58.com.ve\/site\/wp-content\/uploads\/2020\/06\/Villarreal-1-300x169.jpg\" alt=\"\" width=\"600\" height=\"338\" srcset=\"https:\/\/digital58.com.ve\/site\/wp-content\/uploads\/2020\/06\/Villarreal-1-300x169.jpg 300w, https:\/\/digital58.com.ve\/site\/wp-content\/uploads\/2020\/06\/Villarreal-1-768x432.jpg 768w, https:\/\/digital58.com.ve\/site\/wp-content\/uploads\/2020\/06\/Villarreal-1.jpg 800w\" sizes=\"auto, (max-width: 600px) 100vw, 600px\" \/><\/p>\n<p>Paco Alc\u00e1cer y Gerard Moreno, fueron los encargados de fusilar a un conjunto valenciano sin f\u00fatbol ni ritmo.<\/p>\n<p><strong>Espa\u00f1a, 29 de junio de 2020 (ND58).-\u00a0<\/strong>Este domingo el Villarral derrot\u00f3 con marcador de dos goles por cero al Valencia, en un partido marcado por el dominio del \u00abSubmarino Amarillo\u00bb, que se niega a ceder puntos y puestos en la tabla de clasificaci\u00f3n.<\/p>\n<p>Desde el arranque del partido el Villarreal impuso su f\u00fatbol, sin dejar mucho chance al Valencia para que actuara, lo que se tradujo en una muy baja visita valenciana al arco local.<\/p>\n<p>Apenas transcurri\u00f3 un cuarto de hora cuando el equipo de Javier Callejas se adelant\u00f3 en el marcador. En una jugada combinada entre Santi Cazorla y Paco Alc\u00e1cer, donde la defensa valenciana hizo poco para frenar el ataque, lleg\u00f3 el primer gol de los locales, tras un remate de alc\u00e1cer.<\/p>\n<p>El Valencia continu\u00f3 sin reaccionar, mientras los locales aprovecharon su marcado dominio para continuar acechando el arco de Cillessen.<\/p>\n<p>Poco antes de acabar la primera mitad cay\u00f3 el segundo tanto del encuentro. Una jugada que naci\u00f3 con el portero Asenjo con un bal\u00f3n que fue directo a Cazorla y culmin\u00f3 en la malla luego de un disparo potente de Gerard Moreno, para firmar el 2-0 con el que acab\u00f3 el marcador.<\/p>\n<p>Durante la segunda parte el Valencia sali\u00f3 m\u00e1s encendido, pero esto no evit\u00f3 que el Villarreal siguiera dominando el encuentro.<\/p>\n<p>El resultado positivo para el \u00abSubmarino Amarillo\u00bb, le permite ubicarse quinto en la tabla de posiciones, con 51 puntos, apenas tres menos que el Sevilla y solo dos de ventaja sobre el Getafe.<\/p>\n<p>Por su parte el Valencia, cay\u00f3 hasta la octava posici\u00f3n con 46 puntos, uno m\u00e1s que el Athletic de Bilbao y una unidad menos que la Real Sociedad.<\/p>\n<p>De esta forma la lucha por la clasificaci\u00f3n europea en Espa\u00f1a queda muy re\u00f1ida, con cinco equipos que no se llevan vantajas superiores a los seis puntos.<\/p>\n<p>En esta batalla re\u00f1ida, cualquier equipo que deje de acumular al menos 2 puntos, puede quedar fuera de los torneos continentales. Un empate representa la p\u00e9rdida del privilegio europeo.<\/p><div class=\"tmkat69ef1b844646d\" ><p style=\"text-align: center;\"><a href=\"https:\/\/t.me\/noticiasdigital58\" target=\"_blank\" rel=\"noopener\"><img class=\"aligncenter size-full wp-image-125363\" src=\"https:\/\/digital58.com.ve\/site\/wp-content\/uploads\/2021\/04\/banner-telegram-web-2021.png\" alt=\"\" width=\"600\" height=\"90\" \/><\/a><\/p><\/div><style type=\"text\/css\">\r\n@media screen and (min-width: 1201px) {\r\n.tmkat69ef1b844646d {\r\ndisplay: block;\r\n}\r\n}\r\n@media screen and (min-width: 993px) and (max-width: 1200px) {\r\n.tmkat69ef1b844646d {\r\ndisplay: block;\r\n}\r\n}\r\n@media screen and (min-width: 769px) and (max-width: 992px) {\r\n.tmkat69ef1b844646d {\r\ndisplay: block;\r\n}\r\n}\r\n@media screen and (min-width: 768px) and (max-width: 768px) {\r\n.tmkat69ef1b844646d {\r\ndisplay: block;\r\n}\r\n}\r\n@media screen and (max-width: 767px) {\r\n.tmkat69ef1b844646d {\r\ndisplay: block;\r\n}\r\n}\r\n<\/style>\r\n\n<p><strong>Redacci\u00f3n: Morales, Joel (@joeldmc32) | Fuente: Agencias<br \/>\n<\/strong><strong>Edici\u00f3n: Villasmil, Henry<br \/>\n<\/strong><strong>Gr\u00e1fica: Cortes\u00eda<\/strong><\/p>\n<div style=\"margin-top: 0px; margin-bottom: 0px;\" class=\"sharethis-inline-share-buttons\" ><\/div>","protected":false},"excerpt":{"rendered":"<p>Paco Alc\u00e1cer y Gerard Moreno, fueron los encargados de fusilar a un conjunto valenciano sin f\u00fatbol ni ritmo. Espa\u00f1a, 29<\/p>\n","protected":false},"author":29,"featured_media":109596,"comment_status":"open","ping_status":"closed","sticky":false,"template":"","format":"standard","meta":{"colormag_page_container_layout":"default_layout","colormag_page_sidebar_layout":"default_layout","_uag_custom_page_level_css":"","footnotes":""},"categories":[5402],"tags":[115,13,499,41,8,10343,16160,14751,12689],"class_list":["post-109585","post","type-post","status-publish","format-standard","has-post-thumbnail","hentry","category-deportes","tag-espana","tag-futbol","tag-futbol-espanol","tag-futbol-internacional","tag-internacionales","tag-la-liga","tag-la-liga-2019-2020","tag-valencia-c-f","tag-villarreal-cf"],"yoast_head":"<!-- This site is optimized with the Yoast SEO plugin v27.4 - https:\/\/yoast.com\/product\/yoast-seo-wordpress\/ -->\n<title>(#LaLiga) Villarreal derrot\u00f3 al Valencia y complica la lucha por los puestos europeos<\/title>\n<meta name=\"description\" content=\"Deportes\" \/>\n<meta name=\"robots\" content=\"index, follow, max-snippet:-1, max-image-preview:large, max-video-preview:-1\" \/>\n<link rel=\"canonical\" href=\"https:\/\/digital58.com.ve\/site\/2020\/06\/29\/laliga-villarral-derroto-al-valencia-y-complica-la-lucha-por-los-puestos-europeos\/\" \/>\n<meta property=\"og:locale\" content=\"es_ES\" \/>\n<meta property=\"og:type\" content=\"article\" \/>\n<meta property=\"og:title\" content=\"(#LaLiga) Villarreal derrot\u00f3 al Valencia y complica la lucha por los puestos europeos\" \/>\n<meta property=\"og:description\" content=\"Deportes\" \/>\n<meta property=\"og:url\" content=\"https:\/\/digital58.com.ve\/site\/2020\/06\/29\/laliga-villarral-derroto-al-valencia-y-complica-la-lucha-por-los-puestos-europeos\/\" \/>\n<meta property=\"og:site_name\" content=\"Noticias Digital58\" \/>\n<meta property=\"article:published_time\" content=\"2020-06-29T16:18:10+00:00\" \/>\n<meta property=\"article:modified_time\" content=\"2020-06-30T04:06:28+00:00\" \/>\n<meta property=\"og:image\" content=\"https:\/\/digital58.com.ve\/site\/wp-content\/uploads\/2020\/06\/Villarreal-1.jpg\" \/>\n\t<meta property=\"og:image:width\" content=\"1200\" \/>\n\t<meta property=\"og:image:height\" content=\"675\" \/>\n\t<meta property=\"og:image:type\" content=\"image\/jpeg\" \/>\n<meta name=\"author\" content=\"Morales Joel\" \/>\n<meta name=\"twitter:card\" content=\"summary_large_image\" \/>\n<meta name=\"twitter:creator\" content=\"@Digital_58\" \/>\n<meta name=\"twitter:site\" content=\"@villasmilhfoto\" \/>\n<meta name=\"twitter:label1\" content=\"Escrito por\" \/>\n\t<meta name=\"twitter:data1\" content=\"Morales Joel\" \/>\n\t<meta name=\"twitter:label2\" content=\"Tiempo estimado de lectura\" \/>\n\t<meta name=\"twitter:data2\" content=\"2 minutos\" \/>\n<script type=\"application\/ld+json\" class=\"yoast-schema-graph\">{\"@context\":\"https:\\\/\\\/schema.org\",\"@graph\":[{\"@type\":\"Article\",\"@id\":\"https:\\\/\\\/digital58.com.ve\\\/site\\\/2020\\\/06\\\/29\\\/laliga-villarral-derroto-al-valencia-y-complica-la-lucha-por-los-puestos-europeos\\\/#article\",\"isPartOf\":{\"@id\":\"https:\\\/\\\/digital58.com.ve\\\/site\\\/2020\\\/06\\\/29\\\/laliga-villarral-derroto-al-valencia-y-complica-la-lucha-por-los-puestos-europeos\\\/\"},\"author\":{\"name\":\"Morales Joel\",\"@id\":\"https:\\\/\\\/digital58.com.ve\\\/site\\\/#\\\/schema\\\/person\\\/8daf5f8bfd9ebdb98150c62bff195b72\"},\"headline\":\"(#LaLiga) Villarreal derrot\u00f3 al Valencia y complica la lucha por los puestos europeos\",\"datePublished\":\"2020-06-29T16:18:10+00:00\",\"dateModified\":\"2020-06-30T04:06:28+00:00\",\"mainEntityOfPage\":{\"@id\":\"https:\\\/\\\/digital58.com.ve\\\/site\\\/2020\\\/06\\\/29\\\/laliga-villarral-derroto-al-valencia-y-complica-la-lucha-por-los-puestos-europeos\\\/\"},\"wordCount\":391,\"commentCount\":0,\"publisher\":{\"@id\":\"https:\\\/\\\/digital58.com.ve\\\/site\\\/#\\\/schema\\\/person\\\/64d1c2e4d0d4fd1b849980c4331c2951\"},\"image\":{\"@id\":\"https:\\\/\\\/digital58.com.ve\\\/site\\\/2020\\\/06\\\/29\\\/laliga-villarral-derroto-al-valencia-y-complica-la-lucha-por-los-puestos-europeos\\\/#primaryimage\"},\"thumbnailUrl\":\"https:\\\/\\\/digital58.com.ve\\\/site\\\/wp-content\\\/uploads\\\/2020\\\/06\\\/Villarreal-1.jpg\",\"keywords\":[\"Espa\u00f1a\",\"F\u00fatbol\",\"F\u00fatbol Espa\u00f1ol\",\"F\u00fatbol Internacional\",\"Internacionales\",\"La Liga\",\"La Liga 2019-2020\",\"Valencia C.F\",\"Villarreal CF\"],\"articleSection\":[\"Deportes\"],\"inLanguage\":\"es\",\"potentialAction\":[{\"@type\":\"CommentAction\",\"name\":\"Comment\",\"target\":[\"https:\\\/\\\/digital58.com.ve\\\/site\\\/2020\\\/06\\\/29\\\/laliga-villarral-derroto-al-valencia-y-complica-la-lucha-por-los-puestos-europeos\\\/#respond\"]}]},{\"@type\":\"WebPage\",\"@id\":\"https:\\\/\\\/digital58.com.ve\\\/site\\\/2020\\\/06\\\/29\\\/laliga-villarral-derroto-al-valencia-y-complica-la-lucha-por-los-puestos-europeos\\\/\",\"url\":\"https:\\\/\\\/digital58.com.ve\\\/site\\\/2020\\\/06\\\/29\\\/laliga-villarral-derroto-al-valencia-y-complica-la-lucha-por-los-puestos-europeos\\\/\",\"name\":\"(#LaLiga) Villarreal derrot\u00f3 al Valencia y complica la lucha por los puestos europeos\",\"isPartOf\":{\"@id\":\"https:\\\/\\\/digital58.com.ve\\\/site\\\/#website\"},\"primaryImageOfPage\":{\"@id\":\"https:\\\/\\\/digital58.com.ve\\\/site\\\/2020\\\/06\\\/29\\\/laliga-villarral-derroto-al-valencia-y-complica-la-lucha-por-los-puestos-europeos\\\/#primaryimage\"},\"image\":{\"@id\":\"https:\\\/\\\/digital58.com.ve\\\/site\\\/2020\\\/06\\\/29\\\/laliga-villarral-derroto-al-valencia-y-complica-la-lucha-por-los-puestos-europeos\\\/#primaryimage\"},\"thumbnailUrl\":\"https:\\\/\\\/digital58.com.ve\\\/site\\\/wp-content\\\/uploads\\\/2020\\\/06\\\/Villarreal-1.jpg\",\"datePublished\":\"2020-06-29T16:18:10+00:00\",\"dateModified\":\"2020-06-30T04:06:28+00:00\",\"description\":\"Deportes\",\"breadcrumb\":{\"@id\":\"https:\\\/\\\/digital58.com.ve\\\/site\\\/2020\\\/06\\\/29\\\/laliga-villarral-derroto-al-valencia-y-complica-la-lucha-por-los-puestos-europeos\\\/#breadcrumb\"},\"inLanguage\":\"es\",\"potentialAction\":[{\"@type\":\"ReadAction\",\"target\":[\"https:\\\/\\\/digital58.com.ve\\\/site\\\/2020\\\/06\\\/29\\\/laliga-villarral-derroto-al-valencia-y-complica-la-lucha-por-los-puestos-europeos\\\/\"]}]},{\"@type\":\"ImageObject\",\"inLanguage\":\"es\",\"@id\":\"https:\\\/\\\/digital58.com.ve\\\/site\\\/2020\\\/06\\\/29\\\/laliga-villarral-derroto-al-valencia-y-complica-la-lucha-por-los-puestos-europeos\\\/#primaryimage\",\"url\":\"https:\\\/\\\/digital58.com.ve\\\/site\\\/wp-content\\\/uploads\\\/2020\\\/06\\\/Villarreal-1.jpg\",\"contentUrl\":\"https:\\\/\\\/digital58.com.ve\\\/site\\\/wp-content\\\/uploads\\\/2020\\\/06\\\/Villarreal-1.jpg\",\"width\":800,\"height\":450},{\"@type\":\"BreadcrumbList\",\"@id\":\"https:\\\/\\\/digital58.com.ve\\\/site\\\/2020\\\/06\\\/29\\\/laliga-villarral-derroto-al-valencia-y-complica-la-lucha-por-los-puestos-europeos\\\/#breadcrumb\",\"itemListElement\":[{\"@type\":\"ListItem\",\"position\":1,\"name\":\"Home\",\"item\":\"https:\\\/\\\/digital58.com.ve\\\/site\\\/\"},{\"@type\":\"ListItem\",\"position\":2,\"name\":\"(#LaLiga) Villarreal derrot\u00f3 al Valencia y complica la lucha por los puestos europeos\"}]},{\"@type\":\"WebSite\",\"@id\":\"https:\\\/\\\/digital58.com.ve\\\/site\\\/#website\",\"url\":\"https:\\\/\\\/digital58.com.ve\\\/site\\\/\",\"name\":\"Noticias Digital58\",\"description\":\"Portal de Noticias \u00a1Periodismo web de verdad! Lanzamiento web 22.11.2005 \\\/ Maracaibo, Venezuela\",\"publisher\":{\"@id\":\"https:\\\/\\\/digital58.com.ve\\\/site\\\/#\\\/schema\\\/person\\\/64d1c2e4d0d4fd1b849980c4331c2951\"},\"alternateName\":\"ND58\",\"potentialAction\":[{\"@type\":\"SearchAction\",\"target\":{\"@type\":\"EntryPoint\",\"urlTemplate\":\"https:\\\/\\\/digital58.com.ve\\\/site\\\/?s={search_term_string}\"},\"query-input\":{\"@type\":\"PropertyValueSpecification\",\"valueRequired\":true,\"valueName\":\"search_term_string\"}}],\"inLanguage\":\"es\"},{\"@type\":[\"Person\",\"Organization\"],\"@id\":\"https:\\\/\\\/digital58.com.ve\\\/site\\\/#\\\/schema\\\/person\\\/64d1c2e4d0d4fd1b849980c4331c2951\",\"name\":\"Villasmil Henry\",\"image\":{\"@type\":\"ImageObject\",\"inLanguage\":\"es\",\"@id\":\"https:\\\/\\\/secure.gravatar.com\\\/avatar\\\/bb0c4a2fcb7970138239f7e404ea75757b1b507b28b5ce4c53fbd62d797c5a7c?s=96&d=mm&r=g\",\"url\":\"https:\\\/\\\/secure.gravatar.com\\\/avatar\\\/bb0c4a2fcb7970138239f7e404ea75757b1b507b28b5ce4c53fbd62d797c5a7c?s=96&d=mm&r=g\",\"contentUrl\":\"https:\\\/\\\/secure.gravatar.com\\\/avatar\\\/bb0c4a2fcb7970138239f7e404ea75757b1b507b28b5ce4c53fbd62d797c5a7c?s=96&d=mm&r=g\",\"caption\":\"Villasmil Henry\"},\"logo\":{\"@id\":\"https:\\\/\\\/secure.gravatar.com\\\/avatar\\\/bb0c4a2fcb7970138239f7e404ea75757b1b507b28b5ce4c53fbd62d797c5a7c?s=96&d=mm&r=g\"},\"sameAs\":[\"http:\\\/\\\/www.henryvillasmil.com.ve\",\"https:\\\/\\\/www.instagram.com\\\/villasmilhfoto\\\/\",\"https:\\\/\\\/x.com\\\/https:\\\/\\\/twitter.com\\\/villasmilhfoto\"]},{\"@type\":\"Person\",\"@id\":\"https:\\\/\\\/digital58.com.ve\\\/site\\\/#\\\/schema\\\/person\\\/8daf5f8bfd9ebdb98150c62bff195b72\",\"name\":\"Morales Joel\",\"image\":{\"@type\":\"ImageObject\",\"inLanguage\":\"es\",\"@id\":\"https:\\\/\\\/secure.gravatar.com\\\/avatar\\\/e2cb5ce0e9279ab3c8e03d472e483f32e666716a18da3bfa7b0749a5465409f1?s=96&d=mm&r=g\",\"url\":\"https:\\\/\\\/secure.gravatar.com\\\/avatar\\\/e2cb5ce0e9279ab3c8e03d472e483f32e666716a18da3bfa7b0749a5465409f1?s=96&d=mm&r=g\",\"contentUrl\":\"https:\\\/\\\/secure.gravatar.com\\\/avatar\\\/e2cb5ce0e9279ab3c8e03d472e483f32e666716a18da3bfa7b0749a5465409f1?s=96&d=mm&r=g\",\"caption\":\"Morales Joel\"},\"url\":\"https:\\\/\\\/digital58.com.ve\\\/site\\\/author\\\/joelm\\\/\"}]}<\/script>\n<!-- \/ Yoast SEO plugin. -->","yoast_head_json":{"title":"(#LaLiga) Villarreal derrot\u00f3 al Valencia y complica la lucha por los puestos europeos","description":"Deportes","robots":{"index":"index","follow":"follow","max-snippet":"max-snippet:-1","max-image-preview":"max-image-preview:large","max-video-preview":"max-video-preview:-1"},"canonical":"https:\/\/digital58.com.ve\/site\/2020\/06\/29\/laliga-villarral-derroto-al-valencia-y-complica-la-lucha-por-los-puestos-europeos\/","og_locale":"es_ES","og_type":"article","og_title":"(#LaLiga) Villarreal derrot\u00f3 al Valencia y complica la lucha por los puestos europeos","og_description":"Deportes","og_url":"https:\/\/digital58.com.ve\/site\/2020\/06\/29\/laliga-villarral-derroto-al-valencia-y-complica-la-lucha-por-los-puestos-europeos\/","og_site_name":"Noticias Digital58","article_published_time":"2020-06-29T16:18:10+00:00","article_modified_time":"2020-06-30T04:06:28+00:00","og_image":[{"width":1200,"height":675,"url":"https:\/\/digital58.com.ve\/site\/wp-content\/uploads\/2020\/06\/Villarreal-1.jpg","type":"image\/jpeg"}],"author":"Morales Joel","twitter_card":"summary_large_image","twitter_creator":"@Digital_58","twitter_site":"@villasmilhfoto","twitter_misc":{"Escrito por":"Morales Joel","Tiempo estimado de lectura":"2 minutos"},"schema":{"@context":"https:\/\/schema.org","@graph":[{"@type":"Article","@id":"https:\/\/digital58.com.ve\/site\/2020\/06\/29\/laliga-villarral-derroto-al-valencia-y-complica-la-lucha-por-los-puestos-europeos\/#article","isPartOf":{"@id":"https:\/\/digital58.com.ve\/site\/2020\/06\/29\/laliga-villarral-derroto-al-valencia-y-complica-la-lucha-por-los-puestos-europeos\/"},"author":{"name":"Morales Joel","@id":"https:\/\/digital58.com.ve\/site\/#\/schema\/person\/8daf5f8bfd9ebdb98150c62bff195b72"},"headline":"(#LaLiga) Villarreal derrot\u00f3 al Valencia y complica la lucha por los puestos europeos","datePublished":"2020-06-29T16:18:10+00:00","dateModified":"2020-06-30T04:06:28+00:00","mainEntityOfPage":{"@id":"https:\/\/digital58.com.ve\/site\/2020\/06\/29\/laliga-villarral-derroto-al-valencia-y-complica-la-lucha-por-los-puestos-europeos\/"},"wordCount":391,"commentCount":0,"publisher":{"@id":"https:\/\/digital58.com.ve\/site\/#\/schema\/person\/64d1c2e4d0d4fd1b849980c4331c2951"},"image":{"@id":"https:\/\/digital58.com.ve\/site\/2020\/06\/29\/laliga-villarral-derroto-al-valencia-y-complica-la-lucha-por-los-puestos-europeos\/#primaryimage"},"thumbnailUrl":"https:\/\/digital58.com.ve\/site\/wp-content\/uploads\/2020\/06\/Villarreal-1.jpg","keywords":["Espa\u00f1a","F\u00fatbol","F\u00fatbol Espa\u00f1ol","F\u00fatbol Internacional","Internacionales","La Liga","La Liga 2019-2020","Valencia C.F","Villarreal CF"],"articleSection":["Deportes"],"inLanguage":"es","potentialAction":[{"@type":"CommentAction","name":"Comment","target":["https:\/\/digital58.com.ve\/site\/2020\/06\/29\/laliga-villarral-derroto-al-valencia-y-complica-la-lucha-por-los-puestos-europeos\/#respond"]}]},{"@type":"WebPage","@id":"https:\/\/digital58.com.ve\/site\/2020\/06\/29\/laliga-villarral-derroto-al-valencia-y-complica-la-lucha-por-los-puestos-europeos\/","url":"https:\/\/digital58.com.ve\/site\/2020\/06\/29\/laliga-villarral-derroto-al-valencia-y-complica-la-lucha-por-los-puestos-europeos\/","name":"(#LaLiga) Villarreal derrot\u00f3 al Valencia y complica la lucha por los puestos europeos","isPartOf":{"@id":"https:\/\/digital58.com.ve\/site\/#website"},"primaryImageOfPage":{"@id":"https:\/\/digital58.com.ve\/site\/2020\/06\/29\/laliga-villarral-derroto-al-valencia-y-complica-la-lucha-por-los-puestos-europeos\/#primaryimage"},"image":{"@id":"https:\/\/digital58.com.ve\/site\/2020\/06\/29\/laliga-villarral-derroto-al-valencia-y-complica-la-lucha-por-los-puestos-europeos\/#primaryimage"},"thumbnailUrl":"https:\/\/digital58.com.ve\/site\/wp-content\/uploads\/2020\/06\/Villarreal-1.jpg","datePublished":"2020-06-29T16:18:10+00:00","dateModified":"2020-06-30T04:06:28+00:00","description":"Deportes","breadcrumb":{"@id":"https:\/\/digital58.com.ve\/site\/2020\/06\/29\/laliga-villarral-derroto-al-valencia-y-complica-la-lucha-por-los-puestos-europeos\/#breadcrumb"},"inLanguage":"es","potentialAction":[{"@type":"ReadAction","target":["https:\/\/digital58.com.ve\/site\/2020\/06\/29\/laliga-villarral-derroto-al-valencia-y-complica-la-lucha-por-los-puestos-europeos\/"]}]},{"@type":"ImageObject","inLanguage":"es","@id":"https:\/\/digital58.com.ve\/site\/2020\/06\/29\/laliga-villarral-derroto-al-valencia-y-complica-la-lucha-por-los-puestos-europeos\/#primaryimage","url":"https:\/\/digital58.com.ve\/site\/wp-content\/uploads\/2020\/06\/Villarreal-1.jpg","contentUrl":"https:\/\/digital58.com.ve\/site\/wp-content\/uploads\/2020\/06\/Villarreal-1.jpg","width":800,"height":450},{"@type":"BreadcrumbList","@id":"https:\/\/digital58.com.ve\/site\/2020\/06\/29\/laliga-villarral-derroto-al-valencia-y-complica-la-lucha-por-los-puestos-europeos\/#breadcrumb","itemListElement":[{"@type":"ListItem","position":1,"name":"Home","item":"https:\/\/digital58.com.ve\/site\/"},{"@type":"ListItem","position":2,"name":"(#LaLiga) Villarreal derrot\u00f3 al Valencia y complica la lucha por los puestos europeos"}]},{"@type":"WebSite","@id":"https:\/\/digital58.com.ve\/site\/#website","url":"https:\/\/digital58.com.ve\/site\/","name":"Noticias Digital58","description":"Portal de Noticias \u00a1Periodismo web de verdad! Lanzamiento web 22.11.2005 \/ Maracaibo, Venezuela","publisher":{"@id":"https:\/\/digital58.com.ve\/site\/#\/schema\/person\/64d1c2e4d0d4fd1b849980c4331c2951"},"alternateName":"ND58","potentialAction":[{"@type":"SearchAction","target":{"@type":"EntryPoint","urlTemplate":"https:\/\/digital58.com.ve\/site\/?s={search_term_string}"},"query-input":{"@type":"PropertyValueSpecification","valueRequired":true,"valueName":"search_term_string"}}],"inLanguage":"es"},{"@type":["Person","Organization"],"@id":"https:\/\/digital58.com.ve\/site\/#\/schema\/person\/64d1c2e4d0d4fd1b849980c4331c2951","name":"Villasmil Henry","image":{"@type":"ImageObject","inLanguage":"es","@id":"https:\/\/secure.gravatar.com\/avatar\/bb0c4a2fcb7970138239f7e404ea75757b1b507b28b5ce4c53fbd62d797c5a7c?s=96&d=mm&r=g","url":"https:\/\/secure.gravatar.com\/avatar\/bb0c4a2fcb7970138239f7e404ea75757b1b507b28b5ce4c53fbd62d797c5a7c?s=96&d=mm&r=g","contentUrl":"https:\/\/secure.gravatar.com\/avatar\/bb0c4a2fcb7970138239f7e404ea75757b1b507b28b5ce4c53fbd62d797c5a7c?s=96&d=mm&r=g","caption":"Villasmil Henry"},"logo":{"@id":"https:\/\/secure.gravatar.com\/avatar\/bb0c4a2fcb7970138239f7e404ea75757b1b507b28b5ce4c53fbd62d797c5a7c?s=96&d=mm&r=g"},"sameAs":["http:\/\/www.henryvillasmil.com.ve","https:\/\/www.instagram.com\/villasmilhfoto\/","https:\/\/x.com\/https:\/\/twitter.com\/villasmilhfoto"]},{"@type":"Person","@id":"https:\/\/digital58.com.ve\/site\/#\/schema\/person\/8daf5f8bfd9ebdb98150c62bff195b72","name":"Morales Joel","image":{"@type":"ImageObject","inLanguage":"es","@id":"https:\/\/secure.gravatar.com\/avatar\/e2cb5ce0e9279ab3c8e03d472e483f32e666716a18da3bfa7b0749a5465409f1?s=96&d=mm&r=g","url":"https:\/\/secure.gravatar.com\/avatar\/e2cb5ce0e9279ab3c8e03d472e483f32e666716a18da3bfa7b0749a5465409f1?s=96&d=mm&r=g","contentUrl":"https:\/\/secure.gravatar.com\/avatar\/e2cb5ce0e9279ab3c8e03d472e483f32e666716a18da3bfa7b0749a5465409f1?s=96&d=mm&r=g","caption":"Morales Joel"},"url":"https:\/\/digital58.com.ve\/site\/author\/joelm\/"}]}},"uagb_featured_image_src":{"full":["https:\/\/digital58.com.ve\/site\/wp-content\/uploads\/2020\/06\/Villarreal-1.jpg",800,450,false],"thumbnail":["https:\/\/digital58.com.ve\/site\/wp-content\/uploads\/2020\/06\/Villarreal-1-150x150.jpg",150,150,true],"medium":["https:\/\/digital58.com.ve\/site\/wp-content\/uploads\/2020\/06\/Villarreal-1-300x169.jpg",300,169,true],"medium_large":["https:\/\/digital58.com.ve\/site\/wp-content\/uploads\/2020\/06\/Villarreal-1-768x432.jpg",768,432,true],"large":["https:\/\/digital58.com.ve\/site\/wp-content\/uploads\/2020\/06\/Villarreal-1.jpg",800,450,false],"1536x1536":["https:\/\/digital58.com.ve\/site\/wp-content\/uploads\/2020\/06\/Villarreal-1.jpg",800,450,false],"2048x2048":["https:\/\/digital58.com.ve\/site\/wp-content\/uploads\/2020\/06\/Villarreal-1.jpg",800,450,false],"colormag-highlighted-post":["https:\/\/digital58.com.ve\/site\/wp-content\/uploads\/2020\/06\/Villarreal-1.jpg",392,221,false],"colormag-featured-post-medium":["https:\/\/digital58.com.ve\/site\/wp-content\/uploads\/2020\/06\/Villarreal-1.jpg",364,205,false],"colormag-featured-post-small":["https:\/\/digital58.com.ve\/site\/wp-content\/uploads\/2020\/06\/Villarreal-1.jpg",130,73,false],"colormag-featured-image":["https:\/\/digital58.com.ve\/site\/wp-content\/uploads\/2020\/06\/Villarreal-1.jpg",791,445,false],"colormag-default-news":["https:\/\/digital58.com.ve\/site\/wp-content\/uploads\/2020\/06\/Villarreal-1.jpg",150,84,false],"colormag-featured-image-large":["https:\/\/digital58.com.ve\/site\/wp-content\/uploads\/2020\/06\/Villarreal-1.jpg",800,450,false]},"uagb_author_info":{"display_name":"Morales Joel","author_link":"https:\/\/digital58.com.ve\/site\/author\/joelm\/"},"uagb_comment_info":0,"uagb_excerpt":"Paco Alc\u00e1cer y Gerard Moreno, fueron los encargados de fusilar a un conjunto valenciano sin f\u00fatbol ni ritmo. Espa\u00f1a, 29","_links":{"self":[{"href":"https:\/\/digital58.com.ve\/site\/wp-json\/wp\/v2\/posts\/109585","targetHints":{"allow":["GET"]}}],"collection":[{"href":"https:\/\/digital58.com.ve\/site\/wp-json\/wp\/v2\/posts"}],"about":[{"href":"https:\/\/digital58.com.ve\/site\/wp-json\/wp\/v2\/types\/post"}],"author":[{"embeddable":true,"href":"https:\/\/digital58.com.ve\/site\/wp-json\/wp\/v2\/users\/29"}],"replies":[{"embeddable":true,"href":"https:\/\/digital58.com.ve\/site\/wp-json\/wp\/v2\/comments?post=109585"}],"version-history":[{"count":0,"href":"https:\/\/digital58.com.ve\/site\/wp-json\/wp\/v2\/posts\/109585\/revisions"}],"wp:featuredmedia":[{"embeddable":true,"href":"https:\/\/digital58.com.ve\/site\/wp-json\/wp\/v2\/media\/109596"}],"wp:attachment":[{"href":"https:\/\/digital58.com.ve\/site\/wp-json\/wp\/v2\/media?parent=109585"}],"wp:term":[{"taxonomy":"category","embeddable":true,"href":"https:\/\/digital58.com.ve\/site\/wp-json\/wp\/v2\/categories?post=109585"},{"taxonomy":"post_tag","embeddable":true,"href":"https:\/\/digital58.com.ve\/site\/wp-json\/wp\/v2\/tags?post=109585"}],"curies":[{"name":"wp","href":"https:\/\/api.w.org\/{rel}","templated":true}]}}