{"id":109590,"date":"2020-06-29T12:03:14","date_gmt":"2020-06-29T16:03:14","guid":{"rendered":"https:\/\/digital58.com.ve\/site\/?p=109590"},"modified":"2020-06-29T12:03:14","modified_gmt":"2020-06-29T16:03:14","slug":"hallaron-el-cadaver-de-joven-que-cayo-al-rio-guaire-tras-chocar-su-moto","status":"publish","type":"post","link":"https:\/\/digital58.com.ve\/site\/2020\/06\/29\/hallaron-el-cadaver-de-joven-que-cayo-al-rio-guaire-tras-chocar-su-moto\/","title":{"rendered":"Hallaron el cad\u00e1ver de joven que cay\u00f3 al r\u00edo Guaire tras chocar su moto"},"content":{"rendered":"<p><img loading=\"lazy\" decoding=\"async\" class=\"alignnone size-full wp-image-109592\" src=\"https:\/\/digital58.com.ve\/site\/wp-content\/uploads\/2020\/06\/motorizado-fallecido-en-el-guaire.jpg\" alt=\"\" width=\"1000\" height=\"500\" srcset=\"https:\/\/digital58.com.ve\/site\/wp-content\/uploads\/2020\/06\/motorizado-fallecido-en-el-guaire.jpg 800w, https:\/\/digital58.com.ve\/site\/wp-content\/uploads\/2020\/06\/motorizado-fallecido-en-el-guaire-300x150.jpg 300w, https:\/\/digital58.com.ve\/site\/wp-content\/uploads\/2020\/06\/motorizado-fallecido-en-el-guaire-768x384.jpg 768w\" sizes=\"auto, (max-width: 1000px) 100vw, 1000px\" \/><\/p>\n<p>Ayskel G\u00f3mez, de 19 a\u00f1os, se precipit\u00f3 al r\u00edo luego de que una gr\u00faa impact\u00f3 su moto el pasado s\u00e1bado 27 de junio. El joven era un repartidor de pizza.<\/p>\n<p><strong>Caracas, Venezuela. 29 de junio de 2020 (ND58).-<\/strong> \u00a0En la ma\u00f1ana de este lunes fue hallado sin vida Ayskel Alexander G\u00f3mez Guerra, el joven de 19 a\u00f1os que cay\u00f3 al r\u00edo Guaire, en Caracas, la noche del pasado s\u00e1bado 27 de junio tras ser impactado por un veh\u00edculo. El joven era un repartidor pizzas en la capital venezolana.<\/p>\n<p>Las autoridades de Protecci\u00f3n Civil y \u00c1ngeles de la autopista MPPT iniciaron la b\u00fasqueda, que culmin\u00f3 este lunes cuando hallaron el cad\u00e1ver a la altura de El Para\u00edso. El cuerpo ten\u00eda zapatos negros de goma y short, la corriente le desprendi\u00f3 la franela, inform\u00f3 el periodista Rom\u00e1n Camacho en su cuenta en Twitter.<\/p>\n<p>Al lugar llegaron efectivos del Cuerpo de Investigaciones Cient\u00edficas, Penales y Criminal\u00edsticas para la identificaci\u00f3n del cuerpo, que fue rescatado param\u00e9dicos viales de la Brigada de Restablecimiento de V\u00edas y Atenci\u00f3n de Emergencias del Ministerio de Transporte, quienes \u00aba\u00fan sin contar con botas de bioseguridad, ni trajes para trabajar en sitios de aguas residuales, d\u00eda a d\u00eda le echan un cami\u00f3n para continuar trabajando\u00bb, rese\u00f1\u00f3 Camacho en el microblogging.<\/p>\n<p>El pasado s\u00e1bado, G\u00f3mez hab\u00eda hecho una entrega y conduc\u00eda su moto Skygo Executive azul en la autopista Francisco Fajardo, a la altura de San Martin, cuando fue impactado por detr\u00e1s por una gr\u00faa color amarillo que llevaba un Corsa remolcado.<\/p>\n<p>Detall\u00f3 que la v\u00edctima se golpe\u00f3 con la defensa y sali\u00f3 expulsado hacia el \u00abGuaire\u00bb. El conductor de la gr\u00faa se fug\u00f3.<\/p>\n<p><strong>Redacci\u00f3n Ch\u00e1vez, Marian (@Marianchavez27)<br \/>\nEdici\u00f3n: Villasmil, Henry\u00a0<\/strong><br \/>\n<strong>Gr\u00e1fica: Cortes\u00eda Rom\u00e1n Camacho, \u00c1ngeles de la autopista MPPT<\/strong><\/p><div class=\"ccgsz69eefca1e2397\" ><p style=\"text-align: center;\"><a href=\"https:\/\/t.me\/noticiasdigital58\" target=\"_blank\" rel=\"noopener\"><img class=\"aligncenter size-full wp-image-125363\" src=\"https:\/\/digital58.com.ve\/site\/wp-content\/uploads\/2021\/04\/banner-telegram-web-2021.png\" alt=\"\" width=\"600\" height=\"90\" \/><\/a><\/p><\/div><style type=\"text\/css\">\r\n@media screen and (min-width: 1201px) {\r\n.ccgsz69eefca1e2397 {\r\ndisplay: block;\r\n}\r\n}\r\n@media screen and (min-width: 993px) and (max-width: 1200px) {\r\n.ccgsz69eefca1e2397 {\r\ndisplay: block;\r\n}\r\n}\r\n@media screen and (min-width: 769px) and (max-width: 992px) {\r\n.ccgsz69eefca1e2397 {\r\ndisplay: block;\r\n}\r\n}\r\n@media screen and (min-width: 768px) and (max-width: 768px) {\r\n.ccgsz69eefca1e2397 {\r\ndisplay: block;\r\n}\r\n}\r\n@media screen and (max-width: 767px) {\r\n.ccgsz69eefca1e2397 {\r\ndisplay: block;\r\n}\r\n}\r\n<\/style>\r\n\n<p>&nbsp;<\/p>\n<div style=\"margin-top: 0px; margin-bottom: 0px;\" class=\"sharethis-inline-share-buttons\" ><\/div>","protected":false},"excerpt":{"rendered":"<p>Ayskel G\u00f3mez, de 19 a\u00f1os, se precipit\u00f3 al r\u00edo luego de que una gr\u00faa impact\u00f3 su moto el pasado s\u00e1bado<\/p>\n","protected":false},"author":31,"featured_media":109593,"comment_status":"open","ping_status":"closed","sticky":false,"template":"","format":"standard","meta":{"colormag_page_container_layout":"default_layout","colormag_page_sidebar_layout":"default_layout","_uag_custom_page_level_css":"","footnotes":""},"categories":[13765],"tags":[16605,29,15007,4277],"class_list":["post-109590","post","type-post","status-publish","format-standard","has-post-thumbnail","hentry","category-sucesos","tag-cadaver","tag-caracas","tag-rio-guaire","tag-sucesos"],"yoast_head":"<!-- This site is optimized with the Yoast SEO plugin v27.4 - https:\/\/yoast.com\/product\/yoast-seo-wordpress\/ -->\n<title>Hallaron el cad\u00e1ver de joven que cay\u00f3 al r\u00edo Guaire tras chocar su moto<\/title>\n<meta name=\"description\" content=\"Sucesos\" \/>\n<meta name=\"robots\" content=\"index, follow, max-snippet:-1, max-image-preview:large, max-video-preview:-1\" \/>\n<link rel=\"canonical\" href=\"https:\/\/digital58.com.ve\/site\/2020\/06\/29\/hallaron-el-cadaver-de-joven-que-cayo-al-rio-guaire-tras-chocar-su-moto\/\" \/>\n<meta property=\"og:locale\" content=\"es_ES\" \/>\n<meta property=\"og:type\" content=\"article\" \/>\n<meta property=\"og:title\" content=\"Hallaron el cad\u00e1ver de joven que cay\u00f3 al r\u00edo Guaire tras chocar su moto\" \/>\n<meta property=\"og:description\" content=\"Sucesos\" \/>\n<meta property=\"og:url\" content=\"https:\/\/digital58.com.ve\/site\/2020\/06\/29\/hallaron-el-cadaver-de-joven-que-cayo-al-rio-guaire-tras-chocar-su-moto\/\" \/>\n<meta property=\"og:site_name\" content=\"Noticias Digital58\" \/>\n<meta property=\"article:published_time\" content=\"2020-06-29T16:03:14+00:00\" \/>\n<meta property=\"og:image\" content=\"https:\/\/digital58.com.ve\/site\/wp-content\/uploads\/2020\/06\/rescate-de-cuerpo-en-el-guaire.jpg\" \/>\n\t<meta property=\"og:image:width\" content=\"1000\" \/>\n\t<meta property=\"og:image:height\" content=\"458\" \/>\n\t<meta property=\"og:image:type\" content=\"image\/jpeg\" \/>\n<meta name=\"author\" content=\"Chavez Castro Marian\" \/>\n<meta name=\"twitter:card\" content=\"summary_large_image\" \/>\n<meta name=\"twitter:creator\" content=\"@Digital_58\" \/>\n<meta name=\"twitter:site\" content=\"@villasmilhfoto\" \/>\n<meta name=\"twitter:label1\" content=\"Escrito por\" \/>\n\t<meta name=\"twitter:data1\" content=\"Chavez Castro Marian\" \/>\n\t<meta name=\"twitter:label2\" content=\"Tiempo estimado de lectura\" \/>\n\t<meta name=\"twitter:data2\" content=\"2 minutos\" \/>\n<script type=\"application\/ld+json\" class=\"yoast-schema-graph\">{\"@context\":\"https:\\\/\\\/schema.org\",\"@graph\":[{\"@type\":\"Article\",\"@id\":\"https:\\\/\\\/digital58.com.ve\\\/site\\\/2020\\\/06\\\/29\\\/hallaron-el-cadaver-de-joven-que-cayo-al-rio-guaire-tras-chocar-su-moto\\\/#article\",\"isPartOf\":{\"@id\":\"https:\\\/\\\/digital58.com.ve\\\/site\\\/2020\\\/06\\\/29\\\/hallaron-el-cadaver-de-joven-que-cayo-al-rio-guaire-tras-chocar-su-moto\\\/\"},\"author\":{\"name\":\"Chavez Castro Marian\",\"@id\":\"https:\\\/\\\/digital58.com.ve\\\/site\\\/#\\\/schema\\\/person\\\/9c0f3a88cb18ad2a045bf3b5d13c0a49\"},\"headline\":\"Hallaron el cad\u00e1ver de joven que cay\u00f3 al r\u00edo Guaire tras chocar su moto\",\"datePublished\":\"2020-06-29T16:03:14+00:00\",\"mainEntityOfPage\":{\"@id\":\"https:\\\/\\\/digital58.com.ve\\\/site\\\/2020\\\/06\\\/29\\\/hallaron-el-cadaver-de-joven-que-cayo-al-rio-guaire-tras-chocar-su-moto\\\/\"},\"wordCount\":342,\"commentCount\":0,\"publisher\":{\"@id\":\"https:\\\/\\\/digital58.com.ve\\\/site\\\/#\\\/schema\\\/person\\\/64d1c2e4d0d4fd1b849980c4331c2951\"},\"image\":{\"@id\":\"https:\\\/\\\/digital58.com.ve\\\/site\\\/2020\\\/06\\\/29\\\/hallaron-el-cadaver-de-joven-que-cayo-al-rio-guaire-tras-chocar-su-moto\\\/#primaryimage\"},\"thumbnailUrl\":\"https:\\\/\\\/digital58.com.ve\\\/site\\\/wp-content\\\/uploads\\\/2020\\\/06\\\/rescate-de-cuerpo-en-el-guaire.jpg\",\"keywords\":[\"cad\u00e1ver\",\"Caracas\",\"Rio Guaire\",\"Sucesos\"],\"articleSection\":[\"Sucesos\"],\"inLanguage\":\"es\",\"potentialAction\":[{\"@type\":\"CommentAction\",\"name\":\"Comment\",\"target\":[\"https:\\\/\\\/digital58.com.ve\\\/site\\\/2020\\\/06\\\/29\\\/hallaron-el-cadaver-de-joven-que-cayo-al-rio-guaire-tras-chocar-su-moto\\\/#respond\"]}]},{\"@type\":\"WebPage\",\"@id\":\"https:\\\/\\\/digital58.com.ve\\\/site\\\/2020\\\/06\\\/29\\\/hallaron-el-cadaver-de-joven-que-cayo-al-rio-guaire-tras-chocar-su-moto\\\/\",\"url\":\"https:\\\/\\\/digital58.com.ve\\\/site\\\/2020\\\/06\\\/29\\\/hallaron-el-cadaver-de-joven-que-cayo-al-rio-guaire-tras-chocar-su-moto\\\/\",\"name\":\"Hallaron el cad\u00e1ver de joven que cay\u00f3 al r\u00edo Guaire tras chocar su moto\",\"isPartOf\":{\"@id\":\"https:\\\/\\\/digital58.com.ve\\\/site\\\/#website\"},\"primaryImageOfPage\":{\"@id\":\"https:\\\/\\\/digital58.com.ve\\\/site\\\/2020\\\/06\\\/29\\\/hallaron-el-cadaver-de-joven-que-cayo-al-rio-guaire-tras-chocar-su-moto\\\/#primaryimage\"},\"image\":{\"@id\":\"https:\\\/\\\/digital58.com.ve\\\/site\\\/2020\\\/06\\\/29\\\/hallaron-el-cadaver-de-joven-que-cayo-al-rio-guaire-tras-chocar-su-moto\\\/#primaryimage\"},\"thumbnailUrl\":\"https:\\\/\\\/digital58.com.ve\\\/site\\\/wp-content\\\/uploads\\\/2020\\\/06\\\/rescate-de-cuerpo-en-el-guaire.jpg\",\"datePublished\":\"2020-06-29T16:03:14+00:00\",\"description\":\"Sucesos\",\"breadcrumb\":{\"@id\":\"https:\\\/\\\/digital58.com.ve\\\/site\\\/2020\\\/06\\\/29\\\/hallaron-el-cadaver-de-joven-que-cayo-al-rio-guaire-tras-chocar-su-moto\\\/#breadcrumb\"},\"inLanguage\":\"es\",\"potentialAction\":[{\"@type\":\"ReadAction\",\"target\":[\"https:\\\/\\\/digital58.com.ve\\\/site\\\/2020\\\/06\\\/29\\\/hallaron-el-cadaver-de-joven-que-cayo-al-rio-guaire-tras-chocar-su-moto\\\/\"]}]},{\"@type\":\"ImageObject\",\"inLanguage\":\"es\",\"@id\":\"https:\\\/\\\/digital58.com.ve\\\/site\\\/2020\\\/06\\\/29\\\/hallaron-el-cadaver-de-joven-que-cayo-al-rio-guaire-tras-chocar-su-moto\\\/#primaryimage\",\"url\":\"https:\\\/\\\/digital58.com.ve\\\/site\\\/wp-content\\\/uploads\\\/2020\\\/06\\\/rescate-de-cuerpo-en-el-guaire.jpg\",\"contentUrl\":\"https:\\\/\\\/digital58.com.ve\\\/site\\\/wp-content\\\/uploads\\\/2020\\\/06\\\/rescate-de-cuerpo-en-el-guaire.jpg\",\"width\":800,\"height\":366},{\"@type\":\"BreadcrumbList\",\"@id\":\"https:\\\/\\\/digital58.com.ve\\\/site\\\/2020\\\/06\\\/29\\\/hallaron-el-cadaver-de-joven-que-cayo-al-rio-guaire-tras-chocar-su-moto\\\/#breadcrumb\",\"itemListElement\":[{\"@type\":\"ListItem\",\"position\":1,\"name\":\"Home\",\"item\":\"https:\\\/\\\/digital58.com.ve\\\/site\\\/\"},{\"@type\":\"ListItem\",\"position\":2,\"name\":\"Hallaron el cad\u00e1ver de joven que cay\u00f3 al r\u00edo Guaire tras chocar su moto\"}]},{\"@type\":\"WebSite\",\"@id\":\"https:\\\/\\\/digital58.com.ve\\\/site\\\/#website\",\"url\":\"https:\\\/\\\/digital58.com.ve\\\/site\\\/\",\"name\":\"Noticias Digital58\",\"description\":\"Portal de Noticias \u00a1Periodismo web de verdad! Lanzamiento web 22.11.2005 \\\/ Maracaibo, Venezuela\",\"publisher\":{\"@id\":\"https:\\\/\\\/digital58.com.ve\\\/site\\\/#\\\/schema\\\/person\\\/64d1c2e4d0d4fd1b849980c4331c2951\"},\"alternateName\":\"ND58\",\"potentialAction\":[{\"@type\":\"SearchAction\",\"target\":{\"@type\":\"EntryPoint\",\"urlTemplate\":\"https:\\\/\\\/digital58.com.ve\\\/site\\\/?s={search_term_string}\"},\"query-input\":{\"@type\":\"PropertyValueSpecification\",\"valueRequired\":true,\"valueName\":\"search_term_string\"}}],\"inLanguage\":\"es\"},{\"@type\":[\"Person\",\"Organization\"],\"@id\":\"https:\\\/\\\/digital58.com.ve\\\/site\\\/#\\\/schema\\\/person\\\/64d1c2e4d0d4fd1b849980c4331c2951\",\"name\":\"Villasmil Henry\",\"image\":{\"@type\":\"ImageObject\",\"inLanguage\":\"es\",\"@id\":\"https:\\\/\\\/secure.gravatar.com\\\/avatar\\\/bb0c4a2fcb7970138239f7e404ea75757b1b507b28b5ce4c53fbd62d797c5a7c?s=96&d=mm&r=g\",\"url\":\"https:\\\/\\\/secure.gravatar.com\\\/avatar\\\/bb0c4a2fcb7970138239f7e404ea75757b1b507b28b5ce4c53fbd62d797c5a7c?s=96&d=mm&r=g\",\"contentUrl\":\"https:\\\/\\\/secure.gravatar.com\\\/avatar\\\/bb0c4a2fcb7970138239f7e404ea75757b1b507b28b5ce4c53fbd62d797c5a7c?s=96&d=mm&r=g\",\"caption\":\"Villasmil Henry\"},\"logo\":{\"@id\":\"https:\\\/\\\/secure.gravatar.com\\\/avatar\\\/bb0c4a2fcb7970138239f7e404ea75757b1b507b28b5ce4c53fbd62d797c5a7c?s=96&d=mm&r=g\"},\"sameAs\":[\"http:\\\/\\\/www.henryvillasmil.com.ve\",\"https:\\\/\\\/www.instagram.com\\\/villasmilhfoto\\\/\",\"https:\\\/\\\/x.com\\\/https:\\\/\\\/twitter.com\\\/villasmilhfoto\"]},{\"@type\":\"Person\",\"@id\":\"https:\\\/\\\/digital58.com.ve\\\/site\\\/#\\\/schema\\\/person\\\/9c0f3a88cb18ad2a045bf3b5d13c0a49\",\"name\":\"Chavez Castro Marian\",\"image\":{\"@type\":\"ImageObject\",\"inLanguage\":\"es\",\"@id\":\"https:\\\/\\\/secure.gravatar.com\\\/avatar\\\/f0d85074342e38d350fb5a6141afb1fb5c0ef9cb2f88442cd5535b1a7fe29dbd?s=96&d=mm&r=g\",\"url\":\"https:\\\/\\\/secure.gravatar.com\\\/avatar\\\/f0d85074342e38d350fb5a6141afb1fb5c0ef9cb2f88442cd5535b1a7fe29dbd?s=96&d=mm&r=g\",\"contentUrl\":\"https:\\\/\\\/secure.gravatar.com\\\/avatar\\\/f0d85074342e38d350fb5a6141afb1fb5c0ef9cb2f88442cd5535b1a7fe29dbd?s=96&d=mm&r=g\",\"caption\":\"Chavez Castro Marian\"},\"url\":\"https:\\\/\\\/digital58.com.ve\\\/site\\\/author\\\/mchavezcastro\\\/\"}]}<\/script>\n<!-- \/ Yoast SEO plugin. -->","yoast_head_json":{"title":"Hallaron el cad\u00e1ver de joven que cay\u00f3 al r\u00edo Guaire tras chocar su moto","description":"Sucesos","robots":{"index":"index","follow":"follow","max-snippet":"max-snippet:-1","max-image-preview":"max-image-preview:large","max-video-preview":"max-video-preview:-1"},"canonical":"https:\/\/digital58.com.ve\/site\/2020\/06\/29\/hallaron-el-cadaver-de-joven-que-cayo-al-rio-guaire-tras-chocar-su-moto\/","og_locale":"es_ES","og_type":"article","og_title":"Hallaron el cad\u00e1ver de joven que cay\u00f3 al r\u00edo Guaire tras chocar su moto","og_description":"Sucesos","og_url":"https:\/\/digital58.com.ve\/site\/2020\/06\/29\/hallaron-el-cadaver-de-joven-que-cayo-al-rio-guaire-tras-chocar-su-moto\/","og_site_name":"Noticias Digital58","article_published_time":"2020-06-29T16:03:14+00:00","og_image":[{"width":1000,"height":458,"url":"https:\/\/digital58.com.ve\/site\/wp-content\/uploads\/2020\/06\/rescate-de-cuerpo-en-el-guaire.jpg","type":"image\/jpeg"}],"author":"Chavez Castro Marian","twitter_card":"summary_large_image","twitter_creator":"@Digital_58","twitter_site":"@villasmilhfoto","twitter_misc":{"Escrito por":"Chavez Castro Marian","Tiempo estimado de lectura":"2 minutos"},"schema":{"@context":"https:\/\/schema.org","@graph":[{"@type":"Article","@id":"https:\/\/digital58.com.ve\/site\/2020\/06\/29\/hallaron-el-cadaver-de-joven-que-cayo-al-rio-guaire-tras-chocar-su-moto\/#article","isPartOf":{"@id":"https:\/\/digital58.com.ve\/site\/2020\/06\/29\/hallaron-el-cadaver-de-joven-que-cayo-al-rio-guaire-tras-chocar-su-moto\/"},"author":{"name":"Chavez Castro Marian","@id":"https:\/\/digital58.com.ve\/site\/#\/schema\/person\/9c0f3a88cb18ad2a045bf3b5d13c0a49"},"headline":"Hallaron el cad\u00e1ver de joven que cay\u00f3 al r\u00edo Guaire tras chocar su moto","datePublished":"2020-06-29T16:03:14+00:00","mainEntityOfPage":{"@id":"https:\/\/digital58.com.ve\/site\/2020\/06\/29\/hallaron-el-cadaver-de-joven-que-cayo-al-rio-guaire-tras-chocar-su-moto\/"},"wordCount":342,"commentCount":0,"publisher":{"@id":"https:\/\/digital58.com.ve\/site\/#\/schema\/person\/64d1c2e4d0d4fd1b849980c4331c2951"},"image":{"@id":"https:\/\/digital58.com.ve\/site\/2020\/06\/29\/hallaron-el-cadaver-de-joven-que-cayo-al-rio-guaire-tras-chocar-su-moto\/#primaryimage"},"thumbnailUrl":"https:\/\/digital58.com.ve\/site\/wp-content\/uploads\/2020\/06\/rescate-de-cuerpo-en-el-guaire.jpg","keywords":["cad\u00e1ver","Caracas","Rio Guaire","Sucesos"],"articleSection":["Sucesos"],"inLanguage":"es","potentialAction":[{"@type":"CommentAction","name":"Comment","target":["https:\/\/digital58.com.ve\/site\/2020\/06\/29\/hallaron-el-cadaver-de-joven-que-cayo-al-rio-guaire-tras-chocar-su-moto\/#respond"]}]},{"@type":"WebPage","@id":"https:\/\/digital58.com.ve\/site\/2020\/06\/29\/hallaron-el-cadaver-de-joven-que-cayo-al-rio-guaire-tras-chocar-su-moto\/","url":"https:\/\/digital58.com.ve\/site\/2020\/06\/29\/hallaron-el-cadaver-de-joven-que-cayo-al-rio-guaire-tras-chocar-su-moto\/","name":"Hallaron el cad\u00e1ver de joven que cay\u00f3 al r\u00edo Guaire tras chocar su moto","isPartOf":{"@id":"https:\/\/digital58.com.ve\/site\/#website"},"primaryImageOfPage":{"@id":"https:\/\/digital58.com.ve\/site\/2020\/06\/29\/hallaron-el-cadaver-de-joven-que-cayo-al-rio-guaire-tras-chocar-su-moto\/#primaryimage"},"image":{"@id":"https:\/\/digital58.com.ve\/site\/2020\/06\/29\/hallaron-el-cadaver-de-joven-que-cayo-al-rio-guaire-tras-chocar-su-moto\/#primaryimage"},"thumbnailUrl":"https:\/\/digital58.com.ve\/site\/wp-content\/uploads\/2020\/06\/rescate-de-cuerpo-en-el-guaire.jpg","datePublished":"2020-06-29T16:03:14+00:00","description":"Sucesos","breadcrumb":{"@id":"https:\/\/digital58.com.ve\/site\/2020\/06\/29\/hallaron-el-cadaver-de-joven-que-cayo-al-rio-guaire-tras-chocar-su-moto\/#breadcrumb"},"inLanguage":"es","potentialAction":[{"@type":"ReadAction","target":["https:\/\/digital58.com.ve\/site\/2020\/06\/29\/hallaron-el-cadaver-de-joven-que-cayo-al-rio-guaire-tras-chocar-su-moto\/"]}]},{"@type":"ImageObject","inLanguage":"es","@id":"https:\/\/digital58.com.ve\/site\/2020\/06\/29\/hallaron-el-cadaver-de-joven-que-cayo-al-rio-guaire-tras-chocar-su-moto\/#primaryimage","url":"https:\/\/digital58.com.ve\/site\/wp-content\/uploads\/2020\/06\/rescate-de-cuerpo-en-el-guaire.jpg","contentUrl":"https:\/\/digital58.com.ve\/site\/wp-content\/uploads\/2020\/06\/rescate-de-cuerpo-en-el-guaire.jpg","width":800,"height":366},{"@type":"BreadcrumbList","@id":"https:\/\/digital58.com.ve\/site\/2020\/06\/29\/hallaron-el-cadaver-de-joven-que-cayo-al-rio-guaire-tras-chocar-su-moto\/#breadcrumb","itemListElement":[{"@type":"ListItem","position":1,"name":"Home","item":"https:\/\/digital58.com.ve\/site\/"},{"@type":"ListItem","position":2,"name":"Hallaron el cad\u00e1ver de joven que cay\u00f3 al r\u00edo Guaire tras chocar su moto"}]},{"@type":"WebSite","@id":"https:\/\/digital58.com.ve\/site\/#website","url":"https:\/\/digital58.com.ve\/site\/","name":"Noticias Digital58","description":"Portal de Noticias \u00a1Periodismo web de verdad! Lanzamiento web 22.11.2005 \/ Maracaibo, Venezuela","publisher":{"@id":"https:\/\/digital58.com.ve\/site\/#\/schema\/person\/64d1c2e4d0d4fd1b849980c4331c2951"},"alternateName":"ND58","potentialAction":[{"@type":"SearchAction","target":{"@type":"EntryPoint","urlTemplate":"https:\/\/digital58.com.ve\/site\/?s={search_term_string}"},"query-input":{"@type":"PropertyValueSpecification","valueRequired":true,"valueName":"search_term_string"}}],"inLanguage":"es"},{"@type":["Person","Organization"],"@id":"https:\/\/digital58.com.ve\/site\/#\/schema\/person\/64d1c2e4d0d4fd1b849980c4331c2951","name":"Villasmil Henry","image":{"@type":"ImageObject","inLanguage":"es","@id":"https:\/\/secure.gravatar.com\/avatar\/bb0c4a2fcb7970138239f7e404ea75757b1b507b28b5ce4c53fbd62d797c5a7c?s=96&d=mm&r=g","url":"https:\/\/secure.gravatar.com\/avatar\/bb0c4a2fcb7970138239f7e404ea75757b1b507b28b5ce4c53fbd62d797c5a7c?s=96&d=mm&r=g","contentUrl":"https:\/\/secure.gravatar.com\/avatar\/bb0c4a2fcb7970138239f7e404ea75757b1b507b28b5ce4c53fbd62d797c5a7c?s=96&d=mm&r=g","caption":"Villasmil Henry"},"logo":{"@id":"https:\/\/secure.gravatar.com\/avatar\/bb0c4a2fcb7970138239f7e404ea75757b1b507b28b5ce4c53fbd62d797c5a7c?s=96&d=mm&r=g"},"sameAs":["http:\/\/www.henryvillasmil.com.ve","https:\/\/www.instagram.com\/villasmilhfoto\/","https:\/\/x.com\/https:\/\/twitter.com\/villasmilhfoto"]},{"@type":"Person","@id":"https:\/\/digital58.com.ve\/site\/#\/schema\/person\/9c0f3a88cb18ad2a045bf3b5d13c0a49","name":"Chavez Castro Marian","image":{"@type":"ImageObject","inLanguage":"es","@id":"https:\/\/secure.gravatar.com\/avatar\/f0d85074342e38d350fb5a6141afb1fb5c0ef9cb2f88442cd5535b1a7fe29dbd?s=96&d=mm&r=g","url":"https:\/\/secure.gravatar.com\/avatar\/f0d85074342e38d350fb5a6141afb1fb5c0ef9cb2f88442cd5535b1a7fe29dbd?s=96&d=mm&r=g","contentUrl":"https:\/\/secure.gravatar.com\/avatar\/f0d85074342e38d350fb5a6141afb1fb5c0ef9cb2f88442cd5535b1a7fe29dbd?s=96&d=mm&r=g","caption":"Chavez Castro Marian"},"url":"https:\/\/digital58.com.ve\/site\/author\/mchavezcastro\/"}]}},"uagb_featured_image_src":{"full":["https:\/\/digital58.com.ve\/site\/wp-content\/uploads\/2020\/06\/rescate-de-cuerpo-en-el-guaire.jpg",800,366,false],"thumbnail":["https:\/\/digital58.com.ve\/site\/wp-content\/uploads\/2020\/06\/rescate-de-cuerpo-en-el-guaire-150x150.jpg",150,150,true],"medium":["https:\/\/digital58.com.ve\/site\/wp-content\/uploads\/2020\/06\/rescate-de-cuerpo-en-el-guaire-300x137.jpg",300,137,true],"medium_large":["https:\/\/digital58.com.ve\/site\/wp-content\/uploads\/2020\/06\/rescate-de-cuerpo-en-el-guaire-768x352.jpg",768,352,true],"large":["https:\/\/digital58.com.ve\/site\/wp-content\/uploads\/2020\/06\/rescate-de-cuerpo-en-el-guaire.jpg",800,366,false],"1536x1536":["https:\/\/digital58.com.ve\/site\/wp-content\/uploads\/2020\/06\/rescate-de-cuerpo-en-el-guaire.jpg",800,366,false],"2048x2048":["https:\/\/digital58.com.ve\/site\/wp-content\/uploads\/2020\/06\/rescate-de-cuerpo-en-el-guaire.jpg",800,366,false],"colormag-highlighted-post":["https:\/\/digital58.com.ve\/site\/wp-content\/uploads\/2020\/06\/rescate-de-cuerpo-en-el-guaire.jpg",392,179,false],"colormag-featured-post-medium":["https:\/\/digital58.com.ve\/site\/wp-content\/uploads\/2020\/06\/rescate-de-cuerpo-en-el-guaire.jpg",390,178,false],"colormag-featured-post-small":["https:\/\/digital58.com.ve\/site\/wp-content\/uploads\/2020\/06\/rescate-de-cuerpo-en-el-guaire.jpg",130,59,false],"colormag-featured-image":["https:\/\/digital58.com.ve\/site\/wp-content\/uploads\/2020\/06\/rescate-de-cuerpo-en-el-guaire.jpg",800,366,false],"colormag-default-news":["https:\/\/digital58.com.ve\/site\/wp-content\/uploads\/2020\/06\/rescate-de-cuerpo-en-el-guaire.jpg",150,69,false],"colormag-featured-image-large":["https:\/\/digital58.com.ve\/site\/wp-content\/uploads\/2020\/06\/rescate-de-cuerpo-en-el-guaire.jpg",800,366,false]},"uagb_author_info":{"display_name":"Chavez Castro Marian","author_link":"https:\/\/digital58.com.ve\/site\/author\/mchavezcastro\/"},"uagb_comment_info":0,"uagb_excerpt":"Ayskel G\u00f3mez, de 19 a\u00f1os, se precipit\u00f3 al r\u00edo luego de que una gr\u00faa impact\u00f3 su moto el pasado s\u00e1bado","_links":{"self":[{"href":"https:\/\/digital58.com.ve\/site\/wp-json\/wp\/v2\/posts\/109590","targetHints":{"allow":["GET"]}}],"collection":[{"href":"https:\/\/digital58.com.ve\/site\/wp-json\/wp\/v2\/posts"}],"about":[{"href":"https:\/\/digital58.com.ve\/site\/wp-json\/wp\/v2\/types\/post"}],"author":[{"embeddable":true,"href":"https:\/\/digital58.com.ve\/site\/wp-json\/wp\/v2\/users\/31"}],"replies":[{"embeddable":true,"href":"https:\/\/digital58.com.ve\/site\/wp-json\/wp\/v2\/comments?post=109590"}],"version-history":[{"count":0,"href":"https:\/\/digital58.com.ve\/site\/wp-json\/wp\/v2\/posts\/109590\/revisions"}],"wp:featuredmedia":[{"embeddable":true,"href":"https:\/\/digital58.com.ve\/site\/wp-json\/wp\/v2\/media\/109593"}],"wp:attachment":[{"href":"https:\/\/digital58.com.ve\/site\/wp-json\/wp\/v2\/media?parent=109590"}],"wp:term":[{"taxonomy":"category","embeddable":true,"href":"https:\/\/digital58.com.ve\/site\/wp-json\/wp\/v2\/categories?post=109590"},{"taxonomy":"post_tag","embeddable":true,"href":"https:\/\/digital58.com.ve\/site\/wp-json\/wp\/v2\/tags?post=109590"}],"curies":[{"name":"wp","href":"https:\/\/api.w.org\/{rel}","templated":true}]}}