{"id":109714,"date":"2020-06-29T22:08:24","date_gmt":"2020-06-30T02:08:24","guid":{"rendered":"https:\/\/digital58.com.ve\/site\/?p=109714"},"modified":"2020-06-29T22:08:24","modified_gmt":"2020-06-30T02:08:24","slug":"venezuela-alcanza-la-cifra-de-5-530-casos-confirmados-de-covid-19-y-48-fallecidos","status":"publish","type":"post","link":"https:\/\/digital58.com.ve\/site\/2020\/06\/29\/venezuela-alcanza-la-cifra-de-5-530-casos-confirmados-de-covid-19-y-48-fallecidos\/","title":{"rendered":"Venezuela alcanza la cifra de 5.530 casos confirmados de COVID-19 y 48 fallecidos"},"content":{"rendered":"\r\n<p><a href=\"https:\/\/digital58.com.ve\/site\/wp-content\/uploads\/2020\/06\/covid-29.jpg\"><img loading=\"lazy\" decoding=\"async\" class=\"aligncenter size-full wp-image-109756\" src=\"https:\/\/digital58.com.ve\/site\/wp-content\/uploads\/2020\/06\/covid-29.jpg\" alt=\"\" width=\"800\" height=\"533\" srcset=\"https:\/\/digital58.com.ve\/site\/wp-content\/uploads\/2020\/06\/covid-29.jpg 800w, https:\/\/digital58.com.ve\/site\/wp-content\/uploads\/2020\/06\/covid-29-300x200.jpg 300w, https:\/\/digital58.com.ve\/site\/wp-content\/uploads\/2020\/06\/covid-29-768x512.jpg 768w, https:\/\/digital58.com.ve\/site\/wp-content\/uploads\/2020\/06\/covid-29-720x480.jpg 720w, https:\/\/digital58.com.ve\/site\/wp-content\/uploads\/2020\/06\/covid-29-480x320.jpg 480w\" sizes=\"auto, (max-width: 800px) 100vw, 800px\" \/><\/a><\/p>\r\n<p>La capital zuliana vuelve a sumar contagiados, con 21 vinculados al foco del Mercado Las Pulgas y del Casco Central de Maracaibo. Otros tres son del municipio Machiques de Perij\u00e1.<br \/><br \/><strong>Caracas DC, Venezuela, 28 de junio de 2020 (ND58).-<\/strong> Delcy Rodr\u00edguez, Vicepresidenta Ejecutiva, anunci\u00f3 la noche de este lunes 29 de junio, que en las \u00faltimas 24 horas se registraron en el pa\u00eds la lamentable cifra de cuatro decesos y 233 casos de COVID-19, de los cuales 142 son importados y 91 casos son de transmisi\u00f3n comunitaria. Cerrando la jornada de hoy con un total de contagiados en 5.530 y la cifra de fallecidos aumenta a 48.<\/p>\r\n<p>Rodr\u00edguez argument\u00f3 que de los 142 casos importados, 138 pertenecen a Colombia,\u00a0 71 ingresados connacionales por T\u00e1chira 60 por apure y 7 por el estado Zulia. Y finalmente dos casos procedentes de Brasil.<\/p>\r\n<p>En el interior del pa\u00eds tenemos en el Zulia, 24 casos, de esos 21 casos pertenecen al foco infeccioso de las pulgas y 3 casos en Machiques, en Miranda se registran 22 casos, en el Distrito Capital, en el estado Sucre 9 casos, en Carabobo 9 casos, en Lara 5 casos, en Trujillo 4 casos, en T\u00e1chira 2 casos y en Yaracuy solo un caso.<\/p>\r\n<p>Tambi\u00e9n lament\u00f3 informar el fallecimiento de cuatro personas por la infecci\u00f3n de COVID-19 para elevar el n\u00famero de v\u00edctimas mortales a 48. Los decesos se produjeron dos en el estado Zulia, uno en Distrito Capital y uno en Falc\u00f3n.<\/p>\r\n<p><a href=\"https:\/\/digital58.com.ve\/site\/wp-content\/uploads\/2020\/06\/conteo-covid-29.jpg\"><img loading=\"lazy\" decoding=\"async\" class=\"aligncenter wp-image-109757\" src=\"https:\/\/digital58.com.ve\/site\/wp-content\/uploads\/2020\/06\/conteo-covid-29.jpg\" alt=\"\" width=\"600\" height=\"750\" srcset=\"https:\/\/digital58.com.ve\/site\/wp-content\/uploads\/2020\/06\/conteo-covid-29.jpg 480w, https:\/\/digital58.com.ve\/site\/wp-content\/uploads\/2020\/06\/conteo-covid-29-240x300.jpg 240w\" sizes=\"auto, (max-width: 600px) 100vw, 600px\" \/><\/a><\/p>\r\n<p>Sobre la condici\u00f3n actual de los pacientes refiri\u00f3 que 3.364 est\u00e1n asintom\u00e1ticos, 447 presentan insuficiencia aguda grave leve, 13 insuficiencia aguda grave moderada y 9 con insuficiencia aguda grave.<br \/><br \/><strong>Detalles de los casos de transmisi\u00f3n comunitaria en las \u00faltimas 24 horas:<\/strong><\/p>\r\n<ul>\r\n<li>Zulia: 21 vinculados del foco del Mercado Las Pulgas y del Casco Central de Maracaibo y 3 son del municipio Machiques de Perij\u00e1.<\/li>\r\n<li>Miranda: 17 casos registrados en el municipio Sucre, 2 en el municipio Baruta, 1 Ocumare del Tuy, 1 Santa Teresa del Tuy y un residente del Distrito Capital que labora en esta regi\u00f3n.<\/li>\r\n<li>Distrito Capital: 5 de la parroquia Sucre de Catia, 3 de la parroquia El Recreo, 1 de la parroquia Coche, 1 de la parroquia El Para\u00edso, 1 de la parroquia La Candelaria, 1 de Ant\u00edmano y 1 de el 23 de Enero.<\/li>\r\n<li>Sucre: 6 casos corresponden al foco de un empresa procesadora de pescado, 2 se registraron en el municipio Sucre, 1 es un trabajador de la Alcald\u00eda del municipio Sucre.<\/li>\r\n<li>Carabobo: 6 del municipio Juan Jos\u00e9 Mora, 2 de Puerto Cabello, 1 del municipio Libertador.<\/li>\r\n<li>Lara: 3 del municipio Torres y 2 agricultores que hacen intercambios comerciales.<\/li>\r\n<li>Trujillo: 1 en el municipio Pamp\u00e1n y 1 en el municipio Carvajal.<\/li>\r\n<li>T\u00e1chira: 1 en el municipio Coloncito y en el 1 municipio Torbes.<\/li>\r\n<li>Aragua: Madre e hijo que habitan en Cagua.<\/li>\r\n<li>Yaracuy: Municipio Chivacoa, esta paciente tiene una condici\u00f3n muy grave.<\/li>\r\n<\/ul>\r\n<p><strong>Detalles de los fallecidos por COVID-19 en las \u00faltimas horas:<\/strong><\/p><div class=\"bzado69ec70d40f0e6\" ><p style=\"text-align: center;\"><a href=\"https:\/\/t.me\/noticiasdigital58\" target=\"_blank\" rel=\"noopener\"><img class=\"aligncenter size-full wp-image-125363\" src=\"https:\/\/digital58.com.ve\/site\/wp-content\/uploads\/2021\/04\/banner-telegram-web-2021.png\" alt=\"\" width=\"600\" height=\"90\" \/><\/a><\/p><\/div><style type=\"text\/css\">\r\n@media screen and (min-width: 1201px) {\r\n.bzado69ec70d40f0e6 {\r\ndisplay: block;\r\n}\r\n}\r\n@media screen and (min-width: 993px) and (max-width: 1200px) {\r\n.bzado69ec70d40f0e6 {\r\ndisplay: block;\r\n}\r\n}\r\n@media screen and (min-width: 769px) and (max-width: 992px) {\r\n.bzado69ec70d40f0e6 {\r\ndisplay: block;\r\n}\r\n}\r\n@media screen and (min-width: 768px) and (max-width: 768px) {\r\n.bzado69ec70d40f0e6 {\r\ndisplay: block;\r\n}\r\n}\r\n@media screen and (max-width: 767px) {\r\n.bzado69ec70d40f0e6 {\r\ndisplay: block;\r\n}\r\n}\r\n<\/style>\r\n\r\n<ul>\r\n<li>Masculino, residente del estado Zulia. Personal de salud.<\/li>\r\n<li>Masculino 50 a\u00f1os de edad, residente del estado Falc\u00f3n. Present\u00f3 un paro cardiorespiratorio que condujo a su fallecimiento.<\/li>\r\n<li>Masculino, 56 a\u00f1os del estado Zulia. Lleg\u00f3 muy complicado. Present\u00f3 un paro cardiopulmonar que condujo a su fallecimiento.<\/li>\r\n<li>Masculino de 59 a\u00f1os de edad, residente del estado Zulia. Present\u00f3 un paro cardiorespiratorio que condujo a su fallecimiento.<\/li>\r\n<\/ul>\r\n<p><strong>Redacci\u00f3n: Rubio, Laura Isabel (@lauraisabelrubio) | Fuente: VTV<\/strong><br \/><strong>Edici\u00f3n: Villasmil, Henry<\/strong><br \/><strong>Gr\u00e1ficas: Luis, Arismendi (@arismendiht) | EFE<br \/><\/strong><\/p>\r\n<div style=\"margin-top: 0px; margin-bottom: 0px;\" class=\"sharethis-inline-share-buttons\" ><\/div>","protected":false},"excerpt":{"rendered":"<p>La capital zuliana vuelve a sumar contagiados, con 21 vinculados al foco del Mercado Las Pulgas y del Casco Central<\/p>\n","protected":false},"author":28,"featured_media":109756,"comment_status":"open","ping_status":"closed","sticky":false,"template":"","format":"standard","meta":{"colormag_page_container_layout":"default_layout","colormag_page_sidebar_layout":"default_layout","_uag_custom_page_level_css":"","footnotes":""},"categories":[16454],"tags":[29,13352,13648,13753,233,13723,14457],"class_list":["post-109714","post","type-post","status-publish","format-standard","has-post-thumbnail","hentry","category-venezuela","tag-caracas","tag-coronavirus","tag-covid-19","tag-delcy-rodiguez","tag-nacionales","tag-pandemia","tag-reporte-diario-covid-19"],"yoast_head":"<!-- This site is optimized with the Yoast SEO plugin v27.4 - https:\/\/yoast.com\/product\/yoast-seo-wordpress\/ -->\n<title>Venezuela alcanza la cifra de 5.530 casos confirmados de COVID-19 y 48 fallecidos<\/title>\n<meta name=\"description\" content=\"Venezuela\" \/>\n<meta name=\"robots\" content=\"index, follow, max-snippet:-1, max-image-preview:large, max-video-preview:-1\" \/>\n<link rel=\"canonical\" href=\"https:\/\/digital58.com.ve\/site\/2020\/06\/29\/venezuela-alcanza-la-cifra-de-5-530-casos-confirmados-de-covid-19-y-48-fallecidos\/\" \/>\n<meta property=\"og:locale\" content=\"es_ES\" \/>\n<meta property=\"og:type\" content=\"article\" \/>\n<meta property=\"og:title\" content=\"Venezuela alcanza la cifra de 5.530 casos confirmados de COVID-19 y 48 fallecidos\" \/>\n<meta property=\"og:description\" content=\"Venezuela\" \/>\n<meta property=\"og:url\" content=\"https:\/\/digital58.com.ve\/site\/2020\/06\/29\/venezuela-alcanza-la-cifra-de-5-530-casos-confirmados-de-covid-19-y-48-fallecidos\/\" \/>\n<meta property=\"og:site_name\" content=\"Noticias Digital58\" \/>\n<meta property=\"article:published_time\" content=\"2020-06-30T02:08:24+00:00\" \/>\n<meta property=\"og:image\" content=\"https:\/\/digital58.com.ve\/site\/wp-content\/uploads\/2020\/06\/covid-29.jpg\" \/>\n\t<meta property=\"og:image:width\" content=\"800\" \/>\n\t<meta property=\"og:image:height\" content=\"533\" \/>\n\t<meta property=\"og:image:type\" content=\"image\/jpeg\" \/>\n<meta name=\"author\" content=\"Rubio Laura Isabel\" \/>\n<meta name=\"twitter:card\" content=\"summary_large_image\" \/>\n<meta name=\"twitter:creator\" content=\"@Digital_58\" \/>\n<meta name=\"twitter:site\" content=\"@villasmilhfoto\" \/>\n<meta name=\"twitter:label1\" content=\"Escrito por\" \/>\n\t<meta name=\"twitter:data1\" content=\"Rubio Laura Isabel\" \/>\n\t<meta name=\"twitter:label2\" content=\"Tiempo estimado de lectura\" \/>\n\t<meta name=\"twitter:data2\" content=\"3 minutos\" \/>\n<script type=\"application\/ld+json\" class=\"yoast-schema-graph\">{\"@context\":\"https:\\\/\\\/schema.org\",\"@graph\":[{\"@type\":\"Article\",\"@id\":\"https:\\\/\\\/digital58.com.ve\\\/site\\\/2020\\\/06\\\/29\\\/venezuela-alcanza-la-cifra-de-5-530-casos-confirmados-de-covid-19-y-48-fallecidos\\\/#article\",\"isPartOf\":{\"@id\":\"https:\\\/\\\/digital58.com.ve\\\/site\\\/2020\\\/06\\\/29\\\/venezuela-alcanza-la-cifra-de-5-530-casos-confirmados-de-covid-19-y-48-fallecidos\\\/\"},\"author\":{\"name\":\"Rubio Laura Isabel\",\"@id\":\"https:\\\/\\\/digital58.com.ve\\\/site\\\/#\\\/schema\\\/person\\\/6672bab44ab958838204ebb2cb0e8d52\"},\"headline\":\"Venezuela alcanza la cifra de 5.530 casos confirmados de COVID-19 y 48 fallecidos\",\"datePublished\":\"2020-06-30T02:08:24+00:00\",\"mainEntityOfPage\":{\"@id\":\"https:\\\/\\\/digital58.com.ve\\\/site\\\/2020\\\/06\\\/29\\\/venezuela-alcanza-la-cifra-de-5-530-casos-confirmados-de-covid-19-y-48-fallecidos\\\/\"},\"wordCount\":552,\"commentCount\":0,\"publisher\":{\"@id\":\"https:\\\/\\\/digital58.com.ve\\\/site\\\/#\\\/schema\\\/person\\\/64d1c2e4d0d4fd1b849980c4331c2951\"},\"image\":{\"@id\":\"https:\\\/\\\/digital58.com.ve\\\/site\\\/2020\\\/06\\\/29\\\/venezuela-alcanza-la-cifra-de-5-530-casos-confirmados-de-covid-19-y-48-fallecidos\\\/#primaryimage\"},\"thumbnailUrl\":\"https:\\\/\\\/digital58.com.ve\\\/site\\\/wp-content\\\/uploads\\\/2020\\\/06\\\/covid-29.jpg\",\"keywords\":[\"Caracas\",\"Coronavirus\",\"COVID-19\",\"Delcy Rod\u00edguez\",\"Nacionales\",\"Pandemia\",\"Reporte Diario COVID-19\"],\"articleSection\":[\"Venezuela\"],\"inLanguage\":\"es\",\"potentialAction\":[{\"@type\":\"CommentAction\",\"name\":\"Comment\",\"target\":[\"https:\\\/\\\/digital58.com.ve\\\/site\\\/2020\\\/06\\\/29\\\/venezuela-alcanza-la-cifra-de-5-530-casos-confirmados-de-covid-19-y-48-fallecidos\\\/#respond\"]}]},{\"@type\":\"WebPage\",\"@id\":\"https:\\\/\\\/digital58.com.ve\\\/site\\\/2020\\\/06\\\/29\\\/venezuela-alcanza-la-cifra-de-5-530-casos-confirmados-de-covid-19-y-48-fallecidos\\\/\",\"url\":\"https:\\\/\\\/digital58.com.ve\\\/site\\\/2020\\\/06\\\/29\\\/venezuela-alcanza-la-cifra-de-5-530-casos-confirmados-de-covid-19-y-48-fallecidos\\\/\",\"name\":\"Venezuela alcanza la cifra de 5.530 casos confirmados de COVID-19 y 48 fallecidos\",\"isPartOf\":{\"@id\":\"https:\\\/\\\/digital58.com.ve\\\/site\\\/#website\"},\"primaryImageOfPage\":{\"@id\":\"https:\\\/\\\/digital58.com.ve\\\/site\\\/2020\\\/06\\\/29\\\/venezuela-alcanza-la-cifra-de-5-530-casos-confirmados-de-covid-19-y-48-fallecidos\\\/#primaryimage\"},\"image\":{\"@id\":\"https:\\\/\\\/digital58.com.ve\\\/site\\\/2020\\\/06\\\/29\\\/venezuela-alcanza-la-cifra-de-5-530-casos-confirmados-de-covid-19-y-48-fallecidos\\\/#primaryimage\"},\"thumbnailUrl\":\"https:\\\/\\\/digital58.com.ve\\\/site\\\/wp-content\\\/uploads\\\/2020\\\/06\\\/covid-29.jpg\",\"datePublished\":\"2020-06-30T02:08:24+00:00\",\"description\":\"Venezuela\",\"breadcrumb\":{\"@id\":\"https:\\\/\\\/digital58.com.ve\\\/site\\\/2020\\\/06\\\/29\\\/venezuela-alcanza-la-cifra-de-5-530-casos-confirmados-de-covid-19-y-48-fallecidos\\\/#breadcrumb\"},\"inLanguage\":\"es\",\"potentialAction\":[{\"@type\":\"ReadAction\",\"target\":[\"https:\\\/\\\/digital58.com.ve\\\/site\\\/2020\\\/06\\\/29\\\/venezuela-alcanza-la-cifra-de-5-530-casos-confirmados-de-covid-19-y-48-fallecidos\\\/\"]}]},{\"@type\":\"ImageObject\",\"inLanguage\":\"es\",\"@id\":\"https:\\\/\\\/digital58.com.ve\\\/site\\\/2020\\\/06\\\/29\\\/venezuela-alcanza-la-cifra-de-5-530-casos-confirmados-de-covid-19-y-48-fallecidos\\\/#primaryimage\",\"url\":\"https:\\\/\\\/digital58.com.ve\\\/site\\\/wp-content\\\/uploads\\\/2020\\\/06\\\/covid-29.jpg\",\"contentUrl\":\"https:\\\/\\\/digital58.com.ve\\\/site\\\/wp-content\\\/uploads\\\/2020\\\/06\\\/covid-29.jpg\",\"width\":800,\"height\":533},{\"@type\":\"BreadcrumbList\",\"@id\":\"https:\\\/\\\/digital58.com.ve\\\/site\\\/2020\\\/06\\\/29\\\/venezuela-alcanza-la-cifra-de-5-530-casos-confirmados-de-covid-19-y-48-fallecidos\\\/#breadcrumb\",\"itemListElement\":[{\"@type\":\"ListItem\",\"position\":1,\"name\":\"Home\",\"item\":\"https:\\\/\\\/digital58.com.ve\\\/site\\\/\"},{\"@type\":\"ListItem\",\"position\":2,\"name\":\"Venezuela alcanza la cifra de 5.530 casos confirmados de COVID-19 y 48 fallecidos\"}]},{\"@type\":\"WebSite\",\"@id\":\"https:\\\/\\\/digital58.com.ve\\\/site\\\/#website\",\"url\":\"https:\\\/\\\/digital58.com.ve\\\/site\\\/\",\"name\":\"Noticias Digital58\",\"description\":\"Portal de Noticias \u00a1Periodismo web de verdad! Lanzamiento web 22.11.2005 \\\/ Maracaibo, Venezuela\",\"publisher\":{\"@id\":\"https:\\\/\\\/digital58.com.ve\\\/site\\\/#\\\/schema\\\/person\\\/64d1c2e4d0d4fd1b849980c4331c2951\"},\"alternateName\":\"ND58\",\"potentialAction\":[{\"@type\":\"SearchAction\",\"target\":{\"@type\":\"EntryPoint\",\"urlTemplate\":\"https:\\\/\\\/digital58.com.ve\\\/site\\\/?s={search_term_string}\"},\"query-input\":{\"@type\":\"PropertyValueSpecification\",\"valueRequired\":true,\"valueName\":\"search_term_string\"}}],\"inLanguage\":\"es\"},{\"@type\":[\"Person\",\"Organization\"],\"@id\":\"https:\\\/\\\/digital58.com.ve\\\/site\\\/#\\\/schema\\\/person\\\/64d1c2e4d0d4fd1b849980c4331c2951\",\"name\":\"Villasmil Henry\",\"image\":{\"@type\":\"ImageObject\",\"inLanguage\":\"es\",\"@id\":\"https:\\\/\\\/secure.gravatar.com\\\/avatar\\\/bb0c4a2fcb7970138239f7e404ea75757b1b507b28b5ce4c53fbd62d797c5a7c?s=96&d=mm&r=g\",\"url\":\"https:\\\/\\\/secure.gravatar.com\\\/avatar\\\/bb0c4a2fcb7970138239f7e404ea75757b1b507b28b5ce4c53fbd62d797c5a7c?s=96&d=mm&r=g\",\"contentUrl\":\"https:\\\/\\\/secure.gravatar.com\\\/avatar\\\/bb0c4a2fcb7970138239f7e404ea75757b1b507b28b5ce4c53fbd62d797c5a7c?s=96&d=mm&r=g\",\"caption\":\"Villasmil Henry\"},\"logo\":{\"@id\":\"https:\\\/\\\/secure.gravatar.com\\\/avatar\\\/bb0c4a2fcb7970138239f7e404ea75757b1b507b28b5ce4c53fbd62d797c5a7c?s=96&d=mm&r=g\"},\"sameAs\":[\"http:\\\/\\\/www.henryvillasmil.com.ve\",\"https:\\\/\\\/www.instagram.com\\\/villasmilhfoto\\\/\",\"https:\\\/\\\/x.com\\\/https:\\\/\\\/twitter.com\\\/villasmilhfoto\"]},{\"@type\":\"Person\",\"@id\":\"https:\\\/\\\/digital58.com.ve\\\/site\\\/#\\\/schema\\\/person\\\/6672bab44ab958838204ebb2cb0e8d52\",\"name\":\"Rubio Laura Isabel\",\"image\":{\"@type\":\"ImageObject\",\"inLanguage\":\"es\",\"@id\":\"https:\\\/\\\/secure.gravatar.com\\\/avatar\\\/f7cc56b26fb0562df4488ff129a58c3c1a1bd264c9af5f313a9b1797fff1cfb9?s=96&d=mm&r=g\",\"url\":\"https:\\\/\\\/secure.gravatar.com\\\/avatar\\\/f7cc56b26fb0562df4488ff129a58c3c1a1bd264c9af5f313a9b1797fff1cfb9?s=96&d=mm&r=g\",\"contentUrl\":\"https:\\\/\\\/secure.gravatar.com\\\/avatar\\\/f7cc56b26fb0562df4488ff129a58c3c1a1bd264c9af5f313a9b1797fff1cfb9?s=96&d=mm&r=g\",\"caption\":\"Rubio Laura Isabel\"},\"url\":\"https:\\\/\\\/digital58.com.ve\\\/site\\\/author\\\/laurarubio\\\/\"}]}<\/script>\n<!-- \/ Yoast SEO plugin. -->","yoast_head_json":{"title":"Venezuela alcanza la cifra de 5.530 casos confirmados de COVID-19 y 48 fallecidos","description":"Venezuela","robots":{"index":"index","follow":"follow","max-snippet":"max-snippet:-1","max-image-preview":"max-image-preview:large","max-video-preview":"max-video-preview:-1"},"canonical":"https:\/\/digital58.com.ve\/site\/2020\/06\/29\/venezuela-alcanza-la-cifra-de-5-530-casos-confirmados-de-covid-19-y-48-fallecidos\/","og_locale":"es_ES","og_type":"article","og_title":"Venezuela alcanza la cifra de 5.530 casos confirmados de COVID-19 y 48 fallecidos","og_description":"Venezuela","og_url":"https:\/\/digital58.com.ve\/site\/2020\/06\/29\/venezuela-alcanza-la-cifra-de-5-530-casos-confirmados-de-covid-19-y-48-fallecidos\/","og_site_name":"Noticias Digital58","article_published_time":"2020-06-30T02:08:24+00:00","og_image":[{"width":800,"height":533,"url":"https:\/\/digital58.com.ve\/site\/wp-content\/uploads\/2020\/06\/covid-29.jpg","type":"image\/jpeg"}],"author":"Rubio Laura Isabel","twitter_card":"summary_large_image","twitter_creator":"@Digital_58","twitter_site":"@villasmilhfoto","twitter_misc":{"Escrito por":"Rubio Laura Isabel","Tiempo estimado de lectura":"3 minutos"},"schema":{"@context":"https:\/\/schema.org","@graph":[{"@type":"Article","@id":"https:\/\/digital58.com.ve\/site\/2020\/06\/29\/venezuela-alcanza-la-cifra-de-5-530-casos-confirmados-de-covid-19-y-48-fallecidos\/#article","isPartOf":{"@id":"https:\/\/digital58.com.ve\/site\/2020\/06\/29\/venezuela-alcanza-la-cifra-de-5-530-casos-confirmados-de-covid-19-y-48-fallecidos\/"},"author":{"name":"Rubio Laura Isabel","@id":"https:\/\/digital58.com.ve\/site\/#\/schema\/person\/6672bab44ab958838204ebb2cb0e8d52"},"headline":"Venezuela alcanza la cifra de 5.530 casos confirmados de COVID-19 y 48 fallecidos","datePublished":"2020-06-30T02:08:24+00:00","mainEntityOfPage":{"@id":"https:\/\/digital58.com.ve\/site\/2020\/06\/29\/venezuela-alcanza-la-cifra-de-5-530-casos-confirmados-de-covid-19-y-48-fallecidos\/"},"wordCount":552,"commentCount":0,"publisher":{"@id":"https:\/\/digital58.com.ve\/site\/#\/schema\/person\/64d1c2e4d0d4fd1b849980c4331c2951"},"image":{"@id":"https:\/\/digital58.com.ve\/site\/2020\/06\/29\/venezuela-alcanza-la-cifra-de-5-530-casos-confirmados-de-covid-19-y-48-fallecidos\/#primaryimage"},"thumbnailUrl":"https:\/\/digital58.com.ve\/site\/wp-content\/uploads\/2020\/06\/covid-29.jpg","keywords":["Caracas","Coronavirus","COVID-19","Delcy Rod\u00edguez","Nacionales","Pandemia","Reporte Diario COVID-19"],"articleSection":["Venezuela"],"inLanguage":"es","potentialAction":[{"@type":"CommentAction","name":"Comment","target":["https:\/\/digital58.com.ve\/site\/2020\/06\/29\/venezuela-alcanza-la-cifra-de-5-530-casos-confirmados-de-covid-19-y-48-fallecidos\/#respond"]}]},{"@type":"WebPage","@id":"https:\/\/digital58.com.ve\/site\/2020\/06\/29\/venezuela-alcanza-la-cifra-de-5-530-casos-confirmados-de-covid-19-y-48-fallecidos\/","url":"https:\/\/digital58.com.ve\/site\/2020\/06\/29\/venezuela-alcanza-la-cifra-de-5-530-casos-confirmados-de-covid-19-y-48-fallecidos\/","name":"Venezuela alcanza la cifra de 5.530 casos confirmados de COVID-19 y 48 fallecidos","isPartOf":{"@id":"https:\/\/digital58.com.ve\/site\/#website"},"primaryImageOfPage":{"@id":"https:\/\/digital58.com.ve\/site\/2020\/06\/29\/venezuela-alcanza-la-cifra-de-5-530-casos-confirmados-de-covid-19-y-48-fallecidos\/#primaryimage"},"image":{"@id":"https:\/\/digital58.com.ve\/site\/2020\/06\/29\/venezuela-alcanza-la-cifra-de-5-530-casos-confirmados-de-covid-19-y-48-fallecidos\/#primaryimage"},"thumbnailUrl":"https:\/\/digital58.com.ve\/site\/wp-content\/uploads\/2020\/06\/covid-29.jpg","datePublished":"2020-06-30T02:08:24+00:00","description":"Venezuela","breadcrumb":{"@id":"https:\/\/digital58.com.ve\/site\/2020\/06\/29\/venezuela-alcanza-la-cifra-de-5-530-casos-confirmados-de-covid-19-y-48-fallecidos\/#breadcrumb"},"inLanguage":"es","potentialAction":[{"@type":"ReadAction","target":["https:\/\/digital58.com.ve\/site\/2020\/06\/29\/venezuela-alcanza-la-cifra-de-5-530-casos-confirmados-de-covid-19-y-48-fallecidos\/"]}]},{"@type":"ImageObject","inLanguage":"es","@id":"https:\/\/digital58.com.ve\/site\/2020\/06\/29\/venezuela-alcanza-la-cifra-de-5-530-casos-confirmados-de-covid-19-y-48-fallecidos\/#primaryimage","url":"https:\/\/digital58.com.ve\/site\/wp-content\/uploads\/2020\/06\/covid-29.jpg","contentUrl":"https:\/\/digital58.com.ve\/site\/wp-content\/uploads\/2020\/06\/covid-29.jpg","width":800,"height":533},{"@type":"BreadcrumbList","@id":"https:\/\/digital58.com.ve\/site\/2020\/06\/29\/venezuela-alcanza-la-cifra-de-5-530-casos-confirmados-de-covid-19-y-48-fallecidos\/#breadcrumb","itemListElement":[{"@type":"ListItem","position":1,"name":"Home","item":"https:\/\/digital58.com.ve\/site\/"},{"@type":"ListItem","position":2,"name":"Venezuela alcanza la cifra de 5.530 casos confirmados de COVID-19 y 48 fallecidos"}]},{"@type":"WebSite","@id":"https:\/\/digital58.com.ve\/site\/#website","url":"https:\/\/digital58.com.ve\/site\/","name":"Noticias Digital58","description":"Portal de Noticias \u00a1Periodismo web de verdad! Lanzamiento web 22.11.2005 \/ Maracaibo, Venezuela","publisher":{"@id":"https:\/\/digital58.com.ve\/site\/#\/schema\/person\/64d1c2e4d0d4fd1b849980c4331c2951"},"alternateName":"ND58","potentialAction":[{"@type":"SearchAction","target":{"@type":"EntryPoint","urlTemplate":"https:\/\/digital58.com.ve\/site\/?s={search_term_string}"},"query-input":{"@type":"PropertyValueSpecification","valueRequired":true,"valueName":"search_term_string"}}],"inLanguage":"es"},{"@type":["Person","Organization"],"@id":"https:\/\/digital58.com.ve\/site\/#\/schema\/person\/64d1c2e4d0d4fd1b849980c4331c2951","name":"Villasmil Henry","image":{"@type":"ImageObject","inLanguage":"es","@id":"https:\/\/secure.gravatar.com\/avatar\/bb0c4a2fcb7970138239f7e404ea75757b1b507b28b5ce4c53fbd62d797c5a7c?s=96&d=mm&r=g","url":"https:\/\/secure.gravatar.com\/avatar\/bb0c4a2fcb7970138239f7e404ea75757b1b507b28b5ce4c53fbd62d797c5a7c?s=96&d=mm&r=g","contentUrl":"https:\/\/secure.gravatar.com\/avatar\/bb0c4a2fcb7970138239f7e404ea75757b1b507b28b5ce4c53fbd62d797c5a7c?s=96&d=mm&r=g","caption":"Villasmil Henry"},"logo":{"@id":"https:\/\/secure.gravatar.com\/avatar\/bb0c4a2fcb7970138239f7e404ea75757b1b507b28b5ce4c53fbd62d797c5a7c?s=96&d=mm&r=g"},"sameAs":["http:\/\/www.henryvillasmil.com.ve","https:\/\/www.instagram.com\/villasmilhfoto\/","https:\/\/x.com\/https:\/\/twitter.com\/villasmilhfoto"]},{"@type":"Person","@id":"https:\/\/digital58.com.ve\/site\/#\/schema\/person\/6672bab44ab958838204ebb2cb0e8d52","name":"Rubio Laura Isabel","image":{"@type":"ImageObject","inLanguage":"es","@id":"https:\/\/secure.gravatar.com\/avatar\/f7cc56b26fb0562df4488ff129a58c3c1a1bd264c9af5f313a9b1797fff1cfb9?s=96&d=mm&r=g","url":"https:\/\/secure.gravatar.com\/avatar\/f7cc56b26fb0562df4488ff129a58c3c1a1bd264c9af5f313a9b1797fff1cfb9?s=96&d=mm&r=g","contentUrl":"https:\/\/secure.gravatar.com\/avatar\/f7cc56b26fb0562df4488ff129a58c3c1a1bd264c9af5f313a9b1797fff1cfb9?s=96&d=mm&r=g","caption":"Rubio Laura Isabel"},"url":"https:\/\/digital58.com.ve\/site\/author\/laurarubio\/"}]}},"uagb_featured_image_src":{"full":["https:\/\/digital58.com.ve\/site\/wp-content\/uploads\/2020\/06\/covid-29.jpg",800,533,false],"thumbnail":["https:\/\/digital58.com.ve\/site\/wp-content\/uploads\/2020\/06\/covid-29-150x150.jpg",150,150,true],"medium":["https:\/\/digital58.com.ve\/site\/wp-content\/uploads\/2020\/06\/covid-29-300x200.jpg",300,200,true],"medium_large":["https:\/\/digital58.com.ve\/site\/wp-content\/uploads\/2020\/06\/covid-29-768x512.jpg",768,512,true],"large":["https:\/\/digital58.com.ve\/site\/wp-content\/uploads\/2020\/06\/covid-29.jpg",800,533,false],"1536x1536":["https:\/\/digital58.com.ve\/site\/wp-content\/uploads\/2020\/06\/covid-29.jpg",800,533,false],"2048x2048":["https:\/\/digital58.com.ve\/site\/wp-content\/uploads\/2020\/06\/covid-29.jpg",800,533,false],"colormag-highlighted-post":["https:\/\/digital58.com.ve\/site\/wp-content\/uploads\/2020\/06\/covid-29.jpg",392,261,false],"colormag-featured-post-medium":["https:\/\/digital58.com.ve\/site\/wp-content\/uploads\/2020\/06\/covid-29.jpg",308,205,false],"colormag-featured-post-small":["https:\/\/digital58.com.ve\/site\/wp-content\/uploads\/2020\/06\/covid-29.jpg",130,87,false],"colormag-featured-image":["https:\/\/digital58.com.ve\/site\/wp-content\/uploads\/2020\/06\/covid-29.jpg",668,445,false],"colormag-default-news":["https:\/\/digital58.com.ve\/site\/wp-content\/uploads\/2020\/06\/covid-29.jpg",150,100,false],"colormag-featured-image-large":["https:\/\/digital58.com.ve\/site\/wp-content\/uploads\/2020\/06\/covid-29.jpg",800,533,false]},"uagb_author_info":{"display_name":"Rubio Laura Isabel","author_link":"https:\/\/digital58.com.ve\/site\/author\/laurarubio\/"},"uagb_comment_info":0,"uagb_excerpt":"La capital zuliana vuelve a sumar contagiados, con 21 vinculados al foco del Mercado Las Pulgas y del Casco Central","_links":{"self":[{"href":"https:\/\/digital58.com.ve\/site\/wp-json\/wp\/v2\/posts\/109714","targetHints":{"allow":["GET"]}}],"collection":[{"href":"https:\/\/digital58.com.ve\/site\/wp-json\/wp\/v2\/posts"}],"about":[{"href":"https:\/\/digital58.com.ve\/site\/wp-json\/wp\/v2\/types\/post"}],"author":[{"embeddable":true,"href":"https:\/\/digital58.com.ve\/site\/wp-json\/wp\/v2\/users\/28"}],"replies":[{"embeddable":true,"href":"https:\/\/digital58.com.ve\/site\/wp-json\/wp\/v2\/comments?post=109714"}],"version-history":[{"count":0,"href":"https:\/\/digital58.com.ve\/site\/wp-json\/wp\/v2\/posts\/109714\/revisions"}],"wp:featuredmedia":[{"embeddable":true,"href":"https:\/\/digital58.com.ve\/site\/wp-json\/wp\/v2\/media\/109756"}],"wp:attachment":[{"href":"https:\/\/digital58.com.ve\/site\/wp-json\/wp\/v2\/media?parent=109714"}],"wp:term":[{"taxonomy":"category","embeddable":true,"href":"https:\/\/digital58.com.ve\/site\/wp-json\/wp\/v2\/categories?post=109714"},{"taxonomy":"post_tag","embeddable":true,"href":"https:\/\/digital58.com.ve\/site\/wp-json\/wp\/v2\/tags?post=109714"}],"curies":[{"name":"wp","href":"https:\/\/api.w.org\/{rel}","templated":true}]}}