{"id":109822,"date":"2020-06-30T16:50:26","date_gmt":"2020-06-30T20:50:26","guid":{"rendered":"https:\/\/digital58.com.ve\/site\/?p=109822"},"modified":"2020-06-30T16:50:26","modified_gmt":"2020-06-30T20:50:26","slug":"michael-phelps-el-rey-midas-del-olimpismo-cumple-35-anos","status":"publish","type":"post","link":"https:\/\/digital58.com.ve\/site\/2020\/06\/30\/michael-phelps-el-rey-midas-del-olimpismo-cumple-35-anos\/","title":{"rendered":"Michael Phelps, el \u00abRey Midas\u00bb del Olimp\u00edsmo cumple 35 a\u00f1os"},"content":{"rendered":"<p><img loading=\"lazy\" decoding=\"async\" class=\"size-medium aligncenter\" src=\"https:\/\/e00-marca.uecdn.es\/assets\/multimedia\/imagenes\/2020\/06\/29\/15934575327566.jpg\" width=\"624\" height=\"351\" \/><\/p>\n<p>Para convertirse en el rey del mundo ol\u00edmpico, Michael Phelps tuvo que nadar contracorriente desde muy peque\u00f1o, cuando fue diagnosticado con Trastorno de D\u00e9ficit de Atenci\u00f3n con Hiperactividad (TDAH). A los 15 a\u00f1os nad\u00f3 en los juegos Ol\u00edmpicos del 2000, y desde entonces ha ganado medallas en cada olimpiada de verano.<\/p>\n<p><strong>Maracaibo, Zulia, Venezuela, 30 de junio de 2020 (ND58).-<\/strong> El olimp\u00edsmo est\u00e1 de fiesta. Su m\u00e1ximo ganador, Michael Phelps, nacido un 30 de junio de 1985 en Baltimore, Estados Unidos, el deportista ol\u00edmpico m\u00e1s condecorado de todos los tiempos, con un total de 28 medallas, el considerado el mejor atleta de la historia en los Juegos Ol\u00edmpicos cumple 35 a\u00f1os.<\/p>\n<p><strong>La frase que lo cambi\u00f3 todo<\/strong><\/p>\n<p>\u00abWorld Record Austin\u00bb (R\u00e9cord Mundial Austin) era la frase que usaba Bob Bowman en cada hoja de trabajo que le entregaba a su pupilo Michael Phelps despu\u00e9s de acudir a los Juegos Ol\u00edmpicos de Sydney 2000, y regresar sin medalla.<\/p>\n<p>Se refer\u00eda a los eventos selectivos nacionales de Estados Unidos, que se har\u00edan en la capital de Texas seis meses despu\u00e9s de los Ol\u00edmpicos, para elegir al equipo que ir\u00eda al Mundial de Nataci\u00f3n Fukuoka 2001. Ah\u00ed, el 30 de marzo de hace 19 a\u00f1os, el quincea\u00f1ero Phelps rompi\u00f3 su primer r\u00e9cord mundial: 1:54.92 minutos en 200 metros mariposa.<\/p>\n<p>\u00abEsa frase me motiv\u00f3 por los siguientes seis meses, me hab\u00eda trazado una meta, necesitaba un objetivo de la misma forma que un autom\u00f3vil necesita gasolina\u00bb, admiti\u00f3 Phelps en su libro autobiogr\u00e1fico \u00abBeneath the surface. My story\u00bb (Bajo la superficie. Mi historia).<\/p>\n<p>El joven de Baltimore, \u00fanico nadador de 15 a\u00f1os y nueve meses inscrito en la competencia, ten\u00eda la orden de rebasar a su compatriota Tom Malchow pasando los 150 metros, pero tard\u00f3 m\u00e1s de la cuenta y apenas lo super\u00f3 a la mitad de la piscina, faltando 25 metros, suficiente para tocar la pared 16 cent\u00e9simas de segundo antes de la marca anterior, 1:55:08 minutos, en poder del propio Tom.<\/p>\n<p>Ese d\u00eda el mundo conoci\u00f3 a Michael Phelps como la persona m\u00e1s joven que obten\u00eda un r\u00e9cord mundial de nataci\u00f3n.<\/p>\n<p><strong>Obtener la medalla de oro<\/strong><\/p>\n<p>Phelps super\u00f3 todas las expectativas que Bowman y su familia ten\u00edan puestas en \u00e9l.<\/p>\n<p>Michael Phelps nad\u00f3 como si Poseid\u00f3n, Dios de los Mares, hubiese tomado su cuerpo. En la cita de Atenas 2004, el \u00abTibur\u00f3n de Baltimore\u00bb se colg\u00f3 su primera medalla de oro culminando el certamen con seis preseas doradas y dos bronces.<\/p>\n<p><img loading=\"lazy\" decoding=\"async\" class=\"alignnone size-medium\" src=\"https:\/\/e00-marca.uecdn.es\/assets\/multimedia\/imagenes\/2020\/06\/29\/15934575553210.jpg\" width=\"992\" height=\"558\" \/><\/p>\n<p>Su nado lo llev\u00f3 hasta Beijing 2008 donde su brillo dorado se transform\u00f3 en un brillo divino al colgarse ocho metales de oro para quitarle a Mark Spitz el reconocimiento de ser el atleta con m\u00e1s oros en una sola justa ol\u00edmpica de verano. Pero su estela de \u00e9xitos no se quedar\u00eda en China.<\/p>\n<p>Sus brazadas lo llevar\u00edan hasta Londres 2012, donde se convirti\u00f3 en leyenda. Con cuatro oros y dos platas, Michael Phelps sumar\u00eda 22 (18 de oro) medallas ol\u00edmpicas, con lo que superar\u00eda las 18 de la gimnasta sovi\u00e9tica Larissa Latynina.<\/p>\n<p><strong>Ida y vuelta<\/strong><\/p>\n<p>Varias veces Phelps ha declarado estar listo para retirarse de la nataci\u00f3n. Pero sigue regresando al agua.<\/p>\n<p>Luego de su participaci\u00f3n en Londres, renunci\u00f3 a las aguas por diversos problemas personales, entre ellos, su baja autoestima, dependencia al alcohol y depresi\u00f3n.<\/p>\n<p>Sin embargo, pudo recuperarse para participar en R\u00edo 2016. Con 31 a\u00f1os, el rey volvi\u00f3 a coronarse en una justa ol\u00edmpica en la que consigui\u00f3 cinco medallas de oro y una de plata para concluir su reinado con 23 metales dorados, tres platas y dos bronces. Un total de 28 medallas ol\u00edmpicas en cinco justas de verano, y 33 preseas mundiales (26 de ellas de primer lugar) en los estilos libre, mariposa, espalda y combinado.<\/p>\n<p><strong>Su vida fuera del agua<\/strong><\/p>\n<p>Fuera de la piscina, se ha dedicado a promover c\u00f3mo evitar accidentes en el agua y una manera saludable de vivir en los j\u00f3venes a trav\u00e9s de programas de nataci\u00f3n. La Fundaci\u00f3n Michael Phelps ha fomentado la nataci\u00f3n en m\u00e1s de 15.000 ni\u00f1os a trav\u00e9s de \u00abBoys &amp; Girls Clubs of America\u00bb y de las Olimpiadas Especiales.<\/p>\n<p>Para Phelps la nataci\u00f3n ha representado muchas cosas. Ha sido un refugio, un escape y un lugar donde sus destrezas y su pasi\u00f3n lo han impulsado hacia la grandeza.<\/p>\n<p>Con el retiro de Michael Phelps, el trono del olimp\u00edsmo est\u00e1 vacante. Por esa raz\u00f3n y desde que culminaron los Juegos Ol\u00edmpicos de R\u00edo, todos se preguntan \u00bfqui\u00e9n podr\u00eda ser el heredero o heredera de Michael Phelps?<\/p>\n<p><b>Redacci\u00f3n: Arismendi, Luis (@arismendiht) | Fuente: Autobiograf\u00eda \u00abBeneath the surface. My story\u00bb (Bajo la superficie. Mi historia) <\/b><br \/>\n<strong>Edici\u00f3n: Ch\u00e1vez, Marian (@marianchavez27)<\/strong><br \/>\n<strong>Gr\u00e1fica: cortes\u00eda<\/strong><\/p>\n<p>&nbsp;<\/p><div class=\"vcska69f2b9fd924fb\" ><p style=\"text-align: center;\"><a href=\"https:\/\/t.me\/noticiasdigital58\" target=\"_blank\" rel=\"noopener\"><img class=\"aligncenter size-full wp-image-125363\" src=\"https:\/\/digital58.com.ve\/site\/wp-content\/uploads\/2021\/04\/banner-telegram-web-2021.png\" alt=\"\" width=\"600\" height=\"90\" \/><\/a><\/p><\/div><style type=\"text\/css\">\r\n@media screen and (min-width: 1201px) {\r\n.vcska69f2b9fd924fb {\r\ndisplay: block;\r\n}\r\n}\r\n@media screen and (min-width: 993px) and (max-width: 1200px) {\r\n.vcska69f2b9fd924fb {\r\ndisplay: block;\r\n}\r\n}\r\n@media screen and (min-width: 769px) and (max-width: 992px) {\r\n.vcska69f2b9fd924fb {\r\ndisplay: block;\r\n}\r\n}\r\n@media screen and (min-width: 768px) and (max-width: 768px) {\r\n.vcska69f2b9fd924fb {\r\ndisplay: block;\r\n}\r\n}\r\n@media screen and (max-width: 767px) {\r\n.vcska69f2b9fd924fb {\r\ndisplay: block;\r\n}\r\n}\r\n<\/style>\r\n\n<p>&nbsp;<\/p>\n<div style=\"margin-top: 0px; margin-bottom: 0px;\" class=\"sharethis-inline-share-buttons\" ><\/div>","protected":false},"excerpt":{"rendered":"<p>Para convertirse en el rey del mundo ol\u00edmpico, Michael Phelps tuvo que nadar contracorriente desde muy peque\u00f1o, cuando fue diagnosticado<\/p>\n","protected":false},"author":7,"featured_media":109847,"comment_status":"open","ping_status":"closed","sticky":false,"template":"","format":"standard","meta":{"colormag_page_container_layout":"default_layout","colormag_page_sidebar_layout":"default_layout","_uag_custom_page_level_css":"","footnotes":""},"categories":[5402],"tags":[16690,5673,16692,8,1335,16691,16687,3340,1337,16689,16688],"class_list":["post-109822","post","type-post","status-publish","format-standard","has-post-thumbnail","hentry","category-deportes","tag-atenas-2004","tag-atletas","tag-beijing-2008","tag-internacionales","tag-juegos-olimpicos","tag-londres-2012","tag-michael-phelps","tag-natacion","tag-rio-2016","tag-sydney-2000","tag-trastorno-de-deficit-de-atencion-con-hiperactividad"],"yoast_head":"<!-- This site is optimized with the Yoast SEO plugin v27.5 - https:\/\/yoast.com\/product\/yoast-seo-wordpress\/ -->\n<title>Michael Phelps, el \u00abRey Midas\u00bb del Olimp\u00edsmo cumple 35 a\u00f1os<\/title>\n<meta name=\"description\" content=\"Deportes\" \/>\n<meta name=\"robots\" content=\"index, follow, max-snippet:-1, max-image-preview:large, max-video-preview:-1\" \/>\n<link rel=\"canonical\" href=\"https:\/\/digital58.com.ve\/site\/2020\/06\/30\/michael-phelps-el-rey-midas-del-olimpismo-cumple-35-anos\/\" \/>\n<meta property=\"og:locale\" content=\"es_ES\" \/>\n<meta property=\"og:type\" content=\"article\" \/>\n<meta property=\"og:title\" content=\"Michael Phelps, el \u00abRey Midas\u00bb del Olimp\u00edsmo cumple 35 a\u00f1os\" \/>\n<meta property=\"og:description\" content=\"Deportes\" \/>\n<meta property=\"og:url\" content=\"https:\/\/digital58.com.ve\/site\/2020\/06\/30\/michael-phelps-el-rey-midas-del-olimpismo-cumple-35-anos\/\" \/>\n<meta property=\"og:site_name\" content=\"Noticias Digital58\" \/>\n<meta property=\"article:published_time\" content=\"2020-06-30T20:50:26+00:00\" \/>\n<meta property=\"og:image\" content=\"https:\/\/digital58.com.ve\/site\/wp-content\/uploads\/2020\/06\/i.jpg\" \/>\n\t<meta property=\"og:image:width\" content=\"570\" \/>\n\t<meta property=\"og:image:height\" content=\"321\" \/>\n\t<meta property=\"og:image:type\" content=\"image\/jpeg\" \/>\n<meta name=\"author\" content=\"Arismendi Luis\" \/>\n<meta name=\"twitter:card\" content=\"summary_large_image\" \/>\n<meta name=\"twitter:creator\" content=\"@Digital_58\" \/>\n<meta name=\"twitter:site\" content=\"@villasmilhfoto\" \/>\n<meta name=\"twitter:label1\" content=\"Escrito por\" \/>\n\t<meta name=\"twitter:data1\" content=\"Arismendi Luis\" \/>\n\t<meta name=\"twitter:label2\" content=\"Tiempo estimado de lectura\" \/>\n\t<meta name=\"twitter:data2\" content=\"4 minutos\" \/>\n<script type=\"application\/ld+json\" class=\"yoast-schema-graph\">{\"@context\":\"https:\\\/\\\/schema.org\",\"@graph\":[{\"@type\":\"Article\",\"@id\":\"https:\\\/\\\/digital58.com.ve\\\/site\\\/2020\\\/06\\\/30\\\/michael-phelps-el-rey-midas-del-olimpismo-cumple-35-anos\\\/#article\",\"isPartOf\":{\"@id\":\"https:\\\/\\\/digital58.com.ve\\\/site\\\/2020\\\/06\\\/30\\\/michael-phelps-el-rey-midas-del-olimpismo-cumple-35-anos\\\/\"},\"author\":{\"name\":\"Arismendi Luis\",\"@id\":\"https:\\\/\\\/digital58.com.ve\\\/site\\\/#\\\/schema\\\/person\\\/d79fb9041200d150763851810f3a6e44\"},\"headline\":\"Michael Phelps, el \u00abRey Midas\u00bb del Olimp\u00edsmo cumple 35 a\u00f1os\",\"datePublished\":\"2020-06-30T20:50:26+00:00\",\"mainEntityOfPage\":{\"@id\":\"https:\\\/\\\/digital58.com.ve\\\/site\\\/2020\\\/06\\\/30\\\/michael-phelps-el-rey-midas-del-olimpismo-cumple-35-anos\\\/\"},\"wordCount\":829,\"commentCount\":0,\"publisher\":{\"@id\":\"https:\\\/\\\/digital58.com.ve\\\/site\\\/#\\\/schema\\\/person\\\/64d1c2e4d0d4fd1b849980c4331c2951\"},\"image\":{\"@id\":\"https:\\\/\\\/digital58.com.ve\\\/site\\\/2020\\\/06\\\/30\\\/michael-phelps-el-rey-midas-del-olimpismo-cumple-35-anos\\\/#primaryimage\"},\"thumbnailUrl\":\"https:\\\/\\\/digital58.com.ve\\\/site\\\/wp-content\\\/uploads\\\/2020\\\/06\\\/i.jpg\",\"keywords\":[\"Atenas 2004\",\"Atletas\",\"Beijing 2008\",\"Internacionales\",\"Juegos Ol\u00edmpicos\",\"Londres 2012\",\"Michael Phelps\",\"Nataci\u00f3n\",\"Rio 2016\",\"Sydney 2000\",\"Trastorno de D\u00e9ficit de Atenci\u00f3n con Hiperactividad\"],\"articleSection\":[\"Deportes\"],\"inLanguage\":\"es\",\"potentialAction\":[{\"@type\":\"CommentAction\",\"name\":\"Comment\",\"target\":[\"https:\\\/\\\/digital58.com.ve\\\/site\\\/2020\\\/06\\\/30\\\/michael-phelps-el-rey-midas-del-olimpismo-cumple-35-anos\\\/#respond\"]}]},{\"@type\":\"WebPage\",\"@id\":\"https:\\\/\\\/digital58.com.ve\\\/site\\\/2020\\\/06\\\/30\\\/michael-phelps-el-rey-midas-del-olimpismo-cumple-35-anos\\\/\",\"url\":\"https:\\\/\\\/digital58.com.ve\\\/site\\\/2020\\\/06\\\/30\\\/michael-phelps-el-rey-midas-del-olimpismo-cumple-35-anos\\\/\",\"name\":\"Michael Phelps, el \u00abRey Midas\u00bb del Olimp\u00edsmo cumple 35 a\u00f1os\",\"isPartOf\":{\"@id\":\"https:\\\/\\\/digital58.com.ve\\\/site\\\/#website\"},\"primaryImageOfPage\":{\"@id\":\"https:\\\/\\\/digital58.com.ve\\\/site\\\/2020\\\/06\\\/30\\\/michael-phelps-el-rey-midas-del-olimpismo-cumple-35-anos\\\/#primaryimage\"},\"image\":{\"@id\":\"https:\\\/\\\/digital58.com.ve\\\/site\\\/2020\\\/06\\\/30\\\/michael-phelps-el-rey-midas-del-olimpismo-cumple-35-anos\\\/#primaryimage\"},\"thumbnailUrl\":\"https:\\\/\\\/digital58.com.ve\\\/site\\\/wp-content\\\/uploads\\\/2020\\\/06\\\/i.jpg\",\"datePublished\":\"2020-06-30T20:50:26+00:00\",\"description\":\"Deportes\",\"breadcrumb\":{\"@id\":\"https:\\\/\\\/digital58.com.ve\\\/site\\\/2020\\\/06\\\/30\\\/michael-phelps-el-rey-midas-del-olimpismo-cumple-35-anos\\\/#breadcrumb\"},\"inLanguage\":\"es\",\"potentialAction\":[{\"@type\":\"ReadAction\",\"target\":[\"https:\\\/\\\/digital58.com.ve\\\/site\\\/2020\\\/06\\\/30\\\/michael-phelps-el-rey-midas-del-olimpismo-cumple-35-anos\\\/\"]}]},{\"@type\":\"ImageObject\",\"inLanguage\":\"es\",\"@id\":\"https:\\\/\\\/digital58.com.ve\\\/site\\\/2020\\\/06\\\/30\\\/michael-phelps-el-rey-midas-del-olimpismo-cumple-35-anos\\\/#primaryimage\",\"url\":\"https:\\\/\\\/digital58.com.ve\\\/site\\\/wp-content\\\/uploads\\\/2020\\\/06\\\/i.jpg\",\"contentUrl\":\"https:\\\/\\\/digital58.com.ve\\\/site\\\/wp-content\\\/uploads\\\/2020\\\/06\\\/i.jpg\",\"width\":570,\"height\":321},{\"@type\":\"BreadcrumbList\",\"@id\":\"https:\\\/\\\/digital58.com.ve\\\/site\\\/2020\\\/06\\\/30\\\/michael-phelps-el-rey-midas-del-olimpismo-cumple-35-anos\\\/#breadcrumb\",\"itemListElement\":[{\"@type\":\"ListItem\",\"position\":1,\"name\":\"Home\",\"item\":\"https:\\\/\\\/digital58.com.ve\\\/site\\\/\"},{\"@type\":\"ListItem\",\"position\":2,\"name\":\"Michael Phelps, el \u00abRey Midas\u00bb del Olimp\u00edsmo cumple 35 a\u00f1os\"}]},{\"@type\":\"WebSite\",\"@id\":\"https:\\\/\\\/digital58.com.ve\\\/site\\\/#website\",\"url\":\"https:\\\/\\\/digital58.com.ve\\\/site\\\/\",\"name\":\"Noticias Digital58\",\"description\":\"Portal de Noticias \u00a1Periodismo web de verdad! Lanzamiento web 22.11.2005 \\\/ Maracaibo, Venezuela\",\"publisher\":{\"@id\":\"https:\\\/\\\/digital58.com.ve\\\/site\\\/#\\\/schema\\\/person\\\/64d1c2e4d0d4fd1b849980c4331c2951\"},\"alternateName\":\"ND58\",\"potentialAction\":[{\"@type\":\"SearchAction\",\"target\":{\"@type\":\"EntryPoint\",\"urlTemplate\":\"https:\\\/\\\/digital58.com.ve\\\/site\\\/?s={search_term_string}\"},\"query-input\":{\"@type\":\"PropertyValueSpecification\",\"valueRequired\":true,\"valueName\":\"search_term_string\"}}],\"inLanguage\":\"es\"},{\"@type\":[\"Person\",\"Organization\"],\"@id\":\"https:\\\/\\\/digital58.com.ve\\\/site\\\/#\\\/schema\\\/person\\\/64d1c2e4d0d4fd1b849980c4331c2951\",\"name\":\"Villasmil Henry\",\"image\":{\"@type\":\"ImageObject\",\"inLanguage\":\"es\",\"@id\":\"https:\\\/\\\/secure.gravatar.com\\\/avatar\\\/bb0c4a2fcb7970138239f7e404ea75757b1b507b28b5ce4c53fbd62d797c5a7c?s=96&d=mm&r=g\",\"url\":\"https:\\\/\\\/secure.gravatar.com\\\/avatar\\\/bb0c4a2fcb7970138239f7e404ea75757b1b507b28b5ce4c53fbd62d797c5a7c?s=96&d=mm&r=g\",\"contentUrl\":\"https:\\\/\\\/secure.gravatar.com\\\/avatar\\\/bb0c4a2fcb7970138239f7e404ea75757b1b507b28b5ce4c53fbd62d797c5a7c?s=96&d=mm&r=g\",\"caption\":\"Villasmil Henry\"},\"logo\":{\"@id\":\"https:\\\/\\\/secure.gravatar.com\\\/avatar\\\/bb0c4a2fcb7970138239f7e404ea75757b1b507b28b5ce4c53fbd62d797c5a7c?s=96&d=mm&r=g\"},\"sameAs\":[\"http:\\\/\\\/www.henryvillasmil.com.ve\",\"https:\\\/\\\/www.instagram.com\\\/villasmilhfoto\\\/\",\"https:\\\/\\\/x.com\\\/https:\\\/\\\/twitter.com\\\/villasmilhfoto\"]},{\"@type\":\"Person\",\"@id\":\"https:\\\/\\\/digital58.com.ve\\\/site\\\/#\\\/schema\\\/person\\\/d79fb9041200d150763851810f3a6e44\",\"name\":\"Arismendi Luis\",\"image\":{\"@type\":\"ImageObject\",\"inLanguage\":\"es\",\"@id\":\"https:\\\/\\\/secure.gravatar.com\\\/avatar\\\/076a9c19816f4976b76b8d88be4606fba80dee0aea5ccae15d7f3466053c0615?s=96&d=mm&r=g\",\"url\":\"https:\\\/\\\/secure.gravatar.com\\\/avatar\\\/076a9c19816f4976b76b8d88be4606fba80dee0aea5ccae15d7f3466053c0615?s=96&d=mm&r=g\",\"contentUrl\":\"https:\\\/\\\/secure.gravatar.com\\\/avatar\\\/076a9c19816f4976b76b8d88be4606fba80dee0aea5ccae15d7f3466053c0615?s=96&d=mm&r=g\",\"caption\":\"Arismendi Luis\"},\"url\":\"https:\\\/\\\/digital58.com.ve\\\/site\\\/author\\\/arismendi17\\\/\"}]}<\/script>\n<!-- \/ Yoast SEO plugin. -->","yoast_head_json":{"title":"Michael Phelps, el \u00abRey Midas\u00bb del Olimp\u00edsmo cumple 35 a\u00f1os","description":"Deportes","robots":{"index":"index","follow":"follow","max-snippet":"max-snippet:-1","max-image-preview":"max-image-preview:large","max-video-preview":"max-video-preview:-1"},"canonical":"https:\/\/digital58.com.ve\/site\/2020\/06\/30\/michael-phelps-el-rey-midas-del-olimpismo-cumple-35-anos\/","og_locale":"es_ES","og_type":"article","og_title":"Michael Phelps, el \u00abRey Midas\u00bb del Olimp\u00edsmo cumple 35 a\u00f1os","og_description":"Deportes","og_url":"https:\/\/digital58.com.ve\/site\/2020\/06\/30\/michael-phelps-el-rey-midas-del-olimpismo-cumple-35-anos\/","og_site_name":"Noticias Digital58","article_published_time":"2020-06-30T20:50:26+00:00","og_image":[{"width":570,"height":321,"url":"https:\/\/digital58.com.ve\/site\/wp-content\/uploads\/2020\/06\/i.jpg","type":"image\/jpeg"}],"author":"Arismendi Luis","twitter_card":"summary_large_image","twitter_creator":"@Digital_58","twitter_site":"@villasmilhfoto","twitter_misc":{"Escrito por":"Arismendi Luis","Tiempo estimado de lectura":"4 minutos"},"schema":{"@context":"https:\/\/schema.org","@graph":[{"@type":"Article","@id":"https:\/\/digital58.com.ve\/site\/2020\/06\/30\/michael-phelps-el-rey-midas-del-olimpismo-cumple-35-anos\/#article","isPartOf":{"@id":"https:\/\/digital58.com.ve\/site\/2020\/06\/30\/michael-phelps-el-rey-midas-del-olimpismo-cumple-35-anos\/"},"author":{"name":"Arismendi Luis","@id":"https:\/\/digital58.com.ve\/site\/#\/schema\/person\/d79fb9041200d150763851810f3a6e44"},"headline":"Michael Phelps, el \u00abRey Midas\u00bb del Olimp\u00edsmo cumple 35 a\u00f1os","datePublished":"2020-06-30T20:50:26+00:00","mainEntityOfPage":{"@id":"https:\/\/digital58.com.ve\/site\/2020\/06\/30\/michael-phelps-el-rey-midas-del-olimpismo-cumple-35-anos\/"},"wordCount":829,"commentCount":0,"publisher":{"@id":"https:\/\/digital58.com.ve\/site\/#\/schema\/person\/64d1c2e4d0d4fd1b849980c4331c2951"},"image":{"@id":"https:\/\/digital58.com.ve\/site\/2020\/06\/30\/michael-phelps-el-rey-midas-del-olimpismo-cumple-35-anos\/#primaryimage"},"thumbnailUrl":"https:\/\/digital58.com.ve\/site\/wp-content\/uploads\/2020\/06\/i.jpg","keywords":["Atenas 2004","Atletas","Beijing 2008","Internacionales","Juegos Ol\u00edmpicos","Londres 2012","Michael Phelps","Nataci\u00f3n","Rio 2016","Sydney 2000","Trastorno de D\u00e9ficit de Atenci\u00f3n con Hiperactividad"],"articleSection":["Deportes"],"inLanguage":"es","potentialAction":[{"@type":"CommentAction","name":"Comment","target":["https:\/\/digital58.com.ve\/site\/2020\/06\/30\/michael-phelps-el-rey-midas-del-olimpismo-cumple-35-anos\/#respond"]}]},{"@type":"WebPage","@id":"https:\/\/digital58.com.ve\/site\/2020\/06\/30\/michael-phelps-el-rey-midas-del-olimpismo-cumple-35-anos\/","url":"https:\/\/digital58.com.ve\/site\/2020\/06\/30\/michael-phelps-el-rey-midas-del-olimpismo-cumple-35-anos\/","name":"Michael Phelps, el \u00abRey Midas\u00bb del Olimp\u00edsmo cumple 35 a\u00f1os","isPartOf":{"@id":"https:\/\/digital58.com.ve\/site\/#website"},"primaryImageOfPage":{"@id":"https:\/\/digital58.com.ve\/site\/2020\/06\/30\/michael-phelps-el-rey-midas-del-olimpismo-cumple-35-anos\/#primaryimage"},"image":{"@id":"https:\/\/digital58.com.ve\/site\/2020\/06\/30\/michael-phelps-el-rey-midas-del-olimpismo-cumple-35-anos\/#primaryimage"},"thumbnailUrl":"https:\/\/digital58.com.ve\/site\/wp-content\/uploads\/2020\/06\/i.jpg","datePublished":"2020-06-30T20:50:26+00:00","description":"Deportes","breadcrumb":{"@id":"https:\/\/digital58.com.ve\/site\/2020\/06\/30\/michael-phelps-el-rey-midas-del-olimpismo-cumple-35-anos\/#breadcrumb"},"inLanguage":"es","potentialAction":[{"@type":"ReadAction","target":["https:\/\/digital58.com.ve\/site\/2020\/06\/30\/michael-phelps-el-rey-midas-del-olimpismo-cumple-35-anos\/"]}]},{"@type":"ImageObject","inLanguage":"es","@id":"https:\/\/digital58.com.ve\/site\/2020\/06\/30\/michael-phelps-el-rey-midas-del-olimpismo-cumple-35-anos\/#primaryimage","url":"https:\/\/digital58.com.ve\/site\/wp-content\/uploads\/2020\/06\/i.jpg","contentUrl":"https:\/\/digital58.com.ve\/site\/wp-content\/uploads\/2020\/06\/i.jpg","width":570,"height":321},{"@type":"BreadcrumbList","@id":"https:\/\/digital58.com.ve\/site\/2020\/06\/30\/michael-phelps-el-rey-midas-del-olimpismo-cumple-35-anos\/#breadcrumb","itemListElement":[{"@type":"ListItem","position":1,"name":"Home","item":"https:\/\/digital58.com.ve\/site\/"},{"@type":"ListItem","position":2,"name":"Michael Phelps, el \u00abRey Midas\u00bb del Olimp\u00edsmo cumple 35 a\u00f1os"}]},{"@type":"WebSite","@id":"https:\/\/digital58.com.ve\/site\/#website","url":"https:\/\/digital58.com.ve\/site\/","name":"Noticias Digital58","description":"Portal de Noticias \u00a1Periodismo web de verdad! Lanzamiento web 22.11.2005 \/ Maracaibo, Venezuela","publisher":{"@id":"https:\/\/digital58.com.ve\/site\/#\/schema\/person\/64d1c2e4d0d4fd1b849980c4331c2951"},"alternateName":"ND58","potentialAction":[{"@type":"SearchAction","target":{"@type":"EntryPoint","urlTemplate":"https:\/\/digital58.com.ve\/site\/?s={search_term_string}"},"query-input":{"@type":"PropertyValueSpecification","valueRequired":true,"valueName":"search_term_string"}}],"inLanguage":"es"},{"@type":["Person","Organization"],"@id":"https:\/\/digital58.com.ve\/site\/#\/schema\/person\/64d1c2e4d0d4fd1b849980c4331c2951","name":"Villasmil Henry","image":{"@type":"ImageObject","inLanguage":"es","@id":"https:\/\/secure.gravatar.com\/avatar\/bb0c4a2fcb7970138239f7e404ea75757b1b507b28b5ce4c53fbd62d797c5a7c?s=96&d=mm&r=g","url":"https:\/\/secure.gravatar.com\/avatar\/bb0c4a2fcb7970138239f7e404ea75757b1b507b28b5ce4c53fbd62d797c5a7c?s=96&d=mm&r=g","contentUrl":"https:\/\/secure.gravatar.com\/avatar\/bb0c4a2fcb7970138239f7e404ea75757b1b507b28b5ce4c53fbd62d797c5a7c?s=96&d=mm&r=g","caption":"Villasmil Henry"},"logo":{"@id":"https:\/\/secure.gravatar.com\/avatar\/bb0c4a2fcb7970138239f7e404ea75757b1b507b28b5ce4c53fbd62d797c5a7c?s=96&d=mm&r=g"},"sameAs":["http:\/\/www.henryvillasmil.com.ve","https:\/\/www.instagram.com\/villasmilhfoto\/","https:\/\/x.com\/https:\/\/twitter.com\/villasmilhfoto"]},{"@type":"Person","@id":"https:\/\/digital58.com.ve\/site\/#\/schema\/person\/d79fb9041200d150763851810f3a6e44","name":"Arismendi Luis","image":{"@type":"ImageObject","inLanguage":"es","@id":"https:\/\/secure.gravatar.com\/avatar\/076a9c19816f4976b76b8d88be4606fba80dee0aea5ccae15d7f3466053c0615?s=96&d=mm&r=g","url":"https:\/\/secure.gravatar.com\/avatar\/076a9c19816f4976b76b8d88be4606fba80dee0aea5ccae15d7f3466053c0615?s=96&d=mm&r=g","contentUrl":"https:\/\/secure.gravatar.com\/avatar\/076a9c19816f4976b76b8d88be4606fba80dee0aea5ccae15d7f3466053c0615?s=96&d=mm&r=g","caption":"Arismendi Luis"},"url":"https:\/\/digital58.com.ve\/site\/author\/arismendi17\/"}]}},"uagb_featured_image_src":{"full":["https:\/\/digital58.com.ve\/site\/wp-content\/uploads\/2020\/06\/i.jpg",570,321,false],"thumbnail":["https:\/\/digital58.com.ve\/site\/wp-content\/uploads\/2020\/06\/i-150x150.jpg",150,150,true],"medium":["https:\/\/digital58.com.ve\/site\/wp-content\/uploads\/2020\/06\/i-300x169.jpg",300,169,true],"medium_large":["https:\/\/digital58.com.ve\/site\/wp-content\/uploads\/2020\/06\/i.jpg",570,321,false],"large":["https:\/\/digital58.com.ve\/site\/wp-content\/uploads\/2020\/06\/i.jpg",570,321,false],"1536x1536":["https:\/\/digital58.com.ve\/site\/wp-content\/uploads\/2020\/06\/i.jpg",570,321,false],"2048x2048":["https:\/\/digital58.com.ve\/site\/wp-content\/uploads\/2020\/06\/i.jpg",570,321,false],"colormag-highlighted-post":["https:\/\/digital58.com.ve\/site\/wp-content\/uploads\/2020\/06\/i.jpg",392,221,false],"colormag-featured-post-medium":["https:\/\/digital58.com.ve\/site\/wp-content\/uploads\/2020\/06\/i.jpg",364,205,false],"colormag-featured-post-small":["https:\/\/digital58.com.ve\/site\/wp-content\/uploads\/2020\/06\/i.jpg",130,73,false],"colormag-featured-image":["https:\/\/digital58.com.ve\/site\/wp-content\/uploads\/2020\/06\/i.jpg",570,321,false],"colormag-default-news":["https:\/\/digital58.com.ve\/site\/wp-content\/uploads\/2020\/06\/i.jpg",150,84,false],"colormag-featured-image-large":["https:\/\/digital58.com.ve\/site\/wp-content\/uploads\/2020\/06\/i.jpg",570,321,false]},"uagb_author_info":{"display_name":"Arismendi Luis","author_link":"https:\/\/digital58.com.ve\/site\/author\/arismendi17\/"},"uagb_comment_info":0,"uagb_excerpt":"Para convertirse en el rey del mundo ol\u00edmpico, Michael Phelps tuvo que nadar contracorriente desde muy peque\u00f1o, cuando fue diagnosticado","_links":{"self":[{"href":"https:\/\/digital58.com.ve\/site\/wp-json\/wp\/v2\/posts\/109822","targetHints":{"allow":["GET"]}}],"collection":[{"href":"https:\/\/digital58.com.ve\/site\/wp-json\/wp\/v2\/posts"}],"about":[{"href":"https:\/\/digital58.com.ve\/site\/wp-json\/wp\/v2\/types\/post"}],"author":[{"embeddable":true,"href":"https:\/\/digital58.com.ve\/site\/wp-json\/wp\/v2\/users\/7"}],"replies":[{"embeddable":true,"href":"https:\/\/digital58.com.ve\/site\/wp-json\/wp\/v2\/comments?post=109822"}],"version-history":[{"count":0,"href":"https:\/\/digital58.com.ve\/site\/wp-json\/wp\/v2\/posts\/109822\/revisions"}],"wp:featuredmedia":[{"embeddable":true,"href":"https:\/\/digital58.com.ve\/site\/wp-json\/wp\/v2\/media\/109847"}],"wp:attachment":[{"href":"https:\/\/digital58.com.ve\/site\/wp-json\/wp\/v2\/media?parent=109822"}],"wp:term":[{"taxonomy":"category","embeddable":true,"href":"https:\/\/digital58.com.ve\/site\/wp-json\/wp\/v2\/categories?post=109822"},{"taxonomy":"post_tag","embeddable":true,"href":"https:\/\/digital58.com.ve\/site\/wp-json\/wp\/v2\/tags?post=109822"}],"curies":[{"name":"wp","href":"https:\/\/api.w.org\/{rel}","templated":true}]}}