{"id":109861,"date":"2020-06-30T15:02:27","date_gmt":"2020-06-30T19:02:27","guid":{"rendered":"https:\/\/digital58.com.ve\/site\/?p=109861"},"modified":"2020-06-30T15:02:27","modified_gmt":"2020-06-30T19:02:27","slug":"la-ue-convoco-a-la-embajadora-de-venezuela-en-bruselas","status":"publish","type":"post","link":"https:\/\/digital58.com.ve\/site\/2020\/06\/30\/la-ue-convoco-a-la-embajadora-de-venezuela-en-bruselas\/","title":{"rendered":"La UE convoc\u00f3 a la embajadora de Venezuela en Bruselas"},"content":{"rendered":"<p><img loading=\"lazy\" decoding=\"async\" class=\"alignnone size-full wp-image-109862\" src=\"https:\/\/digital58.com.ve\/site\/wp-content\/uploads\/2020\/06\/claudia-salerno-convocada-por-la-UE.jpg\" alt=\"\" width=\"1000\" height=\"667\" srcset=\"https:\/\/digital58.com.ve\/site\/wp-content\/uploads\/2020\/06\/claudia-salerno-convocada-por-la-UE.jpg 800w, https:\/\/digital58.com.ve\/site\/wp-content\/uploads\/2020\/06\/claudia-salerno-convocada-por-la-UE-300x200.jpg 300w, https:\/\/digital58.com.ve\/site\/wp-content\/uploads\/2020\/06\/claudia-salerno-convocada-por-la-UE-768x512.jpg 768w, https:\/\/digital58.com.ve\/site\/wp-content\/uploads\/2020\/06\/claudia-salerno-convocada-por-la-UE-720x480.jpg 720w, https:\/\/digital58.com.ve\/site\/wp-content\/uploads\/2020\/06\/claudia-salerno-convocada-por-la-UE-480x320.jpg 480w\" sizes=\"auto, (max-width: 1000px) 100vw, 1000px\" \/><\/p>\n<p>El Alto Representante de Pol\u00edtica Exterior de la UE, Josep Borrell, indic\u00f3 que el bloque comunitario estudiar\u00e1 medidas \u00abde reciprocidad\u00bb por la salida de su representante diplom\u00e1tica en Venezuela.<\/p>\n<p><strong>Bruselas, B\u00e9lgica. 30 de junio de 2020 (ND58).-<\/strong> \u00a0La Uni\u00f3n Europea convoc\u00f3 este martes a la embajadora de Venezuela ante las instituciones comunitarias, Claudia Salerno Caldera, en respuesta a la decisi\u00f3n de Nicol\u00e1s Maduro de <a href=\"https:\/\/digital58.com.ve\/site\/2020\/06\/29\/maduro-le-da-72-horas-a-la-embajadora-de-la-ue-en-caracas-para-que-abandone-el-pais\/\" target=\"_blank\" rel=\"noopener noreferrer\">expulsar de Caracas a la embajadora de la UE<\/a> en aquel pa\u00eds, Isabel Brilhante Pedrosa, por las nuevas <a href=\"https:\/\/digital58.com.ve\/site\/2020\/06\/29\/ue-sanciona-a-director-de-conatel-y-a-otros-10-funcionarios-venezolanos\/\" target=\"_blank\" rel=\"noopener noreferrer\">sanciones impuestas<\/a> por el bloque contra ocho dirigentes chavistas y tres diputados colaboracionistas.<\/p>\n<p>El Alto Representante de Pol\u00edtica Exterior de la UE, Josep Borrell,\u00a0indic\u00f3 que el bloque comunitario estudiar\u00e1 medidas \u00abde reciprocidad\u00bb por la salida de su representante diplom\u00e1tica en Venezuela, y una de sus portavoces ha confirmado m\u00e1s tarde que el primer paso va a ser \u00abconvocar hoy mismo\u00bb a Salerno rese\u00f1\u00f3 el diario espa\u00f1ol El Mundo.<\/p>\n<p>Nicol\u00e1s Maduro\u00a0ha reaccion\u00f3 ayer lunes con furia tras conocer las\u00a0sanciones de la Uni\u00f3n Europea\u00a0(UE): \u00abHe decidido darle 72 horas a la\u00a0embajadora de la UE en Caracas (Isabel Brilhante Pedrosa)\u00a0para que abandone nuestro pa\u00eds\u00bb, asegur\u00f3 Maduro \u00a0a la vez que amenazo a \u00a0Jes\u00fas Silva,\u00a0el embajador espa\u00f1ol, a quien acusa de estar involucrado en la\u00a0Operaci\u00f3n Gede\u00f3n.<\/p>\n<p>\u00abVenezuela se reserva las acciones diplom\u00e1ticas sobre el embajador de\u00a0Espa\u00f1a\u00a0por su participaci\u00f3n en la\u00a0incursi\u00f3n armada de Macuto\u00a0y su complicidad con los actos criminales denunciados en el\u00a0Wall Street Journal\u00a0de\u00a0Leopoldo L\u00f3pez.\u00a0Esperen noticias en las pr\u00f3ximas horas\u00bb, amenaz\u00f3 el jefe bolivariano.<\/p>\n<p>Maduro se refiere al desembarco fracasado de la\u00a0Operaci\u00f3n Gede\u00f3n,\u00a0realizado por militares rebeldes y dos mercenarios estadounidenses a principios de mayo que tendr\u00eda como objetivo, seg\u00fan sus palabras, asesinarle tanto a \u00e9l como al alto mando militar.<\/p><div class=\"aecuz69eeb2cb1b99d\" ><p style=\"text-align: center;\"><a href=\"https:\/\/t.me\/noticiasdigital58\" target=\"_blank\" rel=\"noopener\"><img class=\"aligncenter size-full wp-image-125363\" src=\"https:\/\/digital58.com.ve\/site\/wp-content\/uploads\/2021\/04\/banner-telegram-web-2021.png\" alt=\"\" width=\"600\" height=\"90\" \/><\/a><\/p><\/div><style type=\"text\/css\">\r\n@media screen and (min-width: 1201px) {\r\n.aecuz69eeb2cb1b99d {\r\ndisplay: block;\r\n}\r\n}\r\n@media screen and (min-width: 993px) and (max-width: 1200px) {\r\n.aecuz69eeb2cb1b99d {\r\ndisplay: block;\r\n}\r\n}\r\n@media screen and (min-width: 769px) and (max-width: 992px) {\r\n.aecuz69eeb2cb1b99d {\r\ndisplay: block;\r\n}\r\n}\r\n@media screen and (min-width: 768px) and (max-width: 768px) {\r\n.aecuz69eeb2cb1b99d {\r\ndisplay: block;\r\n}\r\n}\r\n@media screen and (max-width: 767px) {\r\n.aecuz69eeb2cb1b99d {\r\ndisplay: block;\r\n}\r\n}\r\n<\/style>\r\n\n<p><strong>Redacci\u00f3n Ch\u00e1vez, Marian (@Marianchavez27); Agencias <\/strong><strong><br \/>\nEdici\u00f3n: Villasmil, Henry<br \/>\nGr\u00e1fica: El Mundo de Espa\u00f1a <\/strong><\/p>\n<div style=\"margin-top: 0px; margin-bottom: 0px;\" class=\"sharethis-inline-share-buttons\" ><\/div>","protected":false},"excerpt":{"rendered":"<p>El Alto Representante de Pol\u00edtica Exterior de la UE, Josep Borrell, indic\u00f3 que el bloque comunitario estudiar\u00e1 medidas \u00abde reciprocidad\u00bb<\/p>\n","protected":false},"author":31,"featured_media":109862,"comment_status":"open","ping_status":"closed","sticky":false,"template":"","format":"standard","meta":{"colormag_page_container_layout":"default_layout","colormag_page_sidebar_layout":"default_layout","_uag_custom_page_level_css":"","footnotes":""},"categories":[8610],"tags":[16695,16630,2724,14326,16615,2503],"class_list":["post-109861","post","type-post","status-publish","format-standard","has-post-thumbnail","hentry","category-politica","tag-claudia-salerno-caldera","tag-isabel-brilhante-pedrosa","tag-nicolas-maduro","tag-politica-internacional","tag-ue","tag-union-europea"],"yoast_head":"<!-- This site is optimized with the Yoast SEO plugin v27.4 - https:\/\/yoast.com\/product\/yoast-seo-wordpress\/ -->\n<title>La UE convoc\u00f3 a la embajadora de Venezuela en Bruselas<\/title>\n<meta name=\"description\" content=\"Pol\u00edtica\" \/>\n<meta name=\"robots\" content=\"index, follow, max-snippet:-1, max-image-preview:large, max-video-preview:-1\" \/>\n<link rel=\"canonical\" href=\"https:\/\/digital58.com.ve\/site\/2020\/06\/30\/la-ue-convoco-a-la-embajadora-de-venezuela-en-bruselas\/\" \/>\n<meta property=\"og:locale\" content=\"es_ES\" \/>\n<meta property=\"og:type\" content=\"article\" \/>\n<meta property=\"og:title\" content=\"La UE convoc\u00f3 a la embajadora de Venezuela en Bruselas\" \/>\n<meta property=\"og:description\" content=\"Pol\u00edtica\" \/>\n<meta property=\"og:url\" content=\"https:\/\/digital58.com.ve\/site\/2020\/06\/30\/la-ue-convoco-a-la-embajadora-de-venezuela-en-bruselas\/\" \/>\n<meta property=\"og:site_name\" content=\"Noticias Digital58\" \/>\n<meta property=\"article:published_time\" content=\"2020-06-30T19:02:27+00:00\" \/>\n<meta property=\"og:image\" content=\"https:\/\/digital58.com.ve\/site\/wp-content\/uploads\/2020\/06\/claudia-salerno-convocada-por-la-UE.jpg\" \/>\n\t<meta property=\"og:image:width\" content=\"1000\" \/>\n\t<meta property=\"og:image:height\" content=\"667\" \/>\n\t<meta property=\"og:image:type\" content=\"image\/jpeg\" \/>\n<meta name=\"author\" content=\"Chavez Castro Marian\" \/>\n<meta name=\"twitter:card\" content=\"summary_large_image\" \/>\n<meta name=\"twitter:creator\" content=\"@Digital_58\" \/>\n<meta name=\"twitter:site\" content=\"@villasmilhfoto\" \/>\n<meta name=\"twitter:label1\" content=\"Escrito por\" \/>\n\t<meta name=\"twitter:data1\" content=\"Chavez Castro Marian\" \/>\n\t<meta name=\"twitter:label2\" content=\"Tiempo estimado de lectura\" \/>\n\t<meta name=\"twitter:data2\" content=\"2 minutos\" \/>\n<script type=\"application\/ld+json\" class=\"yoast-schema-graph\">{\"@context\":\"https:\\\/\\\/schema.org\",\"@graph\":[{\"@type\":\"Article\",\"@id\":\"https:\\\/\\\/digital58.com.ve\\\/site\\\/2020\\\/06\\\/30\\\/la-ue-convoco-a-la-embajadora-de-venezuela-en-bruselas\\\/#article\",\"isPartOf\":{\"@id\":\"https:\\\/\\\/digital58.com.ve\\\/site\\\/2020\\\/06\\\/30\\\/la-ue-convoco-a-la-embajadora-de-venezuela-en-bruselas\\\/\"},\"author\":{\"name\":\"Chavez Castro Marian\",\"@id\":\"https:\\\/\\\/digital58.com.ve\\\/site\\\/#\\\/schema\\\/person\\\/9c0f3a88cb18ad2a045bf3b5d13c0a49\"},\"headline\":\"La UE convoc\u00f3 a la embajadora de Venezuela en Bruselas\",\"datePublished\":\"2020-06-30T19:02:27+00:00\",\"mainEntityOfPage\":{\"@id\":\"https:\\\/\\\/digital58.com.ve\\\/site\\\/2020\\\/06\\\/30\\\/la-ue-convoco-a-la-embajadora-de-venezuela-en-bruselas\\\/\"},\"wordCount\":350,\"commentCount\":0,\"publisher\":{\"@id\":\"https:\\\/\\\/digital58.com.ve\\\/site\\\/#\\\/schema\\\/person\\\/64d1c2e4d0d4fd1b849980c4331c2951\"},\"image\":{\"@id\":\"https:\\\/\\\/digital58.com.ve\\\/site\\\/2020\\\/06\\\/30\\\/la-ue-convoco-a-la-embajadora-de-venezuela-en-bruselas\\\/#primaryimage\"},\"thumbnailUrl\":\"https:\\\/\\\/digital58.com.ve\\\/site\\\/wp-content\\\/uploads\\\/2020\\\/06\\\/claudia-salerno-convocada-por-la-UE.jpg\",\"keywords\":[\"Claudia Salerno Caldera\",\"Isabel Brilhante Pedrosa\",\"Nicol\u00e1s Maduro\",\"Pol\u00edtica internacional\",\"UE\",\"Uni\u00f3n Europea\"],\"articleSection\":[\"Pol\u00edtica\"],\"inLanguage\":\"es\",\"potentialAction\":[{\"@type\":\"CommentAction\",\"name\":\"Comment\",\"target\":[\"https:\\\/\\\/digital58.com.ve\\\/site\\\/2020\\\/06\\\/30\\\/la-ue-convoco-a-la-embajadora-de-venezuela-en-bruselas\\\/#respond\"]}]},{\"@type\":\"WebPage\",\"@id\":\"https:\\\/\\\/digital58.com.ve\\\/site\\\/2020\\\/06\\\/30\\\/la-ue-convoco-a-la-embajadora-de-venezuela-en-bruselas\\\/\",\"url\":\"https:\\\/\\\/digital58.com.ve\\\/site\\\/2020\\\/06\\\/30\\\/la-ue-convoco-a-la-embajadora-de-venezuela-en-bruselas\\\/\",\"name\":\"La UE convoc\u00f3 a la embajadora de Venezuela en Bruselas\",\"isPartOf\":{\"@id\":\"https:\\\/\\\/digital58.com.ve\\\/site\\\/#website\"},\"primaryImageOfPage\":{\"@id\":\"https:\\\/\\\/digital58.com.ve\\\/site\\\/2020\\\/06\\\/30\\\/la-ue-convoco-a-la-embajadora-de-venezuela-en-bruselas\\\/#primaryimage\"},\"image\":{\"@id\":\"https:\\\/\\\/digital58.com.ve\\\/site\\\/2020\\\/06\\\/30\\\/la-ue-convoco-a-la-embajadora-de-venezuela-en-bruselas\\\/#primaryimage\"},\"thumbnailUrl\":\"https:\\\/\\\/digital58.com.ve\\\/site\\\/wp-content\\\/uploads\\\/2020\\\/06\\\/claudia-salerno-convocada-por-la-UE.jpg\",\"datePublished\":\"2020-06-30T19:02:27+00:00\",\"description\":\"Pol\u00edtica\",\"breadcrumb\":{\"@id\":\"https:\\\/\\\/digital58.com.ve\\\/site\\\/2020\\\/06\\\/30\\\/la-ue-convoco-a-la-embajadora-de-venezuela-en-bruselas\\\/#breadcrumb\"},\"inLanguage\":\"es\",\"potentialAction\":[{\"@type\":\"ReadAction\",\"target\":[\"https:\\\/\\\/digital58.com.ve\\\/site\\\/2020\\\/06\\\/30\\\/la-ue-convoco-a-la-embajadora-de-venezuela-en-bruselas\\\/\"]}]},{\"@type\":\"ImageObject\",\"inLanguage\":\"es\",\"@id\":\"https:\\\/\\\/digital58.com.ve\\\/site\\\/2020\\\/06\\\/30\\\/la-ue-convoco-a-la-embajadora-de-venezuela-en-bruselas\\\/#primaryimage\",\"url\":\"https:\\\/\\\/digital58.com.ve\\\/site\\\/wp-content\\\/uploads\\\/2020\\\/06\\\/claudia-salerno-convocada-por-la-UE.jpg\",\"contentUrl\":\"https:\\\/\\\/digital58.com.ve\\\/site\\\/wp-content\\\/uploads\\\/2020\\\/06\\\/claudia-salerno-convocada-por-la-UE.jpg\",\"width\":800,\"height\":534},{\"@type\":\"BreadcrumbList\",\"@id\":\"https:\\\/\\\/digital58.com.ve\\\/site\\\/2020\\\/06\\\/30\\\/la-ue-convoco-a-la-embajadora-de-venezuela-en-bruselas\\\/#breadcrumb\",\"itemListElement\":[{\"@type\":\"ListItem\",\"position\":1,\"name\":\"Home\",\"item\":\"https:\\\/\\\/digital58.com.ve\\\/site\\\/\"},{\"@type\":\"ListItem\",\"position\":2,\"name\":\"La UE convoc\u00f3 a la embajadora de Venezuela en Bruselas\"}]},{\"@type\":\"WebSite\",\"@id\":\"https:\\\/\\\/digital58.com.ve\\\/site\\\/#website\",\"url\":\"https:\\\/\\\/digital58.com.ve\\\/site\\\/\",\"name\":\"Noticias Digital58\",\"description\":\"Portal de Noticias \u00a1Periodismo web de verdad! Lanzamiento web 22.11.2005 \\\/ Maracaibo, Venezuela\",\"publisher\":{\"@id\":\"https:\\\/\\\/digital58.com.ve\\\/site\\\/#\\\/schema\\\/person\\\/64d1c2e4d0d4fd1b849980c4331c2951\"},\"alternateName\":\"ND58\",\"potentialAction\":[{\"@type\":\"SearchAction\",\"target\":{\"@type\":\"EntryPoint\",\"urlTemplate\":\"https:\\\/\\\/digital58.com.ve\\\/site\\\/?s={search_term_string}\"},\"query-input\":{\"@type\":\"PropertyValueSpecification\",\"valueRequired\":true,\"valueName\":\"search_term_string\"}}],\"inLanguage\":\"es\"},{\"@type\":[\"Person\",\"Organization\"],\"@id\":\"https:\\\/\\\/digital58.com.ve\\\/site\\\/#\\\/schema\\\/person\\\/64d1c2e4d0d4fd1b849980c4331c2951\",\"name\":\"Villasmil Henry\",\"image\":{\"@type\":\"ImageObject\",\"inLanguage\":\"es\",\"@id\":\"https:\\\/\\\/secure.gravatar.com\\\/avatar\\\/bb0c4a2fcb7970138239f7e404ea75757b1b507b28b5ce4c53fbd62d797c5a7c?s=96&d=mm&r=g\",\"url\":\"https:\\\/\\\/secure.gravatar.com\\\/avatar\\\/bb0c4a2fcb7970138239f7e404ea75757b1b507b28b5ce4c53fbd62d797c5a7c?s=96&d=mm&r=g\",\"contentUrl\":\"https:\\\/\\\/secure.gravatar.com\\\/avatar\\\/bb0c4a2fcb7970138239f7e404ea75757b1b507b28b5ce4c53fbd62d797c5a7c?s=96&d=mm&r=g\",\"caption\":\"Villasmil Henry\"},\"logo\":{\"@id\":\"https:\\\/\\\/secure.gravatar.com\\\/avatar\\\/bb0c4a2fcb7970138239f7e404ea75757b1b507b28b5ce4c53fbd62d797c5a7c?s=96&d=mm&r=g\"},\"sameAs\":[\"http:\\\/\\\/www.henryvillasmil.com.ve\",\"https:\\\/\\\/www.instagram.com\\\/villasmilhfoto\\\/\",\"https:\\\/\\\/x.com\\\/https:\\\/\\\/twitter.com\\\/villasmilhfoto\"]},{\"@type\":\"Person\",\"@id\":\"https:\\\/\\\/digital58.com.ve\\\/site\\\/#\\\/schema\\\/person\\\/9c0f3a88cb18ad2a045bf3b5d13c0a49\",\"name\":\"Chavez Castro Marian\",\"image\":{\"@type\":\"ImageObject\",\"inLanguage\":\"es\",\"@id\":\"https:\\\/\\\/secure.gravatar.com\\\/avatar\\\/f0d85074342e38d350fb5a6141afb1fb5c0ef9cb2f88442cd5535b1a7fe29dbd?s=96&d=mm&r=g\",\"url\":\"https:\\\/\\\/secure.gravatar.com\\\/avatar\\\/f0d85074342e38d350fb5a6141afb1fb5c0ef9cb2f88442cd5535b1a7fe29dbd?s=96&d=mm&r=g\",\"contentUrl\":\"https:\\\/\\\/secure.gravatar.com\\\/avatar\\\/f0d85074342e38d350fb5a6141afb1fb5c0ef9cb2f88442cd5535b1a7fe29dbd?s=96&d=mm&r=g\",\"caption\":\"Chavez Castro Marian\"},\"url\":\"https:\\\/\\\/digital58.com.ve\\\/site\\\/author\\\/mchavezcastro\\\/\"}]}<\/script>\n<!-- \/ Yoast SEO plugin. -->","yoast_head_json":{"title":"La UE convoc\u00f3 a la embajadora de Venezuela en Bruselas","description":"Pol\u00edtica","robots":{"index":"index","follow":"follow","max-snippet":"max-snippet:-1","max-image-preview":"max-image-preview:large","max-video-preview":"max-video-preview:-1"},"canonical":"https:\/\/digital58.com.ve\/site\/2020\/06\/30\/la-ue-convoco-a-la-embajadora-de-venezuela-en-bruselas\/","og_locale":"es_ES","og_type":"article","og_title":"La UE convoc\u00f3 a la embajadora de Venezuela en Bruselas","og_description":"Pol\u00edtica","og_url":"https:\/\/digital58.com.ve\/site\/2020\/06\/30\/la-ue-convoco-a-la-embajadora-de-venezuela-en-bruselas\/","og_site_name":"Noticias Digital58","article_published_time":"2020-06-30T19:02:27+00:00","og_image":[{"width":1000,"height":667,"url":"https:\/\/digital58.com.ve\/site\/wp-content\/uploads\/2020\/06\/claudia-salerno-convocada-por-la-UE.jpg","type":"image\/jpeg"}],"author":"Chavez Castro Marian","twitter_card":"summary_large_image","twitter_creator":"@Digital_58","twitter_site":"@villasmilhfoto","twitter_misc":{"Escrito por":"Chavez Castro Marian","Tiempo estimado de lectura":"2 minutos"},"schema":{"@context":"https:\/\/schema.org","@graph":[{"@type":"Article","@id":"https:\/\/digital58.com.ve\/site\/2020\/06\/30\/la-ue-convoco-a-la-embajadora-de-venezuela-en-bruselas\/#article","isPartOf":{"@id":"https:\/\/digital58.com.ve\/site\/2020\/06\/30\/la-ue-convoco-a-la-embajadora-de-venezuela-en-bruselas\/"},"author":{"name":"Chavez Castro Marian","@id":"https:\/\/digital58.com.ve\/site\/#\/schema\/person\/9c0f3a88cb18ad2a045bf3b5d13c0a49"},"headline":"La UE convoc\u00f3 a la embajadora de Venezuela en Bruselas","datePublished":"2020-06-30T19:02:27+00:00","mainEntityOfPage":{"@id":"https:\/\/digital58.com.ve\/site\/2020\/06\/30\/la-ue-convoco-a-la-embajadora-de-venezuela-en-bruselas\/"},"wordCount":350,"commentCount":0,"publisher":{"@id":"https:\/\/digital58.com.ve\/site\/#\/schema\/person\/64d1c2e4d0d4fd1b849980c4331c2951"},"image":{"@id":"https:\/\/digital58.com.ve\/site\/2020\/06\/30\/la-ue-convoco-a-la-embajadora-de-venezuela-en-bruselas\/#primaryimage"},"thumbnailUrl":"https:\/\/digital58.com.ve\/site\/wp-content\/uploads\/2020\/06\/claudia-salerno-convocada-por-la-UE.jpg","keywords":["Claudia Salerno Caldera","Isabel Brilhante Pedrosa","Nicol\u00e1s Maduro","Pol\u00edtica internacional","UE","Uni\u00f3n Europea"],"articleSection":["Pol\u00edtica"],"inLanguage":"es","potentialAction":[{"@type":"CommentAction","name":"Comment","target":["https:\/\/digital58.com.ve\/site\/2020\/06\/30\/la-ue-convoco-a-la-embajadora-de-venezuela-en-bruselas\/#respond"]}]},{"@type":"WebPage","@id":"https:\/\/digital58.com.ve\/site\/2020\/06\/30\/la-ue-convoco-a-la-embajadora-de-venezuela-en-bruselas\/","url":"https:\/\/digital58.com.ve\/site\/2020\/06\/30\/la-ue-convoco-a-la-embajadora-de-venezuela-en-bruselas\/","name":"La UE convoc\u00f3 a la embajadora de Venezuela en Bruselas","isPartOf":{"@id":"https:\/\/digital58.com.ve\/site\/#website"},"primaryImageOfPage":{"@id":"https:\/\/digital58.com.ve\/site\/2020\/06\/30\/la-ue-convoco-a-la-embajadora-de-venezuela-en-bruselas\/#primaryimage"},"image":{"@id":"https:\/\/digital58.com.ve\/site\/2020\/06\/30\/la-ue-convoco-a-la-embajadora-de-venezuela-en-bruselas\/#primaryimage"},"thumbnailUrl":"https:\/\/digital58.com.ve\/site\/wp-content\/uploads\/2020\/06\/claudia-salerno-convocada-por-la-UE.jpg","datePublished":"2020-06-30T19:02:27+00:00","description":"Pol\u00edtica","breadcrumb":{"@id":"https:\/\/digital58.com.ve\/site\/2020\/06\/30\/la-ue-convoco-a-la-embajadora-de-venezuela-en-bruselas\/#breadcrumb"},"inLanguage":"es","potentialAction":[{"@type":"ReadAction","target":["https:\/\/digital58.com.ve\/site\/2020\/06\/30\/la-ue-convoco-a-la-embajadora-de-venezuela-en-bruselas\/"]}]},{"@type":"ImageObject","inLanguage":"es","@id":"https:\/\/digital58.com.ve\/site\/2020\/06\/30\/la-ue-convoco-a-la-embajadora-de-venezuela-en-bruselas\/#primaryimage","url":"https:\/\/digital58.com.ve\/site\/wp-content\/uploads\/2020\/06\/claudia-salerno-convocada-por-la-UE.jpg","contentUrl":"https:\/\/digital58.com.ve\/site\/wp-content\/uploads\/2020\/06\/claudia-salerno-convocada-por-la-UE.jpg","width":800,"height":534},{"@type":"BreadcrumbList","@id":"https:\/\/digital58.com.ve\/site\/2020\/06\/30\/la-ue-convoco-a-la-embajadora-de-venezuela-en-bruselas\/#breadcrumb","itemListElement":[{"@type":"ListItem","position":1,"name":"Home","item":"https:\/\/digital58.com.ve\/site\/"},{"@type":"ListItem","position":2,"name":"La UE convoc\u00f3 a la embajadora de Venezuela en Bruselas"}]},{"@type":"WebSite","@id":"https:\/\/digital58.com.ve\/site\/#website","url":"https:\/\/digital58.com.ve\/site\/","name":"Noticias Digital58","description":"Portal de Noticias \u00a1Periodismo web de verdad! Lanzamiento web 22.11.2005 \/ Maracaibo, Venezuela","publisher":{"@id":"https:\/\/digital58.com.ve\/site\/#\/schema\/person\/64d1c2e4d0d4fd1b849980c4331c2951"},"alternateName":"ND58","potentialAction":[{"@type":"SearchAction","target":{"@type":"EntryPoint","urlTemplate":"https:\/\/digital58.com.ve\/site\/?s={search_term_string}"},"query-input":{"@type":"PropertyValueSpecification","valueRequired":true,"valueName":"search_term_string"}}],"inLanguage":"es"},{"@type":["Person","Organization"],"@id":"https:\/\/digital58.com.ve\/site\/#\/schema\/person\/64d1c2e4d0d4fd1b849980c4331c2951","name":"Villasmil Henry","image":{"@type":"ImageObject","inLanguage":"es","@id":"https:\/\/secure.gravatar.com\/avatar\/bb0c4a2fcb7970138239f7e404ea75757b1b507b28b5ce4c53fbd62d797c5a7c?s=96&d=mm&r=g","url":"https:\/\/secure.gravatar.com\/avatar\/bb0c4a2fcb7970138239f7e404ea75757b1b507b28b5ce4c53fbd62d797c5a7c?s=96&d=mm&r=g","contentUrl":"https:\/\/secure.gravatar.com\/avatar\/bb0c4a2fcb7970138239f7e404ea75757b1b507b28b5ce4c53fbd62d797c5a7c?s=96&d=mm&r=g","caption":"Villasmil Henry"},"logo":{"@id":"https:\/\/secure.gravatar.com\/avatar\/bb0c4a2fcb7970138239f7e404ea75757b1b507b28b5ce4c53fbd62d797c5a7c?s=96&d=mm&r=g"},"sameAs":["http:\/\/www.henryvillasmil.com.ve","https:\/\/www.instagram.com\/villasmilhfoto\/","https:\/\/x.com\/https:\/\/twitter.com\/villasmilhfoto"]},{"@type":"Person","@id":"https:\/\/digital58.com.ve\/site\/#\/schema\/person\/9c0f3a88cb18ad2a045bf3b5d13c0a49","name":"Chavez Castro Marian","image":{"@type":"ImageObject","inLanguage":"es","@id":"https:\/\/secure.gravatar.com\/avatar\/f0d85074342e38d350fb5a6141afb1fb5c0ef9cb2f88442cd5535b1a7fe29dbd?s=96&d=mm&r=g","url":"https:\/\/secure.gravatar.com\/avatar\/f0d85074342e38d350fb5a6141afb1fb5c0ef9cb2f88442cd5535b1a7fe29dbd?s=96&d=mm&r=g","contentUrl":"https:\/\/secure.gravatar.com\/avatar\/f0d85074342e38d350fb5a6141afb1fb5c0ef9cb2f88442cd5535b1a7fe29dbd?s=96&d=mm&r=g","caption":"Chavez Castro Marian"},"url":"https:\/\/digital58.com.ve\/site\/author\/mchavezcastro\/"}]}},"uagb_featured_image_src":{"full":["https:\/\/digital58.com.ve\/site\/wp-content\/uploads\/2020\/06\/claudia-salerno-convocada-por-la-UE.jpg",800,534,false],"thumbnail":["https:\/\/digital58.com.ve\/site\/wp-content\/uploads\/2020\/06\/claudia-salerno-convocada-por-la-UE-150x150.jpg",150,150,true],"medium":["https:\/\/digital58.com.ve\/site\/wp-content\/uploads\/2020\/06\/claudia-salerno-convocada-por-la-UE-300x200.jpg",300,200,true],"medium_large":["https:\/\/digital58.com.ve\/site\/wp-content\/uploads\/2020\/06\/claudia-salerno-convocada-por-la-UE-768x512.jpg",768,512,true],"large":["https:\/\/digital58.com.ve\/site\/wp-content\/uploads\/2020\/06\/claudia-salerno-convocada-por-la-UE.jpg",800,534,false],"1536x1536":["https:\/\/digital58.com.ve\/site\/wp-content\/uploads\/2020\/06\/claudia-salerno-convocada-por-la-UE.jpg",800,534,false],"2048x2048":["https:\/\/digital58.com.ve\/site\/wp-content\/uploads\/2020\/06\/claudia-salerno-convocada-por-la-UE.jpg",800,534,false],"colormag-highlighted-post":["https:\/\/digital58.com.ve\/site\/wp-content\/uploads\/2020\/06\/claudia-salerno-convocada-por-la-UE.jpg",392,262,false],"colormag-featured-post-medium":["https:\/\/digital58.com.ve\/site\/wp-content\/uploads\/2020\/06\/claudia-salerno-convocada-por-la-UE.jpg",307,205,false],"colormag-featured-post-small":["https:\/\/digital58.com.ve\/site\/wp-content\/uploads\/2020\/06\/claudia-salerno-convocada-por-la-UE.jpg",130,87,false],"colormag-featured-image":["https:\/\/digital58.com.ve\/site\/wp-content\/uploads\/2020\/06\/claudia-salerno-convocada-por-la-UE.jpg",667,445,false],"colormag-default-news":["https:\/\/digital58.com.ve\/site\/wp-content\/uploads\/2020\/06\/claudia-salerno-convocada-por-la-UE.jpg",150,100,false],"colormag-featured-image-large":["https:\/\/digital58.com.ve\/site\/wp-content\/uploads\/2020\/06\/claudia-salerno-convocada-por-la-UE.jpg",800,534,false]},"uagb_author_info":{"display_name":"Chavez Castro Marian","author_link":"https:\/\/digital58.com.ve\/site\/author\/mchavezcastro\/"},"uagb_comment_info":0,"uagb_excerpt":"El Alto Representante de Pol\u00edtica Exterior de la UE, Josep Borrell, indic\u00f3 que el bloque comunitario estudiar\u00e1 medidas \u00abde reciprocidad\u00bb","_links":{"self":[{"href":"https:\/\/digital58.com.ve\/site\/wp-json\/wp\/v2\/posts\/109861","targetHints":{"allow":["GET"]}}],"collection":[{"href":"https:\/\/digital58.com.ve\/site\/wp-json\/wp\/v2\/posts"}],"about":[{"href":"https:\/\/digital58.com.ve\/site\/wp-json\/wp\/v2\/types\/post"}],"author":[{"embeddable":true,"href":"https:\/\/digital58.com.ve\/site\/wp-json\/wp\/v2\/users\/31"}],"replies":[{"embeddable":true,"href":"https:\/\/digital58.com.ve\/site\/wp-json\/wp\/v2\/comments?post=109861"}],"version-history":[{"count":0,"href":"https:\/\/digital58.com.ve\/site\/wp-json\/wp\/v2\/posts\/109861\/revisions"}],"wp:featuredmedia":[{"embeddable":true,"href":"https:\/\/digital58.com.ve\/site\/wp-json\/wp\/v2\/media\/109862"}],"wp:attachment":[{"href":"https:\/\/digital58.com.ve\/site\/wp-json\/wp\/v2\/media?parent=109861"}],"wp:term":[{"taxonomy":"category","embeddable":true,"href":"https:\/\/digital58.com.ve\/site\/wp-json\/wp\/v2\/categories?post=109861"},{"taxonomy":"post_tag","embeddable":true,"href":"https:\/\/digital58.com.ve\/site\/wp-json\/wp\/v2\/tags?post=109861"}],"curies":[{"name":"wp","href":"https:\/\/api.w.org\/{rel}","templated":true}]}}