{"id":110007,"date":"2020-07-01T09:09:22","date_gmt":"2020-07-01T13:09:22","guid":{"rendered":"https:\/\/digital58.com.ve\/site\/?p=110007"},"modified":"2020-07-01T14:21:05","modified_gmt":"2020-07-01T18:21:05","slug":"omar-prieto-decreto-aislamiento-estricto-en-maracaibo","status":"publish","type":"post","link":"https:\/\/digital58.com.ve\/site\/2020\/07\/01\/omar-prieto-decreto-aislamiento-estricto-en-maracaibo\/","title":{"rendered":"Omar Prieto decret\u00f3 \u00abaislamiento estricto\u00bb en Maracaibo"},"content":{"rendered":"<p><img loading=\"lazy\" decoding=\"async\" class=\"aligncenter wp-image-110008 size-large\" src=\"https:\/\/digital58.com.ve\/site\/wp-content\/uploads\/2020\/07\/Omarprieto-1500x844.jpg\" alt=\"\" width=\"1500\" height=\"844\" srcset=\"https:\/\/digital58.com.ve\/site\/wp-content\/uploads\/2020\/07\/Omarprieto-1500x844.jpg 1500w, https:\/\/digital58.com.ve\/site\/wp-content\/uploads\/2020\/07\/Omarprieto-300x169.jpg 300w, https:\/\/digital58.com.ve\/site\/wp-content\/uploads\/2020\/07\/Omarprieto-768x432.jpg 768w, https:\/\/digital58.com.ve\/site\/wp-content\/uploads\/2020\/07\/Omarprieto-1536x864.jpg 1536w, https:\/\/digital58.com.ve\/site\/wp-content\/uploads\/2020\/07\/Omarprieto.jpg 800w\" sizes=\"auto, (max-width: 1500px) 100vw, 1500px\" \/><\/p>\n<p>El primer mandatario regional tambi\u00e9n inform\u00f3 \u00a0que se colocar\u00e1n puntos de control estrat\u00e9gicos en estos sectores para restringir los accesos.<\/p>\n<p><strong>Maracaibo, Zulia, Venezuela. 01 de julio\u00a0 de 2020 (ND58). \u2013<\/strong>\u00a0 Prieto gobernador del estado Zulia decret\u00f3 \u00abaislamiento estricto\u00bb en Maracaibo, la medida enmarca 50 sectores de seis parroquias de la entidad que son focos de contagios de COVID-19.<\/p>\n<p>La medida se aplica en conjunto con la Alcald\u00eda de Maracaibo y los organismos de seguridad, y comenz\u00f3 a regir este mismo martes, revel\u00f3 Prieto.<\/p>\n<p>Prieto inform\u00f3 que el municipio Maracaibo queda aislada del municipio San Francisco y del resto de los municipios del estado Zulia.<\/p>\n<p>El gobernador dijo que Maracaibo queda aislado de San Francisco y del resto de los municipios.<\/p>\n<p>\u00abPara transitar hacia San Francisco despu\u00e9s de las 12:00 del mediod\u00eda, y viceversa, los conductores deber\u00e1n tener un salvoconducto expedido por la Zodi\u00bb, indic\u00f3 Prieto.<\/p>\n<p>\u00abAgradecemos a los zulianos acatar la medida con total apego al decreto, de lo contrario se aplicar\u00e1n medidas judiciales al que viole los procesos\u00bb, dijo el gobernador.<\/p>\n<p>Explic\u00f3 que los habitantes de estos sectores mantendr\u00e1n el horario de 8:00 am a 12:00 del mediod\u00eda para realizar sus compras de alimentos o medicamentos; pero a partir de esta hora regir\u00e1 el decreto de aislamiento en cuarentena extrema.<\/p>\n<p>El primer mandatario regional tambi\u00e9n inform\u00f3 \u00a0que se colocar\u00e1n puntos de control estrat\u00e9gicos en estos sectores para restringir los accesos.<\/p>\n<p>\u00abLa medida se toma porque, a pesar de hacer nuestro mayor esfuerzo para contener el brote de covid-19 en la ciudad, el relajamiento excesivo ha generado n\u00fameros preocupantes de personas contagiadas con el virus\u00bb, dijo Prieto.<\/p>\n<p>Los casos por parroquias y comunidades con mayor n\u00famero de contagios de COVID-19 en Maracaibo, donde se aplicar\u00e1n estas medidas extremas de aislamiento, son:<\/p>\n<p><strong>CRISTO DE ARANZA:<\/strong> Pomona, Sabaneta, La Fortaleza, BarriO Ricardo Aguirre, El Progreso, Las Pir\u00e1mides, Altamira Sur, Fundaci\u00f3n Mendoza, Barrio La Chinita.<\/p>\n<p><strong>CACIQUE MARA:<\/strong> Los Postes Negros, Monte Santo, 12 de Octubre, Puerto Rico, Barrio San Jos\u00e9, Ca\u00f1ada Honda, Terrazas del Lago, Arismendi, Socorro.<\/p>\n<p><strong>VENANCIO PULGAR:<\/strong> Pinto Salina, Barrio Camino Real, 12 de Marzo, Nuevo Horizonte, Jos\u00e9 Felix Ribas, Carmelo Urdaneta, Bicentenario Libertador, Armando Molero.<\/p>\n<p><strong>FRANCISCO EUGENIO BUSTAMANTE:<\/strong>\u00a0 Cuatricentenario, Lomitas Del Zulia, Ra\u00fal Leoni, Felipe Hern\u00e1ndez, San Agust\u00edn, Los Altos, La Monta\u00f1ita, Hato Verde, La Lechuga.<\/p>\n<p><strong>MANUEL DAGNINO:<\/strong> Lomas de la Misi\u00f3n, Mar\u00eda Concepci\u00f3n Palacio, Los Andes, Lago Azul, San Pedro, Altos de La Vanega.<\/p>\n<p><strong>CHIQUINQUIR\u00c1:<\/strong> Indio Mara, San Jos\u00e9, Baralt, 1 de Mayo, Nueva Delicias, El Para\u00edso, Nueva V\u00eda, El Saladillo, Plaza Las Madres.<\/p><div class=\"jriro69f530cbb210b\" ><p style=\"text-align: center;\"><a href=\"https:\/\/t.me\/noticiasdigital58\" target=\"_blank\" rel=\"noopener\"><img class=\"aligncenter size-full wp-image-125363\" src=\"https:\/\/digital58.com.ve\/site\/wp-content\/uploads\/2021\/04\/banner-telegram-web-2021.png\" alt=\"\" width=\"600\" height=\"90\" \/><\/a><\/p><\/div><style type=\"text\/css\">\r\n@media screen and (min-width: 1201px) {\r\n.jriro69f530cbb210b {\r\ndisplay: block;\r\n}\r\n}\r\n@media screen and (min-width: 993px) and (max-width: 1200px) {\r\n.jriro69f530cbb210b {\r\ndisplay: block;\r\n}\r\n}\r\n@media screen and (min-width: 769px) and (max-width: 992px) {\r\n.jriro69f530cbb210b {\r\ndisplay: block;\r\n}\r\n}\r\n@media screen and (min-width: 768px) and (max-width: 768px) {\r\n.jriro69f530cbb210b {\r\ndisplay: block;\r\n}\r\n}\r\n@media screen and (max-width: 767px) {\r\n.jriro69f530cbb210b {\r\ndisplay: block;\r\n}\r\n}\r\n<\/style>\r\n\n<p><strong>Redacci\u00f3n: Molero, Luis\u00a0 (@Moleromarquez) | Fuente: Agencias<br \/>\nEdici\u00f3n: Villasmil, Henry<br \/>\nGr\u00e1ficas: Cortes\u00eda<\/strong><\/p>\n<div style=\"margin-top: 0px; margin-bottom: 0px;\" class=\"sharethis-inline-share-buttons\" ><\/div>","protected":false},"excerpt":{"rendered":"<p>El primer mandatario regional tambi\u00e9n inform\u00f3 \u00a0que se colocar\u00e1n puntos de control estrat\u00e9gicos en estos sectores para restringir los accesos.<\/p>\n","protected":false},"author":26,"featured_media":110009,"comment_status":"open","ping_status":"closed","sticky":false,"template":"","format":"standard","meta":{"colormag_page_container_layout":"default_layout","colormag_page_sidebar_layout":"default_layout","_uag_custom_page_level_css":"","footnotes":""},"categories":[14504],"tags":[16715,13352,13648,15131,73,13723,761],"class_list":["post-110007","post","type-post","status-publish","format-standard","has-post-thumbnail","hentry","category-zulia","tag-aislamiento-estricto","tag-coronavirus","tag-covid-19","tag-gobernador-omar-prieto","tag-maracaibo","tag-pandemia","tag-zulia"],"yoast_head":"<!-- This site is optimized with the Yoast SEO plugin v27.5 - https:\/\/yoast.com\/product\/yoast-seo-wordpress\/ -->\n<title>Omar Prieto decret\u00f3 \u00abaislamiento estricto\u00bb en Maracaibo<\/title>\n<meta name=\"description\" content=\"Zulia\" \/>\n<meta name=\"robots\" content=\"index, follow, max-snippet:-1, max-image-preview:large, max-video-preview:-1\" \/>\n<link rel=\"canonical\" href=\"https:\/\/digital58.com.ve\/site\/2020\/07\/01\/omar-prieto-decreto-aislamiento-estricto-en-maracaibo\/\" \/>\n<meta property=\"og:locale\" content=\"es_ES\" \/>\n<meta property=\"og:type\" content=\"article\" \/>\n<meta property=\"og:title\" content=\"Omar Prieto decret\u00f3 \u00abaislamiento estricto\u00bb en Maracaibo\" \/>\n<meta property=\"og:description\" content=\"Zulia\" \/>\n<meta property=\"og:url\" content=\"https:\/\/digital58.com.ve\/site\/2020\/07\/01\/omar-prieto-decreto-aislamiento-estricto-en-maracaibo\/\" \/>\n<meta property=\"og:site_name\" content=\"Noticias Digital58\" \/>\n<meta property=\"article:published_time\" content=\"2020-07-01T13:09:22+00:00\" \/>\n<meta property=\"article:modified_time\" content=\"2020-07-01T18:21:05+00:00\" \/>\n<meta property=\"og:image\" content=\"https:\/\/digital58.com.ve\/site\/wp-content\/uploads\/2020\/07\/mcbo-700x352-1.jpg\" \/>\n\t<meta property=\"og:image:width\" content=\"700\" \/>\n\t<meta property=\"og:image:height\" content=\"352\" \/>\n\t<meta property=\"og:image:type\" content=\"image\/jpeg\" \/>\n<meta name=\"author\" content=\"Molero Luis\" \/>\n<meta name=\"twitter:card\" content=\"summary_large_image\" \/>\n<meta name=\"twitter:creator\" content=\"@Digital_58\" \/>\n<meta name=\"twitter:site\" content=\"@villasmilhfoto\" \/>\n<meta name=\"twitter:label1\" content=\"Escrito por\" \/>\n\t<meta name=\"twitter:data1\" content=\"Molero Luis\" \/>\n\t<meta name=\"twitter:label2\" content=\"Tiempo estimado de lectura\" \/>\n\t<meta name=\"twitter:data2\" content=\"2 minutos\" \/>\n<script type=\"application\/ld+json\" class=\"yoast-schema-graph\">{\"@context\":\"https:\\\/\\\/schema.org\",\"@graph\":[{\"@type\":\"Article\",\"@id\":\"https:\\\/\\\/digital58.com.ve\\\/site\\\/2020\\\/07\\\/01\\\/omar-prieto-decreto-aislamiento-estricto-en-maracaibo\\\/#article\",\"isPartOf\":{\"@id\":\"https:\\\/\\\/digital58.com.ve\\\/site\\\/2020\\\/07\\\/01\\\/omar-prieto-decreto-aislamiento-estricto-en-maracaibo\\\/\"},\"author\":{\"name\":\"Molero Luis\",\"@id\":\"https:\\\/\\\/digital58.com.ve\\\/site\\\/#\\\/schema\\\/person\\\/c61667ce6845137620ee3f0aaabade17\"},\"headline\":\"Omar Prieto decret\u00f3 \u00abaislamiento estricto\u00bb en Maracaibo\",\"datePublished\":\"2020-07-01T13:09:22+00:00\",\"dateModified\":\"2020-07-01T18:21:05+00:00\",\"mainEntityOfPage\":{\"@id\":\"https:\\\/\\\/digital58.com.ve\\\/site\\\/2020\\\/07\\\/01\\\/omar-prieto-decreto-aislamiento-estricto-en-maracaibo\\\/\"},\"wordCount\":455,\"commentCount\":0,\"publisher\":{\"@id\":\"https:\\\/\\\/digital58.com.ve\\\/site\\\/#\\\/schema\\\/person\\\/64d1c2e4d0d4fd1b849980c4331c2951\"},\"image\":{\"@id\":\"https:\\\/\\\/digital58.com.ve\\\/site\\\/2020\\\/07\\\/01\\\/omar-prieto-decreto-aislamiento-estricto-en-maracaibo\\\/#primaryimage\"},\"thumbnailUrl\":\"https:\\\/\\\/digital58.com.ve\\\/site\\\/wp-content\\\/uploads\\\/2020\\\/07\\\/mcbo-700x352-1.jpg\",\"keywords\":[\"Aislamiento Estricto\",\"Coronavirus\",\"COVID-19\",\"Gobernador Omar Prieto\",\"Maracaibo\",\"Pandemia\",\"Zulia\"],\"articleSection\":[\"Zulia\"],\"inLanguage\":\"es\",\"potentialAction\":[{\"@type\":\"CommentAction\",\"name\":\"Comment\",\"target\":[\"https:\\\/\\\/digital58.com.ve\\\/site\\\/2020\\\/07\\\/01\\\/omar-prieto-decreto-aislamiento-estricto-en-maracaibo\\\/#respond\"]}]},{\"@type\":\"WebPage\",\"@id\":\"https:\\\/\\\/digital58.com.ve\\\/site\\\/2020\\\/07\\\/01\\\/omar-prieto-decreto-aislamiento-estricto-en-maracaibo\\\/\",\"url\":\"https:\\\/\\\/digital58.com.ve\\\/site\\\/2020\\\/07\\\/01\\\/omar-prieto-decreto-aislamiento-estricto-en-maracaibo\\\/\",\"name\":\"Omar Prieto decret\u00f3 \u00abaislamiento estricto\u00bb en Maracaibo\",\"isPartOf\":{\"@id\":\"https:\\\/\\\/digital58.com.ve\\\/site\\\/#website\"},\"primaryImageOfPage\":{\"@id\":\"https:\\\/\\\/digital58.com.ve\\\/site\\\/2020\\\/07\\\/01\\\/omar-prieto-decreto-aislamiento-estricto-en-maracaibo\\\/#primaryimage\"},\"image\":{\"@id\":\"https:\\\/\\\/digital58.com.ve\\\/site\\\/2020\\\/07\\\/01\\\/omar-prieto-decreto-aislamiento-estricto-en-maracaibo\\\/#primaryimage\"},\"thumbnailUrl\":\"https:\\\/\\\/digital58.com.ve\\\/site\\\/wp-content\\\/uploads\\\/2020\\\/07\\\/mcbo-700x352-1.jpg\",\"datePublished\":\"2020-07-01T13:09:22+00:00\",\"dateModified\":\"2020-07-01T18:21:05+00:00\",\"description\":\"Zulia\",\"breadcrumb\":{\"@id\":\"https:\\\/\\\/digital58.com.ve\\\/site\\\/2020\\\/07\\\/01\\\/omar-prieto-decreto-aislamiento-estricto-en-maracaibo\\\/#breadcrumb\"},\"inLanguage\":\"es\",\"potentialAction\":[{\"@type\":\"ReadAction\",\"target\":[\"https:\\\/\\\/digital58.com.ve\\\/site\\\/2020\\\/07\\\/01\\\/omar-prieto-decreto-aislamiento-estricto-en-maracaibo\\\/\"]}]},{\"@type\":\"ImageObject\",\"inLanguage\":\"es\",\"@id\":\"https:\\\/\\\/digital58.com.ve\\\/site\\\/2020\\\/07\\\/01\\\/omar-prieto-decreto-aislamiento-estricto-en-maracaibo\\\/#primaryimage\",\"url\":\"https:\\\/\\\/digital58.com.ve\\\/site\\\/wp-content\\\/uploads\\\/2020\\\/07\\\/mcbo-700x352-1.jpg\",\"contentUrl\":\"https:\\\/\\\/digital58.com.ve\\\/site\\\/wp-content\\\/uploads\\\/2020\\\/07\\\/mcbo-700x352-1.jpg\",\"width\":700,\"height\":352},{\"@type\":\"BreadcrumbList\",\"@id\":\"https:\\\/\\\/digital58.com.ve\\\/site\\\/2020\\\/07\\\/01\\\/omar-prieto-decreto-aislamiento-estricto-en-maracaibo\\\/#breadcrumb\",\"itemListElement\":[{\"@type\":\"ListItem\",\"position\":1,\"name\":\"Home\",\"item\":\"https:\\\/\\\/digital58.com.ve\\\/site\\\/\"},{\"@type\":\"ListItem\",\"position\":2,\"name\":\"Omar Prieto decret\u00f3 \u00abaislamiento estricto\u00bb en Maracaibo\"}]},{\"@type\":\"WebSite\",\"@id\":\"https:\\\/\\\/digital58.com.ve\\\/site\\\/#website\",\"url\":\"https:\\\/\\\/digital58.com.ve\\\/site\\\/\",\"name\":\"Noticias Digital58\",\"description\":\"Portal de Noticias \u00a1Periodismo web de verdad! Lanzamiento web 22.11.2005 \\\/ Maracaibo, Venezuela\",\"publisher\":{\"@id\":\"https:\\\/\\\/digital58.com.ve\\\/site\\\/#\\\/schema\\\/person\\\/64d1c2e4d0d4fd1b849980c4331c2951\"},\"alternateName\":\"ND58\",\"potentialAction\":[{\"@type\":\"SearchAction\",\"target\":{\"@type\":\"EntryPoint\",\"urlTemplate\":\"https:\\\/\\\/digital58.com.ve\\\/site\\\/?s={search_term_string}\"},\"query-input\":{\"@type\":\"PropertyValueSpecification\",\"valueRequired\":true,\"valueName\":\"search_term_string\"}}],\"inLanguage\":\"es\"},{\"@type\":[\"Person\",\"Organization\"],\"@id\":\"https:\\\/\\\/digital58.com.ve\\\/site\\\/#\\\/schema\\\/person\\\/64d1c2e4d0d4fd1b849980c4331c2951\",\"name\":\"Villasmil Henry\",\"image\":{\"@type\":\"ImageObject\",\"inLanguage\":\"es\",\"@id\":\"https:\\\/\\\/secure.gravatar.com\\\/avatar\\\/bb0c4a2fcb7970138239f7e404ea75757b1b507b28b5ce4c53fbd62d797c5a7c?s=96&d=mm&r=g\",\"url\":\"https:\\\/\\\/secure.gravatar.com\\\/avatar\\\/bb0c4a2fcb7970138239f7e404ea75757b1b507b28b5ce4c53fbd62d797c5a7c?s=96&d=mm&r=g\",\"contentUrl\":\"https:\\\/\\\/secure.gravatar.com\\\/avatar\\\/bb0c4a2fcb7970138239f7e404ea75757b1b507b28b5ce4c53fbd62d797c5a7c?s=96&d=mm&r=g\",\"caption\":\"Villasmil Henry\"},\"logo\":{\"@id\":\"https:\\\/\\\/secure.gravatar.com\\\/avatar\\\/bb0c4a2fcb7970138239f7e404ea75757b1b507b28b5ce4c53fbd62d797c5a7c?s=96&d=mm&r=g\"},\"sameAs\":[\"http:\\\/\\\/www.henryvillasmil.com.ve\",\"https:\\\/\\\/www.instagram.com\\\/villasmilhfoto\\\/\",\"https:\\\/\\\/x.com\\\/https:\\\/\\\/twitter.com\\\/villasmilhfoto\"]},{\"@type\":\"Person\",\"@id\":\"https:\\\/\\\/digital58.com.ve\\\/site\\\/#\\\/schema\\\/person\\\/c61667ce6845137620ee3f0aaabade17\",\"name\":\"Molero Luis\",\"image\":{\"@type\":\"ImageObject\",\"inLanguage\":\"es\",\"@id\":\"https:\\\/\\\/secure.gravatar.com\\\/avatar\\\/bf041ec637e3e7405449807deb2f7cf3d2de7c6fa755dd56e985201de9863f2b?s=96&d=mm&r=g\",\"url\":\"https:\\\/\\\/secure.gravatar.com\\\/avatar\\\/bf041ec637e3e7405449807deb2f7cf3d2de7c6fa755dd56e985201de9863f2b?s=96&d=mm&r=g\",\"contentUrl\":\"https:\\\/\\\/secure.gravatar.com\\\/avatar\\\/bf041ec637e3e7405449807deb2f7cf3d2de7c6fa755dd56e985201de9863f2b?s=96&d=mm&r=g\",\"caption\":\"Molero Luis\"},\"url\":\"https:\\\/\\\/digital58.com.ve\\\/site\\\/author\\\/luismolero\\\/\"}]}<\/script>\n<!-- \/ Yoast SEO plugin. -->","yoast_head_json":{"title":"Omar Prieto decret\u00f3 \u00abaislamiento estricto\u00bb en Maracaibo","description":"Zulia","robots":{"index":"index","follow":"follow","max-snippet":"max-snippet:-1","max-image-preview":"max-image-preview:large","max-video-preview":"max-video-preview:-1"},"canonical":"https:\/\/digital58.com.ve\/site\/2020\/07\/01\/omar-prieto-decreto-aislamiento-estricto-en-maracaibo\/","og_locale":"es_ES","og_type":"article","og_title":"Omar Prieto decret\u00f3 \u00abaislamiento estricto\u00bb en Maracaibo","og_description":"Zulia","og_url":"https:\/\/digital58.com.ve\/site\/2020\/07\/01\/omar-prieto-decreto-aislamiento-estricto-en-maracaibo\/","og_site_name":"Noticias Digital58","article_published_time":"2020-07-01T13:09:22+00:00","article_modified_time":"2020-07-01T18:21:05+00:00","og_image":[{"width":700,"height":352,"url":"https:\/\/digital58.com.ve\/site\/wp-content\/uploads\/2020\/07\/mcbo-700x352-1.jpg","type":"image\/jpeg"}],"author":"Molero Luis","twitter_card":"summary_large_image","twitter_creator":"@Digital_58","twitter_site":"@villasmilhfoto","twitter_misc":{"Escrito por":"Molero Luis","Tiempo estimado de lectura":"2 minutos"},"schema":{"@context":"https:\/\/schema.org","@graph":[{"@type":"Article","@id":"https:\/\/digital58.com.ve\/site\/2020\/07\/01\/omar-prieto-decreto-aislamiento-estricto-en-maracaibo\/#article","isPartOf":{"@id":"https:\/\/digital58.com.ve\/site\/2020\/07\/01\/omar-prieto-decreto-aislamiento-estricto-en-maracaibo\/"},"author":{"name":"Molero Luis","@id":"https:\/\/digital58.com.ve\/site\/#\/schema\/person\/c61667ce6845137620ee3f0aaabade17"},"headline":"Omar Prieto decret\u00f3 \u00abaislamiento estricto\u00bb en Maracaibo","datePublished":"2020-07-01T13:09:22+00:00","dateModified":"2020-07-01T18:21:05+00:00","mainEntityOfPage":{"@id":"https:\/\/digital58.com.ve\/site\/2020\/07\/01\/omar-prieto-decreto-aislamiento-estricto-en-maracaibo\/"},"wordCount":455,"commentCount":0,"publisher":{"@id":"https:\/\/digital58.com.ve\/site\/#\/schema\/person\/64d1c2e4d0d4fd1b849980c4331c2951"},"image":{"@id":"https:\/\/digital58.com.ve\/site\/2020\/07\/01\/omar-prieto-decreto-aislamiento-estricto-en-maracaibo\/#primaryimage"},"thumbnailUrl":"https:\/\/digital58.com.ve\/site\/wp-content\/uploads\/2020\/07\/mcbo-700x352-1.jpg","keywords":["Aislamiento Estricto","Coronavirus","COVID-19","Gobernador Omar Prieto","Maracaibo","Pandemia","Zulia"],"articleSection":["Zulia"],"inLanguage":"es","potentialAction":[{"@type":"CommentAction","name":"Comment","target":["https:\/\/digital58.com.ve\/site\/2020\/07\/01\/omar-prieto-decreto-aislamiento-estricto-en-maracaibo\/#respond"]}]},{"@type":"WebPage","@id":"https:\/\/digital58.com.ve\/site\/2020\/07\/01\/omar-prieto-decreto-aislamiento-estricto-en-maracaibo\/","url":"https:\/\/digital58.com.ve\/site\/2020\/07\/01\/omar-prieto-decreto-aislamiento-estricto-en-maracaibo\/","name":"Omar Prieto decret\u00f3 \u00abaislamiento estricto\u00bb en Maracaibo","isPartOf":{"@id":"https:\/\/digital58.com.ve\/site\/#website"},"primaryImageOfPage":{"@id":"https:\/\/digital58.com.ve\/site\/2020\/07\/01\/omar-prieto-decreto-aislamiento-estricto-en-maracaibo\/#primaryimage"},"image":{"@id":"https:\/\/digital58.com.ve\/site\/2020\/07\/01\/omar-prieto-decreto-aislamiento-estricto-en-maracaibo\/#primaryimage"},"thumbnailUrl":"https:\/\/digital58.com.ve\/site\/wp-content\/uploads\/2020\/07\/mcbo-700x352-1.jpg","datePublished":"2020-07-01T13:09:22+00:00","dateModified":"2020-07-01T18:21:05+00:00","description":"Zulia","breadcrumb":{"@id":"https:\/\/digital58.com.ve\/site\/2020\/07\/01\/omar-prieto-decreto-aislamiento-estricto-en-maracaibo\/#breadcrumb"},"inLanguage":"es","potentialAction":[{"@type":"ReadAction","target":["https:\/\/digital58.com.ve\/site\/2020\/07\/01\/omar-prieto-decreto-aislamiento-estricto-en-maracaibo\/"]}]},{"@type":"ImageObject","inLanguage":"es","@id":"https:\/\/digital58.com.ve\/site\/2020\/07\/01\/omar-prieto-decreto-aislamiento-estricto-en-maracaibo\/#primaryimage","url":"https:\/\/digital58.com.ve\/site\/wp-content\/uploads\/2020\/07\/mcbo-700x352-1.jpg","contentUrl":"https:\/\/digital58.com.ve\/site\/wp-content\/uploads\/2020\/07\/mcbo-700x352-1.jpg","width":700,"height":352},{"@type":"BreadcrumbList","@id":"https:\/\/digital58.com.ve\/site\/2020\/07\/01\/omar-prieto-decreto-aislamiento-estricto-en-maracaibo\/#breadcrumb","itemListElement":[{"@type":"ListItem","position":1,"name":"Home","item":"https:\/\/digital58.com.ve\/site\/"},{"@type":"ListItem","position":2,"name":"Omar Prieto decret\u00f3 \u00abaislamiento estricto\u00bb en Maracaibo"}]},{"@type":"WebSite","@id":"https:\/\/digital58.com.ve\/site\/#website","url":"https:\/\/digital58.com.ve\/site\/","name":"Noticias Digital58","description":"Portal de Noticias \u00a1Periodismo web de verdad! Lanzamiento web 22.11.2005 \/ Maracaibo, Venezuela","publisher":{"@id":"https:\/\/digital58.com.ve\/site\/#\/schema\/person\/64d1c2e4d0d4fd1b849980c4331c2951"},"alternateName":"ND58","potentialAction":[{"@type":"SearchAction","target":{"@type":"EntryPoint","urlTemplate":"https:\/\/digital58.com.ve\/site\/?s={search_term_string}"},"query-input":{"@type":"PropertyValueSpecification","valueRequired":true,"valueName":"search_term_string"}}],"inLanguage":"es"},{"@type":["Person","Organization"],"@id":"https:\/\/digital58.com.ve\/site\/#\/schema\/person\/64d1c2e4d0d4fd1b849980c4331c2951","name":"Villasmil Henry","image":{"@type":"ImageObject","inLanguage":"es","@id":"https:\/\/secure.gravatar.com\/avatar\/bb0c4a2fcb7970138239f7e404ea75757b1b507b28b5ce4c53fbd62d797c5a7c?s=96&d=mm&r=g","url":"https:\/\/secure.gravatar.com\/avatar\/bb0c4a2fcb7970138239f7e404ea75757b1b507b28b5ce4c53fbd62d797c5a7c?s=96&d=mm&r=g","contentUrl":"https:\/\/secure.gravatar.com\/avatar\/bb0c4a2fcb7970138239f7e404ea75757b1b507b28b5ce4c53fbd62d797c5a7c?s=96&d=mm&r=g","caption":"Villasmil Henry"},"logo":{"@id":"https:\/\/secure.gravatar.com\/avatar\/bb0c4a2fcb7970138239f7e404ea75757b1b507b28b5ce4c53fbd62d797c5a7c?s=96&d=mm&r=g"},"sameAs":["http:\/\/www.henryvillasmil.com.ve","https:\/\/www.instagram.com\/villasmilhfoto\/","https:\/\/x.com\/https:\/\/twitter.com\/villasmilhfoto"]},{"@type":"Person","@id":"https:\/\/digital58.com.ve\/site\/#\/schema\/person\/c61667ce6845137620ee3f0aaabade17","name":"Molero Luis","image":{"@type":"ImageObject","inLanguage":"es","@id":"https:\/\/secure.gravatar.com\/avatar\/bf041ec637e3e7405449807deb2f7cf3d2de7c6fa755dd56e985201de9863f2b?s=96&d=mm&r=g","url":"https:\/\/secure.gravatar.com\/avatar\/bf041ec637e3e7405449807deb2f7cf3d2de7c6fa755dd56e985201de9863f2b?s=96&d=mm&r=g","contentUrl":"https:\/\/secure.gravatar.com\/avatar\/bf041ec637e3e7405449807deb2f7cf3d2de7c6fa755dd56e985201de9863f2b?s=96&d=mm&r=g","caption":"Molero Luis"},"url":"https:\/\/digital58.com.ve\/site\/author\/luismolero\/"}]}},"uagb_featured_image_src":{"full":["https:\/\/digital58.com.ve\/site\/wp-content\/uploads\/2020\/07\/mcbo-700x352-1.jpg",700,352,false],"thumbnail":["https:\/\/digital58.com.ve\/site\/wp-content\/uploads\/2020\/07\/mcbo-700x352-1-150x150.jpg",150,150,true],"medium":["https:\/\/digital58.com.ve\/site\/wp-content\/uploads\/2020\/07\/mcbo-700x352-1-300x151.jpg",300,151,true],"medium_large":["https:\/\/digital58.com.ve\/site\/wp-content\/uploads\/2020\/07\/mcbo-700x352-1.jpg",700,352,false],"large":["https:\/\/digital58.com.ve\/site\/wp-content\/uploads\/2020\/07\/mcbo-700x352-1.jpg",700,352,false],"1536x1536":["https:\/\/digital58.com.ve\/site\/wp-content\/uploads\/2020\/07\/mcbo-700x352-1.jpg",700,352,false],"2048x2048":["https:\/\/digital58.com.ve\/site\/wp-content\/uploads\/2020\/07\/mcbo-700x352-1.jpg",700,352,false],"colormag-highlighted-post":["https:\/\/digital58.com.ve\/site\/wp-content\/uploads\/2020\/07\/mcbo-700x352-1.jpg",392,197,false],"colormag-featured-post-medium":["https:\/\/digital58.com.ve\/site\/wp-content\/uploads\/2020\/07\/mcbo-700x352-1.jpg",390,196,false],"colormag-featured-post-small":["https:\/\/digital58.com.ve\/site\/wp-content\/uploads\/2020\/07\/mcbo-700x352-1.jpg",130,65,false],"colormag-featured-image":["https:\/\/digital58.com.ve\/site\/wp-content\/uploads\/2020\/07\/mcbo-700x352-1.jpg",700,352,false],"colormag-default-news":["https:\/\/digital58.com.ve\/site\/wp-content\/uploads\/2020\/07\/mcbo-700x352-1.jpg",150,75,false],"colormag-featured-image-large":["https:\/\/digital58.com.ve\/site\/wp-content\/uploads\/2020\/07\/mcbo-700x352-1.jpg",700,352,false]},"uagb_author_info":{"display_name":"Molero Luis","author_link":"https:\/\/digital58.com.ve\/site\/author\/luismolero\/"},"uagb_comment_info":0,"uagb_excerpt":"El primer mandatario regional tambi\u00e9n inform\u00f3 \u00a0que se colocar\u00e1n puntos de control estrat\u00e9gicos en estos sectores para restringir los accesos.","_links":{"self":[{"href":"https:\/\/digital58.com.ve\/site\/wp-json\/wp\/v2\/posts\/110007","targetHints":{"allow":["GET"]}}],"collection":[{"href":"https:\/\/digital58.com.ve\/site\/wp-json\/wp\/v2\/posts"}],"about":[{"href":"https:\/\/digital58.com.ve\/site\/wp-json\/wp\/v2\/types\/post"}],"author":[{"embeddable":true,"href":"https:\/\/digital58.com.ve\/site\/wp-json\/wp\/v2\/users\/26"}],"replies":[{"embeddable":true,"href":"https:\/\/digital58.com.ve\/site\/wp-json\/wp\/v2\/comments?post=110007"}],"version-history":[{"count":0,"href":"https:\/\/digital58.com.ve\/site\/wp-json\/wp\/v2\/posts\/110007\/revisions"}],"wp:featuredmedia":[{"embeddable":true,"href":"https:\/\/digital58.com.ve\/site\/wp-json\/wp\/v2\/media\/110009"}],"wp:attachment":[{"href":"https:\/\/digital58.com.ve\/site\/wp-json\/wp\/v2\/media?parent=110007"}],"wp:term":[{"taxonomy":"category","embeddable":true,"href":"https:\/\/digital58.com.ve\/site\/wp-json\/wp\/v2\/categories?post=110007"},{"taxonomy":"post_tag","embeddable":true,"href":"https:\/\/digital58.com.ve\/site\/wp-json\/wp\/v2\/tags?post=110007"}],"curies":[{"name":"wp","href":"https:\/\/api.w.org\/{rel}","templated":true}]}}