{"id":110348,"date":"2020-07-02T09:51:46","date_gmt":"2020-07-02T13:51:46","guid":{"rendered":"https:\/\/digital58.com.ve\/site\/?p=110348"},"modified":"2020-07-02T09:51:46","modified_gmt":"2020-07-02T13:51:46","slug":"alejandra-blasco-vivio-homofobia-en-la-federacion-venezolana-de-futbol","status":"publish","type":"post","link":"https:\/\/digital58.com.ve\/site\/2020\/07\/02\/alejandra-blasco-vivio-homofobia-en-la-federacion-venezolana-de-futbol\/","title":{"rendered":"Alejandra Blasco vivi\u00f3  homofobia en la Federaci\u00f3n Venezolana de F\u00fatbol"},"content":{"rendered":"<p><img loading=\"lazy\" decoding=\"async\" class=\"aligncenter wp-image-110350 size-full\" src=\"https:\/\/digital58.com.ve\/site\/wp-content\/uploads\/2020\/07\/blasco-1a-1100x572-2.jpg\" alt=\"\" width=\"800\" height=\"416\" srcset=\"https:\/\/digital58.com.ve\/site\/wp-content\/uploads\/2020\/07\/blasco-1a-1100x572-2.jpg 800w, https:\/\/digital58.com.ve\/site\/wp-content\/uploads\/2020\/07\/blasco-1a-1100x572-2-300x156.jpg 300w, https:\/\/digital58.com.ve\/site\/wp-content\/uploads\/2020\/07\/blasco-1a-1100x572-2-768x399.jpg 768w\" sizes=\"auto, (max-width: 800px) 100vw, 800px\" \/><\/p>\n<p>Durante cuatro a\u00f1os Alejandra Blasco fue la psic\u00f3loga deportiva de la Vinotinto femenina y durante un tiempo le toc\u00f3 vivir una experiencia de acoso y hostigamiento por su orientaci\u00f3n sexual, que apenas hoy se atreve a hacer p\u00fablica<\/p>\n<p><strong>Madrid, Espa\u00f1a 2 de julio de 2020 (ND58).\u2013<\/strong>\u00a0Alejandra Blasco fue la psic\u00f3loga deportiva de la selecci\u00f3n femenina entre los a\u00f1os 2014 y 2018. Ella misma puso fin a su relaci\u00f3n con la Federaci\u00f3n Venezolana de F\u00fatbol y se march\u00f3 a Espa\u00f1a. Puertas afuera, nada se sab\u00eda sobre problemas internos. Pero durante ese tiempo le toc\u00f3 experimentar una situaci\u00f3n muy dura que apenas ahora se anima a revelar. Recientemente public\u00f3 en Twitter una acusaci\u00f3n de acoso laboral dirigida al reconocido ex entrenador de ese equipo, Kenneth Zseremeta.<\/p>\n<p>Zseremeta fue entrenador de la selecci\u00f3n Vinotinto de mujeres desde 2008 y hasta 2017. Sus logros brillaron m\u00e1s que sus derrotas y se consolid\u00f3 a\u00fan m\u00e1s como profesional. Actualmente reside en Panam\u00e1 y es el DT de la selecci\u00f3n femenina de ese pa\u00eds, que es el de su nacimiento.<\/p>\n<p>Blasco, de 29 a\u00f1os, sostiene que durante el tiempo en el que sostuvieron una relaci\u00f3n laboral el entrenador se dedic\u00f3 a difamarla, desprestigiar su trabajo y manipularla conscientemente en varias situaciones. Y todo por su orientaci\u00f3n sexual.<\/p>\n<p>Su acompa\u00f1amiento psicol\u00f3gico incluy\u00f3 la preparaci\u00f3n para la Copa Am\u00e9rica 2014, el Sudamericano Sub 17 en 2016, el mundial de Pap\u00faa Nueva Guinea en 2016, la Copa Mundial Sub 17 de Jordania en 2016 y el Sudamericano Sub 20 del 2018.<\/p>\n<p>La psic\u00f3loga deportiva reside ahora en Madrid, donde trabaja en una agencia con Sonia, su novia. Desde all\u00e1 asegura que por esta relaci\u00f3n fue agredida mientras prestaba servicios para la Federaci\u00f3n Venezolana de F\u00fatbol.<\/p>\n<p>Kenneth Zseremeta fue despedido de su cargo, pero dej\u00f3 claro que su despido no tuvo ning\u00fan\u00ab tinte pol\u00edtico\u00bb. El entrenador sostiene una buena relaci\u00f3n con Pedro Infante, el ministro de deporte del r\u00e9gimen de Maduro y fue condecorado con la orden Francisco de Miranda en su categor\u00eda General\u00edsimo (la m\u00e1s alta) en el a\u00f1o 2014.<\/p>\n<p>\u00bfC\u00f3mo ha sido tu trayectoria acad\u00e9mica y profesional?<\/p>\n<p>Estudi\u00e9 en Venezuela el pre grado en psicolog\u00eda, menci\u00f3n cl\u00ednica, en la Universidad Arturo Michelena de Valencia. Despu\u00e9s hice un m\u00e1ster en psicolog\u00eda deportiva aplicada a la actividad f\u00edsica y al deporte en la Universidad Aut\u00f3noma de Madrid, aqu\u00ed en Espa\u00f1a, donde vivo.<\/p>\n<p>\u00bfC\u00f3mo te iniciaste en la Federaci\u00f3n Venezolana de F\u00fatbol?<\/p>\n<p>Comenc\u00e9 a trabajar en la selecci\u00f3n en el 2014, cuando llegaron del mundial de Costa Rica. Casualmente fui a una rueda de prensa cuando Kenneth era el entrenador y all\u00ed dijo que necesitaban un psic\u00f3logo. Me prepar\u00e9 para trabajar en el cuerpo t\u00e9cnico, que siempre hab\u00eda sido mi sue\u00f1o. As\u00ed lleg\u00f3 la oportunidad.<\/p>\n<p>Le hice un informe psicodeportivo a una jugadora, se lo entregu\u00e9 y busqu\u00e9 todas las maneras posibles para que me invitaran a un m\u00f3dulo para comenzar a trabajar y poco a poco me fui ganando la confianza.<\/p>\n<p>\u00bfUn amigo te advirti\u00f3 que no dijeras nada sobre tu sexualidad al entrar en la FVF?<\/p>\n<p>Bueno, ahora que lo entiendo, este amigo me lo advirti\u00f3 porque \u00e9l ya hab\u00eda estado antes en la selecci\u00f3n y ya sab\u00eda de ese clima de homofobia que hab\u00eda alrededor de la sexualidad de las jugadoras y sab\u00eda por propia experiencia que eso me pod\u00eda afectar directamente.<\/p>\n<p>Al ser honesta y abierta, \u00bfsentiste rechazo? \u00bfDe qu\u00e9 forma?<\/p>\n<p>Realmente no sent\u00ed rechazo por parte de las jugadoras. Del cuerpo t\u00e9cnico sent\u00ed \u00abmucho chisme y habladera\u00bb. Una persona muy manipuladora me hac\u00eda pensar que todos hablaban de eso y que \u00e9l era quien abogaba por m\u00ed y me manten\u00eda ah\u00ed cuando realmente era \u00e9l quien m\u00e1s cosas inventaba sobre m\u00ed.<\/p>\n<p>Teniendo contacto con las jugadoras, \u00bfsupiste de casos en los que se les discriminara por su sexualidad?<\/p>\n<p>Muchas de las jugadoras han abierto esa ventana de su sexualidad, cosa que en la selecci\u00f3n en ese entonces no era p\u00fablico, pero definitivamente ellas viv\u00edan un constante asedio del cuerpo t\u00e9cnico sobre temas sexuales, sobre las \u00abenfermedades\u00bb que pod\u00eda traer el lesbianismo, sobre c\u00f3mo eso les afectaba en su rendimiento\u2026 Cuando yo llegu\u00e9 me di cuenta de que estaban generando un nivel de estr\u00e9s en las jugadoras alt\u00edsimo, porque no las estaban educando, porque la educaci\u00f3n sexual en Venezuela es nula. Y siendo ese un lugar donde muchas de ellas buscaban refugio para ser libres, en vez de educarlas y decirles qu\u00e9 era lo correcto y cu\u00e1les eran las conductas que deb\u00edan tener alrededor de su vida privada, lo que hac\u00edan era tratarlas mal.<\/p>\n<p>\u00bfAlguna persona en particular fue m\u00e1s all\u00e1 de rechazarte?<\/p>\n<p>M\u00e1s all\u00e1 de la discriminaci\u00f3n no sufr\u00ed ning\u00fan otro tipo de abuso y la \u00fanica persona que lo hizo directamente hacia m\u00ed fue Kenneth Zseremeta. Aunque algunos integrantes del cuerpo t\u00e9cnico se callaban la situaci\u00f3n, muchos intentaban ayudarme.<\/p>\n<p>La mayor\u00eda callaba por miedo. Casi todos estaban ah\u00ed para ganarse un puesto e intentando llevar el pan a su familia y no se iban a arriesgar por m\u00ed a llevarle la contraria al entrenador.<\/p>\n<p>Seg\u00fan cuentas, \u00e9l lleg\u00f3 a decir que eras una \u00abenferma\u00bb\u00bb y que mostrabas conductas inapropiadas con las jugadoras\u2026 \u00bfLo denunciaste? \u00bfle advertiste a alguien?<\/p>\n<p>No lo dije antes no porque no me sintiera preparada, sino porque sab\u00eda que iba a ser muy complicado que alguien me creyera m\u00e1s a m\u00ed que a \u00e9l por el tema de los logros deportivos que hab\u00eda tenido, adem\u00e1s con el nivel de homofobia en el pa\u00eds. De hecho, nuestra relaci\u00f3n se fue desgastando much\u00edsimo cuando me di cuenta de que \u00e9l me ment\u00eda y hablaba mal de m\u00ed, pero todo se termin\u00f3 de hundir cuando el nivel de difamaci\u00f3n conmigo lleg\u00f3 hasta la parte federativa de la selecci\u00f3n.<\/p>\n<p>Un d\u00eda me quer\u00eda ah\u00ed, al d\u00eda siguiente no. \u00c9l fue a los juegos bolivarianos y fracas\u00f3. Utiliz\u00f3 la desgracia que estaba viviendo nuestro pa\u00eds con la desnutrici\u00f3n para decirle al mundo que las jugadoras estaban desnutridas cuando jam\u00e1s estuvieron desnutridas. La parte m\u00e9dica de la selecci\u00f3n hizo un comunicado respecto a esto, mostrando los ex\u00e1menes y nadie hizo caso. Le creyeron a \u00e9l. \u00bfC\u00f3mo pod\u00eda pensar que me iban a creer a m\u00ed?<\/p>\n<p>Lo describes en tu hilo en Twitter como acoso laboral, \u00bfera directo o ten\u00eda otras maneras?<\/p>\n<p>Su acoso laboral hacia m\u00ed consist\u00eda en difamarme, mentirme, hacerme quedar y ver mal ante todo el mundo con el que trabajaba. Hablaba muy mal de m\u00ed.<\/p>\n<p>\u00c9l me ten\u00eda ah\u00ed, pero les dec\u00eda a todas las jugadoras que la psicolog\u00eda no serv\u00eda, que no hablaran conmigo y cuando yo estaba presente dec\u00eda que se apoyaran en m\u00ed.<\/p>\n<p>Yo siento que \u00e9l me \u00abaguant\u00f3\u00bb ah\u00ed porque siempre he tenido una buena relaci\u00f3n con la jugadora Deyna Castellanos. Ella ya ha aclarado por qu\u00e9 no quiere tener una relaci\u00f3n con Kenneth (en un podcast de Erika de la Vega). Yo sent\u00eda que \u00e9l me quer\u00eda tener ah\u00ed simplemente para mantener la comunicaci\u00f3n con Deyna.<\/p>\n<p>La pregunta que muchos se hacen con malas intenciones: \u00bfpor qu\u00e9 decides hablar ahora?<\/p>\n<p>Porque hace un par de a\u00f1os intent\u00e9 hablar sobre esto, sobre la discriminaci\u00f3n. De hecho, mi mam\u00e1 hizo un tuit que se hizo viral con respecto a la relaci\u00f3n con mi novia. Habl\u00e9 de lo dif\u00edcil que es vivir en una sociedad que discrimina, que me discrimin\u00f3 \u00fanica y exclusivamente por mi orientaci\u00f3n sexual. Era dif\u00edcil.<\/p>\n<p>En ese momento me llam\u00f3 quien era su abogado y me dijo que si lo difamaba, me iba a demandar. No ten\u00eda tiempo para meterme en esas situaciones. Este a\u00f1o me pareci\u00f3 que era el momento de mostrar un poco m\u00e1s. Cada vez que la gente va por ah\u00ed defendi\u00e9ndolo, es porque no saben qui\u00e9n es ni todo el da\u00f1o que le hizo a la selecci\u00f3n, a las jugadoras, a m\u00ed. Esa situaci\u00f3n necesitaba expresarla.<\/p>\n<p><strong>Federaci\u00f3n Venezolana de F\u00fatbol<\/strong><\/p>\n<p>\u00bfSientes que la discriminaci\u00f3n sexual puede afectar el rendimiento de equipos tanto femeninos como masculinos?<\/p>\n<p>Claramente puede afectar el rendimiento deportivo porque simplemente cuando t\u00fa no eres feliz, no te sientes c\u00f3modo, libre. El nivel de estr\u00e9s y ansiedad que puede generar eso va a afectar directamente tu rendimiento a nivel personal, no solo en el deporte sino en la vida. Por eso es tan importante el mes del orgullo y el d\u00eda del orgullo y tenemos que luchar por esto todos los d\u00edas. Nosotros merecemos tener la misma calidad de vida que cualquier otra persona.<\/p>\n<p>En los equipos masculinos no hay tanta diversidad sexual a nivel de orientaci\u00f3n, pero seguramente habr\u00e1 much\u00edsimos jugadores \u201cen el cl\u00f3set\u201d que no se atreven a ser felices por este tipo de situaciones.<\/p>\n<p>\u00bfHas experimentado algo similar trabajando y\/o estudiando en otro lugar?<\/p>\n<p>Trabaj\u00e9 en otros lugares donde mis compa\u00f1eros fueron excelentes conmigo, mi novia era bienvenida y manten\u00eda mi vida muy tranquila. En la agencia The Marketing Jersey, donde estoy ahorita, hasta trabajo con ella. Mi jefe y todas las personas con las que trabajo son sumamente inteligentes, abiertas, preparadas, cultas, y nunca han tenido problemas con eso.<\/p>\n<p>\u00bfEstamos atrasados a nivel deportivo?<\/p>\n<p>Yo no te podr\u00eda decir si estamos atrasados a nivel deportivo o no, s\u00ed te podr\u00eda decir que estamos atrasados a nivel de estructura. Definitivamente, si comparamos nuestra estructura deportiva con la de otros pa\u00edses estamos a a\u00f1os luz y s\u00ed estamos atrasados en la preparaci\u00f3n m\u00e1s all\u00e1 del \u00e1rea deportiva, porque t\u00fa a los jugadores no tienes que ense\u00f1arles solo a patear una pelota, tienes que ense\u00f1arles a \u00abser gente\u00bb, a vivir, a tener sentido com\u00fan y ser personas \u00fatiles para la sociedad. Y eso falla much\u00edsimo en pa\u00edses como Venezuela.<\/p>\n<p>&nbsp;<\/p>\n<p>\u00bfPor qu\u00e9 los psic\u00f3logos son importantes para los equipos?<\/p>\n<p>Porque al final uno no juega solamente con el cuerpo, la mente lo maneja todo y t\u00fa puedes estar preparado para hacer un buen partido, pero si no est\u00e1s preparado para manejar la presi\u00f3n como jugador, o si el equipo no es feliz, unido, que sepa manejar y tener una personalidad resistente para alto rendimiento, no vas a obtener los mejores resultados.<\/p>\n<p>Un psic\u00f3logo te da m\u00e1s que eso, pero ese ser\u00eda el comienzo.<\/p>\n<p>\u00bfC\u00f3mo es tu relaci\u00f3n con Deyna Castellanos?<\/p>\n<p>Mi relaci\u00f3n con \u00abDey\u00bb se dio a partir de la selecci\u00f3n, donde nos conocimos e hicimos buena amistad y comenzamos a trabajar por fuera, apoy\u00e1ndola en la parte de psicolog\u00eda deportiva. De hecho, hasta fui a hacer pasant\u00edas a su universidad, en el 2017. Despu\u00e9s ella me contact\u00f3 con el que es su agente cuando fue nominada a The Best (premio futbol\u00edstico mundial), hicimos un equipo de trabajo y los \u00faltimos tres a\u00f1os hemos conformado lo que llamamos el \u00abTeam Deyna\u00bb. Nos sentimos familia y hemos trabajado alrededor de eso.<\/p>\n<p>\u00bfQu\u00e9 crees que le hace falta a la Federaci\u00f3n Venezolana de F\u00fatbol?<\/p>\n<p>Le podr\u00eda faltar gente joven, creo que la directiva est\u00e1 conformada por gente que ha estado muchos a\u00f1os ah\u00ed y creo que acercar gente joven con nuevas ideas y darle algo m\u00e1s fresco a la Federaci\u00f3n ser\u00eda ideal. Eso fue lo que pas\u00f3 en el femenino, los tres nuevos entrenadores son j\u00f3venes y nuevos y todo ha salido muy bien.<\/p><div class=\"gbuji69f32cf2d9a01\" ><p style=\"text-align: center;\"><a href=\"https:\/\/t.me\/noticiasdigital58\" target=\"_blank\" rel=\"noopener\"><img class=\"aligncenter size-full wp-image-125363\" src=\"https:\/\/digital58.com.ve\/site\/wp-content\/uploads\/2021\/04\/banner-telegram-web-2021.png\" alt=\"\" width=\"600\" height=\"90\" \/><\/a><\/p><\/div><style type=\"text\/css\">\r\n@media screen and (min-width: 1201px) {\r\n.gbuji69f32cf2d9a01 {\r\ndisplay: block;\r\n}\r\n}\r\n@media screen and (min-width: 993px) and (max-width: 1200px) {\r\n.gbuji69f32cf2d9a01 {\r\ndisplay: block;\r\n}\r\n}\r\n@media screen and (min-width: 769px) and (max-width: 992px) {\r\n.gbuji69f32cf2d9a01 {\r\ndisplay: block;\r\n}\r\n}\r\n@media screen and (min-width: 768px) and (max-width: 768px) {\r\n.gbuji69f32cf2d9a01 {\r\ndisplay: block;\r\n}\r\n}\r\n@media screen and (max-width: 767px) {\r\n.gbuji69f32cf2d9a01 {\r\ndisplay: block;\r\n}\r\n}\r\n<\/style>\r\n\n<p><strong>Redacci\u00f3n: Molero, Luis\u00a0 (@Moleromarquez) | Fuente: Agencias<br \/>\nEdici\u00f3n: Villasmil, Henry; Ch\u00e1vez, Marian<br \/>\nGr\u00e1ficas: Cortes\u00eda<\/strong><\/p>\n<div style=\"margin-top: 0px; margin-bottom: 0px;\" class=\"sharethis-inline-share-buttons\" ><\/div>","protected":false},"excerpt":{"rendered":"<p>Durante cuatro a\u00f1os Alejandra Blasco fue la psic\u00f3loga deportiva de la Vinotinto femenina y durante un tiempo le toc\u00f3 vivir<\/p>\n","protected":false},"author":26,"featured_media":110351,"comment_status":"open","ping_status":"closed","sticky":false,"template":"","format":"standard","meta":{"colormag_page_container_layout":"default_layout","colormag_page_sidebar_layout":"default_layout","_uag_custom_page_level_css":"","footnotes":""},"categories":[5402],"tags":[16779,8670,12975,13,10000],"class_list":["post-110348","post","type-post","status-publish","format-standard","has-post-thumbnail","hentry","category-deportes","tag-alejandra-blasco","tag-deyna-castellanos","tag-federacion-venezolana-de-futbol","tag-futbol","tag-kenneth-zseremeta"],"yoast_head":"<!-- This site is optimized with the Yoast SEO plugin v27.5 - https:\/\/yoast.com\/product\/yoast-seo-wordpress\/ -->\n<title>Alejandra Blasco vivi\u00f3 homofobia en la Federaci\u00f3n Venezolana de F\u00fatbol<\/title>\n<meta name=\"description\" content=\"Deportes\" \/>\n<meta name=\"robots\" content=\"index, follow, max-snippet:-1, max-image-preview:large, max-video-preview:-1\" \/>\n<link rel=\"canonical\" href=\"https:\/\/digital58.com.ve\/site\/2020\/07\/02\/alejandra-blasco-vivio-homofobia-en-la-federacion-venezolana-de-futbol\/\" \/>\n<meta property=\"og:locale\" content=\"es_ES\" \/>\n<meta property=\"og:type\" content=\"article\" \/>\n<meta property=\"og:title\" content=\"Alejandra Blasco vivi\u00f3 homofobia en la Federaci\u00f3n Venezolana de F\u00fatbol\" \/>\n<meta property=\"og:description\" content=\"Deportes\" \/>\n<meta property=\"og:url\" content=\"https:\/\/digital58.com.ve\/site\/2020\/07\/02\/alejandra-blasco-vivio-homofobia-en-la-federacion-venezolana-de-futbol\/\" \/>\n<meta property=\"og:site_name\" content=\"Noticias Digital58\" \/>\n<meta property=\"article:published_time\" content=\"2020-07-02T13:51:46+00:00\" \/>\n<meta property=\"og:image\" content=\"https:\/\/digital58.com.ve\/site\/wp-content\/uploads\/2020\/07\/Blasco-2.jpg\" \/>\n\t<meta property=\"og:image:width\" content=\"700\" \/>\n\t<meta property=\"og:image:height\" content=\"525\" \/>\n\t<meta property=\"og:image:type\" content=\"image\/jpeg\" \/>\n<meta name=\"author\" content=\"Molero Luis\" \/>\n<meta name=\"twitter:card\" content=\"summary_large_image\" \/>\n<meta name=\"twitter:creator\" content=\"@Digital_58\" \/>\n<meta name=\"twitter:site\" content=\"@villasmilhfoto\" \/>\n<meta name=\"twitter:label1\" content=\"Escrito por\" \/>\n\t<meta name=\"twitter:data1\" content=\"Molero Luis\" \/>\n\t<meta name=\"twitter:label2\" content=\"Tiempo estimado de lectura\" \/>\n\t<meta name=\"twitter:data2\" content=\"10 minutos\" \/>\n<script type=\"application\/ld+json\" class=\"yoast-schema-graph\">{\"@context\":\"https:\\\/\\\/schema.org\",\"@graph\":[{\"@type\":\"Article\",\"@id\":\"https:\\\/\\\/digital58.com.ve\\\/site\\\/2020\\\/07\\\/02\\\/alejandra-blasco-vivio-homofobia-en-la-federacion-venezolana-de-futbol\\\/#article\",\"isPartOf\":{\"@id\":\"https:\\\/\\\/digital58.com.ve\\\/site\\\/2020\\\/07\\\/02\\\/alejandra-blasco-vivio-homofobia-en-la-federacion-venezolana-de-futbol\\\/\"},\"author\":{\"name\":\"Molero Luis\",\"@id\":\"https:\\\/\\\/digital58.com.ve\\\/site\\\/#\\\/schema\\\/person\\\/c61667ce6845137620ee3f0aaabade17\"},\"headline\":\"Alejandra Blasco vivi\u00f3 homofobia en la Federaci\u00f3n Venezolana de F\u00fatbol\",\"datePublished\":\"2020-07-02T13:51:46+00:00\",\"mainEntityOfPage\":{\"@id\":\"https:\\\/\\\/digital58.com.ve\\\/site\\\/2020\\\/07\\\/02\\\/alejandra-blasco-vivio-homofobia-en-la-federacion-venezolana-de-futbol\\\/\"},\"wordCount\":2048,\"commentCount\":0,\"publisher\":{\"@id\":\"https:\\\/\\\/digital58.com.ve\\\/site\\\/#\\\/schema\\\/person\\\/64d1c2e4d0d4fd1b849980c4331c2951\"},\"image\":{\"@id\":\"https:\\\/\\\/digital58.com.ve\\\/site\\\/2020\\\/07\\\/02\\\/alejandra-blasco-vivio-homofobia-en-la-federacion-venezolana-de-futbol\\\/#primaryimage\"},\"thumbnailUrl\":\"https:\\\/\\\/digital58.com.ve\\\/site\\\/wp-content\\\/uploads\\\/2020\\\/07\\\/Blasco-2.jpg\",\"keywords\":[\"Alejandra Blasco\",\"Deyna Castellanos\",\"Federaci\u00f3n Venezolana de F\u00fatbol\",\"F\u00fatbol\",\"Kenneth Zseremeta\"],\"articleSection\":[\"Deportes\"],\"inLanguage\":\"es\",\"potentialAction\":[{\"@type\":\"CommentAction\",\"name\":\"Comment\",\"target\":[\"https:\\\/\\\/digital58.com.ve\\\/site\\\/2020\\\/07\\\/02\\\/alejandra-blasco-vivio-homofobia-en-la-federacion-venezolana-de-futbol\\\/#respond\"]}]},{\"@type\":\"WebPage\",\"@id\":\"https:\\\/\\\/digital58.com.ve\\\/site\\\/2020\\\/07\\\/02\\\/alejandra-blasco-vivio-homofobia-en-la-federacion-venezolana-de-futbol\\\/\",\"url\":\"https:\\\/\\\/digital58.com.ve\\\/site\\\/2020\\\/07\\\/02\\\/alejandra-blasco-vivio-homofobia-en-la-federacion-venezolana-de-futbol\\\/\",\"name\":\"Alejandra Blasco vivi\u00f3 homofobia en la Federaci\u00f3n Venezolana de F\u00fatbol\",\"isPartOf\":{\"@id\":\"https:\\\/\\\/digital58.com.ve\\\/site\\\/#website\"},\"primaryImageOfPage\":{\"@id\":\"https:\\\/\\\/digital58.com.ve\\\/site\\\/2020\\\/07\\\/02\\\/alejandra-blasco-vivio-homofobia-en-la-federacion-venezolana-de-futbol\\\/#primaryimage\"},\"image\":{\"@id\":\"https:\\\/\\\/digital58.com.ve\\\/site\\\/2020\\\/07\\\/02\\\/alejandra-blasco-vivio-homofobia-en-la-federacion-venezolana-de-futbol\\\/#primaryimage\"},\"thumbnailUrl\":\"https:\\\/\\\/digital58.com.ve\\\/site\\\/wp-content\\\/uploads\\\/2020\\\/07\\\/Blasco-2.jpg\",\"datePublished\":\"2020-07-02T13:51:46+00:00\",\"description\":\"Deportes\",\"breadcrumb\":{\"@id\":\"https:\\\/\\\/digital58.com.ve\\\/site\\\/2020\\\/07\\\/02\\\/alejandra-blasco-vivio-homofobia-en-la-federacion-venezolana-de-futbol\\\/#breadcrumb\"},\"inLanguage\":\"es\",\"potentialAction\":[{\"@type\":\"ReadAction\",\"target\":[\"https:\\\/\\\/digital58.com.ve\\\/site\\\/2020\\\/07\\\/02\\\/alejandra-blasco-vivio-homofobia-en-la-federacion-venezolana-de-futbol\\\/\"]}]},{\"@type\":\"ImageObject\",\"inLanguage\":\"es\",\"@id\":\"https:\\\/\\\/digital58.com.ve\\\/site\\\/2020\\\/07\\\/02\\\/alejandra-blasco-vivio-homofobia-en-la-federacion-venezolana-de-futbol\\\/#primaryimage\",\"url\":\"https:\\\/\\\/digital58.com.ve\\\/site\\\/wp-content\\\/uploads\\\/2020\\\/07\\\/Blasco-2.jpg\",\"contentUrl\":\"https:\\\/\\\/digital58.com.ve\\\/site\\\/wp-content\\\/uploads\\\/2020\\\/07\\\/Blasco-2.jpg\",\"width\":700,\"height\":525},{\"@type\":\"BreadcrumbList\",\"@id\":\"https:\\\/\\\/digital58.com.ve\\\/site\\\/2020\\\/07\\\/02\\\/alejandra-blasco-vivio-homofobia-en-la-federacion-venezolana-de-futbol\\\/#breadcrumb\",\"itemListElement\":[{\"@type\":\"ListItem\",\"position\":1,\"name\":\"Home\",\"item\":\"https:\\\/\\\/digital58.com.ve\\\/site\\\/\"},{\"@type\":\"ListItem\",\"position\":2,\"name\":\"Alejandra Blasco vivi\u00f3 homofobia en la Federaci\u00f3n Venezolana de F\u00fatbol\"}]},{\"@type\":\"WebSite\",\"@id\":\"https:\\\/\\\/digital58.com.ve\\\/site\\\/#website\",\"url\":\"https:\\\/\\\/digital58.com.ve\\\/site\\\/\",\"name\":\"Noticias Digital58\",\"description\":\"Portal de Noticias \u00a1Periodismo web de verdad! Lanzamiento web 22.11.2005 \\\/ Maracaibo, Venezuela\",\"publisher\":{\"@id\":\"https:\\\/\\\/digital58.com.ve\\\/site\\\/#\\\/schema\\\/person\\\/64d1c2e4d0d4fd1b849980c4331c2951\"},\"alternateName\":\"ND58\",\"potentialAction\":[{\"@type\":\"SearchAction\",\"target\":{\"@type\":\"EntryPoint\",\"urlTemplate\":\"https:\\\/\\\/digital58.com.ve\\\/site\\\/?s={search_term_string}\"},\"query-input\":{\"@type\":\"PropertyValueSpecification\",\"valueRequired\":true,\"valueName\":\"search_term_string\"}}],\"inLanguage\":\"es\"},{\"@type\":[\"Person\",\"Organization\"],\"@id\":\"https:\\\/\\\/digital58.com.ve\\\/site\\\/#\\\/schema\\\/person\\\/64d1c2e4d0d4fd1b849980c4331c2951\",\"name\":\"Villasmil Henry\",\"image\":{\"@type\":\"ImageObject\",\"inLanguage\":\"es\",\"@id\":\"https:\\\/\\\/secure.gravatar.com\\\/avatar\\\/bb0c4a2fcb7970138239f7e404ea75757b1b507b28b5ce4c53fbd62d797c5a7c?s=96&d=mm&r=g\",\"url\":\"https:\\\/\\\/secure.gravatar.com\\\/avatar\\\/bb0c4a2fcb7970138239f7e404ea75757b1b507b28b5ce4c53fbd62d797c5a7c?s=96&d=mm&r=g\",\"contentUrl\":\"https:\\\/\\\/secure.gravatar.com\\\/avatar\\\/bb0c4a2fcb7970138239f7e404ea75757b1b507b28b5ce4c53fbd62d797c5a7c?s=96&d=mm&r=g\",\"caption\":\"Villasmil Henry\"},\"logo\":{\"@id\":\"https:\\\/\\\/secure.gravatar.com\\\/avatar\\\/bb0c4a2fcb7970138239f7e404ea75757b1b507b28b5ce4c53fbd62d797c5a7c?s=96&d=mm&r=g\"},\"sameAs\":[\"http:\\\/\\\/www.henryvillasmil.com.ve\",\"https:\\\/\\\/www.instagram.com\\\/villasmilhfoto\\\/\",\"https:\\\/\\\/x.com\\\/https:\\\/\\\/twitter.com\\\/villasmilhfoto\"]},{\"@type\":\"Person\",\"@id\":\"https:\\\/\\\/digital58.com.ve\\\/site\\\/#\\\/schema\\\/person\\\/c61667ce6845137620ee3f0aaabade17\",\"name\":\"Molero Luis\",\"image\":{\"@type\":\"ImageObject\",\"inLanguage\":\"es\",\"@id\":\"https:\\\/\\\/secure.gravatar.com\\\/avatar\\\/bf041ec637e3e7405449807deb2f7cf3d2de7c6fa755dd56e985201de9863f2b?s=96&d=mm&r=g\",\"url\":\"https:\\\/\\\/secure.gravatar.com\\\/avatar\\\/bf041ec637e3e7405449807deb2f7cf3d2de7c6fa755dd56e985201de9863f2b?s=96&d=mm&r=g\",\"contentUrl\":\"https:\\\/\\\/secure.gravatar.com\\\/avatar\\\/bf041ec637e3e7405449807deb2f7cf3d2de7c6fa755dd56e985201de9863f2b?s=96&d=mm&r=g\",\"caption\":\"Molero Luis\"},\"url\":\"https:\\\/\\\/digital58.com.ve\\\/site\\\/author\\\/luismolero\\\/\"}]}<\/script>\n<!-- \/ Yoast SEO plugin. -->","yoast_head_json":{"title":"Alejandra Blasco vivi\u00f3 homofobia en la Federaci\u00f3n Venezolana de F\u00fatbol","description":"Deportes","robots":{"index":"index","follow":"follow","max-snippet":"max-snippet:-1","max-image-preview":"max-image-preview:large","max-video-preview":"max-video-preview:-1"},"canonical":"https:\/\/digital58.com.ve\/site\/2020\/07\/02\/alejandra-blasco-vivio-homofobia-en-la-federacion-venezolana-de-futbol\/","og_locale":"es_ES","og_type":"article","og_title":"Alejandra Blasco vivi\u00f3 homofobia en la Federaci\u00f3n Venezolana de F\u00fatbol","og_description":"Deportes","og_url":"https:\/\/digital58.com.ve\/site\/2020\/07\/02\/alejandra-blasco-vivio-homofobia-en-la-federacion-venezolana-de-futbol\/","og_site_name":"Noticias Digital58","article_published_time":"2020-07-02T13:51:46+00:00","og_image":[{"width":700,"height":525,"url":"https:\/\/digital58.com.ve\/site\/wp-content\/uploads\/2020\/07\/Blasco-2.jpg","type":"image\/jpeg"}],"author":"Molero Luis","twitter_card":"summary_large_image","twitter_creator":"@Digital_58","twitter_site":"@villasmilhfoto","twitter_misc":{"Escrito por":"Molero Luis","Tiempo estimado de lectura":"10 minutos"},"schema":{"@context":"https:\/\/schema.org","@graph":[{"@type":"Article","@id":"https:\/\/digital58.com.ve\/site\/2020\/07\/02\/alejandra-blasco-vivio-homofobia-en-la-federacion-venezolana-de-futbol\/#article","isPartOf":{"@id":"https:\/\/digital58.com.ve\/site\/2020\/07\/02\/alejandra-blasco-vivio-homofobia-en-la-federacion-venezolana-de-futbol\/"},"author":{"name":"Molero Luis","@id":"https:\/\/digital58.com.ve\/site\/#\/schema\/person\/c61667ce6845137620ee3f0aaabade17"},"headline":"Alejandra Blasco vivi\u00f3 homofobia en la Federaci\u00f3n Venezolana de F\u00fatbol","datePublished":"2020-07-02T13:51:46+00:00","mainEntityOfPage":{"@id":"https:\/\/digital58.com.ve\/site\/2020\/07\/02\/alejandra-blasco-vivio-homofobia-en-la-federacion-venezolana-de-futbol\/"},"wordCount":2048,"commentCount":0,"publisher":{"@id":"https:\/\/digital58.com.ve\/site\/#\/schema\/person\/64d1c2e4d0d4fd1b849980c4331c2951"},"image":{"@id":"https:\/\/digital58.com.ve\/site\/2020\/07\/02\/alejandra-blasco-vivio-homofobia-en-la-federacion-venezolana-de-futbol\/#primaryimage"},"thumbnailUrl":"https:\/\/digital58.com.ve\/site\/wp-content\/uploads\/2020\/07\/Blasco-2.jpg","keywords":["Alejandra Blasco","Deyna Castellanos","Federaci\u00f3n Venezolana de F\u00fatbol","F\u00fatbol","Kenneth Zseremeta"],"articleSection":["Deportes"],"inLanguage":"es","potentialAction":[{"@type":"CommentAction","name":"Comment","target":["https:\/\/digital58.com.ve\/site\/2020\/07\/02\/alejandra-blasco-vivio-homofobia-en-la-federacion-venezolana-de-futbol\/#respond"]}]},{"@type":"WebPage","@id":"https:\/\/digital58.com.ve\/site\/2020\/07\/02\/alejandra-blasco-vivio-homofobia-en-la-federacion-venezolana-de-futbol\/","url":"https:\/\/digital58.com.ve\/site\/2020\/07\/02\/alejandra-blasco-vivio-homofobia-en-la-federacion-venezolana-de-futbol\/","name":"Alejandra Blasco vivi\u00f3 homofobia en la Federaci\u00f3n Venezolana de F\u00fatbol","isPartOf":{"@id":"https:\/\/digital58.com.ve\/site\/#website"},"primaryImageOfPage":{"@id":"https:\/\/digital58.com.ve\/site\/2020\/07\/02\/alejandra-blasco-vivio-homofobia-en-la-federacion-venezolana-de-futbol\/#primaryimage"},"image":{"@id":"https:\/\/digital58.com.ve\/site\/2020\/07\/02\/alejandra-blasco-vivio-homofobia-en-la-federacion-venezolana-de-futbol\/#primaryimage"},"thumbnailUrl":"https:\/\/digital58.com.ve\/site\/wp-content\/uploads\/2020\/07\/Blasco-2.jpg","datePublished":"2020-07-02T13:51:46+00:00","description":"Deportes","breadcrumb":{"@id":"https:\/\/digital58.com.ve\/site\/2020\/07\/02\/alejandra-blasco-vivio-homofobia-en-la-federacion-venezolana-de-futbol\/#breadcrumb"},"inLanguage":"es","potentialAction":[{"@type":"ReadAction","target":["https:\/\/digital58.com.ve\/site\/2020\/07\/02\/alejandra-blasco-vivio-homofobia-en-la-federacion-venezolana-de-futbol\/"]}]},{"@type":"ImageObject","inLanguage":"es","@id":"https:\/\/digital58.com.ve\/site\/2020\/07\/02\/alejandra-blasco-vivio-homofobia-en-la-federacion-venezolana-de-futbol\/#primaryimage","url":"https:\/\/digital58.com.ve\/site\/wp-content\/uploads\/2020\/07\/Blasco-2.jpg","contentUrl":"https:\/\/digital58.com.ve\/site\/wp-content\/uploads\/2020\/07\/Blasco-2.jpg","width":700,"height":525},{"@type":"BreadcrumbList","@id":"https:\/\/digital58.com.ve\/site\/2020\/07\/02\/alejandra-blasco-vivio-homofobia-en-la-federacion-venezolana-de-futbol\/#breadcrumb","itemListElement":[{"@type":"ListItem","position":1,"name":"Home","item":"https:\/\/digital58.com.ve\/site\/"},{"@type":"ListItem","position":2,"name":"Alejandra Blasco vivi\u00f3 homofobia en la Federaci\u00f3n Venezolana de F\u00fatbol"}]},{"@type":"WebSite","@id":"https:\/\/digital58.com.ve\/site\/#website","url":"https:\/\/digital58.com.ve\/site\/","name":"Noticias Digital58","description":"Portal de Noticias \u00a1Periodismo web de verdad! Lanzamiento web 22.11.2005 \/ Maracaibo, Venezuela","publisher":{"@id":"https:\/\/digital58.com.ve\/site\/#\/schema\/person\/64d1c2e4d0d4fd1b849980c4331c2951"},"alternateName":"ND58","potentialAction":[{"@type":"SearchAction","target":{"@type":"EntryPoint","urlTemplate":"https:\/\/digital58.com.ve\/site\/?s={search_term_string}"},"query-input":{"@type":"PropertyValueSpecification","valueRequired":true,"valueName":"search_term_string"}}],"inLanguage":"es"},{"@type":["Person","Organization"],"@id":"https:\/\/digital58.com.ve\/site\/#\/schema\/person\/64d1c2e4d0d4fd1b849980c4331c2951","name":"Villasmil Henry","image":{"@type":"ImageObject","inLanguage":"es","@id":"https:\/\/secure.gravatar.com\/avatar\/bb0c4a2fcb7970138239f7e404ea75757b1b507b28b5ce4c53fbd62d797c5a7c?s=96&d=mm&r=g","url":"https:\/\/secure.gravatar.com\/avatar\/bb0c4a2fcb7970138239f7e404ea75757b1b507b28b5ce4c53fbd62d797c5a7c?s=96&d=mm&r=g","contentUrl":"https:\/\/secure.gravatar.com\/avatar\/bb0c4a2fcb7970138239f7e404ea75757b1b507b28b5ce4c53fbd62d797c5a7c?s=96&d=mm&r=g","caption":"Villasmil Henry"},"logo":{"@id":"https:\/\/secure.gravatar.com\/avatar\/bb0c4a2fcb7970138239f7e404ea75757b1b507b28b5ce4c53fbd62d797c5a7c?s=96&d=mm&r=g"},"sameAs":["http:\/\/www.henryvillasmil.com.ve","https:\/\/www.instagram.com\/villasmilhfoto\/","https:\/\/x.com\/https:\/\/twitter.com\/villasmilhfoto"]},{"@type":"Person","@id":"https:\/\/digital58.com.ve\/site\/#\/schema\/person\/c61667ce6845137620ee3f0aaabade17","name":"Molero Luis","image":{"@type":"ImageObject","inLanguage":"es","@id":"https:\/\/secure.gravatar.com\/avatar\/bf041ec637e3e7405449807deb2f7cf3d2de7c6fa755dd56e985201de9863f2b?s=96&d=mm&r=g","url":"https:\/\/secure.gravatar.com\/avatar\/bf041ec637e3e7405449807deb2f7cf3d2de7c6fa755dd56e985201de9863f2b?s=96&d=mm&r=g","contentUrl":"https:\/\/secure.gravatar.com\/avatar\/bf041ec637e3e7405449807deb2f7cf3d2de7c6fa755dd56e985201de9863f2b?s=96&d=mm&r=g","caption":"Molero Luis"},"url":"https:\/\/digital58.com.ve\/site\/author\/luismolero\/"}]}},"uagb_featured_image_src":{"full":["https:\/\/digital58.com.ve\/site\/wp-content\/uploads\/2020\/07\/Blasco-2.jpg",700,525,false],"thumbnail":["https:\/\/digital58.com.ve\/site\/wp-content\/uploads\/2020\/07\/Blasco-2-150x150.jpg",150,150,true],"medium":["https:\/\/digital58.com.ve\/site\/wp-content\/uploads\/2020\/07\/Blasco-2-300x225.jpg",300,225,true],"medium_large":["https:\/\/digital58.com.ve\/site\/wp-content\/uploads\/2020\/07\/Blasco-2.jpg",700,525,false],"large":["https:\/\/digital58.com.ve\/site\/wp-content\/uploads\/2020\/07\/Blasco-2.jpg",700,525,false],"1536x1536":["https:\/\/digital58.com.ve\/site\/wp-content\/uploads\/2020\/07\/Blasco-2.jpg",700,525,false],"2048x2048":["https:\/\/digital58.com.ve\/site\/wp-content\/uploads\/2020\/07\/Blasco-2.jpg",700,525,false],"colormag-highlighted-post":["https:\/\/digital58.com.ve\/site\/wp-content\/uploads\/2020\/07\/Blasco-2.jpg",363,272,false],"colormag-featured-post-medium":["https:\/\/digital58.com.ve\/site\/wp-content\/uploads\/2020\/07\/Blasco-2.jpg",273,205,false],"colormag-featured-post-small":["https:\/\/digital58.com.ve\/site\/wp-content\/uploads\/2020\/07\/Blasco-2.jpg",120,90,false],"colormag-featured-image":["https:\/\/digital58.com.ve\/site\/wp-content\/uploads\/2020\/07\/Blasco-2.jpg",593,445,false],"colormag-default-news":["https:\/\/digital58.com.ve\/site\/wp-content\/uploads\/2020\/07\/Blasco-2.jpg",150,113,false],"colormag-featured-image-large":["https:\/\/digital58.com.ve\/site\/wp-content\/uploads\/2020\/07\/Blasco-2.jpg",700,525,false]},"uagb_author_info":{"display_name":"Molero Luis","author_link":"https:\/\/digital58.com.ve\/site\/author\/luismolero\/"},"uagb_comment_info":0,"uagb_excerpt":"Durante cuatro a\u00f1os Alejandra Blasco fue la psic\u00f3loga deportiva de la Vinotinto femenina y durante un tiempo le toc\u00f3 vivir","_links":{"self":[{"href":"https:\/\/digital58.com.ve\/site\/wp-json\/wp\/v2\/posts\/110348","targetHints":{"allow":["GET"]}}],"collection":[{"href":"https:\/\/digital58.com.ve\/site\/wp-json\/wp\/v2\/posts"}],"about":[{"href":"https:\/\/digital58.com.ve\/site\/wp-json\/wp\/v2\/types\/post"}],"author":[{"embeddable":true,"href":"https:\/\/digital58.com.ve\/site\/wp-json\/wp\/v2\/users\/26"}],"replies":[{"embeddable":true,"href":"https:\/\/digital58.com.ve\/site\/wp-json\/wp\/v2\/comments?post=110348"}],"version-history":[{"count":0,"href":"https:\/\/digital58.com.ve\/site\/wp-json\/wp\/v2\/posts\/110348\/revisions"}],"wp:featuredmedia":[{"embeddable":true,"href":"https:\/\/digital58.com.ve\/site\/wp-json\/wp\/v2\/media\/110351"}],"wp:attachment":[{"href":"https:\/\/digital58.com.ve\/site\/wp-json\/wp\/v2\/media?parent=110348"}],"wp:term":[{"taxonomy":"category","embeddable":true,"href":"https:\/\/digital58.com.ve\/site\/wp-json\/wp\/v2\/categories?post=110348"},{"taxonomy":"post_tag","embeddable":true,"href":"https:\/\/digital58.com.ve\/site\/wp-json\/wp\/v2\/tags?post=110348"}],"curies":[{"name":"wp","href":"https:\/\/api.w.org\/{rel}","templated":true}]}}